{"id":17919,"date":"2026-02-23T16:39:37","date_gmt":"2026-02-23T15:39:37","guid":{"rendered":"https:\/\/blog.tmgrupoinmobiliario.com\/sv\/?p=17919"},"modified":"2026-02-23T16:40:10","modified_gmt":"2026-02-23T15:40:10","slug":"rapport-om-profilen-for-den-bostadsbaserade-turisten-i-spanien-2025-spanien-starker-sin-position-som-europeisk-bostadsfristad","status":"publish","type":"post","link":"https:\/\/blog.tmgrupoinmobiliario.com\/sv\/2026\/02\/23\/rapport-om-profilen-for-den-bostadsbaserade-turisten-i-spanien-2025-spanien-starker-sin-position-som-europeisk-bostadsfristad\/","title":{"rendered":"Rapport om profilen f\u00f6r den bostadsbaserade turisten i Spanien 2025: Spanien st\u00e4rker sin position som europeisk bostadsfristad"},"content":{"rendered":"<p>&nbsp;<\/p>\n<h3><strong>Rapport om profilen f\u00f6r den bostadsbaserade turisten i Spanien 2025<\/strong><\/h3>\n<p>Det bostadsbaserade turismen i Spanien har g\u00e5tt in i en ny fas. Enligt TM Real Estate Group handlar det inte l\u00e4ngre enbart om k\u00f6pare som s\u00f6ker ett fritidsboende, utan om internationella profiler som v\u00e4ljer Spanien som plats att bo, investera och vistas i under en stor del av \u00e5ret. Spanien st\u00e4rker d\u00e4rmed sin position som en europeisk bostadsfristad, och v\u00e5ra data f\u00f6r 2025 bekr\u00e4ftar en strukturell f\u00f6r\u00e4ndring i den utl\u00e4ndska k\u00f6parens profil: h\u00f6gre budgetar, \u00f6kad anv\u00e4ndning av bostaden och ett tydligt bidrag till minskad s\u00e4songsvariation inom turismen.<\/p>\n<p><em>\u201dVi ser hur den utl\u00e4ndska k\u00f6paren inte l\u00e4ngre bara s\u00f6ker en sommarbostad, utan ett hem fr\u00e5n vilket man kan organisera sitt liv under st\u00f6rre delen av \u00e5ret. Detta har en direkt p\u00e5verkan p\u00e5 den lokala ekonomin, syssels\u00e4ttningen och stabiliteten p\u00e5 bostadsmarknaden\u201d,<\/em> s\u00e4ger Pablo Serna, VD f\u00f6r TM Real Estate Group.<\/p>\n<p>&nbsp;<\/p>\n<h3><strong>Profil f\u00f6r den bostadsbaserade turisten: sociologiska data och ursprungsl\u00e4nder<\/strong><\/h3>\n<p>Spanien bef\u00e4ster \u00e4nnu ett \u00e5r sin roll som referensland f\u00f6r bostadsturism, s\u00e4rskilt p\u00e5 den europeiska marknaden. Under 2025 valde kunder fr\u00e5n 36 l\u00e4nder att investera i TM Real Estate Group projekt inom bostadsturism, vilket speglar den \u00f6kande diversifieringen och styrkan i den internationella efterfr\u00e5gan.<\/p>\n<p>Spanien ligger i topp i rankingen \u00f6ver ursprungsl\u00e4nder och st\u00e5r f\u00f6r 29,8 % av f\u00f6rs\u00e4ljningen (j\u00e4mf\u00f6rt med 17 % 2024), f\u00f6re <strong>Polen<\/strong> med 21,4 % (30 % 2024) och <strong>Tyskland<\/strong>, som \u00e5tertar mark och n\u00e5r 8,2 % (7,1 % 2024), och d\u00e4rmed passerar <strong>Belgien<\/strong> som nu ligger p\u00e5 fj\u00e4rde plats med 7,4 % (8,9 % 2024). Rankingen kompletteras av <strong>Nederl\u00e4nderna<\/strong> (6,8 %), <strong>Ukraina<\/strong> (3,5 %), <strong>Storbritannien<\/strong> (3 %), <strong>Rum\u00e4nien<\/strong> (3 %), <strong>Sverige<\/strong> (2,6 %) <strong>och Tjeckien<\/strong> (2,1 %).<\/p>\n<p><strong>Den genomsnittliga profilen f\u00f6r den bostadsbaserade turist som investerar i Spanien \u00e4r 51 \u00e5r, och 60 % \u00e4r gifta<\/strong>. De yngsta k\u00f6parna kommer fr\u00e5n Georgien och Kuwait, <strong>med en genomsnitts\u00e5lder p\u00e5 33 respektive 35 \u00e5r<\/strong>, medan Litauen och Island uppvisar de h\u00f6gsta genomsnitts\u00e5ldrarna, \u00f6ver 60 \u00e5r.<\/p>\n<p><img loading=\"lazy\" decoding=\"async\" class=\"alignnone wp-image-26833\" src=\"https:\/\/blog.tmgrupoinmobiliario.com\/wp-content\/uploads\/2026\/01\/COB927849.jpg\" alt=\"\" width=\"539\" height=\"303\" \/><\/p>\n<p><img loading=\"lazy\" decoding=\"async\" class=\"alignnone wp-image-26834\" src=\"https:\/\/blog.tmgrupoinmobiliario.com\/wp-content\/uploads\/2026\/01\/Sin-titulo-62.jpeg\" alt=\"\" width=\"537\" height=\"302\" \/><\/p>\n<h3><strong>L\u00e4gen och bostadstyper<\/strong><\/h3>\n<p>Costa Blanca bef\u00e4ster sin position som ett av de fr\u00e4msta bostadsomr\u00e5dena i s\u00f6dra Europa, tack vare sitt klimat, goda kommunikationer, h\u00e4lso- och sjukv\u00e5rd, s\u00e4kerhet, internationella tj\u00e4nster samt ett brett kulturellt och gastronomiskt utbud \u2014 faktorer som blir allt viktigare i tider av internationell os\u00e4kerhet. <strong>Costa Blanca<\/strong> forts\u00e4tter att vara det mest eftertraktade omr\u00e5det bland bostadsturister och st\u00e5r f\u00f6r 52 % av f\u00f6rs\u00e4ljningen, f\u00f6ljt av <strong>Costa de Almer\u00eda<\/strong> (16 %), <strong>Costa de Valencia<\/strong> (12 %), <strong>Costa del Sol<\/strong> (10 %), <strong>Mallorca<\/strong> (7 %) och <strong>Murcia<\/strong> (3 %).<\/p>\n<p>Den mest efterfr\u00e5gade bostadstypen bland bostadsturister \u00e4r l\u00e4genheter (64 % av totalen), med en genomsnittlig yta p\u00e5 117 m\u00b2 och tv\u00e5 sovrum (48 %). Isl\u00e4ndska och kanadensiska k\u00f6pare \u00e4r de som efterfr\u00e5gar st\u00f6rst boyta i sina bost\u00e4der.<\/p>\n<p>Efterfr\u00e5gan p\u00e5 bost\u00e4der med ett sovrum uppg\u00e5r till 9 % under 2025. Denna bostadstyp efterfr\u00e5gas fr\u00e4mst av yngre, ensamst\u00e5ende kunder som arbetar p\u00e5 distans. Mot denna bakgrund erbjuder TM l\u00f6sningar anpassade efter kundernas behov, s\u00e5som integrering av coworking-ytor i bostadskomplexen. Denna l\u00f6sning till\u00e4mpas redan i s\u00e5v\u00e4l emblematiska projekt som TM Tower, Europas h\u00f6gsta bostadshus, Sunset Sailors i Benidorm, Santa Mar\u00eda Sea by TM i Valencia och Marine Hills by TM p\u00e5 Costa del Sol.<\/p>\n<p><img loading=\"lazy\" decoding=\"async\" class=\"alignnone wp-image-26830\" src=\"https:\/\/blog.tmgrupoinmobiliario.com\/wp-content\/uploads\/2026\/01\/Sin-titulo-61.jpeg\" alt=\"\" width=\"548\" height=\"309\" \/><\/p>\n<p><img loading=\"lazy\" decoding=\"async\" class=\"alignnone wp-image-26829\" src=\"https:\/\/blog.tmgrupoinmobiliario.com\/wp-content\/uploads\/2026\/01\/Sin-titulo-60.jpeg\" alt=\"\" width=\"547\" height=\"308\" \/><\/p>\n<h3><strong>Genomsnittlig budget och finansiering<\/strong><\/h3>\n<p>Internationella k\u00f6pare prioriterar kvalitet, l\u00e4ge, service och h\u00e5llbarhet, och accepterar en h\u00f6gre genomsnittlig investeringsniv\u00e5 i utbyte mot b\u00e4ttre utformade, mer energieffektiva bost\u00e4der anpassade f\u00f6r l\u00e4ngre vistelser.<\/p>\n<p><strong>Den genomsnittliga budgeten f\u00f6r 2025 uppg\u00e5r till 560 000 euro<\/strong>, vilket inneb\u00e4r en \u00f6kning med 22,5 % j\u00e4mf\u00f6rt med 2024. Denna \u00f6kning \u00e4r s\u00e4rskilt tydlig bland polska kunder, med en genomsnittlig budget p\u00e5 <strong>685 000 euro<\/strong> (+48 % j\u00e4mf\u00f6rt med 2024), samt tyska kunder, med en budget p\u00e5 577 000 euro (+25 % j\u00e4mf\u00f6rt med 2024).<\/p>\n<p>Den h\u00f6ga betalningsf\u00f6rm\u00e5gan hos utl\u00e4ndska k\u00f6pare \u00e4r ett av de mest framtr\u00e4dande k\u00e4nnetecknen f\u00f6r dagens bostadsturism: <strong>85 % av transaktionerna genomf\u00f6rs utan bankfinansiering<\/strong>, vilket speglar en k\u00f6parprofil med l\u00e5g exponering mot r\u00e4ntecykler. Denna typ av k\u00f6pare st\u00e4rker motst\u00e5ndskraften p\u00e5 den turistiska bostadsmarknaden i Spanien vid ekonomisk eller finansiell os\u00e4kerhet.<\/p>\n<h3><strong>K\u00f6pbeteende<\/strong><\/h3>\n<p>Tv\u00e5 av tio f\u00f6rs\u00e4ljningar genomf\u00f6rs via f\u00f6retagets onlinekanaler, vilket visar den \u00f6kande betydelsen av digitalisering och det internationella k\u00f6parnas f\u00f6rtroende f\u00f6r distansbaserade k\u00f6pprocesser.<\/p>\n<h3><strong>Bostadsturismen bidrar till minskad s\u00e4songsvariation<\/strong><\/h3>\n<p>Bostadsturismen fungerar som en ekonomisk stabilisator f\u00f6r regionerna genom att d\u00e4mpa efterfr\u00e5getoppar och skapa kontinuerlig aktivitet \u00e5ret runt. Samtidigt utvecklas den mot hybrida boendemodeller, i gr\u00e4nslandet mellan permanentboende och fritidsboende, drivet av distansarbete, aktivt \u00e5ldrande och internationell r\u00f6rlighet.<\/p>\n<p>Mer \u00e4n 42 % av k\u00f6parna bor i sin bostad mer \u00e4n fyra m\u00e5nader per \u00e5r, och n\u00e4stan 30 % betraktar den som sin huvudsakliga eller framtida huvudsakliga bostad.<\/p>\n<p><strong>\u00c5r 2025 konsolideras anv\u00e4ndningen av bost\u00e4der under \u00e5rets alla m\u00e5nader<\/strong>, med en genomsnittlig bel\u00e4ggningsgrad p\u00e5 73 % (69 % \u00e5r 2024) under perioden januari till december, vilket minskar de traditionella sommartopparna. Om m\u00e5naderna december och januari exkluderas \u00f6verstiger bel\u00e4ggningsgraden 80 %.<\/p>\n<p><img loading=\"lazy\" decoding=\"async\" class=\"alignnone size-full wp-image-26835\" src=\"https:\/\/blog.tmgrupoinmobiliario.com\/wp-content\/uploads\/2026\/01\/Sin-titulo-63.jpeg\" alt=\"\" width=\"1920\" height=\"1080\" \/><\/p>\n<p>&nbsp;<\/p>\n<p>&nbsp;<\/p>\n","protected":false},"excerpt":{"rendered":"<p>&nbsp; Rapport om profilen f\u00f6r den bostadsbaserade turisten i Spanien 2025 Det bostadsbaserade turismen i Spanien har g\u00e5tt in i en ny fas. Enligt TM Real Estate Group handlar det inte l\u00e4ngre enbart om k\u00f6pare som s\u00f6ker ett fritidsboende, utan om internationella profiler som v\u00e4ljer Spanien som plats att bo, investera och vistas i under [&hellip;]<\/p>\n","protected":false},"author":11730,"featured_media":17924,"comment_status":"open","ping_status":"open","sticky":false,"template":"","format":"standard","meta":{"_jetpack_memberships_contains_paid_content":false,"footnotes":""},"categories":[21,11,20],"tags":[],"class_list":["post-17919","post","type-post","status-publish","format-standard","has-post-thumbnail","hentry","category-actualidad-tm","category-corporativo","category-notas-prensa","formato-comunicacion"],"better_featured_image":{"id":17924,"alt_text":"","caption":"","description":"","media_type":"image","media_details":{"width":1000,"height":666,"file":"2026\/02\/Sin-titulo-59.jpeg","filesize":287026,"sizes":{},"image_meta":{"aperture":"0","credit":"","camera":"","caption":"","created_timestamp":"0","copyright":"","focal_length":"0","iso":"0","shutter_speed":"0","title":"","orientation":"0","keywords":[]}},"post":17919,"source_url":"https:\/\/blog.tmgrupoinmobiliario.com\/sv\/wp-content\/uploads\/sites\/6\/2026\/02\/Sin-titulo-59.jpeg"},"acf":{"imagen_destacada_desktop":"https:\/\/blog.tmgrupoinmobiliario.com\/sv\/wp-content\/uploads\/sites\/6\/2026\/02\/Sin-titulo-55.jpeg","imagen_destacada_mobile":"https:\/\/blog.tmgrupoinmobiliario.com\/sv\/wp-content\/uploads\/sites\/6\/2026\/02\/Sin-titulo-57.jpeg","formato":{"term_id":17,"name":"Comunicaci\u00f3n","slug":"comunicacion","term_group":0,"term_taxonomy_id":17,"taxonomy":"formato","description":"","parent":0,"count":60,"filter":"raw"},"entradilla":"","etiquetas":"","cabecera_escritorio":"https:\/\/blog.tmgrupoinmobiliario.com\/sv\/wp-content\/uploads\/sites\/6\/2026\/02\/Sin-titulo-70.png","cabecera_mobile":"https:\/\/blog.tmgrupoinmobiliario.com\/sv\/wp-content\/uploads\/sites\/6\/2026\/02\/Sin-titulo-58.jpeg","galeria":false},"yoast_head":"<!-- This site is optimized with the Yoast SEO Premium plugin v23.6 (Yoast SEO v27.5) - https:\/\/yoast.com\/product\/yoast-seo-premium-wordpress\/ -->\n<title>Rapport om profilen f\u00f6r den bostadsbaserade turisten i Spanien 2025: Spanien st\u00e4rker sin position som europeisk bostadsfristad - Svenska<\/title>\n<meta name=\"robots\" content=\"index, follow, max-snippet:-1, max-image-preview:large, max-video-preview:-1\" \/>\n<link rel=\"canonical\" href=\"https:\/\/blog.tmgrupoinmobiliario.com\/sv\/2026\/02\/23\/rapport-om-profilen-for-den-bostadsbaserade-turisten-i-spanien-2025-spanien-starker-sin-position-som-europeisk-bostadsfristad\/\" \/>\n<meta property=\"og:locale\" content=\"sv_SE\" \/>\n<meta property=\"og:type\" content=\"article\" \/>\n<meta property=\"og:title\" content=\"Rapport om profilen f\u00f6r den bostadsbaserade turisten i Spanien 2025: Spanien st\u00e4rker sin position som europeisk bostadsfristad\" \/>\n<meta property=\"og:description\" content=\"&nbsp; Rapport om profilen f\u00f6r den bostadsbaserade turisten i Spanien 2025 Det bostadsbaserade turismen i Spanien har g\u00e5tt in i en ny fas. Enligt TM Real Estate Group handlar det inte l\u00e4ngre enbart om k\u00f6pare som s\u00f6ker ett fritidsboende, utan om internationella profiler som v\u00e4ljer Spanien som plats att bo, investera och vistas i under [&hellip;]\" \/>\n<meta property=\"og:url\" content=\"https:\/\/blog.tmgrupoinmobiliario.com\/sv\/2026\/02\/23\/rapport-om-profilen-for-den-bostadsbaserade-turisten-i-spanien-2025-spanien-starker-sin-position-som-europeisk-bostadsfristad\/\" \/>\n<meta property=\"og:site_name\" content=\"Svenska\" \/>\n<meta property=\"article:published_time\" content=\"2026-02-23T15:39:37+00:00\" \/>\n<meta property=\"article:modified_time\" content=\"2026-02-23T15:40:10+00:00\" \/>\n<meta property=\"og:image\" content=\"https:\/\/blog.tmgrupoinmobiliario.com\/sv\/wp-content\/uploads\/sites\/6\/2026\/02\/Sin-titulo-59.jpeg\" \/>\n\t<meta property=\"og:image:width\" content=\"1000\" \/>\n\t<meta property=\"og:image:height\" content=\"666\" \/>\n\t<meta property=\"og:image:type\" content=\"image\/jpeg\" \/>\n<meta name=\"author\" content=\"laurabm\" \/>\n<meta name=\"twitter:card\" content=\"summary_large_image\" \/>\n<meta name=\"twitter:label1\" content=\"Skriven av\" \/>\n\t<meta name=\"twitter:data1\" content=\"laurabm\" \/>\n\t<meta name=\"twitter:label2\" content=\"Ber\u00e4knad l\u00e4stid\" \/>\n\t<meta name=\"twitter:data2\" content=\"6 minuter\" \/>\n<script type=\"application\/ld+json\" class=\"yoast-schema-graph\">{\"@context\":\"https:\\\/\\\/schema.org\",\"@graph\":[{\"@type\":\"Article\",\"@id\":\"https:\\\/\\\/blog.tmgrupoinmobiliario.com\\\/sv\\\/2026\\\/02\\\/23\\\/rapport-om-profilen-for-den-bostadsbaserade-turisten-i-spanien-2025-spanien-starker-sin-position-som-europeisk-bostadsfristad\\\/#article\",\"isPartOf\":{\"@id\":\"https:\\\/\\\/blog.tmgrupoinmobiliario.com\\\/sv\\\/2026\\\/02\\\/23\\\/rapport-om-profilen-for-den-bostadsbaserade-turisten-i-spanien-2025-spanien-starker-sin-position-som-europeisk-bostadsfristad\\\/\"},\"author\":{\"name\":\"laurabm\",\"@id\":\"https:\\\/\\\/blog.tmgrupoinmobiliario.com\\\/sv\\\/#\\\/schema\\\/person\\\/ad7d97239ce82e1af205d57b005d3c36\"},\"headline\":\"Rapport om profilen f\u00f6r den bostadsbaserade turisten i Spanien 2025: Spanien st\u00e4rker sin position som europeisk bostadsfristad\",\"datePublished\":\"2026-02-23T15:39:37+00:00\",\"dateModified\":\"2026-02-23T15:40:10+00:00\",\"mainEntityOfPage\":{\"@id\":\"https:\\\/\\\/blog.tmgrupoinmobiliario.com\\\/sv\\\/2026\\\/02\\\/23\\\/rapport-om-profilen-for-den-bostadsbaserade-turisten-i-spanien-2025-spanien-starker-sin-position-som-europeisk-bostadsfristad\\\/\"},\"wordCount\":877,\"commentCount\":0,\"image\":{\"@id\":\"https:\\\/\\\/blog.tmgrupoinmobiliario.com\\\/sv\\\/2026\\\/02\\\/23\\\/rapport-om-profilen-for-den-bostadsbaserade-turisten-i-spanien-2025-spanien-starker-sin-position-som-europeisk-bostadsfristad\\\/#primaryimage\"},\"thumbnailUrl\":\"https:\\\/\\\/blog.tmgrupoinmobiliario.com\\\/sv\\\/wp-content\\\/uploads\\\/sites\\\/6\\\/2026\\\/02\\\/Sin-titulo-59.jpeg\",\"articleSection\":[\"Actualidad TM\",\"Corporativo\",\"Notas de prensa\"],\"inLanguage\":\"sv-SE\",\"potentialAction\":[{\"@type\":\"CommentAction\",\"name\":\"Comment\",\"target\":[\"https:\\\/\\\/blog.tmgrupoinmobiliario.com\\\/sv\\\/2026\\\/02\\\/23\\\/rapport-om-profilen-for-den-bostadsbaserade-turisten-i-spanien-2025-spanien-starker-sin-position-som-europeisk-bostadsfristad\\\/#respond\"]}]},{\"@type\":\"WebPage\",\"@id\":\"https:\\\/\\\/blog.tmgrupoinmobiliario.com\\\/sv\\\/2026\\\/02\\\/23\\\/rapport-om-profilen-for-den-bostadsbaserade-turisten-i-spanien-2025-spanien-starker-sin-position-som-europeisk-bostadsfristad\\\/\",\"url\":\"https:\\\/\\\/blog.tmgrupoinmobiliario.com\\\/sv\\\/2026\\\/02\\\/23\\\/rapport-om-profilen-for-den-bostadsbaserade-turisten-i-spanien-2025-spanien-starker-sin-position-som-europeisk-bostadsfristad\\\/\",\"name\":\"Rapport om profilen f\u00f6r den bostadsbaserade turisten i Spanien 2025: Spanien st\u00e4rker sin position som europeisk bostadsfristad - Svenska\",\"isPartOf\":{\"@id\":\"https:\\\/\\\/blog.tmgrupoinmobiliario.com\\\/sv\\\/#website\"},\"primaryImageOfPage\":{\"@id\":\"https:\\\/\\\/blog.tmgrupoinmobiliario.com\\\/sv\\\/2026\\\/02\\\/23\\\/rapport-om-profilen-for-den-bostadsbaserade-turisten-i-spanien-2025-spanien-starker-sin-position-som-europeisk-bostadsfristad\\\/#primaryimage\"},\"image\":{\"@id\":\"https:\\\/\\\/blog.tmgrupoinmobiliario.com\\\/sv\\\/2026\\\/02\\\/23\\\/rapport-om-profilen-for-den-bostadsbaserade-turisten-i-spanien-2025-spanien-starker-sin-position-som-europeisk-bostadsfristad\\\/#primaryimage\"},\"thumbnailUrl\":\"https:\\\/\\\/blog.tmgrupoinmobiliario.com\\\/sv\\\/wp-content\\\/uploads\\\/sites\\\/6\\\/2026\\\/02\\\/Sin-titulo-59.jpeg\",\"datePublished\":\"2026-02-23T15:39:37+00:00\",\"dateModified\":\"2026-02-23T15:40:10+00:00\",\"author\":{\"@id\":\"https:\\\/\\\/blog.tmgrupoinmobiliario.com\\\/sv\\\/#\\\/schema\\\/person\\\/ad7d97239ce82e1af205d57b005d3c36\"},\"breadcrumb\":{\"@id\":\"https:\\\/\\\/blog.tmgrupoinmobiliario.com\\\/sv\\\/2026\\\/02\\\/23\\\/rapport-om-profilen-for-den-bostadsbaserade-turisten-i-spanien-2025-spanien-starker-sin-position-som-europeisk-bostadsfristad\\\/#breadcrumb\"},\"inLanguage\":\"sv-SE\",\"potentialAction\":[{\"@type\":\"ReadAction\",\"target\":[\"https:\\\/\\\/blog.tmgrupoinmobiliario.com\\\/sv\\\/2026\\\/02\\\/23\\\/rapport-om-profilen-for-den-bostadsbaserade-turisten-i-spanien-2025-spanien-starker-sin-position-som-europeisk-bostadsfristad\\\/\"]}]},{\"@type\":\"ImageObject\",\"inLanguage\":\"sv-SE\",\"@id\":\"https:\\\/\\\/blog.tmgrupoinmobiliario.com\\\/sv\\\/2026\\\/02\\\/23\\\/rapport-om-profilen-for-den-bostadsbaserade-turisten-i-spanien-2025-spanien-starker-sin-position-som-europeisk-bostadsfristad\\\/#primaryimage\",\"url\":\"https:\\\/\\\/blog.tmgrupoinmobiliario.com\\\/sv\\\/wp-content\\\/uploads\\\/sites\\\/6\\\/2026\\\/02\\\/Sin-titulo-59.jpeg\",\"contentUrl\":\"https:\\\/\\\/blog.tmgrupoinmobiliario.com\\\/sv\\\/wp-content\\\/uploads\\\/sites\\\/6\\\/2026\\\/02\\\/Sin-titulo-59.jpeg\",\"width\":1000,\"height\":666},{\"@type\":\"BreadcrumbList\",\"@id\":\"https:\\\/\\\/blog.tmgrupoinmobiliario.com\\\/sv\\\/2026\\\/02\\\/23\\\/rapport-om-profilen-for-den-bostadsbaserade-turisten-i-spanien-2025-spanien-starker-sin-position-som-europeisk-bostadsfristad\\\/#breadcrumb\",\"itemListElement\":[{\"@type\":\"ListItem\",\"position\":1,\"name\":\"Portada\",\"item\":\"https:\\\/\\\/blog.tmgrupoinmobiliario.com\\\/sv\\\/\"},{\"@type\":\"ListItem\",\"position\":2,\"name\":\"Rapport om profilen f\u00f6r den bostadsbaserade turisten i Spanien 2025: Spanien st\u00e4rker sin position som europeisk bostadsfristad\"}]},{\"@type\":\"WebSite\",\"@id\":\"https:\\\/\\\/blog.tmgrupoinmobiliario.com\\\/sv\\\/#website\",\"url\":\"https:\\\/\\\/blog.tmgrupoinmobiliario.com\\\/sv\\\/\",\"name\":\"Svenska\",\"description\":\"Otro sitio m\u00e1s de Blog Desarrollo TM sitios\",\"potentialAction\":[{\"@type\":\"SearchAction\",\"target\":{\"@type\":\"EntryPoint\",\"urlTemplate\":\"https:\\\/\\\/blog.tmgrupoinmobiliario.com\\\/sv\\\/?s={search_term_string}\"},\"query-input\":{\"@type\":\"PropertyValueSpecification\",\"valueRequired\":true,\"valueName\":\"search_term_string\"}}],\"inLanguage\":\"sv-SE\"},{\"@type\":\"Person\",\"@id\":\"https:\\\/\\\/blog.tmgrupoinmobiliario.com\\\/sv\\\/#\\\/schema\\\/person\\\/ad7d97239ce82e1af205d57b005d3c36\",\"name\":\"laurabm\",\"image\":{\"@type\":\"ImageObject\",\"inLanguage\":\"sv-SE\",\"@id\":\"https:\\\/\\\/secure.gravatar.com\\\/avatar\\\/a97e415f97899fc38aade30ac2e3143fcda2a8b75542722fce9a26dd00745c13?s=96&d=mm&r=g\",\"url\":\"https:\\\/\\\/secure.gravatar.com\\\/avatar\\\/a97e415f97899fc38aade30ac2e3143fcda2a8b75542722fce9a26dd00745c13?s=96&d=mm&r=g\",\"contentUrl\":\"https:\\\/\\\/secure.gravatar.com\\\/avatar\\\/a97e415f97899fc38aade30ac2e3143fcda2a8b75542722fce9a26dd00745c13?s=96&d=mm&r=g\",\"caption\":\"laurabm\"},\"url\":\"https:\\\/\\\/blog.tmgrupoinmobiliario.com\\\/sv\\\/author\\\/laurabm\\\/\"}]}<\/script>\n<!-- \/ Yoast SEO Premium plugin. -->","yoast_head_json":{"title":"Rapport om profilen f\u00f6r den bostadsbaserade turisten i Spanien 2025: Spanien st\u00e4rker sin position som europeisk bostadsfristad - Svenska","robots":{"index":"index","follow":"follow","max-snippet":"max-snippet:-1","max-image-preview":"max-image-preview:large","max-video-preview":"max-video-preview:-1"},"canonical":"https:\/\/blog.tmgrupoinmobiliario.com\/sv\/2026\/02\/23\/rapport-om-profilen-for-den-bostadsbaserade-turisten-i-spanien-2025-spanien-starker-sin-position-som-europeisk-bostadsfristad\/","og_locale":"sv_SE","og_type":"article","og_title":"Rapport om profilen f\u00f6r den bostadsbaserade turisten i Spanien 2025: Spanien st\u00e4rker sin position som europeisk bostadsfristad","og_description":"&nbsp; Rapport om profilen f\u00f6r den bostadsbaserade turisten i Spanien 2025 Det bostadsbaserade turismen i Spanien har g\u00e5tt in i en ny fas. Enligt TM Real Estate Group handlar det inte l\u00e4ngre enbart om k\u00f6pare som s\u00f6ker ett fritidsboende, utan om internationella profiler som v\u00e4ljer Spanien som plats att bo, investera och vistas i under [&hellip;]","og_url":"https:\/\/blog.tmgrupoinmobiliario.com\/sv\/2026\/02\/23\/rapport-om-profilen-for-den-bostadsbaserade-turisten-i-spanien-2025-spanien-starker-sin-position-som-europeisk-bostadsfristad\/","og_site_name":"Svenska","article_published_time":"2026-02-23T15:39:37+00:00","article_modified_time":"2026-02-23T15:40:10+00:00","og_image":[{"width":1000,"height":666,"url":"https:\/\/blog.tmgrupoinmobiliario.com\/sv\/wp-content\/uploads\/sites\/6\/2026\/02\/Sin-titulo-59.jpeg","type":"image\/jpeg"}],"author":"laurabm","twitter_card":"summary_large_image","twitter_misc":{"Skriven av":"laurabm","Ber\u00e4knad l\u00e4stid":"6 minuter"},"schema":{"@context":"https:\/\/schema.org","@graph":[{"@type":"Article","@id":"https:\/\/blog.tmgrupoinmobiliario.com\/sv\/2026\/02\/23\/rapport-om-profilen-for-den-bostadsbaserade-turisten-i-spanien-2025-spanien-starker-sin-position-som-europeisk-bostadsfristad\/#article","isPartOf":{"@id":"https:\/\/blog.tmgrupoinmobiliario.com\/sv\/2026\/02\/23\/rapport-om-profilen-for-den-bostadsbaserade-turisten-i-spanien-2025-spanien-starker-sin-position-som-europeisk-bostadsfristad\/"},"author":{"name":"laurabm","@id":"https:\/\/blog.tmgrupoinmobiliario.com\/sv\/#\/schema\/person\/ad7d97239ce82e1af205d57b005d3c36"},"headline":"Rapport om profilen f\u00f6r den bostadsbaserade turisten i Spanien 2025: Spanien st\u00e4rker sin position som europeisk bostadsfristad","datePublished":"2026-02-23T15:39:37+00:00","dateModified":"2026-02-23T15:40:10+00:00","mainEntityOfPage":{"@id":"https:\/\/blog.tmgrupoinmobiliario.com\/sv\/2026\/02\/23\/rapport-om-profilen-for-den-bostadsbaserade-turisten-i-spanien-2025-spanien-starker-sin-position-som-europeisk-bostadsfristad\/"},"wordCount":877,"commentCount":0,"image":{"@id":"https:\/\/blog.tmgrupoinmobiliario.com\/sv\/2026\/02\/23\/rapport-om-profilen-for-den-bostadsbaserade-turisten-i-spanien-2025-spanien-starker-sin-position-som-europeisk-bostadsfristad\/#primaryimage"},"thumbnailUrl":"https:\/\/blog.tmgrupoinmobiliario.com\/sv\/wp-content\/uploads\/sites\/6\/2026\/02\/Sin-titulo-59.jpeg","articleSection":["Actualidad TM","Corporativo","Notas de prensa"],"inLanguage":"sv-SE","potentialAction":[{"@type":"CommentAction","name":"Comment","target":["https:\/\/blog.tmgrupoinmobiliario.com\/sv\/2026\/02\/23\/rapport-om-profilen-for-den-bostadsbaserade-turisten-i-spanien-2025-spanien-starker-sin-position-som-europeisk-bostadsfristad\/#respond"]}]},{"@type":"WebPage","@id":"https:\/\/blog.tmgrupoinmobiliario.com\/sv\/2026\/02\/23\/rapport-om-profilen-for-den-bostadsbaserade-turisten-i-spanien-2025-spanien-starker-sin-position-som-europeisk-bostadsfristad\/","url":"https:\/\/blog.tmgrupoinmobiliario.com\/sv\/2026\/02\/23\/rapport-om-profilen-for-den-bostadsbaserade-turisten-i-spanien-2025-spanien-starker-sin-position-som-europeisk-bostadsfristad\/","name":"Rapport om profilen f\u00f6r den bostadsbaserade turisten i Spanien 2025: Spanien st\u00e4rker sin position som europeisk bostadsfristad - Svenska","isPartOf":{"@id":"https:\/\/blog.tmgrupoinmobiliario.com\/sv\/#website"},"primaryImageOfPage":{"@id":"https:\/\/blog.tmgrupoinmobiliario.com\/sv\/2026\/02\/23\/rapport-om-profilen-for-den-bostadsbaserade-turisten-i-spanien-2025-spanien-starker-sin-position-som-europeisk-bostadsfristad\/#primaryimage"},"image":{"@id":"https:\/\/blog.tmgrupoinmobiliario.com\/sv\/2026\/02\/23\/rapport-om-profilen-for-den-bostadsbaserade-turisten-i-spanien-2025-spanien-starker-sin-position-som-europeisk-bostadsfristad\/#primaryimage"},"thumbnailUrl":"https:\/\/blog.tmgrupoinmobiliario.com\/sv\/wp-content\/uploads\/sites\/6\/2026\/02\/Sin-titulo-59.jpeg","datePublished":"2026-02-23T15:39:37+00:00","dateModified":"2026-02-23T15:40:10+00:00","author":{"@id":"https:\/\/blog.tmgrupoinmobiliario.com\/sv\/#\/schema\/person\/ad7d97239ce82e1af205d57b005d3c36"},"breadcrumb":{"@id":"https:\/\/blog.tmgrupoinmobiliario.com\/sv\/2026\/02\/23\/rapport-om-profilen-for-den-bostadsbaserade-turisten-i-spanien-2025-spanien-starker-sin-position-som-europeisk-bostadsfristad\/#breadcrumb"},"inLanguage":"sv-SE","potentialAction":[{"@type":"ReadAction","target":["https:\/\/blog.tmgrupoinmobiliario.com\/sv\/2026\/02\/23\/rapport-om-profilen-for-den-bostadsbaserade-turisten-i-spanien-2025-spanien-starker-sin-position-som-europeisk-bostadsfristad\/"]}]},{"@type":"ImageObject","inLanguage":"sv-SE","@id":"https:\/\/blog.tmgrupoinmobiliario.com\/sv\/2026\/02\/23\/rapport-om-profilen-for-den-bostadsbaserade-turisten-i-spanien-2025-spanien-starker-sin-position-som-europeisk-bostadsfristad\/#primaryimage","url":"https:\/\/blog.tmgrupoinmobiliario.com\/sv\/wp-content\/uploads\/sites\/6\/2026\/02\/Sin-titulo-59.jpeg","contentUrl":"https:\/\/blog.tmgrupoinmobiliario.com\/sv\/wp-content\/uploads\/sites\/6\/2026\/02\/Sin-titulo-59.jpeg","width":1000,"height":666},{"@type":"BreadcrumbList","@id":"https:\/\/blog.tmgrupoinmobiliario.com\/sv\/2026\/02\/23\/rapport-om-profilen-for-den-bostadsbaserade-turisten-i-spanien-2025-spanien-starker-sin-position-som-europeisk-bostadsfristad\/#breadcrumb","itemListElement":[{"@type":"ListItem","position":1,"name":"Portada","item":"https:\/\/blog.tmgrupoinmobiliario.com\/sv\/"},{"@type":"ListItem","position":2,"name":"Rapport om profilen f\u00f6r den bostadsbaserade turisten i Spanien 2025: Spanien st\u00e4rker sin position som europeisk bostadsfristad"}]},{"@type":"WebSite","@id":"https:\/\/blog.tmgrupoinmobiliario.com\/sv\/#website","url":"https:\/\/blog.tmgrupoinmobiliario.com\/sv\/","name":"Svenska","description":"Otro sitio m\u00e1s de Blog Desarrollo TM sitios","potentialAction":[{"@type":"SearchAction","target":{"@type":"EntryPoint","urlTemplate":"https:\/\/blog.tmgrupoinmobiliario.com\/sv\/?s={search_term_string}"},"query-input":{"@type":"PropertyValueSpecification","valueRequired":true,"valueName":"search_term_string"}}],"inLanguage":"sv-SE"},{"@type":"Person","@id":"https:\/\/blog.tmgrupoinmobiliario.com\/sv\/#\/schema\/person\/ad7d97239ce82e1af205d57b005d3c36","name":"laurabm","image":{"@type":"ImageObject","inLanguage":"sv-SE","@id":"https:\/\/secure.gravatar.com\/avatar\/a97e415f97899fc38aade30ac2e3143fcda2a8b75542722fce9a26dd00745c13?s=96&d=mm&r=g","url":"https:\/\/secure.gravatar.com\/avatar\/a97e415f97899fc38aade30ac2e3143fcda2a8b75542722fce9a26dd00745c13?s=96&d=mm&r=g","contentUrl":"https:\/\/secure.gravatar.com\/avatar\/a97e415f97899fc38aade30ac2e3143fcda2a8b75542722fce9a26dd00745c13?s=96&d=mm&r=g","caption":"laurabm"},"url":"https:\/\/blog.tmgrupoinmobiliario.com\/sv\/author\/laurabm\/"}]}},"jetpack_featured_media_url":"https:\/\/blog.tmgrupoinmobiliario.com\/sv\/wp-content\/uploads\/sites\/6\/2026\/02\/Sin-titulo-59.jpeg","jetpack_sharing_enabled":true,"_links":{"self":[{"href":"https:\/\/blog.tmgrupoinmobiliario.com\/sv\/wp-json\/wp\/v2\/posts\/17919","targetHints":{"allow":["GET"]}}],"collection":[{"href":"https:\/\/blog.tmgrupoinmobiliario.com\/sv\/wp-json\/wp\/v2\/posts"}],"about":[{"href":"https:\/\/blog.tmgrupoinmobiliario.com\/sv\/wp-json\/wp\/v2\/types\/post"}],"author":[{"embeddable":true,"href":"https:\/\/blog.tmgrupoinmobiliario.com\/sv\/wp-json\/wp\/v2\/users\/11730"}],"replies":[{"embeddable":true,"href":"https:\/\/blog.tmgrupoinmobiliario.com\/sv\/wp-json\/wp\/v2\/comments?post=17919"}],"version-history":[{"count":2,"href":"https:\/\/blog.tmgrupoinmobiliario.com\/sv\/wp-json\/wp\/v2\/posts\/17919\/revisions"}],"predecessor-version":[{"id":17926,"href":"https:\/\/blog.tmgrupoinmobiliario.com\/sv\/wp-json\/wp\/v2\/posts\/17919\/revisions\/17926"}],"wp:featuredmedia":[{"embeddable":true,"href":"https:\/\/blog.tmgrupoinmobiliario.com\/sv\/wp-json\/wp\/v2\/media\/17924"}],"wp:attachment":[{"href":"https:\/\/blog.tmgrupoinmobiliario.com\/sv\/wp-json\/wp\/v2\/media?parent=17919"}],"wp:term":[{"taxonomy":"category","embeddable":true,"href":"https:\/\/blog.tmgrupoinmobiliario.com\/sv\/wp-json\/wp\/v2\/categories?post=17919"},{"taxonomy":"post_tag","embeddable":true,"href":"https:\/\/blog.tmgrupoinmobiliario.com\/sv\/wp-json\/wp\/v2\/tags?post=17919"}],"curies":[{"name":"wp","href":"https:\/\/api.w.org\/{rel}","templated":true}]}}