{"id":17893,"date":"2025-10-07T16:38:54","date_gmt":"2025-10-07T14:38:54","guid":{"rendered":"https:\/\/blog.tmgrupoinmobiliario.com\/sv\/?p=17893"},"modified":"2025-10-07T16:39:34","modified_gmt":"2025-10-07T14:39:34","slug":"saker-att-gora-poniente-beach-benidorms","status":"publish","type":"post","link":"https:\/\/blog.tmgrupoinmobiliario.com\/sv\/2025\/10\/07\/saker-att-gora-poniente-beach-benidorms\/","title":{"rendered":"Aktiviteter p\u00e5 Poniente-stranden i Benidorm: njut av Medelhavet fr\u00e5n en unik plats"},"content":{"rendered":"<p><strong>Benidorm \u00e4r synonymt med sol, strand och medelhavsliv. Men om det finns en plats som f\u00f6rf\u00f6r \u00e4r det Poniente-stranden. Med mer \u00e4n tre kilometer av fin och ren sand har denna plats blivit det sj\u00e4lvklara valet f\u00f6r dem som vill njuta av en avkopplande atmosf\u00e4r utan att ge avkall p\u00e5 alla tj\u00e4nster som Benidorm erbjuder.<\/strong><\/p>\n<p><strong>Poniente \u00e4r en plats full av aktiviteter att njuta av \u00e5ret runt.<\/strong><\/p>\n<p><strong>Vi ber\u00e4ttar om de du inte f\u00e5r missa!<\/strong><\/p>\n<p><span style=\"color: #ff0000\"><strong>Promenera l\u00e4ngs Poniente-promenaden<\/strong><\/span><\/p>\n<p>Om det \u00e4r n\u00e5got som k\u00e4nnetecknar denna strand \u00e4r det den b\u00f6ljande och f\u00e4rgglada strandpromenaden designad av arkitekten Carlos Ferrater. En perfekt plats f\u00f6r att promenera vid solnedg\u00e5ngen, tr\u00e4na eller helt enkelt l\u00e5ta sig svepas med av havsbrisen. Dess former inspirerar till r\u00f6relse och dess f\u00e4rger p\u00e5minner om medelhavsnaturen, vilket g\u00f6r den till en arkitektonisk ikon i Benidorm.<\/p>\n<p><span style=\"color: #ff0000\"><strong>Smaka p\u00e5 den spanska gastronomin vid havet<\/strong><\/span><\/p>\n<p>L\u00e4ngs Poniente finner du ett varierat gastronomiskt utbud. Fr\u00e5n strandbarer d\u00e4r du kan avnjuta en tapas framf\u00f6r havet, till restauranger specialiserade p\u00e5 f\u00e4rsk fisk och, f\u00f6rst\u00e5s, risr\u00e4tter, som \u00e4r den oemotst\u00e5ndliga stj\u00e4rnan i Alicantes k\u00f6k. Att \u00e4ta p\u00e5 Poniente \u00e4r att njuta av Medelhavet i varje tugga.<\/p>\n<p><span style=\"color: #ff0000\"><strong>Vattensporter<\/strong><\/span><\/p>\n<p>Stranden erbjuder o\u00e4ndliga m\u00f6jligheter f\u00f6r de som \u00e4lskar havet: paddleboard, surf, kajak, dykning eller b\u00e5tutflykter f\u00f6r att uppt\u00e4cka Benidorms bukt fr\u00e5n ett annat perspektiv. Oavsett om du \u00e4r nyb\u00f6rjare eller har erfarenhet, kommer du att hitta skolor och f\u00f6retag som organiserar aktiviteter \u00e5ret runt.<\/p>\n<p><span style=\"color: #ff0000\"><strong>En strand f\u00f6r familjer<\/strong><\/span><\/p>\n<p>Poniente \u00e4r k\u00e4nd f\u00f6r sin lugna och familjev\u00e4nliga atmosf\u00e4r. Den har stora ytor f\u00f6r solbadande, lekplatser f\u00f6r barn samt alla tj\u00e4nster f\u00f6r att njuta bekv\u00e4mt. Stranden \u00e4r \u00a0tillg\u00e4nglig f\u00f6r alla, med g\u00e5ngbroar och anpassade faciliteter som g\u00f6r den fri fr\u00e5n hinder.<\/p>\n<p><span style=\"color: #ff0000\"><strong>N\u00f6je och avkoppling med de b\u00e4sta vyerna \u00f6ver Medelhavet<\/strong><\/span><\/p>\n<p>Ut\u00f6ver att bara ligga i solen, inbjuder Poniente till att njuta av sm\u00e5 kaf\u00e9er och terrasser vid havet, d\u00e4r en kopp kaffe p\u00e5 morgonen eller ett glas p\u00e5 eftermiddagen blir en oumb\u00e4rlig ritual. Och sj\u00e4lvklart f\u00e5r du inte missa dess solnedg\u00e5ngar, som \u00e4r bland de mest spektakul\u00e4ra p\u00e5 Costa Blanca.<\/p>\n<p><span style=\"color: #ff0000\"><strong>TM Tower: lyft ditt liv<\/strong><\/span><\/p>\n<p>N\u00e4stan p\u00e5 denna unika strand st\u00e5r TM Tower, den nya ikonen i Benidorm och den h\u00f6gsta bostadsbyggnaden i Europa. Med sina 230 meter h\u00f6jd, omdefinierar den stadens silhuett och erbjuder en o\u00f6vertr\u00e4ffad livsupplevelse: moderna bost\u00e4der med terrasser som vetter mot havet, lyxiga gemensamma utrymmen som infinitypool, panorama-gym eller sky lounge, och en utsikt som g\u00f6r varje gryning och varje solnedg\u00e5ng till en privat f\u00f6rest\u00e4llning.<\/p>\n<p>TM Tower \u00e4r inte bara en byggnad, det \u00e4r ett s\u00e4tt att leva p\u00e5 Poniente-stranden varje dag, att integreras i dess medelhavsrhythm och att njuta av allt som g\u00f6r Benidorm speciellt.<\/p>\n<p><span style=\"color: #ff0000\"><strong>Platsen d\u00e4r du vill stanna<\/strong><\/span><\/p>\n<p>Poniente-stranden har n\u00e5got som f\u00e5ngar: dess lugn, dess sk\u00f6nhet, dess \u00e4kthet. Och nu, tack vare projekt som <a href=\"https:\/\/tm-tower.com\/en\/tm-tower-2\/\">TM Tower<\/a>, blir den ocks\u00e5 en perfekt plats att investera i livskvalitet.<\/p>\n","protected":false},"excerpt":{"rendered":"<p>Benidorm \u00e4r synonymt med sol, strand och medelhavsliv. Men om det finns en plats som f\u00f6rf\u00f6r \u00e4r det Poniente-stranden. Med mer \u00e4n tre kilometer av fin och ren sand har denna plats blivit det sj\u00e4lvklara valet f\u00f6r dem som vill njuta av en avkopplande atmosf\u00e4r utan att ge avkall p\u00e5 alla tj\u00e4nster som Benidorm erbjuder. [&hellip;]<\/p>\n","protected":false},"author":11731,"featured_media":17894,"comment_status":"open","ping_status":"open","sticky":false,"template":"","format":"standard","meta":{"_jetpack_memberships_contains_paid_content":false,"footnotes":""},"categories":[9],"tags":[88,694,128,693],"class_list":["post-17893","post","type-post","status-publish","format-standard","has-post-thumbnail","hentry","category-life-style","tag-benidorm-en-2","tag-bo-vid-havet","tag-costa-blanca-2","tag-tm-tower","formato-blog"],"better_featured_image":{"id":17894,"alt_text":"","caption":"","description":"","media_type":"image","media_details":{"width":726,"height":481,"file":"2025\/10\/Diseno-sin-titulo-26.png","filesize":201647,"sizes":{},"image_meta":{"aperture":"0","credit":"","camera":"","caption":"","created_timestamp":"0","copyright":"","focal_length":"0","iso":"0","shutter_speed":"0","title":"","orientation":"0","keywords":[]}},"post":17893,"source_url":"https:\/\/blog.tmgrupoinmobiliario.com\/sv\/wp-content\/uploads\/sites\/6\/2025\/10\/Diseno-sin-titulo-26.png"},"acf":{"imagen_destacada_desktop":"https:\/\/blog.tmgrupoinmobiliario.com\/sv\/wp-content\/uploads\/sites\/6\/2025\/10\/Imagen-destacada-para-slider-Escritorio-Tamano-1920x870px.png","imagen_destacada_mobile":"https:\/\/blog.tmgrupoinmobiliario.com\/sv\/wp-content\/uploads\/sites\/6\/2025\/10\/Imagen-destacada-para-slider-Mobile-Tamano-540x540px.png","formato":{"term_id":484,"name":"Blog","slug":"blog","term_group":0,"term_taxonomy_id":484,"taxonomy":"formato","description":"","parent":0,"count":74,"filter":"raw"},"entradilla":"","etiquetas":"","cabecera_escritorio":"https:\/\/blog.tmgrupoinmobiliario.com\/sv\/wp-content\/uploads\/sites\/6\/2025\/10\/Imagen-de-cabecera-escritorio-1200x300-1.png","cabecera_mobile":"https:\/\/blog.tmgrupoinmobiliario.com\/sv\/wp-content\/uploads\/sites\/6\/2025\/10\/Imagen-de-cabecera-mobile-768x768px-jpg.png","galeria":false},"yoast_head":"<!-- This site is optimized with the Yoast SEO Premium plugin v23.6 (Yoast SEO v27.5) - https:\/\/yoast.com\/product\/yoast-seo-premium-wordpress\/ -->\n<title>Saker att g\u00f6ra p\u00e5 Poniente Beach, Benidorm<\/title>\n<meta name=\"description\" content=\"Uppt\u00e4ck de b\u00e4sta sakerna att g\u00f6ra p\u00e5 Poniente Beach i Benidorm och l\u00e4r k\u00e4nna TM Tower \u2013 Medelhavets nya landm\u00e4rke.\" \/>\n<meta name=\"robots\" content=\"index, follow, max-snippet:-1, max-image-preview:large, max-video-preview:-1\" \/>\n<link rel=\"canonical\" href=\"https:\/\/blog.tmgrupoinmobiliario.com\/sv\/2025\/10\/07\/saker-att-gora-poniente-beach-benidorms\/\" \/>\n<meta property=\"og:locale\" content=\"sv_SE\" \/>\n<meta property=\"og:type\" content=\"article\" \/>\n<meta property=\"og:title\" content=\"Aktiviteter p\u00e5 Poniente-stranden i Benidorm: njut av Medelhavet fr\u00e5n en unik plats\" \/>\n<meta property=\"og:description\" content=\"Uppt\u00e4ck de b\u00e4sta sakerna att g\u00f6ra p\u00e5 Poniente Beach i Benidorm och l\u00e4r k\u00e4nna TM Tower \u2013 Medelhavets nya landm\u00e4rke.\" \/>\n<meta property=\"og:url\" content=\"https:\/\/blog.tmgrupoinmobiliario.com\/sv\/2025\/10\/07\/saker-att-gora-poniente-beach-benidorms\/\" \/>\n<meta property=\"og:site_name\" content=\"Svenska\" \/>\n<meta property=\"article:published_time\" content=\"2025-10-07T14:38:54+00:00\" \/>\n<meta property=\"article:modified_time\" content=\"2025-10-07T14:39:34+00:00\" \/>\n<meta property=\"og:image\" content=\"https:\/\/blog.tmgrupoinmobiliario.com\/sv\/wp-content\/uploads\/sites\/6\/2025\/10\/Diseno-sin-titulo-26.png\" \/>\n\t<meta property=\"og:image:width\" content=\"726\" \/>\n\t<meta property=\"og:image:height\" content=\"481\" \/>\n\t<meta property=\"og:image:type\" content=\"image\/png\" \/>\n<meta name=\"author\" content=\"aarronis\" \/>\n<meta name=\"twitter:card\" content=\"summary_large_image\" \/>\n<meta name=\"twitter:label1\" content=\"Skriven av\" \/>\n\t<meta name=\"twitter:data1\" content=\"aarronis\" \/>\n\t<meta name=\"twitter:label2\" content=\"Ber\u00e4knad l\u00e4stid\" \/>\n\t<meta name=\"twitter:data2\" content=\"3 minuter\" \/>\n<script type=\"application\/ld+json\" class=\"yoast-schema-graph\">{\"@context\":\"https:\\\/\\\/schema.org\",\"@graph\":[{\"@type\":\"Article\",\"@id\":\"https:\\\/\\\/blog.tmgrupoinmobiliario.com\\\/sv\\\/2025\\\/10\\\/07\\\/saker-att-gora-poniente-beach-benidorms\\\/#article\",\"isPartOf\":{\"@id\":\"https:\\\/\\\/blog.tmgrupoinmobiliario.com\\\/sv\\\/2025\\\/10\\\/07\\\/saker-att-gora-poniente-beach-benidorms\\\/\"},\"author\":{\"name\":\"aarronis\",\"@id\":\"https:\\\/\\\/blog.tmgrupoinmobiliario.com\\\/sv\\\/#\\\/schema\\\/person\\\/8e4e8071a8c4099aa4b4d849cb745947\"},\"headline\":\"Aktiviteter p\u00e5 Poniente-stranden i Benidorm: njut av Medelhavet fr\u00e5n en unik plats\",\"datePublished\":\"2025-10-07T14:38:54+00:00\",\"dateModified\":\"2025-10-07T14:39:34+00:00\",\"mainEntityOfPage\":{\"@id\":\"https:\\\/\\\/blog.tmgrupoinmobiliario.com\\\/sv\\\/2025\\\/10\\\/07\\\/saker-att-gora-poniente-beach-benidorms\\\/\"},\"wordCount\":568,\"commentCount\":0,\"image\":{\"@id\":\"https:\\\/\\\/blog.tmgrupoinmobiliario.com\\\/sv\\\/2025\\\/10\\\/07\\\/saker-att-gora-poniente-beach-benidorms\\\/#primaryimage\"},\"thumbnailUrl\":\"https:\\\/\\\/blog.tmgrupoinmobiliario.com\\\/sv\\\/wp-content\\\/uploads\\\/sites\\\/6\\\/2025\\\/10\\\/Diseno-sin-titulo-26.png\",\"keywords\":[\"Benidorm\",\"Bo vid havet\",\"Costa Blanca\",\"TM Tower\"],\"articleSection\":[\"Life Style\"],\"inLanguage\":\"sv-SE\",\"potentialAction\":[{\"@type\":\"CommentAction\",\"name\":\"Comment\",\"target\":[\"https:\\\/\\\/blog.tmgrupoinmobiliario.com\\\/sv\\\/2025\\\/10\\\/07\\\/saker-att-gora-poniente-beach-benidorms\\\/#respond\"]}]},{\"@type\":\"WebPage\",\"@id\":\"https:\\\/\\\/blog.tmgrupoinmobiliario.com\\\/sv\\\/2025\\\/10\\\/07\\\/saker-att-gora-poniente-beach-benidorms\\\/\",\"url\":\"https:\\\/\\\/blog.tmgrupoinmobiliario.com\\\/sv\\\/2025\\\/10\\\/07\\\/saker-att-gora-poniente-beach-benidorms\\\/\",\"name\":\"Saker att g\u00f6ra p\u00e5 Poniente Beach, Benidorm\",\"isPartOf\":{\"@id\":\"https:\\\/\\\/blog.tmgrupoinmobiliario.com\\\/sv\\\/#website\"},\"primaryImageOfPage\":{\"@id\":\"https:\\\/\\\/blog.tmgrupoinmobiliario.com\\\/sv\\\/2025\\\/10\\\/07\\\/saker-att-gora-poniente-beach-benidorms\\\/#primaryimage\"},\"image\":{\"@id\":\"https:\\\/\\\/blog.tmgrupoinmobiliario.com\\\/sv\\\/2025\\\/10\\\/07\\\/saker-att-gora-poniente-beach-benidorms\\\/#primaryimage\"},\"thumbnailUrl\":\"https:\\\/\\\/blog.tmgrupoinmobiliario.com\\\/sv\\\/wp-content\\\/uploads\\\/sites\\\/6\\\/2025\\\/10\\\/Diseno-sin-titulo-26.png\",\"datePublished\":\"2025-10-07T14:38:54+00:00\",\"dateModified\":\"2025-10-07T14:39:34+00:00\",\"author\":{\"@id\":\"https:\\\/\\\/blog.tmgrupoinmobiliario.com\\\/sv\\\/#\\\/schema\\\/person\\\/8e4e8071a8c4099aa4b4d849cb745947\"},\"description\":\"Uppt\u00e4ck de b\u00e4sta sakerna att g\u00f6ra p\u00e5 Poniente Beach i Benidorm och l\u00e4r k\u00e4nna TM Tower \u2013 Medelhavets nya landm\u00e4rke.\",\"breadcrumb\":{\"@id\":\"https:\\\/\\\/blog.tmgrupoinmobiliario.com\\\/sv\\\/2025\\\/10\\\/07\\\/saker-att-gora-poniente-beach-benidorms\\\/#breadcrumb\"},\"inLanguage\":\"sv-SE\",\"potentialAction\":[{\"@type\":\"ReadAction\",\"target\":[\"https:\\\/\\\/blog.tmgrupoinmobiliario.com\\\/sv\\\/2025\\\/10\\\/07\\\/saker-att-gora-poniente-beach-benidorms\\\/\"]}]},{\"@type\":\"ImageObject\",\"inLanguage\":\"sv-SE\",\"@id\":\"https:\\\/\\\/blog.tmgrupoinmobiliario.com\\\/sv\\\/2025\\\/10\\\/07\\\/saker-att-gora-poniente-beach-benidorms\\\/#primaryimage\",\"url\":\"https:\\\/\\\/blog.tmgrupoinmobiliario.com\\\/sv\\\/wp-content\\\/uploads\\\/sites\\\/6\\\/2025\\\/10\\\/Diseno-sin-titulo-26.png\",\"contentUrl\":\"https:\\\/\\\/blog.tmgrupoinmobiliario.com\\\/sv\\\/wp-content\\\/uploads\\\/sites\\\/6\\\/2025\\\/10\\\/Diseno-sin-titulo-26.png\",\"width\":726,\"height\":481},{\"@type\":\"BreadcrumbList\",\"@id\":\"https:\\\/\\\/blog.tmgrupoinmobiliario.com\\\/sv\\\/2025\\\/10\\\/07\\\/saker-att-gora-poniente-beach-benidorms\\\/#breadcrumb\",\"itemListElement\":[{\"@type\":\"ListItem\",\"position\":1,\"name\":\"Portada\",\"item\":\"https:\\\/\\\/blog.tmgrupoinmobiliario.com\\\/sv\\\/\"},{\"@type\":\"ListItem\",\"position\":2,\"name\":\"Aktiviteter p\u00e5 Poniente-stranden i Benidorm: njut av Medelhavet fr\u00e5n en unik plats\"}]},{\"@type\":\"WebSite\",\"@id\":\"https:\\\/\\\/blog.tmgrupoinmobiliario.com\\\/sv\\\/#website\",\"url\":\"https:\\\/\\\/blog.tmgrupoinmobiliario.com\\\/sv\\\/\",\"name\":\"Svenska\",\"description\":\"Otro sitio m\u00e1s de Blog Desarrollo TM sitios\",\"potentialAction\":[{\"@type\":\"SearchAction\",\"target\":{\"@type\":\"EntryPoint\",\"urlTemplate\":\"https:\\\/\\\/blog.tmgrupoinmobiliario.com\\\/sv\\\/?s={search_term_string}\"},\"query-input\":{\"@type\":\"PropertyValueSpecification\",\"valueRequired\":true,\"valueName\":\"search_term_string\"}}],\"inLanguage\":\"sv-SE\"},{\"@type\":\"Person\",\"@id\":\"https:\\\/\\\/blog.tmgrupoinmobiliario.com\\\/sv\\\/#\\\/schema\\\/person\\\/8e4e8071a8c4099aa4b4d849cb745947\",\"name\":\"aarronis\",\"image\":{\"@type\":\"ImageObject\",\"inLanguage\":\"sv-SE\",\"@id\":\"https:\\\/\\\/secure.gravatar.com\\\/avatar\\\/60f76a146408f2a80dff548ee9b8b6dfa39f7e5c24b08f0c4b780d959c132c1e?s=96&d=mm&r=g\",\"url\":\"https:\\\/\\\/secure.gravatar.com\\\/avatar\\\/60f76a146408f2a80dff548ee9b8b6dfa39f7e5c24b08f0c4b780d959c132c1e?s=96&d=mm&r=g\",\"contentUrl\":\"https:\\\/\\\/secure.gravatar.com\\\/avatar\\\/60f76a146408f2a80dff548ee9b8b6dfa39f7e5c24b08f0c4b780d959c132c1e?s=96&d=mm&r=g\",\"caption\":\"aarronis\"},\"url\":\"https:\\\/\\\/blog.tmgrupoinmobiliario.com\\\/sv\\\/author\\\/aarronis\\\/\"}]}<\/script>\n<!-- \/ Yoast SEO Premium plugin. -->","yoast_head_json":{"title":"Saker att g\u00f6ra p\u00e5 Poniente Beach, Benidorm","description":"Uppt\u00e4ck de b\u00e4sta sakerna att g\u00f6ra p\u00e5 Poniente Beach i Benidorm och l\u00e4r k\u00e4nna TM Tower \u2013 Medelhavets nya landm\u00e4rke.","robots":{"index":"index","follow":"follow","max-snippet":"max-snippet:-1","max-image-preview":"max-image-preview:large","max-video-preview":"max-video-preview:-1"},"canonical":"https:\/\/blog.tmgrupoinmobiliario.com\/sv\/2025\/10\/07\/saker-att-gora-poniente-beach-benidorms\/","og_locale":"sv_SE","og_type":"article","og_title":"Aktiviteter p\u00e5 Poniente-stranden i Benidorm: njut av Medelhavet fr\u00e5n en unik plats","og_description":"Uppt\u00e4ck de b\u00e4sta sakerna att g\u00f6ra p\u00e5 Poniente Beach i Benidorm och l\u00e4r k\u00e4nna TM Tower \u2013 Medelhavets nya landm\u00e4rke.","og_url":"https:\/\/blog.tmgrupoinmobiliario.com\/sv\/2025\/10\/07\/saker-att-gora-poniente-beach-benidorms\/","og_site_name":"Svenska","article_published_time":"2025-10-07T14:38:54+00:00","article_modified_time":"2025-10-07T14:39:34+00:00","og_image":[{"width":726,"height":481,"url":"https:\/\/blog.tmgrupoinmobiliario.com\/sv\/wp-content\/uploads\/sites\/6\/2025\/10\/Diseno-sin-titulo-26.png","type":"image\/png"}],"author":"aarronis","twitter_card":"summary_large_image","twitter_misc":{"Skriven av":"aarronis","Ber\u00e4knad l\u00e4stid":"3 minuter"},"schema":{"@context":"https:\/\/schema.org","@graph":[{"@type":"Article","@id":"https:\/\/blog.tmgrupoinmobiliario.com\/sv\/2025\/10\/07\/saker-att-gora-poniente-beach-benidorms\/#article","isPartOf":{"@id":"https:\/\/blog.tmgrupoinmobiliario.com\/sv\/2025\/10\/07\/saker-att-gora-poniente-beach-benidorms\/"},"author":{"name":"aarronis","@id":"https:\/\/blog.tmgrupoinmobiliario.com\/sv\/#\/schema\/person\/8e4e8071a8c4099aa4b4d849cb745947"},"headline":"Aktiviteter p\u00e5 Poniente-stranden i Benidorm: njut av Medelhavet fr\u00e5n en unik plats","datePublished":"2025-10-07T14:38:54+00:00","dateModified":"2025-10-07T14:39:34+00:00","mainEntityOfPage":{"@id":"https:\/\/blog.tmgrupoinmobiliario.com\/sv\/2025\/10\/07\/saker-att-gora-poniente-beach-benidorms\/"},"wordCount":568,"commentCount":0,"image":{"@id":"https:\/\/blog.tmgrupoinmobiliario.com\/sv\/2025\/10\/07\/saker-att-gora-poniente-beach-benidorms\/#primaryimage"},"thumbnailUrl":"https:\/\/blog.tmgrupoinmobiliario.com\/sv\/wp-content\/uploads\/sites\/6\/2025\/10\/Diseno-sin-titulo-26.png","keywords":["Benidorm","Bo vid havet","Costa Blanca","TM Tower"],"articleSection":["Life Style"],"inLanguage":"sv-SE","potentialAction":[{"@type":"CommentAction","name":"Comment","target":["https:\/\/blog.tmgrupoinmobiliario.com\/sv\/2025\/10\/07\/saker-att-gora-poniente-beach-benidorms\/#respond"]}]},{"@type":"WebPage","@id":"https:\/\/blog.tmgrupoinmobiliario.com\/sv\/2025\/10\/07\/saker-att-gora-poniente-beach-benidorms\/","url":"https:\/\/blog.tmgrupoinmobiliario.com\/sv\/2025\/10\/07\/saker-att-gora-poniente-beach-benidorms\/","name":"Saker att g\u00f6ra p\u00e5 Poniente Beach, Benidorm","isPartOf":{"@id":"https:\/\/blog.tmgrupoinmobiliario.com\/sv\/#website"},"primaryImageOfPage":{"@id":"https:\/\/blog.tmgrupoinmobiliario.com\/sv\/2025\/10\/07\/saker-att-gora-poniente-beach-benidorms\/#primaryimage"},"image":{"@id":"https:\/\/blog.tmgrupoinmobiliario.com\/sv\/2025\/10\/07\/saker-att-gora-poniente-beach-benidorms\/#primaryimage"},"thumbnailUrl":"https:\/\/blog.tmgrupoinmobiliario.com\/sv\/wp-content\/uploads\/sites\/6\/2025\/10\/Diseno-sin-titulo-26.png","datePublished":"2025-10-07T14:38:54+00:00","dateModified":"2025-10-07T14:39:34+00:00","author":{"@id":"https:\/\/blog.tmgrupoinmobiliario.com\/sv\/#\/schema\/person\/8e4e8071a8c4099aa4b4d849cb745947"},"description":"Uppt\u00e4ck de b\u00e4sta sakerna att g\u00f6ra p\u00e5 Poniente Beach i Benidorm och l\u00e4r k\u00e4nna TM Tower \u2013 Medelhavets nya landm\u00e4rke.","breadcrumb":{"@id":"https:\/\/blog.tmgrupoinmobiliario.com\/sv\/2025\/10\/07\/saker-att-gora-poniente-beach-benidorms\/#breadcrumb"},"inLanguage":"sv-SE","potentialAction":[{"@type":"ReadAction","target":["https:\/\/blog.tmgrupoinmobiliario.com\/sv\/2025\/10\/07\/saker-att-gora-poniente-beach-benidorms\/"]}]},{"@type":"ImageObject","inLanguage":"sv-SE","@id":"https:\/\/blog.tmgrupoinmobiliario.com\/sv\/2025\/10\/07\/saker-att-gora-poniente-beach-benidorms\/#primaryimage","url":"https:\/\/blog.tmgrupoinmobiliario.com\/sv\/wp-content\/uploads\/sites\/6\/2025\/10\/Diseno-sin-titulo-26.png","contentUrl":"https:\/\/blog.tmgrupoinmobiliario.com\/sv\/wp-content\/uploads\/sites\/6\/2025\/10\/Diseno-sin-titulo-26.png","width":726,"height":481},{"@type":"BreadcrumbList","@id":"https:\/\/blog.tmgrupoinmobiliario.com\/sv\/2025\/10\/07\/saker-att-gora-poniente-beach-benidorms\/#breadcrumb","itemListElement":[{"@type":"ListItem","position":1,"name":"Portada","item":"https:\/\/blog.tmgrupoinmobiliario.com\/sv\/"},{"@type":"ListItem","position":2,"name":"Aktiviteter p\u00e5 Poniente-stranden i Benidorm: njut av Medelhavet fr\u00e5n en unik plats"}]},{"@type":"WebSite","@id":"https:\/\/blog.tmgrupoinmobiliario.com\/sv\/#website","url":"https:\/\/blog.tmgrupoinmobiliario.com\/sv\/","name":"Svenska","description":"Otro sitio m\u00e1s de Blog Desarrollo TM sitios","potentialAction":[{"@type":"SearchAction","target":{"@type":"EntryPoint","urlTemplate":"https:\/\/blog.tmgrupoinmobiliario.com\/sv\/?s={search_term_string}"},"query-input":{"@type":"PropertyValueSpecification","valueRequired":true,"valueName":"search_term_string"}}],"inLanguage":"sv-SE"},{"@type":"Person","@id":"https:\/\/blog.tmgrupoinmobiliario.com\/sv\/#\/schema\/person\/8e4e8071a8c4099aa4b4d849cb745947","name":"aarronis","image":{"@type":"ImageObject","inLanguage":"sv-SE","@id":"https:\/\/secure.gravatar.com\/avatar\/60f76a146408f2a80dff548ee9b8b6dfa39f7e5c24b08f0c4b780d959c132c1e?s=96&d=mm&r=g","url":"https:\/\/secure.gravatar.com\/avatar\/60f76a146408f2a80dff548ee9b8b6dfa39f7e5c24b08f0c4b780d959c132c1e?s=96&d=mm&r=g","contentUrl":"https:\/\/secure.gravatar.com\/avatar\/60f76a146408f2a80dff548ee9b8b6dfa39f7e5c24b08f0c4b780d959c132c1e?s=96&d=mm&r=g","caption":"aarronis"},"url":"https:\/\/blog.tmgrupoinmobiliario.com\/sv\/author\/aarronis\/"}]}},"jetpack_featured_media_url":"https:\/\/blog.tmgrupoinmobiliario.com\/sv\/wp-content\/uploads\/sites\/6\/2025\/10\/Diseno-sin-titulo-26.png","jetpack_sharing_enabled":true,"_links":{"self":[{"href":"https:\/\/blog.tmgrupoinmobiliario.com\/sv\/wp-json\/wp\/v2\/posts\/17893","targetHints":{"allow":["GET"]}}],"collection":[{"href":"https:\/\/blog.tmgrupoinmobiliario.com\/sv\/wp-json\/wp\/v2\/posts"}],"about":[{"href":"https:\/\/blog.tmgrupoinmobiliario.com\/sv\/wp-json\/wp\/v2\/types\/post"}],"author":[{"embeddable":true,"href":"https:\/\/blog.tmgrupoinmobiliario.com\/sv\/wp-json\/wp\/v2\/users\/11731"}],"replies":[{"embeddable":true,"href":"https:\/\/blog.tmgrupoinmobiliario.com\/sv\/wp-json\/wp\/v2\/comments?post=17893"}],"version-history":[{"count":1,"href":"https:\/\/blog.tmgrupoinmobiliario.com\/sv\/wp-json\/wp\/v2\/posts\/17893\/revisions"}],"predecessor-version":[{"id":17899,"href":"https:\/\/blog.tmgrupoinmobiliario.com\/sv\/wp-json\/wp\/v2\/posts\/17893\/revisions\/17899"}],"wp:featuredmedia":[{"embeddable":true,"href":"https:\/\/blog.tmgrupoinmobiliario.com\/sv\/wp-json\/wp\/v2\/media\/17894"}],"wp:attachment":[{"href":"https:\/\/blog.tmgrupoinmobiliario.com\/sv\/wp-json\/wp\/v2\/media?parent=17893"}],"wp:term":[{"taxonomy":"category","embeddable":true,"href":"https:\/\/blog.tmgrupoinmobiliario.com\/sv\/wp-json\/wp\/v2\/categories?post=17893"},{"taxonomy":"post_tag","embeddable":true,"href":"https:\/\/blog.tmgrupoinmobiliario.com\/sv\/wp-json\/wp\/v2\/tags?post=17893"}],"curies":[{"name":"wp","href":"https:\/\/api.w.org\/{rel}","templated":true}]}}