{"id":17831,"date":"2025-05-21T18:53:08","date_gmt":"2025-05-21T16:53:08","guid":{"rendered":"https:\/\/blog.tmgrupoinmobiliario.com\/sv\/?p=17831"},"modified":"2025-05-21T18:53:08","modified_gmt":"2025-05-21T16:53:08","slug":"flytta-till-spanien-med-barn-en-investering-for-familjelivet","status":"publish","type":"post","link":"https:\/\/blog.tmgrupoinmobiliario.com\/sv\/2025\/05\/21\/flytta-till-spanien-med-barn-en-investering-for-familjelivet\/","title":{"rendered":"Flytta till Spanien med barn\u2028\u2013 en investering f\u00f6r familjelivet"},"content":{"rendered":"<p>&nbsp;<\/p>\n<h4><span style=\"color: #ff0000\"><strong>En vinst f\u00f6r barn, familjeliv och livskvalitet<\/strong><\/span><\/h4>\n<p>Spanien \u00e4r ett barnv\u00e4nligt land, d\u00e4r familjen \u00e4r hj\u00e4rtat i samh\u00e4llet och grannar snabbt blir till extrafamilj. Att v\u00e4xa upp i Spanien, ger en barndom med mycket utomhuslek, gemenskap, ov\u00e4rderliga kulturella erfarenheter och f\u00f6rst\u00e5s ett extra spr\u00e5k p\u00e5 k\u00f6pet. H\u00e4r prioriteras tid tillsammans, vardagsnjutning och balans mellan arbete och fritid.<\/p>\n<p>Den morgonpigga kan sl\u00e5 f\u00f6lje med soluppg\u00e5ngen f\u00f6r en surf i de tidiga v\u00e5gorna eller ta en l\u00f6ptur upp p\u00e5 n\u00e4rmaste berg. Medan barnen tillbringar dagen i skolan, startar du arbetsdagen med en kaffe ute p\u00e5 er blomstrande terrass. Havsutsikt och ljummen morgonluft g\u00f6r susen f\u00f6r jobbinspirationen. Med salta vindar i h\u00e5ret cyklar du sedan ner till marinan f\u00f6r lunch med en god v\u00e4n. Efter h\u00e4mtning av barn, promenerar ni tillsammans l\u00e4ngs den milsl\u00e5nga havsstranden till er favoritplats under palmerna, d\u00e4r ni tillbringar eftermiddagen med bad och sandslottsbygge.<\/p>\n<p>F\u00f6r barnfamiljer \u00e4r givetvis f\u00f6rskola och skola en av de st\u00f6rsta fr\u00e5gorna att l\u00f6sa vid en flytt. M\u00e5nga v\u00e4ljer den <em>Svenska <\/em>eller<em> Skandinaviska skolan<\/em>, etablerad p\u00e5 flera st\u00f6rre orter runtom i Spanien. D\u00e4r f\u00f6ljer undervisningen den svenska l\u00e4roplanen och finns fr\u00e5n f\u00f6rskola upp till h\u00f6gstadie- eller gymnasie\u00e5lder. Samtliga \u00e4r privatskolor, med varierande skolavgift och begr\u00e4nsat antal elever. Ut\u00f6ver dessa finns \u00e4ven en rad internationella\/engelskspr\u00e5kiga skolor l\u00e4ngs kusten och i storst\u00e4derna. Alla som \u00e4r folkbokf\u00f6rda i Spanien \u00e4r ocks\u00e5 v\u00e4lkomna att ta del av det spanska skolsystemet, som h\u00e5ller en h\u00f6g niv\u00e5 och kvalitet. Statliga skolor och f\u00f6rskolor \u00e4r avgiftsfria \u2013 bortsett fr\u00e5n skolb\u00f6cker, skolbuss och skollunch som kostar. F\u00f6rdelen med den lokala spanska skolan \u00e4r att barnen ofta snabbare anpassar sig till spr\u00e5k och samh\u00e4lle.<\/p>\n<p>N\u00e4r solen g\u00e5tt ner, dukas middagen upp p\u00e5 er uteplats eller \u00e4ts p\u00e5 den lokala spanska restaurangen l\u00e4ngre ner p\u00e5 gatan, d\u00e4r de vet precis hur ni vill ha det. Dagen avrundas kanske med ett yogapass p\u00e5 stranden i den fortfarande varma kv\u00e4llsluften, eller en cykeltur l\u00e4ngs slingrande serpentinv\u00e4gar<\/p>\n<p>F\u00f6rutom en investering i familjeliv och livskvalitet kan en flytt till Spanien som barnfamilj vara ett smart ekonomiskt val. I j\u00e4mf\u00f6relse med Sverige \u00e4r levnadskostnaderna betydligt l\u00e4gre i Spanien, vilket ger mer pengar \u00f6ver i pl\u00e5nboken till vardagslyx, helgutflykter och allt det d\u00e4r du dr\u00f6mmer om.<\/p>\n<h4><span style=\"color: #ff0000\"><strong>Praktiskt i vardagen<\/strong><\/span><\/h4>\n<p>Det kan vara tryggt att k\u00e4nna till att sjukv\u00e5rden i Spanien h\u00e5ller en globalt h\u00f6g standard och dessutom \u00e4r skattefinansierad, precis som i Sverige. Det europeiska sjukv\u00e5rdskortet t\u00e4cker endast akutv\u00e5rd, men \u00e4r bra att ha med sig till en b\u00f6rjan. F\u00f6r att ta del av samma sjukv\u00e5rd som spanjorerna beh\u00f6ver du vara folkbokf\u00f6rd i Spanien och ha ans\u00f6kt om ett s\u00e5 kallat NIE-nummer (spanskt personnummer) f\u00f6r alla familjemedlemmar \u00f6ver 18 \u00e5r.<\/p>\n<p>Det numret beh\u00f6vs ocks\u00e5 bland annat f\u00f6r att k\u00f6pa boende eller bil, bli bankkund och betala skatt. Du ans\u00f6ker om det via den spanska ambassaden i Sverige eller hos den nationella polisen i Spanien. N\u00e5gra ytterligare praktiska punkter att se \u00f6ver inf\u00f6r en flytt \u00e4r f\u00f6rst\u00e5s visum om ni vill stanna l\u00e4ngre \u00e4n 90 dagar i str\u00e4ck, f\u00f6rs\u00e4kringar, samt bankkonto och bankkort i en lokal bank.<\/p>\n<h4><span style=\"color: #ff0000\"><strong>Mer vardagsnjutning \u00e4n vardagspussel\u2028\u00a0<\/strong><\/span><\/h4>\n<p>Med sitt behagliga klimat, lugnare tempo och sociala utomhusliv \u2013 har den spanska livsstilen onekligen en f\u00f6rm\u00e5ga att b\u00e5de f\u00f6renkla och f\u00e4rgl\u00e4gga tillvaron \u2013 vardag som helg. En vanlig hemmal\u00f6rdag s\u00e4tter du kanske f\u00f6tterna i dina flip-flops, packar med picknick, strandleksaker och promenerar ner till stranden med barnen. Det \u00e4r ett hemma man s\u00e4llan tr\u00f6ttnar p\u00e5. Men n\u00e4r \u00e4ventyrslusten g\u00f6r sig p\u00e5mind, bes\u00f6ker ni grannstaden eller packar bilen f\u00f6r en roadtrip genom den spanska landsbygden. Ni utforskar charmiga byar, imponerande dalg\u00e5ngar, g\u00f6mda str\u00e4nder, badar i vattenfall och sm\u00e5 sj\u00f6ar vid bergen. Efter en h\u00e4ndelserik helg \u00e4r det alltid lika ljuvligt att slutligen landa hemma p\u00e5 er egna uteplats, kanske med ett glas vin och t\u00e4nda ljus under stj\u00e4rnhimlen. Du somnar varm och lycklig \u00f6ver att ni v\u00e5gade ta steget till ett vardagsliv bortom vardagspussel och D-vitaminbrist.<\/p>\n<h4><span style=\"color: #ff0000\"><strong>Hitta ditt nya dr\u00f6mhem \u2013 fr\u00e5n tanke till verklighet\u2028<\/strong><\/span><\/h4>\n<p>Hur hittar man d\u00e5 en bostad i Spanien? Oavsett om ni dr\u00f6mmer om en vitkalkad villa med egen tr\u00e4dg\u00e5rd och pool l\u00e4ngs vilda kustlinjer och dramatiska bergsmassiv, ett parhus n\u00e4ra milsvida str\u00e4nder och naturreservat, eller en rymlig l\u00e4genhet mitt i stadens puls \u2013 s\u00e5 v\u00e5gar vi lova att vi har ett dr\u00f6mhem f\u00f6r dig.<\/p>\n<p><em>TM Grupo Real Estate<\/em> har i 50 \u00e5r byggt nyproducerade bost\u00e4der och bostadsomr\u00e5den med h\u00f6g standard i attraktiva l\u00e4gen l\u00e4ngs med hela Medelhavskusten. Vi vet att en flytt till ett annat land \u00e4r ett stort beslut. D\u00e4rf\u00f6r finns vi alltid tillg\u00e4ngliga f\u00f6r dig under hela resan fr\u00e5n tanke till verklighet \u2013 b\u00e5de via telefon, mejl och fysiskt p\u00e5 v\u00e5rt kontor i Stockholm. \u00c4ven om vi s\u00e4ljer bost\u00e4der, har v\u00e5r st\u00f6rsta drivkraft alltid varit att uppfylla dr\u00f6mmar. Din dr\u00f6m \u00e4r n\u00e4mligen v\u00e5r passion. Kanske \u00e4r det d\u00e4rf\u00f6r vi har en kundn\u00f6jdhet p\u00e5 94%. Att flytta till Spanien \u00e4r mer \u00e4n ett bostadsk\u00f6p \u2013 det \u00e4r en investering i b\u00e5de familjeliv, livskvalitet och barnens framtid. Kontakta oss redan idag, s\u00e5 hj\u00e4lper vi er att f\u00f6rverkliga just er dr\u00f6m.<\/p>\n<p><a href=\"mailto:sverige@tmgrupoinmobiliario.com\">Hitta ditt spanska dr\u00f6mhem<\/a><\/p>\n<p>&nbsp;<\/p>\n<h4><span style=\"color: #ff0000\"><strong>Checklista innan din flytt fr\u00e5n Sverige till Spanien:<\/strong><\/span><\/h4>\n<ol>\n<li>Kontakta oss idag, s\u00e5 b\u00f6rjar vi resan mot ditt nya dr\u00f6mliv i Spanien<\/li>\n<li>Unders\u00f6k skolutbudet i omr\u00e5det d\u00e4r ni vill bo och st\u00e4ll er i k\u00f6. Svenska skolan har ofta ganska l\u00e5ng k\u00f6tid, s\u00e5 d\u00e4r \u00e4r det bra att s\u00f6ka i god tid. Det finns sju svenska\/skandinaviska skolor i Spanien, bel\u00e4gna i Orihuela (utanf\u00f6r Torrevieja), Fuengirola, Marbella, Gran Canaria, Teneriffa, Madrid och Palma de Mallorca.<\/li>\n<li>Du f\u00e5r vistas i Spanien i 90 dagar utan visum, d\u00e4refter beh\u00f6vs visum. Kontakta spanska konsulatet eller ambassaden f\u00f6r att se vilken typ av visum som \u00e4r aktuellt f\u00f6r dig.<\/li>\n<li>Ans\u00f6k om NIE-nummer (spanskt personnummer) hos den spanska ambassaden i Sverige eller nationella polisen i Spanien.<\/li>\n<li>Anm\u00e4l din flytt till Skatteverket och F\u00f6rs\u00e4kringskassan, samt adress\u00e4ndra.<\/li>\n<li>Det europeiska sjukv\u00e5rdskortet t\u00e4cker endast akutv\u00e5rd, men kan vara bra att ha till en b\u00f6rjan.<\/li>\n<li>Kolla upp f\u00f6rs\u00e4kring p\u00e5 plats om du ska flytta permanent, eller med ditt svenska f\u00f6rs\u00e4kringsbolag om du planerar att pendla periodvis mellan Sverige och Spanien.<\/li>\n<li>Skaffa bankkonto och bankkort i en lokal bank.<\/li>\n<li>Kontakta Skatteverket om aktuella skatteregler. En generell regel \u00e4r att du beh\u00f6ver betala skatt p\u00e5 din inkomst om du \u00e4r bosatt i Spanien i mer \u00e4n 183 dagar under ett \u00e5r.<\/li>\n<li>S\u00e4g upp medlemskap och abonnemang som du inte kommer beh\u00f6va.<\/li>\n<li>Fira din nya soligare vardag!<\/li>\n<\/ol>\n","protected":false},"excerpt":{"rendered":"<p>&nbsp; En vinst f\u00f6r barn, familjeliv och livskvalitet Spanien \u00e4r ett barnv\u00e4nligt land, d\u00e4r familjen \u00e4r hj\u00e4rtat i samh\u00e4llet och grannar snabbt blir till extrafamilj. Att v\u00e4xa upp i Spanien, ger en barndom med mycket utomhuslek, gemenskap, ov\u00e4rderliga kulturella erfarenheter och f\u00f6rst\u00e5s ett extra spr\u00e5k p\u00e5 k\u00f6pet. H\u00e4r prioriteras tid tillsammans, vardagsnjutning och balans mellan [&hellip;]<\/p>\n","protected":false},"author":11729,"featured_media":17836,"comment_status":"open","ping_status":"open","sticky":false,"template":"","format":"standard","meta":{"_jetpack_memberships_contains_paid_content":false,"footnotes":""},"categories":[486],"tags":[688,437],"class_list":["post-17831","post","type-post","status-publish","format-standard","has-post-thumbnail","hentry","category-ditt-nya-hem","tag-flytta-till-spanien-med-barn","tag-tm-real-estate-group-en","formato-blog"],"better_featured_image":{"id":17836,"alt_text":"Flytta till Spanien med barn","caption":"","description":"","media_type":"image","media_details":{"width":1000,"height":666,"file":"2025\/05\/Moving-to-Spain-with-family.jpg","filesize":107415,"sizes":{},"image_meta":{"aperture":"0","credit":"","camera":"","caption":"","created_timestamp":"0","copyright":"","focal_length":"0","iso":"0","shutter_speed":"0","title":"","orientation":"1","keywords":[]}},"post":17831,"source_url":"https:\/\/blog.tmgrupoinmobiliario.com\/sv\/wp-content\/uploads\/sites\/6\/2025\/05\/Moving-to-Spain-with-family.jpg"},"acf":{"imagen_destacada_desktop":"https:\/\/blog.tmgrupoinmobiliario.com\/sv\/wp-content\/uploads\/sites\/6\/2025\/05\/Moving-to-Spain-with-family-3.jpg","imagen_destacada_mobile":"https:\/\/blog.tmgrupoinmobiliario.com\/sv\/wp-content\/uploads\/sites\/6\/2025\/05\/Moving-to-Spain-with-family-1.jpg","formato":{"term_id":484,"name":"Blog","slug":"blog","term_group":0,"term_taxonomy_id":484,"taxonomy":"formato","description":"","parent":0,"count":74,"filter":"raw"},"entradilla":"\u00d6nskar du att familjelivet rymde lite mer vardagsnjutning? F\u00e4rre ruggiga vintermorgnar och leriga overaller. Och ist\u00e4llet morgonkaffe i medelhavssol, strandliv efter f\u00f6rskoleh\u00e4mtning och middagar under bar himmel \u00e5ret om? Ett liv i Spanien betyder sol och v\u00e4rme, men ocks\u00e5 mer tid utomhus, fler spontana glasspauser och mer utrymme i vardagen f\u00f6r familj, v\u00e4nner och livet. Allting blir g\u00e4rna lite enklare och roligare n\u00e4r solen skiner och dagarna k\u00e4nns l\u00e4ngre.","etiquetas":"","cabecera_escritorio":"https:\/\/blog.tmgrupoinmobiliario.com\/sv\/wp-content\/uploads\/sites\/6\/2025\/05\/Moving-to-Spain-with-family-4.jpg","cabecera_mobile":"https:\/\/blog.tmgrupoinmobiliario.com\/sv\/wp-content\/uploads\/sites\/6\/2025\/05\/Moving-to-Spain-with-family-2.jpg","galeria":false},"yoast_head":"<!-- This site is optimized with the Yoast SEO Premium plugin v23.6 (Yoast SEO v27.5) - https:\/\/yoast.com\/product\/yoast-seo-premium-wordpress\/ -->\n<title>Flytta till Spanien med barn\u2028\u2013 en investering f\u00f6r familjelivet - Svenska<\/title>\n<meta name=\"description\" content=\"Ett liv i Spanien betyder sol och v\u00e4rme, men ocks\u00e5 mer tid utomhus, fler spontana glasspauser och mer utrymme i vardagen f\u00f6r familj, v\u00e4nner och livet. Allting blir g\u00e4rna lite enklare och roligare n\u00e4r solen skiner och dagarna k\u00e4nns l\u00e4ngre.\" \/>\n<meta name=\"robots\" content=\"index, follow, max-snippet:-1, max-image-preview:large, max-video-preview:-1\" \/>\n<link rel=\"canonical\" href=\"https:\/\/blog.tmgrupoinmobiliario.com\/sv\/2025\/05\/21\/flytta-till-spanien-med-barn-en-investering-for-familjelivet\/\" \/>\n<meta property=\"og:locale\" content=\"sv_SE\" \/>\n<meta property=\"og:type\" content=\"article\" \/>\n<meta property=\"og:title\" content=\"Flytta till Spanien med barn\u2028\u2013 en investering f\u00f6r familjelivet\" \/>\n<meta property=\"og:description\" content=\"Ett liv i Spanien betyder sol och v\u00e4rme, men ocks\u00e5 mer tid utomhus, fler spontana glasspauser och mer utrymme i vardagen f\u00f6r familj, v\u00e4nner och livet. Allting blir g\u00e4rna lite enklare och roligare n\u00e4r solen skiner och dagarna k\u00e4nns l\u00e4ngre.\" \/>\n<meta property=\"og:url\" content=\"https:\/\/blog.tmgrupoinmobiliario.com\/sv\/2025\/05\/21\/flytta-till-spanien-med-barn-en-investering-for-familjelivet\/\" \/>\n<meta property=\"og:site_name\" content=\"Svenska\" \/>\n<meta property=\"article:published_time\" content=\"2025-05-21T16:53:08+00:00\" \/>\n<meta property=\"og:image\" content=\"https:\/\/blog.tmgrupoinmobiliario.com\/sv\/wp-content\/uploads\/sites\/6\/2025\/05\/Moving-to-Spain-with-family.jpg\" \/>\n\t<meta property=\"og:image:width\" content=\"1000\" \/>\n\t<meta property=\"og:image:height\" content=\"666\" \/>\n\t<meta property=\"og:image:type\" content=\"image\/jpeg\" \/>\n<meta name=\"author\" content=\"indira\" \/>\n<meta name=\"twitter:card\" content=\"summary_large_image\" \/>\n<meta name=\"twitter:label1\" content=\"Skriven av\" \/>\n\t<meta name=\"twitter:data1\" content=\"indira\" \/>\n\t<meta name=\"twitter:label2\" content=\"Ber\u00e4knad l\u00e4stid\" \/>\n\t<meta name=\"twitter:data2\" content=\"6 minuter\" \/>\n<script type=\"application\/ld+json\" class=\"yoast-schema-graph\">{\"@context\":\"https:\\\/\\\/schema.org\",\"@graph\":[{\"@type\":\"Article\",\"@id\":\"https:\\\/\\\/blog.tmgrupoinmobiliario.com\\\/sv\\\/2025\\\/05\\\/21\\\/flytta-till-spanien-med-barn-en-investering-for-familjelivet\\\/#article\",\"isPartOf\":{\"@id\":\"https:\\\/\\\/blog.tmgrupoinmobiliario.com\\\/sv\\\/2025\\\/05\\\/21\\\/flytta-till-spanien-med-barn-en-investering-for-familjelivet\\\/\"},\"author\":{\"name\":\"indira\",\"@id\":\"https:\\\/\\\/blog.tmgrupoinmobiliario.com\\\/sv\\\/#\\\/schema\\\/person\\\/bbbac745abadad64177a5ee6a73cbf7c\"},\"headline\":\"Flytta till Spanien med barn\\u2028\u2013 en investering f\u00f6r familjelivet\",\"datePublished\":\"2025-05-21T16:53:08+00:00\",\"mainEntityOfPage\":{\"@id\":\"https:\\\/\\\/blog.tmgrupoinmobiliario.com\\\/sv\\\/2025\\\/05\\\/21\\\/flytta-till-spanien-med-barn-en-investering-for-familjelivet\\\/\"},\"wordCount\":1257,\"commentCount\":0,\"image\":{\"@id\":\"https:\\\/\\\/blog.tmgrupoinmobiliario.com\\\/sv\\\/2025\\\/05\\\/21\\\/flytta-till-spanien-med-barn-en-investering-for-familjelivet\\\/#primaryimage\"},\"thumbnailUrl\":\"https:\\\/\\\/blog.tmgrupoinmobiliario.com\\\/sv\\\/wp-content\\\/uploads\\\/sites\\\/6\\\/2025\\\/05\\\/Moving-to-Spain-with-family.jpg\",\"keywords\":[\"Flytta till Spanien med barn\",\"TM Real Estate Group\"],\"articleSection\":[\"Ditt nya hem\"],\"inLanguage\":\"sv-SE\",\"potentialAction\":[{\"@type\":\"CommentAction\",\"name\":\"Comment\",\"target\":[\"https:\\\/\\\/blog.tmgrupoinmobiliario.com\\\/sv\\\/2025\\\/05\\\/21\\\/flytta-till-spanien-med-barn-en-investering-for-familjelivet\\\/#respond\"]}]},{\"@type\":\"WebPage\",\"@id\":\"https:\\\/\\\/blog.tmgrupoinmobiliario.com\\\/sv\\\/2025\\\/05\\\/21\\\/flytta-till-spanien-med-barn-en-investering-for-familjelivet\\\/\",\"url\":\"https:\\\/\\\/blog.tmgrupoinmobiliario.com\\\/sv\\\/2025\\\/05\\\/21\\\/flytta-till-spanien-med-barn-en-investering-for-familjelivet\\\/\",\"name\":\"Flytta till Spanien med barn\\u2028\u2013 en investering f\u00f6r familjelivet - Svenska\",\"isPartOf\":{\"@id\":\"https:\\\/\\\/blog.tmgrupoinmobiliario.com\\\/sv\\\/#website\"},\"primaryImageOfPage\":{\"@id\":\"https:\\\/\\\/blog.tmgrupoinmobiliario.com\\\/sv\\\/2025\\\/05\\\/21\\\/flytta-till-spanien-med-barn-en-investering-for-familjelivet\\\/#primaryimage\"},\"image\":{\"@id\":\"https:\\\/\\\/blog.tmgrupoinmobiliario.com\\\/sv\\\/2025\\\/05\\\/21\\\/flytta-till-spanien-med-barn-en-investering-for-familjelivet\\\/#primaryimage\"},\"thumbnailUrl\":\"https:\\\/\\\/blog.tmgrupoinmobiliario.com\\\/sv\\\/wp-content\\\/uploads\\\/sites\\\/6\\\/2025\\\/05\\\/Moving-to-Spain-with-family.jpg\",\"datePublished\":\"2025-05-21T16:53:08+00:00\",\"author\":{\"@id\":\"https:\\\/\\\/blog.tmgrupoinmobiliario.com\\\/sv\\\/#\\\/schema\\\/person\\\/bbbac745abadad64177a5ee6a73cbf7c\"},\"description\":\"Ett liv i Spanien betyder sol och v\u00e4rme, men ocks\u00e5 mer tid utomhus, fler spontana glasspauser och mer utrymme i vardagen f\u00f6r familj, v\u00e4nner och livet. Allting blir g\u00e4rna lite enklare och roligare n\u00e4r solen skiner och dagarna k\u00e4nns l\u00e4ngre.\",\"breadcrumb\":{\"@id\":\"https:\\\/\\\/blog.tmgrupoinmobiliario.com\\\/sv\\\/2025\\\/05\\\/21\\\/flytta-till-spanien-med-barn-en-investering-for-familjelivet\\\/#breadcrumb\"},\"inLanguage\":\"sv-SE\",\"potentialAction\":[{\"@type\":\"ReadAction\",\"target\":[\"https:\\\/\\\/blog.tmgrupoinmobiliario.com\\\/sv\\\/2025\\\/05\\\/21\\\/flytta-till-spanien-med-barn-en-investering-for-familjelivet\\\/\"]}]},{\"@type\":\"ImageObject\",\"inLanguage\":\"sv-SE\",\"@id\":\"https:\\\/\\\/blog.tmgrupoinmobiliario.com\\\/sv\\\/2025\\\/05\\\/21\\\/flytta-till-spanien-med-barn-en-investering-for-familjelivet\\\/#primaryimage\",\"url\":\"https:\\\/\\\/blog.tmgrupoinmobiliario.com\\\/sv\\\/wp-content\\\/uploads\\\/sites\\\/6\\\/2025\\\/05\\\/Moving-to-Spain-with-family.jpg\",\"contentUrl\":\"https:\\\/\\\/blog.tmgrupoinmobiliario.com\\\/sv\\\/wp-content\\\/uploads\\\/sites\\\/6\\\/2025\\\/05\\\/Moving-to-Spain-with-family.jpg\",\"width\":1000,\"height\":666,\"caption\":\"Flytta till Spanien med barn\"},{\"@type\":\"BreadcrumbList\",\"@id\":\"https:\\\/\\\/blog.tmgrupoinmobiliario.com\\\/sv\\\/2025\\\/05\\\/21\\\/flytta-till-spanien-med-barn-en-investering-for-familjelivet\\\/#breadcrumb\",\"itemListElement\":[{\"@type\":\"ListItem\",\"position\":1,\"name\":\"Portada\",\"item\":\"https:\\\/\\\/blog.tmgrupoinmobiliario.com\\\/sv\\\/\"},{\"@type\":\"ListItem\",\"position\":2,\"name\":\"Flytta till Spanien med barn\\u2028\u2013 en investering f\u00f6r familjelivet\"}]},{\"@type\":\"WebSite\",\"@id\":\"https:\\\/\\\/blog.tmgrupoinmobiliario.com\\\/sv\\\/#website\",\"url\":\"https:\\\/\\\/blog.tmgrupoinmobiliario.com\\\/sv\\\/\",\"name\":\"Svenska\",\"description\":\"Otro sitio m\u00e1s de Blog Desarrollo TM sitios\",\"potentialAction\":[{\"@type\":\"SearchAction\",\"target\":{\"@type\":\"EntryPoint\",\"urlTemplate\":\"https:\\\/\\\/blog.tmgrupoinmobiliario.com\\\/sv\\\/?s={search_term_string}\"},\"query-input\":{\"@type\":\"PropertyValueSpecification\",\"valueRequired\":true,\"valueName\":\"search_term_string\"}}],\"inLanguage\":\"sv-SE\"},{\"@type\":\"Person\",\"@id\":\"https:\\\/\\\/blog.tmgrupoinmobiliario.com\\\/sv\\\/#\\\/schema\\\/person\\\/bbbac745abadad64177a5ee6a73cbf7c\",\"name\":\"indira\",\"image\":{\"@type\":\"ImageObject\",\"inLanguage\":\"sv-SE\",\"@id\":\"https:\\\/\\\/secure.gravatar.com\\\/avatar\\\/e9bcc7a0bb2179240c56a1875899ce9a1dfa15d5b7527f71259eaee6010d7203?s=96&d=mm&r=g\",\"url\":\"https:\\\/\\\/secure.gravatar.com\\\/avatar\\\/e9bcc7a0bb2179240c56a1875899ce9a1dfa15d5b7527f71259eaee6010d7203?s=96&d=mm&r=g\",\"contentUrl\":\"https:\\\/\\\/secure.gravatar.com\\\/avatar\\\/e9bcc7a0bb2179240c56a1875899ce9a1dfa15d5b7527f71259eaee6010d7203?s=96&d=mm&r=g\",\"caption\":\"indira\"},\"url\":\"https:\\\/\\\/blog.tmgrupoinmobiliario.com\\\/sv\\\/author\\\/indira\\\/\"}]}<\/script>\n<!-- \/ Yoast SEO Premium plugin. -->","yoast_head_json":{"title":"Flytta till Spanien med barn\u2028\u2013 en investering f\u00f6r familjelivet - Svenska","description":"Ett liv i Spanien betyder sol och v\u00e4rme, men ocks\u00e5 mer tid utomhus, fler spontana glasspauser och mer utrymme i vardagen f\u00f6r familj, v\u00e4nner och livet. Allting blir g\u00e4rna lite enklare och roligare n\u00e4r solen skiner och dagarna k\u00e4nns l\u00e4ngre.","robots":{"index":"index","follow":"follow","max-snippet":"max-snippet:-1","max-image-preview":"max-image-preview:large","max-video-preview":"max-video-preview:-1"},"canonical":"https:\/\/blog.tmgrupoinmobiliario.com\/sv\/2025\/05\/21\/flytta-till-spanien-med-barn-en-investering-for-familjelivet\/","og_locale":"sv_SE","og_type":"article","og_title":"Flytta till Spanien med barn\u2028\u2013 en investering f\u00f6r familjelivet","og_description":"Ett liv i Spanien betyder sol och v\u00e4rme, men ocks\u00e5 mer tid utomhus, fler spontana glasspauser och mer utrymme i vardagen f\u00f6r familj, v\u00e4nner och livet. Allting blir g\u00e4rna lite enklare och roligare n\u00e4r solen skiner och dagarna k\u00e4nns l\u00e4ngre.","og_url":"https:\/\/blog.tmgrupoinmobiliario.com\/sv\/2025\/05\/21\/flytta-till-spanien-med-barn-en-investering-for-familjelivet\/","og_site_name":"Svenska","article_published_time":"2025-05-21T16:53:08+00:00","og_image":[{"width":1000,"height":666,"url":"https:\/\/blog.tmgrupoinmobiliario.com\/sv\/wp-content\/uploads\/sites\/6\/2025\/05\/Moving-to-Spain-with-family.jpg","type":"image\/jpeg"}],"author":"indira","twitter_card":"summary_large_image","twitter_misc":{"Skriven av":"indira","Ber\u00e4knad l\u00e4stid":"6 minuter"},"schema":{"@context":"https:\/\/schema.org","@graph":[{"@type":"Article","@id":"https:\/\/blog.tmgrupoinmobiliario.com\/sv\/2025\/05\/21\/flytta-till-spanien-med-barn-en-investering-for-familjelivet\/#article","isPartOf":{"@id":"https:\/\/blog.tmgrupoinmobiliario.com\/sv\/2025\/05\/21\/flytta-till-spanien-med-barn-en-investering-for-familjelivet\/"},"author":{"name":"indira","@id":"https:\/\/blog.tmgrupoinmobiliario.com\/sv\/#\/schema\/person\/bbbac745abadad64177a5ee6a73cbf7c"},"headline":"Flytta till Spanien med barn\u2028\u2013 en investering f\u00f6r familjelivet","datePublished":"2025-05-21T16:53:08+00:00","mainEntityOfPage":{"@id":"https:\/\/blog.tmgrupoinmobiliario.com\/sv\/2025\/05\/21\/flytta-till-spanien-med-barn-en-investering-for-familjelivet\/"},"wordCount":1257,"commentCount":0,"image":{"@id":"https:\/\/blog.tmgrupoinmobiliario.com\/sv\/2025\/05\/21\/flytta-till-spanien-med-barn-en-investering-for-familjelivet\/#primaryimage"},"thumbnailUrl":"https:\/\/blog.tmgrupoinmobiliario.com\/sv\/wp-content\/uploads\/sites\/6\/2025\/05\/Moving-to-Spain-with-family.jpg","keywords":["Flytta till Spanien med barn","TM Real Estate Group"],"articleSection":["Ditt nya hem"],"inLanguage":"sv-SE","potentialAction":[{"@type":"CommentAction","name":"Comment","target":["https:\/\/blog.tmgrupoinmobiliario.com\/sv\/2025\/05\/21\/flytta-till-spanien-med-barn-en-investering-for-familjelivet\/#respond"]}]},{"@type":"WebPage","@id":"https:\/\/blog.tmgrupoinmobiliario.com\/sv\/2025\/05\/21\/flytta-till-spanien-med-barn-en-investering-for-familjelivet\/","url":"https:\/\/blog.tmgrupoinmobiliario.com\/sv\/2025\/05\/21\/flytta-till-spanien-med-barn-en-investering-for-familjelivet\/","name":"Flytta till Spanien med barn\u2028\u2013 en investering f\u00f6r familjelivet - Svenska","isPartOf":{"@id":"https:\/\/blog.tmgrupoinmobiliario.com\/sv\/#website"},"primaryImageOfPage":{"@id":"https:\/\/blog.tmgrupoinmobiliario.com\/sv\/2025\/05\/21\/flytta-till-spanien-med-barn-en-investering-for-familjelivet\/#primaryimage"},"image":{"@id":"https:\/\/blog.tmgrupoinmobiliario.com\/sv\/2025\/05\/21\/flytta-till-spanien-med-barn-en-investering-for-familjelivet\/#primaryimage"},"thumbnailUrl":"https:\/\/blog.tmgrupoinmobiliario.com\/sv\/wp-content\/uploads\/sites\/6\/2025\/05\/Moving-to-Spain-with-family.jpg","datePublished":"2025-05-21T16:53:08+00:00","author":{"@id":"https:\/\/blog.tmgrupoinmobiliario.com\/sv\/#\/schema\/person\/bbbac745abadad64177a5ee6a73cbf7c"},"description":"Ett liv i Spanien betyder sol och v\u00e4rme, men ocks\u00e5 mer tid utomhus, fler spontana glasspauser och mer utrymme i vardagen f\u00f6r familj, v\u00e4nner och livet. Allting blir g\u00e4rna lite enklare och roligare n\u00e4r solen skiner och dagarna k\u00e4nns l\u00e4ngre.","breadcrumb":{"@id":"https:\/\/blog.tmgrupoinmobiliario.com\/sv\/2025\/05\/21\/flytta-till-spanien-med-barn-en-investering-for-familjelivet\/#breadcrumb"},"inLanguage":"sv-SE","potentialAction":[{"@type":"ReadAction","target":["https:\/\/blog.tmgrupoinmobiliario.com\/sv\/2025\/05\/21\/flytta-till-spanien-med-barn-en-investering-for-familjelivet\/"]}]},{"@type":"ImageObject","inLanguage":"sv-SE","@id":"https:\/\/blog.tmgrupoinmobiliario.com\/sv\/2025\/05\/21\/flytta-till-spanien-med-barn-en-investering-for-familjelivet\/#primaryimage","url":"https:\/\/blog.tmgrupoinmobiliario.com\/sv\/wp-content\/uploads\/sites\/6\/2025\/05\/Moving-to-Spain-with-family.jpg","contentUrl":"https:\/\/blog.tmgrupoinmobiliario.com\/sv\/wp-content\/uploads\/sites\/6\/2025\/05\/Moving-to-Spain-with-family.jpg","width":1000,"height":666,"caption":"Flytta till Spanien med barn"},{"@type":"BreadcrumbList","@id":"https:\/\/blog.tmgrupoinmobiliario.com\/sv\/2025\/05\/21\/flytta-till-spanien-med-barn-en-investering-for-familjelivet\/#breadcrumb","itemListElement":[{"@type":"ListItem","position":1,"name":"Portada","item":"https:\/\/blog.tmgrupoinmobiliario.com\/sv\/"},{"@type":"ListItem","position":2,"name":"Flytta till Spanien med barn\u2028\u2013 en investering f\u00f6r familjelivet"}]},{"@type":"WebSite","@id":"https:\/\/blog.tmgrupoinmobiliario.com\/sv\/#website","url":"https:\/\/blog.tmgrupoinmobiliario.com\/sv\/","name":"Svenska","description":"Otro sitio m\u00e1s de Blog Desarrollo TM sitios","potentialAction":[{"@type":"SearchAction","target":{"@type":"EntryPoint","urlTemplate":"https:\/\/blog.tmgrupoinmobiliario.com\/sv\/?s={search_term_string}"},"query-input":{"@type":"PropertyValueSpecification","valueRequired":true,"valueName":"search_term_string"}}],"inLanguage":"sv-SE"},{"@type":"Person","@id":"https:\/\/blog.tmgrupoinmobiliario.com\/sv\/#\/schema\/person\/bbbac745abadad64177a5ee6a73cbf7c","name":"indira","image":{"@type":"ImageObject","inLanguage":"sv-SE","@id":"https:\/\/secure.gravatar.com\/avatar\/e9bcc7a0bb2179240c56a1875899ce9a1dfa15d5b7527f71259eaee6010d7203?s=96&d=mm&r=g","url":"https:\/\/secure.gravatar.com\/avatar\/e9bcc7a0bb2179240c56a1875899ce9a1dfa15d5b7527f71259eaee6010d7203?s=96&d=mm&r=g","contentUrl":"https:\/\/secure.gravatar.com\/avatar\/e9bcc7a0bb2179240c56a1875899ce9a1dfa15d5b7527f71259eaee6010d7203?s=96&d=mm&r=g","caption":"indira"},"url":"https:\/\/blog.tmgrupoinmobiliario.com\/sv\/author\/indira\/"}]}},"jetpack_featured_media_url":"https:\/\/blog.tmgrupoinmobiliario.com\/sv\/wp-content\/uploads\/sites\/6\/2025\/05\/Moving-to-Spain-with-family.jpg","jetpack_sharing_enabled":true,"_links":{"self":[{"href":"https:\/\/blog.tmgrupoinmobiliario.com\/sv\/wp-json\/wp\/v2\/posts\/17831","targetHints":{"allow":["GET"]}}],"collection":[{"href":"https:\/\/blog.tmgrupoinmobiliario.com\/sv\/wp-json\/wp\/v2\/posts"}],"about":[{"href":"https:\/\/blog.tmgrupoinmobiliario.com\/sv\/wp-json\/wp\/v2\/types\/post"}],"author":[{"embeddable":true,"href":"https:\/\/blog.tmgrupoinmobiliario.com\/sv\/wp-json\/wp\/v2\/users\/11729"}],"replies":[{"embeddable":true,"href":"https:\/\/blog.tmgrupoinmobiliario.com\/sv\/wp-json\/wp\/v2\/comments?post=17831"}],"version-history":[{"count":1,"href":"https:\/\/blog.tmgrupoinmobiliario.com\/sv\/wp-json\/wp\/v2\/posts\/17831\/revisions"}],"predecessor-version":[{"id":17837,"href":"https:\/\/blog.tmgrupoinmobiliario.com\/sv\/wp-json\/wp\/v2\/posts\/17831\/revisions\/17837"}],"wp:featuredmedia":[{"embeddable":true,"href":"https:\/\/blog.tmgrupoinmobiliario.com\/sv\/wp-json\/wp\/v2\/media\/17836"}],"wp:attachment":[{"href":"https:\/\/blog.tmgrupoinmobiliario.com\/sv\/wp-json\/wp\/v2\/media?parent=17831"}],"wp:term":[{"taxonomy":"category","embeddable":true,"href":"https:\/\/blog.tmgrupoinmobiliario.com\/sv\/wp-json\/wp\/v2\/categories?post=17831"},{"taxonomy":"post_tag","embeddable":true,"href":"https:\/\/blog.tmgrupoinmobiliario.com\/sv\/wp-json\/wp\/v2\/tags?post=17831"}],"curies":[{"name":"wp","href":"https:\/\/api.w.org\/{rel}","templated":true}]}}