{"id":17802,"date":"2025-04-05T12:35:51","date_gmt":"2025-04-05T10:35:51","guid":{"rendered":"https:\/\/blog.tmgrupoinmobiliario.com\/sv\/?p=17802"},"modified":"2025-04-05T12:35:51","modified_gmt":"2025-04-05T10:35:51","slug":"ideer-for-att-organisera-dina-koksskap","status":"publish","type":"post","link":"https:\/\/blog.tmgrupoinmobiliario.com\/sv\/2025\/04\/05\/ideer-for-att-organisera-dina-koksskap\/","title":{"rendered":"Id\u00e9er f\u00f6r att organisera dina k\u00f6kssk\u00e5p"},"content":{"rendered":"<h2><\/h2>\n<h4><span style=\"color: #ff0000\"><strong>Sortera och gruppera redskap och matvaror<\/strong><\/span><\/h4>\n<p>Det f\u00f6rsta steget f\u00f6r att organisera dina sk\u00e5p \u00e4r att gruppera artiklarna efter deras anv\u00e4ndning och funktion. Om du blandar k\u00f6ksredskap, ingredienser och verktyg kommer du att sl\u00f6sa tid p\u00e5 att leta efter det du beh\u00f6ver. Dela upp objekten i kategorier:<\/p>\n<ul>\n<li><strong>K\u00f6ksredskap<\/strong>: Organisera knivar, skedar, spatlar, vispar och andra redskap med hj\u00e4lp av avdelare f\u00f6r att underl\u00e4tta \u00e5tkomsten.<\/li>\n<li><strong>Konserver och torra varor<\/strong>: Placera maten p\u00e5 hyllor sorterade efter typ (t.ex. spannm\u00e5l, baljv\u00e4xter, kryddor) och anv\u00e4nd burkar eller l\u00e5dor f\u00f6r att h\u00e5lla dem organiserade och synliga.<\/li>\n<li><strong>Sm\u00e5 hush\u00e5llsapparater<\/strong>: F\u00f6rvara sm\u00e5 hush\u00e5llsapparater som mixrar, varmluftsfrit\u00f6ser eller br\u00f6drostar i de undre sk\u00e5pen eller p\u00e5 en l\u00e4tt\u00e5tkomlig hylla.<\/li>\n<\/ul>\n<p>Denna kategorisering g\u00f6r det enklare att hitta det du beh\u00f6ver och f\u00f6rhindrar r\u00f6ran.<\/p>\n<h4><span style=\"color: #ff0000\"><strong>Anv\u00e4nd k\u00f6ksorganisat\u00f6rer och tillbeh\u00f6r<\/strong><\/span><\/h4>\n<p>Organisationsaccessoarer \u00e4r nyckeln till att effektivt utnyttja utrymmet i dina sk\u00e5p. Fr\u00e5n hyllorganisat\u00f6rer till korgar och avdelare, det finns m\u00e5nga alternativ som hj\u00e4lper dig att maximera b\u00e5de det vertikala och horisontella utrymmet i dina sk\u00e5p. N\u00e5gra id\u00e9er:<\/p>\n<ul>\n<li><strong>Skjutbara brickor<\/strong>: Perfekta f\u00f6r de h\u00f6gsta eller sv\u00e5r\u00e5tkomliga hyllorna. Dessa brickor g\u00f6r det enkelt att n\u00e5 det som finns l\u00e4ngst bak.<\/li>\n<li><strong>Korgar och l\u00e5dor<\/strong>: Anv\u00e4nd korgar i olika storlekar f\u00f6r att f\u00f6rvara sm\u00e5 produkter eller s\u00e5dana som anv\u00e4nds mindre ofta, s\u00e5som s\u00e5ser eller konserver.<\/li>\n<li><strong>Utdragbara hyllor<\/strong>: Att installera utdragbara hyllor i sk\u00e5pen g\u00f6r det l\u00e4ttare att n\u00e5 produkterna l\u00e4ngst bak och l\u00e5ter dig se allt du har f\u00f6rvarat utan att beh\u00f6va flytta p\u00e5 f\u00f6r m\u00e5nga saker.<\/li>\n<\/ul>\n<p>Gl\u00f6m inte att utnyttja sk\u00e5pens d\u00f6rrar, d\u00e4r du kan montera krokar eller sm\u00e5 hyllor f\u00f6r att h\u00e4nga redskap eller f\u00f6rvara artiklar som lock till grytor och stekpannor.<\/p>\n<h4><span style=\"color: #ff0000\"><strong>F\u00f6rvara vertikalt och p\u00e5 toppen av k\u00f6kssk\u00e5pen<\/strong><\/span><\/h4>\n<p>F\u00f6r de st\u00f6rre sk\u00e5pen, tveka inte att utnyttja det vertikala utrymmet. Anv\u00e4nd v\u00e4ggarna eller \u00f6vre delen av sk\u00e5pen f\u00f6r att f\u00f6rvara saker som du anv\u00e4nder mindre ofta, men som du fortfarande beh\u00f6ver ha n\u00e4ra till hands. N\u00e5gra alternativ \u00e4r:<\/p>\n<ul>\n<li><strong>Flytande eller h\u00e4ngande hyllor<\/strong>: Placera extra hyllor p\u00e5 ovansidan av dina sk\u00e5p f\u00f6r att f\u00f6rvara k\u00f6ksredskap som anv\u00e4nds s\u00e4llan, s\u00e5som stora grytor eller bakutrustning.<\/li>\n<li><strong>Krokar och st\u00e4nger<\/strong>: Installera st\u00e4nger eller krokar p\u00e5 insidan av sk\u00e5pd\u00f6rrarna f\u00f6r att h\u00e4nga koppar, tr\u00e4slevar eller k\u00f6kshandskar.<\/li>\n<li><strong>Stapelbara beh\u00e5llare<\/strong>: Om du har utrymme i h\u00f6jd, anv\u00e4nd stapelbara beh\u00e5llare f\u00f6r att f\u00f6rvara matvaror eller redskap, vilket m\u00f6jligg\u00f6r en b\u00e4ttre benutning av utrymmet utan att ta upp mycket horisontellt utrymme.<\/li>\n<\/ul>\n<p>Denna typ av f\u00f6rvaring optimerar inte bara utrymmet, utan l\u00e5ter dig ocks\u00e5 snabbt komma \u00e5t de saker du anv\u00e4nder s\u00e4llan.<\/p>\n<h4><span style=\"color: #ff0000\"><strong>Organisera efter anv\u00e4ndningsfrekvens<\/strong><\/span><\/h4>\n<p>En av nycklarna till att h\u00e5lla k\u00f6ket v\u00e4lorganiserat \u00e4r att se till att de artiklar du anv\u00e4nder mest finns l\u00e4tt tillg\u00e4ngliga, medan de du anv\u00e4nder mindre ofta f\u00f6rvaras p\u00e5 mindre synliga eller sv\u00e5rtillg\u00e4ngliga platser.<\/p>\n<ul>\n<li><strong>Omr\u00e5de f\u00f6r frekvent anv\u00e4ndning<\/strong>: Placera de k\u00f6ksredskap, grytor och matvaror du anv\u00e4nder dagligen p\u00e5 hyllor i \u00f6gonh\u00f6jd eller i de undre sk\u00e5pen. Detta inkluderar saker som tallrikar, glas, koppar, oljor och kryddor s\u00e5som salt, peppar eller oregano.<\/li>\n<li><strong>Sekund\u00e4rt f\u00f6rvaringsomr\u00e5de<\/strong>: Artiklar som stora grytor, mindre frekvent anv\u00e4nda k\u00f6ksapparater eller speciella ingredienser kan placeras p\u00e5 h\u00f6gre hyllor eller i sk\u00e5p som \u00e4r sv\u00e5rare att n\u00e5.<\/li>\n<\/ul>\n<p>P\u00e5 detta s\u00e4tt har du allt du beh\u00f6ver inom r\u00e4ckh\u00e5ll utan att beh\u00f6va anstr\u00e4nga dig f\u00f6r att hitta det.<\/p>\n<h4><span style=\"color: #ff0000\"><strong>Dags att organisera ditt k\u00f6k!<\/strong><\/span><\/h4>\n<p>Att ha ordning i dina k\u00f6kssk\u00e5p l\u00e5ter dig inte bara njuta av ett renare och mer organiserat utrymme, utan optimerar \u00e4ven din tid vid matlagning. B\u00f6rja med sm\u00e5 f\u00f6r\u00e4ndringar: sortera dina redskap och matvaror, anv\u00e4nd organisat\u00f6rer f\u00f6r att utnyttja utrymmet maximalt och se till att de mest anv\u00e4nda artiklarna ligger n\u00e4ra till hands. Med lite planering och r\u00e4tt id\u00e9er kan ditt k\u00f6k bli en funktionell och trevlig plats att njuta av att laga mat.<\/p>\n<p>&nbsp;<\/p>\n","protected":false},"excerpt":{"rendered":"<p>Sortera och gruppera redskap och matvaror Det f\u00f6rsta steget f\u00f6r att organisera dina sk\u00e5p \u00e4r att gruppera artiklarna efter deras anv\u00e4ndning och funktion. Om du blandar k\u00f6ksredskap, ingredienser och verktyg kommer du att sl\u00f6sa tid p\u00e5 att leta efter det du beh\u00f6ver. Dela upp objekten i kategorier: K\u00f6ksredskap: Organisera knivar, skedar, spatlar, vispar och andra [&hellip;]<\/p>\n","protected":false},"author":11729,"featured_media":17806,"comment_status":"open","ping_status":"open","sticky":false,"template":"","format":"standard","meta":{"_jetpack_memberships_contains_paid_content":false,"footnotes":""},"categories":[488],"tags":[684,683,437],"class_list":["post-17802","post","type-post","status-publish","format-standard","has-post-thumbnail","hentry","category-livsstil","tag-dina-koksskap","tag-organisera-dina-koksskap","tag-tm-real-estate-group-en","formato-blog"],"better_featured_image":{"id":17806,"alt_text":"Id\u00e9er f\u00f6r att organisera dina k\u00f6kssk\u00e5p","caption":"","description":"","media_type":"image","media_details":{"width":1000,"height":666,"file":"2025\/04\/Ideas-para-ordenar-los-armarios-de-la-cocina-3.jpg","filesize":50548,"sizes":{},"image_meta":{"aperture":"0","credit":"","camera":"","caption":"","created_timestamp":"0","copyright":"","focal_length":"0","iso":"0","shutter_speed":"0","title":"","orientation":"1","keywords":[]}},"post":17802,"source_url":"https:\/\/blog.tmgrupoinmobiliario.com\/sv\/wp-content\/uploads\/sites\/6\/2025\/04\/Ideas-para-ordenar-los-armarios-de-la-cocina-3.jpg"},"acf":{"imagen_destacada_desktop":"https:\/\/blog.tmgrupoinmobiliario.com\/sv\/wp-content\/uploads\/sites\/6\/2025\/04\/Ideas-para-ordenar-los-armarios-de-la-cocina-4.jpg","imagen_destacada_mobile":"https:\/\/blog.tmgrupoinmobiliario.com\/sv\/wp-content\/uploads\/sites\/6\/2025\/04\/Ideas-para-ordenar-los-armarios-de-la-cocina-2.jpg","formato":{"term_id":484,"name":"Blog","slug":"blog","term_group":0,"term_taxonomy_id":484,"taxonomy":"formato","description":"","parent":0,"count":74,"filter":"raw"},"entradilla":"Att ha ett v\u00e4lorganiserat utrymme f\u00f6rb\u00e4ttrar inte bara utseendet p\u00e5 ditt k\u00f6k, utan underl\u00e4ttar \u00e4ven matlagningen, sparar tid och minskar stressen. Om du letar efter id\u00e9er f\u00f6r att effektivt organisera dina k\u00f6kssk\u00e5p, presenterar denna artikel n\u00e5gra praktiska l\u00f6sningar som hj\u00e4lper dig att optimera varje vr\u00e5.","etiquetas":"","cabecera_escritorio":"https:\/\/blog.tmgrupoinmobiliario.com\/sv\/wp-content\/uploads\/sites\/6\/2025\/04\/Ideas-para-ordenar-los-armarios-de-la-cocina.jpg","cabecera_mobile":"https:\/\/blog.tmgrupoinmobiliario.com\/sv\/wp-content\/uploads\/sites\/6\/2025\/04\/Ideas-para-ordenar-los-armarios-de-la-cocina-1.jpg","galeria":false},"yoast_head":"<!-- This site is optimized with the Yoast SEO Premium plugin v23.6 (Yoast SEO v27.5) - https:\/\/yoast.com\/product\/yoast-seo-premium-wordpress\/ -->\n<title>Id\u00e9er f\u00f6r att organisera dina k\u00f6kssk\u00e5p - Svenska<\/title>\n<meta name=\"description\" content=\"Om du letar efter id\u00e9er f\u00f6r att effektivt organisera dina k\u00f6kssk\u00e5p, presenterar denna artikel n\u00e5gra praktiska l\u00f6sningar som hj\u00e4lper dig att optimera varje vr\u00e5.\" \/>\n<meta name=\"robots\" content=\"index, follow, max-snippet:-1, max-image-preview:large, max-video-preview:-1\" \/>\n<link rel=\"canonical\" href=\"https:\/\/blog.tmgrupoinmobiliario.com\/sv\/2025\/04\/05\/ideer-for-att-organisera-dina-koksskap\/\" \/>\n<meta property=\"og:locale\" content=\"sv_SE\" \/>\n<meta property=\"og:type\" content=\"article\" \/>\n<meta property=\"og:title\" content=\"Id\u00e9er f\u00f6r att organisera dina k\u00f6kssk\u00e5p\" \/>\n<meta property=\"og:description\" content=\"Om du letar efter id\u00e9er f\u00f6r att effektivt organisera dina k\u00f6kssk\u00e5p, presenterar denna artikel n\u00e5gra praktiska l\u00f6sningar som hj\u00e4lper dig att optimera varje vr\u00e5.\" \/>\n<meta property=\"og:url\" content=\"https:\/\/blog.tmgrupoinmobiliario.com\/sv\/2025\/04\/05\/ideer-for-att-organisera-dina-koksskap\/\" \/>\n<meta property=\"og:site_name\" content=\"Svenska\" \/>\n<meta property=\"article:published_time\" content=\"2025-04-05T10:35:51+00:00\" \/>\n<meta property=\"og:image\" content=\"https:\/\/blog.tmgrupoinmobiliario.com\/sv\/wp-content\/uploads\/sites\/6\/2025\/04\/Ideas-para-ordenar-los-armarios-de-la-cocina-3.jpg\" \/>\n\t<meta property=\"og:image:width\" content=\"1000\" \/>\n\t<meta property=\"og:image:height\" content=\"666\" \/>\n\t<meta property=\"og:image:type\" content=\"image\/jpeg\" \/>\n<meta name=\"author\" content=\"indira\" \/>\n<meta name=\"twitter:card\" content=\"summary_large_image\" \/>\n<meta name=\"twitter:label1\" content=\"Skriven av\" \/>\n\t<meta name=\"twitter:data1\" content=\"indira\" \/>\n\t<meta name=\"twitter:label2\" content=\"Ber\u00e4knad l\u00e4stid\" \/>\n\t<meta name=\"twitter:data2\" content=\"4 minuter\" \/>\n<script type=\"application\/ld+json\" class=\"yoast-schema-graph\">{\"@context\":\"https:\\\/\\\/schema.org\",\"@graph\":[{\"@type\":\"Article\",\"@id\":\"https:\\\/\\\/blog.tmgrupoinmobiliario.com\\\/sv\\\/2025\\\/04\\\/05\\\/ideer-for-att-organisera-dina-koksskap\\\/#article\",\"isPartOf\":{\"@id\":\"https:\\\/\\\/blog.tmgrupoinmobiliario.com\\\/sv\\\/2025\\\/04\\\/05\\\/ideer-for-att-organisera-dina-koksskap\\\/\"},\"author\":{\"name\":\"indira\",\"@id\":\"https:\\\/\\\/blog.tmgrupoinmobiliario.com\\\/sv\\\/#\\\/schema\\\/person\\\/bbbac745abadad64177a5ee6a73cbf7c\"},\"headline\":\"Id\u00e9er f\u00f6r att organisera dina k\u00f6kssk\u00e5p\",\"datePublished\":\"2025-04-05T10:35:51+00:00\",\"mainEntityOfPage\":{\"@id\":\"https:\\\/\\\/blog.tmgrupoinmobiliario.com\\\/sv\\\/2025\\\/04\\\/05\\\/ideer-for-att-organisera-dina-koksskap\\\/\"},\"wordCount\":781,\"commentCount\":0,\"image\":{\"@id\":\"https:\\\/\\\/blog.tmgrupoinmobiliario.com\\\/sv\\\/2025\\\/04\\\/05\\\/ideer-for-att-organisera-dina-koksskap\\\/#primaryimage\"},\"thumbnailUrl\":\"https:\\\/\\\/blog.tmgrupoinmobiliario.com\\\/sv\\\/wp-content\\\/uploads\\\/sites\\\/6\\\/2025\\\/04\\\/Ideas-para-ordenar-los-armarios-de-la-cocina-3.jpg\",\"keywords\":[\"dina k\u00f6kssk\u00e5p\",\"organisera dina k\u00f6kssk\u00e5p\",\"TM Real Estate Group\"],\"articleSection\":[\"Livsstil\"],\"inLanguage\":\"sv-SE\",\"potentialAction\":[{\"@type\":\"CommentAction\",\"name\":\"Comment\",\"target\":[\"https:\\\/\\\/blog.tmgrupoinmobiliario.com\\\/sv\\\/2025\\\/04\\\/05\\\/ideer-for-att-organisera-dina-koksskap\\\/#respond\"]}]},{\"@type\":\"WebPage\",\"@id\":\"https:\\\/\\\/blog.tmgrupoinmobiliario.com\\\/sv\\\/2025\\\/04\\\/05\\\/ideer-for-att-organisera-dina-koksskap\\\/\",\"url\":\"https:\\\/\\\/blog.tmgrupoinmobiliario.com\\\/sv\\\/2025\\\/04\\\/05\\\/ideer-for-att-organisera-dina-koksskap\\\/\",\"name\":\"Id\u00e9er f\u00f6r att organisera dina k\u00f6kssk\u00e5p - Svenska\",\"isPartOf\":{\"@id\":\"https:\\\/\\\/blog.tmgrupoinmobiliario.com\\\/sv\\\/#website\"},\"primaryImageOfPage\":{\"@id\":\"https:\\\/\\\/blog.tmgrupoinmobiliario.com\\\/sv\\\/2025\\\/04\\\/05\\\/ideer-for-att-organisera-dina-koksskap\\\/#primaryimage\"},\"image\":{\"@id\":\"https:\\\/\\\/blog.tmgrupoinmobiliario.com\\\/sv\\\/2025\\\/04\\\/05\\\/ideer-for-att-organisera-dina-koksskap\\\/#primaryimage\"},\"thumbnailUrl\":\"https:\\\/\\\/blog.tmgrupoinmobiliario.com\\\/sv\\\/wp-content\\\/uploads\\\/sites\\\/6\\\/2025\\\/04\\\/Ideas-para-ordenar-los-armarios-de-la-cocina-3.jpg\",\"datePublished\":\"2025-04-05T10:35:51+00:00\",\"author\":{\"@id\":\"https:\\\/\\\/blog.tmgrupoinmobiliario.com\\\/sv\\\/#\\\/schema\\\/person\\\/bbbac745abadad64177a5ee6a73cbf7c\"},\"description\":\"Om du letar efter id\u00e9er f\u00f6r att effektivt organisera dina k\u00f6kssk\u00e5p, presenterar denna artikel n\u00e5gra praktiska l\u00f6sningar som hj\u00e4lper dig att optimera varje vr\u00e5.\",\"breadcrumb\":{\"@id\":\"https:\\\/\\\/blog.tmgrupoinmobiliario.com\\\/sv\\\/2025\\\/04\\\/05\\\/ideer-for-att-organisera-dina-koksskap\\\/#breadcrumb\"},\"inLanguage\":\"sv-SE\",\"potentialAction\":[{\"@type\":\"ReadAction\",\"target\":[\"https:\\\/\\\/blog.tmgrupoinmobiliario.com\\\/sv\\\/2025\\\/04\\\/05\\\/ideer-for-att-organisera-dina-koksskap\\\/\"]}]},{\"@type\":\"ImageObject\",\"inLanguage\":\"sv-SE\",\"@id\":\"https:\\\/\\\/blog.tmgrupoinmobiliario.com\\\/sv\\\/2025\\\/04\\\/05\\\/ideer-for-att-organisera-dina-koksskap\\\/#primaryimage\",\"url\":\"https:\\\/\\\/blog.tmgrupoinmobiliario.com\\\/sv\\\/wp-content\\\/uploads\\\/sites\\\/6\\\/2025\\\/04\\\/Ideas-para-ordenar-los-armarios-de-la-cocina-3.jpg\",\"contentUrl\":\"https:\\\/\\\/blog.tmgrupoinmobiliario.com\\\/sv\\\/wp-content\\\/uploads\\\/sites\\\/6\\\/2025\\\/04\\\/Ideas-para-ordenar-los-armarios-de-la-cocina-3.jpg\",\"width\":1000,\"height\":666,\"caption\":\"Id\u00e9er f\u00f6r att organisera dina k\u00f6kssk\u00e5p\"},{\"@type\":\"BreadcrumbList\",\"@id\":\"https:\\\/\\\/blog.tmgrupoinmobiliario.com\\\/sv\\\/2025\\\/04\\\/05\\\/ideer-for-att-organisera-dina-koksskap\\\/#breadcrumb\",\"itemListElement\":[{\"@type\":\"ListItem\",\"position\":1,\"name\":\"Portada\",\"item\":\"https:\\\/\\\/blog.tmgrupoinmobiliario.com\\\/sv\\\/\"},{\"@type\":\"ListItem\",\"position\":2,\"name\":\"Id\u00e9er f\u00f6r att organisera dina k\u00f6kssk\u00e5p\"}]},{\"@type\":\"WebSite\",\"@id\":\"https:\\\/\\\/blog.tmgrupoinmobiliario.com\\\/sv\\\/#website\",\"url\":\"https:\\\/\\\/blog.tmgrupoinmobiliario.com\\\/sv\\\/\",\"name\":\"Svenska\",\"description\":\"Otro sitio m\u00e1s de Blog Desarrollo TM sitios\",\"potentialAction\":[{\"@type\":\"SearchAction\",\"target\":{\"@type\":\"EntryPoint\",\"urlTemplate\":\"https:\\\/\\\/blog.tmgrupoinmobiliario.com\\\/sv\\\/?s={search_term_string}\"},\"query-input\":{\"@type\":\"PropertyValueSpecification\",\"valueRequired\":true,\"valueName\":\"search_term_string\"}}],\"inLanguage\":\"sv-SE\"},{\"@type\":\"Person\",\"@id\":\"https:\\\/\\\/blog.tmgrupoinmobiliario.com\\\/sv\\\/#\\\/schema\\\/person\\\/bbbac745abadad64177a5ee6a73cbf7c\",\"name\":\"indira\",\"image\":{\"@type\":\"ImageObject\",\"inLanguage\":\"sv-SE\",\"@id\":\"https:\\\/\\\/secure.gravatar.com\\\/avatar\\\/e9bcc7a0bb2179240c56a1875899ce9a1dfa15d5b7527f71259eaee6010d7203?s=96&d=mm&r=g\",\"url\":\"https:\\\/\\\/secure.gravatar.com\\\/avatar\\\/e9bcc7a0bb2179240c56a1875899ce9a1dfa15d5b7527f71259eaee6010d7203?s=96&d=mm&r=g\",\"contentUrl\":\"https:\\\/\\\/secure.gravatar.com\\\/avatar\\\/e9bcc7a0bb2179240c56a1875899ce9a1dfa15d5b7527f71259eaee6010d7203?s=96&d=mm&r=g\",\"caption\":\"indira\"},\"url\":\"https:\\\/\\\/blog.tmgrupoinmobiliario.com\\\/sv\\\/author\\\/indira\\\/\"}]}<\/script>\n<!-- \/ Yoast SEO Premium plugin. -->","yoast_head_json":{"title":"Id\u00e9er f\u00f6r att organisera dina k\u00f6kssk\u00e5p - Svenska","description":"Om du letar efter id\u00e9er f\u00f6r att effektivt organisera dina k\u00f6kssk\u00e5p, presenterar denna artikel n\u00e5gra praktiska l\u00f6sningar som hj\u00e4lper dig att optimera varje vr\u00e5.","robots":{"index":"index","follow":"follow","max-snippet":"max-snippet:-1","max-image-preview":"max-image-preview:large","max-video-preview":"max-video-preview:-1"},"canonical":"https:\/\/blog.tmgrupoinmobiliario.com\/sv\/2025\/04\/05\/ideer-for-att-organisera-dina-koksskap\/","og_locale":"sv_SE","og_type":"article","og_title":"Id\u00e9er f\u00f6r att organisera dina k\u00f6kssk\u00e5p","og_description":"Om du letar efter id\u00e9er f\u00f6r att effektivt organisera dina k\u00f6kssk\u00e5p, presenterar denna artikel n\u00e5gra praktiska l\u00f6sningar som hj\u00e4lper dig att optimera varje vr\u00e5.","og_url":"https:\/\/blog.tmgrupoinmobiliario.com\/sv\/2025\/04\/05\/ideer-for-att-organisera-dina-koksskap\/","og_site_name":"Svenska","article_published_time":"2025-04-05T10:35:51+00:00","og_image":[{"width":1000,"height":666,"url":"https:\/\/blog.tmgrupoinmobiliario.com\/sv\/wp-content\/uploads\/sites\/6\/2025\/04\/Ideas-para-ordenar-los-armarios-de-la-cocina-3.jpg","type":"image\/jpeg"}],"author":"indira","twitter_card":"summary_large_image","twitter_misc":{"Skriven av":"indira","Ber\u00e4knad l\u00e4stid":"4 minuter"},"schema":{"@context":"https:\/\/schema.org","@graph":[{"@type":"Article","@id":"https:\/\/blog.tmgrupoinmobiliario.com\/sv\/2025\/04\/05\/ideer-for-att-organisera-dina-koksskap\/#article","isPartOf":{"@id":"https:\/\/blog.tmgrupoinmobiliario.com\/sv\/2025\/04\/05\/ideer-for-att-organisera-dina-koksskap\/"},"author":{"name":"indira","@id":"https:\/\/blog.tmgrupoinmobiliario.com\/sv\/#\/schema\/person\/bbbac745abadad64177a5ee6a73cbf7c"},"headline":"Id\u00e9er f\u00f6r att organisera dina k\u00f6kssk\u00e5p","datePublished":"2025-04-05T10:35:51+00:00","mainEntityOfPage":{"@id":"https:\/\/blog.tmgrupoinmobiliario.com\/sv\/2025\/04\/05\/ideer-for-att-organisera-dina-koksskap\/"},"wordCount":781,"commentCount":0,"image":{"@id":"https:\/\/blog.tmgrupoinmobiliario.com\/sv\/2025\/04\/05\/ideer-for-att-organisera-dina-koksskap\/#primaryimage"},"thumbnailUrl":"https:\/\/blog.tmgrupoinmobiliario.com\/sv\/wp-content\/uploads\/sites\/6\/2025\/04\/Ideas-para-ordenar-los-armarios-de-la-cocina-3.jpg","keywords":["dina k\u00f6kssk\u00e5p","organisera dina k\u00f6kssk\u00e5p","TM Real Estate Group"],"articleSection":["Livsstil"],"inLanguage":"sv-SE","potentialAction":[{"@type":"CommentAction","name":"Comment","target":["https:\/\/blog.tmgrupoinmobiliario.com\/sv\/2025\/04\/05\/ideer-for-att-organisera-dina-koksskap\/#respond"]}]},{"@type":"WebPage","@id":"https:\/\/blog.tmgrupoinmobiliario.com\/sv\/2025\/04\/05\/ideer-for-att-organisera-dina-koksskap\/","url":"https:\/\/blog.tmgrupoinmobiliario.com\/sv\/2025\/04\/05\/ideer-for-att-organisera-dina-koksskap\/","name":"Id\u00e9er f\u00f6r att organisera dina k\u00f6kssk\u00e5p - Svenska","isPartOf":{"@id":"https:\/\/blog.tmgrupoinmobiliario.com\/sv\/#website"},"primaryImageOfPage":{"@id":"https:\/\/blog.tmgrupoinmobiliario.com\/sv\/2025\/04\/05\/ideer-for-att-organisera-dina-koksskap\/#primaryimage"},"image":{"@id":"https:\/\/blog.tmgrupoinmobiliario.com\/sv\/2025\/04\/05\/ideer-for-att-organisera-dina-koksskap\/#primaryimage"},"thumbnailUrl":"https:\/\/blog.tmgrupoinmobiliario.com\/sv\/wp-content\/uploads\/sites\/6\/2025\/04\/Ideas-para-ordenar-los-armarios-de-la-cocina-3.jpg","datePublished":"2025-04-05T10:35:51+00:00","author":{"@id":"https:\/\/blog.tmgrupoinmobiliario.com\/sv\/#\/schema\/person\/bbbac745abadad64177a5ee6a73cbf7c"},"description":"Om du letar efter id\u00e9er f\u00f6r att effektivt organisera dina k\u00f6kssk\u00e5p, presenterar denna artikel n\u00e5gra praktiska l\u00f6sningar som hj\u00e4lper dig att optimera varje vr\u00e5.","breadcrumb":{"@id":"https:\/\/blog.tmgrupoinmobiliario.com\/sv\/2025\/04\/05\/ideer-for-att-organisera-dina-koksskap\/#breadcrumb"},"inLanguage":"sv-SE","potentialAction":[{"@type":"ReadAction","target":["https:\/\/blog.tmgrupoinmobiliario.com\/sv\/2025\/04\/05\/ideer-for-att-organisera-dina-koksskap\/"]}]},{"@type":"ImageObject","inLanguage":"sv-SE","@id":"https:\/\/blog.tmgrupoinmobiliario.com\/sv\/2025\/04\/05\/ideer-for-att-organisera-dina-koksskap\/#primaryimage","url":"https:\/\/blog.tmgrupoinmobiliario.com\/sv\/wp-content\/uploads\/sites\/6\/2025\/04\/Ideas-para-ordenar-los-armarios-de-la-cocina-3.jpg","contentUrl":"https:\/\/blog.tmgrupoinmobiliario.com\/sv\/wp-content\/uploads\/sites\/6\/2025\/04\/Ideas-para-ordenar-los-armarios-de-la-cocina-3.jpg","width":1000,"height":666,"caption":"Id\u00e9er f\u00f6r att organisera dina k\u00f6kssk\u00e5p"},{"@type":"BreadcrumbList","@id":"https:\/\/blog.tmgrupoinmobiliario.com\/sv\/2025\/04\/05\/ideer-for-att-organisera-dina-koksskap\/#breadcrumb","itemListElement":[{"@type":"ListItem","position":1,"name":"Portada","item":"https:\/\/blog.tmgrupoinmobiliario.com\/sv\/"},{"@type":"ListItem","position":2,"name":"Id\u00e9er f\u00f6r att organisera dina k\u00f6kssk\u00e5p"}]},{"@type":"WebSite","@id":"https:\/\/blog.tmgrupoinmobiliario.com\/sv\/#website","url":"https:\/\/blog.tmgrupoinmobiliario.com\/sv\/","name":"Svenska","description":"Otro sitio m\u00e1s de Blog Desarrollo TM sitios","potentialAction":[{"@type":"SearchAction","target":{"@type":"EntryPoint","urlTemplate":"https:\/\/blog.tmgrupoinmobiliario.com\/sv\/?s={search_term_string}"},"query-input":{"@type":"PropertyValueSpecification","valueRequired":true,"valueName":"search_term_string"}}],"inLanguage":"sv-SE"},{"@type":"Person","@id":"https:\/\/blog.tmgrupoinmobiliario.com\/sv\/#\/schema\/person\/bbbac745abadad64177a5ee6a73cbf7c","name":"indira","image":{"@type":"ImageObject","inLanguage":"sv-SE","@id":"https:\/\/secure.gravatar.com\/avatar\/e9bcc7a0bb2179240c56a1875899ce9a1dfa15d5b7527f71259eaee6010d7203?s=96&d=mm&r=g","url":"https:\/\/secure.gravatar.com\/avatar\/e9bcc7a0bb2179240c56a1875899ce9a1dfa15d5b7527f71259eaee6010d7203?s=96&d=mm&r=g","contentUrl":"https:\/\/secure.gravatar.com\/avatar\/e9bcc7a0bb2179240c56a1875899ce9a1dfa15d5b7527f71259eaee6010d7203?s=96&d=mm&r=g","caption":"indira"},"url":"https:\/\/blog.tmgrupoinmobiliario.com\/sv\/author\/indira\/"}]}},"jetpack_featured_media_url":"https:\/\/blog.tmgrupoinmobiliario.com\/sv\/wp-content\/uploads\/sites\/6\/2025\/04\/Ideas-para-ordenar-los-armarios-de-la-cocina-3.jpg","jetpack_sharing_enabled":true,"_links":{"self":[{"href":"https:\/\/blog.tmgrupoinmobiliario.com\/sv\/wp-json\/wp\/v2\/posts\/17802","targetHints":{"allow":["GET"]}}],"collection":[{"href":"https:\/\/blog.tmgrupoinmobiliario.com\/sv\/wp-json\/wp\/v2\/posts"}],"about":[{"href":"https:\/\/blog.tmgrupoinmobiliario.com\/sv\/wp-json\/wp\/v2\/types\/post"}],"author":[{"embeddable":true,"href":"https:\/\/blog.tmgrupoinmobiliario.com\/sv\/wp-json\/wp\/v2\/users\/11729"}],"replies":[{"embeddable":true,"href":"https:\/\/blog.tmgrupoinmobiliario.com\/sv\/wp-json\/wp\/v2\/comments?post=17802"}],"version-history":[{"count":3,"href":"https:\/\/blog.tmgrupoinmobiliario.com\/sv\/wp-json\/wp\/v2\/posts\/17802\/revisions"}],"predecessor-version":[{"id":17810,"href":"https:\/\/blog.tmgrupoinmobiliario.com\/sv\/wp-json\/wp\/v2\/posts\/17802\/revisions\/17810"}],"wp:featuredmedia":[{"embeddable":true,"href":"https:\/\/blog.tmgrupoinmobiliario.com\/sv\/wp-json\/wp\/v2\/media\/17806"}],"wp:attachment":[{"href":"https:\/\/blog.tmgrupoinmobiliario.com\/sv\/wp-json\/wp\/v2\/media?parent=17802"}],"wp:term":[{"taxonomy":"category","embeddable":true,"href":"https:\/\/blog.tmgrupoinmobiliario.com\/sv\/wp-json\/wp\/v2\/categories?post=17802"},{"taxonomy":"post_tag","embeddable":true,"href":"https:\/\/blog.tmgrupoinmobiliario.com\/sv\/wp-json\/wp\/v2\/tags?post=17802"}],"curies":[{"name":"wp","href":"https:\/\/api.w.org\/{rel}","templated":true}]}}