{"id":17794,"date":"2025-03-31T11:57:48","date_gmt":"2025-03-31T09:57:48","guid":{"rendered":"https:\/\/blog.tmgrupoinmobiliario.com\/sv\/?p=17794"},"modified":"2025-03-31T11:57:48","modified_gmt":"2025-03-31T09:57:48","slug":"6-planer-for-denna-var-i-valencia","status":"publish","type":"post","link":"https:\/\/blog.tmgrupoinmobiliario.com\/sv\/2025\/03\/31\/6-planer-for-denna-var-i-valencia\/","title":{"rendered":"6 planer f\u00f6r denna v\u00e5r i Valencia"},"content":{"rendered":"<h2><\/h2>\n<h4><span style=\"color: #ff0000\"><strong>Cykla genom Turia-tr\u00e4dg\u00e5rden<\/strong><\/span><\/h4>\n<p>Turia-tr\u00e4dg\u00e5rden, som str\u00e4cker sig genom hela Valencia, \u00e4r stadens gr\u00f6na lungor och ett av de b\u00e4sta st\u00e4llena att njuta av en luftslagen promenad under v\u00e5ren. Cykeluthyrning finns tillg\u00e4nglig p\u00e5 flera st\u00e4llen l\u00e4ngs tr\u00e4dg\u00e5rden, vilket g\u00f6r att du kan ta dig fr\u00e5n ena \u00e4nden till den andra av detta omr\u00e5de fullt av vackra tr\u00e4dg\u00e5rdar, font\u00e4ner och skuggiga viloplatser. Cykelturen tar dig f\u00f6rbi platser som Bioparc, Palau de la M\u00fasica och Hemisf\u00e9rico, samtidigt som du kan beundra den frodiga vegetationen som blomstrar just nu. Ett perfekt s\u00e4tt att koppla av i naturen!<\/p>\n<h4><span style=\"color: #ff0000\"><strong>Njut av Malvarrosas strand<\/strong><\/span><\/h4>\n<p>Malvarrosas strand \u00e4r en av Valentias mest ikoniska platser och under v\u00e5ren \u00e4r den idealisk f\u00f6r att f\u00e5nga solens v\u00e4rmande str\u00e5lar. Temperaturerna \u00e4r under denna s\u00e4song perfekta f\u00f6r att ta en promenad l\u00e4ngs vattnet eller v\u00e5ga dig ut i en uppfriskande dopp i havet. Dessutom bjuder de charmiga strandkioskerna p\u00e5 lokala r\u00e4tter, exempelvis paella och tapas, vilket ger dig m\u00f6jlighet att f\u00f6rl\u00e4gga smaker fr\u00e5n regionens kulinariska arv medan du njuter av den vidstr\u00e4ckta havsutsikten.<\/p>\n<h4><span style=\"color: #ff0000\"><strong>Uppt\u00e4ck Konst- och Vetenskapsstaden<\/strong><\/span><\/h4>\n<p>Valentias Konst- och Vetenskapsstad \u00e4r en av stadens fr\u00e4msta turistattraktioner. Under v\u00e5ren kan du vandra genom dess imponerande utomhusstrukturer som Hemisf\u00e9rico, bron till l\u2019Oceanogr\u00e0fic och \u00c1gora, samtidigt som du f\u00f6rundras \u00f6ver den omgivande naturens prakt. Dessutom vaknar de omgivande tr\u00e4dg\u00e5rdarna till liv med en explosion av f\u00e4rger under denna tid. Om du \u00e4r en \u00e4lskare av arkitektur och konst, \u00e4r detta ett m\u00e5ste p\u00e5 din lista.<\/p>\n<h4><span style=\"color: #ff0000\"><strong>Utforska Monforte-tr\u00e4dg\u00e5rdarna<\/strong><\/span><\/h4>\n<p>Om du s\u00f6ker en lugn och vacker oas, \u00e4r Monforte-tr\u00e4dg\u00e5rdarna ett sj\u00e4lvklart stopp p\u00e5 v\u00e4gen. Bel\u00e4gna n\u00e4ra Valentias centrum kommer dessa neoklassiska tr\u00e4dg\u00e5rdar att f\u00f6rbluffa dig med sina eleganta font\u00e4ner, skulpturer och den rika vegetationen som n\u00e5r sin fulla prakt under v\u00e5ren. Det \u00e4r en idealisk plats f\u00f6r en avkopplande promenad, f\u00f6r att ladda batterierna eller f\u00f6r att ha en charmig picknick omgiven av blomstrande v\u00e4xter och v\u00e4lsk\u00f6tta tr\u00e4dg\u00e5rdar.<\/p>\n<h4><span style=\"color: #ff0000\"><strong>Smaka p\u00e5 gastronomin p\u00e5 Valencias Centralmarknad<\/strong><\/span><\/h4>\n<p>F\u00f6r gastronomi\u00e4lskare \u00e4r Centralmarknaden ett m\u00e5ste f\u00f6r att prova s\u00e4songens f\u00e4rska produkter, s\u00e5som frukter, gr\u00f6nsaker, fisk, k\u00f6tt, saltade produkter och charkuterier. Ut\u00f6ver att strosa bland de f\u00e4rgglada st\u00e5nden kan du \u00e4ven avnjuta lokala delikatesser som horchata, paella eller sniglar. Ett utm\u00e4rkt s\u00e4tt att f\u00f6rdjupa dig i den valencianska kulinariska kulturen och kanske ta med dig n\u00e5gra typiska produkter som ett minne av din vistelse.<\/p>\n<h4><span style=\"color: #ff0000\"><strong>Uppt\u00e4ck Carmen-kvarteret<\/strong><\/span><\/h4>\n<p>Carmen-kvarteret \u00e4r ett av Valentias mest karakt\u00e4rsfulla omr\u00e5den, k\u00e4nt f\u00f6r sina smala gr\u00e4nder fyllda av historia, konst och liv. Under v\u00e5ren \u00e4r v\u00e4dret perfekt f\u00f6r att promenera genom dess gator och beundra de m\u00e5nga gatukonst-murmurerna, de gamla kyrkorna och de pittoreska torgen som bidrar till kvarterets charm. Dessutom finns det ett brett utbud av barer och kaf\u00e9er d\u00e4r du kan njuta av tapas, cocktails eller ett gott kaffe p\u00e5 en terrass. Carmen-kvarteret passar perfekt f\u00f6r den som vill sugas in i den lokala atmosf\u00e4ren och uppt\u00e4cka dolda p\u00e4rlor.<\/p>\n<h4><span style=\"color: #ff0000\"><strong>Upplev Valencia denna v\u00e5r!<\/strong><\/span><\/h4>\n<p>Som du sett har Valencia mycket att erbjuda \u2013 en rik kultur och gastronomi, gr\u00f6na parker och n\u00e4rheten till havet. Valencia inbjuder dig att uppleva v\u00e5ren p\u00e5 ett unikt och oslagbart s\u00e4tt med sitt spektakul\u00e4ra klimat. Njut av denna magnifika stad under en helg i v\u00e5rens tecken!<\/p>\n<p>&nbsp;<\/p>\n","protected":false},"excerpt":{"rendered":"<p>Cykla genom Turia-tr\u00e4dg\u00e5rden Turia-tr\u00e4dg\u00e5rden, som str\u00e4cker sig genom hela Valencia, \u00e4r stadens gr\u00f6na lungor och ett av de b\u00e4sta st\u00e4llena att njuta av en luftslagen promenad under v\u00e5ren. Cykeluthyrning finns tillg\u00e4nglig p\u00e5 flera st\u00e4llen l\u00e4ngs tr\u00e4dg\u00e5rden, vilket g\u00f6r att du kan ta dig fr\u00e5n ena \u00e4nden till den andra av detta omr\u00e5de fullt av vackra [&hellip;]<\/p>\n","protected":false},"author":11729,"featured_media":17796,"comment_status":"open","ping_status":"open","sticky":false,"template":"","format":"standard","meta":{"_jetpack_memberships_contains_paid_content":false,"footnotes":""},"categories":[485],"tags":[680,681,679,437,557,682],"class_list":["post-17794","post","type-post","status-publish","format-standard","has-post-thumbnail","hentry","category-din-semester","tag-jardin-del-turia","tag-malvarrosas-strand","tag-planner-valencia","tag-tm-real-estate-group-en","tag-valencia","tag-valencias-centralmarknad","formato-blog"],"better_featured_image":{"id":17796,"alt_text":"6 planer f\u00f6r denna v\u00e5r i Valencia","caption":"","description":"","media_type":"image","media_details":{"width":1000,"height":666,"file":"2025\/03\/6-planes-para-esta-primavera-en-Valencia-1.jpg","filesize":227314,"sizes":{},"image_meta":{"aperture":"0","credit":"","camera":"","caption":"","created_timestamp":"0","copyright":"","focal_length":"0","iso":"0","shutter_speed":"0","title":"","orientation":"1","keywords":[]}},"post":17794,"source_url":"https:\/\/blog.tmgrupoinmobiliario.com\/sv\/wp-content\/uploads\/sites\/6\/2025\/03\/6-planes-para-esta-primavera-en-Valencia-1.jpg"},"acf":{"imagen_destacada_desktop":"https:\/\/blog.tmgrupoinmobiliario.com\/sv\/wp-content\/uploads\/sites\/6\/2025\/03\/6-planes-para-esta-primavera-en-Valencia.jpg","imagen_destacada_mobile":"https:\/\/blog.tmgrupoinmobiliario.com\/sv\/wp-content\/uploads\/sites\/6\/2025\/03\/6-planes-para-esta-primavera-en-Valencia-2.jpg","formato":{"term_id":484,"name":"Blog","slug":"blog","term_group":0,"term_taxonomy_id":484,"taxonomy":"formato","description":"","parent":0,"count":74,"filter":"raw"},"entradilla":"V\u00e5ren \u00e4r redan h\u00e4r och Valencia \u00e4r ett av de ideala resm\u00e5len f\u00f6r att njuta av behagligt v\u00e4der, en rik kultur och uts\u00f6kt gastronomi. Denna medelhavsstad erbjuder ett brett utbud av aktiviteter som \u00e4r perfekta f\u00f6r att omfamna solens str\u00e5lar, de vibrerande f\u00e4rgerna och de f\u00f6rf\u00f6riska dofterna som fyller luften denna s\u00e4song. Vi presenterar sex planer i Valencia som du inte f\u00e5r missa.","etiquetas":"","cabecera_escritorio":"https:\/\/blog.tmgrupoinmobiliario.com\/sv\/wp-content\/uploads\/sites\/6\/2025\/03\/6-planes-para-esta-primavera-en-Valencia-4.jpg","cabecera_mobile":"https:\/\/blog.tmgrupoinmobiliario.com\/sv\/wp-content\/uploads\/sites\/6\/2025\/03\/6-planes-para-esta-primavera-en-Valencia-3.jpg","galeria":false},"yoast_head":"<!-- This site is optimized with the Yoast SEO Premium plugin v23.6 (Yoast SEO v27.5) - https:\/\/yoast.com\/product\/yoast-seo-premium-wordpress\/ -->\n<title>6 planer f\u00f6r denna v\u00e5r i Valencia - Svenska<\/title>\n<meta name=\"description\" content=\"V\u00e5ren \u00e4r redan h\u00e4r och Valencia \u00e4r ett av de ideala resm\u00e5len f\u00f6r att njuta av behagligt v\u00e4der, en rik kultur och uts\u00f6kt gastronomi. Vi presenterar sex planer i Valencia som du inte f\u00e5r missa.\" \/>\n<meta name=\"robots\" content=\"index, follow, max-snippet:-1, max-image-preview:large, max-video-preview:-1\" \/>\n<link rel=\"canonical\" href=\"https:\/\/blog.tmgrupoinmobiliario.com\/sv\/2025\/03\/31\/6-planer-for-denna-var-i-valencia\/\" \/>\n<meta property=\"og:locale\" content=\"sv_SE\" \/>\n<meta property=\"og:type\" content=\"article\" \/>\n<meta property=\"og:title\" content=\"6 planer f\u00f6r denna v\u00e5r i Valencia\" \/>\n<meta property=\"og:description\" content=\"V\u00e5ren \u00e4r redan h\u00e4r och Valencia \u00e4r ett av de ideala resm\u00e5len f\u00f6r att njuta av behagligt v\u00e4der, en rik kultur och uts\u00f6kt gastronomi. Vi presenterar sex planer i Valencia som du inte f\u00e5r missa.\" \/>\n<meta property=\"og:url\" content=\"https:\/\/blog.tmgrupoinmobiliario.com\/sv\/2025\/03\/31\/6-planer-for-denna-var-i-valencia\/\" \/>\n<meta property=\"og:site_name\" content=\"Svenska\" \/>\n<meta property=\"article:published_time\" content=\"2025-03-31T09:57:48+00:00\" \/>\n<meta property=\"og:image\" content=\"https:\/\/blog.tmgrupoinmobiliario.com\/sv\/wp-content\/uploads\/sites\/6\/2025\/03\/6-planes-para-esta-primavera-en-Valencia-1.jpg\" \/>\n\t<meta property=\"og:image:width\" content=\"1000\" \/>\n\t<meta property=\"og:image:height\" content=\"666\" \/>\n\t<meta property=\"og:image:type\" content=\"image\/jpeg\" \/>\n<meta name=\"author\" content=\"indira\" \/>\n<meta name=\"twitter:card\" content=\"summary_large_image\" \/>\n<meta name=\"twitter:label1\" content=\"Skriven av\" \/>\n\t<meta name=\"twitter:data1\" content=\"indira\" \/>\n\t<meta name=\"twitter:label2\" content=\"Ber\u00e4knad l\u00e4stid\" \/>\n\t<meta name=\"twitter:data2\" content=\"3 minuter\" \/>\n<script type=\"application\/ld+json\" class=\"yoast-schema-graph\">{\"@context\":\"https:\\\/\\\/schema.org\",\"@graph\":[{\"@type\":\"Article\",\"@id\":\"https:\\\/\\\/blog.tmgrupoinmobiliario.com\\\/sv\\\/2025\\\/03\\\/31\\\/6-planer-for-denna-var-i-valencia\\\/#article\",\"isPartOf\":{\"@id\":\"https:\\\/\\\/blog.tmgrupoinmobiliario.com\\\/sv\\\/2025\\\/03\\\/31\\\/6-planer-for-denna-var-i-valencia\\\/\"},\"author\":{\"name\":\"indira\",\"@id\":\"https:\\\/\\\/blog.tmgrupoinmobiliario.com\\\/sv\\\/#\\\/schema\\\/person\\\/bbbac745abadad64177a5ee6a73cbf7c\"},\"headline\":\"6 planer f\u00f6r denna v\u00e5r i Valencia\",\"datePublished\":\"2025-03-31T09:57:48+00:00\",\"mainEntityOfPage\":{\"@id\":\"https:\\\/\\\/blog.tmgrupoinmobiliario.com\\\/sv\\\/2025\\\/03\\\/31\\\/6-planer-for-denna-var-i-valencia\\\/\"},\"wordCount\":643,\"commentCount\":0,\"image\":{\"@id\":\"https:\\\/\\\/blog.tmgrupoinmobiliario.com\\\/sv\\\/2025\\\/03\\\/31\\\/6-planer-for-denna-var-i-valencia\\\/#primaryimage\"},\"thumbnailUrl\":\"https:\\\/\\\/blog.tmgrupoinmobiliario.com\\\/sv\\\/wp-content\\\/uploads\\\/sites\\\/6\\\/2025\\\/03\\\/6-planes-para-esta-primavera-en-Valencia-1.jpg\",\"keywords\":[\"Jard\u00edn del Turia\",\"Malvarrosas Strand\",\"planner Valencia\",\"TM Real Estate Group\",\"Valencia\",\"Valencias Centralmarknad\"],\"articleSection\":[\"Din semester\"],\"inLanguage\":\"sv-SE\",\"potentialAction\":[{\"@type\":\"CommentAction\",\"name\":\"Comment\",\"target\":[\"https:\\\/\\\/blog.tmgrupoinmobiliario.com\\\/sv\\\/2025\\\/03\\\/31\\\/6-planer-for-denna-var-i-valencia\\\/#respond\"]}]},{\"@type\":\"WebPage\",\"@id\":\"https:\\\/\\\/blog.tmgrupoinmobiliario.com\\\/sv\\\/2025\\\/03\\\/31\\\/6-planer-for-denna-var-i-valencia\\\/\",\"url\":\"https:\\\/\\\/blog.tmgrupoinmobiliario.com\\\/sv\\\/2025\\\/03\\\/31\\\/6-planer-for-denna-var-i-valencia\\\/\",\"name\":\"6 planer f\u00f6r denna v\u00e5r i Valencia - Svenska\",\"isPartOf\":{\"@id\":\"https:\\\/\\\/blog.tmgrupoinmobiliario.com\\\/sv\\\/#website\"},\"primaryImageOfPage\":{\"@id\":\"https:\\\/\\\/blog.tmgrupoinmobiliario.com\\\/sv\\\/2025\\\/03\\\/31\\\/6-planer-for-denna-var-i-valencia\\\/#primaryimage\"},\"image\":{\"@id\":\"https:\\\/\\\/blog.tmgrupoinmobiliario.com\\\/sv\\\/2025\\\/03\\\/31\\\/6-planer-for-denna-var-i-valencia\\\/#primaryimage\"},\"thumbnailUrl\":\"https:\\\/\\\/blog.tmgrupoinmobiliario.com\\\/sv\\\/wp-content\\\/uploads\\\/sites\\\/6\\\/2025\\\/03\\\/6-planes-para-esta-primavera-en-Valencia-1.jpg\",\"datePublished\":\"2025-03-31T09:57:48+00:00\",\"author\":{\"@id\":\"https:\\\/\\\/blog.tmgrupoinmobiliario.com\\\/sv\\\/#\\\/schema\\\/person\\\/bbbac745abadad64177a5ee6a73cbf7c\"},\"description\":\"V\u00e5ren \u00e4r redan h\u00e4r och Valencia \u00e4r ett av de ideala resm\u00e5len f\u00f6r att njuta av behagligt v\u00e4der, en rik kultur och uts\u00f6kt gastronomi. Vi presenterar sex planer i Valencia som du inte f\u00e5r missa.\",\"breadcrumb\":{\"@id\":\"https:\\\/\\\/blog.tmgrupoinmobiliario.com\\\/sv\\\/2025\\\/03\\\/31\\\/6-planer-for-denna-var-i-valencia\\\/#breadcrumb\"},\"inLanguage\":\"sv-SE\",\"potentialAction\":[{\"@type\":\"ReadAction\",\"target\":[\"https:\\\/\\\/blog.tmgrupoinmobiliario.com\\\/sv\\\/2025\\\/03\\\/31\\\/6-planer-for-denna-var-i-valencia\\\/\"]}]},{\"@type\":\"ImageObject\",\"inLanguage\":\"sv-SE\",\"@id\":\"https:\\\/\\\/blog.tmgrupoinmobiliario.com\\\/sv\\\/2025\\\/03\\\/31\\\/6-planer-for-denna-var-i-valencia\\\/#primaryimage\",\"url\":\"https:\\\/\\\/blog.tmgrupoinmobiliario.com\\\/sv\\\/wp-content\\\/uploads\\\/sites\\\/6\\\/2025\\\/03\\\/6-planes-para-esta-primavera-en-Valencia-1.jpg\",\"contentUrl\":\"https:\\\/\\\/blog.tmgrupoinmobiliario.com\\\/sv\\\/wp-content\\\/uploads\\\/sites\\\/6\\\/2025\\\/03\\\/6-planes-para-esta-primavera-en-Valencia-1.jpg\",\"width\":1000,\"height\":666,\"caption\":\"6 planer f\u00f6r denna v\u00e5r i Valencia\"},{\"@type\":\"BreadcrumbList\",\"@id\":\"https:\\\/\\\/blog.tmgrupoinmobiliario.com\\\/sv\\\/2025\\\/03\\\/31\\\/6-planer-for-denna-var-i-valencia\\\/#breadcrumb\",\"itemListElement\":[{\"@type\":\"ListItem\",\"position\":1,\"name\":\"Portada\",\"item\":\"https:\\\/\\\/blog.tmgrupoinmobiliario.com\\\/sv\\\/\"},{\"@type\":\"ListItem\",\"position\":2,\"name\":\"6 planer f\u00f6r denna v\u00e5r i Valencia\"}]},{\"@type\":\"WebSite\",\"@id\":\"https:\\\/\\\/blog.tmgrupoinmobiliario.com\\\/sv\\\/#website\",\"url\":\"https:\\\/\\\/blog.tmgrupoinmobiliario.com\\\/sv\\\/\",\"name\":\"Svenska\",\"description\":\"Otro sitio m\u00e1s de Blog Desarrollo TM sitios\",\"potentialAction\":[{\"@type\":\"SearchAction\",\"target\":{\"@type\":\"EntryPoint\",\"urlTemplate\":\"https:\\\/\\\/blog.tmgrupoinmobiliario.com\\\/sv\\\/?s={search_term_string}\"},\"query-input\":{\"@type\":\"PropertyValueSpecification\",\"valueRequired\":true,\"valueName\":\"search_term_string\"}}],\"inLanguage\":\"sv-SE\"},{\"@type\":\"Person\",\"@id\":\"https:\\\/\\\/blog.tmgrupoinmobiliario.com\\\/sv\\\/#\\\/schema\\\/person\\\/bbbac745abadad64177a5ee6a73cbf7c\",\"name\":\"indira\",\"image\":{\"@type\":\"ImageObject\",\"inLanguage\":\"sv-SE\",\"@id\":\"https:\\\/\\\/secure.gravatar.com\\\/avatar\\\/e9bcc7a0bb2179240c56a1875899ce9a1dfa15d5b7527f71259eaee6010d7203?s=96&d=mm&r=g\",\"url\":\"https:\\\/\\\/secure.gravatar.com\\\/avatar\\\/e9bcc7a0bb2179240c56a1875899ce9a1dfa15d5b7527f71259eaee6010d7203?s=96&d=mm&r=g\",\"contentUrl\":\"https:\\\/\\\/secure.gravatar.com\\\/avatar\\\/e9bcc7a0bb2179240c56a1875899ce9a1dfa15d5b7527f71259eaee6010d7203?s=96&d=mm&r=g\",\"caption\":\"indira\"},\"url\":\"https:\\\/\\\/blog.tmgrupoinmobiliario.com\\\/sv\\\/author\\\/indira\\\/\"}]}<\/script>\n<!-- \/ Yoast SEO Premium plugin. -->","yoast_head_json":{"title":"6 planer f\u00f6r denna v\u00e5r i Valencia - Svenska","description":"V\u00e5ren \u00e4r redan h\u00e4r och Valencia \u00e4r ett av de ideala resm\u00e5len f\u00f6r att njuta av behagligt v\u00e4der, en rik kultur och uts\u00f6kt gastronomi. Vi presenterar sex planer i Valencia som du inte f\u00e5r missa.","robots":{"index":"index","follow":"follow","max-snippet":"max-snippet:-1","max-image-preview":"max-image-preview:large","max-video-preview":"max-video-preview:-1"},"canonical":"https:\/\/blog.tmgrupoinmobiliario.com\/sv\/2025\/03\/31\/6-planer-for-denna-var-i-valencia\/","og_locale":"sv_SE","og_type":"article","og_title":"6 planer f\u00f6r denna v\u00e5r i Valencia","og_description":"V\u00e5ren \u00e4r redan h\u00e4r och Valencia \u00e4r ett av de ideala resm\u00e5len f\u00f6r att njuta av behagligt v\u00e4der, en rik kultur och uts\u00f6kt gastronomi. Vi presenterar sex planer i Valencia som du inte f\u00e5r missa.","og_url":"https:\/\/blog.tmgrupoinmobiliario.com\/sv\/2025\/03\/31\/6-planer-for-denna-var-i-valencia\/","og_site_name":"Svenska","article_published_time":"2025-03-31T09:57:48+00:00","og_image":[{"width":1000,"height":666,"url":"https:\/\/blog.tmgrupoinmobiliario.com\/sv\/wp-content\/uploads\/sites\/6\/2025\/03\/6-planes-para-esta-primavera-en-Valencia-1.jpg","type":"image\/jpeg"}],"author":"indira","twitter_card":"summary_large_image","twitter_misc":{"Skriven av":"indira","Ber\u00e4knad l\u00e4stid":"3 minuter"},"schema":{"@context":"https:\/\/schema.org","@graph":[{"@type":"Article","@id":"https:\/\/blog.tmgrupoinmobiliario.com\/sv\/2025\/03\/31\/6-planer-for-denna-var-i-valencia\/#article","isPartOf":{"@id":"https:\/\/blog.tmgrupoinmobiliario.com\/sv\/2025\/03\/31\/6-planer-for-denna-var-i-valencia\/"},"author":{"name":"indira","@id":"https:\/\/blog.tmgrupoinmobiliario.com\/sv\/#\/schema\/person\/bbbac745abadad64177a5ee6a73cbf7c"},"headline":"6 planer f\u00f6r denna v\u00e5r i Valencia","datePublished":"2025-03-31T09:57:48+00:00","mainEntityOfPage":{"@id":"https:\/\/blog.tmgrupoinmobiliario.com\/sv\/2025\/03\/31\/6-planer-for-denna-var-i-valencia\/"},"wordCount":643,"commentCount":0,"image":{"@id":"https:\/\/blog.tmgrupoinmobiliario.com\/sv\/2025\/03\/31\/6-planer-for-denna-var-i-valencia\/#primaryimage"},"thumbnailUrl":"https:\/\/blog.tmgrupoinmobiliario.com\/sv\/wp-content\/uploads\/sites\/6\/2025\/03\/6-planes-para-esta-primavera-en-Valencia-1.jpg","keywords":["Jard\u00edn del Turia","Malvarrosas Strand","planner Valencia","TM Real Estate Group","Valencia","Valencias Centralmarknad"],"articleSection":["Din semester"],"inLanguage":"sv-SE","potentialAction":[{"@type":"CommentAction","name":"Comment","target":["https:\/\/blog.tmgrupoinmobiliario.com\/sv\/2025\/03\/31\/6-planer-for-denna-var-i-valencia\/#respond"]}]},{"@type":"WebPage","@id":"https:\/\/blog.tmgrupoinmobiliario.com\/sv\/2025\/03\/31\/6-planer-for-denna-var-i-valencia\/","url":"https:\/\/blog.tmgrupoinmobiliario.com\/sv\/2025\/03\/31\/6-planer-for-denna-var-i-valencia\/","name":"6 planer f\u00f6r denna v\u00e5r i Valencia - Svenska","isPartOf":{"@id":"https:\/\/blog.tmgrupoinmobiliario.com\/sv\/#website"},"primaryImageOfPage":{"@id":"https:\/\/blog.tmgrupoinmobiliario.com\/sv\/2025\/03\/31\/6-planer-for-denna-var-i-valencia\/#primaryimage"},"image":{"@id":"https:\/\/blog.tmgrupoinmobiliario.com\/sv\/2025\/03\/31\/6-planer-for-denna-var-i-valencia\/#primaryimage"},"thumbnailUrl":"https:\/\/blog.tmgrupoinmobiliario.com\/sv\/wp-content\/uploads\/sites\/6\/2025\/03\/6-planes-para-esta-primavera-en-Valencia-1.jpg","datePublished":"2025-03-31T09:57:48+00:00","author":{"@id":"https:\/\/blog.tmgrupoinmobiliario.com\/sv\/#\/schema\/person\/bbbac745abadad64177a5ee6a73cbf7c"},"description":"V\u00e5ren \u00e4r redan h\u00e4r och Valencia \u00e4r ett av de ideala resm\u00e5len f\u00f6r att njuta av behagligt v\u00e4der, en rik kultur och uts\u00f6kt gastronomi. Vi presenterar sex planer i Valencia som du inte f\u00e5r missa.","breadcrumb":{"@id":"https:\/\/blog.tmgrupoinmobiliario.com\/sv\/2025\/03\/31\/6-planer-for-denna-var-i-valencia\/#breadcrumb"},"inLanguage":"sv-SE","potentialAction":[{"@type":"ReadAction","target":["https:\/\/blog.tmgrupoinmobiliario.com\/sv\/2025\/03\/31\/6-planer-for-denna-var-i-valencia\/"]}]},{"@type":"ImageObject","inLanguage":"sv-SE","@id":"https:\/\/blog.tmgrupoinmobiliario.com\/sv\/2025\/03\/31\/6-planer-for-denna-var-i-valencia\/#primaryimage","url":"https:\/\/blog.tmgrupoinmobiliario.com\/sv\/wp-content\/uploads\/sites\/6\/2025\/03\/6-planes-para-esta-primavera-en-Valencia-1.jpg","contentUrl":"https:\/\/blog.tmgrupoinmobiliario.com\/sv\/wp-content\/uploads\/sites\/6\/2025\/03\/6-planes-para-esta-primavera-en-Valencia-1.jpg","width":1000,"height":666,"caption":"6 planer f\u00f6r denna v\u00e5r i Valencia"},{"@type":"BreadcrumbList","@id":"https:\/\/blog.tmgrupoinmobiliario.com\/sv\/2025\/03\/31\/6-planer-for-denna-var-i-valencia\/#breadcrumb","itemListElement":[{"@type":"ListItem","position":1,"name":"Portada","item":"https:\/\/blog.tmgrupoinmobiliario.com\/sv\/"},{"@type":"ListItem","position":2,"name":"6 planer f\u00f6r denna v\u00e5r i Valencia"}]},{"@type":"WebSite","@id":"https:\/\/blog.tmgrupoinmobiliario.com\/sv\/#website","url":"https:\/\/blog.tmgrupoinmobiliario.com\/sv\/","name":"Svenska","description":"Otro sitio m\u00e1s de Blog Desarrollo TM sitios","potentialAction":[{"@type":"SearchAction","target":{"@type":"EntryPoint","urlTemplate":"https:\/\/blog.tmgrupoinmobiliario.com\/sv\/?s={search_term_string}"},"query-input":{"@type":"PropertyValueSpecification","valueRequired":true,"valueName":"search_term_string"}}],"inLanguage":"sv-SE"},{"@type":"Person","@id":"https:\/\/blog.tmgrupoinmobiliario.com\/sv\/#\/schema\/person\/bbbac745abadad64177a5ee6a73cbf7c","name":"indira","image":{"@type":"ImageObject","inLanguage":"sv-SE","@id":"https:\/\/secure.gravatar.com\/avatar\/e9bcc7a0bb2179240c56a1875899ce9a1dfa15d5b7527f71259eaee6010d7203?s=96&d=mm&r=g","url":"https:\/\/secure.gravatar.com\/avatar\/e9bcc7a0bb2179240c56a1875899ce9a1dfa15d5b7527f71259eaee6010d7203?s=96&d=mm&r=g","contentUrl":"https:\/\/secure.gravatar.com\/avatar\/e9bcc7a0bb2179240c56a1875899ce9a1dfa15d5b7527f71259eaee6010d7203?s=96&d=mm&r=g","caption":"indira"},"url":"https:\/\/blog.tmgrupoinmobiliario.com\/sv\/author\/indira\/"}]}},"jetpack_featured_media_url":"https:\/\/blog.tmgrupoinmobiliario.com\/sv\/wp-content\/uploads\/sites\/6\/2025\/03\/6-planes-para-esta-primavera-en-Valencia-1.jpg","jetpack_sharing_enabled":true,"_links":{"self":[{"href":"https:\/\/blog.tmgrupoinmobiliario.com\/sv\/wp-json\/wp\/v2\/posts\/17794","targetHints":{"allow":["GET"]}}],"collection":[{"href":"https:\/\/blog.tmgrupoinmobiliario.com\/sv\/wp-json\/wp\/v2\/posts"}],"about":[{"href":"https:\/\/blog.tmgrupoinmobiliario.com\/sv\/wp-json\/wp\/v2\/types\/post"}],"author":[{"embeddable":true,"href":"https:\/\/blog.tmgrupoinmobiliario.com\/sv\/wp-json\/wp\/v2\/users\/11729"}],"replies":[{"embeddable":true,"href":"https:\/\/blog.tmgrupoinmobiliario.com\/sv\/wp-json\/wp\/v2\/comments?post=17794"}],"version-history":[{"count":2,"href":"https:\/\/blog.tmgrupoinmobiliario.com\/sv\/wp-json\/wp\/v2\/posts\/17794\/revisions"}],"predecessor-version":[{"id":17801,"href":"https:\/\/blog.tmgrupoinmobiliario.com\/sv\/wp-json\/wp\/v2\/posts\/17794\/revisions\/17801"}],"wp:featuredmedia":[{"embeddable":true,"href":"https:\/\/blog.tmgrupoinmobiliario.com\/sv\/wp-json\/wp\/v2\/media\/17796"}],"wp:attachment":[{"href":"https:\/\/blog.tmgrupoinmobiliario.com\/sv\/wp-json\/wp\/v2\/media?parent=17794"}],"wp:term":[{"taxonomy":"category","embeddable":true,"href":"https:\/\/blog.tmgrupoinmobiliario.com\/sv\/wp-json\/wp\/v2\/categories?post=17794"},{"taxonomy":"post_tag","embeddable":true,"href":"https:\/\/blog.tmgrupoinmobiliario.com\/sv\/wp-json\/wp\/v2\/tags?post=17794"}],"curies":[{"name":"wp","href":"https:\/\/api.w.org\/{rel}","templated":true}]}}