{"id":17782,"date":"2025-03-13T10:04:43","date_gmt":"2025-03-13T09:04:43","guid":{"rendered":"https:\/\/blog.tmgrupoinmobiliario.com\/sv\/?p=17782"},"modified":"2025-03-13T10:22:08","modified_gmt":"2025-03-13T09:22:08","slug":"azure-icons-by-tm-medelhavet-en-del-av-ditt-nya-hem","status":"publish","type":"post","link":"https:\/\/blog.tmgrupoinmobiliario.com\/sv\/2025\/03\/13\/azure-icons-by-tm-medelhavet-en-del-av-ditt-nya-hem\/","title":{"rendered":"Azure Icons by TM: Medelhavet, en del av ditt nya hem"},"content":{"rendered":"<p>&nbsp;<\/p>\n<h4><span style=\"color: #ff0000\"><strong>Azure Icons by TM, i f\u00f6rsta ledet p\u00e5 La Fossa-stranden i Calpe<\/strong><\/span><\/h4>\n<p>Bostadsomr\u00e5det Azure Icons by TM har en privilegierad l\u00e4ge, direkt vid La Fossa-stranden i Calpe. Den fantastiska placeringen erbjuder enast\u00e5ende utsikt \u00f6ver Ifach-klippan, Medelhavet och Calpe salt\u00e4ngar.<\/p>\n<p>Azure Icons by TM har tv\u00e5 g\u00e5ngtillg\u00e5ngar, en via Avenida Juan Carlos I och en fr\u00e5n samma strandpromenad vid La Fossa-stranden. Tv\u00e5 torn med 18 v\u00e5ningar och magnifika utsikter: fr\u00e5n ditt hem kan du blicka ut \u00f6ver Medelhavet och h\u00f6ra havsbrisen under de lugnaste kv\u00e4llarna.<\/p>\n<p>Bostadsomr\u00e5det best\u00e5r av 72 bost\u00e4der: l\u00e4genheter med 1, 2 och 3 sovrum samt 1, 2 och 3 badrum och duplex-ombud med 3 sovrum solarium och 3 badrum. Alla bost\u00e4der i block 1 erbjuder utsikt \u00f6ver havet och Ifach-klippan medan block 2, f\u00f6rutom dessa vyer, \u00e4ven har utsikt \u00f6ver Calpe salt\u00e4ngar.<\/p>\n<p>De gemensamma utrymmena best\u00e5r av: en uppv\u00e4rmd infinitypool f\u00f6r vuxna med havsutsikt; en uppv\u00e4rmd barnpool; 2 uppv\u00e4rmda jacuzzi integrerade i vuxenpoolen; strandpool med duschzon, solstolar och parasoller; ett panoramiskt gym med havsutsikt och poolernas utsikt, inkluderande utrustning f\u00f6r kondition, styrka och flexibilitet; bastu med dusch, sk\u00e5p, omkl\u00e4dningsrum, toaletter och duschar; ett lekomr\u00e5de f\u00f6r barn med gungor, rutschkanor och tr\u00e4hus; ett ute\u00f6vningsomr\u00e5de utrustat f\u00f6r kalistenik och maskiner som station\u00e4r cykel, br\u00f6st\u00f6vningar och flygande \u00f6vningar.<\/p>\n<p>Dessutom har urbaniseringen en kontrollvaktstation f\u00f6r fotg\u00e4ngare, bel\u00e4gen n\u00e4ra strandpromenadens ing\u00e5ng; den \u00e4r inh\u00e4gnad med mur och l\u00e5ssystem, s\u00e4kerhetssystem, \u00f6vervakningskameror och videointerkom.<\/p>\n<h4><span style=\"color: #ff0000\"><strong>Azure Icons by TM: l\u00e4genheter och duplex-ombud med solarium<\/strong><\/span><\/h4>\n<p>Bost\u00e4derna har rymliga terrasser med r\u00e4cken i gr\u00e5a och vita toner som kontrasterar mot havets och sandens f\u00e4rger. D\u00e4rmed \u00e4r de huvudsakliga rummen mycket ljusa tack vare stora balkonger och terrasser med glastak, liksom mycket rymliga och svala.<\/p>\n<p>Du kan v\u00e4lja mellan en varierad typologi av bost\u00e4der, med sydostlig orientering och korsventilation:<\/p>\n<ul>\n<li>L\u00e4genheter med 1 sovrum och 1 badrum.<\/li>\n<li>L\u00e4genheter med 2 sovrum och 2 badrum.<\/li>\n<li>L\u00e4genheter med 3 sovrum och 3 badrum.<\/li>\n<li>Duplex-ombud med 3 sovrum solarium och 3 badrum.<\/li>\n<\/ul>\n<p>L\u00e4genheterna har Excellence-kvaliteter som inkluderar motoriserade rullgardiner i vardagsrummet och huvud sovrummet samt motoriserade persienner i \u00f6vriga sovrum; milj\u00f6v\u00e4nliga kranar; elektrisk golvv\u00e4rme i badrummen; kanalsystem f\u00f6r luftkonditionering i hela bostaden; varmvatten via v\u00e4rmepump med aerotermi och LED-belysning under h\u00f6ga k\u00f6ksm\u00f6bler.<\/p>\n<p>Duplex-ombud med solarium har Premium-kvaliteter med bubbelpool i sj\u00e4lva solariummet, bardisk med arbetsb\u00e4nk, dusch och eluttag f\u00f6r TV och belysning; uppv\u00e4rmning via golvv\u00e4rme; individuell temperaturkontroll per rum; hemautomation med appstyrning; installation av larm och s\u00e4kerhetskamera; k\u00f6k med italiensk design och h\u00f6gklassiga vitvaror samt sanitetsarmaturer fr\u00e5n Villeroy &amp; Boch och Hansgrohe i badrummen.<\/p>\n<p>Alla bost\u00e4der har en parkeringsplats och ett f\u00f6rr\u00e5d, b\u00e5da i k\u00e4llaren; duplex-ombuden har tv\u00e5 parkeringsplatser inkluderade.<\/p>\n<h4><span style=\"color: #ff0000\"><strong>Omgivning<\/strong><\/span><\/h4>\n<p>Calpe \u00e4r ett av de favoritm\u00e5len i Valencianska samh\u00e4llet tack vare sina str\u00e4nder, tj\u00e4nster, sporterbjudanden, gastronomi och n\u00f6jen\u2026 Calpe historiska centrum \u00e4r k\u00e4nt f\u00f6r sina smala gator och traditionella hus d\u00e4r du kan beundra arkitekturen, bes\u00f6ka Iglesia Vieja, Mercado de Abastos och Museo Calpe.<\/p>\n<p>N\u00e4ra hamnen finns de romerska ruinerna av Ba\u00f1os de la Reina, d\u00e4r du kan simma bland arkeologiska utgr\u00e4vningar. Du kan ocks\u00e5 njuta av lokal och internationell gastronomi med ett brett utbud av barer, restauranger och terrasser i Calpe och dess omgivningar som Altea eller Moraira.<\/p>\n<p>Calpe salt\u00e4ngar \u00e4r hem f\u00f6r olika f\u00e5gelarter, s\u00e4rskilt flamingor, som vistas h\u00e4r som en vilozon och matomr\u00e5de under sina migrationer. Det \u00e4r en utm\u00e4rkt plats f\u00f6r f\u00e5gelobservationer och lugna promenader samt f\u00f6r bevarande av det lokala ekosystemet och biodiversiteten. Det \u00e4r en perfekt plats f\u00f6r att ha direktkontakt med naturen i Calpe.<\/p>\n<h4><span style=\"color: #ff0000\"><strong>Str\u00e4nder<\/strong><\/span><\/h4>\n<p>La Fossa-stranden, k\u00e4nd som Levante-stranden, str\u00e4cker sig \u00f6ver 1 km med gyllene sand och kristallklart vatten, tillsammans med sin strandpromenad med barer och restauranger. Dessutom har du direkt tillg\u00e5ng till denna strand fr\u00e5n bostadsomr\u00e5det Azure Icons by TM.<\/p>\n<p>I omgivningen av Azure Icons by TM finns flera str\u00e4nder som \u00e4r v\u00e4rda att bes\u00f6ka:<\/p>\n<ul>\n<li>Arenal-Bol-stranden: bel\u00e4gen norr om den marina hamnen, med fin sand och kristallklart vatten, samt en strandpromenad med butiker, restauranger och kaf\u00e9er.<\/li>\n<li>Cantal Roig-stranden: ligger n\u00e4ra Calpes fiskhamn, mindre och med lugnt vatten, idealisk f\u00f6r snorkling och njuta av det marina livet.<\/li>\n<li>Calalga-stranden: omgiven av naturliga omgivningar, en lugn vik med grunt vatten f\u00f6r avkoppling.<\/li>\n<li>Rac\u00f3-stranden: vid foten av Ifach-klippan, denna lilla grusstrand \u00e4r mycket lugn och perfekt f\u00f6r dykning och att njuta av en mer privat atmosf\u00e4r.<\/li>\n<\/ul>\n<p>Utan tvekan \u00e4r Calpe ett av de favorit\u00e4mnena f\u00f6r snorkling och dykning tack vare sina underbara marina livsmilj\u00f6er, ut\u00f6vning av vattensporter som segling, windsurfing eller b\u00e5tturer f\u00f6r att uppt\u00e4cka dess mest avl\u00e4gsna vikar.<\/p>\n<h4><span style=\"color: #ff0000\"><strong>N\u00f6jen och natur<\/strong><\/span><\/h4>\n<p>Om du \u00e4r en natur- och vandrings\u00e4lskare erbjuder omgivningen ett brett utbud av vandringsleder som uppstigning till Ifach-klippan, Naturparken Sierra de Bernia, Sierra de Olt\u00e0 eller Morro de Toix. Fr\u00e5n Ifach-klippan kan du vandra upp och njuta av imponerande vyer \u00f6ver Calpe och Costa Blanca. Fr\u00e5n Naturparken Sierra de Bernia kan du vandra i bergen och njuta av spektakul\u00e4ra landskap.<\/p>\n<p>Utbudet av vattensporter i Calpe \u00e4r omfattande. Segling, windsurfing och kitesurfing ut\u00f6vas p\u00e5 La Fossa-stranden medan Cantal Roig-stranden \u00e4r idealisk f\u00f6r snorkling och dykning. Dessutom finns b\u00e5tturer f\u00f6r att utforska Calpes kust och n\u00e5 avl\u00e4gsna vikar.<\/p>\n<p>F\u00f6r de som s\u00f6ker underh\u00e5llning finns flera temaparker och aktivitetsomr\u00e5den f\u00f6r barn, rekreationsomr\u00e5den i Calpe-regionen och aktiviteter som gokart eller minigolf utomhus.<\/p>\n<p>Calpe marina hamn \u00e4r bel\u00e4gen vid Ifach-klippan och har en center f\u00f6r nautiska aktiviteter som segling, rodd och dykning.<\/p>\n<h4><span style=\"color: #ff0000\"><strong>Tj\u00e4nster<\/strong><\/span><\/h4>\n<p>Calpe ligger n\u00e4ra b\u00e5de Valencia och Alicante, vilket underl\u00e4ttar anslutningen till flygplatser och t\u00e5g. Med bil \u00e4r kommunikationen utm\u00e4rkt via N-332 och utan avgift via AP-7 motorv\u00e4gen. Dessutom g\u00f6r Tramstationen, med linje L9 (Benidorm-Denia), kommunikationerna till centrala Alicante och Benidorm effektiva.<\/p>\n<p>Bostadsomr\u00e5det ligger mycket n\u00e4ra stormarknader med Mercadona p\u00e5 300 meter och Consum p\u00e5 250 meter. Centrall\u00e4karmottagningen \u00e4r endast 4 km bort, v\u00e5rdcentralen finns 200 meter bort och det privata sjukhuset HCM, som t\u00e4cker de flesta nationella och internationella f\u00f6rs\u00e4kringsbolagen, ligger 3 km bort.<\/p>\n<h4><span style=\"color: #ff0000\"><strong>Varf\u00f6r k\u00f6pa ditt hem i Azure Icons by TM<\/strong><\/span><\/h4>\n<p>Azure Icons by TM \u00e4r ett bostadsomr\u00e5de med extraordin\u00e4r havsutsikt, bel\u00e4get direkt vid La Fossa-stranden i Calpe. Dess panoramautsikt \u00f6ver Ifach-klippan och Calpe salt\u00e4ngar \u00e4r spektakul\u00e4r.<\/p>\n<p>Denne bostadsutveckling, med direkt tillg\u00e5ng till stranden, har ett stort utbud av omgivande tj\u00e4nster, gemensamma omr\u00e5den med magnifika vyer och en unik och o\u00f6vertr\u00e4ffad exklusivitet. Tveka inte l\u00e4ngre och fr\u00e5ga om Azure Icons by TM, d\u00e4r Medelhavet \u00e4r en del av ditt nya hem.<\/p>\n<p>&nbsp;<\/p>\n<p><strong>Ta chansen att bo vid havet i Azure Icons by TM. Kontakta oss nu f\u00f6r mer information!<\/strong><\/p>\n<div data-test='contact-form'\n\t\t\tid='contact-form-17782'\n\t\t\tclass='jetpack-contact-form-container '\n\t\t\tdata-wp-interactive='jetpack\/form' data-wp-context='{\"formId\":\"17782\",\"formHash\":\"eb7d1b5533f8f4bc583165625b16552bab121664\",\"showErrors\":false,\"errors\":[],\"fields\":[],\"isMultiStep\":false,\"useAjax\":true,\"submissionData\":null,\"formattedSubmissionData\":[],\"submissionSuccess\":false,\"submissionError\":null,\"elementId\":\"jp-form-eb7d1b5533f8f4bc583165625b16552bab121664\",\"isSingleInputForm\":false,\"isForcedHorizontal\":false}'\n\t\t\tdata-wp-watch--scroll-to-wrapper=\"callbacks.scrollToWrapper\"\n\t\t>\n<div class=\"contact-form-submission contact-form-ajax-submission\" data-wp-bind--aria-hidden=\"state.isSuccessMessageAriaHidden\" data-wp-class--submission-success=\"context.submissionSuccess\" id=\"contact-form-success-eb7d1b5533f8f4bc583165625b16552bab121664\" tabindex=\"-1\" aria-labelledby=\"contact-form-success-header-eb7d1b5533f8f4bc583165625b16552bab121664\"><p class=\"go-back-message\"><a class=\"link\" role=\"button\" tabindex=\"0\" data-wp-on--click=\"actions.goBack\" href=\"\/sv\/wp-json\/wp\/v2\/posts\/17782\">\u2190 Tillbaka<\/a><\/p><h4 data-wp-bind--aria-hidden=\"state.isSuccessMessageAriaHidden\" id=\"contact-form-success-header-eb7d1b5533f8f4bc583165625b16552bab121664\">Tack f\u00f6r din respons. \u2728<\/h4>\n\n<template data-wp-each--submission=\"context.formattedSubmissionData\">\n\t\t\t\t\t<div class=\"jetpack_forms_contact-form-success-summary\">\n\t\t\t\t\t\t<div class=\"field-name-wrapper\">\n\t\t\t\t\t\t\t<div class=\"field-type-icon\" data-wp-watch=\"callbacks.watchFieldTypeIcon\"><\/div>\n\t\t\t\t\t\t\t<div class=\"field-name\" data-wp-text=\"context.submission.label\" data-wp-bind--hidden=\"!context.submission.label\"><\/div>\n\t\t\t\t\t\t<\/div>\n\t\t\t\t\t\t<div class=\"field-value\" data-wp-text=\"context.submission.value\" data-wp-bind--hidden=\"!context.submission.showPlainValue\"><\/div>\n\t\t\t\t\t\t<a class=\"field-url\" data-wp-bind--href=\"context.submission.url\" data-wp-text=\"context.submission.value\" data-wp-bind--hidden=\"!context.submission.url\" target=\"_blank\" rel=\"noopener noreferrer\"><\/a>\n\t\t\t\t\t\t<div class=\"field-rating\" data-wp-bind--hidden=\"!context.submission.rating\" data-wp-watch=\"callbacks.watchRatingIcons\"><\/div>\n\t\t\t\t\t\t<div class=\"field-images\" data-wp-bind--hidden=\"!context.submission.images\">\n\t\t\t\t\t\t\t<template data-wp-each--image=\"context.submission.images\">\n\t\t\t\t\t\t\t\t<div class=\"field-image-option\" data-wp-class--is-empty=\"!context.image.src\">\n\t\t\t\t\t\t\t\t\t<figure class=\"field-image-option__image\" data-wp-class--is-empty=\"!context.image.src\">\n\t\t\t\t\t\t\t\t\t\t<img data-wp-bind--src=\"context.image.src\" data-wp-bind--hidden=\"!context.image.src\" \/>\n\t\t\t\t\t\t\t\t\t\t<img decoding=\"async\" src=\"data:image\/gif;base64,R0lGODlhAQABAAD\/ACwAAAAAAQABAAACADs=\" data-wp-bind--hidden=\"context.image.src\" \/>\n\t\t\t\t\t\t\t\t\t<\/figure>\n\t\t\t\t\t\t\t\t\t<div class=\"field-image-option__label-wrapper\">\n\t\t\t\t\t\t\t\t\t\t<span class=\"field-image-option__label-code\" data-wp-text=\"context.image.letterCode\"><\/span>\n\t\t\t\t\t\t\t\t\t\t<span class=\"field-image-option__label\" data-wp-text=\"context.image.label\" data-wp-bind--hidden=\"!context.image.label\"><\/span>\n\t\t\t\t\t\t\t\t\t<\/div>\n\t\t\t\t\t\t\t\t<\/div>\n\t\t\t\t\t\t\t<\/template>\n\t\t\t\t\t\t<\/div>\n\t\t\t\t\t\t<div class=\"field-files\" data-wp-bind--hidden=\"!context.submission.files\">\n\t\t\t\t\t\t\t<template data-wp-each--file=\"context.submission.files\">\n\t\t\t\t\t\t\t\t<div class=\"field-file\">\n\t\t\t\t\t\t\t\t\t<div class=\"field-file__thumbnail\" data-wp-style--background-image=\"context.file.previewUrl\" data-wp-style--mask-image=\"context.file.iconUrl\" data-wp-bind--hidden=\"!context.file.hasPreview\"><\/div>\n\t\t\t\t\t\t\t\t\t<svg class=\"field-file__icon\" data-wp-bind--hidden=\"context.file.hasPreview\" width=\"20\" height=\"20\" viewBox=\"0 0 24 24\" fill=\"none\" xmlns=\"http:\/\/www.w3.org\/2000\/svg\" aria-hidden=\"true\">\n\t\t\t\t\t\t\t\t\t\t<path d=\"M14 2H6C4.9 2 4 2.9 4 4V20C4 21.1 4.89 22 5.99 22H18C19.1 22 20 21.1 20 20V8L14 2ZM18 20H6V4H13V9H18V20Z\" fill=\"currentColor\"\/>\n\t\t\t\t\t\t\t\t\t<\/svg>\n\t\t\t\t\t\t\t\t\t<span class=\"field-file__name\" data-wp-text=\"context.file.name\"><\/span>\n\t\t\t\t\t\t\t\t\t<span class=\"field-file__size\" data-wp-text=\"context.file.size\"><\/span>\n\t\t\t\t\t\t\t\t<\/div>\n\t\t\t\t\t\t\t<\/template>\n\t\t\t\t\t\t<\/div>\n\t\t\t\t\t<\/div>\n\t\t\t\t<\/template><\/div><form action='https:\/\/blog.tmgrupoinmobiliario.com\/sv\/2025\/03\/13\/azure-icons-by-tm-medelhavet-en-del-av-ditt-nya-hem\/'\n\t\t\t\tid='jp-form-eb7d1b5533f8f4bc583165625b16552bab121664'\n\t\t\t\tmethod='post'\n\t\t\t\tclass='contact-form commentsblock jetpack-contact-form__form has-no-jetpack-form-layout' aria-label=\"Azure Icons by TM: Medelhavet, en del av ditt nya hem\"\n\t\t\t\tdata-wp-on--submit=\"actions.onFormSubmit\"\n\t\t\t\tdata-wp-on--reset=\"actions.onFormReset\"\n\t\t\t\tdata-wp-class--submission-success=\"context.submissionSuccess\"\n\t\t\t\tdata-wp-class--is-first-step=\"state.isFirstStep\"\n\t\t\t\tdata-wp-class--is-last-step=\"state.isLastStep\"\n\t\t\t\tdata-wp-class--is-ajax-form=\"context.useAjax\"\n\t\t\t\tnovalidate >\n<input type='hidden' name='jetpack_contact_form_jwt' value='eyJ0eXAiOiJKV1QiLCJhbGciOiJIUzI1NiJ9.eyJlbmNyeXB0ZWRfYXR0cmlidXRlcyI6Ik1ncTZMakM5bUhTQStrUFprZHYxMUhzNTNKbWdOZE45QzJpRnVLelpBZVN3anV4anV0WGdJSThZR1dCWUQ5TlFuZmpXQ2Vlc2UvdUU0bEJVMDdDTzdhRlVGMmpCUEZjQ2xqM0ordnR6ZlhFek5BSmlQS28xY0FSZE9OK2JOQWFKQ3lZQ3JnWmZXZFlzOXI0Z1FHRFhWenpaUEFmRi9HV0NQZVZZbHhEc2lzTXNIN2lDb0FXNXpyYWtIbmlwUHN5VndmTmJhQzVaMjFVKzVjZnVRU3lWQ2d0N3cvRHIyYlhYTHhUV2srTUtVNFQzVXZ0L2NGWWwvcjhFbFRnNjhwR2J4ZjVsZVdib0JuVzgwUVNzOFBseUx4ZUJURjZuejVSSVFYZWtoT3lKT1BxL0FiRllBT0h4bVVsRVRTZEVHUTY3Yk9JWEV5MkY1aWNBR0RhVCtMOWRjcXEyYTBHWlpZcXEwby8yb0RURkR6MTY1Y1BsZitWemM4NFFJaVFOQ28zOHF6QitHc0RYSGEvZ1hURnd0eEZJd2JlZnpyWEFaMWpxZnF4NDdvZ0gzS1RhWEVQZFRIaGM1VW1MeUhWcVJSUk1yWGdzZlNvalU3dEtFZUdxd1ltNW5NUGhkL0ZCVE5ka2kySktrTW50YVZ2M01TWmtNZlNIYitqL3ZhT085YkNUbE1IRWxkelhMdVZia3ZaalVUV2FTMEhuQjhnbGtPdlNRSFhxWDk1TUFnRmJXbVRxaXZOZGFyOTlrNzYyTFhrQ3JXSWJESDdOazZRNDBMUVRERnMreitidGlkYjV0ZUxEa0VESW04bEFlQ0loYUlPNjg1MjE0Wjc5dzlxWndtaWRHQ0t3TUxsMU0zWStVN054S25MdkpTc29rWnBaWVZWd0lZbGZZek1vNms4anZISmRpWndpWTdpaDFLMlhGNTZLUGYvNDk2WjB2UVBoVFFOWUl3YzBkNDlJTHN2L3NnQXRLMkMyT3EzaVVOOVlnODQ1SHVHdWt6NW9kK3JWSEwxUmgzRnhtejVaYlUxNTNHTERwM3RJVTlTSk8xdElwaVBmODhxTHhQU3RSdFpJZG1KaXIvMTZsV0w5ZVRMbEx1dERObXpQRWxkc09NSXlDaVp6Y210b05uQmtjeitES0VLT0xIakVmOWRLVWJQOGgxVXU5QlFPSWMwSjdLNXhuN3p6eHNsb2pSM21vUUxXMzhLZVZTckZjWmp6T2hqaFlBPT0iLCJjb250ZW50IjoiW2NvbnRhY3QtZmllbGQgbGFiZWw9XCJOYW1uXCIgdHlwZT1cIm5hbWVcIiByZXF1aXJlZD1cIjFcIl1bY29udGFjdC1maWVsZCBsYWJlbD1cIkUtcG9zdFwiIHR5cGU9XCJlbWFpbFwiIHJlcXVpcmVkPVwiMVwiXVtjb250YWN0LWZpZWxkIGxhYmVsPVwiVGVsZWZvbm51bW1lclwiIHR5cGU9XCJ0ZXh0XCIgcmVxdWlyZWQ9XCIxXCJdW2NvbnRhY3QtZmllbGQgbGFiZWw9XCJNZWRkZWxhbmRlXCIgdHlwZT1cInRleHRhcmVhXCJdIiwiaGFzaCI6ImViN2QxYjU1MzNmOGY0YmM1ODMxNjU2MjViMTY1NTJiYWIxMjE2NjQiLCJzb3VyY2UiOnsiZW50cnlfdGl0bGUiOiJBenVyZSBJY29ucyBieSBUTTogTWVkZWxoYXZldCwgZW4gZGVsIGF2IGRpdHQgbnlhIGhlbSIsImVudHJ5X3BhZ2UiOjEsInNvdXJjZV9pZCI6MTc3ODIsInNvdXJjZV90eXBlIjoic2luZ2xlIiwicmVxdWVzdF91cmwiOiJodHRwczovL2Jsb2cudG1ncnVwb2lubW9iaWxpYXJpby5jb20vc3Yvd3AtanNvbi93cC92Mi9wb3N0cy8xNzc4MiJ9LCJ2ZXJzaW9uIjoyLCJjaXBoZXIiOiJhZXMtMjU2LWdjbSJ9.w-TJFY0aCsAfPFfXytt2MTRznlyU2Ofr3ByMepJLIvY' \/>\n\n<div style=\"\"  data-wp-interactive=\"jetpack\/form\" data-wp-context='{\"fieldId\":\"g17782-namn\",\"fieldType\":\"name\",\"fieldLabel\":\"Namn\",\"fieldValue\":\"\",\"fieldPlaceholder\":\"\",\"fieldIsRequired\":\"1\",\"fieldErrorMessage\":\"\",\"fieldExtra\":[],\"formHash\":\"eb7d1b5533f8f4bc583165625b16552bab121664\"}'  class='grunion-field-name-wrap grunion-field-wrap'  data-wp-init='callbacks.initializeField' data-wp-on--jetpack-form-reset='callbacks.initializeField' >\n<label\n\t\t\t\tfor='g17782-namn' class=\"grunion-field-label name\" >Namn<span class=\"grunion-label-required\" aria-hidden=\"true\">(obligatoriskt)<\/span><\/label>\n<input\n\t\t\t\t\ttype='text'\n\t\t\t\t\tname='g17782-namn'\n\t\t\t\t\tid='g17782-namn'\n\t\t\t\t\tvalue=''\n\n\t\t\t\t\tdata-wp-bind--aria-invalid='state.fieldAriaInvalid'\n\t\t\t\t\tdata-wp-bind--value='state.getFieldValue'\n\t\t\t\t\taria-describedby='g17782-namn-text-error-message'\n\t\t\t\t\tdata-wp-on--input='actions.onFieldChange'\n\t\t\t\t\tdata-wp-on--blur='actions.onFieldBlur'\n\t\t\t\t\tdata-wp-class--has-value='state.hasFieldValue'\n\n\t\t\t\t\tclass='name  grunion-field' \n\t\t\t\t\trequired='true' aria-required='true'  \/>\n \n\t\t\t<div id=\"g17782-namn-text-error\" class=\"contact-form__input-error\" data-wp-class--has-errors=\"state.fieldHasErrors\">\n\t\t\t\t<span class=\"contact-form__warning-icon\" aria-hidden=\"true\">\n\t\t\t\t\t<svg width=\"16\" height=\"16\" viewBox=\"0 0 16 16\" fill=\"none\" xmlns=\"http:\/\/www.w3.org\/2000\/svg\">\n\t\t\t\t\t\t<path d=\"M8.50015 11.6402H7.50015V10.6402H8.50015V11.6402Z\" \/>\n\t\t\t\t\t\t<path d=\"M7.50015 9.64018H8.50015V6.30684H7.50015V9.64018Z\" \/>\n\t\t\t\t\t\t<path fill-rule=\"evenodd\" clip-rule=\"evenodd\" d=\"M6.98331 3.0947C7.42933 2.30177 8.57096 2.30177 9.01698 3.09469L13.8771 11.7349C14.3145 12.5126 13.7525 13.4735 12.8602 13.4735H3.14004C2.24774 13.4735 1.68575 12.5126 2.12321 11.7349L6.98331 3.0947ZM8.14541 3.58496C8.08169 3.47168 7.9186 3.47168 7.85488 3.58496L2.99478 12.2251C2.93229 12.3362 3.01257 12.4735 3.14004 12.4735H12.8602C12.9877 12.4735 13.068 12.3362 13.0055 12.2251L8.14541 3.58496Z\" \/>\n\t\t\t\t\t<\/svg>\n\t\t\t\t<\/span>\n\t\t\t\t<span data-wp-text=\"state.errorMessage\" id=\"g17782-namn-text-error-message\"><\/span>\n\t\t\t<\/div> \n\t<\/div>\n\n<div style=\"\"  data-wp-interactive=\"jetpack\/form\" data-wp-context='{\"fieldId\":\"g17782-epost\",\"fieldType\":\"email\",\"fieldLabel\":\"E-post\",\"fieldValue\":\"\",\"fieldPlaceholder\":\"\",\"fieldIsRequired\":\"1\",\"fieldErrorMessage\":\"\",\"fieldExtra\":[],\"formHash\":\"eb7d1b5533f8f4bc583165625b16552bab121664\"}'  class='grunion-field-email-wrap grunion-field-wrap'  data-wp-init='callbacks.initializeField' data-wp-on--jetpack-form-reset='callbacks.initializeField' >\n<label\n\t\t\t\tfor='g17782-epost' class=\"grunion-field-label email\" >E-post<span class=\"grunion-label-required\" aria-hidden=\"true\">(obligatoriskt)<\/span><\/label>\n<input\n\t\t\t\t\ttype='email'\n\t\t\t\t\tname='g17782-epost'\n\t\t\t\t\tid='g17782-epost'\n\t\t\t\t\tvalue=''\n\n\t\t\t\t\tdata-wp-bind--aria-invalid='state.fieldAriaInvalid'\n\t\t\t\t\tdata-wp-bind--value='state.getFieldValue'\n\t\t\t\t\taria-describedby='g17782-epost-email-error-message'\n\t\t\t\t\tdata-wp-on--input='actions.onFieldChange'\n\t\t\t\t\tdata-wp-on--blur='actions.onFieldBlur'\n\t\t\t\t\tdata-wp-class--has-value='state.hasFieldValue'\n\n\t\t\t\t\tclass='email  grunion-field' \n\t\t\t\t\trequired='true' aria-required='true'  \/>\n \n\t\t\t<div id=\"g17782-epost-email-error\" class=\"contact-form__input-error\" data-wp-class--has-errors=\"state.fieldHasErrors\">\n\t\t\t\t<span class=\"contact-form__warning-icon\" aria-hidden=\"true\">\n\t\t\t\t\t<svg width=\"16\" height=\"16\" viewBox=\"0 0 16 16\" fill=\"none\" xmlns=\"http:\/\/www.w3.org\/2000\/svg\">\n\t\t\t\t\t\t<path d=\"M8.50015 11.6402H7.50015V10.6402H8.50015V11.6402Z\" \/>\n\t\t\t\t\t\t<path d=\"M7.50015 9.64018H8.50015V6.30684H7.50015V9.64018Z\" \/>\n\t\t\t\t\t\t<path fill-rule=\"evenodd\" clip-rule=\"evenodd\" d=\"M6.98331 3.0947C7.42933 2.30177 8.57096 2.30177 9.01698 3.09469L13.8771 11.7349C14.3145 12.5126 13.7525 13.4735 12.8602 13.4735H3.14004C2.24774 13.4735 1.68575 12.5126 2.12321 11.7349L6.98331 3.0947ZM8.14541 3.58496C8.08169 3.47168 7.9186 3.47168 7.85488 3.58496L2.99478 12.2251C2.93229 12.3362 3.01257 12.4735 3.14004 12.4735H12.8602C12.9877 12.4735 13.068 12.3362 13.0055 12.2251L8.14541 3.58496Z\" \/>\n\t\t\t\t\t<\/svg>\n\t\t\t\t<\/span>\n\t\t\t\t<span data-wp-text=\"state.errorMessage\" id=\"g17782-epost-email-error-message\"><\/span>\n\t\t\t<\/div> \n\t<\/div>\n\n<div style=\"\"  data-wp-interactive=\"jetpack\/form\" data-wp-context='{\"fieldId\":\"g17782-telefonnummer\",\"fieldType\":\"text\",\"fieldLabel\":\"Telefonnummer\",\"fieldValue\":\"\",\"fieldPlaceholder\":\"\",\"fieldIsRequired\":\"1\",\"fieldErrorMessage\":\"\",\"fieldExtra\":[],\"formHash\":\"eb7d1b5533f8f4bc583165625b16552bab121664\"}'  class='grunion-field-text-wrap grunion-field-wrap'  data-wp-init='callbacks.initializeField' data-wp-on--jetpack-form-reset='callbacks.initializeField' >\n<label\n\t\t\t\tfor='g17782-telefonnummer' class=\"grunion-field-label text\" >Telefonnummer<span class=\"grunion-label-required\" aria-hidden=\"true\">(obligatoriskt)<\/span><\/label>\n<input\n\t\t\t\t\ttype='text'\n\t\t\t\t\tname='g17782-telefonnummer'\n\t\t\t\t\tid='g17782-telefonnummer'\n\t\t\t\t\tvalue=''\n\n\t\t\t\t\tdata-wp-bind--aria-invalid='state.fieldAriaInvalid'\n\t\t\t\t\tdata-wp-bind--value='state.getFieldValue'\n\t\t\t\t\taria-describedby='g17782-telefonnummer-text-error-message'\n\t\t\t\t\tdata-wp-on--input='actions.onFieldChange'\n\t\t\t\t\tdata-wp-on--blur='actions.onFieldBlur'\n\t\t\t\t\tdata-wp-class--has-value='state.hasFieldValue'\n\n\t\t\t\t\tclass='text  grunion-field' \n\t\t\t\t\trequired='true' aria-required='true'  \/>\n \n\t\t\t<div id=\"g17782-telefonnummer-text-error\" class=\"contact-form__input-error\" data-wp-class--has-errors=\"state.fieldHasErrors\">\n\t\t\t\t<span class=\"contact-form__warning-icon\" aria-hidden=\"true\">\n\t\t\t\t\t<svg width=\"16\" height=\"16\" viewBox=\"0 0 16 16\" fill=\"none\" xmlns=\"http:\/\/www.w3.org\/2000\/svg\">\n\t\t\t\t\t\t<path d=\"M8.50015 11.6402H7.50015V10.6402H8.50015V11.6402Z\" \/>\n\t\t\t\t\t\t<path d=\"M7.50015 9.64018H8.50015V6.30684H7.50015V9.64018Z\" \/>\n\t\t\t\t\t\t<path fill-rule=\"evenodd\" clip-rule=\"evenodd\" d=\"M6.98331 3.0947C7.42933 2.30177 8.57096 2.30177 9.01698 3.09469L13.8771 11.7349C14.3145 12.5126 13.7525 13.4735 12.8602 13.4735H3.14004C2.24774 13.4735 1.68575 12.5126 2.12321 11.7349L6.98331 3.0947ZM8.14541 3.58496C8.08169 3.47168 7.9186 3.47168 7.85488 3.58496L2.99478 12.2251C2.93229 12.3362 3.01257 12.4735 3.14004 12.4735H12.8602C12.9877 12.4735 13.068 12.3362 13.0055 12.2251L8.14541 3.58496Z\" \/>\n\t\t\t\t\t<\/svg>\n\t\t\t\t<\/span>\n\t\t\t\t<span data-wp-text=\"state.errorMessage\" id=\"g17782-telefonnummer-text-error-message\"><\/span>\n\t\t\t<\/div> \n\t<\/div>\n\n<div style=\"\"  data-wp-interactive=\"jetpack\/form\" data-wp-context='{\"fieldId\":\"g17782-meddelande\",\"fieldType\":\"textarea\",\"fieldLabel\":\"Meddelande\",\"fieldValue\":\"\",\"fieldPlaceholder\":\"\",\"fieldIsRequired\":\"\",\"fieldErrorMessage\":\"\",\"fieldExtra\":[],\"formHash\":\"eb7d1b5533f8f4bc583165625b16552bab121664\"}'  class='grunion-field-textarea-wrap grunion-field-wrap'  data-wp-init='callbacks.initializeField' data-wp-on--jetpack-form-reset='callbacks.initializeField' >\n<label\n\t\t\t\tfor='contact-form-comment-g17782-meddelande' class=\"grunion-field-label textarea\" >Meddelande<\/label>\n<textarea\n\t\t                style=''\n\t\t                name='g17782-meddelande'\n\t\t                id='contact-form-comment-g17782-meddelande'\n\t\t                rows='20'\n\t\t\t\t\t\tdata-wp-text='state.getFieldValue'\n\t\t\t\t\t\tdata-wp-on--input='actions.onFieldChange'\n\t\t\t\t\t\tdata-wp-on--blur='actions.onFieldBlur'\n\t\t\t\t\t\tdata-wp-class--has-value='state.hasFieldValue'\n\t\t\t\t\t\taria-describedby='g17782-meddelande-textarea-error-message'\n\t\t\t\t\t\tdata-wp-bind--aria-invalid='state.fieldAriaInvalid'\n\t\t\t\t\t\tclass='textarea  grunion-field'  ><\/textarea>\n \n\t\t\t<div id=\"g17782-meddelande-textarea-error\" class=\"contact-form__input-error\" data-wp-class--has-errors=\"state.fieldHasErrors\">\n\t\t\t\t<span class=\"contact-form__warning-icon\" aria-hidden=\"true\">\n\t\t\t\t\t<svg width=\"16\" height=\"16\" viewBox=\"0 0 16 16\" fill=\"none\" xmlns=\"http:\/\/www.w3.org\/2000\/svg\">\n\t\t\t\t\t\t<path d=\"M8.50015 11.6402H7.50015V10.6402H8.50015V11.6402Z\" \/>\n\t\t\t\t\t\t<path d=\"M7.50015 9.64018H8.50015V6.30684H7.50015V9.64018Z\" \/>\n\t\t\t\t\t\t<path fill-rule=\"evenodd\" clip-rule=\"evenodd\" d=\"M6.98331 3.0947C7.42933 2.30177 8.57096 2.30177 9.01698 3.09469L13.8771 11.7349C14.3145 12.5126 13.7525 13.4735 12.8602 13.4735H3.14004C2.24774 13.4735 1.68575 12.5126 2.12321 11.7349L6.98331 3.0947ZM8.14541 3.58496C8.08169 3.47168 7.9186 3.47168 7.85488 3.58496L2.99478 12.2251C2.93229 12.3362 3.01257 12.4735 3.14004 12.4735H12.8602C12.9877 12.4735 13.068 12.3362 13.0055 12.2251L8.14541 3.58496Z\" \/>\n\t\t\t\t\t<\/svg>\n\t\t\t\t<\/span>\n\t\t\t\t<span data-wp-text=\"state.errorMessage\" id=\"g17782-meddelande-textarea-error-message\"><\/span>\n\t\t\t<\/div>\n\t<\/div>\n\t<p class='contact-submit'>\n<div class=\"contact-form__error\" data-wp-class--show-errors=\"state.showFormErrors\"><span class=\"contact-form__warning-icon\" aria-hidden=\"true\"><i><\/i><\/span><span class=\"contact-form__error-message\" tabindex=\"-1\" data-wp-watch=\"callbacks.focusOnValidationError\" data-wp-text=\"state.getFormErrorMessage\"><\/span><ul aria-label=\"Formul\u00e4rfel\">\n\t\t\t\t<template data-wp-each=\"state.getErrorList\" data-wp-key=\"context.item.id\">\n\t\t\t\t\t<li><a data-wp-bind--href=\"context.item.anchor\" data-wp-on--click=\"actions.scrollIntoView\" data-wp-text=\"context.item.label\"><\/a><\/li>\n\t\t\t\t<\/template>\n\t\t\t\t<\/ul><\/div><div class=\"contact-form__error\" data-wp-class--show-errors=\"state.showSubmissionError\" data-wp-text=\"context.submissionError\" tabindex=\"-1\" data-wp-watch=\"callbacks.focusOnSubmissionError\"><\/div>\t\t<button type='submit' class='pushbutton-wide'>Skicka<\/button>\t\t<input type='hidden' name='contact-form-id' value='17782' \/>\n\t\t<input type='hidden' name='action' value='grunion-contact-form' \/>\n\t\t<input type='hidden' name='contact-form-hash' value='eb7d1b5533f8f4bc583165625b16552bab121664' \/>\n\t<\/p>\n<p style=\"display: none !important;\" class=\"akismet-fields-container\" data-prefix=\"ak_\"><label>&#916;<textarea name=\"ak_hp_textarea\" cols=\"45\" rows=\"8\" maxlength=\"100\"><\/textarea><\/label><input type=\"hidden\" id=\"ak_js_1\" name=\"ak_js\" value=\"84\"\/><script type=\"text\/javascript\">\n\/* <![CDATA[ *\/\ndocument.getElementById( \"ak_js_1\" ).setAttribute( \"value\", ( new Date() ).getTime() );\n\/* ]]> *\/\n<\/script>\n<\/p><\/form>\n<\/div>\n","protected":false},"excerpt":{"rendered":"<p>&nbsp; Azure Icons by TM, i f\u00f6rsta ledet p\u00e5 La Fossa-stranden i Calpe Bostadsomr\u00e5det Azure Icons by TM har en privilegierad l\u00e4ge, direkt vid La Fossa-stranden i Calpe. Den fantastiska placeringen erbjuder enast\u00e5ende utsikt \u00f6ver Ifach-klippan, Medelhavet och Calpe salt\u00e4ngar. Azure Icons by TM har tv\u00e5 g\u00e5ngtillg\u00e5ngar, en via Avenida Juan Carlos I och en [&hellip;]<\/p>\n","protected":false},"author":11729,"featured_media":17785,"comment_status":"open","ping_status":"open","sticky":true,"template":"","format":"standard","meta":{"_jetpack_memberships_contains_paid_content":false,"footnotes":""},"categories":[486],"tags":[675,678,677,676,437],"class_list":["post-17782","post","type-post","status-publish","format-standard","has-post-thumbnail","hentry","category-ditt-nya-hem","tag-azure-icons-by-tm","tag-calpe","tag-duplex-ombud-med-solarium","tag-lagenheter","tag-tm-real-estate-group-en","formato-blog"],"better_featured_image":{"id":17785,"alt_text":"Azure Icons by TM","caption":"","description":"","media_type":"image","media_details":{"width":1000,"height":666,"file":"2025\/03\/Azure-Icons-by-TM-residencial-TM-Grupo-Inmobiliario-Calpe-2.jpg","filesize":185665,"sizes":{},"image_meta":{"aperture":"0","credit":"","camera":"","caption":"","created_timestamp":"0","copyright":"","focal_length":"0","iso":"0","shutter_speed":"0","title":"","orientation":"1","keywords":[]}},"post":17782,"source_url":"https:\/\/blog.tmgrupoinmobiliario.com\/sv\/wp-content\/uploads\/sites\/6\/2025\/03\/Azure-Icons-by-TM-residencial-TM-Grupo-Inmobiliario-Calpe-2.jpg"},"acf":{"imagen_destacada_desktop":"https:\/\/blog.tmgrupoinmobiliario.com\/sv\/wp-content\/uploads\/sites\/6\/2025\/03\/Azure-Icons-by-TM-residencial-TM-Grupo-Inmobiliario-Calpe-3.jpg","imagen_destacada_mobile":"https:\/\/blog.tmgrupoinmobiliario.com\/sv\/wp-content\/uploads\/sites\/6\/2025\/03\/Azure-Icons-by-TM-residencial-TM-Grupo-Inmobiliario-Calpe-1-1.jpg","formato":{"term_id":484,"name":"Blog","slug":"blog","term_group":0,"term_taxonomy_id":484,"taxonomy":"formato","description":"","parent":0,"count":74,"filter":"raw"},"entradilla":"Den nya bostadsutvecklingen fr\u00e5n TM Grupo Inmobiliario i Calpe \u00e4r nu till salu: Azure Icons by TM. Tv\u00e5 torn med 18 v\u00e5ningar och magnifika havsutsikter, som erbjuder l\u00e4genheter med 1, 2 och 3 sovrum samt duplex-ombud med 3 sovrum solarium. Uppt\u00e4ck bostadsomr\u00e5det Azure Icons by TM i denna artikel.","etiquetas":"","cabecera_escritorio":"https:\/\/blog.tmgrupoinmobiliario.com\/sv\/wp-content\/uploads\/sites\/6\/2025\/03\/Azure-Icons-by-TM-residencial-TM-Grupo-Inmobiliario-Calpe.jpg","cabecera_mobile":"https:\/\/blog.tmgrupoinmobiliario.com\/sv\/wp-content\/uploads\/sites\/6\/2025\/03\/Azure-Icons-by-TM-residencial-TM-Grupo-Inmobiliario-Calpe-1-1.jpg","galeria":false},"yoast_head":"<!-- This site is optimized with the Yoast SEO Premium plugin v23.6 (Yoast SEO v27.5) - https:\/\/yoast.com\/product\/yoast-seo-premium-wordpress\/ -->\n<title>Azure Icons by TM: Medelhavet, en del av ditt nya hem - Svenska<\/title>\n<meta name=\"description\" content=\"Tv\u00e5 torn med 18 v\u00e5ningar och magnifika havsutsikter, som erbjuder l\u00e4genheter med 1, 2 och 3 sovrum samt duplex-ombud med 3 sovrum solarium.\" \/>\n<meta name=\"robots\" content=\"index, follow, max-snippet:-1, max-image-preview:large, max-video-preview:-1\" \/>\n<link rel=\"canonical\" href=\"https:\/\/blog.tmgrupoinmobiliario.com\/sv\/2025\/03\/13\/azure-icons-by-tm-medelhavet-en-del-av-ditt-nya-hem\/\" \/>\n<meta property=\"og:locale\" content=\"sv_SE\" \/>\n<meta property=\"og:type\" content=\"article\" \/>\n<meta property=\"og:title\" content=\"Azure Icons by TM: Medelhavet, en del av ditt nya hem\" \/>\n<meta property=\"og:description\" content=\"Tv\u00e5 torn med 18 v\u00e5ningar och magnifika havsutsikter, som erbjuder l\u00e4genheter med 1, 2 och 3 sovrum samt duplex-ombud med 3 sovrum solarium.\" \/>\n<meta property=\"og:url\" content=\"https:\/\/blog.tmgrupoinmobiliario.com\/sv\/2025\/03\/13\/azure-icons-by-tm-medelhavet-en-del-av-ditt-nya-hem\/\" \/>\n<meta property=\"og:site_name\" content=\"Svenska\" \/>\n<meta property=\"article:published_time\" content=\"2025-03-13T09:04:43+00:00\" \/>\n<meta property=\"article:modified_time\" content=\"2025-03-13T09:22:08+00:00\" \/>\n<meta property=\"og:image\" content=\"https:\/\/blog.tmgrupoinmobiliario.com\/sv\/wp-content\/uploads\/sites\/6\/2025\/03\/Azure-Icons-by-TM-residencial-TM-Grupo-Inmobiliario-Calpe-2.jpg\" \/>\n\t<meta property=\"og:image:width\" content=\"1000\" \/>\n\t<meta property=\"og:image:height\" content=\"666\" \/>\n\t<meta property=\"og:image:type\" content=\"image\/jpeg\" \/>\n<meta name=\"author\" content=\"indira\" \/>\n<meta name=\"twitter:card\" content=\"summary_large_image\" \/>\n<meta name=\"twitter:label1\" content=\"Skriven av\" \/>\n\t<meta name=\"twitter:data1\" content=\"indira\" \/>\n\t<meta name=\"twitter:label2\" content=\"Ber\u00e4knad l\u00e4stid\" \/>\n\t<meta name=\"twitter:data2\" content=\"6 minuter\" \/>\n<script type=\"application\/ld+json\" class=\"yoast-schema-graph\">{\"@context\":\"https:\\\/\\\/schema.org\",\"@graph\":[{\"@type\":\"Article\",\"@id\":\"https:\\\/\\\/blog.tmgrupoinmobiliario.com\\\/sv\\\/2025\\\/03\\\/13\\\/azure-icons-by-tm-medelhavet-en-del-av-ditt-nya-hem\\\/#article\",\"isPartOf\":{\"@id\":\"https:\\\/\\\/blog.tmgrupoinmobiliario.com\\\/sv\\\/2025\\\/03\\\/13\\\/azure-icons-by-tm-medelhavet-en-del-av-ditt-nya-hem\\\/\"},\"author\":{\"name\":\"indira\",\"@id\":\"https:\\\/\\\/blog.tmgrupoinmobiliario.com\\\/sv\\\/#\\\/schema\\\/person\\\/bbbac745abadad64177a5ee6a73cbf7c\"},\"headline\":\"Azure Icons by TM: Medelhavet, en del av ditt nya hem\",\"datePublished\":\"2025-03-13T09:04:43+00:00\",\"dateModified\":\"2025-03-13T09:22:08+00:00\",\"mainEntityOfPage\":{\"@id\":\"https:\\\/\\\/blog.tmgrupoinmobiliario.com\\\/sv\\\/2025\\\/03\\\/13\\\/azure-icons-by-tm-medelhavet-en-del-av-ditt-nya-hem\\\/\"},\"wordCount\":1253,\"commentCount\":0,\"image\":{\"@id\":\"https:\\\/\\\/blog.tmgrupoinmobiliario.com\\\/sv\\\/2025\\\/03\\\/13\\\/azure-icons-by-tm-medelhavet-en-del-av-ditt-nya-hem\\\/#primaryimage\"},\"thumbnailUrl\":\"https:\\\/\\\/blog.tmgrupoinmobiliario.com\\\/sv\\\/wp-content\\\/uploads\\\/sites\\\/6\\\/2025\\\/03\\\/Azure-Icons-by-TM-residencial-TM-Grupo-Inmobiliario-Calpe-2.jpg\",\"keywords\":[\"Azure Icons by TM\",\"Calpe\",\"duplex-ombud med solarium\",\"l\u00e4genheter\",\"TM Real Estate Group\"],\"articleSection\":[\"Ditt nya hem\"],\"inLanguage\":\"sv-SE\",\"potentialAction\":[{\"@type\":\"CommentAction\",\"name\":\"Comment\",\"target\":[\"https:\\\/\\\/blog.tmgrupoinmobiliario.com\\\/sv\\\/2025\\\/03\\\/13\\\/azure-icons-by-tm-medelhavet-en-del-av-ditt-nya-hem\\\/#respond\"]}]},{\"@type\":\"WebPage\",\"@id\":\"https:\\\/\\\/blog.tmgrupoinmobiliario.com\\\/sv\\\/2025\\\/03\\\/13\\\/azure-icons-by-tm-medelhavet-en-del-av-ditt-nya-hem\\\/\",\"url\":\"https:\\\/\\\/blog.tmgrupoinmobiliario.com\\\/sv\\\/2025\\\/03\\\/13\\\/azure-icons-by-tm-medelhavet-en-del-av-ditt-nya-hem\\\/\",\"name\":\"Azure Icons by TM: Medelhavet, en del av ditt nya hem - Svenska\",\"isPartOf\":{\"@id\":\"https:\\\/\\\/blog.tmgrupoinmobiliario.com\\\/sv\\\/#website\"},\"primaryImageOfPage\":{\"@id\":\"https:\\\/\\\/blog.tmgrupoinmobiliario.com\\\/sv\\\/2025\\\/03\\\/13\\\/azure-icons-by-tm-medelhavet-en-del-av-ditt-nya-hem\\\/#primaryimage\"},\"image\":{\"@id\":\"https:\\\/\\\/blog.tmgrupoinmobiliario.com\\\/sv\\\/2025\\\/03\\\/13\\\/azure-icons-by-tm-medelhavet-en-del-av-ditt-nya-hem\\\/#primaryimage\"},\"thumbnailUrl\":\"https:\\\/\\\/blog.tmgrupoinmobiliario.com\\\/sv\\\/wp-content\\\/uploads\\\/sites\\\/6\\\/2025\\\/03\\\/Azure-Icons-by-TM-residencial-TM-Grupo-Inmobiliario-Calpe-2.jpg\",\"datePublished\":\"2025-03-13T09:04:43+00:00\",\"dateModified\":\"2025-03-13T09:22:08+00:00\",\"author\":{\"@id\":\"https:\\\/\\\/blog.tmgrupoinmobiliario.com\\\/sv\\\/#\\\/schema\\\/person\\\/bbbac745abadad64177a5ee6a73cbf7c\"},\"description\":\"Tv\u00e5 torn med 18 v\u00e5ningar och magnifika havsutsikter, som erbjuder l\u00e4genheter med 1, 2 och 3 sovrum samt duplex-ombud med 3 sovrum solarium.\",\"breadcrumb\":{\"@id\":\"https:\\\/\\\/blog.tmgrupoinmobiliario.com\\\/sv\\\/2025\\\/03\\\/13\\\/azure-icons-by-tm-medelhavet-en-del-av-ditt-nya-hem\\\/#breadcrumb\"},\"inLanguage\":\"sv-SE\",\"potentialAction\":[{\"@type\":\"ReadAction\",\"target\":[\"https:\\\/\\\/blog.tmgrupoinmobiliario.com\\\/sv\\\/2025\\\/03\\\/13\\\/azure-icons-by-tm-medelhavet-en-del-av-ditt-nya-hem\\\/\"]}]},{\"@type\":\"ImageObject\",\"inLanguage\":\"sv-SE\",\"@id\":\"https:\\\/\\\/blog.tmgrupoinmobiliario.com\\\/sv\\\/2025\\\/03\\\/13\\\/azure-icons-by-tm-medelhavet-en-del-av-ditt-nya-hem\\\/#primaryimage\",\"url\":\"https:\\\/\\\/blog.tmgrupoinmobiliario.com\\\/sv\\\/wp-content\\\/uploads\\\/sites\\\/6\\\/2025\\\/03\\\/Azure-Icons-by-TM-residencial-TM-Grupo-Inmobiliario-Calpe-2.jpg\",\"contentUrl\":\"https:\\\/\\\/blog.tmgrupoinmobiliario.com\\\/sv\\\/wp-content\\\/uploads\\\/sites\\\/6\\\/2025\\\/03\\\/Azure-Icons-by-TM-residencial-TM-Grupo-Inmobiliario-Calpe-2.jpg\",\"width\":1000,\"height\":666,\"caption\":\"Azure Icons by TM\"},{\"@type\":\"BreadcrumbList\",\"@id\":\"https:\\\/\\\/blog.tmgrupoinmobiliario.com\\\/sv\\\/2025\\\/03\\\/13\\\/azure-icons-by-tm-medelhavet-en-del-av-ditt-nya-hem\\\/#breadcrumb\",\"itemListElement\":[{\"@type\":\"ListItem\",\"position\":1,\"name\":\"Portada\",\"item\":\"https:\\\/\\\/blog.tmgrupoinmobiliario.com\\\/sv\\\/\"},{\"@type\":\"ListItem\",\"position\":2,\"name\":\"Azure Icons by TM: Medelhavet, en del av ditt nya hem\"}]},{\"@type\":\"WebSite\",\"@id\":\"https:\\\/\\\/blog.tmgrupoinmobiliario.com\\\/sv\\\/#website\",\"url\":\"https:\\\/\\\/blog.tmgrupoinmobiliario.com\\\/sv\\\/\",\"name\":\"Svenska\",\"description\":\"Otro sitio m\u00e1s de Blog Desarrollo TM sitios\",\"potentialAction\":[{\"@type\":\"SearchAction\",\"target\":{\"@type\":\"EntryPoint\",\"urlTemplate\":\"https:\\\/\\\/blog.tmgrupoinmobiliario.com\\\/sv\\\/?s={search_term_string}\"},\"query-input\":{\"@type\":\"PropertyValueSpecification\",\"valueRequired\":true,\"valueName\":\"search_term_string\"}}],\"inLanguage\":\"sv-SE\"},{\"@type\":\"Person\",\"@id\":\"https:\\\/\\\/blog.tmgrupoinmobiliario.com\\\/sv\\\/#\\\/schema\\\/person\\\/bbbac745abadad64177a5ee6a73cbf7c\",\"name\":\"indira\",\"image\":{\"@type\":\"ImageObject\",\"inLanguage\":\"sv-SE\",\"@id\":\"https:\\\/\\\/secure.gravatar.com\\\/avatar\\\/e9bcc7a0bb2179240c56a1875899ce9a1dfa15d5b7527f71259eaee6010d7203?s=96&d=mm&r=g\",\"url\":\"https:\\\/\\\/secure.gravatar.com\\\/avatar\\\/e9bcc7a0bb2179240c56a1875899ce9a1dfa15d5b7527f71259eaee6010d7203?s=96&d=mm&r=g\",\"contentUrl\":\"https:\\\/\\\/secure.gravatar.com\\\/avatar\\\/e9bcc7a0bb2179240c56a1875899ce9a1dfa15d5b7527f71259eaee6010d7203?s=96&d=mm&r=g\",\"caption\":\"indira\"},\"url\":\"https:\\\/\\\/blog.tmgrupoinmobiliario.com\\\/sv\\\/author\\\/indira\\\/\"}]}<\/script>\n<!-- \/ Yoast SEO Premium plugin. -->","yoast_head_json":{"title":"Azure Icons by TM: Medelhavet, en del av ditt nya hem - Svenska","description":"Tv\u00e5 torn med 18 v\u00e5ningar och magnifika havsutsikter, som erbjuder l\u00e4genheter med 1, 2 och 3 sovrum samt duplex-ombud med 3 sovrum solarium.","robots":{"index":"index","follow":"follow","max-snippet":"max-snippet:-1","max-image-preview":"max-image-preview:large","max-video-preview":"max-video-preview:-1"},"canonical":"https:\/\/blog.tmgrupoinmobiliario.com\/sv\/2025\/03\/13\/azure-icons-by-tm-medelhavet-en-del-av-ditt-nya-hem\/","og_locale":"sv_SE","og_type":"article","og_title":"Azure Icons by TM: Medelhavet, en del av ditt nya hem","og_description":"Tv\u00e5 torn med 18 v\u00e5ningar och magnifika havsutsikter, som erbjuder l\u00e4genheter med 1, 2 och 3 sovrum samt duplex-ombud med 3 sovrum solarium.","og_url":"https:\/\/blog.tmgrupoinmobiliario.com\/sv\/2025\/03\/13\/azure-icons-by-tm-medelhavet-en-del-av-ditt-nya-hem\/","og_site_name":"Svenska","article_published_time":"2025-03-13T09:04:43+00:00","article_modified_time":"2025-03-13T09:22:08+00:00","og_image":[{"width":1000,"height":666,"url":"https:\/\/blog.tmgrupoinmobiliario.com\/sv\/wp-content\/uploads\/sites\/6\/2025\/03\/Azure-Icons-by-TM-residencial-TM-Grupo-Inmobiliario-Calpe-2.jpg","type":"image\/jpeg"}],"author":"indira","twitter_card":"summary_large_image","twitter_misc":{"Skriven av":"indira","Ber\u00e4knad l\u00e4stid":"6 minuter"},"schema":{"@context":"https:\/\/schema.org","@graph":[{"@type":"Article","@id":"https:\/\/blog.tmgrupoinmobiliario.com\/sv\/2025\/03\/13\/azure-icons-by-tm-medelhavet-en-del-av-ditt-nya-hem\/#article","isPartOf":{"@id":"https:\/\/blog.tmgrupoinmobiliario.com\/sv\/2025\/03\/13\/azure-icons-by-tm-medelhavet-en-del-av-ditt-nya-hem\/"},"author":{"name":"indira","@id":"https:\/\/blog.tmgrupoinmobiliario.com\/sv\/#\/schema\/person\/bbbac745abadad64177a5ee6a73cbf7c"},"headline":"Azure Icons by TM: Medelhavet, en del av ditt nya hem","datePublished":"2025-03-13T09:04:43+00:00","dateModified":"2025-03-13T09:22:08+00:00","mainEntityOfPage":{"@id":"https:\/\/blog.tmgrupoinmobiliario.com\/sv\/2025\/03\/13\/azure-icons-by-tm-medelhavet-en-del-av-ditt-nya-hem\/"},"wordCount":1253,"commentCount":0,"image":{"@id":"https:\/\/blog.tmgrupoinmobiliario.com\/sv\/2025\/03\/13\/azure-icons-by-tm-medelhavet-en-del-av-ditt-nya-hem\/#primaryimage"},"thumbnailUrl":"https:\/\/blog.tmgrupoinmobiliario.com\/sv\/wp-content\/uploads\/sites\/6\/2025\/03\/Azure-Icons-by-TM-residencial-TM-Grupo-Inmobiliario-Calpe-2.jpg","keywords":["Azure Icons by TM","Calpe","duplex-ombud med solarium","l\u00e4genheter","TM Real Estate Group"],"articleSection":["Ditt nya hem"],"inLanguage":"sv-SE","potentialAction":[{"@type":"CommentAction","name":"Comment","target":["https:\/\/blog.tmgrupoinmobiliario.com\/sv\/2025\/03\/13\/azure-icons-by-tm-medelhavet-en-del-av-ditt-nya-hem\/#respond"]}]},{"@type":"WebPage","@id":"https:\/\/blog.tmgrupoinmobiliario.com\/sv\/2025\/03\/13\/azure-icons-by-tm-medelhavet-en-del-av-ditt-nya-hem\/","url":"https:\/\/blog.tmgrupoinmobiliario.com\/sv\/2025\/03\/13\/azure-icons-by-tm-medelhavet-en-del-av-ditt-nya-hem\/","name":"Azure Icons by TM: Medelhavet, en del av ditt nya hem - Svenska","isPartOf":{"@id":"https:\/\/blog.tmgrupoinmobiliario.com\/sv\/#website"},"primaryImageOfPage":{"@id":"https:\/\/blog.tmgrupoinmobiliario.com\/sv\/2025\/03\/13\/azure-icons-by-tm-medelhavet-en-del-av-ditt-nya-hem\/#primaryimage"},"image":{"@id":"https:\/\/blog.tmgrupoinmobiliario.com\/sv\/2025\/03\/13\/azure-icons-by-tm-medelhavet-en-del-av-ditt-nya-hem\/#primaryimage"},"thumbnailUrl":"https:\/\/blog.tmgrupoinmobiliario.com\/sv\/wp-content\/uploads\/sites\/6\/2025\/03\/Azure-Icons-by-TM-residencial-TM-Grupo-Inmobiliario-Calpe-2.jpg","datePublished":"2025-03-13T09:04:43+00:00","dateModified":"2025-03-13T09:22:08+00:00","author":{"@id":"https:\/\/blog.tmgrupoinmobiliario.com\/sv\/#\/schema\/person\/bbbac745abadad64177a5ee6a73cbf7c"},"description":"Tv\u00e5 torn med 18 v\u00e5ningar och magnifika havsutsikter, som erbjuder l\u00e4genheter med 1, 2 och 3 sovrum samt duplex-ombud med 3 sovrum solarium.","breadcrumb":{"@id":"https:\/\/blog.tmgrupoinmobiliario.com\/sv\/2025\/03\/13\/azure-icons-by-tm-medelhavet-en-del-av-ditt-nya-hem\/#breadcrumb"},"inLanguage":"sv-SE","potentialAction":[{"@type":"ReadAction","target":["https:\/\/blog.tmgrupoinmobiliario.com\/sv\/2025\/03\/13\/azure-icons-by-tm-medelhavet-en-del-av-ditt-nya-hem\/"]}]},{"@type":"ImageObject","inLanguage":"sv-SE","@id":"https:\/\/blog.tmgrupoinmobiliario.com\/sv\/2025\/03\/13\/azure-icons-by-tm-medelhavet-en-del-av-ditt-nya-hem\/#primaryimage","url":"https:\/\/blog.tmgrupoinmobiliario.com\/sv\/wp-content\/uploads\/sites\/6\/2025\/03\/Azure-Icons-by-TM-residencial-TM-Grupo-Inmobiliario-Calpe-2.jpg","contentUrl":"https:\/\/blog.tmgrupoinmobiliario.com\/sv\/wp-content\/uploads\/sites\/6\/2025\/03\/Azure-Icons-by-TM-residencial-TM-Grupo-Inmobiliario-Calpe-2.jpg","width":1000,"height":666,"caption":"Azure Icons by TM"},{"@type":"BreadcrumbList","@id":"https:\/\/blog.tmgrupoinmobiliario.com\/sv\/2025\/03\/13\/azure-icons-by-tm-medelhavet-en-del-av-ditt-nya-hem\/#breadcrumb","itemListElement":[{"@type":"ListItem","position":1,"name":"Portada","item":"https:\/\/blog.tmgrupoinmobiliario.com\/sv\/"},{"@type":"ListItem","position":2,"name":"Azure Icons by TM: Medelhavet, en del av ditt nya hem"}]},{"@type":"WebSite","@id":"https:\/\/blog.tmgrupoinmobiliario.com\/sv\/#website","url":"https:\/\/blog.tmgrupoinmobiliario.com\/sv\/","name":"Svenska","description":"Otro sitio m\u00e1s de Blog Desarrollo TM sitios","potentialAction":[{"@type":"SearchAction","target":{"@type":"EntryPoint","urlTemplate":"https:\/\/blog.tmgrupoinmobiliario.com\/sv\/?s={search_term_string}"},"query-input":{"@type":"PropertyValueSpecification","valueRequired":true,"valueName":"search_term_string"}}],"inLanguage":"sv-SE"},{"@type":"Person","@id":"https:\/\/blog.tmgrupoinmobiliario.com\/sv\/#\/schema\/person\/bbbac745abadad64177a5ee6a73cbf7c","name":"indira","image":{"@type":"ImageObject","inLanguage":"sv-SE","@id":"https:\/\/secure.gravatar.com\/avatar\/e9bcc7a0bb2179240c56a1875899ce9a1dfa15d5b7527f71259eaee6010d7203?s=96&d=mm&r=g","url":"https:\/\/secure.gravatar.com\/avatar\/e9bcc7a0bb2179240c56a1875899ce9a1dfa15d5b7527f71259eaee6010d7203?s=96&d=mm&r=g","contentUrl":"https:\/\/secure.gravatar.com\/avatar\/e9bcc7a0bb2179240c56a1875899ce9a1dfa15d5b7527f71259eaee6010d7203?s=96&d=mm&r=g","caption":"indira"},"url":"https:\/\/blog.tmgrupoinmobiliario.com\/sv\/author\/indira\/"}]}},"jetpack_featured_media_url":"https:\/\/blog.tmgrupoinmobiliario.com\/sv\/wp-content\/uploads\/sites\/6\/2025\/03\/Azure-Icons-by-TM-residencial-TM-Grupo-Inmobiliario-Calpe-2.jpg","jetpack_sharing_enabled":true,"_links":{"self":[{"href":"https:\/\/blog.tmgrupoinmobiliario.com\/sv\/wp-json\/wp\/v2\/posts\/17782","targetHints":{"allow":["GET"]}}],"collection":[{"href":"https:\/\/blog.tmgrupoinmobiliario.com\/sv\/wp-json\/wp\/v2\/posts"}],"about":[{"href":"https:\/\/blog.tmgrupoinmobiliario.com\/sv\/wp-json\/wp\/v2\/types\/post"}],"author":[{"embeddable":true,"href":"https:\/\/blog.tmgrupoinmobiliario.com\/sv\/wp-json\/wp\/v2\/users\/11729"}],"replies":[{"embeddable":true,"href":"https:\/\/blog.tmgrupoinmobiliario.com\/sv\/wp-json\/wp\/v2\/comments?post=17782"}],"version-history":[{"count":3,"href":"https:\/\/blog.tmgrupoinmobiliario.com\/sv\/wp-json\/wp\/v2\/posts\/17782\/revisions"}],"predecessor-version":[{"id":17790,"href":"https:\/\/blog.tmgrupoinmobiliario.com\/sv\/wp-json\/wp\/v2\/posts\/17782\/revisions\/17790"}],"wp:featuredmedia":[{"embeddable":true,"href":"https:\/\/blog.tmgrupoinmobiliario.com\/sv\/wp-json\/wp\/v2\/media\/17785"}],"wp:attachment":[{"href":"https:\/\/blog.tmgrupoinmobiliario.com\/sv\/wp-json\/wp\/v2\/media?parent=17782"}],"wp:term":[{"taxonomy":"category","embeddable":true,"href":"https:\/\/blog.tmgrupoinmobiliario.com\/sv\/wp-json\/wp\/v2\/categories?post=17782"},{"taxonomy":"post_tag","embeddable":true,"href":"https:\/\/blog.tmgrupoinmobiliario.com\/sv\/wp-json\/wp\/v2\/tags?post=17782"}],"curies":[{"name":"wp","href":"https:\/\/api.w.org\/{rel}","templated":true}]}}