{"id":17634,"date":"2024-07-08T10:08:52","date_gmt":"2024-07-08T08:08:52","guid":{"rendered":"https:\/\/blog.tmgrupoinmobiliario.com\/sv\/?p=17634"},"modified":"2024-07-08T10:08:52","modified_gmt":"2024-07-08T08:08:52","slug":"holdingbolaget-tm-real-estate-group-okar-omsattningen-med-22-till-3168-miljoner-euro","status":"publish","type":"post","link":"https:\/\/blog.tmgrupoinmobiliario.com\/sv\/2024\/07\/08\/holdingbolaget-tm-real-estate-group-okar-omsattningen-med-22-till-3168-miljoner-euro\/","title":{"rendered":"Holdingbolaget TM Real Estate Group \u00f6kar oms\u00e4ttningen med 22 % till 316,8 miljoner euro"},"content":{"rendered":"<p><strong>Alicante, den 11 juni 2024 <\/strong>\u2013 <a href=\"https:\/\/www.tmgrupoinmobiliario.com\/\"><strong>TM Real Estate Group<\/strong><\/a>, ett ledande holdingbolag inom bostads-, hotell- och semesterturismen i Alicante och specialist p\u00e5 konstruktion och marknadsf\u00f6ring av semesterbost\u00e4der l\u00e4ngs Medelhavskusten och i Karibien, har presenterat sin konsoliderade oms\u00e4ttning f\u00f6r r\u00e4kenskaps\u00e5ret 2023 med <strong>en total oms\u00e4ttning p\u00e5 316,8\u00a0miljoner euro, 22\u00a0% mer \u00e4n under r\u00e4kenskaps\u00e5ret 2022.<\/strong> Dessa rekordsiffror har \u00e5terspeglats i ett utm\u00e4rkt konsoliderat <strong>r\u00f6relseresultat, som uppgick till 77,5\u00a0miljoner euro \u2013 23\u00a0% mer \u00e4n under f\u00f6reg\u00e5ende period.<\/strong><\/p>\n<p>&nbsp;<\/p>\n<h3><span style=\"color: #e51e36\"><strong>Ledande inom sektorn f\u00f6r bostadsturism<\/strong><\/span><\/h3>\n<p>Under r\u00e4kenskaps\u00e5ret 2023 bef\u00e4ste fastighetsbolaget sitt ledarskap inom sektorn f\u00f6r bostadsturism i Spanien genom att <strong>leverera totalt 696 bost\u00e4der, 33\u00a0% fler \u00e4n 2022, och investera 40 miljoner euro<\/strong> i f\u00f6rv\u00e4rv av ny strategisk mark i Medelhavsomr\u00e5det. TM har f\u00f6r n\u00e4rvarande en miljon kvadratmeter mark i sin portf\u00f6lj, vilket motsvarar cirka 11\u00a0500 bost\u00e4der.<\/p>\n<p>Fastighetsbolaget har f\u00f6r n\u00e4rvarande <strong>26 projekt och 1\u00a0800 bost\u00e4der<\/strong> under uppf\u00f6rande och planerar att forts\u00e4tta sin h\u00e5llbara tillv\u00e4xt tack vare den nya strategiska planen 2024\u20132027, d\u00e4r m\u00e5let \u00e4r att n\u00e5 en oms\u00e4ttning p\u00e5 <strong>1,1 miljarder, 3\u00a0000 f\u00f6rs\u00e4ljningar och 3\u00a0000 \u00f6verl\u00e4mnanden<\/strong> i slutet av perioden. F\u00f6r att uppn\u00e5 detta planerar f\u00f6retaget att f\u00f6rdubbla sina investeringar i markf\u00f6rv\u00e4rv j\u00e4mf\u00f6rt med den tidigare strategiska perioden 20\u201323.<\/p>\n<p>TM:s kundprofil \u00e4r i h\u00f6g grad internationell och under 2023 <strong>kom kunderna fr\u00e5n 37 olika nationaliteter<\/strong>. <strong>8 av 10 k\u00f6p kom fr\u00e5n den internationella marknaden<\/strong>, d\u00e4r resultat fr\u00e5n l\u00e4nder som <strong>Polen (18\u00a0%), Belgien (11\u00a0%), Ukraina (8\u00a0%) och Nederl\u00e4nderna (6\u00a0%) sticker ut<\/strong>.<strong> P\u00e5 samma s\u00e4tt har f\u00f6retaget \u00e5terigen \u00f6vertr\u00e4ffat 95\u00a0% genomsnittlig kundn\u00f6jdhet och 86\u00a0% n\u00f6jdhet bland sina leverant\u00f6rer<\/strong>, vilket visar p\u00e5 f\u00f6retagets fasta engagemang f\u00f6r spetskompetens till\u00e4mpad bland dess intressenter.<\/p>\n<p>Med dessa siffror har det Torrevieja-baserade f\u00f6retaget uppn\u00e5tt aff\u00e4rsm\u00e5len i sin strategiska plan 2020\u201323, trots de os\u00e4kerheter som r\u00e5tt under dessa \u00e5r med covid-19, kriget i Ukraina, inflationen och pris\u00f6kningen p\u00e5 r\u00e5varor, och har <strong>bef\u00e4st sin position som ett av de tio st\u00f6rsta f\u00f6retagen inom sektorn f\u00f6r fastighetsutveckling i Spanien<\/strong>.<\/p>\n<p><strong>\u00a0<\/strong><\/p>\n<h3><span style=\"color: #e51e36\"><strong>Konsolidering av hotellverksamheten och diversifiering av holdingbolaget<\/strong><\/span><\/h3>\n<p><strong>Hotellverksamheten i Mexiko, som drivs under varum\u00e4rket The Fives Hotels &amp; Residences, avslutade r\u00e4kenskaps\u00e5ret 2023 med en oms\u00e4ttning p\u00e5 53,7 miljoner euro, vilket motsvarar 17\u00a0% av koncernens totala oms\u00e4ttning.<\/strong> Holdingbolagets hotellverksamhet st\u00e5r ocks\u00e5 inf\u00f6r en ny strategisk period med h\u00e5llbar tillv\u00e4xt som st\u00f6ds av de <strong>1\u00a0000 nycklar<\/strong> som f\u00f6rvaltas i Riviera Maya, d\u00e4r man nyligen har uppf\u00f6rt ett nytt hotell: The Beachfront.<strong> The Fives r\u00e4knar med att n\u00e5 en oms\u00e4ttning p\u00e5 80 miljoner euro \u00e5r 2027<\/strong>, vilket \u00e4r siffror som kommer att bef\u00e4sta f\u00f6retaget som en referens i turistbranschen i Mexiko.<\/p>\n<p>N\u00e4r det g\u00e4ller de \u00f6vriga aff\u00e4rsomr\u00e5dena avslutade jordbruksverksamheten \u201dLas Moreras Fruit &amp; Veggies\u201d 2023 med en total produktion av <strong>2,6 miljoner kilo citrusfrukter<\/strong> (37\u00a0% mer \u00e4n 2022), verksamheten f\u00f6r semesteruthyrning \u201dMar Holidays\u201d hanterade n\u00e4ra <strong>2\u00a0100 bokningar<\/strong> (18\u00a0% mer) och filialen f\u00f6r f\u00f6rnybar energi forts\u00e4tter med fyra p\u00e5g\u00e5ende projekt i Alicante.<\/p>\n<p><strong>\u00a0<\/strong><\/p>\n<h3><span style=\"color: #e51e36\"><strong>Betydande framsteg i dess \u00f6vergripande plan f\u00f6r ansvarsfullt f\u00f6retagande<\/strong><\/span><\/h3>\n<p>TM har fr\u00e4mjat sin h\u00e5llbarhetsstrategi under 2023 och lyckats uppfylla <strong>90\u00a0% av sina 50 \u00e5taganden inom milj\u00f6, sociala fr\u00e5gor och god f\u00f6retagsstyrning som anges i dess \u00f6vergripande plan f\u00f6r ansvarsfullt f\u00f6retagande<\/strong>. Holdingbolaget f\u00f6rst\u00e4rker d\u00e4rmed sitt \u00e5tagande att skapa v\u00e4rde f\u00f6r alla sina intressenter. TM har under de senaste fyra \u00e5ren investerat 1,12 miljoner euro i 218 projekt f\u00f6r ansvarsfullt f\u00f6retagande som har gynnat 45\u00a0000 personer i Spanien och Mexiko<strong>. <\/strong>Inom de n\u00e4rmaste dagarna v\u00e4ntas TM presentera sin nya h\u00e5llbarhetsrapport, som inneh\u00e5ller de viktigaste milstolparna inom milj\u00f6, sociala fr\u00e5gor och god f\u00f6retagsstyrning (ESG).<\/p>\n<h3>\n<span style=\"color: #e51e36\"><strong>Utsikter f\u00f6r 2024 och nytt huvudkontor 2025<\/strong><\/span><\/h3>\n<p>N\u00e4r det g\u00e4ller utvecklingsverksamheten har <strong>TM redan s\u00e4krat 80\u00a0% av sina oms\u00e4ttningsm\u00e5l f\u00f6r r\u00e4kenskaps\u00e5ret 2024 under \u00e5rets f\u00f6rsta kvartal<\/strong>.<\/p>\n<p>D\u00e4rut\u00f6ver g\u00f6r f\u00f6retaget framsteg i byggandet av <strong>sitt nya huvudkontor<\/strong> i Torrevieja. Denna toppmoderna byggnad, som kommer att hysa cirka 200 medarbetare och uppfylla h\u00f6ga krav p\u00e5 h\u00e5llbarhet, v\u00e4lbefinnande, smart byggnation och tillg\u00e4nglighet, f\u00f6rv\u00e4ntas invigas 2025.<\/p>\n<p><strong>Pablo Serna<\/strong>, VD f\u00f6r TM Real Estate Group: \u201d\u00c4ven i \u00e5r har v\u00e5rt holdingbolag visat sin solvens genom att sl\u00e5 rekord i b\u00e5de f\u00f6rs\u00e4ljning och l\u00f6nsamhet och n\u00e5 de m\u00e5l vi satte upp i v\u00e5r strategiska plan 20\u201323. Denna framg\u00e5ng hade inte varit m\u00f6jlig utan v\u00e5ra 1\u00a0800 medarbetares, v\u00e5ra leverant\u00f6rers och v\u00e5ra partners engagemang \u2013 och inte heller utan det f\u00f6rtroende som v\u00e5ra kunder visar oss varje dag. Under 2024 st\u00e5r vi inf\u00f6r en ny strategisk period med siktet inst\u00e4llt p\u00e5 att uppn\u00e5 h\u00e5llbar tillv\u00e4xt inom alla v\u00e5ra aff\u00e4rsomr\u00e5den, och vi \u00e4r \u00f6vertygade om att vi har den strategi och de talanger som kr\u00e4vs f\u00f6r att g\u00f6ra v\u00e5r vision till en framg\u00e5ngsrik verklighet\u201d.<\/p>\n<p><img loading=\"lazy\" decoding=\"async\" class=\"aligncenter wp-image-24889 size-large\" title=\"Infograf\u00eda nueva sede corporativa de TM Grupo Inmobiliario\" src=\"https:\/\/www.tmgrupoinmobiliario.com\/blog\/wp-content\/uploads\/2024\/06\/6.8-Nueva-sede-exterior-noche-1024x576.jpg\" alt=\"Infograf\u00eda nueva sede corporativa de TM Grupo Inmobiliario\" width=\"1024\" height=\"576\" \/><\/p>\n","protected":false},"excerpt":{"rendered":"<p>Alicante, den 11 juni 2024 \u2013 TM Real Estate Group, ett ledande holdingbolag inom bostads-, hotell- och semesterturismen i Alicante och specialist p\u00e5 konstruktion och marknadsf\u00f6ring av semesterbost\u00e4der l\u00e4ngs Medelhavskusten och i Karibien, har presenterat sin konsoliderade oms\u00e4ttning f\u00f6r r\u00e4kenskaps\u00e5ret 2023 med en total oms\u00e4ttning p\u00e5 316,8\u00a0miljoner euro, 22\u00a0% mer \u00e4n under r\u00e4kenskaps\u00e5ret 2022. Dessa [&hellip;]<\/p>\n","protected":false},"author":11730,"featured_media":17638,"comment_status":"open","ping_status":"open","sticky":false,"template":"","format":"standard","meta":{"_jetpack_memberships_contains_paid_content":false,"footnotes":""},"categories":[21,11,20,487,18],"tags":[399,405],"class_list":["post-17634","post","type-post","status-publish","format-standard","has-post-thumbnail","hentry","category-actualidad-tm","category-corporativo","category-notas-prensa","category-tm-nyheter","category-blog-2","tag-tag-all","tag-tag-compromise-en-2","formato-comunicacion"],"better_featured_image":{"id":17638,"alt_text":"","caption":"","description":"","media_type":"image","media_details":{"width":1000,"height":666,"file":"2024\/07\/Sin-titulo-302.png","filesize":1004171,"sizes":{"medium":{"file":"Sin-titulo-302-300x200.png","width":300,"height":200,"mime-type":"image\/png","filesize":93848,"source_url":"https:\/\/blog.tmgrupoinmobiliario.com\/sv\/wp-content\/uploads\/sites\/6\/2024\/07\/Sin-titulo-302-300x200.png"},"thumbnail":{"file":"Sin-titulo-302-150x150.png","width":150,"height":150,"mime-type":"image\/png","filesize":39537,"source_url":"https:\/\/blog.tmgrupoinmobiliario.com\/sv\/wp-content\/uploads\/sites\/6\/2024\/07\/Sin-titulo-302-150x150.png"},"medium_large":{"file":"Sin-titulo-302-768x511.png","width":768,"height":511,"mime-type":"image\/png","filesize":495538,"source_url":"https:\/\/blog.tmgrupoinmobiliario.com\/sv\/wp-content\/uploads\/sites\/6\/2024\/07\/Sin-titulo-302-768x511.png"}},"image_meta":{"aperture":"0","credit":"","camera":"","caption":"","created_timestamp":"0","copyright":"","focal_length":"0","iso":"0","shutter_speed":"0","title":"","orientation":"0","keywords":[]}},"post":17634,"source_url":"https:\/\/blog.tmgrupoinmobiliario.com\/sv\/wp-content\/uploads\/sites\/6\/2024\/07\/Sin-titulo-302.png"},"acf":{"imagen_destacada_desktop":"https:\/\/blog.tmgrupoinmobiliario.com\/sv\/wp-content\/uploads\/sites\/6\/2024\/07\/Sin-titulo-311-1.png","imagen_destacada_mobile":"https:\/\/blog.tmgrupoinmobiliario.com\/sv\/wp-content\/uploads\/sites\/6\/2024\/07\/Sin-titulo-282.png","formato":{"term_id":17,"name":"Comunicaci\u00f3n","slug":"comunicacion","term_group":0,"term_taxonomy_id":17,"taxonomy":"formato","description":"","parent":0,"count":60,"filter":"raw"},"entradilla":"\u2022\tF\u00f6r tredje \u00e5ret i rad har f\u00f6retaget \u00f6kat sin oms\u00e4ttning och uppn\u00e5tt ett konsoliderat r\u00f6relseresultat p\u00e5 77,5 miljoner euro, 23 % mer \u00e4n f\u00f6reg\u00e5ende \u00e5r.\r\n\u2022\tUnder 2023 levererade f\u00f6retaget i Alicante 696 bost\u00e4der, 33 % mer \u00e4n 2022, och investerade 40 miljoner euro i f\u00f6rv\u00e4rv av ny strategisk mark. Dessa siffror bef\u00e4ster TM som en ledare inom sektorn f\u00f6r bostadsturism och ett av de tio st\u00f6rsta f\u00f6retagen inom sektorn f\u00f6r fastighetsutveckling i Spanien.\r\n\u2022\tHotellverksamheten i Mexiko, som \u00f6ppnade sitt fj\u00e4rde hotell under det senaste r\u00e4kenskaps\u00e5ret, har haft en oms\u00e4ttning p\u00e5 53,7 miljoner euro och st\u00e5r nu f\u00f6r 17 % av koncernens oms\u00e4ttning.\r\n","etiquetas":"","cabecera_escritorio":"https:\/\/blog.tmgrupoinmobiliario.com\/sv\/wp-content\/uploads\/sites\/6\/2024\/07\/Sin-titulo-321.png","cabecera_mobile":"https:\/\/blog.tmgrupoinmobiliario.com\/sv\/wp-content\/uploads\/sites\/6\/2024\/07\/Sin-titulo-291.png","galeria":false},"yoast_head":"<!-- This site is optimized with the Yoast SEO Premium plugin v23.6 (Yoast SEO v27.5) - https:\/\/yoast.com\/product\/yoast-seo-premium-wordpress\/ -->\n<title>Holdingbolaget TM Real Estate Group \u00f6kar oms\u00e4ttningen med 22 % till 316,8 miljoner euro - Svenska<\/title>\n<meta name=\"robots\" content=\"index, follow, max-snippet:-1, max-image-preview:large, max-video-preview:-1\" \/>\n<link rel=\"canonical\" href=\"https:\/\/blog.tmgrupoinmobiliario.com\/sv\/2024\/07\/08\/holdingbolaget-tm-real-estate-group-okar-omsattningen-med-22-till-3168-miljoner-euro\/\" \/>\n<meta property=\"og:locale\" content=\"sv_SE\" \/>\n<meta property=\"og:type\" content=\"article\" \/>\n<meta property=\"og:title\" content=\"Holdingbolaget TM Real Estate Group \u00f6kar oms\u00e4ttningen med 22 % till 316,8 miljoner euro\" \/>\n<meta property=\"og:description\" content=\"Alicante, den 11 juni 2024 \u2013 TM Real Estate Group, ett ledande holdingbolag inom bostads-, hotell- och semesterturismen i Alicante och specialist p\u00e5 konstruktion och marknadsf\u00f6ring av semesterbost\u00e4der l\u00e4ngs Medelhavskusten och i Karibien, har presenterat sin konsoliderade oms\u00e4ttning f\u00f6r r\u00e4kenskaps\u00e5ret 2023 med en total oms\u00e4ttning p\u00e5 316,8\u00a0miljoner euro, 22\u00a0% mer \u00e4n under r\u00e4kenskaps\u00e5ret 2022. Dessa [&hellip;]\" \/>\n<meta property=\"og:url\" content=\"https:\/\/blog.tmgrupoinmobiliario.com\/sv\/2024\/07\/08\/holdingbolaget-tm-real-estate-group-okar-omsattningen-med-22-till-3168-miljoner-euro\/\" \/>\n<meta property=\"og:site_name\" content=\"Svenska\" \/>\n<meta property=\"article:published_time\" content=\"2024-07-08T08:08:52+00:00\" \/>\n<meta property=\"og:image\" content=\"https:\/\/blog.tmgrupoinmobiliario.com\/sv\/wp-content\/uploads\/sites\/6\/2024\/07\/Sin-titulo-302.png\" \/>\n\t<meta property=\"og:image:width\" content=\"1000\" \/>\n\t<meta property=\"og:image:height\" content=\"666\" \/>\n\t<meta property=\"og:image:type\" content=\"image\/png\" \/>\n<meta name=\"author\" content=\"laurabm\" \/>\n<meta name=\"twitter:card\" content=\"summary_large_image\" \/>\n<meta name=\"twitter:label1\" content=\"Skriven av\" \/>\n\t<meta name=\"twitter:data1\" content=\"laurabm\" \/>\n\t<meta name=\"twitter:label2\" content=\"Ber\u00e4knad l\u00e4stid\" \/>\n\t<meta name=\"twitter:data2\" content=\"5 minuter\" \/>\n<script type=\"application\/ld+json\" class=\"yoast-schema-graph\">{\"@context\":\"https:\\\/\\\/schema.org\",\"@graph\":[{\"@type\":\"Article\",\"@id\":\"https:\\\/\\\/blog.tmgrupoinmobiliario.com\\\/sv\\\/2024\\\/07\\\/08\\\/holdingbolaget-tm-real-estate-group-okar-omsattningen-med-22-till-3168-miljoner-euro\\\/#article\",\"isPartOf\":{\"@id\":\"https:\\\/\\\/blog.tmgrupoinmobiliario.com\\\/sv\\\/2024\\\/07\\\/08\\\/holdingbolaget-tm-real-estate-group-okar-omsattningen-med-22-till-3168-miljoner-euro\\\/\"},\"author\":{\"name\":\"laurabm\",\"@id\":\"https:\\\/\\\/blog.tmgrupoinmobiliario.com\\\/sv\\\/#\\\/schema\\\/person\\\/ad7d97239ce82e1af205d57b005d3c36\"},\"headline\":\"Holdingbolaget TM Real Estate Group \u00f6kar oms\u00e4ttningen med 22 % till 316,8 miljoner euro\",\"datePublished\":\"2024-07-08T08:08:52+00:00\",\"mainEntityOfPage\":{\"@id\":\"https:\\\/\\\/blog.tmgrupoinmobiliario.com\\\/sv\\\/2024\\\/07\\\/08\\\/holdingbolaget-tm-real-estate-group-okar-omsattningen-med-22-till-3168-miljoner-euro\\\/\"},\"wordCount\":866,\"commentCount\":0,\"image\":{\"@id\":\"https:\\\/\\\/blog.tmgrupoinmobiliario.com\\\/sv\\\/2024\\\/07\\\/08\\\/holdingbolaget-tm-real-estate-group-okar-omsattningen-med-22-till-3168-miljoner-euro\\\/#primaryimage\"},\"thumbnailUrl\":\"https:\\\/\\\/blog.tmgrupoinmobiliario.com\\\/sv\\\/wp-content\\\/uploads\\\/sites\\\/6\\\/2024\\\/07\\\/Sin-titulo-302.png\",\"keywords\":[\"tag-all\",\"tag-compromise\"],\"articleSection\":[\"Actualidad TM\",\"Corporativo\",\"Notas de prensa\",\"Nyheter TM\",\"TM Nyheter\"],\"inLanguage\":\"sv-SE\",\"potentialAction\":[{\"@type\":\"CommentAction\",\"name\":\"Comment\",\"target\":[\"https:\\\/\\\/blog.tmgrupoinmobiliario.com\\\/sv\\\/2024\\\/07\\\/08\\\/holdingbolaget-tm-real-estate-group-okar-omsattningen-med-22-till-3168-miljoner-euro\\\/#respond\"]}]},{\"@type\":\"WebPage\",\"@id\":\"https:\\\/\\\/blog.tmgrupoinmobiliario.com\\\/sv\\\/2024\\\/07\\\/08\\\/holdingbolaget-tm-real-estate-group-okar-omsattningen-med-22-till-3168-miljoner-euro\\\/\",\"url\":\"https:\\\/\\\/blog.tmgrupoinmobiliario.com\\\/sv\\\/2024\\\/07\\\/08\\\/holdingbolaget-tm-real-estate-group-okar-omsattningen-med-22-till-3168-miljoner-euro\\\/\",\"name\":\"Holdingbolaget TM Real Estate Group \u00f6kar oms\u00e4ttningen med 22 % till 316,8 miljoner euro - Svenska\",\"isPartOf\":{\"@id\":\"https:\\\/\\\/blog.tmgrupoinmobiliario.com\\\/sv\\\/#website\"},\"primaryImageOfPage\":{\"@id\":\"https:\\\/\\\/blog.tmgrupoinmobiliario.com\\\/sv\\\/2024\\\/07\\\/08\\\/holdingbolaget-tm-real-estate-group-okar-omsattningen-med-22-till-3168-miljoner-euro\\\/#primaryimage\"},\"image\":{\"@id\":\"https:\\\/\\\/blog.tmgrupoinmobiliario.com\\\/sv\\\/2024\\\/07\\\/08\\\/holdingbolaget-tm-real-estate-group-okar-omsattningen-med-22-till-3168-miljoner-euro\\\/#primaryimage\"},\"thumbnailUrl\":\"https:\\\/\\\/blog.tmgrupoinmobiliario.com\\\/sv\\\/wp-content\\\/uploads\\\/sites\\\/6\\\/2024\\\/07\\\/Sin-titulo-302.png\",\"datePublished\":\"2024-07-08T08:08:52+00:00\",\"author\":{\"@id\":\"https:\\\/\\\/blog.tmgrupoinmobiliario.com\\\/sv\\\/#\\\/schema\\\/person\\\/ad7d97239ce82e1af205d57b005d3c36\"},\"breadcrumb\":{\"@id\":\"https:\\\/\\\/blog.tmgrupoinmobiliario.com\\\/sv\\\/2024\\\/07\\\/08\\\/holdingbolaget-tm-real-estate-group-okar-omsattningen-med-22-till-3168-miljoner-euro\\\/#breadcrumb\"},\"inLanguage\":\"sv-SE\",\"potentialAction\":[{\"@type\":\"ReadAction\",\"target\":[\"https:\\\/\\\/blog.tmgrupoinmobiliario.com\\\/sv\\\/2024\\\/07\\\/08\\\/holdingbolaget-tm-real-estate-group-okar-omsattningen-med-22-till-3168-miljoner-euro\\\/\"]}]},{\"@type\":\"ImageObject\",\"inLanguage\":\"sv-SE\",\"@id\":\"https:\\\/\\\/blog.tmgrupoinmobiliario.com\\\/sv\\\/2024\\\/07\\\/08\\\/holdingbolaget-tm-real-estate-group-okar-omsattningen-med-22-till-3168-miljoner-euro\\\/#primaryimage\",\"url\":\"https:\\\/\\\/blog.tmgrupoinmobiliario.com\\\/sv\\\/wp-content\\\/uploads\\\/sites\\\/6\\\/2024\\\/07\\\/Sin-titulo-302.png\",\"contentUrl\":\"https:\\\/\\\/blog.tmgrupoinmobiliario.com\\\/sv\\\/wp-content\\\/uploads\\\/sites\\\/6\\\/2024\\\/07\\\/Sin-titulo-302.png\",\"width\":1000,\"height\":666},{\"@type\":\"BreadcrumbList\",\"@id\":\"https:\\\/\\\/blog.tmgrupoinmobiliario.com\\\/sv\\\/2024\\\/07\\\/08\\\/holdingbolaget-tm-real-estate-group-okar-omsattningen-med-22-till-3168-miljoner-euro\\\/#breadcrumb\",\"itemListElement\":[{\"@type\":\"ListItem\",\"position\":1,\"name\":\"Portada\",\"item\":\"https:\\\/\\\/blog.tmgrupoinmobiliario.com\\\/sv\\\/\"},{\"@type\":\"ListItem\",\"position\":2,\"name\":\"Holdingbolaget TM Real Estate Group \u00f6kar oms\u00e4ttningen med 22 % till 316,8 miljoner euro\"}]},{\"@type\":\"WebSite\",\"@id\":\"https:\\\/\\\/blog.tmgrupoinmobiliario.com\\\/sv\\\/#website\",\"url\":\"https:\\\/\\\/blog.tmgrupoinmobiliario.com\\\/sv\\\/\",\"name\":\"Svenska\",\"description\":\"Otro sitio m\u00e1s de Blog Desarrollo TM sitios\",\"potentialAction\":[{\"@type\":\"SearchAction\",\"target\":{\"@type\":\"EntryPoint\",\"urlTemplate\":\"https:\\\/\\\/blog.tmgrupoinmobiliario.com\\\/sv\\\/?s={search_term_string}\"},\"query-input\":{\"@type\":\"PropertyValueSpecification\",\"valueRequired\":true,\"valueName\":\"search_term_string\"}}],\"inLanguage\":\"sv-SE\"},{\"@type\":\"Person\",\"@id\":\"https:\\\/\\\/blog.tmgrupoinmobiliario.com\\\/sv\\\/#\\\/schema\\\/person\\\/ad7d97239ce82e1af205d57b005d3c36\",\"name\":\"laurabm\",\"image\":{\"@type\":\"ImageObject\",\"inLanguage\":\"sv-SE\",\"@id\":\"https:\\\/\\\/secure.gravatar.com\\\/avatar\\\/a97e415f97899fc38aade30ac2e3143fcda2a8b75542722fce9a26dd00745c13?s=96&d=mm&r=g\",\"url\":\"https:\\\/\\\/secure.gravatar.com\\\/avatar\\\/a97e415f97899fc38aade30ac2e3143fcda2a8b75542722fce9a26dd00745c13?s=96&d=mm&r=g\",\"contentUrl\":\"https:\\\/\\\/secure.gravatar.com\\\/avatar\\\/a97e415f97899fc38aade30ac2e3143fcda2a8b75542722fce9a26dd00745c13?s=96&d=mm&r=g\",\"caption\":\"laurabm\"},\"url\":\"https:\\\/\\\/blog.tmgrupoinmobiliario.com\\\/sv\\\/author\\\/laurabm\\\/\"}]}<\/script>\n<!-- \/ Yoast SEO Premium plugin. -->","yoast_head_json":{"title":"Holdingbolaget TM Real Estate Group \u00f6kar oms\u00e4ttningen med 22 % till 316,8 miljoner euro - Svenska","robots":{"index":"index","follow":"follow","max-snippet":"max-snippet:-1","max-image-preview":"max-image-preview:large","max-video-preview":"max-video-preview:-1"},"canonical":"https:\/\/blog.tmgrupoinmobiliario.com\/sv\/2024\/07\/08\/holdingbolaget-tm-real-estate-group-okar-omsattningen-med-22-till-3168-miljoner-euro\/","og_locale":"sv_SE","og_type":"article","og_title":"Holdingbolaget TM Real Estate Group \u00f6kar oms\u00e4ttningen med 22 % till 316,8 miljoner euro","og_description":"Alicante, den 11 juni 2024 \u2013 TM Real Estate Group, ett ledande holdingbolag inom bostads-, hotell- och semesterturismen i Alicante och specialist p\u00e5 konstruktion och marknadsf\u00f6ring av semesterbost\u00e4der l\u00e4ngs Medelhavskusten och i Karibien, har presenterat sin konsoliderade oms\u00e4ttning f\u00f6r r\u00e4kenskaps\u00e5ret 2023 med en total oms\u00e4ttning p\u00e5 316,8\u00a0miljoner euro, 22\u00a0% mer \u00e4n under r\u00e4kenskaps\u00e5ret 2022. Dessa [&hellip;]","og_url":"https:\/\/blog.tmgrupoinmobiliario.com\/sv\/2024\/07\/08\/holdingbolaget-tm-real-estate-group-okar-omsattningen-med-22-till-3168-miljoner-euro\/","og_site_name":"Svenska","article_published_time":"2024-07-08T08:08:52+00:00","og_image":[{"width":1000,"height":666,"url":"https:\/\/blog.tmgrupoinmobiliario.com\/sv\/wp-content\/uploads\/sites\/6\/2024\/07\/Sin-titulo-302.png","type":"image\/png"}],"author":"laurabm","twitter_card":"summary_large_image","twitter_misc":{"Skriven av":"laurabm","Ber\u00e4knad l\u00e4stid":"5 minuter"},"schema":{"@context":"https:\/\/schema.org","@graph":[{"@type":"Article","@id":"https:\/\/blog.tmgrupoinmobiliario.com\/sv\/2024\/07\/08\/holdingbolaget-tm-real-estate-group-okar-omsattningen-med-22-till-3168-miljoner-euro\/#article","isPartOf":{"@id":"https:\/\/blog.tmgrupoinmobiliario.com\/sv\/2024\/07\/08\/holdingbolaget-tm-real-estate-group-okar-omsattningen-med-22-till-3168-miljoner-euro\/"},"author":{"name":"laurabm","@id":"https:\/\/blog.tmgrupoinmobiliario.com\/sv\/#\/schema\/person\/ad7d97239ce82e1af205d57b005d3c36"},"headline":"Holdingbolaget TM Real Estate Group \u00f6kar oms\u00e4ttningen med 22 % till 316,8 miljoner euro","datePublished":"2024-07-08T08:08:52+00:00","mainEntityOfPage":{"@id":"https:\/\/blog.tmgrupoinmobiliario.com\/sv\/2024\/07\/08\/holdingbolaget-tm-real-estate-group-okar-omsattningen-med-22-till-3168-miljoner-euro\/"},"wordCount":866,"commentCount":0,"image":{"@id":"https:\/\/blog.tmgrupoinmobiliario.com\/sv\/2024\/07\/08\/holdingbolaget-tm-real-estate-group-okar-omsattningen-med-22-till-3168-miljoner-euro\/#primaryimage"},"thumbnailUrl":"https:\/\/blog.tmgrupoinmobiliario.com\/sv\/wp-content\/uploads\/sites\/6\/2024\/07\/Sin-titulo-302.png","keywords":["tag-all","tag-compromise"],"articleSection":["Actualidad TM","Corporativo","Notas de prensa","Nyheter TM","TM Nyheter"],"inLanguage":"sv-SE","potentialAction":[{"@type":"CommentAction","name":"Comment","target":["https:\/\/blog.tmgrupoinmobiliario.com\/sv\/2024\/07\/08\/holdingbolaget-tm-real-estate-group-okar-omsattningen-med-22-till-3168-miljoner-euro\/#respond"]}]},{"@type":"WebPage","@id":"https:\/\/blog.tmgrupoinmobiliario.com\/sv\/2024\/07\/08\/holdingbolaget-tm-real-estate-group-okar-omsattningen-med-22-till-3168-miljoner-euro\/","url":"https:\/\/blog.tmgrupoinmobiliario.com\/sv\/2024\/07\/08\/holdingbolaget-tm-real-estate-group-okar-omsattningen-med-22-till-3168-miljoner-euro\/","name":"Holdingbolaget TM Real Estate Group \u00f6kar oms\u00e4ttningen med 22 % till 316,8 miljoner euro - Svenska","isPartOf":{"@id":"https:\/\/blog.tmgrupoinmobiliario.com\/sv\/#website"},"primaryImageOfPage":{"@id":"https:\/\/blog.tmgrupoinmobiliario.com\/sv\/2024\/07\/08\/holdingbolaget-tm-real-estate-group-okar-omsattningen-med-22-till-3168-miljoner-euro\/#primaryimage"},"image":{"@id":"https:\/\/blog.tmgrupoinmobiliario.com\/sv\/2024\/07\/08\/holdingbolaget-tm-real-estate-group-okar-omsattningen-med-22-till-3168-miljoner-euro\/#primaryimage"},"thumbnailUrl":"https:\/\/blog.tmgrupoinmobiliario.com\/sv\/wp-content\/uploads\/sites\/6\/2024\/07\/Sin-titulo-302.png","datePublished":"2024-07-08T08:08:52+00:00","author":{"@id":"https:\/\/blog.tmgrupoinmobiliario.com\/sv\/#\/schema\/person\/ad7d97239ce82e1af205d57b005d3c36"},"breadcrumb":{"@id":"https:\/\/blog.tmgrupoinmobiliario.com\/sv\/2024\/07\/08\/holdingbolaget-tm-real-estate-group-okar-omsattningen-med-22-till-3168-miljoner-euro\/#breadcrumb"},"inLanguage":"sv-SE","potentialAction":[{"@type":"ReadAction","target":["https:\/\/blog.tmgrupoinmobiliario.com\/sv\/2024\/07\/08\/holdingbolaget-tm-real-estate-group-okar-omsattningen-med-22-till-3168-miljoner-euro\/"]}]},{"@type":"ImageObject","inLanguage":"sv-SE","@id":"https:\/\/blog.tmgrupoinmobiliario.com\/sv\/2024\/07\/08\/holdingbolaget-tm-real-estate-group-okar-omsattningen-med-22-till-3168-miljoner-euro\/#primaryimage","url":"https:\/\/blog.tmgrupoinmobiliario.com\/sv\/wp-content\/uploads\/sites\/6\/2024\/07\/Sin-titulo-302.png","contentUrl":"https:\/\/blog.tmgrupoinmobiliario.com\/sv\/wp-content\/uploads\/sites\/6\/2024\/07\/Sin-titulo-302.png","width":1000,"height":666},{"@type":"BreadcrumbList","@id":"https:\/\/blog.tmgrupoinmobiliario.com\/sv\/2024\/07\/08\/holdingbolaget-tm-real-estate-group-okar-omsattningen-med-22-till-3168-miljoner-euro\/#breadcrumb","itemListElement":[{"@type":"ListItem","position":1,"name":"Portada","item":"https:\/\/blog.tmgrupoinmobiliario.com\/sv\/"},{"@type":"ListItem","position":2,"name":"Holdingbolaget TM Real Estate Group \u00f6kar oms\u00e4ttningen med 22 % till 316,8 miljoner euro"}]},{"@type":"WebSite","@id":"https:\/\/blog.tmgrupoinmobiliario.com\/sv\/#website","url":"https:\/\/blog.tmgrupoinmobiliario.com\/sv\/","name":"Svenska","description":"Otro sitio m\u00e1s de Blog Desarrollo TM sitios","potentialAction":[{"@type":"SearchAction","target":{"@type":"EntryPoint","urlTemplate":"https:\/\/blog.tmgrupoinmobiliario.com\/sv\/?s={search_term_string}"},"query-input":{"@type":"PropertyValueSpecification","valueRequired":true,"valueName":"search_term_string"}}],"inLanguage":"sv-SE"},{"@type":"Person","@id":"https:\/\/blog.tmgrupoinmobiliario.com\/sv\/#\/schema\/person\/ad7d97239ce82e1af205d57b005d3c36","name":"laurabm","image":{"@type":"ImageObject","inLanguage":"sv-SE","@id":"https:\/\/secure.gravatar.com\/avatar\/a97e415f97899fc38aade30ac2e3143fcda2a8b75542722fce9a26dd00745c13?s=96&d=mm&r=g","url":"https:\/\/secure.gravatar.com\/avatar\/a97e415f97899fc38aade30ac2e3143fcda2a8b75542722fce9a26dd00745c13?s=96&d=mm&r=g","contentUrl":"https:\/\/secure.gravatar.com\/avatar\/a97e415f97899fc38aade30ac2e3143fcda2a8b75542722fce9a26dd00745c13?s=96&d=mm&r=g","caption":"laurabm"},"url":"https:\/\/blog.tmgrupoinmobiliario.com\/sv\/author\/laurabm\/"}]}},"jetpack_featured_media_url":"https:\/\/blog.tmgrupoinmobiliario.com\/sv\/wp-content\/uploads\/sites\/6\/2024\/07\/Sin-titulo-302.png","jetpack_sharing_enabled":true,"_links":{"self":[{"href":"https:\/\/blog.tmgrupoinmobiliario.com\/sv\/wp-json\/wp\/v2\/posts\/17634","targetHints":{"allow":["GET"]}}],"collection":[{"href":"https:\/\/blog.tmgrupoinmobiliario.com\/sv\/wp-json\/wp\/v2\/posts"}],"about":[{"href":"https:\/\/blog.tmgrupoinmobiliario.com\/sv\/wp-json\/wp\/v2\/types\/post"}],"author":[{"embeddable":true,"href":"https:\/\/blog.tmgrupoinmobiliario.com\/sv\/wp-json\/wp\/v2\/users\/11730"}],"replies":[{"embeddable":true,"href":"https:\/\/blog.tmgrupoinmobiliario.com\/sv\/wp-json\/wp\/v2\/comments?post=17634"}],"version-history":[{"count":1,"href":"https:\/\/blog.tmgrupoinmobiliario.com\/sv\/wp-json\/wp\/v2\/posts\/17634\/revisions"}],"predecessor-version":[{"id":17641,"href":"https:\/\/blog.tmgrupoinmobiliario.com\/sv\/wp-json\/wp\/v2\/posts\/17634\/revisions\/17641"}],"wp:featuredmedia":[{"embeddable":true,"href":"https:\/\/blog.tmgrupoinmobiliario.com\/sv\/wp-json\/wp\/v2\/media\/17638"}],"wp:attachment":[{"href":"https:\/\/blog.tmgrupoinmobiliario.com\/sv\/wp-json\/wp\/v2\/media?parent=17634"}],"wp:term":[{"taxonomy":"category","embeddable":true,"href":"https:\/\/blog.tmgrupoinmobiliario.com\/sv\/wp-json\/wp\/v2\/categories?post=17634"},{"taxonomy":"post_tag","embeddable":true,"href":"https:\/\/blog.tmgrupoinmobiliario.com\/sv\/wp-json\/wp\/v2\/tags?post=17634"}],"curies":[{"name":"wp","href":"https:\/\/api.w.org\/{rel}","templated":true}]}}