{"id":17531,"date":"2024-04-11T17:25:30","date_gmt":"2024-04-11T15:25:30","guid":{"rendered":"https:\/\/blog.tmgrupoinmobiliario.com\/sv\/?p=17531"},"modified":"2024-04-11T17:25:30","modified_gmt":"2024-04-11T15:25:30","slug":"vilka-av-tm-grupo-inmobiliarios-fastigheter-pa-costa-del-sol-ar-till-salu","status":"publish","type":"post","link":"https:\/\/blog.tmgrupoinmobiliario.com\/sv\/2024\/04\/11\/vilka-av-tm-grupo-inmobiliarios-fastigheter-pa-costa-del-sol-ar-till-salu\/","title":{"rendered":"Vilka av TM Grupo Inmobiliarios fastigheter p\u00e5 Costa del Sol \u00e4r till salu"},"content":{"rendered":"<h2><\/h2>\n<h3><span style=\"color: #ff0000\"><strong>Hur \u00e4r det att bo och leva p\u00e5 Costa del Sol<\/strong><\/span><\/h3>\n<p>Costa del Sol \u00e4r ett paradis f\u00f6r de som \u00e4lskar sol, str\u00e4nder, n\u00e4rhet till bergsomr\u00e5den samt liv i lyx och mycket mer. Costa del Sol best\u00e5r av mer \u00e4n 120\u00a0str\u00e4nder och i kombination med det fantastiska klimatet g\u00e5r det att njuta av dem \u00e5ret runt. Klimatet omfattar mer \u00e4n 325\u00a0soldagar om \u00e5ret med en medeltemperatur p\u00e5 20\u00b0C.<\/p>\n<p>Marbella och Puerto Ban\u00fas \u00e4r v\u00e4lk\u00e4nda p\u00e5 internationell niv\u00e5 tack vare sin exklusiva karakt\u00e4r och en av de mest k\u00e4nda lyxhamnarna i hela v\u00e4rlden med modef\u00f6retag som Louis Vuitton, Versace, Roberto Cavalli och Gucci\u00a0\u2026 En perfekt plats f\u00f6r de som \u00e4lskar en exklusiv livsstil.<\/p>\n<p>Eftersom m\u00e4nniskor fr\u00e5n hela v\u00e4rlden har kommit f\u00f6r att bo p\u00e5 Costa del Sol erbjuds ocks\u00e5 utbildning p\u00e5 internationell niv\u00e5 anpassat f\u00f6r engelsm\u00e4n, tyskar, fransm\u00e4n, danskar, svenskar, norrm\u00e4n osv. Dessutom \u00e4r flygplatsen M\u00e1laga-Costa del Sol (AGP) den st\u00f6rsta flygplatsen i Andalusien och en av de mest anv\u00e4nda flygplatserna i Spanien med anslutningar inom Spanien, till Europa och andra platser i v\u00e4rlden.<\/p>\n<p>Det gastronomiska utbudet i omr\u00e5det runt Malaga \u00e4r ocks\u00e5 en av anledningarna till att bes\u00f6karna f\u00f6r\u00e4lskar sig och v\u00e4ljer specialiteter som stekt fisk och tapas. Det breda kulinariska utbudet t\u00e4cker dock alla smaker med italienska, asiatiska och japanska restauranger osv. och \u00e4ven restauranger med Michelin-stj\u00e4rnor.<\/p>\n<p>Costa del Sol \u00e4r en plats f\u00f6r att bo maximalt p\u00e5 alla olika s\u00e4tt med dess utbud av fritidsaktiviteter, kulinariska \u00e4ventyr, str\u00e4nder, omgivande natur, och f\u00f6rutom det m\u00e5nga andra olika slags aktiviteter.<\/p>\n<h3><span style=\"color: #ff0000\"><strong>Det \u00e4r lyxigt att bo i Absolute Ban\u00fas by TM<\/strong><\/span><\/h3>\n<p><a href=\"https:\/\/www.tmgrupoinmobiliario.com\/sv\/egenskaper\/U77-01_lyxiga-villor-spanien-costa-del-sol-marbella-puerto-banus-absolute-bay-by-tm\" target=\"_blank\" rel=\"noopener\">Absolute Ban\u00fas by TM<\/a> \u00e4r ett exklusivt bostadsprojekt som \u00e4r bel\u00e4get i Puerto Ban\u00fas \u2013 i ett av de h\u00f6gst v\u00e4rderade omr\u00e5dena p\u00e5 Costa del Sol \u2013 och bara 300\u00a0meter fr\u00e5n stranden. I omr\u00e5det finns familjebost\u00e4der med 4\u00a0sovrum och 6\u00a0badrum f\u00f6rdelade p\u00e5 3\u00a0v\u00e5ningsplan, samt privat pool i tr\u00e4dg\u00e5rden och jacuzzi p\u00e5 solterassen. Alla bost\u00e4der ligger i s\u00f6derl\u00e4ge f\u00f6r att antalet soltimmar ska utnyttjas maximalt under hela \u00e5ret.<\/p>\n<p>Designen och funktionerna som innefattas i dessa villor g\u00f6r livet hemma unikt varje dag. Villorna \u00e4r luftkonditionerade genom v\u00e4rmev\u00e4xlare, inklusive i privata k\u00e4llaren, designk\u00f6ket innefattar alla hush\u00e5llsapparater du kan beh\u00f6va, golvv\u00e4rme i hela bostaden (utom i k\u00e4llaren), grillplats integrerad eller frist\u00e5ende p\u00e5 uteplatsen, samt f\u00f6rberett f\u00f6r att installera hiss. Om du funderar p\u00e5 att k\u00f6pa en av dessa villor f\u00e5r du m\u00f6jlighet att bo i en bekv\u00e4m och lyxig omgivning i hj\u00e4rtat av Costa del Sol.<\/p>\n<h3><span style=\"color: #ff0000\"><strong>Higuer\u00f3n Bay Residences by TM med magnifika havsutsikter<\/strong><\/span><\/h3>\n<p><a href=\"https:\/\/www.tmgrupoinmobiliario.com\/sv\/egenskaper\/U82-01_enfamiljshus-hus-spanien-costa-del-sol-higueron-bay-residences-by-tm\" target=\"_blank\" rel=\"noopener\">Higuer\u00f3n Bay Residences by TM<\/a> \u00e4r bel\u00e4get i det privilegierade omr\u00e5det El Higuer\u00f3n i Fuengirola, bara 350\u00a0meter fr\u00e5n stranden El Carvajal. I detta bostadsomr\u00e5de erbjuds l\u00e4genheter med 2 eller 3\u00a0sovrum samt 2 eller 3\u00a0badrum och magnifika havsutsikter. Alla l\u00e4genheter inkluderar tv\u00e5 garageplatser och f\u00f6rr\u00e5d. De otroliga allm\u00e4nna utrymmena innefattar mer \u00e4n 8\u00a0000\u00a0kvm med uppv\u00e4rmd bass\u00e4ng f\u00f6r vuxna, barnpool, uppv\u00e4rmd jacuzzi, gym med utrustning, gemensam lokal f\u00f6r arbete, gemensamt wifi, utsiktsplats p\u00e5 127\u00a0kvm och tr\u00e4dg\u00e5rdsomr\u00e5de med g\u00e5ngv\u00e4gar. Det finns ocks\u00e5 en solcellsanl\u00e4ggning som bidrar till h\u00e5llbarhet och minskar elf\u00f6rbrukningen.<\/p>\n<h3><span style=\"color: #ff0000\"><strong>De sista l\u00e4genheterna i omr\u00e5det Atalaya Emotion by TM i Guadalmina<\/strong><\/span><\/h3>\n<p><a href=\"https:\/\/www.tmgrupoinmobiliario.com\/blog\/sv\/2022\/04\/12\/atalaya-emotion-by-tm-ett-nytt-liv-fyllt-av-spanning\/\" target=\"_blank\" rel=\"noopener\">Atalaya Emotion by TM<\/a> \u00e4r bel\u00e4get i det privilegierade omr\u00e5det Atalaya, omgivet av golfbanor och n\u00e4ra till alla serviceinr\u00e4ttningar. I bostadsomr\u00e5det finns l\u00e4genheter med 2 eller 3\u00a0sovrum p\u00e5 cirka 5\u00a0minuters avst\u00e5nd till stranden, Puerto Ban\u00fas och Milla de Oro de Marbella. I Atalaya Emotion by TM kan du njuta av utm\u00e4rkta gemensamma utrymmen med en bass\u00e4ng f\u00f6r vuxna, barnpool, jacuzzi, gym, yogaanl\u00e4ggning, boulebana och lekomr\u00e5den f\u00f6r barn.<\/p>\n<p>&nbsp;<\/p>\n<p><strong>Efterfr\u00e5ga mer information om fastigheterna som \u00e4r till salu p\u00e5 Costa del Sol.<\/strong><\/p>\n<div data-test='contact-form'\n\t\t\tid='contact-form-17531'\n\t\t\tclass='jetpack-contact-form-container '\n\t\t\tdata-wp-interactive='jetpack\/form' data-wp-context='{\"formId\":\"17531\",\"formHash\":\"e2ce7f335b50a9f606de60417687c7b3c3fdf542\",\"showErrors\":false,\"errors\":[],\"fields\":[],\"isMultiStep\":false,\"useAjax\":true,\"submissionData\":null,\"formattedSubmissionData\":[],\"submissionSuccess\":false,\"submissionError\":null,\"elementId\":\"jp-form-e2ce7f335b50a9f606de60417687c7b3c3fdf542\",\"isSingleInputForm\":false,\"isForcedHorizontal\":false}'\n\t\t\tdata-wp-watch--scroll-to-wrapper=\"callbacks.scrollToWrapper\"\n\t\t>\n<div class=\"contact-form-submission contact-form-ajax-submission\" data-wp-bind--aria-hidden=\"state.isSuccessMessageAriaHidden\" data-wp-class--submission-success=\"context.submissionSuccess\" id=\"contact-form-success-e2ce7f335b50a9f606de60417687c7b3c3fdf542\" tabindex=\"-1\" aria-labelledby=\"contact-form-success-header-e2ce7f335b50a9f606de60417687c7b3c3fdf542\"><p class=\"go-back-message\"><a class=\"link\" role=\"button\" tabindex=\"0\" data-wp-on--click=\"actions.goBack\" href=\"\/sv\/wp-json\/wp\/v2\/posts\/17531\">\u2190 Tillbaka<\/a><\/p><h4 data-wp-bind--aria-hidden=\"state.isSuccessMessageAriaHidden\" id=\"contact-form-success-header-e2ce7f335b50a9f606de60417687c7b3c3fdf542\">Tack f\u00f6r din respons. \u2728<\/h4>\n\n<template data-wp-each--submission=\"context.formattedSubmissionData\">\n\t\t\t\t\t<div class=\"jetpack_forms_contact-form-success-summary\">\n\t\t\t\t\t\t<div class=\"field-name-wrapper\">\n\t\t\t\t\t\t\t<div class=\"field-type-icon\" data-wp-watch=\"callbacks.watchFieldTypeIcon\"><\/div>\n\t\t\t\t\t\t\t<div class=\"field-name\" data-wp-text=\"context.submission.label\" data-wp-bind--hidden=\"!context.submission.label\"><\/div>\n\t\t\t\t\t\t<\/div>\n\t\t\t\t\t\t<div class=\"field-value\" data-wp-text=\"context.submission.value\" data-wp-bind--hidden=\"!context.submission.showPlainValue\"><\/div>\n\t\t\t\t\t\t<a class=\"field-url\" data-wp-bind--href=\"context.submission.url\" data-wp-text=\"context.submission.value\" data-wp-bind--hidden=\"!context.submission.url\" target=\"_blank\" rel=\"noopener noreferrer\"><\/a>\n\t\t\t\t\t\t<div class=\"field-rating\" data-wp-bind--hidden=\"!context.submission.rating\" data-wp-watch=\"callbacks.watchRatingIcons\"><\/div>\n\t\t\t\t\t\t<div class=\"field-images\" data-wp-bind--hidden=\"!context.submission.images\">\n\t\t\t\t\t\t\t<template data-wp-each--image=\"context.submission.images\">\n\t\t\t\t\t\t\t\t<div class=\"field-image-option\" data-wp-class--is-empty=\"!context.image.src\">\n\t\t\t\t\t\t\t\t\t<figure class=\"field-image-option__image\" data-wp-class--is-empty=\"!context.image.src\">\n\t\t\t\t\t\t\t\t\t\t<img data-wp-bind--src=\"context.image.src\" data-wp-bind--hidden=\"!context.image.src\" \/>\n\t\t\t\t\t\t\t\t\t\t<img decoding=\"async\" src=\"data:image\/gif;base64,R0lGODlhAQABAAD\/ACwAAAAAAQABAAACADs=\" data-wp-bind--hidden=\"context.image.src\" \/>\n\t\t\t\t\t\t\t\t\t<\/figure>\n\t\t\t\t\t\t\t\t\t<div class=\"field-image-option__label-wrapper\">\n\t\t\t\t\t\t\t\t\t\t<span class=\"field-image-option__label-code\" data-wp-text=\"context.image.letterCode\"><\/span>\n\t\t\t\t\t\t\t\t\t\t<span class=\"field-image-option__label\" data-wp-text=\"context.image.label\" data-wp-bind--hidden=\"!context.image.label\"><\/span>\n\t\t\t\t\t\t\t\t\t<\/div>\n\t\t\t\t\t\t\t\t<\/div>\n\t\t\t\t\t\t\t<\/template>\n\t\t\t\t\t\t<\/div>\n\t\t\t\t\t\t<div class=\"field-files\" data-wp-bind--hidden=\"!context.submission.files\">\n\t\t\t\t\t\t\t<template data-wp-each--file=\"context.submission.files\">\n\t\t\t\t\t\t\t\t<div class=\"field-file\">\n\t\t\t\t\t\t\t\t\t<div class=\"field-file__thumbnail\" data-wp-style--background-image=\"context.file.previewUrl\" data-wp-style--mask-image=\"context.file.iconUrl\" data-wp-bind--hidden=\"!context.file.hasPreview\"><\/div>\n\t\t\t\t\t\t\t\t\t<svg class=\"field-file__icon\" data-wp-bind--hidden=\"context.file.hasPreview\" width=\"20\" height=\"20\" viewBox=\"0 0 24 24\" fill=\"none\" xmlns=\"http:\/\/www.w3.org\/2000\/svg\" aria-hidden=\"true\">\n\t\t\t\t\t\t\t\t\t\t<path d=\"M14 2H6C4.9 2 4 2.9 4 4V20C4 21.1 4.89 22 5.99 22H18C19.1 22 20 21.1 20 20V8L14 2ZM18 20H6V4H13V9H18V20Z\" fill=\"currentColor\"\/>\n\t\t\t\t\t\t\t\t\t<\/svg>\n\t\t\t\t\t\t\t\t\t<span class=\"field-file__name\" data-wp-text=\"context.file.name\"><\/span>\n\t\t\t\t\t\t\t\t\t<span class=\"field-file__size\" data-wp-text=\"context.file.size\"><\/span>\n\t\t\t\t\t\t\t\t<\/div>\n\t\t\t\t\t\t\t<\/template>\n\t\t\t\t\t\t<\/div>\n\t\t\t\t\t<\/div>\n\t\t\t\t<\/template><\/div><form action='https:\/\/blog.tmgrupoinmobiliario.com\/sv\/2024\/04\/11\/vilka-av-tm-grupo-inmobiliarios-fastigheter-pa-costa-del-sol-ar-till-salu\/'\n\t\t\t\tid='jp-form-e2ce7f335b50a9f606de60417687c7b3c3fdf542'\n\t\t\t\tmethod='post'\n\t\t\t\tclass='contact-form commentsblock jetpack-contact-form__form has-no-jetpack-form-layout' aria-label=\"Vilka av TM Grupo Inmobiliarios fastigheter p\u00e5 Costa del Sol \u00e4r till salu\"\n\t\t\t\tdata-wp-on--submit=\"actions.onFormSubmit\"\n\t\t\t\tdata-wp-on--reset=\"actions.onFormReset\"\n\t\t\t\tdata-wp-class--submission-success=\"context.submissionSuccess\"\n\t\t\t\tdata-wp-class--is-first-step=\"state.isFirstStep\"\n\t\t\t\tdata-wp-class--is-last-step=\"state.isLastStep\"\n\t\t\t\tdata-wp-class--is-ajax-form=\"context.useAjax\"\n\t\t\t\tnovalidate >\n<input type='hidden' name='jetpack_contact_form_jwt' value='eyJ0eXAiOiJKV1QiLCJhbGciOiJIUzI1NiJ9.eyJlbmNyeXB0ZWRfYXR0cmlidXRlcyI6Ik9YQjVCMllUUStmY2RuN3lwQkpEbzFteFZlVll3SjdsUmhtVndqRHJKVlZ2aTd4alErTFU0QWtwaUZSNnl4S1lZSG5sNi8xNm1GZzg4Q1RqbVc0OE5yZkhPYWZjR2U2UHpNZHJud0hZY3RWTDlKZ3I0YXNrbUNUTmxwbE9TUHZuRWxHS2RjQk0wWmpod1pqQWl5clJ1WVFWU1lCNWxjaUJiZEVuRWkyNlBzVlV4YW5Lam41eEVqOTVhMUN3c3ZPclErY2N3UnNJdnJmQTRZRUxLUGpKNWJMdnhwU01WTVdNaDdmc2pISXR0dkZ4dFRTWWtmeDFQeWIyZ3dXU2NCSjYyTm5CRWJ2SVJXMmxXcnFwOFFXY3hYTVBQMHFiVHEvMHM0eGlDNXUrTUlTem1DN2NkR0FHRTdyQmEyZXBUZUZEaG9UdWZJSjBoRGh2ZnBxa2RTQ0R4WTV5TkFrL0JOQTloVit6S1A0RExQSDZvR090citla3dyNHNQUi9UTngrSzZQaUNDSThxVyt2Yk1BclozbjNaTXIvanEzbWhTV1JpTTdCQzl4Q01KOUtDaFkrelZmSVdNUzdwRi9FNFA3ZzZzZFRLQWFXaXc1TFp4ZnhiTlFtZXMxQXpCK0VHZTZueWZiOEZVTnFzZ2FrUUE4QjhnOHNVaE9McGgzYkwvQmF5QVZIakluamUrdGpOZC9LM0V0b1ZxaGFNUkhTS0QxdDBjdWF4SEhRMFNuUTFwemNveE9xSXpLMXJFY0pqdXNkVkZ3ZXZSSHhIcFdFSms1QlpRUVQ2RTB6MDVjNnV5QlJMNS9HLzJFUjgrRlhRU3JYMHU3REczdFAyeTI0TmRKMUlueW95ckp4b3J0dzB5UUdKRTFJNExKSnFEazhlM3VlUW85R1NhNllQM2lzcm1IUS9KSVY1YzBRLzhLUi9iNysvNmk4bGZXQzdCMlRuNEx4cmx4SE9ka1FKSDc5a0MxMVp3Y0FxY2Q1YmJMTHJiMXpkVU9SVWx3ZVQrRlgrNFRibUwzeW16aGdtck5GSTIrUEFEY3NuSGtVVHhHUUwwWGR2RytXTDFML2JNbGkyWDkxYm05bkJYbWdIWjdlbEZ3WUtzQzVnOFJMUTFxWFc1VjBJeEwzaXJhRHd0d21YRVgzZUU2Z0hZNDZxNlhVeWd6eGZ5dkorY1pDV1lrV3R3SnJtL1NvYU1udmxzbG9rQzNHcHQ5N3ZmOWNMMDNqeHBGZDBGOFUydHpKakgyZlVjMEo5V1JSQWhpT0EiLCJjb250ZW50IjoiW2NvbnRhY3QtZmllbGQgbGFiZWw9XCJOYW1uXCIgdHlwZT1cIm5hbWVcIiByZXF1aXJlZD1cIjFcIl1bY29udGFjdC1maWVsZCBsYWJlbD1cIkUtcG9zdFwiIHR5cGU9XCJlbWFpbFwiIHJlcXVpcmVkPVwiMVwiXVtjb250YWN0LWZpZWxkIGxhYmVsPVwiVGVsZWZvbm51bW1lclwiIHR5cGU9XCJ0ZXh0XCIgcmVxdWlyZWQ9XCIxXCJdW2NvbnRhY3QtZmllbGQgbGFiZWw9XCJNZWRkZWxhbmRlXCIgdHlwZT1cInRleHRhcmVhXCJdIiwiaGFzaCI6ImUyY2U3ZjMzNWI1MGE5ZjYwNmRlNjA0MTc2ODdjN2IzYzNmZGY1NDIiLCJzb3VyY2UiOnsiZW50cnlfdGl0bGUiOiJWaWxrYSBhdiBUTSBHcnVwbyBJbm1vYmlsaWFyaW9zIGZhc3RpZ2hldGVyIHBcdTAwZTUgQ29zdGEgZGVsIFNvbCBcdTAwZTRyIHRpbGwgc2FsdSIsImVudHJ5X3BhZ2UiOjEsInNvdXJjZV9pZCI6MTc1MzEsInNvdXJjZV90eXBlIjoic2luZ2xlIiwicmVxdWVzdF91cmwiOiJodHRwczovL2Jsb2cudG1ncnVwb2lubW9iaWxpYXJpby5jb20vc3Yvd3AtanNvbi93cC92Mi9wb3N0cy8xNzUzMSJ9LCJ2ZXJzaW9uIjoyLCJjaXBoZXIiOiJhZXMtMjU2LWdjbSJ9.-OwYjGV15BJ_Y1kYSjBBvgMfHiLBYcrBWsWeAwKpo40' \/>\n\n<div style=\"\"  data-wp-interactive=\"jetpack\/form\" data-wp-context='{\"fieldId\":\"g17531-namn\",\"fieldType\":\"name\",\"fieldLabel\":\"Namn\",\"fieldValue\":\"\",\"fieldPlaceholder\":\"\",\"fieldIsRequired\":\"1\",\"fieldErrorMessage\":\"\",\"fieldExtra\":[],\"formHash\":\"e2ce7f335b50a9f606de60417687c7b3c3fdf542\"}'  class='grunion-field-name-wrap grunion-field-wrap'  data-wp-init='callbacks.initializeField' data-wp-on--jetpack-form-reset='callbacks.initializeField' >\n<label\n\t\t\t\tfor='g17531-namn' class=\"grunion-field-label name\" >Namn<span class=\"grunion-label-required\" aria-hidden=\"true\">(obligatoriskt)<\/span><\/label>\n<input\n\t\t\t\t\ttype='text'\n\t\t\t\t\tname='g17531-namn'\n\t\t\t\t\tid='g17531-namn'\n\t\t\t\t\tvalue=''\n\n\t\t\t\t\tdata-wp-bind--aria-invalid='state.fieldAriaInvalid'\n\t\t\t\t\tdata-wp-bind--value='state.getFieldValue'\n\t\t\t\t\taria-describedby='g17531-namn-text-error-message'\n\t\t\t\t\tdata-wp-on--input='actions.onFieldChange'\n\t\t\t\t\tdata-wp-on--blur='actions.onFieldBlur'\n\t\t\t\t\tdata-wp-class--has-value='state.hasFieldValue'\n\n\t\t\t\t\tclass='name  grunion-field' \n\t\t\t\t\trequired='true' aria-required='true'  \/>\n \n\t\t\t<div id=\"g17531-namn-text-error\" class=\"contact-form__input-error\" data-wp-class--has-errors=\"state.fieldHasErrors\">\n\t\t\t\t<span class=\"contact-form__warning-icon\" aria-hidden=\"true\">\n\t\t\t\t\t<svg width=\"16\" height=\"16\" viewBox=\"0 0 16 16\" fill=\"none\" xmlns=\"http:\/\/www.w3.org\/2000\/svg\">\n\t\t\t\t\t\t<path d=\"M8.50015 11.6402H7.50015V10.6402H8.50015V11.6402Z\" \/>\n\t\t\t\t\t\t<path d=\"M7.50015 9.64018H8.50015V6.30684H7.50015V9.64018Z\" \/>\n\t\t\t\t\t\t<path fill-rule=\"evenodd\" clip-rule=\"evenodd\" d=\"M6.98331 3.0947C7.42933 2.30177 8.57096 2.30177 9.01698 3.09469L13.8771 11.7349C14.3145 12.5126 13.7525 13.4735 12.8602 13.4735H3.14004C2.24774 13.4735 1.68575 12.5126 2.12321 11.7349L6.98331 3.0947ZM8.14541 3.58496C8.08169 3.47168 7.9186 3.47168 7.85488 3.58496L2.99478 12.2251C2.93229 12.3362 3.01257 12.4735 3.14004 12.4735H12.8602C12.9877 12.4735 13.068 12.3362 13.0055 12.2251L8.14541 3.58496Z\" \/>\n\t\t\t\t\t<\/svg>\n\t\t\t\t<\/span>\n\t\t\t\t<span data-wp-text=\"state.errorMessage\" id=\"g17531-namn-text-error-message\"><\/span>\n\t\t\t<\/div> \n\t<\/div>\n\n<div style=\"\"  data-wp-interactive=\"jetpack\/form\" data-wp-context='{\"fieldId\":\"g17531-epost\",\"fieldType\":\"email\",\"fieldLabel\":\"E-post\",\"fieldValue\":\"\",\"fieldPlaceholder\":\"\",\"fieldIsRequired\":\"1\",\"fieldErrorMessage\":\"\",\"fieldExtra\":[],\"formHash\":\"e2ce7f335b50a9f606de60417687c7b3c3fdf542\"}'  class='grunion-field-email-wrap grunion-field-wrap'  data-wp-init='callbacks.initializeField' data-wp-on--jetpack-form-reset='callbacks.initializeField' >\n<label\n\t\t\t\tfor='g17531-epost' class=\"grunion-field-label email\" >E-post<span class=\"grunion-label-required\" aria-hidden=\"true\">(obligatoriskt)<\/span><\/label>\n<input\n\t\t\t\t\ttype='email'\n\t\t\t\t\tname='g17531-epost'\n\t\t\t\t\tid='g17531-epost'\n\t\t\t\t\tvalue=''\n\n\t\t\t\t\tdata-wp-bind--aria-invalid='state.fieldAriaInvalid'\n\t\t\t\t\tdata-wp-bind--value='state.getFieldValue'\n\t\t\t\t\taria-describedby='g17531-epost-email-error-message'\n\t\t\t\t\tdata-wp-on--input='actions.onFieldChange'\n\t\t\t\t\tdata-wp-on--blur='actions.onFieldBlur'\n\t\t\t\t\tdata-wp-class--has-value='state.hasFieldValue'\n\n\t\t\t\t\tclass='email  grunion-field' \n\t\t\t\t\trequired='true' aria-required='true'  \/>\n \n\t\t\t<div id=\"g17531-epost-email-error\" class=\"contact-form__input-error\" data-wp-class--has-errors=\"state.fieldHasErrors\">\n\t\t\t\t<span class=\"contact-form__warning-icon\" aria-hidden=\"true\">\n\t\t\t\t\t<svg width=\"16\" height=\"16\" viewBox=\"0 0 16 16\" fill=\"none\" xmlns=\"http:\/\/www.w3.org\/2000\/svg\">\n\t\t\t\t\t\t<path d=\"M8.50015 11.6402H7.50015V10.6402H8.50015V11.6402Z\" \/>\n\t\t\t\t\t\t<path d=\"M7.50015 9.64018H8.50015V6.30684H7.50015V9.64018Z\" \/>\n\t\t\t\t\t\t<path fill-rule=\"evenodd\" clip-rule=\"evenodd\" d=\"M6.98331 3.0947C7.42933 2.30177 8.57096 2.30177 9.01698 3.09469L13.8771 11.7349C14.3145 12.5126 13.7525 13.4735 12.8602 13.4735H3.14004C2.24774 13.4735 1.68575 12.5126 2.12321 11.7349L6.98331 3.0947ZM8.14541 3.58496C8.08169 3.47168 7.9186 3.47168 7.85488 3.58496L2.99478 12.2251C2.93229 12.3362 3.01257 12.4735 3.14004 12.4735H12.8602C12.9877 12.4735 13.068 12.3362 13.0055 12.2251L8.14541 3.58496Z\" \/>\n\t\t\t\t\t<\/svg>\n\t\t\t\t<\/span>\n\t\t\t\t<span data-wp-text=\"state.errorMessage\" id=\"g17531-epost-email-error-message\"><\/span>\n\t\t\t<\/div> \n\t<\/div>\n\n<div style=\"\"  data-wp-interactive=\"jetpack\/form\" data-wp-context='{\"fieldId\":\"g17531-telefonnummer\",\"fieldType\":\"text\",\"fieldLabel\":\"Telefonnummer\",\"fieldValue\":\"\",\"fieldPlaceholder\":\"\",\"fieldIsRequired\":\"1\",\"fieldErrorMessage\":\"\",\"fieldExtra\":[],\"formHash\":\"e2ce7f335b50a9f606de60417687c7b3c3fdf542\"}'  class='grunion-field-text-wrap grunion-field-wrap'  data-wp-init='callbacks.initializeField' data-wp-on--jetpack-form-reset='callbacks.initializeField' >\n<label\n\t\t\t\tfor='g17531-telefonnummer' class=\"grunion-field-label text\" >Telefonnummer<span class=\"grunion-label-required\" aria-hidden=\"true\">(obligatoriskt)<\/span><\/label>\n<input\n\t\t\t\t\ttype='text'\n\t\t\t\t\tname='g17531-telefonnummer'\n\t\t\t\t\tid='g17531-telefonnummer'\n\t\t\t\t\tvalue=''\n\n\t\t\t\t\tdata-wp-bind--aria-invalid='state.fieldAriaInvalid'\n\t\t\t\t\tdata-wp-bind--value='state.getFieldValue'\n\t\t\t\t\taria-describedby='g17531-telefonnummer-text-error-message'\n\t\t\t\t\tdata-wp-on--input='actions.onFieldChange'\n\t\t\t\t\tdata-wp-on--blur='actions.onFieldBlur'\n\t\t\t\t\tdata-wp-class--has-value='state.hasFieldValue'\n\n\t\t\t\t\tclass='text  grunion-field' \n\t\t\t\t\trequired='true' aria-required='true'  \/>\n \n\t\t\t<div id=\"g17531-telefonnummer-text-error\" class=\"contact-form__input-error\" data-wp-class--has-errors=\"state.fieldHasErrors\">\n\t\t\t\t<span class=\"contact-form__warning-icon\" aria-hidden=\"true\">\n\t\t\t\t\t<svg width=\"16\" height=\"16\" viewBox=\"0 0 16 16\" fill=\"none\" xmlns=\"http:\/\/www.w3.org\/2000\/svg\">\n\t\t\t\t\t\t<path d=\"M8.50015 11.6402H7.50015V10.6402H8.50015V11.6402Z\" \/>\n\t\t\t\t\t\t<path d=\"M7.50015 9.64018H8.50015V6.30684H7.50015V9.64018Z\" \/>\n\t\t\t\t\t\t<path fill-rule=\"evenodd\" clip-rule=\"evenodd\" d=\"M6.98331 3.0947C7.42933 2.30177 8.57096 2.30177 9.01698 3.09469L13.8771 11.7349C14.3145 12.5126 13.7525 13.4735 12.8602 13.4735H3.14004C2.24774 13.4735 1.68575 12.5126 2.12321 11.7349L6.98331 3.0947ZM8.14541 3.58496C8.08169 3.47168 7.9186 3.47168 7.85488 3.58496L2.99478 12.2251C2.93229 12.3362 3.01257 12.4735 3.14004 12.4735H12.8602C12.9877 12.4735 13.068 12.3362 13.0055 12.2251L8.14541 3.58496Z\" \/>\n\t\t\t\t\t<\/svg>\n\t\t\t\t<\/span>\n\t\t\t\t<span data-wp-text=\"state.errorMessage\" id=\"g17531-telefonnummer-text-error-message\"><\/span>\n\t\t\t<\/div> \n\t<\/div>\n\n<div style=\"\"  data-wp-interactive=\"jetpack\/form\" data-wp-context='{\"fieldId\":\"g17531-meddelande\",\"fieldType\":\"textarea\",\"fieldLabel\":\"Meddelande\",\"fieldValue\":\"\",\"fieldPlaceholder\":\"\",\"fieldIsRequired\":\"\",\"fieldErrorMessage\":\"\",\"fieldExtra\":[],\"formHash\":\"e2ce7f335b50a9f606de60417687c7b3c3fdf542\"}'  class='grunion-field-textarea-wrap grunion-field-wrap'  data-wp-init='callbacks.initializeField' data-wp-on--jetpack-form-reset='callbacks.initializeField' >\n<label\n\t\t\t\tfor='contact-form-comment-g17531-meddelande' class=\"grunion-field-label textarea\" >Meddelande<\/label>\n<textarea\n\t\t                style=''\n\t\t                name='g17531-meddelande'\n\t\t                id='contact-form-comment-g17531-meddelande'\n\t\t                rows='20'\n\t\t\t\t\t\tdata-wp-text='state.getFieldValue'\n\t\t\t\t\t\tdata-wp-on--input='actions.onFieldChange'\n\t\t\t\t\t\tdata-wp-on--blur='actions.onFieldBlur'\n\t\t\t\t\t\tdata-wp-class--has-value='state.hasFieldValue'\n\t\t\t\t\t\taria-describedby='g17531-meddelande-textarea-error-message'\n\t\t\t\t\t\tdata-wp-bind--aria-invalid='state.fieldAriaInvalid'\n\t\t\t\t\t\tclass='textarea  grunion-field'  ><\/textarea>\n \n\t\t\t<div id=\"g17531-meddelande-textarea-error\" class=\"contact-form__input-error\" data-wp-class--has-errors=\"state.fieldHasErrors\">\n\t\t\t\t<span class=\"contact-form__warning-icon\" aria-hidden=\"true\">\n\t\t\t\t\t<svg width=\"16\" height=\"16\" viewBox=\"0 0 16 16\" fill=\"none\" xmlns=\"http:\/\/www.w3.org\/2000\/svg\">\n\t\t\t\t\t\t<path d=\"M8.50015 11.6402H7.50015V10.6402H8.50015V11.6402Z\" \/>\n\t\t\t\t\t\t<path d=\"M7.50015 9.64018H8.50015V6.30684H7.50015V9.64018Z\" \/>\n\t\t\t\t\t\t<path fill-rule=\"evenodd\" clip-rule=\"evenodd\" d=\"M6.98331 3.0947C7.42933 2.30177 8.57096 2.30177 9.01698 3.09469L13.8771 11.7349C14.3145 12.5126 13.7525 13.4735 12.8602 13.4735H3.14004C2.24774 13.4735 1.68575 12.5126 2.12321 11.7349L6.98331 3.0947ZM8.14541 3.58496C8.08169 3.47168 7.9186 3.47168 7.85488 3.58496L2.99478 12.2251C2.93229 12.3362 3.01257 12.4735 3.14004 12.4735H12.8602C12.9877 12.4735 13.068 12.3362 13.0055 12.2251L8.14541 3.58496Z\" \/>\n\t\t\t\t\t<\/svg>\n\t\t\t\t<\/span>\n\t\t\t\t<span data-wp-text=\"state.errorMessage\" id=\"g17531-meddelande-textarea-error-message\"><\/span>\n\t\t\t<\/div>\n\t<\/div>\n\t<p class='contact-submit'>\n<div class=\"contact-form__error\" data-wp-class--show-errors=\"state.showFormErrors\"><span class=\"contact-form__warning-icon\" aria-hidden=\"true\"><i><\/i><\/span><span class=\"contact-form__error-message\" tabindex=\"-1\" data-wp-watch=\"callbacks.focusOnValidationError\" data-wp-text=\"state.getFormErrorMessage\"><\/span><ul aria-label=\"Formul\u00e4rfel\">\n\t\t\t\t<template data-wp-each=\"state.getErrorList\" data-wp-key=\"context.item.id\">\n\t\t\t\t\t<li><a data-wp-bind--href=\"context.item.anchor\" data-wp-on--click=\"actions.scrollIntoView\" data-wp-text=\"context.item.label\"><\/a><\/li>\n\t\t\t\t<\/template>\n\t\t\t\t<\/ul><\/div><div class=\"contact-form__error\" data-wp-class--show-errors=\"state.showSubmissionError\" data-wp-text=\"context.submissionError\" tabindex=\"-1\" data-wp-watch=\"callbacks.focusOnSubmissionError\"><\/div>\t\t<button type='submit' class='pushbutton-wide'>Skicka<\/button>\t\t<input type='hidden' name='contact-form-id' value='17531' \/>\n\t\t<input type='hidden' name='action' value='grunion-contact-form' \/>\n\t\t<input type='hidden' name='contact-form-hash' value='e2ce7f335b50a9f606de60417687c7b3c3fdf542' \/>\n\t<\/p>\n<p style=\"display: none !important;\" class=\"akismet-fields-container\" data-prefix=\"ak_\"><label>&#916;<textarea name=\"ak_hp_textarea\" cols=\"45\" rows=\"8\" maxlength=\"100\"><\/textarea><\/label><input type=\"hidden\" id=\"ak_js_1\" name=\"ak_js\" value=\"92\"\/><script type=\"text\/javascript\">\n\/* <![CDATA[ *\/\ndocument.getElementById( \"ak_js_1\" ).setAttribute( \"value\", ( new Date() ).getTime() );\n\/* ]]> *\/\n<\/script>\n<\/p><\/form>\n<\/div>\n","protected":false},"excerpt":{"rendered":"<p>Hur \u00e4r det att bo och leva p\u00e5 Costa del Sol Costa del Sol \u00e4r ett paradis f\u00f6r de som \u00e4lskar sol, str\u00e4nder, n\u00e4rhet till bergsomr\u00e5den samt liv i lyx och mycket mer. Costa del Sol best\u00e5r av mer \u00e4n 120\u00a0str\u00e4nder och i kombination med det fantastiska klimatet g\u00e5r det att njuta av dem \u00e5ret [&hellip;]<\/p>\n","protected":false},"author":11729,"featured_media":17536,"comment_status":"open","ping_status":"open","sticky":false,"template":"","format":"standard","meta":{"_jetpack_memberships_contains_paid_content":false,"footnotes":""},"categories":[486],"tags":[546,437],"class_list":["post-17531","post","type-post","status-publish","format-standard","has-post-thumbnail","hentry","category-ditt-nya-hem","tag-fastigheter-pa-costa-del-sol","tag-tm-real-estate-group-en","formato-blog"],"better_featured_image":{"id":17536,"alt_text":"Comprar casa en Costa del Sol","caption":"","description":"","media_type":"image","media_details":{"width":1000,"height":666,"file":"2024\/04\/Comprar-casa-en-Costa-del-Sol-.jpg","filesize":79420,"sizes":{"medium":{"file":"Comprar-casa-en-Costa-del-Sol--300x200.jpg","width":300,"height":200,"mime-type":"image\/jpeg","filesize":10514,"source_url":"https:\/\/blog.tmgrupoinmobiliario.com\/sv\/wp-content\/uploads\/sites\/6\/2024\/04\/Comprar-casa-en-Costa-del-Sol--300x200.jpg"},"thumbnail":{"file":"Comprar-casa-en-Costa-del-Sol--150x150.jpg","width":150,"height":150,"mime-type":"image\/jpeg","filesize":4437,"source_url":"https:\/\/blog.tmgrupoinmobiliario.com\/sv\/wp-content\/uploads\/sites\/6\/2024\/04\/Comprar-casa-en-Costa-del-Sol--150x150.jpg"},"medium_large":{"file":"Comprar-casa-en-Costa-del-Sol--768x511.jpg","width":768,"height":511,"mime-type":"image\/jpeg","filesize":46756,"source_url":"https:\/\/blog.tmgrupoinmobiliario.com\/sv\/wp-content\/uploads\/sites\/6\/2024\/04\/Comprar-casa-en-Costa-del-Sol--768x511.jpg"}},"image_meta":{"aperture":"0","credit":"","camera":"","caption":"","created_timestamp":"0","copyright":"","focal_length":"0","iso":"0","shutter_speed":"0","title":"","orientation":"1","keywords":[]}},"post":17531,"source_url":"https:\/\/blog.tmgrupoinmobiliario.com\/sv\/wp-content\/uploads\/sites\/6\/2024\/04\/Comprar-casa-en-Costa-del-Sol-.jpg"},"acf":{"imagen_destacada_desktop":"https:\/\/blog.tmgrupoinmobiliario.com\/sv\/wp-content\/uploads\/sites\/6\/2024\/04\/Comprar-casa-en-Costa-del-Sol-1920x870-1.jpg","imagen_destacada_mobile":"https:\/\/blog.tmgrupoinmobiliario.com\/sv\/wp-content\/uploads\/sites\/6\/2024\/04\/Comprar-casa-en-Costa-del-Sol-540.jpg","formato":{"term_id":484,"name":"Blog","slug":"blog","term_group":0,"term_taxonomy_id":484,"taxonomy":"formato","description":"","parent":0,"count":74,"filter":"raw"},"entradilla":"Malagaomr\u00e5det p\u00e5 Costa del Sol omges av mer \u00e4n 150 kilometer kust med m\u00f6jligheten att njuta av sol 325 dagar om \u00e5ret. F\u00f6retaget TM Grupo Inmobiliario har flera bost\u00e4der p\u00e5 Costa del Sol, n\u00e4rmare best\u00e4mt i Puerto Ban\u00fas, i omr\u00e5det Atalaya en Guadalmina och i omr\u00e5det El Higuer\u00f3n en Fuengirola. En detaljerad redog\u00f6relse av bost\u00e4derna som \u00e4r till salu p\u00e5 Costa del Sol f\u00f6ljer nedan.","etiquetas":"","cabecera_escritorio":"https:\/\/blog.tmgrupoinmobiliario.com\/sv\/wp-content\/uploads\/sites\/6\/2024\/04\/Comprar-casa-en-Costa-del-Sol-1200x300-.jpg","cabecera_mobile":"https:\/\/blog.tmgrupoinmobiliario.com\/sv\/wp-content\/uploads\/sites\/6\/2024\/04\/Comprar-casa-en-Costa-del-Sol-768.jpg","galeria":false},"yoast_head":"<!-- This site is optimized with the Yoast SEO Premium plugin v23.6 (Yoast SEO v27.5) - https:\/\/yoast.com\/product\/yoast-seo-premium-wordpress\/ -->\n<title>TM Grupo Inmobiliarios fastigheter p\u00e5 Costa del Sol - Svenska<\/title>\n<meta name=\"description\" content=\"F\u00f6retaget TM Grupo Inmobiliario har flera bost\u00e4der p\u00e5 Costa del Sol, n\u00e4rmare best\u00e4mt i Puerto Ban\u00fas, i Guadalmina och i Fuengirola.\" \/>\n<meta name=\"robots\" content=\"index, follow, max-snippet:-1, max-image-preview:large, max-video-preview:-1\" \/>\n<link rel=\"canonical\" href=\"https:\/\/blog.tmgrupoinmobiliario.com\/sv\/2024\/04\/11\/vilka-av-tm-grupo-inmobiliarios-fastigheter-pa-costa-del-sol-ar-till-salu\/\" \/>\n<meta property=\"og:locale\" content=\"sv_SE\" \/>\n<meta property=\"og:type\" content=\"article\" \/>\n<meta property=\"og:title\" content=\"Vilka av TM Grupo Inmobiliarios fastigheter p\u00e5 Costa del Sol \u00e4r till salu\" \/>\n<meta property=\"og:description\" content=\"F\u00f6retaget TM Grupo Inmobiliario har flera bost\u00e4der p\u00e5 Costa del Sol, n\u00e4rmare best\u00e4mt i Puerto Ban\u00fas, i Guadalmina och i Fuengirola.\" \/>\n<meta property=\"og:url\" content=\"https:\/\/blog.tmgrupoinmobiliario.com\/sv\/2024\/04\/11\/vilka-av-tm-grupo-inmobiliarios-fastigheter-pa-costa-del-sol-ar-till-salu\/\" \/>\n<meta property=\"og:site_name\" content=\"Svenska\" \/>\n<meta property=\"article:published_time\" content=\"2024-04-11T15:25:30+00:00\" \/>\n<meta property=\"og:image\" content=\"https:\/\/blog.tmgrupoinmobiliario.com\/sv\/wp-content\/uploads\/sites\/6\/2024\/04\/Comprar-casa-en-Costa-del-Sol-.jpg\" \/>\n\t<meta property=\"og:image:width\" content=\"1000\" \/>\n\t<meta property=\"og:image:height\" content=\"666\" \/>\n\t<meta property=\"og:image:type\" content=\"image\/jpeg\" \/>\n<meta name=\"author\" content=\"indira\" \/>\n<meta name=\"twitter:card\" content=\"summary_large_image\" \/>\n<meta name=\"twitter:label1\" content=\"Skriven av\" \/>\n\t<meta name=\"twitter:data1\" content=\"indira\" \/>\n\t<meta name=\"twitter:label2\" content=\"Ber\u00e4knad l\u00e4stid\" \/>\n\t<meta name=\"twitter:data2\" content=\"4 minuter\" \/>\n<script type=\"application\/ld+json\" class=\"yoast-schema-graph\">{\"@context\":\"https:\\\/\\\/schema.org\",\"@graph\":[{\"@type\":\"Article\",\"@id\":\"https:\\\/\\\/blog.tmgrupoinmobiliario.com\\\/sv\\\/2024\\\/04\\\/11\\\/vilka-av-tm-grupo-inmobiliarios-fastigheter-pa-costa-del-sol-ar-till-salu\\\/#article\",\"isPartOf\":{\"@id\":\"https:\\\/\\\/blog.tmgrupoinmobiliario.com\\\/sv\\\/2024\\\/04\\\/11\\\/vilka-av-tm-grupo-inmobiliarios-fastigheter-pa-costa-del-sol-ar-till-salu\\\/\"},\"author\":{\"name\":\"indira\",\"@id\":\"https:\\\/\\\/blog.tmgrupoinmobiliario.com\\\/sv\\\/#\\\/schema\\\/person\\\/bbbac745abadad64177a5ee6a73cbf7c\"},\"headline\":\"Vilka av TM Grupo Inmobiliarios fastigheter p\u00e5 Costa del Sol \u00e4r till salu\",\"datePublished\":\"2024-04-11T15:25:30+00:00\",\"mainEntityOfPage\":{\"@id\":\"https:\\\/\\\/blog.tmgrupoinmobiliario.com\\\/sv\\\/2024\\\/04\\\/11\\\/vilka-av-tm-grupo-inmobiliarios-fastigheter-pa-costa-del-sol-ar-till-salu\\\/\"},\"wordCount\":755,\"commentCount\":0,\"image\":{\"@id\":\"https:\\\/\\\/blog.tmgrupoinmobiliario.com\\\/sv\\\/2024\\\/04\\\/11\\\/vilka-av-tm-grupo-inmobiliarios-fastigheter-pa-costa-del-sol-ar-till-salu\\\/#primaryimage\"},\"thumbnailUrl\":\"https:\\\/\\\/blog.tmgrupoinmobiliario.com\\\/sv\\\/wp-content\\\/uploads\\\/sites\\\/6\\\/2024\\\/04\\\/Comprar-casa-en-Costa-del-Sol-.jpg\",\"keywords\":[\"fastigheter p\u00e5 Costa del Sol\",\"TM Real Estate Group\"],\"articleSection\":[\"Ditt nya hem\"],\"inLanguage\":\"sv-SE\",\"potentialAction\":[{\"@type\":\"CommentAction\",\"name\":\"Comment\",\"target\":[\"https:\\\/\\\/blog.tmgrupoinmobiliario.com\\\/sv\\\/2024\\\/04\\\/11\\\/vilka-av-tm-grupo-inmobiliarios-fastigheter-pa-costa-del-sol-ar-till-salu\\\/#respond\"]}]},{\"@type\":\"WebPage\",\"@id\":\"https:\\\/\\\/blog.tmgrupoinmobiliario.com\\\/sv\\\/2024\\\/04\\\/11\\\/vilka-av-tm-grupo-inmobiliarios-fastigheter-pa-costa-del-sol-ar-till-salu\\\/\",\"url\":\"https:\\\/\\\/blog.tmgrupoinmobiliario.com\\\/sv\\\/2024\\\/04\\\/11\\\/vilka-av-tm-grupo-inmobiliarios-fastigheter-pa-costa-del-sol-ar-till-salu\\\/\",\"name\":\"TM Grupo Inmobiliarios fastigheter p\u00e5 Costa del Sol - Svenska\",\"isPartOf\":{\"@id\":\"https:\\\/\\\/blog.tmgrupoinmobiliario.com\\\/sv\\\/#website\"},\"primaryImageOfPage\":{\"@id\":\"https:\\\/\\\/blog.tmgrupoinmobiliario.com\\\/sv\\\/2024\\\/04\\\/11\\\/vilka-av-tm-grupo-inmobiliarios-fastigheter-pa-costa-del-sol-ar-till-salu\\\/#primaryimage\"},\"image\":{\"@id\":\"https:\\\/\\\/blog.tmgrupoinmobiliario.com\\\/sv\\\/2024\\\/04\\\/11\\\/vilka-av-tm-grupo-inmobiliarios-fastigheter-pa-costa-del-sol-ar-till-salu\\\/#primaryimage\"},\"thumbnailUrl\":\"https:\\\/\\\/blog.tmgrupoinmobiliario.com\\\/sv\\\/wp-content\\\/uploads\\\/sites\\\/6\\\/2024\\\/04\\\/Comprar-casa-en-Costa-del-Sol-.jpg\",\"datePublished\":\"2024-04-11T15:25:30+00:00\",\"author\":{\"@id\":\"https:\\\/\\\/blog.tmgrupoinmobiliario.com\\\/sv\\\/#\\\/schema\\\/person\\\/bbbac745abadad64177a5ee6a73cbf7c\"},\"description\":\"F\u00f6retaget TM Grupo Inmobiliario har flera bost\u00e4der p\u00e5 Costa del Sol, n\u00e4rmare best\u00e4mt i Puerto Ban\u00fas, i Guadalmina och i Fuengirola.\",\"breadcrumb\":{\"@id\":\"https:\\\/\\\/blog.tmgrupoinmobiliario.com\\\/sv\\\/2024\\\/04\\\/11\\\/vilka-av-tm-grupo-inmobiliarios-fastigheter-pa-costa-del-sol-ar-till-salu\\\/#breadcrumb\"},\"inLanguage\":\"sv-SE\",\"potentialAction\":[{\"@type\":\"ReadAction\",\"target\":[\"https:\\\/\\\/blog.tmgrupoinmobiliario.com\\\/sv\\\/2024\\\/04\\\/11\\\/vilka-av-tm-grupo-inmobiliarios-fastigheter-pa-costa-del-sol-ar-till-salu\\\/\"]}]},{\"@type\":\"ImageObject\",\"inLanguage\":\"sv-SE\",\"@id\":\"https:\\\/\\\/blog.tmgrupoinmobiliario.com\\\/sv\\\/2024\\\/04\\\/11\\\/vilka-av-tm-grupo-inmobiliarios-fastigheter-pa-costa-del-sol-ar-till-salu\\\/#primaryimage\",\"url\":\"https:\\\/\\\/blog.tmgrupoinmobiliario.com\\\/sv\\\/wp-content\\\/uploads\\\/sites\\\/6\\\/2024\\\/04\\\/Comprar-casa-en-Costa-del-Sol-.jpg\",\"contentUrl\":\"https:\\\/\\\/blog.tmgrupoinmobiliario.com\\\/sv\\\/wp-content\\\/uploads\\\/sites\\\/6\\\/2024\\\/04\\\/Comprar-casa-en-Costa-del-Sol-.jpg\",\"width\":1000,\"height\":666,\"caption\":\"Comprar casa en Costa del Sol\"},{\"@type\":\"BreadcrumbList\",\"@id\":\"https:\\\/\\\/blog.tmgrupoinmobiliario.com\\\/sv\\\/2024\\\/04\\\/11\\\/vilka-av-tm-grupo-inmobiliarios-fastigheter-pa-costa-del-sol-ar-till-salu\\\/#breadcrumb\",\"itemListElement\":[{\"@type\":\"ListItem\",\"position\":1,\"name\":\"Portada\",\"item\":\"https:\\\/\\\/blog.tmgrupoinmobiliario.com\\\/sv\\\/\"},{\"@type\":\"ListItem\",\"position\":2,\"name\":\"Vilka av TM Grupo Inmobiliarios fastigheter p\u00e5 Costa del Sol \u00e4r till salu\"}]},{\"@type\":\"WebSite\",\"@id\":\"https:\\\/\\\/blog.tmgrupoinmobiliario.com\\\/sv\\\/#website\",\"url\":\"https:\\\/\\\/blog.tmgrupoinmobiliario.com\\\/sv\\\/\",\"name\":\"Svenska\",\"description\":\"Otro sitio m\u00e1s de Blog Desarrollo TM sitios\",\"potentialAction\":[{\"@type\":\"SearchAction\",\"target\":{\"@type\":\"EntryPoint\",\"urlTemplate\":\"https:\\\/\\\/blog.tmgrupoinmobiliario.com\\\/sv\\\/?s={search_term_string}\"},\"query-input\":{\"@type\":\"PropertyValueSpecification\",\"valueRequired\":true,\"valueName\":\"search_term_string\"}}],\"inLanguage\":\"sv-SE\"},{\"@type\":\"Person\",\"@id\":\"https:\\\/\\\/blog.tmgrupoinmobiliario.com\\\/sv\\\/#\\\/schema\\\/person\\\/bbbac745abadad64177a5ee6a73cbf7c\",\"name\":\"indira\",\"image\":{\"@type\":\"ImageObject\",\"inLanguage\":\"sv-SE\",\"@id\":\"https:\\\/\\\/secure.gravatar.com\\\/avatar\\\/e9bcc7a0bb2179240c56a1875899ce9a1dfa15d5b7527f71259eaee6010d7203?s=96&d=mm&r=g\",\"url\":\"https:\\\/\\\/secure.gravatar.com\\\/avatar\\\/e9bcc7a0bb2179240c56a1875899ce9a1dfa15d5b7527f71259eaee6010d7203?s=96&d=mm&r=g\",\"contentUrl\":\"https:\\\/\\\/secure.gravatar.com\\\/avatar\\\/e9bcc7a0bb2179240c56a1875899ce9a1dfa15d5b7527f71259eaee6010d7203?s=96&d=mm&r=g\",\"caption\":\"indira\"},\"url\":\"https:\\\/\\\/blog.tmgrupoinmobiliario.com\\\/sv\\\/author\\\/indira\\\/\"}]}<\/script>\n<!-- \/ Yoast SEO Premium plugin. -->","yoast_head_json":{"title":"TM Grupo Inmobiliarios fastigheter p\u00e5 Costa del Sol - Svenska","description":"F\u00f6retaget TM Grupo Inmobiliario har flera bost\u00e4der p\u00e5 Costa del Sol, n\u00e4rmare best\u00e4mt i Puerto Ban\u00fas, i Guadalmina och i Fuengirola.","robots":{"index":"index","follow":"follow","max-snippet":"max-snippet:-1","max-image-preview":"max-image-preview:large","max-video-preview":"max-video-preview:-1"},"canonical":"https:\/\/blog.tmgrupoinmobiliario.com\/sv\/2024\/04\/11\/vilka-av-tm-grupo-inmobiliarios-fastigheter-pa-costa-del-sol-ar-till-salu\/","og_locale":"sv_SE","og_type":"article","og_title":"Vilka av TM Grupo Inmobiliarios fastigheter p\u00e5 Costa del Sol \u00e4r till salu","og_description":"F\u00f6retaget TM Grupo Inmobiliario har flera bost\u00e4der p\u00e5 Costa del Sol, n\u00e4rmare best\u00e4mt i Puerto Ban\u00fas, i Guadalmina och i Fuengirola.","og_url":"https:\/\/blog.tmgrupoinmobiliario.com\/sv\/2024\/04\/11\/vilka-av-tm-grupo-inmobiliarios-fastigheter-pa-costa-del-sol-ar-till-salu\/","og_site_name":"Svenska","article_published_time":"2024-04-11T15:25:30+00:00","og_image":[{"width":1000,"height":666,"url":"https:\/\/blog.tmgrupoinmobiliario.com\/sv\/wp-content\/uploads\/sites\/6\/2024\/04\/Comprar-casa-en-Costa-del-Sol-.jpg","type":"image\/jpeg"}],"author":"indira","twitter_card":"summary_large_image","twitter_misc":{"Skriven av":"indira","Ber\u00e4knad l\u00e4stid":"4 minuter"},"schema":{"@context":"https:\/\/schema.org","@graph":[{"@type":"Article","@id":"https:\/\/blog.tmgrupoinmobiliario.com\/sv\/2024\/04\/11\/vilka-av-tm-grupo-inmobiliarios-fastigheter-pa-costa-del-sol-ar-till-salu\/#article","isPartOf":{"@id":"https:\/\/blog.tmgrupoinmobiliario.com\/sv\/2024\/04\/11\/vilka-av-tm-grupo-inmobiliarios-fastigheter-pa-costa-del-sol-ar-till-salu\/"},"author":{"name":"indira","@id":"https:\/\/blog.tmgrupoinmobiliario.com\/sv\/#\/schema\/person\/bbbac745abadad64177a5ee6a73cbf7c"},"headline":"Vilka av TM Grupo Inmobiliarios fastigheter p\u00e5 Costa del Sol \u00e4r till salu","datePublished":"2024-04-11T15:25:30+00:00","mainEntityOfPage":{"@id":"https:\/\/blog.tmgrupoinmobiliario.com\/sv\/2024\/04\/11\/vilka-av-tm-grupo-inmobiliarios-fastigheter-pa-costa-del-sol-ar-till-salu\/"},"wordCount":755,"commentCount":0,"image":{"@id":"https:\/\/blog.tmgrupoinmobiliario.com\/sv\/2024\/04\/11\/vilka-av-tm-grupo-inmobiliarios-fastigheter-pa-costa-del-sol-ar-till-salu\/#primaryimage"},"thumbnailUrl":"https:\/\/blog.tmgrupoinmobiliario.com\/sv\/wp-content\/uploads\/sites\/6\/2024\/04\/Comprar-casa-en-Costa-del-Sol-.jpg","keywords":["fastigheter p\u00e5 Costa del Sol","TM Real Estate Group"],"articleSection":["Ditt nya hem"],"inLanguage":"sv-SE","potentialAction":[{"@type":"CommentAction","name":"Comment","target":["https:\/\/blog.tmgrupoinmobiliario.com\/sv\/2024\/04\/11\/vilka-av-tm-grupo-inmobiliarios-fastigheter-pa-costa-del-sol-ar-till-salu\/#respond"]}]},{"@type":"WebPage","@id":"https:\/\/blog.tmgrupoinmobiliario.com\/sv\/2024\/04\/11\/vilka-av-tm-grupo-inmobiliarios-fastigheter-pa-costa-del-sol-ar-till-salu\/","url":"https:\/\/blog.tmgrupoinmobiliario.com\/sv\/2024\/04\/11\/vilka-av-tm-grupo-inmobiliarios-fastigheter-pa-costa-del-sol-ar-till-salu\/","name":"TM Grupo Inmobiliarios fastigheter p\u00e5 Costa del Sol - Svenska","isPartOf":{"@id":"https:\/\/blog.tmgrupoinmobiliario.com\/sv\/#website"},"primaryImageOfPage":{"@id":"https:\/\/blog.tmgrupoinmobiliario.com\/sv\/2024\/04\/11\/vilka-av-tm-grupo-inmobiliarios-fastigheter-pa-costa-del-sol-ar-till-salu\/#primaryimage"},"image":{"@id":"https:\/\/blog.tmgrupoinmobiliario.com\/sv\/2024\/04\/11\/vilka-av-tm-grupo-inmobiliarios-fastigheter-pa-costa-del-sol-ar-till-salu\/#primaryimage"},"thumbnailUrl":"https:\/\/blog.tmgrupoinmobiliario.com\/sv\/wp-content\/uploads\/sites\/6\/2024\/04\/Comprar-casa-en-Costa-del-Sol-.jpg","datePublished":"2024-04-11T15:25:30+00:00","author":{"@id":"https:\/\/blog.tmgrupoinmobiliario.com\/sv\/#\/schema\/person\/bbbac745abadad64177a5ee6a73cbf7c"},"description":"F\u00f6retaget TM Grupo Inmobiliario har flera bost\u00e4der p\u00e5 Costa del Sol, n\u00e4rmare best\u00e4mt i Puerto Ban\u00fas, i Guadalmina och i Fuengirola.","breadcrumb":{"@id":"https:\/\/blog.tmgrupoinmobiliario.com\/sv\/2024\/04\/11\/vilka-av-tm-grupo-inmobiliarios-fastigheter-pa-costa-del-sol-ar-till-salu\/#breadcrumb"},"inLanguage":"sv-SE","potentialAction":[{"@type":"ReadAction","target":["https:\/\/blog.tmgrupoinmobiliario.com\/sv\/2024\/04\/11\/vilka-av-tm-grupo-inmobiliarios-fastigheter-pa-costa-del-sol-ar-till-salu\/"]}]},{"@type":"ImageObject","inLanguage":"sv-SE","@id":"https:\/\/blog.tmgrupoinmobiliario.com\/sv\/2024\/04\/11\/vilka-av-tm-grupo-inmobiliarios-fastigheter-pa-costa-del-sol-ar-till-salu\/#primaryimage","url":"https:\/\/blog.tmgrupoinmobiliario.com\/sv\/wp-content\/uploads\/sites\/6\/2024\/04\/Comprar-casa-en-Costa-del-Sol-.jpg","contentUrl":"https:\/\/blog.tmgrupoinmobiliario.com\/sv\/wp-content\/uploads\/sites\/6\/2024\/04\/Comprar-casa-en-Costa-del-Sol-.jpg","width":1000,"height":666,"caption":"Comprar casa en Costa del Sol"},{"@type":"BreadcrumbList","@id":"https:\/\/blog.tmgrupoinmobiliario.com\/sv\/2024\/04\/11\/vilka-av-tm-grupo-inmobiliarios-fastigheter-pa-costa-del-sol-ar-till-salu\/#breadcrumb","itemListElement":[{"@type":"ListItem","position":1,"name":"Portada","item":"https:\/\/blog.tmgrupoinmobiliario.com\/sv\/"},{"@type":"ListItem","position":2,"name":"Vilka av TM Grupo Inmobiliarios fastigheter p\u00e5 Costa del Sol \u00e4r till salu"}]},{"@type":"WebSite","@id":"https:\/\/blog.tmgrupoinmobiliario.com\/sv\/#website","url":"https:\/\/blog.tmgrupoinmobiliario.com\/sv\/","name":"Svenska","description":"Otro sitio m\u00e1s de Blog Desarrollo TM sitios","potentialAction":[{"@type":"SearchAction","target":{"@type":"EntryPoint","urlTemplate":"https:\/\/blog.tmgrupoinmobiliario.com\/sv\/?s={search_term_string}"},"query-input":{"@type":"PropertyValueSpecification","valueRequired":true,"valueName":"search_term_string"}}],"inLanguage":"sv-SE"},{"@type":"Person","@id":"https:\/\/blog.tmgrupoinmobiliario.com\/sv\/#\/schema\/person\/bbbac745abadad64177a5ee6a73cbf7c","name":"indira","image":{"@type":"ImageObject","inLanguage":"sv-SE","@id":"https:\/\/secure.gravatar.com\/avatar\/e9bcc7a0bb2179240c56a1875899ce9a1dfa15d5b7527f71259eaee6010d7203?s=96&d=mm&r=g","url":"https:\/\/secure.gravatar.com\/avatar\/e9bcc7a0bb2179240c56a1875899ce9a1dfa15d5b7527f71259eaee6010d7203?s=96&d=mm&r=g","contentUrl":"https:\/\/secure.gravatar.com\/avatar\/e9bcc7a0bb2179240c56a1875899ce9a1dfa15d5b7527f71259eaee6010d7203?s=96&d=mm&r=g","caption":"indira"},"url":"https:\/\/blog.tmgrupoinmobiliario.com\/sv\/author\/indira\/"}]}},"jetpack_featured_media_url":"https:\/\/blog.tmgrupoinmobiliario.com\/sv\/wp-content\/uploads\/sites\/6\/2024\/04\/Comprar-casa-en-Costa-del-Sol-.jpg","jetpack_sharing_enabled":true,"_links":{"self":[{"href":"https:\/\/blog.tmgrupoinmobiliario.com\/sv\/wp-json\/wp\/v2\/posts\/17531","targetHints":{"allow":["GET"]}}],"collection":[{"href":"https:\/\/blog.tmgrupoinmobiliario.com\/sv\/wp-json\/wp\/v2\/posts"}],"about":[{"href":"https:\/\/blog.tmgrupoinmobiliario.com\/sv\/wp-json\/wp\/v2\/types\/post"}],"author":[{"embeddable":true,"href":"https:\/\/blog.tmgrupoinmobiliario.com\/sv\/wp-json\/wp\/v2\/users\/11729"}],"replies":[{"embeddable":true,"href":"https:\/\/blog.tmgrupoinmobiliario.com\/sv\/wp-json\/wp\/v2\/comments?post=17531"}],"version-history":[{"count":5,"href":"https:\/\/blog.tmgrupoinmobiliario.com\/sv\/wp-json\/wp\/v2\/posts\/17531\/revisions"}],"predecessor-version":[{"id":17541,"href":"https:\/\/blog.tmgrupoinmobiliario.com\/sv\/wp-json\/wp\/v2\/posts\/17531\/revisions\/17541"}],"wp:featuredmedia":[{"embeddable":true,"href":"https:\/\/blog.tmgrupoinmobiliario.com\/sv\/wp-json\/wp\/v2\/media\/17536"}],"wp:attachment":[{"href":"https:\/\/blog.tmgrupoinmobiliario.com\/sv\/wp-json\/wp\/v2\/media?parent=17531"}],"wp:term":[{"taxonomy":"category","embeddable":true,"href":"https:\/\/blog.tmgrupoinmobiliario.com\/sv\/wp-json\/wp\/v2\/categories?post=17531"},{"taxonomy":"post_tag","embeddable":true,"href":"https:\/\/blog.tmgrupoinmobiliario.com\/sv\/wp-json\/wp\/v2\/tags?post=17531"}],"curies":[{"name":"wp","href":"https:\/\/api.w.org\/{rel}","templated":true}]}}