{"id":17497,"date":"2024-03-16T12:25:17","date_gmt":"2024-03-16T11:25:17","guid":{"rendered":"https:\/\/blog.tmgrupoinmobiliario.com\/sv\/?p=17497"},"modified":"2024-05-15T18:50:51","modified_gmt":"2024-05-15T16:50:51","slug":"vilket-hus-ska-man-kopa-pa-mallorca-via-tm-real-estate-group","status":"publish","type":"post","link":"https:\/\/blog.tmgrupoinmobiliario.com\/sv\/2024\/03\/16\/vilket-hus-ska-man-kopa-pa-mallorca-via-tm-real-estate-group\/","title":{"rendered":"Vilket hus ska man k\u00f6pa p\u00e5 Mallorca via TM Real Estate Group?"},"content":{"rendered":"<h2><\/h2>\n<h3><span style=\"color: #ff0000\"><strong>D\u00e4rf\u00f6r \u00e4r det v\u00e4rt att bo p\u00e5 Mallorca<\/strong><\/span><\/h3>\n<p>Mallorca \u00e4r k\u00e4nt f\u00f6r sina spektakul\u00e4ra str\u00e4nder och vikar med turkost vatten, f\u00f6r sitt UNESCO-klassade v\u00e4rldsarv, Tramuntanabergen och de pittoreska byarna. Det \u00e4r en \u00f6 som har allt du beh\u00f6ver f\u00f6r att kunna bo h\u00e4r \u00e5ret runt: ett brett utbud av tj\u00e4nster och fritidsaktiviteter, en flygplats med nationella och internationella f\u00f6rbindelser och ett fantastiskt klimat hela \u00e5ret.<\/p>\n<p>Med mer \u00e4n 500 kilometer kustlinje kan du som bor p\u00e5 Mallorca njuta av behagliga temperaturer och soliga dagar varje dag \u00e5ret runt l\u00e4ngs \u00f6ns m\u00e5nga olika str\u00e4nder och vikar. Vi tar en titt p\u00e5 de fastigheter som TM Real Estate Group erbjuder p\u00e5 Mallorca.<\/p>\n<h3><span style=\"color: #ff0000\"><strong>La Perla de Sa Coma strandl\u00e4genheter fr\u00e5n TM<\/strong><\/span><\/h3>\n<p><a href=\"https:\/\/www.tmgrupoinmobiliario.com\/blog\/sv\/2022\/08\/12\/la-perla-de-sa-coma-din-dromlagenhet-vid-stranden-i-ett-av-mallorcas-vackraste-omraden\/\" target=\"_blank\" rel=\"noopener\">La Perla de Sa Coma by TM<\/a> ligger p\u00e5 den nord\u00f6stra delen av Mallorca, i omr\u00e5det Sa Coma i Sant Lloren\u00e7 des Cardassar. Bara n\u00e5gra meter fr\u00e5n bostadsomr\u00e5det ligger strandpromenaden som f\u00f6rbinder Sa Coma-stranden med Cala Millor. Dessutom ligger detta bostadsomr\u00e5de i naturreservatet Punta de n&#8217;Amer d\u00e4r det finns vandringsleder.<\/p>\n<p>I den h\u00e4r fantastiska milj\u00f6n erbjuder La Perla de Sa Coma by TM l\u00e4genheter med 2 och 3 sovrum och 2 badrum, s\u00f6derl\u00e4ge, perfekt f\u00f6r att njuta av solen \u00e5ret runt. Bland de gemensamma utrymmena finns en pool f\u00f6r vuxna och barn, jacuzzi, lekplats, inre gr\u00f6nomr\u00e5de och inre g\u00e5ngv\u00e4gar.<\/p>\n<h3><span style=\"color: #ff0000\"><strong>Villor till salu i Luz de Cala Ratjada by TM<\/strong><\/span><\/h3>\n<p><a href=\"https:\/\/www.tmgrupoinmobiliario.com\/blog\/sv\/2024\/01\/20\/fastigheter-till-salu-hos-tm-real-estate-group-i-spanien\/\" target=\"_blank\" rel=\"noopener\">Luz de Cala Ratjada by TM<\/a> ligger p\u00e5 den \u00f6stligaste delen av Mallorca, i Cala Ratjada i Capdepera. Det \u00e4r omgivet av spektakul\u00e4ra vikar och str\u00e4nder med turkost vatten och ligger bara 600 meter fr\u00e5n hamnen i Cala Ratjada. Bara n\u00e5gra minuter bort med bil ligger Art\u00e0, en av de vackraste och mest historiska byarna p\u00e5 \u00f6n.<\/p>\n<p>Detta lyxiga bostadsomr\u00e5de har parhus med 3 sovrum och 3 eller 4 badrum, med stora f\u00f6nster som sl\u00e4pper in mycket ljus i huset och ger det en k\u00e4nsla av v\u00e4rme. Dessutom har Luz de Cala Ratjada by TM fantastiska gemensamma utrymmen med pool, jacuzzis och ett stort poolomr\u00e5de vid stranden. Alla bost\u00e4der har parkeringsplats och f\u00f6rinstallation av laddstation f\u00f6r elfordon.<\/p>\n<h3><span style=\"color: #ff0000\"><strong>De senaste villorna till salu i Sant Pere och Font de Sa Cala<\/strong><\/span><\/h3>\n<p>I bostadsomr\u00e5det Essence of Sa Cala by TM p\u00e5 \u00f6stra Mallorca, \u00e4r den sista tillg\u00e4ngliga villan med 3 sovrum och 3 badrum samt en stor tr\u00e4dg\u00e5rd och solig uteplats till salu. Dess s\u00f6derl\u00e4ge i kombination med de stora f\u00f6nstren ger villan mycket ljus och rymd, samt utsikt \u00f6ver havet och bergen.<\/p>\n<p>Bel\u00e4gen 700 meter fr\u00e5n stranden Sa Colonia, i bostadsomr\u00e5det Sant Pere Collection by TM, finns en sista villa med 3 sovrum och 3 badrum samt en stor tr\u00e4dg\u00e5rd med pool och solig uteplats, s\u00e5 att du kan njuta av Mallorcas behagliga klimat. Denna villa har utrustat k\u00f6k, kanaliserad luftkonditionering, golvv\u00e4rme och dusch med hydromassage i det stora badrummet.<\/p>\n<p>Nu k\u00e4nner du till alla fastigheter som \u00e4r till salu p\u00e5 Mallorca \u2013 det h\u00e4r \u00e4r din m\u00f6jlighet att bo p\u00e5 Mallorcas kust.<\/p>\n<p>&nbsp;<\/p>\n<p><strong>Beg\u00e4r mer information om fastigheter till salu p\u00e5 Mallorca.<\/strong><\/p>\n<div data-test='contact-form'\n\t\t\tid='contact-form-17497'\n\t\t\tclass='jetpack-contact-form-container '\n\t\t\tdata-wp-interactive='jetpack\/form' data-wp-context='{\"formId\":\"17497\",\"formHash\":\"9d0ebeba16bf5e8e9b10f800628b217eda57ef0e\",\"showErrors\":false,\"errors\":[],\"fields\":[],\"isMultiStep\":false,\"useAjax\":true,\"submissionData\":null,\"formattedSubmissionData\":[],\"submissionSuccess\":false,\"submissionError\":null,\"elementId\":\"jp-form-9d0ebeba16bf5e8e9b10f800628b217eda57ef0e\",\"isSingleInputForm\":false,\"isForcedHorizontal\":false}'\n\t\t\tdata-wp-watch--scroll-to-wrapper=\"callbacks.scrollToWrapper\"\n\t\t>\n<div class=\"contact-form-submission contact-form-ajax-submission\" data-wp-bind--aria-hidden=\"state.isSuccessMessageAriaHidden\" data-wp-class--submission-success=\"context.submissionSuccess\" id=\"contact-form-success-9d0ebeba16bf5e8e9b10f800628b217eda57ef0e\" tabindex=\"-1\" aria-labelledby=\"contact-form-success-header-9d0ebeba16bf5e8e9b10f800628b217eda57ef0e\"><p class=\"go-back-message\"><a class=\"link\" role=\"button\" tabindex=\"0\" data-wp-on--click=\"actions.goBack\" href=\"\/sv\/wp-json\/wp\/v2\/posts\/17497\">\u2190 Tillbaka<\/a><\/p><h4 data-wp-bind--aria-hidden=\"state.isSuccessMessageAriaHidden\" id=\"contact-form-success-header-9d0ebeba16bf5e8e9b10f800628b217eda57ef0e\">Tack f\u00f6r din respons. \u2728<\/h4>\n\n<template data-wp-each--submission=\"context.formattedSubmissionData\">\n\t\t\t\t\t<div class=\"jetpack_forms_contact-form-success-summary\">\n\t\t\t\t\t\t<div class=\"field-name-wrapper\">\n\t\t\t\t\t\t\t<div class=\"field-type-icon\" data-wp-watch=\"callbacks.watchFieldTypeIcon\"><\/div>\n\t\t\t\t\t\t\t<div class=\"field-name\" data-wp-text=\"context.submission.label\" data-wp-bind--hidden=\"!context.submission.label\"><\/div>\n\t\t\t\t\t\t<\/div>\n\t\t\t\t\t\t<div class=\"field-value\" data-wp-text=\"context.submission.value\" data-wp-bind--hidden=\"!context.submission.showPlainValue\"><\/div>\n\t\t\t\t\t\t<a class=\"field-url\" data-wp-bind--href=\"context.submission.url\" data-wp-text=\"context.submission.value\" data-wp-bind--hidden=\"!context.submission.url\" target=\"_blank\" rel=\"noopener noreferrer\"><\/a>\n\t\t\t\t\t\t<div class=\"field-rating\" data-wp-bind--hidden=\"!context.submission.rating\" data-wp-watch=\"callbacks.watchRatingIcons\"><\/div>\n\t\t\t\t\t\t<div class=\"field-images\" data-wp-bind--hidden=\"!context.submission.images\">\n\t\t\t\t\t\t\t<template data-wp-each--image=\"context.submission.images\">\n\t\t\t\t\t\t\t\t<div class=\"field-image-option\" data-wp-class--is-empty=\"!context.image.src\">\n\t\t\t\t\t\t\t\t\t<figure class=\"field-image-option__image\" data-wp-class--is-empty=\"!context.image.src\">\n\t\t\t\t\t\t\t\t\t\t<img data-wp-bind--src=\"context.image.src\" data-wp-bind--hidden=\"!context.image.src\" \/>\n\t\t\t\t\t\t\t\t\t\t<img decoding=\"async\" src=\"data:image\/gif;base64,R0lGODlhAQABAAD\/ACwAAAAAAQABAAACADs=\" data-wp-bind--hidden=\"context.image.src\" \/>\n\t\t\t\t\t\t\t\t\t<\/figure>\n\t\t\t\t\t\t\t\t\t<div class=\"field-image-option__label-wrapper\">\n\t\t\t\t\t\t\t\t\t\t<span class=\"field-image-option__label-code\" data-wp-text=\"context.image.letterCode\"><\/span>\n\t\t\t\t\t\t\t\t\t\t<span class=\"field-image-option__label\" data-wp-text=\"context.image.label\" data-wp-bind--hidden=\"!context.image.label\"><\/span>\n\t\t\t\t\t\t\t\t\t<\/div>\n\t\t\t\t\t\t\t\t<\/div>\n\t\t\t\t\t\t\t<\/template>\n\t\t\t\t\t\t<\/div>\n\t\t\t\t\t\t<div class=\"field-files\" data-wp-bind--hidden=\"!context.submission.files\">\n\t\t\t\t\t\t\t<template data-wp-each--file=\"context.submission.files\">\n\t\t\t\t\t\t\t\t<div class=\"field-file\">\n\t\t\t\t\t\t\t\t\t<div class=\"field-file__thumbnail\" data-wp-style--background-image=\"context.file.previewUrl\" data-wp-style--mask-image=\"context.file.iconUrl\" data-wp-bind--hidden=\"!context.file.hasPreview\"><\/div>\n\t\t\t\t\t\t\t\t\t<svg class=\"field-file__icon\" data-wp-bind--hidden=\"context.file.hasPreview\" width=\"20\" height=\"20\" viewBox=\"0 0 24 24\" fill=\"none\" xmlns=\"http:\/\/www.w3.org\/2000\/svg\" aria-hidden=\"true\">\n\t\t\t\t\t\t\t\t\t\t<path d=\"M14 2H6C4.9 2 4 2.9 4 4V20C4 21.1 4.89 22 5.99 22H18C19.1 22 20 21.1 20 20V8L14 2ZM18 20H6V4H13V9H18V20Z\" fill=\"currentColor\"\/>\n\t\t\t\t\t\t\t\t\t<\/svg>\n\t\t\t\t\t\t\t\t\t<span class=\"field-file__name\" data-wp-text=\"context.file.name\"><\/span>\n\t\t\t\t\t\t\t\t\t<span class=\"field-file__size\" data-wp-text=\"context.file.size\"><\/span>\n\t\t\t\t\t\t\t\t<\/div>\n\t\t\t\t\t\t\t<\/template>\n\t\t\t\t\t\t<\/div>\n\t\t\t\t\t<\/div>\n\t\t\t\t<\/template><\/div><form action='https:\/\/blog.tmgrupoinmobiliario.com\/sv\/2024\/03\/16\/vilket-hus-ska-man-kopa-pa-mallorca-via-tm-real-estate-group\/'\n\t\t\t\tid='jp-form-9d0ebeba16bf5e8e9b10f800628b217eda57ef0e'\n\t\t\t\tmethod='post'\n\t\t\t\tclass='contact-form commentsblock jetpack-contact-form__form has-no-jetpack-form-layout' aria-label=\"Vilket hus ska man k\u00f6pa p\u00e5 Mallorca via TM Real Estate Group?\"\n\t\t\t\tdata-wp-on--submit=\"actions.onFormSubmit\"\n\t\t\t\tdata-wp-on--reset=\"actions.onFormReset\"\n\t\t\t\tdata-wp-class--submission-success=\"context.submissionSuccess\"\n\t\t\t\tdata-wp-class--is-first-step=\"state.isFirstStep\"\n\t\t\t\tdata-wp-class--is-last-step=\"state.isLastStep\"\n\t\t\t\tdata-wp-class--is-ajax-form=\"context.useAjax\"\n\t\t\t\tnovalidate >\n<input type='hidden' name='jetpack_contact_form_jwt' value='eyJ0eXAiOiJKV1QiLCJhbGciOiJIUzI1NiJ9.eyJlbmNyeXB0ZWRfYXR0cmlidXRlcyI6ImJkL2ZpQmFybGlna1c0NDZkWUVWWTFLWGJUOVZxd2dyMmVyWDd3N3pNTkdJSDVldW1kaXJEOUZaREY5WFEyZkdjcGl4cVZTbEVEYVRCR2hob3BXcTVldGtYcXBSUmx0YmEydmUzQUNSMUtGYURWTjZZWHhLeGtyZlZGcUpFQlpPUklxNUZoVlhSTFRETjhiazdUYWtiSG9JQ09QVU9JQkVBZjRKdXlJQ2JLNENZVTkrU05JcWpuck9KMHF5UCtuRW5kaUJxa2FqUkhqVnN1MXhlVWt4T2o0Wk9nTC80TDFOd3ROSnRCeks2N2Jia09UUjFLR1MyYllORi96OWhOb2V0ajRYVFY4NGQ2VDNIeHk4N3VWY0tLS1JQRytvSk1PY285YW5yQU1VTnBMREpPL2ptQllHVDJWc2xRVFBsYzQweDU1SHFBT3Y1VENDR2ViSFVJamZVcE1sODJaeVpER29idktPVjBTQzBlSUZZR2RISW9wdVJLZjF1WU9TUEM3WnQ3dEIzay9icElnbnpQNCtTWWgrcG0wMU5lVmtGalBzOFBSRmdibFUzMkxNRitwUW9RTmFycG5MVnB6MXdKT1NjT0g1dnhTMHoraHlTRHFSM3hvaUkzbHRTQUFKSkptdnhNY0JqajMxM1ZTb2I0b01idnJpUkUybXprR1J5UWp0YmdzNVY2Z09Xb2o4c1VXUnBBMFBiUG9iN3dDSmxPeTM2V0pVa0tTSUtsU1ZPUk5aQlZtK3hQbjlkYVFHdnNRVGFWbzY1ZzIzK0hiajZlc1k3a2t6SDdrbHUxR1JwVjBQZzVYdTdHbFdBSjVUbzFONWZVTSt1amNBY0Rkdkp4MGhESThrRUx1ZEU3RldXNTc2dktoSE1xekpHaGg4ejVPWG5RdEJlZ1FDWG00d0JneHdVcHM5UjNrMktNUlhHRDgyR3BDNU5GckJQVFVjbkNjamY0ZnhjZ1ZvekNFcmEyTkYrVTFDYmJVWXdqYVJjWS9MYmdhTTFFZjhTblhKeHg1cUpUNlEvMlJMcms3NmgwRDUybzQyNW04SGdYS1NHczk5THJ4WHAwVzFubDI3bzdBUGdFSUtxaXB1dStidzBPd0ZtSmhRRHEybmRuVW55ak93cm14RHU2SlV2UGxnOVBCL0VKdHgyQkZVc0JNSXMrMVVGandZTTNReEpWb0Z3eGw2Y3dWSHNCMzJiTjBTbldyc1Btb0JTaHRZSEtoNjBsVjVOakZrWld2ajBOQWNvY1MvZ2c9PSIsImNvbnRlbnQiOiJbY29udGFjdC1maWVsZCBsYWJlbD1cIk5hbW5cIiB0eXBlPVwibmFtZVwiIHJlcXVpcmVkPVwiMVwiXVtjb250YWN0LWZpZWxkIGxhYmVsPVwiRS1wb3N0XCIgdHlwZT1cImVtYWlsXCIgcmVxdWlyZWQ9XCIxXCJdW2NvbnRhY3QtZmllbGQgbGFiZWw9XCJUZWxlZm9ubnVtbWVyXCIgdHlwZT1cInRleHRcIiByZXF1aXJlZD1cIjFcIl1bY29udGFjdC1maWVsZCBsYWJlbD1cIk1lZGRlbGFuZGVcIiB0eXBlPVwidGV4dGFyZWFcIl0iLCJoYXNoIjoiOWQwZWJlYmExNmJmNWU4ZTliMTBmODAwNjI4YjIxN2VkYTU3ZWYwZSIsInNvdXJjZSI6eyJlbnRyeV90aXRsZSI6IlZpbGtldCBodXMgc2thIG1hbiBrXHUwMGY2cGEgcFx1MDBlNSBNYWxsb3JjYSB2aWEgVE0gUmVhbCBFc3RhdGUgR3JvdXA_IiwiZW50cnlfcGFnZSI6MSwic291cmNlX2lkIjoxNzQ5Nywic291cmNlX3R5cGUiOiJzaW5nbGUiLCJyZXF1ZXN0X3VybCI6Imh0dHBzOi8vYmxvZy50bWdydXBvaW5tb2JpbGlhcmlvLmNvbS9zdi93cC1qc29uL3dwL3YyL3Bvc3RzLzE3NDk3In0sInZlcnNpb24iOjIsImNpcGhlciI6ImFlcy0yNTYtZ2NtIn0.Q4o4chgO4Lo_exdpozrgqrMq8w50aDAO9M6AOOM4TOM' \/>\n\n<div style=\"\"  data-wp-interactive=\"jetpack\/form\" data-wp-context='{\"fieldId\":\"g17497-namn\",\"fieldType\":\"name\",\"fieldLabel\":\"Namn\",\"fieldValue\":\"\",\"fieldPlaceholder\":\"\",\"fieldIsRequired\":\"1\",\"fieldErrorMessage\":\"\",\"fieldExtra\":[],\"formHash\":\"9d0ebeba16bf5e8e9b10f800628b217eda57ef0e\"}'  class='grunion-field-name-wrap grunion-field-wrap'  data-wp-init='callbacks.initializeField' data-wp-on--jetpack-form-reset='callbacks.initializeField' >\n<label\n\t\t\t\tfor='g17497-namn' class=\"grunion-field-label name\" >Namn<span class=\"grunion-label-required\" aria-hidden=\"true\">(obligatoriskt)<\/span><\/label>\n<input\n\t\t\t\t\ttype='text'\n\t\t\t\t\tname='g17497-namn'\n\t\t\t\t\tid='g17497-namn'\n\t\t\t\t\tvalue=''\n\n\t\t\t\t\tdata-wp-bind--aria-invalid='state.fieldAriaInvalid'\n\t\t\t\t\tdata-wp-bind--value='state.getFieldValue'\n\t\t\t\t\taria-describedby='g17497-namn-text-error-message'\n\t\t\t\t\tdata-wp-on--input='actions.onFieldChange'\n\t\t\t\t\tdata-wp-on--blur='actions.onFieldBlur'\n\t\t\t\t\tdata-wp-class--has-value='state.hasFieldValue'\n\n\t\t\t\t\tclass='name  grunion-field' \n\t\t\t\t\trequired='true' aria-required='true'  \/>\n \n\t\t\t<div id=\"g17497-namn-text-error\" class=\"contact-form__input-error\" data-wp-class--has-errors=\"state.fieldHasErrors\">\n\t\t\t\t<span class=\"contact-form__warning-icon\" aria-hidden=\"true\">\n\t\t\t\t\t<svg width=\"16\" height=\"16\" viewBox=\"0 0 16 16\" fill=\"none\" xmlns=\"http:\/\/www.w3.org\/2000\/svg\">\n\t\t\t\t\t\t<path d=\"M8.50015 11.6402H7.50015V10.6402H8.50015V11.6402Z\" \/>\n\t\t\t\t\t\t<path d=\"M7.50015 9.64018H8.50015V6.30684H7.50015V9.64018Z\" \/>\n\t\t\t\t\t\t<path fill-rule=\"evenodd\" clip-rule=\"evenodd\" d=\"M6.98331 3.0947C7.42933 2.30177 8.57096 2.30177 9.01698 3.09469L13.8771 11.7349C14.3145 12.5126 13.7525 13.4735 12.8602 13.4735H3.14004C2.24774 13.4735 1.68575 12.5126 2.12321 11.7349L6.98331 3.0947ZM8.14541 3.58496C8.08169 3.47168 7.9186 3.47168 7.85488 3.58496L2.99478 12.2251C2.93229 12.3362 3.01257 12.4735 3.14004 12.4735H12.8602C12.9877 12.4735 13.068 12.3362 13.0055 12.2251L8.14541 3.58496Z\" \/>\n\t\t\t\t\t<\/svg>\n\t\t\t\t<\/span>\n\t\t\t\t<span data-wp-text=\"state.errorMessage\" id=\"g17497-namn-text-error-message\"><\/span>\n\t\t\t<\/div> \n\t<\/div>\n\n<div style=\"\"  data-wp-interactive=\"jetpack\/form\" data-wp-context='{\"fieldId\":\"g17497-epost\",\"fieldType\":\"email\",\"fieldLabel\":\"E-post\",\"fieldValue\":\"\",\"fieldPlaceholder\":\"\",\"fieldIsRequired\":\"1\",\"fieldErrorMessage\":\"\",\"fieldExtra\":[],\"formHash\":\"9d0ebeba16bf5e8e9b10f800628b217eda57ef0e\"}'  class='grunion-field-email-wrap grunion-field-wrap'  data-wp-init='callbacks.initializeField' data-wp-on--jetpack-form-reset='callbacks.initializeField' >\n<label\n\t\t\t\tfor='g17497-epost' class=\"grunion-field-label email\" >E-post<span class=\"grunion-label-required\" aria-hidden=\"true\">(obligatoriskt)<\/span><\/label>\n<input\n\t\t\t\t\ttype='email'\n\t\t\t\t\tname='g17497-epost'\n\t\t\t\t\tid='g17497-epost'\n\t\t\t\t\tvalue=''\n\n\t\t\t\t\tdata-wp-bind--aria-invalid='state.fieldAriaInvalid'\n\t\t\t\t\tdata-wp-bind--value='state.getFieldValue'\n\t\t\t\t\taria-describedby='g17497-epost-email-error-message'\n\t\t\t\t\tdata-wp-on--input='actions.onFieldChange'\n\t\t\t\t\tdata-wp-on--blur='actions.onFieldBlur'\n\t\t\t\t\tdata-wp-class--has-value='state.hasFieldValue'\n\n\t\t\t\t\tclass='email  grunion-field' \n\t\t\t\t\trequired='true' aria-required='true'  \/>\n \n\t\t\t<div id=\"g17497-epost-email-error\" class=\"contact-form__input-error\" data-wp-class--has-errors=\"state.fieldHasErrors\">\n\t\t\t\t<span class=\"contact-form__warning-icon\" aria-hidden=\"true\">\n\t\t\t\t\t<svg width=\"16\" height=\"16\" viewBox=\"0 0 16 16\" fill=\"none\" xmlns=\"http:\/\/www.w3.org\/2000\/svg\">\n\t\t\t\t\t\t<path d=\"M8.50015 11.6402H7.50015V10.6402H8.50015V11.6402Z\" \/>\n\t\t\t\t\t\t<path d=\"M7.50015 9.64018H8.50015V6.30684H7.50015V9.64018Z\" \/>\n\t\t\t\t\t\t<path fill-rule=\"evenodd\" clip-rule=\"evenodd\" d=\"M6.98331 3.0947C7.42933 2.30177 8.57096 2.30177 9.01698 3.09469L13.8771 11.7349C14.3145 12.5126 13.7525 13.4735 12.8602 13.4735H3.14004C2.24774 13.4735 1.68575 12.5126 2.12321 11.7349L6.98331 3.0947ZM8.14541 3.58496C8.08169 3.47168 7.9186 3.47168 7.85488 3.58496L2.99478 12.2251C2.93229 12.3362 3.01257 12.4735 3.14004 12.4735H12.8602C12.9877 12.4735 13.068 12.3362 13.0055 12.2251L8.14541 3.58496Z\" \/>\n\t\t\t\t\t<\/svg>\n\t\t\t\t<\/span>\n\t\t\t\t<span data-wp-text=\"state.errorMessage\" id=\"g17497-epost-email-error-message\"><\/span>\n\t\t\t<\/div> \n\t<\/div>\n\n<div style=\"\"  data-wp-interactive=\"jetpack\/form\" data-wp-context='{\"fieldId\":\"g17497-telefonnummer\",\"fieldType\":\"text\",\"fieldLabel\":\"Telefonnummer\",\"fieldValue\":\"\",\"fieldPlaceholder\":\"\",\"fieldIsRequired\":\"1\",\"fieldErrorMessage\":\"\",\"fieldExtra\":[],\"formHash\":\"9d0ebeba16bf5e8e9b10f800628b217eda57ef0e\"}'  class='grunion-field-text-wrap grunion-field-wrap'  data-wp-init='callbacks.initializeField' data-wp-on--jetpack-form-reset='callbacks.initializeField' >\n<label\n\t\t\t\tfor='g17497-telefonnummer' class=\"grunion-field-label text\" >Telefonnummer<span class=\"grunion-label-required\" aria-hidden=\"true\">(obligatoriskt)<\/span><\/label>\n<input\n\t\t\t\t\ttype='text'\n\t\t\t\t\tname='g17497-telefonnummer'\n\t\t\t\t\tid='g17497-telefonnummer'\n\t\t\t\t\tvalue=''\n\n\t\t\t\t\tdata-wp-bind--aria-invalid='state.fieldAriaInvalid'\n\t\t\t\t\tdata-wp-bind--value='state.getFieldValue'\n\t\t\t\t\taria-describedby='g17497-telefonnummer-text-error-message'\n\t\t\t\t\tdata-wp-on--input='actions.onFieldChange'\n\t\t\t\t\tdata-wp-on--blur='actions.onFieldBlur'\n\t\t\t\t\tdata-wp-class--has-value='state.hasFieldValue'\n\n\t\t\t\t\tclass='text  grunion-field' \n\t\t\t\t\trequired='true' aria-required='true'  \/>\n \n\t\t\t<div id=\"g17497-telefonnummer-text-error\" class=\"contact-form__input-error\" data-wp-class--has-errors=\"state.fieldHasErrors\">\n\t\t\t\t<span class=\"contact-form__warning-icon\" aria-hidden=\"true\">\n\t\t\t\t\t<svg width=\"16\" height=\"16\" viewBox=\"0 0 16 16\" fill=\"none\" xmlns=\"http:\/\/www.w3.org\/2000\/svg\">\n\t\t\t\t\t\t<path d=\"M8.50015 11.6402H7.50015V10.6402H8.50015V11.6402Z\" \/>\n\t\t\t\t\t\t<path d=\"M7.50015 9.64018H8.50015V6.30684H7.50015V9.64018Z\" \/>\n\t\t\t\t\t\t<path fill-rule=\"evenodd\" clip-rule=\"evenodd\" d=\"M6.98331 3.0947C7.42933 2.30177 8.57096 2.30177 9.01698 3.09469L13.8771 11.7349C14.3145 12.5126 13.7525 13.4735 12.8602 13.4735H3.14004C2.24774 13.4735 1.68575 12.5126 2.12321 11.7349L6.98331 3.0947ZM8.14541 3.58496C8.08169 3.47168 7.9186 3.47168 7.85488 3.58496L2.99478 12.2251C2.93229 12.3362 3.01257 12.4735 3.14004 12.4735H12.8602C12.9877 12.4735 13.068 12.3362 13.0055 12.2251L8.14541 3.58496Z\" \/>\n\t\t\t\t\t<\/svg>\n\t\t\t\t<\/span>\n\t\t\t\t<span data-wp-text=\"state.errorMessage\" id=\"g17497-telefonnummer-text-error-message\"><\/span>\n\t\t\t<\/div> \n\t<\/div>\n\n<div style=\"\"  data-wp-interactive=\"jetpack\/form\" data-wp-context='{\"fieldId\":\"g17497-meddelande\",\"fieldType\":\"textarea\",\"fieldLabel\":\"Meddelande\",\"fieldValue\":\"\",\"fieldPlaceholder\":\"\",\"fieldIsRequired\":\"\",\"fieldErrorMessage\":\"\",\"fieldExtra\":[],\"formHash\":\"9d0ebeba16bf5e8e9b10f800628b217eda57ef0e\"}'  class='grunion-field-textarea-wrap grunion-field-wrap'  data-wp-init='callbacks.initializeField' data-wp-on--jetpack-form-reset='callbacks.initializeField' >\n<label\n\t\t\t\tfor='contact-form-comment-g17497-meddelande' class=\"grunion-field-label textarea\" >Meddelande<\/label>\n<textarea\n\t\t                style=''\n\t\t                name='g17497-meddelande'\n\t\t                id='contact-form-comment-g17497-meddelande'\n\t\t                rows='20'\n\t\t\t\t\t\tdata-wp-text='state.getFieldValue'\n\t\t\t\t\t\tdata-wp-on--input='actions.onFieldChange'\n\t\t\t\t\t\tdata-wp-on--blur='actions.onFieldBlur'\n\t\t\t\t\t\tdata-wp-class--has-value='state.hasFieldValue'\n\t\t\t\t\t\taria-describedby='g17497-meddelande-textarea-error-message'\n\t\t\t\t\t\tdata-wp-bind--aria-invalid='state.fieldAriaInvalid'\n\t\t\t\t\t\tclass='textarea  grunion-field'  ><\/textarea>\n \n\t\t\t<div id=\"g17497-meddelande-textarea-error\" class=\"contact-form__input-error\" data-wp-class--has-errors=\"state.fieldHasErrors\">\n\t\t\t\t<span class=\"contact-form__warning-icon\" aria-hidden=\"true\">\n\t\t\t\t\t<svg width=\"16\" height=\"16\" viewBox=\"0 0 16 16\" fill=\"none\" xmlns=\"http:\/\/www.w3.org\/2000\/svg\">\n\t\t\t\t\t\t<path d=\"M8.50015 11.6402H7.50015V10.6402H8.50015V11.6402Z\" \/>\n\t\t\t\t\t\t<path d=\"M7.50015 9.64018H8.50015V6.30684H7.50015V9.64018Z\" \/>\n\t\t\t\t\t\t<path fill-rule=\"evenodd\" clip-rule=\"evenodd\" d=\"M6.98331 3.0947C7.42933 2.30177 8.57096 2.30177 9.01698 3.09469L13.8771 11.7349C14.3145 12.5126 13.7525 13.4735 12.8602 13.4735H3.14004C2.24774 13.4735 1.68575 12.5126 2.12321 11.7349L6.98331 3.0947ZM8.14541 3.58496C8.08169 3.47168 7.9186 3.47168 7.85488 3.58496L2.99478 12.2251C2.93229 12.3362 3.01257 12.4735 3.14004 12.4735H12.8602C12.9877 12.4735 13.068 12.3362 13.0055 12.2251L8.14541 3.58496Z\" \/>\n\t\t\t\t\t<\/svg>\n\t\t\t\t<\/span>\n\t\t\t\t<span data-wp-text=\"state.errorMessage\" id=\"g17497-meddelande-textarea-error-message\"><\/span>\n\t\t\t<\/div>\n\t<\/div>\n\t<p class='contact-submit'>\n<div class=\"contact-form__error\" data-wp-class--show-errors=\"state.showFormErrors\"><span class=\"contact-form__warning-icon\" aria-hidden=\"true\"><i><\/i><\/span><span class=\"contact-form__error-message\" tabindex=\"-1\" data-wp-watch=\"callbacks.focusOnValidationError\" data-wp-text=\"state.getFormErrorMessage\"><\/span><ul aria-label=\"Formul\u00e4rfel\">\n\t\t\t\t<template data-wp-each=\"state.getErrorList\" data-wp-key=\"context.item.id\">\n\t\t\t\t\t<li><a data-wp-bind--href=\"context.item.anchor\" data-wp-on--click=\"actions.scrollIntoView\" data-wp-text=\"context.item.label\"><\/a><\/li>\n\t\t\t\t<\/template>\n\t\t\t\t<\/ul><\/div><div class=\"contact-form__error\" data-wp-class--show-errors=\"state.showSubmissionError\" data-wp-text=\"context.submissionError\" tabindex=\"-1\" data-wp-watch=\"callbacks.focusOnSubmissionError\"><\/div>\t\t<button type='submit' class='pushbutton-wide'>Skicka<\/button>\t\t<input type='hidden' name='contact-form-id' value='17497' \/>\n\t\t<input type='hidden' name='action' value='grunion-contact-form' \/>\n\t\t<input type='hidden' name='contact-form-hash' value='9d0ebeba16bf5e8e9b10f800628b217eda57ef0e' \/>\n\t<\/p>\n<p style=\"display: none !important;\" class=\"akismet-fields-container\" data-prefix=\"ak_\"><label>&#916;<textarea name=\"ak_hp_textarea\" cols=\"45\" rows=\"8\" maxlength=\"100\"><\/textarea><\/label><input type=\"hidden\" id=\"ak_js_1\" name=\"ak_js\" value=\"18\"\/><script type=\"text\/javascript\">\n\/* <![CDATA[ *\/\ndocument.getElementById( \"ak_js_1\" ).setAttribute( \"value\", ( new Date() ).getTime() );\n\/* ]]> *\/\n<\/script>\n<\/p><\/form>\n<\/div>\n","protected":false},"excerpt":{"rendered":"<p>D\u00e4rf\u00f6r \u00e4r det v\u00e4rt att bo p\u00e5 Mallorca Mallorca \u00e4r k\u00e4nt f\u00f6r sina spektakul\u00e4ra str\u00e4nder och vikar med turkost vatten, f\u00f6r sitt UNESCO-klassade v\u00e4rldsarv, Tramuntanabergen och de pittoreska byarna. Det \u00e4r en \u00f6 som har allt du beh\u00f6ver f\u00f6r att kunna bo h\u00e4r \u00e5ret runt: ett brett utbud av tj\u00e4nster och fritidsaktiviteter, en flygplats med [&hellip;]<\/p>\n","protected":false},"author":11729,"featured_media":17506,"comment_status":"open","ping_status":"open","sticky":false,"template":"","format":"standard","meta":{"_jetpack_memberships_contains_paid_content":false,"footnotes":""},"categories":[486],"tags":[543,437],"class_list":["post-17497","post","type-post","status-publish","format-standard","has-post-thumbnail","hentry","category-ditt-nya-hem","tag-hus-pa-mallorca","tag-tm-real-estate-group-en","formato-blog"],"better_featured_image":{"id":17506,"alt_text":"Comprar casa Mallorca","caption":"","description":"","media_type":"image","media_details":{"width":1000,"height":666,"file":"2024\/03\/Comprar-casa-Mallorca-1.jpg","filesize":84352,"sizes":{"medium":{"file":"Comprar-casa-Mallorca-1-300x200.jpg","width":300,"height":200,"mime-type":"image\/jpeg","filesize":12513,"source_url":"https:\/\/blog.tmgrupoinmobiliario.com\/sv\/wp-content\/uploads\/sites\/6\/2024\/03\/Comprar-casa-Mallorca-1-300x200.jpg"},"thumbnail":{"file":"Comprar-casa-Mallorca-1-150x150.jpg","width":150,"height":150,"mime-type":"image\/jpeg","filesize":5397,"source_url":"https:\/\/blog.tmgrupoinmobiliario.com\/sv\/wp-content\/uploads\/sites\/6\/2024\/03\/Comprar-casa-Mallorca-1-150x150.jpg"},"medium_large":{"file":"Comprar-casa-Mallorca-1-768x511.jpg","width":768,"height":511,"mime-type":"image\/jpeg","filesize":52979,"source_url":"https:\/\/blog.tmgrupoinmobiliario.com\/sv\/wp-content\/uploads\/sites\/6\/2024\/03\/Comprar-casa-Mallorca-1-768x511.jpg"}},"image_meta":{"aperture":"0","credit":"","camera":"","caption":"","created_timestamp":"0","copyright":"","focal_length":"0","iso":"0","shutter_speed":"0","title":"","orientation":"1","keywords":[]}},"post":17497,"source_url":"https:\/\/blog.tmgrupoinmobiliario.com\/sv\/wp-content\/uploads\/sites\/6\/2024\/03\/Comprar-casa-Mallorca-1.jpg"},"acf":{"imagen_destacada_desktop":"https:\/\/blog.tmgrupoinmobiliario.com\/sv\/wp-content\/uploads\/sites\/6\/2024\/03\/Comprar-casa-Mallorca-1920x870-1.jpg","imagen_destacada_mobile":"https:\/\/blog.tmgrupoinmobiliario.com\/sv\/wp-content\/uploads\/sites\/6\/2024\/03\/Comprar-casa-Mallorca-540-1.jpg","formato":{"term_id":484,"name":"Blog","slug":"blog","term_group":0,"term_taxonomy_id":484,"taxonomy":"formato","description":"","parent":0,"count":74,"filter":"raw"},"entradilla":"Mallorca \u00e4r den perfekta platsen f\u00f6r alla som \u00e4lskar str\u00e4nder och vikar med kristallklart vatten, klippor och underbara panoramautsikter. TM Real Estate Group erbjuder olika typer av bost\u00e4der p\u00e5 hela Mallorca, bel\u00e4gna i Sa Coma, Cala Ratjada och Sant Pere. Vi ska titta n\u00e4rmare p\u00e5 de fastigheter som finns till salu p\u00e5 Mallorca.","etiquetas":"","cabecera_escritorio":"https:\/\/blog.tmgrupoinmobiliario.com\/sv\/wp-content\/uploads\/sites\/6\/2024\/03\/Comprar-casa-Mallorca-1200x300-.jpg","cabecera_mobile":"https:\/\/blog.tmgrupoinmobiliario.com\/sv\/wp-content\/uploads\/sites\/6\/2024\/03\/Comprar-casa-Mallorca-768-1.jpg","galeria":false},"yoast_head":"<!-- This site is optimized with the Yoast SEO Premium plugin v23.6 (Yoast SEO v27.5) - https:\/\/yoast.com\/product\/yoast-seo-premium-wordpress\/ -->\n<title>Vilket hus ska man k\u00f6pa p\u00e5 Mallorca via TM Real Estate Group? - Svenska<\/title>\n<meta name=\"description\" content=\"TM Real Estate Group erbjuder olika typer av bost\u00e4der p\u00e5 hela Mallorca, bel\u00e4gna i Sa Coma, Cala Ratjada och Sant Pere.\" \/>\n<meta name=\"robots\" content=\"index, follow, max-snippet:-1, max-image-preview:large, max-video-preview:-1\" \/>\n<link rel=\"canonical\" href=\"https:\/\/blog.tmgrupoinmobiliario.com\/sv\/2024\/03\/16\/vilket-hus-ska-man-kopa-pa-mallorca-via-tm-real-estate-group\/\" \/>\n<meta property=\"og:locale\" content=\"sv_SE\" \/>\n<meta property=\"og:type\" content=\"article\" \/>\n<meta property=\"og:title\" content=\"Vilket hus ska man k\u00f6pa p\u00e5 Mallorca via TM Real Estate Group?\" \/>\n<meta property=\"og:description\" content=\"TM Real Estate Group erbjuder olika typer av bost\u00e4der p\u00e5 hela Mallorca, bel\u00e4gna i Sa Coma, Cala Ratjada och Sant Pere.\" \/>\n<meta property=\"og:url\" content=\"https:\/\/blog.tmgrupoinmobiliario.com\/sv\/2024\/03\/16\/vilket-hus-ska-man-kopa-pa-mallorca-via-tm-real-estate-group\/\" \/>\n<meta property=\"og:site_name\" content=\"Svenska\" \/>\n<meta property=\"article:published_time\" content=\"2024-03-16T11:25:17+00:00\" \/>\n<meta property=\"article:modified_time\" content=\"2024-05-15T16:50:51+00:00\" \/>\n<meta property=\"og:image\" content=\"https:\/\/blog.tmgrupoinmobiliario.com\/sv\/wp-content\/uploads\/sites\/6\/2024\/03\/Comprar-casa-Mallorca-1.jpg\" \/>\n\t<meta property=\"og:image:width\" content=\"1000\" \/>\n\t<meta property=\"og:image:height\" content=\"666\" \/>\n\t<meta property=\"og:image:type\" content=\"image\/jpeg\" \/>\n<meta name=\"author\" content=\"indira\" \/>\n<meta name=\"twitter:card\" content=\"summary_large_image\" \/>\n<meta name=\"twitter:label1\" content=\"Skriven av\" \/>\n\t<meta name=\"twitter:data1\" content=\"indira\" \/>\n\t<meta name=\"twitter:label2\" content=\"Ber\u00e4knad l\u00e4stid\" \/>\n\t<meta name=\"twitter:data2\" content=\"3 minuter\" \/>\n<script type=\"application\/ld+json\" class=\"yoast-schema-graph\">{\"@context\":\"https:\\\/\\\/schema.org\",\"@graph\":[{\"@type\":\"Article\",\"@id\":\"https:\\\/\\\/blog.tmgrupoinmobiliario.com\\\/sv\\\/2024\\\/03\\\/16\\\/vilket-hus-ska-man-kopa-pa-mallorca-via-tm-real-estate-group\\\/#article\",\"isPartOf\":{\"@id\":\"https:\\\/\\\/blog.tmgrupoinmobiliario.com\\\/sv\\\/2024\\\/03\\\/16\\\/vilket-hus-ska-man-kopa-pa-mallorca-via-tm-real-estate-group\\\/\"},\"author\":{\"name\":\"indira\",\"@id\":\"https:\\\/\\\/blog.tmgrupoinmobiliario.com\\\/sv\\\/#\\\/schema\\\/person\\\/bbbac745abadad64177a5ee6a73cbf7c\"},\"headline\":\"Vilket hus ska man k\u00f6pa p\u00e5 Mallorca via TM Real Estate Group?\",\"datePublished\":\"2024-03-16T11:25:17+00:00\",\"dateModified\":\"2024-05-15T16:50:51+00:00\",\"mainEntityOfPage\":{\"@id\":\"https:\\\/\\\/blog.tmgrupoinmobiliario.com\\\/sv\\\/2024\\\/03\\\/16\\\/vilket-hus-ska-man-kopa-pa-mallorca-via-tm-real-estate-group\\\/\"},\"wordCount\":605,\"commentCount\":0,\"image\":{\"@id\":\"https:\\\/\\\/blog.tmgrupoinmobiliario.com\\\/sv\\\/2024\\\/03\\\/16\\\/vilket-hus-ska-man-kopa-pa-mallorca-via-tm-real-estate-group\\\/#primaryimage\"},\"thumbnailUrl\":\"https:\\\/\\\/blog.tmgrupoinmobiliario.com\\\/sv\\\/wp-content\\\/uploads\\\/sites\\\/6\\\/2024\\\/03\\\/Comprar-casa-Mallorca-1.jpg\",\"keywords\":[\"hus p\u00e5 Mallorca\",\"TM Real Estate Group\"],\"articleSection\":[\"Ditt nya hem\"],\"inLanguage\":\"sv-SE\",\"potentialAction\":[{\"@type\":\"CommentAction\",\"name\":\"Comment\",\"target\":[\"https:\\\/\\\/blog.tmgrupoinmobiliario.com\\\/sv\\\/2024\\\/03\\\/16\\\/vilket-hus-ska-man-kopa-pa-mallorca-via-tm-real-estate-group\\\/#respond\"]}]},{\"@type\":\"WebPage\",\"@id\":\"https:\\\/\\\/blog.tmgrupoinmobiliario.com\\\/sv\\\/2024\\\/03\\\/16\\\/vilket-hus-ska-man-kopa-pa-mallorca-via-tm-real-estate-group\\\/\",\"url\":\"https:\\\/\\\/blog.tmgrupoinmobiliario.com\\\/sv\\\/2024\\\/03\\\/16\\\/vilket-hus-ska-man-kopa-pa-mallorca-via-tm-real-estate-group\\\/\",\"name\":\"Vilket hus ska man k\u00f6pa p\u00e5 Mallorca via TM Real Estate Group? - Svenska\",\"isPartOf\":{\"@id\":\"https:\\\/\\\/blog.tmgrupoinmobiliario.com\\\/sv\\\/#website\"},\"primaryImageOfPage\":{\"@id\":\"https:\\\/\\\/blog.tmgrupoinmobiliario.com\\\/sv\\\/2024\\\/03\\\/16\\\/vilket-hus-ska-man-kopa-pa-mallorca-via-tm-real-estate-group\\\/#primaryimage\"},\"image\":{\"@id\":\"https:\\\/\\\/blog.tmgrupoinmobiliario.com\\\/sv\\\/2024\\\/03\\\/16\\\/vilket-hus-ska-man-kopa-pa-mallorca-via-tm-real-estate-group\\\/#primaryimage\"},\"thumbnailUrl\":\"https:\\\/\\\/blog.tmgrupoinmobiliario.com\\\/sv\\\/wp-content\\\/uploads\\\/sites\\\/6\\\/2024\\\/03\\\/Comprar-casa-Mallorca-1.jpg\",\"datePublished\":\"2024-03-16T11:25:17+00:00\",\"dateModified\":\"2024-05-15T16:50:51+00:00\",\"author\":{\"@id\":\"https:\\\/\\\/blog.tmgrupoinmobiliario.com\\\/sv\\\/#\\\/schema\\\/person\\\/bbbac745abadad64177a5ee6a73cbf7c\"},\"description\":\"TM Real Estate Group erbjuder olika typer av bost\u00e4der p\u00e5 hela Mallorca, bel\u00e4gna i Sa Coma, Cala Ratjada och Sant Pere.\",\"breadcrumb\":{\"@id\":\"https:\\\/\\\/blog.tmgrupoinmobiliario.com\\\/sv\\\/2024\\\/03\\\/16\\\/vilket-hus-ska-man-kopa-pa-mallorca-via-tm-real-estate-group\\\/#breadcrumb\"},\"inLanguage\":\"sv-SE\",\"potentialAction\":[{\"@type\":\"ReadAction\",\"target\":[\"https:\\\/\\\/blog.tmgrupoinmobiliario.com\\\/sv\\\/2024\\\/03\\\/16\\\/vilket-hus-ska-man-kopa-pa-mallorca-via-tm-real-estate-group\\\/\"]}]},{\"@type\":\"ImageObject\",\"inLanguage\":\"sv-SE\",\"@id\":\"https:\\\/\\\/blog.tmgrupoinmobiliario.com\\\/sv\\\/2024\\\/03\\\/16\\\/vilket-hus-ska-man-kopa-pa-mallorca-via-tm-real-estate-group\\\/#primaryimage\",\"url\":\"https:\\\/\\\/blog.tmgrupoinmobiliario.com\\\/sv\\\/wp-content\\\/uploads\\\/sites\\\/6\\\/2024\\\/03\\\/Comprar-casa-Mallorca-1.jpg\",\"contentUrl\":\"https:\\\/\\\/blog.tmgrupoinmobiliario.com\\\/sv\\\/wp-content\\\/uploads\\\/sites\\\/6\\\/2024\\\/03\\\/Comprar-casa-Mallorca-1.jpg\",\"width\":1000,\"height\":666,\"caption\":\"Comprar casa Mallorca\"},{\"@type\":\"BreadcrumbList\",\"@id\":\"https:\\\/\\\/blog.tmgrupoinmobiliario.com\\\/sv\\\/2024\\\/03\\\/16\\\/vilket-hus-ska-man-kopa-pa-mallorca-via-tm-real-estate-group\\\/#breadcrumb\",\"itemListElement\":[{\"@type\":\"ListItem\",\"position\":1,\"name\":\"Portada\",\"item\":\"https:\\\/\\\/blog.tmgrupoinmobiliario.com\\\/sv\\\/\"},{\"@type\":\"ListItem\",\"position\":2,\"name\":\"Vilket hus ska man k\u00f6pa p\u00e5 Mallorca via TM Real Estate Group?\"}]},{\"@type\":\"WebSite\",\"@id\":\"https:\\\/\\\/blog.tmgrupoinmobiliario.com\\\/sv\\\/#website\",\"url\":\"https:\\\/\\\/blog.tmgrupoinmobiliario.com\\\/sv\\\/\",\"name\":\"Svenska\",\"description\":\"Otro sitio m\u00e1s de Blog Desarrollo TM sitios\",\"potentialAction\":[{\"@type\":\"SearchAction\",\"target\":{\"@type\":\"EntryPoint\",\"urlTemplate\":\"https:\\\/\\\/blog.tmgrupoinmobiliario.com\\\/sv\\\/?s={search_term_string}\"},\"query-input\":{\"@type\":\"PropertyValueSpecification\",\"valueRequired\":true,\"valueName\":\"search_term_string\"}}],\"inLanguage\":\"sv-SE\"},{\"@type\":\"Person\",\"@id\":\"https:\\\/\\\/blog.tmgrupoinmobiliario.com\\\/sv\\\/#\\\/schema\\\/person\\\/bbbac745abadad64177a5ee6a73cbf7c\",\"name\":\"indira\",\"image\":{\"@type\":\"ImageObject\",\"inLanguage\":\"sv-SE\",\"@id\":\"https:\\\/\\\/secure.gravatar.com\\\/avatar\\\/e9bcc7a0bb2179240c56a1875899ce9a1dfa15d5b7527f71259eaee6010d7203?s=96&d=mm&r=g\",\"url\":\"https:\\\/\\\/secure.gravatar.com\\\/avatar\\\/e9bcc7a0bb2179240c56a1875899ce9a1dfa15d5b7527f71259eaee6010d7203?s=96&d=mm&r=g\",\"contentUrl\":\"https:\\\/\\\/secure.gravatar.com\\\/avatar\\\/e9bcc7a0bb2179240c56a1875899ce9a1dfa15d5b7527f71259eaee6010d7203?s=96&d=mm&r=g\",\"caption\":\"indira\"},\"url\":\"https:\\\/\\\/blog.tmgrupoinmobiliario.com\\\/sv\\\/author\\\/indira\\\/\"}]}<\/script>\n<!-- \/ Yoast SEO Premium plugin. -->","yoast_head_json":{"title":"Vilket hus ska man k\u00f6pa p\u00e5 Mallorca via TM Real Estate Group? - Svenska","description":"TM Real Estate Group erbjuder olika typer av bost\u00e4der p\u00e5 hela Mallorca, bel\u00e4gna i Sa Coma, Cala Ratjada och Sant Pere.","robots":{"index":"index","follow":"follow","max-snippet":"max-snippet:-1","max-image-preview":"max-image-preview:large","max-video-preview":"max-video-preview:-1"},"canonical":"https:\/\/blog.tmgrupoinmobiliario.com\/sv\/2024\/03\/16\/vilket-hus-ska-man-kopa-pa-mallorca-via-tm-real-estate-group\/","og_locale":"sv_SE","og_type":"article","og_title":"Vilket hus ska man k\u00f6pa p\u00e5 Mallorca via TM Real Estate Group?","og_description":"TM Real Estate Group erbjuder olika typer av bost\u00e4der p\u00e5 hela Mallorca, bel\u00e4gna i Sa Coma, Cala Ratjada och Sant Pere.","og_url":"https:\/\/blog.tmgrupoinmobiliario.com\/sv\/2024\/03\/16\/vilket-hus-ska-man-kopa-pa-mallorca-via-tm-real-estate-group\/","og_site_name":"Svenska","article_published_time":"2024-03-16T11:25:17+00:00","article_modified_time":"2024-05-15T16:50:51+00:00","og_image":[{"width":1000,"height":666,"url":"https:\/\/blog.tmgrupoinmobiliario.com\/sv\/wp-content\/uploads\/sites\/6\/2024\/03\/Comprar-casa-Mallorca-1.jpg","type":"image\/jpeg"}],"author":"indira","twitter_card":"summary_large_image","twitter_misc":{"Skriven av":"indira","Ber\u00e4knad l\u00e4stid":"3 minuter"},"schema":{"@context":"https:\/\/schema.org","@graph":[{"@type":"Article","@id":"https:\/\/blog.tmgrupoinmobiliario.com\/sv\/2024\/03\/16\/vilket-hus-ska-man-kopa-pa-mallorca-via-tm-real-estate-group\/#article","isPartOf":{"@id":"https:\/\/blog.tmgrupoinmobiliario.com\/sv\/2024\/03\/16\/vilket-hus-ska-man-kopa-pa-mallorca-via-tm-real-estate-group\/"},"author":{"name":"indira","@id":"https:\/\/blog.tmgrupoinmobiliario.com\/sv\/#\/schema\/person\/bbbac745abadad64177a5ee6a73cbf7c"},"headline":"Vilket hus ska man k\u00f6pa p\u00e5 Mallorca via TM Real Estate Group?","datePublished":"2024-03-16T11:25:17+00:00","dateModified":"2024-05-15T16:50:51+00:00","mainEntityOfPage":{"@id":"https:\/\/blog.tmgrupoinmobiliario.com\/sv\/2024\/03\/16\/vilket-hus-ska-man-kopa-pa-mallorca-via-tm-real-estate-group\/"},"wordCount":605,"commentCount":0,"image":{"@id":"https:\/\/blog.tmgrupoinmobiliario.com\/sv\/2024\/03\/16\/vilket-hus-ska-man-kopa-pa-mallorca-via-tm-real-estate-group\/#primaryimage"},"thumbnailUrl":"https:\/\/blog.tmgrupoinmobiliario.com\/sv\/wp-content\/uploads\/sites\/6\/2024\/03\/Comprar-casa-Mallorca-1.jpg","keywords":["hus p\u00e5 Mallorca","TM Real Estate Group"],"articleSection":["Ditt nya hem"],"inLanguage":"sv-SE","potentialAction":[{"@type":"CommentAction","name":"Comment","target":["https:\/\/blog.tmgrupoinmobiliario.com\/sv\/2024\/03\/16\/vilket-hus-ska-man-kopa-pa-mallorca-via-tm-real-estate-group\/#respond"]}]},{"@type":"WebPage","@id":"https:\/\/blog.tmgrupoinmobiliario.com\/sv\/2024\/03\/16\/vilket-hus-ska-man-kopa-pa-mallorca-via-tm-real-estate-group\/","url":"https:\/\/blog.tmgrupoinmobiliario.com\/sv\/2024\/03\/16\/vilket-hus-ska-man-kopa-pa-mallorca-via-tm-real-estate-group\/","name":"Vilket hus ska man k\u00f6pa p\u00e5 Mallorca via TM Real Estate Group? - Svenska","isPartOf":{"@id":"https:\/\/blog.tmgrupoinmobiliario.com\/sv\/#website"},"primaryImageOfPage":{"@id":"https:\/\/blog.tmgrupoinmobiliario.com\/sv\/2024\/03\/16\/vilket-hus-ska-man-kopa-pa-mallorca-via-tm-real-estate-group\/#primaryimage"},"image":{"@id":"https:\/\/blog.tmgrupoinmobiliario.com\/sv\/2024\/03\/16\/vilket-hus-ska-man-kopa-pa-mallorca-via-tm-real-estate-group\/#primaryimage"},"thumbnailUrl":"https:\/\/blog.tmgrupoinmobiliario.com\/sv\/wp-content\/uploads\/sites\/6\/2024\/03\/Comprar-casa-Mallorca-1.jpg","datePublished":"2024-03-16T11:25:17+00:00","dateModified":"2024-05-15T16:50:51+00:00","author":{"@id":"https:\/\/blog.tmgrupoinmobiliario.com\/sv\/#\/schema\/person\/bbbac745abadad64177a5ee6a73cbf7c"},"description":"TM Real Estate Group erbjuder olika typer av bost\u00e4der p\u00e5 hela Mallorca, bel\u00e4gna i Sa Coma, Cala Ratjada och Sant Pere.","breadcrumb":{"@id":"https:\/\/blog.tmgrupoinmobiliario.com\/sv\/2024\/03\/16\/vilket-hus-ska-man-kopa-pa-mallorca-via-tm-real-estate-group\/#breadcrumb"},"inLanguage":"sv-SE","potentialAction":[{"@type":"ReadAction","target":["https:\/\/blog.tmgrupoinmobiliario.com\/sv\/2024\/03\/16\/vilket-hus-ska-man-kopa-pa-mallorca-via-tm-real-estate-group\/"]}]},{"@type":"ImageObject","inLanguage":"sv-SE","@id":"https:\/\/blog.tmgrupoinmobiliario.com\/sv\/2024\/03\/16\/vilket-hus-ska-man-kopa-pa-mallorca-via-tm-real-estate-group\/#primaryimage","url":"https:\/\/blog.tmgrupoinmobiliario.com\/sv\/wp-content\/uploads\/sites\/6\/2024\/03\/Comprar-casa-Mallorca-1.jpg","contentUrl":"https:\/\/blog.tmgrupoinmobiliario.com\/sv\/wp-content\/uploads\/sites\/6\/2024\/03\/Comprar-casa-Mallorca-1.jpg","width":1000,"height":666,"caption":"Comprar casa Mallorca"},{"@type":"BreadcrumbList","@id":"https:\/\/blog.tmgrupoinmobiliario.com\/sv\/2024\/03\/16\/vilket-hus-ska-man-kopa-pa-mallorca-via-tm-real-estate-group\/#breadcrumb","itemListElement":[{"@type":"ListItem","position":1,"name":"Portada","item":"https:\/\/blog.tmgrupoinmobiliario.com\/sv\/"},{"@type":"ListItem","position":2,"name":"Vilket hus ska man k\u00f6pa p\u00e5 Mallorca via TM Real Estate Group?"}]},{"@type":"WebSite","@id":"https:\/\/blog.tmgrupoinmobiliario.com\/sv\/#website","url":"https:\/\/blog.tmgrupoinmobiliario.com\/sv\/","name":"Svenska","description":"Otro sitio m\u00e1s de Blog Desarrollo TM sitios","potentialAction":[{"@type":"SearchAction","target":{"@type":"EntryPoint","urlTemplate":"https:\/\/blog.tmgrupoinmobiliario.com\/sv\/?s={search_term_string}"},"query-input":{"@type":"PropertyValueSpecification","valueRequired":true,"valueName":"search_term_string"}}],"inLanguage":"sv-SE"},{"@type":"Person","@id":"https:\/\/blog.tmgrupoinmobiliario.com\/sv\/#\/schema\/person\/bbbac745abadad64177a5ee6a73cbf7c","name":"indira","image":{"@type":"ImageObject","inLanguage":"sv-SE","@id":"https:\/\/secure.gravatar.com\/avatar\/e9bcc7a0bb2179240c56a1875899ce9a1dfa15d5b7527f71259eaee6010d7203?s=96&d=mm&r=g","url":"https:\/\/secure.gravatar.com\/avatar\/e9bcc7a0bb2179240c56a1875899ce9a1dfa15d5b7527f71259eaee6010d7203?s=96&d=mm&r=g","contentUrl":"https:\/\/secure.gravatar.com\/avatar\/e9bcc7a0bb2179240c56a1875899ce9a1dfa15d5b7527f71259eaee6010d7203?s=96&d=mm&r=g","caption":"indira"},"url":"https:\/\/blog.tmgrupoinmobiliario.com\/sv\/author\/indira\/"}]}},"jetpack_featured_media_url":"https:\/\/blog.tmgrupoinmobiliario.com\/sv\/wp-content\/uploads\/sites\/6\/2024\/03\/Comprar-casa-Mallorca-1.jpg","jetpack_sharing_enabled":true,"_links":{"self":[{"href":"https:\/\/blog.tmgrupoinmobiliario.com\/sv\/wp-json\/wp\/v2\/posts\/17497","targetHints":{"allow":["GET"]}}],"collection":[{"href":"https:\/\/blog.tmgrupoinmobiliario.com\/sv\/wp-json\/wp\/v2\/posts"}],"about":[{"href":"https:\/\/blog.tmgrupoinmobiliario.com\/sv\/wp-json\/wp\/v2\/types\/post"}],"author":[{"embeddable":true,"href":"https:\/\/blog.tmgrupoinmobiliario.com\/sv\/wp-json\/wp\/v2\/users\/11729"}],"replies":[{"embeddable":true,"href":"https:\/\/blog.tmgrupoinmobiliario.com\/sv\/wp-json\/wp\/v2\/comments?post=17497"}],"version-history":[{"count":4,"href":"https:\/\/blog.tmgrupoinmobiliario.com\/sv\/wp-json\/wp\/v2\/posts\/17497\/revisions"}],"predecessor-version":[{"id":17510,"href":"https:\/\/blog.tmgrupoinmobiliario.com\/sv\/wp-json\/wp\/v2\/posts\/17497\/revisions\/17510"}],"wp:featuredmedia":[{"embeddable":true,"href":"https:\/\/blog.tmgrupoinmobiliario.com\/sv\/wp-json\/wp\/v2\/media\/17506"}],"wp:attachment":[{"href":"https:\/\/blog.tmgrupoinmobiliario.com\/sv\/wp-json\/wp\/v2\/media?parent=17497"}],"wp:term":[{"taxonomy":"category","embeddable":true,"href":"https:\/\/blog.tmgrupoinmobiliario.com\/sv\/wp-json\/wp\/v2\/categories?post=17497"},{"taxonomy":"post_tag","embeddable":true,"href":"https:\/\/blog.tmgrupoinmobiliario.com\/sv\/wp-json\/wp\/v2\/tags?post=17497"}],"curies":[{"name":"wp","href":"https:\/\/api.w.org\/{rel}","templated":true}]}}