{"id":17422,"date":"2024-01-04T14:04:50","date_gmt":"2024-01-04T13:04:50","guid":{"rendered":"https:\/\/blog.tmgrupoinmobiliario.com\/sv\/?p=17422"},"modified":"2024-01-05T10:33:07","modified_gmt":"2024-01-05T09:33:07","slug":"valencia-cf-tm-real-estate-group-och-laliga-gick-samman-i-ett-kanslofyllt-visningsparty-i-polen","status":"publish","type":"post","link":"https:\/\/blog.tmgrupoinmobiliario.com\/sv\/2024\/01\/04\/valencia-cf-tm-real-estate-group-och-laliga-gick-samman-i-ett-kanslofyllt-visningsparty-i-polen\/","title":{"rendered":"Valencia CF, TM Real Estate Group och LALIGA gick samman i ett k\u00e4nslofyllt visningsparty i Polen"},"content":{"rendered":"<p>&nbsp;<\/p>\n<p>Matchen mellan <strong>Valencia CF \u2013 FC Barcelona<\/strong>, den 17:e matchdagen av LaLiga EA Sports, upplevdes p\u00e5 ett speciellt s\u00e4tt i staden Sopot i Polen, \u00f6ver 2\u00a0700\u00a0kilometer fr\u00e5n Camp de Mestalla. <strong>Valencia CF<\/strong>, deras stolta Main Global Partner TM Real Estate Group och LaLiga gick n\u00e4mligen samman f\u00f6rra helgen f\u00f6r att organisera ett stort internationellt event: ett visningsparty lika k\u00e4nslofyllt som p\u00e5 matchplats, vilket gav hundratals Valencia CF-fans, nuvarande och potentiella kunder till <strong>TM Real Estate Group<\/strong> och <strong>LALIGA<\/strong>-fans en riktig premiumupplevelse.<\/p>\n<p>&nbsp;<\/p>\n<p><img loading=\"lazy\" decoding=\"async\" class=\"aligncenter wp-image-23595 \" src=\"https:\/\/www.tmgrupoinmobiliario.com\/blog\/wp-content\/uploads\/2023\/12\/foto-familia-1024x678.jpg\" alt=\"\" width=\"743\" height=\"492\" \/><\/p>\n<p>&nbsp;<\/p>\n<p>Deltagarna kunde se matchen i kongressalen p\u00e5 <strong>Hotel Sheraton i Sopot<\/strong> p\u00e5 storbildssk\u00e4rm d\u00e4r <strong>Eleven Sports<\/strong>, LALIGA:s kanal i Polen, visade matchen live medan deltagarna nj\u00f6t av en middag med typiska r\u00e4tter fr\u00e5n Valencia och Medelhavsk\u00f6ket. Under kv\u00e4llen n\u00e4rvarade <strong>Valencia CF:s ambassad\u00f6r, Miguel \u00c1ngel Bossio<\/strong>, deltagarna fick ta del av ett videomeddelande fr\u00e5n <strong>Yarek Gasiorowski<\/strong>(en spansk spelare med polsk h\u00e4rkomst), Valencia-tr\u00f6jor och supporterartiklar delades ut och olika lotterier genomf\u00f6rdes.<\/p>\n<p>&nbsp;<\/p>\n<p><img loading=\"lazy\" decoding=\"async\" class=\"aligncenter wp-image-23596 \" src=\"https:\/\/www.tmgrupoinmobiliario.com\/blog\/wp-content\/uploads\/2023\/12\/20231216_202543-768x1024.jpg\" alt=\"\" width=\"461\" height=\"615\" \/><\/p>\n<p>&nbsp;<\/p>\n<p>Eventet syftade till att skapa lojalitet hos deltagarna vad g\u00e4ller passionen f\u00f6r <strong>Valencia CF<\/strong> med <strong>LALIGA<\/strong>och s\u00e4rskilt med <strong>TM Real Estate Group<\/strong>. Holdingbolaget fr\u00e5n Alicante, ett referensf\u00f6retag inom sektorn f\u00f6r bostadsturism, hotell och semester, genomf\u00f6rde en kommersiell och strategisk positionerings\u00e5tg\u00e4rd med n\u00e4rvaro av Jorge Blay, som \u00e4r ansvarig f\u00f6r de europeiska delegationerna, och Monika Trams, Country Manager i Polen, och med en f\u00f6retagsvideo med sina ledande bostads- och hotellprojekt b\u00e5de i Medelhavsomr\u00e5det och i mexikanska Karibien.<\/p>\n<p>&nbsp;<\/p>\n<p>Polen har blivit en alltmer intressant marknad f\u00f6r <strong>Valencia CF<\/strong> med tanke p\u00e5 indikatorer som tillv\u00e4xten av klubbens publik i landet p\u00e5 72 % , <strong>Yarek Gasiorowskis<\/strong> entr\u00e9 i A-laget och arbetet med <strong>TM Real Estate Group<\/strong> i gemensamma strategier f\u00f6r internationell utveckling, eftersom den polska marknaden f\u00f6r n\u00e4rvarande leder antalet fastighetsinvesteringar registrerade under de senaste tv\u00e5 \u00e5ren hos det Alicante-baserade f\u00f6retaget. Visningspartyt, som utgjorde en av m\u00e5nga \u00e5tg\u00e4rder vidtagna av Valencia CF:s kommersiella och marknadsf\u00f6ringsavdelning f\u00f6r att uppn\u00e5 m\u00e5len f\u00f6r LaLiga Impulsos International Vertical, har ocks\u00e5 p\u00e5verkat leadsgenereringen och mediep\u00e5verkan, vilket i sin tur har lett till n\u00e4rvaro i medier som TVP Sport, Canal+ och Kanal Sportowy, den mest f\u00f6ljda YouTube-kanalen i landet.<\/p>\n<p>&nbsp;<\/p>\n<p><img loading=\"lazy\" decoding=\"async\" class=\"aligncenter wp-image-23597 \" src=\"https:\/\/www.tmgrupoinmobiliario.com\/blog\/wp-content\/uploads\/2023\/12\/IMG-20231217-WA0016.jpg\" alt=\"\" width=\"728\" height=\"546\" \/><\/p>\n<p>&nbsp;<\/p>\n<p>Det led verkligen ingen brist p\u00e5 n\u00e4rvaro av olika personligheter som Barbara Stempkowska (ordf\u00f6rande f\u00f6r American Chamber of Commerce i Gdansk), Rados\u0142aw Michalski (ordf\u00f6rande f\u00f6r fotbollsf\u00f6rbundet i Pommern), Aneta Tylicka (VD f\u00f6r Fuksiarz, sponsor av LALIGA i Polen) eller Janusz Jarosi\u0144ski (hederskonsul f\u00f6r Belgien) samt olika chefer fr\u00e5n dotterbolagen till Banco Santander i Polen och VIP-kunder fr\u00e5n <strong>TM Real Estate Group<\/strong>.<\/p>\n<p>&nbsp;<\/p>\n<p><img loading=\"lazy\" decoding=\"async\" class=\"aligncenter wp-image-23598 \" src=\"https:\/\/www.tmgrupoinmobiliario.com\/blog\/wp-content\/uploads\/2023\/12\/WhatsApp-Image-2023-12-18-at-09.30.37-1-1024x684.jpeg\" alt=\"\" width=\"726\" height=\"485\" \/><\/p>\n","protected":false},"excerpt":{"rendered":"<p>&nbsp; Matchen mellan Valencia CF \u2013 FC Barcelona, den 17:e matchdagen av LaLiga EA Sports, upplevdes p\u00e5 ett speciellt s\u00e4tt i staden Sopot i Polen, \u00f6ver 2\u00a0700\u00a0kilometer fr\u00e5n Camp de Mestalla. Valencia CF, deras stolta Main Global Partner TM Real Estate Group och LaLiga gick n\u00e4mligen samman f\u00f6rra helgen f\u00f6r att organisera ett stort internationellt [&hellip;]<\/p>\n","protected":false},"author":11716,"featured_media":17427,"comment_status":"open","ping_status":"open","sticky":false,"template":"","format":"standard","meta":{"_jetpack_memberships_contains_paid_content":false,"footnotes":""},"categories":[11,18],"tags":[399,405],"class_list":["post-17422","post","type-post","status-publish","format-standard","has-post-thumbnail","hentry","category-corporativo","category-blog-2","tag-tag-all","tag-tag-compromise-en-2","formato-comunicacion"],"better_featured_image":{"id":17427,"alt_text":"","caption":"","description":"","media_type":"image","media_details":{"width":1000,"height":666,"file":"2024\/01\/1000x666-watch-party1.jpg","filesize":162149,"sizes":{"medium":{"file":"1000x666-watch-party1-300x200.jpg","width":300,"height":200,"mime-type":"image\/jpeg","filesize":10501,"source_url":"https:\/\/blog.tmgrupoinmobiliario.com\/sv\/wp-content\/uploads\/sites\/6\/2024\/01\/1000x666-watch-party1-300x200.jpg"},"thumbnail":{"file":"1000x666-watch-party1-150x150.jpg","width":150,"height":150,"mime-type":"image\/jpeg","filesize":5013,"source_url":"https:\/\/blog.tmgrupoinmobiliario.com\/sv\/wp-content\/uploads\/sites\/6\/2024\/01\/1000x666-watch-party1-150x150.jpg"},"medium_large":{"file":"1000x666-watch-party1-768x511.jpg","width":768,"height":511,"mime-type":"image\/jpeg","filesize":40381,"source_url":"https:\/\/blog.tmgrupoinmobiliario.com\/sv\/wp-content\/uploads\/sites\/6\/2024\/01\/1000x666-watch-party1-768x511.jpg"}},"image_meta":{"aperture":"0","credit":"","camera":"","caption":"","created_timestamp":"0","copyright":"","focal_length":"0","iso":"0","shutter_speed":"0","title":"","orientation":"0","keywords":[]}},"post":17422,"source_url":"https:\/\/blog.tmgrupoinmobiliario.com\/sv\/wp-content\/uploads\/sites\/6\/2024\/01\/1000x666-watch-party1.jpg"},"acf":{"imagen_destacada_desktop":"https:\/\/blog.tmgrupoinmobiliario.com\/sv\/wp-content\/uploads\/sites\/6\/2024\/01\/1920x870-watch-party1.jpg","imagen_destacada_mobile":"https:\/\/blog.tmgrupoinmobiliario.com\/sv\/wp-content\/uploads\/sites\/6\/2024\/01\/540x540-watch-party1.jpg","formato":{"term_id":17,"name":"Comunicaci\u00f3n","slug":"comunicacion","term_group":0,"term_taxonomy_id":17,"taxonomy":"formato","description":"","parent":0,"count":60,"filter":"raw"},"entradilla":"Eventet, som h\u00f6lls i staden Sopot, samlade hundratals fans f\u00f6r en premiumupplevelse och f\u00f6r att se Valencia CF mot FC Barcelona p\u00e5 storbildssk\u00e4rm.","etiquetas":"","cabecera_escritorio":"https:\/\/blog.tmgrupoinmobiliario.com\/sv\/wp-content\/uploads\/sites\/6\/2024\/01\/1200x300-watch-party1.jpg","cabecera_mobile":"https:\/\/blog.tmgrupoinmobiliario.com\/sv\/wp-content\/uploads\/sites\/6\/2024\/01\/768x768-watch-party1.jpg","galeria":false},"yoast_head":"<!-- This site is optimized with the Yoast SEO Premium plugin v23.6 (Yoast SEO v27.5) - https:\/\/yoast.com\/product\/yoast-seo-premium-wordpress\/ -->\n<title>Valencia CF, TM Real Estate Group och LALIGA gick samman i ett k\u00e4nslofyllt visningsparty i Polen - Svenska<\/title>\n<meta name=\"robots\" content=\"index, follow, max-snippet:-1, max-image-preview:large, max-video-preview:-1\" \/>\n<link rel=\"canonical\" href=\"https:\/\/blog.tmgrupoinmobiliario.com\/sv\/2024\/01\/04\/valencia-cf-tm-real-estate-group-och-laliga-gick-samman-i-ett-kanslofyllt-visningsparty-i-polen\/\" \/>\n<meta property=\"og:locale\" content=\"sv_SE\" \/>\n<meta property=\"og:type\" content=\"article\" \/>\n<meta property=\"og:title\" content=\"Valencia CF, TM Real Estate Group och LALIGA gick samman i ett k\u00e4nslofyllt visningsparty i Polen\" \/>\n<meta property=\"og:description\" content=\"&nbsp; Matchen mellan Valencia CF \u2013 FC Barcelona, den 17:e matchdagen av LaLiga EA Sports, upplevdes p\u00e5 ett speciellt s\u00e4tt i staden Sopot i Polen, \u00f6ver 2\u00a0700\u00a0kilometer fr\u00e5n Camp de Mestalla. Valencia CF, deras stolta Main Global Partner TM Real Estate Group och LaLiga gick n\u00e4mligen samman f\u00f6rra helgen f\u00f6r att organisera ett stort internationellt [&hellip;]\" \/>\n<meta property=\"og:url\" content=\"https:\/\/blog.tmgrupoinmobiliario.com\/sv\/2024\/01\/04\/valencia-cf-tm-real-estate-group-och-laliga-gick-samman-i-ett-kanslofyllt-visningsparty-i-polen\/\" \/>\n<meta property=\"og:site_name\" content=\"Svenska\" \/>\n<meta property=\"article:published_time\" content=\"2024-01-04T13:04:50+00:00\" \/>\n<meta property=\"article:modified_time\" content=\"2024-01-05T09:33:07+00:00\" \/>\n<meta property=\"og:image\" content=\"https:\/\/blog.tmgrupoinmobiliario.com\/sv\/wp-content\/uploads\/sites\/6\/2024\/01\/1000x666-watch-party1.jpg\" \/>\n\t<meta property=\"og:image:width\" content=\"1000\" \/>\n\t<meta property=\"og:image:height\" content=\"666\" \/>\n\t<meta property=\"og:image:type\" content=\"image\/jpeg\" \/>\n<meta name=\"author\" content=\"marina\" \/>\n<meta name=\"twitter:card\" content=\"summary_large_image\" \/>\n<meta name=\"twitter:label1\" content=\"Skriven av\" \/>\n\t<meta name=\"twitter:data1\" content=\"marina\" \/>\n\t<meta name=\"twitter:label2\" content=\"Ber\u00e4knad l\u00e4stid\" \/>\n\t<meta name=\"twitter:data2\" content=\"4 minuter\" \/>\n<script type=\"application\/ld+json\" class=\"yoast-schema-graph\">{\"@context\":\"https:\\\/\\\/schema.org\",\"@graph\":[{\"@type\":\"Article\",\"@id\":\"https:\\\/\\\/blog.tmgrupoinmobiliario.com\\\/sv\\\/2024\\\/01\\\/04\\\/valencia-cf-tm-real-estate-group-och-laliga-gick-samman-i-ett-kanslofyllt-visningsparty-i-polen\\\/#article\",\"isPartOf\":{\"@id\":\"https:\\\/\\\/blog.tmgrupoinmobiliario.com\\\/sv\\\/2024\\\/01\\\/04\\\/valencia-cf-tm-real-estate-group-och-laliga-gick-samman-i-ett-kanslofyllt-visningsparty-i-polen\\\/\"},\"author\":{\"name\":\"marina\",\"@id\":\"https:\\\/\\\/blog.tmgrupoinmobiliario.com\\\/sv\\\/#\\\/schema\\\/person\\\/788477479d35e623ab75c2fb194e7730\"},\"headline\":\"Valencia CF, TM Real Estate Group och LALIGA gick samman i ett k\u00e4nslofyllt visningsparty i Polen\",\"datePublished\":\"2024-01-04T13:04:50+00:00\",\"dateModified\":\"2024-01-05T09:33:07+00:00\",\"mainEntityOfPage\":{\"@id\":\"https:\\\/\\\/blog.tmgrupoinmobiliario.com\\\/sv\\\/2024\\\/01\\\/04\\\/valencia-cf-tm-real-estate-group-och-laliga-gick-samman-i-ett-kanslofyllt-visningsparty-i-polen\\\/\"},\"wordCount\":488,\"commentCount\":0,\"image\":{\"@id\":\"https:\\\/\\\/blog.tmgrupoinmobiliario.com\\\/sv\\\/2024\\\/01\\\/04\\\/valencia-cf-tm-real-estate-group-och-laliga-gick-samman-i-ett-kanslofyllt-visningsparty-i-polen\\\/#primaryimage\"},\"thumbnailUrl\":\"https:\\\/\\\/blog.tmgrupoinmobiliario.com\\\/sv\\\/wp-content\\\/uploads\\\/sites\\\/6\\\/2024\\\/01\\\/1000x666-watch-party1.jpg\",\"keywords\":[\"tag-all\",\"tag-compromise\"],\"articleSection\":[\"Corporativo\",\"TM Nyheter\"],\"inLanguage\":\"sv-SE\",\"potentialAction\":[{\"@type\":\"CommentAction\",\"name\":\"Comment\",\"target\":[\"https:\\\/\\\/blog.tmgrupoinmobiliario.com\\\/sv\\\/2024\\\/01\\\/04\\\/valencia-cf-tm-real-estate-group-och-laliga-gick-samman-i-ett-kanslofyllt-visningsparty-i-polen\\\/#respond\"]}]},{\"@type\":\"WebPage\",\"@id\":\"https:\\\/\\\/blog.tmgrupoinmobiliario.com\\\/sv\\\/2024\\\/01\\\/04\\\/valencia-cf-tm-real-estate-group-och-laliga-gick-samman-i-ett-kanslofyllt-visningsparty-i-polen\\\/\",\"url\":\"https:\\\/\\\/blog.tmgrupoinmobiliario.com\\\/sv\\\/2024\\\/01\\\/04\\\/valencia-cf-tm-real-estate-group-och-laliga-gick-samman-i-ett-kanslofyllt-visningsparty-i-polen\\\/\",\"name\":\"Valencia CF, TM Real Estate Group och LALIGA gick samman i ett k\u00e4nslofyllt visningsparty i Polen - Svenska\",\"isPartOf\":{\"@id\":\"https:\\\/\\\/blog.tmgrupoinmobiliario.com\\\/sv\\\/#website\"},\"primaryImageOfPage\":{\"@id\":\"https:\\\/\\\/blog.tmgrupoinmobiliario.com\\\/sv\\\/2024\\\/01\\\/04\\\/valencia-cf-tm-real-estate-group-och-laliga-gick-samman-i-ett-kanslofyllt-visningsparty-i-polen\\\/#primaryimage\"},\"image\":{\"@id\":\"https:\\\/\\\/blog.tmgrupoinmobiliario.com\\\/sv\\\/2024\\\/01\\\/04\\\/valencia-cf-tm-real-estate-group-och-laliga-gick-samman-i-ett-kanslofyllt-visningsparty-i-polen\\\/#primaryimage\"},\"thumbnailUrl\":\"https:\\\/\\\/blog.tmgrupoinmobiliario.com\\\/sv\\\/wp-content\\\/uploads\\\/sites\\\/6\\\/2024\\\/01\\\/1000x666-watch-party1.jpg\",\"datePublished\":\"2024-01-04T13:04:50+00:00\",\"dateModified\":\"2024-01-05T09:33:07+00:00\",\"author\":{\"@id\":\"https:\\\/\\\/blog.tmgrupoinmobiliario.com\\\/sv\\\/#\\\/schema\\\/person\\\/788477479d35e623ab75c2fb194e7730\"},\"breadcrumb\":{\"@id\":\"https:\\\/\\\/blog.tmgrupoinmobiliario.com\\\/sv\\\/2024\\\/01\\\/04\\\/valencia-cf-tm-real-estate-group-och-laliga-gick-samman-i-ett-kanslofyllt-visningsparty-i-polen\\\/#breadcrumb\"},\"inLanguage\":\"sv-SE\",\"potentialAction\":[{\"@type\":\"ReadAction\",\"target\":[\"https:\\\/\\\/blog.tmgrupoinmobiliario.com\\\/sv\\\/2024\\\/01\\\/04\\\/valencia-cf-tm-real-estate-group-och-laliga-gick-samman-i-ett-kanslofyllt-visningsparty-i-polen\\\/\"]}]},{\"@type\":\"ImageObject\",\"inLanguage\":\"sv-SE\",\"@id\":\"https:\\\/\\\/blog.tmgrupoinmobiliario.com\\\/sv\\\/2024\\\/01\\\/04\\\/valencia-cf-tm-real-estate-group-och-laliga-gick-samman-i-ett-kanslofyllt-visningsparty-i-polen\\\/#primaryimage\",\"url\":\"https:\\\/\\\/blog.tmgrupoinmobiliario.com\\\/sv\\\/wp-content\\\/uploads\\\/sites\\\/6\\\/2024\\\/01\\\/1000x666-watch-party1.jpg\",\"contentUrl\":\"https:\\\/\\\/blog.tmgrupoinmobiliario.com\\\/sv\\\/wp-content\\\/uploads\\\/sites\\\/6\\\/2024\\\/01\\\/1000x666-watch-party1.jpg\",\"width\":1000,\"height\":666},{\"@type\":\"BreadcrumbList\",\"@id\":\"https:\\\/\\\/blog.tmgrupoinmobiliario.com\\\/sv\\\/2024\\\/01\\\/04\\\/valencia-cf-tm-real-estate-group-och-laliga-gick-samman-i-ett-kanslofyllt-visningsparty-i-polen\\\/#breadcrumb\",\"itemListElement\":[{\"@type\":\"ListItem\",\"position\":1,\"name\":\"Portada\",\"item\":\"https:\\\/\\\/blog.tmgrupoinmobiliario.com\\\/sv\\\/\"},{\"@type\":\"ListItem\",\"position\":2,\"name\":\"Valencia CF, TM Real Estate Group och LALIGA gick samman i ett k\u00e4nslofyllt visningsparty i Polen\"}]},{\"@type\":\"WebSite\",\"@id\":\"https:\\\/\\\/blog.tmgrupoinmobiliario.com\\\/sv\\\/#website\",\"url\":\"https:\\\/\\\/blog.tmgrupoinmobiliario.com\\\/sv\\\/\",\"name\":\"Svenska\",\"description\":\"Otro sitio m\u00e1s de Blog Desarrollo TM sitios\",\"potentialAction\":[{\"@type\":\"SearchAction\",\"target\":{\"@type\":\"EntryPoint\",\"urlTemplate\":\"https:\\\/\\\/blog.tmgrupoinmobiliario.com\\\/sv\\\/?s={search_term_string}\"},\"query-input\":{\"@type\":\"PropertyValueSpecification\",\"valueRequired\":true,\"valueName\":\"search_term_string\"}}],\"inLanguage\":\"sv-SE\"},{\"@type\":\"Person\",\"@id\":\"https:\\\/\\\/blog.tmgrupoinmobiliario.com\\\/sv\\\/#\\\/schema\\\/person\\\/788477479d35e623ab75c2fb194e7730\",\"name\":\"marina\",\"image\":{\"@type\":\"ImageObject\",\"inLanguage\":\"sv-SE\",\"@id\":\"https:\\\/\\\/secure.gravatar.com\\\/avatar\\\/34480839eb5b1bb235efe5be1b7e49218e07e314c17d1fb9ba5183ac5c2c64f3?s=96&d=mm&r=g\",\"url\":\"https:\\\/\\\/secure.gravatar.com\\\/avatar\\\/34480839eb5b1bb235efe5be1b7e49218e07e314c17d1fb9ba5183ac5c2c64f3?s=96&d=mm&r=g\",\"contentUrl\":\"https:\\\/\\\/secure.gravatar.com\\\/avatar\\\/34480839eb5b1bb235efe5be1b7e49218e07e314c17d1fb9ba5183ac5c2c64f3?s=96&d=mm&r=g\",\"caption\":\"marina\"},\"url\":\"https:\\\/\\\/blog.tmgrupoinmobiliario.com\\\/sv\\\/author\\\/marina\\\/\"}]}<\/script>\n<!-- \/ Yoast SEO Premium plugin. -->","yoast_head_json":{"title":"Valencia CF, TM Real Estate Group och LALIGA gick samman i ett k\u00e4nslofyllt visningsparty i Polen - Svenska","robots":{"index":"index","follow":"follow","max-snippet":"max-snippet:-1","max-image-preview":"max-image-preview:large","max-video-preview":"max-video-preview:-1"},"canonical":"https:\/\/blog.tmgrupoinmobiliario.com\/sv\/2024\/01\/04\/valencia-cf-tm-real-estate-group-och-laliga-gick-samman-i-ett-kanslofyllt-visningsparty-i-polen\/","og_locale":"sv_SE","og_type":"article","og_title":"Valencia CF, TM Real Estate Group och LALIGA gick samman i ett k\u00e4nslofyllt visningsparty i Polen","og_description":"&nbsp; Matchen mellan Valencia CF \u2013 FC Barcelona, den 17:e matchdagen av LaLiga EA Sports, upplevdes p\u00e5 ett speciellt s\u00e4tt i staden Sopot i Polen, \u00f6ver 2\u00a0700\u00a0kilometer fr\u00e5n Camp de Mestalla. Valencia CF, deras stolta Main Global Partner TM Real Estate Group och LaLiga gick n\u00e4mligen samman f\u00f6rra helgen f\u00f6r att organisera ett stort internationellt [&hellip;]","og_url":"https:\/\/blog.tmgrupoinmobiliario.com\/sv\/2024\/01\/04\/valencia-cf-tm-real-estate-group-och-laliga-gick-samman-i-ett-kanslofyllt-visningsparty-i-polen\/","og_site_name":"Svenska","article_published_time":"2024-01-04T13:04:50+00:00","article_modified_time":"2024-01-05T09:33:07+00:00","og_image":[{"width":1000,"height":666,"url":"https:\/\/blog.tmgrupoinmobiliario.com\/sv\/wp-content\/uploads\/sites\/6\/2024\/01\/1000x666-watch-party1.jpg","type":"image\/jpeg"}],"author":"marina","twitter_card":"summary_large_image","twitter_misc":{"Skriven av":"marina","Ber\u00e4knad l\u00e4stid":"4 minuter"},"schema":{"@context":"https:\/\/schema.org","@graph":[{"@type":"Article","@id":"https:\/\/blog.tmgrupoinmobiliario.com\/sv\/2024\/01\/04\/valencia-cf-tm-real-estate-group-och-laliga-gick-samman-i-ett-kanslofyllt-visningsparty-i-polen\/#article","isPartOf":{"@id":"https:\/\/blog.tmgrupoinmobiliario.com\/sv\/2024\/01\/04\/valencia-cf-tm-real-estate-group-och-laliga-gick-samman-i-ett-kanslofyllt-visningsparty-i-polen\/"},"author":{"name":"marina","@id":"https:\/\/blog.tmgrupoinmobiliario.com\/sv\/#\/schema\/person\/788477479d35e623ab75c2fb194e7730"},"headline":"Valencia CF, TM Real Estate Group och LALIGA gick samman i ett k\u00e4nslofyllt visningsparty i Polen","datePublished":"2024-01-04T13:04:50+00:00","dateModified":"2024-01-05T09:33:07+00:00","mainEntityOfPage":{"@id":"https:\/\/blog.tmgrupoinmobiliario.com\/sv\/2024\/01\/04\/valencia-cf-tm-real-estate-group-och-laliga-gick-samman-i-ett-kanslofyllt-visningsparty-i-polen\/"},"wordCount":488,"commentCount":0,"image":{"@id":"https:\/\/blog.tmgrupoinmobiliario.com\/sv\/2024\/01\/04\/valencia-cf-tm-real-estate-group-och-laliga-gick-samman-i-ett-kanslofyllt-visningsparty-i-polen\/#primaryimage"},"thumbnailUrl":"https:\/\/blog.tmgrupoinmobiliario.com\/sv\/wp-content\/uploads\/sites\/6\/2024\/01\/1000x666-watch-party1.jpg","keywords":["tag-all","tag-compromise"],"articleSection":["Corporativo","TM Nyheter"],"inLanguage":"sv-SE","potentialAction":[{"@type":"CommentAction","name":"Comment","target":["https:\/\/blog.tmgrupoinmobiliario.com\/sv\/2024\/01\/04\/valencia-cf-tm-real-estate-group-och-laliga-gick-samman-i-ett-kanslofyllt-visningsparty-i-polen\/#respond"]}]},{"@type":"WebPage","@id":"https:\/\/blog.tmgrupoinmobiliario.com\/sv\/2024\/01\/04\/valencia-cf-tm-real-estate-group-och-laliga-gick-samman-i-ett-kanslofyllt-visningsparty-i-polen\/","url":"https:\/\/blog.tmgrupoinmobiliario.com\/sv\/2024\/01\/04\/valencia-cf-tm-real-estate-group-och-laliga-gick-samman-i-ett-kanslofyllt-visningsparty-i-polen\/","name":"Valencia CF, TM Real Estate Group och LALIGA gick samman i ett k\u00e4nslofyllt visningsparty i Polen - Svenska","isPartOf":{"@id":"https:\/\/blog.tmgrupoinmobiliario.com\/sv\/#website"},"primaryImageOfPage":{"@id":"https:\/\/blog.tmgrupoinmobiliario.com\/sv\/2024\/01\/04\/valencia-cf-tm-real-estate-group-och-laliga-gick-samman-i-ett-kanslofyllt-visningsparty-i-polen\/#primaryimage"},"image":{"@id":"https:\/\/blog.tmgrupoinmobiliario.com\/sv\/2024\/01\/04\/valencia-cf-tm-real-estate-group-och-laliga-gick-samman-i-ett-kanslofyllt-visningsparty-i-polen\/#primaryimage"},"thumbnailUrl":"https:\/\/blog.tmgrupoinmobiliario.com\/sv\/wp-content\/uploads\/sites\/6\/2024\/01\/1000x666-watch-party1.jpg","datePublished":"2024-01-04T13:04:50+00:00","dateModified":"2024-01-05T09:33:07+00:00","author":{"@id":"https:\/\/blog.tmgrupoinmobiliario.com\/sv\/#\/schema\/person\/788477479d35e623ab75c2fb194e7730"},"breadcrumb":{"@id":"https:\/\/blog.tmgrupoinmobiliario.com\/sv\/2024\/01\/04\/valencia-cf-tm-real-estate-group-och-laliga-gick-samman-i-ett-kanslofyllt-visningsparty-i-polen\/#breadcrumb"},"inLanguage":"sv-SE","potentialAction":[{"@type":"ReadAction","target":["https:\/\/blog.tmgrupoinmobiliario.com\/sv\/2024\/01\/04\/valencia-cf-tm-real-estate-group-och-laliga-gick-samman-i-ett-kanslofyllt-visningsparty-i-polen\/"]}]},{"@type":"ImageObject","inLanguage":"sv-SE","@id":"https:\/\/blog.tmgrupoinmobiliario.com\/sv\/2024\/01\/04\/valencia-cf-tm-real-estate-group-och-laliga-gick-samman-i-ett-kanslofyllt-visningsparty-i-polen\/#primaryimage","url":"https:\/\/blog.tmgrupoinmobiliario.com\/sv\/wp-content\/uploads\/sites\/6\/2024\/01\/1000x666-watch-party1.jpg","contentUrl":"https:\/\/blog.tmgrupoinmobiliario.com\/sv\/wp-content\/uploads\/sites\/6\/2024\/01\/1000x666-watch-party1.jpg","width":1000,"height":666},{"@type":"BreadcrumbList","@id":"https:\/\/blog.tmgrupoinmobiliario.com\/sv\/2024\/01\/04\/valencia-cf-tm-real-estate-group-och-laliga-gick-samman-i-ett-kanslofyllt-visningsparty-i-polen\/#breadcrumb","itemListElement":[{"@type":"ListItem","position":1,"name":"Portada","item":"https:\/\/blog.tmgrupoinmobiliario.com\/sv\/"},{"@type":"ListItem","position":2,"name":"Valencia CF, TM Real Estate Group och LALIGA gick samman i ett k\u00e4nslofyllt visningsparty i Polen"}]},{"@type":"WebSite","@id":"https:\/\/blog.tmgrupoinmobiliario.com\/sv\/#website","url":"https:\/\/blog.tmgrupoinmobiliario.com\/sv\/","name":"Svenska","description":"Otro sitio m\u00e1s de Blog Desarrollo TM sitios","potentialAction":[{"@type":"SearchAction","target":{"@type":"EntryPoint","urlTemplate":"https:\/\/blog.tmgrupoinmobiliario.com\/sv\/?s={search_term_string}"},"query-input":{"@type":"PropertyValueSpecification","valueRequired":true,"valueName":"search_term_string"}}],"inLanguage":"sv-SE"},{"@type":"Person","@id":"https:\/\/blog.tmgrupoinmobiliario.com\/sv\/#\/schema\/person\/788477479d35e623ab75c2fb194e7730","name":"marina","image":{"@type":"ImageObject","inLanguage":"sv-SE","@id":"https:\/\/secure.gravatar.com\/avatar\/34480839eb5b1bb235efe5be1b7e49218e07e314c17d1fb9ba5183ac5c2c64f3?s=96&d=mm&r=g","url":"https:\/\/secure.gravatar.com\/avatar\/34480839eb5b1bb235efe5be1b7e49218e07e314c17d1fb9ba5183ac5c2c64f3?s=96&d=mm&r=g","contentUrl":"https:\/\/secure.gravatar.com\/avatar\/34480839eb5b1bb235efe5be1b7e49218e07e314c17d1fb9ba5183ac5c2c64f3?s=96&d=mm&r=g","caption":"marina"},"url":"https:\/\/blog.tmgrupoinmobiliario.com\/sv\/author\/marina\/"}]}},"jetpack_featured_media_url":"https:\/\/blog.tmgrupoinmobiliario.com\/sv\/wp-content\/uploads\/sites\/6\/2024\/01\/1000x666-watch-party1.jpg","jetpack_sharing_enabled":true,"_links":{"self":[{"href":"https:\/\/blog.tmgrupoinmobiliario.com\/sv\/wp-json\/wp\/v2\/posts\/17422","targetHints":{"allow":["GET"]}}],"collection":[{"href":"https:\/\/blog.tmgrupoinmobiliario.com\/sv\/wp-json\/wp\/v2\/posts"}],"about":[{"href":"https:\/\/blog.tmgrupoinmobiliario.com\/sv\/wp-json\/wp\/v2\/types\/post"}],"author":[{"embeddable":true,"href":"https:\/\/blog.tmgrupoinmobiliario.com\/sv\/wp-json\/wp\/v2\/users\/11716"}],"replies":[{"embeddable":true,"href":"https:\/\/blog.tmgrupoinmobiliario.com\/sv\/wp-json\/wp\/v2\/comments?post=17422"}],"version-history":[{"count":4,"href":"https:\/\/blog.tmgrupoinmobiliario.com\/sv\/wp-json\/wp\/v2\/posts\/17422\/revisions"}],"predecessor-version":[{"id":17432,"href":"https:\/\/blog.tmgrupoinmobiliario.com\/sv\/wp-json\/wp\/v2\/posts\/17422\/revisions\/17432"}],"wp:featuredmedia":[{"embeddable":true,"href":"https:\/\/blog.tmgrupoinmobiliario.com\/sv\/wp-json\/wp\/v2\/media\/17427"}],"wp:attachment":[{"href":"https:\/\/blog.tmgrupoinmobiliario.com\/sv\/wp-json\/wp\/v2\/media?parent=17422"}],"wp:term":[{"taxonomy":"category","embeddable":true,"href":"https:\/\/blog.tmgrupoinmobiliario.com\/sv\/wp-json\/wp\/v2\/categories?post=17422"},{"taxonomy":"post_tag","embeddable":true,"href":"https:\/\/blog.tmgrupoinmobiliario.com\/sv\/wp-json\/wp\/v2\/tags?post=17422"}],"curies":[{"name":"wp","href":"https:\/\/api.w.org\/{rel}","templated":true}]}}