{"id":17366,"date":"2023-10-23T12:47:11","date_gmt":"2023-10-23T10:47:11","guid":{"rendered":"https:\/\/blog.tmgrupoinmobiliario.com\/sv\/?p=17366"},"modified":"2023-10-23T12:47:11","modified_gmt":"2023-10-23T10:47:11","slug":"tm-real-estate-group-och-estepona-kommun-fornyar-sitt-avtal-for-att-forhindra-utanforskap-pa-bostadsmarknaden-fram-till-2025","status":"publish","type":"post","link":"https:\/\/blog.tmgrupoinmobiliario.com\/sv\/2023\/10\/23\/tm-real-estate-group-och-estepona-kommun-fornyar-sitt-avtal-for-att-forhindra-utanforskap-pa-bostadsmarknaden-fram-till-2025\/","title":{"rendered":"TM Real Estate Group och Estepona kommun f\u00f6rnyar sitt avtal f\u00f6r att f\u00f6rhindra utanf\u00f6rskap p\u00e5 bostadsmarknaden fram till 2025"},"content":{"rendered":"<p>&nbsp;<\/p>\n<p><a href=\"https:\/\/www.tmgrupoinmobiliario.com\/sv\"><strong>TM Real Estate Group<\/strong><\/a>, holdingbolaget fr\u00e5n Alicante, ledande inom sektorn f\u00f6r bostadsturism, hotell och semesteruthyrning och specialiserat inom konstruktion och marknadsf\u00f6ring av semesterbost\u00e4der l\u00e4ngs Medelhavskusten och i Karibien, har med <strong>Kommunfullm\u00e4ktige i Estepona<\/strong>, <strong>f\u00f6rnyat sitt samarbetsavtal f\u00f6r att forts\u00e4tta med projektet som \u00e4mnar att f\u00f6rhindra utanf\u00f6rskap p\u00e5 bostadsmarknaden.<\/strong><\/p>\n<p><strong>Initiativet, som lanserades 2019 och som har hj\u00e4lpt 12 familjer i Estepona, best\u00e5r av ekonomiska bidrag f\u00f6r hela eller del hyran<\/strong> f\u00f6r de hush\u00e5ll i kommunen som riskerar utanf\u00f6rskap eller har s\u00e4rskilda behov.<\/p>\n<p>Avtalet undertecknades i dag i kommunhuset<strong> och kommer att g\u00e4lla fram till 2025, d\u00e5 fastighetsbolaget \u00e5tar sig att donera 15\u00a0000 euro f\u00f6r att bidra till hyran f\u00f6r de utvalda hush\u00e5llen.<\/strong><\/p>\n<p><img loading=\"lazy\" decoding=\"async\" class=\"aligncenter wp-image-23232 \" src=\"https:\/\/www.tmgrupoinmobiliario.com\/blog\/wp-content\/uploads\/2023\/10\/Firma-16-de-octubre_2-1024x717.jpg\" alt=\"\" width=\"785\" height=\"550\" \/><\/p>\n<p>&nbsp;<\/p>\n<p><em>&#8220;Detta avtal \u00e4r en del av v\u00e5r huvudplan f\u00f6r f\u00f6retagsansvar och v\u00e5r modell f\u00f6r ansvarsfull f\u00f6rvaltning, som en social insats f\u00f6r att underl\u00e4tta tillg\u00e5ngen till bost\u00e4der f\u00f6r missgynnade grupper p\u00e5 de platser d\u00e4r vi \u00e4r verksamma&#8221;,<\/em> bekr\u00e4ftar <strong>\u00c1ngeles Serna, vd f\u00f6r TM Real Estate Group<\/strong>.<\/p>\n<p>Esteponas borgm\u00e4stare Jos\u00e9 Mar\u00eda Garc\u00eda Urbano v\u00e4lkomnar samarbetet med TM Real Estate Group. Han konstaterar att denna \u00e5tg\u00e4rd ligger i linje med de f\u00f6rvaltningsprogram och sociala program som Estepona genomf\u00f6r f\u00f6r att hj\u00e4lpa de mest utsatta m\u00e4nniskorna. Borgm\u00e4staren menar att man vill p\u00e5 det h\u00e4r s\u00e4ttet forts\u00e4tta bidra till en stad med b\u00e4ttre v\u00e4lbefinnande och livskvalitet.<\/p>\n","protected":false},"excerpt":{"rendered":"<p>&nbsp; TM Real Estate Group, holdingbolaget fr\u00e5n Alicante, ledande inom sektorn f\u00f6r bostadsturism, hotell och semesteruthyrning och specialiserat inom konstruktion och marknadsf\u00f6ring av semesterbost\u00e4der l\u00e4ngs Medelhavskusten och i Karibien, har med Kommunfullm\u00e4ktige i Estepona, f\u00f6rnyat sitt samarbetsavtal f\u00f6r att forts\u00e4tta med projektet som \u00e4mnar att f\u00f6rhindra utanf\u00f6rskap p\u00e5 bostadsmarknaden. Initiativet, som lanserades 2019 och som [&hellip;]<\/p>\n","protected":false},"author":11716,"featured_media":17371,"comment_status":"open","ping_status":"open","sticky":false,"template":"","format":"standard","meta":{"_jetpack_memberships_contains_paid_content":false,"footnotes":""},"categories":[21,11,20],"tags":[399,405],"class_list":["post-17366","post","type-post","status-publish","format-standard","has-post-thumbnail","hentry","category-actualidad-tm","category-corporativo","category-notas-prensa","tag-tag-all","tag-tag-compromise-en-2","formato-comunicacion"],"better_featured_image":{"id":17371,"alt_text":"","caption":"","description":"","media_type":"image","media_details":{"width":1000,"height":666,"file":"2023\/10\/10_16-Convenio-Estepona-1000x666-11.png","filesize":1135955,"sizes":{"medium":{"file":"10_16-Convenio-Estepona-1000x666-11-300x200.png","width":300,"height":200,"mime-type":"image\/png","filesize":103884,"source_url":"https:\/\/blog.tmgrupoinmobiliario.com\/sv\/wp-content\/uploads\/sites\/6\/2023\/10\/10_16-Convenio-Estepona-1000x666-11-300x200.png"},"thumbnail":{"file":"10_16-Convenio-Estepona-1000x666-11-150x150.png","width":150,"height":150,"mime-type":"image\/png","filesize":43575,"source_url":"https:\/\/blog.tmgrupoinmobiliario.com\/sv\/wp-content\/uploads\/sites\/6\/2023\/10\/10_16-Convenio-Estepona-1000x666-11-150x150.png"},"medium_large":{"file":"10_16-Convenio-Estepona-1000x666-11-768x511.png","width":768,"height":511,"mime-type":"image\/png","filesize":623507,"source_url":"https:\/\/blog.tmgrupoinmobiliario.com\/sv\/wp-content\/uploads\/sites\/6\/2023\/10\/10_16-Convenio-Estepona-1000x666-11-768x511.png"}},"image_meta":{"aperture":"0","credit":"","camera":"","caption":"","created_timestamp":"0","copyright":"","focal_length":"0","iso":"0","shutter_speed":"0","title":"","orientation":"0","keywords":[]}},"post":17366,"source_url":"https:\/\/blog.tmgrupoinmobiliario.com\/sv\/wp-content\/uploads\/sites\/6\/2023\/10\/10_16-Convenio-Estepona-1000x666-11.png"},"acf":{"imagen_destacada_desktop":"https:\/\/blog.tmgrupoinmobiliario.com\/sv\/wp-content\/uploads\/sites\/6\/2023\/10\/10_16-Convenio-Estepona-1920xx870-12.png","imagen_destacada_mobile":"https:\/\/blog.tmgrupoinmobiliario.com\/sv\/wp-content\/uploads\/sites\/6\/2023\/10\/10_16-Convenio-Estepona-540x540-11.png","formato":{"term_id":17,"name":"Comunicaci\u00f3n","slug":"comunicacion","term_group":0,"term_taxonomy_id":17,"taxonomy":"formato","description":"","parent":0,"count":60,"filter":"raw"},"entradilla":"Fastighetsbolaget kommer tillhandah\u00e5lla 15 000 euro f\u00f6r betalning av hela eller delar av hyran f\u00f6r utvalda hush\u00e5ll.","etiquetas":"","cabecera_escritorio":"https:\/\/blog.tmgrupoinmobiliario.com\/sv\/wp-content\/uploads\/sites\/6\/2023\/10\/10_16-Convenio-Estepona-1200xxx3001.png","cabecera_mobile":"https:\/\/blog.tmgrupoinmobiliario.com\/sv\/wp-content\/uploads\/sites\/6\/2023\/10\/10_16-Convenio-Estepona-768x768-11.png","galeria":false},"yoast_head":"<!-- This site is optimized with the Yoast SEO Premium plugin v23.6 (Yoast SEO v27.5) - https:\/\/yoast.com\/product\/yoast-seo-premium-wordpress\/ -->\n<title>TM Real Estate Group och Estepona kommun f\u00f6rnyar sitt avtal f\u00f6r att f\u00f6rhindra utanf\u00f6rskap p\u00e5 bostadsmarknaden fram till 2025 - Svenska<\/title>\n<meta name=\"robots\" content=\"index, follow, max-snippet:-1, max-image-preview:large, max-video-preview:-1\" \/>\n<link rel=\"canonical\" href=\"https:\/\/blog.tmgrupoinmobiliario.com\/sv\/2023\/10\/23\/tm-real-estate-group-och-estepona-kommun-fornyar-sitt-avtal-for-att-forhindra-utanforskap-pa-bostadsmarknaden-fram-till-2025\/\" \/>\n<meta property=\"og:locale\" content=\"sv_SE\" \/>\n<meta property=\"og:type\" content=\"article\" \/>\n<meta property=\"og:title\" content=\"TM Real Estate Group och Estepona kommun f\u00f6rnyar sitt avtal f\u00f6r att f\u00f6rhindra utanf\u00f6rskap p\u00e5 bostadsmarknaden fram till 2025\" \/>\n<meta property=\"og:description\" content=\"&nbsp; TM Real Estate Group, holdingbolaget fr\u00e5n Alicante, ledande inom sektorn f\u00f6r bostadsturism, hotell och semesteruthyrning och specialiserat inom konstruktion och marknadsf\u00f6ring av semesterbost\u00e4der l\u00e4ngs Medelhavskusten och i Karibien, har med Kommunfullm\u00e4ktige i Estepona, f\u00f6rnyat sitt samarbetsavtal f\u00f6r att forts\u00e4tta med projektet som \u00e4mnar att f\u00f6rhindra utanf\u00f6rskap p\u00e5 bostadsmarknaden. Initiativet, som lanserades 2019 och som [&hellip;]\" \/>\n<meta property=\"og:url\" content=\"https:\/\/blog.tmgrupoinmobiliario.com\/sv\/2023\/10\/23\/tm-real-estate-group-och-estepona-kommun-fornyar-sitt-avtal-for-att-forhindra-utanforskap-pa-bostadsmarknaden-fram-till-2025\/\" \/>\n<meta property=\"og:site_name\" content=\"Svenska\" \/>\n<meta property=\"article:published_time\" content=\"2023-10-23T10:47:11+00:00\" \/>\n<meta property=\"og:image\" content=\"https:\/\/blog.tmgrupoinmobiliario.com\/sv\/wp-content\/uploads\/sites\/6\/2023\/10\/10_16-Convenio-Estepona-1000x666-11.png\" \/>\n\t<meta property=\"og:image:width\" content=\"1000\" \/>\n\t<meta property=\"og:image:height\" content=\"666\" \/>\n\t<meta property=\"og:image:type\" content=\"image\/png\" \/>\n<meta name=\"author\" content=\"marina\" \/>\n<meta name=\"twitter:card\" content=\"summary_large_image\" \/>\n<meta name=\"twitter:label1\" content=\"Skriven av\" \/>\n\t<meta name=\"twitter:data1\" content=\"marina\" \/>\n\t<meta name=\"twitter:label2\" content=\"Ber\u00e4knad l\u00e4stid\" \/>\n\t<meta name=\"twitter:data2\" content=\"2 minuter\" \/>\n<script type=\"application\/ld+json\" class=\"yoast-schema-graph\">{\"@context\":\"https:\\\/\\\/schema.org\",\"@graph\":[{\"@type\":\"Article\",\"@id\":\"https:\\\/\\\/blog.tmgrupoinmobiliario.com\\\/sv\\\/2023\\\/10\\\/23\\\/tm-real-estate-group-och-estepona-kommun-fornyar-sitt-avtal-for-att-forhindra-utanforskap-pa-bostadsmarknaden-fram-till-2025\\\/#article\",\"isPartOf\":{\"@id\":\"https:\\\/\\\/blog.tmgrupoinmobiliario.com\\\/sv\\\/2023\\\/10\\\/23\\\/tm-real-estate-group-och-estepona-kommun-fornyar-sitt-avtal-for-att-forhindra-utanforskap-pa-bostadsmarknaden-fram-till-2025\\\/\"},\"author\":{\"name\":\"marina\",\"@id\":\"https:\\\/\\\/blog.tmgrupoinmobiliario.com\\\/sv\\\/#\\\/schema\\\/person\\\/788477479d35e623ab75c2fb194e7730\"},\"headline\":\"TM Real Estate Group och Estepona kommun f\u00f6rnyar sitt avtal f\u00f6r att f\u00f6rhindra utanf\u00f6rskap p\u00e5 bostadsmarknaden fram till 2025\",\"datePublished\":\"2023-10-23T10:47:11+00:00\",\"mainEntityOfPage\":{\"@id\":\"https:\\\/\\\/blog.tmgrupoinmobiliario.com\\\/sv\\\/2023\\\/10\\\/23\\\/tm-real-estate-group-och-estepona-kommun-fornyar-sitt-avtal-for-att-forhindra-utanforskap-pa-bostadsmarknaden-fram-till-2025\\\/\"},\"wordCount\":284,\"commentCount\":0,\"image\":{\"@id\":\"https:\\\/\\\/blog.tmgrupoinmobiliario.com\\\/sv\\\/2023\\\/10\\\/23\\\/tm-real-estate-group-och-estepona-kommun-fornyar-sitt-avtal-for-att-forhindra-utanforskap-pa-bostadsmarknaden-fram-till-2025\\\/#primaryimage\"},\"thumbnailUrl\":\"https:\\\/\\\/blog.tmgrupoinmobiliario.com\\\/sv\\\/wp-content\\\/uploads\\\/sites\\\/6\\\/2023\\\/10\\\/10_16-Convenio-Estepona-1000x666-11.png\",\"keywords\":[\"tag-all\",\"tag-compromise\"],\"articleSection\":[\"Actualidad TM\",\"Corporativo\",\"Notas de prensa\"],\"inLanguage\":\"sv-SE\",\"potentialAction\":[{\"@type\":\"CommentAction\",\"name\":\"Comment\",\"target\":[\"https:\\\/\\\/blog.tmgrupoinmobiliario.com\\\/sv\\\/2023\\\/10\\\/23\\\/tm-real-estate-group-och-estepona-kommun-fornyar-sitt-avtal-for-att-forhindra-utanforskap-pa-bostadsmarknaden-fram-till-2025\\\/#respond\"]}]},{\"@type\":\"WebPage\",\"@id\":\"https:\\\/\\\/blog.tmgrupoinmobiliario.com\\\/sv\\\/2023\\\/10\\\/23\\\/tm-real-estate-group-och-estepona-kommun-fornyar-sitt-avtal-for-att-forhindra-utanforskap-pa-bostadsmarknaden-fram-till-2025\\\/\",\"url\":\"https:\\\/\\\/blog.tmgrupoinmobiliario.com\\\/sv\\\/2023\\\/10\\\/23\\\/tm-real-estate-group-och-estepona-kommun-fornyar-sitt-avtal-for-att-forhindra-utanforskap-pa-bostadsmarknaden-fram-till-2025\\\/\",\"name\":\"TM Real Estate Group och Estepona kommun f\u00f6rnyar sitt avtal f\u00f6r att f\u00f6rhindra utanf\u00f6rskap p\u00e5 bostadsmarknaden fram till 2025 - Svenska\",\"isPartOf\":{\"@id\":\"https:\\\/\\\/blog.tmgrupoinmobiliario.com\\\/sv\\\/#website\"},\"primaryImageOfPage\":{\"@id\":\"https:\\\/\\\/blog.tmgrupoinmobiliario.com\\\/sv\\\/2023\\\/10\\\/23\\\/tm-real-estate-group-och-estepona-kommun-fornyar-sitt-avtal-for-att-forhindra-utanforskap-pa-bostadsmarknaden-fram-till-2025\\\/#primaryimage\"},\"image\":{\"@id\":\"https:\\\/\\\/blog.tmgrupoinmobiliario.com\\\/sv\\\/2023\\\/10\\\/23\\\/tm-real-estate-group-och-estepona-kommun-fornyar-sitt-avtal-for-att-forhindra-utanforskap-pa-bostadsmarknaden-fram-till-2025\\\/#primaryimage\"},\"thumbnailUrl\":\"https:\\\/\\\/blog.tmgrupoinmobiliario.com\\\/sv\\\/wp-content\\\/uploads\\\/sites\\\/6\\\/2023\\\/10\\\/10_16-Convenio-Estepona-1000x666-11.png\",\"datePublished\":\"2023-10-23T10:47:11+00:00\",\"author\":{\"@id\":\"https:\\\/\\\/blog.tmgrupoinmobiliario.com\\\/sv\\\/#\\\/schema\\\/person\\\/788477479d35e623ab75c2fb194e7730\"},\"breadcrumb\":{\"@id\":\"https:\\\/\\\/blog.tmgrupoinmobiliario.com\\\/sv\\\/2023\\\/10\\\/23\\\/tm-real-estate-group-och-estepona-kommun-fornyar-sitt-avtal-for-att-forhindra-utanforskap-pa-bostadsmarknaden-fram-till-2025\\\/#breadcrumb\"},\"inLanguage\":\"sv-SE\",\"potentialAction\":[{\"@type\":\"ReadAction\",\"target\":[\"https:\\\/\\\/blog.tmgrupoinmobiliario.com\\\/sv\\\/2023\\\/10\\\/23\\\/tm-real-estate-group-och-estepona-kommun-fornyar-sitt-avtal-for-att-forhindra-utanforskap-pa-bostadsmarknaden-fram-till-2025\\\/\"]}]},{\"@type\":\"ImageObject\",\"inLanguage\":\"sv-SE\",\"@id\":\"https:\\\/\\\/blog.tmgrupoinmobiliario.com\\\/sv\\\/2023\\\/10\\\/23\\\/tm-real-estate-group-och-estepona-kommun-fornyar-sitt-avtal-for-att-forhindra-utanforskap-pa-bostadsmarknaden-fram-till-2025\\\/#primaryimage\",\"url\":\"https:\\\/\\\/blog.tmgrupoinmobiliario.com\\\/sv\\\/wp-content\\\/uploads\\\/sites\\\/6\\\/2023\\\/10\\\/10_16-Convenio-Estepona-1000x666-11.png\",\"contentUrl\":\"https:\\\/\\\/blog.tmgrupoinmobiliario.com\\\/sv\\\/wp-content\\\/uploads\\\/sites\\\/6\\\/2023\\\/10\\\/10_16-Convenio-Estepona-1000x666-11.png\",\"width\":1000,\"height\":666},{\"@type\":\"BreadcrumbList\",\"@id\":\"https:\\\/\\\/blog.tmgrupoinmobiliario.com\\\/sv\\\/2023\\\/10\\\/23\\\/tm-real-estate-group-och-estepona-kommun-fornyar-sitt-avtal-for-att-forhindra-utanforskap-pa-bostadsmarknaden-fram-till-2025\\\/#breadcrumb\",\"itemListElement\":[{\"@type\":\"ListItem\",\"position\":1,\"name\":\"Portada\",\"item\":\"https:\\\/\\\/blog.tmgrupoinmobiliario.com\\\/sv\\\/\"},{\"@type\":\"ListItem\",\"position\":2,\"name\":\"TM Real Estate Group och Estepona kommun f\u00f6rnyar sitt avtal f\u00f6r att f\u00f6rhindra utanf\u00f6rskap p\u00e5 bostadsmarknaden fram till 2025\"}]},{\"@type\":\"WebSite\",\"@id\":\"https:\\\/\\\/blog.tmgrupoinmobiliario.com\\\/sv\\\/#website\",\"url\":\"https:\\\/\\\/blog.tmgrupoinmobiliario.com\\\/sv\\\/\",\"name\":\"Svenska\",\"description\":\"Otro sitio m\u00e1s de Blog Desarrollo TM sitios\",\"potentialAction\":[{\"@type\":\"SearchAction\",\"target\":{\"@type\":\"EntryPoint\",\"urlTemplate\":\"https:\\\/\\\/blog.tmgrupoinmobiliario.com\\\/sv\\\/?s={search_term_string}\"},\"query-input\":{\"@type\":\"PropertyValueSpecification\",\"valueRequired\":true,\"valueName\":\"search_term_string\"}}],\"inLanguage\":\"sv-SE\"},{\"@type\":\"Person\",\"@id\":\"https:\\\/\\\/blog.tmgrupoinmobiliario.com\\\/sv\\\/#\\\/schema\\\/person\\\/788477479d35e623ab75c2fb194e7730\",\"name\":\"marina\",\"image\":{\"@type\":\"ImageObject\",\"inLanguage\":\"sv-SE\",\"@id\":\"https:\\\/\\\/secure.gravatar.com\\\/avatar\\\/34480839eb5b1bb235efe5be1b7e49218e07e314c17d1fb9ba5183ac5c2c64f3?s=96&d=mm&r=g\",\"url\":\"https:\\\/\\\/secure.gravatar.com\\\/avatar\\\/34480839eb5b1bb235efe5be1b7e49218e07e314c17d1fb9ba5183ac5c2c64f3?s=96&d=mm&r=g\",\"contentUrl\":\"https:\\\/\\\/secure.gravatar.com\\\/avatar\\\/34480839eb5b1bb235efe5be1b7e49218e07e314c17d1fb9ba5183ac5c2c64f3?s=96&d=mm&r=g\",\"caption\":\"marina\"},\"url\":\"https:\\\/\\\/blog.tmgrupoinmobiliario.com\\\/sv\\\/author\\\/marina\\\/\"}]}<\/script>\n<!-- \/ Yoast SEO Premium plugin. -->","yoast_head_json":{"title":"TM Real Estate Group och Estepona kommun f\u00f6rnyar sitt avtal f\u00f6r att f\u00f6rhindra utanf\u00f6rskap p\u00e5 bostadsmarknaden fram till 2025 - Svenska","robots":{"index":"index","follow":"follow","max-snippet":"max-snippet:-1","max-image-preview":"max-image-preview:large","max-video-preview":"max-video-preview:-1"},"canonical":"https:\/\/blog.tmgrupoinmobiliario.com\/sv\/2023\/10\/23\/tm-real-estate-group-och-estepona-kommun-fornyar-sitt-avtal-for-att-forhindra-utanforskap-pa-bostadsmarknaden-fram-till-2025\/","og_locale":"sv_SE","og_type":"article","og_title":"TM Real Estate Group och Estepona kommun f\u00f6rnyar sitt avtal f\u00f6r att f\u00f6rhindra utanf\u00f6rskap p\u00e5 bostadsmarknaden fram till 2025","og_description":"&nbsp; TM Real Estate Group, holdingbolaget fr\u00e5n Alicante, ledande inom sektorn f\u00f6r bostadsturism, hotell och semesteruthyrning och specialiserat inom konstruktion och marknadsf\u00f6ring av semesterbost\u00e4der l\u00e4ngs Medelhavskusten och i Karibien, har med Kommunfullm\u00e4ktige i Estepona, f\u00f6rnyat sitt samarbetsavtal f\u00f6r att forts\u00e4tta med projektet som \u00e4mnar att f\u00f6rhindra utanf\u00f6rskap p\u00e5 bostadsmarknaden. Initiativet, som lanserades 2019 och som [&hellip;]","og_url":"https:\/\/blog.tmgrupoinmobiliario.com\/sv\/2023\/10\/23\/tm-real-estate-group-och-estepona-kommun-fornyar-sitt-avtal-for-att-forhindra-utanforskap-pa-bostadsmarknaden-fram-till-2025\/","og_site_name":"Svenska","article_published_time":"2023-10-23T10:47:11+00:00","og_image":[{"width":1000,"height":666,"url":"https:\/\/blog.tmgrupoinmobiliario.com\/sv\/wp-content\/uploads\/sites\/6\/2023\/10\/10_16-Convenio-Estepona-1000x666-11.png","type":"image\/png"}],"author":"marina","twitter_card":"summary_large_image","twitter_misc":{"Skriven av":"marina","Ber\u00e4knad l\u00e4stid":"2 minuter"},"schema":{"@context":"https:\/\/schema.org","@graph":[{"@type":"Article","@id":"https:\/\/blog.tmgrupoinmobiliario.com\/sv\/2023\/10\/23\/tm-real-estate-group-och-estepona-kommun-fornyar-sitt-avtal-for-att-forhindra-utanforskap-pa-bostadsmarknaden-fram-till-2025\/#article","isPartOf":{"@id":"https:\/\/blog.tmgrupoinmobiliario.com\/sv\/2023\/10\/23\/tm-real-estate-group-och-estepona-kommun-fornyar-sitt-avtal-for-att-forhindra-utanforskap-pa-bostadsmarknaden-fram-till-2025\/"},"author":{"name":"marina","@id":"https:\/\/blog.tmgrupoinmobiliario.com\/sv\/#\/schema\/person\/788477479d35e623ab75c2fb194e7730"},"headline":"TM Real Estate Group och Estepona kommun f\u00f6rnyar sitt avtal f\u00f6r att f\u00f6rhindra utanf\u00f6rskap p\u00e5 bostadsmarknaden fram till 2025","datePublished":"2023-10-23T10:47:11+00:00","mainEntityOfPage":{"@id":"https:\/\/blog.tmgrupoinmobiliario.com\/sv\/2023\/10\/23\/tm-real-estate-group-och-estepona-kommun-fornyar-sitt-avtal-for-att-forhindra-utanforskap-pa-bostadsmarknaden-fram-till-2025\/"},"wordCount":284,"commentCount":0,"image":{"@id":"https:\/\/blog.tmgrupoinmobiliario.com\/sv\/2023\/10\/23\/tm-real-estate-group-och-estepona-kommun-fornyar-sitt-avtal-for-att-forhindra-utanforskap-pa-bostadsmarknaden-fram-till-2025\/#primaryimage"},"thumbnailUrl":"https:\/\/blog.tmgrupoinmobiliario.com\/sv\/wp-content\/uploads\/sites\/6\/2023\/10\/10_16-Convenio-Estepona-1000x666-11.png","keywords":["tag-all","tag-compromise"],"articleSection":["Actualidad TM","Corporativo","Notas de prensa"],"inLanguage":"sv-SE","potentialAction":[{"@type":"CommentAction","name":"Comment","target":["https:\/\/blog.tmgrupoinmobiliario.com\/sv\/2023\/10\/23\/tm-real-estate-group-och-estepona-kommun-fornyar-sitt-avtal-for-att-forhindra-utanforskap-pa-bostadsmarknaden-fram-till-2025\/#respond"]}]},{"@type":"WebPage","@id":"https:\/\/blog.tmgrupoinmobiliario.com\/sv\/2023\/10\/23\/tm-real-estate-group-och-estepona-kommun-fornyar-sitt-avtal-for-att-forhindra-utanforskap-pa-bostadsmarknaden-fram-till-2025\/","url":"https:\/\/blog.tmgrupoinmobiliario.com\/sv\/2023\/10\/23\/tm-real-estate-group-och-estepona-kommun-fornyar-sitt-avtal-for-att-forhindra-utanforskap-pa-bostadsmarknaden-fram-till-2025\/","name":"TM Real Estate Group och Estepona kommun f\u00f6rnyar sitt avtal f\u00f6r att f\u00f6rhindra utanf\u00f6rskap p\u00e5 bostadsmarknaden fram till 2025 - Svenska","isPartOf":{"@id":"https:\/\/blog.tmgrupoinmobiliario.com\/sv\/#website"},"primaryImageOfPage":{"@id":"https:\/\/blog.tmgrupoinmobiliario.com\/sv\/2023\/10\/23\/tm-real-estate-group-och-estepona-kommun-fornyar-sitt-avtal-for-att-forhindra-utanforskap-pa-bostadsmarknaden-fram-till-2025\/#primaryimage"},"image":{"@id":"https:\/\/blog.tmgrupoinmobiliario.com\/sv\/2023\/10\/23\/tm-real-estate-group-och-estepona-kommun-fornyar-sitt-avtal-for-att-forhindra-utanforskap-pa-bostadsmarknaden-fram-till-2025\/#primaryimage"},"thumbnailUrl":"https:\/\/blog.tmgrupoinmobiliario.com\/sv\/wp-content\/uploads\/sites\/6\/2023\/10\/10_16-Convenio-Estepona-1000x666-11.png","datePublished":"2023-10-23T10:47:11+00:00","author":{"@id":"https:\/\/blog.tmgrupoinmobiliario.com\/sv\/#\/schema\/person\/788477479d35e623ab75c2fb194e7730"},"breadcrumb":{"@id":"https:\/\/blog.tmgrupoinmobiliario.com\/sv\/2023\/10\/23\/tm-real-estate-group-och-estepona-kommun-fornyar-sitt-avtal-for-att-forhindra-utanforskap-pa-bostadsmarknaden-fram-till-2025\/#breadcrumb"},"inLanguage":"sv-SE","potentialAction":[{"@type":"ReadAction","target":["https:\/\/blog.tmgrupoinmobiliario.com\/sv\/2023\/10\/23\/tm-real-estate-group-och-estepona-kommun-fornyar-sitt-avtal-for-att-forhindra-utanforskap-pa-bostadsmarknaden-fram-till-2025\/"]}]},{"@type":"ImageObject","inLanguage":"sv-SE","@id":"https:\/\/blog.tmgrupoinmobiliario.com\/sv\/2023\/10\/23\/tm-real-estate-group-och-estepona-kommun-fornyar-sitt-avtal-for-att-forhindra-utanforskap-pa-bostadsmarknaden-fram-till-2025\/#primaryimage","url":"https:\/\/blog.tmgrupoinmobiliario.com\/sv\/wp-content\/uploads\/sites\/6\/2023\/10\/10_16-Convenio-Estepona-1000x666-11.png","contentUrl":"https:\/\/blog.tmgrupoinmobiliario.com\/sv\/wp-content\/uploads\/sites\/6\/2023\/10\/10_16-Convenio-Estepona-1000x666-11.png","width":1000,"height":666},{"@type":"BreadcrumbList","@id":"https:\/\/blog.tmgrupoinmobiliario.com\/sv\/2023\/10\/23\/tm-real-estate-group-och-estepona-kommun-fornyar-sitt-avtal-for-att-forhindra-utanforskap-pa-bostadsmarknaden-fram-till-2025\/#breadcrumb","itemListElement":[{"@type":"ListItem","position":1,"name":"Portada","item":"https:\/\/blog.tmgrupoinmobiliario.com\/sv\/"},{"@type":"ListItem","position":2,"name":"TM Real Estate Group och Estepona kommun f\u00f6rnyar sitt avtal f\u00f6r att f\u00f6rhindra utanf\u00f6rskap p\u00e5 bostadsmarknaden fram till 2025"}]},{"@type":"WebSite","@id":"https:\/\/blog.tmgrupoinmobiliario.com\/sv\/#website","url":"https:\/\/blog.tmgrupoinmobiliario.com\/sv\/","name":"Svenska","description":"Otro sitio m\u00e1s de Blog Desarrollo TM sitios","potentialAction":[{"@type":"SearchAction","target":{"@type":"EntryPoint","urlTemplate":"https:\/\/blog.tmgrupoinmobiliario.com\/sv\/?s={search_term_string}"},"query-input":{"@type":"PropertyValueSpecification","valueRequired":true,"valueName":"search_term_string"}}],"inLanguage":"sv-SE"},{"@type":"Person","@id":"https:\/\/blog.tmgrupoinmobiliario.com\/sv\/#\/schema\/person\/788477479d35e623ab75c2fb194e7730","name":"marina","image":{"@type":"ImageObject","inLanguage":"sv-SE","@id":"https:\/\/secure.gravatar.com\/avatar\/34480839eb5b1bb235efe5be1b7e49218e07e314c17d1fb9ba5183ac5c2c64f3?s=96&d=mm&r=g","url":"https:\/\/secure.gravatar.com\/avatar\/34480839eb5b1bb235efe5be1b7e49218e07e314c17d1fb9ba5183ac5c2c64f3?s=96&d=mm&r=g","contentUrl":"https:\/\/secure.gravatar.com\/avatar\/34480839eb5b1bb235efe5be1b7e49218e07e314c17d1fb9ba5183ac5c2c64f3?s=96&d=mm&r=g","caption":"marina"},"url":"https:\/\/blog.tmgrupoinmobiliario.com\/sv\/author\/marina\/"}]}},"jetpack_featured_media_url":"https:\/\/blog.tmgrupoinmobiliario.com\/sv\/wp-content\/uploads\/sites\/6\/2023\/10\/10_16-Convenio-Estepona-1000x666-11.png","jetpack_sharing_enabled":true,"_links":{"self":[{"href":"https:\/\/blog.tmgrupoinmobiliario.com\/sv\/wp-json\/wp\/v2\/posts\/17366","targetHints":{"allow":["GET"]}}],"collection":[{"href":"https:\/\/blog.tmgrupoinmobiliario.com\/sv\/wp-json\/wp\/v2\/posts"}],"about":[{"href":"https:\/\/blog.tmgrupoinmobiliario.com\/sv\/wp-json\/wp\/v2\/types\/post"}],"author":[{"embeddable":true,"href":"https:\/\/blog.tmgrupoinmobiliario.com\/sv\/wp-json\/wp\/v2\/users\/11716"}],"replies":[{"embeddable":true,"href":"https:\/\/blog.tmgrupoinmobiliario.com\/sv\/wp-json\/wp\/v2\/comments?post=17366"}],"version-history":[{"count":1,"href":"https:\/\/blog.tmgrupoinmobiliario.com\/sv\/wp-json\/wp\/v2\/posts\/17366\/revisions"}],"predecessor-version":[{"id":17372,"href":"https:\/\/blog.tmgrupoinmobiliario.com\/sv\/wp-json\/wp\/v2\/posts\/17366\/revisions\/17372"}],"wp:featuredmedia":[{"embeddable":true,"href":"https:\/\/blog.tmgrupoinmobiliario.com\/sv\/wp-json\/wp\/v2\/media\/17371"}],"wp:attachment":[{"href":"https:\/\/blog.tmgrupoinmobiliario.com\/sv\/wp-json\/wp\/v2\/media?parent=17366"}],"wp:term":[{"taxonomy":"category","embeddable":true,"href":"https:\/\/blog.tmgrupoinmobiliario.com\/sv\/wp-json\/wp\/v2\/categories?post=17366"},{"taxonomy":"post_tag","embeddable":true,"href":"https:\/\/blog.tmgrupoinmobiliario.com\/sv\/wp-json\/wp\/v2\/tags?post=17366"}],"curies":[{"name":"wp","href":"https:\/\/api.w.org\/{rel}","templated":true}]}}