{"id":17339,"date":"2023-10-05T12:07:32","date_gmt":"2023-10-05T10:07:32","guid":{"rendered":"https:\/\/blog.tmgrupoinmobiliario.com\/sv\/?p=17339"},"modified":"2024-05-13T10:59:05","modified_gmt":"2024-05-13T08:59:05","slug":"njut-av-medelhavslivet-i-las-villas-ii-de-mar-de-pulpi","status":"publish","type":"post","link":"https:\/\/blog.tmgrupoinmobiliario.com\/sv\/2023\/10\/05\/njut-av-medelhavslivet-i-las-villas-ii-de-mar-de-pulpi\/","title":{"rendered":"Njut av Medelhavslivet i Las Villas II de Mar de Pulp\u00ed"},"content":{"rendered":"<p>&nbsp;<\/p>\n<h4><span style=\"color: #ff0000\"><strong>Nya bost\u00e4der i Mar de Pulp\u00ed<\/strong><\/span><\/h4>\n<p>Omr\u00e5det ligger mindre \u00e4n 400 meter fr\u00e5n havet och inrymmer tio parhus av olika typer i Medelhavsstil, anpassade efter alla smaker. Du kan v\u00e4lja mellan tv\u00e5 sovrum och tv\u00e5 badrum med eller utan takterrass; och ett ytterligare sovrum, allts\u00e5 tre sovrum och tv\u00e5 badrum med takterrass.<\/p>\n<p>Husen med takterrass har en magnifik utsikt med havet i horisonten. Dessutom har alla bost\u00e4der stor tomt och m\u00f6jlighet till privatpool. Vem vill inte kunna ta ett dopp \u00e5ret runt?<\/p>\n<p>Alla husen har botten- och \u00f6verv\u00e5ning samt k\u00e4llare, och alla tomter har parkering.<\/p>\n<h4><span style=\"color: #ff0000\"><strong>Vad \u00e4r Mar de Pulp\u00ed?<\/strong><\/span><\/h4>\n<p>Mar de Pulp\u00ed \u00e4r en Medelhavsby i s\u00e4rklass. Bostadsomr\u00e5det best\u00e5r av b\u00e5de hus och l\u00e4genheter med tr\u00e4dg\u00e5rd eller terrass. Omr\u00e5det ligger vid str\u00e4nderna Los Nardos och La Entrevista i San Juan de los Terreros i Almer\u00eda.<\/p>\n<p>H\u00e4r finns en gigantisk kustpark p\u00e5 70\u00a0000 kvadratmeter med tematr\u00e4dg\u00e5rdar som p\u00e5minner om olika platser i v\u00e4rlden s\u00e5som Granada, Japan, England och \u00e4ven Almer\u00eda med sina kaktusar.<\/p>\n<p>P\u00e5 samma s\u00e4tt har Mar de Pulp\u00ed allt du beh\u00f6ver f\u00f6r att leva ett lugn liv. Mycket n\u00e4ra ligger ett k\u00f6pcentrum med stormarknad, restauranger och gym.<\/p>\n<p>L\u00e4genheterna och husen har en elegant andalusisk fasad. De fantastiska gemensamma utrymmena med pooler, jacuzzi och gr\u00f6nomr\u00e5den ramas in vackert av \u00f6kenlandskapet.<\/p>\n<h4><span style=\"color: #ff0000\"><strong>Varf\u00f6r v\u00e4lja Las Villas II de Mar de Pulp\u00ed?<\/strong><\/span><\/h4>\n<p>Las Villas II de Mar de Pulp\u00ed \u00e4r den perfekta platsen f\u00f6r en Medelhavs- och Almer\u00edalivsstil. Om du vill ha mer avskildhet och gott om utrymme \u00e4r dessa hus helt r\u00e4tt f\u00f6r dig.<\/p>\n<p>Str\u00e4nderna, golfbanorna i n\u00e4romr\u00e5det och de omkringliggande fiskebyarna s\u00e5som \u00c1guilas, Vera och Moj\u00e1car g\u00f6r platsen helt perfekt att bo p\u00e5. En plats d\u00e4r du kan f\u00f6r\u00e4lska dig i de otroliga vyerna, kombinationen av hav, berg och sol samt 325 soldagar om \u00e5ret och en genomsnittstemperatur p\u00e5 18,4\u00a0\u00b0C \u00e5ret runt.<\/p>\n<h4><span style=\"color: #ff0000\"><strong>Omr\u00e5den att bes\u00f6ka<\/strong><\/span><\/h4>\n<p>Mar de Pulp\u00ed ligger i San Juan de los Terreros, ett par minuter fr\u00e5n \u00c1guilas. Flygplatserna i Almer\u00eda och Corvera (Murcia) ligger bara en timmes bilresa bort. Du n\u00e5r Alicantes flygplats p\u00e5 tv\u00e5 timmar fr\u00e5n bostadsomr\u00e5det i Mar de Pulp\u00ed.<\/p>\n<p>Det som utm\u00e4rker Almer\u00edas kust \u00e4r kvaliteten p\u00e5 det kristallklara vattnet. Perfekt f\u00f6r vattenaktiviteter s\u00e5som snorkling, kajak, SUP och b\u00e5tturer. Ut\u00f6ver str\u00e4nderna Los Nardos och La Entrevista har Mar de Pulp\u00ed lyxen att ligga n\u00e4ra andra otroligt vackra str\u00e4nder som Mar Serena, Mar Rabiosa, Calypso med flera.<\/p>\n<p>Om du gillar golf s\u00e5 kommer du uppskatta att omr\u00e5det \u00e4r helt gr\u00f6nt tack vare golfbanorna Aguil\u00f3n Golf och Desert Spring Golf. De ligger 8 och 25 kilometer fr\u00e5n bostadsomr\u00e5det.<\/p>\n<p>Om du ska bo i Mar de Pulp\u00ed s\u00e5 bara m\u00e5ste du bes\u00f6ka Geoda de Pulp\u00ed. Det \u00e4r Europas st\u00f6rsta geod och dess kristaller \u00e4r otroligt genomskinliga inuti en j\u00e4rn- och blygruva.<\/p>\n<p>&nbsp;<\/p>\n<p><strong>Missa inte chansen till ett Medelhavsliv i Las Villas II de Mar de Pulp\u00ed. Kontakta oss f\u00f6r mer information!<\/strong><\/p>\n<div data-test='contact-form'\n\t\t\tid='contact-form-17339'\n\t\t\tclass='jetpack-contact-form-container '\n\t\t\tdata-wp-interactive='jetpack\/form' data-wp-context='{\"formId\":\"17339\",\"formHash\":\"611dedf68665931f8b121de27456141350f39ed6\",\"showErrors\":false,\"errors\":[],\"fields\":[],\"isMultiStep\":false,\"useAjax\":true,\"submissionData\":null,\"formattedSubmissionData\":[],\"submissionSuccess\":false,\"submissionError\":null,\"elementId\":\"jp-form-611dedf68665931f8b121de27456141350f39ed6\",\"isSingleInputForm\":false,\"isForcedHorizontal\":false}'\n\t\t\tdata-wp-watch--scroll-to-wrapper=\"callbacks.scrollToWrapper\"\n\t\t>\n<div class=\"contact-form-submission contact-form-ajax-submission\" data-wp-bind--aria-hidden=\"state.isSuccessMessageAriaHidden\" data-wp-class--submission-success=\"context.submissionSuccess\" id=\"contact-form-success-611dedf68665931f8b121de27456141350f39ed6\" tabindex=\"-1\" aria-labelledby=\"contact-form-success-header-611dedf68665931f8b121de27456141350f39ed6\"><p class=\"go-back-message\"><a class=\"link\" role=\"button\" tabindex=\"0\" data-wp-on--click=\"actions.goBack\" href=\"\/sv\/wp-json\/wp\/v2\/posts\/17339\">\u2190 Tillbaka<\/a><\/p><h4 data-wp-bind--aria-hidden=\"state.isSuccessMessageAriaHidden\" id=\"contact-form-success-header-611dedf68665931f8b121de27456141350f39ed6\">Tack f\u00f6r din respons. \u2728<\/h4>\n\n<template data-wp-each--submission=\"context.formattedSubmissionData\">\n\t\t\t\t\t<div class=\"jetpack_forms_contact-form-success-summary\">\n\t\t\t\t\t\t<div class=\"field-name-wrapper\">\n\t\t\t\t\t\t\t<div class=\"field-type-icon\" data-wp-watch=\"callbacks.watchFieldTypeIcon\"><\/div>\n\t\t\t\t\t\t\t<div class=\"field-name\" data-wp-text=\"context.submission.label\" data-wp-bind--hidden=\"!context.submission.label\"><\/div>\n\t\t\t\t\t\t<\/div>\n\t\t\t\t\t\t<div class=\"field-value\" data-wp-text=\"context.submission.value\" data-wp-bind--hidden=\"!context.submission.showPlainValue\"><\/div>\n\t\t\t\t\t\t<a class=\"field-url\" data-wp-bind--href=\"context.submission.url\" data-wp-text=\"context.submission.value\" data-wp-bind--hidden=\"!context.submission.url\" target=\"_blank\" rel=\"noopener noreferrer\"><\/a>\n\t\t\t\t\t\t<div class=\"field-rating\" data-wp-bind--hidden=\"!context.submission.rating\" data-wp-watch=\"callbacks.watchRatingIcons\"><\/div>\n\t\t\t\t\t\t<div class=\"field-images\" data-wp-bind--hidden=\"!context.submission.images\">\n\t\t\t\t\t\t\t<template data-wp-each--image=\"context.submission.images\">\n\t\t\t\t\t\t\t\t<div class=\"field-image-option\" data-wp-class--is-empty=\"!context.image.src\">\n\t\t\t\t\t\t\t\t\t<figure class=\"field-image-option__image\" data-wp-class--is-empty=\"!context.image.src\">\n\t\t\t\t\t\t\t\t\t\t<img data-wp-bind--src=\"context.image.src\" data-wp-bind--hidden=\"!context.image.src\" \/>\n\t\t\t\t\t\t\t\t\t\t<img decoding=\"async\" src=\"data:image\/gif;base64,R0lGODlhAQABAAD\/ACwAAAAAAQABAAACADs=\" data-wp-bind--hidden=\"context.image.src\" \/>\n\t\t\t\t\t\t\t\t\t<\/figure>\n\t\t\t\t\t\t\t\t\t<div class=\"field-image-option__label-wrapper\">\n\t\t\t\t\t\t\t\t\t\t<span class=\"field-image-option__label-code\" data-wp-text=\"context.image.letterCode\"><\/span>\n\t\t\t\t\t\t\t\t\t\t<span class=\"field-image-option__label\" data-wp-text=\"context.image.label\" data-wp-bind--hidden=\"!context.image.label\"><\/span>\n\t\t\t\t\t\t\t\t\t<\/div>\n\t\t\t\t\t\t\t\t<\/div>\n\t\t\t\t\t\t\t<\/template>\n\t\t\t\t\t\t<\/div>\n\t\t\t\t\t\t<div class=\"field-files\" data-wp-bind--hidden=\"!context.submission.files\">\n\t\t\t\t\t\t\t<template data-wp-each--file=\"context.submission.files\">\n\t\t\t\t\t\t\t\t<div class=\"field-file\">\n\t\t\t\t\t\t\t\t\t<div class=\"field-file__thumbnail\" data-wp-style--background-image=\"context.file.previewUrl\" data-wp-style--mask-image=\"context.file.iconUrl\" data-wp-bind--hidden=\"!context.file.hasPreview\"><\/div>\n\t\t\t\t\t\t\t\t\t<svg class=\"field-file__icon\" data-wp-bind--hidden=\"context.file.hasPreview\" width=\"20\" height=\"20\" viewBox=\"0 0 24 24\" fill=\"none\" xmlns=\"http:\/\/www.w3.org\/2000\/svg\" aria-hidden=\"true\">\n\t\t\t\t\t\t\t\t\t\t<path d=\"M14 2H6C4.9 2 4 2.9 4 4V20C4 21.1 4.89 22 5.99 22H18C19.1 22 20 21.1 20 20V8L14 2ZM18 20H6V4H13V9H18V20Z\" fill=\"currentColor\"\/>\n\t\t\t\t\t\t\t\t\t<\/svg>\n\t\t\t\t\t\t\t\t\t<span class=\"field-file__name\" data-wp-text=\"context.file.name\"><\/span>\n\t\t\t\t\t\t\t\t\t<span class=\"field-file__size\" data-wp-text=\"context.file.size\"><\/span>\n\t\t\t\t\t\t\t\t<\/div>\n\t\t\t\t\t\t\t<\/template>\n\t\t\t\t\t\t<\/div>\n\t\t\t\t\t<\/div>\n\t\t\t\t<\/template><\/div><form action='https:\/\/blog.tmgrupoinmobiliario.com\/sv\/2023\/10\/05\/njut-av-medelhavslivet-i-las-villas-ii-de-mar-de-pulpi\/'\n\t\t\t\tid='jp-form-611dedf68665931f8b121de27456141350f39ed6'\n\t\t\t\tmethod='post'\n\t\t\t\tclass='contact-form commentsblock jetpack-contact-form__form has-no-jetpack-form-layout' aria-label=\"Njut av Medelhavslivet i Las Villas II de Mar de Pulp\u00ed\"\n\t\t\t\tdata-wp-on--submit=\"actions.onFormSubmit\"\n\t\t\t\tdata-wp-on--reset=\"actions.onFormReset\"\n\t\t\t\tdata-wp-class--submission-success=\"context.submissionSuccess\"\n\t\t\t\tdata-wp-class--is-first-step=\"state.isFirstStep\"\n\t\t\t\tdata-wp-class--is-last-step=\"state.isLastStep\"\n\t\t\t\tdata-wp-class--is-ajax-form=\"context.useAjax\"\n\t\t\t\tnovalidate >\n<input type='hidden' name='jetpack_contact_form_jwt' value='eyJ0eXAiOiJKV1QiLCJhbGciOiJIUzI1NiJ9.eyJlbmNyeXB0ZWRfYXR0cmlidXRlcyI6InA5RzB0SVNGR1dOaWd3SWkzM1FvM1IvdS9iVHVKYldvL0xQTG1RVWZvc3c1clY0bnpMN0Y3UllOWG5xLzN0NHdHZktydTFXNUp3WHArc29ZTU90NHIwcWtWNFlOQzh5d0YyTUpGdXZxN1E2bTVERFFabFVaYjlLaGlTZGVEeVBqNWErZUtodnJxbFhDcWM0eXZ6NC9xdDBnNnBOc0YrQncrZUlvck94c2ZuT2MvZ0NISTY4UnhVSEYyeE8vRW5rdERQTHg3UWJ6ODE3aDdyWXlqMzM0enIvSU45aFVHUGk4UVhPR0JIaFN6U1RNMGFla0hUMUJNN3IzcHBlZk43MXRZRWNKTDFqZlY1bDV1VkFseldZUHZIUzNaL0tZL0hGRDdxbnJuTlF6MXZVdG1pTTVLdFJ6Rk1walhmTWdoTU9rbUlXYzJyTWFyU3BOczg4eXVsenM0blhtbTFYT3NNV3VQazVFeEdwVVRYU2Z2aWxPVnkrelRiZ0ZZdTljbXdRTThoVGJiblkyRStZQTY2dGUrYzlGa0d2QlJHeW1BOGh5MlpHV3BwSE5iY0FJUUdzN0dXQ254S2hDTytpb1FmeDhPOHpWTG9GMDBSV1BwUUorcUdWTXd0SUxHb3o5OEpYU1kwYy9yZUpYS0N6ck5mTEw0U1R6UzVtSDdSbDdKcGZMVktpc25Gb0Q5Zzk0UnhVOFNQMEwzUXNTcG45RmhTS3JNTnZZQUdCbFZFYnNtQS9aaVVKZzdtVWJNYzlzUHFCWG4vOTFiM2tqN0x2enU3STBFT01xaU9pUDNSYkhzNm9pMkozZ1l0M2VCaGtpTUM0Y2dkcGc4ZHdBSWlXR2N2WTNuNWhMSnB5bGkyNDAvRkRKS0tndi9aRzFrcmNGSTBlUi9oNW5rZEhUSTdpUU9aRy9YM240WXM4Y0d0QWtEak5xRnpOOHNlV3FWRXpXeWVad2lidkh1YURnRTVYUnlvNzM5OVFVK2NXU29IMmhEc3FKY2UxTkU5UFdkQ2xMZURKVStsYy9pMkVxaDNaQnVYLzNjRElFa1NqZ0hHRi9pVUwxeDdRTGNFRDVXckxNcVZtSFAyT21oajNZa05KYXY2T2ZvMjNudVVoOWNFNVBlVjFUYmF5ZTZTWWtHTHE0MU9tSjJmQmRJTXNOM1h5L0RWNTFJQnZHakg1aThHUkdnYXYwczlHS1NMNG1iR0NGZnMzZE5ncmtraUtwRUhrWDU1b09aOC9SaVhVPSIsImNvbnRlbnQiOiJbY29udGFjdC1maWVsZCBsYWJlbD1cIk5hbW5cIiB0eXBlPVwibmFtZVwiIHJlcXVpcmVkPVwiMVwiXVtjb250YWN0LWZpZWxkIGxhYmVsPVwiRS1wb3N0YWRyZXNzIFwiIHR5cGU9XCJlbWFpbFwiIHJlcXVpcmVkPVwiMVwiXVtjb250YWN0LWZpZWxkIGxhYmVsPVwiVGVsZWZvbm51bW1lciBcIiB0eXBlPVwidGV4dGFyZWFcIiByZXF1aXJlZD1cIjFcIl1bY29udGFjdC1maWVsZCBsYWJlbD1cIk1lZGRlbGFuZGVcIiB0eXBlPVwidGV4dGFyZWFcIl0iLCJoYXNoIjoiNjExZGVkZjY4NjY1OTMxZjhiMTIxZGUyNzQ1NjE0MTM1MGYzOWVkNiIsInNvdXJjZSI6eyJlbnRyeV90aXRsZSI6Ik5qdXQgYXYgTWVkZWxoYXZzbGl2ZXQgaSBMYXMgVmlsbGFzIElJIGRlIE1hciBkZSBQdWxwXHUwMGVkIiwiZW50cnlfcGFnZSI6MSwic291cmNlX2lkIjoxNzMzOSwic291cmNlX3R5cGUiOiJzaW5nbGUiLCJyZXF1ZXN0X3VybCI6Imh0dHBzOi8vYmxvZy50bWdydXBvaW5tb2JpbGlhcmlvLmNvbS9zdi93cC1qc29uL3dwL3YyL3Bvc3RzLzE3MzM5In0sInZlcnNpb24iOjIsImNpcGhlciI6ImFlcy0yNTYtZ2NtIn0.bucGr8-69PMlIskYcHd8stsaoLkY0w9ykCr9Mw903oQ' \/>\n\n<div style=\"\"  data-wp-interactive=\"jetpack\/form\" data-wp-context='{\"fieldId\":\"g17339-namn\",\"fieldType\":\"name\",\"fieldLabel\":\"Namn\",\"fieldValue\":\"\",\"fieldPlaceholder\":\"\",\"fieldIsRequired\":\"1\",\"fieldErrorMessage\":\"\",\"fieldExtra\":[],\"formHash\":\"611dedf68665931f8b121de27456141350f39ed6\"}'  class='grunion-field-name-wrap grunion-field-wrap'  data-wp-init='callbacks.initializeField' data-wp-on--jetpack-form-reset='callbacks.initializeField' >\n<label\n\t\t\t\tfor='g17339-namn' class=\"grunion-field-label name\" >Namn<span class=\"grunion-label-required\" aria-hidden=\"true\">(obligatoriskt)<\/span><\/label>\n<input\n\t\t\t\t\ttype='text'\n\t\t\t\t\tname='g17339-namn'\n\t\t\t\t\tid='g17339-namn'\n\t\t\t\t\tvalue=''\n\n\t\t\t\t\tdata-wp-bind--aria-invalid='state.fieldAriaInvalid'\n\t\t\t\t\tdata-wp-bind--value='state.getFieldValue'\n\t\t\t\t\taria-describedby='g17339-namn-text-error-message'\n\t\t\t\t\tdata-wp-on--input='actions.onFieldChange'\n\t\t\t\t\tdata-wp-on--blur='actions.onFieldBlur'\n\t\t\t\t\tdata-wp-class--has-value='state.hasFieldValue'\n\n\t\t\t\t\tclass='name  grunion-field' \n\t\t\t\t\trequired='true' aria-required='true'  \/>\n \n\t\t\t<div id=\"g17339-namn-text-error\" class=\"contact-form__input-error\" data-wp-class--has-errors=\"state.fieldHasErrors\">\n\t\t\t\t<span class=\"contact-form__warning-icon\" aria-hidden=\"true\">\n\t\t\t\t\t<svg width=\"16\" height=\"16\" viewBox=\"0 0 16 16\" fill=\"none\" xmlns=\"http:\/\/www.w3.org\/2000\/svg\">\n\t\t\t\t\t\t<path d=\"M8.50015 11.6402H7.50015V10.6402H8.50015V11.6402Z\" \/>\n\t\t\t\t\t\t<path d=\"M7.50015 9.64018H8.50015V6.30684H7.50015V9.64018Z\" \/>\n\t\t\t\t\t\t<path fill-rule=\"evenodd\" clip-rule=\"evenodd\" d=\"M6.98331 3.0947C7.42933 2.30177 8.57096 2.30177 9.01698 3.09469L13.8771 11.7349C14.3145 12.5126 13.7525 13.4735 12.8602 13.4735H3.14004C2.24774 13.4735 1.68575 12.5126 2.12321 11.7349L6.98331 3.0947ZM8.14541 3.58496C8.08169 3.47168 7.9186 3.47168 7.85488 3.58496L2.99478 12.2251C2.93229 12.3362 3.01257 12.4735 3.14004 12.4735H12.8602C12.9877 12.4735 13.068 12.3362 13.0055 12.2251L8.14541 3.58496Z\" \/>\n\t\t\t\t\t<\/svg>\n\t\t\t\t<\/span>\n\t\t\t\t<span data-wp-text=\"state.errorMessage\" id=\"g17339-namn-text-error-message\"><\/span>\n\t\t\t<\/div> \n\t<\/div>\n\n<div style=\"\"  data-wp-interactive=\"jetpack\/form\" data-wp-context='{\"fieldId\":\"g17339-epostadress\",\"fieldType\":\"email\",\"fieldLabel\":\"E-postadress \",\"fieldValue\":\"\",\"fieldPlaceholder\":\"\",\"fieldIsRequired\":\"1\",\"fieldErrorMessage\":\"\",\"fieldExtra\":[],\"formHash\":\"611dedf68665931f8b121de27456141350f39ed6\"}'  class='grunion-field-email-wrap grunion-field-wrap'  data-wp-init='callbacks.initializeField' data-wp-on--jetpack-form-reset='callbacks.initializeField' >\n<label\n\t\t\t\tfor='g17339-epostadress' class=\"grunion-field-label email\" >E-postadress <span class=\"grunion-label-required\" aria-hidden=\"true\">(obligatoriskt)<\/span><\/label>\n<input\n\t\t\t\t\ttype='email'\n\t\t\t\t\tname='g17339-epostadress'\n\t\t\t\t\tid='g17339-epostadress'\n\t\t\t\t\tvalue=''\n\n\t\t\t\t\tdata-wp-bind--aria-invalid='state.fieldAriaInvalid'\n\t\t\t\t\tdata-wp-bind--value='state.getFieldValue'\n\t\t\t\t\taria-describedby='g17339-epostadress-email-error-message'\n\t\t\t\t\tdata-wp-on--input='actions.onFieldChange'\n\t\t\t\t\tdata-wp-on--blur='actions.onFieldBlur'\n\t\t\t\t\tdata-wp-class--has-value='state.hasFieldValue'\n\n\t\t\t\t\tclass='email  grunion-field' \n\t\t\t\t\trequired='true' aria-required='true'  \/>\n \n\t\t\t<div id=\"g17339-epostadress-email-error\" class=\"contact-form__input-error\" data-wp-class--has-errors=\"state.fieldHasErrors\">\n\t\t\t\t<span class=\"contact-form__warning-icon\" aria-hidden=\"true\">\n\t\t\t\t\t<svg width=\"16\" height=\"16\" viewBox=\"0 0 16 16\" fill=\"none\" xmlns=\"http:\/\/www.w3.org\/2000\/svg\">\n\t\t\t\t\t\t<path d=\"M8.50015 11.6402H7.50015V10.6402H8.50015V11.6402Z\" \/>\n\t\t\t\t\t\t<path d=\"M7.50015 9.64018H8.50015V6.30684H7.50015V9.64018Z\" \/>\n\t\t\t\t\t\t<path fill-rule=\"evenodd\" clip-rule=\"evenodd\" d=\"M6.98331 3.0947C7.42933 2.30177 8.57096 2.30177 9.01698 3.09469L13.8771 11.7349C14.3145 12.5126 13.7525 13.4735 12.8602 13.4735H3.14004C2.24774 13.4735 1.68575 12.5126 2.12321 11.7349L6.98331 3.0947ZM8.14541 3.58496C8.08169 3.47168 7.9186 3.47168 7.85488 3.58496L2.99478 12.2251C2.93229 12.3362 3.01257 12.4735 3.14004 12.4735H12.8602C12.9877 12.4735 13.068 12.3362 13.0055 12.2251L8.14541 3.58496Z\" \/>\n\t\t\t\t\t<\/svg>\n\t\t\t\t<\/span>\n\t\t\t\t<span data-wp-text=\"state.errorMessage\" id=\"g17339-epostadress-email-error-message\"><\/span>\n\t\t\t<\/div> \n\t<\/div>\n\n<div style=\"\"  data-wp-interactive=\"jetpack\/form\" data-wp-context='{\"fieldId\":\"g17339-telefonnummer\",\"fieldType\":\"textarea\",\"fieldLabel\":\"Telefonnummer \",\"fieldValue\":\"\",\"fieldPlaceholder\":\"\",\"fieldIsRequired\":\"1\",\"fieldErrorMessage\":\"\",\"fieldExtra\":[],\"formHash\":\"611dedf68665931f8b121de27456141350f39ed6\"}'  class='grunion-field-textarea-wrap grunion-field-wrap'  data-wp-init='callbacks.initializeField' data-wp-on--jetpack-form-reset='callbacks.initializeField' >\n<label\n\t\t\t\tfor='contact-form-comment-g17339-telefonnummer' class=\"grunion-field-label textarea\" >Telefonnummer <span class=\"grunion-label-required\" aria-hidden=\"true\">(obligatoriskt)<\/span><\/label>\n<textarea\n\t\t                style=''\n\t\t                name='g17339-telefonnummer'\n\t\t                id='contact-form-comment-g17339-telefonnummer'\n\t\t                rows='20'\n\t\t\t\t\t\tdata-wp-text='state.getFieldValue'\n\t\t\t\t\t\tdata-wp-on--input='actions.onFieldChange'\n\t\t\t\t\t\tdata-wp-on--blur='actions.onFieldBlur'\n\t\t\t\t\t\tdata-wp-class--has-value='state.hasFieldValue'\n\t\t\t\t\t\taria-describedby='g17339-telefonnummer-textarea-error-message'\n\t\t\t\t\t\tdata-wp-bind--aria-invalid='state.fieldAriaInvalid'\n\t\t\t\t\t\tclass='textarea  grunion-field'  required aria-required='true'><\/textarea>\n \n\t\t\t<div id=\"g17339-telefonnummer-textarea-error\" class=\"contact-form__input-error\" data-wp-class--has-errors=\"state.fieldHasErrors\">\n\t\t\t\t<span class=\"contact-form__warning-icon\" aria-hidden=\"true\">\n\t\t\t\t\t<svg width=\"16\" height=\"16\" viewBox=\"0 0 16 16\" fill=\"none\" xmlns=\"http:\/\/www.w3.org\/2000\/svg\">\n\t\t\t\t\t\t<path d=\"M8.50015 11.6402H7.50015V10.6402H8.50015V11.6402Z\" \/>\n\t\t\t\t\t\t<path d=\"M7.50015 9.64018H8.50015V6.30684H7.50015V9.64018Z\" \/>\n\t\t\t\t\t\t<path fill-rule=\"evenodd\" clip-rule=\"evenodd\" d=\"M6.98331 3.0947C7.42933 2.30177 8.57096 2.30177 9.01698 3.09469L13.8771 11.7349C14.3145 12.5126 13.7525 13.4735 12.8602 13.4735H3.14004C2.24774 13.4735 1.68575 12.5126 2.12321 11.7349L6.98331 3.0947ZM8.14541 3.58496C8.08169 3.47168 7.9186 3.47168 7.85488 3.58496L2.99478 12.2251C2.93229 12.3362 3.01257 12.4735 3.14004 12.4735H12.8602C12.9877 12.4735 13.068 12.3362 13.0055 12.2251L8.14541 3.58496Z\" \/>\n\t\t\t\t\t<\/svg>\n\t\t\t\t<\/span>\n\t\t\t\t<span data-wp-text=\"state.errorMessage\" id=\"g17339-telefonnummer-textarea-error-message\"><\/span>\n\t\t\t<\/div>\n\t<\/div>\n\n<div style=\"\"  data-wp-interactive=\"jetpack\/form\" data-wp-context='{\"fieldId\":\"g17339-meddelande\",\"fieldType\":\"textarea\",\"fieldLabel\":\"Meddelande\",\"fieldValue\":\"\",\"fieldPlaceholder\":\"\",\"fieldIsRequired\":\"\",\"fieldErrorMessage\":\"\",\"fieldExtra\":[],\"formHash\":\"611dedf68665931f8b121de27456141350f39ed6\"}'  class='grunion-field-textarea-wrap grunion-field-wrap'  data-wp-init='callbacks.initializeField' data-wp-on--jetpack-form-reset='callbacks.initializeField' >\n<label\n\t\t\t\tfor='contact-form-comment-g17339-meddelande' class=\"grunion-field-label textarea\" >Meddelande<\/label>\n<textarea\n\t\t                style=''\n\t\t                name='g17339-meddelande'\n\t\t                id='contact-form-comment-g17339-meddelande'\n\t\t                rows='20'\n\t\t\t\t\t\tdata-wp-text='state.getFieldValue'\n\t\t\t\t\t\tdata-wp-on--input='actions.onFieldChange'\n\t\t\t\t\t\tdata-wp-on--blur='actions.onFieldBlur'\n\t\t\t\t\t\tdata-wp-class--has-value='state.hasFieldValue'\n\t\t\t\t\t\taria-describedby='g17339-meddelande-textarea-error-message'\n\t\t\t\t\t\tdata-wp-bind--aria-invalid='state.fieldAriaInvalid'\n\t\t\t\t\t\tclass='textarea  grunion-field'  ><\/textarea>\n \n\t\t\t<div id=\"g17339-meddelande-textarea-error\" class=\"contact-form__input-error\" data-wp-class--has-errors=\"state.fieldHasErrors\">\n\t\t\t\t<span class=\"contact-form__warning-icon\" aria-hidden=\"true\">\n\t\t\t\t\t<svg width=\"16\" height=\"16\" viewBox=\"0 0 16 16\" fill=\"none\" xmlns=\"http:\/\/www.w3.org\/2000\/svg\">\n\t\t\t\t\t\t<path d=\"M8.50015 11.6402H7.50015V10.6402H8.50015V11.6402Z\" \/>\n\t\t\t\t\t\t<path d=\"M7.50015 9.64018H8.50015V6.30684H7.50015V9.64018Z\" \/>\n\t\t\t\t\t\t<path fill-rule=\"evenodd\" clip-rule=\"evenodd\" d=\"M6.98331 3.0947C7.42933 2.30177 8.57096 2.30177 9.01698 3.09469L13.8771 11.7349C14.3145 12.5126 13.7525 13.4735 12.8602 13.4735H3.14004C2.24774 13.4735 1.68575 12.5126 2.12321 11.7349L6.98331 3.0947ZM8.14541 3.58496C8.08169 3.47168 7.9186 3.47168 7.85488 3.58496L2.99478 12.2251C2.93229 12.3362 3.01257 12.4735 3.14004 12.4735H12.8602C12.9877 12.4735 13.068 12.3362 13.0055 12.2251L8.14541 3.58496Z\" \/>\n\t\t\t\t\t<\/svg>\n\t\t\t\t<\/span>\n\t\t\t\t<span data-wp-text=\"state.errorMessage\" id=\"g17339-meddelande-textarea-error-message\"><\/span>\n\t\t\t<\/div>\n\t<\/div>\n\t<p class='contact-submit'>\n<div class=\"contact-form__error\" data-wp-class--show-errors=\"state.showFormErrors\"><span class=\"contact-form__warning-icon\" aria-hidden=\"true\"><i><\/i><\/span><span class=\"contact-form__error-message\" tabindex=\"-1\" data-wp-watch=\"callbacks.focusOnValidationError\" data-wp-text=\"state.getFormErrorMessage\"><\/span><ul aria-label=\"Formul\u00e4rfel\">\n\t\t\t\t<template data-wp-each=\"state.getErrorList\" data-wp-key=\"context.item.id\">\n\t\t\t\t\t<li><a data-wp-bind--href=\"context.item.anchor\" data-wp-on--click=\"actions.scrollIntoView\" data-wp-text=\"context.item.label\"><\/a><\/li>\n\t\t\t\t<\/template>\n\t\t\t\t<\/ul><\/div><div class=\"contact-form__error\" data-wp-class--show-errors=\"state.showSubmissionError\" data-wp-text=\"context.submissionError\" tabindex=\"-1\" data-wp-watch=\"callbacks.focusOnSubmissionError\"><\/div>\t\t<button type='submit' class='pushbutton-wide'>Skicka<\/button>\t\t<input type='hidden' name='contact-form-id' value='17339' \/>\n\t\t<input type='hidden' name='action' value='grunion-contact-form' \/>\n\t\t<input type='hidden' name='contact-form-hash' value='611dedf68665931f8b121de27456141350f39ed6' \/>\n\t<\/p>\n<p style=\"display: none !important;\" class=\"akismet-fields-container\" data-prefix=\"ak_\"><label>&#916;<textarea name=\"ak_hp_textarea\" cols=\"45\" rows=\"8\" maxlength=\"100\"><\/textarea><\/label><input type=\"hidden\" id=\"ak_js_1\" name=\"ak_js\" value=\"160\"\/><script type=\"text\/javascript\">\n\/* <![CDATA[ *\/\ndocument.getElementById( \"ak_js_1\" ).setAttribute( \"value\", ( new Date() ).getTime() );\n\/* ]]> *\/\n<\/script>\n<\/p><\/form>\n<\/div>\n","protected":false},"excerpt":{"rendered":"<p>&nbsp; Nya bost\u00e4der i Mar de Pulp\u00ed Omr\u00e5det ligger mindre \u00e4n 400 meter fr\u00e5n havet och inrymmer tio parhus av olika typer i Medelhavsstil, anpassade efter alla smaker. Du kan v\u00e4lja mellan tv\u00e5 sovrum och tv\u00e5 badrum med eller utan takterrass; och ett ytterligare sovrum, allts\u00e5 tre sovrum och tv\u00e5 badrum med takterrass. Husen med [&hellip;]<\/p>\n","protected":false},"author":11729,"featured_media":17340,"comment_status":"open","ping_status":"open","sticky":false,"template":"","format":"standard","meta":{"_jetpack_memberships_contains_paid_content":false,"footnotes":""},"categories":[486],"tags":[521,246],"class_list":["post-17339","post","type-post","status-publish","format-standard","has-post-thumbnail","hentry","category-ditt-nya-hem","tag-las-villas-ii-de-mar-de-pulpi","tag-mar-de-pulpi-3","formato-blog"],"better_featured_image":{"id":17340,"alt_text":"Villas II Mar de Pulp\u00ed destacada","caption":"","description":"","media_type":"image","media_details":{"width":1000,"height":666,"file":"2023\/10\/Villas-II-Mar-de-Pulpi-destacada.jpg","filesize":132922,"sizes":{"medium":{"file":"Villas-II-Mar-de-Pulpi-destacada-300x200.jpg","width":300,"height":200,"mime-type":"image\/jpeg","filesize":15254,"source_url":"https:\/\/blog.tmgrupoinmobiliario.com\/sv\/wp-content\/uploads\/sites\/6\/2023\/10\/Villas-II-Mar-de-Pulpi-destacada-300x200.jpg"},"thumbnail":{"file":"Villas-II-Mar-de-Pulpi-destacada-150x150.jpg","width":150,"height":150,"mime-type":"image\/jpeg","filesize":7331,"source_url":"https:\/\/blog.tmgrupoinmobiliario.com\/sv\/wp-content\/uploads\/sites\/6\/2023\/10\/Villas-II-Mar-de-Pulpi-destacada-150x150.jpg"},"medium_large":{"file":"Villas-II-Mar-de-Pulpi-destacada-768x511.jpg","width":768,"height":511,"mime-type":"image\/jpeg","filesize":75255,"source_url":"https:\/\/blog.tmgrupoinmobiliario.com\/sv\/wp-content\/uploads\/sites\/6\/2023\/10\/Villas-II-Mar-de-Pulpi-destacada-768x511.jpg"}},"image_meta":{"aperture":"0","credit":"","camera":"","caption":"","created_timestamp":"0","copyright":"","focal_length":"0","iso":"0","shutter_speed":"0","title":"","orientation":"1","keywords":[]}},"post":17339,"source_url":"https:\/\/blog.tmgrupoinmobiliario.com\/sv\/wp-content\/uploads\/sites\/6\/2023\/10\/Villas-II-Mar-de-Pulpi-destacada.jpg"},"acf":{"imagen_destacada_desktop":"https:\/\/blog.tmgrupoinmobiliario.com\/sv\/wp-content\/uploads\/sites\/6\/2023\/10\/Villas-II-Mar-de-Pulpi-1920x870-1.jpg","imagen_destacada_mobile":"https:\/\/blog.tmgrupoinmobiliario.com\/sv\/wp-content\/uploads\/sites\/6\/2023\/10\/Villas-II-Mar-de-Pulpi-540.jpg","formato":{"term_id":484,"name":"Blog","slug":"blog","term_group":0,"term_taxonomy_id":484,"taxonomy":"formato","description":"","parent":0,"count":74,"filter":"raw"},"entradilla":"Nu \u00e4r bost\u00e4derna i Las Villas II de Mar de Pulp\u00ed till salu. Parhus i andalusisk Medelhavsstil, perfekta f\u00f6r ett avslappnat liv 400 meter fr\u00e5n stranden. Bostadsomr\u00e5det best\u00e5r av tio parhus med tv\u00e5 eller tre sovrum och tv\u00e5 badrum. Dessutom har de stor tomt med m\u00f6jlighet till egen pool.","etiquetas":"","cabecera_escritorio":"https:\/\/blog.tmgrupoinmobiliario.com\/sv\/wp-content\/uploads\/sites\/6\/2023\/10\/Villas-II-Mar-de-Pulpi-1200x300-1.jpg","cabecera_mobile":"https:\/\/blog.tmgrupoinmobiliario.com\/sv\/wp-content\/uploads\/sites\/6\/2023\/10\/Villas-II-Mar-de-Pulpi-768.jpg","galeria":false},"yoast_head":"<!-- This site is optimized with the Yoast SEO Premium plugin v23.6 (Yoast SEO v27.5) - https:\/\/yoast.com\/product\/yoast-seo-premium-wordpress\/ -->\n<title>Njut av Medelhavslivet i Las Villas II de Mar de Pulp\u00ed - Svenska<\/title>\n<meta name=\"description\" content=\"Nu \u00e4r bost\u00e4derna i Las Villas II de Mar de Pulp\u00ed till salu. Parhus i andalusisk Medelhavsstil, perfekta f\u00f6r ett avslappnat liv 400 meter fr\u00e5n stranden. Bostadsomr\u00e5det best\u00e5r av tio parhus med tv\u00e5 eller tre sovrum och tv\u00e5 badrum.\" \/>\n<meta name=\"robots\" content=\"index, follow, max-snippet:-1, max-image-preview:large, max-video-preview:-1\" \/>\n<link rel=\"canonical\" href=\"https:\/\/blog.tmgrupoinmobiliario.com\/sv\/2023\/10\/05\/njut-av-medelhavslivet-i-las-villas-ii-de-mar-de-pulpi\/\" \/>\n<meta property=\"og:locale\" content=\"sv_SE\" \/>\n<meta property=\"og:type\" content=\"article\" \/>\n<meta property=\"og:title\" content=\"Njut av Medelhavslivet i Las Villas II de Mar de Pulp\u00ed\" \/>\n<meta property=\"og:description\" content=\"Nu \u00e4r bost\u00e4derna i Las Villas II de Mar de Pulp\u00ed till salu. Parhus i andalusisk Medelhavsstil, perfekta f\u00f6r ett avslappnat liv 400 meter fr\u00e5n stranden. Bostadsomr\u00e5det best\u00e5r av tio parhus med tv\u00e5 eller tre sovrum och tv\u00e5 badrum.\" \/>\n<meta property=\"og:url\" content=\"https:\/\/blog.tmgrupoinmobiliario.com\/sv\/2023\/10\/05\/njut-av-medelhavslivet-i-las-villas-ii-de-mar-de-pulpi\/\" \/>\n<meta property=\"og:site_name\" content=\"Svenska\" \/>\n<meta property=\"article:published_time\" content=\"2023-10-05T10:07:32+00:00\" \/>\n<meta property=\"article:modified_time\" content=\"2024-05-13T08:59:05+00:00\" \/>\n<meta property=\"og:image\" content=\"https:\/\/blog.tmgrupoinmobiliario.com\/sv\/wp-content\/uploads\/sites\/6\/2023\/10\/Villas-II-Mar-de-Pulpi-destacada.jpg\" \/>\n\t<meta property=\"og:image:width\" content=\"1000\" \/>\n\t<meta property=\"og:image:height\" content=\"666\" \/>\n\t<meta property=\"og:image:type\" content=\"image\/jpeg\" \/>\n<meta name=\"author\" content=\"indira\" \/>\n<meta name=\"twitter:card\" content=\"summary_large_image\" \/>\n<meta name=\"twitter:label1\" content=\"Skriven av\" \/>\n\t<meta name=\"twitter:data1\" content=\"indira\" \/>\n\t<meta name=\"twitter:label2\" content=\"Ber\u00e4knad l\u00e4stid\" \/>\n\t<meta name=\"twitter:data2\" content=\"3 minuter\" \/>\n<script type=\"application\/ld+json\" class=\"yoast-schema-graph\">{\"@context\":\"https:\\\/\\\/schema.org\",\"@graph\":[{\"@type\":\"Article\",\"@id\":\"https:\\\/\\\/blog.tmgrupoinmobiliario.com\\\/sv\\\/2023\\\/10\\\/05\\\/njut-av-medelhavslivet-i-las-villas-ii-de-mar-de-pulpi\\\/#article\",\"isPartOf\":{\"@id\":\"https:\\\/\\\/blog.tmgrupoinmobiliario.com\\\/sv\\\/2023\\\/10\\\/05\\\/njut-av-medelhavslivet-i-las-villas-ii-de-mar-de-pulpi\\\/\"},\"author\":{\"name\":\"indira\",\"@id\":\"https:\\\/\\\/blog.tmgrupoinmobiliario.com\\\/sv\\\/#\\\/schema\\\/person\\\/bbbac745abadad64177a5ee6a73cbf7c\"},\"headline\":\"Njut av Medelhavslivet i Las Villas II de Mar de Pulp\u00ed\",\"datePublished\":\"2023-10-05T10:07:32+00:00\",\"dateModified\":\"2024-05-13T08:59:05+00:00\",\"mainEntityOfPage\":{\"@id\":\"https:\\\/\\\/blog.tmgrupoinmobiliario.com\\\/sv\\\/2023\\\/10\\\/05\\\/njut-av-medelhavslivet-i-las-villas-ii-de-mar-de-pulpi\\\/\"},\"wordCount\":592,\"commentCount\":0,\"image\":{\"@id\":\"https:\\\/\\\/blog.tmgrupoinmobiliario.com\\\/sv\\\/2023\\\/10\\\/05\\\/njut-av-medelhavslivet-i-las-villas-ii-de-mar-de-pulpi\\\/#primaryimage\"},\"thumbnailUrl\":\"https:\\\/\\\/blog.tmgrupoinmobiliario.com\\\/sv\\\/wp-content\\\/uploads\\\/sites\\\/6\\\/2023\\\/10\\\/Villas-II-Mar-de-Pulpi-destacada.jpg\",\"keywords\":[\"Las Villas II de Mar de Pulp\u00ed\",\"Mar de Pulpi\"],\"articleSection\":[\"Ditt nya hem\"],\"inLanguage\":\"sv-SE\",\"potentialAction\":[{\"@type\":\"CommentAction\",\"name\":\"Comment\",\"target\":[\"https:\\\/\\\/blog.tmgrupoinmobiliario.com\\\/sv\\\/2023\\\/10\\\/05\\\/njut-av-medelhavslivet-i-las-villas-ii-de-mar-de-pulpi\\\/#respond\"]}]},{\"@type\":\"WebPage\",\"@id\":\"https:\\\/\\\/blog.tmgrupoinmobiliario.com\\\/sv\\\/2023\\\/10\\\/05\\\/njut-av-medelhavslivet-i-las-villas-ii-de-mar-de-pulpi\\\/\",\"url\":\"https:\\\/\\\/blog.tmgrupoinmobiliario.com\\\/sv\\\/2023\\\/10\\\/05\\\/njut-av-medelhavslivet-i-las-villas-ii-de-mar-de-pulpi\\\/\",\"name\":\"Njut av Medelhavslivet i Las Villas II de Mar de Pulp\u00ed - Svenska\",\"isPartOf\":{\"@id\":\"https:\\\/\\\/blog.tmgrupoinmobiliario.com\\\/sv\\\/#website\"},\"primaryImageOfPage\":{\"@id\":\"https:\\\/\\\/blog.tmgrupoinmobiliario.com\\\/sv\\\/2023\\\/10\\\/05\\\/njut-av-medelhavslivet-i-las-villas-ii-de-mar-de-pulpi\\\/#primaryimage\"},\"image\":{\"@id\":\"https:\\\/\\\/blog.tmgrupoinmobiliario.com\\\/sv\\\/2023\\\/10\\\/05\\\/njut-av-medelhavslivet-i-las-villas-ii-de-mar-de-pulpi\\\/#primaryimage\"},\"thumbnailUrl\":\"https:\\\/\\\/blog.tmgrupoinmobiliario.com\\\/sv\\\/wp-content\\\/uploads\\\/sites\\\/6\\\/2023\\\/10\\\/Villas-II-Mar-de-Pulpi-destacada.jpg\",\"datePublished\":\"2023-10-05T10:07:32+00:00\",\"dateModified\":\"2024-05-13T08:59:05+00:00\",\"author\":{\"@id\":\"https:\\\/\\\/blog.tmgrupoinmobiliario.com\\\/sv\\\/#\\\/schema\\\/person\\\/bbbac745abadad64177a5ee6a73cbf7c\"},\"description\":\"Nu \u00e4r bost\u00e4derna i Las Villas II de Mar de Pulp\u00ed till salu. Parhus i andalusisk Medelhavsstil, perfekta f\u00f6r ett avslappnat liv 400 meter fr\u00e5n stranden. Bostadsomr\u00e5det best\u00e5r av tio parhus med tv\u00e5 eller tre sovrum och tv\u00e5 badrum.\",\"breadcrumb\":{\"@id\":\"https:\\\/\\\/blog.tmgrupoinmobiliario.com\\\/sv\\\/2023\\\/10\\\/05\\\/njut-av-medelhavslivet-i-las-villas-ii-de-mar-de-pulpi\\\/#breadcrumb\"},\"inLanguage\":\"sv-SE\",\"potentialAction\":[{\"@type\":\"ReadAction\",\"target\":[\"https:\\\/\\\/blog.tmgrupoinmobiliario.com\\\/sv\\\/2023\\\/10\\\/05\\\/njut-av-medelhavslivet-i-las-villas-ii-de-mar-de-pulpi\\\/\"]}]},{\"@type\":\"ImageObject\",\"inLanguage\":\"sv-SE\",\"@id\":\"https:\\\/\\\/blog.tmgrupoinmobiliario.com\\\/sv\\\/2023\\\/10\\\/05\\\/njut-av-medelhavslivet-i-las-villas-ii-de-mar-de-pulpi\\\/#primaryimage\",\"url\":\"https:\\\/\\\/blog.tmgrupoinmobiliario.com\\\/sv\\\/wp-content\\\/uploads\\\/sites\\\/6\\\/2023\\\/10\\\/Villas-II-Mar-de-Pulpi-destacada.jpg\",\"contentUrl\":\"https:\\\/\\\/blog.tmgrupoinmobiliario.com\\\/sv\\\/wp-content\\\/uploads\\\/sites\\\/6\\\/2023\\\/10\\\/Villas-II-Mar-de-Pulpi-destacada.jpg\",\"width\":1000,\"height\":666,\"caption\":\"Villas II Mar de Pulp\u00ed destacada\"},{\"@type\":\"BreadcrumbList\",\"@id\":\"https:\\\/\\\/blog.tmgrupoinmobiliario.com\\\/sv\\\/2023\\\/10\\\/05\\\/njut-av-medelhavslivet-i-las-villas-ii-de-mar-de-pulpi\\\/#breadcrumb\",\"itemListElement\":[{\"@type\":\"ListItem\",\"position\":1,\"name\":\"Portada\",\"item\":\"https:\\\/\\\/blog.tmgrupoinmobiliario.com\\\/sv\\\/\"},{\"@type\":\"ListItem\",\"position\":2,\"name\":\"Njut av Medelhavslivet i Las Villas II de Mar de Pulp\u00ed\"}]},{\"@type\":\"WebSite\",\"@id\":\"https:\\\/\\\/blog.tmgrupoinmobiliario.com\\\/sv\\\/#website\",\"url\":\"https:\\\/\\\/blog.tmgrupoinmobiliario.com\\\/sv\\\/\",\"name\":\"Svenska\",\"description\":\"Otro sitio m\u00e1s de Blog Desarrollo TM sitios\",\"potentialAction\":[{\"@type\":\"SearchAction\",\"target\":{\"@type\":\"EntryPoint\",\"urlTemplate\":\"https:\\\/\\\/blog.tmgrupoinmobiliario.com\\\/sv\\\/?s={search_term_string}\"},\"query-input\":{\"@type\":\"PropertyValueSpecification\",\"valueRequired\":true,\"valueName\":\"search_term_string\"}}],\"inLanguage\":\"sv-SE\"},{\"@type\":\"Person\",\"@id\":\"https:\\\/\\\/blog.tmgrupoinmobiliario.com\\\/sv\\\/#\\\/schema\\\/person\\\/bbbac745abadad64177a5ee6a73cbf7c\",\"name\":\"indira\",\"image\":{\"@type\":\"ImageObject\",\"inLanguage\":\"sv-SE\",\"@id\":\"https:\\\/\\\/secure.gravatar.com\\\/avatar\\\/e9bcc7a0bb2179240c56a1875899ce9a1dfa15d5b7527f71259eaee6010d7203?s=96&d=mm&r=g\",\"url\":\"https:\\\/\\\/secure.gravatar.com\\\/avatar\\\/e9bcc7a0bb2179240c56a1875899ce9a1dfa15d5b7527f71259eaee6010d7203?s=96&d=mm&r=g\",\"contentUrl\":\"https:\\\/\\\/secure.gravatar.com\\\/avatar\\\/e9bcc7a0bb2179240c56a1875899ce9a1dfa15d5b7527f71259eaee6010d7203?s=96&d=mm&r=g\",\"caption\":\"indira\"},\"url\":\"https:\\\/\\\/blog.tmgrupoinmobiliario.com\\\/sv\\\/author\\\/indira\\\/\"}]}<\/script>\n<!-- \/ Yoast SEO Premium plugin. -->","yoast_head_json":{"title":"Njut av Medelhavslivet i Las Villas II de Mar de Pulp\u00ed - Svenska","description":"Nu \u00e4r bost\u00e4derna i Las Villas II de Mar de Pulp\u00ed till salu. Parhus i andalusisk Medelhavsstil, perfekta f\u00f6r ett avslappnat liv 400 meter fr\u00e5n stranden. Bostadsomr\u00e5det best\u00e5r av tio parhus med tv\u00e5 eller tre sovrum och tv\u00e5 badrum.","robots":{"index":"index","follow":"follow","max-snippet":"max-snippet:-1","max-image-preview":"max-image-preview:large","max-video-preview":"max-video-preview:-1"},"canonical":"https:\/\/blog.tmgrupoinmobiliario.com\/sv\/2023\/10\/05\/njut-av-medelhavslivet-i-las-villas-ii-de-mar-de-pulpi\/","og_locale":"sv_SE","og_type":"article","og_title":"Njut av Medelhavslivet i Las Villas II de Mar de Pulp\u00ed","og_description":"Nu \u00e4r bost\u00e4derna i Las Villas II de Mar de Pulp\u00ed till salu. Parhus i andalusisk Medelhavsstil, perfekta f\u00f6r ett avslappnat liv 400 meter fr\u00e5n stranden. Bostadsomr\u00e5det best\u00e5r av tio parhus med tv\u00e5 eller tre sovrum och tv\u00e5 badrum.","og_url":"https:\/\/blog.tmgrupoinmobiliario.com\/sv\/2023\/10\/05\/njut-av-medelhavslivet-i-las-villas-ii-de-mar-de-pulpi\/","og_site_name":"Svenska","article_published_time":"2023-10-05T10:07:32+00:00","article_modified_time":"2024-05-13T08:59:05+00:00","og_image":[{"width":1000,"height":666,"url":"https:\/\/blog.tmgrupoinmobiliario.com\/sv\/wp-content\/uploads\/sites\/6\/2023\/10\/Villas-II-Mar-de-Pulpi-destacada.jpg","type":"image\/jpeg"}],"author":"indira","twitter_card":"summary_large_image","twitter_misc":{"Skriven av":"indira","Ber\u00e4knad l\u00e4stid":"3 minuter"},"schema":{"@context":"https:\/\/schema.org","@graph":[{"@type":"Article","@id":"https:\/\/blog.tmgrupoinmobiliario.com\/sv\/2023\/10\/05\/njut-av-medelhavslivet-i-las-villas-ii-de-mar-de-pulpi\/#article","isPartOf":{"@id":"https:\/\/blog.tmgrupoinmobiliario.com\/sv\/2023\/10\/05\/njut-av-medelhavslivet-i-las-villas-ii-de-mar-de-pulpi\/"},"author":{"name":"indira","@id":"https:\/\/blog.tmgrupoinmobiliario.com\/sv\/#\/schema\/person\/bbbac745abadad64177a5ee6a73cbf7c"},"headline":"Njut av Medelhavslivet i Las Villas II de Mar de Pulp\u00ed","datePublished":"2023-10-05T10:07:32+00:00","dateModified":"2024-05-13T08:59:05+00:00","mainEntityOfPage":{"@id":"https:\/\/blog.tmgrupoinmobiliario.com\/sv\/2023\/10\/05\/njut-av-medelhavslivet-i-las-villas-ii-de-mar-de-pulpi\/"},"wordCount":592,"commentCount":0,"image":{"@id":"https:\/\/blog.tmgrupoinmobiliario.com\/sv\/2023\/10\/05\/njut-av-medelhavslivet-i-las-villas-ii-de-mar-de-pulpi\/#primaryimage"},"thumbnailUrl":"https:\/\/blog.tmgrupoinmobiliario.com\/sv\/wp-content\/uploads\/sites\/6\/2023\/10\/Villas-II-Mar-de-Pulpi-destacada.jpg","keywords":["Las Villas II de Mar de Pulp\u00ed","Mar de Pulpi"],"articleSection":["Ditt nya hem"],"inLanguage":"sv-SE","potentialAction":[{"@type":"CommentAction","name":"Comment","target":["https:\/\/blog.tmgrupoinmobiliario.com\/sv\/2023\/10\/05\/njut-av-medelhavslivet-i-las-villas-ii-de-mar-de-pulpi\/#respond"]}]},{"@type":"WebPage","@id":"https:\/\/blog.tmgrupoinmobiliario.com\/sv\/2023\/10\/05\/njut-av-medelhavslivet-i-las-villas-ii-de-mar-de-pulpi\/","url":"https:\/\/blog.tmgrupoinmobiliario.com\/sv\/2023\/10\/05\/njut-av-medelhavslivet-i-las-villas-ii-de-mar-de-pulpi\/","name":"Njut av Medelhavslivet i Las Villas II de Mar de Pulp\u00ed - Svenska","isPartOf":{"@id":"https:\/\/blog.tmgrupoinmobiliario.com\/sv\/#website"},"primaryImageOfPage":{"@id":"https:\/\/blog.tmgrupoinmobiliario.com\/sv\/2023\/10\/05\/njut-av-medelhavslivet-i-las-villas-ii-de-mar-de-pulpi\/#primaryimage"},"image":{"@id":"https:\/\/blog.tmgrupoinmobiliario.com\/sv\/2023\/10\/05\/njut-av-medelhavslivet-i-las-villas-ii-de-mar-de-pulpi\/#primaryimage"},"thumbnailUrl":"https:\/\/blog.tmgrupoinmobiliario.com\/sv\/wp-content\/uploads\/sites\/6\/2023\/10\/Villas-II-Mar-de-Pulpi-destacada.jpg","datePublished":"2023-10-05T10:07:32+00:00","dateModified":"2024-05-13T08:59:05+00:00","author":{"@id":"https:\/\/blog.tmgrupoinmobiliario.com\/sv\/#\/schema\/person\/bbbac745abadad64177a5ee6a73cbf7c"},"description":"Nu \u00e4r bost\u00e4derna i Las Villas II de Mar de Pulp\u00ed till salu. Parhus i andalusisk Medelhavsstil, perfekta f\u00f6r ett avslappnat liv 400 meter fr\u00e5n stranden. Bostadsomr\u00e5det best\u00e5r av tio parhus med tv\u00e5 eller tre sovrum och tv\u00e5 badrum.","breadcrumb":{"@id":"https:\/\/blog.tmgrupoinmobiliario.com\/sv\/2023\/10\/05\/njut-av-medelhavslivet-i-las-villas-ii-de-mar-de-pulpi\/#breadcrumb"},"inLanguage":"sv-SE","potentialAction":[{"@type":"ReadAction","target":["https:\/\/blog.tmgrupoinmobiliario.com\/sv\/2023\/10\/05\/njut-av-medelhavslivet-i-las-villas-ii-de-mar-de-pulpi\/"]}]},{"@type":"ImageObject","inLanguage":"sv-SE","@id":"https:\/\/blog.tmgrupoinmobiliario.com\/sv\/2023\/10\/05\/njut-av-medelhavslivet-i-las-villas-ii-de-mar-de-pulpi\/#primaryimage","url":"https:\/\/blog.tmgrupoinmobiliario.com\/sv\/wp-content\/uploads\/sites\/6\/2023\/10\/Villas-II-Mar-de-Pulpi-destacada.jpg","contentUrl":"https:\/\/blog.tmgrupoinmobiliario.com\/sv\/wp-content\/uploads\/sites\/6\/2023\/10\/Villas-II-Mar-de-Pulpi-destacada.jpg","width":1000,"height":666,"caption":"Villas II Mar de Pulp\u00ed destacada"},{"@type":"BreadcrumbList","@id":"https:\/\/blog.tmgrupoinmobiliario.com\/sv\/2023\/10\/05\/njut-av-medelhavslivet-i-las-villas-ii-de-mar-de-pulpi\/#breadcrumb","itemListElement":[{"@type":"ListItem","position":1,"name":"Portada","item":"https:\/\/blog.tmgrupoinmobiliario.com\/sv\/"},{"@type":"ListItem","position":2,"name":"Njut av Medelhavslivet i Las Villas II de Mar de Pulp\u00ed"}]},{"@type":"WebSite","@id":"https:\/\/blog.tmgrupoinmobiliario.com\/sv\/#website","url":"https:\/\/blog.tmgrupoinmobiliario.com\/sv\/","name":"Svenska","description":"Otro sitio m\u00e1s de Blog Desarrollo TM sitios","potentialAction":[{"@type":"SearchAction","target":{"@type":"EntryPoint","urlTemplate":"https:\/\/blog.tmgrupoinmobiliario.com\/sv\/?s={search_term_string}"},"query-input":{"@type":"PropertyValueSpecification","valueRequired":true,"valueName":"search_term_string"}}],"inLanguage":"sv-SE"},{"@type":"Person","@id":"https:\/\/blog.tmgrupoinmobiliario.com\/sv\/#\/schema\/person\/bbbac745abadad64177a5ee6a73cbf7c","name":"indira","image":{"@type":"ImageObject","inLanguage":"sv-SE","@id":"https:\/\/secure.gravatar.com\/avatar\/e9bcc7a0bb2179240c56a1875899ce9a1dfa15d5b7527f71259eaee6010d7203?s=96&d=mm&r=g","url":"https:\/\/secure.gravatar.com\/avatar\/e9bcc7a0bb2179240c56a1875899ce9a1dfa15d5b7527f71259eaee6010d7203?s=96&d=mm&r=g","contentUrl":"https:\/\/secure.gravatar.com\/avatar\/e9bcc7a0bb2179240c56a1875899ce9a1dfa15d5b7527f71259eaee6010d7203?s=96&d=mm&r=g","caption":"indira"},"url":"https:\/\/blog.tmgrupoinmobiliario.com\/sv\/author\/indira\/"}]}},"jetpack_featured_media_url":"https:\/\/blog.tmgrupoinmobiliario.com\/sv\/wp-content\/uploads\/sites\/6\/2023\/10\/Villas-II-Mar-de-Pulpi-destacada.jpg","jetpack_sharing_enabled":true,"_links":{"self":[{"href":"https:\/\/blog.tmgrupoinmobiliario.com\/sv\/wp-json\/wp\/v2\/posts\/17339","targetHints":{"allow":["GET"]}}],"collection":[{"href":"https:\/\/blog.tmgrupoinmobiliario.com\/sv\/wp-json\/wp\/v2\/posts"}],"about":[{"href":"https:\/\/blog.tmgrupoinmobiliario.com\/sv\/wp-json\/wp\/v2\/types\/post"}],"author":[{"embeddable":true,"href":"https:\/\/blog.tmgrupoinmobiliario.com\/sv\/wp-json\/wp\/v2\/users\/11729"}],"replies":[{"embeddable":true,"href":"https:\/\/blog.tmgrupoinmobiliario.com\/sv\/wp-json\/wp\/v2\/comments?post=17339"}],"version-history":[{"count":3,"href":"https:\/\/blog.tmgrupoinmobiliario.com\/sv\/wp-json\/wp\/v2\/posts\/17339\/revisions"}],"predecessor-version":[{"id":17347,"href":"https:\/\/blog.tmgrupoinmobiliario.com\/sv\/wp-json\/wp\/v2\/posts\/17339\/revisions\/17347"}],"wp:featuredmedia":[{"embeddable":true,"href":"https:\/\/blog.tmgrupoinmobiliario.com\/sv\/wp-json\/wp\/v2\/media\/17340"}],"wp:attachment":[{"href":"https:\/\/blog.tmgrupoinmobiliario.com\/sv\/wp-json\/wp\/v2\/media?parent=17339"}],"wp:term":[{"taxonomy":"category","embeddable":true,"href":"https:\/\/blog.tmgrupoinmobiliario.com\/sv\/wp-json\/wp\/v2\/categories?post=17339"},{"taxonomy":"post_tag","embeddable":true,"href":"https:\/\/blog.tmgrupoinmobiliario.com\/sv\/wp-json\/wp\/v2\/tags?post=17339"}],"curies":[{"name":"wp","href":"https:\/\/api.w.org\/{rel}","templated":true}]}}