{"id":17329,"date":"2023-10-04T13:11:15","date_gmt":"2023-10-04T11:11:15","guid":{"rendered":"https:\/\/blog.tmgrupoinmobiliario.com\/sv\/?p=17329"},"modified":"2023-10-04T13:11:15","modified_gmt":"2023-10-04T11:11:15","slug":"tm-real-estate-group-utokar-sin-hotellverksamhet-i-riviera-maya-med-det-nya-projektet-the-beachfront-by-the-fives-hotels","status":"publish","type":"post","link":"https:\/\/blog.tmgrupoinmobiliario.com\/sv\/2023\/10\/04\/tm-real-estate-group-utokar-sin-hotellverksamhet-i-riviera-maya-med-det-nya-projektet-the-beachfront-by-the-fives-hotels\/","title":{"rendered":"TM Real Estate Group ut\u00f6kar sin hotellverksamhet i Riviera Maya med det nya projektet The Beachfront by The Fives Hotels"},"content":{"rendered":"<p>&nbsp;<\/p>\n<p><a href=\"https:\/\/www.thefiveshotels.com\/\"><strong>The Fives Hotels &amp; Residences<\/strong>,<\/a> hotellavdelningen hos <a href=\"https:\/\/www.tmgrupoinmobiliario.com\/sv\"><strong>TM Real Estate Group<\/strong><\/a> som \u00e4r ett ledande holdingbolag fr\u00e5n Alicante inom bostadsturism, hotell och h\u00e5llbar semesteruthyrning p\u00e5 Medelhavskusten och i Karibien, ut\u00f6kar sin verksamhet i Riviera Maya med <strong>The<\/strong> <strong>Beachfront by The Fives Hotels, ett exklusivt boutiquehotell f\u00f6r vuxna i Riviera Maya.<\/strong><\/p>\n<p>Lyxhotellet ligger i Xcalacoco (Playa del Carmen) och den \u00e4r planerad att invigas fr\u00e5n v\u00e5ren 2024. Det inrymmer 50 strandsviter med panoramahavsutsikt som l\u00e5ter g\u00e4ster njuta av en paradismilj\u00f6, en privat strandklubb och f\u00f6rstklassiga tj\u00e4nster och bekv\u00e4mligheter.<\/p>\n<p>Det nya hotellet ut\u00f6kar The Fives som redan erbjuder 1\u00a0000 hotellrum. Detta inkluderar The Fives Beach Hotel &amp; Residences och The Fives Downtown Hotel &amp; Residences vid Playa del Carmen samt The Fives Oceanfront i Puerto Morelos. Projektet blir allts\u00e5 en del av den prestigefyllda hotellverksamheten The Fives, som erbjuder en unik stil av sensorisk g\u00e4stfrihet.<\/p>\n<p>Detta \u00e4r tack vare konceptet &#8220;all senses inclusive&#8221; som baseras p\u00e5 varum\u00e4rkets fem utm\u00e4rkande grundpelare: All Senses Hospitality, Residence-style Suites, Fives Ambassadors, Culinary Experience och Fun and Wellness.<\/p>\n<p>&nbsp;<\/p>\n<p><img loading=\"lazy\" decoding=\"async\" class=\"aligncenter wp-image-23158 size-large\" src=\"https:\/\/www.tmgrupoinmobiliario.com\/blog\/wp-content\/uploads\/2023\/10\/The-Beachfront-by-The-Fives-Hotels_5-1024x683.jpg\" alt=\"\" width=\"1024\" height=\"683\" \/><\/p>\n<p>&nbsp;<\/p>\n<p><span style=\"color: #ff0000\"><strong>25\u00a0% av koncernens oms\u00e4ttning<\/strong><\/span><\/p>\n<p>TM Real Estate Groups hotellverksamhet i Mexiko, som g\u00e5r under namnet The Fives Hotels &amp; Residences, avslutade f\u00f6rra \u00e5ret med en rekordoms\u00e4ttning p\u00e5 65 miljoner euro, vilket \u00e4r 44\u00a0% mer \u00e4n \u00e5r 2021. F\u00f6r n\u00e4rvarande st\u00e5r hotellverksamheten f\u00f6r 25\u00a0% av koncernen totala oms\u00e4ttning.<\/p>\n<p>&#8220;<em>Vi \u00e4r mycket glada \u00f6ver att kunna presentera The Beachfront by The Fives Hotels f\u00f6r alla v\u00e5ra intressenter. Detta nya boutiquehotell \u00e4r ytterligare ett steg i v\u00e5r str\u00e4van att erbjuda v\u00e5ra g\u00e4ster en unik sensorisk upplevelse och lyxig g\u00e4stfrihet i Riviera Maya<\/em>&#8220;, s\u00e4ger <strong>Joaqu\u00edn Serna, vd f\u00f6r fastighets- och hotellutvecklingen i Mexiko.<\/strong><\/p>\n","protected":false},"excerpt":{"rendered":"<p>&nbsp; The Fives Hotels &amp; Residences, hotellavdelningen hos TM Real Estate Group som \u00e4r ett ledande holdingbolag fr\u00e5n Alicante inom bostadsturism, hotell och h\u00e5llbar semesteruthyrning p\u00e5 Medelhavskusten och i Karibien, ut\u00f6kar sin verksamhet i Riviera Maya med The Beachfront by The Fives Hotels, ett exklusivt boutiquehotell f\u00f6r vuxna i Riviera Maya. Lyxhotellet ligger i Xcalacoco [&hellip;]<\/p>\n","protected":false},"author":11716,"featured_media":17336,"comment_status":"open","ping_status":"open","sticky":false,"template":"","format":"standard","meta":{"_jetpack_memberships_contains_paid_content":false,"footnotes":""},"categories":[21,11],"tags":[399,405],"class_list":["post-17329","post","type-post","status-publish","format-standard","has-post-thumbnail","hentry","category-actualidad-tm","category-corporativo","tag-tag-all","tag-tag-compromise-en-2","formato-comunicacion"],"better_featured_image":{"id":17336,"alt_text":"","caption":"","description":"","media_type":"image","media_details":{"width":1000,"height":666,"file":"2023\/10\/10_03-The-fives-100x666-111.png","filesize":1325070,"sizes":{"medium":{"file":"10_03-The-fives-100x666-111-300x200.png","width":300,"height":200,"mime-type":"image\/png","filesize":120784,"source_url":"https:\/\/blog.tmgrupoinmobiliario.com\/sv\/wp-content\/uploads\/sites\/6\/2023\/10\/10_03-The-fives-100x666-111-300x200.png"},"thumbnail":{"file":"10_03-The-fives-100x666-111-150x150.png","width":150,"height":150,"mime-type":"image\/png","filesize":46915,"source_url":"https:\/\/blog.tmgrupoinmobiliario.com\/sv\/wp-content\/uploads\/sites\/6\/2023\/10\/10_03-The-fives-100x666-111-150x150.png"},"medium_large":{"file":"10_03-The-fives-100x666-111-768x511.png","width":768,"height":511,"mime-type":"image\/png","filesize":743879,"source_url":"https:\/\/blog.tmgrupoinmobiliario.com\/sv\/wp-content\/uploads\/sites\/6\/2023\/10\/10_03-The-fives-100x666-111-768x511.png"}},"image_meta":{"aperture":"0","credit":"","camera":"","caption":"","created_timestamp":"0","copyright":"","focal_length":"0","iso":"0","shutter_speed":"0","title":"","orientation":"0","keywords":[]}},"post":17329,"source_url":"https:\/\/blog.tmgrupoinmobiliario.com\/sv\/wp-content\/uploads\/sites\/6\/2023\/10\/10_03-The-fives-100x666-111.png"},"acf":{"imagen_destacada_desktop":"https:\/\/blog.tmgrupoinmobiliario.com\/sv\/wp-content\/uploads\/sites\/6\/2023\/09\/10_03-The-fives-1920x870-11.png","imagen_destacada_mobile":"https:\/\/blog.tmgrupoinmobiliario.com\/sv\/wp-content\/uploads\/sites\/6\/2023\/09\/10_03-The-fives-540x540-11.png","formato":{"term_id":17,"name":"Comunicaci\u00f3n","slug":"comunicacion","term_group":0,"term_taxonomy_id":17,"taxonomy":"formato","description":"","parent":0,"count":60,"filter":"raw"},"entradilla":"Det Alicante-baserade holdingbolagets hotellverksamhet i Mexiko, som g\u00e5r under namnet The Fives Hotels &amp; Residences, st\u00e5r i dag f\u00f6r 25 % av koncernens oms\u00e4ttning.","etiquetas":"","cabecera_escritorio":"https:\/\/blog.tmgrupoinmobiliario.com\/sv\/wp-content\/uploads\/sites\/6\/2023\/10\/10_03-The-fives-1200x300-111.png","cabecera_mobile":"https:\/\/blog.tmgrupoinmobiliario.com\/sv\/wp-content\/uploads\/sites\/6\/2023\/10\/10_03-The-fives-768x768-131.png","galeria":false},"yoast_head":"<!-- This site is optimized with the Yoast SEO Premium plugin v23.6 (Yoast SEO v27.5) - https:\/\/yoast.com\/product\/yoast-seo-premium-wordpress\/ -->\n<title>TM Real Estate Group ut\u00f6kar sin hotellverksamhet i Riviera Maya med det nya projektet The Beachfront by The Fives Hotels - Svenska<\/title>\n<meta name=\"robots\" content=\"index, follow, max-snippet:-1, max-image-preview:large, max-video-preview:-1\" \/>\n<link rel=\"canonical\" href=\"https:\/\/blog.tmgrupoinmobiliario.com\/sv\/2023\/10\/04\/tm-real-estate-group-utokar-sin-hotellverksamhet-i-riviera-maya-med-det-nya-projektet-the-beachfront-by-the-fives-hotels\/\" \/>\n<meta property=\"og:locale\" content=\"sv_SE\" \/>\n<meta property=\"og:type\" content=\"article\" \/>\n<meta property=\"og:title\" content=\"TM Real Estate Group ut\u00f6kar sin hotellverksamhet i Riviera Maya med det nya projektet The Beachfront by The Fives Hotels\" \/>\n<meta property=\"og:description\" content=\"&nbsp; The Fives Hotels &amp; Residences, hotellavdelningen hos TM Real Estate Group som \u00e4r ett ledande holdingbolag fr\u00e5n Alicante inom bostadsturism, hotell och h\u00e5llbar semesteruthyrning p\u00e5 Medelhavskusten och i Karibien, ut\u00f6kar sin verksamhet i Riviera Maya med The Beachfront by The Fives Hotels, ett exklusivt boutiquehotell f\u00f6r vuxna i Riviera Maya. Lyxhotellet ligger i Xcalacoco [&hellip;]\" \/>\n<meta property=\"og:url\" content=\"https:\/\/blog.tmgrupoinmobiliario.com\/sv\/2023\/10\/04\/tm-real-estate-group-utokar-sin-hotellverksamhet-i-riviera-maya-med-det-nya-projektet-the-beachfront-by-the-fives-hotels\/\" \/>\n<meta property=\"og:site_name\" content=\"Svenska\" \/>\n<meta property=\"article:published_time\" content=\"2023-10-04T11:11:15+00:00\" \/>\n<meta property=\"og:image\" content=\"https:\/\/blog.tmgrupoinmobiliario.com\/sv\/wp-content\/uploads\/sites\/6\/2023\/10\/10_03-The-fives-100x666-111.png\" \/>\n\t<meta property=\"og:image:width\" content=\"1000\" \/>\n\t<meta property=\"og:image:height\" content=\"666\" \/>\n\t<meta property=\"og:image:type\" content=\"image\/png\" \/>\n<meta name=\"author\" content=\"marina\" \/>\n<meta name=\"twitter:card\" content=\"summary_large_image\" \/>\n<meta name=\"twitter:label1\" content=\"Skriven av\" \/>\n\t<meta name=\"twitter:data1\" content=\"marina\" \/>\n\t<meta name=\"twitter:label2\" content=\"Ber\u00e4knad l\u00e4stid\" \/>\n\t<meta name=\"twitter:data2\" content=\"2 minuter\" \/>\n<script type=\"application\/ld+json\" class=\"yoast-schema-graph\">{\"@context\":\"https:\\\/\\\/schema.org\",\"@graph\":[{\"@type\":\"Article\",\"@id\":\"https:\\\/\\\/blog.tmgrupoinmobiliario.com\\\/sv\\\/2023\\\/10\\\/04\\\/tm-real-estate-group-utokar-sin-hotellverksamhet-i-riviera-maya-med-det-nya-projektet-the-beachfront-by-the-fives-hotels\\\/#article\",\"isPartOf\":{\"@id\":\"https:\\\/\\\/blog.tmgrupoinmobiliario.com\\\/sv\\\/2023\\\/10\\\/04\\\/tm-real-estate-group-utokar-sin-hotellverksamhet-i-riviera-maya-med-det-nya-projektet-the-beachfront-by-the-fives-hotels\\\/\"},\"author\":{\"name\":\"marina\",\"@id\":\"https:\\\/\\\/blog.tmgrupoinmobiliario.com\\\/sv\\\/#\\\/schema\\\/person\\\/788477479d35e623ab75c2fb194e7730\"},\"headline\":\"TM Real Estate Group ut\u00f6kar sin hotellverksamhet i Riviera Maya med det nya projektet The Beachfront by The Fives Hotels\",\"datePublished\":\"2023-10-04T11:11:15+00:00\",\"mainEntityOfPage\":{\"@id\":\"https:\\\/\\\/blog.tmgrupoinmobiliario.com\\\/sv\\\/2023\\\/10\\\/04\\\/tm-real-estate-group-utokar-sin-hotellverksamhet-i-riviera-maya-med-det-nya-projektet-the-beachfront-by-the-fives-hotels\\\/\"},\"wordCount\":320,\"commentCount\":0,\"image\":{\"@id\":\"https:\\\/\\\/blog.tmgrupoinmobiliario.com\\\/sv\\\/2023\\\/10\\\/04\\\/tm-real-estate-group-utokar-sin-hotellverksamhet-i-riviera-maya-med-det-nya-projektet-the-beachfront-by-the-fives-hotels\\\/#primaryimage\"},\"thumbnailUrl\":\"https:\\\/\\\/blog.tmgrupoinmobiliario.com\\\/sv\\\/wp-content\\\/uploads\\\/sites\\\/6\\\/2023\\\/10\\\/10_03-The-fives-100x666-111.png\",\"keywords\":[\"tag-all\",\"tag-compromise\"],\"articleSection\":[\"Actualidad TM\",\"Corporativo\"],\"inLanguage\":\"sv-SE\",\"potentialAction\":[{\"@type\":\"CommentAction\",\"name\":\"Comment\",\"target\":[\"https:\\\/\\\/blog.tmgrupoinmobiliario.com\\\/sv\\\/2023\\\/10\\\/04\\\/tm-real-estate-group-utokar-sin-hotellverksamhet-i-riviera-maya-med-det-nya-projektet-the-beachfront-by-the-fives-hotels\\\/#respond\"]}]},{\"@type\":\"WebPage\",\"@id\":\"https:\\\/\\\/blog.tmgrupoinmobiliario.com\\\/sv\\\/2023\\\/10\\\/04\\\/tm-real-estate-group-utokar-sin-hotellverksamhet-i-riviera-maya-med-det-nya-projektet-the-beachfront-by-the-fives-hotels\\\/\",\"url\":\"https:\\\/\\\/blog.tmgrupoinmobiliario.com\\\/sv\\\/2023\\\/10\\\/04\\\/tm-real-estate-group-utokar-sin-hotellverksamhet-i-riviera-maya-med-det-nya-projektet-the-beachfront-by-the-fives-hotels\\\/\",\"name\":\"TM Real Estate Group ut\u00f6kar sin hotellverksamhet i Riviera Maya med det nya projektet The Beachfront by The Fives Hotels - Svenska\",\"isPartOf\":{\"@id\":\"https:\\\/\\\/blog.tmgrupoinmobiliario.com\\\/sv\\\/#website\"},\"primaryImageOfPage\":{\"@id\":\"https:\\\/\\\/blog.tmgrupoinmobiliario.com\\\/sv\\\/2023\\\/10\\\/04\\\/tm-real-estate-group-utokar-sin-hotellverksamhet-i-riviera-maya-med-det-nya-projektet-the-beachfront-by-the-fives-hotels\\\/#primaryimage\"},\"image\":{\"@id\":\"https:\\\/\\\/blog.tmgrupoinmobiliario.com\\\/sv\\\/2023\\\/10\\\/04\\\/tm-real-estate-group-utokar-sin-hotellverksamhet-i-riviera-maya-med-det-nya-projektet-the-beachfront-by-the-fives-hotels\\\/#primaryimage\"},\"thumbnailUrl\":\"https:\\\/\\\/blog.tmgrupoinmobiliario.com\\\/sv\\\/wp-content\\\/uploads\\\/sites\\\/6\\\/2023\\\/10\\\/10_03-The-fives-100x666-111.png\",\"datePublished\":\"2023-10-04T11:11:15+00:00\",\"author\":{\"@id\":\"https:\\\/\\\/blog.tmgrupoinmobiliario.com\\\/sv\\\/#\\\/schema\\\/person\\\/788477479d35e623ab75c2fb194e7730\"},\"breadcrumb\":{\"@id\":\"https:\\\/\\\/blog.tmgrupoinmobiliario.com\\\/sv\\\/2023\\\/10\\\/04\\\/tm-real-estate-group-utokar-sin-hotellverksamhet-i-riviera-maya-med-det-nya-projektet-the-beachfront-by-the-fives-hotels\\\/#breadcrumb\"},\"inLanguage\":\"sv-SE\",\"potentialAction\":[{\"@type\":\"ReadAction\",\"target\":[\"https:\\\/\\\/blog.tmgrupoinmobiliario.com\\\/sv\\\/2023\\\/10\\\/04\\\/tm-real-estate-group-utokar-sin-hotellverksamhet-i-riviera-maya-med-det-nya-projektet-the-beachfront-by-the-fives-hotels\\\/\"]}]},{\"@type\":\"ImageObject\",\"inLanguage\":\"sv-SE\",\"@id\":\"https:\\\/\\\/blog.tmgrupoinmobiliario.com\\\/sv\\\/2023\\\/10\\\/04\\\/tm-real-estate-group-utokar-sin-hotellverksamhet-i-riviera-maya-med-det-nya-projektet-the-beachfront-by-the-fives-hotels\\\/#primaryimage\",\"url\":\"https:\\\/\\\/blog.tmgrupoinmobiliario.com\\\/sv\\\/wp-content\\\/uploads\\\/sites\\\/6\\\/2023\\\/10\\\/10_03-The-fives-100x666-111.png\",\"contentUrl\":\"https:\\\/\\\/blog.tmgrupoinmobiliario.com\\\/sv\\\/wp-content\\\/uploads\\\/sites\\\/6\\\/2023\\\/10\\\/10_03-The-fives-100x666-111.png\",\"width\":1000,\"height\":666},{\"@type\":\"BreadcrumbList\",\"@id\":\"https:\\\/\\\/blog.tmgrupoinmobiliario.com\\\/sv\\\/2023\\\/10\\\/04\\\/tm-real-estate-group-utokar-sin-hotellverksamhet-i-riviera-maya-med-det-nya-projektet-the-beachfront-by-the-fives-hotels\\\/#breadcrumb\",\"itemListElement\":[{\"@type\":\"ListItem\",\"position\":1,\"name\":\"Portada\",\"item\":\"https:\\\/\\\/blog.tmgrupoinmobiliario.com\\\/sv\\\/\"},{\"@type\":\"ListItem\",\"position\":2,\"name\":\"TM Real Estate Group ut\u00f6kar sin hotellverksamhet i Riviera Maya med det nya projektet The Beachfront by The Fives Hotels\"}]},{\"@type\":\"WebSite\",\"@id\":\"https:\\\/\\\/blog.tmgrupoinmobiliario.com\\\/sv\\\/#website\",\"url\":\"https:\\\/\\\/blog.tmgrupoinmobiliario.com\\\/sv\\\/\",\"name\":\"Svenska\",\"description\":\"Otro sitio m\u00e1s de Blog Desarrollo TM sitios\",\"potentialAction\":[{\"@type\":\"SearchAction\",\"target\":{\"@type\":\"EntryPoint\",\"urlTemplate\":\"https:\\\/\\\/blog.tmgrupoinmobiliario.com\\\/sv\\\/?s={search_term_string}\"},\"query-input\":{\"@type\":\"PropertyValueSpecification\",\"valueRequired\":true,\"valueName\":\"search_term_string\"}}],\"inLanguage\":\"sv-SE\"},{\"@type\":\"Person\",\"@id\":\"https:\\\/\\\/blog.tmgrupoinmobiliario.com\\\/sv\\\/#\\\/schema\\\/person\\\/788477479d35e623ab75c2fb194e7730\",\"name\":\"marina\",\"image\":{\"@type\":\"ImageObject\",\"inLanguage\":\"sv-SE\",\"@id\":\"https:\\\/\\\/secure.gravatar.com\\\/avatar\\\/34480839eb5b1bb235efe5be1b7e49218e07e314c17d1fb9ba5183ac5c2c64f3?s=96&d=mm&r=g\",\"url\":\"https:\\\/\\\/secure.gravatar.com\\\/avatar\\\/34480839eb5b1bb235efe5be1b7e49218e07e314c17d1fb9ba5183ac5c2c64f3?s=96&d=mm&r=g\",\"contentUrl\":\"https:\\\/\\\/secure.gravatar.com\\\/avatar\\\/34480839eb5b1bb235efe5be1b7e49218e07e314c17d1fb9ba5183ac5c2c64f3?s=96&d=mm&r=g\",\"caption\":\"marina\"},\"url\":\"https:\\\/\\\/blog.tmgrupoinmobiliario.com\\\/sv\\\/author\\\/marina\\\/\"}]}<\/script>\n<!-- \/ Yoast SEO Premium plugin. -->","yoast_head_json":{"title":"TM Real Estate Group ut\u00f6kar sin hotellverksamhet i Riviera Maya med det nya projektet The Beachfront by The Fives Hotels - Svenska","robots":{"index":"index","follow":"follow","max-snippet":"max-snippet:-1","max-image-preview":"max-image-preview:large","max-video-preview":"max-video-preview:-1"},"canonical":"https:\/\/blog.tmgrupoinmobiliario.com\/sv\/2023\/10\/04\/tm-real-estate-group-utokar-sin-hotellverksamhet-i-riviera-maya-med-det-nya-projektet-the-beachfront-by-the-fives-hotels\/","og_locale":"sv_SE","og_type":"article","og_title":"TM Real Estate Group ut\u00f6kar sin hotellverksamhet i Riviera Maya med det nya projektet The Beachfront by The Fives Hotels","og_description":"&nbsp; The Fives Hotels &amp; Residences, hotellavdelningen hos TM Real Estate Group som \u00e4r ett ledande holdingbolag fr\u00e5n Alicante inom bostadsturism, hotell och h\u00e5llbar semesteruthyrning p\u00e5 Medelhavskusten och i Karibien, ut\u00f6kar sin verksamhet i Riviera Maya med The Beachfront by The Fives Hotels, ett exklusivt boutiquehotell f\u00f6r vuxna i Riviera Maya. Lyxhotellet ligger i Xcalacoco [&hellip;]","og_url":"https:\/\/blog.tmgrupoinmobiliario.com\/sv\/2023\/10\/04\/tm-real-estate-group-utokar-sin-hotellverksamhet-i-riviera-maya-med-det-nya-projektet-the-beachfront-by-the-fives-hotels\/","og_site_name":"Svenska","article_published_time":"2023-10-04T11:11:15+00:00","og_image":[{"width":1000,"height":666,"url":"https:\/\/blog.tmgrupoinmobiliario.com\/sv\/wp-content\/uploads\/sites\/6\/2023\/10\/10_03-The-fives-100x666-111.png","type":"image\/png"}],"author":"marina","twitter_card":"summary_large_image","twitter_misc":{"Skriven av":"marina","Ber\u00e4knad l\u00e4stid":"2 minuter"},"schema":{"@context":"https:\/\/schema.org","@graph":[{"@type":"Article","@id":"https:\/\/blog.tmgrupoinmobiliario.com\/sv\/2023\/10\/04\/tm-real-estate-group-utokar-sin-hotellverksamhet-i-riviera-maya-med-det-nya-projektet-the-beachfront-by-the-fives-hotels\/#article","isPartOf":{"@id":"https:\/\/blog.tmgrupoinmobiliario.com\/sv\/2023\/10\/04\/tm-real-estate-group-utokar-sin-hotellverksamhet-i-riviera-maya-med-det-nya-projektet-the-beachfront-by-the-fives-hotels\/"},"author":{"name":"marina","@id":"https:\/\/blog.tmgrupoinmobiliario.com\/sv\/#\/schema\/person\/788477479d35e623ab75c2fb194e7730"},"headline":"TM Real Estate Group ut\u00f6kar sin hotellverksamhet i Riviera Maya med det nya projektet The Beachfront by The Fives Hotels","datePublished":"2023-10-04T11:11:15+00:00","mainEntityOfPage":{"@id":"https:\/\/blog.tmgrupoinmobiliario.com\/sv\/2023\/10\/04\/tm-real-estate-group-utokar-sin-hotellverksamhet-i-riviera-maya-med-det-nya-projektet-the-beachfront-by-the-fives-hotels\/"},"wordCount":320,"commentCount":0,"image":{"@id":"https:\/\/blog.tmgrupoinmobiliario.com\/sv\/2023\/10\/04\/tm-real-estate-group-utokar-sin-hotellverksamhet-i-riviera-maya-med-det-nya-projektet-the-beachfront-by-the-fives-hotels\/#primaryimage"},"thumbnailUrl":"https:\/\/blog.tmgrupoinmobiliario.com\/sv\/wp-content\/uploads\/sites\/6\/2023\/10\/10_03-The-fives-100x666-111.png","keywords":["tag-all","tag-compromise"],"articleSection":["Actualidad TM","Corporativo"],"inLanguage":"sv-SE","potentialAction":[{"@type":"CommentAction","name":"Comment","target":["https:\/\/blog.tmgrupoinmobiliario.com\/sv\/2023\/10\/04\/tm-real-estate-group-utokar-sin-hotellverksamhet-i-riviera-maya-med-det-nya-projektet-the-beachfront-by-the-fives-hotels\/#respond"]}]},{"@type":"WebPage","@id":"https:\/\/blog.tmgrupoinmobiliario.com\/sv\/2023\/10\/04\/tm-real-estate-group-utokar-sin-hotellverksamhet-i-riviera-maya-med-det-nya-projektet-the-beachfront-by-the-fives-hotels\/","url":"https:\/\/blog.tmgrupoinmobiliario.com\/sv\/2023\/10\/04\/tm-real-estate-group-utokar-sin-hotellverksamhet-i-riviera-maya-med-det-nya-projektet-the-beachfront-by-the-fives-hotels\/","name":"TM Real Estate Group ut\u00f6kar sin hotellverksamhet i Riviera Maya med det nya projektet The Beachfront by The Fives Hotels - Svenska","isPartOf":{"@id":"https:\/\/blog.tmgrupoinmobiliario.com\/sv\/#website"},"primaryImageOfPage":{"@id":"https:\/\/blog.tmgrupoinmobiliario.com\/sv\/2023\/10\/04\/tm-real-estate-group-utokar-sin-hotellverksamhet-i-riviera-maya-med-det-nya-projektet-the-beachfront-by-the-fives-hotels\/#primaryimage"},"image":{"@id":"https:\/\/blog.tmgrupoinmobiliario.com\/sv\/2023\/10\/04\/tm-real-estate-group-utokar-sin-hotellverksamhet-i-riviera-maya-med-det-nya-projektet-the-beachfront-by-the-fives-hotels\/#primaryimage"},"thumbnailUrl":"https:\/\/blog.tmgrupoinmobiliario.com\/sv\/wp-content\/uploads\/sites\/6\/2023\/10\/10_03-The-fives-100x666-111.png","datePublished":"2023-10-04T11:11:15+00:00","author":{"@id":"https:\/\/blog.tmgrupoinmobiliario.com\/sv\/#\/schema\/person\/788477479d35e623ab75c2fb194e7730"},"breadcrumb":{"@id":"https:\/\/blog.tmgrupoinmobiliario.com\/sv\/2023\/10\/04\/tm-real-estate-group-utokar-sin-hotellverksamhet-i-riviera-maya-med-det-nya-projektet-the-beachfront-by-the-fives-hotels\/#breadcrumb"},"inLanguage":"sv-SE","potentialAction":[{"@type":"ReadAction","target":["https:\/\/blog.tmgrupoinmobiliario.com\/sv\/2023\/10\/04\/tm-real-estate-group-utokar-sin-hotellverksamhet-i-riviera-maya-med-det-nya-projektet-the-beachfront-by-the-fives-hotels\/"]}]},{"@type":"ImageObject","inLanguage":"sv-SE","@id":"https:\/\/blog.tmgrupoinmobiliario.com\/sv\/2023\/10\/04\/tm-real-estate-group-utokar-sin-hotellverksamhet-i-riviera-maya-med-det-nya-projektet-the-beachfront-by-the-fives-hotels\/#primaryimage","url":"https:\/\/blog.tmgrupoinmobiliario.com\/sv\/wp-content\/uploads\/sites\/6\/2023\/10\/10_03-The-fives-100x666-111.png","contentUrl":"https:\/\/blog.tmgrupoinmobiliario.com\/sv\/wp-content\/uploads\/sites\/6\/2023\/10\/10_03-The-fives-100x666-111.png","width":1000,"height":666},{"@type":"BreadcrumbList","@id":"https:\/\/blog.tmgrupoinmobiliario.com\/sv\/2023\/10\/04\/tm-real-estate-group-utokar-sin-hotellverksamhet-i-riviera-maya-med-det-nya-projektet-the-beachfront-by-the-fives-hotels\/#breadcrumb","itemListElement":[{"@type":"ListItem","position":1,"name":"Portada","item":"https:\/\/blog.tmgrupoinmobiliario.com\/sv\/"},{"@type":"ListItem","position":2,"name":"TM Real Estate Group ut\u00f6kar sin hotellverksamhet i Riviera Maya med det nya projektet The Beachfront by The Fives Hotels"}]},{"@type":"WebSite","@id":"https:\/\/blog.tmgrupoinmobiliario.com\/sv\/#website","url":"https:\/\/blog.tmgrupoinmobiliario.com\/sv\/","name":"Svenska","description":"Otro sitio m\u00e1s de Blog Desarrollo TM sitios","potentialAction":[{"@type":"SearchAction","target":{"@type":"EntryPoint","urlTemplate":"https:\/\/blog.tmgrupoinmobiliario.com\/sv\/?s={search_term_string}"},"query-input":{"@type":"PropertyValueSpecification","valueRequired":true,"valueName":"search_term_string"}}],"inLanguage":"sv-SE"},{"@type":"Person","@id":"https:\/\/blog.tmgrupoinmobiliario.com\/sv\/#\/schema\/person\/788477479d35e623ab75c2fb194e7730","name":"marina","image":{"@type":"ImageObject","inLanguage":"sv-SE","@id":"https:\/\/secure.gravatar.com\/avatar\/34480839eb5b1bb235efe5be1b7e49218e07e314c17d1fb9ba5183ac5c2c64f3?s=96&d=mm&r=g","url":"https:\/\/secure.gravatar.com\/avatar\/34480839eb5b1bb235efe5be1b7e49218e07e314c17d1fb9ba5183ac5c2c64f3?s=96&d=mm&r=g","contentUrl":"https:\/\/secure.gravatar.com\/avatar\/34480839eb5b1bb235efe5be1b7e49218e07e314c17d1fb9ba5183ac5c2c64f3?s=96&d=mm&r=g","caption":"marina"},"url":"https:\/\/blog.tmgrupoinmobiliario.com\/sv\/author\/marina\/"}]}},"jetpack_featured_media_url":"https:\/\/blog.tmgrupoinmobiliario.com\/sv\/wp-content\/uploads\/sites\/6\/2023\/10\/10_03-The-fives-100x666-111.png","jetpack_sharing_enabled":true,"_links":{"self":[{"href":"https:\/\/blog.tmgrupoinmobiliario.com\/sv\/wp-json\/wp\/v2\/posts\/17329","targetHints":{"allow":["GET"]}}],"collection":[{"href":"https:\/\/blog.tmgrupoinmobiliario.com\/sv\/wp-json\/wp\/v2\/posts"}],"about":[{"href":"https:\/\/blog.tmgrupoinmobiliario.com\/sv\/wp-json\/wp\/v2\/types\/post"}],"author":[{"embeddable":true,"href":"https:\/\/blog.tmgrupoinmobiliario.com\/sv\/wp-json\/wp\/v2\/users\/11716"}],"replies":[{"embeddable":true,"href":"https:\/\/blog.tmgrupoinmobiliario.com\/sv\/wp-json\/wp\/v2\/comments?post=17329"}],"version-history":[{"count":2,"href":"https:\/\/blog.tmgrupoinmobiliario.com\/sv\/wp-json\/wp\/v2\/posts\/17329\/revisions"}],"predecessor-version":[{"id":17337,"href":"https:\/\/blog.tmgrupoinmobiliario.com\/sv\/wp-json\/wp\/v2\/posts\/17329\/revisions\/17337"}],"wp:featuredmedia":[{"embeddable":true,"href":"https:\/\/blog.tmgrupoinmobiliario.com\/sv\/wp-json\/wp\/v2\/media\/17336"}],"wp:attachment":[{"href":"https:\/\/blog.tmgrupoinmobiliario.com\/sv\/wp-json\/wp\/v2\/media?parent=17329"}],"wp:term":[{"taxonomy":"category","embeddable":true,"href":"https:\/\/blog.tmgrupoinmobiliario.com\/sv\/wp-json\/wp\/v2\/categories?post=17329"},{"taxonomy":"post_tag","embeddable":true,"href":"https:\/\/blog.tmgrupoinmobiliario.com\/sv\/wp-json\/wp\/v2\/tags?post=17329"}],"curies":[{"name":"wp","href":"https:\/\/api.w.org\/{rel}","templated":true}]}}