{"id":17291,"date":"2023-08-22T16:01:42","date_gmt":"2023-08-22T14:01:42","guid":{"rendered":"https:\/\/blog.tmgrupoinmobiliario.com\/sv\/?p=17291"},"modified":"2023-08-22T16:01:42","modified_gmt":"2023-08-22T14:01:42","slug":"tio-oslagbara-strander-och-vikar-du-maste-besoka-pa-mallorca","status":"publish","type":"post","link":"https:\/\/blog.tmgrupoinmobiliario.com\/sv\/2023\/08\/22\/tio-oslagbara-strander-och-vikar-du-maste-besoka-pa-mallorca\/","title":{"rendered":"Tio oslagbara str\u00e4nder och vikar du m\u00e5ste bes\u00f6ka p\u00e5 Mallorca"},"content":{"rendered":"<p><strong>\u00a0<\/strong><\/p>\n<p>Mallorca \u00e4r en \u00f6 med \u00f6ver 500 kilometer kustlinje. Det \u00e4r allts\u00e5 inte s\u00e5 konstigt att det finns o\u00e4ndligt med str\u00e4nder och vikar att uppt\u00e4cka h\u00e4r. H\u00e4r \u00e4r v\u00e5rt urval av tio av dessa som du bara m\u00e5ste bes\u00f6ka.<\/p>\n<h4><span style=\"color: #ff0000\"><strong>Playa Alcudia<\/strong><\/span><\/h4>\n<p>Det h\u00e4r \u00e4r en av de l\u00e4ngsta och b\u00e4sta str\u00e4nderna p\u00e5 Mallorca. Med sitt grunda, kristallklara vatten och vita sand \u00e4r Playa Alcudia perfekt f\u00f6r en heldag med familjen, att ta barnen till och njuta av sol och bad. H\u00e4r finns \u00e4ven en sm\u00e5b\u00e5tshamn med ett stort serviceutbud och en l\u00e5ng promenadstr\u00e4cka som \u00e4r perfekt f\u00f6r familjen.<\/p>\n<h4><span style=\"color: #ff0000\"><strong>Playa de Es Trenc<\/strong><\/span><\/h4>\n<p>Detta \u00e4r en av de b\u00e4sta och k\u00e4ndaste str\u00e4nderna p\u00e5 Mallorca. Stranden \u00e4r \u00f6ver tv\u00e5 kilometer l\u00e5ng och ramas in av pinjetr\u00e4d, dyner, berg och saltgruvor som f\u00f6rtrollar alla bes\u00f6kare. Den ligger i naturomr\u00e5det Es Salobrar, ett skyddat omr\u00e5de p\u00e5 cirka 1\u00a0500 hektar som \u00e4r ett av de vackraste p\u00e5 Mallorca. Dessutom ligger v\u00e5rt bostadsomr\u00e5de Es Mol\u00ed d&#8217;Es Trenc 300 meter fr\u00e5n Es Trenc-stranden.<\/p>\n<h4><span style=\"color: #ff0000\"><strong>Cala Mondrag\u00f3<\/strong><\/span><\/h4>\n<p>Cala Mondrag\u00f3 \u00e4r en av de vackraste vikarna p\u00e5 Mallorca. Den ligger i hj\u00e4rtat av naturreservatet Mondrag\u00f3, mycket n\u00e4ra vikarna S&#8217;Amarador och Es Burgit. Den \u00e4r omringad av klippor, pinjetr\u00e4d och gr\u00f6nska. Det grunda, kristallklara vattnet g\u00f6r viken perfekt f\u00f6r bad. Den \u00e4r en av lokalbefolkningens favoriter!<\/p>\n<h4><span style=\"color: #ff0000\"><strong>Cala d\u2019Or<\/strong><\/span><\/h4>\n<p>P\u00e5 Mallorcas sydkust ligger Cala d&#8217;Or som \u00e4r k\u00e4nd som guldviken. Den \u00e4r perfekt f\u00f6r familjer och b\u00e5t\u00e4lskare. I bakgrunden ligger sm\u00e5 vita hus intill vacker natur och det turkosbl\u00e5 Medelhavet. V\u00e5rt bostadsomr\u00e5de Pinars de Murada R-12 ligger mycket n\u00e4ra denna vik och \u00e4ven andra s\u00e5som Cala Murada, Cales de Mallorca, Cala Mend\u00eda\u00a0\u2026<\/p>\n<h4><span style=\"color: #ff0000\"><strong>Cal\u00f3 des Moro<\/strong><\/span><\/h4>\n<p>Mellan tv\u00e5 gigantiska klippor hittar du denna vik. Den skulle lika g\u00e4rna kunna vara en swimmingpool tack vare sitt kristallklara och turkosbl\u00e5 vatten. Viken \u00e4r bara 30 meter l\u00e5ng och \u00e4r en av de b\u00e4sta, mest eftertraktade och vackraste p\u00e5 \u00f6n. Bli en av de f\u00f6rsta som bes\u00f6ker denna avskilda vik, vars utsikt \u00f6ver klipporna kommer att g\u00f6ra dig m\u00e5ll\u00f6s. Ta ett dopp i den otroliga milj\u00f6n!<\/p>\n<h4><span style=\"color: #ff0000\"><strong>Cala s\u2019Almunia<\/strong><\/span><\/h4>\n<p>Det h\u00e4r \u00e4r en mycket vacker vik som ligger i en historisk fiskeby med vita hus runt en liten brygga. \u00c4ven denna \u00e4r en av de viktigaste vikarna att bes\u00f6ka n\u00e4r du \u00e5ker till Mallorca. Vid detta kristallklara, spektakul\u00e4ra vatten beh\u00f6ver du hitta en plats p\u00e5 en sl\u00e4t sten, d\u00e5 det inte finns s\u00e5 mycket sand i denna vik som omringas av klippor och pinjetr\u00e4d.<\/p>\n<h4><span style=\"color: #ff0000\"><strong>Playa de Formentor<\/strong><\/span><\/h4>\n<p>Det h\u00e4r \u00e4r en av de vackraste str\u00e4nderna p\u00e5 Mallorca och den ligger p\u00e5 en av de mest dolda och or\u00f6rda platserna p\u00e5 norra delen av \u00f6n. Det stilla och kristallklara vattnet g\u00f6r den till en mycket fridfull strand. H\u00e4r har du \u00e4ven utsikt \u00f6ver en holme och dess vik, Cala Formentor. Vi rekommenderar starkt att \u00e5ka till fyren Faro de Formentor och njuta av utsikten \u00f6ver naturomgivningen och havet.<\/p>\n<h4><span style=\"color: #ff0000\"><strong>Playa de Muro<\/strong><\/span><\/h4>\n<p>Denna \u00f6ver fem kilometer l\u00e5nga strand och familjefavorit har ett stort n\u00f6jes- och fritidsutbud. Vattnet \u00e4r grunt och klart, perfekt f\u00f6r bad f\u00f6r de sm\u00e5 barnen. I omr\u00e5det finns alla m\u00f6jliga typer av restauranger d\u00e4r du kan njuta av den lokala maten och hotell intill stranden. Den magnifika stranden ligger n\u00e5gra kilometer fr\u00e5n v\u00e5rt bostadsomr\u00e5de Sant Pere Collection by TM.<\/p>\n<h4><span style=\"color: #ff0000\"><strong>Cala de Sa Calobra<\/strong><\/span><\/h4>\n<p>I hj\u00e4rtat av Sierra de Tramuntana, mellan tv\u00e5 200 meter h\u00f6ga klippor, hittar du viken Sa Calobra. Det \u00e4r sv\u00e5rt, men inte om\u00f6jligt, att ta sig till viken. Du kan n\u00e5 den med b\u00e5t eller med bil via en slingrande v\u00e4g. Det spektakul\u00e4ra landskapet som omger viken kommer att g\u00f6ra dig m\u00e5ll\u00f6s. Det unika l\u00e4get och de sm\u00e5 stenarna intill det turkosbl\u00e5 vattnet g\u00f6r den unik p\u00e5 Mallorca.<\/p>\n<h4><span style=\"color: #ff0000\"><strong>Cala Mitjana<\/strong><\/span><\/h4>\n<p>Denna lilla vik med vit sand och turkosbl\u00e5tt, kristallklart vatten \u00e4r omsluten av klippor och gr\u00f6nska i en idyllisk milj\u00f6. Den ligger i Felantix och att ta sig hit \u00e4r inte helt l\u00e4tt. F\u00f6r att n\u00e5 viken beh\u00f6ver du parkera en kilometer bort och promenera resten av v\u00e4gen. Men resan l\u00f6nar sig. Vattnet och naturmilj\u00f6n \u00e4r en dr\u00f6m f\u00f6r dem som \u00e4lskar havet.<\/p>\n","protected":false},"excerpt":{"rendered":"<p>\u00a0 Mallorca \u00e4r en \u00f6 med \u00f6ver 500 kilometer kustlinje. Det \u00e4r allts\u00e5 inte s\u00e5 konstigt att det finns o\u00e4ndligt med str\u00e4nder och vikar att uppt\u00e4cka h\u00e4r. H\u00e4r \u00e4r v\u00e5rt urval av tio av dessa som du bara m\u00e5ste bes\u00f6ka. Playa Alcudia Det h\u00e4r \u00e4r en av de l\u00e4ngsta och b\u00e4sta str\u00e4nderna p\u00e5 Mallorca. Med [&hellip;]<\/p>\n","protected":false},"author":11729,"featured_media":17292,"comment_status":"open","ping_status":"open","sticky":false,"template":"","format":"standard","meta":{"_jetpack_memberships_contains_paid_content":false,"footnotes":""},"categories":[488],"tags":[516,437,517],"class_list":["post-17291","post","type-post","status-publish","format-standard","has-post-thumbnail","hentry","category-livsstil","tag-strander-mallorca","tag-tm-real-estate-group-en","tag-vikar-mallorca","formato-blog"],"better_featured_image":{"id":17292,"alt_text":"Tio oslagbara str\u00e4nder och vikar du m\u00e5ste bes\u00f6ka p\u00e5 Mallorca","caption":"","description":"","media_type":"image","media_details":{"width":1000,"height":666,"file":"2023\/08\/Playas-y-calas-Mallorca-destacada.jpg","filesize":235614,"sizes":{"medium":{"file":"Playas-y-calas-Mallorca-destacada-300x200.jpg","width":300,"height":200,"mime-type":"image\/jpeg","filesize":22984,"source_url":"https:\/\/blog.tmgrupoinmobiliario.com\/sv\/wp-content\/uploads\/sites\/6\/2023\/08\/Playas-y-calas-Mallorca-destacada-300x200.jpg"},"thumbnail":{"file":"Playas-y-calas-Mallorca-destacada-150x150.jpg","width":150,"height":150,"mime-type":"image\/jpeg","filesize":9683,"source_url":"https:\/\/blog.tmgrupoinmobiliario.com\/sv\/wp-content\/uploads\/sites\/6\/2023\/08\/Playas-y-calas-Mallorca-destacada-150x150.jpg"},"medium_large":{"file":"Playas-y-calas-Mallorca-destacada-768x511.jpg","width":768,"height":511,"mime-type":"image\/jpeg","filesize":128337,"source_url":"https:\/\/blog.tmgrupoinmobiliario.com\/sv\/wp-content\/uploads\/sites\/6\/2023\/08\/Playas-y-calas-Mallorca-destacada-768x511.jpg"}},"image_meta":{"aperture":"0","credit":"","camera":"","caption":"","created_timestamp":"0","copyright":"","focal_length":"0","iso":"0","shutter_speed":"0","title":"","orientation":"1","keywords":[]}},"post":17291,"source_url":"https:\/\/blog.tmgrupoinmobiliario.com\/sv\/wp-content\/uploads\/sites\/6\/2023\/08\/Playas-y-calas-Mallorca-destacada.jpg"},"acf":{"imagen_destacada_desktop":"https:\/\/blog.tmgrupoinmobiliario.com\/sv\/wp-content\/uploads\/sites\/6\/2023\/08\/Playas-y-calas-Mallorca-1920x870-1.jpg","imagen_destacada_mobile":"https:\/\/blog.tmgrupoinmobiliario.com\/sv\/wp-content\/uploads\/sites\/6\/2023\/08\/Playas-y-calas-Mallorca-540.jpg","formato":{"term_id":484,"name":"Blog","slug":"blog","term_group":0,"term_taxonomy_id":484,"taxonomy":"formato","description":"","parent":0,"count":74,"filter":"raw"},"entradilla":"Mallorca \u00e4r v\u00e4rldsber\u00f6mt f\u00f6r sina str\u00e4nder och vikar med kristallklart vatten och sina dr\u00f6mlika klipplandskap med pinjetr\u00e4d i bakgrunden. H\u00e4r tar vi upp de b\u00e4sta str\u00e4nderna och vikarna som du bara m\u00e5ste bes\u00f6ka n\u00e4r du \u00e5ker till Mallorca.","etiquetas":"","cabecera_escritorio":"https:\/\/blog.tmgrupoinmobiliario.com\/sv\/wp-content\/uploads\/sites\/6\/2023\/08\/Playas-y-calas-Mallorca-1200x300-1.jpg","cabecera_mobile":"https:\/\/blog.tmgrupoinmobiliario.com\/sv\/wp-content\/uploads\/sites\/6\/2023\/08\/Playas-y-calas-Mallorca-768.jpg","galeria":false},"yoast_head":"<!-- This site is optimized with the Yoast SEO Premium plugin v23.6 (Yoast SEO v27.5) - https:\/\/yoast.com\/product\/yoast-seo-premium-wordpress\/ -->\n<title>Tio oslagbara str\u00e4nder och vikar du m\u00e5ste bes\u00f6ka p\u00e5 Mallorca - Svenska<\/title>\n<meta name=\"description\" content=\"Mallorca \u00e4r v\u00e4rldsber\u00f6mt f\u00f6r sina str\u00e4nder och vikar med kristallklart vatten och sina dr\u00f6mlika klipplandskap med pinjetr\u00e4d i bakgrunden. H\u00e4r tar vi upp de b\u00e4sta str\u00e4nderna och vikarna som du bara m\u00e5ste bes\u00f6ka n\u00e4r du \u00e5ker till Mallorca.\" \/>\n<meta name=\"robots\" content=\"index, follow, max-snippet:-1, max-image-preview:large, max-video-preview:-1\" \/>\n<link rel=\"canonical\" href=\"https:\/\/blog.tmgrupoinmobiliario.com\/sv\/2023\/08\/22\/tio-oslagbara-strander-och-vikar-du-maste-besoka-pa-mallorca\/\" \/>\n<meta property=\"og:locale\" content=\"sv_SE\" \/>\n<meta property=\"og:type\" content=\"article\" \/>\n<meta property=\"og:title\" content=\"Tio oslagbara str\u00e4nder och vikar du m\u00e5ste bes\u00f6ka p\u00e5 Mallorca\" \/>\n<meta property=\"og:description\" content=\"Mallorca \u00e4r v\u00e4rldsber\u00f6mt f\u00f6r sina str\u00e4nder och vikar med kristallklart vatten och sina dr\u00f6mlika klipplandskap med pinjetr\u00e4d i bakgrunden. H\u00e4r tar vi upp de b\u00e4sta str\u00e4nderna och vikarna som du bara m\u00e5ste bes\u00f6ka n\u00e4r du \u00e5ker till Mallorca.\" \/>\n<meta property=\"og:url\" content=\"https:\/\/blog.tmgrupoinmobiliario.com\/sv\/2023\/08\/22\/tio-oslagbara-strander-och-vikar-du-maste-besoka-pa-mallorca\/\" \/>\n<meta property=\"og:site_name\" content=\"Svenska\" \/>\n<meta property=\"article:published_time\" content=\"2023-08-22T14:01:42+00:00\" \/>\n<meta property=\"og:image\" content=\"https:\/\/blog.tmgrupoinmobiliario.com\/sv\/wp-content\/uploads\/sites\/6\/2023\/08\/Playas-y-calas-Mallorca-destacada.jpg\" \/>\n\t<meta property=\"og:image:width\" content=\"1000\" \/>\n\t<meta property=\"og:image:height\" content=\"666\" \/>\n\t<meta property=\"og:image:type\" content=\"image\/jpeg\" \/>\n<meta name=\"author\" content=\"indira\" \/>\n<meta name=\"twitter:card\" content=\"summary_large_image\" \/>\n<meta name=\"twitter:label1\" content=\"Skriven av\" \/>\n\t<meta name=\"twitter:data1\" content=\"indira\" \/>\n\t<meta name=\"twitter:label2\" content=\"Ber\u00e4knad l\u00e4stid\" \/>\n\t<meta name=\"twitter:data2\" content=\"4 minuter\" \/>\n<script type=\"application\/ld+json\" class=\"yoast-schema-graph\">{\"@context\":\"https:\\\/\\\/schema.org\",\"@graph\":[{\"@type\":\"Article\",\"@id\":\"https:\\\/\\\/blog.tmgrupoinmobiliario.com\\\/sv\\\/2023\\\/08\\\/22\\\/tio-oslagbara-strander-och-vikar-du-maste-besoka-pa-mallorca\\\/#article\",\"isPartOf\":{\"@id\":\"https:\\\/\\\/blog.tmgrupoinmobiliario.com\\\/sv\\\/2023\\\/08\\\/22\\\/tio-oslagbara-strander-och-vikar-du-maste-besoka-pa-mallorca\\\/\"},\"author\":{\"name\":\"indira\",\"@id\":\"https:\\\/\\\/blog.tmgrupoinmobiliario.com\\\/sv\\\/#\\\/schema\\\/person\\\/bbbac745abadad64177a5ee6a73cbf7c\"},\"headline\":\"Tio oslagbara str\u00e4nder och vikar du m\u00e5ste bes\u00f6ka p\u00e5 Mallorca\",\"datePublished\":\"2023-08-22T14:01:42+00:00\",\"mainEntityOfPage\":{\"@id\":\"https:\\\/\\\/blog.tmgrupoinmobiliario.com\\\/sv\\\/2023\\\/08\\\/22\\\/tio-oslagbara-strander-och-vikar-du-maste-besoka-pa-mallorca\\\/\"},\"wordCount\":792,\"commentCount\":0,\"image\":{\"@id\":\"https:\\\/\\\/blog.tmgrupoinmobiliario.com\\\/sv\\\/2023\\\/08\\\/22\\\/tio-oslagbara-strander-och-vikar-du-maste-besoka-pa-mallorca\\\/#primaryimage\"},\"thumbnailUrl\":\"https:\\\/\\\/blog.tmgrupoinmobiliario.com\\\/sv\\\/wp-content\\\/uploads\\\/sites\\\/6\\\/2023\\\/08\\\/Playas-y-calas-Mallorca-destacada.jpg\",\"keywords\":[\"str\u00e4nder Mallorca\",\"TM Real Estate Group\",\"vikar Mallorca\"],\"articleSection\":[\"Livsstil\"],\"inLanguage\":\"sv-SE\",\"potentialAction\":[{\"@type\":\"CommentAction\",\"name\":\"Comment\",\"target\":[\"https:\\\/\\\/blog.tmgrupoinmobiliario.com\\\/sv\\\/2023\\\/08\\\/22\\\/tio-oslagbara-strander-och-vikar-du-maste-besoka-pa-mallorca\\\/#respond\"]}]},{\"@type\":\"WebPage\",\"@id\":\"https:\\\/\\\/blog.tmgrupoinmobiliario.com\\\/sv\\\/2023\\\/08\\\/22\\\/tio-oslagbara-strander-och-vikar-du-maste-besoka-pa-mallorca\\\/\",\"url\":\"https:\\\/\\\/blog.tmgrupoinmobiliario.com\\\/sv\\\/2023\\\/08\\\/22\\\/tio-oslagbara-strander-och-vikar-du-maste-besoka-pa-mallorca\\\/\",\"name\":\"Tio oslagbara str\u00e4nder och vikar du m\u00e5ste bes\u00f6ka p\u00e5 Mallorca - Svenska\",\"isPartOf\":{\"@id\":\"https:\\\/\\\/blog.tmgrupoinmobiliario.com\\\/sv\\\/#website\"},\"primaryImageOfPage\":{\"@id\":\"https:\\\/\\\/blog.tmgrupoinmobiliario.com\\\/sv\\\/2023\\\/08\\\/22\\\/tio-oslagbara-strander-och-vikar-du-maste-besoka-pa-mallorca\\\/#primaryimage\"},\"image\":{\"@id\":\"https:\\\/\\\/blog.tmgrupoinmobiliario.com\\\/sv\\\/2023\\\/08\\\/22\\\/tio-oslagbara-strander-och-vikar-du-maste-besoka-pa-mallorca\\\/#primaryimage\"},\"thumbnailUrl\":\"https:\\\/\\\/blog.tmgrupoinmobiliario.com\\\/sv\\\/wp-content\\\/uploads\\\/sites\\\/6\\\/2023\\\/08\\\/Playas-y-calas-Mallorca-destacada.jpg\",\"datePublished\":\"2023-08-22T14:01:42+00:00\",\"author\":{\"@id\":\"https:\\\/\\\/blog.tmgrupoinmobiliario.com\\\/sv\\\/#\\\/schema\\\/person\\\/bbbac745abadad64177a5ee6a73cbf7c\"},\"description\":\"Mallorca \u00e4r v\u00e4rldsber\u00f6mt f\u00f6r sina str\u00e4nder och vikar med kristallklart vatten och sina dr\u00f6mlika klipplandskap med pinjetr\u00e4d i bakgrunden. H\u00e4r tar vi upp de b\u00e4sta str\u00e4nderna och vikarna som du bara m\u00e5ste bes\u00f6ka n\u00e4r du \u00e5ker till Mallorca.\",\"breadcrumb\":{\"@id\":\"https:\\\/\\\/blog.tmgrupoinmobiliario.com\\\/sv\\\/2023\\\/08\\\/22\\\/tio-oslagbara-strander-och-vikar-du-maste-besoka-pa-mallorca\\\/#breadcrumb\"},\"inLanguage\":\"sv-SE\",\"potentialAction\":[{\"@type\":\"ReadAction\",\"target\":[\"https:\\\/\\\/blog.tmgrupoinmobiliario.com\\\/sv\\\/2023\\\/08\\\/22\\\/tio-oslagbara-strander-och-vikar-du-maste-besoka-pa-mallorca\\\/\"]}]},{\"@type\":\"ImageObject\",\"inLanguage\":\"sv-SE\",\"@id\":\"https:\\\/\\\/blog.tmgrupoinmobiliario.com\\\/sv\\\/2023\\\/08\\\/22\\\/tio-oslagbara-strander-och-vikar-du-maste-besoka-pa-mallorca\\\/#primaryimage\",\"url\":\"https:\\\/\\\/blog.tmgrupoinmobiliario.com\\\/sv\\\/wp-content\\\/uploads\\\/sites\\\/6\\\/2023\\\/08\\\/Playas-y-calas-Mallorca-destacada.jpg\",\"contentUrl\":\"https:\\\/\\\/blog.tmgrupoinmobiliario.com\\\/sv\\\/wp-content\\\/uploads\\\/sites\\\/6\\\/2023\\\/08\\\/Playas-y-calas-Mallorca-destacada.jpg\",\"width\":1000,\"height\":666,\"caption\":\"Tio oslagbara str\u00e4nder och vikar du m\u00e5ste bes\u00f6ka p\u00e5 Mallorca\"},{\"@type\":\"BreadcrumbList\",\"@id\":\"https:\\\/\\\/blog.tmgrupoinmobiliario.com\\\/sv\\\/2023\\\/08\\\/22\\\/tio-oslagbara-strander-och-vikar-du-maste-besoka-pa-mallorca\\\/#breadcrumb\",\"itemListElement\":[{\"@type\":\"ListItem\",\"position\":1,\"name\":\"Portada\",\"item\":\"https:\\\/\\\/blog.tmgrupoinmobiliario.com\\\/sv\\\/\"},{\"@type\":\"ListItem\",\"position\":2,\"name\":\"Tio oslagbara str\u00e4nder och vikar du m\u00e5ste bes\u00f6ka p\u00e5 Mallorca\"}]},{\"@type\":\"WebSite\",\"@id\":\"https:\\\/\\\/blog.tmgrupoinmobiliario.com\\\/sv\\\/#website\",\"url\":\"https:\\\/\\\/blog.tmgrupoinmobiliario.com\\\/sv\\\/\",\"name\":\"Svenska\",\"description\":\"Otro sitio m\u00e1s de Blog Desarrollo TM sitios\",\"potentialAction\":[{\"@type\":\"SearchAction\",\"target\":{\"@type\":\"EntryPoint\",\"urlTemplate\":\"https:\\\/\\\/blog.tmgrupoinmobiliario.com\\\/sv\\\/?s={search_term_string}\"},\"query-input\":{\"@type\":\"PropertyValueSpecification\",\"valueRequired\":true,\"valueName\":\"search_term_string\"}}],\"inLanguage\":\"sv-SE\"},{\"@type\":\"Person\",\"@id\":\"https:\\\/\\\/blog.tmgrupoinmobiliario.com\\\/sv\\\/#\\\/schema\\\/person\\\/bbbac745abadad64177a5ee6a73cbf7c\",\"name\":\"indira\",\"image\":{\"@type\":\"ImageObject\",\"inLanguage\":\"sv-SE\",\"@id\":\"https:\\\/\\\/secure.gravatar.com\\\/avatar\\\/e9bcc7a0bb2179240c56a1875899ce9a1dfa15d5b7527f71259eaee6010d7203?s=96&d=mm&r=g\",\"url\":\"https:\\\/\\\/secure.gravatar.com\\\/avatar\\\/e9bcc7a0bb2179240c56a1875899ce9a1dfa15d5b7527f71259eaee6010d7203?s=96&d=mm&r=g\",\"contentUrl\":\"https:\\\/\\\/secure.gravatar.com\\\/avatar\\\/e9bcc7a0bb2179240c56a1875899ce9a1dfa15d5b7527f71259eaee6010d7203?s=96&d=mm&r=g\",\"caption\":\"indira\"},\"url\":\"https:\\\/\\\/blog.tmgrupoinmobiliario.com\\\/sv\\\/author\\\/indira\\\/\"}]}<\/script>\n<!-- \/ Yoast SEO Premium plugin. -->","yoast_head_json":{"title":"Tio oslagbara str\u00e4nder och vikar du m\u00e5ste bes\u00f6ka p\u00e5 Mallorca - Svenska","description":"Mallorca \u00e4r v\u00e4rldsber\u00f6mt f\u00f6r sina str\u00e4nder och vikar med kristallklart vatten och sina dr\u00f6mlika klipplandskap med pinjetr\u00e4d i bakgrunden. H\u00e4r tar vi upp de b\u00e4sta str\u00e4nderna och vikarna som du bara m\u00e5ste bes\u00f6ka n\u00e4r du \u00e5ker till Mallorca.","robots":{"index":"index","follow":"follow","max-snippet":"max-snippet:-1","max-image-preview":"max-image-preview:large","max-video-preview":"max-video-preview:-1"},"canonical":"https:\/\/blog.tmgrupoinmobiliario.com\/sv\/2023\/08\/22\/tio-oslagbara-strander-och-vikar-du-maste-besoka-pa-mallorca\/","og_locale":"sv_SE","og_type":"article","og_title":"Tio oslagbara str\u00e4nder och vikar du m\u00e5ste bes\u00f6ka p\u00e5 Mallorca","og_description":"Mallorca \u00e4r v\u00e4rldsber\u00f6mt f\u00f6r sina str\u00e4nder och vikar med kristallklart vatten och sina dr\u00f6mlika klipplandskap med pinjetr\u00e4d i bakgrunden. H\u00e4r tar vi upp de b\u00e4sta str\u00e4nderna och vikarna som du bara m\u00e5ste bes\u00f6ka n\u00e4r du \u00e5ker till Mallorca.","og_url":"https:\/\/blog.tmgrupoinmobiliario.com\/sv\/2023\/08\/22\/tio-oslagbara-strander-och-vikar-du-maste-besoka-pa-mallorca\/","og_site_name":"Svenska","article_published_time":"2023-08-22T14:01:42+00:00","og_image":[{"width":1000,"height":666,"url":"https:\/\/blog.tmgrupoinmobiliario.com\/sv\/wp-content\/uploads\/sites\/6\/2023\/08\/Playas-y-calas-Mallorca-destacada.jpg","type":"image\/jpeg"}],"author":"indira","twitter_card":"summary_large_image","twitter_misc":{"Skriven av":"indira","Ber\u00e4knad l\u00e4stid":"4 minuter"},"schema":{"@context":"https:\/\/schema.org","@graph":[{"@type":"Article","@id":"https:\/\/blog.tmgrupoinmobiliario.com\/sv\/2023\/08\/22\/tio-oslagbara-strander-och-vikar-du-maste-besoka-pa-mallorca\/#article","isPartOf":{"@id":"https:\/\/blog.tmgrupoinmobiliario.com\/sv\/2023\/08\/22\/tio-oslagbara-strander-och-vikar-du-maste-besoka-pa-mallorca\/"},"author":{"name":"indira","@id":"https:\/\/blog.tmgrupoinmobiliario.com\/sv\/#\/schema\/person\/bbbac745abadad64177a5ee6a73cbf7c"},"headline":"Tio oslagbara str\u00e4nder och vikar du m\u00e5ste bes\u00f6ka p\u00e5 Mallorca","datePublished":"2023-08-22T14:01:42+00:00","mainEntityOfPage":{"@id":"https:\/\/blog.tmgrupoinmobiliario.com\/sv\/2023\/08\/22\/tio-oslagbara-strander-och-vikar-du-maste-besoka-pa-mallorca\/"},"wordCount":792,"commentCount":0,"image":{"@id":"https:\/\/blog.tmgrupoinmobiliario.com\/sv\/2023\/08\/22\/tio-oslagbara-strander-och-vikar-du-maste-besoka-pa-mallorca\/#primaryimage"},"thumbnailUrl":"https:\/\/blog.tmgrupoinmobiliario.com\/sv\/wp-content\/uploads\/sites\/6\/2023\/08\/Playas-y-calas-Mallorca-destacada.jpg","keywords":["str\u00e4nder Mallorca","TM Real Estate Group","vikar Mallorca"],"articleSection":["Livsstil"],"inLanguage":"sv-SE","potentialAction":[{"@type":"CommentAction","name":"Comment","target":["https:\/\/blog.tmgrupoinmobiliario.com\/sv\/2023\/08\/22\/tio-oslagbara-strander-och-vikar-du-maste-besoka-pa-mallorca\/#respond"]}]},{"@type":"WebPage","@id":"https:\/\/blog.tmgrupoinmobiliario.com\/sv\/2023\/08\/22\/tio-oslagbara-strander-och-vikar-du-maste-besoka-pa-mallorca\/","url":"https:\/\/blog.tmgrupoinmobiliario.com\/sv\/2023\/08\/22\/tio-oslagbara-strander-och-vikar-du-maste-besoka-pa-mallorca\/","name":"Tio oslagbara str\u00e4nder och vikar du m\u00e5ste bes\u00f6ka p\u00e5 Mallorca - Svenska","isPartOf":{"@id":"https:\/\/blog.tmgrupoinmobiliario.com\/sv\/#website"},"primaryImageOfPage":{"@id":"https:\/\/blog.tmgrupoinmobiliario.com\/sv\/2023\/08\/22\/tio-oslagbara-strander-och-vikar-du-maste-besoka-pa-mallorca\/#primaryimage"},"image":{"@id":"https:\/\/blog.tmgrupoinmobiliario.com\/sv\/2023\/08\/22\/tio-oslagbara-strander-och-vikar-du-maste-besoka-pa-mallorca\/#primaryimage"},"thumbnailUrl":"https:\/\/blog.tmgrupoinmobiliario.com\/sv\/wp-content\/uploads\/sites\/6\/2023\/08\/Playas-y-calas-Mallorca-destacada.jpg","datePublished":"2023-08-22T14:01:42+00:00","author":{"@id":"https:\/\/blog.tmgrupoinmobiliario.com\/sv\/#\/schema\/person\/bbbac745abadad64177a5ee6a73cbf7c"},"description":"Mallorca \u00e4r v\u00e4rldsber\u00f6mt f\u00f6r sina str\u00e4nder och vikar med kristallklart vatten och sina dr\u00f6mlika klipplandskap med pinjetr\u00e4d i bakgrunden. H\u00e4r tar vi upp de b\u00e4sta str\u00e4nderna och vikarna som du bara m\u00e5ste bes\u00f6ka n\u00e4r du \u00e5ker till Mallorca.","breadcrumb":{"@id":"https:\/\/blog.tmgrupoinmobiliario.com\/sv\/2023\/08\/22\/tio-oslagbara-strander-och-vikar-du-maste-besoka-pa-mallorca\/#breadcrumb"},"inLanguage":"sv-SE","potentialAction":[{"@type":"ReadAction","target":["https:\/\/blog.tmgrupoinmobiliario.com\/sv\/2023\/08\/22\/tio-oslagbara-strander-och-vikar-du-maste-besoka-pa-mallorca\/"]}]},{"@type":"ImageObject","inLanguage":"sv-SE","@id":"https:\/\/blog.tmgrupoinmobiliario.com\/sv\/2023\/08\/22\/tio-oslagbara-strander-och-vikar-du-maste-besoka-pa-mallorca\/#primaryimage","url":"https:\/\/blog.tmgrupoinmobiliario.com\/sv\/wp-content\/uploads\/sites\/6\/2023\/08\/Playas-y-calas-Mallorca-destacada.jpg","contentUrl":"https:\/\/blog.tmgrupoinmobiliario.com\/sv\/wp-content\/uploads\/sites\/6\/2023\/08\/Playas-y-calas-Mallorca-destacada.jpg","width":1000,"height":666,"caption":"Tio oslagbara str\u00e4nder och vikar du m\u00e5ste bes\u00f6ka p\u00e5 Mallorca"},{"@type":"BreadcrumbList","@id":"https:\/\/blog.tmgrupoinmobiliario.com\/sv\/2023\/08\/22\/tio-oslagbara-strander-och-vikar-du-maste-besoka-pa-mallorca\/#breadcrumb","itemListElement":[{"@type":"ListItem","position":1,"name":"Portada","item":"https:\/\/blog.tmgrupoinmobiliario.com\/sv\/"},{"@type":"ListItem","position":2,"name":"Tio oslagbara str\u00e4nder och vikar du m\u00e5ste bes\u00f6ka p\u00e5 Mallorca"}]},{"@type":"WebSite","@id":"https:\/\/blog.tmgrupoinmobiliario.com\/sv\/#website","url":"https:\/\/blog.tmgrupoinmobiliario.com\/sv\/","name":"Svenska","description":"Otro sitio m\u00e1s de Blog Desarrollo TM sitios","potentialAction":[{"@type":"SearchAction","target":{"@type":"EntryPoint","urlTemplate":"https:\/\/blog.tmgrupoinmobiliario.com\/sv\/?s={search_term_string}"},"query-input":{"@type":"PropertyValueSpecification","valueRequired":true,"valueName":"search_term_string"}}],"inLanguage":"sv-SE"},{"@type":"Person","@id":"https:\/\/blog.tmgrupoinmobiliario.com\/sv\/#\/schema\/person\/bbbac745abadad64177a5ee6a73cbf7c","name":"indira","image":{"@type":"ImageObject","inLanguage":"sv-SE","@id":"https:\/\/secure.gravatar.com\/avatar\/e9bcc7a0bb2179240c56a1875899ce9a1dfa15d5b7527f71259eaee6010d7203?s=96&d=mm&r=g","url":"https:\/\/secure.gravatar.com\/avatar\/e9bcc7a0bb2179240c56a1875899ce9a1dfa15d5b7527f71259eaee6010d7203?s=96&d=mm&r=g","contentUrl":"https:\/\/secure.gravatar.com\/avatar\/e9bcc7a0bb2179240c56a1875899ce9a1dfa15d5b7527f71259eaee6010d7203?s=96&d=mm&r=g","caption":"indira"},"url":"https:\/\/blog.tmgrupoinmobiliario.com\/sv\/author\/indira\/"}]}},"jetpack_featured_media_url":"https:\/\/blog.tmgrupoinmobiliario.com\/sv\/wp-content\/uploads\/sites\/6\/2023\/08\/Playas-y-calas-Mallorca-destacada.jpg","jetpack_sharing_enabled":true,"_links":{"self":[{"href":"https:\/\/blog.tmgrupoinmobiliario.com\/sv\/wp-json\/wp\/v2\/posts\/17291","targetHints":{"allow":["GET"]}}],"collection":[{"href":"https:\/\/blog.tmgrupoinmobiliario.com\/sv\/wp-json\/wp\/v2\/posts"}],"about":[{"href":"https:\/\/blog.tmgrupoinmobiliario.com\/sv\/wp-json\/wp\/v2\/types\/post"}],"author":[{"embeddable":true,"href":"https:\/\/blog.tmgrupoinmobiliario.com\/sv\/wp-json\/wp\/v2\/users\/11729"}],"replies":[{"embeddable":true,"href":"https:\/\/blog.tmgrupoinmobiliario.com\/sv\/wp-json\/wp\/v2\/comments?post=17291"}],"version-history":[{"count":3,"href":"https:\/\/blog.tmgrupoinmobiliario.com\/sv\/wp-json\/wp\/v2\/posts\/17291\/revisions"}],"predecessor-version":[{"id":17300,"href":"https:\/\/blog.tmgrupoinmobiliario.com\/sv\/wp-json\/wp\/v2\/posts\/17291\/revisions\/17300"}],"wp:featuredmedia":[{"embeddable":true,"href":"https:\/\/blog.tmgrupoinmobiliario.com\/sv\/wp-json\/wp\/v2\/media\/17292"}],"wp:attachment":[{"href":"https:\/\/blog.tmgrupoinmobiliario.com\/sv\/wp-json\/wp\/v2\/media?parent=17291"}],"wp:term":[{"taxonomy":"category","embeddable":true,"href":"https:\/\/blog.tmgrupoinmobiliario.com\/sv\/wp-json\/wp\/v2\/categories?post=17291"},{"taxonomy":"post_tag","embeddable":true,"href":"https:\/\/blog.tmgrupoinmobiliario.com\/sv\/wp-json\/wp\/v2\/tags?post=17291"}],"curies":[{"name":"wp","href":"https:\/\/api.w.org\/{rel}","templated":true}]}}