{"id":17259,"date":"2023-07-26T13:15:43","date_gmt":"2023-07-26T11:15:43","guid":{"rendered":"https:\/\/blog.tmgrupoinmobiliario.com\/sv\/?p=17259"},"modified":"2023-07-26T13:16:13","modified_gmt":"2023-07-26T11:16:13","slug":"165-miljoner-euro-tm-real-estate-groups-expansionsplan-i-costa-del-sol","status":"publish","type":"post","link":"https:\/\/blog.tmgrupoinmobiliario.com\/sv\/2023\/07\/26\/165-miljoner-euro-tm-real-estate-groups-expansionsplan-i-costa-del-sol\/","title":{"rendered":"165 miljoner euro: TM Real Estate Groups expansionsplan i Costa del Sol"},"content":{"rendered":"<p>&nbsp;<\/p>\n<p><strong>M\u00e1laga den 25 juli 2023\u00a0<\/strong>\u2013\u00a0<a href=\"https:\/\/www.tmgrupoinmobiliario.com\/sv\"><strong>TM Real Estate Group<\/strong><\/a>, referensf\u00f6retaget fr\u00e5n Alicante inom sektorn f\u00f6r bostadsturism specialiserat p\u00e5 konstruktion och marknadsf\u00f6ring av semesterbost\u00e4der l\u00e4ngs Medelhavskusten och i Karibien, <strong>forts\u00e4tter att v\u00e4xa i Costa del Sol med Atalaya Emotion\u00a0\u2013\u00a0dess senaste projekt bel\u00e4get i hj\u00e4rtat av Tri\u00e1ngulo de Oro, p\u00e5 svenska &#8220;guldtriangeln&#8221;. <\/strong><\/p>\n<p>Provinsen M\u00e1laga \u00e4r mycket viktig f\u00f6r bostadsturismen i Spanien. F\u00f6retaget \u00e4r v\u00e4l medvetet om den h\u00f6ga efterfr\u00e5gan i Costa del Sol fr\u00e5n internationella kunder och <strong>ser omr\u00e5det som strategiskt viktigt f\u00f6r att st\u00e4rka sin position som ledande f\u00f6retag inom bostadsturismsektorn i Spanien. Det syns tydligt eftersom TM har investerat \u00f6ver 165 miljoner euro i omr\u00e5det sedan 2015.<\/strong><\/p>\n<p>Enligt de senaste studierna <strong>\u00e4r Costa del Sol (M\u00e1laga) tillsammans med Costa Blanca (Alicante) de popul\u00e4raste valen i de n\u00e4stan 90\u00a0000 bostadsk\u00f6p som gjordes 2022 av internationella kunder, .<\/strong> Under det senaste \u00e5ret har det dessutom skett en markant \u00f6kning i b\u00e5da omr\u00e5dena (+68\u00a0% i Alicante och +54\u00a0% i M\u00e1laga).<\/p>\n<p>Enligt TM:s \u00e5rliga studie av bostadsturister i hela Spanien<strong> bekr\u00e4ftas M\u00e1laga som en av de mest attraktiva platserna f\u00f6r utl\u00e4ndska bostadsturister, med en betydande \u00f6kning av antalet kunder fr\u00e5n \u00d6steuropa och andra l\u00e4nder som Kuwait och Thailand<\/strong>. Denna \u00f6kning beror p\u00e5 kriget i Ukraina och \u00f6kningen av distansarbete, vilket har s\u00e4nkt medel\u00e5ldern p\u00e5 profilen f\u00f6r bostadsturister till 51 \u00e5r. P\u00e5 samma s\u00e4tt <strong>har den genomsnittliga budgeten f\u00f6r bostadsk\u00f6p \u00f6kat fr\u00e5n 630\u00a0000 euro till 740\u00a0000 euro,<\/strong> och <strong>75\u00a0% k\u00f6per sina bost\u00e4der med egna medel utan finansieringshj\u00e4lp.<\/strong><\/p>\n<p>Det \u00e4r i detta sammanhang<strong> som TM forts\u00e4tter sin verksamhet i Costa del Sol och har kommit l\u00e5ngt med projektet Atalaya Emotion<\/strong>\u00a0\u2013\u00a0ett bostadsomr\u00e5de som ligger i det exklusiva omr\u00e5det Atalaya, mycket n\u00e4ra alla tj\u00e4nster och fritidsanl\u00e4ggningar i Puerto Ban\u00fas och Marbella. F\u00f6r n\u00e4rvarande<strong> h\u00e5ller fastigheterna p\u00e5 att byggas och ber\u00e4knas vara klara i slutet av \u00e5ret. Hittills har 66\u00a0% av fastigheterna s\u00e5lts.<\/strong><\/p>\n<figure id=\"attachment_22847\" aria-describedby=\"caption-attachment-22847\" style=\"width: 591px\" class=\"wp-caption aligncenter\"><img loading=\"lazy\" decoding=\"async\" class=\"wp-image-22847\" src=\"https:\/\/www.tmgrupoinmobiliario.com\/blog\/wp-content\/uploads\/2023\/07\/ATALAYAS1_HD-1024x763.jpg\" alt=\"\" width=\"591\" height=\"440\" \/><figcaption id=\"caption-attachment-22847\" class=\"wp-caption-text\">gemensamma utrymmen i bostadsomr\u00e5det Atalaya Emotion.<\/figcaption><\/figure>\n<p>&nbsp;<\/p>\n<p>Utbudet av bost\u00e4der \u00e4r varierat. Bottenv\u00e5ningsl\u00e4genheterna med 2 och 3 sovrum har en privat tr\u00e4dg\u00e5rd, medan l\u00e4genheterna p\u00e5 f\u00f6rsta v\u00e5ningen har stora terrasser och duplex-takv\u00e5ningarna har takterrass.<\/p>\n<p>Kunder av mycket olika nationaliteter har k\u00f6pt bost\u00e4der i detta projekt:<strong> Tyskland, Belgien, Danmark, Spanien, Frankrike, Storbritannien, Kuwait, Marocko, Nederl\u00e4nderna, Norge, Polen, Tjeckien, Ryssland, Sverige och Ukraina.<\/strong><\/p>\n<p>Med detta projekt forts\u00e4tter TM att st\u00e4rka sin position som en ledare p\u00e5 Costa del Sol, d\u00e4r f\u00f6retagsgruppen redan har andra projekt s\u00e5som de tre faserna av<strong> Los Miradores del Sol i Estepona, Golden Green i Nueva Andaluc\u00eda, Benalm\u00e1dena Higueron Bay Residence och Dream Gardens, Marbella Senses och Puerto Ban\u00fas Bay Residences i Marbella.<\/strong><\/p>\n<p>&nbsp;<\/p>\n","protected":false},"excerpt":{"rendered":"<p>&nbsp; M\u00e1laga den 25 juli 2023\u00a0\u2013\u00a0TM Real Estate Group, referensf\u00f6retaget fr\u00e5n Alicante inom sektorn f\u00f6r bostadsturism specialiserat p\u00e5 konstruktion och marknadsf\u00f6ring av semesterbost\u00e4der l\u00e4ngs Medelhavskusten och i Karibien, forts\u00e4tter att v\u00e4xa i Costa del Sol med Atalaya Emotion\u00a0\u2013\u00a0dess senaste projekt bel\u00e4get i hj\u00e4rtat av Tri\u00e1ngulo de Oro, p\u00e5 svenska &#8220;guldtriangeln&#8221;. Provinsen M\u00e1laga \u00e4r mycket viktig [&hellip;]<\/p>\n","protected":false},"author":11716,"featured_media":17264,"comment_status":"open","ping_status":"open","sticky":false,"template":"","format":"standard","meta":{"_jetpack_memberships_contains_paid_content":false,"footnotes":""},"categories":[21,15,11,20],"tags":[399,405],"class_list":["post-17259","post","type-post","status-publish","format-standard","has-post-thumbnail","hentry","category-actualidad-tm","category-noticias","category-corporativo","category-notas-prensa","tag-tag-all","tag-tag-compromise-en-2","formato-comunicacion"],"better_featured_image":{"id":17264,"alt_text":"","caption":"","description":"","media_type":"image","media_details":{"width":1000,"height":666,"file":"2023\/07\/07_25-Atalaya-1000x666-11.png","filesize":1212657,"sizes":{"medium":{"file":"07_25-Atalaya-1000x666-11-300x200.png","width":300,"height":200,"mime-type":"image\/png","filesize":112718,"source_url":"https:\/\/blog.tmgrupoinmobiliario.com\/sv\/wp-content\/uploads\/sites\/6\/2023\/07\/07_25-Atalaya-1000x666-11-300x200.png"},"thumbnail":{"file":"07_25-Atalaya-1000x666-11-150x150.png","width":150,"height":150,"mime-type":"image\/png","filesize":43859,"source_url":"https:\/\/blog.tmgrupoinmobiliario.com\/sv\/wp-content\/uploads\/sites\/6\/2023\/07\/07_25-Atalaya-1000x666-11-150x150.png"},"medium_large":{"file":"07_25-Atalaya-1000x666-11-768x511.png","width":768,"height":511,"mime-type":"image\/png","filesize":697848,"source_url":"https:\/\/blog.tmgrupoinmobiliario.com\/sv\/wp-content\/uploads\/sites\/6\/2023\/07\/07_25-Atalaya-1000x666-11-768x511.png"}},"image_meta":{"aperture":"0","credit":"","camera":"","caption":"","created_timestamp":"0","copyright":"","focal_length":"0","iso":"0","shutter_speed":"0","title":"","orientation":"0","keywords":[]}},"post":17259,"source_url":"https:\/\/blog.tmgrupoinmobiliario.com\/sv\/wp-content\/uploads\/sites\/6\/2023\/07\/07_25-Atalaya-1000x666-11.png"},"acf":{"imagen_destacada_desktop":"https:\/\/blog.tmgrupoinmobiliario.com\/sv\/wp-content\/uploads\/sites\/6\/2023\/07\/07_25-Atalaya-1920x870-11.png","imagen_destacada_mobile":"https:\/\/blog.tmgrupoinmobiliario.com\/sv\/wp-content\/uploads\/sites\/6\/2023\/07\/07_25-Atalaya-540x540-12.png","formato":{"term_id":17,"name":"Comunicaci\u00f3n","slug":"comunicacion","term_group":0,"term_taxonomy_id":17,"taxonomy":"formato","description":"","parent":0,"count":60,"filter":"raw"},"entradilla":"M\u00e1laga \u00e4r en av de mest attraktiva platserna f\u00f6r utl\u00e4ndska bostadsturister. Atalaya Emotion \u00e4r ett av holdingbolagets senaste projekt i regionen som har v\u00e4ckt intresse hos kunder i hela v\u00e4rlden.\r\n","etiquetas":"","cabecera_escritorio":"https:\/\/blog.tmgrupoinmobiliario.com\/sv\/wp-content\/uploads\/sites\/6\/2023\/07\/07_25-Atalaya-1200x300-11.png","cabecera_mobile":"https:\/\/blog.tmgrupoinmobiliario.com\/sv\/wp-content\/uploads\/sites\/6\/2023\/07\/07_25-Atalaya-768x768-11.png","galeria":false},"yoast_head":"<!-- This site is optimized with the Yoast SEO Premium plugin v23.6 (Yoast SEO v27.5) - https:\/\/yoast.com\/product\/yoast-seo-premium-wordpress\/ -->\n<title>165 miljoner euro: TM Real Estate Groups expansionsplan i Costa del Sol - Svenska<\/title>\n<meta name=\"robots\" content=\"index, follow, max-snippet:-1, max-image-preview:large, max-video-preview:-1\" \/>\n<link rel=\"canonical\" href=\"https:\/\/blog.tmgrupoinmobiliario.com\/sv\/2023\/07\/26\/165-miljoner-euro-tm-real-estate-groups-expansionsplan-i-costa-del-sol\/\" \/>\n<meta property=\"og:locale\" content=\"sv_SE\" \/>\n<meta property=\"og:type\" content=\"article\" \/>\n<meta property=\"og:title\" content=\"165 miljoner euro: TM Real Estate Groups expansionsplan i Costa del Sol\" \/>\n<meta property=\"og:description\" content=\"&nbsp; M\u00e1laga den 25 juli 2023\u00a0\u2013\u00a0TM Real Estate Group, referensf\u00f6retaget fr\u00e5n Alicante inom sektorn f\u00f6r bostadsturism specialiserat p\u00e5 konstruktion och marknadsf\u00f6ring av semesterbost\u00e4der l\u00e4ngs Medelhavskusten och i Karibien, forts\u00e4tter att v\u00e4xa i Costa del Sol med Atalaya Emotion\u00a0\u2013\u00a0dess senaste projekt bel\u00e4get i hj\u00e4rtat av Tri\u00e1ngulo de Oro, p\u00e5 svenska &#8220;guldtriangeln&#8221;. Provinsen M\u00e1laga \u00e4r mycket viktig [&hellip;]\" \/>\n<meta property=\"og:url\" content=\"https:\/\/blog.tmgrupoinmobiliario.com\/sv\/2023\/07\/26\/165-miljoner-euro-tm-real-estate-groups-expansionsplan-i-costa-del-sol\/\" \/>\n<meta property=\"og:site_name\" content=\"Svenska\" \/>\n<meta property=\"article:published_time\" content=\"2023-07-26T11:15:43+00:00\" \/>\n<meta property=\"article:modified_time\" content=\"2023-07-26T11:16:13+00:00\" \/>\n<meta property=\"og:image\" content=\"https:\/\/blog.tmgrupoinmobiliario.com\/sv\/wp-content\/uploads\/sites\/6\/2023\/07\/07_25-Atalaya-1000x666-11.png\" \/>\n\t<meta property=\"og:image:width\" content=\"1000\" \/>\n\t<meta property=\"og:image:height\" content=\"666\" \/>\n\t<meta property=\"og:image:type\" content=\"image\/png\" \/>\n<meta name=\"author\" content=\"marina\" \/>\n<meta name=\"twitter:card\" content=\"summary_large_image\" \/>\n<meta name=\"twitter:label1\" content=\"Skriven av\" \/>\n\t<meta name=\"twitter:data1\" content=\"marina\" \/>\n\t<meta name=\"twitter:label2\" content=\"Ber\u00e4knad l\u00e4stid\" \/>\n\t<meta name=\"twitter:data2\" content=\"3 minuter\" \/>\n<script type=\"application\/ld+json\" class=\"yoast-schema-graph\">{\"@context\":\"https:\\\/\\\/schema.org\",\"@graph\":[{\"@type\":\"Article\",\"@id\":\"https:\\\/\\\/blog.tmgrupoinmobiliario.com\\\/sv\\\/2023\\\/07\\\/26\\\/165-miljoner-euro-tm-real-estate-groups-expansionsplan-i-costa-del-sol\\\/#article\",\"isPartOf\":{\"@id\":\"https:\\\/\\\/blog.tmgrupoinmobiliario.com\\\/sv\\\/2023\\\/07\\\/26\\\/165-miljoner-euro-tm-real-estate-groups-expansionsplan-i-costa-del-sol\\\/\"},\"author\":{\"name\":\"marina\",\"@id\":\"https:\\\/\\\/blog.tmgrupoinmobiliario.com\\\/sv\\\/#\\\/schema\\\/person\\\/788477479d35e623ab75c2fb194e7730\"},\"headline\":\"165 miljoner euro: TM Real Estate Groups expansionsplan i Costa del Sol\",\"datePublished\":\"2023-07-26T11:15:43+00:00\",\"dateModified\":\"2023-07-26T11:16:13+00:00\",\"mainEntityOfPage\":{\"@id\":\"https:\\\/\\\/blog.tmgrupoinmobiliario.com\\\/sv\\\/2023\\\/07\\\/26\\\/165-miljoner-euro-tm-real-estate-groups-expansionsplan-i-costa-del-sol\\\/\"},\"wordCount\":507,\"commentCount\":0,\"image\":{\"@id\":\"https:\\\/\\\/blog.tmgrupoinmobiliario.com\\\/sv\\\/2023\\\/07\\\/26\\\/165-miljoner-euro-tm-real-estate-groups-expansionsplan-i-costa-del-sol\\\/#primaryimage\"},\"thumbnailUrl\":\"https:\\\/\\\/blog.tmgrupoinmobiliario.com\\\/sv\\\/wp-content\\\/uploads\\\/sites\\\/6\\\/2023\\\/07\\\/07_25-Atalaya-1000x666-11.png\",\"keywords\":[\"tag-all\",\"tag-compromise\"],\"articleSection\":[\"Actualidad TM\",\"Aktualno\u015bci\",\"Corporativo\",\"Notas de prensa\"],\"inLanguage\":\"sv-SE\",\"potentialAction\":[{\"@type\":\"CommentAction\",\"name\":\"Comment\",\"target\":[\"https:\\\/\\\/blog.tmgrupoinmobiliario.com\\\/sv\\\/2023\\\/07\\\/26\\\/165-miljoner-euro-tm-real-estate-groups-expansionsplan-i-costa-del-sol\\\/#respond\"]}]},{\"@type\":\"WebPage\",\"@id\":\"https:\\\/\\\/blog.tmgrupoinmobiliario.com\\\/sv\\\/2023\\\/07\\\/26\\\/165-miljoner-euro-tm-real-estate-groups-expansionsplan-i-costa-del-sol\\\/\",\"url\":\"https:\\\/\\\/blog.tmgrupoinmobiliario.com\\\/sv\\\/2023\\\/07\\\/26\\\/165-miljoner-euro-tm-real-estate-groups-expansionsplan-i-costa-del-sol\\\/\",\"name\":\"165 miljoner euro: TM Real Estate Groups expansionsplan i Costa del Sol - Svenska\",\"isPartOf\":{\"@id\":\"https:\\\/\\\/blog.tmgrupoinmobiliario.com\\\/sv\\\/#website\"},\"primaryImageOfPage\":{\"@id\":\"https:\\\/\\\/blog.tmgrupoinmobiliario.com\\\/sv\\\/2023\\\/07\\\/26\\\/165-miljoner-euro-tm-real-estate-groups-expansionsplan-i-costa-del-sol\\\/#primaryimage\"},\"image\":{\"@id\":\"https:\\\/\\\/blog.tmgrupoinmobiliario.com\\\/sv\\\/2023\\\/07\\\/26\\\/165-miljoner-euro-tm-real-estate-groups-expansionsplan-i-costa-del-sol\\\/#primaryimage\"},\"thumbnailUrl\":\"https:\\\/\\\/blog.tmgrupoinmobiliario.com\\\/sv\\\/wp-content\\\/uploads\\\/sites\\\/6\\\/2023\\\/07\\\/07_25-Atalaya-1000x666-11.png\",\"datePublished\":\"2023-07-26T11:15:43+00:00\",\"dateModified\":\"2023-07-26T11:16:13+00:00\",\"author\":{\"@id\":\"https:\\\/\\\/blog.tmgrupoinmobiliario.com\\\/sv\\\/#\\\/schema\\\/person\\\/788477479d35e623ab75c2fb194e7730\"},\"breadcrumb\":{\"@id\":\"https:\\\/\\\/blog.tmgrupoinmobiliario.com\\\/sv\\\/2023\\\/07\\\/26\\\/165-miljoner-euro-tm-real-estate-groups-expansionsplan-i-costa-del-sol\\\/#breadcrumb\"},\"inLanguage\":\"sv-SE\",\"potentialAction\":[{\"@type\":\"ReadAction\",\"target\":[\"https:\\\/\\\/blog.tmgrupoinmobiliario.com\\\/sv\\\/2023\\\/07\\\/26\\\/165-miljoner-euro-tm-real-estate-groups-expansionsplan-i-costa-del-sol\\\/\"]}]},{\"@type\":\"ImageObject\",\"inLanguage\":\"sv-SE\",\"@id\":\"https:\\\/\\\/blog.tmgrupoinmobiliario.com\\\/sv\\\/2023\\\/07\\\/26\\\/165-miljoner-euro-tm-real-estate-groups-expansionsplan-i-costa-del-sol\\\/#primaryimage\",\"url\":\"https:\\\/\\\/blog.tmgrupoinmobiliario.com\\\/sv\\\/wp-content\\\/uploads\\\/sites\\\/6\\\/2023\\\/07\\\/07_25-Atalaya-1000x666-11.png\",\"contentUrl\":\"https:\\\/\\\/blog.tmgrupoinmobiliario.com\\\/sv\\\/wp-content\\\/uploads\\\/sites\\\/6\\\/2023\\\/07\\\/07_25-Atalaya-1000x666-11.png\",\"width\":1000,\"height\":666},{\"@type\":\"BreadcrumbList\",\"@id\":\"https:\\\/\\\/blog.tmgrupoinmobiliario.com\\\/sv\\\/2023\\\/07\\\/26\\\/165-miljoner-euro-tm-real-estate-groups-expansionsplan-i-costa-del-sol\\\/#breadcrumb\",\"itemListElement\":[{\"@type\":\"ListItem\",\"position\":1,\"name\":\"Portada\",\"item\":\"https:\\\/\\\/blog.tmgrupoinmobiliario.com\\\/sv\\\/\"},{\"@type\":\"ListItem\",\"position\":2,\"name\":\"165 miljoner euro: TM Real Estate Groups expansionsplan i Costa del Sol\"}]},{\"@type\":\"WebSite\",\"@id\":\"https:\\\/\\\/blog.tmgrupoinmobiliario.com\\\/sv\\\/#website\",\"url\":\"https:\\\/\\\/blog.tmgrupoinmobiliario.com\\\/sv\\\/\",\"name\":\"Svenska\",\"description\":\"Otro sitio m\u00e1s de Blog Desarrollo TM sitios\",\"potentialAction\":[{\"@type\":\"SearchAction\",\"target\":{\"@type\":\"EntryPoint\",\"urlTemplate\":\"https:\\\/\\\/blog.tmgrupoinmobiliario.com\\\/sv\\\/?s={search_term_string}\"},\"query-input\":{\"@type\":\"PropertyValueSpecification\",\"valueRequired\":true,\"valueName\":\"search_term_string\"}}],\"inLanguage\":\"sv-SE\"},{\"@type\":\"Person\",\"@id\":\"https:\\\/\\\/blog.tmgrupoinmobiliario.com\\\/sv\\\/#\\\/schema\\\/person\\\/788477479d35e623ab75c2fb194e7730\",\"name\":\"marina\",\"image\":{\"@type\":\"ImageObject\",\"inLanguage\":\"sv-SE\",\"@id\":\"https:\\\/\\\/secure.gravatar.com\\\/avatar\\\/34480839eb5b1bb235efe5be1b7e49218e07e314c17d1fb9ba5183ac5c2c64f3?s=96&d=mm&r=g\",\"url\":\"https:\\\/\\\/secure.gravatar.com\\\/avatar\\\/34480839eb5b1bb235efe5be1b7e49218e07e314c17d1fb9ba5183ac5c2c64f3?s=96&d=mm&r=g\",\"contentUrl\":\"https:\\\/\\\/secure.gravatar.com\\\/avatar\\\/34480839eb5b1bb235efe5be1b7e49218e07e314c17d1fb9ba5183ac5c2c64f3?s=96&d=mm&r=g\",\"caption\":\"marina\"},\"url\":\"https:\\\/\\\/blog.tmgrupoinmobiliario.com\\\/sv\\\/author\\\/marina\\\/\"}]}<\/script>\n<!-- \/ Yoast SEO Premium plugin. -->","yoast_head_json":{"title":"165 miljoner euro: TM Real Estate Groups expansionsplan i Costa del Sol - Svenska","robots":{"index":"index","follow":"follow","max-snippet":"max-snippet:-1","max-image-preview":"max-image-preview:large","max-video-preview":"max-video-preview:-1"},"canonical":"https:\/\/blog.tmgrupoinmobiliario.com\/sv\/2023\/07\/26\/165-miljoner-euro-tm-real-estate-groups-expansionsplan-i-costa-del-sol\/","og_locale":"sv_SE","og_type":"article","og_title":"165 miljoner euro: TM Real Estate Groups expansionsplan i Costa del Sol","og_description":"&nbsp; M\u00e1laga den 25 juli 2023\u00a0\u2013\u00a0TM Real Estate Group, referensf\u00f6retaget fr\u00e5n Alicante inom sektorn f\u00f6r bostadsturism specialiserat p\u00e5 konstruktion och marknadsf\u00f6ring av semesterbost\u00e4der l\u00e4ngs Medelhavskusten och i Karibien, forts\u00e4tter att v\u00e4xa i Costa del Sol med Atalaya Emotion\u00a0\u2013\u00a0dess senaste projekt bel\u00e4get i hj\u00e4rtat av Tri\u00e1ngulo de Oro, p\u00e5 svenska &#8220;guldtriangeln&#8221;. Provinsen M\u00e1laga \u00e4r mycket viktig [&hellip;]","og_url":"https:\/\/blog.tmgrupoinmobiliario.com\/sv\/2023\/07\/26\/165-miljoner-euro-tm-real-estate-groups-expansionsplan-i-costa-del-sol\/","og_site_name":"Svenska","article_published_time":"2023-07-26T11:15:43+00:00","article_modified_time":"2023-07-26T11:16:13+00:00","og_image":[{"width":1000,"height":666,"url":"https:\/\/blog.tmgrupoinmobiliario.com\/sv\/wp-content\/uploads\/sites\/6\/2023\/07\/07_25-Atalaya-1000x666-11.png","type":"image\/png"}],"author":"marina","twitter_card":"summary_large_image","twitter_misc":{"Skriven av":"marina","Ber\u00e4knad l\u00e4stid":"3 minuter"},"schema":{"@context":"https:\/\/schema.org","@graph":[{"@type":"Article","@id":"https:\/\/blog.tmgrupoinmobiliario.com\/sv\/2023\/07\/26\/165-miljoner-euro-tm-real-estate-groups-expansionsplan-i-costa-del-sol\/#article","isPartOf":{"@id":"https:\/\/blog.tmgrupoinmobiliario.com\/sv\/2023\/07\/26\/165-miljoner-euro-tm-real-estate-groups-expansionsplan-i-costa-del-sol\/"},"author":{"name":"marina","@id":"https:\/\/blog.tmgrupoinmobiliario.com\/sv\/#\/schema\/person\/788477479d35e623ab75c2fb194e7730"},"headline":"165 miljoner euro: TM Real Estate Groups expansionsplan i Costa del Sol","datePublished":"2023-07-26T11:15:43+00:00","dateModified":"2023-07-26T11:16:13+00:00","mainEntityOfPage":{"@id":"https:\/\/blog.tmgrupoinmobiliario.com\/sv\/2023\/07\/26\/165-miljoner-euro-tm-real-estate-groups-expansionsplan-i-costa-del-sol\/"},"wordCount":507,"commentCount":0,"image":{"@id":"https:\/\/blog.tmgrupoinmobiliario.com\/sv\/2023\/07\/26\/165-miljoner-euro-tm-real-estate-groups-expansionsplan-i-costa-del-sol\/#primaryimage"},"thumbnailUrl":"https:\/\/blog.tmgrupoinmobiliario.com\/sv\/wp-content\/uploads\/sites\/6\/2023\/07\/07_25-Atalaya-1000x666-11.png","keywords":["tag-all","tag-compromise"],"articleSection":["Actualidad TM","Aktualno\u015bci","Corporativo","Notas de prensa"],"inLanguage":"sv-SE","potentialAction":[{"@type":"CommentAction","name":"Comment","target":["https:\/\/blog.tmgrupoinmobiliario.com\/sv\/2023\/07\/26\/165-miljoner-euro-tm-real-estate-groups-expansionsplan-i-costa-del-sol\/#respond"]}]},{"@type":"WebPage","@id":"https:\/\/blog.tmgrupoinmobiliario.com\/sv\/2023\/07\/26\/165-miljoner-euro-tm-real-estate-groups-expansionsplan-i-costa-del-sol\/","url":"https:\/\/blog.tmgrupoinmobiliario.com\/sv\/2023\/07\/26\/165-miljoner-euro-tm-real-estate-groups-expansionsplan-i-costa-del-sol\/","name":"165 miljoner euro: TM Real Estate Groups expansionsplan i Costa del Sol - Svenska","isPartOf":{"@id":"https:\/\/blog.tmgrupoinmobiliario.com\/sv\/#website"},"primaryImageOfPage":{"@id":"https:\/\/blog.tmgrupoinmobiliario.com\/sv\/2023\/07\/26\/165-miljoner-euro-tm-real-estate-groups-expansionsplan-i-costa-del-sol\/#primaryimage"},"image":{"@id":"https:\/\/blog.tmgrupoinmobiliario.com\/sv\/2023\/07\/26\/165-miljoner-euro-tm-real-estate-groups-expansionsplan-i-costa-del-sol\/#primaryimage"},"thumbnailUrl":"https:\/\/blog.tmgrupoinmobiliario.com\/sv\/wp-content\/uploads\/sites\/6\/2023\/07\/07_25-Atalaya-1000x666-11.png","datePublished":"2023-07-26T11:15:43+00:00","dateModified":"2023-07-26T11:16:13+00:00","author":{"@id":"https:\/\/blog.tmgrupoinmobiliario.com\/sv\/#\/schema\/person\/788477479d35e623ab75c2fb194e7730"},"breadcrumb":{"@id":"https:\/\/blog.tmgrupoinmobiliario.com\/sv\/2023\/07\/26\/165-miljoner-euro-tm-real-estate-groups-expansionsplan-i-costa-del-sol\/#breadcrumb"},"inLanguage":"sv-SE","potentialAction":[{"@type":"ReadAction","target":["https:\/\/blog.tmgrupoinmobiliario.com\/sv\/2023\/07\/26\/165-miljoner-euro-tm-real-estate-groups-expansionsplan-i-costa-del-sol\/"]}]},{"@type":"ImageObject","inLanguage":"sv-SE","@id":"https:\/\/blog.tmgrupoinmobiliario.com\/sv\/2023\/07\/26\/165-miljoner-euro-tm-real-estate-groups-expansionsplan-i-costa-del-sol\/#primaryimage","url":"https:\/\/blog.tmgrupoinmobiliario.com\/sv\/wp-content\/uploads\/sites\/6\/2023\/07\/07_25-Atalaya-1000x666-11.png","contentUrl":"https:\/\/blog.tmgrupoinmobiliario.com\/sv\/wp-content\/uploads\/sites\/6\/2023\/07\/07_25-Atalaya-1000x666-11.png","width":1000,"height":666},{"@type":"BreadcrumbList","@id":"https:\/\/blog.tmgrupoinmobiliario.com\/sv\/2023\/07\/26\/165-miljoner-euro-tm-real-estate-groups-expansionsplan-i-costa-del-sol\/#breadcrumb","itemListElement":[{"@type":"ListItem","position":1,"name":"Portada","item":"https:\/\/blog.tmgrupoinmobiliario.com\/sv\/"},{"@type":"ListItem","position":2,"name":"165 miljoner euro: TM Real Estate Groups expansionsplan i Costa del Sol"}]},{"@type":"WebSite","@id":"https:\/\/blog.tmgrupoinmobiliario.com\/sv\/#website","url":"https:\/\/blog.tmgrupoinmobiliario.com\/sv\/","name":"Svenska","description":"Otro sitio m\u00e1s de Blog Desarrollo TM sitios","potentialAction":[{"@type":"SearchAction","target":{"@type":"EntryPoint","urlTemplate":"https:\/\/blog.tmgrupoinmobiliario.com\/sv\/?s={search_term_string}"},"query-input":{"@type":"PropertyValueSpecification","valueRequired":true,"valueName":"search_term_string"}}],"inLanguage":"sv-SE"},{"@type":"Person","@id":"https:\/\/blog.tmgrupoinmobiliario.com\/sv\/#\/schema\/person\/788477479d35e623ab75c2fb194e7730","name":"marina","image":{"@type":"ImageObject","inLanguage":"sv-SE","@id":"https:\/\/secure.gravatar.com\/avatar\/34480839eb5b1bb235efe5be1b7e49218e07e314c17d1fb9ba5183ac5c2c64f3?s=96&d=mm&r=g","url":"https:\/\/secure.gravatar.com\/avatar\/34480839eb5b1bb235efe5be1b7e49218e07e314c17d1fb9ba5183ac5c2c64f3?s=96&d=mm&r=g","contentUrl":"https:\/\/secure.gravatar.com\/avatar\/34480839eb5b1bb235efe5be1b7e49218e07e314c17d1fb9ba5183ac5c2c64f3?s=96&d=mm&r=g","caption":"marina"},"url":"https:\/\/blog.tmgrupoinmobiliario.com\/sv\/author\/marina\/"}]}},"jetpack_featured_media_url":"https:\/\/blog.tmgrupoinmobiliario.com\/sv\/wp-content\/uploads\/sites\/6\/2023\/07\/07_25-Atalaya-1000x666-11.png","jetpack_sharing_enabled":true,"_links":{"self":[{"href":"https:\/\/blog.tmgrupoinmobiliario.com\/sv\/wp-json\/wp\/v2\/posts\/17259","targetHints":{"allow":["GET"]}}],"collection":[{"href":"https:\/\/blog.tmgrupoinmobiliario.com\/sv\/wp-json\/wp\/v2\/posts"}],"about":[{"href":"https:\/\/blog.tmgrupoinmobiliario.com\/sv\/wp-json\/wp\/v2\/types\/post"}],"author":[{"embeddable":true,"href":"https:\/\/blog.tmgrupoinmobiliario.com\/sv\/wp-json\/wp\/v2\/users\/11716"}],"replies":[{"embeddable":true,"href":"https:\/\/blog.tmgrupoinmobiliario.com\/sv\/wp-json\/wp\/v2\/comments?post=17259"}],"version-history":[{"count":1,"href":"https:\/\/blog.tmgrupoinmobiliario.com\/sv\/wp-json\/wp\/v2\/posts\/17259\/revisions"}],"predecessor-version":[{"id":17265,"href":"https:\/\/blog.tmgrupoinmobiliario.com\/sv\/wp-json\/wp\/v2\/posts\/17259\/revisions\/17265"}],"wp:featuredmedia":[{"embeddable":true,"href":"https:\/\/blog.tmgrupoinmobiliario.com\/sv\/wp-json\/wp\/v2\/media\/17264"}],"wp:attachment":[{"href":"https:\/\/blog.tmgrupoinmobiliario.com\/sv\/wp-json\/wp\/v2\/media?parent=17259"}],"wp:term":[{"taxonomy":"category","embeddable":true,"href":"https:\/\/blog.tmgrupoinmobiliario.com\/sv\/wp-json\/wp\/v2\/categories?post=17259"},{"taxonomy":"post_tag","embeddable":true,"href":"https:\/\/blog.tmgrupoinmobiliario.com\/sv\/wp-json\/wp\/v2\/tags?post=17259"}],"curies":[{"name":"wp","href":"https:\/\/api.w.org\/{rel}","templated":true}]}}