{"id":17213,"date":"2023-07-05T11:42:07","date_gmt":"2023-07-05T09:42:07","guid":{"rendered":"https:\/\/blog.tmgrupoinmobiliario.com\/sv\/?p=17213"},"modified":"2023-07-05T11:42:07","modified_gmt":"2023-07-05T09:42:07","slug":"tm-real-estate-group-blir-valencia-cf-main-global-partner-och-real-estate-partner","status":"publish","type":"post","link":"https:\/\/blog.tmgrupoinmobiliario.com\/sv\/2023\/07\/05\/tm-real-estate-group-blir-valencia-cf-main-global-partner-och-real-estate-partner\/","title":{"rendered":"TM Real Estate Group blir Valencia CF: Main Global Partner och Real Estate Partner"},"content":{"rendered":"<p><em><strong>Holdingbolaget fr\u00e5n Alicante, referensf\u00f6retag inom sektorn f\u00f6r bostadsturism, hotell och semester, kommer att synas p\u00e5 framsidan av huvudlagets matchtr\u00f6ja<\/strong><\/em><\/p>\n<p><strong>\u00a0<\/strong><\/p>\n<p><strong>Valencia CF<\/strong> meddelar med gl\u00e4dje att de har ing\u00e5tt ett fler\u00e5rigt avtal med <strong>TM Real Estate Group<\/strong> som <strong>Main Global Partner<\/strong> och <strong>Real Estate Partner<\/strong> fr\u00e5n och med b\u00f6rjan p\u00e5 n\u00e4sta s\u00e4song.<\/p>\n<p>Fr\u00e5n den 1 juli 2023 kommer <strong>TM Real Estate Group<\/strong> att vara huvudsponsor av <strong>Valencia CF<\/strong> och kommer att synas p\u00e5 framsidan av den officiella tr\u00f6jan f\u00f6r huvudlaget, b\u00e5de dam- och herrlagen VCF Academy, VCF Femenino-laget samt p\u00e5 klubbens tr\u00e4ningskl\u00e4der och fysiska och digitala medier.<\/p>\n<p><strong>Valencia CF<\/strong> \u00e4r stolt \u00f6ver att vara knutet till varum\u00e4rket och b\u00e4ra det p\u00e5 br\u00f6stet. Valencia-F\u00f6retaget har under m\u00e5nga \u00e5r visat sitt starka engagemang f\u00f6r idrotten i detta Comunitat genom att st\u00f6dja klubbar och idrottare fr\u00e5n olika idrottsgrenar.<\/p>\n<p><strong>TM Real Estate Group<\/strong> \u00e4r ett ledande holdingbolag inom sektorn f\u00f6r bostadsturism, hotell och semester och \u00e4r ett av Spaniens huvudsakliga fastighetsutvecklingsf\u00f6retag.<\/p>\n<p>Det Alicante-baserade f\u00f6retaget, som har cirka 2\u00a0000 anst\u00e4llda, har \u00e4ven andra aff\u00e4rsomr\u00e5den s\u00e5som hotell, jordbruk, semesteruthyrning, solcellsenergi och fastighetsm\u00e4kleri.<\/p>\n<p><strong>Valencia CF<\/strong> och <strong>TM Real Estate Group<\/strong> delar sin entusiasm inf\u00f6r bildandet av denna nya allians.<\/p>\n<p><strong>Layhoon Chan (klubbchef f\u00f6r Valencia CF)<\/strong>: &#8220;Vi \u00e4r mycket glada \u00f6ver att sl\u00e5 f\u00f6lje med ett f\u00f6retag som har s\u00e5 mycket erfarenhet och utveckling som TM Real Estate Group. Vi kan med stolthet meddela att Valencia CF \u00e5terigen kommer att b\u00e4ra varum\u00e4rket f\u00f6r ett Valencia-f\u00f6retag p\u00e5 br\u00f6stet. Vi delar inte bara m\u00e5nga v\u00e4rderingar s\u00e5som v\u00e4rnandet av Medelhavslivsstilen, h\u00e4ngivenheten till idrott i v\u00e5r region och familjepassionen \u00f6ver generationerna, fr\u00e5n och med nu delar vi \u00e4ven v\u00e5ra dr\u00f6mmar. V\u00e4lkomna till Valencia CF&#8221;.<\/p>\n<p><strong>Pablo Serna (vd f\u00f6r TM Real Estate Group)<\/strong>: &#8220;Som ett f\u00f6retag i Valencia har TM under sin mer \u00e4n 50-\u00e5riga historia visat sitt starka engagemang f\u00f6r att fr\u00e4mja valenciansk idrott och de v\u00e4rden den representerar. Dessutom delar Valencia CF och vi en passion f\u00f6r Medelhavet och vi fr\u00e4mjar nationellt och internationellt den unika, glada och ansvarsfulla livsstil som k\u00e4nnetecknar oss i Valencia och Spanien. Vi \u00e4r glada och f\u00f6rv\u00e4ntansfulla \u00f6ver att ansluta oss till denna historiska klubb och n\u00e5gra av v\u00e4rldens b\u00e4sta supportrar. Amunt Valencia!\u201d.<\/p>\n<p>&nbsp;<\/p>\n<div style=\"width: 640px;\" class=\"wp-video\"><video class=\"wp-video-shortcode\" id=\"video-17213-1\" width=\"640\" height=\"360\" preload=\"metadata\" controls=\"controls\"><source type=\"video\/mp4\" src=\"https:\/\/www.tmgrupoinmobiliario.com\/blog\/wp-content\/uploads\/2023\/06\/TM-y-Valencia-CF-reducido.mp4?_=1\" \/><a href=\"https:\/\/www.tmgrupoinmobiliario.com\/blog\/wp-content\/uploads\/2023\/06\/TM-y-Valencia-CF-reducido.mp4\">https:\/\/www.tmgrupoinmobiliario.com\/blog\/wp-content\/uploads\/2023\/06\/TM-y-Valencia-CF-reducido.mp4<\/a><\/video><\/div>\n","protected":false},"excerpt":{"rendered":"<p>Holdingbolaget fr\u00e5n Alicante, referensf\u00f6retag inom sektorn f\u00f6r bostadsturism, hotell och semester, kommer att synas p\u00e5 framsidan av huvudlagets matchtr\u00f6ja \u00a0 Valencia CF meddelar med gl\u00e4dje att de har ing\u00e5tt ett fler\u00e5rigt avtal med TM Real Estate Group som Main Global Partner och Real Estate Partner fr\u00e5n och med b\u00f6rjan p\u00e5 n\u00e4sta s\u00e4song. Fr\u00e5n den 1 [&hellip;]<\/p>\n","protected":false},"author":11716,"featured_media":17214,"comment_status":"open","ping_status":"open","sticky":false,"template":"","format":"standard","meta":{"_jetpack_memberships_contains_paid_content":false,"footnotes":""},"categories":[21,15,11],"tags":[399,405],"class_list":["post-17213","post","type-post","status-publish","format-standard","has-post-thumbnail","hentry","category-actualidad-tm","category-noticias","category-corporativo","tag-tag-all","tag-tag-compromise-en-2","formato-blog"],"better_featured_image":{"id":17214,"alt_text":"","caption":"","description":"","media_type":"image","media_details":{"width":1000,"height":666,"file":"2023\/07\/blog-1000x666-px1.jpg","filesize":430666,"sizes":{"medium":{"file":"blog-1000x666-px1-300x200.jpg","width":300,"height":200,"mime-type":"image\/jpeg","filesize":13416,"source_url":"https:\/\/blog.tmgrupoinmobiliario.com\/sv\/wp-content\/uploads\/sites\/6\/2023\/07\/blog-1000x666-px1-300x200.jpg"},"thumbnail":{"file":"blog-1000x666-px1-150x150.jpg","width":150,"height":150,"mime-type":"image\/jpeg","filesize":5964,"source_url":"https:\/\/blog.tmgrupoinmobiliario.com\/sv\/wp-content\/uploads\/sites\/6\/2023\/07\/blog-1000x666-px1-150x150.jpg"},"medium_large":{"file":"blog-1000x666-px1-768x511.jpg","width":768,"height":511,"mime-type":"image\/jpeg","filesize":75863,"source_url":"https:\/\/blog.tmgrupoinmobiliario.com\/sv\/wp-content\/uploads\/sites\/6\/2023\/07\/blog-1000x666-px1-768x511.jpg"}},"image_meta":{"aperture":"0","credit":"","camera":"","caption":"","created_timestamp":"0","copyright":"","focal_length":"0","iso":"0","shutter_speed":"0","title":"","orientation":"0","keywords":[]}},"post":17213,"source_url":"https:\/\/blog.tmgrupoinmobiliario.com\/sv\/wp-content\/uploads\/sites\/6\/2023\/07\/blog-1000x666-px1.jpg"},"acf":{"imagen_destacada_desktop":"https:\/\/blog.tmgrupoinmobiliario.com\/sv\/wp-content\/uploads\/sites\/6\/2023\/07\/blog-1920x870-px1.jpg","imagen_destacada_mobile":"https:\/\/blog.tmgrupoinmobiliario.com\/sv\/wp-content\/uploads\/sites\/6\/2023\/07\/blog-540x540-px1.jpg","formato":{"term_id":484,"name":"Blog","slug":"blog","term_group":0,"term_taxonomy_id":484,"taxonomy":"formato","description":"","parent":0,"count":74,"filter":"raw"},"entradilla":"","etiquetas":"","cabecera_escritorio":"https:\/\/blog.tmgrupoinmobiliario.com\/sv\/wp-content\/uploads\/sites\/6\/2023\/07\/blog-1200x300px1.jpg","cabecera_mobile":"https:\/\/blog.tmgrupoinmobiliario.com\/sv\/wp-content\/uploads\/sites\/6\/2023\/07\/blog-768x768-px1.jpg","galeria":false},"yoast_head":"<!-- This site is optimized with the Yoast SEO Premium plugin v23.6 (Yoast SEO v27.5) - https:\/\/yoast.com\/product\/yoast-seo-premium-wordpress\/ -->\n<title>TM Real Estate Group blir Valencia CF: Main Global Partner och Real Estate Partner - Svenska<\/title>\n<meta name=\"robots\" content=\"index, follow, max-snippet:-1, max-image-preview:large, max-video-preview:-1\" \/>\n<link rel=\"canonical\" href=\"https:\/\/blog.tmgrupoinmobiliario.com\/sv\/2023\/07\/05\/tm-real-estate-group-blir-valencia-cf-main-global-partner-och-real-estate-partner\/\" \/>\n<meta property=\"og:locale\" content=\"sv_SE\" \/>\n<meta property=\"og:type\" content=\"article\" \/>\n<meta property=\"og:title\" content=\"TM Real Estate Group blir Valencia CF: Main Global Partner och Real Estate Partner\" \/>\n<meta property=\"og:description\" content=\"Holdingbolaget fr\u00e5n Alicante, referensf\u00f6retag inom sektorn f\u00f6r bostadsturism, hotell och semester, kommer att synas p\u00e5 framsidan av huvudlagets matchtr\u00f6ja \u00a0 Valencia CF meddelar med gl\u00e4dje att de har ing\u00e5tt ett fler\u00e5rigt avtal med TM Real Estate Group som Main Global Partner och Real Estate Partner fr\u00e5n och med b\u00f6rjan p\u00e5 n\u00e4sta s\u00e4song. Fr\u00e5n den 1 [&hellip;]\" \/>\n<meta property=\"og:url\" content=\"https:\/\/blog.tmgrupoinmobiliario.com\/sv\/2023\/07\/05\/tm-real-estate-group-blir-valencia-cf-main-global-partner-och-real-estate-partner\/\" \/>\n<meta property=\"og:site_name\" content=\"Svenska\" \/>\n<meta property=\"article:published_time\" content=\"2023-07-05T09:42:07+00:00\" \/>\n<meta property=\"og:image\" content=\"https:\/\/blog.tmgrupoinmobiliario.com\/sv\/wp-content\/uploads\/sites\/6\/2023\/07\/blog-1000x666-px1.jpg\" \/>\n\t<meta property=\"og:image:width\" content=\"1000\" \/>\n\t<meta property=\"og:image:height\" content=\"666\" \/>\n\t<meta property=\"og:image:type\" content=\"image\/jpeg\" \/>\n<meta name=\"author\" content=\"marina\" \/>\n<meta name=\"twitter:card\" content=\"summary_large_image\" \/>\n<meta name=\"twitter:label1\" content=\"Skriven av\" \/>\n\t<meta name=\"twitter:data1\" content=\"marina\" \/>\n\t<meta name=\"twitter:label2\" content=\"Ber\u00e4knad l\u00e4stid\" \/>\n\t<meta name=\"twitter:data2\" content=\"2 minuter\" \/>\n<script type=\"application\/ld+json\" class=\"yoast-schema-graph\">{\"@context\":\"https:\\\/\\\/schema.org\",\"@graph\":[{\"@type\":\"Article\",\"@id\":\"https:\\\/\\\/blog.tmgrupoinmobiliario.com\\\/sv\\\/2023\\\/07\\\/05\\\/tm-real-estate-group-blir-valencia-cf-main-global-partner-och-real-estate-partner\\\/#article\",\"isPartOf\":{\"@id\":\"https:\\\/\\\/blog.tmgrupoinmobiliario.com\\\/sv\\\/2023\\\/07\\\/05\\\/tm-real-estate-group-blir-valencia-cf-main-global-partner-och-real-estate-partner\\\/\"},\"author\":{\"name\":\"marina\",\"@id\":\"https:\\\/\\\/blog.tmgrupoinmobiliario.com\\\/sv\\\/#\\\/schema\\\/person\\\/788477479d35e623ab75c2fb194e7730\"},\"headline\":\"TM Real Estate Group blir Valencia CF: Main Global Partner och Real Estate Partner\",\"datePublished\":\"2023-07-05T09:42:07+00:00\",\"mainEntityOfPage\":{\"@id\":\"https:\\\/\\\/blog.tmgrupoinmobiliario.com\\\/sv\\\/2023\\\/07\\\/05\\\/tm-real-estate-group-blir-valencia-cf-main-global-partner-och-real-estate-partner\\\/\"},\"wordCount\":443,\"commentCount\":0,\"image\":{\"@id\":\"https:\\\/\\\/blog.tmgrupoinmobiliario.com\\\/sv\\\/2023\\\/07\\\/05\\\/tm-real-estate-group-blir-valencia-cf-main-global-partner-och-real-estate-partner\\\/#primaryimage\"},\"thumbnailUrl\":\"https:\\\/\\\/blog.tmgrupoinmobiliario.com\\\/sv\\\/wp-content\\\/uploads\\\/sites\\\/6\\\/2023\\\/07\\\/blog-1000x666-px1.jpg\",\"keywords\":[\"tag-all\",\"tag-compromise\"],\"articleSection\":[\"Actualidad TM\",\"Aktualno\u015bci\",\"Corporativo\"],\"inLanguage\":\"sv-SE\",\"potentialAction\":[{\"@type\":\"CommentAction\",\"name\":\"Comment\",\"target\":[\"https:\\\/\\\/blog.tmgrupoinmobiliario.com\\\/sv\\\/2023\\\/07\\\/05\\\/tm-real-estate-group-blir-valencia-cf-main-global-partner-och-real-estate-partner\\\/#respond\"]}]},{\"@type\":\"WebPage\",\"@id\":\"https:\\\/\\\/blog.tmgrupoinmobiliario.com\\\/sv\\\/2023\\\/07\\\/05\\\/tm-real-estate-group-blir-valencia-cf-main-global-partner-och-real-estate-partner\\\/\",\"url\":\"https:\\\/\\\/blog.tmgrupoinmobiliario.com\\\/sv\\\/2023\\\/07\\\/05\\\/tm-real-estate-group-blir-valencia-cf-main-global-partner-och-real-estate-partner\\\/\",\"name\":\"TM Real Estate Group blir Valencia CF: Main Global Partner och Real Estate Partner - Svenska\",\"isPartOf\":{\"@id\":\"https:\\\/\\\/blog.tmgrupoinmobiliario.com\\\/sv\\\/#website\"},\"primaryImageOfPage\":{\"@id\":\"https:\\\/\\\/blog.tmgrupoinmobiliario.com\\\/sv\\\/2023\\\/07\\\/05\\\/tm-real-estate-group-blir-valencia-cf-main-global-partner-och-real-estate-partner\\\/#primaryimage\"},\"image\":{\"@id\":\"https:\\\/\\\/blog.tmgrupoinmobiliario.com\\\/sv\\\/2023\\\/07\\\/05\\\/tm-real-estate-group-blir-valencia-cf-main-global-partner-och-real-estate-partner\\\/#primaryimage\"},\"thumbnailUrl\":\"https:\\\/\\\/blog.tmgrupoinmobiliario.com\\\/sv\\\/wp-content\\\/uploads\\\/sites\\\/6\\\/2023\\\/07\\\/blog-1000x666-px1.jpg\",\"datePublished\":\"2023-07-05T09:42:07+00:00\",\"author\":{\"@id\":\"https:\\\/\\\/blog.tmgrupoinmobiliario.com\\\/sv\\\/#\\\/schema\\\/person\\\/788477479d35e623ab75c2fb194e7730\"},\"breadcrumb\":{\"@id\":\"https:\\\/\\\/blog.tmgrupoinmobiliario.com\\\/sv\\\/2023\\\/07\\\/05\\\/tm-real-estate-group-blir-valencia-cf-main-global-partner-och-real-estate-partner\\\/#breadcrumb\"},\"inLanguage\":\"sv-SE\",\"potentialAction\":[{\"@type\":\"ReadAction\",\"target\":[\"https:\\\/\\\/blog.tmgrupoinmobiliario.com\\\/sv\\\/2023\\\/07\\\/05\\\/tm-real-estate-group-blir-valencia-cf-main-global-partner-och-real-estate-partner\\\/\"]}]},{\"@type\":\"ImageObject\",\"inLanguage\":\"sv-SE\",\"@id\":\"https:\\\/\\\/blog.tmgrupoinmobiliario.com\\\/sv\\\/2023\\\/07\\\/05\\\/tm-real-estate-group-blir-valencia-cf-main-global-partner-och-real-estate-partner\\\/#primaryimage\",\"url\":\"https:\\\/\\\/blog.tmgrupoinmobiliario.com\\\/sv\\\/wp-content\\\/uploads\\\/sites\\\/6\\\/2023\\\/07\\\/blog-1000x666-px1.jpg\",\"contentUrl\":\"https:\\\/\\\/blog.tmgrupoinmobiliario.com\\\/sv\\\/wp-content\\\/uploads\\\/sites\\\/6\\\/2023\\\/07\\\/blog-1000x666-px1.jpg\",\"width\":1000,\"height\":666},{\"@type\":\"BreadcrumbList\",\"@id\":\"https:\\\/\\\/blog.tmgrupoinmobiliario.com\\\/sv\\\/2023\\\/07\\\/05\\\/tm-real-estate-group-blir-valencia-cf-main-global-partner-och-real-estate-partner\\\/#breadcrumb\",\"itemListElement\":[{\"@type\":\"ListItem\",\"position\":1,\"name\":\"Portada\",\"item\":\"https:\\\/\\\/blog.tmgrupoinmobiliario.com\\\/sv\\\/\"},{\"@type\":\"ListItem\",\"position\":2,\"name\":\"TM Real Estate Group blir Valencia CF: Main Global Partner och Real Estate Partner\"}]},{\"@type\":\"WebSite\",\"@id\":\"https:\\\/\\\/blog.tmgrupoinmobiliario.com\\\/sv\\\/#website\",\"url\":\"https:\\\/\\\/blog.tmgrupoinmobiliario.com\\\/sv\\\/\",\"name\":\"Svenska\",\"description\":\"Otro sitio m\u00e1s de Blog Desarrollo TM sitios\",\"potentialAction\":[{\"@type\":\"SearchAction\",\"target\":{\"@type\":\"EntryPoint\",\"urlTemplate\":\"https:\\\/\\\/blog.tmgrupoinmobiliario.com\\\/sv\\\/?s={search_term_string}\"},\"query-input\":{\"@type\":\"PropertyValueSpecification\",\"valueRequired\":true,\"valueName\":\"search_term_string\"}}],\"inLanguage\":\"sv-SE\"},{\"@type\":\"Person\",\"@id\":\"https:\\\/\\\/blog.tmgrupoinmobiliario.com\\\/sv\\\/#\\\/schema\\\/person\\\/788477479d35e623ab75c2fb194e7730\",\"name\":\"marina\",\"image\":{\"@type\":\"ImageObject\",\"inLanguage\":\"sv-SE\",\"@id\":\"https:\\\/\\\/secure.gravatar.com\\\/avatar\\\/34480839eb5b1bb235efe5be1b7e49218e07e314c17d1fb9ba5183ac5c2c64f3?s=96&d=mm&r=g\",\"url\":\"https:\\\/\\\/secure.gravatar.com\\\/avatar\\\/34480839eb5b1bb235efe5be1b7e49218e07e314c17d1fb9ba5183ac5c2c64f3?s=96&d=mm&r=g\",\"contentUrl\":\"https:\\\/\\\/secure.gravatar.com\\\/avatar\\\/34480839eb5b1bb235efe5be1b7e49218e07e314c17d1fb9ba5183ac5c2c64f3?s=96&d=mm&r=g\",\"caption\":\"marina\"},\"url\":\"https:\\\/\\\/blog.tmgrupoinmobiliario.com\\\/sv\\\/author\\\/marina\\\/\"}]}<\/script>\n<!-- \/ Yoast SEO Premium plugin. -->","yoast_head_json":{"title":"TM Real Estate Group blir Valencia CF: Main Global Partner och Real Estate Partner - Svenska","robots":{"index":"index","follow":"follow","max-snippet":"max-snippet:-1","max-image-preview":"max-image-preview:large","max-video-preview":"max-video-preview:-1"},"canonical":"https:\/\/blog.tmgrupoinmobiliario.com\/sv\/2023\/07\/05\/tm-real-estate-group-blir-valencia-cf-main-global-partner-och-real-estate-partner\/","og_locale":"sv_SE","og_type":"article","og_title":"TM Real Estate Group blir Valencia CF: Main Global Partner och Real Estate Partner","og_description":"Holdingbolaget fr\u00e5n Alicante, referensf\u00f6retag inom sektorn f\u00f6r bostadsturism, hotell och semester, kommer att synas p\u00e5 framsidan av huvudlagets matchtr\u00f6ja \u00a0 Valencia CF meddelar med gl\u00e4dje att de har ing\u00e5tt ett fler\u00e5rigt avtal med TM Real Estate Group som Main Global Partner och Real Estate Partner fr\u00e5n och med b\u00f6rjan p\u00e5 n\u00e4sta s\u00e4song. Fr\u00e5n den 1 [&hellip;]","og_url":"https:\/\/blog.tmgrupoinmobiliario.com\/sv\/2023\/07\/05\/tm-real-estate-group-blir-valencia-cf-main-global-partner-och-real-estate-partner\/","og_site_name":"Svenska","article_published_time":"2023-07-05T09:42:07+00:00","og_image":[{"width":1000,"height":666,"url":"https:\/\/blog.tmgrupoinmobiliario.com\/sv\/wp-content\/uploads\/sites\/6\/2023\/07\/blog-1000x666-px1.jpg","type":"image\/jpeg"}],"author":"marina","twitter_card":"summary_large_image","twitter_misc":{"Skriven av":"marina","Ber\u00e4knad l\u00e4stid":"2 minuter"},"schema":{"@context":"https:\/\/schema.org","@graph":[{"@type":"Article","@id":"https:\/\/blog.tmgrupoinmobiliario.com\/sv\/2023\/07\/05\/tm-real-estate-group-blir-valencia-cf-main-global-partner-och-real-estate-partner\/#article","isPartOf":{"@id":"https:\/\/blog.tmgrupoinmobiliario.com\/sv\/2023\/07\/05\/tm-real-estate-group-blir-valencia-cf-main-global-partner-och-real-estate-partner\/"},"author":{"name":"marina","@id":"https:\/\/blog.tmgrupoinmobiliario.com\/sv\/#\/schema\/person\/788477479d35e623ab75c2fb194e7730"},"headline":"TM Real Estate Group blir Valencia CF: Main Global Partner och Real Estate Partner","datePublished":"2023-07-05T09:42:07+00:00","mainEntityOfPage":{"@id":"https:\/\/blog.tmgrupoinmobiliario.com\/sv\/2023\/07\/05\/tm-real-estate-group-blir-valencia-cf-main-global-partner-och-real-estate-partner\/"},"wordCount":443,"commentCount":0,"image":{"@id":"https:\/\/blog.tmgrupoinmobiliario.com\/sv\/2023\/07\/05\/tm-real-estate-group-blir-valencia-cf-main-global-partner-och-real-estate-partner\/#primaryimage"},"thumbnailUrl":"https:\/\/blog.tmgrupoinmobiliario.com\/sv\/wp-content\/uploads\/sites\/6\/2023\/07\/blog-1000x666-px1.jpg","keywords":["tag-all","tag-compromise"],"articleSection":["Actualidad TM","Aktualno\u015bci","Corporativo"],"inLanguage":"sv-SE","potentialAction":[{"@type":"CommentAction","name":"Comment","target":["https:\/\/blog.tmgrupoinmobiliario.com\/sv\/2023\/07\/05\/tm-real-estate-group-blir-valencia-cf-main-global-partner-och-real-estate-partner\/#respond"]}]},{"@type":"WebPage","@id":"https:\/\/blog.tmgrupoinmobiliario.com\/sv\/2023\/07\/05\/tm-real-estate-group-blir-valencia-cf-main-global-partner-och-real-estate-partner\/","url":"https:\/\/blog.tmgrupoinmobiliario.com\/sv\/2023\/07\/05\/tm-real-estate-group-blir-valencia-cf-main-global-partner-och-real-estate-partner\/","name":"TM Real Estate Group blir Valencia CF: Main Global Partner och Real Estate Partner - Svenska","isPartOf":{"@id":"https:\/\/blog.tmgrupoinmobiliario.com\/sv\/#website"},"primaryImageOfPage":{"@id":"https:\/\/blog.tmgrupoinmobiliario.com\/sv\/2023\/07\/05\/tm-real-estate-group-blir-valencia-cf-main-global-partner-och-real-estate-partner\/#primaryimage"},"image":{"@id":"https:\/\/blog.tmgrupoinmobiliario.com\/sv\/2023\/07\/05\/tm-real-estate-group-blir-valencia-cf-main-global-partner-och-real-estate-partner\/#primaryimage"},"thumbnailUrl":"https:\/\/blog.tmgrupoinmobiliario.com\/sv\/wp-content\/uploads\/sites\/6\/2023\/07\/blog-1000x666-px1.jpg","datePublished":"2023-07-05T09:42:07+00:00","author":{"@id":"https:\/\/blog.tmgrupoinmobiliario.com\/sv\/#\/schema\/person\/788477479d35e623ab75c2fb194e7730"},"breadcrumb":{"@id":"https:\/\/blog.tmgrupoinmobiliario.com\/sv\/2023\/07\/05\/tm-real-estate-group-blir-valencia-cf-main-global-partner-och-real-estate-partner\/#breadcrumb"},"inLanguage":"sv-SE","potentialAction":[{"@type":"ReadAction","target":["https:\/\/blog.tmgrupoinmobiliario.com\/sv\/2023\/07\/05\/tm-real-estate-group-blir-valencia-cf-main-global-partner-och-real-estate-partner\/"]}]},{"@type":"ImageObject","inLanguage":"sv-SE","@id":"https:\/\/blog.tmgrupoinmobiliario.com\/sv\/2023\/07\/05\/tm-real-estate-group-blir-valencia-cf-main-global-partner-och-real-estate-partner\/#primaryimage","url":"https:\/\/blog.tmgrupoinmobiliario.com\/sv\/wp-content\/uploads\/sites\/6\/2023\/07\/blog-1000x666-px1.jpg","contentUrl":"https:\/\/blog.tmgrupoinmobiliario.com\/sv\/wp-content\/uploads\/sites\/6\/2023\/07\/blog-1000x666-px1.jpg","width":1000,"height":666},{"@type":"BreadcrumbList","@id":"https:\/\/blog.tmgrupoinmobiliario.com\/sv\/2023\/07\/05\/tm-real-estate-group-blir-valencia-cf-main-global-partner-och-real-estate-partner\/#breadcrumb","itemListElement":[{"@type":"ListItem","position":1,"name":"Portada","item":"https:\/\/blog.tmgrupoinmobiliario.com\/sv\/"},{"@type":"ListItem","position":2,"name":"TM Real Estate Group blir Valencia CF: Main Global Partner och Real Estate Partner"}]},{"@type":"WebSite","@id":"https:\/\/blog.tmgrupoinmobiliario.com\/sv\/#website","url":"https:\/\/blog.tmgrupoinmobiliario.com\/sv\/","name":"Svenska","description":"Otro sitio m\u00e1s de Blog Desarrollo TM sitios","potentialAction":[{"@type":"SearchAction","target":{"@type":"EntryPoint","urlTemplate":"https:\/\/blog.tmgrupoinmobiliario.com\/sv\/?s={search_term_string}"},"query-input":{"@type":"PropertyValueSpecification","valueRequired":true,"valueName":"search_term_string"}}],"inLanguage":"sv-SE"},{"@type":"Person","@id":"https:\/\/blog.tmgrupoinmobiliario.com\/sv\/#\/schema\/person\/788477479d35e623ab75c2fb194e7730","name":"marina","image":{"@type":"ImageObject","inLanguage":"sv-SE","@id":"https:\/\/secure.gravatar.com\/avatar\/34480839eb5b1bb235efe5be1b7e49218e07e314c17d1fb9ba5183ac5c2c64f3?s=96&d=mm&r=g","url":"https:\/\/secure.gravatar.com\/avatar\/34480839eb5b1bb235efe5be1b7e49218e07e314c17d1fb9ba5183ac5c2c64f3?s=96&d=mm&r=g","contentUrl":"https:\/\/secure.gravatar.com\/avatar\/34480839eb5b1bb235efe5be1b7e49218e07e314c17d1fb9ba5183ac5c2c64f3?s=96&d=mm&r=g","caption":"marina"},"url":"https:\/\/blog.tmgrupoinmobiliario.com\/sv\/author\/marina\/"}]}},"jetpack_featured_media_url":"https:\/\/blog.tmgrupoinmobiliario.com\/sv\/wp-content\/uploads\/sites\/6\/2023\/07\/blog-1000x666-px1.jpg","jetpack_sharing_enabled":true,"_links":{"self":[{"href":"https:\/\/blog.tmgrupoinmobiliario.com\/sv\/wp-json\/wp\/v2\/posts\/17213","targetHints":{"allow":["GET"]}}],"collection":[{"href":"https:\/\/blog.tmgrupoinmobiliario.com\/sv\/wp-json\/wp\/v2\/posts"}],"about":[{"href":"https:\/\/blog.tmgrupoinmobiliario.com\/sv\/wp-json\/wp\/v2\/types\/post"}],"author":[{"embeddable":true,"href":"https:\/\/blog.tmgrupoinmobiliario.com\/sv\/wp-json\/wp\/v2\/users\/11716"}],"replies":[{"embeddable":true,"href":"https:\/\/blog.tmgrupoinmobiliario.com\/sv\/wp-json\/wp\/v2\/comments?post=17213"}],"version-history":[{"count":1,"href":"https:\/\/blog.tmgrupoinmobiliario.com\/sv\/wp-json\/wp\/v2\/posts\/17213\/revisions"}],"predecessor-version":[{"id":17219,"href":"https:\/\/blog.tmgrupoinmobiliario.com\/sv\/wp-json\/wp\/v2\/posts\/17213\/revisions\/17219"}],"wp:featuredmedia":[{"embeddable":true,"href":"https:\/\/blog.tmgrupoinmobiliario.com\/sv\/wp-json\/wp\/v2\/media\/17214"}],"wp:attachment":[{"href":"https:\/\/blog.tmgrupoinmobiliario.com\/sv\/wp-json\/wp\/v2\/media?parent=17213"}],"wp:term":[{"taxonomy":"category","embeddable":true,"href":"https:\/\/blog.tmgrupoinmobiliario.com\/sv\/wp-json\/wp\/v2\/categories?post=17213"},{"taxonomy":"post_tag","embeddable":true,"href":"https:\/\/blog.tmgrupoinmobiliario.com\/sv\/wp-json\/wp\/v2\/tags?post=17213"}],"curies":[{"name":"wp","href":"https:\/\/api.w.org\/{rel}","templated":true}]}}