{"id":17200,"date":"2023-06-26T13:34:17","date_gmt":"2023-06-26T11:34:17","guid":{"rendered":"https:\/\/blog.tmgrupoinmobiliario.com\/sv\/?p=17200"},"modified":"2023-06-26T13:34:17","modified_gmt":"2023-06-26T11:34:17","slug":"dekorationsideer-till-din-tradgard","status":"publish","type":"post","link":"https:\/\/blog.tmgrupoinmobiliario.com\/sv\/2023\/06\/26\/dekorationsideer-till-din-tradgard\/","title":{"rendered":"16 dekorationsid\u00e9er till din tr\u00e4dg\u00e5rd"},"content":{"rendered":"<p>&nbsp;<\/p>\n<h4><span style=\"color: #ff0000\"><strong>Tr\u00e4dg\u00e5rd med stil<\/strong><\/span><\/h4>\n<p>Din tr\u00e4dg\u00e5rd \u00e4r sommarens viktigaste plats. Levande ljus, dynor, mattor, soff- och bordsupps\u00e4ttningar, lyktor, tr\u00e4dg\u00e5rdsfont\u00e4ner, facklor, blomkrukor, f\u00e5t\u00f6ljer\u2026 Det finns en uppsj\u00f6 av saker som kan uttrycka din livsstil i denna del av hemmet! V\u00e4lj de produkter som passar ditt s\u00e4tt att leva och f\u00f6rvandlar din tr\u00e4dg\u00e5rd till en plats med stil.<\/p>\n<h4><span style=\"color: #ff0000\"><strong>Vardagsrum i tr\u00e4dg\u00e5rden<\/strong><\/span><\/h4>\n<p>Varf\u00f6r inte g\u00f6ra tr\u00e4dg\u00e5rden till ditt sommarvardagsrum? Om du har en stor tr\u00e4dg\u00e5rd, utnyttja utrymmet och omvandla det till ett vardagsrum f\u00f6r att det ska bli din favoritplats p\u00e5 sommaren. En h\u00f6rnsoffa och ett bord i mitten, ett stort middagsbord med stolar f\u00f6r g\u00e4ster och till och med en gunga kan bli en del av ditt tr\u00e4dg\u00e5rdsvardagsrum. Du kommer vilja stanna i tr\u00e4dg\u00e5rden hela sommaren.<\/p>\n<h4><span style=\"color: #ff0000\"><strong>Chill out-h\u00f6rna<\/strong><\/span><\/h4>\n<p>H\u00f6rnsoffor h\u00f6r till de mest eftertraktade m\u00f6blerna f\u00f6r att skapa utrymmen f\u00f6r avkoppling i tr\u00e4dg\u00e5rden eller p\u00e5 terrassen. De \u00e4r mycket m\u00e5ngsidiga och d\u00e4r kan du njuta av de sm\u00e5 n\u00f6jena i livet: l\u00e4sa en bok, lapa sol, koppla av, dricka n\u00e5got uppfriskande med v\u00e4nner, ta en tupplur\u2026 oavsett s\u00e5 blir det en plats f\u00f6r avslappning, lugn och harmoni. Ge det din personliga touch och njut!<\/p>\n<h4><span style=\"color: #ff0000\"><strong>Ingen tr\u00e4dg\u00e5rd utan v\u00e4xter<\/strong><\/span><\/h4>\n<p>Det f\u00e5r inte saknas v\u00e4xter i din tr\u00e4dg\u00e5rd eller terrass. Leta efter t\u00e5liga och h\u00e5llbara v\u00e4xter till din tr\u00e4dg\u00e5rd. Gl\u00f6m inte att det finns massor av olika typer av v\u00e4xter att v\u00e4lja mellan och kombinera f\u00f6r att skapa variation: palmer, kaktusar, buskar, frukttr\u00e4d, kl\u00e4tterv\u00e4xter, rosenbuskar\u2026 Sikta p\u00e5 att f\u00e5 till en naturlig milj\u00f6 som ger energi, liv och f\u00e4rg till din uteplats.<\/p>\n<h4><span style=\"color: #ff0000\"><strong>Terrasser gjorda f\u00f6r avkoppling<\/strong><\/span><\/h4>\n<p>Vem t\u00e4nker inte p\u00e5 ordet avkoppling n\u00e4r de f\u00f6rest\u00e4ller sig sin terrass? Vare sig den \u00e4r stor, liten eller n\u00e5gonstans mitt emellan kan du anpassa din terrass f\u00f6r att skapa din perfekta avkopplingsplats. Ett par h\u00e4ngmattor, n\u00e5gra solstolar eller till och med en balinesisk s\u00e4ng kan vara en del av din tr\u00e4dg\u00e5rd eller terrass och erbjuda maximal avkoppling.<\/p>\n<p>&nbsp;<\/p>\n<div id='gallery-1' class='gallery galleryid-17200 gallery-columns-2 gallery-size-medium'><figure class='gallery-item'>\n\t\t\t<div class='gallery-icon landscape'>\n\t\t\t\t<a href='https:\/\/blog.tmgrupoinmobiliario.com\/sv\/2023\/06\/26\/dekorationsideer-till-din-tradgard\/solarium-con-sofas\/'><img loading=\"lazy\" decoding=\"async\" width=\"300\" height=\"225\" src=\"https:\/\/blog.tmgrupoinmobiliario.com\/sv\/wp-content\/uploads\/sites\/6\/2023\/06\/solarium-con-sofas-300x225.jpg\" class=\"attachment-medium size-medium\" alt=\"terrass\" srcset=\"https:\/\/blog.tmgrupoinmobiliario.com\/sv\/wp-content\/uploads\/sites\/6\/2023\/06\/solarium-con-sofas-300x225.jpg 300w, https:\/\/blog.tmgrupoinmobiliario.com\/sv\/wp-content\/uploads\/sites\/6\/2023\/06\/solarium-con-sofas-1024x767.jpg 1024w, https:\/\/blog.tmgrupoinmobiliario.com\/sv\/wp-content\/uploads\/sites\/6\/2023\/06\/solarium-con-sofas-768x575.jpg 768w, https:\/\/blog.tmgrupoinmobiliario.com\/sv\/wp-content\/uploads\/sites\/6\/2023\/06\/solarium-con-sofas.jpg 1026w\" sizes=\"auto, (max-width: 300px) 100vw, 300px\" \/><\/a>\n\t\t\t<\/div><\/figure><figure class='gallery-item'>\n\t\t\t<div class='gallery-icon landscape'>\n\t\t\t\t<a href='https:\/\/blog.tmgrupoinmobiliario.com\/sv\/2023\/06\/26\/dekorationsideer-till-din-tradgard\/terraza-con-bbq\/'><img loading=\"lazy\" decoding=\"async\" width=\"300\" height=\"225\" src=\"https:\/\/blog.tmgrupoinmobiliario.com\/sv\/wp-content\/uploads\/sites\/6\/2023\/06\/terraza-con-bbq-300x225.jpg\" class=\"attachment-medium size-medium\" alt=\"terrass\" srcset=\"https:\/\/blog.tmgrupoinmobiliario.com\/sv\/wp-content\/uploads\/sites\/6\/2023\/06\/terraza-con-bbq-300x225.jpg 300w, https:\/\/blog.tmgrupoinmobiliario.com\/sv\/wp-content\/uploads\/sites\/6\/2023\/06\/terraza-con-bbq-1024x767.jpg 1024w, https:\/\/blog.tmgrupoinmobiliario.com\/sv\/wp-content\/uploads\/sites\/6\/2023\/06\/terraza-con-bbq-768x575.jpg 768w, https:\/\/blog.tmgrupoinmobiliario.com\/sv\/wp-content\/uploads\/sites\/6\/2023\/06\/terraza-con-bbq.jpg 1026w\" sizes=\"auto, (max-width: 300px) 100vw, 300px\" \/><\/a>\n\t\t\t<\/div><\/figure>\n\t\t<\/div>\n\n<p>&nbsp;<\/p>\n<h4><span style=\"color: #ff0000\"><strong>Kv\u00e4llsbelysning<\/strong><\/span><\/h4>\n<p>Planera din utebelysning. Valm\u00f6jligheterna \u00e4r m\u00e5nga n\u00e4r det kommer till belysning: lyktor, levande ljus, kandelabrar, dekorativa lampor, facklor, solcellslampor, LED-spotlights, st\u00e4mningsbelysning eller till och med gatlyktor. Definiera tr\u00e4dg\u00e5rdens olika delar och v\u00e4lj r\u00e4tt belysning f\u00f6r huvudutrymmet, g\u00e5ngarna och v\u00e4ggarna. Skapa en unik kv\u00e4llsst\u00e4mning!<\/p>\n<h4><span style=\"color: #ff0000\"><strong>Utrymmen som beh\u00f6ver skugga<\/strong><\/span><\/h4>\n<p>Det \u00e4r absolut n\u00f6dv\u00e4ndigt att ta med skuggade utrymmen i ber\u00e4kningen f\u00f6r soliga, varma dagar. Det finns flera olika element som kan skydda dig mot solen utomhus: pergolor, parasoll, segelmarkiser, terrass- eller tr\u00e4dg\u00e5rdsmarkiser, t\u00e4lt, skuggn\u00e4t, lusthus och mer. V\u00e4lj det som passar b\u00e4st f\u00f6r dig.<\/p>\n<h4><span style=\"color: #ff0000\"><strong>M\u00f6bler som t\u00e5l v\u00e4der och vind<\/strong><\/span><\/h4>\n<p>Det \u00e4r viktigt att v\u00e4lja t\u00e5liga utomhusm\u00f6bler. Bor du n\u00e4ra havet b\u00f6r du ha i \u00e5tanke att v\u00e4dret och luftfuktigheten p\u00e5verkar m\u00f6blernas h\u00e5llbarhet. Material som plast, polypropylen, resin och PVC \u00e4r utm\u00e4rkta val p\u00e5 grund av deras h\u00f6ga h\u00e5rdhet, enkla reng\u00f6ring och l\u00e4tta vikt.<\/p>\n<h4><span style=\"color: #ff0000\"><strong>Oumb\u00e4rliga utomhustextilier<\/strong><\/span><\/h4>\n<p>Kompletterande textiltillbeh\u00f6r g\u00f6r din tr\u00e4dg\u00e5rd \u00e4nnu mysigare. Det finns m\u00e5nga alternativ n\u00e4r det kommer till tyger: utomhuskuddar till h\u00e4ngmattor, stolar, soffor eller f\u00e5t\u00f6ljer s\u00e5v\u00e4l som soffiltar eller <em>pl\u00e4der<\/em>, utomhusmattor, sittpuffar&#8230; V\u00e4lj utifr\u00e5n f\u00e4rgpaletten du vill ha p\u00e5 din uteplats s\u00e5 kan det inte g\u00e5 fel.<\/p>\n<h4><span style=\"color: #ff0000\"><strong>Utomhusmattor av linne eller jute<\/strong><\/span><\/h4>\n<p>Se till att golvet i ditt utomhusutrymme \u00e4r bekv\u00e4mt. Linne- och jutemattor f\u00f6rser din tr\u00e4dg\u00e5rd eller terrass med en varm k\u00e4nsla. St\u00e4ll ett utomhusbord och n\u00e5gra f\u00e5t\u00f6ljer eller en stor b\u00e4nk ovanp\u00e5 mattorna f\u00f6r de sena sommarmiddagarna under m\u00e5nskenet. Golvet i ditt utomhusomr\u00e5de kommer k\u00e4nnas underbart!<\/p>\n<h4><span style=\"color: #ff0000\"><strong>Puffar och kuddar utomhus<\/strong><\/span><\/h4>\n<p>Ut\u00f6ver soffor och f\u00e5t\u00f6ljer finns det andra alternativ f\u00f6r att sitta bekv\u00e4mt p\u00e5 din uteplats. Fr\u00e5n de ber\u00f6mda puffarna till ett brett utbud av dynor, kuddar, f\u00e5t\u00f6ljkuddar, vadderade utomhuskuddar med mera \u2013 allt du beh\u00f6ver f\u00f6r att skapa en avkopplande milj\u00f6! Se till att de t\u00e5l sol och regn d\u00e5 de kommer att vara utomhus st\u00f6rre delen av tiden. Ett tips \u00e4r att skydda inredningen mot v\u00e4der och vind med \u00f6verdrag.<\/p>\n<h4><span style=\"color: #ff0000\"><strong>Roliga utomhusdekorationer<\/strong><\/span><\/h4>\n<p>Var s\u00e5 kreativ som du vill n\u00e4r du inreder din uteplats. M\u00f6jligheterna \u00e4r o\u00e4ndliga: m\u00e5lningar, moderna font\u00e4ner, tomtestatyer, Buddhastatyetter, dekorativa figurer av exotiska djur som leguaner, flodh\u00e4star, krokodiler, papegojor, sk\u00f6ldpaddor, elefanter\u2026 G\u00f6r din tr\u00e4dg\u00e5rd till din egen med dekoren du gillar mest!<\/p>\n<p>&nbsp;<\/p>\n<div id='gallery-2' class='gallery galleryid-17200 gallery-columns-2 gallery-size-medium'><figure class='gallery-item'>\n\t\t\t<div class='gallery-icon landscape'>\n\t\t\t\t<a href='https:\/\/blog.tmgrupoinmobiliario.com\/sv\/2023\/06\/26\/dekorationsideer-till-din-tradgard\/terraza-con-jacuzzi\/'><img loading=\"lazy\" decoding=\"async\" width=\"300\" height=\"225\" src=\"https:\/\/blog.tmgrupoinmobiliario.com\/sv\/wp-content\/uploads\/sites\/6\/2023\/06\/terraza-con-jacuzzi-300x225.jpg\" class=\"attachment-medium size-medium\" alt=\"terrass\" srcset=\"https:\/\/blog.tmgrupoinmobiliario.com\/sv\/wp-content\/uploads\/sites\/6\/2023\/06\/terraza-con-jacuzzi-300x225.jpg 300w, https:\/\/blog.tmgrupoinmobiliario.com\/sv\/wp-content\/uploads\/sites\/6\/2023\/06\/terraza-con-jacuzzi-1024x767.jpg 1024w, https:\/\/blog.tmgrupoinmobiliario.com\/sv\/wp-content\/uploads\/sites\/6\/2023\/06\/terraza-con-jacuzzi-768x575.jpg 768w, https:\/\/blog.tmgrupoinmobiliario.com\/sv\/wp-content\/uploads\/sites\/6\/2023\/06\/terraza-con-jacuzzi.jpg 1026w\" sizes=\"auto, (max-width: 300px) 100vw, 300px\" \/><\/a>\n\t\t\t<\/div><\/figure><figure class='gallery-item'>\n\t\t\t<div class='gallery-icon landscape'>\n\t\t\t\t<a href='https:\/\/blog.tmgrupoinmobiliario.com\/sv\/2023\/06\/26\/dekorationsideer-till-din-tradgard\/terraza-exterior\/'><img loading=\"lazy\" decoding=\"async\" width=\"300\" height=\"225\" src=\"https:\/\/blog.tmgrupoinmobiliario.com\/sv\/wp-content\/uploads\/sites\/6\/2023\/06\/terraza-exterior-300x225.jpg\" class=\"attachment-medium size-medium\" alt=\"terrass\" srcset=\"https:\/\/blog.tmgrupoinmobiliario.com\/sv\/wp-content\/uploads\/sites\/6\/2023\/06\/terraza-exterior-300x225.jpg 300w, https:\/\/blog.tmgrupoinmobiliario.com\/sv\/wp-content\/uploads\/sites\/6\/2023\/06\/terraza-exterior-1024x767.jpg 1024w, https:\/\/blog.tmgrupoinmobiliario.com\/sv\/wp-content\/uploads\/sites\/6\/2023\/06\/terraza-exterior-768x575.jpg 768w, https:\/\/blog.tmgrupoinmobiliario.com\/sv\/wp-content\/uploads\/sites\/6\/2023\/06\/terraza-exterior.jpg 1026w\" sizes=\"auto, (max-width: 300px) 100vw, 300px\" \/><\/a>\n\t\t\t<\/div><\/figure>\n\t\t<\/div>\n\n<p>&nbsp;<\/p>\n<h4><span style=\"color: #ff0000\"><strong>En gunga eller gungbr\u00e4da i tr\u00e4dg\u00e5rden<\/strong><\/span><\/h4>\n<p>L\u00e4gg till en touch av skoj och lek med en gungst\u00e4llning eller en gungbr\u00e4da. Om du har utrymme \u00f6ver kan du s\u00e4tta upp flera gungbr\u00e4dor s\u00e5 att de allra minsta kan leka i tr\u00e4dg\u00e5rden. Denna typ av utrustning tillverkas av olika v\u00e4derbest\u00e4ndiga material som st\u00e5l, aluminium eller metall.<\/p>\n<h4><span style=\"color: #ff0000\"><strong>Tillbeh\u00f6r med enkel och m\u00e5ngsidig design<\/strong><\/span><\/h4>\n<p>Satsa p\u00e5 enkelt och minimalistiskt men samtidigt m\u00e5ngsidigt. Anv\u00e4nd ljusa och vita toner p\u00e5 dekoren i din tr\u00e4dg\u00e5rd. Det kommer att lindra sommarv\u00e4rmen. V\u00e4lj produkter med l\u00e4tt, enkel design och flera funktioner. Oumb\u00e4rliga tillbeh\u00f6r som kuddar, dekorativa sk\u00e5lar eller keramikvaser kan vara en del av designen p\u00e5 din terrass.<\/p>\n<h4><span style=\"color: #ff0000\"><strong>Medelhavsterrass<\/strong><\/span><\/h4>\n<p>Vem vill inte leva en renodlad Medelhavslivsstil? Den azurbl\u00e5 sommarhimlen, havsbrisen och solstr\u00e5larna som n\u00e5r din terrass eller tr\u00e4dg\u00e5rd kommer g\u00f6ra att du vill inreda uteplatsen i en Medelhavsinspirerad stil. Bl\u00e5 och vita nyanser som p\u00e5minner om kustlinjen kan \u00e5terspeglas i dina m\u00e5lningar, porslin och bordsdukar. Ett <em>m\u00e5ste<\/em> under sommars\u00e4songen!<\/p>\n<h4><span style=\"color: #ff0000\"><strong>Grillplats<\/strong><\/span><\/h4>\n<p>P\u00e5 sommaren \u00e4r grillen som bekant den perfekta urs\u00e4kten att samla v\u00e4nner och familj f\u00f6r att umg\u00e5s p\u00e5 kv\u00e4llen. I dag finns alla m\u00f6jliga typer av grillar s\u00e5 du kan v\u00e4lja den som passar b\u00e4st f\u00f6r dig: kolgrill, gasolgrill, elgrill eller, om din tr\u00e4dg\u00e5rd till\u00e5ter, en inbyggd grill. Njut av utomhusm\u00e5ltider med dina n\u00e4ra och k\u00e4ra.<\/p>\n<p>&nbsp;<\/p>\n","protected":false},"excerpt":{"rendered":"<p>&nbsp; Tr\u00e4dg\u00e5rd med stil Din tr\u00e4dg\u00e5rd \u00e4r sommarens viktigaste plats. Levande ljus, dynor, mattor, soff- och bordsupps\u00e4ttningar, lyktor, tr\u00e4dg\u00e5rdsfont\u00e4ner, facklor, blomkrukor, f\u00e5t\u00f6ljer\u2026 Det finns en uppsj\u00f6 av saker som kan uttrycka din livsstil i denna del av hemmet! V\u00e4lj de produkter som passar ditt s\u00e4tt att leva och f\u00f6rvandlar din tr\u00e4dg\u00e5rd till en plats med [&hellip;]<\/p>\n","protected":false},"author":11729,"featured_media":17201,"comment_status":"open","ping_status":"open","sticky":false,"template":"","format":"standard","meta":{"_jetpack_memberships_contains_paid_content":false,"footnotes":""},"categories":[488],"tags":[507,506,437],"class_list":["post-17200","post","type-post","status-publish","format-standard","has-post-thumbnail","hentry","category-livsstil","tag-dekorationsideer-terrass","tag-dekorationsideer-tradgard","tag-tm-real-estate-group-en","formato-blog"],"better_featured_image":{"id":17201,"alt_text":"dekorationsid\u00e9er tr\u00e4dg\u00e5rd","caption":"","description":"","media_type":"image","media_details":{"width":1000,"height":666,"file":"2023\/06\/Ideas-decoracion-jardin.jpg","filesize":119615,"sizes":{"medium":{"file":"Ideas-decoracion-jardin-300x200.jpg","width":300,"height":200,"mime-type":"image\/jpeg","filesize":13649,"source_url":"https:\/\/blog.tmgrupoinmobiliario.com\/sv\/wp-content\/uploads\/sites\/6\/2023\/06\/Ideas-decoracion-jardin-300x200.jpg"},"thumbnail":{"file":"Ideas-decoracion-jardin-150x150.jpg","width":150,"height":150,"mime-type":"image\/jpeg","filesize":6119,"source_url":"https:\/\/blog.tmgrupoinmobiliario.com\/sv\/wp-content\/uploads\/sites\/6\/2023\/06\/Ideas-decoracion-jardin-150x150.jpg"},"medium_large":{"file":"Ideas-decoracion-jardin-768x511.jpg","width":768,"height":511,"mime-type":"image\/jpeg","filesize":67754,"source_url":"https:\/\/blog.tmgrupoinmobiliario.com\/sv\/wp-content\/uploads\/sites\/6\/2023\/06\/Ideas-decoracion-jardin-768x511.jpg"}},"image_meta":{"aperture":"0","credit":"","camera":"","caption":"","created_timestamp":"0","copyright":"","focal_length":"0","iso":"0","shutter_speed":"0","title":"","orientation":"1","keywords":[]}},"post":17200,"source_url":"https:\/\/blog.tmgrupoinmobiliario.com\/sv\/wp-content\/uploads\/sites\/6\/2023\/06\/Ideas-decoracion-jardin.jpg"},"acf":{"imagen_destacada_desktop":"https:\/\/blog.tmgrupoinmobiliario.com\/sv\/wp-content\/uploads\/sites\/6\/2023\/06\/Ideas-decoracion-jardin-3.jpg","imagen_destacada_mobile":"https:\/\/blog.tmgrupoinmobiliario.com\/sv\/wp-content\/uploads\/sites\/6\/2023\/06\/Ideas-decoracion-jardin-2.jpg","formato":{"term_id":484,"name":"Blog","slug":"blog","term_group":0,"term_taxonomy_id":484,"taxonomy":"formato","description":"","parent":0,"count":74,"filter":"raw"},"entradilla":"Nu \u00e4r den b\u00e4sta \u00e5rstiden h\u00e4r igen med soliga dagar, dopp i poolen och bad p\u00e5 stranden. Det h\u00f6r till sommaren att inreda utomhusutrymmet i ditt hem, vare sig det \u00e4r en terrass, en tr\u00e4dg\u00e5rd, en veranda, en takterrass eller en uteplats. H\u00e4r kommer n\u00e5gra id\u00e9er p\u00e5 hur du kan inreda din tr\u00e4dg\u00e5rd eller terrass och g\u00f6ra den unik.","etiquetas":"","cabecera_escritorio":"https:\/\/blog.tmgrupoinmobiliario.com\/sv\/wp-content\/uploads\/sites\/6\/2023\/06\/Ideas-decoracion-jardin-4.jpg","cabecera_mobile":"https:\/\/blog.tmgrupoinmobiliario.com\/sv\/wp-content\/uploads\/sites\/6\/2023\/06\/Ideas-decoracion-jardin-1.jpg","galeria":false},"yoast_head":"<!-- This site is optimized with the Yoast SEO Premium plugin v23.6 (Yoast SEO v27.5) - https:\/\/yoast.com\/product\/yoast-seo-premium-wordpress\/ -->\n<title>16 dekorationsid\u00e9er till din tr\u00e4dg\u00e5rd - Svenska<\/title>\n<meta name=\"description\" content=\"Det h\u00f6r till sommaren att inreda utomhusutrymmet i ditt hem, vare sig det \u00e4r en terrass, en tr\u00e4dg\u00e5rd, en veranda, en takterrass eller en uteplats. H\u00e4r kommer n\u00e5gra id\u00e9er p\u00e5 hur du kan inreda din tr\u00e4dg\u00e5rd eller terrass.\" \/>\n<meta name=\"robots\" content=\"index, follow, max-snippet:-1, max-image-preview:large, max-video-preview:-1\" \/>\n<link rel=\"canonical\" href=\"https:\/\/blog.tmgrupoinmobiliario.com\/sv\/2023\/06\/26\/dekorationsideer-till-din-tradgard\/\" \/>\n<meta property=\"og:locale\" content=\"sv_SE\" \/>\n<meta property=\"og:type\" content=\"article\" \/>\n<meta property=\"og:title\" content=\"16 dekorationsid\u00e9er till din tr\u00e4dg\u00e5rd\" \/>\n<meta property=\"og:description\" content=\"Det h\u00f6r till sommaren att inreda utomhusutrymmet i ditt hem, vare sig det \u00e4r en terrass, en tr\u00e4dg\u00e5rd, en veranda, en takterrass eller en uteplats. H\u00e4r kommer n\u00e5gra id\u00e9er p\u00e5 hur du kan inreda din tr\u00e4dg\u00e5rd eller terrass.\" \/>\n<meta property=\"og:url\" content=\"https:\/\/blog.tmgrupoinmobiliario.com\/sv\/2023\/06\/26\/dekorationsideer-till-din-tradgard\/\" \/>\n<meta property=\"og:site_name\" content=\"Svenska\" \/>\n<meta property=\"article:published_time\" content=\"2023-06-26T11:34:17+00:00\" \/>\n<meta property=\"og:image\" content=\"https:\/\/blog.tmgrupoinmobiliario.com\/sv\/wp-content\/uploads\/sites\/6\/2023\/06\/Ideas-decoracion-jardin.jpg\" \/>\n\t<meta property=\"og:image:width\" content=\"1000\" \/>\n\t<meta property=\"og:image:height\" content=\"666\" \/>\n\t<meta property=\"og:image:type\" content=\"image\/jpeg\" \/>\n<meta name=\"author\" content=\"indira\" \/>\n<meta name=\"twitter:card\" content=\"summary_large_image\" \/>\n<meta name=\"twitter:label1\" content=\"Skriven av\" \/>\n\t<meta name=\"twitter:data1\" content=\"indira\" \/>\n\t<meta name=\"twitter:label2\" content=\"Ber\u00e4knad l\u00e4stid\" \/>\n\t<meta name=\"twitter:data2\" content=\"5 minuter\" \/>\n<script type=\"application\/ld+json\" class=\"yoast-schema-graph\">{\"@context\":\"https:\\\/\\\/schema.org\",\"@graph\":[{\"@type\":\"Article\",\"@id\":\"https:\\\/\\\/blog.tmgrupoinmobiliario.com\\\/sv\\\/2023\\\/06\\\/26\\\/dekorationsideer-till-din-tradgard\\\/#article\",\"isPartOf\":{\"@id\":\"https:\\\/\\\/blog.tmgrupoinmobiliario.com\\\/sv\\\/2023\\\/06\\\/26\\\/dekorationsideer-till-din-tradgard\\\/\"},\"author\":{\"name\":\"indira\",\"@id\":\"https:\\\/\\\/blog.tmgrupoinmobiliario.com\\\/sv\\\/#\\\/schema\\\/person\\\/bbbac745abadad64177a5ee6a73cbf7c\"},\"headline\":\"16 dekorationsid\u00e9er till din tr\u00e4dg\u00e5rd\",\"datePublished\":\"2023-06-26T11:34:17+00:00\",\"mainEntityOfPage\":{\"@id\":\"https:\\\/\\\/blog.tmgrupoinmobiliario.com\\\/sv\\\/2023\\\/06\\\/26\\\/dekorationsideer-till-din-tradgard\\\/\"},\"wordCount\":1142,\"commentCount\":0,\"image\":{\"@id\":\"https:\\\/\\\/blog.tmgrupoinmobiliario.com\\\/sv\\\/2023\\\/06\\\/26\\\/dekorationsideer-till-din-tradgard\\\/#primaryimage\"},\"thumbnailUrl\":\"https:\\\/\\\/blog.tmgrupoinmobiliario.com\\\/sv\\\/wp-content\\\/uploads\\\/sites\\\/6\\\/2023\\\/06\\\/Ideas-decoracion-jardin.jpg\",\"keywords\":[\"dekorationsid\u00e9er terrass\",\"dekorationsid\u00e9er tr\u00e4dg\u00e5rd\",\"TM Real Estate Group\"],\"articleSection\":[\"Livsstil\"],\"inLanguage\":\"sv-SE\",\"potentialAction\":[{\"@type\":\"CommentAction\",\"name\":\"Comment\",\"target\":[\"https:\\\/\\\/blog.tmgrupoinmobiliario.com\\\/sv\\\/2023\\\/06\\\/26\\\/dekorationsideer-till-din-tradgard\\\/#respond\"]}]},{\"@type\":\"WebPage\",\"@id\":\"https:\\\/\\\/blog.tmgrupoinmobiliario.com\\\/sv\\\/2023\\\/06\\\/26\\\/dekorationsideer-till-din-tradgard\\\/\",\"url\":\"https:\\\/\\\/blog.tmgrupoinmobiliario.com\\\/sv\\\/2023\\\/06\\\/26\\\/dekorationsideer-till-din-tradgard\\\/\",\"name\":\"16 dekorationsid\u00e9er till din tr\u00e4dg\u00e5rd - Svenska\",\"isPartOf\":{\"@id\":\"https:\\\/\\\/blog.tmgrupoinmobiliario.com\\\/sv\\\/#website\"},\"primaryImageOfPage\":{\"@id\":\"https:\\\/\\\/blog.tmgrupoinmobiliario.com\\\/sv\\\/2023\\\/06\\\/26\\\/dekorationsideer-till-din-tradgard\\\/#primaryimage\"},\"image\":{\"@id\":\"https:\\\/\\\/blog.tmgrupoinmobiliario.com\\\/sv\\\/2023\\\/06\\\/26\\\/dekorationsideer-till-din-tradgard\\\/#primaryimage\"},\"thumbnailUrl\":\"https:\\\/\\\/blog.tmgrupoinmobiliario.com\\\/sv\\\/wp-content\\\/uploads\\\/sites\\\/6\\\/2023\\\/06\\\/Ideas-decoracion-jardin.jpg\",\"datePublished\":\"2023-06-26T11:34:17+00:00\",\"author\":{\"@id\":\"https:\\\/\\\/blog.tmgrupoinmobiliario.com\\\/sv\\\/#\\\/schema\\\/person\\\/bbbac745abadad64177a5ee6a73cbf7c\"},\"description\":\"Det h\u00f6r till sommaren att inreda utomhusutrymmet i ditt hem, vare sig det \u00e4r en terrass, en tr\u00e4dg\u00e5rd, en veranda, en takterrass eller en uteplats. H\u00e4r kommer n\u00e5gra id\u00e9er p\u00e5 hur du kan inreda din tr\u00e4dg\u00e5rd eller terrass.\",\"breadcrumb\":{\"@id\":\"https:\\\/\\\/blog.tmgrupoinmobiliario.com\\\/sv\\\/2023\\\/06\\\/26\\\/dekorationsideer-till-din-tradgard\\\/#breadcrumb\"},\"inLanguage\":\"sv-SE\",\"potentialAction\":[{\"@type\":\"ReadAction\",\"target\":[\"https:\\\/\\\/blog.tmgrupoinmobiliario.com\\\/sv\\\/2023\\\/06\\\/26\\\/dekorationsideer-till-din-tradgard\\\/\"]}]},{\"@type\":\"ImageObject\",\"inLanguage\":\"sv-SE\",\"@id\":\"https:\\\/\\\/blog.tmgrupoinmobiliario.com\\\/sv\\\/2023\\\/06\\\/26\\\/dekorationsideer-till-din-tradgard\\\/#primaryimage\",\"url\":\"https:\\\/\\\/blog.tmgrupoinmobiliario.com\\\/sv\\\/wp-content\\\/uploads\\\/sites\\\/6\\\/2023\\\/06\\\/Ideas-decoracion-jardin.jpg\",\"contentUrl\":\"https:\\\/\\\/blog.tmgrupoinmobiliario.com\\\/sv\\\/wp-content\\\/uploads\\\/sites\\\/6\\\/2023\\\/06\\\/Ideas-decoracion-jardin.jpg\",\"width\":1000,\"height\":666,\"caption\":\"dekorationsid\u00e9er tr\u00e4dg\u00e5rd\"},{\"@type\":\"BreadcrumbList\",\"@id\":\"https:\\\/\\\/blog.tmgrupoinmobiliario.com\\\/sv\\\/2023\\\/06\\\/26\\\/dekorationsideer-till-din-tradgard\\\/#breadcrumb\",\"itemListElement\":[{\"@type\":\"ListItem\",\"position\":1,\"name\":\"Portada\",\"item\":\"https:\\\/\\\/blog.tmgrupoinmobiliario.com\\\/sv\\\/\"},{\"@type\":\"ListItem\",\"position\":2,\"name\":\"16 dekorationsid\u00e9er till din tr\u00e4dg\u00e5rd\"}]},{\"@type\":\"WebSite\",\"@id\":\"https:\\\/\\\/blog.tmgrupoinmobiliario.com\\\/sv\\\/#website\",\"url\":\"https:\\\/\\\/blog.tmgrupoinmobiliario.com\\\/sv\\\/\",\"name\":\"Svenska\",\"description\":\"Otro sitio m\u00e1s de Blog Desarrollo TM sitios\",\"potentialAction\":[{\"@type\":\"SearchAction\",\"target\":{\"@type\":\"EntryPoint\",\"urlTemplate\":\"https:\\\/\\\/blog.tmgrupoinmobiliario.com\\\/sv\\\/?s={search_term_string}\"},\"query-input\":{\"@type\":\"PropertyValueSpecification\",\"valueRequired\":true,\"valueName\":\"search_term_string\"}}],\"inLanguage\":\"sv-SE\"},{\"@type\":\"Person\",\"@id\":\"https:\\\/\\\/blog.tmgrupoinmobiliario.com\\\/sv\\\/#\\\/schema\\\/person\\\/bbbac745abadad64177a5ee6a73cbf7c\",\"name\":\"indira\",\"image\":{\"@type\":\"ImageObject\",\"inLanguage\":\"sv-SE\",\"@id\":\"https:\\\/\\\/secure.gravatar.com\\\/avatar\\\/e9bcc7a0bb2179240c56a1875899ce9a1dfa15d5b7527f71259eaee6010d7203?s=96&d=mm&r=g\",\"url\":\"https:\\\/\\\/secure.gravatar.com\\\/avatar\\\/e9bcc7a0bb2179240c56a1875899ce9a1dfa15d5b7527f71259eaee6010d7203?s=96&d=mm&r=g\",\"contentUrl\":\"https:\\\/\\\/secure.gravatar.com\\\/avatar\\\/e9bcc7a0bb2179240c56a1875899ce9a1dfa15d5b7527f71259eaee6010d7203?s=96&d=mm&r=g\",\"caption\":\"indira\"},\"url\":\"https:\\\/\\\/blog.tmgrupoinmobiliario.com\\\/sv\\\/author\\\/indira\\\/\"}]}<\/script>\n<!-- \/ Yoast SEO Premium plugin. -->","yoast_head_json":{"title":"16 dekorationsid\u00e9er till din tr\u00e4dg\u00e5rd - Svenska","description":"Det h\u00f6r till sommaren att inreda utomhusutrymmet i ditt hem, vare sig det \u00e4r en terrass, en tr\u00e4dg\u00e5rd, en veranda, en takterrass eller en uteplats. H\u00e4r kommer n\u00e5gra id\u00e9er p\u00e5 hur du kan inreda din tr\u00e4dg\u00e5rd eller terrass.","robots":{"index":"index","follow":"follow","max-snippet":"max-snippet:-1","max-image-preview":"max-image-preview:large","max-video-preview":"max-video-preview:-1"},"canonical":"https:\/\/blog.tmgrupoinmobiliario.com\/sv\/2023\/06\/26\/dekorationsideer-till-din-tradgard\/","og_locale":"sv_SE","og_type":"article","og_title":"16 dekorationsid\u00e9er till din tr\u00e4dg\u00e5rd","og_description":"Det h\u00f6r till sommaren att inreda utomhusutrymmet i ditt hem, vare sig det \u00e4r en terrass, en tr\u00e4dg\u00e5rd, en veranda, en takterrass eller en uteplats. H\u00e4r kommer n\u00e5gra id\u00e9er p\u00e5 hur du kan inreda din tr\u00e4dg\u00e5rd eller terrass.","og_url":"https:\/\/blog.tmgrupoinmobiliario.com\/sv\/2023\/06\/26\/dekorationsideer-till-din-tradgard\/","og_site_name":"Svenska","article_published_time":"2023-06-26T11:34:17+00:00","og_image":[{"width":1000,"height":666,"url":"https:\/\/blog.tmgrupoinmobiliario.com\/sv\/wp-content\/uploads\/sites\/6\/2023\/06\/Ideas-decoracion-jardin.jpg","type":"image\/jpeg"}],"author":"indira","twitter_card":"summary_large_image","twitter_misc":{"Skriven av":"indira","Ber\u00e4knad l\u00e4stid":"5 minuter"},"schema":{"@context":"https:\/\/schema.org","@graph":[{"@type":"Article","@id":"https:\/\/blog.tmgrupoinmobiliario.com\/sv\/2023\/06\/26\/dekorationsideer-till-din-tradgard\/#article","isPartOf":{"@id":"https:\/\/blog.tmgrupoinmobiliario.com\/sv\/2023\/06\/26\/dekorationsideer-till-din-tradgard\/"},"author":{"name":"indira","@id":"https:\/\/blog.tmgrupoinmobiliario.com\/sv\/#\/schema\/person\/bbbac745abadad64177a5ee6a73cbf7c"},"headline":"16 dekorationsid\u00e9er till din tr\u00e4dg\u00e5rd","datePublished":"2023-06-26T11:34:17+00:00","mainEntityOfPage":{"@id":"https:\/\/blog.tmgrupoinmobiliario.com\/sv\/2023\/06\/26\/dekorationsideer-till-din-tradgard\/"},"wordCount":1142,"commentCount":0,"image":{"@id":"https:\/\/blog.tmgrupoinmobiliario.com\/sv\/2023\/06\/26\/dekorationsideer-till-din-tradgard\/#primaryimage"},"thumbnailUrl":"https:\/\/blog.tmgrupoinmobiliario.com\/sv\/wp-content\/uploads\/sites\/6\/2023\/06\/Ideas-decoracion-jardin.jpg","keywords":["dekorationsid\u00e9er terrass","dekorationsid\u00e9er tr\u00e4dg\u00e5rd","TM Real Estate Group"],"articleSection":["Livsstil"],"inLanguage":"sv-SE","potentialAction":[{"@type":"CommentAction","name":"Comment","target":["https:\/\/blog.tmgrupoinmobiliario.com\/sv\/2023\/06\/26\/dekorationsideer-till-din-tradgard\/#respond"]}]},{"@type":"WebPage","@id":"https:\/\/blog.tmgrupoinmobiliario.com\/sv\/2023\/06\/26\/dekorationsideer-till-din-tradgard\/","url":"https:\/\/blog.tmgrupoinmobiliario.com\/sv\/2023\/06\/26\/dekorationsideer-till-din-tradgard\/","name":"16 dekorationsid\u00e9er till din tr\u00e4dg\u00e5rd - Svenska","isPartOf":{"@id":"https:\/\/blog.tmgrupoinmobiliario.com\/sv\/#website"},"primaryImageOfPage":{"@id":"https:\/\/blog.tmgrupoinmobiliario.com\/sv\/2023\/06\/26\/dekorationsideer-till-din-tradgard\/#primaryimage"},"image":{"@id":"https:\/\/blog.tmgrupoinmobiliario.com\/sv\/2023\/06\/26\/dekorationsideer-till-din-tradgard\/#primaryimage"},"thumbnailUrl":"https:\/\/blog.tmgrupoinmobiliario.com\/sv\/wp-content\/uploads\/sites\/6\/2023\/06\/Ideas-decoracion-jardin.jpg","datePublished":"2023-06-26T11:34:17+00:00","author":{"@id":"https:\/\/blog.tmgrupoinmobiliario.com\/sv\/#\/schema\/person\/bbbac745abadad64177a5ee6a73cbf7c"},"description":"Det h\u00f6r till sommaren att inreda utomhusutrymmet i ditt hem, vare sig det \u00e4r en terrass, en tr\u00e4dg\u00e5rd, en veranda, en takterrass eller en uteplats. H\u00e4r kommer n\u00e5gra id\u00e9er p\u00e5 hur du kan inreda din tr\u00e4dg\u00e5rd eller terrass.","breadcrumb":{"@id":"https:\/\/blog.tmgrupoinmobiliario.com\/sv\/2023\/06\/26\/dekorationsideer-till-din-tradgard\/#breadcrumb"},"inLanguage":"sv-SE","potentialAction":[{"@type":"ReadAction","target":["https:\/\/blog.tmgrupoinmobiliario.com\/sv\/2023\/06\/26\/dekorationsideer-till-din-tradgard\/"]}]},{"@type":"ImageObject","inLanguage":"sv-SE","@id":"https:\/\/blog.tmgrupoinmobiliario.com\/sv\/2023\/06\/26\/dekorationsideer-till-din-tradgard\/#primaryimage","url":"https:\/\/blog.tmgrupoinmobiliario.com\/sv\/wp-content\/uploads\/sites\/6\/2023\/06\/Ideas-decoracion-jardin.jpg","contentUrl":"https:\/\/blog.tmgrupoinmobiliario.com\/sv\/wp-content\/uploads\/sites\/6\/2023\/06\/Ideas-decoracion-jardin.jpg","width":1000,"height":666,"caption":"dekorationsid\u00e9er tr\u00e4dg\u00e5rd"},{"@type":"BreadcrumbList","@id":"https:\/\/blog.tmgrupoinmobiliario.com\/sv\/2023\/06\/26\/dekorationsideer-till-din-tradgard\/#breadcrumb","itemListElement":[{"@type":"ListItem","position":1,"name":"Portada","item":"https:\/\/blog.tmgrupoinmobiliario.com\/sv\/"},{"@type":"ListItem","position":2,"name":"16 dekorationsid\u00e9er till din tr\u00e4dg\u00e5rd"}]},{"@type":"WebSite","@id":"https:\/\/blog.tmgrupoinmobiliario.com\/sv\/#website","url":"https:\/\/blog.tmgrupoinmobiliario.com\/sv\/","name":"Svenska","description":"Otro sitio m\u00e1s de Blog Desarrollo TM sitios","potentialAction":[{"@type":"SearchAction","target":{"@type":"EntryPoint","urlTemplate":"https:\/\/blog.tmgrupoinmobiliario.com\/sv\/?s={search_term_string}"},"query-input":{"@type":"PropertyValueSpecification","valueRequired":true,"valueName":"search_term_string"}}],"inLanguage":"sv-SE"},{"@type":"Person","@id":"https:\/\/blog.tmgrupoinmobiliario.com\/sv\/#\/schema\/person\/bbbac745abadad64177a5ee6a73cbf7c","name":"indira","image":{"@type":"ImageObject","inLanguage":"sv-SE","@id":"https:\/\/secure.gravatar.com\/avatar\/e9bcc7a0bb2179240c56a1875899ce9a1dfa15d5b7527f71259eaee6010d7203?s=96&d=mm&r=g","url":"https:\/\/secure.gravatar.com\/avatar\/e9bcc7a0bb2179240c56a1875899ce9a1dfa15d5b7527f71259eaee6010d7203?s=96&d=mm&r=g","contentUrl":"https:\/\/secure.gravatar.com\/avatar\/e9bcc7a0bb2179240c56a1875899ce9a1dfa15d5b7527f71259eaee6010d7203?s=96&d=mm&r=g","caption":"indira"},"url":"https:\/\/blog.tmgrupoinmobiliario.com\/sv\/author\/indira\/"}]}},"jetpack_featured_media_url":"https:\/\/blog.tmgrupoinmobiliario.com\/sv\/wp-content\/uploads\/sites\/6\/2023\/06\/Ideas-decoracion-jardin.jpg","jetpack_sharing_enabled":true,"_links":{"self":[{"href":"https:\/\/blog.tmgrupoinmobiliario.com\/sv\/wp-json\/wp\/v2\/posts\/17200","targetHints":{"allow":["GET"]}}],"collection":[{"href":"https:\/\/blog.tmgrupoinmobiliario.com\/sv\/wp-json\/wp\/v2\/posts"}],"about":[{"href":"https:\/\/blog.tmgrupoinmobiliario.com\/sv\/wp-json\/wp\/v2\/types\/post"}],"author":[{"embeddable":true,"href":"https:\/\/blog.tmgrupoinmobiliario.com\/sv\/wp-json\/wp\/v2\/users\/11729"}],"replies":[{"embeddable":true,"href":"https:\/\/blog.tmgrupoinmobiliario.com\/sv\/wp-json\/wp\/v2\/comments?post=17200"}],"version-history":[{"count":3,"href":"https:\/\/blog.tmgrupoinmobiliario.com\/sv\/wp-json\/wp\/v2\/posts\/17200\/revisions"}],"predecessor-version":[{"id":17212,"href":"https:\/\/blog.tmgrupoinmobiliario.com\/sv\/wp-json\/wp\/v2\/posts\/17200\/revisions\/17212"}],"wp:featuredmedia":[{"embeddable":true,"href":"https:\/\/blog.tmgrupoinmobiliario.com\/sv\/wp-json\/wp\/v2\/media\/17201"}],"wp:attachment":[{"href":"https:\/\/blog.tmgrupoinmobiliario.com\/sv\/wp-json\/wp\/v2\/media?parent=17200"}],"wp:term":[{"taxonomy":"category","embeddable":true,"href":"https:\/\/blog.tmgrupoinmobiliario.com\/sv\/wp-json\/wp\/v2\/categories?post=17200"},{"taxonomy":"post_tag","embeddable":true,"href":"https:\/\/blog.tmgrupoinmobiliario.com\/sv\/wp-json\/wp\/v2\/tags?post=17200"}],"curies":[{"name":"wp","href":"https:\/\/api.w.org\/{rel}","templated":true}]}}