{"id":16743,"date":"2021-03-08T13:42:55","date_gmt":"2021-03-08T12:42:55","guid":{"rendered":"https:\/\/blog.tmgrupoinmobiliario.com\/sv\/?p=16743"},"modified":"2022-03-23T17:37:13","modified_gmt":"2022-03-23T16:37:13","slug":"partnerskap-och-jamlikhet","status":"publish","type":"post","link":"https:\/\/blog.tmgrupoinmobiliario.com\/sv\/2021\/03\/08\/partnerskap-och-jamlikhet\/","title":{"rendered":"Partnerskap och j\u00e4mlikhet"},"content":{"rendered":"<p>&nbsp;<\/p>\n<p>08\u00a0 Enligt rapporten &#8220;Women in Construction 2020&#8221;, som utarbetats av Construction Labour Foundation, var det genomsnittliga antalet kvinnor i sektorn endast 8,2 procent.<\/p>\n<p>&nbsp;<\/p>\n<p><img loading=\"lazy\" decoding=\"async\" class=\"aligncenter wp-image-19252 \" src=\"https:\/\/www.tmgrupoinmobiliario.com\/blog\/wp-content\/uploads\/2021\/03\/Diana-Pato\u0301n_arti\u0301culo.jpg\" alt=\"Diana Paton Molina\" width=\"641\" height=\"429\" \/><\/p>\n<p style=\"text-align: center\"><strong>Diana Pat\u00f3n<\/strong><br \/>\n<strong>Byggledare\u00a0<\/strong><\/p>\n<p>&nbsp;<\/p>\n<p><strong>Ber\u00e4tta om din erfarenhet<\/strong><\/p>\n<p>Jag \u00e4r 38 \u00e5r gammal och har studerat en kandidatexamen i byggnads- och anl\u00e4ggningsarbeten, som jag kompletterade med en masterexamen i f\u00f6rnybar energi.\u00a0 N\u00e4r jag avslutade mina studier b\u00f6rjade jag arbeta med olika projekt, inte bara i Spanien utan \u00e4ven i l\u00e4nder som Afghanistan, Libanon och Sydafrika och jag \u00e4r fortfarande verksam i dessa dagar. Fr\u00e4mst som platschef och sedan 2018 som chef f\u00f6r stora bostadsbyggnader p\u00e5 TM.<\/p>\n<p>&nbsp;<\/p>\n<p><strong>N\u00e4r du b\u00f6rjade arbeta p\u00e5 byggarbetsplatsen, hade du d\u00e5 f\u00f6rdomar om kvinnors situation inom denna sektor?<\/strong><\/p>\n<p>Inte direkt. Jag var ju bara 20 \u00e5r n\u00e4r jag b\u00f6rjade som platschef och satte ig\u00e5ng med stor entusiasm och utan f\u00f6rdomar. Sedan st\u00f6ter du p\u00e5 hinder och stenar p\u00e5 v\u00e4gen, b\u00e5de p\u00e5 grund av att du \u00e4r kvinna och p\u00e5 grund av din st\u00e4llning. Varje arbete \u00e4r en utmaning, men med gott sj\u00e4lvf\u00f6rtroende f\u00e5r du i allm\u00e4nhet respekt och f\u00f6rtroende fr\u00e5n dina kollegor och arbetsteam. Personligen k\u00e4nner jag mig uppskattad samt lyckligt lottad \u00f6ver att ha en bra arbetsmilj\u00f6.<\/p>\n<p>&nbsp;<\/p>\n<p><strong>Har du m\u00e4rkt n\u00e5gon utveckling n\u00e4r det g\u00e4ller kvinnors arbetsst\u00e4llning p\u00e5 byggplatserna sedan du startade f\u00f6r en tid sedan och fram till nu?<\/strong><\/p>\n<p>Ja, verkligen. Det finns fler kvinnor, inte bara inom den medicinska ledningen utan \u00e4ven inom andra specialiserade yrken, \u00e4ven om v\u00e4gen fortfarande \u00e4r l\u00e5ng. Jag minns att jag var den enda kvinnan bland 1 000 personer som tog examen i Castilla la Mancha n\u00e4r jag tog mitt kranf\u00f6rark\u00f6rkort. F\u00f6re krisen fanns det fler kvinnliga elektriker och murare, men i och med krisen har kvinnornas n\u00e4rvaro i branscherna minskat mycket.<\/p>\n<p>&nbsp;<\/p>\n<p><strong>Vad skulle du s\u00e4ga till kvinnor som liksom du vill arbeta som byggledare? Hur skulle du uppmuntra kvinnor att vara n\u00e4rvarande p\u00e5 byggarbetsplatsen?<\/strong><\/p>\n<p>Det viktiga f\u00f6r varje tj\u00e4nst \u00e4r inte att vara en man eller kvinna, utan att ha mod, utbildning, uth\u00e5llighet och vilja att arbeta och l\u00e4ra sig. Jag b\u00f6rjade med stort motivation och k\u00e4nner fortfarande passion f\u00f6r mitt arbete. Jag skulle s\u00e4ga till dem att trots alla hinder \u00e4r det ett givande och stimulerande arbete. S\u00e4rskilt n\u00e4r du ser hur ett projekt v\u00e4xer och tar form tack vare ditt eget bidrag. Att studera och analysera ett projekt med alla dess komplexa aspekter, att vara samordnad med arbetsteamet &#8230; De ansvariga \u00e4r viktiga f\u00f6r ett korrekt genomf\u00f6rande som kr\u00e4ver god samordningsf\u00f6rm\u00e5ga av arbete och personal.<\/p>\n<p>&nbsp;<\/p>\n<p><img loading=\"lazy\" decoding=\"async\" class=\"aligncenter wp-image-19255 \" src=\"https:\/\/www.tmgrupoinmobiliario.com\/blog\/wp-content\/uploads\/2021\/03\/Cristina-Bravo_arti\u0301culo.jpg\" alt=\"\" width=\"642\" height=\"430\" \/><\/p>\n<p style=\"text-align: center\"><strong>Cristina Bravo<br \/>\nTekniker f\u00f6r f\u00f6rebyggande av olyckor p\u00e5 arbetsplatsen<\/strong><\/p>\n<p>&nbsp;<\/p>\n<p><strong>Ber\u00e4tta lite om dig sj\u00e4lv<\/strong><\/p>\n<p>Jag \u00e4r 32 \u00e5r gammal, jag studerade ingenj\u00f6rsvetenskap inom offentlig sektor. D\u00e4refter tog jag en masterexamen i f\u00f6rebyggande av arbetsrisker och arbetar f\u00f6r n\u00e4rvarande som\u00a0 ansvarig f\u00f6r arbetslivsrisker p\u00e5 byggarbetsplatserna p\u00e5 TM\u00a0 i Benidorm.<\/p>\n<p>&nbsp;<\/p>\n<p><strong>Varf\u00f6r best\u00e4mde du dig f\u00f6r att bli tekniker f\u00f6r f\u00f6rebyggande av olyckor?<\/strong><\/p>\n<p>Jag har alltid varit intresserad av allt som har med byggnation att g\u00f6ra, det \u00e4r n\u00e5got som jag har upplevt hemma sedan jag var mycket ung eftersom min far arbetade i branschen. N\u00e5got som f\u00e5ngade min uppm\u00e4rksamhet och fick mig att v\u00e4lja f\u00f6rebyggande \u00e5tg\u00e4rder p\u00e5 arbetsplatsen var att se att det inom de flesta industrisektorer fanns ett starkt fokus p\u00e5 s\u00e4kerhet och innovation. D\u00e4remot fanns stort utvecklingspotential av dessa aspekter just inom byggbranschen, s\u00e4rskilt n\u00e4r det g\u00e4ller arbetstagarskydd.\u00a0 Och utvecklingspotentialen finns kvar<\/p>\n<p>&nbsp;<\/p>\n<p><strong>Var det l\u00e4tt att hitta ett jobb?<\/strong><\/p>\n<p>Sanningen \u00e4r ja. Innan jag avslutade min magisterexamen praktiserade jag p\u00e5 ett av de st\u00f6rsta byggf\u00f6retagen i Alicante. Jag har alltid haft f\u00f6rm\u00e5gan att sammankoppla olika jobb. S\u00e5 jag anser i s\u00e5 m\u00e5n att min v\u00e4g varit lyckosam.<\/p>\n<p>&nbsp;<\/p>\n<p><strong>Ber\u00e4tta lite om hur det \u00e4r att arbeta som kvinna i en mansdominerad milj\u00f6. Vilka utmaningar har du st\u00e4llts inf\u00f6r?<\/strong><\/p>\n<p>I b\u00f6rjan finns misstro fr\u00e5n arbetarnas sida, s\u00e4rskilt n\u00e4r det g\u00e4ller att ta emot instruktioner fr\u00e5n en kvinna. Till en b\u00f6rjan kan det vara lite sv\u00e5rt med personlig kontakt. Med tiden ger vardagslivet dig m\u00f6jlighet att bevisa din f\u00f6rm\u00e5ga och du vinner till slut allas respekt. Utmaningen \u00e4r konstant, eftersom du arbetar med olika m\u00e4nniskor vid varje nytt projekt och du m\u00e5ste bevisa att du g\u00f6r ett bra jobb.<\/p>\n<p>&nbsp;<\/p>\n<h4><img decoding=\"async\" class=\"size-full wp-image-19257 aligncenter\" src=\"https:\/\/www.tmgrupoinmobiliario.com\/blog\/wp-content\/uploads\/2021\/03\/Rosana-Garci\u0301a_arti\u0301culo.jpg\" alt=\"\" width=\"539\" height=\"361 \" \/><\/h4>\n<p style=\"text-align: center\"><strong>Rosana Garcia<br \/>\nWebbplatsadministrat\u00f6r<\/strong><\/p>\n<p>&nbsp;<\/p>\n<p><strong>Ber\u00e4tta om dig sj\u00e4lv<\/strong><\/p>\n<p>Jag \u00e4r 50 \u00e5r gammal, har en examen i f\u00f6retagsekonomi och arbetar som webbplatsadministrat\u00f6r sedan \u00f6ver 10 \u00e5r.<\/p>\n<p>&nbsp;<\/p>\n<p><strong>Har du under \u00e5ren m\u00e4rkt n\u00e5gra skillnader i hur du har blivit behandlad som kvinna?<\/strong><\/p>\n<p>Ja, s\u00e4rskilt i b\u00f6rjan. Det var lite sv\u00e5rt, jag minns att jag arbetade med en f\u00f6rman och en platschef som inte var s\u00e4rskilt lyh\u00f6rda. De gjorde det inte l\u00e4tt f\u00f6r mig, eftersom jag var kvinna. Men efter en tid uppt\u00e4ckte de min\u00a0 yrkesm\u00e4ssiga kompetens och d\u00e5 blev det en helt annan behandling. Man m\u00e5ste \u00f6vervinna olika mentala barri\u00e4rer. I vilket fall som helst kan man\u00a0 konstatera en avg\u00f6rande f\u00f6r\u00e4ndrad inst\u00e4llning. Det kan fortfarande f\u00f6rekomma viss misstro, men det \u00e4r ovanligt. I mitt fall har jag turen att arbeta i en god arbetsanda med bra samordning mellan kollegor.<\/p>\n<p>&nbsp;<\/p>\n<p><strong>Tror du att det finns branschspecifika stereotyper?<\/strong><\/p>\n<p>Det \u00e4r m\u00f6jligt, i alla fall p\u00e5 de specialinriktade arbetsplatser. Kvinnors ledningsroll inom administrationen \u00e4r mer allm\u00e4nt accepterad. Det finns fler och fler kvinnliga webbplatsadministrat\u00f6rer och kvinnor p\u00e5 tekniska kontor och i ledningsfunktioner. Men v\u00e4gen \u00e4r fortfarande l\u00e5ng.<\/p>\n<p>&nbsp;<\/p>\n","protected":false},"excerpt":{"rendered":"<p>&nbsp; 08\u00a0 Enligt rapporten &#8220;Women in Construction 2020&#8221;, som utarbetats av Construction Labour Foundation, var det genomsnittliga antalet kvinnor i sektorn endast 8,2 procent. &nbsp; Diana Pat\u00f3n Byggledare\u00a0 &nbsp; Ber\u00e4tta om din erfarenhet Jag \u00e4r 38 \u00e5r gammal och har studerat en kandidatexamen i byggnads- och anl\u00e4ggningsarbeten, som jag kompletterade med en masterexamen i f\u00f6rnybar [&hellip;]<\/p>\n","protected":false},"author":11716,"featured_media":16744,"comment_status":"open","ping_status":"open","sticky":false,"template":"","format":"standard","meta":{"_jetpack_memberships_contains_paid_content":false,"footnotes":""},"categories":[1],"tags":[399,405],"class_list":["post-16743","post","type-post","status-publish","format-standard","has-post-thumbnail","hentry","category-sin-categoria","tag-tag-all","tag-tag-compromise-en-2","formato-comunicacion"],"better_featured_image":{"id":16744,"alt_text":"","caption":"","description":"","media_type":"image","media_details":{"width":1000,"height":666,"file":"2022\/03\/Imagen-destacada_obra1.jpg","sizes":{"medium":{"file":"Imagen-destacada_obra1-300x200.jpg","width":300,"height":200,"mime-type":"image\/jpeg","source_url":"https:\/\/blog.tmgrupoinmobiliario.com\/sv\/wp-content\/uploads\/sites\/6\/2022\/03\/Imagen-destacada_obra1-300x200.jpg"},"thumbnail":{"file":"Imagen-destacada_obra1-150x150.jpg","width":150,"height":150,"mime-type":"image\/jpeg","source_url":"https:\/\/blog.tmgrupoinmobiliario.com\/sv\/wp-content\/uploads\/sites\/6\/2022\/03\/Imagen-destacada_obra1-150x150.jpg"},"medium_large":{"file":"Imagen-destacada_obra1-768x511.jpg","width":768,"height":511,"mime-type":"image\/jpeg","source_url":"https:\/\/blog.tmgrupoinmobiliario.com\/sv\/wp-content\/uploads\/sites\/6\/2022\/03\/Imagen-destacada_obra1-768x511.jpg"}},"image_meta":{"aperture":"0","credit":"","camera":"","caption":"","created_timestamp":"0","copyright":"","focal_length":"0","iso":"0","shutter_speed":"0","title":"","orientation":"1","keywords":[]}},"post":16743,"source_url":"https:\/\/blog.tmgrupoinmobiliario.com\/sv\/wp-content\/uploads\/sites\/6\/2022\/03\/Imagen-destacada_obra1.jpg"},"acf":{"imagen_destacada_desktop":false,"imagen_destacada_mobile":false,"formato":{"term_id":17,"name":"Comunicaci\u00f3n","slug":"comunicacion","term_group":0,"term_taxonomy_id":17,"taxonomy":"formato","description":"","parent":0,"count":60,"filter":"raw"},"entradilla":"Flera av v\u00e5ra kvinnliga kollegor p\u00e5 byggarbetsplatsen, s\u00e4rskilt arbetsteamet som bedriver v\u00e5rt Benidorm-projekt \"Sunset Waves\" och \"Sunset Cliffs\", ber\u00e4ttar f\u00f6r oss om kvinnors\u00a0 utmaningar inom byggbranschen, s\u00e4rskilt i ledande befattningar p\u00e5 byggarbetsplatsen.","etiquetas":"","cabecera_escritorio":"https:\/\/blog.tmgrupoinmobiliario.com\/sv\/wp-content\/uploads\/sites\/6\/2022\/03\/Obra_titulo_escritorio1.jpg","cabecera_mobile":"https:\/\/blog.tmgrupoinmobiliario.com\/sv\/wp-content\/uploads\/sites\/6\/2022\/03\/Obra_titulo_movil1.jpg","galeria":[{"ID":16747,"id":16747,"title":"Foto1_carrusel1[1]","filename":"Foto1_carrusel11.jpg","filesize":417863,"url":"https:\/\/blog.tmgrupoinmobiliario.com\/sv\/wp-content\/uploads\/sites\/6\/2022\/03\/Foto1_carrusel11.jpg","link":"https:\/\/blog.tmgrupoinmobiliario.com\/sv\/2021\/03\/08\/partnerskap-och-jamlikhet\/foto1_carrusel11\/","alt":"","author":"11716","description":"","caption":"","name":"foto1_carrusel11","status":"inherit","uploaded_to":16743,"date":"2022-03-23 16:32:55","modified":"2022-03-23 16:33:04","menu_order":0,"mime_type":"image\/jpeg","type":"image","subtype":"jpeg","icon":"https:\/\/blog.tmgrupoinmobiliario.com\/sv\/wp-includes\/images\/media\/default.png","width":800,"height":600,"sizes":{"thumbnail":"https:\/\/blog.tmgrupoinmobiliario.com\/sv\/wp-content\/uploads\/sites\/6\/2022\/03\/Foto1_carrusel11-150x150.jpg","thumbnail-width":150,"thumbnail-height":150,"medium":"https:\/\/blog.tmgrupoinmobiliario.com\/sv\/wp-content\/uploads\/sites\/6\/2022\/03\/Foto1_carrusel11-300x225.jpg","medium-width":300,"medium-height":225,"medium_large":"https:\/\/blog.tmgrupoinmobiliario.com\/sv\/wp-content\/uploads\/sites\/6\/2022\/03\/Foto1_carrusel11-768x576.jpg","medium_large-width":768,"medium_large-height":576,"large":"https:\/\/blog.tmgrupoinmobiliario.com\/sv\/wp-content\/uploads\/sites\/6\/2022\/03\/Foto1_carrusel11.jpg","large-width":800,"large-height":600,"1536x1536":"https:\/\/blog.tmgrupoinmobiliario.com\/sv\/wp-content\/uploads\/sites\/6\/2022\/03\/Foto1_carrusel11.jpg","1536x1536-width":800,"1536x1536-height":600,"2048x2048":"https:\/\/blog.tmgrupoinmobiliario.com\/sv\/wp-content\/uploads\/sites\/6\/2022\/03\/Foto1_carrusel11.jpg","2048x2048-width":800,"2048x2048-height":600}},{"ID":16748,"id":16748,"title":"Foto2_carrusel1[1]","filename":"Foto2_carrusel11.jpg","filesize":443892,"url":"https:\/\/blog.tmgrupoinmobiliario.com\/sv\/wp-content\/uploads\/sites\/6\/2022\/03\/Foto2_carrusel11.jpg","link":"https:\/\/blog.tmgrupoinmobiliario.com\/sv\/2021\/03\/08\/partnerskap-och-jamlikhet\/foto2_carrusel11\/","alt":"","author":"11716","description":"","caption":"","name":"foto2_carrusel11","status":"inherit","uploaded_to":16743,"date":"2022-03-23 16:33:12","modified":"2022-03-23 16:33:21","menu_order":0,"mime_type":"image\/jpeg","type":"image","subtype":"jpeg","icon":"https:\/\/blog.tmgrupoinmobiliario.com\/sv\/wp-includes\/images\/media\/default.png","width":800,"height":600,"sizes":{"thumbnail":"https:\/\/blog.tmgrupoinmobiliario.com\/sv\/wp-content\/uploads\/sites\/6\/2022\/03\/Foto2_carrusel11-150x150.jpg","thumbnail-width":150,"thumbnail-height":150,"medium":"https:\/\/blog.tmgrupoinmobiliario.com\/sv\/wp-content\/uploads\/sites\/6\/2022\/03\/Foto2_carrusel11-300x225.jpg","medium-width":300,"medium-height":225,"medium_large":"https:\/\/blog.tmgrupoinmobiliario.com\/sv\/wp-content\/uploads\/sites\/6\/2022\/03\/Foto2_carrusel11-768x576.jpg","medium_large-width":768,"medium_large-height":576,"large":"https:\/\/blog.tmgrupoinmobiliario.com\/sv\/wp-content\/uploads\/sites\/6\/2022\/03\/Foto2_carrusel11.jpg","large-width":800,"large-height":600,"1536x1536":"https:\/\/blog.tmgrupoinmobiliario.com\/sv\/wp-content\/uploads\/sites\/6\/2022\/03\/Foto2_carrusel11.jpg","1536x1536-width":800,"1536x1536-height":600,"2048x2048":"https:\/\/blog.tmgrupoinmobiliario.com\/sv\/wp-content\/uploads\/sites\/6\/2022\/03\/Foto2_carrusel11.jpg","2048x2048-width":800,"2048x2048-height":600}},{"ID":16749,"id":16749,"title":"Foto3_carrusel1[1]","filename":"Foto3_carrusel11.jpg","filesize":371285,"url":"https:\/\/blog.tmgrupoinmobiliario.com\/sv\/wp-content\/uploads\/sites\/6\/2022\/03\/Foto3_carrusel11.jpg","link":"https:\/\/blog.tmgrupoinmobiliario.com\/sv\/2021\/03\/08\/partnerskap-och-jamlikhet\/foto3_carrusel11\/","alt":"","author":"11716","description":"","caption":"","name":"foto3_carrusel11","status":"inherit","uploaded_to":16743,"date":"2022-03-23 16:33:28","modified":"2022-03-23 16:33:31","menu_order":0,"mime_type":"image\/jpeg","type":"image","subtype":"jpeg","icon":"https:\/\/blog.tmgrupoinmobiliario.com\/sv\/wp-includes\/images\/media\/default.png","width":800,"height":600,"sizes":{"thumbnail":"https:\/\/blog.tmgrupoinmobiliario.com\/sv\/wp-content\/uploads\/sites\/6\/2022\/03\/Foto3_carrusel11-150x150.jpg","thumbnail-width":150,"thumbnail-height":150,"medium":"https:\/\/blog.tmgrupoinmobiliario.com\/sv\/wp-content\/uploads\/sites\/6\/2022\/03\/Foto3_carrusel11-300x225.jpg","medium-width":300,"medium-height":225,"medium_large":"https:\/\/blog.tmgrupoinmobiliario.com\/sv\/wp-content\/uploads\/sites\/6\/2022\/03\/Foto3_carrusel11-768x576.jpg","medium_large-width":768,"medium_large-height":576,"large":"https:\/\/blog.tmgrupoinmobiliario.com\/sv\/wp-content\/uploads\/sites\/6\/2022\/03\/Foto3_carrusel11.jpg","large-width":800,"large-height":600,"1536x1536":"https:\/\/blog.tmgrupoinmobiliario.com\/sv\/wp-content\/uploads\/sites\/6\/2022\/03\/Foto3_carrusel11.jpg","1536x1536-width":800,"1536x1536-height":600,"2048x2048":"https:\/\/blog.tmgrupoinmobiliario.com\/sv\/wp-content\/uploads\/sites\/6\/2022\/03\/Foto3_carrusel11.jpg","2048x2048-width":800,"2048x2048-height":600}},{"ID":16750,"id":16750,"title":"Foto4_carrusel1[1]","filename":"Foto4_carrusel11.jpg","filesize":360652,"url":"https:\/\/blog.tmgrupoinmobiliario.com\/sv\/wp-content\/uploads\/sites\/6\/2022\/03\/Foto4_carrusel11.jpg","link":"https:\/\/blog.tmgrupoinmobiliario.com\/sv\/2021\/03\/08\/partnerskap-och-jamlikhet\/foto4_carrusel11\/","alt":"","author":"11716","description":"","caption":"","name":"foto4_carrusel11","status":"inherit","uploaded_to":16743,"date":"2022-03-23 16:33:47","modified":"2022-03-23 16:33:50","menu_order":0,"mime_type":"image\/jpeg","type":"image","subtype":"jpeg","icon":"https:\/\/blog.tmgrupoinmobiliario.com\/sv\/wp-includes\/images\/media\/default.png","width":800,"height":600,"sizes":{"thumbnail":"https:\/\/blog.tmgrupoinmobiliario.com\/sv\/wp-content\/uploads\/sites\/6\/2022\/03\/Foto4_carrusel11-150x150.jpg","thumbnail-width":150,"thumbnail-height":150,"medium":"https:\/\/blog.tmgrupoinmobiliario.com\/sv\/wp-content\/uploads\/sites\/6\/2022\/03\/Foto4_carrusel11-300x225.jpg","medium-width":300,"medium-height":225,"medium_large":"https:\/\/blog.tmgrupoinmobiliario.com\/sv\/wp-content\/uploads\/sites\/6\/2022\/03\/Foto4_carrusel11-768x576.jpg","medium_large-width":768,"medium_large-height":576,"large":"https:\/\/blog.tmgrupoinmobiliario.com\/sv\/wp-content\/uploads\/sites\/6\/2022\/03\/Foto4_carrusel11.jpg","large-width":800,"large-height":600,"1536x1536":"https:\/\/blog.tmgrupoinmobiliario.com\/sv\/wp-content\/uploads\/sites\/6\/2022\/03\/Foto4_carrusel11.jpg","1536x1536-width":800,"1536x1536-height":600,"2048x2048":"https:\/\/blog.tmgrupoinmobiliario.com\/sv\/wp-content\/uploads\/sites\/6\/2022\/03\/Foto4_carrusel11.jpg","2048x2048-width":800,"2048x2048-height":600}}]},"yoast_head":"<!-- This site is optimized with the Yoast SEO Premium plugin v23.6 (Yoast SEO v27.5) - https:\/\/yoast.com\/product\/yoast-seo-premium-wordpress\/ -->\n<title>Partnerskap och j\u00e4mlikhet - Svenska<\/title>\n<meta name=\"description\" content=\"Flera av v\u00e5ra kollegor p\u00e5 plats pratar med oss \u200b\u200bom utmaningarna som kvinnor inom byggsektorn st\u00e5r inf\u00f6r p\u00e5 plats.\" \/>\n<meta name=\"robots\" content=\"index, follow, max-snippet:-1, max-image-preview:large, max-video-preview:-1\" \/>\n<link rel=\"canonical\" href=\"https:\/\/blog.tmgrupoinmobiliario.com\/sv\/2021\/03\/08\/partnerskap-och-jamlikhet\/\" \/>\n<meta property=\"og:locale\" content=\"sv_SE\" \/>\n<meta property=\"og:type\" content=\"article\" \/>\n<meta property=\"og:title\" content=\"Partnerskap och j\u00e4mlikhet\" \/>\n<meta property=\"og:description\" content=\"Flera av v\u00e5ra kollegor p\u00e5 plats pratar med oss \u200b\u200bom utmaningarna som kvinnor inom byggsektorn st\u00e5r inf\u00f6r p\u00e5 plats.\" \/>\n<meta property=\"og:url\" content=\"https:\/\/blog.tmgrupoinmobiliario.com\/sv\/2021\/03\/08\/partnerskap-och-jamlikhet\/\" \/>\n<meta property=\"og:site_name\" content=\"Svenska\" \/>\n<meta property=\"article:published_time\" content=\"2021-03-08T12:42:55+00:00\" \/>\n<meta property=\"article:modified_time\" content=\"2022-03-23T16:37:13+00:00\" \/>\n<meta property=\"og:image\" content=\"https:\/\/blog.tmgrupoinmobiliario.com\/sv\/wp-content\/uploads\/sites\/6\/2022\/03\/Imagen-destacada_obra1.jpg\" \/>\n\t<meta property=\"og:image:width\" content=\"1000\" \/>\n\t<meta property=\"og:image:height\" content=\"666\" \/>\n\t<meta property=\"og:image:type\" content=\"image\/jpeg\" \/>\n<meta name=\"author\" content=\"marina\" \/>\n<meta name=\"twitter:card\" content=\"summary_large_image\" \/>\n<meta name=\"twitter:label1\" content=\"Skriven av\" \/>\n\t<meta name=\"twitter:data1\" content=\"marina\" \/>\n\t<meta name=\"twitter:label2\" content=\"Ber\u00e4knad l\u00e4stid\" \/>\n\t<meta name=\"twitter:data2\" content=\"5 minuter\" \/>\n<script type=\"application\/ld+json\" class=\"yoast-schema-graph\">{\"@context\":\"https:\\\/\\\/schema.org\",\"@graph\":[{\"@type\":\"Article\",\"@id\":\"https:\\\/\\\/blog.tmgrupoinmobiliario.com\\\/sv\\\/2021\\\/03\\\/08\\\/partnerskap-och-jamlikhet\\\/#article\",\"isPartOf\":{\"@id\":\"https:\\\/\\\/blog.tmgrupoinmobiliario.com\\\/sv\\\/2021\\\/03\\\/08\\\/partnerskap-och-jamlikhet\\\/\"},\"author\":{\"name\":\"marina\",\"@id\":\"https:\\\/\\\/blog.tmgrupoinmobiliario.com\\\/sv\\\/#\\\/schema\\\/person\\\/788477479d35e623ab75c2fb194e7730\"},\"headline\":\"Partnerskap och j\u00e4mlikhet\",\"datePublished\":\"2021-03-08T12:42:55+00:00\",\"dateModified\":\"2022-03-23T16:37:13+00:00\",\"mainEntityOfPage\":{\"@id\":\"https:\\\/\\\/blog.tmgrupoinmobiliario.com\\\/sv\\\/2021\\\/03\\\/08\\\/partnerskap-och-jamlikhet\\\/\"},\"wordCount\":1017,\"commentCount\":0,\"image\":{\"@id\":\"https:\\\/\\\/blog.tmgrupoinmobiliario.com\\\/sv\\\/2021\\\/03\\\/08\\\/partnerskap-och-jamlikhet\\\/#primaryimage\"},\"thumbnailUrl\":\"https:\\\/\\\/blog.tmgrupoinmobiliario.com\\\/sv\\\/wp-content\\\/uploads\\\/sites\\\/6\\\/2022\\\/03\\\/Imagen-destacada_obra1.jpg\",\"keywords\":[\"tag-all\",\"tag-compromise\"],\"articleSection\":[\"Sin categor\u00eda\"],\"inLanguage\":\"sv-SE\",\"potentialAction\":[{\"@type\":\"CommentAction\",\"name\":\"Comment\",\"target\":[\"https:\\\/\\\/blog.tmgrupoinmobiliario.com\\\/sv\\\/2021\\\/03\\\/08\\\/partnerskap-och-jamlikhet\\\/#respond\"]}]},{\"@type\":\"WebPage\",\"@id\":\"https:\\\/\\\/blog.tmgrupoinmobiliario.com\\\/sv\\\/2021\\\/03\\\/08\\\/partnerskap-och-jamlikhet\\\/\",\"url\":\"https:\\\/\\\/blog.tmgrupoinmobiliario.com\\\/sv\\\/2021\\\/03\\\/08\\\/partnerskap-och-jamlikhet\\\/\",\"name\":\"Partnerskap och j\u00e4mlikhet - Svenska\",\"isPartOf\":{\"@id\":\"https:\\\/\\\/blog.tmgrupoinmobiliario.com\\\/sv\\\/#website\"},\"primaryImageOfPage\":{\"@id\":\"https:\\\/\\\/blog.tmgrupoinmobiliario.com\\\/sv\\\/2021\\\/03\\\/08\\\/partnerskap-och-jamlikhet\\\/#primaryimage\"},\"image\":{\"@id\":\"https:\\\/\\\/blog.tmgrupoinmobiliario.com\\\/sv\\\/2021\\\/03\\\/08\\\/partnerskap-och-jamlikhet\\\/#primaryimage\"},\"thumbnailUrl\":\"https:\\\/\\\/blog.tmgrupoinmobiliario.com\\\/sv\\\/wp-content\\\/uploads\\\/sites\\\/6\\\/2022\\\/03\\\/Imagen-destacada_obra1.jpg\",\"datePublished\":\"2021-03-08T12:42:55+00:00\",\"dateModified\":\"2022-03-23T16:37:13+00:00\",\"author\":{\"@id\":\"https:\\\/\\\/blog.tmgrupoinmobiliario.com\\\/sv\\\/#\\\/schema\\\/person\\\/788477479d35e623ab75c2fb194e7730\"},\"description\":\"Flera av v\u00e5ra kollegor p\u00e5 plats pratar med oss \u200b\u200bom utmaningarna som kvinnor inom byggsektorn st\u00e5r inf\u00f6r p\u00e5 plats.\",\"breadcrumb\":{\"@id\":\"https:\\\/\\\/blog.tmgrupoinmobiliario.com\\\/sv\\\/2021\\\/03\\\/08\\\/partnerskap-och-jamlikhet\\\/#breadcrumb\"},\"inLanguage\":\"sv-SE\",\"potentialAction\":[{\"@type\":\"ReadAction\",\"target\":[\"https:\\\/\\\/blog.tmgrupoinmobiliario.com\\\/sv\\\/2021\\\/03\\\/08\\\/partnerskap-och-jamlikhet\\\/\"]}]},{\"@type\":\"ImageObject\",\"inLanguage\":\"sv-SE\",\"@id\":\"https:\\\/\\\/blog.tmgrupoinmobiliario.com\\\/sv\\\/2021\\\/03\\\/08\\\/partnerskap-och-jamlikhet\\\/#primaryimage\",\"url\":\"https:\\\/\\\/blog.tmgrupoinmobiliario.com\\\/sv\\\/wp-content\\\/uploads\\\/sites\\\/6\\\/2022\\\/03\\\/Imagen-destacada_obra1.jpg\",\"contentUrl\":\"https:\\\/\\\/blog.tmgrupoinmobiliario.com\\\/sv\\\/wp-content\\\/uploads\\\/sites\\\/6\\\/2022\\\/03\\\/Imagen-destacada_obra1.jpg\",\"width\":1000,\"height\":666},{\"@type\":\"BreadcrumbList\",\"@id\":\"https:\\\/\\\/blog.tmgrupoinmobiliario.com\\\/sv\\\/2021\\\/03\\\/08\\\/partnerskap-och-jamlikhet\\\/#breadcrumb\",\"itemListElement\":[{\"@type\":\"ListItem\",\"position\":1,\"name\":\"Portada\",\"item\":\"https:\\\/\\\/blog.tmgrupoinmobiliario.com\\\/sv\\\/\"},{\"@type\":\"ListItem\",\"position\":2,\"name\":\"Partnerskap och j\u00e4mlikhet\"}]},{\"@type\":\"WebSite\",\"@id\":\"https:\\\/\\\/blog.tmgrupoinmobiliario.com\\\/sv\\\/#website\",\"url\":\"https:\\\/\\\/blog.tmgrupoinmobiliario.com\\\/sv\\\/\",\"name\":\"Svenska\",\"description\":\"Otro sitio m\u00e1s de Blog Desarrollo TM sitios\",\"potentialAction\":[{\"@type\":\"SearchAction\",\"target\":{\"@type\":\"EntryPoint\",\"urlTemplate\":\"https:\\\/\\\/blog.tmgrupoinmobiliario.com\\\/sv\\\/?s={search_term_string}\"},\"query-input\":{\"@type\":\"PropertyValueSpecification\",\"valueRequired\":true,\"valueName\":\"search_term_string\"}}],\"inLanguage\":\"sv-SE\"},{\"@type\":\"Person\",\"@id\":\"https:\\\/\\\/blog.tmgrupoinmobiliario.com\\\/sv\\\/#\\\/schema\\\/person\\\/788477479d35e623ab75c2fb194e7730\",\"name\":\"marina\",\"image\":{\"@type\":\"ImageObject\",\"inLanguage\":\"sv-SE\",\"@id\":\"https:\\\/\\\/secure.gravatar.com\\\/avatar\\\/34480839eb5b1bb235efe5be1b7e49218e07e314c17d1fb9ba5183ac5c2c64f3?s=96&d=mm&r=g\",\"url\":\"https:\\\/\\\/secure.gravatar.com\\\/avatar\\\/34480839eb5b1bb235efe5be1b7e49218e07e314c17d1fb9ba5183ac5c2c64f3?s=96&d=mm&r=g\",\"contentUrl\":\"https:\\\/\\\/secure.gravatar.com\\\/avatar\\\/34480839eb5b1bb235efe5be1b7e49218e07e314c17d1fb9ba5183ac5c2c64f3?s=96&d=mm&r=g\",\"caption\":\"marina\"},\"url\":\"https:\\\/\\\/blog.tmgrupoinmobiliario.com\\\/sv\\\/author\\\/marina\\\/\"}]}<\/script>\n<!-- \/ Yoast SEO Premium plugin. -->","yoast_head_json":{"title":"Partnerskap och j\u00e4mlikhet - Svenska","description":"Flera av v\u00e5ra kollegor p\u00e5 plats pratar med oss \u200b\u200bom utmaningarna som kvinnor inom byggsektorn st\u00e5r inf\u00f6r p\u00e5 plats.","robots":{"index":"index","follow":"follow","max-snippet":"max-snippet:-1","max-image-preview":"max-image-preview:large","max-video-preview":"max-video-preview:-1"},"canonical":"https:\/\/blog.tmgrupoinmobiliario.com\/sv\/2021\/03\/08\/partnerskap-och-jamlikhet\/","og_locale":"sv_SE","og_type":"article","og_title":"Partnerskap och j\u00e4mlikhet","og_description":"Flera av v\u00e5ra kollegor p\u00e5 plats pratar med oss \u200b\u200bom utmaningarna som kvinnor inom byggsektorn st\u00e5r inf\u00f6r p\u00e5 plats.","og_url":"https:\/\/blog.tmgrupoinmobiliario.com\/sv\/2021\/03\/08\/partnerskap-och-jamlikhet\/","og_site_name":"Svenska","article_published_time":"2021-03-08T12:42:55+00:00","article_modified_time":"2022-03-23T16:37:13+00:00","og_image":[{"width":1000,"height":666,"url":"https:\/\/blog.tmgrupoinmobiliario.com\/sv\/wp-content\/uploads\/sites\/6\/2022\/03\/Imagen-destacada_obra1.jpg","type":"image\/jpeg"}],"author":"marina","twitter_card":"summary_large_image","twitter_misc":{"Skriven av":"marina","Ber\u00e4knad l\u00e4stid":"5 minuter"},"schema":{"@context":"https:\/\/schema.org","@graph":[{"@type":"Article","@id":"https:\/\/blog.tmgrupoinmobiliario.com\/sv\/2021\/03\/08\/partnerskap-och-jamlikhet\/#article","isPartOf":{"@id":"https:\/\/blog.tmgrupoinmobiliario.com\/sv\/2021\/03\/08\/partnerskap-och-jamlikhet\/"},"author":{"name":"marina","@id":"https:\/\/blog.tmgrupoinmobiliario.com\/sv\/#\/schema\/person\/788477479d35e623ab75c2fb194e7730"},"headline":"Partnerskap och j\u00e4mlikhet","datePublished":"2021-03-08T12:42:55+00:00","dateModified":"2022-03-23T16:37:13+00:00","mainEntityOfPage":{"@id":"https:\/\/blog.tmgrupoinmobiliario.com\/sv\/2021\/03\/08\/partnerskap-och-jamlikhet\/"},"wordCount":1017,"commentCount":0,"image":{"@id":"https:\/\/blog.tmgrupoinmobiliario.com\/sv\/2021\/03\/08\/partnerskap-och-jamlikhet\/#primaryimage"},"thumbnailUrl":"https:\/\/blog.tmgrupoinmobiliario.com\/sv\/wp-content\/uploads\/sites\/6\/2022\/03\/Imagen-destacada_obra1.jpg","keywords":["tag-all","tag-compromise"],"articleSection":["Sin categor\u00eda"],"inLanguage":"sv-SE","potentialAction":[{"@type":"CommentAction","name":"Comment","target":["https:\/\/blog.tmgrupoinmobiliario.com\/sv\/2021\/03\/08\/partnerskap-och-jamlikhet\/#respond"]}]},{"@type":"WebPage","@id":"https:\/\/blog.tmgrupoinmobiliario.com\/sv\/2021\/03\/08\/partnerskap-och-jamlikhet\/","url":"https:\/\/blog.tmgrupoinmobiliario.com\/sv\/2021\/03\/08\/partnerskap-och-jamlikhet\/","name":"Partnerskap och j\u00e4mlikhet - Svenska","isPartOf":{"@id":"https:\/\/blog.tmgrupoinmobiliario.com\/sv\/#website"},"primaryImageOfPage":{"@id":"https:\/\/blog.tmgrupoinmobiliario.com\/sv\/2021\/03\/08\/partnerskap-och-jamlikhet\/#primaryimage"},"image":{"@id":"https:\/\/blog.tmgrupoinmobiliario.com\/sv\/2021\/03\/08\/partnerskap-och-jamlikhet\/#primaryimage"},"thumbnailUrl":"https:\/\/blog.tmgrupoinmobiliario.com\/sv\/wp-content\/uploads\/sites\/6\/2022\/03\/Imagen-destacada_obra1.jpg","datePublished":"2021-03-08T12:42:55+00:00","dateModified":"2022-03-23T16:37:13+00:00","author":{"@id":"https:\/\/blog.tmgrupoinmobiliario.com\/sv\/#\/schema\/person\/788477479d35e623ab75c2fb194e7730"},"description":"Flera av v\u00e5ra kollegor p\u00e5 plats pratar med oss \u200b\u200bom utmaningarna som kvinnor inom byggsektorn st\u00e5r inf\u00f6r p\u00e5 plats.","breadcrumb":{"@id":"https:\/\/blog.tmgrupoinmobiliario.com\/sv\/2021\/03\/08\/partnerskap-och-jamlikhet\/#breadcrumb"},"inLanguage":"sv-SE","potentialAction":[{"@type":"ReadAction","target":["https:\/\/blog.tmgrupoinmobiliario.com\/sv\/2021\/03\/08\/partnerskap-och-jamlikhet\/"]}]},{"@type":"ImageObject","inLanguage":"sv-SE","@id":"https:\/\/blog.tmgrupoinmobiliario.com\/sv\/2021\/03\/08\/partnerskap-och-jamlikhet\/#primaryimage","url":"https:\/\/blog.tmgrupoinmobiliario.com\/sv\/wp-content\/uploads\/sites\/6\/2022\/03\/Imagen-destacada_obra1.jpg","contentUrl":"https:\/\/blog.tmgrupoinmobiliario.com\/sv\/wp-content\/uploads\/sites\/6\/2022\/03\/Imagen-destacada_obra1.jpg","width":1000,"height":666},{"@type":"BreadcrumbList","@id":"https:\/\/blog.tmgrupoinmobiliario.com\/sv\/2021\/03\/08\/partnerskap-och-jamlikhet\/#breadcrumb","itemListElement":[{"@type":"ListItem","position":1,"name":"Portada","item":"https:\/\/blog.tmgrupoinmobiliario.com\/sv\/"},{"@type":"ListItem","position":2,"name":"Partnerskap och j\u00e4mlikhet"}]},{"@type":"WebSite","@id":"https:\/\/blog.tmgrupoinmobiliario.com\/sv\/#website","url":"https:\/\/blog.tmgrupoinmobiliario.com\/sv\/","name":"Svenska","description":"Otro sitio m\u00e1s de Blog Desarrollo TM sitios","potentialAction":[{"@type":"SearchAction","target":{"@type":"EntryPoint","urlTemplate":"https:\/\/blog.tmgrupoinmobiliario.com\/sv\/?s={search_term_string}"},"query-input":{"@type":"PropertyValueSpecification","valueRequired":true,"valueName":"search_term_string"}}],"inLanguage":"sv-SE"},{"@type":"Person","@id":"https:\/\/blog.tmgrupoinmobiliario.com\/sv\/#\/schema\/person\/788477479d35e623ab75c2fb194e7730","name":"marina","image":{"@type":"ImageObject","inLanguage":"sv-SE","@id":"https:\/\/secure.gravatar.com\/avatar\/34480839eb5b1bb235efe5be1b7e49218e07e314c17d1fb9ba5183ac5c2c64f3?s=96&d=mm&r=g","url":"https:\/\/secure.gravatar.com\/avatar\/34480839eb5b1bb235efe5be1b7e49218e07e314c17d1fb9ba5183ac5c2c64f3?s=96&d=mm&r=g","contentUrl":"https:\/\/secure.gravatar.com\/avatar\/34480839eb5b1bb235efe5be1b7e49218e07e314c17d1fb9ba5183ac5c2c64f3?s=96&d=mm&r=g","caption":"marina"},"url":"https:\/\/blog.tmgrupoinmobiliario.com\/sv\/author\/marina\/"}]}},"jetpack_featured_media_url":"https:\/\/blog.tmgrupoinmobiliario.com\/sv\/wp-content\/uploads\/sites\/6\/2022\/03\/Imagen-destacada_obra1.jpg","jetpack_sharing_enabled":true,"_links":{"self":[{"href":"https:\/\/blog.tmgrupoinmobiliario.com\/sv\/wp-json\/wp\/v2\/posts\/16743","targetHints":{"allow":["GET"]}}],"collection":[{"href":"https:\/\/blog.tmgrupoinmobiliario.com\/sv\/wp-json\/wp\/v2\/posts"}],"about":[{"href":"https:\/\/blog.tmgrupoinmobiliario.com\/sv\/wp-json\/wp\/v2\/types\/post"}],"author":[{"embeddable":true,"href":"https:\/\/blog.tmgrupoinmobiliario.com\/sv\/wp-json\/wp\/v2\/users\/11716"}],"replies":[{"embeddable":true,"href":"https:\/\/blog.tmgrupoinmobiliario.com\/sv\/wp-json\/wp\/v2\/comments?post=16743"}],"version-history":[{"count":1,"href":"https:\/\/blog.tmgrupoinmobiliario.com\/sv\/wp-json\/wp\/v2\/posts\/16743\/revisions"}],"predecessor-version":[{"id":16751,"href":"https:\/\/blog.tmgrupoinmobiliario.com\/sv\/wp-json\/wp\/v2\/posts\/16743\/revisions\/16751"}],"wp:featuredmedia":[{"embeddable":true,"href":"https:\/\/blog.tmgrupoinmobiliario.com\/sv\/wp-json\/wp\/v2\/media\/16744"}],"wp:attachment":[{"href":"https:\/\/blog.tmgrupoinmobiliario.com\/sv\/wp-json\/wp\/v2\/media?parent=16743"}],"wp:term":[{"taxonomy":"category","embeddable":true,"href":"https:\/\/blog.tmgrupoinmobiliario.com\/sv\/wp-json\/wp\/v2\/categories?post=16743"},{"taxonomy":"post_tag","embeddable":true,"href":"https:\/\/blog.tmgrupoinmobiliario.com\/sv\/wp-json\/wp\/v2\/tags?post=16743"}],"curies":[{"name":"wp","href":"https:\/\/api.w.org\/{rel}","templated":true}]}}