{"id":16724,"date":"2021-06-25T18:13:35","date_gmt":"2021-06-25T16:13:35","guid":{"rendered":"https:\/\/blog.tmgrupoinmobiliario.com\/sv\/?p=16724"},"modified":"2022-03-23T17:14:26","modified_gmt":"2022-03-23T16:14:26","slug":"elche-c-f-och-tm-real-estate-group-forlanger-sina-ataganden","status":"publish","type":"post","link":"https:\/\/blog.tmgrupoinmobiliario.com\/sv\/2021\/06\/25\/elche-c-f-och-tm-real-estate-group-forlanger-sina-ataganden\/","title":{"rendered":"Elche C.F. och TM Real Estate Group f\u00f6rl\u00e4nger sina \u00e5taganden"},"content":{"rendered":"<p>&nbsp;<\/p>\n<p>TM Real Estate Group kommer utg\u00f6ra tryck p\u00e5 Elche C.F.s tr\u00f6ja f\u00f6r sj\u00e4tte s\u00e4songen i rad. Samarbetet mellan de b\u00e5da organismerna som \u00e4r betydelsefulla inom sin branscher b\u00e5de inom Alicantes provins och Valencias delstatsregion kom till sommaren 2016 och har bevarats sedan dess. TM fastighetsm\u00e4klare har varit samarbetspartner till fotbollsklubben Elche C.F.under de senaste \u00e5ren och bidragit till att st\u00e4rka klubbens st\u00e4llning, vilket f\u00f6rblir ett of\u00f6r\u00e4ndrat f\u00f6rh\u00e5llande \u00e4ven denna s\u00e4songen, \u00e5terigen i LaLiga Santander.<\/p>\n<p>&nbsp;<\/p>\n<p>F\u00f6retr\u00e4dare f\u00f6r b\u00e5da institutionerna har idag i pressrummet p\u00e5 Mart\u00ednez Valero-stadion uttryckt sin tacksamhet och stolthet \u00f6ver det framg\u00e5ngsrika och goda samarbetet. <em>\u201cVi m\u00e5ste tacka dem. Pablo och TM-gruppen ing\u00e5r som en del i familjen. TM har f\u00f6ljt oss i de sv\u00e5raste stunderna, i Segunda B, n\u00e4r vi uppm\u00e4rksammades mycket mindre i det offentliga livet. TM har varit med hela v\u00e4gen till f\u00f6rsta divisionen. Vi har haft m\u00f6jlighet att utvecklas och v\u00e4xa med v\u00e4rdefullt st\u00f6d fr\u00e5n en av de mest prestigefyllda fastighetsm\u00e4klarna b\u00e5de p\u00e5 spansk delstatsniv\u00e5, nationell spansk niv\u00e5 och i ett internationell sammanhang. F\u00f6r oss \u00e4r detta gl\u00e4djande och vi hoppas att den gemensamma \u201cresan\u201d kommer forts\u00e4tta lika framg\u00e5ngsrikt som nu \u00e4ven p\u00e5 l\u00e5ng sikt&#8221;<\/em> sade <strong>Ordf\u00f6rande f\u00f6r Elche C.F., Joaqu\u00edn Buitrago.<\/strong><\/p>\n<p>&nbsp;<\/p>\n<p><strong>Pablo Serna som \u00e4r VD f\u00f6r TM Real Estate Group<\/strong> har bekr\u00e4ftat att <em>&#8220;TM Real Estate Group f\u00f6rnyat sitt partnerskap med Elche C.F. ytterligare en s\u00e4song, vilket blir den sj\u00e4tte s\u00e4songen i ordningen. Jag minns hur Elche kontaktade oss f\u00f6r sex \u00e5r sedan n\u00e4r klubben skulle spela f\u00f6r sin \u00f6verlevnads skull. V\u00e5r koncern st\u00e4llde upp sitt f\u00f6retagsst\u00f6d i stadens kommun och sedan dess har partnerskapsprojektet fortl\u00f6pt. Jag tror inte p\u00e5 tur, men d\u00e4remot p\u00e5 gott arbete samt ser att detta goda arbete gjort det m\u00f6jligt f\u00f6r oss att \u00e5tf\u00f6lja Elche vid tv\u00e5 promoveringar under denna tidsperiod, vilket \u00e4r av stort v\u00e4rde. Vi \u00e4r mycket n\u00f6jda med Elche C.F.:s varum\u00e4rkes goda inverkan p\u00e5 v\u00e5r aff\u00e4rsverksamhet i Spanien och hoppas f\u00e5 uppleva en normal s\u00e4song f\u00f6r att v\u00e4xa och bidra till LaLigas och fotbollssportens tilltagande betydelse i resten av v\u00e4rlden&#8221;.<\/em><\/p>\n","protected":false},"excerpt":{"rendered":"<p>&nbsp; TM Real Estate Group kommer utg\u00f6ra tryck p\u00e5 Elche C.F.s tr\u00f6ja f\u00f6r sj\u00e4tte s\u00e4songen i rad. Samarbetet mellan de b\u00e5da organismerna som \u00e4r betydelsefulla inom sin branscher b\u00e5de inom Alicantes provins och Valencias delstatsregion kom till sommaren 2016 och har bevarats sedan dess. TM fastighetsm\u00e4klare har varit samarbetspartner till fotbollsklubben Elche C.F.under de senaste [&hellip;]<\/p>\n","protected":false},"author":11716,"featured_media":16727,"comment_status":"open","ping_status":"open","sticky":false,"template":"","format":"standard","meta":{"_jetpack_memberships_contains_paid_content":false,"footnotes":""},"categories":[1],"tags":[399],"class_list":["post-16724","post","type-post","status-publish","format-standard","has-post-thumbnail","hentry","category-sin-categoria","tag-tag-all","formato-comunicacion"],"better_featured_image":{"id":16727,"alt_text":"","caption":"","description":"","media_type":"image","media_details":{"width":1000,"height":666,"file":"2022\/03\/1000x666-51.jpg","sizes":{"medium":{"file":"1000x666-51-300x200.jpg","width":300,"height":200,"mime-type":"image\/jpeg","source_url":"https:\/\/blog.tmgrupoinmobiliario.com\/sv\/wp-content\/uploads\/sites\/6\/2022\/03\/1000x666-51-300x200.jpg"},"thumbnail":{"file":"1000x666-51-150x150.jpg","width":150,"height":150,"mime-type":"image\/jpeg","source_url":"https:\/\/blog.tmgrupoinmobiliario.com\/sv\/wp-content\/uploads\/sites\/6\/2022\/03\/1000x666-51-150x150.jpg"},"medium_large":{"file":"1000x666-51-768x511.jpg","width":768,"height":511,"mime-type":"image\/jpeg","source_url":"https:\/\/blog.tmgrupoinmobiliario.com\/sv\/wp-content\/uploads\/sites\/6\/2022\/03\/1000x666-51-768x511.jpg"}},"image_meta":{"aperture":"0","credit":"","camera":"","caption":"","created_timestamp":"0","copyright":"","focal_length":"0","iso":"0","shutter_speed":"0","title":"","orientation":"1","keywords":[]}},"post":16724,"source_url":"https:\/\/blog.tmgrupoinmobiliario.com\/sv\/wp-content\/uploads\/sites\/6\/2022\/03\/1000x666-51.jpg"},"acf":{"imagen_destacada_desktop":"https:\/\/blog.tmgrupoinmobiliario.com\/sv\/wp-content\/uploads\/sites\/6\/2022\/03\/1920x870-71.jpg","imagen_destacada_mobile":"https:\/\/blog.tmgrupoinmobiliario.com\/sv\/wp-content\/uploads\/sites\/6\/2022\/03\/540x540-61.jpg","formato":{"term_id":17,"name":"Comunicaci\u00f3n","slug":"comunicacion","term_group":0,"term_taxonomy_id":17,"taxonomy":"formato","description":"","parent":0,"count":60,"filter":"raw"},"entradilla":"Den Torrevieja-baserade byggherren f\u00f6rblir huvudsponsor f\u00f6r sj\u00e4tte s\u00e4songen i rad","etiquetas":"","cabecera_escritorio":"https:\/\/blog.tmgrupoinmobiliario.com\/sv\/wp-content\/uploads\/sites\/6\/2022\/03\/1200X300-71.jpg","cabecera_mobile":"https:\/\/blog.tmgrupoinmobiliario.com\/sv\/wp-content\/uploads\/sites\/6\/2022\/03\/768X768-61.jpg","galeria":[{"ID":16730,"id":16730,"title":"image-411[1]","filename":"image-4111.jpg","filesize":195271,"url":"https:\/\/blog.tmgrupoinmobiliario.com\/sv\/wp-content\/uploads\/sites\/6\/2022\/03\/image-4111.jpg","link":"https:\/\/blog.tmgrupoinmobiliario.com\/sv\/2021\/06\/25\/elche-c-f-och-tm-real-estate-group-forlanger-sina-ataganden\/image-4111\/","alt":"","author":"11716","description":"","caption":"","name":"image-4111","status":"inherit","uploaded_to":16724,"date":"2022-03-23 16:11:27","modified":"2022-03-23 16:11:29","menu_order":0,"mime_type":"image\/jpeg","type":"image","subtype":"jpeg","icon":"https:\/\/blog.tmgrupoinmobiliario.com\/sv\/wp-includes\/images\/media\/default.png","width":1026,"height":768,"sizes":{"thumbnail":"https:\/\/blog.tmgrupoinmobiliario.com\/sv\/wp-content\/uploads\/sites\/6\/2022\/03\/image-4111-150x150.jpg","thumbnail-width":150,"thumbnail-height":150,"medium":"https:\/\/blog.tmgrupoinmobiliario.com\/sv\/wp-content\/uploads\/sites\/6\/2022\/03\/image-4111-300x225.jpg","medium-width":300,"medium-height":225,"medium_large":"https:\/\/blog.tmgrupoinmobiliario.com\/sv\/wp-content\/uploads\/sites\/6\/2022\/03\/image-4111-768x575.jpg","medium_large-width":768,"medium_large-height":575,"large":"https:\/\/blog.tmgrupoinmobiliario.com\/sv\/wp-content\/uploads\/sites\/6\/2022\/03\/image-4111-1024x767.jpg","large-width":1024,"large-height":767,"1536x1536":"https:\/\/blog.tmgrupoinmobiliario.com\/sv\/wp-content\/uploads\/sites\/6\/2022\/03\/image-4111.jpg","1536x1536-width":1026,"1536x1536-height":768,"2048x2048":"https:\/\/blog.tmgrupoinmobiliario.com\/sv\/wp-content\/uploads\/sites\/6\/2022\/03\/image-4111.jpg","2048x2048-width":1026,"2048x2048-height":768}},{"ID":16731,"id":16731,"title":"image-421[1]","filename":"image-4211.jpg","filesize":197672,"url":"https:\/\/blog.tmgrupoinmobiliario.com\/sv\/wp-content\/uploads\/sites\/6\/2022\/03\/image-4211.jpg","link":"https:\/\/blog.tmgrupoinmobiliario.com\/sv\/2021\/06\/25\/elche-c-f-och-tm-real-estate-group-forlanger-sina-ataganden\/image-4211\/","alt":"","author":"11716","description":"","caption":"","name":"image-4211","status":"inherit","uploaded_to":16724,"date":"2022-03-23 16:11:44","modified":"2022-03-23 16:11:47","menu_order":0,"mime_type":"image\/jpeg","type":"image","subtype":"jpeg","icon":"https:\/\/blog.tmgrupoinmobiliario.com\/sv\/wp-includes\/images\/media\/default.png","width":1026,"height":768,"sizes":{"thumbnail":"https:\/\/blog.tmgrupoinmobiliario.com\/sv\/wp-content\/uploads\/sites\/6\/2022\/03\/image-4211-150x150.jpg","thumbnail-width":150,"thumbnail-height":150,"medium":"https:\/\/blog.tmgrupoinmobiliario.com\/sv\/wp-content\/uploads\/sites\/6\/2022\/03\/image-4211-300x225.jpg","medium-width":300,"medium-height":225,"medium_large":"https:\/\/blog.tmgrupoinmobiliario.com\/sv\/wp-content\/uploads\/sites\/6\/2022\/03\/image-4211-768x575.jpg","medium_large-width":768,"medium_large-height":575,"large":"https:\/\/blog.tmgrupoinmobiliario.com\/sv\/wp-content\/uploads\/sites\/6\/2022\/03\/image-4211-1024x767.jpg","large-width":1024,"large-height":767,"1536x1536":"https:\/\/blog.tmgrupoinmobiliario.com\/sv\/wp-content\/uploads\/sites\/6\/2022\/03\/image-4211.jpg","1536x1536-width":1026,"1536x1536-height":768,"2048x2048":"https:\/\/blog.tmgrupoinmobiliario.com\/sv\/wp-content\/uploads\/sites\/6\/2022\/03\/image-4211.jpg","2048x2048-width":1026,"2048x2048-height":768}},{"ID":16732,"id":16732,"title":"image-431[1]","filename":"image-4311.jpg","filesize":133094,"url":"https:\/\/blog.tmgrupoinmobiliario.com\/sv\/wp-content\/uploads\/sites\/6\/2022\/03\/image-4311.jpg","link":"https:\/\/blog.tmgrupoinmobiliario.com\/sv\/2021\/06\/25\/elche-c-f-och-tm-real-estate-group-forlanger-sina-ataganden\/image-4311\/","alt":"","author":"11716","description":"","caption":"","name":"image-4311","status":"inherit","uploaded_to":16724,"date":"2022-03-23 16:11:59","modified":"2022-03-23 16:12:03","menu_order":0,"mime_type":"image\/jpeg","type":"image","subtype":"jpeg","icon":"https:\/\/blog.tmgrupoinmobiliario.com\/sv\/wp-includes\/images\/media\/default.png","width":800,"height":600,"sizes":{"thumbnail":"https:\/\/blog.tmgrupoinmobiliario.com\/sv\/wp-content\/uploads\/sites\/6\/2022\/03\/image-4311-150x150.jpg","thumbnail-width":150,"thumbnail-height":150,"medium":"https:\/\/blog.tmgrupoinmobiliario.com\/sv\/wp-content\/uploads\/sites\/6\/2022\/03\/image-4311-300x225.jpg","medium-width":300,"medium-height":225,"medium_large":"https:\/\/blog.tmgrupoinmobiliario.com\/sv\/wp-content\/uploads\/sites\/6\/2022\/03\/image-4311-768x576.jpg","medium_large-width":768,"medium_large-height":576,"large":"https:\/\/blog.tmgrupoinmobiliario.com\/sv\/wp-content\/uploads\/sites\/6\/2022\/03\/image-4311.jpg","large-width":800,"large-height":600,"1536x1536":"https:\/\/blog.tmgrupoinmobiliario.com\/sv\/wp-content\/uploads\/sites\/6\/2022\/03\/image-4311.jpg","1536x1536-width":800,"1536x1536-height":600,"2048x2048":"https:\/\/blog.tmgrupoinmobiliario.com\/sv\/wp-content\/uploads\/sites\/6\/2022\/03\/image-4311.jpg","2048x2048-width":800,"2048x2048-height":600}}]},"yoast_head":"<!-- This site is optimized with the Yoast SEO Premium plugin v23.6 (Yoast SEO v27.5) - https:\/\/yoast.com\/product\/yoast-seo-premium-wordpress\/ -->\n<title>Elche C.F. och TM Real Estate Group f\u00f6rl\u00e4nger sina \u00e5taganden - Svenska<\/title>\n<meta name=\"description\" content=\"Den Torrevieja-baserade byggherren f\u00f6rblir huvudsponsor f\u00f6r sj\u00e4tte s\u00e4songen i rad\" \/>\n<meta name=\"robots\" content=\"index, follow, max-snippet:-1, max-image-preview:large, max-video-preview:-1\" \/>\n<link rel=\"canonical\" href=\"https:\/\/blog.tmgrupoinmobiliario.com\/sv\/2021\/06\/25\/elche-c-f-och-tm-real-estate-group-forlanger-sina-ataganden\/\" \/>\n<meta property=\"og:locale\" content=\"sv_SE\" \/>\n<meta property=\"og:type\" content=\"article\" \/>\n<meta property=\"og:title\" content=\"Elche C.F. och TM Real Estate Group f\u00f6rl\u00e4nger sina \u00e5taganden\" \/>\n<meta property=\"og:description\" content=\"Den Torrevieja-baserade byggherren f\u00f6rblir huvudsponsor f\u00f6r sj\u00e4tte s\u00e4songen i rad\" \/>\n<meta property=\"og:url\" content=\"https:\/\/blog.tmgrupoinmobiliario.com\/sv\/2021\/06\/25\/elche-c-f-och-tm-real-estate-group-forlanger-sina-ataganden\/\" \/>\n<meta property=\"og:site_name\" content=\"Svenska\" \/>\n<meta property=\"article:published_time\" content=\"2021-06-25T16:13:35+00:00\" \/>\n<meta property=\"article:modified_time\" content=\"2022-03-23T16:14:26+00:00\" \/>\n<meta property=\"og:image\" content=\"https:\/\/blog.tmgrupoinmobiliario.com\/sv\/wp-content\/uploads\/sites\/6\/2022\/03\/1000x666-51.jpg\" \/>\n\t<meta property=\"og:image:width\" content=\"1000\" \/>\n\t<meta property=\"og:image:height\" content=\"666\" \/>\n\t<meta property=\"og:image:type\" content=\"image\/jpeg\" \/>\n<meta name=\"author\" content=\"marina\" \/>\n<meta name=\"twitter:card\" content=\"summary_large_image\" \/>\n<meta name=\"twitter:label1\" content=\"Skriven av\" \/>\n\t<meta name=\"twitter:data1\" content=\"marina\" \/>\n\t<meta name=\"twitter:label2\" content=\"Ber\u00e4knad l\u00e4stid\" \/>\n\t<meta name=\"twitter:data2\" content=\"2 minuter\" \/>\n<script type=\"application\/ld+json\" class=\"yoast-schema-graph\">{\"@context\":\"https:\\\/\\\/schema.org\",\"@graph\":[{\"@type\":\"Article\",\"@id\":\"https:\\\/\\\/blog.tmgrupoinmobiliario.com\\\/sv\\\/2021\\\/06\\\/25\\\/elche-c-f-och-tm-real-estate-group-forlanger-sina-ataganden\\\/#article\",\"isPartOf\":{\"@id\":\"https:\\\/\\\/blog.tmgrupoinmobiliario.com\\\/sv\\\/2021\\\/06\\\/25\\\/elche-c-f-och-tm-real-estate-group-forlanger-sina-ataganden\\\/\"},\"author\":{\"name\":\"marina\",\"@id\":\"https:\\\/\\\/blog.tmgrupoinmobiliario.com\\\/sv\\\/#\\\/schema\\\/person\\\/788477479d35e623ab75c2fb194e7730\"},\"headline\":\"Elche C.F. och TM Real Estate Group f\u00f6rl\u00e4nger sina \u00e5taganden\",\"datePublished\":\"2021-06-25T16:13:35+00:00\",\"dateModified\":\"2022-03-23T16:14:26+00:00\",\"mainEntityOfPage\":{\"@id\":\"https:\\\/\\\/blog.tmgrupoinmobiliario.com\\\/sv\\\/2021\\\/06\\\/25\\\/elche-c-f-och-tm-real-estate-group-forlanger-sina-ataganden\\\/\"},\"wordCount\":430,\"commentCount\":0,\"image\":{\"@id\":\"https:\\\/\\\/blog.tmgrupoinmobiliario.com\\\/sv\\\/2021\\\/06\\\/25\\\/elche-c-f-och-tm-real-estate-group-forlanger-sina-ataganden\\\/#primaryimage\"},\"thumbnailUrl\":\"https:\\\/\\\/blog.tmgrupoinmobiliario.com\\\/sv\\\/wp-content\\\/uploads\\\/sites\\\/6\\\/2022\\\/03\\\/1000x666-51.jpg\",\"keywords\":[\"tag-all\"],\"articleSection\":[\"Sin categor\u00eda\"],\"inLanguage\":\"sv-SE\",\"potentialAction\":[{\"@type\":\"CommentAction\",\"name\":\"Comment\",\"target\":[\"https:\\\/\\\/blog.tmgrupoinmobiliario.com\\\/sv\\\/2021\\\/06\\\/25\\\/elche-c-f-och-tm-real-estate-group-forlanger-sina-ataganden\\\/#respond\"]}]},{\"@type\":\"WebPage\",\"@id\":\"https:\\\/\\\/blog.tmgrupoinmobiliario.com\\\/sv\\\/2021\\\/06\\\/25\\\/elche-c-f-och-tm-real-estate-group-forlanger-sina-ataganden\\\/\",\"url\":\"https:\\\/\\\/blog.tmgrupoinmobiliario.com\\\/sv\\\/2021\\\/06\\\/25\\\/elche-c-f-och-tm-real-estate-group-forlanger-sina-ataganden\\\/\",\"name\":\"Elche C.F. och TM Real Estate Group f\u00f6rl\u00e4nger sina \u00e5taganden - Svenska\",\"isPartOf\":{\"@id\":\"https:\\\/\\\/blog.tmgrupoinmobiliario.com\\\/sv\\\/#website\"},\"primaryImageOfPage\":{\"@id\":\"https:\\\/\\\/blog.tmgrupoinmobiliario.com\\\/sv\\\/2021\\\/06\\\/25\\\/elche-c-f-och-tm-real-estate-group-forlanger-sina-ataganden\\\/#primaryimage\"},\"image\":{\"@id\":\"https:\\\/\\\/blog.tmgrupoinmobiliario.com\\\/sv\\\/2021\\\/06\\\/25\\\/elche-c-f-och-tm-real-estate-group-forlanger-sina-ataganden\\\/#primaryimage\"},\"thumbnailUrl\":\"https:\\\/\\\/blog.tmgrupoinmobiliario.com\\\/sv\\\/wp-content\\\/uploads\\\/sites\\\/6\\\/2022\\\/03\\\/1000x666-51.jpg\",\"datePublished\":\"2021-06-25T16:13:35+00:00\",\"dateModified\":\"2022-03-23T16:14:26+00:00\",\"author\":{\"@id\":\"https:\\\/\\\/blog.tmgrupoinmobiliario.com\\\/sv\\\/#\\\/schema\\\/person\\\/788477479d35e623ab75c2fb194e7730\"},\"description\":\"Den Torrevieja-baserade byggherren f\u00f6rblir huvudsponsor f\u00f6r sj\u00e4tte s\u00e4songen i rad\",\"breadcrumb\":{\"@id\":\"https:\\\/\\\/blog.tmgrupoinmobiliario.com\\\/sv\\\/2021\\\/06\\\/25\\\/elche-c-f-och-tm-real-estate-group-forlanger-sina-ataganden\\\/#breadcrumb\"},\"inLanguage\":\"sv-SE\",\"potentialAction\":[{\"@type\":\"ReadAction\",\"target\":[\"https:\\\/\\\/blog.tmgrupoinmobiliario.com\\\/sv\\\/2021\\\/06\\\/25\\\/elche-c-f-och-tm-real-estate-group-forlanger-sina-ataganden\\\/\"]}]},{\"@type\":\"ImageObject\",\"inLanguage\":\"sv-SE\",\"@id\":\"https:\\\/\\\/blog.tmgrupoinmobiliario.com\\\/sv\\\/2021\\\/06\\\/25\\\/elche-c-f-och-tm-real-estate-group-forlanger-sina-ataganden\\\/#primaryimage\",\"url\":\"https:\\\/\\\/blog.tmgrupoinmobiliario.com\\\/sv\\\/wp-content\\\/uploads\\\/sites\\\/6\\\/2022\\\/03\\\/1000x666-51.jpg\",\"contentUrl\":\"https:\\\/\\\/blog.tmgrupoinmobiliario.com\\\/sv\\\/wp-content\\\/uploads\\\/sites\\\/6\\\/2022\\\/03\\\/1000x666-51.jpg\",\"width\":1000,\"height\":666},{\"@type\":\"BreadcrumbList\",\"@id\":\"https:\\\/\\\/blog.tmgrupoinmobiliario.com\\\/sv\\\/2021\\\/06\\\/25\\\/elche-c-f-och-tm-real-estate-group-forlanger-sina-ataganden\\\/#breadcrumb\",\"itemListElement\":[{\"@type\":\"ListItem\",\"position\":1,\"name\":\"Portada\",\"item\":\"https:\\\/\\\/blog.tmgrupoinmobiliario.com\\\/sv\\\/\"},{\"@type\":\"ListItem\",\"position\":2,\"name\":\"Elche C.F. och TM Real Estate Group f\u00f6rl\u00e4nger sina \u00e5taganden\"}]},{\"@type\":\"WebSite\",\"@id\":\"https:\\\/\\\/blog.tmgrupoinmobiliario.com\\\/sv\\\/#website\",\"url\":\"https:\\\/\\\/blog.tmgrupoinmobiliario.com\\\/sv\\\/\",\"name\":\"Svenska\",\"description\":\"Otro sitio m\u00e1s de Blog Desarrollo TM sitios\",\"potentialAction\":[{\"@type\":\"SearchAction\",\"target\":{\"@type\":\"EntryPoint\",\"urlTemplate\":\"https:\\\/\\\/blog.tmgrupoinmobiliario.com\\\/sv\\\/?s={search_term_string}\"},\"query-input\":{\"@type\":\"PropertyValueSpecification\",\"valueRequired\":true,\"valueName\":\"search_term_string\"}}],\"inLanguage\":\"sv-SE\"},{\"@type\":\"Person\",\"@id\":\"https:\\\/\\\/blog.tmgrupoinmobiliario.com\\\/sv\\\/#\\\/schema\\\/person\\\/788477479d35e623ab75c2fb194e7730\",\"name\":\"marina\",\"image\":{\"@type\":\"ImageObject\",\"inLanguage\":\"sv-SE\",\"@id\":\"https:\\\/\\\/secure.gravatar.com\\\/avatar\\\/34480839eb5b1bb235efe5be1b7e49218e07e314c17d1fb9ba5183ac5c2c64f3?s=96&d=mm&r=g\",\"url\":\"https:\\\/\\\/secure.gravatar.com\\\/avatar\\\/34480839eb5b1bb235efe5be1b7e49218e07e314c17d1fb9ba5183ac5c2c64f3?s=96&d=mm&r=g\",\"contentUrl\":\"https:\\\/\\\/secure.gravatar.com\\\/avatar\\\/34480839eb5b1bb235efe5be1b7e49218e07e314c17d1fb9ba5183ac5c2c64f3?s=96&d=mm&r=g\",\"caption\":\"marina\"},\"url\":\"https:\\\/\\\/blog.tmgrupoinmobiliario.com\\\/sv\\\/author\\\/marina\\\/\"}]}<\/script>\n<!-- \/ Yoast SEO Premium plugin. -->","yoast_head_json":{"title":"Elche C.F. och TM Real Estate Group f\u00f6rl\u00e4nger sina \u00e5taganden - Svenska","description":"Den Torrevieja-baserade byggherren f\u00f6rblir huvudsponsor f\u00f6r sj\u00e4tte s\u00e4songen i rad","robots":{"index":"index","follow":"follow","max-snippet":"max-snippet:-1","max-image-preview":"max-image-preview:large","max-video-preview":"max-video-preview:-1"},"canonical":"https:\/\/blog.tmgrupoinmobiliario.com\/sv\/2021\/06\/25\/elche-c-f-och-tm-real-estate-group-forlanger-sina-ataganden\/","og_locale":"sv_SE","og_type":"article","og_title":"Elche C.F. och TM Real Estate Group f\u00f6rl\u00e4nger sina \u00e5taganden","og_description":"Den Torrevieja-baserade byggherren f\u00f6rblir huvudsponsor f\u00f6r sj\u00e4tte s\u00e4songen i rad","og_url":"https:\/\/blog.tmgrupoinmobiliario.com\/sv\/2021\/06\/25\/elche-c-f-och-tm-real-estate-group-forlanger-sina-ataganden\/","og_site_name":"Svenska","article_published_time":"2021-06-25T16:13:35+00:00","article_modified_time":"2022-03-23T16:14:26+00:00","og_image":[{"width":1000,"height":666,"url":"https:\/\/blog.tmgrupoinmobiliario.com\/sv\/wp-content\/uploads\/sites\/6\/2022\/03\/1000x666-51.jpg","type":"image\/jpeg"}],"author":"marina","twitter_card":"summary_large_image","twitter_misc":{"Skriven av":"marina","Ber\u00e4knad l\u00e4stid":"2 minuter"},"schema":{"@context":"https:\/\/schema.org","@graph":[{"@type":"Article","@id":"https:\/\/blog.tmgrupoinmobiliario.com\/sv\/2021\/06\/25\/elche-c-f-och-tm-real-estate-group-forlanger-sina-ataganden\/#article","isPartOf":{"@id":"https:\/\/blog.tmgrupoinmobiliario.com\/sv\/2021\/06\/25\/elche-c-f-och-tm-real-estate-group-forlanger-sina-ataganden\/"},"author":{"name":"marina","@id":"https:\/\/blog.tmgrupoinmobiliario.com\/sv\/#\/schema\/person\/788477479d35e623ab75c2fb194e7730"},"headline":"Elche C.F. och TM Real Estate Group f\u00f6rl\u00e4nger sina \u00e5taganden","datePublished":"2021-06-25T16:13:35+00:00","dateModified":"2022-03-23T16:14:26+00:00","mainEntityOfPage":{"@id":"https:\/\/blog.tmgrupoinmobiliario.com\/sv\/2021\/06\/25\/elche-c-f-och-tm-real-estate-group-forlanger-sina-ataganden\/"},"wordCount":430,"commentCount":0,"image":{"@id":"https:\/\/blog.tmgrupoinmobiliario.com\/sv\/2021\/06\/25\/elche-c-f-och-tm-real-estate-group-forlanger-sina-ataganden\/#primaryimage"},"thumbnailUrl":"https:\/\/blog.tmgrupoinmobiliario.com\/sv\/wp-content\/uploads\/sites\/6\/2022\/03\/1000x666-51.jpg","keywords":["tag-all"],"articleSection":["Sin categor\u00eda"],"inLanguage":"sv-SE","potentialAction":[{"@type":"CommentAction","name":"Comment","target":["https:\/\/blog.tmgrupoinmobiliario.com\/sv\/2021\/06\/25\/elche-c-f-och-tm-real-estate-group-forlanger-sina-ataganden\/#respond"]}]},{"@type":"WebPage","@id":"https:\/\/blog.tmgrupoinmobiliario.com\/sv\/2021\/06\/25\/elche-c-f-och-tm-real-estate-group-forlanger-sina-ataganden\/","url":"https:\/\/blog.tmgrupoinmobiliario.com\/sv\/2021\/06\/25\/elche-c-f-och-tm-real-estate-group-forlanger-sina-ataganden\/","name":"Elche C.F. och TM Real Estate Group f\u00f6rl\u00e4nger sina \u00e5taganden - Svenska","isPartOf":{"@id":"https:\/\/blog.tmgrupoinmobiliario.com\/sv\/#website"},"primaryImageOfPage":{"@id":"https:\/\/blog.tmgrupoinmobiliario.com\/sv\/2021\/06\/25\/elche-c-f-och-tm-real-estate-group-forlanger-sina-ataganden\/#primaryimage"},"image":{"@id":"https:\/\/blog.tmgrupoinmobiliario.com\/sv\/2021\/06\/25\/elche-c-f-och-tm-real-estate-group-forlanger-sina-ataganden\/#primaryimage"},"thumbnailUrl":"https:\/\/blog.tmgrupoinmobiliario.com\/sv\/wp-content\/uploads\/sites\/6\/2022\/03\/1000x666-51.jpg","datePublished":"2021-06-25T16:13:35+00:00","dateModified":"2022-03-23T16:14:26+00:00","author":{"@id":"https:\/\/blog.tmgrupoinmobiliario.com\/sv\/#\/schema\/person\/788477479d35e623ab75c2fb194e7730"},"description":"Den Torrevieja-baserade byggherren f\u00f6rblir huvudsponsor f\u00f6r sj\u00e4tte s\u00e4songen i rad","breadcrumb":{"@id":"https:\/\/blog.tmgrupoinmobiliario.com\/sv\/2021\/06\/25\/elche-c-f-och-tm-real-estate-group-forlanger-sina-ataganden\/#breadcrumb"},"inLanguage":"sv-SE","potentialAction":[{"@type":"ReadAction","target":["https:\/\/blog.tmgrupoinmobiliario.com\/sv\/2021\/06\/25\/elche-c-f-och-tm-real-estate-group-forlanger-sina-ataganden\/"]}]},{"@type":"ImageObject","inLanguage":"sv-SE","@id":"https:\/\/blog.tmgrupoinmobiliario.com\/sv\/2021\/06\/25\/elche-c-f-och-tm-real-estate-group-forlanger-sina-ataganden\/#primaryimage","url":"https:\/\/blog.tmgrupoinmobiliario.com\/sv\/wp-content\/uploads\/sites\/6\/2022\/03\/1000x666-51.jpg","contentUrl":"https:\/\/blog.tmgrupoinmobiliario.com\/sv\/wp-content\/uploads\/sites\/6\/2022\/03\/1000x666-51.jpg","width":1000,"height":666},{"@type":"BreadcrumbList","@id":"https:\/\/blog.tmgrupoinmobiliario.com\/sv\/2021\/06\/25\/elche-c-f-och-tm-real-estate-group-forlanger-sina-ataganden\/#breadcrumb","itemListElement":[{"@type":"ListItem","position":1,"name":"Portada","item":"https:\/\/blog.tmgrupoinmobiliario.com\/sv\/"},{"@type":"ListItem","position":2,"name":"Elche C.F. och TM Real Estate Group f\u00f6rl\u00e4nger sina \u00e5taganden"}]},{"@type":"WebSite","@id":"https:\/\/blog.tmgrupoinmobiliario.com\/sv\/#website","url":"https:\/\/blog.tmgrupoinmobiliario.com\/sv\/","name":"Svenska","description":"Otro sitio m\u00e1s de Blog Desarrollo TM sitios","potentialAction":[{"@type":"SearchAction","target":{"@type":"EntryPoint","urlTemplate":"https:\/\/blog.tmgrupoinmobiliario.com\/sv\/?s={search_term_string}"},"query-input":{"@type":"PropertyValueSpecification","valueRequired":true,"valueName":"search_term_string"}}],"inLanguage":"sv-SE"},{"@type":"Person","@id":"https:\/\/blog.tmgrupoinmobiliario.com\/sv\/#\/schema\/person\/788477479d35e623ab75c2fb194e7730","name":"marina","image":{"@type":"ImageObject","inLanguage":"sv-SE","@id":"https:\/\/secure.gravatar.com\/avatar\/34480839eb5b1bb235efe5be1b7e49218e07e314c17d1fb9ba5183ac5c2c64f3?s=96&d=mm&r=g","url":"https:\/\/secure.gravatar.com\/avatar\/34480839eb5b1bb235efe5be1b7e49218e07e314c17d1fb9ba5183ac5c2c64f3?s=96&d=mm&r=g","contentUrl":"https:\/\/secure.gravatar.com\/avatar\/34480839eb5b1bb235efe5be1b7e49218e07e314c17d1fb9ba5183ac5c2c64f3?s=96&d=mm&r=g","caption":"marina"},"url":"https:\/\/blog.tmgrupoinmobiliario.com\/sv\/author\/marina\/"}]}},"jetpack_featured_media_url":"https:\/\/blog.tmgrupoinmobiliario.com\/sv\/wp-content\/uploads\/sites\/6\/2022\/03\/1000x666-51.jpg","jetpack_sharing_enabled":true,"_links":{"self":[{"href":"https:\/\/blog.tmgrupoinmobiliario.com\/sv\/wp-json\/wp\/v2\/posts\/16724","targetHints":{"allow":["GET"]}}],"collection":[{"href":"https:\/\/blog.tmgrupoinmobiliario.com\/sv\/wp-json\/wp\/v2\/posts"}],"about":[{"href":"https:\/\/blog.tmgrupoinmobiliario.com\/sv\/wp-json\/wp\/v2\/types\/post"}],"author":[{"embeddable":true,"href":"https:\/\/blog.tmgrupoinmobiliario.com\/sv\/wp-json\/wp\/v2\/users\/11716"}],"replies":[{"embeddable":true,"href":"https:\/\/blog.tmgrupoinmobiliario.com\/sv\/wp-json\/wp\/v2\/comments?post=16724"}],"version-history":[{"count":1,"href":"https:\/\/blog.tmgrupoinmobiliario.com\/sv\/wp-json\/wp\/v2\/posts\/16724\/revisions"}],"predecessor-version":[{"id":16733,"href":"https:\/\/blog.tmgrupoinmobiliario.com\/sv\/wp-json\/wp\/v2\/posts\/16724\/revisions\/16733"}],"wp:featuredmedia":[{"embeddable":true,"href":"https:\/\/blog.tmgrupoinmobiliario.com\/sv\/wp-json\/wp\/v2\/media\/16727"}],"wp:attachment":[{"href":"https:\/\/blog.tmgrupoinmobiliario.com\/sv\/wp-json\/wp\/v2\/media?parent=16724"}],"wp:term":[{"taxonomy":"category","embeddable":true,"href":"https:\/\/blog.tmgrupoinmobiliario.com\/sv\/wp-json\/wp\/v2\/categories?post=16724"},{"taxonomy":"post_tag","embeddable":true,"href":"https:\/\/blog.tmgrupoinmobiliario.com\/sv\/wp-json\/wp\/v2\/tags?post=16724"}],"curies":[{"name":"wp","href":"https:\/\/api.w.org\/{rel}","templated":true}]}}