{"id":16700,"date":"2021-11-23T20:47:26","date_gmt":"2021-11-23T19:47:26","guid":{"rendered":"https:\/\/blog.tmgrupoinmobiliario.com\/sv\/?p=16700"},"modified":"2022-08-03T10:34:43","modified_gmt":"2022-08-03T08:34:43","slug":"tm-gar-med-i-det-internationella-banbrytande-forskningscentret-om-aldrande-i-spanien-och-europa","status":"publish","type":"post","link":"https:\/\/blog.tmgrupoinmobiliario.com\/sv\/2021\/11\/23\/tm-gar-med-i-det-internationella-banbrytande-forskningscentret-om-aldrande-i-spanien-och-europa\/","title":{"rendered":"TM g\u00e5r med i det internationella banbrytande forskningscentret om \u00e5ldrande i Spanien och Europa"},"content":{"rendered":"<p>&nbsp;<\/p>\n<p>Den 16 november grundades <strong>stiftelseinstitutet<\/strong> f\u00f6r f\u00f6rvaltning av <strong>det internationella forskningscentret om \u00e5ldrande (ICAR)<\/strong> p\u00e5 Alicantes departement \u201cConseller\u00eda de Inovaci\u00f3n\u201d <strong>\u00a0<\/strong>med internationell inriktning. Ett innovativt och unikt projekt som syftar till att ligga i ledet vad g\u00e4ller forskning om \u00e5ldrande.<\/p>\n<p>Centret skapades <strong>som resultatet av ett kommunalt-privat samarbete med st\u00f6d fr\u00e5n 22 f\u00f6retag<\/strong> i provinsen Alicante och ett svar p\u00e5 en av dagens samh\u00e4lles st\u00f6rsta utmaningar: 19 procent av befolkningen \u00e4r \u00f6ver 65 \u00e5r,\u00a0 vilket f\u00f6rv\u00e4ntas f\u00f6rdubblas inom 30 \u00e5r.<\/p>\n<p>Den <strong>huvudsakliga <\/strong>m\u00e5ls\u00e4ttningen \u00e4r att fr\u00e4mja <strong>forskning om \u00e5ldrande ur ett tv\u00e4rvetenskapligt perspektiv med internationell vinkling. <\/strong>Str\u00e4van \u00e4r att uppn\u00e5 positiva effekter ur en social och ekonomisk synvinkel. M\u00e5let \u00e4r att centret ska behandla olika perspektiv p\u00e5 \u00e5ldrande; fr\u00e5n fritid, turism och h\u00e4lsa, och kombinera vetenskap och kunskap till f\u00f6rm\u00e5n f\u00f6r de \u00e4ldre.<\/p>\n<p><strong>TM har anslutit sig till projektet <\/strong>f\u00f6r att bidra till <strong>forskning, utveckling och nyt\u00e4nkande med avseende p\u00e5 detta relevanta \u00e4mne f\u00f6r bostadsturismen som ocks\u00e5 \u00e4r en drivande inspirationskraft bakom v\u00e5r verksamhet. Som f\u00f6retag med ambitionen att bidra till h\u00e5llbar utveckling anser vi det vara n\u00f6dv\u00e4ndigt att delta i detta projekt f\u00f6r kunskapsfr\u00e4mjande och f\u00f6rb\u00e4ttrad livskvaliteten vad g\u00e4ller denna demografiska verklighet, med stor betydelse inom v\u00e5rt omr\u00e5de.<\/strong><\/p>\n<p>Traditionellt sett har bostadsturismen varit inriktad p\u00e5 \u00e4ldre som \u00e4r pension\u00e4rer eller n\u00e4ra pensions\u00e5ldern, som ska g\u00e5 i pension eller byta verksamhet och v\u00e4ljer v\u00e5rt regionala omr\u00e5de bland annat p\u00e5 grund av infrastrukturer, klimat, fritidsutbud och v\u00e5rdtj\u00e4nster. Provinsen Alicante, s\u00e4rskilt Costa Blanca uppfyller alla f\u00f6ruts\u00e4ttningar f\u00f6r att passa \u00e4ldre, b\u00e5de spanjorer och icke-spanjorer, som \u00e4r ute efter att fr\u00e4mja sitt v\u00e4lbefinnande med l\u00e4mpliga produkter och tj\u00e4nster. Semesterbost\u00e4der nyttjas fr\u00e4mst av \u00e5ldersgrupperna \u00f6ver 60 \u00e5r som v\u00e4ljer l\u00e5nga vistelser p\u00e5 upp till sex m\u00e5nader eller g\u00f6r om semesterbostaden till permanent bostad. Detta har en direkt inverkan p\u00e5 ekonomiska, sociala och kulturella aspekter och behov uppst\u00e5r av tj\u00e4nster till dessa grupper.<\/p>\n<p>D\u00e4rf\u00f6r \u00e4r det av avg\u00f6rande betydelse att f\u00f6retag och f\u00f6rvaltning s\u00f6ker innovation och kunskap inom omr\u00e5det \u00e5ldrande. De \u00e4ldres v\u00e4lbefinnande kan p\u00e5 s\u00e5 vis f\u00f6rb\u00e4ttras och specifika behov hos denna grupp tillfredsst\u00e4llas.<\/p>\n","protected":false},"excerpt":{"rendered":"<p>&nbsp; Den 16 november grundades stiftelseinstitutet f\u00f6r f\u00f6rvaltning av det internationella forskningscentret om \u00e5ldrande (ICAR) p\u00e5 Alicantes departement \u201cConseller\u00eda de Inovaci\u00f3n\u201d \u00a0med internationell inriktning. Ett innovativt och unikt projekt som syftar till att ligga i ledet vad g\u00e4ller forskning om \u00e5ldrande. Centret skapades som resultatet av ett kommunalt-privat samarbete med st\u00f6d fr\u00e5n 22 f\u00f6retag i [&hellip;]<\/p>\n","protected":false},"author":11716,"featured_media":16703,"comment_status":"open","ping_status":"open","sticky":false,"template":"","format":"standard","meta":{"_jetpack_memberships_contains_paid_content":false,"footnotes":""},"categories":[11,487],"tags":[],"class_list":["post-16700","post","type-post","status-publish","format-standard","has-post-thumbnail","hentry","category-corporativo","category-tm-nyheter","formato-comunicacion"],"better_featured_image":{"id":16703,"alt_text":"","caption":"","description":"","media_type":"image","media_details":{"width":1000,"height":666,"file":"2022\/03\/16001.jpg","sizes":{"medium":{"file":"16001-300x200.jpg","width":300,"height":200,"mime-type":"image\/jpeg","source_url":"https:\/\/blog.tmgrupoinmobiliario.com\/sv\/wp-content\/uploads\/sites\/6\/2022\/03\/16001-300x200.jpg"},"thumbnail":{"file":"16001-150x150.jpg","width":150,"height":150,"mime-type":"image\/jpeg","source_url":"https:\/\/blog.tmgrupoinmobiliario.com\/sv\/wp-content\/uploads\/sites\/6\/2022\/03\/16001-150x150.jpg"},"medium_large":{"file":"16001-768x511.jpg","width":768,"height":511,"mime-type":"image\/jpeg","source_url":"https:\/\/blog.tmgrupoinmobiliario.com\/sv\/wp-content\/uploads\/sites\/6\/2022\/03\/16001-768x511.jpg"}},"image_meta":{"aperture":"0","credit":"","camera":"","caption":"","created_timestamp":"0","copyright":"","focal_length":"0","iso":"0","shutter_speed":"0","title":"","orientation":"1","keywords":[]}},"post":16700,"source_url":"https:\/\/blog.tmgrupoinmobiliario.com\/sv\/wp-content\/uploads\/sites\/6\/2022\/03\/16001.jpg"},"acf":{"imagen_destacada_desktop":"https:\/\/blog.tmgrupoinmobiliario.com\/sv\/wp-content\/uploads\/sites\/6\/2022\/03\/1920-x-8701.jpg","imagen_destacada_mobile":"https:\/\/blog.tmgrupoinmobiliario.com\/sv\/wp-content\/uploads\/sites\/6\/2022\/03\/540-x-5401-1.jpg","formato":{"term_id":17,"name":"Comunicaci\u00f3n","slug":"comunicacion","term_group":0,"term_taxonomy_id":17,"taxonomy":"formato","description":"","parent":0,"count":60,"filter":"raw"},"entradilla":"Det \u00e4r ett innovativt och unikt projekt med ambitionen att befinna sig f\u00f6rsta ledet vad g\u00e4ller forskning om \u00e5ldrande.","etiquetas":"","cabecera_escritorio":"https:\/\/blog.tmgrupoinmobiliario.com\/sv\/wp-content\/uploads\/sites\/6\/2022\/03\/1200-x-3001-1.jpg","cabecera_mobile":"https:\/\/blog.tmgrupoinmobiliario.com\/sv\/wp-content\/uploads\/sites\/6\/2022\/03\/7681.jpg","galeria":[{"ID":16706,"id":16706,"title":"1026-1[1]","filename":"1026-11.jpg","filesize":326359,"url":"https:\/\/blog.tmgrupoinmobiliario.com\/sv\/wp-content\/uploads\/sites\/6\/2022\/03\/1026-11.jpg","link":"https:\/\/blog.tmgrupoinmobiliario.com\/sv\/2021\/11\/23\/tm-gar-med-i-det-internationella-banbrytande-forskningscentret-om-aldrande-i-spanien-och-europa\/1026-11\/","alt":"","author":"11716","description":"","caption":"","name":"1026-11","status":"inherit","uploaded_to":16700,"date":"2022-03-23 13:00:44","modified":"2022-03-23 13:00:51","menu_order":0,"mime_type":"image\/jpeg","type":"image","subtype":"jpeg","icon":"https:\/\/blog.tmgrupoinmobiliario.com\/sv\/wp-includes\/images\/media\/default.png","width":1026,"height":768,"sizes":{"thumbnail":"https:\/\/blog.tmgrupoinmobiliario.com\/sv\/wp-content\/uploads\/sites\/6\/2022\/03\/1026-11-150x150.jpg","thumbnail-width":150,"thumbnail-height":150,"medium":"https:\/\/blog.tmgrupoinmobiliario.com\/sv\/wp-content\/uploads\/sites\/6\/2022\/03\/1026-11-300x225.jpg","medium-width":300,"medium-height":225,"medium_large":"https:\/\/blog.tmgrupoinmobiliario.com\/sv\/wp-content\/uploads\/sites\/6\/2022\/03\/1026-11-768x575.jpg","medium_large-width":768,"medium_large-height":575,"large":"https:\/\/blog.tmgrupoinmobiliario.com\/sv\/wp-content\/uploads\/sites\/6\/2022\/03\/1026-11-1024x767.jpg","large-width":1024,"large-height":767,"1536x1536":"https:\/\/blog.tmgrupoinmobiliario.com\/sv\/wp-content\/uploads\/sites\/6\/2022\/03\/1026-11.jpg","1536x1536-width":1026,"1536x1536-height":768,"2048x2048":"https:\/\/blog.tmgrupoinmobiliario.com\/sv\/wp-content\/uploads\/sites\/6\/2022\/03\/1026-11.jpg","2048x2048-width":1026,"2048x2048-height":768}},{"ID":16707,"id":16707,"title":"1026-2[1]","filename":"1026-21.jpg","filesize":556477,"url":"https:\/\/blog.tmgrupoinmobiliario.com\/sv\/wp-content\/uploads\/sites\/6\/2022\/03\/1026-21.jpg","link":"https:\/\/blog.tmgrupoinmobiliario.com\/sv\/2021\/11\/23\/tm-gar-med-i-det-internationella-banbrytande-forskningscentret-om-aldrande-i-spanien-och-europa\/1026-21\/","alt":"","author":"11716","description":"","caption":"","name":"1026-21","status":"inherit","uploaded_to":16700,"date":"2022-03-23 13:00:58","modified":"2022-03-23 13:01:03","menu_order":0,"mime_type":"image\/jpeg","type":"image","subtype":"jpeg","icon":"https:\/\/blog.tmgrupoinmobiliario.com\/sv\/wp-includes\/images\/media\/default.png","width":1026,"height":768,"sizes":{"thumbnail":"https:\/\/blog.tmgrupoinmobiliario.com\/sv\/wp-content\/uploads\/sites\/6\/2022\/03\/1026-21-150x150.jpg","thumbnail-width":150,"thumbnail-height":150,"medium":"https:\/\/blog.tmgrupoinmobiliario.com\/sv\/wp-content\/uploads\/sites\/6\/2022\/03\/1026-21-300x225.jpg","medium-width":300,"medium-height":225,"medium_large":"https:\/\/blog.tmgrupoinmobiliario.com\/sv\/wp-content\/uploads\/sites\/6\/2022\/03\/1026-21-768x575.jpg","medium_large-width":768,"medium_large-height":575,"large":"https:\/\/blog.tmgrupoinmobiliario.com\/sv\/wp-content\/uploads\/sites\/6\/2022\/03\/1026-21-1024x767.jpg","large-width":1024,"large-height":767,"1536x1536":"https:\/\/blog.tmgrupoinmobiliario.com\/sv\/wp-content\/uploads\/sites\/6\/2022\/03\/1026-21.jpg","1536x1536-width":1026,"1536x1536-height":768,"2048x2048":"https:\/\/blog.tmgrupoinmobiliario.com\/sv\/wp-content\/uploads\/sites\/6\/2022\/03\/1026-21.jpg","2048x2048-width":1026,"2048x2048-height":768}},{"ID":16708,"id":16708,"title":"1026-3[1]","filename":"1026-31.jpg","filesize":435079,"url":"https:\/\/blog.tmgrupoinmobiliario.com\/sv\/wp-content\/uploads\/sites\/6\/2022\/03\/1026-31.jpg","link":"https:\/\/blog.tmgrupoinmobiliario.com\/sv\/2021\/11\/23\/tm-gar-med-i-det-internationella-banbrytande-forskningscentret-om-aldrande-i-spanien-och-europa\/1026-31\/","alt":"","author":"11716","description":"","caption":"","name":"1026-31","status":"inherit","uploaded_to":16700,"date":"2022-03-23 13:01:17","modified":"2022-03-23 13:01:21","menu_order":0,"mime_type":"image\/jpeg","type":"image","subtype":"jpeg","icon":"https:\/\/blog.tmgrupoinmobiliario.com\/sv\/wp-includes\/images\/media\/default.png","width":1026,"height":768,"sizes":{"thumbnail":"https:\/\/blog.tmgrupoinmobiliario.com\/sv\/wp-content\/uploads\/sites\/6\/2022\/03\/1026-31-150x150.jpg","thumbnail-width":150,"thumbnail-height":150,"medium":"https:\/\/blog.tmgrupoinmobiliario.com\/sv\/wp-content\/uploads\/sites\/6\/2022\/03\/1026-31-300x225.jpg","medium-width":300,"medium-height":225,"medium_large":"https:\/\/blog.tmgrupoinmobiliario.com\/sv\/wp-content\/uploads\/sites\/6\/2022\/03\/1026-31-768x575.jpg","medium_large-width":768,"medium_large-height":575,"large":"https:\/\/blog.tmgrupoinmobiliario.com\/sv\/wp-content\/uploads\/sites\/6\/2022\/03\/1026-31-1024x767.jpg","large-width":1024,"large-height":767,"1536x1536":"https:\/\/blog.tmgrupoinmobiliario.com\/sv\/wp-content\/uploads\/sites\/6\/2022\/03\/1026-31.jpg","1536x1536-width":1026,"1536x1536-height":768,"2048x2048":"https:\/\/blog.tmgrupoinmobiliario.com\/sv\/wp-content\/uploads\/sites\/6\/2022\/03\/1026-31.jpg","2048x2048-width":1026,"2048x2048-height":768}},{"ID":16709,"id":16709,"title":"1026-4[1]","filename":"1026-41.jpg","filesize":621266,"url":"https:\/\/blog.tmgrupoinmobiliario.com\/sv\/wp-content\/uploads\/sites\/6\/2022\/03\/1026-41.jpg","link":"https:\/\/blog.tmgrupoinmobiliario.com\/sv\/2021\/11\/23\/tm-gar-med-i-det-internationella-banbrytande-forskningscentret-om-aldrande-i-spanien-och-europa\/1026-41\/","alt":"","author":"11716","description":"","caption":"","name":"1026-41","status":"inherit","uploaded_to":16700,"date":"2022-03-23 13:01:29","modified":"2022-03-23 13:01:33","menu_order":0,"mime_type":"image\/jpeg","type":"image","subtype":"jpeg","icon":"https:\/\/blog.tmgrupoinmobiliario.com\/sv\/wp-includes\/images\/media\/default.png","width":1026,"height":768,"sizes":{"thumbnail":"https:\/\/blog.tmgrupoinmobiliario.com\/sv\/wp-content\/uploads\/sites\/6\/2022\/03\/1026-41-150x150.jpg","thumbnail-width":150,"thumbnail-height":150,"medium":"https:\/\/blog.tmgrupoinmobiliario.com\/sv\/wp-content\/uploads\/sites\/6\/2022\/03\/1026-41-300x225.jpg","medium-width":300,"medium-height":225,"medium_large":"https:\/\/blog.tmgrupoinmobiliario.com\/sv\/wp-content\/uploads\/sites\/6\/2022\/03\/1026-41-768x575.jpg","medium_large-width":768,"medium_large-height":575,"large":"https:\/\/blog.tmgrupoinmobiliario.com\/sv\/wp-content\/uploads\/sites\/6\/2022\/03\/1026-41-1024x767.jpg","large-width":1024,"large-height":767,"1536x1536":"https:\/\/blog.tmgrupoinmobiliario.com\/sv\/wp-content\/uploads\/sites\/6\/2022\/03\/1026-41.jpg","1536x1536-width":1026,"1536x1536-height":768,"2048x2048":"https:\/\/blog.tmgrupoinmobiliario.com\/sv\/wp-content\/uploads\/sites\/6\/2022\/03\/1026-41.jpg","2048x2048-width":1026,"2048x2048-height":768}}]},"yoast_head":"<!-- This site is optimized with the Yoast SEO Premium plugin v23.6 (Yoast SEO v27.5) - https:\/\/yoast.com\/product\/yoast-seo-premium-wordpress\/ -->\n<title>TM g\u00e5r med i det internationella banbrytande forskningscentret om \u00e5ldrande i Spanien och Europa - Svenska<\/title>\n<meta name=\"description\" content=\"TM g\u00e5r med i det internationella banbrytande forskningscentret om \u00e5ldrande i Spanien och Europa.\" \/>\n<meta name=\"robots\" content=\"index, follow, max-snippet:-1, max-image-preview:large, max-video-preview:-1\" \/>\n<link rel=\"canonical\" href=\"https:\/\/blog.tmgrupoinmobiliario.com\/sv\/2021\/11\/23\/tm-gar-med-i-det-internationella-banbrytande-forskningscentret-om-aldrande-i-spanien-och-europa\/\" \/>\n<meta property=\"og:locale\" content=\"sv_SE\" \/>\n<meta property=\"og:type\" content=\"article\" \/>\n<meta property=\"og:title\" content=\"TM g\u00e5r med i det internationella banbrytande forskningscentret om \u00e5ldrande i Spanien och Europa\" \/>\n<meta property=\"og:description\" content=\"TM g\u00e5r med i det internationella banbrytande forskningscentret om \u00e5ldrande i Spanien och Europa.\" \/>\n<meta property=\"og:url\" content=\"https:\/\/blog.tmgrupoinmobiliario.com\/sv\/2021\/11\/23\/tm-gar-med-i-det-internationella-banbrytande-forskningscentret-om-aldrande-i-spanien-och-europa\/\" \/>\n<meta property=\"og:site_name\" content=\"Svenska\" \/>\n<meta property=\"article:published_time\" content=\"2021-11-23T19:47:26+00:00\" \/>\n<meta property=\"article:modified_time\" content=\"2022-08-03T08:34:43+00:00\" \/>\n<meta property=\"og:image\" content=\"https:\/\/blog.tmgrupoinmobiliario.com\/sv\/wp-content\/uploads\/sites\/6\/2022\/03\/16001.jpg\" \/>\n\t<meta property=\"og:image:width\" content=\"1000\" \/>\n\t<meta property=\"og:image:height\" content=\"666\" \/>\n\t<meta property=\"og:image:type\" content=\"image\/jpeg\" \/>\n<meta name=\"author\" content=\"marina\" \/>\n<meta name=\"twitter:card\" content=\"summary_large_image\" \/>\n<meta name=\"twitter:label1\" content=\"Skriven av\" \/>\n\t<meta name=\"twitter:data1\" content=\"marina\" \/>\n\t<meta name=\"twitter:label2\" content=\"Ber\u00e4knad l\u00e4stid\" \/>\n\t<meta name=\"twitter:data2\" content=\"2 minuter\" \/>\n<script type=\"application\/ld+json\" class=\"yoast-schema-graph\">{\"@context\":\"https:\\\/\\\/schema.org\",\"@graph\":[{\"@type\":\"Article\",\"@id\":\"https:\\\/\\\/blog.tmgrupoinmobiliario.com\\\/sv\\\/2021\\\/11\\\/23\\\/tm-gar-med-i-det-internationella-banbrytande-forskningscentret-om-aldrande-i-spanien-och-europa\\\/#article\",\"isPartOf\":{\"@id\":\"https:\\\/\\\/blog.tmgrupoinmobiliario.com\\\/sv\\\/2021\\\/11\\\/23\\\/tm-gar-med-i-det-internationella-banbrytande-forskningscentret-om-aldrande-i-spanien-och-europa\\\/\"},\"author\":{\"name\":\"marina\",\"@id\":\"https:\\\/\\\/blog.tmgrupoinmobiliario.com\\\/sv\\\/#\\\/schema\\\/person\\\/788477479d35e623ab75c2fb194e7730\"},\"headline\":\"TM g\u00e5r med i det internationella banbrytande forskningscentret om \u00e5ldrande i Spanien och Europa\",\"datePublished\":\"2021-11-23T19:47:26+00:00\",\"dateModified\":\"2022-08-03T08:34:43+00:00\",\"mainEntityOfPage\":{\"@id\":\"https:\\\/\\\/blog.tmgrupoinmobiliario.com\\\/sv\\\/2021\\\/11\\\/23\\\/tm-gar-med-i-det-internationella-banbrytande-forskningscentret-om-aldrande-i-spanien-och-europa\\\/\"},\"wordCount\":425,\"commentCount\":0,\"image\":{\"@id\":\"https:\\\/\\\/blog.tmgrupoinmobiliario.com\\\/sv\\\/2021\\\/11\\\/23\\\/tm-gar-med-i-det-internationella-banbrytande-forskningscentret-om-aldrande-i-spanien-och-europa\\\/#primaryimage\"},\"thumbnailUrl\":\"https:\\\/\\\/blog.tmgrupoinmobiliario.com\\\/sv\\\/wp-content\\\/uploads\\\/sites\\\/6\\\/2022\\\/03\\\/16001.jpg\",\"articleSection\":[\"Corporativo\",\"Nyheter TM\"],\"inLanguage\":\"sv-SE\",\"potentialAction\":[{\"@type\":\"CommentAction\",\"name\":\"Comment\",\"target\":[\"https:\\\/\\\/blog.tmgrupoinmobiliario.com\\\/sv\\\/2021\\\/11\\\/23\\\/tm-gar-med-i-det-internationella-banbrytande-forskningscentret-om-aldrande-i-spanien-och-europa\\\/#respond\"]}]},{\"@type\":\"WebPage\",\"@id\":\"https:\\\/\\\/blog.tmgrupoinmobiliario.com\\\/sv\\\/2021\\\/11\\\/23\\\/tm-gar-med-i-det-internationella-banbrytande-forskningscentret-om-aldrande-i-spanien-och-europa\\\/\",\"url\":\"https:\\\/\\\/blog.tmgrupoinmobiliario.com\\\/sv\\\/2021\\\/11\\\/23\\\/tm-gar-med-i-det-internationella-banbrytande-forskningscentret-om-aldrande-i-spanien-och-europa\\\/\",\"name\":\"TM g\u00e5r med i det internationella banbrytande forskningscentret om \u00e5ldrande i Spanien och Europa - Svenska\",\"isPartOf\":{\"@id\":\"https:\\\/\\\/blog.tmgrupoinmobiliario.com\\\/sv\\\/#website\"},\"primaryImageOfPage\":{\"@id\":\"https:\\\/\\\/blog.tmgrupoinmobiliario.com\\\/sv\\\/2021\\\/11\\\/23\\\/tm-gar-med-i-det-internationella-banbrytande-forskningscentret-om-aldrande-i-spanien-och-europa\\\/#primaryimage\"},\"image\":{\"@id\":\"https:\\\/\\\/blog.tmgrupoinmobiliario.com\\\/sv\\\/2021\\\/11\\\/23\\\/tm-gar-med-i-det-internationella-banbrytande-forskningscentret-om-aldrande-i-spanien-och-europa\\\/#primaryimage\"},\"thumbnailUrl\":\"https:\\\/\\\/blog.tmgrupoinmobiliario.com\\\/sv\\\/wp-content\\\/uploads\\\/sites\\\/6\\\/2022\\\/03\\\/16001.jpg\",\"datePublished\":\"2021-11-23T19:47:26+00:00\",\"dateModified\":\"2022-08-03T08:34:43+00:00\",\"author\":{\"@id\":\"https:\\\/\\\/blog.tmgrupoinmobiliario.com\\\/sv\\\/#\\\/schema\\\/person\\\/788477479d35e623ab75c2fb194e7730\"},\"description\":\"TM g\u00e5r med i det internationella banbrytande forskningscentret om \u00e5ldrande i Spanien och Europa.\",\"breadcrumb\":{\"@id\":\"https:\\\/\\\/blog.tmgrupoinmobiliario.com\\\/sv\\\/2021\\\/11\\\/23\\\/tm-gar-med-i-det-internationella-banbrytande-forskningscentret-om-aldrande-i-spanien-och-europa\\\/#breadcrumb\"},\"inLanguage\":\"sv-SE\",\"potentialAction\":[{\"@type\":\"ReadAction\",\"target\":[\"https:\\\/\\\/blog.tmgrupoinmobiliario.com\\\/sv\\\/2021\\\/11\\\/23\\\/tm-gar-med-i-det-internationella-banbrytande-forskningscentret-om-aldrande-i-spanien-och-europa\\\/\"]}]},{\"@type\":\"ImageObject\",\"inLanguage\":\"sv-SE\",\"@id\":\"https:\\\/\\\/blog.tmgrupoinmobiliario.com\\\/sv\\\/2021\\\/11\\\/23\\\/tm-gar-med-i-det-internationella-banbrytande-forskningscentret-om-aldrande-i-spanien-och-europa\\\/#primaryimage\",\"url\":\"https:\\\/\\\/blog.tmgrupoinmobiliario.com\\\/sv\\\/wp-content\\\/uploads\\\/sites\\\/6\\\/2022\\\/03\\\/16001.jpg\",\"contentUrl\":\"https:\\\/\\\/blog.tmgrupoinmobiliario.com\\\/sv\\\/wp-content\\\/uploads\\\/sites\\\/6\\\/2022\\\/03\\\/16001.jpg\",\"width\":1000,\"height\":666},{\"@type\":\"BreadcrumbList\",\"@id\":\"https:\\\/\\\/blog.tmgrupoinmobiliario.com\\\/sv\\\/2021\\\/11\\\/23\\\/tm-gar-med-i-det-internationella-banbrytande-forskningscentret-om-aldrande-i-spanien-och-europa\\\/#breadcrumb\",\"itemListElement\":[{\"@type\":\"ListItem\",\"position\":1,\"name\":\"Portada\",\"item\":\"https:\\\/\\\/blog.tmgrupoinmobiliario.com\\\/sv\\\/\"},{\"@type\":\"ListItem\",\"position\":2,\"name\":\"TM g\u00e5r med i det internationella banbrytande forskningscentret om \u00e5ldrande i Spanien och Europa\"}]},{\"@type\":\"WebSite\",\"@id\":\"https:\\\/\\\/blog.tmgrupoinmobiliario.com\\\/sv\\\/#website\",\"url\":\"https:\\\/\\\/blog.tmgrupoinmobiliario.com\\\/sv\\\/\",\"name\":\"Svenska\",\"description\":\"Otro sitio m\u00e1s de Blog Desarrollo TM sitios\",\"potentialAction\":[{\"@type\":\"SearchAction\",\"target\":{\"@type\":\"EntryPoint\",\"urlTemplate\":\"https:\\\/\\\/blog.tmgrupoinmobiliario.com\\\/sv\\\/?s={search_term_string}\"},\"query-input\":{\"@type\":\"PropertyValueSpecification\",\"valueRequired\":true,\"valueName\":\"search_term_string\"}}],\"inLanguage\":\"sv-SE\"},{\"@type\":\"Person\",\"@id\":\"https:\\\/\\\/blog.tmgrupoinmobiliario.com\\\/sv\\\/#\\\/schema\\\/person\\\/788477479d35e623ab75c2fb194e7730\",\"name\":\"marina\",\"image\":{\"@type\":\"ImageObject\",\"inLanguage\":\"sv-SE\",\"@id\":\"https:\\\/\\\/secure.gravatar.com\\\/avatar\\\/34480839eb5b1bb235efe5be1b7e49218e07e314c17d1fb9ba5183ac5c2c64f3?s=96&d=mm&r=g\",\"url\":\"https:\\\/\\\/secure.gravatar.com\\\/avatar\\\/34480839eb5b1bb235efe5be1b7e49218e07e314c17d1fb9ba5183ac5c2c64f3?s=96&d=mm&r=g\",\"contentUrl\":\"https:\\\/\\\/secure.gravatar.com\\\/avatar\\\/34480839eb5b1bb235efe5be1b7e49218e07e314c17d1fb9ba5183ac5c2c64f3?s=96&d=mm&r=g\",\"caption\":\"marina\"},\"url\":\"https:\\\/\\\/blog.tmgrupoinmobiliario.com\\\/sv\\\/author\\\/marina\\\/\"}]}<\/script>\n<!-- \/ Yoast SEO Premium plugin. -->","yoast_head_json":{"title":"TM g\u00e5r med i det internationella banbrytande forskningscentret om \u00e5ldrande i Spanien och Europa - Svenska","description":"TM g\u00e5r med i det internationella banbrytande forskningscentret om \u00e5ldrande i Spanien och Europa.","robots":{"index":"index","follow":"follow","max-snippet":"max-snippet:-1","max-image-preview":"max-image-preview:large","max-video-preview":"max-video-preview:-1"},"canonical":"https:\/\/blog.tmgrupoinmobiliario.com\/sv\/2021\/11\/23\/tm-gar-med-i-det-internationella-banbrytande-forskningscentret-om-aldrande-i-spanien-och-europa\/","og_locale":"sv_SE","og_type":"article","og_title":"TM g\u00e5r med i det internationella banbrytande forskningscentret om \u00e5ldrande i Spanien och Europa","og_description":"TM g\u00e5r med i det internationella banbrytande forskningscentret om \u00e5ldrande i Spanien och Europa.","og_url":"https:\/\/blog.tmgrupoinmobiliario.com\/sv\/2021\/11\/23\/tm-gar-med-i-det-internationella-banbrytande-forskningscentret-om-aldrande-i-spanien-och-europa\/","og_site_name":"Svenska","article_published_time":"2021-11-23T19:47:26+00:00","article_modified_time":"2022-08-03T08:34:43+00:00","og_image":[{"width":1000,"height":666,"url":"https:\/\/blog.tmgrupoinmobiliario.com\/sv\/wp-content\/uploads\/sites\/6\/2022\/03\/16001.jpg","type":"image\/jpeg"}],"author":"marina","twitter_card":"summary_large_image","twitter_misc":{"Skriven av":"marina","Ber\u00e4knad l\u00e4stid":"2 minuter"},"schema":{"@context":"https:\/\/schema.org","@graph":[{"@type":"Article","@id":"https:\/\/blog.tmgrupoinmobiliario.com\/sv\/2021\/11\/23\/tm-gar-med-i-det-internationella-banbrytande-forskningscentret-om-aldrande-i-spanien-och-europa\/#article","isPartOf":{"@id":"https:\/\/blog.tmgrupoinmobiliario.com\/sv\/2021\/11\/23\/tm-gar-med-i-det-internationella-banbrytande-forskningscentret-om-aldrande-i-spanien-och-europa\/"},"author":{"name":"marina","@id":"https:\/\/blog.tmgrupoinmobiliario.com\/sv\/#\/schema\/person\/788477479d35e623ab75c2fb194e7730"},"headline":"TM g\u00e5r med i det internationella banbrytande forskningscentret om \u00e5ldrande i Spanien och Europa","datePublished":"2021-11-23T19:47:26+00:00","dateModified":"2022-08-03T08:34:43+00:00","mainEntityOfPage":{"@id":"https:\/\/blog.tmgrupoinmobiliario.com\/sv\/2021\/11\/23\/tm-gar-med-i-det-internationella-banbrytande-forskningscentret-om-aldrande-i-spanien-och-europa\/"},"wordCount":425,"commentCount":0,"image":{"@id":"https:\/\/blog.tmgrupoinmobiliario.com\/sv\/2021\/11\/23\/tm-gar-med-i-det-internationella-banbrytande-forskningscentret-om-aldrande-i-spanien-och-europa\/#primaryimage"},"thumbnailUrl":"https:\/\/blog.tmgrupoinmobiliario.com\/sv\/wp-content\/uploads\/sites\/6\/2022\/03\/16001.jpg","articleSection":["Corporativo","Nyheter TM"],"inLanguage":"sv-SE","potentialAction":[{"@type":"CommentAction","name":"Comment","target":["https:\/\/blog.tmgrupoinmobiliario.com\/sv\/2021\/11\/23\/tm-gar-med-i-det-internationella-banbrytande-forskningscentret-om-aldrande-i-spanien-och-europa\/#respond"]}]},{"@type":"WebPage","@id":"https:\/\/blog.tmgrupoinmobiliario.com\/sv\/2021\/11\/23\/tm-gar-med-i-det-internationella-banbrytande-forskningscentret-om-aldrande-i-spanien-och-europa\/","url":"https:\/\/blog.tmgrupoinmobiliario.com\/sv\/2021\/11\/23\/tm-gar-med-i-det-internationella-banbrytande-forskningscentret-om-aldrande-i-spanien-och-europa\/","name":"TM g\u00e5r med i det internationella banbrytande forskningscentret om \u00e5ldrande i Spanien och Europa - Svenska","isPartOf":{"@id":"https:\/\/blog.tmgrupoinmobiliario.com\/sv\/#website"},"primaryImageOfPage":{"@id":"https:\/\/blog.tmgrupoinmobiliario.com\/sv\/2021\/11\/23\/tm-gar-med-i-det-internationella-banbrytande-forskningscentret-om-aldrande-i-spanien-och-europa\/#primaryimage"},"image":{"@id":"https:\/\/blog.tmgrupoinmobiliario.com\/sv\/2021\/11\/23\/tm-gar-med-i-det-internationella-banbrytande-forskningscentret-om-aldrande-i-spanien-och-europa\/#primaryimage"},"thumbnailUrl":"https:\/\/blog.tmgrupoinmobiliario.com\/sv\/wp-content\/uploads\/sites\/6\/2022\/03\/16001.jpg","datePublished":"2021-11-23T19:47:26+00:00","dateModified":"2022-08-03T08:34:43+00:00","author":{"@id":"https:\/\/blog.tmgrupoinmobiliario.com\/sv\/#\/schema\/person\/788477479d35e623ab75c2fb194e7730"},"description":"TM g\u00e5r med i det internationella banbrytande forskningscentret om \u00e5ldrande i Spanien och Europa.","breadcrumb":{"@id":"https:\/\/blog.tmgrupoinmobiliario.com\/sv\/2021\/11\/23\/tm-gar-med-i-det-internationella-banbrytande-forskningscentret-om-aldrande-i-spanien-och-europa\/#breadcrumb"},"inLanguage":"sv-SE","potentialAction":[{"@type":"ReadAction","target":["https:\/\/blog.tmgrupoinmobiliario.com\/sv\/2021\/11\/23\/tm-gar-med-i-det-internationella-banbrytande-forskningscentret-om-aldrande-i-spanien-och-europa\/"]}]},{"@type":"ImageObject","inLanguage":"sv-SE","@id":"https:\/\/blog.tmgrupoinmobiliario.com\/sv\/2021\/11\/23\/tm-gar-med-i-det-internationella-banbrytande-forskningscentret-om-aldrande-i-spanien-och-europa\/#primaryimage","url":"https:\/\/blog.tmgrupoinmobiliario.com\/sv\/wp-content\/uploads\/sites\/6\/2022\/03\/16001.jpg","contentUrl":"https:\/\/blog.tmgrupoinmobiliario.com\/sv\/wp-content\/uploads\/sites\/6\/2022\/03\/16001.jpg","width":1000,"height":666},{"@type":"BreadcrumbList","@id":"https:\/\/blog.tmgrupoinmobiliario.com\/sv\/2021\/11\/23\/tm-gar-med-i-det-internationella-banbrytande-forskningscentret-om-aldrande-i-spanien-och-europa\/#breadcrumb","itemListElement":[{"@type":"ListItem","position":1,"name":"Portada","item":"https:\/\/blog.tmgrupoinmobiliario.com\/sv\/"},{"@type":"ListItem","position":2,"name":"TM g\u00e5r med i det internationella banbrytande forskningscentret om \u00e5ldrande i Spanien och Europa"}]},{"@type":"WebSite","@id":"https:\/\/blog.tmgrupoinmobiliario.com\/sv\/#website","url":"https:\/\/blog.tmgrupoinmobiliario.com\/sv\/","name":"Svenska","description":"Otro sitio m\u00e1s de Blog Desarrollo TM sitios","potentialAction":[{"@type":"SearchAction","target":{"@type":"EntryPoint","urlTemplate":"https:\/\/blog.tmgrupoinmobiliario.com\/sv\/?s={search_term_string}"},"query-input":{"@type":"PropertyValueSpecification","valueRequired":true,"valueName":"search_term_string"}}],"inLanguage":"sv-SE"},{"@type":"Person","@id":"https:\/\/blog.tmgrupoinmobiliario.com\/sv\/#\/schema\/person\/788477479d35e623ab75c2fb194e7730","name":"marina","image":{"@type":"ImageObject","inLanguage":"sv-SE","@id":"https:\/\/secure.gravatar.com\/avatar\/34480839eb5b1bb235efe5be1b7e49218e07e314c17d1fb9ba5183ac5c2c64f3?s=96&d=mm&r=g","url":"https:\/\/secure.gravatar.com\/avatar\/34480839eb5b1bb235efe5be1b7e49218e07e314c17d1fb9ba5183ac5c2c64f3?s=96&d=mm&r=g","contentUrl":"https:\/\/secure.gravatar.com\/avatar\/34480839eb5b1bb235efe5be1b7e49218e07e314c17d1fb9ba5183ac5c2c64f3?s=96&d=mm&r=g","caption":"marina"},"url":"https:\/\/blog.tmgrupoinmobiliario.com\/sv\/author\/marina\/"}]}},"jetpack_featured_media_url":"https:\/\/blog.tmgrupoinmobiliario.com\/sv\/wp-content\/uploads\/sites\/6\/2022\/03\/16001.jpg","jetpack_sharing_enabled":true,"_links":{"self":[{"href":"https:\/\/blog.tmgrupoinmobiliario.com\/sv\/wp-json\/wp\/v2\/posts\/16700","targetHints":{"allow":["GET"]}}],"collection":[{"href":"https:\/\/blog.tmgrupoinmobiliario.com\/sv\/wp-json\/wp\/v2\/posts"}],"about":[{"href":"https:\/\/blog.tmgrupoinmobiliario.com\/sv\/wp-json\/wp\/v2\/types\/post"}],"author":[{"embeddable":true,"href":"https:\/\/blog.tmgrupoinmobiliario.com\/sv\/wp-json\/wp\/v2\/users\/11716"}],"replies":[{"embeddable":true,"href":"https:\/\/blog.tmgrupoinmobiliario.com\/sv\/wp-json\/wp\/v2\/comments?post=16700"}],"version-history":[{"count":1,"href":"https:\/\/blog.tmgrupoinmobiliario.com\/sv\/wp-json\/wp\/v2\/posts\/16700\/revisions"}],"predecessor-version":[{"id":16710,"href":"https:\/\/blog.tmgrupoinmobiliario.com\/sv\/wp-json\/wp\/v2\/posts\/16700\/revisions\/16710"}],"wp:featuredmedia":[{"embeddable":true,"href":"https:\/\/blog.tmgrupoinmobiliario.com\/sv\/wp-json\/wp\/v2\/media\/16703"}],"wp:attachment":[{"href":"https:\/\/blog.tmgrupoinmobiliario.com\/sv\/wp-json\/wp\/v2\/media?parent=16700"}],"wp:term":[{"taxonomy":"category","embeddable":true,"href":"https:\/\/blog.tmgrupoinmobiliario.com\/sv\/wp-json\/wp\/v2\/categories?post=16700"},{"taxonomy":"post_tag","embeddable":true,"href":"https:\/\/blog.tmgrupoinmobiliario.com\/sv\/wp-json\/wp\/v2\/tags?post=16700"}],"curies":[{"name":"wp","href":"https:\/\/api.w.org\/{rel}","templated":true}]}}