{"id":16694,"date":"2019-11-26T13:17:47","date_gmt":"2019-11-26T12:17:47","guid":{"rendered":"https:\/\/blog.tmgrupoinmobiliario.com\/sv\/?p=16694"},"modified":"2022-03-23T13:43:57","modified_gmt":"2022-03-23T12:43:57","slug":"tm-och-vff-inviger-byn-jose-luis-serna-moukthikapuram-i-anantapur-indien","status":"publish","type":"post","link":"https:\/\/blog.tmgrupoinmobiliario.com\/sv\/2019\/11\/26\/tm-och-vff-inviger-byn-jose-luis-serna-moukthikapuram-i-anantapur-indien\/","title":{"rendered":"TM Real Estate Group och Vicente Ferrer Foundation inviger byn &#8220;Jos\u00e9 Luis Serna Moukthikapuram&#8221; i Anantapur, Indien."},"content":{"rendered":"<p>26.11.2019 I TM Real Estate Group<\/p>\n<ul>\n<li><strong>Tack vare detta samarbete har 71 familjer i ett av Indiens torraste och tuffaste omr\u00e5den f\u00e5tt \u00f6kad livskvalitet och en b\u00e4ttre framtid.<\/strong><\/li>\n<\/ul>\n<p>&nbsp;<\/p>\n<p>Den 9 november<strong> invigdes den byn med 71 bost\u00e4der &#8220;Jos\u00e9 Luis Serna Moukthikapuram&#8221;<\/strong> i Kalyandurg-omr\u00e5det i Anantapur-distriktet (syd\u00f6stra Indien) till TM:s grundares \u00e4ra. Detta solidaritetsprojekt har fr\u00e4mjats och finansierats av TM Real Estate Group i samarbete med Vicente Ferrer-stiftelsen genom avtal undertecknat i maj 2018.<\/p>\n<p>&nbsp;<\/p>\n<p><img loading=\"lazy\" decoding=\"async\" class=\"aligncenter wp-image-16425 size-large\" src=\"https:\/\/www.tmgrupoinmobiliario.com\/blog\/wp-content\/uploads\/2019\/11\/WhatsApp-Image-2019-11-26-at-12.47.01-3-717x1024.jpeg\" alt=\"\" width=\"717\" height=\"1024\" \/><\/p>\n<p>&nbsp;<\/p>\n<p>De <strong>nya bost\u00e4derna till totalt 387 personer<\/strong>, varav <strong>117 kvinnor, 138 m\u00e4n och 132 barn<\/strong>, som tidigare bodde i baracker, kommer radikalt f\u00f6rb\u00e4ttra levnadsf\u00f6rh\u00e5llandena f\u00f6r inv\u00e5narna i denna koloni. Bost\u00e4derna har registrerats i kvinnornas namn f\u00f6r att st\u00e4rka deras roll och garantera dem en f\u00f6rb\u00e4ttrad social st\u00e4llning.<\/p>\n<p>Familjerna har sj\u00e4lva deltagit i att uppf\u00f6ra bost\u00e4derna med start i juni 2018 och cirka 45 kvadratmeter f\u00f6rdelade p\u00e5 tv\u00e5 rum, en veranda och ett badrum.<\/p>\n<p>&nbsp;<\/p>\n<p><img loading=\"lazy\" decoding=\"async\" class=\"aligncenter wp-image-16426\" src=\"https:\/\/www.tmgrupoinmobiliario.com\/blog\/wp-content\/uploads\/2019\/11\/WhatsApp-Image-2019-11-26-at-12.47.01-1024x741.jpeg\" alt=\"\" width=\"717\" height=\"519\" \/><\/p>\n<p>&nbsp;<\/p>\n<p>Efter byinv\u00e5narnas v\u00e4lkomstcermoni med regionaltypisk musik och dans invigdes bost\u00e4derna av \u00c1ngeles och Jes\u00fas Serna, ordf\u00f6rande och vice ordf\u00f6rande f\u00f6r TM, tillsammans med Rajasekhar Reddy, direkt\u00f6r f\u00f6r Habitat, enligt traditionella hinduiska riter. Familjerna blev h\u00e4lsade personligen efter avt\u00e4ckandet av totemp\u00e5len, som ger namn \u00e5t byn och hyllar koncernens grundare. Efter bost\u00e4dernas invigning h\u00f6lls en institutionell mottagning med alla medlemmar i kolonin, lokala representanter och Vicente Ferrer-stiftelsen. Dagen avslutades med en symbolisk nyckel\u00f6verl\u00e5telse till var och en av mottagarfamiljerna.<\/p>\n<p>&nbsp;<\/p>\n<p><img loading=\"lazy\" decoding=\"async\" class=\"aligncenter wp-image-16429\" src=\"https:\/\/www.tmgrupoinmobiliario.com\/blog\/wp-content\/uploads\/2019\/11\/WhatsApp-Image-2019-11-26-at-12.47.01-1-1-1024x810.jpeg\" alt=\"\" width=\"717\" height=\"567\" \/><\/p>\n<p>&nbsp;<\/p>\n<p>Efter dagens starka k\u00e4nsloupplevelser uttryckte TM Real Estate Groups ordf\u00f6rande och vice ordf\u00f6rande sin f\u00f6rhoppning om att dessa bost\u00e4der ska utg\u00f6ra en v\u00e4rdefull hj\u00e4lp till de 71 familjerna, och framf\u00f6r allt till deras barn, f\u00f6rb\u00e4ttra deras livskvalitet och skapa en hoppfull framtid.<\/p>\n<p>Detta projekt faller inom ramen f\u00f6r TM Real Estate Groups policy f\u00f6r f\u00f6retagsansvar och utg\u00f6r en f\u00f6retagsmodell f\u00f6r ansvarsfullt fr\u00e4mjande av bostadstillg\u00e5ng till f\u00f6rm\u00e5n f\u00f6r de mest utsatta i linje med koncernens engagemang f\u00f6r Agenda 2030 och FN:s 17 m\u00e5l f\u00f6r h\u00e5llbar utveckling. S\u00e4rskilt FN:s f\u00f6rsta m\u00e5l att verka f\u00f6r minskad fattigdom kr\u00e4ver hj\u00e4lp till de mest utsatta grupperna, tillhandah\u00e5llande av grundl\u00e4ggande servicetj\u00e4nster och st\u00f6d till de missgynnade samh\u00e4llena. Detta fokus \u00e4r inriktat p\u00e5 att skapa ett h\u00e5llbart samh\u00e4lle.<\/p>\n<p>FVF \u00e4r aktivt i s\u00f6dra Indien genom Habitatsektorn och s\u00f6ker l\u00f6sningar mot fattigdom och skapandet av trygga och hygieniska bostadsf\u00f6rh\u00e5llanden. P\u00e5 n\u00e4stan 50 \u00e5r har n\u00e4stan 70 000 familjer f\u00e5tt ta del av programmet. Stiftelsen har hittills byggt \u00f6ver 75 000 bost\u00e4der till \u00f6ver 300 000 m\u00e4nniskor, som alla registrerats i kvinnornas namn.<\/p>\n<p>&nbsp;<\/p>\n<div class=\"jetpack-video-wrapper\"><span class=\"embed-youtube\" style=\"text-align:center; display: block;\"><iframe loading=\"lazy\" class=\"youtube-player\" width=\"640\" height=\"360\" src=\"https:\/\/www.youtube.com\/embed\/NuZP_lavQ3I?version=3&#038;rel=1&#038;showsearch=0&#038;showinfo=1&#038;iv_load_policy=1&#038;fs=1&#038;hl=sv-SE&#038;autohide=2&#038;wmode=transparent\" allowfullscreen=\"true\" style=\"border:0;\" sandbox=\"allow-scripts allow-same-origin allow-popups allow-presentation allow-popups-to-escape-sandbox\"><\/iframe><\/span><\/div>\n<p>&nbsp;<\/p>\n","protected":false},"excerpt":{"rendered":"<p>26.11.2019 I TM Real Estate Group Tack vare detta samarbete har 71 familjer i ett av Indiens torraste och tuffaste omr\u00e5den f\u00e5tt \u00f6kad livskvalitet och en b\u00e4ttre framtid. &nbsp; Den 9 november invigdes den byn med 71 bost\u00e4der &#8220;Jos\u00e9 Luis Serna Moukthikapuram&#8221; i Kalyandurg-omr\u00e5det i Anantapur-distriktet (syd\u00f6stra Indien) till TM:s grundares \u00e4ra. Detta solidaritetsprojekt har [&hellip;]<\/p>\n","protected":false},"author":11716,"featured_media":16695,"comment_status":"open","ping_status":"open","sticky":false,"template":"","format":"standard","meta":{"_jetpack_memberships_contains_paid_content":false,"footnotes":""},"categories":[11,20],"tags":[399,405],"class_list":["post-16694","post","type-post","status-publish","format-standard","has-post-thumbnail","hentry","category-corporativo","category-notas-prensa","tag-tag-all","tag-tag-compromise-en-2","formato-comunicacion"],"better_featured_image":{"id":16695,"alt_text":"","caption":"","description":"","media_type":"image","media_details":{"width":1000,"height":666,"file":"2022\/03\/TOTEM-1000x666px1.jpg","sizes":{"medium":{"file":"TOTEM-1000x666px1-300x200.jpg","width":300,"height":200,"mime-type":"image\/jpeg","source_url":"https:\/\/blog.tmgrupoinmobiliario.com\/sv\/wp-content\/uploads\/sites\/6\/2022\/03\/TOTEM-1000x666px1-300x200.jpg"},"thumbnail":{"file":"TOTEM-1000x666px1-150x150.jpg","width":150,"height":150,"mime-type":"image\/jpeg","source_url":"https:\/\/blog.tmgrupoinmobiliario.com\/sv\/wp-content\/uploads\/sites\/6\/2022\/03\/TOTEM-1000x666px1-150x150.jpg"},"medium_large":{"file":"TOTEM-1000x666px1-768x511.jpg","width":768,"height":511,"mime-type":"image\/jpeg","source_url":"https:\/\/blog.tmgrupoinmobiliario.com\/sv\/wp-content\/uploads\/sites\/6\/2022\/03\/TOTEM-1000x666px1-768x511.jpg"}},"image_meta":{"aperture":"0","credit":"","camera":"","caption":"","created_timestamp":"0","copyright":"","focal_length":"0","iso":"0","shutter_speed":"0","title":"","orientation":"1","keywords":[]}},"post":16694,"source_url":"https:\/\/blog.tmgrupoinmobiliario.com\/sv\/wp-content\/uploads\/sites\/6\/2022\/03\/TOTEM-1000x666px1.jpg"},"acf":{"imagen_destacada_desktop":false,"imagen_destacada_mobile":false,"formato":{"term_id":17,"name":"Comunicaci\u00f3n","slug":"comunicacion","term_group":0,"term_taxonomy_id":17,"taxonomy":"formato","description":"","parent":0,"count":60,"filter":"raw"},"entradilla":"","etiquetas":"","cabecera_escritorio":false,"cabecera_mobile":false,"galeria":false},"yoast_head":"<!-- This site is optimized with the Yoast SEO Premium plugin v23.6 (Yoast SEO v27.5) - https:\/\/yoast.com\/product\/yoast-seo-premium-wordpress\/ -->\n<title>TM Real Estate Group och Vicente Ferrer Foundation inviger byn &quot;Jos\u00e9 Luis Serna Moukthikapuram&quot; i Anantapur, Indien. - Svenska<\/title>\n<meta name=\"description\" content=\"TM Real Estate Group och Vicente Ferrer Foundation inviger byn &quot;Jos\u00e9 Luis Serna Moukthikapuram&quot; i Anantapur, Indien.\" \/>\n<meta name=\"robots\" content=\"index, follow, max-snippet:-1, max-image-preview:large, max-video-preview:-1\" \/>\n<link rel=\"canonical\" href=\"https:\/\/blog.tmgrupoinmobiliario.com\/sv\/2019\/11\/26\/tm-och-vff-inviger-byn-jose-luis-serna-moukthikapuram-i-anantapur-indien\/\" \/>\n<meta property=\"og:locale\" content=\"sv_SE\" \/>\n<meta property=\"og:type\" content=\"article\" \/>\n<meta property=\"og:title\" content=\"TM Real Estate Group och Vicente Ferrer Foundation inviger byn &quot;Jos\u00e9 Luis Serna Moukthikapuram&quot; i Anantapur, Indien.\" \/>\n<meta property=\"og:description\" content=\"TM Real Estate Group och Vicente Ferrer Foundation inviger byn &quot;Jos\u00e9 Luis Serna Moukthikapuram&quot; i Anantapur, Indien.\" \/>\n<meta property=\"og:url\" content=\"https:\/\/blog.tmgrupoinmobiliario.com\/sv\/2019\/11\/26\/tm-och-vff-inviger-byn-jose-luis-serna-moukthikapuram-i-anantapur-indien\/\" \/>\n<meta property=\"og:site_name\" content=\"Svenska\" \/>\n<meta property=\"article:published_time\" content=\"2019-11-26T12:17:47+00:00\" \/>\n<meta property=\"article:modified_time\" content=\"2022-03-23T12:43:57+00:00\" \/>\n<meta property=\"og:image\" content=\"https:\/\/blog.tmgrupoinmobiliario.com\/sv\/wp-content\/uploads\/sites\/6\/2022\/03\/TOTEM-1000x666px1.jpg\" \/>\n\t<meta property=\"og:image:width\" content=\"1000\" \/>\n\t<meta property=\"og:image:height\" content=\"666\" \/>\n\t<meta property=\"og:image:type\" content=\"image\/jpeg\" \/>\n<meta name=\"author\" content=\"marina\" \/>\n<meta name=\"twitter:card\" content=\"summary_large_image\" \/>\n<meta name=\"twitter:label1\" content=\"Skriven av\" \/>\n\t<meta name=\"twitter:data1\" content=\"marina\" \/>\n\t<meta name=\"twitter:label2\" content=\"Ber\u00e4knad l\u00e4stid\" \/>\n\t<meta name=\"twitter:data2\" content=\"3 minuter\" \/>\n<script type=\"application\/ld+json\" class=\"yoast-schema-graph\">{\"@context\":\"https:\\\/\\\/schema.org\",\"@graph\":[{\"@type\":\"Article\",\"@id\":\"https:\\\/\\\/blog.tmgrupoinmobiliario.com\\\/sv\\\/2019\\\/11\\\/26\\\/tm-och-vff-inviger-byn-jose-luis-serna-moukthikapuram-i-anantapur-indien\\\/#article\",\"isPartOf\":{\"@id\":\"https:\\\/\\\/blog.tmgrupoinmobiliario.com\\\/sv\\\/2019\\\/11\\\/26\\\/tm-och-vff-inviger-byn-jose-luis-serna-moukthikapuram-i-anantapur-indien\\\/\"},\"author\":{\"name\":\"marina\",\"@id\":\"https:\\\/\\\/blog.tmgrupoinmobiliario.com\\\/sv\\\/#\\\/schema\\\/person\\\/788477479d35e623ab75c2fb194e7730\"},\"headline\":\"TM Real Estate Group och Vicente Ferrer Foundation inviger byn &#8220;Jos\u00e9 Luis Serna Moukthikapuram&#8221; i Anantapur, Indien.\",\"datePublished\":\"2019-11-26T12:17:47+00:00\",\"dateModified\":\"2022-03-23T12:43:57+00:00\",\"mainEntityOfPage\":{\"@id\":\"https:\\\/\\\/blog.tmgrupoinmobiliario.com\\\/sv\\\/2019\\\/11\\\/26\\\/tm-och-vff-inviger-byn-jose-luis-serna-moukthikapuram-i-anantapur-indien\\\/\"},\"wordCount\":505,\"commentCount\":0,\"image\":{\"@id\":\"https:\\\/\\\/blog.tmgrupoinmobiliario.com\\\/sv\\\/2019\\\/11\\\/26\\\/tm-och-vff-inviger-byn-jose-luis-serna-moukthikapuram-i-anantapur-indien\\\/#primaryimage\"},\"thumbnailUrl\":\"https:\\\/\\\/blog.tmgrupoinmobiliario.com\\\/sv\\\/wp-content\\\/uploads\\\/sites\\\/6\\\/2022\\\/03\\\/TOTEM-1000x666px1.jpg\",\"keywords\":[\"tag-all\",\"tag-compromise\"],\"articleSection\":[\"Corporativo\",\"Notas de prensa\"],\"inLanguage\":\"sv-SE\",\"potentialAction\":[{\"@type\":\"CommentAction\",\"name\":\"Comment\",\"target\":[\"https:\\\/\\\/blog.tmgrupoinmobiliario.com\\\/sv\\\/2019\\\/11\\\/26\\\/tm-och-vff-inviger-byn-jose-luis-serna-moukthikapuram-i-anantapur-indien\\\/#respond\"]}]},{\"@type\":\"WebPage\",\"@id\":\"https:\\\/\\\/blog.tmgrupoinmobiliario.com\\\/sv\\\/2019\\\/11\\\/26\\\/tm-och-vff-inviger-byn-jose-luis-serna-moukthikapuram-i-anantapur-indien\\\/\",\"url\":\"https:\\\/\\\/blog.tmgrupoinmobiliario.com\\\/sv\\\/2019\\\/11\\\/26\\\/tm-och-vff-inviger-byn-jose-luis-serna-moukthikapuram-i-anantapur-indien\\\/\",\"name\":\"TM Real Estate Group och Vicente Ferrer Foundation inviger byn \\\"Jos\u00e9 Luis Serna Moukthikapuram\\\" i Anantapur, Indien. - Svenska\",\"isPartOf\":{\"@id\":\"https:\\\/\\\/blog.tmgrupoinmobiliario.com\\\/sv\\\/#website\"},\"primaryImageOfPage\":{\"@id\":\"https:\\\/\\\/blog.tmgrupoinmobiliario.com\\\/sv\\\/2019\\\/11\\\/26\\\/tm-och-vff-inviger-byn-jose-luis-serna-moukthikapuram-i-anantapur-indien\\\/#primaryimage\"},\"image\":{\"@id\":\"https:\\\/\\\/blog.tmgrupoinmobiliario.com\\\/sv\\\/2019\\\/11\\\/26\\\/tm-och-vff-inviger-byn-jose-luis-serna-moukthikapuram-i-anantapur-indien\\\/#primaryimage\"},\"thumbnailUrl\":\"https:\\\/\\\/blog.tmgrupoinmobiliario.com\\\/sv\\\/wp-content\\\/uploads\\\/sites\\\/6\\\/2022\\\/03\\\/TOTEM-1000x666px1.jpg\",\"datePublished\":\"2019-11-26T12:17:47+00:00\",\"dateModified\":\"2022-03-23T12:43:57+00:00\",\"author\":{\"@id\":\"https:\\\/\\\/blog.tmgrupoinmobiliario.com\\\/sv\\\/#\\\/schema\\\/person\\\/788477479d35e623ab75c2fb194e7730\"},\"description\":\"TM Real Estate Group och Vicente Ferrer Foundation inviger byn \\\"Jos\u00e9 Luis Serna Moukthikapuram\\\" i Anantapur, Indien.\",\"breadcrumb\":{\"@id\":\"https:\\\/\\\/blog.tmgrupoinmobiliario.com\\\/sv\\\/2019\\\/11\\\/26\\\/tm-och-vff-inviger-byn-jose-luis-serna-moukthikapuram-i-anantapur-indien\\\/#breadcrumb\"},\"inLanguage\":\"sv-SE\",\"potentialAction\":[{\"@type\":\"ReadAction\",\"target\":[\"https:\\\/\\\/blog.tmgrupoinmobiliario.com\\\/sv\\\/2019\\\/11\\\/26\\\/tm-och-vff-inviger-byn-jose-luis-serna-moukthikapuram-i-anantapur-indien\\\/\"]}]},{\"@type\":\"ImageObject\",\"inLanguage\":\"sv-SE\",\"@id\":\"https:\\\/\\\/blog.tmgrupoinmobiliario.com\\\/sv\\\/2019\\\/11\\\/26\\\/tm-och-vff-inviger-byn-jose-luis-serna-moukthikapuram-i-anantapur-indien\\\/#primaryimage\",\"url\":\"https:\\\/\\\/blog.tmgrupoinmobiliario.com\\\/sv\\\/wp-content\\\/uploads\\\/sites\\\/6\\\/2022\\\/03\\\/TOTEM-1000x666px1.jpg\",\"contentUrl\":\"https:\\\/\\\/blog.tmgrupoinmobiliario.com\\\/sv\\\/wp-content\\\/uploads\\\/sites\\\/6\\\/2022\\\/03\\\/TOTEM-1000x666px1.jpg\",\"width\":1000,\"height\":666},{\"@type\":\"BreadcrumbList\",\"@id\":\"https:\\\/\\\/blog.tmgrupoinmobiliario.com\\\/sv\\\/2019\\\/11\\\/26\\\/tm-och-vff-inviger-byn-jose-luis-serna-moukthikapuram-i-anantapur-indien\\\/#breadcrumb\",\"itemListElement\":[{\"@type\":\"ListItem\",\"position\":1,\"name\":\"Portada\",\"item\":\"https:\\\/\\\/blog.tmgrupoinmobiliario.com\\\/sv\\\/\"},{\"@type\":\"ListItem\",\"position\":2,\"name\":\"TM Real Estate Group och Vicente Ferrer Foundation inviger byn &#8220;Jos\u00e9 Luis Serna Moukthikapuram&#8221; i Anantapur, Indien.\"}]},{\"@type\":\"WebSite\",\"@id\":\"https:\\\/\\\/blog.tmgrupoinmobiliario.com\\\/sv\\\/#website\",\"url\":\"https:\\\/\\\/blog.tmgrupoinmobiliario.com\\\/sv\\\/\",\"name\":\"Svenska\",\"description\":\"Otro sitio m\u00e1s de Blog Desarrollo TM sitios\",\"potentialAction\":[{\"@type\":\"SearchAction\",\"target\":{\"@type\":\"EntryPoint\",\"urlTemplate\":\"https:\\\/\\\/blog.tmgrupoinmobiliario.com\\\/sv\\\/?s={search_term_string}\"},\"query-input\":{\"@type\":\"PropertyValueSpecification\",\"valueRequired\":true,\"valueName\":\"search_term_string\"}}],\"inLanguage\":\"sv-SE\"},{\"@type\":\"Person\",\"@id\":\"https:\\\/\\\/blog.tmgrupoinmobiliario.com\\\/sv\\\/#\\\/schema\\\/person\\\/788477479d35e623ab75c2fb194e7730\",\"name\":\"marina\",\"image\":{\"@type\":\"ImageObject\",\"inLanguage\":\"sv-SE\",\"@id\":\"https:\\\/\\\/secure.gravatar.com\\\/avatar\\\/34480839eb5b1bb235efe5be1b7e49218e07e314c17d1fb9ba5183ac5c2c64f3?s=96&d=mm&r=g\",\"url\":\"https:\\\/\\\/secure.gravatar.com\\\/avatar\\\/34480839eb5b1bb235efe5be1b7e49218e07e314c17d1fb9ba5183ac5c2c64f3?s=96&d=mm&r=g\",\"contentUrl\":\"https:\\\/\\\/secure.gravatar.com\\\/avatar\\\/34480839eb5b1bb235efe5be1b7e49218e07e314c17d1fb9ba5183ac5c2c64f3?s=96&d=mm&r=g\",\"caption\":\"marina\"},\"url\":\"https:\\\/\\\/blog.tmgrupoinmobiliario.com\\\/sv\\\/author\\\/marina\\\/\"}]}<\/script>\n<!-- \/ Yoast SEO Premium plugin. -->","yoast_head_json":{"title":"TM Real Estate Group och Vicente Ferrer Foundation inviger byn \"Jos\u00e9 Luis Serna Moukthikapuram\" i Anantapur, Indien. - Svenska","description":"TM Real Estate Group och Vicente Ferrer Foundation inviger byn \"Jos\u00e9 Luis Serna Moukthikapuram\" i Anantapur, Indien.","robots":{"index":"index","follow":"follow","max-snippet":"max-snippet:-1","max-image-preview":"max-image-preview:large","max-video-preview":"max-video-preview:-1"},"canonical":"https:\/\/blog.tmgrupoinmobiliario.com\/sv\/2019\/11\/26\/tm-och-vff-inviger-byn-jose-luis-serna-moukthikapuram-i-anantapur-indien\/","og_locale":"sv_SE","og_type":"article","og_title":"TM Real Estate Group och Vicente Ferrer Foundation inviger byn \"Jos\u00e9 Luis Serna Moukthikapuram\" i Anantapur, Indien.","og_description":"TM Real Estate Group och Vicente Ferrer Foundation inviger byn \"Jos\u00e9 Luis Serna Moukthikapuram\" i Anantapur, Indien.","og_url":"https:\/\/blog.tmgrupoinmobiliario.com\/sv\/2019\/11\/26\/tm-och-vff-inviger-byn-jose-luis-serna-moukthikapuram-i-anantapur-indien\/","og_site_name":"Svenska","article_published_time":"2019-11-26T12:17:47+00:00","article_modified_time":"2022-03-23T12:43:57+00:00","og_image":[{"width":1000,"height":666,"url":"https:\/\/blog.tmgrupoinmobiliario.com\/sv\/wp-content\/uploads\/sites\/6\/2022\/03\/TOTEM-1000x666px1.jpg","type":"image\/jpeg"}],"author":"marina","twitter_card":"summary_large_image","twitter_misc":{"Skriven av":"marina","Ber\u00e4knad l\u00e4stid":"3 minuter"},"schema":{"@context":"https:\/\/schema.org","@graph":[{"@type":"Article","@id":"https:\/\/blog.tmgrupoinmobiliario.com\/sv\/2019\/11\/26\/tm-och-vff-inviger-byn-jose-luis-serna-moukthikapuram-i-anantapur-indien\/#article","isPartOf":{"@id":"https:\/\/blog.tmgrupoinmobiliario.com\/sv\/2019\/11\/26\/tm-och-vff-inviger-byn-jose-luis-serna-moukthikapuram-i-anantapur-indien\/"},"author":{"name":"marina","@id":"https:\/\/blog.tmgrupoinmobiliario.com\/sv\/#\/schema\/person\/788477479d35e623ab75c2fb194e7730"},"headline":"TM Real Estate Group och Vicente Ferrer Foundation inviger byn &#8220;Jos\u00e9 Luis Serna Moukthikapuram&#8221; i Anantapur, Indien.","datePublished":"2019-11-26T12:17:47+00:00","dateModified":"2022-03-23T12:43:57+00:00","mainEntityOfPage":{"@id":"https:\/\/blog.tmgrupoinmobiliario.com\/sv\/2019\/11\/26\/tm-och-vff-inviger-byn-jose-luis-serna-moukthikapuram-i-anantapur-indien\/"},"wordCount":505,"commentCount":0,"image":{"@id":"https:\/\/blog.tmgrupoinmobiliario.com\/sv\/2019\/11\/26\/tm-och-vff-inviger-byn-jose-luis-serna-moukthikapuram-i-anantapur-indien\/#primaryimage"},"thumbnailUrl":"https:\/\/blog.tmgrupoinmobiliario.com\/sv\/wp-content\/uploads\/sites\/6\/2022\/03\/TOTEM-1000x666px1.jpg","keywords":["tag-all","tag-compromise"],"articleSection":["Corporativo","Notas de prensa"],"inLanguage":"sv-SE","potentialAction":[{"@type":"CommentAction","name":"Comment","target":["https:\/\/blog.tmgrupoinmobiliario.com\/sv\/2019\/11\/26\/tm-och-vff-inviger-byn-jose-luis-serna-moukthikapuram-i-anantapur-indien\/#respond"]}]},{"@type":"WebPage","@id":"https:\/\/blog.tmgrupoinmobiliario.com\/sv\/2019\/11\/26\/tm-och-vff-inviger-byn-jose-luis-serna-moukthikapuram-i-anantapur-indien\/","url":"https:\/\/blog.tmgrupoinmobiliario.com\/sv\/2019\/11\/26\/tm-och-vff-inviger-byn-jose-luis-serna-moukthikapuram-i-anantapur-indien\/","name":"TM Real Estate Group och Vicente Ferrer Foundation inviger byn \"Jos\u00e9 Luis Serna Moukthikapuram\" i Anantapur, Indien. - Svenska","isPartOf":{"@id":"https:\/\/blog.tmgrupoinmobiliario.com\/sv\/#website"},"primaryImageOfPage":{"@id":"https:\/\/blog.tmgrupoinmobiliario.com\/sv\/2019\/11\/26\/tm-och-vff-inviger-byn-jose-luis-serna-moukthikapuram-i-anantapur-indien\/#primaryimage"},"image":{"@id":"https:\/\/blog.tmgrupoinmobiliario.com\/sv\/2019\/11\/26\/tm-och-vff-inviger-byn-jose-luis-serna-moukthikapuram-i-anantapur-indien\/#primaryimage"},"thumbnailUrl":"https:\/\/blog.tmgrupoinmobiliario.com\/sv\/wp-content\/uploads\/sites\/6\/2022\/03\/TOTEM-1000x666px1.jpg","datePublished":"2019-11-26T12:17:47+00:00","dateModified":"2022-03-23T12:43:57+00:00","author":{"@id":"https:\/\/blog.tmgrupoinmobiliario.com\/sv\/#\/schema\/person\/788477479d35e623ab75c2fb194e7730"},"description":"TM Real Estate Group och Vicente Ferrer Foundation inviger byn \"Jos\u00e9 Luis Serna Moukthikapuram\" i Anantapur, Indien.","breadcrumb":{"@id":"https:\/\/blog.tmgrupoinmobiliario.com\/sv\/2019\/11\/26\/tm-och-vff-inviger-byn-jose-luis-serna-moukthikapuram-i-anantapur-indien\/#breadcrumb"},"inLanguage":"sv-SE","potentialAction":[{"@type":"ReadAction","target":["https:\/\/blog.tmgrupoinmobiliario.com\/sv\/2019\/11\/26\/tm-och-vff-inviger-byn-jose-luis-serna-moukthikapuram-i-anantapur-indien\/"]}]},{"@type":"ImageObject","inLanguage":"sv-SE","@id":"https:\/\/blog.tmgrupoinmobiliario.com\/sv\/2019\/11\/26\/tm-och-vff-inviger-byn-jose-luis-serna-moukthikapuram-i-anantapur-indien\/#primaryimage","url":"https:\/\/blog.tmgrupoinmobiliario.com\/sv\/wp-content\/uploads\/sites\/6\/2022\/03\/TOTEM-1000x666px1.jpg","contentUrl":"https:\/\/blog.tmgrupoinmobiliario.com\/sv\/wp-content\/uploads\/sites\/6\/2022\/03\/TOTEM-1000x666px1.jpg","width":1000,"height":666},{"@type":"BreadcrumbList","@id":"https:\/\/blog.tmgrupoinmobiliario.com\/sv\/2019\/11\/26\/tm-och-vff-inviger-byn-jose-luis-serna-moukthikapuram-i-anantapur-indien\/#breadcrumb","itemListElement":[{"@type":"ListItem","position":1,"name":"Portada","item":"https:\/\/blog.tmgrupoinmobiliario.com\/sv\/"},{"@type":"ListItem","position":2,"name":"TM Real Estate Group och Vicente Ferrer Foundation inviger byn &#8220;Jos\u00e9 Luis Serna Moukthikapuram&#8221; i Anantapur, Indien."}]},{"@type":"WebSite","@id":"https:\/\/blog.tmgrupoinmobiliario.com\/sv\/#website","url":"https:\/\/blog.tmgrupoinmobiliario.com\/sv\/","name":"Svenska","description":"Otro sitio m\u00e1s de Blog Desarrollo TM sitios","potentialAction":[{"@type":"SearchAction","target":{"@type":"EntryPoint","urlTemplate":"https:\/\/blog.tmgrupoinmobiliario.com\/sv\/?s={search_term_string}"},"query-input":{"@type":"PropertyValueSpecification","valueRequired":true,"valueName":"search_term_string"}}],"inLanguage":"sv-SE"},{"@type":"Person","@id":"https:\/\/blog.tmgrupoinmobiliario.com\/sv\/#\/schema\/person\/788477479d35e623ab75c2fb194e7730","name":"marina","image":{"@type":"ImageObject","inLanguage":"sv-SE","@id":"https:\/\/secure.gravatar.com\/avatar\/34480839eb5b1bb235efe5be1b7e49218e07e314c17d1fb9ba5183ac5c2c64f3?s=96&d=mm&r=g","url":"https:\/\/secure.gravatar.com\/avatar\/34480839eb5b1bb235efe5be1b7e49218e07e314c17d1fb9ba5183ac5c2c64f3?s=96&d=mm&r=g","contentUrl":"https:\/\/secure.gravatar.com\/avatar\/34480839eb5b1bb235efe5be1b7e49218e07e314c17d1fb9ba5183ac5c2c64f3?s=96&d=mm&r=g","caption":"marina"},"url":"https:\/\/blog.tmgrupoinmobiliario.com\/sv\/author\/marina\/"}]}},"jetpack_featured_media_url":"https:\/\/blog.tmgrupoinmobiliario.com\/sv\/wp-content\/uploads\/sites\/6\/2022\/03\/TOTEM-1000x666px1.jpg","jetpack_sharing_enabled":true,"_links":{"self":[{"href":"https:\/\/blog.tmgrupoinmobiliario.com\/sv\/wp-json\/wp\/v2\/posts\/16694","targetHints":{"allow":["GET"]}}],"collection":[{"href":"https:\/\/blog.tmgrupoinmobiliario.com\/sv\/wp-json\/wp\/v2\/posts"}],"about":[{"href":"https:\/\/blog.tmgrupoinmobiliario.com\/sv\/wp-json\/wp\/v2\/types\/post"}],"author":[{"embeddable":true,"href":"https:\/\/blog.tmgrupoinmobiliario.com\/sv\/wp-json\/wp\/v2\/users\/11716"}],"replies":[{"embeddable":true,"href":"https:\/\/blog.tmgrupoinmobiliario.com\/sv\/wp-json\/wp\/v2\/comments?post=16694"}],"version-history":[{"count":1,"href":"https:\/\/blog.tmgrupoinmobiliario.com\/sv\/wp-json\/wp\/v2\/posts\/16694\/revisions"}],"predecessor-version":[{"id":16696,"href":"https:\/\/blog.tmgrupoinmobiliario.com\/sv\/wp-json\/wp\/v2\/posts\/16694\/revisions\/16696"}],"wp:featuredmedia":[{"embeddable":true,"href":"https:\/\/blog.tmgrupoinmobiliario.com\/sv\/wp-json\/wp\/v2\/media\/16695"}],"wp:attachment":[{"href":"https:\/\/blog.tmgrupoinmobiliario.com\/sv\/wp-json\/wp\/v2\/media?parent=16694"}],"wp:term":[{"taxonomy":"category","embeddable":true,"href":"https:\/\/blog.tmgrupoinmobiliario.com\/sv\/wp-json\/wp\/v2\/categories?post=16694"},{"taxonomy":"post_tag","embeddable":true,"href":"https:\/\/blog.tmgrupoinmobiliario.com\/sv\/wp-json\/wp\/v2\/tags?post=16694"}],"curies":[{"name":"wp","href":"https:\/\/api.w.org\/{rel}","templated":true}]}}