{"id":16683,"date":"2020-02-27T14:00:43","date_gmt":"2020-02-27T13:00:43","guid":{"rendered":"https:\/\/blog.tmgrupoinmobiliario.com\/sv\/?p=16683"},"modified":"2022-03-23T13:37:24","modified_gmt":"2022-03-23T12:37:24","slug":"byggnadsarbetena-inleds-av-det-nya-idrottscentret-mar-de-pulpi","status":"publish","type":"post","link":"https:\/\/blog.tmgrupoinmobiliario.com\/sv\/2020\/02\/27\/byggnadsarbetena-inleds-av-det-nya-idrottscentret-mar-de-pulpi\/","title":{"rendered":"Byggnadsarbetena inleds av det nya idrottscentret Mar de Pulp\u00ed"},"content":{"rendered":"<p>&nbsp;<\/p>\n<p>Den <strong>8 januari<\/strong> lades f\u00f6rsta stenen till det som ska bli det nya <strong>sportcentret Mar de Pulp\u00ed<\/strong>. Det var en mycket speciell dag f\u00f6r oss i n\u00e4rvaro av \u00c1ngeles Mart\u00ednez, socialr\u00e5dgivare, och Juan Pedro Garc\u00eda, borgm\u00e4stare i Pulp\u00ed, tillsammans med Manuel Fern\u00e1ndez Figares, bitr\u00e4dande generaldirekt\u00f6r f\u00f6r TM, och Jos\u00e9 Ram\u00f3n Garc\u00eda, bitr\u00e4dande chef f\u00f6r TM Almer\u00eda.<\/p>\n<p>&nbsp;<\/p>\n<p><strong>1,8 miljoner euro planeras att investeras<\/strong> i omr\u00e5det, som ber\u00e4knas bli klart f\u00f6r inv\u00e5nare och turister under sista kvartalet 2020.<\/p>\n<p>&nbsp;<\/p>\n<p><span style=\"color: #ff0000\"><strong>Mar de Pulp\u00ed st\u00e4rker sin st\u00e4llning som idrottsdestination<\/strong><\/span><\/p>\n<p><strong>Det nya idrottscentret<\/strong> syftar till att g\u00f6ra bostadsomr\u00e5det till en <strong>sportdestination<\/strong> och uppfylla f\u00f6ljande funktioner; tillgodose alla professionella idrottsm\u00e4ns eller amat\u00f6rers behov samt ge service till fast bosatt befolkning och till turister.<\/p>\n<p>Och om det finns n\u00e5got som v\u00e5rt <strong><a href=\"https:\/\/www.youtube.com\/watch?v=8IlCNDMxaGI&amp;list=PLVe0wt6bYCi3WKVi1SbddTJ4HHp-bGYyf&amp;index=2\">bostadsomr\u00e5de Mar de Pulp\u00ed <\/a><\/strong>\u00e4r k\u00e4nt f\u00f6r \u00e4r det sin inriktning p\u00e5 idrott och tregrenade sporttradition. Viktiga sportevenemang har \u00e4gt rum p\u00e5 anl\u00e4ggningen, som till exempel den spanska triathloncupen, lagspelarsammankomster, sportcampus med olympiska medaljpristagare som cyklisten Carlos Coloma och popul\u00e4ra lopp som det traditionella Cross Mar de Pulp\u00ed.<\/p>\n<p>&nbsp;<\/p>\n<p><span style=\"color: #ff0000\"><strong>Ut\u00f6ver sport \u00e4r detta \u00e4ven ett centrum f\u00f6r wellness, fritid, h\u00e4lsa och avkoppling<\/strong><\/span><\/p>\n<p><strong>Sportanl\u00e4ggningen Mar de Pulp\u00ed<\/strong> erbjuder multisportomr\u00e5den inomhus, t.ex. ett gym p\u00e5 150 m2, ett spa med en uppv\u00e4rmd pool p\u00e5 57 m2, jacuzzi, bastu och behandlingsrum, samt ett utomhusomr\u00e5de med en barn- och vuxenpool, en uppv\u00e4rmd utomhuspool p\u00e5 150 m2, en beachvolleybollplan p\u00e5 540 m2, en friidrottsbana och h\u00f6jdhopp, tennis- och paddeltennisbanor. Dessutom finns utrymmen f\u00f6r fritid och avkoppling och ett caf\u00e9 och social klubb p\u00e5 80 m2, en picknickplats samt avslappnande tr\u00e4dg\u00e5rdsytor.<\/p>\n<p>Kort sagt,<strong> en idrottsanl\u00e4ggning som passar alla smaker, anpassad b\u00e5de till dem som gillar idrott p\u00e5 fritiden eller ut\u00f6var idrott som yrke.<\/strong><\/p>\n","protected":false},"excerpt":{"rendered":"<p>&nbsp; Den 8 januari lades f\u00f6rsta stenen till det som ska bli det nya sportcentret Mar de Pulp\u00ed. Det var en mycket speciell dag f\u00f6r oss i n\u00e4rvaro av \u00c1ngeles Mart\u00ednez, socialr\u00e5dgivare, och Juan Pedro Garc\u00eda, borgm\u00e4stare i Pulp\u00ed, tillsammans med Manuel Fern\u00e1ndez Figares, bitr\u00e4dande generaldirekt\u00f6r f\u00f6r TM, och Jos\u00e9 Ram\u00f3n Garc\u00eda, bitr\u00e4dande chef f\u00f6r [&hellip;]<\/p>\n","protected":false},"author":11716,"featured_media":16692,"comment_status":"open","ping_status":"open","sticky":false,"template":"","format":"standard","meta":{"_jetpack_memberships_contains_paid_content":false,"footnotes":""},"categories":[20],"tags":[399],"class_list":["post-16683","post","type-post","status-publish","format-standard","has-post-thumbnail","hentry","category-notas-prensa","tag-tag-all","formato-comunicacion"],"better_featured_image":{"id":16692,"alt_text":"","caption":"","description":"","media_type":"image","media_details":{"width":1000,"height":666,"file":"2022\/03\/new-sport-center-mdp1.jpg","sizes":{"medium":{"file":"new-sport-center-mdp1-300x200.jpg","width":300,"height":200,"mime-type":"image\/jpeg","source_url":"https:\/\/blog.tmgrupoinmobiliario.com\/sv\/wp-content\/uploads\/sites\/6\/2022\/03\/new-sport-center-mdp1-300x200.jpg"},"thumbnail":{"file":"new-sport-center-mdp1-150x150.jpg","width":150,"height":150,"mime-type":"image\/jpeg","source_url":"https:\/\/blog.tmgrupoinmobiliario.com\/sv\/wp-content\/uploads\/sites\/6\/2022\/03\/new-sport-center-mdp1-150x150.jpg"},"medium_large":{"file":"new-sport-center-mdp1-768x511.jpg","width":768,"height":511,"mime-type":"image\/jpeg","source_url":"https:\/\/blog.tmgrupoinmobiliario.com\/sv\/wp-content\/uploads\/sites\/6\/2022\/03\/new-sport-center-mdp1-768x511.jpg"}},"image_meta":{"aperture":"0","credit":"","camera":"","caption":"","created_timestamp":"0","copyright":"","focal_length":"0","iso":"0","shutter_speed":"0","title":"","orientation":"1","keywords":[]}},"post":16683,"source_url":"https:\/\/blog.tmgrupoinmobiliario.com\/sv\/wp-content\/uploads\/sites\/6\/2022\/03\/new-sport-center-mdp1.jpg"},"acf":{"imagen_destacada_desktop":false,"imagen_destacada_mobile":false,"formato":{"term_id":17,"name":"Comunicaci\u00f3n","slug":"comunicacion","term_group":0,"term_taxonomy_id":17,"taxonomy":"formato","description":"","parent":0,"count":60,"filter":"raw"},"entradilla":"Projektet \u00e4r utan tvekan ett avg\u00f6rande steg fram\u00e5t f\u00f6r bostadsomr\u00e5det och TM Real Estate Groups s\u00e4tt att fr\u00e4mja h\u00e4lsa, sport och v\u00e4lbefinnande p\u00e5 en destination som utg\u00f6r en referens inom idrottsv\u00e4rlden.","etiquetas":"","cabecera_escritorio":"https:\/\/blog.tmgrupoinmobiliario.com\/sv\/wp-content\/uploads\/sites\/6\/2022\/03\/image-2020-07-22T114121.1131.jpg","cabecera_mobile":"https:\/\/blog.tmgrupoinmobiliario.com\/sv\/wp-content\/uploads\/sites\/6\/2022\/03\/image-2020-07-22T114128.6561.jpg","galeria":[{"ID":16686,"id":16686,"title":"image-2020-07-22T100048.384[1]","filename":"image-2020-07-22T100048.3841.jpg","filesize":216340,"url":"https:\/\/blog.tmgrupoinmobiliario.com\/sv\/wp-content\/uploads\/sites\/6\/2022\/03\/image-2020-07-22T100048.3841.jpg","link":"https:\/\/blog.tmgrupoinmobiliario.com\/sv\/2020\/02\/27\/byggnadsarbetena-inleds-av-det-nya-idrottscentret-mar-de-pulpi\/image-2020-07-22t100048-3841\/","alt":"","author":"11716","description":"","caption":"","name":"image-2020-07-22t100048-3841","status":"inherit","uploaded_to":16683,"date":"2022-03-23 12:32:23","modified":"2022-03-23 12:32:29","menu_order":0,"mime_type":"image\/jpeg","type":"image","subtype":"jpeg","icon":"https:\/\/blog.tmgrupoinmobiliario.com\/sv\/wp-includes\/images\/media\/default.png","width":1026,"height":768,"sizes":{"thumbnail":"https:\/\/blog.tmgrupoinmobiliario.com\/sv\/wp-content\/uploads\/sites\/6\/2022\/03\/image-2020-07-22T100048.3841-150x150.jpg","thumbnail-width":150,"thumbnail-height":150,"medium":"https:\/\/blog.tmgrupoinmobiliario.com\/sv\/wp-content\/uploads\/sites\/6\/2022\/03\/image-2020-07-22T100048.3841-300x225.jpg","medium-width":300,"medium-height":225,"medium_large":"https:\/\/blog.tmgrupoinmobiliario.com\/sv\/wp-content\/uploads\/sites\/6\/2022\/03\/image-2020-07-22T100048.3841-768x575.jpg","medium_large-width":768,"medium_large-height":575,"large":"https:\/\/blog.tmgrupoinmobiliario.com\/sv\/wp-content\/uploads\/sites\/6\/2022\/03\/image-2020-07-22T100048.3841-1024x767.jpg","large-width":1024,"large-height":767,"1536x1536":"https:\/\/blog.tmgrupoinmobiliario.com\/sv\/wp-content\/uploads\/sites\/6\/2022\/03\/image-2020-07-22T100048.3841.jpg","1536x1536-width":1026,"1536x1536-height":768,"2048x2048":"https:\/\/blog.tmgrupoinmobiliario.com\/sv\/wp-content\/uploads\/sites\/6\/2022\/03\/image-2020-07-22T100048.3841.jpg","2048x2048-width":1026,"2048x2048-height":768}},{"ID":16687,"id":16687,"title":"image-2020-07-22T114227.151[1]","filename":"image-2020-07-22T114227.1511.jpg","filesize":276575,"url":"https:\/\/blog.tmgrupoinmobiliario.com\/sv\/wp-content\/uploads\/sites\/6\/2022\/03\/image-2020-07-22T114227.1511.jpg","link":"https:\/\/blog.tmgrupoinmobiliario.com\/sv\/2020\/02\/27\/byggnadsarbetena-inleds-av-det-nya-idrottscentret-mar-de-pulpi\/image-2020-07-22t114227-1511\/","alt":"","author":"11716","description":"","caption":"","name":"image-2020-07-22t114227-1511","status":"inherit","uploaded_to":16683,"date":"2022-03-23 12:32:36","modified":"2022-03-23 12:32:43","menu_order":0,"mime_type":"image\/jpeg","type":"image","subtype":"jpeg","icon":"https:\/\/blog.tmgrupoinmobiliario.com\/sv\/wp-includes\/images\/media\/default.png","width":1026,"height":768,"sizes":{"thumbnail":"https:\/\/blog.tmgrupoinmobiliario.com\/sv\/wp-content\/uploads\/sites\/6\/2022\/03\/image-2020-07-22T114227.1511-150x150.jpg","thumbnail-width":150,"thumbnail-height":150,"medium":"https:\/\/blog.tmgrupoinmobiliario.com\/sv\/wp-content\/uploads\/sites\/6\/2022\/03\/image-2020-07-22T114227.1511-300x225.jpg","medium-width":300,"medium-height":225,"medium_large":"https:\/\/blog.tmgrupoinmobiliario.com\/sv\/wp-content\/uploads\/sites\/6\/2022\/03\/image-2020-07-22T114227.1511-768x575.jpg","medium_large-width":768,"medium_large-height":575,"large":"https:\/\/blog.tmgrupoinmobiliario.com\/sv\/wp-content\/uploads\/sites\/6\/2022\/03\/image-2020-07-22T114227.1511-1024x767.jpg","large-width":1024,"large-height":767,"1536x1536":"https:\/\/blog.tmgrupoinmobiliario.com\/sv\/wp-content\/uploads\/sites\/6\/2022\/03\/image-2020-07-22T114227.1511.jpg","1536x1536-width":1026,"1536x1536-height":768,"2048x2048":"https:\/\/blog.tmgrupoinmobiliario.com\/sv\/wp-content\/uploads\/sites\/6\/2022\/03\/image-2020-07-22T114227.1511.jpg","2048x2048-width":1026,"2048x2048-height":768}},{"ID":16688,"id":16688,"title":"image-2020-07-22T114252.049[1]","filename":"image-2020-07-22T114252.0491.jpg","filesize":201622,"url":"https:\/\/blog.tmgrupoinmobiliario.com\/sv\/wp-content\/uploads\/sites\/6\/2022\/03\/image-2020-07-22T114252.0491.jpg","link":"https:\/\/blog.tmgrupoinmobiliario.com\/sv\/2020\/02\/27\/byggnadsarbetena-inleds-av-det-nya-idrottscentret-mar-de-pulpi\/image-2020-07-22t114252-0491\/","alt":"","author":"11716","description":"","caption":"","name":"image-2020-07-22t114252-0491","status":"inherit","uploaded_to":16683,"date":"2022-03-23 12:32:50","modified":"2022-03-23 12:32:57","menu_order":0,"mime_type":"image\/jpeg","type":"image","subtype":"jpeg","icon":"https:\/\/blog.tmgrupoinmobiliario.com\/sv\/wp-includes\/images\/media\/default.png","width":1026,"height":768,"sizes":{"thumbnail":"https:\/\/blog.tmgrupoinmobiliario.com\/sv\/wp-content\/uploads\/sites\/6\/2022\/03\/image-2020-07-22T114252.0491-150x150.jpg","thumbnail-width":150,"thumbnail-height":150,"medium":"https:\/\/blog.tmgrupoinmobiliario.com\/sv\/wp-content\/uploads\/sites\/6\/2022\/03\/image-2020-07-22T114252.0491-300x225.jpg","medium-width":300,"medium-height":225,"medium_large":"https:\/\/blog.tmgrupoinmobiliario.com\/sv\/wp-content\/uploads\/sites\/6\/2022\/03\/image-2020-07-22T114252.0491-768x575.jpg","medium_large-width":768,"medium_large-height":575,"large":"https:\/\/blog.tmgrupoinmobiliario.com\/sv\/wp-content\/uploads\/sites\/6\/2022\/03\/image-2020-07-22T114252.0491-1024x767.jpg","large-width":1024,"large-height":767,"1536x1536":"https:\/\/blog.tmgrupoinmobiliario.com\/sv\/wp-content\/uploads\/sites\/6\/2022\/03\/image-2020-07-22T114252.0491.jpg","1536x1536-width":1026,"1536x1536-height":768,"2048x2048":"https:\/\/blog.tmgrupoinmobiliario.com\/sv\/wp-content\/uploads\/sites\/6\/2022\/03\/image-2020-07-22T114252.0491.jpg","2048x2048-width":1026,"2048x2048-height":768}},{"ID":16689,"id":16689,"title":"image-2020-07-22T114308.126[1]","filename":"image-2020-07-22T114308.1261.jpg","filesize":198407,"url":"https:\/\/blog.tmgrupoinmobiliario.com\/sv\/wp-content\/uploads\/sites\/6\/2022\/03\/image-2020-07-22T114308.1261.jpg","link":"https:\/\/blog.tmgrupoinmobiliario.com\/sv\/2020\/02\/27\/byggnadsarbetena-inleds-av-det-nya-idrottscentret-mar-de-pulpi\/image-2020-07-22t114308-1261\/","alt":"","author":"11716","description":"","caption":"","name":"image-2020-07-22t114308-1261","status":"inherit","uploaded_to":16683,"date":"2022-03-23 12:33:04","modified":"2022-03-23 12:33:10","menu_order":0,"mime_type":"image\/jpeg","type":"image","subtype":"jpeg","icon":"https:\/\/blog.tmgrupoinmobiliario.com\/sv\/wp-includes\/images\/media\/default.png","width":1026,"height":768,"sizes":{"thumbnail":"https:\/\/blog.tmgrupoinmobiliario.com\/sv\/wp-content\/uploads\/sites\/6\/2022\/03\/image-2020-07-22T114308.1261-150x150.jpg","thumbnail-width":150,"thumbnail-height":150,"medium":"https:\/\/blog.tmgrupoinmobiliario.com\/sv\/wp-content\/uploads\/sites\/6\/2022\/03\/image-2020-07-22T114308.1261-300x225.jpg","medium-width":300,"medium-height":225,"medium_large":"https:\/\/blog.tmgrupoinmobiliario.com\/sv\/wp-content\/uploads\/sites\/6\/2022\/03\/image-2020-07-22T114308.1261-768x575.jpg","medium_large-width":768,"medium_large-height":575,"large":"https:\/\/blog.tmgrupoinmobiliario.com\/sv\/wp-content\/uploads\/sites\/6\/2022\/03\/image-2020-07-22T114308.1261-1024x767.jpg","large-width":1024,"large-height":767,"1536x1536":"https:\/\/blog.tmgrupoinmobiliario.com\/sv\/wp-content\/uploads\/sites\/6\/2022\/03\/image-2020-07-22T114308.1261.jpg","1536x1536-width":1026,"1536x1536-height":768,"2048x2048":"https:\/\/blog.tmgrupoinmobiliario.com\/sv\/wp-content\/uploads\/sites\/6\/2022\/03\/image-2020-07-22T114308.1261.jpg","2048x2048-width":1026,"2048x2048-height":768}},{"ID":16690,"id":16690,"title":"image-2020-07-22T114244.009[1]","filename":"image-2020-07-22T114244.0091.jpg","filesize":248530,"url":"https:\/\/blog.tmgrupoinmobiliario.com\/sv\/wp-content\/uploads\/sites\/6\/2022\/03\/image-2020-07-22T114244.0091.jpg","link":"https:\/\/blog.tmgrupoinmobiliario.com\/sv\/2020\/02\/27\/byggnadsarbetena-inleds-av-det-nya-idrottscentret-mar-de-pulpi\/image-2020-07-22t114244-0091\/","alt":"","author":"11716","description":"","caption":"","name":"image-2020-07-22t114244-0091","status":"inherit","uploaded_to":16683,"date":"2022-03-23 12:33:16","modified":"2022-03-23 12:33:25","menu_order":0,"mime_type":"image\/jpeg","type":"image","subtype":"jpeg","icon":"https:\/\/blog.tmgrupoinmobiliario.com\/sv\/wp-includes\/images\/media\/default.png","width":1026,"height":768,"sizes":{"thumbnail":"https:\/\/blog.tmgrupoinmobiliario.com\/sv\/wp-content\/uploads\/sites\/6\/2022\/03\/image-2020-07-22T114244.0091-150x150.jpg","thumbnail-width":150,"thumbnail-height":150,"medium":"https:\/\/blog.tmgrupoinmobiliario.com\/sv\/wp-content\/uploads\/sites\/6\/2022\/03\/image-2020-07-22T114244.0091-300x225.jpg","medium-width":300,"medium-height":225,"medium_large":"https:\/\/blog.tmgrupoinmobiliario.com\/sv\/wp-content\/uploads\/sites\/6\/2022\/03\/image-2020-07-22T114244.0091-768x575.jpg","medium_large-width":768,"medium_large-height":575,"large":"https:\/\/blog.tmgrupoinmobiliario.com\/sv\/wp-content\/uploads\/sites\/6\/2022\/03\/image-2020-07-22T114244.0091-1024x767.jpg","large-width":1024,"large-height":767,"1536x1536":"https:\/\/blog.tmgrupoinmobiliario.com\/sv\/wp-content\/uploads\/sites\/6\/2022\/03\/image-2020-07-22T114244.0091.jpg","1536x1536-width":1026,"1536x1536-height":768,"2048x2048":"https:\/\/blog.tmgrupoinmobiliario.com\/sv\/wp-content\/uploads\/sites\/6\/2022\/03\/image-2020-07-22T114244.0091.jpg","2048x2048-width":1026,"2048x2048-height":768}},{"ID":16691,"id":16691,"title":"image-2020-07-22T114233.974[1]","filename":"image-2020-07-22T114233.9741.jpg","filesize":228763,"url":"https:\/\/blog.tmgrupoinmobiliario.com\/sv\/wp-content\/uploads\/sites\/6\/2022\/03\/image-2020-07-22T114233.9741.jpg","link":"https:\/\/blog.tmgrupoinmobiliario.com\/sv\/2020\/02\/27\/byggnadsarbetena-inleds-av-det-nya-idrottscentret-mar-de-pulpi\/image-2020-07-22t114233-9741\/","alt":"","author":"11716","description":"","caption":"","name":"image-2020-07-22t114233-9741","status":"inherit","uploaded_to":16683,"date":"2022-03-23 12:33:32","modified":"2022-03-23 12:33:35","menu_order":0,"mime_type":"image\/jpeg","type":"image","subtype":"jpeg","icon":"https:\/\/blog.tmgrupoinmobiliario.com\/sv\/wp-includes\/images\/media\/default.png","width":1026,"height":768,"sizes":{"thumbnail":"https:\/\/blog.tmgrupoinmobiliario.com\/sv\/wp-content\/uploads\/sites\/6\/2022\/03\/image-2020-07-22T114233.9741-150x150.jpg","thumbnail-width":150,"thumbnail-height":150,"medium":"https:\/\/blog.tmgrupoinmobiliario.com\/sv\/wp-content\/uploads\/sites\/6\/2022\/03\/image-2020-07-22T114233.9741-300x225.jpg","medium-width":300,"medium-height":225,"medium_large":"https:\/\/blog.tmgrupoinmobiliario.com\/sv\/wp-content\/uploads\/sites\/6\/2022\/03\/image-2020-07-22T114233.9741-768x575.jpg","medium_large-width":768,"medium_large-height":575,"large":"https:\/\/blog.tmgrupoinmobiliario.com\/sv\/wp-content\/uploads\/sites\/6\/2022\/03\/image-2020-07-22T114233.9741-1024x767.jpg","large-width":1024,"large-height":767,"1536x1536":"https:\/\/blog.tmgrupoinmobiliario.com\/sv\/wp-content\/uploads\/sites\/6\/2022\/03\/image-2020-07-22T114233.9741.jpg","1536x1536-width":1026,"1536x1536-height":768,"2048x2048":"https:\/\/blog.tmgrupoinmobiliario.com\/sv\/wp-content\/uploads\/sites\/6\/2022\/03\/image-2020-07-22T114233.9741.jpg","2048x2048-width":1026,"2048x2048-height":768}}]},"yoast_head":"<!-- This site is optimized with the Yoast SEO Premium plugin v23.6 (Yoast SEO v27.5) - https:\/\/yoast.com\/product\/yoast-seo-premium-wordpress\/ -->\n<title>Byggnadsarbetena inleds av det nya idrottscentret Mar de Pulp\u00ed - Svenska<\/title>\n<meta name=\"description\" content=\"Projektet \u00e4r en revolution f\u00f6r godset. Det \u00e5terspeglar TM:s oro f\u00f6r h\u00e4lsa och idrott p\u00e5 en plats som \u00e4r ett riktm\u00e4rke i sportv\u00e4rlden.\" \/>\n<meta name=\"robots\" content=\"index, follow, max-snippet:-1, max-image-preview:large, max-video-preview:-1\" \/>\n<link rel=\"canonical\" href=\"https:\/\/blog.tmgrupoinmobiliario.com\/sv\/2020\/02\/27\/byggnadsarbetena-inleds-av-det-nya-idrottscentret-mar-de-pulpi\/\" \/>\n<meta property=\"og:locale\" content=\"sv_SE\" \/>\n<meta property=\"og:type\" content=\"article\" \/>\n<meta property=\"og:title\" content=\"Byggnadsarbetena inleds av det nya idrottscentret Mar de Pulp\u00ed\" \/>\n<meta property=\"og:description\" content=\"Projektet \u00e4r en revolution f\u00f6r godset. Det \u00e5terspeglar TM:s oro f\u00f6r h\u00e4lsa och idrott p\u00e5 en plats som \u00e4r ett riktm\u00e4rke i sportv\u00e4rlden.\" \/>\n<meta property=\"og:url\" content=\"https:\/\/blog.tmgrupoinmobiliario.com\/sv\/2020\/02\/27\/byggnadsarbetena-inleds-av-det-nya-idrottscentret-mar-de-pulpi\/\" \/>\n<meta property=\"og:site_name\" content=\"Svenska\" \/>\n<meta property=\"article:published_time\" content=\"2020-02-27T13:00:43+00:00\" \/>\n<meta property=\"article:modified_time\" content=\"2022-03-23T12:37:24+00:00\" \/>\n<meta property=\"og:image\" content=\"https:\/\/blog.tmgrupoinmobiliario.com\/sv\/wp-content\/uploads\/sites\/6\/2022\/03\/new-sport-center-mdp1.jpg\" \/>\n\t<meta property=\"og:image:width\" content=\"1000\" \/>\n\t<meta property=\"og:image:height\" content=\"666\" \/>\n\t<meta property=\"og:image:type\" content=\"image\/jpeg\" \/>\n<meta name=\"author\" content=\"marina\" \/>\n<meta name=\"twitter:card\" content=\"summary_large_image\" \/>\n<meta name=\"twitter:label1\" content=\"Skriven av\" \/>\n\t<meta name=\"twitter:data1\" content=\"marina\" \/>\n\t<meta name=\"twitter:label2\" content=\"Ber\u00e4knad l\u00e4stid\" \/>\n\t<meta name=\"twitter:data2\" content=\"2 minuter\" \/>\n<script type=\"application\/ld+json\" class=\"yoast-schema-graph\">{\"@context\":\"https:\\\/\\\/schema.org\",\"@graph\":[{\"@type\":\"Article\",\"@id\":\"https:\\\/\\\/blog.tmgrupoinmobiliario.com\\\/sv\\\/2020\\\/02\\\/27\\\/byggnadsarbetena-inleds-av-det-nya-idrottscentret-mar-de-pulpi\\\/#article\",\"isPartOf\":{\"@id\":\"https:\\\/\\\/blog.tmgrupoinmobiliario.com\\\/sv\\\/2020\\\/02\\\/27\\\/byggnadsarbetena-inleds-av-det-nya-idrottscentret-mar-de-pulpi\\\/\"},\"author\":{\"name\":\"marina\",\"@id\":\"https:\\\/\\\/blog.tmgrupoinmobiliario.com\\\/sv\\\/#\\\/schema\\\/person\\\/788477479d35e623ab75c2fb194e7730\"},\"headline\":\"Byggnadsarbetena inleds av det nya idrottscentret Mar de Pulp\u00ed\",\"datePublished\":\"2020-02-27T13:00:43+00:00\",\"dateModified\":\"2022-03-23T12:37:24+00:00\",\"mainEntityOfPage\":{\"@id\":\"https:\\\/\\\/blog.tmgrupoinmobiliario.com\\\/sv\\\/2020\\\/02\\\/27\\\/byggnadsarbetena-inleds-av-det-nya-idrottscentret-mar-de-pulpi\\\/\"},\"wordCount\":334,\"commentCount\":0,\"image\":{\"@id\":\"https:\\\/\\\/blog.tmgrupoinmobiliario.com\\\/sv\\\/2020\\\/02\\\/27\\\/byggnadsarbetena-inleds-av-det-nya-idrottscentret-mar-de-pulpi\\\/#primaryimage\"},\"thumbnailUrl\":\"https:\\\/\\\/blog.tmgrupoinmobiliario.com\\\/sv\\\/wp-content\\\/uploads\\\/sites\\\/6\\\/2022\\\/03\\\/new-sport-center-mdp1.jpg\",\"keywords\":[\"tag-all\"],\"articleSection\":[\"Notas de prensa\"],\"inLanguage\":\"sv-SE\",\"potentialAction\":[{\"@type\":\"CommentAction\",\"name\":\"Comment\",\"target\":[\"https:\\\/\\\/blog.tmgrupoinmobiliario.com\\\/sv\\\/2020\\\/02\\\/27\\\/byggnadsarbetena-inleds-av-det-nya-idrottscentret-mar-de-pulpi\\\/#respond\"]}]},{\"@type\":\"WebPage\",\"@id\":\"https:\\\/\\\/blog.tmgrupoinmobiliario.com\\\/sv\\\/2020\\\/02\\\/27\\\/byggnadsarbetena-inleds-av-det-nya-idrottscentret-mar-de-pulpi\\\/\",\"url\":\"https:\\\/\\\/blog.tmgrupoinmobiliario.com\\\/sv\\\/2020\\\/02\\\/27\\\/byggnadsarbetena-inleds-av-det-nya-idrottscentret-mar-de-pulpi\\\/\",\"name\":\"Byggnadsarbetena inleds av det nya idrottscentret Mar de Pulp\u00ed - Svenska\",\"isPartOf\":{\"@id\":\"https:\\\/\\\/blog.tmgrupoinmobiliario.com\\\/sv\\\/#website\"},\"primaryImageOfPage\":{\"@id\":\"https:\\\/\\\/blog.tmgrupoinmobiliario.com\\\/sv\\\/2020\\\/02\\\/27\\\/byggnadsarbetena-inleds-av-det-nya-idrottscentret-mar-de-pulpi\\\/#primaryimage\"},\"image\":{\"@id\":\"https:\\\/\\\/blog.tmgrupoinmobiliario.com\\\/sv\\\/2020\\\/02\\\/27\\\/byggnadsarbetena-inleds-av-det-nya-idrottscentret-mar-de-pulpi\\\/#primaryimage\"},\"thumbnailUrl\":\"https:\\\/\\\/blog.tmgrupoinmobiliario.com\\\/sv\\\/wp-content\\\/uploads\\\/sites\\\/6\\\/2022\\\/03\\\/new-sport-center-mdp1.jpg\",\"datePublished\":\"2020-02-27T13:00:43+00:00\",\"dateModified\":\"2022-03-23T12:37:24+00:00\",\"author\":{\"@id\":\"https:\\\/\\\/blog.tmgrupoinmobiliario.com\\\/sv\\\/#\\\/schema\\\/person\\\/788477479d35e623ab75c2fb194e7730\"},\"description\":\"Projektet \u00e4r en revolution f\u00f6r godset. Det \u00e5terspeglar TM:s oro f\u00f6r h\u00e4lsa och idrott p\u00e5 en plats som \u00e4r ett riktm\u00e4rke i sportv\u00e4rlden.\",\"breadcrumb\":{\"@id\":\"https:\\\/\\\/blog.tmgrupoinmobiliario.com\\\/sv\\\/2020\\\/02\\\/27\\\/byggnadsarbetena-inleds-av-det-nya-idrottscentret-mar-de-pulpi\\\/#breadcrumb\"},\"inLanguage\":\"sv-SE\",\"potentialAction\":[{\"@type\":\"ReadAction\",\"target\":[\"https:\\\/\\\/blog.tmgrupoinmobiliario.com\\\/sv\\\/2020\\\/02\\\/27\\\/byggnadsarbetena-inleds-av-det-nya-idrottscentret-mar-de-pulpi\\\/\"]}]},{\"@type\":\"ImageObject\",\"inLanguage\":\"sv-SE\",\"@id\":\"https:\\\/\\\/blog.tmgrupoinmobiliario.com\\\/sv\\\/2020\\\/02\\\/27\\\/byggnadsarbetena-inleds-av-det-nya-idrottscentret-mar-de-pulpi\\\/#primaryimage\",\"url\":\"https:\\\/\\\/blog.tmgrupoinmobiliario.com\\\/sv\\\/wp-content\\\/uploads\\\/sites\\\/6\\\/2022\\\/03\\\/new-sport-center-mdp1.jpg\",\"contentUrl\":\"https:\\\/\\\/blog.tmgrupoinmobiliario.com\\\/sv\\\/wp-content\\\/uploads\\\/sites\\\/6\\\/2022\\\/03\\\/new-sport-center-mdp1.jpg\",\"width\":1000,\"height\":666},{\"@type\":\"BreadcrumbList\",\"@id\":\"https:\\\/\\\/blog.tmgrupoinmobiliario.com\\\/sv\\\/2020\\\/02\\\/27\\\/byggnadsarbetena-inleds-av-det-nya-idrottscentret-mar-de-pulpi\\\/#breadcrumb\",\"itemListElement\":[{\"@type\":\"ListItem\",\"position\":1,\"name\":\"Portada\",\"item\":\"https:\\\/\\\/blog.tmgrupoinmobiliario.com\\\/sv\\\/\"},{\"@type\":\"ListItem\",\"position\":2,\"name\":\"Byggnadsarbetena inleds av det nya idrottscentret Mar de Pulp\u00ed\"}]},{\"@type\":\"WebSite\",\"@id\":\"https:\\\/\\\/blog.tmgrupoinmobiliario.com\\\/sv\\\/#website\",\"url\":\"https:\\\/\\\/blog.tmgrupoinmobiliario.com\\\/sv\\\/\",\"name\":\"Svenska\",\"description\":\"Otro sitio m\u00e1s de Blog Desarrollo TM sitios\",\"potentialAction\":[{\"@type\":\"SearchAction\",\"target\":{\"@type\":\"EntryPoint\",\"urlTemplate\":\"https:\\\/\\\/blog.tmgrupoinmobiliario.com\\\/sv\\\/?s={search_term_string}\"},\"query-input\":{\"@type\":\"PropertyValueSpecification\",\"valueRequired\":true,\"valueName\":\"search_term_string\"}}],\"inLanguage\":\"sv-SE\"},{\"@type\":\"Person\",\"@id\":\"https:\\\/\\\/blog.tmgrupoinmobiliario.com\\\/sv\\\/#\\\/schema\\\/person\\\/788477479d35e623ab75c2fb194e7730\",\"name\":\"marina\",\"image\":{\"@type\":\"ImageObject\",\"inLanguage\":\"sv-SE\",\"@id\":\"https:\\\/\\\/secure.gravatar.com\\\/avatar\\\/34480839eb5b1bb235efe5be1b7e49218e07e314c17d1fb9ba5183ac5c2c64f3?s=96&d=mm&r=g\",\"url\":\"https:\\\/\\\/secure.gravatar.com\\\/avatar\\\/34480839eb5b1bb235efe5be1b7e49218e07e314c17d1fb9ba5183ac5c2c64f3?s=96&d=mm&r=g\",\"contentUrl\":\"https:\\\/\\\/secure.gravatar.com\\\/avatar\\\/34480839eb5b1bb235efe5be1b7e49218e07e314c17d1fb9ba5183ac5c2c64f3?s=96&d=mm&r=g\",\"caption\":\"marina\"},\"url\":\"https:\\\/\\\/blog.tmgrupoinmobiliario.com\\\/sv\\\/author\\\/marina\\\/\"}]}<\/script>\n<!-- \/ Yoast SEO Premium plugin. -->","yoast_head_json":{"title":"Byggnadsarbetena inleds av det nya idrottscentret Mar de Pulp\u00ed - Svenska","description":"Projektet \u00e4r en revolution f\u00f6r godset. Det \u00e5terspeglar TM:s oro f\u00f6r h\u00e4lsa och idrott p\u00e5 en plats som \u00e4r ett riktm\u00e4rke i sportv\u00e4rlden.","robots":{"index":"index","follow":"follow","max-snippet":"max-snippet:-1","max-image-preview":"max-image-preview:large","max-video-preview":"max-video-preview:-1"},"canonical":"https:\/\/blog.tmgrupoinmobiliario.com\/sv\/2020\/02\/27\/byggnadsarbetena-inleds-av-det-nya-idrottscentret-mar-de-pulpi\/","og_locale":"sv_SE","og_type":"article","og_title":"Byggnadsarbetena inleds av det nya idrottscentret Mar de Pulp\u00ed","og_description":"Projektet \u00e4r en revolution f\u00f6r godset. Det \u00e5terspeglar TM:s oro f\u00f6r h\u00e4lsa och idrott p\u00e5 en plats som \u00e4r ett riktm\u00e4rke i sportv\u00e4rlden.","og_url":"https:\/\/blog.tmgrupoinmobiliario.com\/sv\/2020\/02\/27\/byggnadsarbetena-inleds-av-det-nya-idrottscentret-mar-de-pulpi\/","og_site_name":"Svenska","article_published_time":"2020-02-27T13:00:43+00:00","article_modified_time":"2022-03-23T12:37:24+00:00","og_image":[{"width":1000,"height":666,"url":"https:\/\/blog.tmgrupoinmobiliario.com\/sv\/wp-content\/uploads\/sites\/6\/2022\/03\/new-sport-center-mdp1.jpg","type":"image\/jpeg"}],"author":"marina","twitter_card":"summary_large_image","twitter_misc":{"Skriven av":"marina","Ber\u00e4knad l\u00e4stid":"2 minuter"},"schema":{"@context":"https:\/\/schema.org","@graph":[{"@type":"Article","@id":"https:\/\/blog.tmgrupoinmobiliario.com\/sv\/2020\/02\/27\/byggnadsarbetena-inleds-av-det-nya-idrottscentret-mar-de-pulpi\/#article","isPartOf":{"@id":"https:\/\/blog.tmgrupoinmobiliario.com\/sv\/2020\/02\/27\/byggnadsarbetena-inleds-av-det-nya-idrottscentret-mar-de-pulpi\/"},"author":{"name":"marina","@id":"https:\/\/blog.tmgrupoinmobiliario.com\/sv\/#\/schema\/person\/788477479d35e623ab75c2fb194e7730"},"headline":"Byggnadsarbetena inleds av det nya idrottscentret Mar de Pulp\u00ed","datePublished":"2020-02-27T13:00:43+00:00","dateModified":"2022-03-23T12:37:24+00:00","mainEntityOfPage":{"@id":"https:\/\/blog.tmgrupoinmobiliario.com\/sv\/2020\/02\/27\/byggnadsarbetena-inleds-av-det-nya-idrottscentret-mar-de-pulpi\/"},"wordCount":334,"commentCount":0,"image":{"@id":"https:\/\/blog.tmgrupoinmobiliario.com\/sv\/2020\/02\/27\/byggnadsarbetena-inleds-av-det-nya-idrottscentret-mar-de-pulpi\/#primaryimage"},"thumbnailUrl":"https:\/\/blog.tmgrupoinmobiliario.com\/sv\/wp-content\/uploads\/sites\/6\/2022\/03\/new-sport-center-mdp1.jpg","keywords":["tag-all"],"articleSection":["Notas de prensa"],"inLanguage":"sv-SE","potentialAction":[{"@type":"CommentAction","name":"Comment","target":["https:\/\/blog.tmgrupoinmobiliario.com\/sv\/2020\/02\/27\/byggnadsarbetena-inleds-av-det-nya-idrottscentret-mar-de-pulpi\/#respond"]}]},{"@type":"WebPage","@id":"https:\/\/blog.tmgrupoinmobiliario.com\/sv\/2020\/02\/27\/byggnadsarbetena-inleds-av-det-nya-idrottscentret-mar-de-pulpi\/","url":"https:\/\/blog.tmgrupoinmobiliario.com\/sv\/2020\/02\/27\/byggnadsarbetena-inleds-av-det-nya-idrottscentret-mar-de-pulpi\/","name":"Byggnadsarbetena inleds av det nya idrottscentret Mar de Pulp\u00ed - Svenska","isPartOf":{"@id":"https:\/\/blog.tmgrupoinmobiliario.com\/sv\/#website"},"primaryImageOfPage":{"@id":"https:\/\/blog.tmgrupoinmobiliario.com\/sv\/2020\/02\/27\/byggnadsarbetena-inleds-av-det-nya-idrottscentret-mar-de-pulpi\/#primaryimage"},"image":{"@id":"https:\/\/blog.tmgrupoinmobiliario.com\/sv\/2020\/02\/27\/byggnadsarbetena-inleds-av-det-nya-idrottscentret-mar-de-pulpi\/#primaryimage"},"thumbnailUrl":"https:\/\/blog.tmgrupoinmobiliario.com\/sv\/wp-content\/uploads\/sites\/6\/2022\/03\/new-sport-center-mdp1.jpg","datePublished":"2020-02-27T13:00:43+00:00","dateModified":"2022-03-23T12:37:24+00:00","author":{"@id":"https:\/\/blog.tmgrupoinmobiliario.com\/sv\/#\/schema\/person\/788477479d35e623ab75c2fb194e7730"},"description":"Projektet \u00e4r en revolution f\u00f6r godset. Det \u00e5terspeglar TM:s oro f\u00f6r h\u00e4lsa och idrott p\u00e5 en plats som \u00e4r ett riktm\u00e4rke i sportv\u00e4rlden.","breadcrumb":{"@id":"https:\/\/blog.tmgrupoinmobiliario.com\/sv\/2020\/02\/27\/byggnadsarbetena-inleds-av-det-nya-idrottscentret-mar-de-pulpi\/#breadcrumb"},"inLanguage":"sv-SE","potentialAction":[{"@type":"ReadAction","target":["https:\/\/blog.tmgrupoinmobiliario.com\/sv\/2020\/02\/27\/byggnadsarbetena-inleds-av-det-nya-idrottscentret-mar-de-pulpi\/"]}]},{"@type":"ImageObject","inLanguage":"sv-SE","@id":"https:\/\/blog.tmgrupoinmobiliario.com\/sv\/2020\/02\/27\/byggnadsarbetena-inleds-av-det-nya-idrottscentret-mar-de-pulpi\/#primaryimage","url":"https:\/\/blog.tmgrupoinmobiliario.com\/sv\/wp-content\/uploads\/sites\/6\/2022\/03\/new-sport-center-mdp1.jpg","contentUrl":"https:\/\/blog.tmgrupoinmobiliario.com\/sv\/wp-content\/uploads\/sites\/6\/2022\/03\/new-sport-center-mdp1.jpg","width":1000,"height":666},{"@type":"BreadcrumbList","@id":"https:\/\/blog.tmgrupoinmobiliario.com\/sv\/2020\/02\/27\/byggnadsarbetena-inleds-av-det-nya-idrottscentret-mar-de-pulpi\/#breadcrumb","itemListElement":[{"@type":"ListItem","position":1,"name":"Portada","item":"https:\/\/blog.tmgrupoinmobiliario.com\/sv\/"},{"@type":"ListItem","position":2,"name":"Byggnadsarbetena inleds av det nya idrottscentret Mar de Pulp\u00ed"}]},{"@type":"WebSite","@id":"https:\/\/blog.tmgrupoinmobiliario.com\/sv\/#website","url":"https:\/\/blog.tmgrupoinmobiliario.com\/sv\/","name":"Svenska","description":"Otro sitio m\u00e1s de Blog Desarrollo TM sitios","potentialAction":[{"@type":"SearchAction","target":{"@type":"EntryPoint","urlTemplate":"https:\/\/blog.tmgrupoinmobiliario.com\/sv\/?s={search_term_string}"},"query-input":{"@type":"PropertyValueSpecification","valueRequired":true,"valueName":"search_term_string"}}],"inLanguage":"sv-SE"},{"@type":"Person","@id":"https:\/\/blog.tmgrupoinmobiliario.com\/sv\/#\/schema\/person\/788477479d35e623ab75c2fb194e7730","name":"marina","image":{"@type":"ImageObject","inLanguage":"sv-SE","@id":"https:\/\/secure.gravatar.com\/avatar\/34480839eb5b1bb235efe5be1b7e49218e07e314c17d1fb9ba5183ac5c2c64f3?s=96&d=mm&r=g","url":"https:\/\/secure.gravatar.com\/avatar\/34480839eb5b1bb235efe5be1b7e49218e07e314c17d1fb9ba5183ac5c2c64f3?s=96&d=mm&r=g","contentUrl":"https:\/\/secure.gravatar.com\/avatar\/34480839eb5b1bb235efe5be1b7e49218e07e314c17d1fb9ba5183ac5c2c64f3?s=96&d=mm&r=g","caption":"marina"},"url":"https:\/\/blog.tmgrupoinmobiliario.com\/sv\/author\/marina\/"}]}},"jetpack_featured_media_url":"https:\/\/blog.tmgrupoinmobiliario.com\/sv\/wp-content\/uploads\/sites\/6\/2022\/03\/new-sport-center-mdp1.jpg","jetpack_sharing_enabled":true,"_links":{"self":[{"href":"https:\/\/blog.tmgrupoinmobiliario.com\/sv\/wp-json\/wp\/v2\/posts\/16683","targetHints":{"allow":["GET"]}}],"collection":[{"href":"https:\/\/blog.tmgrupoinmobiliario.com\/sv\/wp-json\/wp\/v2\/posts"}],"about":[{"href":"https:\/\/blog.tmgrupoinmobiliario.com\/sv\/wp-json\/wp\/v2\/types\/post"}],"author":[{"embeddable":true,"href":"https:\/\/blog.tmgrupoinmobiliario.com\/sv\/wp-json\/wp\/v2\/users\/11716"}],"replies":[{"embeddable":true,"href":"https:\/\/blog.tmgrupoinmobiliario.com\/sv\/wp-json\/wp\/v2\/comments?post=16683"}],"version-history":[{"count":1,"href":"https:\/\/blog.tmgrupoinmobiliario.com\/sv\/wp-json\/wp\/v2\/posts\/16683\/revisions"}],"predecessor-version":[{"id":16693,"href":"https:\/\/blog.tmgrupoinmobiliario.com\/sv\/wp-json\/wp\/v2\/posts\/16683\/revisions\/16693"}],"wp:featuredmedia":[{"embeddable":true,"href":"https:\/\/blog.tmgrupoinmobiliario.com\/sv\/wp-json\/wp\/v2\/media\/16692"}],"wp:attachment":[{"href":"https:\/\/blog.tmgrupoinmobiliario.com\/sv\/wp-json\/wp\/v2\/media?parent=16683"}],"wp:term":[{"taxonomy":"category","embeddable":true,"href":"https:\/\/blog.tmgrupoinmobiliario.com\/sv\/wp-json\/wp\/v2\/categories?post=16683"},{"taxonomy":"post_tag","embeddable":true,"href":"https:\/\/blog.tmgrupoinmobiliario.com\/sv\/wp-json\/wp\/v2\/tags?post=16683"}],"curies":[{"name":"wp","href":"https:\/\/api.w.org\/{rel}","templated":true}]}}