{"id":16643,"date":"2021-04-29T17:27:11","date_gmt":"2021-04-29T15:27:11","guid":{"rendered":"https:\/\/blog.tmgrupoinmobiliario.com\/sv\/?p=16643"},"modified":"2022-03-23T12:46:05","modified_gmt":"2022-03-23T11:46:05","slug":"tm-planerar-att-investera-326-miljoner-euro-i-benidorm-fram-till-2030","status":"publish","type":"post","link":"https:\/\/blog.tmgrupoinmobiliario.com\/sv\/2021\/04\/29\/tm-planerar-att-investera-326-miljoner-euro-i-benidorm-fram-till-2030\/","title":{"rendered":"326 miljoner euro \u00e4r TM Real Estate Groups investeringsprognos f\u00f6r Benidorm fram till 2030"},"content":{"rendered":"<p>&nbsp;<\/p>\n<p><strong>Madrid, den 29 april 2021<\/strong> <strong>&#8211; <a href=\"https:\/\/www.tmgrupoinmobiliario.com\/sv\">TM Real Estate Group<\/a>,<\/strong> ett ledande alicantinskt f\u00f6retag inom branschen bostadsturism specialiserat p\u00e5 att bygga och marknadsf\u00f6ra semesterbost\u00e4der l\u00e4ngs Medelhavskusten,<strong> presenterar ett av sina mest ikoniska projekt hittills p\u00e5 Costa Blanca; bostadsomr\u00e5det Sunset Cliffs.<\/strong><\/p>\n<p>Detta nya projekt <strong>i Benidorm har inneburit en f\u00f6retagsinvestering p\u00e5 86 miljoner euro och best\u00e5r av tv\u00e5 torn som inhyser totalt sett 280 bost\u00e4der.\u00a0 Det f\u00f6rsta tornet inhyser 122 bost\u00e4der p\u00e5 24 v\u00e5ningsplan och det andra tornet 158 bost\u00e4der p\u00e5 30 v\u00e5ningsplan. <\/strong>Projektet Sunset Cliffs har utformats av arkitekterna Morph Estudio och dess chef C\u00e9sar Frias. Projektet \u00e4r inriktat p\u00e5 att tillvarata den privilegierade omgivningen p\u00e5 b\u00e4sta s\u00e4tt med ett ambiti\u00f6st och elegant grundkoncept.<\/p>\n<p>&nbsp;<\/p>\n<p>Arkitekturen hos Sunset Cliffs byggnader &#8211; bostadsomr\u00e5dets tv\u00e5 stora torn p\u00e5minner om klipporna som syns ute i havet. K\u00e4nslan av att bo i bost\u00e4derna \u00e4r som att sv\u00e4va \u00f6ver eller flyta i sj\u00e4lva havet. I och med projektet, visar <strong>TM sin banbrytande betydelse f\u00f6r Benidorms skyline och vidareutvecklar andra k\u00e4nda och unika projekt som Sunset Waves och Sunset Drive.<\/strong><\/p>\n<p>Infografik \u00f6ver bostadsomr\u00e5det Sunset Cliffs i Benidorm.<\/p>\n<p>Detta projekt \u00e4r \u00e5ter igen ett uttryck f\u00f6r<strong> TM Real Estate Group starka engagemang p\u00e5 av landets viktigaste turistdestinationer<\/strong>. Trots h\u00e4lsokrisen och dess omfattande inverkan p\u00e5 staden Benidorm, i synnerhet p\u00e5\u00a0 bostadsturismen h\u00e5ller TM st\u00e4llningarna med tv\u00e5 bostadsprojekt (Sunset Waves, som f\u00f6r n\u00e4rvarande \u00e4r till salu, och det nya Sunset Cliffs) <strong>samt andra omfattande infrastruktur- och stadsf\u00f6rb\u00e4ttringsprojekt till f\u00f6rm\u00e5n f\u00f6r stadens h\u00e5llbara utveckling. \u00d6ver 100 f\u00f6retag fr\u00e5n skilda branscher och runt 200 personer har deltagit i projektet under \u00e5r 2020 och \u00e4r fortfarande verksamma inom det.<\/strong><\/p>\n<p>\u00c5r 2018 p\u00e5b\u00f6rjade f\u00f6retagets sin verksamhet inom denna v\u00e4xande bransch med sitt st\u00f6rsta markf\u00f6rv\u00e4rv i f\u00f6retagets historia \u00a0<strong>som ocks\u00e5 innebar den st\u00f6rsta investering som hittills gjorts i Benidorm p\u00e5 166 miljoner euro.<\/strong> Detta belopp kommer att \u00f6ka med tiden och f<strong>\u00f6rv\u00e4ntas uppg\u00e5 till 326 miljoner \u00e5r 2030.<\/strong><\/p>\n<p><em>&#8220;TM Real Estate Group har trots COVID-19:s negativa branschp\u00e5verkan valt att forts\u00e4tta sin verksamhet. Detta beslut har vi fattat med mod och respekt f\u00f6r v\u00e5ra \u00e5taganden gentemot de grupper som ber\u00f6rs av beslutet. Vi har stor tilltro till bostadsturismen som st\u00e4rkts av den bibeh\u00e5llna \u00f6nskan vi ser hos m\u00e5nga icke-spanjorer att f\u00f6rv\u00e4rva en fastighet vid den spanska kusten, s\u00e4rskilt vid Medelhavet, trots begr\u00e4nsningar av den fria r\u00f6rligheten&#8221;, <\/em><strong>f\u00f6rs\u00e4krar Pablo Serna, VD f\u00f6r TM Real Estate Group.<\/strong><\/p>\n<p>&nbsp;<\/p>\n<p><span style=\"color: #ff0000\"><strong>Erh\u00e5ll mer information om Sunset Cliffs.<\/strong><\/span><\/p>\n<div data-test='contact-form'\n\t\t\tid='contact-form-16643'\n\t\t\tclass='jetpack-contact-form-container '\n\t\t\tdata-wp-interactive='jetpack\/form' data-wp-context='{\"formId\":\"16643\",\"formHash\":\"b28536efce2283918424c9e50231f4174e16f07a\",\"showErrors\":false,\"errors\":[],\"fields\":[],\"isMultiStep\":false,\"useAjax\":true,\"submissionData\":null,\"formattedSubmissionData\":[],\"submissionSuccess\":false,\"submissionError\":null,\"elementId\":\"jp-form-b28536efce2283918424c9e50231f4174e16f07a\",\"isSingleInputForm\":false,\"isForcedHorizontal\":false}'\n\t\t\tdata-wp-watch--scroll-to-wrapper=\"callbacks.scrollToWrapper\"\n\t\t>\n<div class=\"contact-form-submission contact-form-ajax-submission\" data-wp-bind--aria-hidden=\"state.isSuccessMessageAriaHidden\" data-wp-class--submission-success=\"context.submissionSuccess\" id=\"contact-form-success-b28536efce2283918424c9e50231f4174e16f07a\" tabindex=\"-1\" aria-labelledby=\"contact-form-success-header-b28536efce2283918424c9e50231f4174e16f07a\"><p class=\"go-back-message\"><a class=\"link\" role=\"button\" tabindex=\"0\" data-wp-on--click=\"actions.goBack\" href=\"\/sv\/wp-json\/wp\/v2\/posts\/16643\">\u2190 Tillbaka<\/a><\/p><h4 data-wp-bind--aria-hidden=\"state.isSuccessMessageAriaHidden\" id=\"contact-form-success-header-b28536efce2283918424c9e50231f4174e16f07a\">Tack f\u00f6r din respons. \u2728<\/h4>\n\n<template data-wp-each--submission=\"context.formattedSubmissionData\">\n\t\t\t\t\t<div class=\"jetpack_forms_contact-form-success-summary\">\n\t\t\t\t\t\t<div class=\"field-name-wrapper\">\n\t\t\t\t\t\t\t<div class=\"field-type-icon\" data-wp-watch=\"callbacks.watchFieldTypeIcon\"><\/div>\n\t\t\t\t\t\t\t<div class=\"field-name\" data-wp-text=\"context.submission.label\" data-wp-bind--hidden=\"!context.submission.label\"><\/div>\n\t\t\t\t\t\t<\/div>\n\t\t\t\t\t\t<div class=\"field-value\" data-wp-text=\"context.submission.value\" data-wp-bind--hidden=\"!context.submission.showPlainValue\"><\/div>\n\t\t\t\t\t\t<a class=\"field-url\" data-wp-bind--href=\"context.submission.url\" data-wp-text=\"context.submission.value\" data-wp-bind--hidden=\"!context.submission.url\" target=\"_blank\" rel=\"noopener noreferrer\"><\/a>\n\t\t\t\t\t\t<div class=\"field-rating\" data-wp-bind--hidden=\"!context.submission.rating\" data-wp-watch=\"callbacks.watchRatingIcons\"><\/div>\n\t\t\t\t\t\t<div class=\"field-images\" data-wp-bind--hidden=\"!context.submission.images\">\n\t\t\t\t\t\t\t<template data-wp-each--image=\"context.submission.images\">\n\t\t\t\t\t\t\t\t<div class=\"field-image-option\" data-wp-class--is-empty=\"!context.image.src\">\n\t\t\t\t\t\t\t\t\t<figure class=\"field-image-option__image\" data-wp-class--is-empty=\"!context.image.src\">\n\t\t\t\t\t\t\t\t\t\t<img data-wp-bind--src=\"context.image.src\" data-wp-bind--hidden=\"!context.image.src\" \/>\n\t\t\t\t\t\t\t\t\t\t<img decoding=\"async\" src=\"data:image\/gif;base64,R0lGODlhAQABAAD\/ACwAAAAAAQABAAACADs=\" data-wp-bind--hidden=\"context.image.src\" \/>\n\t\t\t\t\t\t\t\t\t<\/figure>\n\t\t\t\t\t\t\t\t\t<div class=\"field-image-option__label-wrapper\">\n\t\t\t\t\t\t\t\t\t\t<span class=\"field-image-option__label-code\" data-wp-text=\"context.image.letterCode\"><\/span>\n\t\t\t\t\t\t\t\t\t\t<span class=\"field-image-option__label\" data-wp-text=\"context.image.label\" data-wp-bind--hidden=\"!context.image.label\"><\/span>\n\t\t\t\t\t\t\t\t\t<\/div>\n\t\t\t\t\t\t\t\t<\/div>\n\t\t\t\t\t\t\t<\/template>\n\t\t\t\t\t\t<\/div>\n\t\t\t\t\t\t<div class=\"field-files\" data-wp-bind--hidden=\"!context.submission.files\">\n\t\t\t\t\t\t\t<template data-wp-each--file=\"context.submission.files\">\n\t\t\t\t\t\t\t\t<div class=\"field-file\">\n\t\t\t\t\t\t\t\t\t<div class=\"field-file__thumbnail\" data-wp-style--background-image=\"context.file.previewUrl\" data-wp-style--mask-image=\"context.file.iconUrl\" data-wp-bind--hidden=\"!context.file.hasPreview\"><\/div>\n\t\t\t\t\t\t\t\t\t<svg class=\"field-file__icon\" data-wp-bind--hidden=\"context.file.hasPreview\" width=\"20\" height=\"20\" viewBox=\"0 0 24 24\" fill=\"none\" xmlns=\"http:\/\/www.w3.org\/2000\/svg\" aria-hidden=\"true\">\n\t\t\t\t\t\t\t\t\t\t<path d=\"M14 2H6C4.9 2 4 2.9 4 4V20C4 21.1 4.89 22 5.99 22H18C19.1 22 20 21.1 20 20V8L14 2ZM18 20H6V4H13V9H18V20Z\" fill=\"currentColor\"\/>\n\t\t\t\t\t\t\t\t\t<\/svg>\n\t\t\t\t\t\t\t\t\t<span class=\"field-file__name\" data-wp-text=\"context.file.name\"><\/span>\n\t\t\t\t\t\t\t\t\t<span class=\"field-file__size\" data-wp-text=\"context.file.size\"><\/span>\n\t\t\t\t\t\t\t\t<\/div>\n\t\t\t\t\t\t\t<\/template>\n\t\t\t\t\t\t<\/div>\n\t\t\t\t\t<\/div>\n\t\t\t\t<\/template><\/div><form action='https:\/\/blog.tmgrupoinmobiliario.com\/sv\/2021\/04\/29\/tm-planerar-att-investera-326-miljoner-euro-i-benidorm-fram-till-2030\/'\n\t\t\t\tid='jp-form-b28536efce2283918424c9e50231f4174e16f07a'\n\t\t\t\tmethod='post'\n\t\t\t\tclass='contact-form commentsblock jetpack-contact-form__form has-no-jetpack-form-layout' aria-label=\"326 miljoner euro \u00e4r TM Real Estate Groups investeringsprognos f\u00f6r Benidorm fram till 2030\"\n\t\t\t\tdata-wp-on--submit=\"actions.onFormSubmit\"\n\t\t\t\tdata-wp-on--reset=\"actions.onFormReset\"\n\t\t\t\tdata-wp-class--submission-success=\"context.submissionSuccess\"\n\t\t\t\tdata-wp-class--is-first-step=\"state.isFirstStep\"\n\t\t\t\tdata-wp-class--is-last-step=\"state.isLastStep\"\n\t\t\t\tdata-wp-class--is-ajax-form=\"context.useAjax\"\n\t\t\t\tnovalidate >\n<input type='hidden' name='jetpack_contact_form_jwt' value='eyJ0eXAiOiJKV1QiLCJhbGciOiJIUzI1NiJ9.eyJlbmNyeXB0ZWRfYXR0cmlidXRlcyI6ImdDRExzQWtEN2NiS2ZIc2JGNDIyNkpoaGtJanFTd2xxRXQ2bElmOWQ3T2JuV05FZS9mbERhRGxBTzdQVWhJZXdER25XWlJhb2FSRnlyOVVlY2kzUnBsVW9WSlJFc3ZTOHFRMzd1V1dBUmVNaTNHcm9OYXU2SHZOUHBpZjZkY1dzQTFVajRtb2lLVGJacDZ5VmhBY01PS0pVWnJhVHBteXlxTVFlejJuU0FXWm9PejNaWlFiQUl2d3oxS2dzVTVPaFZuSzZKbjI0NlJPVTNJaHVVN0l0aE1ma3Bvbk9VRmxRbGp4UDdPQlZRY283OXpEaWpxZGVwYlBReVpNQ0dUMXJUdFB5RnlZdEh1RUhBalVoSFErQ3N0WnVyS1V0VW8rUk4zWUZBck5qWG55WUg4WVhlazZNeGJSRGJNZDFaaUxDR2xmZWRBbHVrcUt3RWdvcWZkSk01WlBuV2xpa08zbXNqV3YvRmFFTFdDdXVwOGh1MFJRd0owdjN3OTFHUU1mOURFRHM0R3lueUR2TWtsa2VJU3hFVW5rSUVDdEdYWncvdmhGWnpSTDNvT1JaYjJ1cEEwTW9sZE5ObjV2YUZCcUd6UytVVzNXYWZmNFIrMGhkNEN3WjFXM0UxVDJkYTdCRTNSRTNOZklCQlhWWStGaWVzelBVV2dLVUl2dWgxa2UwWVA2ZG5ISHM4TmVWSDRVTjJ3MS9QOXFRc1MvWmRQOW5GdGU3N3Z2aFVhT1prRWZzTVNqWnE1VndibTNEOFFzTE8zMDFPbWg5OUZxV3NsOU0rcmFYL2QzUFBQUFpvQlRHN01wb2lsKzkrcjA3bU1TaHdJYlBnZCswd2huak9ENmgwNnFwa0FKVjdNTzY0ZUVQQWNXZHduT1BmdDF2ZEJyMUdTWitGNTR0ckpoQVZmaFAwTEpqSFpEYUpOSlpFOC9RVnFaZFRwbEFnSDIwcFgwblI3VjFWTWdpME45akl5eFBQdGNqT3h3OWJxVVlUV3h5ajFrd015MWIweUdTd042WnhCZXhYV3hwU0R0NWppd3B2OGd2aVY2cFJCOUhQY1liOGxHeEpDeUFxeU4vWlFIQlEwTTQwSVJubXdCeGZGQnFBWjRlOGNJb2hPUTU3SmFSWGNaYW9sczJyVzhlSWY1Q084QlpRRHRaZ3VpUlVha3hJKzRIMTVDTWp6SVJIOXBrV1V1ZGFVMEhTYzN3Kzd4WFR1N2p4T1pTL3FmQlRGaklCRDd6a1lKdXVPbXhsdzlHeHUvRFo1dFF2MFMvIiwiY29udGVudCI6Iltjb250YWN0LWZpZWxkIGxhYmVsPVwiTm9tYnJlXCIgdHlwZT1cIm5hbWVcIiByZXF1aXJlZD1cIjFcIl1bY29udGFjdC1maWVsZCBsYWJlbD1cIkNvcnJlbyBlbGVjdHJcdTAwZjNuaWNvXCIgdHlwZT1cImVtYWlsXCIgcmVxdWlyZWQ9XCIxXCJdW2NvbnRhY3QtZmllbGQgbGFiZWw9XCJNZW5zYWplXCIgdHlwZT1cInRleHRhcmVhXCJdIiwiaGFzaCI6ImIyODUzNmVmY2UyMjgzOTE4NDI0YzllNTAyMzFmNDE3NGUxNmYwN2EiLCJzb3VyY2UiOnsiZW50cnlfdGl0bGUiOiIzMjYgbWlsam9uZXIgZXVybyBcdTAwZTRyIFRNIFJlYWwgRXN0YXRlIEdyb3VwcyBpbnZlc3RlcmluZ3Nwcm9nbm9zIGZcdTAwZjZyIEJlbmlkb3JtIGZyYW0gdGlsbCAyMDMwIiwiZW50cnlfcGFnZSI6MSwic291cmNlX2lkIjoxNjY0Mywic291cmNlX3R5cGUiOiJzaW5nbGUiLCJyZXF1ZXN0X3VybCI6Imh0dHBzOi8vYmxvZy50bWdydXBvaW5tb2JpbGlhcmlvLmNvbS9zdi93cC1qc29uL3dwL3YyL3Bvc3RzLzE2NjQzIn0sInZlcnNpb24iOjIsImNpcGhlciI6ImFlcy0yNTYtZ2NtIn0.I5_hlXZvHlEKlxCO9Ek-I1Tysz6BtOMdp0f9o5FP5xw' \/>\n\n<div style=\"\"  data-wp-interactive=\"jetpack\/form\" data-wp-context='{\"fieldId\":\"g16643-nombre\",\"fieldType\":\"name\",\"fieldLabel\":\"Nombre\",\"fieldValue\":\"\",\"fieldPlaceholder\":\"\",\"fieldIsRequired\":\"1\",\"fieldErrorMessage\":\"\",\"fieldExtra\":[],\"formHash\":\"b28536efce2283918424c9e50231f4174e16f07a\"}'  class='grunion-field-name-wrap grunion-field-wrap'  data-wp-init='callbacks.initializeField' data-wp-on--jetpack-form-reset='callbacks.initializeField' >\n<label\n\t\t\t\tfor='g16643-nombre' class=\"grunion-field-label name\" >Nombre<span class=\"grunion-label-required\" aria-hidden=\"true\">(obligatoriskt)<\/span><\/label>\n<input\n\t\t\t\t\ttype='text'\n\t\t\t\t\tname='g16643-nombre'\n\t\t\t\t\tid='g16643-nombre'\n\t\t\t\t\tvalue=''\n\n\t\t\t\t\tdata-wp-bind--aria-invalid='state.fieldAriaInvalid'\n\t\t\t\t\tdata-wp-bind--value='state.getFieldValue'\n\t\t\t\t\taria-describedby='g16643-nombre-text-error-message'\n\t\t\t\t\tdata-wp-on--input='actions.onFieldChange'\n\t\t\t\t\tdata-wp-on--blur='actions.onFieldBlur'\n\t\t\t\t\tdata-wp-class--has-value='state.hasFieldValue'\n\n\t\t\t\t\tclass='name  grunion-field' \n\t\t\t\t\trequired='true' aria-required='true'  \/>\n \n\t\t\t<div id=\"g16643-nombre-text-error\" class=\"contact-form__input-error\" data-wp-class--has-errors=\"state.fieldHasErrors\">\n\t\t\t\t<span class=\"contact-form__warning-icon\" aria-hidden=\"true\">\n\t\t\t\t\t<svg width=\"16\" height=\"16\" viewBox=\"0 0 16 16\" fill=\"none\" xmlns=\"http:\/\/www.w3.org\/2000\/svg\">\n\t\t\t\t\t\t<path d=\"M8.50015 11.6402H7.50015V10.6402H8.50015V11.6402Z\" \/>\n\t\t\t\t\t\t<path d=\"M7.50015 9.64018H8.50015V6.30684H7.50015V9.64018Z\" \/>\n\t\t\t\t\t\t<path fill-rule=\"evenodd\" clip-rule=\"evenodd\" d=\"M6.98331 3.0947C7.42933 2.30177 8.57096 2.30177 9.01698 3.09469L13.8771 11.7349C14.3145 12.5126 13.7525 13.4735 12.8602 13.4735H3.14004C2.24774 13.4735 1.68575 12.5126 2.12321 11.7349L6.98331 3.0947ZM8.14541 3.58496C8.08169 3.47168 7.9186 3.47168 7.85488 3.58496L2.99478 12.2251C2.93229 12.3362 3.01257 12.4735 3.14004 12.4735H12.8602C12.9877 12.4735 13.068 12.3362 13.0055 12.2251L8.14541 3.58496Z\" \/>\n\t\t\t\t\t<\/svg>\n\t\t\t\t<\/span>\n\t\t\t\t<span data-wp-text=\"state.errorMessage\" id=\"g16643-nombre-text-error-message\"><\/span>\n\t\t\t<\/div> \n\t<\/div>\n\n<div style=\"\"  data-wp-interactive=\"jetpack\/form\" data-wp-context='{\"fieldId\":\"g16643-correoelectrnico\",\"fieldType\":\"email\",\"fieldLabel\":\"Correo electr\\u00f3nico\",\"fieldValue\":\"\",\"fieldPlaceholder\":\"\",\"fieldIsRequired\":\"1\",\"fieldErrorMessage\":\"\",\"fieldExtra\":[],\"formHash\":\"b28536efce2283918424c9e50231f4174e16f07a\"}'  class='grunion-field-email-wrap grunion-field-wrap'  data-wp-init='callbacks.initializeField' data-wp-on--jetpack-form-reset='callbacks.initializeField' >\n<label\n\t\t\t\tfor='g16643-correoelectrnico' class=\"grunion-field-label email\" >Correo electr\u00f3nico<span class=\"grunion-label-required\" aria-hidden=\"true\">(obligatoriskt)<\/span><\/label>\n<input\n\t\t\t\t\ttype='email'\n\t\t\t\t\tname='g16643-correoelectrnico'\n\t\t\t\t\tid='g16643-correoelectrnico'\n\t\t\t\t\tvalue=''\n\n\t\t\t\t\tdata-wp-bind--aria-invalid='state.fieldAriaInvalid'\n\t\t\t\t\tdata-wp-bind--value='state.getFieldValue'\n\t\t\t\t\taria-describedby='g16643-correoelectrnico-email-error-message'\n\t\t\t\t\tdata-wp-on--input='actions.onFieldChange'\n\t\t\t\t\tdata-wp-on--blur='actions.onFieldBlur'\n\t\t\t\t\tdata-wp-class--has-value='state.hasFieldValue'\n\n\t\t\t\t\tclass='email  grunion-field' \n\t\t\t\t\trequired='true' aria-required='true'  \/>\n \n\t\t\t<div id=\"g16643-correoelectrnico-email-error\" class=\"contact-form__input-error\" data-wp-class--has-errors=\"state.fieldHasErrors\">\n\t\t\t\t<span class=\"contact-form__warning-icon\" aria-hidden=\"true\">\n\t\t\t\t\t<svg width=\"16\" height=\"16\" viewBox=\"0 0 16 16\" fill=\"none\" xmlns=\"http:\/\/www.w3.org\/2000\/svg\">\n\t\t\t\t\t\t<path d=\"M8.50015 11.6402H7.50015V10.6402H8.50015V11.6402Z\" \/>\n\t\t\t\t\t\t<path d=\"M7.50015 9.64018H8.50015V6.30684H7.50015V9.64018Z\" \/>\n\t\t\t\t\t\t<path fill-rule=\"evenodd\" clip-rule=\"evenodd\" d=\"M6.98331 3.0947C7.42933 2.30177 8.57096 2.30177 9.01698 3.09469L13.8771 11.7349C14.3145 12.5126 13.7525 13.4735 12.8602 13.4735H3.14004C2.24774 13.4735 1.68575 12.5126 2.12321 11.7349L6.98331 3.0947ZM8.14541 3.58496C8.08169 3.47168 7.9186 3.47168 7.85488 3.58496L2.99478 12.2251C2.93229 12.3362 3.01257 12.4735 3.14004 12.4735H12.8602C12.9877 12.4735 13.068 12.3362 13.0055 12.2251L8.14541 3.58496Z\" \/>\n\t\t\t\t\t<\/svg>\n\t\t\t\t<\/span>\n\t\t\t\t<span data-wp-text=\"state.errorMessage\" id=\"g16643-correoelectrnico-email-error-message\"><\/span>\n\t\t\t<\/div> \n\t<\/div>\n\n<div style=\"\"  data-wp-interactive=\"jetpack\/form\" data-wp-context='{\"fieldId\":\"g16643-mensaje\",\"fieldType\":\"textarea\",\"fieldLabel\":\"Mensaje\",\"fieldValue\":\"\",\"fieldPlaceholder\":\"\",\"fieldIsRequired\":\"\",\"fieldErrorMessage\":\"\",\"fieldExtra\":[],\"formHash\":\"b28536efce2283918424c9e50231f4174e16f07a\"}'  class='grunion-field-textarea-wrap grunion-field-wrap'  data-wp-init='callbacks.initializeField' data-wp-on--jetpack-form-reset='callbacks.initializeField' >\n<label\n\t\t\t\tfor='contact-form-comment-g16643-mensaje' class=\"grunion-field-label textarea\" >Mensaje<\/label>\n<textarea\n\t\t                style=''\n\t\t                name='g16643-mensaje'\n\t\t                id='contact-form-comment-g16643-mensaje'\n\t\t                rows='20'\n\t\t\t\t\t\tdata-wp-text='state.getFieldValue'\n\t\t\t\t\t\tdata-wp-on--input='actions.onFieldChange'\n\t\t\t\t\t\tdata-wp-on--blur='actions.onFieldBlur'\n\t\t\t\t\t\tdata-wp-class--has-value='state.hasFieldValue'\n\t\t\t\t\t\taria-describedby='g16643-mensaje-textarea-error-message'\n\t\t\t\t\t\tdata-wp-bind--aria-invalid='state.fieldAriaInvalid'\n\t\t\t\t\t\tclass='textarea  grunion-field'  ><\/textarea>\n \n\t\t\t<div id=\"g16643-mensaje-textarea-error\" class=\"contact-form__input-error\" data-wp-class--has-errors=\"state.fieldHasErrors\">\n\t\t\t\t<span class=\"contact-form__warning-icon\" aria-hidden=\"true\">\n\t\t\t\t\t<svg width=\"16\" height=\"16\" viewBox=\"0 0 16 16\" fill=\"none\" xmlns=\"http:\/\/www.w3.org\/2000\/svg\">\n\t\t\t\t\t\t<path d=\"M8.50015 11.6402H7.50015V10.6402H8.50015V11.6402Z\" \/>\n\t\t\t\t\t\t<path d=\"M7.50015 9.64018H8.50015V6.30684H7.50015V9.64018Z\" \/>\n\t\t\t\t\t\t<path fill-rule=\"evenodd\" clip-rule=\"evenodd\" d=\"M6.98331 3.0947C7.42933 2.30177 8.57096 2.30177 9.01698 3.09469L13.8771 11.7349C14.3145 12.5126 13.7525 13.4735 12.8602 13.4735H3.14004C2.24774 13.4735 1.68575 12.5126 2.12321 11.7349L6.98331 3.0947ZM8.14541 3.58496C8.08169 3.47168 7.9186 3.47168 7.85488 3.58496L2.99478 12.2251C2.93229 12.3362 3.01257 12.4735 3.14004 12.4735H12.8602C12.9877 12.4735 13.068 12.3362 13.0055 12.2251L8.14541 3.58496Z\" \/>\n\t\t\t\t\t<\/svg>\n\t\t\t\t<\/span>\n\t\t\t\t<span data-wp-text=\"state.errorMessage\" id=\"g16643-mensaje-textarea-error-message\"><\/span>\n\t\t\t<\/div>\n\t<\/div>\n\t<p class='contact-submit'>\n<div class=\"contact-form__error\" data-wp-class--show-errors=\"state.showFormErrors\"><span class=\"contact-form__warning-icon\" aria-hidden=\"true\"><i><\/i><\/span><span class=\"contact-form__error-message\" tabindex=\"-1\" data-wp-watch=\"callbacks.focusOnValidationError\" data-wp-text=\"state.getFormErrorMessage\"><\/span><ul aria-label=\"Formul\u00e4rfel\">\n\t\t\t\t<template data-wp-each=\"state.getErrorList\" data-wp-key=\"context.item.id\">\n\t\t\t\t\t<li><a data-wp-bind--href=\"context.item.anchor\" data-wp-on--click=\"actions.scrollIntoView\" data-wp-text=\"context.item.label\"><\/a><\/li>\n\t\t\t\t<\/template>\n\t\t\t\t<\/ul><\/div><div class=\"contact-form__error\" data-wp-class--show-errors=\"state.showSubmissionError\" data-wp-text=\"context.submissionError\" tabindex=\"-1\" data-wp-watch=\"callbacks.focusOnSubmissionError\"><\/div>\t\t<button type='submit' class='pushbutton-wide'>Skicka<\/button>\t\t<input type='hidden' name='contact-form-id' value='16643' \/>\n\t\t<input type='hidden' name='action' value='grunion-contact-form' \/>\n\t\t<input type='hidden' name='contact-form-hash' value='b28536efce2283918424c9e50231f4174e16f07a' \/>\n\t<\/p>\n<p style=\"display: none !important;\" class=\"akismet-fields-container\" data-prefix=\"ak_\"><label>&#916;<textarea name=\"ak_hp_textarea\" cols=\"45\" rows=\"8\" maxlength=\"100\"><\/textarea><\/label><input type=\"hidden\" id=\"ak_js_1\" name=\"ak_js\" value=\"99\"\/><script type=\"text\/javascript\">\n\/* <![CDATA[ *\/\ndocument.getElementById( \"ak_js_1\" ).setAttribute( \"value\", ( new Date() ).getTime() );\n\/* ]]> *\/\n<\/script>\n<\/p><\/form>\n<\/div>\n","protected":false},"excerpt":{"rendered":"<p>&nbsp; Madrid, den 29 april 2021 &#8211; TM Real Estate Group, ett ledande alicantinskt f\u00f6retag inom branschen bostadsturism specialiserat p\u00e5 att bygga och marknadsf\u00f6ra semesterbost\u00e4der l\u00e4ngs Medelhavskusten, presenterar ett av sina mest ikoniska projekt hittills p\u00e5 Costa Blanca; bostadsomr\u00e5det Sunset Cliffs. Detta nya projekt i Benidorm har inneburit en f\u00f6retagsinvestering p\u00e5 86 miljoner euro och [&hellip;]<\/p>\n","protected":false},"author":11716,"featured_media":16644,"comment_status":"open","ping_status":"open","sticky":false,"template":"","format":"standard","meta":{"_jetpack_memberships_contains_paid_content":false,"footnotes":""},"categories":[20],"tags":[399],"class_list":["post-16643","post","type-post","status-publish","format-standard","has-post-thumbnail","hentry","category-notas-prensa","tag-tag-all","formato-comunicacion"],"better_featured_image":{"id":16644,"alt_text":"","caption":"","description":"","media_type":"image","media_details":{"width":1000,"height":666,"file":"2022\/03\/cliffs-portada1.jpg","sizes":{"medium":{"file":"cliffs-portada1-300x200.jpg","width":300,"height":200,"mime-type":"image\/jpeg","source_url":"https:\/\/blog.tmgrupoinmobiliario.com\/sv\/wp-content\/uploads\/sites\/6\/2022\/03\/cliffs-portada1-300x200.jpg"},"thumbnail":{"file":"cliffs-portada1-150x150.jpg","width":150,"height":150,"mime-type":"image\/jpeg","source_url":"https:\/\/blog.tmgrupoinmobiliario.com\/sv\/wp-content\/uploads\/sites\/6\/2022\/03\/cliffs-portada1-150x150.jpg"},"medium_large":{"file":"cliffs-portada1-768x511.jpg","width":768,"height":511,"mime-type":"image\/jpeg","source_url":"https:\/\/blog.tmgrupoinmobiliario.com\/sv\/wp-content\/uploads\/sites\/6\/2022\/03\/cliffs-portada1-768x511.jpg"}},"image_meta":{"aperture":"0","credit":"","camera":"","caption":"","created_timestamp":"0","copyright":"","focal_length":"0","iso":"0","shutter_speed":"0","title":"","orientation":"1","keywords":[]}},"post":16643,"source_url":"https:\/\/blog.tmgrupoinmobiliario.com\/sv\/wp-content\/uploads\/sites\/6\/2022\/03\/cliffs-portada1.jpg"},"acf":{"imagen_destacada_desktop":false,"imagen_destacada_mobile":false,"formato":{"term_id":17,"name":"Comunicaci\u00f3n","slug":"comunicacion","term_group":0,"term_taxonomy_id":17,"taxonomy":"formato","description":"","parent":0,"count":60,"filter":"raw"},"entradilla":"Lanseringen av bostadsomr\u00e5det Sunset Cliffs i Benidorm \u00e4r \u00e5terigen ett uttryck f\u00f6r f\u00f6retagets omfattande satsningar inom omr\u00e5det. TM har totalt investerat 166 miljoner euro i detta delprojekt i det \u00f6vergripande projektet, som TM planerar att investera \u00f6ver 325 miljoner euro i.","etiquetas":"","cabecera_escritorio":"https:\/\/blog.tmgrupoinmobiliario.com\/sv\/wp-content\/uploads\/sites\/6\/2022\/03\/1200x3001-3.jpg","cabecera_mobile":"https:\/\/blog.tmgrupoinmobiliario.com\/sv\/wp-content\/uploads\/sites\/6\/2022\/03\/768x7681-3.jpg","galeria":[{"ID":16647,"id":16647,"title":"13[1]","filename":"131.jpg","filesize":628516,"url":"https:\/\/blog.tmgrupoinmobiliario.com\/sv\/wp-content\/uploads\/sites\/6\/2022\/03\/131.jpg","link":"https:\/\/blog.tmgrupoinmobiliario.com\/sv\/2021\/04\/29\/tm-planerar-att-investera-326-miljoner-euro-i-benidorm-fram-till-2030\/attachment\/131\/","alt":"","author":"11716","description":"","caption":"","name":"131","status":"inherit","uploaded_to":16643,"date":"2022-03-23 11:40:34","modified":"2022-03-23 11:40:40","menu_order":0,"mime_type":"image\/jpeg","type":"image","subtype":"jpeg","icon":"https:\/\/blog.tmgrupoinmobiliario.com\/sv\/wp-includes\/images\/media\/default.png","width":1026,"height":768,"sizes":{"thumbnail":"https:\/\/blog.tmgrupoinmobiliario.com\/sv\/wp-content\/uploads\/sites\/6\/2022\/03\/131-150x150.jpg","thumbnail-width":150,"thumbnail-height":150,"medium":"https:\/\/blog.tmgrupoinmobiliario.com\/sv\/wp-content\/uploads\/sites\/6\/2022\/03\/131-300x225.jpg","medium-width":300,"medium-height":225,"medium_large":"https:\/\/blog.tmgrupoinmobiliario.com\/sv\/wp-content\/uploads\/sites\/6\/2022\/03\/131-768x575.jpg","medium_large-width":768,"medium_large-height":575,"large":"https:\/\/blog.tmgrupoinmobiliario.com\/sv\/wp-content\/uploads\/sites\/6\/2022\/03\/131-1024x767.jpg","large-width":1024,"large-height":767,"1536x1536":"https:\/\/blog.tmgrupoinmobiliario.com\/sv\/wp-content\/uploads\/sites\/6\/2022\/03\/131.jpg","1536x1536-width":1026,"1536x1536-height":768,"2048x2048":"https:\/\/blog.tmgrupoinmobiliario.com\/sv\/wp-content\/uploads\/sites\/6\/2022\/03\/131.jpg","2048x2048-width":1026,"2048x2048-height":768}},{"ID":16648,"id":16648,"title":"8Galeria[1]","filename":"8Galeria1.jpg","filesize":750915,"url":"https:\/\/blog.tmgrupoinmobiliario.com\/sv\/wp-content\/uploads\/sites\/6\/2022\/03\/8Galeria1.jpg","link":"https:\/\/blog.tmgrupoinmobiliario.com\/sv\/2021\/04\/29\/tm-planerar-att-investera-326-miljoner-euro-i-benidorm-fram-till-2030\/8galeria1\/","alt":"","author":"11716","description":"","caption":"","name":"8galeria1","status":"inherit","uploaded_to":16643,"date":"2022-03-23 11:40:47","modified":"2022-03-23 11:40:55","menu_order":0,"mime_type":"image\/jpeg","type":"image","subtype":"jpeg","icon":"https:\/\/blog.tmgrupoinmobiliario.com\/sv\/wp-includes\/images\/media\/default.png","width":1026,"height":768,"sizes":{"thumbnail":"https:\/\/blog.tmgrupoinmobiliario.com\/sv\/wp-content\/uploads\/sites\/6\/2022\/03\/8Galeria1-150x150.jpg","thumbnail-width":150,"thumbnail-height":150,"medium":"https:\/\/blog.tmgrupoinmobiliario.com\/sv\/wp-content\/uploads\/sites\/6\/2022\/03\/8Galeria1-300x225.jpg","medium-width":300,"medium-height":225,"medium_large":"https:\/\/blog.tmgrupoinmobiliario.com\/sv\/wp-content\/uploads\/sites\/6\/2022\/03\/8Galeria1-768x575.jpg","medium_large-width":768,"medium_large-height":575,"large":"https:\/\/blog.tmgrupoinmobiliario.com\/sv\/wp-content\/uploads\/sites\/6\/2022\/03\/8Galeria1-1024x767.jpg","large-width":1024,"large-height":767,"1536x1536":"https:\/\/blog.tmgrupoinmobiliario.com\/sv\/wp-content\/uploads\/sites\/6\/2022\/03\/8Galeria1.jpg","1536x1536-width":1026,"1536x1536-height":768,"2048x2048":"https:\/\/blog.tmgrupoinmobiliario.com\/sv\/wp-content\/uploads\/sites\/6\/2022\/03\/8Galeria1.jpg","2048x2048-width":1026,"2048x2048-height":768}},{"ID":16649,"id":16649,"title":"3Galeria[1]","filename":"3Galeria1.jpg","filesize":992319,"url":"https:\/\/blog.tmgrupoinmobiliario.com\/sv\/wp-content\/uploads\/sites\/6\/2022\/03\/3Galeria1.jpg","link":"https:\/\/blog.tmgrupoinmobiliario.com\/sv\/2021\/04\/29\/tm-planerar-att-investera-326-miljoner-euro-i-benidorm-fram-till-2030\/3galeria1\/","alt":"","author":"11716","description":"","caption":"","name":"3galeria1","status":"inherit","uploaded_to":16643,"date":"2022-03-23 11:41:03","modified":"2022-03-23 11:41:10","menu_order":0,"mime_type":"image\/jpeg","type":"image","subtype":"jpeg","icon":"https:\/\/blog.tmgrupoinmobiliario.com\/sv\/wp-includes\/images\/media\/default.png","width":1026,"height":768,"sizes":{"thumbnail":"https:\/\/blog.tmgrupoinmobiliario.com\/sv\/wp-content\/uploads\/sites\/6\/2022\/03\/3Galeria1-150x150.jpg","thumbnail-width":150,"thumbnail-height":150,"medium":"https:\/\/blog.tmgrupoinmobiliario.com\/sv\/wp-content\/uploads\/sites\/6\/2022\/03\/3Galeria1-300x225.jpg","medium-width":300,"medium-height":225,"medium_large":"https:\/\/blog.tmgrupoinmobiliario.com\/sv\/wp-content\/uploads\/sites\/6\/2022\/03\/3Galeria1-768x575.jpg","medium_large-width":768,"medium_large-height":575,"large":"https:\/\/blog.tmgrupoinmobiliario.com\/sv\/wp-content\/uploads\/sites\/6\/2022\/03\/3Galeria1-1024x767.jpg","large-width":1024,"large-height":767,"1536x1536":"https:\/\/blog.tmgrupoinmobiliario.com\/sv\/wp-content\/uploads\/sites\/6\/2022\/03\/3Galeria1.jpg","1536x1536-width":1026,"1536x1536-height":768,"2048x2048":"https:\/\/blog.tmgrupoinmobiliario.com\/sv\/wp-content\/uploads\/sites\/6\/2022\/03\/3Galeria1.jpg","2048x2048-width":1026,"2048x2048-height":768}},{"ID":16650,"id":16650,"title":"2Galeria[1]","filename":"2Galeria1.jpg","filesize":1289647,"url":"https:\/\/blog.tmgrupoinmobiliario.com\/sv\/wp-content\/uploads\/sites\/6\/2022\/03\/2Galeria1.jpg","link":"https:\/\/blog.tmgrupoinmobiliario.com\/sv\/2021\/04\/29\/tm-planerar-att-investera-326-miljoner-euro-i-benidorm-fram-till-2030\/2galeria1\/","alt":"","author":"11716","description":"","caption":"","name":"2galeria1","status":"inherit","uploaded_to":16643,"date":"2022-03-23 11:41:17","modified":"2022-03-23 11:41:26","menu_order":0,"mime_type":"image\/jpeg","type":"image","subtype":"jpeg","icon":"https:\/\/blog.tmgrupoinmobiliario.com\/sv\/wp-includes\/images\/media\/default.png","width":1026,"height":768,"sizes":{"thumbnail":"https:\/\/blog.tmgrupoinmobiliario.com\/sv\/wp-content\/uploads\/sites\/6\/2022\/03\/2Galeria1-150x150.jpg","thumbnail-width":150,"thumbnail-height":150,"medium":"https:\/\/blog.tmgrupoinmobiliario.com\/sv\/wp-content\/uploads\/sites\/6\/2022\/03\/2Galeria1-300x225.jpg","medium-width":300,"medium-height":225,"medium_large":"https:\/\/blog.tmgrupoinmobiliario.com\/sv\/wp-content\/uploads\/sites\/6\/2022\/03\/2Galeria1-768x575.jpg","medium_large-width":768,"medium_large-height":575,"large":"https:\/\/blog.tmgrupoinmobiliario.com\/sv\/wp-content\/uploads\/sites\/6\/2022\/03\/2Galeria1-1024x767.jpg","large-width":1024,"large-height":767,"1536x1536":"https:\/\/blog.tmgrupoinmobiliario.com\/sv\/wp-content\/uploads\/sites\/6\/2022\/03\/2Galeria1.jpg","1536x1536-width":1026,"1536x1536-height":768,"2048x2048":"https:\/\/blog.tmgrupoinmobiliario.com\/sv\/wp-content\/uploads\/sites\/6\/2022\/03\/2Galeria1.jpg","2048x2048-width":1026,"2048x2048-height":768}},{"ID":16651,"id":16651,"title":"6Galeria[1]","filename":"6Galeria1.jpg","filesize":772933,"url":"https:\/\/blog.tmgrupoinmobiliario.com\/sv\/wp-content\/uploads\/sites\/6\/2022\/03\/6Galeria1.jpg","link":"https:\/\/blog.tmgrupoinmobiliario.com\/sv\/2021\/04\/29\/tm-planerar-att-investera-326-miljoner-euro-i-benidorm-fram-till-2030\/6galeria1\/","alt":"","author":"11716","description":"","caption":"","name":"6galeria1","status":"inherit","uploaded_to":16643,"date":"2022-03-23 11:41:54","modified":"2022-03-23 11:42:02","menu_order":0,"mime_type":"image\/jpeg","type":"image","subtype":"jpeg","icon":"https:\/\/blog.tmgrupoinmobiliario.com\/sv\/wp-includes\/images\/media\/default.png","width":1026,"height":768,"sizes":{"thumbnail":"https:\/\/blog.tmgrupoinmobiliario.com\/sv\/wp-content\/uploads\/sites\/6\/2022\/03\/6Galeria1-150x150.jpg","thumbnail-width":150,"thumbnail-height":150,"medium":"https:\/\/blog.tmgrupoinmobiliario.com\/sv\/wp-content\/uploads\/sites\/6\/2022\/03\/6Galeria1-300x225.jpg","medium-width":300,"medium-height":225,"medium_large":"https:\/\/blog.tmgrupoinmobiliario.com\/sv\/wp-content\/uploads\/sites\/6\/2022\/03\/6Galeria1-768x575.jpg","medium_large-width":768,"medium_large-height":575,"large":"https:\/\/blog.tmgrupoinmobiliario.com\/sv\/wp-content\/uploads\/sites\/6\/2022\/03\/6Galeria1-1024x767.jpg","large-width":1024,"large-height":767,"1536x1536":"https:\/\/blog.tmgrupoinmobiliario.com\/sv\/wp-content\/uploads\/sites\/6\/2022\/03\/6Galeria1.jpg","1536x1536-width":1026,"1536x1536-height":768,"2048x2048":"https:\/\/blog.tmgrupoinmobiliario.com\/sv\/wp-content\/uploads\/sites\/6\/2022\/03\/6Galeria1.jpg","2048x2048-width":1026,"2048x2048-height":768}},{"ID":16652,"id":16652,"title":"11Galeria[1]","filename":"11Galeria1.jpg","filesize":945773,"url":"https:\/\/blog.tmgrupoinmobiliario.com\/sv\/wp-content\/uploads\/sites\/6\/2022\/03\/11Galeria1.jpg","link":"https:\/\/blog.tmgrupoinmobiliario.com\/sv\/2021\/04\/29\/tm-planerar-att-investera-326-miljoner-euro-i-benidorm-fram-till-2030\/11galeria1\/","alt":"","author":"11716","description":"","caption":"","name":"11galeria1","status":"inherit","uploaded_to":16643,"date":"2022-03-23 11:42:27","modified":"2022-03-23 11:42:44","menu_order":0,"mime_type":"image\/jpeg","type":"image","subtype":"jpeg","icon":"https:\/\/blog.tmgrupoinmobiliario.com\/sv\/wp-includes\/images\/media\/default.png","width":1026,"height":768,"sizes":{"thumbnail":"https:\/\/blog.tmgrupoinmobiliario.com\/sv\/wp-content\/uploads\/sites\/6\/2022\/03\/11Galeria1-150x150.jpg","thumbnail-width":150,"thumbnail-height":150,"medium":"https:\/\/blog.tmgrupoinmobiliario.com\/sv\/wp-content\/uploads\/sites\/6\/2022\/03\/11Galeria1-300x225.jpg","medium-width":300,"medium-height":225,"medium_large":"https:\/\/blog.tmgrupoinmobiliario.com\/sv\/wp-content\/uploads\/sites\/6\/2022\/03\/11Galeria1-768x575.jpg","medium_large-width":768,"medium_large-height":575,"large":"https:\/\/blog.tmgrupoinmobiliario.com\/sv\/wp-content\/uploads\/sites\/6\/2022\/03\/11Galeria1-1024x767.jpg","large-width":1024,"large-height":767,"1536x1536":"https:\/\/blog.tmgrupoinmobiliario.com\/sv\/wp-content\/uploads\/sites\/6\/2022\/03\/11Galeria1.jpg","1536x1536-width":1026,"1536x1536-height":768,"2048x2048":"https:\/\/blog.tmgrupoinmobiliario.com\/sv\/wp-content\/uploads\/sites\/6\/2022\/03\/11Galeria1.jpg","2048x2048-width":1026,"2048x2048-height":768}}]},"yoast_head":"<!-- This site is optimized with the Yoast SEO Premium plugin v23.6 (Yoast SEO v27.5) - https:\/\/yoast.com\/product\/yoast-seo-premium-wordpress\/ -->\n<title>TM planerar att investera 326 miljoner euro i Benidorm fram till 2030<\/title>\n<meta name=\"robots\" content=\"index, follow, max-snippet:-1, max-image-preview:large, max-video-preview:-1\" \/>\n<link rel=\"canonical\" href=\"https:\/\/blog.tmgrupoinmobiliario.com\/sv\/2021\/04\/29\/tm-planerar-att-investera-326-miljoner-euro-i-benidorm-fram-till-2030\/\" \/>\n<meta property=\"og:locale\" content=\"sv_SE\" \/>\n<meta property=\"og:type\" content=\"article\" \/>\n<meta property=\"og:title\" content=\"326 miljoner euro \u00e4r TM Real Estate Groups investeringsprognos f\u00f6r Benidorm fram till 2030\" \/>\n<meta property=\"og:description\" content=\"&nbsp; Madrid, den 29 april 2021 &#8211; TM Real Estate Group, ett ledande alicantinskt f\u00f6retag inom branschen bostadsturism specialiserat p\u00e5 att bygga och marknadsf\u00f6ra semesterbost\u00e4der l\u00e4ngs Medelhavskusten, presenterar ett av sina mest ikoniska projekt hittills p\u00e5 Costa Blanca; bostadsomr\u00e5det Sunset Cliffs. Detta nya projekt i Benidorm har inneburit en f\u00f6retagsinvestering p\u00e5 86 miljoner euro och [&hellip;]\" \/>\n<meta property=\"og:url\" content=\"https:\/\/blog.tmgrupoinmobiliario.com\/sv\/2021\/04\/29\/tm-planerar-att-investera-326-miljoner-euro-i-benidorm-fram-till-2030\/\" \/>\n<meta property=\"og:site_name\" content=\"Svenska\" \/>\n<meta property=\"article:published_time\" content=\"2021-04-29T15:27:11+00:00\" \/>\n<meta property=\"article:modified_time\" content=\"2022-03-23T11:46:05+00:00\" \/>\n<meta property=\"og:image\" content=\"https:\/\/blog.tmgrupoinmobiliario.com\/sv\/wp-content\/uploads\/sites\/6\/2022\/03\/cliffs-portada1.jpg\" \/>\n\t<meta property=\"og:image:width\" content=\"1000\" \/>\n\t<meta property=\"og:image:height\" content=\"666\" \/>\n\t<meta property=\"og:image:type\" content=\"image\/jpeg\" \/>\n<meta name=\"author\" content=\"marina\" \/>\n<meta name=\"twitter:card\" content=\"summary_large_image\" \/>\n<meta name=\"twitter:label1\" content=\"Skriven av\" \/>\n\t<meta name=\"twitter:data1\" content=\"marina\" \/>\n\t<meta name=\"twitter:label2\" content=\"Ber\u00e4knad l\u00e4stid\" \/>\n\t<meta name=\"twitter:data2\" content=\"2 minuter\" \/>\n<script type=\"application\/ld+json\" class=\"yoast-schema-graph\">{\"@context\":\"https:\\\/\\\/schema.org\",\"@graph\":[{\"@type\":\"Article\",\"@id\":\"https:\\\/\\\/blog.tmgrupoinmobiliario.com\\\/sv\\\/2021\\\/04\\\/29\\\/tm-planerar-att-investera-326-miljoner-euro-i-benidorm-fram-till-2030\\\/#article\",\"isPartOf\":{\"@id\":\"https:\\\/\\\/blog.tmgrupoinmobiliario.com\\\/sv\\\/2021\\\/04\\\/29\\\/tm-planerar-att-investera-326-miljoner-euro-i-benidorm-fram-till-2030\\\/\"},\"author\":{\"name\":\"marina\",\"@id\":\"https:\\\/\\\/blog.tmgrupoinmobiliario.com\\\/sv\\\/#\\\/schema\\\/person\\\/788477479d35e623ab75c2fb194e7730\"},\"headline\":\"326 miljoner euro \u00e4r TM Real Estate Groups investeringsprognos f\u00f6r Benidorm fram till 2030\",\"datePublished\":\"2021-04-29T15:27:11+00:00\",\"dateModified\":\"2022-03-23T11:46:05+00:00\",\"mainEntityOfPage\":{\"@id\":\"https:\\\/\\\/blog.tmgrupoinmobiliario.com\\\/sv\\\/2021\\\/04\\\/29\\\/tm-planerar-att-investera-326-miljoner-euro-i-benidorm-fram-till-2030\\\/\"},\"wordCount\":500,\"commentCount\":0,\"image\":{\"@id\":\"https:\\\/\\\/blog.tmgrupoinmobiliario.com\\\/sv\\\/2021\\\/04\\\/29\\\/tm-planerar-att-investera-326-miljoner-euro-i-benidorm-fram-till-2030\\\/#primaryimage\"},\"thumbnailUrl\":\"https:\\\/\\\/blog.tmgrupoinmobiliario.com\\\/sv\\\/wp-content\\\/uploads\\\/sites\\\/6\\\/2022\\\/03\\\/cliffs-portada1.jpg\",\"keywords\":[\"tag-all\"],\"articleSection\":[\"Notas de prensa\"],\"inLanguage\":\"sv-SE\",\"potentialAction\":[{\"@type\":\"CommentAction\",\"name\":\"Comment\",\"target\":[\"https:\\\/\\\/blog.tmgrupoinmobiliario.com\\\/sv\\\/2021\\\/04\\\/29\\\/tm-planerar-att-investera-326-miljoner-euro-i-benidorm-fram-till-2030\\\/#respond\"]}]},{\"@type\":\"WebPage\",\"@id\":\"https:\\\/\\\/blog.tmgrupoinmobiliario.com\\\/sv\\\/2021\\\/04\\\/29\\\/tm-planerar-att-investera-326-miljoner-euro-i-benidorm-fram-till-2030\\\/\",\"url\":\"https:\\\/\\\/blog.tmgrupoinmobiliario.com\\\/sv\\\/2021\\\/04\\\/29\\\/tm-planerar-att-investera-326-miljoner-euro-i-benidorm-fram-till-2030\\\/\",\"name\":\"TM planerar att investera 326 miljoner euro i Benidorm fram till 2030\",\"isPartOf\":{\"@id\":\"https:\\\/\\\/blog.tmgrupoinmobiliario.com\\\/sv\\\/#website\"},\"primaryImageOfPage\":{\"@id\":\"https:\\\/\\\/blog.tmgrupoinmobiliario.com\\\/sv\\\/2021\\\/04\\\/29\\\/tm-planerar-att-investera-326-miljoner-euro-i-benidorm-fram-till-2030\\\/#primaryimage\"},\"image\":{\"@id\":\"https:\\\/\\\/blog.tmgrupoinmobiliario.com\\\/sv\\\/2021\\\/04\\\/29\\\/tm-planerar-att-investera-326-miljoner-euro-i-benidorm-fram-till-2030\\\/#primaryimage\"},\"thumbnailUrl\":\"https:\\\/\\\/blog.tmgrupoinmobiliario.com\\\/sv\\\/wp-content\\\/uploads\\\/sites\\\/6\\\/2022\\\/03\\\/cliffs-portada1.jpg\",\"datePublished\":\"2021-04-29T15:27:11+00:00\",\"dateModified\":\"2022-03-23T11:46:05+00:00\",\"author\":{\"@id\":\"https:\\\/\\\/blog.tmgrupoinmobiliario.com\\\/sv\\\/#\\\/schema\\\/person\\\/788477479d35e623ab75c2fb194e7730\"},\"breadcrumb\":{\"@id\":\"https:\\\/\\\/blog.tmgrupoinmobiliario.com\\\/sv\\\/2021\\\/04\\\/29\\\/tm-planerar-att-investera-326-miljoner-euro-i-benidorm-fram-till-2030\\\/#breadcrumb\"},\"inLanguage\":\"sv-SE\",\"potentialAction\":[{\"@type\":\"ReadAction\",\"target\":[\"https:\\\/\\\/blog.tmgrupoinmobiliario.com\\\/sv\\\/2021\\\/04\\\/29\\\/tm-planerar-att-investera-326-miljoner-euro-i-benidorm-fram-till-2030\\\/\"]}]},{\"@type\":\"ImageObject\",\"inLanguage\":\"sv-SE\",\"@id\":\"https:\\\/\\\/blog.tmgrupoinmobiliario.com\\\/sv\\\/2021\\\/04\\\/29\\\/tm-planerar-att-investera-326-miljoner-euro-i-benidorm-fram-till-2030\\\/#primaryimage\",\"url\":\"https:\\\/\\\/blog.tmgrupoinmobiliario.com\\\/sv\\\/wp-content\\\/uploads\\\/sites\\\/6\\\/2022\\\/03\\\/cliffs-portada1.jpg\",\"contentUrl\":\"https:\\\/\\\/blog.tmgrupoinmobiliario.com\\\/sv\\\/wp-content\\\/uploads\\\/sites\\\/6\\\/2022\\\/03\\\/cliffs-portada1.jpg\",\"width\":1000,\"height\":666},{\"@type\":\"BreadcrumbList\",\"@id\":\"https:\\\/\\\/blog.tmgrupoinmobiliario.com\\\/sv\\\/2021\\\/04\\\/29\\\/tm-planerar-att-investera-326-miljoner-euro-i-benidorm-fram-till-2030\\\/#breadcrumb\",\"itemListElement\":[{\"@type\":\"ListItem\",\"position\":1,\"name\":\"Portada\",\"item\":\"https:\\\/\\\/blog.tmgrupoinmobiliario.com\\\/sv\\\/\"},{\"@type\":\"ListItem\",\"position\":2,\"name\":\"326 miljoner euro \u00e4r TM Real Estate Groups investeringsprognos f\u00f6r Benidorm fram till 2030\"}]},{\"@type\":\"WebSite\",\"@id\":\"https:\\\/\\\/blog.tmgrupoinmobiliario.com\\\/sv\\\/#website\",\"url\":\"https:\\\/\\\/blog.tmgrupoinmobiliario.com\\\/sv\\\/\",\"name\":\"Svenska\",\"description\":\"Otro sitio m\u00e1s de Blog Desarrollo TM sitios\",\"potentialAction\":[{\"@type\":\"SearchAction\",\"target\":{\"@type\":\"EntryPoint\",\"urlTemplate\":\"https:\\\/\\\/blog.tmgrupoinmobiliario.com\\\/sv\\\/?s={search_term_string}\"},\"query-input\":{\"@type\":\"PropertyValueSpecification\",\"valueRequired\":true,\"valueName\":\"search_term_string\"}}],\"inLanguage\":\"sv-SE\"},{\"@type\":\"Person\",\"@id\":\"https:\\\/\\\/blog.tmgrupoinmobiliario.com\\\/sv\\\/#\\\/schema\\\/person\\\/788477479d35e623ab75c2fb194e7730\",\"name\":\"marina\",\"image\":{\"@type\":\"ImageObject\",\"inLanguage\":\"sv-SE\",\"@id\":\"https:\\\/\\\/secure.gravatar.com\\\/avatar\\\/34480839eb5b1bb235efe5be1b7e49218e07e314c17d1fb9ba5183ac5c2c64f3?s=96&d=mm&r=g\",\"url\":\"https:\\\/\\\/secure.gravatar.com\\\/avatar\\\/34480839eb5b1bb235efe5be1b7e49218e07e314c17d1fb9ba5183ac5c2c64f3?s=96&d=mm&r=g\",\"contentUrl\":\"https:\\\/\\\/secure.gravatar.com\\\/avatar\\\/34480839eb5b1bb235efe5be1b7e49218e07e314c17d1fb9ba5183ac5c2c64f3?s=96&d=mm&r=g\",\"caption\":\"marina\"},\"url\":\"https:\\\/\\\/blog.tmgrupoinmobiliario.com\\\/sv\\\/author\\\/marina\\\/\"}]}<\/script>\n<!-- \/ Yoast SEO Premium plugin. -->","yoast_head_json":{"title":"TM planerar att investera 326 miljoner euro i Benidorm fram till 2030","robots":{"index":"index","follow":"follow","max-snippet":"max-snippet:-1","max-image-preview":"max-image-preview:large","max-video-preview":"max-video-preview:-1"},"canonical":"https:\/\/blog.tmgrupoinmobiliario.com\/sv\/2021\/04\/29\/tm-planerar-att-investera-326-miljoner-euro-i-benidorm-fram-till-2030\/","og_locale":"sv_SE","og_type":"article","og_title":"326 miljoner euro \u00e4r TM Real Estate Groups investeringsprognos f\u00f6r Benidorm fram till 2030","og_description":"&nbsp; Madrid, den 29 april 2021 &#8211; TM Real Estate Group, ett ledande alicantinskt f\u00f6retag inom branschen bostadsturism specialiserat p\u00e5 att bygga och marknadsf\u00f6ra semesterbost\u00e4der l\u00e4ngs Medelhavskusten, presenterar ett av sina mest ikoniska projekt hittills p\u00e5 Costa Blanca; bostadsomr\u00e5det Sunset Cliffs. Detta nya projekt i Benidorm har inneburit en f\u00f6retagsinvestering p\u00e5 86 miljoner euro och [&hellip;]","og_url":"https:\/\/blog.tmgrupoinmobiliario.com\/sv\/2021\/04\/29\/tm-planerar-att-investera-326-miljoner-euro-i-benidorm-fram-till-2030\/","og_site_name":"Svenska","article_published_time":"2021-04-29T15:27:11+00:00","article_modified_time":"2022-03-23T11:46:05+00:00","og_image":[{"width":1000,"height":666,"url":"https:\/\/blog.tmgrupoinmobiliario.com\/sv\/wp-content\/uploads\/sites\/6\/2022\/03\/cliffs-portada1.jpg","type":"image\/jpeg"}],"author":"marina","twitter_card":"summary_large_image","twitter_misc":{"Skriven av":"marina","Ber\u00e4knad l\u00e4stid":"2 minuter"},"schema":{"@context":"https:\/\/schema.org","@graph":[{"@type":"Article","@id":"https:\/\/blog.tmgrupoinmobiliario.com\/sv\/2021\/04\/29\/tm-planerar-att-investera-326-miljoner-euro-i-benidorm-fram-till-2030\/#article","isPartOf":{"@id":"https:\/\/blog.tmgrupoinmobiliario.com\/sv\/2021\/04\/29\/tm-planerar-att-investera-326-miljoner-euro-i-benidorm-fram-till-2030\/"},"author":{"name":"marina","@id":"https:\/\/blog.tmgrupoinmobiliario.com\/sv\/#\/schema\/person\/788477479d35e623ab75c2fb194e7730"},"headline":"326 miljoner euro \u00e4r TM Real Estate Groups investeringsprognos f\u00f6r Benidorm fram till 2030","datePublished":"2021-04-29T15:27:11+00:00","dateModified":"2022-03-23T11:46:05+00:00","mainEntityOfPage":{"@id":"https:\/\/blog.tmgrupoinmobiliario.com\/sv\/2021\/04\/29\/tm-planerar-att-investera-326-miljoner-euro-i-benidorm-fram-till-2030\/"},"wordCount":500,"commentCount":0,"image":{"@id":"https:\/\/blog.tmgrupoinmobiliario.com\/sv\/2021\/04\/29\/tm-planerar-att-investera-326-miljoner-euro-i-benidorm-fram-till-2030\/#primaryimage"},"thumbnailUrl":"https:\/\/blog.tmgrupoinmobiliario.com\/sv\/wp-content\/uploads\/sites\/6\/2022\/03\/cliffs-portada1.jpg","keywords":["tag-all"],"articleSection":["Notas de prensa"],"inLanguage":"sv-SE","potentialAction":[{"@type":"CommentAction","name":"Comment","target":["https:\/\/blog.tmgrupoinmobiliario.com\/sv\/2021\/04\/29\/tm-planerar-att-investera-326-miljoner-euro-i-benidorm-fram-till-2030\/#respond"]}]},{"@type":"WebPage","@id":"https:\/\/blog.tmgrupoinmobiliario.com\/sv\/2021\/04\/29\/tm-planerar-att-investera-326-miljoner-euro-i-benidorm-fram-till-2030\/","url":"https:\/\/blog.tmgrupoinmobiliario.com\/sv\/2021\/04\/29\/tm-planerar-att-investera-326-miljoner-euro-i-benidorm-fram-till-2030\/","name":"TM planerar att investera 326 miljoner euro i Benidorm fram till 2030","isPartOf":{"@id":"https:\/\/blog.tmgrupoinmobiliario.com\/sv\/#website"},"primaryImageOfPage":{"@id":"https:\/\/blog.tmgrupoinmobiliario.com\/sv\/2021\/04\/29\/tm-planerar-att-investera-326-miljoner-euro-i-benidorm-fram-till-2030\/#primaryimage"},"image":{"@id":"https:\/\/blog.tmgrupoinmobiliario.com\/sv\/2021\/04\/29\/tm-planerar-att-investera-326-miljoner-euro-i-benidorm-fram-till-2030\/#primaryimage"},"thumbnailUrl":"https:\/\/blog.tmgrupoinmobiliario.com\/sv\/wp-content\/uploads\/sites\/6\/2022\/03\/cliffs-portada1.jpg","datePublished":"2021-04-29T15:27:11+00:00","dateModified":"2022-03-23T11:46:05+00:00","author":{"@id":"https:\/\/blog.tmgrupoinmobiliario.com\/sv\/#\/schema\/person\/788477479d35e623ab75c2fb194e7730"},"breadcrumb":{"@id":"https:\/\/blog.tmgrupoinmobiliario.com\/sv\/2021\/04\/29\/tm-planerar-att-investera-326-miljoner-euro-i-benidorm-fram-till-2030\/#breadcrumb"},"inLanguage":"sv-SE","potentialAction":[{"@type":"ReadAction","target":["https:\/\/blog.tmgrupoinmobiliario.com\/sv\/2021\/04\/29\/tm-planerar-att-investera-326-miljoner-euro-i-benidorm-fram-till-2030\/"]}]},{"@type":"ImageObject","inLanguage":"sv-SE","@id":"https:\/\/blog.tmgrupoinmobiliario.com\/sv\/2021\/04\/29\/tm-planerar-att-investera-326-miljoner-euro-i-benidorm-fram-till-2030\/#primaryimage","url":"https:\/\/blog.tmgrupoinmobiliario.com\/sv\/wp-content\/uploads\/sites\/6\/2022\/03\/cliffs-portada1.jpg","contentUrl":"https:\/\/blog.tmgrupoinmobiliario.com\/sv\/wp-content\/uploads\/sites\/6\/2022\/03\/cliffs-portada1.jpg","width":1000,"height":666},{"@type":"BreadcrumbList","@id":"https:\/\/blog.tmgrupoinmobiliario.com\/sv\/2021\/04\/29\/tm-planerar-att-investera-326-miljoner-euro-i-benidorm-fram-till-2030\/#breadcrumb","itemListElement":[{"@type":"ListItem","position":1,"name":"Portada","item":"https:\/\/blog.tmgrupoinmobiliario.com\/sv\/"},{"@type":"ListItem","position":2,"name":"326 miljoner euro \u00e4r TM Real Estate Groups investeringsprognos f\u00f6r Benidorm fram till 2030"}]},{"@type":"WebSite","@id":"https:\/\/blog.tmgrupoinmobiliario.com\/sv\/#website","url":"https:\/\/blog.tmgrupoinmobiliario.com\/sv\/","name":"Svenska","description":"Otro sitio m\u00e1s de Blog Desarrollo TM sitios","potentialAction":[{"@type":"SearchAction","target":{"@type":"EntryPoint","urlTemplate":"https:\/\/blog.tmgrupoinmobiliario.com\/sv\/?s={search_term_string}"},"query-input":{"@type":"PropertyValueSpecification","valueRequired":true,"valueName":"search_term_string"}}],"inLanguage":"sv-SE"},{"@type":"Person","@id":"https:\/\/blog.tmgrupoinmobiliario.com\/sv\/#\/schema\/person\/788477479d35e623ab75c2fb194e7730","name":"marina","image":{"@type":"ImageObject","inLanguage":"sv-SE","@id":"https:\/\/secure.gravatar.com\/avatar\/34480839eb5b1bb235efe5be1b7e49218e07e314c17d1fb9ba5183ac5c2c64f3?s=96&d=mm&r=g","url":"https:\/\/secure.gravatar.com\/avatar\/34480839eb5b1bb235efe5be1b7e49218e07e314c17d1fb9ba5183ac5c2c64f3?s=96&d=mm&r=g","contentUrl":"https:\/\/secure.gravatar.com\/avatar\/34480839eb5b1bb235efe5be1b7e49218e07e314c17d1fb9ba5183ac5c2c64f3?s=96&d=mm&r=g","caption":"marina"},"url":"https:\/\/blog.tmgrupoinmobiliario.com\/sv\/author\/marina\/"}]}},"jetpack_featured_media_url":"https:\/\/blog.tmgrupoinmobiliario.com\/sv\/wp-content\/uploads\/sites\/6\/2022\/03\/cliffs-portada1.jpg","jetpack_sharing_enabled":true,"_links":{"self":[{"href":"https:\/\/blog.tmgrupoinmobiliario.com\/sv\/wp-json\/wp\/v2\/posts\/16643","targetHints":{"allow":["GET"]}}],"collection":[{"href":"https:\/\/blog.tmgrupoinmobiliario.com\/sv\/wp-json\/wp\/v2\/posts"}],"about":[{"href":"https:\/\/blog.tmgrupoinmobiliario.com\/sv\/wp-json\/wp\/v2\/types\/post"}],"author":[{"embeddable":true,"href":"https:\/\/blog.tmgrupoinmobiliario.com\/sv\/wp-json\/wp\/v2\/users\/11716"}],"replies":[{"embeddable":true,"href":"https:\/\/blog.tmgrupoinmobiliario.com\/sv\/wp-json\/wp\/v2\/comments?post=16643"}],"version-history":[{"count":1,"href":"https:\/\/blog.tmgrupoinmobiliario.com\/sv\/wp-json\/wp\/v2\/posts\/16643\/revisions"}],"predecessor-version":[{"id":16653,"href":"https:\/\/blog.tmgrupoinmobiliario.com\/sv\/wp-json\/wp\/v2\/posts\/16643\/revisions\/16653"}],"wp:featuredmedia":[{"embeddable":true,"href":"https:\/\/blog.tmgrupoinmobiliario.com\/sv\/wp-json\/wp\/v2\/media\/16644"}],"wp:attachment":[{"href":"https:\/\/blog.tmgrupoinmobiliario.com\/sv\/wp-json\/wp\/v2\/media?parent=16643"}],"wp:term":[{"taxonomy":"category","embeddable":true,"href":"https:\/\/blog.tmgrupoinmobiliario.com\/sv\/wp-json\/wp\/v2\/categories?post=16643"},{"taxonomy":"post_tag","embeddable":true,"href":"https:\/\/blog.tmgrupoinmobiliario.com\/sv\/wp-json\/wp\/v2\/tags?post=16643"}],"curies":[{"name":"wp","href":"https:\/\/api.w.org\/{rel}","templated":true}]}}