{"id":16625,"date":"2021-09-14T09:16:46","date_gmt":"2021-09-14T07:16:46","guid":{"rendered":"https:\/\/blog.tmgrupoinmobiliario.com\/sv\/?p=16625"},"modified":"2022-03-23T12:21:13","modified_gmt":"2022-03-23T11:21:13","slug":"las-moreras-fruit-veggies-tm-fastighetsmaklares-nya-varumarke-for-utveckling-av-jordbruksverksamhet","status":"publish","type":"post","link":"https:\/\/blog.tmgrupoinmobiliario.com\/sv\/2021\/09\/14\/las-moreras-fruit-veggies-tm-fastighetsmaklares-nya-varumarke-for-utveckling-av-jordbruksverksamhet\/","title":{"rendered":"Las Moreras Fruit &amp; Veggies, TM fastighetsm\u00e4klares nya varum\u00e4rke f\u00f6r utveckling av jordbruksverksamhet"},"content":{"rendered":"<p>&nbsp;<\/p>\n<p><strong>Torrevieja, den 13 september 2021<\/strong> &#8211; <strong><a href=\"https:\/\/www.tmgrupoinmobiliario.com\/\/sv\">TM Real Estate Group<\/a>,<\/strong> ett ledande alicantinskt f\u00f6retag inom branschen bostadsturism i Alicante, specialiserat p\u00e5 att bygga semesterbost\u00e4der l\u00e4ngs Medelhavskusten, <strong>ut\u00f6kar sin verksamhet inom jordbruk genom att lansera &#8220;Las Moreras Fruit &amp; Veggies&#8221;.<\/strong><\/p>\n<p>Las Moreras Fruit &amp; Veggies \u00e4r en utvecklad del av koncernens jordbruksavdelning, som inr\u00e4ttades \u00e5r 2009 f\u00f6r att exploatera jordbruksmark inom f\u00f6retagsportf\u00f6ljen.<\/p>\n<p>I och med denna verksamhet tar f\u00f6retaget ett steg vidare och specialiserar sig p\u00e5 f\u00f6rpackning, marknadsf\u00f6ring och export av egna m\u00e4rkesprodukter, privata m\u00e4rken och tredjemansprodukter. Dessutom lanseras online-f\u00f6rs\u00e4ljning och direktf\u00f6rs\u00e4ljning via en gourmetbutik. Allt detta i syfte att ta vara p\u00e5 v\u00e4rdet av de olika g\u00e5rdar som redan befinner sig i drift, erbjuda service och st\u00f6d till regionala producenter och bidra till en h\u00e5llbar utveckling av Vega Baja del Segura-regionen.<\/p>\n<p>I det nya varum\u00e4rket finns namnet p\u00e5 en av koncernens mest ikoniska fastigheter med; <strong>Las Moreras<\/strong>, bel\u00e4gen mellan Almorad\u00ed och Los Montesinos som sedan 1800-talet varit banbrytande inom jordbruksbranschen.<\/p>\n<p><strong>Las Moreras Fruit &amp; Veggies<\/strong> kommer ig\u00e5ng p\u00e5 allvar genom<strong> sitt nybyggda<\/strong> <strong>lager p\u00e5 \u00f6ver 3 000 m2<\/strong> med m\u00f6jlighet till expansion och en initial investering p\u00e5 1,5 miljoner euro. Anl\u00e4ggningarna \u00e4r utrustade med den senaste tekniken vad g\u00e4ller maskiner och energieffektivitet f\u00f6r marknadsf\u00f6ring fr\u00e5n ursprungsorten av b\u00e5de traditionella och ekologiska citrusfrukter.<\/p>\n<p>Jordbruksavdelningen bedriver f\u00f6r n\u00e4rvarande olika g\u00e5rdar i Vega Baja p\u00e5 \u00f6ver 150 hektar, d\u00e4r man fr\u00e4mst odlar citroner, apelsiner, mandariner och limefrukter av olika slag, men \u00e4ven mandlar och gr\u00f6nsaker.<\/p>\n<p><strong>Las Moreras Fruit &amp; Veggies har h\u00e5llbarhet som riktm\u00e4rke.<\/strong> Anl\u00e4ggningens placering p\u00e5 fastighetens mark g\u00f6r det m\u00f6jligt att korta ner tiden mellan sk\u00f6rd och f\u00f6rpackning, vilket <strong>garanterar en f\u00e4rsk slutprodukt<\/strong>, och ger st\u00f6rre \u00f6verblick och <strong>kontroll \u00f6ver f\u00f6rfarandet<\/strong> med h\u00f6gsta m\u00f6jliga kvalitet som resultat.\u00a0 Inriktning p\u00e5 <strong>h\u00e5llbarhet betonas \u00e4ven vid hantering och anv\u00e4ndning av vattenresurser och f\u00f6rnybar energi<\/strong>. Ett toppmodernt solcellstak p\u00e5minner om detta. Dessutom finns ett lokalt <strong>f\u00f6rankrat expertteam att tillg\u00e5 med omfattande branscherfarenhet.<\/strong><\/p>\n<p>Export sker p\u00e5 lokal, delstats- och nationell niv\u00e5 till ett flertal europeiska l\u00e4nder som bland annat<strong> Holland, Polen, Italien, Danmark, Frankrike och Malta<\/strong>. Under det senaste \u00e5ret har internationell export framg\u00e5ngsrikt inletts<strong> i Colombia<\/strong>.\u00a0 P\u00e5 kort sikt \u00e4r m\u00e5let att stabilisera expansion p\u00e5 lokal och nationell niv\u00e5 samt bem\u00f6ta nya marknader som <strong>Storbritannien och Tyskland<\/strong>.<\/p>\n<p><strong>Diversifieringschefen Jesus Serna intygar att<\/strong> <em>&#8220;jordbruket i Vega Baja \u00e4r f\u00f6rm\u00e5nligt och ett av landets b\u00e4sta&#8221;. Prim\u00e4rsektorn och s\u00e4rskilt citrussektorn \u00e4r mycket mogen och under f\u00f6r\u00e4ndring. Vi \u00e4r medvetna om h\u00e5rd konkurrens och om att den st\u00f6rsta utmaningen ligger i att uppr\u00e4tth\u00e5lla en utm\u00e4rkt infrastruktur f\u00f6r sp\u00e5rbarhet, f\u00e4rskhet och produktens \u00e4kthet. I detta sammanhang vill vi ge de lokala jordbrukarna m\u00f6jlighet att n\u00e5 ut till en internationell marknad med sina produkter. Ut\u00f6ver starten av denna nya verksamhet, \u00e4r vi under dessa f\u00f6rsta m\u00e5nader i full g\u00e5ng med att\u00a0 sluta avtal med nya partners f\u00f6r \u00f6kad produktion och marknadsf\u00f6ring samt fortsatt ing\u00e5ende av strategiska samarbeten.&#8221;<\/em><\/p>\n<div class=\"jetpack-video-wrapper\"><span class=\"embed-youtube\" style=\"text-align:center; display: block;\"><iframe loading=\"lazy\" class=\"youtube-player\" width=\"640\" height=\"360\" src=\"https:\/\/www.youtube.com\/embed\/AnmXAViK470?version=3&#038;rel=1&#038;showsearch=0&#038;showinfo=1&#038;iv_load_policy=1&#038;fs=1&#038;hl=sv-SE&#038;autohide=2&#038;start=8&#038;wmode=transparent\" allowfullscreen=\"true\" style=\"border:0;\" sandbox=\"allow-scripts allow-same-origin allow-popups allow-presentation allow-popups-to-escape-sandbox\"><\/iframe><\/span><\/div>\n","protected":false},"excerpt":{"rendered":"<p>&nbsp; Torrevieja, den 13 september 2021 &#8211; TM Real Estate Group, ett ledande alicantinskt f\u00f6retag inom branschen bostadsturism i Alicante, specialiserat p\u00e5 att bygga semesterbost\u00e4der l\u00e4ngs Medelhavskusten, ut\u00f6kar sin verksamhet inom jordbruk genom att lansera &#8220;Las Moreras Fruit &amp; Veggies&#8221;. Las Moreras Fruit &amp; Veggies \u00e4r en utvecklad del av koncernens jordbruksavdelning, som inr\u00e4ttades \u00e5r [&hellip;]<\/p>\n","protected":false},"author":11716,"featured_media":16628,"comment_status":"open","ping_status":"open","sticky":false,"template":"","format":"standard","meta":{"_jetpack_memberships_contains_paid_content":false,"footnotes":""},"categories":[11,20],"tags":[399,405],"class_list":["post-16625","post","type-post","status-publish","format-standard","has-post-thumbnail","hentry","category-corporativo","category-notas-prensa","tag-tag-all","tag-tag-compromise-en-2","formato-comunicacion"],"better_featured_image":{"id":16628,"alt_text":"","caption":"","description":"","media_type":"image","media_details":{"width":1000,"height":666,"file":"2022\/03\/1000-x-666-11.jpg","sizes":{"medium":{"file":"1000-x-666-11-300x200.jpg","width":300,"height":200,"mime-type":"image\/jpeg","source_url":"https:\/\/blog.tmgrupoinmobiliario.com\/sv\/wp-content\/uploads\/sites\/6\/2022\/03\/1000-x-666-11-300x200.jpg"},"thumbnail":{"file":"1000-x-666-11-150x150.jpg","width":150,"height":150,"mime-type":"image\/jpeg","source_url":"https:\/\/blog.tmgrupoinmobiliario.com\/sv\/wp-content\/uploads\/sites\/6\/2022\/03\/1000-x-666-11-150x150.jpg"},"medium_large":{"file":"1000-x-666-11-768x511.jpg","width":768,"height":511,"mime-type":"image\/jpeg","source_url":"https:\/\/blog.tmgrupoinmobiliario.com\/sv\/wp-content\/uploads\/sites\/6\/2022\/03\/1000-x-666-11-768x511.jpg"}},"image_meta":{"aperture":"0","credit":"","camera":"","caption":"","created_timestamp":"0","copyright":"","focal_length":"0","iso":"0","shutter_speed":"0","title":"","orientation":"1","keywords":[]}},"post":16625,"source_url":"https:\/\/blog.tmgrupoinmobiliario.com\/sv\/wp-content\/uploads\/sites\/6\/2022\/03\/1000-x-666-11.jpg"},"acf":{"imagen_destacada_desktop":"https:\/\/blog.tmgrupoinmobiliario.com\/sv\/wp-content\/uploads\/sites\/6\/2022\/03\/1920-x-12001.jpg","imagen_destacada_mobile":"https:\/\/blog.tmgrupoinmobiliario.com\/sv\/wp-content\/uploads\/sites\/6\/2022\/03\/540-x-5401.jpg","formato":{"term_id":17,"name":"Comunicaci\u00f3n","slug":"comunicacion","term_group":0,"term_taxonomy_id":17,"taxonomy":"formato","description":"","parent":0,"count":60,"filter":"raw"},"entradilla":"Anl\u00e4ggningar p\u00e5 3 000 m2 har byggts med en ing\u00e5ngsinvestering p\u00e5 1,5 miljoner euro och utrustats med spetsteknik inom maskin- och energieffektivitet. \r\n\r\nLas Moreras specialiserar sig p\u00e5 f\u00f6rpackning, marknadsf\u00f6ring och export av egna produkter, privata m\u00e4rken och produkter fr\u00e5n tredje man, samt lanserar onlinef\u00f6rs\u00e4ljning och direktf\u00f6rs\u00e4ljning via en gourmetbutik.","etiquetas":"","cabecera_escritorio":"https:\/\/blog.tmgrupoinmobiliario.com\/sv\/wp-content\/uploads\/sites\/6\/2022\/03\/1200-x-3001.jpg","cabecera_mobile":"https:\/\/blog.tmgrupoinmobiliario.com\/sv\/wp-content\/uploads\/sites\/6\/2022\/03\/768-x-7681.jpg","galeria":[{"ID":16631,"id":16631,"title":"1026-x-768-Enc[1]","filename":"1026-x-768-Enc1.jpg","filesize":836880,"url":"https:\/\/blog.tmgrupoinmobiliario.com\/sv\/wp-content\/uploads\/sites\/6\/2022\/03\/1026-x-768-Enc1.jpg","link":"https:\/\/blog.tmgrupoinmobiliario.com\/sv\/2021\/09\/14\/las-moreras-fruit-veggies-tm-fastighetsmaklares-nya-varumarke-for-utveckling-av-jordbruksverksamhet\/1026-x-768-enc1\/","alt":"","author":"11716","description":"","caption":"","name":"1026-x-768-enc1","status":"inherit","uploaded_to":16625,"date":"2022-03-23 11:16:45","modified":"2022-03-23 11:16:53","menu_order":0,"mime_type":"image\/jpeg","type":"image","subtype":"jpeg","icon":"https:\/\/blog.tmgrupoinmobiliario.com\/sv\/wp-includes\/images\/media\/default.png","width":1026,"height":768,"sizes":{"thumbnail":"https:\/\/blog.tmgrupoinmobiliario.com\/sv\/wp-content\/uploads\/sites\/6\/2022\/03\/1026-x-768-Enc1-150x150.jpg","thumbnail-width":150,"thumbnail-height":150,"medium":"https:\/\/blog.tmgrupoinmobiliario.com\/sv\/wp-content\/uploads\/sites\/6\/2022\/03\/1026-x-768-Enc1-300x225.jpg","medium-width":300,"medium-height":225,"medium_large":"https:\/\/blog.tmgrupoinmobiliario.com\/sv\/wp-content\/uploads\/sites\/6\/2022\/03\/1026-x-768-Enc1-768x575.jpg","medium_large-width":768,"medium_large-height":575,"large":"https:\/\/blog.tmgrupoinmobiliario.com\/sv\/wp-content\/uploads\/sites\/6\/2022\/03\/1026-x-768-Enc1-1024x767.jpg","large-width":1024,"large-height":767,"1536x1536":"https:\/\/blog.tmgrupoinmobiliario.com\/sv\/wp-content\/uploads\/sites\/6\/2022\/03\/1026-x-768-Enc1.jpg","1536x1536-width":1026,"1536x1536-height":768,"2048x2048":"https:\/\/blog.tmgrupoinmobiliario.com\/sv\/wp-content\/uploads\/sites\/6\/2022\/03\/1026-x-768-Enc1.jpg","2048x2048-width":1026,"2048x2048-height":768}},{"ID":16632,"id":16632,"title":"Untitled-10[1]","filename":"Untitled-101.jpg","filesize":1011876,"url":"https:\/\/blog.tmgrupoinmobiliario.com\/sv\/wp-content\/uploads\/sites\/6\/2022\/03\/Untitled-101.jpg","link":"https:\/\/blog.tmgrupoinmobiliario.com\/sv\/2021\/09\/14\/las-moreras-fruit-veggies-tm-fastighetsmaklares-nya-varumarke-for-utveckling-av-jordbruksverksamhet\/untitled-101\/","alt":"","author":"11716","description":"","caption":"","name":"untitled-101","status":"inherit","uploaded_to":16625,"date":"2022-03-23 11:16:59","modified":"2022-03-23 11:17:07","menu_order":0,"mime_type":"image\/jpeg","type":"image","subtype":"jpeg","icon":"https:\/\/blog.tmgrupoinmobiliario.com\/sv\/wp-includes\/images\/media\/default.png","width":1026,"height":768,"sizes":{"thumbnail":"https:\/\/blog.tmgrupoinmobiliario.com\/sv\/wp-content\/uploads\/sites\/6\/2022\/03\/Untitled-101-150x150.jpg","thumbnail-width":150,"thumbnail-height":150,"medium":"https:\/\/blog.tmgrupoinmobiliario.com\/sv\/wp-content\/uploads\/sites\/6\/2022\/03\/Untitled-101-300x225.jpg","medium-width":300,"medium-height":225,"medium_large":"https:\/\/blog.tmgrupoinmobiliario.com\/sv\/wp-content\/uploads\/sites\/6\/2022\/03\/Untitled-101-768x575.jpg","medium_large-width":768,"medium_large-height":575,"large":"https:\/\/blog.tmgrupoinmobiliario.com\/sv\/wp-content\/uploads\/sites\/6\/2022\/03\/Untitled-101-1024x767.jpg","large-width":1024,"large-height":767,"1536x1536":"https:\/\/blog.tmgrupoinmobiliario.com\/sv\/wp-content\/uploads\/sites\/6\/2022\/03\/Untitled-101.jpg","1536x1536-width":1026,"1536x1536-height":768,"2048x2048":"https:\/\/blog.tmgrupoinmobiliario.com\/sv\/wp-content\/uploads\/sites\/6\/2022\/03\/Untitled-101.jpg","2048x2048-width":1026,"2048x2048-height":768}},{"ID":16633,"id":16633,"title":"Untitled-12[1]","filename":"Untitled-121.jpg","filesize":1161046,"url":"https:\/\/blog.tmgrupoinmobiliario.com\/sv\/wp-content\/uploads\/sites\/6\/2022\/03\/Untitled-121.jpg","link":"https:\/\/blog.tmgrupoinmobiliario.com\/sv\/2021\/09\/14\/las-moreras-fruit-veggies-tm-fastighetsmaklares-nya-varumarke-for-utveckling-av-jordbruksverksamhet\/untitled-121\/","alt":"","author":"11716","description":"","caption":"","name":"untitled-121","status":"inherit","uploaded_to":16625,"date":"2022-03-23 11:17:16","modified":"2022-03-23 11:17:22","menu_order":0,"mime_type":"image\/jpeg","type":"image","subtype":"jpeg","icon":"https:\/\/blog.tmgrupoinmobiliario.com\/sv\/wp-includes\/images\/media\/default.png","width":1026,"height":768,"sizes":{"thumbnail":"https:\/\/blog.tmgrupoinmobiliario.com\/sv\/wp-content\/uploads\/sites\/6\/2022\/03\/Untitled-121-150x150.jpg","thumbnail-width":150,"thumbnail-height":150,"medium":"https:\/\/blog.tmgrupoinmobiliario.com\/sv\/wp-content\/uploads\/sites\/6\/2022\/03\/Untitled-121-300x225.jpg","medium-width":300,"medium-height":225,"medium_large":"https:\/\/blog.tmgrupoinmobiliario.com\/sv\/wp-content\/uploads\/sites\/6\/2022\/03\/Untitled-121-768x575.jpg","medium_large-width":768,"medium_large-height":575,"large":"https:\/\/blog.tmgrupoinmobiliario.com\/sv\/wp-content\/uploads\/sites\/6\/2022\/03\/Untitled-121-1024x767.jpg","large-width":1024,"large-height":767,"1536x1536":"https:\/\/blog.tmgrupoinmobiliario.com\/sv\/wp-content\/uploads\/sites\/6\/2022\/03\/Untitled-121.jpg","1536x1536-width":1026,"1536x1536-height":768,"2048x2048":"https:\/\/blog.tmgrupoinmobiliario.com\/sv\/wp-content\/uploads\/sites\/6\/2022\/03\/Untitled-121.jpg","2048x2048-width":1026,"2048x2048-height":768}},{"ID":16634,"id":16634,"title":"1026-x-768[1]","filename":"1026-x-7681.jpg","filesize":498894,"url":"https:\/\/blog.tmgrupoinmobiliario.com\/sv\/wp-content\/uploads\/sites\/6\/2022\/03\/1026-x-7681.jpg","link":"https:\/\/blog.tmgrupoinmobiliario.com\/sv\/2021\/09\/14\/las-moreras-fruit-veggies-tm-fastighetsmaklares-nya-varumarke-for-utveckling-av-jordbruksverksamhet\/1026-x-7681\/","alt":"","author":"11716","description":"","caption":"","name":"1026-x-7681","status":"inherit","uploaded_to":16625,"date":"2022-03-23 11:17:29","modified":"2022-03-23 11:17:33","menu_order":0,"mime_type":"image\/jpeg","type":"image","subtype":"jpeg","icon":"https:\/\/blog.tmgrupoinmobiliario.com\/sv\/wp-includes\/images\/media\/default.png","width":1026,"height":768,"sizes":{"thumbnail":"https:\/\/blog.tmgrupoinmobiliario.com\/sv\/wp-content\/uploads\/sites\/6\/2022\/03\/1026-x-7681-150x150.jpg","thumbnail-width":150,"thumbnail-height":150,"medium":"https:\/\/blog.tmgrupoinmobiliario.com\/sv\/wp-content\/uploads\/sites\/6\/2022\/03\/1026-x-7681-300x225.jpg","medium-width":300,"medium-height":225,"medium_large":"https:\/\/blog.tmgrupoinmobiliario.com\/sv\/wp-content\/uploads\/sites\/6\/2022\/03\/1026-x-7681-768x575.jpg","medium_large-width":768,"medium_large-height":575,"large":"https:\/\/blog.tmgrupoinmobiliario.com\/sv\/wp-content\/uploads\/sites\/6\/2022\/03\/1026-x-7681-1024x767.jpg","large-width":1024,"large-height":767,"1536x1536":"https:\/\/blog.tmgrupoinmobiliario.com\/sv\/wp-content\/uploads\/sites\/6\/2022\/03\/1026-x-7681.jpg","1536x1536-width":1026,"1536x1536-height":768,"2048x2048":"https:\/\/blog.tmgrupoinmobiliario.com\/sv\/wp-content\/uploads\/sites\/6\/2022\/03\/1026-x-7681.jpg","2048x2048-width":1026,"2048x2048-height":768}}]},"yoast_head":"<!-- This site is optimized with the Yoast SEO Premium plugin v23.6 (Yoast SEO v27.5) - https:\/\/yoast.com\/product\/yoast-seo-premium-wordpress\/ -->\n<title>Las Moreras Fruit &amp; Veggies, TM varum\u00e4rke f\u00f6r utveckling av jordbruksverksamhet<\/title>\n<meta name=\"description\" content=\"Las Moreras specialiserar sig p\u00e5 f\u00f6rpackning, marknadsf\u00f6ring och export av egna produkter, privata m\u00e4rken och produkter fr\u00e5n tredje man.\" \/>\n<meta name=\"robots\" content=\"index, follow, max-snippet:-1, max-image-preview:large, max-video-preview:-1\" \/>\n<link rel=\"canonical\" href=\"https:\/\/blog.tmgrupoinmobiliario.com\/sv\/2021\/09\/14\/las-moreras-fruit-veggies-tm-fastighetsmaklares-nya-varumarke-for-utveckling-av-jordbruksverksamhet\/\" \/>\n<meta property=\"og:locale\" content=\"sv_SE\" \/>\n<meta property=\"og:type\" content=\"article\" \/>\n<meta property=\"og:title\" content=\"Las Moreras Fruit &amp; Veggies, TM fastighetsm\u00e4klares nya varum\u00e4rke f\u00f6r utveckling av jordbruksverksamhet\" \/>\n<meta property=\"og:description\" content=\"Las Moreras specialiserar sig p\u00e5 f\u00f6rpackning, marknadsf\u00f6ring och export av egna produkter, privata m\u00e4rken och produkter fr\u00e5n tredje man.\" \/>\n<meta property=\"og:url\" content=\"https:\/\/blog.tmgrupoinmobiliario.com\/sv\/2021\/09\/14\/las-moreras-fruit-veggies-tm-fastighetsmaklares-nya-varumarke-for-utveckling-av-jordbruksverksamhet\/\" \/>\n<meta property=\"og:site_name\" content=\"Svenska\" \/>\n<meta property=\"article:published_time\" content=\"2021-09-14T07:16:46+00:00\" \/>\n<meta property=\"article:modified_time\" content=\"2022-03-23T11:21:13+00:00\" \/>\n<meta property=\"og:image\" content=\"https:\/\/blog.tmgrupoinmobiliario.com\/sv\/wp-content\/uploads\/sites\/6\/2022\/03\/1000-x-666-11.jpg\" \/>\n\t<meta property=\"og:image:width\" content=\"1000\" \/>\n\t<meta property=\"og:image:height\" content=\"666\" \/>\n\t<meta property=\"og:image:type\" content=\"image\/jpeg\" \/>\n<meta name=\"author\" content=\"marina\" \/>\n<meta name=\"twitter:card\" content=\"summary_large_image\" \/>\n<meta name=\"twitter:label1\" content=\"Skriven av\" \/>\n\t<meta name=\"twitter:data1\" content=\"marina\" \/>\n\t<meta name=\"twitter:label2\" content=\"Ber\u00e4knad l\u00e4stid\" \/>\n\t<meta name=\"twitter:data2\" content=\"3 minuter\" \/>\n<script type=\"application\/ld+json\" class=\"yoast-schema-graph\">{\"@context\":\"https:\\\/\\\/schema.org\",\"@graph\":[{\"@type\":\"Article\",\"@id\":\"https:\\\/\\\/blog.tmgrupoinmobiliario.com\\\/sv\\\/2021\\\/09\\\/14\\\/las-moreras-fruit-veggies-tm-fastighetsmaklares-nya-varumarke-for-utveckling-av-jordbruksverksamhet\\\/#article\",\"isPartOf\":{\"@id\":\"https:\\\/\\\/blog.tmgrupoinmobiliario.com\\\/sv\\\/2021\\\/09\\\/14\\\/las-moreras-fruit-veggies-tm-fastighetsmaklares-nya-varumarke-for-utveckling-av-jordbruksverksamhet\\\/\"},\"author\":{\"name\":\"marina\",\"@id\":\"https:\\\/\\\/blog.tmgrupoinmobiliario.com\\\/sv\\\/#\\\/schema\\\/person\\\/788477479d35e623ab75c2fb194e7730\"},\"headline\":\"Las Moreras Fruit &amp; Veggies, TM fastighetsm\u00e4klares nya varum\u00e4rke f\u00f6r utveckling av jordbruksverksamhet\",\"datePublished\":\"2021-09-14T07:16:46+00:00\",\"dateModified\":\"2022-03-23T11:21:13+00:00\",\"mainEntityOfPage\":{\"@id\":\"https:\\\/\\\/blog.tmgrupoinmobiliario.com\\\/sv\\\/2021\\\/09\\\/14\\\/las-moreras-fruit-veggies-tm-fastighetsmaklares-nya-varumarke-for-utveckling-av-jordbruksverksamhet\\\/\"},\"wordCount\":580,\"commentCount\":0,\"image\":{\"@id\":\"https:\\\/\\\/blog.tmgrupoinmobiliario.com\\\/sv\\\/2021\\\/09\\\/14\\\/las-moreras-fruit-veggies-tm-fastighetsmaklares-nya-varumarke-for-utveckling-av-jordbruksverksamhet\\\/#primaryimage\"},\"thumbnailUrl\":\"https:\\\/\\\/blog.tmgrupoinmobiliario.com\\\/sv\\\/wp-content\\\/uploads\\\/sites\\\/6\\\/2022\\\/03\\\/1000-x-666-11.jpg\",\"keywords\":[\"tag-all\",\"tag-compromise\"],\"articleSection\":[\"Corporativo\",\"Notas de prensa\"],\"inLanguage\":\"sv-SE\",\"potentialAction\":[{\"@type\":\"CommentAction\",\"name\":\"Comment\",\"target\":[\"https:\\\/\\\/blog.tmgrupoinmobiliario.com\\\/sv\\\/2021\\\/09\\\/14\\\/las-moreras-fruit-veggies-tm-fastighetsmaklares-nya-varumarke-for-utveckling-av-jordbruksverksamhet\\\/#respond\"]}]},{\"@type\":\"WebPage\",\"@id\":\"https:\\\/\\\/blog.tmgrupoinmobiliario.com\\\/sv\\\/2021\\\/09\\\/14\\\/las-moreras-fruit-veggies-tm-fastighetsmaklares-nya-varumarke-for-utveckling-av-jordbruksverksamhet\\\/\",\"url\":\"https:\\\/\\\/blog.tmgrupoinmobiliario.com\\\/sv\\\/2021\\\/09\\\/14\\\/las-moreras-fruit-veggies-tm-fastighetsmaklares-nya-varumarke-for-utveckling-av-jordbruksverksamhet\\\/\",\"name\":\"Las Moreras Fruit & Veggies, TM varum\u00e4rke f\u00f6r utveckling av jordbruksverksamhet\",\"isPartOf\":{\"@id\":\"https:\\\/\\\/blog.tmgrupoinmobiliario.com\\\/sv\\\/#website\"},\"primaryImageOfPage\":{\"@id\":\"https:\\\/\\\/blog.tmgrupoinmobiliario.com\\\/sv\\\/2021\\\/09\\\/14\\\/las-moreras-fruit-veggies-tm-fastighetsmaklares-nya-varumarke-for-utveckling-av-jordbruksverksamhet\\\/#primaryimage\"},\"image\":{\"@id\":\"https:\\\/\\\/blog.tmgrupoinmobiliario.com\\\/sv\\\/2021\\\/09\\\/14\\\/las-moreras-fruit-veggies-tm-fastighetsmaklares-nya-varumarke-for-utveckling-av-jordbruksverksamhet\\\/#primaryimage\"},\"thumbnailUrl\":\"https:\\\/\\\/blog.tmgrupoinmobiliario.com\\\/sv\\\/wp-content\\\/uploads\\\/sites\\\/6\\\/2022\\\/03\\\/1000-x-666-11.jpg\",\"datePublished\":\"2021-09-14T07:16:46+00:00\",\"dateModified\":\"2022-03-23T11:21:13+00:00\",\"author\":{\"@id\":\"https:\\\/\\\/blog.tmgrupoinmobiliario.com\\\/sv\\\/#\\\/schema\\\/person\\\/788477479d35e623ab75c2fb194e7730\"},\"description\":\"Las Moreras specialiserar sig p\u00e5 f\u00f6rpackning, marknadsf\u00f6ring och export av egna produkter, privata m\u00e4rken och produkter fr\u00e5n tredje man.\",\"breadcrumb\":{\"@id\":\"https:\\\/\\\/blog.tmgrupoinmobiliario.com\\\/sv\\\/2021\\\/09\\\/14\\\/las-moreras-fruit-veggies-tm-fastighetsmaklares-nya-varumarke-for-utveckling-av-jordbruksverksamhet\\\/#breadcrumb\"},\"inLanguage\":\"sv-SE\",\"potentialAction\":[{\"@type\":\"ReadAction\",\"target\":[\"https:\\\/\\\/blog.tmgrupoinmobiliario.com\\\/sv\\\/2021\\\/09\\\/14\\\/las-moreras-fruit-veggies-tm-fastighetsmaklares-nya-varumarke-for-utveckling-av-jordbruksverksamhet\\\/\"]}]},{\"@type\":\"ImageObject\",\"inLanguage\":\"sv-SE\",\"@id\":\"https:\\\/\\\/blog.tmgrupoinmobiliario.com\\\/sv\\\/2021\\\/09\\\/14\\\/las-moreras-fruit-veggies-tm-fastighetsmaklares-nya-varumarke-for-utveckling-av-jordbruksverksamhet\\\/#primaryimage\",\"url\":\"https:\\\/\\\/blog.tmgrupoinmobiliario.com\\\/sv\\\/wp-content\\\/uploads\\\/sites\\\/6\\\/2022\\\/03\\\/1000-x-666-11.jpg\",\"contentUrl\":\"https:\\\/\\\/blog.tmgrupoinmobiliario.com\\\/sv\\\/wp-content\\\/uploads\\\/sites\\\/6\\\/2022\\\/03\\\/1000-x-666-11.jpg\",\"width\":1000,\"height\":666},{\"@type\":\"BreadcrumbList\",\"@id\":\"https:\\\/\\\/blog.tmgrupoinmobiliario.com\\\/sv\\\/2021\\\/09\\\/14\\\/las-moreras-fruit-veggies-tm-fastighetsmaklares-nya-varumarke-for-utveckling-av-jordbruksverksamhet\\\/#breadcrumb\",\"itemListElement\":[{\"@type\":\"ListItem\",\"position\":1,\"name\":\"Portada\",\"item\":\"https:\\\/\\\/blog.tmgrupoinmobiliario.com\\\/sv\\\/\"},{\"@type\":\"ListItem\",\"position\":2,\"name\":\"Las Moreras Fruit &amp; Veggies, TM fastighetsm\u00e4klares nya varum\u00e4rke f\u00f6r utveckling av jordbruksverksamhet\"}]},{\"@type\":\"WebSite\",\"@id\":\"https:\\\/\\\/blog.tmgrupoinmobiliario.com\\\/sv\\\/#website\",\"url\":\"https:\\\/\\\/blog.tmgrupoinmobiliario.com\\\/sv\\\/\",\"name\":\"Svenska\",\"description\":\"Otro sitio m\u00e1s de Blog Desarrollo TM sitios\",\"potentialAction\":[{\"@type\":\"SearchAction\",\"target\":{\"@type\":\"EntryPoint\",\"urlTemplate\":\"https:\\\/\\\/blog.tmgrupoinmobiliario.com\\\/sv\\\/?s={search_term_string}\"},\"query-input\":{\"@type\":\"PropertyValueSpecification\",\"valueRequired\":true,\"valueName\":\"search_term_string\"}}],\"inLanguage\":\"sv-SE\"},{\"@type\":\"Person\",\"@id\":\"https:\\\/\\\/blog.tmgrupoinmobiliario.com\\\/sv\\\/#\\\/schema\\\/person\\\/788477479d35e623ab75c2fb194e7730\",\"name\":\"marina\",\"image\":{\"@type\":\"ImageObject\",\"inLanguage\":\"sv-SE\",\"@id\":\"https:\\\/\\\/secure.gravatar.com\\\/avatar\\\/34480839eb5b1bb235efe5be1b7e49218e07e314c17d1fb9ba5183ac5c2c64f3?s=96&d=mm&r=g\",\"url\":\"https:\\\/\\\/secure.gravatar.com\\\/avatar\\\/34480839eb5b1bb235efe5be1b7e49218e07e314c17d1fb9ba5183ac5c2c64f3?s=96&d=mm&r=g\",\"contentUrl\":\"https:\\\/\\\/secure.gravatar.com\\\/avatar\\\/34480839eb5b1bb235efe5be1b7e49218e07e314c17d1fb9ba5183ac5c2c64f3?s=96&d=mm&r=g\",\"caption\":\"marina\"},\"url\":\"https:\\\/\\\/blog.tmgrupoinmobiliario.com\\\/sv\\\/author\\\/marina\\\/\"}]}<\/script>\n<!-- \/ Yoast SEO Premium plugin. -->","yoast_head_json":{"title":"Las Moreras Fruit & Veggies, TM varum\u00e4rke f\u00f6r utveckling av jordbruksverksamhet","description":"Las Moreras specialiserar sig p\u00e5 f\u00f6rpackning, marknadsf\u00f6ring och export av egna produkter, privata m\u00e4rken och produkter fr\u00e5n tredje man.","robots":{"index":"index","follow":"follow","max-snippet":"max-snippet:-1","max-image-preview":"max-image-preview:large","max-video-preview":"max-video-preview:-1"},"canonical":"https:\/\/blog.tmgrupoinmobiliario.com\/sv\/2021\/09\/14\/las-moreras-fruit-veggies-tm-fastighetsmaklares-nya-varumarke-for-utveckling-av-jordbruksverksamhet\/","og_locale":"sv_SE","og_type":"article","og_title":"Las Moreras Fruit &amp; Veggies, TM fastighetsm\u00e4klares nya varum\u00e4rke f\u00f6r utveckling av jordbruksverksamhet","og_description":"Las Moreras specialiserar sig p\u00e5 f\u00f6rpackning, marknadsf\u00f6ring och export av egna produkter, privata m\u00e4rken och produkter fr\u00e5n tredje man.","og_url":"https:\/\/blog.tmgrupoinmobiliario.com\/sv\/2021\/09\/14\/las-moreras-fruit-veggies-tm-fastighetsmaklares-nya-varumarke-for-utveckling-av-jordbruksverksamhet\/","og_site_name":"Svenska","article_published_time":"2021-09-14T07:16:46+00:00","article_modified_time":"2022-03-23T11:21:13+00:00","og_image":[{"width":1000,"height":666,"url":"https:\/\/blog.tmgrupoinmobiliario.com\/sv\/wp-content\/uploads\/sites\/6\/2022\/03\/1000-x-666-11.jpg","type":"image\/jpeg"}],"author":"marina","twitter_card":"summary_large_image","twitter_misc":{"Skriven av":"marina","Ber\u00e4knad l\u00e4stid":"3 minuter"},"schema":{"@context":"https:\/\/schema.org","@graph":[{"@type":"Article","@id":"https:\/\/blog.tmgrupoinmobiliario.com\/sv\/2021\/09\/14\/las-moreras-fruit-veggies-tm-fastighetsmaklares-nya-varumarke-for-utveckling-av-jordbruksverksamhet\/#article","isPartOf":{"@id":"https:\/\/blog.tmgrupoinmobiliario.com\/sv\/2021\/09\/14\/las-moreras-fruit-veggies-tm-fastighetsmaklares-nya-varumarke-for-utveckling-av-jordbruksverksamhet\/"},"author":{"name":"marina","@id":"https:\/\/blog.tmgrupoinmobiliario.com\/sv\/#\/schema\/person\/788477479d35e623ab75c2fb194e7730"},"headline":"Las Moreras Fruit &amp; Veggies, TM fastighetsm\u00e4klares nya varum\u00e4rke f\u00f6r utveckling av jordbruksverksamhet","datePublished":"2021-09-14T07:16:46+00:00","dateModified":"2022-03-23T11:21:13+00:00","mainEntityOfPage":{"@id":"https:\/\/blog.tmgrupoinmobiliario.com\/sv\/2021\/09\/14\/las-moreras-fruit-veggies-tm-fastighetsmaklares-nya-varumarke-for-utveckling-av-jordbruksverksamhet\/"},"wordCount":580,"commentCount":0,"image":{"@id":"https:\/\/blog.tmgrupoinmobiliario.com\/sv\/2021\/09\/14\/las-moreras-fruit-veggies-tm-fastighetsmaklares-nya-varumarke-for-utveckling-av-jordbruksverksamhet\/#primaryimage"},"thumbnailUrl":"https:\/\/blog.tmgrupoinmobiliario.com\/sv\/wp-content\/uploads\/sites\/6\/2022\/03\/1000-x-666-11.jpg","keywords":["tag-all","tag-compromise"],"articleSection":["Corporativo","Notas de prensa"],"inLanguage":"sv-SE","potentialAction":[{"@type":"CommentAction","name":"Comment","target":["https:\/\/blog.tmgrupoinmobiliario.com\/sv\/2021\/09\/14\/las-moreras-fruit-veggies-tm-fastighetsmaklares-nya-varumarke-for-utveckling-av-jordbruksverksamhet\/#respond"]}]},{"@type":"WebPage","@id":"https:\/\/blog.tmgrupoinmobiliario.com\/sv\/2021\/09\/14\/las-moreras-fruit-veggies-tm-fastighetsmaklares-nya-varumarke-for-utveckling-av-jordbruksverksamhet\/","url":"https:\/\/blog.tmgrupoinmobiliario.com\/sv\/2021\/09\/14\/las-moreras-fruit-veggies-tm-fastighetsmaklares-nya-varumarke-for-utveckling-av-jordbruksverksamhet\/","name":"Las Moreras Fruit & Veggies, TM varum\u00e4rke f\u00f6r utveckling av jordbruksverksamhet","isPartOf":{"@id":"https:\/\/blog.tmgrupoinmobiliario.com\/sv\/#website"},"primaryImageOfPage":{"@id":"https:\/\/blog.tmgrupoinmobiliario.com\/sv\/2021\/09\/14\/las-moreras-fruit-veggies-tm-fastighetsmaklares-nya-varumarke-for-utveckling-av-jordbruksverksamhet\/#primaryimage"},"image":{"@id":"https:\/\/blog.tmgrupoinmobiliario.com\/sv\/2021\/09\/14\/las-moreras-fruit-veggies-tm-fastighetsmaklares-nya-varumarke-for-utveckling-av-jordbruksverksamhet\/#primaryimage"},"thumbnailUrl":"https:\/\/blog.tmgrupoinmobiliario.com\/sv\/wp-content\/uploads\/sites\/6\/2022\/03\/1000-x-666-11.jpg","datePublished":"2021-09-14T07:16:46+00:00","dateModified":"2022-03-23T11:21:13+00:00","author":{"@id":"https:\/\/blog.tmgrupoinmobiliario.com\/sv\/#\/schema\/person\/788477479d35e623ab75c2fb194e7730"},"description":"Las Moreras specialiserar sig p\u00e5 f\u00f6rpackning, marknadsf\u00f6ring och export av egna produkter, privata m\u00e4rken och produkter fr\u00e5n tredje man.","breadcrumb":{"@id":"https:\/\/blog.tmgrupoinmobiliario.com\/sv\/2021\/09\/14\/las-moreras-fruit-veggies-tm-fastighetsmaklares-nya-varumarke-for-utveckling-av-jordbruksverksamhet\/#breadcrumb"},"inLanguage":"sv-SE","potentialAction":[{"@type":"ReadAction","target":["https:\/\/blog.tmgrupoinmobiliario.com\/sv\/2021\/09\/14\/las-moreras-fruit-veggies-tm-fastighetsmaklares-nya-varumarke-for-utveckling-av-jordbruksverksamhet\/"]}]},{"@type":"ImageObject","inLanguage":"sv-SE","@id":"https:\/\/blog.tmgrupoinmobiliario.com\/sv\/2021\/09\/14\/las-moreras-fruit-veggies-tm-fastighetsmaklares-nya-varumarke-for-utveckling-av-jordbruksverksamhet\/#primaryimage","url":"https:\/\/blog.tmgrupoinmobiliario.com\/sv\/wp-content\/uploads\/sites\/6\/2022\/03\/1000-x-666-11.jpg","contentUrl":"https:\/\/blog.tmgrupoinmobiliario.com\/sv\/wp-content\/uploads\/sites\/6\/2022\/03\/1000-x-666-11.jpg","width":1000,"height":666},{"@type":"BreadcrumbList","@id":"https:\/\/blog.tmgrupoinmobiliario.com\/sv\/2021\/09\/14\/las-moreras-fruit-veggies-tm-fastighetsmaklares-nya-varumarke-for-utveckling-av-jordbruksverksamhet\/#breadcrumb","itemListElement":[{"@type":"ListItem","position":1,"name":"Portada","item":"https:\/\/blog.tmgrupoinmobiliario.com\/sv\/"},{"@type":"ListItem","position":2,"name":"Las Moreras Fruit &amp; Veggies, TM fastighetsm\u00e4klares nya varum\u00e4rke f\u00f6r utveckling av jordbruksverksamhet"}]},{"@type":"WebSite","@id":"https:\/\/blog.tmgrupoinmobiliario.com\/sv\/#website","url":"https:\/\/blog.tmgrupoinmobiliario.com\/sv\/","name":"Svenska","description":"Otro sitio m\u00e1s de Blog Desarrollo TM sitios","potentialAction":[{"@type":"SearchAction","target":{"@type":"EntryPoint","urlTemplate":"https:\/\/blog.tmgrupoinmobiliario.com\/sv\/?s={search_term_string}"},"query-input":{"@type":"PropertyValueSpecification","valueRequired":true,"valueName":"search_term_string"}}],"inLanguage":"sv-SE"},{"@type":"Person","@id":"https:\/\/blog.tmgrupoinmobiliario.com\/sv\/#\/schema\/person\/788477479d35e623ab75c2fb194e7730","name":"marina","image":{"@type":"ImageObject","inLanguage":"sv-SE","@id":"https:\/\/secure.gravatar.com\/avatar\/34480839eb5b1bb235efe5be1b7e49218e07e314c17d1fb9ba5183ac5c2c64f3?s=96&d=mm&r=g","url":"https:\/\/secure.gravatar.com\/avatar\/34480839eb5b1bb235efe5be1b7e49218e07e314c17d1fb9ba5183ac5c2c64f3?s=96&d=mm&r=g","contentUrl":"https:\/\/secure.gravatar.com\/avatar\/34480839eb5b1bb235efe5be1b7e49218e07e314c17d1fb9ba5183ac5c2c64f3?s=96&d=mm&r=g","caption":"marina"},"url":"https:\/\/blog.tmgrupoinmobiliario.com\/sv\/author\/marina\/"}]}},"jetpack_featured_media_url":"https:\/\/blog.tmgrupoinmobiliario.com\/sv\/wp-content\/uploads\/sites\/6\/2022\/03\/1000-x-666-11.jpg","jetpack_sharing_enabled":true,"_links":{"self":[{"href":"https:\/\/blog.tmgrupoinmobiliario.com\/sv\/wp-json\/wp\/v2\/posts\/16625","targetHints":{"allow":["GET"]}}],"collection":[{"href":"https:\/\/blog.tmgrupoinmobiliario.com\/sv\/wp-json\/wp\/v2\/posts"}],"about":[{"href":"https:\/\/blog.tmgrupoinmobiliario.com\/sv\/wp-json\/wp\/v2\/types\/post"}],"author":[{"embeddable":true,"href":"https:\/\/blog.tmgrupoinmobiliario.com\/sv\/wp-json\/wp\/v2\/users\/11716"}],"replies":[{"embeddable":true,"href":"https:\/\/blog.tmgrupoinmobiliario.com\/sv\/wp-json\/wp\/v2\/comments?post=16625"}],"version-history":[{"count":1,"href":"https:\/\/blog.tmgrupoinmobiliario.com\/sv\/wp-json\/wp\/v2\/posts\/16625\/revisions"}],"predecessor-version":[{"id":16635,"href":"https:\/\/blog.tmgrupoinmobiliario.com\/sv\/wp-json\/wp\/v2\/posts\/16625\/revisions\/16635"}],"wp:featuredmedia":[{"embeddable":true,"href":"https:\/\/blog.tmgrupoinmobiliario.com\/sv\/wp-json\/wp\/v2\/media\/16628"}],"wp:attachment":[{"href":"https:\/\/blog.tmgrupoinmobiliario.com\/sv\/wp-json\/wp\/v2\/media?parent=16625"}],"wp:term":[{"taxonomy":"category","embeddable":true,"href":"https:\/\/blog.tmgrupoinmobiliario.com\/sv\/wp-json\/wp\/v2\/categories?post=16625"},{"taxonomy":"post_tag","embeddable":true,"href":"https:\/\/blog.tmgrupoinmobiliario.com\/sv\/wp-json\/wp\/v2\/tags?post=16625"}],"curies":[{"name":"wp","href":"https:\/\/api.w.org\/{rel}","templated":true}]}}