{"id":16493,"date":"2021-02-24T15:21:52","date_gmt":"2021-02-24T14:21:52","guid":{"rendered":"https:\/\/blog.tmgrupoinmobiliario.com\/sv\/?p=16493"},"modified":"2022-03-10T15:46:52","modified_gmt":"2022-03-10T14:46:52","slug":"vad-du-behover-for-att-forverkliga-din-drom-om-att-bo-vid-havet","status":"publish","type":"post","link":"https:\/\/blog.tmgrupoinmobiliario.com\/sv\/2021\/02\/24\/vad-du-behover-for-att-forverkliga-din-drom-om-att-bo-vid-havet\/","title":{"rendered":"Vad du beh\u00f6ver f\u00f6r att f\u00f6rverkliga din dr\u00f6m om att bo vid havet"},"content":{"rendered":"<p>&nbsp;<\/p>\n<p>Den 24 februari startade vi en ny serie webbinarier under namnet \u201dLiving in Spain\u201d.\u00a0 Fem seminarier i webbinarformat d\u00e4r deltagarna kan f\u00e5 intressant information fr\u00e5n experter som \u00e4r relevant f\u00f6r de som vill g\u00f6ra Medelhavet till sitt nya hem.\u00a0 Seminarier \u00e4r gratis och finns p\u00e5 fyra spr\u00e5k: franska, tyska, polska och svenska. Om du \u00e4r intresserad av att delta \u00e4r det bara att kontakta oss f\u00f6r att reservera din plats. Vi ber\u00e4ttar alla detaljer nedan.<\/p>\n<p>&nbsp;<\/p>\n<p><strong><span style=\"color: #ff0000\">Det b\u00e4sta s\u00e4ttet att g\u00e5 vidare och ta stegen mot ditt nya liv p\u00e5 stranden<\/span><\/strong><\/p>\n<p>Talarna vid de olika seminarierna i \u201dLiving in Spain\u201d f\u00f6rklarar en rad fr\u00e5gor som \u00e4r av intresse f\u00f6r framtida k\u00f6pare. De diskuterar bland annat de st\u00e4llen och den rika milj\u00f6n som omger alla TM Real Estate Groups fastigheter, h\u00e5llbart byggande, investeringsalternativ, juridiska aspekter att ta h\u00e4nsyn till n\u00e4r man k\u00f6per en fastighet i Spanien, samt analys och personlig unders\u00f6kning av den fastighet som b\u00e4st passar deltagarens \u00f6nskem\u00e5l.<\/p>\n<p>&nbsp;<\/p>\n<p><strong><span style=\"color: #ff0000\">Seminarier i seminarieserien \u201dLiving in Spain\u201d.<\/span><\/strong><\/p>\n<p>&nbsp;<\/p>\n<ul>\n<li><strong>Seminarium 1 \u2013 Investeringar (24 och 25 februari)<\/strong><\/li>\n<\/ul>\n<p>Hur man tar reda p\u00e5 de b\u00e4sta omr\u00e5dena att investera i Spanien, vilken typ av fastighet som \u00e4r mest intressant och alla detaljer f\u00f6r att f\u00e5 b\u00e4sta m\u00f6jliga avkastning p\u00e5 sin investering.<\/p>\n<p>&nbsp;<\/p>\n<ul>\n<li><strong>Seminarium 2 \u2013 Ink\u00f6psprocessen (2 och 3 mars)<\/strong><\/li>\n<\/ul>\n<p>En advokatbyr\u00e5 specialiserad p\u00e5 fastighetsr\u00e4tt f\u00f6rklarar alla aspekter man m\u00e5ste ta h\u00e4nsyn till n\u00e4r man k\u00f6per en fastighet i Spanien och l\u00f6ser alla tvivel f\u00f6r framtida k\u00f6pare. Anm\u00e4lan \u00f6ppen, registrera dig nu. Begr\u00e4nsat antal platser<\/p>\n<p>&nbsp;<\/p>\n<ul>\n<li><strong>Seminarium 3 \u2013 H\u00e5llbarhet och bost\u00e4der (17 mars)<\/strong><\/li>\n<\/ul>\n<p>De senaste trenderna inom h\u00e5llbart byggande och hur TM anpassar sina bost\u00e4der till dem.<\/p>\n<p>&nbsp;<\/p>\n<ul>\n<li><strong>Seminarium 4 \u2013 Inflyttning och distansarbete (30 mars)<\/strong><\/li>\n<\/ul>\n<p>Spanien \u00e4r hemvist f\u00f6r n\u00e5gra av v\u00e4rldens mest uppskattade st\u00e4der f\u00f6r utlandsboende. Hur man v\u00e4ljer den perfekta platsen genom att bed\u00f6ma dess infrastruktur och anpassning till distansarbete.<\/p>\n<p>&nbsp;<\/p>\n<ul>\n<li><strong>Seminarium 5 \u2013 Workshop om spansk matlagning (15 april)<\/strong><\/li>\n<\/ul>\n<p>Vi tittar n\u00e4rmare p\u00e5 den rika spanska gastronomin och introducerar deltagarna till n\u00e5gra av de mest popul\u00e4ra recepten.<\/p>\n<p>&nbsp;<\/p>\n<p>L\u00e5ter det intressant? Om du k\u00e4nner till n\u00e5gon familjemedlem eller v\u00e4n som skulle kunna ha nytta av det, dela g\u00e4rna med dig av denna information och uppmuntra dem att registrera sig.<\/p>\n","protected":false},"excerpt":{"rendered":"<p>&nbsp; Den 24 februari startade vi en ny serie webbinarier under namnet \u201dLiving in Spain\u201d.\u00a0 Fem seminarier i webbinarformat d\u00e4r deltagarna kan f\u00e5 intressant information fr\u00e5n experter som \u00e4r relevant f\u00f6r de som vill g\u00f6ra Medelhavet till sitt nya hem.\u00a0 Seminarier \u00e4r gratis och finns p\u00e5 fyra spr\u00e5k: franska, tyska, polska och svenska. Om du [&hellip;]<\/p>\n","protected":false},"author":11710,"featured_media":16494,"comment_status":"open","ping_status":"open","sticky":false,"template":"","format":"standard","meta":{"_jetpack_memberships_contains_paid_content":false,"footnotes":""},"categories":[487],"tags":[408,409,410,6,412,413],"class_list":["post-16493","post","type-post","status-publish","format-standard","has-post-thumbnail","hentry","category-tm-nyheter","tag-tag-promotions-en","tag-tag-promotions-costa-almeria-en-2","tag-tag-promotions-costa-blanca-norte-en","tag-tag-promotions-costa-blanca-sur-sv-2","tag-tag-promotions-costa-del-sol-en-2","tag-tag-promotions-mallorca-en","formato-blog"],"better_featured_image":{"id":16494,"alt_text":"","caption":"","description":"","media_type":"image","media_details":{"width":1000,"height":666,"file":"2022\/03\/1000x666_MONOGRAFIC_VISITSPAIN_ES1.jpg","sizes":{"medium":{"file":"1000x666_MONOGRAFIC_VISITSPAIN_ES1-300x200.jpg","width":300,"height":200,"mime-type":"image\/jpeg","source_url":"https:\/\/blog.tmgrupoinmobiliario.com\/sv\/wp-content\/uploads\/sites\/6\/2022\/03\/1000x666_MONOGRAFIC_VISITSPAIN_ES1-300x200.jpg"},"thumbnail":{"file":"1000x666_MONOGRAFIC_VISITSPAIN_ES1-150x150.jpg","width":150,"height":150,"mime-type":"image\/jpeg","source_url":"https:\/\/blog.tmgrupoinmobiliario.com\/sv\/wp-content\/uploads\/sites\/6\/2022\/03\/1000x666_MONOGRAFIC_VISITSPAIN_ES1-150x150.jpg"},"medium_large":{"file":"1000x666_MONOGRAFIC_VISITSPAIN_ES1-768x511.jpg","width":768,"height":511,"mime-type":"image\/jpeg","source_url":"https:\/\/blog.tmgrupoinmobiliario.com\/sv\/wp-content\/uploads\/sites\/6\/2022\/03\/1000x666_MONOGRAFIC_VISITSPAIN_ES1-768x511.jpg"}},"image_meta":{"aperture":"0","credit":"","camera":"","caption":"","created_timestamp":"0","copyright":"","focal_length":"0","iso":"0","shutter_speed":"0","title":"","orientation":"1","keywords":[]}},"post":16493,"source_url":"https:\/\/blog.tmgrupoinmobiliario.com\/sv\/wp-content\/uploads\/sites\/6\/2022\/03\/1000x666_MONOGRAFIC_VISITSPAIN_ES1.jpg"},"acf":{"imagen_destacada_desktop":false,"imagen_destacada_mobile":false,"formato":{"term_id":484,"name":"Blog","slug":"blog","term_group":0,"term_taxonomy_id":484,"taxonomy":"formato","description":"","parent":0,"count":74,"filter":"raw"},"entradilla":"","etiquetas":"","cabecera_escritorio":"https:\/\/blog.tmgrupoinmobiliario.com\/sv\/wp-content\/uploads\/sites\/6\/2022\/03\/image-46-11.jpg","cabecera_mobile":"https:\/\/blog.tmgrupoinmobiliario.com\/sv\/wp-content\/uploads\/sites\/6\/2022\/03\/image-47-11.jpg","galeria":[{"ID":16497,"id":16497,"title":"1920x1080_LANDING_MONOGRAFICO_FR[1]","filename":"1920x1080_LANDING_MONOGRAFICO_FR1.jpg","filesize":1311986,"url":"https:\/\/blog.tmgrupoinmobiliario.com\/sv\/wp-content\/uploads\/sites\/6\/2022\/03\/1920x1080_LANDING_MONOGRAFICO_FR1.jpg","link":"https:\/\/blog.tmgrupoinmobiliario.com\/sv\/2021\/02\/24\/vad-du-behover-for-att-forverkliga-din-drom-om-att-bo-vid-havet\/1920x1080_landing_monografico_fr1\/","alt":"","author":"11710","description":"","caption":"","name":"1920x1080_landing_monografico_fr1","status":"inherit","uploaded_to":16493,"date":"2022-03-10 14:38:30","modified":"2022-03-10 14:38:33","menu_order":0,"mime_type":"image\/jpeg","type":"image","subtype":"jpeg","icon":"https:\/\/blog.tmgrupoinmobiliario.com\/sv\/wp-includes\/images\/media\/default.png","width":1920,"height":1080,"sizes":{"thumbnail":"https:\/\/blog.tmgrupoinmobiliario.com\/sv\/wp-content\/uploads\/sites\/6\/2022\/03\/1920x1080_LANDING_MONOGRAFICO_FR1-150x150.jpg","thumbnail-width":150,"thumbnail-height":150,"medium":"https:\/\/blog.tmgrupoinmobiliario.com\/sv\/wp-content\/uploads\/sites\/6\/2022\/03\/1920x1080_LANDING_MONOGRAFICO_FR1-300x169.jpg","medium-width":300,"medium-height":169,"medium_large":"https:\/\/blog.tmgrupoinmobiliario.com\/sv\/wp-content\/uploads\/sites\/6\/2022\/03\/1920x1080_LANDING_MONOGRAFICO_FR1-768x432.jpg","medium_large-width":768,"medium_large-height":432,"large":"https:\/\/blog.tmgrupoinmobiliario.com\/sv\/wp-content\/uploads\/sites\/6\/2022\/03\/1920x1080_LANDING_MONOGRAFICO_FR1-1024x576.jpg","large-width":1024,"large-height":576,"1536x1536":"https:\/\/blog.tmgrupoinmobiliario.com\/sv\/wp-content\/uploads\/sites\/6\/2022\/03\/1920x1080_LANDING_MONOGRAFICO_FR1-1536x864.jpg","1536x1536-width":1536,"1536x1536-height":864,"2048x2048":"https:\/\/blog.tmgrupoinmobiliario.com\/sv\/wp-content\/uploads\/sites\/6\/2022\/03\/1920x1080_LANDING_MONOGRAFICO_FR1.jpg","2048x2048-width":1920,"2048x2048-height":1080}},{"ID":16498,"id":16498,"title":"1920x1080_LANDING_MONOGRAFICO_AL[1]","filename":"1920x1080_LANDING_MONOGRAFICO_AL1.jpg","filesize":1309521,"url":"https:\/\/blog.tmgrupoinmobiliario.com\/sv\/wp-content\/uploads\/sites\/6\/2022\/03\/1920x1080_LANDING_MONOGRAFICO_AL1.jpg","link":"https:\/\/blog.tmgrupoinmobiliario.com\/sv\/2021\/02\/24\/vad-du-behover-for-att-forverkliga-din-drom-om-att-bo-vid-havet\/1920x1080_landing_monografico_al1\/","alt":"","author":"11710","description":"","caption":"","name":"1920x1080_landing_monografico_al1","status":"inherit","uploaded_to":16493,"date":"2022-03-10 14:38:48","modified":"2022-03-10 14:38:50","menu_order":0,"mime_type":"image\/jpeg","type":"image","subtype":"jpeg","icon":"https:\/\/blog.tmgrupoinmobiliario.com\/sv\/wp-includes\/images\/media\/default.png","width":1920,"height":1080,"sizes":{"thumbnail":"https:\/\/blog.tmgrupoinmobiliario.com\/sv\/wp-content\/uploads\/sites\/6\/2022\/03\/1920x1080_LANDING_MONOGRAFICO_AL1-150x150.jpg","thumbnail-width":150,"thumbnail-height":150,"medium":"https:\/\/blog.tmgrupoinmobiliario.com\/sv\/wp-content\/uploads\/sites\/6\/2022\/03\/1920x1080_LANDING_MONOGRAFICO_AL1-300x169.jpg","medium-width":300,"medium-height":169,"medium_large":"https:\/\/blog.tmgrupoinmobiliario.com\/sv\/wp-content\/uploads\/sites\/6\/2022\/03\/1920x1080_LANDING_MONOGRAFICO_AL1-768x432.jpg","medium_large-width":768,"medium_large-height":432,"large":"https:\/\/blog.tmgrupoinmobiliario.com\/sv\/wp-content\/uploads\/sites\/6\/2022\/03\/1920x1080_LANDING_MONOGRAFICO_AL1-1024x576.jpg","large-width":1024,"large-height":576,"1536x1536":"https:\/\/blog.tmgrupoinmobiliario.com\/sv\/wp-content\/uploads\/sites\/6\/2022\/03\/1920x1080_LANDING_MONOGRAFICO_AL1-1536x864.jpg","1536x1536-width":1536,"1536x1536-height":864,"2048x2048":"https:\/\/blog.tmgrupoinmobiliario.com\/sv\/wp-content\/uploads\/sites\/6\/2022\/03\/1920x1080_LANDING_MONOGRAFICO_AL1.jpg","2048x2048-width":1920,"2048x2048-height":1080}},{"ID":16499,"id":16499,"title":"1920x1080_LANDING_MONOGRAFICO_PO[1]","filename":"1920x1080_LANDING_MONOGRAFICO_PO1.jpg","filesize":1304360,"url":"https:\/\/blog.tmgrupoinmobiliario.com\/sv\/wp-content\/uploads\/sites\/6\/2022\/03\/1920x1080_LANDING_MONOGRAFICO_PO1.jpg","link":"https:\/\/blog.tmgrupoinmobiliario.com\/sv\/2021\/02\/24\/vad-du-behover-for-att-forverkliga-din-drom-om-att-bo-vid-havet\/1920x1080_landing_monografico_po1\/","alt":"","author":"11710","description":"","caption":"","name":"1920x1080_landing_monografico_po1","status":"inherit","uploaded_to":16493,"date":"2022-03-10 14:39:17","modified":"2022-03-10 14:39:20","menu_order":0,"mime_type":"image\/jpeg","type":"image","subtype":"jpeg","icon":"https:\/\/blog.tmgrupoinmobiliario.com\/sv\/wp-includes\/images\/media\/default.png","width":1920,"height":1080,"sizes":{"thumbnail":"https:\/\/blog.tmgrupoinmobiliario.com\/sv\/wp-content\/uploads\/sites\/6\/2022\/03\/1920x1080_LANDING_MONOGRAFICO_PO1-150x150.jpg","thumbnail-width":150,"thumbnail-height":150,"medium":"https:\/\/blog.tmgrupoinmobiliario.com\/sv\/wp-content\/uploads\/sites\/6\/2022\/03\/1920x1080_LANDING_MONOGRAFICO_PO1-300x169.jpg","medium-width":300,"medium-height":169,"medium_large":"https:\/\/blog.tmgrupoinmobiliario.com\/sv\/wp-content\/uploads\/sites\/6\/2022\/03\/1920x1080_LANDING_MONOGRAFICO_PO1-768x432.jpg","medium_large-width":768,"medium_large-height":432,"large":"https:\/\/blog.tmgrupoinmobiliario.com\/sv\/wp-content\/uploads\/sites\/6\/2022\/03\/1920x1080_LANDING_MONOGRAFICO_PO1-1024x576.jpg","large-width":1024,"large-height":576,"1536x1536":"https:\/\/blog.tmgrupoinmobiliario.com\/sv\/wp-content\/uploads\/sites\/6\/2022\/03\/1920x1080_LANDING_MONOGRAFICO_PO1-1536x864.jpg","1536x1536-width":1536,"1536x1536-height":864,"2048x2048":"https:\/\/blog.tmgrupoinmobiliario.com\/sv\/wp-content\/uploads\/sites\/6\/2022\/03\/1920x1080_LANDING_MONOGRAFICO_PO1.jpg","2048x2048-width":1920,"2048x2048-height":1080}},{"ID":16500,"id":16500,"title":"1920x1080_LANDING_MONOGRAFICO_SV[1]","filename":"1920x1080_LANDING_MONOGRAFICO_SV1.jpg","filesize":1313569,"url":"https:\/\/blog.tmgrupoinmobiliario.com\/sv\/wp-content\/uploads\/sites\/6\/2022\/03\/1920x1080_LANDING_MONOGRAFICO_SV1.jpg","link":"https:\/\/blog.tmgrupoinmobiliario.com\/sv\/2021\/02\/24\/vad-du-behover-for-att-forverkliga-din-drom-om-att-bo-vid-havet\/1920x1080_landing_monografico_sv1\/","alt":"","author":"11710","description":"","caption":"","name":"1920x1080_landing_monografico_sv1","status":"inherit","uploaded_to":16493,"date":"2022-03-10 14:39:35","modified":"2022-03-10 14:39:38","menu_order":0,"mime_type":"image\/jpeg","type":"image","subtype":"jpeg","icon":"https:\/\/blog.tmgrupoinmobiliario.com\/sv\/wp-includes\/images\/media\/default.png","width":1920,"height":1080,"sizes":{"thumbnail":"https:\/\/blog.tmgrupoinmobiliario.com\/sv\/wp-content\/uploads\/sites\/6\/2022\/03\/1920x1080_LANDING_MONOGRAFICO_SV1-150x150.jpg","thumbnail-width":150,"thumbnail-height":150,"medium":"https:\/\/blog.tmgrupoinmobiliario.com\/sv\/wp-content\/uploads\/sites\/6\/2022\/03\/1920x1080_LANDING_MONOGRAFICO_SV1-300x169.jpg","medium-width":300,"medium-height":169,"medium_large":"https:\/\/blog.tmgrupoinmobiliario.com\/sv\/wp-content\/uploads\/sites\/6\/2022\/03\/1920x1080_LANDING_MONOGRAFICO_SV1-768x432.jpg","medium_large-width":768,"medium_large-height":432,"large":"https:\/\/blog.tmgrupoinmobiliario.com\/sv\/wp-content\/uploads\/sites\/6\/2022\/03\/1920x1080_LANDING_MONOGRAFICO_SV1-1024x576.jpg","large-width":1024,"large-height":576,"1536x1536":"https:\/\/blog.tmgrupoinmobiliario.com\/sv\/wp-content\/uploads\/sites\/6\/2022\/03\/1920x1080_LANDING_MONOGRAFICO_SV1-1536x864.jpg","1536x1536-width":1536,"1536x1536-height":864,"2048x2048":"https:\/\/blog.tmgrupoinmobiliario.com\/sv\/wp-content\/uploads\/sites\/6\/2022\/03\/1920x1080_LANDING_MONOGRAFICO_SV1.jpg","2048x2048-width":1920,"2048x2048-height":1080}}]},"yoast_head":"<!-- This site is optimized with the Yoast SEO Premium plugin v23.6 (Yoast SEO v27.5) - https:\/\/yoast.com\/product\/yoast-seo-premium-wordpress\/ -->\n<title>Vad du beh\u00f6ver f\u00f6r att f\u00f6rverkliga din dr\u00f6m om att bo vid havet<\/title>\n<meta name=\"robots\" content=\"index, follow, max-snippet:-1, max-image-preview:large, max-video-preview:-1\" \/>\n<link rel=\"canonical\" href=\"https:\/\/blog.tmgrupoinmobiliario.com\/sv\/2021\/02\/24\/vad-du-behover-for-att-forverkliga-din-drom-om-att-bo-vid-havet\/\" \/>\n<meta property=\"og:locale\" content=\"sv_SE\" \/>\n<meta property=\"og:type\" content=\"article\" \/>\n<meta property=\"og:title\" content=\"Vad du beh\u00f6ver f\u00f6r att f\u00f6rverkliga din dr\u00f6m om att bo vid havet\" \/>\n<meta property=\"og:description\" content=\"&nbsp; Den 24 februari startade vi en ny serie webbinarier under namnet \u201dLiving in Spain\u201d.\u00a0 Fem seminarier i webbinarformat d\u00e4r deltagarna kan f\u00e5 intressant information fr\u00e5n experter som \u00e4r relevant f\u00f6r de som vill g\u00f6ra Medelhavet till sitt nya hem.\u00a0 Seminarier \u00e4r gratis och finns p\u00e5 fyra spr\u00e5k: franska, tyska, polska och svenska. Om du [&hellip;]\" \/>\n<meta property=\"og:url\" content=\"https:\/\/blog.tmgrupoinmobiliario.com\/sv\/2021\/02\/24\/vad-du-behover-for-att-forverkliga-din-drom-om-att-bo-vid-havet\/\" \/>\n<meta property=\"og:site_name\" content=\"Svenska\" \/>\n<meta property=\"article:published_time\" content=\"2021-02-24T14:21:52+00:00\" \/>\n<meta property=\"article:modified_time\" content=\"2022-03-10T14:46:52+00:00\" \/>\n<meta property=\"og:image\" content=\"https:\/\/blog.tmgrupoinmobiliario.com\/sv\/wp-content\/uploads\/sites\/6\/2022\/03\/1000x666_MONOGRAFIC_VISITSPAIN_ES1.jpg\" \/>\n\t<meta property=\"og:image:width\" content=\"1000\" \/>\n\t<meta property=\"og:image:height\" content=\"666\" \/>\n\t<meta property=\"og:image:type\" content=\"image\/jpeg\" \/>\n<meta name=\"author\" content=\"alberto\" \/>\n<meta name=\"twitter:card\" content=\"summary_large_image\" \/>\n<meta name=\"twitter:label1\" content=\"Skriven av\" \/>\n\t<meta name=\"twitter:data1\" content=\"alberto\" \/>\n\t<meta name=\"twitter:label2\" content=\"Ber\u00e4knad l\u00e4stid\" \/>\n\t<meta name=\"twitter:data2\" content=\"2 minuter\" \/>\n<script type=\"application\/ld+json\" class=\"yoast-schema-graph\">{\"@context\":\"https:\\\/\\\/schema.org\",\"@graph\":[{\"@type\":\"Article\",\"@id\":\"https:\\\/\\\/blog.tmgrupoinmobiliario.com\\\/sv\\\/2021\\\/02\\\/24\\\/vad-du-behover-for-att-forverkliga-din-drom-om-att-bo-vid-havet\\\/#article\",\"isPartOf\":{\"@id\":\"https:\\\/\\\/blog.tmgrupoinmobiliario.com\\\/sv\\\/2021\\\/02\\\/24\\\/vad-du-behover-for-att-forverkliga-din-drom-om-att-bo-vid-havet\\\/\"},\"author\":{\"name\":\"alberto\",\"@id\":\"https:\\\/\\\/blog.tmgrupoinmobiliario.com\\\/sv\\\/#\\\/schema\\\/person\\\/4059e96ae5aca6723920ee59eef29527\"},\"headline\":\"Vad du beh\u00f6ver f\u00f6r att f\u00f6rverkliga din dr\u00f6m om att bo vid havet\",\"datePublished\":\"2021-02-24T14:21:52+00:00\",\"dateModified\":\"2022-03-10T14:46:52+00:00\",\"mainEntityOfPage\":{\"@id\":\"https:\\\/\\\/blog.tmgrupoinmobiliario.com\\\/sv\\\/2021\\\/02\\\/24\\\/vad-du-behover-for-att-forverkliga-din-drom-om-att-bo-vid-havet\\\/\"},\"wordCount\":427,\"commentCount\":0,\"image\":{\"@id\":\"https:\\\/\\\/blog.tmgrupoinmobiliario.com\\\/sv\\\/2021\\\/02\\\/24\\\/vad-du-behover-for-att-forverkliga-din-drom-om-att-bo-vid-havet\\\/#primaryimage\"},\"thumbnailUrl\":\"https:\\\/\\\/blog.tmgrupoinmobiliario.com\\\/sv\\\/wp-content\\\/uploads\\\/sites\\\/6\\\/2022\\\/03\\\/1000x666_MONOGRAFIC_VISITSPAIN_ES1.jpg\",\"keywords\":[\"tag-promotions\",\"tag-promotions-costa-almeria\",\"tag-promotions-costa-blanca-norte\",\"tag-promotions-costa-blanca-sur\",\"tag-promotions-costa-del-sol\",\"tag-promotions-mallorca\"],\"articleSection\":[\"Nyheter TM\"],\"inLanguage\":\"sv-SE\",\"potentialAction\":[{\"@type\":\"CommentAction\",\"name\":\"Comment\",\"target\":[\"https:\\\/\\\/blog.tmgrupoinmobiliario.com\\\/sv\\\/2021\\\/02\\\/24\\\/vad-du-behover-for-att-forverkliga-din-drom-om-att-bo-vid-havet\\\/#respond\"]}]},{\"@type\":\"WebPage\",\"@id\":\"https:\\\/\\\/blog.tmgrupoinmobiliario.com\\\/sv\\\/2021\\\/02\\\/24\\\/vad-du-behover-for-att-forverkliga-din-drom-om-att-bo-vid-havet\\\/\",\"url\":\"https:\\\/\\\/blog.tmgrupoinmobiliario.com\\\/sv\\\/2021\\\/02\\\/24\\\/vad-du-behover-for-att-forverkliga-din-drom-om-att-bo-vid-havet\\\/\",\"name\":\"Vad du beh\u00f6ver f\u00f6r att f\u00f6rverkliga din dr\u00f6m om att bo vid havet\",\"isPartOf\":{\"@id\":\"https:\\\/\\\/blog.tmgrupoinmobiliario.com\\\/sv\\\/#website\"},\"primaryImageOfPage\":{\"@id\":\"https:\\\/\\\/blog.tmgrupoinmobiliario.com\\\/sv\\\/2021\\\/02\\\/24\\\/vad-du-behover-for-att-forverkliga-din-drom-om-att-bo-vid-havet\\\/#primaryimage\"},\"image\":{\"@id\":\"https:\\\/\\\/blog.tmgrupoinmobiliario.com\\\/sv\\\/2021\\\/02\\\/24\\\/vad-du-behover-for-att-forverkliga-din-drom-om-att-bo-vid-havet\\\/#primaryimage\"},\"thumbnailUrl\":\"https:\\\/\\\/blog.tmgrupoinmobiliario.com\\\/sv\\\/wp-content\\\/uploads\\\/sites\\\/6\\\/2022\\\/03\\\/1000x666_MONOGRAFIC_VISITSPAIN_ES1.jpg\",\"datePublished\":\"2021-02-24T14:21:52+00:00\",\"dateModified\":\"2022-03-10T14:46:52+00:00\",\"author\":{\"@id\":\"https:\\\/\\\/blog.tmgrupoinmobiliario.com\\\/sv\\\/#\\\/schema\\\/person\\\/4059e96ae5aca6723920ee59eef29527\"},\"breadcrumb\":{\"@id\":\"https:\\\/\\\/blog.tmgrupoinmobiliario.com\\\/sv\\\/2021\\\/02\\\/24\\\/vad-du-behover-for-att-forverkliga-din-drom-om-att-bo-vid-havet\\\/#breadcrumb\"},\"inLanguage\":\"sv-SE\",\"potentialAction\":[{\"@type\":\"ReadAction\",\"target\":[\"https:\\\/\\\/blog.tmgrupoinmobiliario.com\\\/sv\\\/2021\\\/02\\\/24\\\/vad-du-behover-for-att-forverkliga-din-drom-om-att-bo-vid-havet\\\/\"]}]},{\"@type\":\"ImageObject\",\"inLanguage\":\"sv-SE\",\"@id\":\"https:\\\/\\\/blog.tmgrupoinmobiliario.com\\\/sv\\\/2021\\\/02\\\/24\\\/vad-du-behover-for-att-forverkliga-din-drom-om-att-bo-vid-havet\\\/#primaryimage\",\"url\":\"https:\\\/\\\/blog.tmgrupoinmobiliario.com\\\/sv\\\/wp-content\\\/uploads\\\/sites\\\/6\\\/2022\\\/03\\\/1000x666_MONOGRAFIC_VISITSPAIN_ES1.jpg\",\"contentUrl\":\"https:\\\/\\\/blog.tmgrupoinmobiliario.com\\\/sv\\\/wp-content\\\/uploads\\\/sites\\\/6\\\/2022\\\/03\\\/1000x666_MONOGRAFIC_VISITSPAIN_ES1.jpg\",\"width\":1000,\"height\":666},{\"@type\":\"BreadcrumbList\",\"@id\":\"https:\\\/\\\/blog.tmgrupoinmobiliario.com\\\/sv\\\/2021\\\/02\\\/24\\\/vad-du-behover-for-att-forverkliga-din-drom-om-att-bo-vid-havet\\\/#breadcrumb\",\"itemListElement\":[{\"@type\":\"ListItem\",\"position\":1,\"name\":\"Portada\",\"item\":\"https:\\\/\\\/blog.tmgrupoinmobiliario.com\\\/sv\\\/\"},{\"@type\":\"ListItem\",\"position\":2,\"name\":\"Vad du beh\u00f6ver f\u00f6r att f\u00f6rverkliga din dr\u00f6m om att bo vid havet\"}]},{\"@type\":\"WebSite\",\"@id\":\"https:\\\/\\\/blog.tmgrupoinmobiliario.com\\\/sv\\\/#website\",\"url\":\"https:\\\/\\\/blog.tmgrupoinmobiliario.com\\\/sv\\\/\",\"name\":\"Svenska\",\"description\":\"Otro sitio m\u00e1s de Blog Desarrollo TM sitios\",\"potentialAction\":[{\"@type\":\"SearchAction\",\"target\":{\"@type\":\"EntryPoint\",\"urlTemplate\":\"https:\\\/\\\/blog.tmgrupoinmobiliario.com\\\/sv\\\/?s={search_term_string}\"},\"query-input\":{\"@type\":\"PropertyValueSpecification\",\"valueRequired\":true,\"valueName\":\"search_term_string\"}}],\"inLanguage\":\"sv-SE\"},{\"@type\":\"Person\",\"@id\":\"https:\\\/\\\/blog.tmgrupoinmobiliario.com\\\/sv\\\/#\\\/schema\\\/person\\\/4059e96ae5aca6723920ee59eef29527\",\"name\":\"alberto\",\"image\":{\"@type\":\"ImageObject\",\"inLanguage\":\"sv-SE\",\"@id\":\"https:\\\/\\\/secure.gravatar.com\\\/avatar\\\/06c6cde3178430a549915eadb7c401c2bc823ad9e7a52cee2719f7299538c934?s=96&d=mm&r=g\",\"url\":\"https:\\\/\\\/secure.gravatar.com\\\/avatar\\\/06c6cde3178430a549915eadb7c401c2bc823ad9e7a52cee2719f7299538c934?s=96&d=mm&r=g\",\"contentUrl\":\"https:\\\/\\\/secure.gravatar.com\\\/avatar\\\/06c6cde3178430a549915eadb7c401c2bc823ad9e7a52cee2719f7299538c934?s=96&d=mm&r=g\",\"caption\":\"alberto\"},\"url\":\"https:\\\/\\\/blog.tmgrupoinmobiliario.com\\\/sv\\\/author\\\/alberto\\\/\"}]}<\/script>\n<!-- \/ Yoast SEO Premium plugin. -->","yoast_head_json":{"title":"Vad du beh\u00f6ver f\u00f6r att f\u00f6rverkliga din dr\u00f6m om att bo vid havet","robots":{"index":"index","follow":"follow","max-snippet":"max-snippet:-1","max-image-preview":"max-image-preview:large","max-video-preview":"max-video-preview:-1"},"canonical":"https:\/\/blog.tmgrupoinmobiliario.com\/sv\/2021\/02\/24\/vad-du-behover-for-att-forverkliga-din-drom-om-att-bo-vid-havet\/","og_locale":"sv_SE","og_type":"article","og_title":"Vad du beh\u00f6ver f\u00f6r att f\u00f6rverkliga din dr\u00f6m om att bo vid havet","og_description":"&nbsp; Den 24 februari startade vi en ny serie webbinarier under namnet \u201dLiving in Spain\u201d.\u00a0 Fem seminarier i webbinarformat d\u00e4r deltagarna kan f\u00e5 intressant information fr\u00e5n experter som \u00e4r relevant f\u00f6r de som vill g\u00f6ra Medelhavet till sitt nya hem.\u00a0 Seminarier \u00e4r gratis och finns p\u00e5 fyra spr\u00e5k: franska, tyska, polska och svenska. Om du [&hellip;]","og_url":"https:\/\/blog.tmgrupoinmobiliario.com\/sv\/2021\/02\/24\/vad-du-behover-for-att-forverkliga-din-drom-om-att-bo-vid-havet\/","og_site_name":"Svenska","article_published_time":"2021-02-24T14:21:52+00:00","article_modified_time":"2022-03-10T14:46:52+00:00","og_image":[{"width":1000,"height":666,"url":"https:\/\/blog.tmgrupoinmobiliario.com\/sv\/wp-content\/uploads\/sites\/6\/2022\/03\/1000x666_MONOGRAFIC_VISITSPAIN_ES1.jpg","type":"image\/jpeg"}],"author":"alberto","twitter_card":"summary_large_image","twitter_misc":{"Skriven av":"alberto","Ber\u00e4knad l\u00e4stid":"2 minuter"},"schema":{"@context":"https:\/\/schema.org","@graph":[{"@type":"Article","@id":"https:\/\/blog.tmgrupoinmobiliario.com\/sv\/2021\/02\/24\/vad-du-behover-for-att-forverkliga-din-drom-om-att-bo-vid-havet\/#article","isPartOf":{"@id":"https:\/\/blog.tmgrupoinmobiliario.com\/sv\/2021\/02\/24\/vad-du-behover-for-att-forverkliga-din-drom-om-att-bo-vid-havet\/"},"author":{"name":"alberto","@id":"https:\/\/blog.tmgrupoinmobiliario.com\/sv\/#\/schema\/person\/4059e96ae5aca6723920ee59eef29527"},"headline":"Vad du beh\u00f6ver f\u00f6r att f\u00f6rverkliga din dr\u00f6m om att bo vid havet","datePublished":"2021-02-24T14:21:52+00:00","dateModified":"2022-03-10T14:46:52+00:00","mainEntityOfPage":{"@id":"https:\/\/blog.tmgrupoinmobiliario.com\/sv\/2021\/02\/24\/vad-du-behover-for-att-forverkliga-din-drom-om-att-bo-vid-havet\/"},"wordCount":427,"commentCount":0,"image":{"@id":"https:\/\/blog.tmgrupoinmobiliario.com\/sv\/2021\/02\/24\/vad-du-behover-for-att-forverkliga-din-drom-om-att-bo-vid-havet\/#primaryimage"},"thumbnailUrl":"https:\/\/blog.tmgrupoinmobiliario.com\/sv\/wp-content\/uploads\/sites\/6\/2022\/03\/1000x666_MONOGRAFIC_VISITSPAIN_ES1.jpg","keywords":["tag-promotions","tag-promotions-costa-almeria","tag-promotions-costa-blanca-norte","tag-promotions-costa-blanca-sur","tag-promotions-costa-del-sol","tag-promotions-mallorca"],"articleSection":["Nyheter TM"],"inLanguage":"sv-SE","potentialAction":[{"@type":"CommentAction","name":"Comment","target":["https:\/\/blog.tmgrupoinmobiliario.com\/sv\/2021\/02\/24\/vad-du-behover-for-att-forverkliga-din-drom-om-att-bo-vid-havet\/#respond"]}]},{"@type":"WebPage","@id":"https:\/\/blog.tmgrupoinmobiliario.com\/sv\/2021\/02\/24\/vad-du-behover-for-att-forverkliga-din-drom-om-att-bo-vid-havet\/","url":"https:\/\/blog.tmgrupoinmobiliario.com\/sv\/2021\/02\/24\/vad-du-behover-for-att-forverkliga-din-drom-om-att-bo-vid-havet\/","name":"Vad du beh\u00f6ver f\u00f6r att f\u00f6rverkliga din dr\u00f6m om att bo vid havet","isPartOf":{"@id":"https:\/\/blog.tmgrupoinmobiliario.com\/sv\/#website"},"primaryImageOfPage":{"@id":"https:\/\/blog.tmgrupoinmobiliario.com\/sv\/2021\/02\/24\/vad-du-behover-for-att-forverkliga-din-drom-om-att-bo-vid-havet\/#primaryimage"},"image":{"@id":"https:\/\/blog.tmgrupoinmobiliario.com\/sv\/2021\/02\/24\/vad-du-behover-for-att-forverkliga-din-drom-om-att-bo-vid-havet\/#primaryimage"},"thumbnailUrl":"https:\/\/blog.tmgrupoinmobiliario.com\/sv\/wp-content\/uploads\/sites\/6\/2022\/03\/1000x666_MONOGRAFIC_VISITSPAIN_ES1.jpg","datePublished":"2021-02-24T14:21:52+00:00","dateModified":"2022-03-10T14:46:52+00:00","author":{"@id":"https:\/\/blog.tmgrupoinmobiliario.com\/sv\/#\/schema\/person\/4059e96ae5aca6723920ee59eef29527"},"breadcrumb":{"@id":"https:\/\/blog.tmgrupoinmobiliario.com\/sv\/2021\/02\/24\/vad-du-behover-for-att-forverkliga-din-drom-om-att-bo-vid-havet\/#breadcrumb"},"inLanguage":"sv-SE","potentialAction":[{"@type":"ReadAction","target":["https:\/\/blog.tmgrupoinmobiliario.com\/sv\/2021\/02\/24\/vad-du-behover-for-att-forverkliga-din-drom-om-att-bo-vid-havet\/"]}]},{"@type":"ImageObject","inLanguage":"sv-SE","@id":"https:\/\/blog.tmgrupoinmobiliario.com\/sv\/2021\/02\/24\/vad-du-behover-for-att-forverkliga-din-drom-om-att-bo-vid-havet\/#primaryimage","url":"https:\/\/blog.tmgrupoinmobiliario.com\/sv\/wp-content\/uploads\/sites\/6\/2022\/03\/1000x666_MONOGRAFIC_VISITSPAIN_ES1.jpg","contentUrl":"https:\/\/blog.tmgrupoinmobiliario.com\/sv\/wp-content\/uploads\/sites\/6\/2022\/03\/1000x666_MONOGRAFIC_VISITSPAIN_ES1.jpg","width":1000,"height":666},{"@type":"BreadcrumbList","@id":"https:\/\/blog.tmgrupoinmobiliario.com\/sv\/2021\/02\/24\/vad-du-behover-for-att-forverkliga-din-drom-om-att-bo-vid-havet\/#breadcrumb","itemListElement":[{"@type":"ListItem","position":1,"name":"Portada","item":"https:\/\/blog.tmgrupoinmobiliario.com\/sv\/"},{"@type":"ListItem","position":2,"name":"Vad du beh\u00f6ver f\u00f6r att f\u00f6rverkliga din dr\u00f6m om att bo vid havet"}]},{"@type":"WebSite","@id":"https:\/\/blog.tmgrupoinmobiliario.com\/sv\/#website","url":"https:\/\/blog.tmgrupoinmobiliario.com\/sv\/","name":"Svenska","description":"Otro sitio m\u00e1s de Blog Desarrollo TM sitios","potentialAction":[{"@type":"SearchAction","target":{"@type":"EntryPoint","urlTemplate":"https:\/\/blog.tmgrupoinmobiliario.com\/sv\/?s={search_term_string}"},"query-input":{"@type":"PropertyValueSpecification","valueRequired":true,"valueName":"search_term_string"}}],"inLanguage":"sv-SE"},{"@type":"Person","@id":"https:\/\/blog.tmgrupoinmobiliario.com\/sv\/#\/schema\/person\/4059e96ae5aca6723920ee59eef29527","name":"alberto","image":{"@type":"ImageObject","inLanguage":"sv-SE","@id":"https:\/\/secure.gravatar.com\/avatar\/06c6cde3178430a549915eadb7c401c2bc823ad9e7a52cee2719f7299538c934?s=96&d=mm&r=g","url":"https:\/\/secure.gravatar.com\/avatar\/06c6cde3178430a549915eadb7c401c2bc823ad9e7a52cee2719f7299538c934?s=96&d=mm&r=g","contentUrl":"https:\/\/secure.gravatar.com\/avatar\/06c6cde3178430a549915eadb7c401c2bc823ad9e7a52cee2719f7299538c934?s=96&d=mm&r=g","caption":"alberto"},"url":"https:\/\/blog.tmgrupoinmobiliario.com\/sv\/author\/alberto\/"}]}},"jetpack_featured_media_url":"https:\/\/blog.tmgrupoinmobiliario.com\/sv\/wp-content\/uploads\/sites\/6\/2022\/03\/1000x666_MONOGRAFIC_VISITSPAIN_ES1.jpg","jetpack_sharing_enabled":true,"_links":{"self":[{"href":"https:\/\/blog.tmgrupoinmobiliario.com\/sv\/wp-json\/wp\/v2\/posts\/16493","targetHints":{"allow":["GET"]}}],"collection":[{"href":"https:\/\/blog.tmgrupoinmobiliario.com\/sv\/wp-json\/wp\/v2\/posts"}],"about":[{"href":"https:\/\/blog.tmgrupoinmobiliario.com\/sv\/wp-json\/wp\/v2\/types\/post"}],"author":[{"embeddable":true,"href":"https:\/\/blog.tmgrupoinmobiliario.com\/sv\/wp-json\/wp\/v2\/users\/11710"}],"replies":[{"embeddable":true,"href":"https:\/\/blog.tmgrupoinmobiliario.com\/sv\/wp-json\/wp\/v2\/comments?post=16493"}],"version-history":[{"count":1,"href":"https:\/\/blog.tmgrupoinmobiliario.com\/sv\/wp-json\/wp\/v2\/posts\/16493\/revisions"}],"predecessor-version":[{"id":16501,"href":"https:\/\/blog.tmgrupoinmobiliario.com\/sv\/wp-json\/wp\/v2\/posts\/16493\/revisions\/16501"}],"wp:featuredmedia":[{"embeddable":true,"href":"https:\/\/blog.tmgrupoinmobiliario.com\/sv\/wp-json\/wp\/v2\/media\/16494"}],"wp:attachment":[{"href":"https:\/\/blog.tmgrupoinmobiliario.com\/sv\/wp-json\/wp\/v2\/media?parent=16493"}],"wp:term":[{"taxonomy":"category","embeddable":true,"href":"https:\/\/blog.tmgrupoinmobiliario.com\/sv\/wp-json\/wp\/v2\/categories?post=16493"},{"taxonomy":"post_tag","embeddable":true,"href":"https:\/\/blog.tmgrupoinmobiliario.com\/sv\/wp-json\/wp\/v2\/tags?post=16493"}],"curies":[{"name":"wp","href":"https:\/\/api.w.org\/{rel}","templated":true}]}}