{"id":16327,"date":"2021-12-29T12:09:35","date_gmt":"2021-12-29T11:09:35","guid":{"rendered":"https:\/\/blog.tmgrupoinmobiliario.com\/se\/?p=16327"},"modified":"2022-04-12T18:08:23","modified_gmt":"2022-04-12T16:08:23","slug":"aire-residencial-ett-perfekt-alternativ-for-att-njuta-av-orihuela-costa","status":"publish","type":"post","link":"https:\/\/blog.tmgrupoinmobiliario.com\/sv\/2021\/12\/29\/aire-residencial-ett-perfekt-alternativ-for-att-njuta-av-orihuela-costa\/","title":{"rendered":"Aire Residencial, ett perfekt alternativ f\u00f6r att njuta av Orihuela Costa"},"content":{"rendered":"<p>&nbsp;<\/p>\n<p>Ett nytt bostadsomr\u00e5de fr\u00e5n TM Real Estate Group b\u00f6rjar s\u00e4ljas. Detta \u00e4r Aire Residencial, ett projekt i Villamart\u00edn, Orihuela Costa, som best\u00e5r av 94 l\u00e4genheter i ett lugnt l\u00e4ge omgivet av golfbanor.<\/p>\n<p>&nbsp;<\/p>\n<p><strong><span style=\"color: #ff0000\">Ditt nya hem i Villamart\u00edn, Orihuela Costa<\/span><\/strong><\/p>\n<p>Dess l\u00e4ge i Villamart\u00edn, Orihuela Costa, mindre \u00e4n 8 minuter fr\u00e5n stranden g\u00f6r att du kan njuta av Medelhavet och alla de tj\u00e4nster som beh\u00f6vs f\u00f6r det dagliga livet.<\/p>\n<p>&nbsp;<\/p>\n<p><strong><span style=\"color: #ff0000\">Vad \u00e4r Aire Residencial?<\/span><\/strong><\/p>\n<p>Aire Residencial \u00e4r ett projekt med totalt 94 bost\u00e4der, f\u00f6rdelade p\u00e5 trev\u00e5ningshus med l\u00e4genheter med 2 och 3 sovrum och 1 eller 2 badrum, alla med tr\u00e4dg\u00e5rdar, stora terrasser eller solterrass.<br \/>\nDessutom finns det utm\u00e4rkta gemensamma omr\u00e5den med 2 pooler, 1 jacuzzi och 2 lekplatser f\u00f6r boule.<\/p>\n<p>&nbsp;<\/p>\n<p><strong><span style=\"color: #ff0000\">Varf\u00f6r v\u00e4lja Aire Residencial<\/span><\/strong><\/p>\n<p>Aire Residencial ger dig m\u00f6jlighet att v\u00e4lja den bostad som b\u00e4st passar dina behov. H\u00e4r finns l\u00e4genheter p\u00e5 bottenv\u00e5ningen med egen tr\u00e4dg\u00e5rd, l\u00e4genheter p\u00e5 f\u00f6rsta, andra och tredje v\u00e5ningen med stora terrasser och takv\u00e5ningar med solterrass.<br \/>\nOm du \u00e4r en golfentusiast kan du dessutom njuta av sporten \u00e5ret runt tack vare bostadsomr\u00e5dets l\u00e4ge, som \u00e4r omgivet av golfbanor.<\/p>\n<p>&nbsp;<\/p>\n<p><strong><span style=\"color: #ff0000\">M\u00f6jlighet till personlig anpassning<\/span><\/strong><\/p>\n<p>Om du vill att vi ska \u00f6verl\u00e5ta din l\u00e4genhet m\u00f6blerad och utrustad erbjuder TM Real Estate Group tv\u00e5 typer av m\u00f6bleringspaket: AKTUAL eller LGANCE.<\/p>\n<p>&nbsp;<\/p>\n<p><strong><span style=\"color: #ff0000\">Be om mer information om Aire Residencial<\/span><\/strong><\/p>\n<div data-test='contact-form'\n\t\t\tid='contact-form-16327'\n\t\t\tclass='jetpack-contact-form-container '\n\t\t\tdata-wp-interactive='jetpack\/form' data-wp-context='{\"formId\":\"16327\",\"formHash\":\"48303290587159e8f7dabc43cf5799ee5cf62d40\",\"showErrors\":false,\"errors\":[],\"fields\":[],\"isMultiStep\":false,\"useAjax\":true,\"submissionData\":null,\"formattedSubmissionData\":[],\"submissionSuccess\":false,\"submissionError\":null,\"elementId\":\"jp-form-48303290587159e8f7dabc43cf5799ee5cf62d40\",\"isSingleInputForm\":false,\"isForcedHorizontal\":false}'\n\t\t\tdata-wp-watch--scroll-to-wrapper=\"callbacks.scrollToWrapper\"\n\t\t>\n<div class=\"contact-form-submission contact-form-ajax-submission\" data-wp-bind--aria-hidden=\"state.isSuccessMessageAriaHidden\" data-wp-class--submission-success=\"context.submissionSuccess\" id=\"contact-form-success-48303290587159e8f7dabc43cf5799ee5cf62d40\" tabindex=\"-1\" aria-labelledby=\"contact-form-success-header-48303290587159e8f7dabc43cf5799ee5cf62d40\"><p class=\"go-back-message\"><a class=\"link\" role=\"button\" tabindex=\"0\" data-wp-on--click=\"actions.goBack\" href=\"\/sv\/wp-json\/wp\/v2\/posts\/16327\">\u2190 Tillbaka<\/a><\/p><h4 data-wp-bind--aria-hidden=\"state.isSuccessMessageAriaHidden\" id=\"contact-form-success-header-48303290587159e8f7dabc43cf5799ee5cf62d40\">Tack f\u00f6r din respons. \u2728<\/h4>\n\n<template data-wp-each--submission=\"context.formattedSubmissionData\">\n\t\t\t\t\t<div class=\"jetpack_forms_contact-form-success-summary\">\n\t\t\t\t\t\t<div class=\"field-name-wrapper\">\n\t\t\t\t\t\t\t<div class=\"field-type-icon\" data-wp-watch=\"callbacks.watchFieldTypeIcon\"><\/div>\n\t\t\t\t\t\t\t<div class=\"field-name\" data-wp-text=\"context.submission.label\" data-wp-bind--hidden=\"!context.submission.label\"><\/div>\n\t\t\t\t\t\t<\/div>\n\t\t\t\t\t\t<div class=\"field-value\" data-wp-text=\"context.submission.value\" data-wp-bind--hidden=\"!context.submission.showPlainValue\"><\/div>\n\t\t\t\t\t\t<a class=\"field-url\" data-wp-bind--href=\"context.submission.url\" data-wp-text=\"context.submission.value\" data-wp-bind--hidden=\"!context.submission.url\" target=\"_blank\" rel=\"noopener noreferrer\"><\/a>\n\t\t\t\t\t\t<div class=\"field-rating\" data-wp-bind--hidden=\"!context.submission.rating\" data-wp-watch=\"callbacks.watchRatingIcons\"><\/div>\n\t\t\t\t\t\t<div class=\"field-images\" data-wp-bind--hidden=\"!context.submission.images\">\n\t\t\t\t\t\t\t<template data-wp-each--image=\"context.submission.images\">\n\t\t\t\t\t\t\t\t<div class=\"field-image-option\" data-wp-class--is-empty=\"!context.image.src\">\n\t\t\t\t\t\t\t\t\t<figure class=\"field-image-option__image\" data-wp-class--is-empty=\"!context.image.src\">\n\t\t\t\t\t\t\t\t\t\t<img data-wp-bind--src=\"context.image.src\" data-wp-bind--hidden=\"!context.image.src\" \/>\n\t\t\t\t\t\t\t\t\t\t<img decoding=\"async\" src=\"data:image\/gif;base64,R0lGODlhAQABAAD\/ACwAAAAAAQABAAACADs=\" data-wp-bind--hidden=\"context.image.src\" \/>\n\t\t\t\t\t\t\t\t\t<\/figure>\n\t\t\t\t\t\t\t\t\t<div class=\"field-image-option__label-wrapper\">\n\t\t\t\t\t\t\t\t\t\t<span class=\"field-image-option__label-code\" data-wp-text=\"context.image.letterCode\"><\/span>\n\t\t\t\t\t\t\t\t\t\t<span class=\"field-image-option__label\" data-wp-text=\"context.image.label\" data-wp-bind--hidden=\"!context.image.label\"><\/span>\n\t\t\t\t\t\t\t\t\t<\/div>\n\t\t\t\t\t\t\t\t<\/div>\n\t\t\t\t\t\t\t<\/template>\n\t\t\t\t\t\t<\/div>\n\t\t\t\t\t\t<div class=\"field-files\" data-wp-bind--hidden=\"!context.submission.files\">\n\t\t\t\t\t\t\t<template data-wp-each--file=\"context.submission.files\">\n\t\t\t\t\t\t\t\t<div class=\"field-file\">\n\t\t\t\t\t\t\t\t\t<div class=\"field-file__thumbnail\" data-wp-style--background-image=\"context.file.previewUrl\" data-wp-style--mask-image=\"context.file.iconUrl\" data-wp-bind--hidden=\"!context.file.hasPreview\"><\/div>\n\t\t\t\t\t\t\t\t\t<svg class=\"field-file__icon\" data-wp-bind--hidden=\"context.file.hasPreview\" width=\"20\" height=\"20\" viewBox=\"0 0 24 24\" fill=\"none\" xmlns=\"http:\/\/www.w3.org\/2000\/svg\" aria-hidden=\"true\">\n\t\t\t\t\t\t\t\t\t\t<path d=\"M14 2H6C4.9 2 4 2.9 4 4V20C4 21.1 4.89 22 5.99 22H18C19.1 22 20 21.1 20 20V8L14 2ZM18 20H6V4H13V9H18V20Z\" fill=\"currentColor\"\/>\n\t\t\t\t\t\t\t\t\t<\/svg>\n\t\t\t\t\t\t\t\t\t<span class=\"field-file__name\" data-wp-text=\"context.file.name\"><\/span>\n\t\t\t\t\t\t\t\t\t<span class=\"field-file__size\" data-wp-text=\"context.file.size\"><\/span>\n\t\t\t\t\t\t\t\t<\/div>\n\t\t\t\t\t\t\t<\/template>\n\t\t\t\t\t\t<\/div>\n\t\t\t\t\t<\/div>\n\t\t\t\t<\/template><\/div><form action='https:\/\/blog.tmgrupoinmobiliario.com\/sv\/2021\/12\/29\/aire-residencial-ett-perfekt-alternativ-for-att-njuta-av-orihuela-costa\/'\n\t\t\t\tid='jp-form-48303290587159e8f7dabc43cf5799ee5cf62d40'\n\t\t\t\tmethod='post'\n\t\t\t\tclass='contact-form commentsblock jetpack-contact-form__form has-no-jetpack-form-layout' aria-label=\"Aire Residencial, ett perfekt alternativ f\u00f6r att njuta av Orihuela Costa\"\n\t\t\t\tdata-wp-on--submit=\"actions.onFormSubmit\"\n\t\t\t\tdata-wp-on--reset=\"actions.onFormReset\"\n\t\t\t\tdata-wp-class--submission-success=\"context.submissionSuccess\"\n\t\t\t\tdata-wp-class--is-first-step=\"state.isFirstStep\"\n\t\t\t\tdata-wp-class--is-last-step=\"state.isLastStep\"\n\t\t\t\tdata-wp-class--is-ajax-form=\"context.useAjax\"\n\t\t\t\tnovalidate >\n<input type='hidden' name='jetpack_contact_form_jwt' value='eyJ0eXAiOiJKV1QiLCJhbGciOiJIUzI1NiJ9.eyJlbmNyeXB0ZWRfYXR0cmlidXRlcyI6InlvL1M4enBReUd0ZW0yM2JoUHM5K3JtK25qOWZCend3RTJMdjlSMW1WKzAzQ0l6MGNTS2pUSk9BdTM4M1IvN0pYWlJXclZEMS8xaTFoczE2K1FWSlJjMzV4b0FWNHg2TG1lQWMxak9SRE1kZXhZTFB0Y3BBeGFFY0g0RStYQkJVaGZSQ0NGRlhPZ3B0MjNSN3huQmI1L1dHQzNYMjdKWm1PSW5GeGdaRXloNU5OQkE1bEZuUmV2dWs3MEs3MVZEZUc1YWV0K2NhTlJaVXNsbUFGbHRTVGJ4Y0x6QkVwQmdlb1FRK0xVdkovT1E5dWRrOTNEcTJYWTRDVVlJTHFGUU9pa0Ftc0FlTEl2RkVBUGVmbWRVU3JZWVlqajdSaFd6U2k3V29uVktmbkFENmRGd3RpdnRsNWZ4cXIwLzNvdTExUm96L3RaZTNyUmFCWXhoaXAzZFBZSlJFSG9rdkFhaTdYSDNzZW9sM3ZIMWxmNnlpRm04L1RpZjhlNTgrNGRiWHp4eTliNWZna2NlZXJuNHhDck1yV0h3aTNBMEtRWTNVUk9rWVJYWnRTOU9uY2pvMEN6WUs1eEMzcDFzbkZ4d0tQL3VRYmZ2czBRdFZyMjJ4eWFtbnUvdVZGd0FjSDVxek13MU94d0FKRk16Rjl2RVRLSVEwY3k0MEVzR2NrRWVJNDVySUFVaENuT0VCNE9TY2hETE9sejhoVWxRdGwxay9XdXo1bVQ1SU5RZ0k1bGg3c2k5bDk0M2x5MkJ6cjc5SUh5Qm04NTk4RXg2U3R0ckV4S3Q3ZEdVMUdvOXNVTmdOVXl5QVd2dG5tNks4cGJDckFaS01RemxwY0J6U1RlZVNaQWNaK2FLdStqWDg5bHphTkZWT2ZLMndSQ0hzUEhKZ202dWhxM3dyTFI4eHl2d3Q5bXhqTWNVVUJlam9Ib21WakRVNThhMmFPY1dRanUyaWJudCtJMXpWdjUzRHJWNUs1Yzl0UGhkMERkUWpHaUlZRzJqeHUxZE9BdVhpazdrZlVxZUJZYzAvSFVIdXdNQXpDTGlzMGJCZytJNWJqWFEvT2ZtR21RdDI1aEJIbStIV3E4bzhybTVnRU4xeVVreTFYYU44N0JCR0Y3RmErTjlmdjVpUzJ0WWNmUEdkZGpOcUhDaXp3em1wYWtFWlp0d3hHbUNJdk96WkRRUE9qZGJhbVhoY0hiNmZnbzlnTThFaUFJSExyL1k9IiwiY29udGVudCI6Iltjb250YWN0LWZpZWxkIGxhYmVsPVwiTmFtblwiIHR5cGU9XCJuYW1lXCIgcmVxdWlyZWQ9XCIxXCJdW2NvbnRhY3QtZmllbGQgbGFiZWw9XCJFLXBvc3RcIiB0eXBlPVwiZW1haWxcIiByZXF1aXJlZD1cIjFcIl1bY29udGFjdC1maWVsZCBsYWJlbD1cIk1lZGRlbGFuZGVcIiB0eXBlPVwidGV4dGFyZWFcIl0iLCJoYXNoIjoiNDgzMDMyOTA1ODcxNTllOGY3ZGFiYzQzY2Y1Nzk5ZWU1Y2Y2MmQ0MCIsInNvdXJjZSI6eyJlbnRyeV90aXRsZSI6IkFpcmUgUmVzaWRlbmNpYWwsIGV0dCBwZXJmZWt0IGFsdGVybmF0aXYgZlx1MDBmNnIgYXR0IG5qdXRhIGF2IE9yaWh1ZWxhIENvc3RhIiwiZW50cnlfcGFnZSI6MSwic291cmNlX2lkIjoxNjMyNywic291cmNlX3R5cGUiOiJzaW5nbGUiLCJyZXF1ZXN0X3VybCI6Imh0dHBzOi8vYmxvZy50bWdydXBvaW5tb2JpbGlhcmlvLmNvbS9zdi93cC1qc29uL3dwL3YyL3Bvc3RzLzE2MzI3In0sInZlcnNpb24iOjIsImNpcGhlciI6ImFlcy0yNTYtZ2NtIn0.2YaPmQn__Y4OK4Sqstc8l7lGWkSr3fwO0KzGTl32vKk' \/>\n\n<div style=\"\"  data-wp-interactive=\"jetpack\/form\" data-wp-context='{\"fieldId\":\"g16327-namn\",\"fieldType\":\"name\",\"fieldLabel\":\"Namn\",\"fieldValue\":\"\",\"fieldPlaceholder\":\"\",\"fieldIsRequired\":\"1\",\"fieldErrorMessage\":\"\",\"fieldExtra\":[],\"formHash\":\"48303290587159e8f7dabc43cf5799ee5cf62d40\"}'  class='grunion-field-name-wrap grunion-field-wrap'  data-wp-init='callbacks.initializeField' data-wp-on--jetpack-form-reset='callbacks.initializeField' >\n<label\n\t\t\t\tfor='g16327-namn' class=\"grunion-field-label name\" >Namn<span class=\"grunion-label-required\" aria-hidden=\"true\">(obligatoriskt)<\/span><\/label>\n<input\n\t\t\t\t\ttype='text'\n\t\t\t\t\tname='g16327-namn'\n\t\t\t\t\tid='g16327-namn'\n\t\t\t\t\tvalue=''\n\n\t\t\t\t\tdata-wp-bind--aria-invalid='state.fieldAriaInvalid'\n\t\t\t\t\tdata-wp-bind--value='state.getFieldValue'\n\t\t\t\t\taria-describedby='g16327-namn-text-error-message'\n\t\t\t\t\tdata-wp-on--input='actions.onFieldChange'\n\t\t\t\t\tdata-wp-on--blur='actions.onFieldBlur'\n\t\t\t\t\tdata-wp-class--has-value='state.hasFieldValue'\n\n\t\t\t\t\tclass='name  grunion-field' \n\t\t\t\t\trequired='true' aria-required='true'  \/>\n \n\t\t\t<div id=\"g16327-namn-text-error\" class=\"contact-form__input-error\" data-wp-class--has-errors=\"state.fieldHasErrors\">\n\t\t\t\t<span class=\"contact-form__warning-icon\" aria-hidden=\"true\">\n\t\t\t\t\t<svg width=\"16\" height=\"16\" viewBox=\"0 0 16 16\" fill=\"none\" xmlns=\"http:\/\/www.w3.org\/2000\/svg\">\n\t\t\t\t\t\t<path d=\"M8.50015 11.6402H7.50015V10.6402H8.50015V11.6402Z\" \/>\n\t\t\t\t\t\t<path d=\"M7.50015 9.64018H8.50015V6.30684H7.50015V9.64018Z\" \/>\n\t\t\t\t\t\t<path fill-rule=\"evenodd\" clip-rule=\"evenodd\" d=\"M6.98331 3.0947C7.42933 2.30177 8.57096 2.30177 9.01698 3.09469L13.8771 11.7349C14.3145 12.5126 13.7525 13.4735 12.8602 13.4735H3.14004C2.24774 13.4735 1.68575 12.5126 2.12321 11.7349L6.98331 3.0947ZM8.14541 3.58496C8.08169 3.47168 7.9186 3.47168 7.85488 3.58496L2.99478 12.2251C2.93229 12.3362 3.01257 12.4735 3.14004 12.4735H12.8602C12.9877 12.4735 13.068 12.3362 13.0055 12.2251L8.14541 3.58496Z\" \/>\n\t\t\t\t\t<\/svg>\n\t\t\t\t<\/span>\n\t\t\t\t<span data-wp-text=\"state.errorMessage\" id=\"g16327-namn-text-error-message\"><\/span>\n\t\t\t<\/div> \n\t<\/div>\n\n<div style=\"\"  data-wp-interactive=\"jetpack\/form\" data-wp-context='{\"fieldId\":\"g16327-epost\",\"fieldType\":\"email\",\"fieldLabel\":\"E-post\",\"fieldValue\":\"\",\"fieldPlaceholder\":\"\",\"fieldIsRequired\":\"1\",\"fieldErrorMessage\":\"\",\"fieldExtra\":[],\"formHash\":\"48303290587159e8f7dabc43cf5799ee5cf62d40\"}'  class='grunion-field-email-wrap grunion-field-wrap'  data-wp-init='callbacks.initializeField' data-wp-on--jetpack-form-reset='callbacks.initializeField' >\n<label\n\t\t\t\tfor='g16327-epost' class=\"grunion-field-label email\" >E-post<span class=\"grunion-label-required\" aria-hidden=\"true\">(obligatoriskt)<\/span><\/label>\n<input\n\t\t\t\t\ttype='email'\n\t\t\t\t\tname='g16327-epost'\n\t\t\t\t\tid='g16327-epost'\n\t\t\t\t\tvalue=''\n\n\t\t\t\t\tdata-wp-bind--aria-invalid='state.fieldAriaInvalid'\n\t\t\t\t\tdata-wp-bind--value='state.getFieldValue'\n\t\t\t\t\taria-describedby='g16327-epost-email-error-message'\n\t\t\t\t\tdata-wp-on--input='actions.onFieldChange'\n\t\t\t\t\tdata-wp-on--blur='actions.onFieldBlur'\n\t\t\t\t\tdata-wp-class--has-value='state.hasFieldValue'\n\n\t\t\t\t\tclass='email  grunion-field' \n\t\t\t\t\trequired='true' aria-required='true'  \/>\n \n\t\t\t<div id=\"g16327-epost-email-error\" class=\"contact-form__input-error\" data-wp-class--has-errors=\"state.fieldHasErrors\">\n\t\t\t\t<span class=\"contact-form__warning-icon\" aria-hidden=\"true\">\n\t\t\t\t\t<svg width=\"16\" height=\"16\" viewBox=\"0 0 16 16\" fill=\"none\" xmlns=\"http:\/\/www.w3.org\/2000\/svg\">\n\t\t\t\t\t\t<path d=\"M8.50015 11.6402H7.50015V10.6402H8.50015V11.6402Z\" \/>\n\t\t\t\t\t\t<path d=\"M7.50015 9.64018H8.50015V6.30684H7.50015V9.64018Z\" \/>\n\t\t\t\t\t\t<path fill-rule=\"evenodd\" clip-rule=\"evenodd\" d=\"M6.98331 3.0947C7.42933 2.30177 8.57096 2.30177 9.01698 3.09469L13.8771 11.7349C14.3145 12.5126 13.7525 13.4735 12.8602 13.4735H3.14004C2.24774 13.4735 1.68575 12.5126 2.12321 11.7349L6.98331 3.0947ZM8.14541 3.58496C8.08169 3.47168 7.9186 3.47168 7.85488 3.58496L2.99478 12.2251C2.93229 12.3362 3.01257 12.4735 3.14004 12.4735H12.8602C12.9877 12.4735 13.068 12.3362 13.0055 12.2251L8.14541 3.58496Z\" \/>\n\t\t\t\t\t<\/svg>\n\t\t\t\t<\/span>\n\t\t\t\t<span data-wp-text=\"state.errorMessage\" id=\"g16327-epost-email-error-message\"><\/span>\n\t\t\t<\/div> \n\t<\/div>\n\n<div style=\"\"  data-wp-interactive=\"jetpack\/form\" data-wp-context='{\"fieldId\":\"g16327-meddelande\",\"fieldType\":\"textarea\",\"fieldLabel\":\"Meddelande\",\"fieldValue\":\"\",\"fieldPlaceholder\":\"\",\"fieldIsRequired\":\"\",\"fieldErrorMessage\":\"\",\"fieldExtra\":[],\"formHash\":\"48303290587159e8f7dabc43cf5799ee5cf62d40\"}'  class='grunion-field-textarea-wrap grunion-field-wrap'  data-wp-init='callbacks.initializeField' data-wp-on--jetpack-form-reset='callbacks.initializeField' >\n<label\n\t\t\t\tfor='contact-form-comment-g16327-meddelande' class=\"grunion-field-label textarea\" >Meddelande<\/label>\n<textarea\n\t\t                style=''\n\t\t                name='g16327-meddelande'\n\t\t                id='contact-form-comment-g16327-meddelande'\n\t\t                rows='20'\n\t\t\t\t\t\tdata-wp-text='state.getFieldValue'\n\t\t\t\t\t\tdata-wp-on--input='actions.onFieldChange'\n\t\t\t\t\t\tdata-wp-on--blur='actions.onFieldBlur'\n\t\t\t\t\t\tdata-wp-class--has-value='state.hasFieldValue'\n\t\t\t\t\t\taria-describedby='g16327-meddelande-textarea-error-message'\n\t\t\t\t\t\tdata-wp-bind--aria-invalid='state.fieldAriaInvalid'\n\t\t\t\t\t\tclass='textarea  grunion-field'  ><\/textarea>\n \n\t\t\t<div id=\"g16327-meddelande-textarea-error\" class=\"contact-form__input-error\" data-wp-class--has-errors=\"state.fieldHasErrors\">\n\t\t\t\t<span class=\"contact-form__warning-icon\" aria-hidden=\"true\">\n\t\t\t\t\t<svg width=\"16\" height=\"16\" viewBox=\"0 0 16 16\" fill=\"none\" xmlns=\"http:\/\/www.w3.org\/2000\/svg\">\n\t\t\t\t\t\t<path d=\"M8.50015 11.6402H7.50015V10.6402H8.50015V11.6402Z\" \/>\n\t\t\t\t\t\t<path d=\"M7.50015 9.64018H8.50015V6.30684H7.50015V9.64018Z\" \/>\n\t\t\t\t\t\t<path fill-rule=\"evenodd\" clip-rule=\"evenodd\" d=\"M6.98331 3.0947C7.42933 2.30177 8.57096 2.30177 9.01698 3.09469L13.8771 11.7349C14.3145 12.5126 13.7525 13.4735 12.8602 13.4735H3.14004C2.24774 13.4735 1.68575 12.5126 2.12321 11.7349L6.98331 3.0947ZM8.14541 3.58496C8.08169 3.47168 7.9186 3.47168 7.85488 3.58496L2.99478 12.2251C2.93229 12.3362 3.01257 12.4735 3.14004 12.4735H12.8602C12.9877 12.4735 13.068 12.3362 13.0055 12.2251L8.14541 3.58496Z\" \/>\n\t\t\t\t\t<\/svg>\n\t\t\t\t<\/span>\n\t\t\t\t<span data-wp-text=\"state.errorMessage\" id=\"g16327-meddelande-textarea-error-message\"><\/span>\n\t\t\t<\/div>\n\t<\/div>\n\t<p class='contact-submit'>\n<div class=\"contact-form__error\" data-wp-class--show-errors=\"state.showFormErrors\"><span class=\"contact-form__warning-icon\" aria-hidden=\"true\"><i><\/i><\/span><span class=\"contact-form__error-message\" tabindex=\"-1\" data-wp-watch=\"callbacks.focusOnValidationError\" data-wp-text=\"state.getFormErrorMessage\"><\/span><ul aria-label=\"Formul\u00e4rfel\">\n\t\t\t\t<template data-wp-each=\"state.getErrorList\" data-wp-key=\"context.item.id\">\n\t\t\t\t\t<li><a data-wp-bind--href=\"context.item.anchor\" data-wp-on--click=\"actions.scrollIntoView\" data-wp-text=\"context.item.label\"><\/a><\/li>\n\t\t\t\t<\/template>\n\t\t\t\t<\/ul><\/div><div class=\"contact-form__error\" data-wp-class--show-errors=\"state.showSubmissionError\" data-wp-text=\"context.submissionError\" tabindex=\"-1\" data-wp-watch=\"callbacks.focusOnSubmissionError\"><\/div>\t\t<button type='submit' class='pushbutton-wide'>Skicka<\/button>\t\t<input type='hidden' name='contact-form-id' value='16327' \/>\n\t\t<input type='hidden' name='action' value='grunion-contact-form' \/>\n\t\t<input type='hidden' name='contact-form-hash' value='48303290587159e8f7dabc43cf5799ee5cf62d40' \/>\n\t<\/p>\n<p style=\"display: none !important;\" class=\"akismet-fields-container\" data-prefix=\"ak_\"><label>&#916;<textarea name=\"ak_hp_textarea\" cols=\"45\" rows=\"8\" maxlength=\"100\"><\/textarea><\/label><input type=\"hidden\" id=\"ak_js_1\" name=\"ak_js\" value=\"194\"\/><script type=\"text\/javascript\">\n\/* <![CDATA[ *\/\ndocument.getElementById( \"ak_js_1\" ).setAttribute( \"value\", ( new Date() ).getTime() );\n\/* ]]> *\/\n<\/script>\n<\/p><\/form>\n<\/div>\n","protected":false},"excerpt":{"rendered":"<p>&nbsp; Ett nytt bostadsomr\u00e5de fr\u00e5n TM Real Estate Group b\u00f6rjar s\u00e4ljas. Detta \u00e4r Aire Residencial, ett projekt i Villamart\u00edn, Orihuela Costa, som best\u00e5r av 94 l\u00e4genheter i ett lugnt l\u00e4ge omgivet av golfbanor. &nbsp; Ditt nya hem i Villamart\u00edn, Orihuela Costa Dess l\u00e4ge i Villamart\u00edn, Orihuela Costa, mindre \u00e4n 8 minuter fr\u00e5n stranden g\u00f6r att [&hellip;]<\/p>\n","protected":false},"author":11710,"featured_media":16335,"comment_status":"open","ping_status":"open","sticky":false,"template":"","format":"standard","meta":{"_jetpack_memberships_contains_paid_content":false,"footnotes":""},"categories":[21,486],"tags":[408,6],"class_list":["post-16327","post","type-post","status-publish","format-standard","has-post-thumbnail","hentry","category-actualidad-tm","category-ditt-nya-hem","tag-tag-promotions-en","tag-tag-promotions-costa-blanca-sur-sv-2","formato-comunicacion"],"better_featured_image":{"id":16335,"alt_text":"","caption":"","description":"","media_type":"image","media_details":{"width":1000,"height":666,"file":"2022\/03\/1000x666-11.jpg","sizes":{"medium":{"file":"1000x666-11-300x200.jpg","width":300,"height":200,"mime-type":"image\/jpeg","source_url":"https:\/\/blog.tmgrupoinmobiliario.com\/sv\/wp-content\/uploads\/sites\/6\/2022\/03\/1000x666-11-300x200.jpg"},"thumbnail":{"file":"1000x666-11-150x150.jpg","width":150,"height":150,"mime-type":"image\/jpeg","source_url":"https:\/\/blog.tmgrupoinmobiliario.com\/sv\/wp-content\/uploads\/sites\/6\/2022\/03\/1000x666-11-150x150.jpg"},"medium_large":{"file":"1000x666-11-768x511.jpg","width":768,"height":511,"mime-type":"image\/jpeg","source_url":"https:\/\/blog.tmgrupoinmobiliario.com\/sv\/wp-content\/uploads\/sites\/6\/2022\/03\/1000x666-11-768x511.jpg"}},"image_meta":{"aperture":"0","credit":"","camera":"","caption":"","created_timestamp":"0","copyright":"","focal_length":"0","iso":"0","shutter_speed":"0","title":"","orientation":"1","keywords":[]}},"post":16327,"source_url":"https:\/\/blog.tmgrupoinmobiliario.com\/sv\/wp-content\/uploads\/sites\/6\/2022\/03\/1000x666-11.jpg"},"acf":{"formato":{"term_id":17,"name":"Comunicaci\u00f3n","slug":"comunicacion","term_group":0,"term_taxonomy_id":17,"taxonomy":"formato","description":"","parent":0,"count":60,"filter":"raw"},"entradilla":"","etiquetas":"","cabecera_escritorio":"https:\/\/blog.tmgrupoinmobiliario.com\/sv\/wp-content\/uploads\/sites\/6\/2022\/03\/1200x300-31.jpg","cabecera_mobile":"https:\/\/blog.tmgrupoinmobiliario.com\/sv\/wp-content\/uploads\/sites\/6\/2022\/03\/768x768-41.jpg","galeria":[{"ID":16331,"id":16331,"title":"aire-2[1]","filename":"aire-21.jpg","filesize":1183459,"url":"https:\/\/blog.tmgrupoinmobiliario.com\/sv\/wp-content\/uploads\/sites\/6\/2022\/03\/aire-21.jpg","link":"https:\/\/blog.tmgrupoinmobiliario.com\/sv\/2021\/12\/29\/aire-residencial-ett-perfekt-alternativ-for-att-njuta-av-orihuela-costa\/aire-21\/","alt":"","author":"11710","description":"","caption":"","name":"aire-21","status":"inherit","uploaded_to":16327,"date":"2022-03-01 11:06:31","modified":"2022-03-01 11:06:33","menu_order":0,"mime_type":"image\/jpeg","type":"image","subtype":"jpeg","icon":"https:\/\/blog.tmgrupoinmobiliario.com\/sv\/wp-includes\/images\/media\/default.png","width":1026,"height":768,"sizes":{"thumbnail":"https:\/\/blog.tmgrupoinmobiliario.com\/sv\/wp-content\/uploads\/sites\/6\/2022\/03\/aire-21-150x150.jpg","thumbnail-width":150,"thumbnail-height":150,"medium":"https:\/\/blog.tmgrupoinmobiliario.com\/sv\/wp-content\/uploads\/sites\/6\/2022\/03\/aire-21-300x225.jpg","medium-width":300,"medium-height":225,"medium_large":"https:\/\/blog.tmgrupoinmobiliario.com\/sv\/wp-content\/uploads\/sites\/6\/2022\/03\/aire-21-768x575.jpg","medium_large-width":768,"medium_large-height":575,"large":"https:\/\/blog.tmgrupoinmobiliario.com\/sv\/wp-content\/uploads\/sites\/6\/2022\/03\/aire-21-1024x767.jpg","large-width":1024,"large-height":767,"1536x1536":"https:\/\/blog.tmgrupoinmobiliario.com\/sv\/wp-content\/uploads\/sites\/6\/2022\/03\/aire-21.jpg","1536x1536-width":1026,"1536x1536-height":768,"2048x2048":"https:\/\/blog.tmgrupoinmobiliario.com\/sv\/wp-content\/uploads\/sites\/6\/2022\/03\/aire-21.jpg","2048x2048-width":1026,"2048x2048-height":768}},{"ID":16332,"id":16332,"title":"aire-3[1]","filename":"aire-31.jpg","filesize":776959,"url":"https:\/\/blog.tmgrupoinmobiliario.com\/sv\/wp-content\/uploads\/sites\/6\/2022\/03\/aire-31.jpg","link":"https:\/\/blog.tmgrupoinmobiliario.com\/sv\/2021\/12\/29\/aire-residencial-ett-perfekt-alternativ-for-att-njuta-av-orihuela-costa\/aire-31\/","alt":"","author":"11710","description":"","caption":"","name":"aire-31","status":"inherit","uploaded_to":16327,"date":"2022-03-01 11:06:54","modified":"2022-03-01 11:06:56","menu_order":0,"mime_type":"image\/jpeg","type":"image","subtype":"jpeg","icon":"https:\/\/blog.tmgrupoinmobiliario.com\/sv\/wp-includes\/images\/media\/default.png","width":1026,"height":768,"sizes":{"thumbnail":"https:\/\/blog.tmgrupoinmobiliario.com\/sv\/wp-content\/uploads\/sites\/6\/2022\/03\/aire-31-150x150.jpg","thumbnail-width":150,"thumbnail-height":150,"medium":"https:\/\/blog.tmgrupoinmobiliario.com\/sv\/wp-content\/uploads\/sites\/6\/2022\/03\/aire-31-300x225.jpg","medium-width":300,"medium-height":225,"medium_large":"https:\/\/blog.tmgrupoinmobiliario.com\/sv\/wp-content\/uploads\/sites\/6\/2022\/03\/aire-31-768x575.jpg","medium_large-width":768,"medium_large-height":575,"large":"https:\/\/blog.tmgrupoinmobiliario.com\/sv\/wp-content\/uploads\/sites\/6\/2022\/03\/aire-31-1024x767.jpg","large-width":1024,"large-height":767,"1536x1536":"https:\/\/blog.tmgrupoinmobiliario.com\/sv\/wp-content\/uploads\/sites\/6\/2022\/03\/aire-31.jpg","1536x1536-width":1026,"1536x1536-height":768,"2048x2048":"https:\/\/blog.tmgrupoinmobiliario.com\/sv\/wp-content\/uploads\/sites\/6\/2022\/03\/aire-31.jpg","2048x2048-width":1026,"2048x2048-height":768}},{"ID":16333,"id":16333,"title":"aire-4[1]","filename":"aire-41.jpg","filesize":648880,"url":"https:\/\/blog.tmgrupoinmobiliario.com\/sv\/wp-content\/uploads\/sites\/6\/2022\/03\/aire-41.jpg","link":"https:\/\/blog.tmgrupoinmobiliario.com\/sv\/2021\/12\/29\/aire-residencial-ett-perfekt-alternativ-for-att-njuta-av-orihuela-costa\/aire-41\/","alt":"","author":"11710","description":"","caption":"","name":"aire-41","status":"inherit","uploaded_to":16327,"date":"2022-03-01 11:08:21","modified":"2022-03-01 11:08:28","menu_order":0,"mime_type":"image\/jpeg","type":"image","subtype":"jpeg","icon":"https:\/\/blog.tmgrupoinmobiliario.com\/sv\/wp-includes\/images\/media\/default.png","width":1026,"height":768,"sizes":{"thumbnail":"https:\/\/blog.tmgrupoinmobiliario.com\/sv\/wp-content\/uploads\/sites\/6\/2022\/03\/aire-41-150x150.jpg","thumbnail-width":150,"thumbnail-height":150,"medium":"https:\/\/blog.tmgrupoinmobiliario.com\/sv\/wp-content\/uploads\/sites\/6\/2022\/03\/aire-41-300x225.jpg","medium-width":300,"medium-height":225,"medium_large":"https:\/\/blog.tmgrupoinmobiliario.com\/sv\/wp-content\/uploads\/sites\/6\/2022\/03\/aire-41-768x575.jpg","medium_large-width":768,"medium_large-height":575,"large":"https:\/\/blog.tmgrupoinmobiliario.com\/sv\/wp-content\/uploads\/sites\/6\/2022\/03\/aire-41-1024x767.jpg","large-width":1024,"large-height":767,"1536x1536":"https:\/\/blog.tmgrupoinmobiliario.com\/sv\/wp-content\/uploads\/sites\/6\/2022\/03\/aire-41.jpg","1536x1536-width":1026,"1536x1536-height":768,"2048x2048":"https:\/\/blog.tmgrupoinmobiliario.com\/sv\/wp-content\/uploads\/sites\/6\/2022\/03\/aire-41.jpg","2048x2048-width":1026,"2048x2048-height":768}},{"ID":16334,"id":16334,"title":"aire[1]","filename":"aire1.jpg","filesize":762806,"url":"https:\/\/blog.tmgrupoinmobiliario.com\/sv\/wp-content\/uploads\/sites\/6\/2022\/03\/aire1.jpg","link":"https:\/\/blog.tmgrupoinmobiliario.com\/sv\/2021\/12\/29\/aire-residencial-ett-perfekt-alternativ-for-att-njuta-av-orihuela-costa\/aire1\/","alt":"","author":"11710","description":"","caption":"","name":"aire1","status":"inherit","uploaded_to":16327,"date":"2022-03-01 11:08:47","modified":"2022-03-01 11:08:51","menu_order":0,"mime_type":"image\/jpeg","type":"image","subtype":"jpeg","icon":"https:\/\/blog.tmgrupoinmobiliario.com\/sv\/wp-includes\/images\/media\/default.png","width":1026,"height":768,"sizes":{"thumbnail":"https:\/\/blog.tmgrupoinmobiliario.com\/sv\/wp-content\/uploads\/sites\/6\/2022\/03\/aire1-150x150.jpg","thumbnail-width":150,"thumbnail-height":150,"medium":"https:\/\/blog.tmgrupoinmobiliario.com\/sv\/wp-content\/uploads\/sites\/6\/2022\/03\/aire1-300x225.jpg","medium-width":300,"medium-height":225,"medium_large":"https:\/\/blog.tmgrupoinmobiliario.com\/sv\/wp-content\/uploads\/sites\/6\/2022\/03\/aire1-768x575.jpg","medium_large-width":768,"medium_large-height":575,"large":"https:\/\/blog.tmgrupoinmobiliario.com\/sv\/wp-content\/uploads\/sites\/6\/2022\/03\/aire1-1024x767.jpg","large-width":1024,"large-height":767,"1536x1536":"https:\/\/blog.tmgrupoinmobiliario.com\/sv\/wp-content\/uploads\/sites\/6\/2022\/03\/aire1.jpg","1536x1536-width":1026,"1536x1536-height":768,"2048x2048":"https:\/\/blog.tmgrupoinmobiliario.com\/sv\/wp-content\/uploads\/sites\/6\/2022\/03\/aire1.jpg","2048x2048-width":1026,"2048x2048-height":768}}],"imagen_destacada_desktop":"https:\/\/blog.tmgrupoinmobiliario.com\/sv\/wp-content\/uploads\/sites\/6\/2021\/12\/Diseno-sin-titulo-2-21.png","imagen_destacada_mobile":"https:\/\/blog.tmgrupoinmobiliario.com\/sv\/wp-content\/uploads\/sites\/6\/2021\/12\/Diseno-sin-titulo-2-11.png"},"yoast_head":"<!-- This site is optimized with the Yoast SEO Premium plugin v23.6 (Yoast SEO v27.5) - https:\/\/yoast.com\/product\/yoast-seo-premium-wordpress\/ -->\n<title>Aire Residencial, ett perfekt alternativ f\u00f6r att njuta av Orihuela Costa<\/title>\n<meta name=\"robots\" content=\"index, follow, max-snippet:-1, max-image-preview:large, max-video-preview:-1\" \/>\n<link rel=\"canonical\" href=\"https:\/\/blog.tmgrupoinmobiliario.com\/sv\/2021\/12\/29\/aire-residencial-ett-perfekt-alternativ-for-att-njuta-av-orihuela-costa\/\" \/>\n<meta property=\"og:locale\" content=\"sv_SE\" \/>\n<meta property=\"og:type\" content=\"article\" \/>\n<meta property=\"og:title\" content=\"Aire Residencial, ett perfekt alternativ f\u00f6r att njuta av Orihuela Costa\" \/>\n<meta property=\"og:description\" content=\"&nbsp; Ett nytt bostadsomr\u00e5de fr\u00e5n TM Real Estate Group b\u00f6rjar s\u00e4ljas. Detta \u00e4r Aire Residencial, ett projekt i Villamart\u00edn, Orihuela Costa, som best\u00e5r av 94 l\u00e4genheter i ett lugnt l\u00e4ge omgivet av golfbanor. &nbsp; Ditt nya hem i Villamart\u00edn, Orihuela Costa Dess l\u00e4ge i Villamart\u00edn, Orihuela Costa, mindre \u00e4n 8 minuter fr\u00e5n stranden g\u00f6r att [&hellip;]\" \/>\n<meta property=\"og:url\" content=\"https:\/\/blog.tmgrupoinmobiliario.com\/sv\/2021\/12\/29\/aire-residencial-ett-perfekt-alternativ-for-att-njuta-av-orihuela-costa\/\" \/>\n<meta property=\"og:site_name\" content=\"Svenska\" \/>\n<meta property=\"article:published_time\" content=\"2021-12-29T11:09:35+00:00\" \/>\n<meta property=\"article:modified_time\" content=\"2022-04-12T16:08:23+00:00\" \/>\n<meta property=\"og:image\" content=\"https:\/\/blog.tmgrupoinmobiliario.com\/sv\/wp-content\/uploads\/sites\/6\/2022\/03\/1000x666-11.jpg\" \/>\n\t<meta property=\"og:image:width\" content=\"1000\" \/>\n\t<meta property=\"og:image:height\" content=\"666\" \/>\n\t<meta property=\"og:image:type\" content=\"image\/jpeg\" \/>\n<meta name=\"author\" content=\"alberto\" \/>\n<meta name=\"twitter:card\" content=\"summary_large_image\" \/>\n<meta name=\"twitter:label1\" content=\"Skriven av\" \/>\n\t<meta name=\"twitter:data1\" content=\"alberto\" \/>\n\t<meta name=\"twitter:label2\" content=\"Ber\u00e4knad l\u00e4stid\" \/>\n\t<meta name=\"twitter:data2\" content=\"1 minut\" \/>\n<script type=\"application\/ld+json\" class=\"yoast-schema-graph\">{\"@context\":\"https:\\\/\\\/schema.org\",\"@graph\":[{\"@type\":\"Article\",\"@id\":\"https:\\\/\\\/blog.tmgrupoinmobiliario.com\\\/sv\\\/2021\\\/12\\\/29\\\/aire-residencial-ett-perfekt-alternativ-for-att-njuta-av-orihuela-costa\\\/#article\",\"isPartOf\":{\"@id\":\"https:\\\/\\\/blog.tmgrupoinmobiliario.com\\\/sv\\\/2021\\\/12\\\/29\\\/aire-residencial-ett-perfekt-alternativ-for-att-njuta-av-orihuela-costa\\\/\"},\"author\":{\"name\":\"alberto\",\"@id\":\"https:\\\/\\\/blog.tmgrupoinmobiliario.com\\\/sv\\\/#\\\/schema\\\/person\\\/4059e96ae5aca6723920ee59eef29527\"},\"headline\":\"Aire Residencial, ett perfekt alternativ f\u00f6r att njuta av Orihuela Costa\",\"datePublished\":\"2021-12-29T11:09:35+00:00\",\"dateModified\":\"2022-04-12T16:08:23+00:00\",\"mainEntityOfPage\":{\"@id\":\"https:\\\/\\\/blog.tmgrupoinmobiliario.com\\\/sv\\\/2021\\\/12\\\/29\\\/aire-residencial-ett-perfekt-alternativ-for-att-njuta-av-orihuela-costa\\\/\"},\"wordCount\":298,\"commentCount\":0,\"image\":{\"@id\":\"https:\\\/\\\/blog.tmgrupoinmobiliario.com\\\/sv\\\/2021\\\/12\\\/29\\\/aire-residencial-ett-perfekt-alternativ-for-att-njuta-av-orihuela-costa\\\/#primaryimage\"},\"thumbnailUrl\":\"https:\\\/\\\/blog.tmgrupoinmobiliario.com\\\/sv\\\/wp-content\\\/uploads\\\/sites\\\/6\\\/2022\\\/03\\\/1000x666-11.jpg\",\"keywords\":[\"tag-promotions\",\"tag-promotions-costa-blanca-sur\"],\"articleSection\":[\"Actualidad TM\",\"Ditt nya hem\"],\"inLanguage\":\"sv-SE\",\"potentialAction\":[{\"@type\":\"CommentAction\",\"name\":\"Comment\",\"target\":[\"https:\\\/\\\/blog.tmgrupoinmobiliario.com\\\/sv\\\/2021\\\/12\\\/29\\\/aire-residencial-ett-perfekt-alternativ-for-att-njuta-av-orihuela-costa\\\/#respond\"]}]},{\"@type\":\"WebPage\",\"@id\":\"https:\\\/\\\/blog.tmgrupoinmobiliario.com\\\/sv\\\/2021\\\/12\\\/29\\\/aire-residencial-ett-perfekt-alternativ-for-att-njuta-av-orihuela-costa\\\/\",\"url\":\"https:\\\/\\\/blog.tmgrupoinmobiliario.com\\\/sv\\\/2021\\\/12\\\/29\\\/aire-residencial-ett-perfekt-alternativ-for-att-njuta-av-orihuela-costa\\\/\",\"name\":\"Aire Residencial, ett perfekt alternativ f\u00f6r att njuta av Orihuela Costa\",\"isPartOf\":{\"@id\":\"https:\\\/\\\/blog.tmgrupoinmobiliario.com\\\/sv\\\/#website\"},\"primaryImageOfPage\":{\"@id\":\"https:\\\/\\\/blog.tmgrupoinmobiliario.com\\\/sv\\\/2021\\\/12\\\/29\\\/aire-residencial-ett-perfekt-alternativ-for-att-njuta-av-orihuela-costa\\\/#primaryimage\"},\"image\":{\"@id\":\"https:\\\/\\\/blog.tmgrupoinmobiliario.com\\\/sv\\\/2021\\\/12\\\/29\\\/aire-residencial-ett-perfekt-alternativ-for-att-njuta-av-orihuela-costa\\\/#primaryimage\"},\"thumbnailUrl\":\"https:\\\/\\\/blog.tmgrupoinmobiliario.com\\\/sv\\\/wp-content\\\/uploads\\\/sites\\\/6\\\/2022\\\/03\\\/1000x666-11.jpg\",\"datePublished\":\"2021-12-29T11:09:35+00:00\",\"dateModified\":\"2022-04-12T16:08:23+00:00\",\"author\":{\"@id\":\"https:\\\/\\\/blog.tmgrupoinmobiliario.com\\\/sv\\\/#\\\/schema\\\/person\\\/4059e96ae5aca6723920ee59eef29527\"},\"breadcrumb\":{\"@id\":\"https:\\\/\\\/blog.tmgrupoinmobiliario.com\\\/sv\\\/2021\\\/12\\\/29\\\/aire-residencial-ett-perfekt-alternativ-for-att-njuta-av-orihuela-costa\\\/#breadcrumb\"},\"inLanguage\":\"sv-SE\",\"potentialAction\":[{\"@type\":\"ReadAction\",\"target\":[\"https:\\\/\\\/blog.tmgrupoinmobiliario.com\\\/sv\\\/2021\\\/12\\\/29\\\/aire-residencial-ett-perfekt-alternativ-for-att-njuta-av-orihuela-costa\\\/\"]}]},{\"@type\":\"ImageObject\",\"inLanguage\":\"sv-SE\",\"@id\":\"https:\\\/\\\/blog.tmgrupoinmobiliario.com\\\/sv\\\/2021\\\/12\\\/29\\\/aire-residencial-ett-perfekt-alternativ-for-att-njuta-av-orihuela-costa\\\/#primaryimage\",\"url\":\"https:\\\/\\\/blog.tmgrupoinmobiliario.com\\\/sv\\\/wp-content\\\/uploads\\\/sites\\\/6\\\/2022\\\/03\\\/1000x666-11.jpg\",\"contentUrl\":\"https:\\\/\\\/blog.tmgrupoinmobiliario.com\\\/sv\\\/wp-content\\\/uploads\\\/sites\\\/6\\\/2022\\\/03\\\/1000x666-11.jpg\",\"width\":1000,\"height\":666},{\"@type\":\"BreadcrumbList\",\"@id\":\"https:\\\/\\\/blog.tmgrupoinmobiliario.com\\\/sv\\\/2021\\\/12\\\/29\\\/aire-residencial-ett-perfekt-alternativ-for-att-njuta-av-orihuela-costa\\\/#breadcrumb\",\"itemListElement\":[{\"@type\":\"ListItem\",\"position\":1,\"name\":\"Portada\",\"item\":\"https:\\\/\\\/blog.tmgrupoinmobiliario.com\\\/sv\\\/\"},{\"@type\":\"ListItem\",\"position\":2,\"name\":\"Aire Residencial, ett perfekt alternativ f\u00f6r att njuta av Orihuela Costa\"}]},{\"@type\":\"WebSite\",\"@id\":\"https:\\\/\\\/blog.tmgrupoinmobiliario.com\\\/sv\\\/#website\",\"url\":\"https:\\\/\\\/blog.tmgrupoinmobiliario.com\\\/sv\\\/\",\"name\":\"Svenska\",\"description\":\"Otro sitio m\u00e1s de Blog Desarrollo TM sitios\",\"potentialAction\":[{\"@type\":\"SearchAction\",\"target\":{\"@type\":\"EntryPoint\",\"urlTemplate\":\"https:\\\/\\\/blog.tmgrupoinmobiliario.com\\\/sv\\\/?s={search_term_string}\"},\"query-input\":{\"@type\":\"PropertyValueSpecification\",\"valueRequired\":true,\"valueName\":\"search_term_string\"}}],\"inLanguage\":\"sv-SE\"},{\"@type\":\"Person\",\"@id\":\"https:\\\/\\\/blog.tmgrupoinmobiliario.com\\\/sv\\\/#\\\/schema\\\/person\\\/4059e96ae5aca6723920ee59eef29527\",\"name\":\"alberto\",\"image\":{\"@type\":\"ImageObject\",\"inLanguage\":\"sv-SE\",\"@id\":\"https:\\\/\\\/secure.gravatar.com\\\/avatar\\\/06c6cde3178430a549915eadb7c401c2bc823ad9e7a52cee2719f7299538c934?s=96&d=mm&r=g\",\"url\":\"https:\\\/\\\/secure.gravatar.com\\\/avatar\\\/06c6cde3178430a549915eadb7c401c2bc823ad9e7a52cee2719f7299538c934?s=96&d=mm&r=g\",\"contentUrl\":\"https:\\\/\\\/secure.gravatar.com\\\/avatar\\\/06c6cde3178430a549915eadb7c401c2bc823ad9e7a52cee2719f7299538c934?s=96&d=mm&r=g\",\"caption\":\"alberto\"},\"url\":\"https:\\\/\\\/blog.tmgrupoinmobiliario.com\\\/sv\\\/author\\\/alberto\\\/\"}]}<\/script>\n<!-- \/ Yoast SEO Premium plugin. -->","yoast_head_json":{"title":"Aire Residencial, ett perfekt alternativ f\u00f6r att njuta av Orihuela Costa","robots":{"index":"index","follow":"follow","max-snippet":"max-snippet:-1","max-image-preview":"max-image-preview:large","max-video-preview":"max-video-preview:-1"},"canonical":"https:\/\/blog.tmgrupoinmobiliario.com\/sv\/2021\/12\/29\/aire-residencial-ett-perfekt-alternativ-for-att-njuta-av-orihuela-costa\/","og_locale":"sv_SE","og_type":"article","og_title":"Aire Residencial, ett perfekt alternativ f\u00f6r att njuta av Orihuela Costa","og_description":"&nbsp; Ett nytt bostadsomr\u00e5de fr\u00e5n TM Real Estate Group b\u00f6rjar s\u00e4ljas. Detta \u00e4r Aire Residencial, ett projekt i Villamart\u00edn, Orihuela Costa, som best\u00e5r av 94 l\u00e4genheter i ett lugnt l\u00e4ge omgivet av golfbanor. &nbsp; Ditt nya hem i Villamart\u00edn, Orihuela Costa Dess l\u00e4ge i Villamart\u00edn, Orihuela Costa, mindre \u00e4n 8 minuter fr\u00e5n stranden g\u00f6r att [&hellip;]","og_url":"https:\/\/blog.tmgrupoinmobiliario.com\/sv\/2021\/12\/29\/aire-residencial-ett-perfekt-alternativ-for-att-njuta-av-orihuela-costa\/","og_site_name":"Svenska","article_published_time":"2021-12-29T11:09:35+00:00","article_modified_time":"2022-04-12T16:08:23+00:00","og_image":[{"width":1000,"height":666,"url":"https:\/\/blog.tmgrupoinmobiliario.com\/sv\/wp-content\/uploads\/sites\/6\/2022\/03\/1000x666-11.jpg","type":"image\/jpeg"}],"author":"alberto","twitter_card":"summary_large_image","twitter_misc":{"Skriven av":"alberto","Ber\u00e4knad l\u00e4stid":"1 minut"},"schema":{"@context":"https:\/\/schema.org","@graph":[{"@type":"Article","@id":"https:\/\/blog.tmgrupoinmobiliario.com\/sv\/2021\/12\/29\/aire-residencial-ett-perfekt-alternativ-for-att-njuta-av-orihuela-costa\/#article","isPartOf":{"@id":"https:\/\/blog.tmgrupoinmobiliario.com\/sv\/2021\/12\/29\/aire-residencial-ett-perfekt-alternativ-for-att-njuta-av-orihuela-costa\/"},"author":{"name":"alberto","@id":"https:\/\/blog.tmgrupoinmobiliario.com\/sv\/#\/schema\/person\/4059e96ae5aca6723920ee59eef29527"},"headline":"Aire Residencial, ett perfekt alternativ f\u00f6r att njuta av Orihuela Costa","datePublished":"2021-12-29T11:09:35+00:00","dateModified":"2022-04-12T16:08:23+00:00","mainEntityOfPage":{"@id":"https:\/\/blog.tmgrupoinmobiliario.com\/sv\/2021\/12\/29\/aire-residencial-ett-perfekt-alternativ-for-att-njuta-av-orihuela-costa\/"},"wordCount":298,"commentCount":0,"image":{"@id":"https:\/\/blog.tmgrupoinmobiliario.com\/sv\/2021\/12\/29\/aire-residencial-ett-perfekt-alternativ-for-att-njuta-av-orihuela-costa\/#primaryimage"},"thumbnailUrl":"https:\/\/blog.tmgrupoinmobiliario.com\/sv\/wp-content\/uploads\/sites\/6\/2022\/03\/1000x666-11.jpg","keywords":["tag-promotions","tag-promotions-costa-blanca-sur"],"articleSection":["Actualidad TM","Ditt nya hem"],"inLanguage":"sv-SE","potentialAction":[{"@type":"CommentAction","name":"Comment","target":["https:\/\/blog.tmgrupoinmobiliario.com\/sv\/2021\/12\/29\/aire-residencial-ett-perfekt-alternativ-for-att-njuta-av-orihuela-costa\/#respond"]}]},{"@type":"WebPage","@id":"https:\/\/blog.tmgrupoinmobiliario.com\/sv\/2021\/12\/29\/aire-residencial-ett-perfekt-alternativ-for-att-njuta-av-orihuela-costa\/","url":"https:\/\/blog.tmgrupoinmobiliario.com\/sv\/2021\/12\/29\/aire-residencial-ett-perfekt-alternativ-for-att-njuta-av-orihuela-costa\/","name":"Aire Residencial, ett perfekt alternativ f\u00f6r att njuta av Orihuela Costa","isPartOf":{"@id":"https:\/\/blog.tmgrupoinmobiliario.com\/sv\/#website"},"primaryImageOfPage":{"@id":"https:\/\/blog.tmgrupoinmobiliario.com\/sv\/2021\/12\/29\/aire-residencial-ett-perfekt-alternativ-for-att-njuta-av-orihuela-costa\/#primaryimage"},"image":{"@id":"https:\/\/blog.tmgrupoinmobiliario.com\/sv\/2021\/12\/29\/aire-residencial-ett-perfekt-alternativ-for-att-njuta-av-orihuela-costa\/#primaryimage"},"thumbnailUrl":"https:\/\/blog.tmgrupoinmobiliario.com\/sv\/wp-content\/uploads\/sites\/6\/2022\/03\/1000x666-11.jpg","datePublished":"2021-12-29T11:09:35+00:00","dateModified":"2022-04-12T16:08:23+00:00","author":{"@id":"https:\/\/blog.tmgrupoinmobiliario.com\/sv\/#\/schema\/person\/4059e96ae5aca6723920ee59eef29527"},"breadcrumb":{"@id":"https:\/\/blog.tmgrupoinmobiliario.com\/sv\/2021\/12\/29\/aire-residencial-ett-perfekt-alternativ-for-att-njuta-av-orihuela-costa\/#breadcrumb"},"inLanguage":"sv-SE","potentialAction":[{"@type":"ReadAction","target":["https:\/\/blog.tmgrupoinmobiliario.com\/sv\/2021\/12\/29\/aire-residencial-ett-perfekt-alternativ-for-att-njuta-av-orihuela-costa\/"]}]},{"@type":"ImageObject","inLanguage":"sv-SE","@id":"https:\/\/blog.tmgrupoinmobiliario.com\/sv\/2021\/12\/29\/aire-residencial-ett-perfekt-alternativ-for-att-njuta-av-orihuela-costa\/#primaryimage","url":"https:\/\/blog.tmgrupoinmobiliario.com\/sv\/wp-content\/uploads\/sites\/6\/2022\/03\/1000x666-11.jpg","contentUrl":"https:\/\/blog.tmgrupoinmobiliario.com\/sv\/wp-content\/uploads\/sites\/6\/2022\/03\/1000x666-11.jpg","width":1000,"height":666},{"@type":"BreadcrumbList","@id":"https:\/\/blog.tmgrupoinmobiliario.com\/sv\/2021\/12\/29\/aire-residencial-ett-perfekt-alternativ-for-att-njuta-av-orihuela-costa\/#breadcrumb","itemListElement":[{"@type":"ListItem","position":1,"name":"Portada","item":"https:\/\/blog.tmgrupoinmobiliario.com\/sv\/"},{"@type":"ListItem","position":2,"name":"Aire Residencial, ett perfekt alternativ f\u00f6r att njuta av Orihuela Costa"}]},{"@type":"WebSite","@id":"https:\/\/blog.tmgrupoinmobiliario.com\/sv\/#website","url":"https:\/\/blog.tmgrupoinmobiliario.com\/sv\/","name":"Svenska","description":"Otro sitio m\u00e1s de Blog Desarrollo TM sitios","potentialAction":[{"@type":"SearchAction","target":{"@type":"EntryPoint","urlTemplate":"https:\/\/blog.tmgrupoinmobiliario.com\/sv\/?s={search_term_string}"},"query-input":{"@type":"PropertyValueSpecification","valueRequired":true,"valueName":"search_term_string"}}],"inLanguage":"sv-SE"},{"@type":"Person","@id":"https:\/\/blog.tmgrupoinmobiliario.com\/sv\/#\/schema\/person\/4059e96ae5aca6723920ee59eef29527","name":"alberto","image":{"@type":"ImageObject","inLanguage":"sv-SE","@id":"https:\/\/secure.gravatar.com\/avatar\/06c6cde3178430a549915eadb7c401c2bc823ad9e7a52cee2719f7299538c934?s=96&d=mm&r=g","url":"https:\/\/secure.gravatar.com\/avatar\/06c6cde3178430a549915eadb7c401c2bc823ad9e7a52cee2719f7299538c934?s=96&d=mm&r=g","contentUrl":"https:\/\/secure.gravatar.com\/avatar\/06c6cde3178430a549915eadb7c401c2bc823ad9e7a52cee2719f7299538c934?s=96&d=mm&r=g","caption":"alberto"},"url":"https:\/\/blog.tmgrupoinmobiliario.com\/sv\/author\/alberto\/"}]}},"jetpack_featured_media_url":"https:\/\/blog.tmgrupoinmobiliario.com\/sv\/wp-content\/uploads\/sites\/6\/2022\/03\/1000x666-11.jpg","jetpack_sharing_enabled":true,"_links":{"self":[{"href":"https:\/\/blog.tmgrupoinmobiliario.com\/sv\/wp-json\/wp\/v2\/posts\/16327","targetHints":{"allow":["GET"]}}],"collection":[{"href":"https:\/\/blog.tmgrupoinmobiliario.com\/sv\/wp-json\/wp\/v2\/posts"}],"about":[{"href":"https:\/\/blog.tmgrupoinmobiliario.com\/sv\/wp-json\/wp\/v2\/types\/post"}],"author":[{"embeddable":true,"href":"https:\/\/blog.tmgrupoinmobiliario.com\/sv\/wp-json\/wp\/v2\/users\/11710"}],"replies":[{"embeddable":true,"href":"https:\/\/blog.tmgrupoinmobiliario.com\/sv\/wp-json\/wp\/v2\/comments?post=16327"}],"version-history":[{"count":2,"href":"https:\/\/blog.tmgrupoinmobiliario.com\/sv\/wp-json\/wp\/v2\/posts\/16327\/revisions"}],"predecessor-version":[{"id":16487,"href":"https:\/\/blog.tmgrupoinmobiliario.com\/sv\/wp-json\/wp\/v2\/posts\/16327\/revisions\/16487"}],"wp:featuredmedia":[{"embeddable":true,"href":"https:\/\/blog.tmgrupoinmobiliario.com\/sv\/wp-json\/wp\/v2\/media\/16335"}],"wp:attachment":[{"href":"https:\/\/blog.tmgrupoinmobiliario.com\/sv\/wp-json\/wp\/v2\/media?parent=16327"}],"wp:term":[{"taxonomy":"category","embeddable":true,"href":"https:\/\/blog.tmgrupoinmobiliario.com\/sv\/wp-json\/wp\/v2\/categories?post=16327"},{"taxonomy":"post_tag","embeddable":true,"href":"https:\/\/blog.tmgrupoinmobiliario.com\/sv\/wp-json\/wp\/v2\/tags?post=16327"}],"curies":[{"name":"wp","href":"https:\/\/api.w.org\/{rel}","templated":true}]}}