{"id":19973,"date":"2026-04-21T11:31:34","date_gmt":"2026-04-21T11:31:34","guid":{"rendered":"https:\/\/blog.tmgrupoinmobiliario.com\/pl\/?p=19973"},"modified":"2026-04-21T11:32:55","modified_gmt":"2026-04-21T11:32:55","slug":"jardins-peguera-luksusowe-wille-majorka","status":"publish","type":"post","link":"https:\/\/blog.tmgrupoinmobiliario.com\/pl\/2026\/04\/21\/jardins-peguera-luksusowe-wille-majorka\/","title":{"rendered":"Jardins de Peguera by TM: Luksusowe wille pomi\u0119dzy Sierra de Tramuntana a Morzem \u015ar\u00f3dziemnym"},"content":{"rendered":"<p data-path-to-node=\"28\"><span style=\"color: #000000\"><strong>Ta ekskluzywna butikowa inwestycja mieszkaniowa, po\u0142o\u017cona w gminie Calvi\u00e0, powsta\u0142a, aby na nowo zdefiniowa\u0107 koncepcj\u0119 prywatno\u015bci i kontaktu z natur\u0105 na po\u0142udniowym zachodzie wyspy.<\/strong><\/span><\/p>\n<p data-path-to-node=\"29\"><span style=\"color: #ff0000\"><b data-path-to-node=\"29\" data-index-in-node=\"0\">Ekskluzywna przysta\u0144 w sercu Calvi\u00e0<\/b><\/span><\/p>\n<p data-path-to-node=\"29\">\u017bycie w <span style=\"color: #000000\"><strong><a style=\"color: #000000\" href=\"https:\/\/www.tmgrupoinmobiliario.com\/pl\/nieruchomosci\/V01-01_nowe-wille-calvia-majorka-jardins-de-peguera-by-tm?utm_source=publicidad_online&amp;utm_medium=blog_TM&amp;utm_campaign=blog_TM&amp;SAP_cat=001&amp;sap_subcat1=059&amp;sap_subcat2=200\">Jardins de Peguera by TM<\/a><\/strong><\/span> oznacza bycie cz\u0119\u015bci\u0105 uprzywilejowanego otoczenia. Sk\u0142adaj\u0105cy si\u0119 z zaledwie pi\u0119ciu niezale\u017cnych willi projekt zosta\u0142 stworzony dla tych, kt\u00f3rzy ceni\u0105 spok\u00f3j i nowoczesny design. Architektura o \u0142agodnych liniach i wyko\u0144czeniach z naturalnego kamienia oddaje ho\u0142d malta\u0144skiej tradycji, wtapiaj\u0105c si\u0119 w zbocza Sierra de Tramuntana, wpisanej na list\u0119 \u015bwiatowego dziedzictwa UNESCO.<\/p>\n<p data-path-to-node=\"30\">Lokalizacja w Peguerze oferuje idealn\u0105 r\u00f3wnowag\u0119 mi\u0119dzy spokojem g\u00f3r a \u015bwie\u017co\u015bci\u0105 morza. W zaledwie kilka minut mieszka\u0144cy mog\u0105 dotrze\u0107 do kultowych punkt\u00f3w widokowych, takich jak Torre del Cap Andritxol czy rezerwat morski wysp Malgrats.<\/p>\n<p data-path-to-node=\"31\"><span style=\"color: #ff0000\"><b data-path-to-node=\"31\" data-index-in-node=\"0\">Design, jako\u015b\u0107 i zr\u00f3wnowa\u017cony rozw\u00f3j<\/b><\/span><\/p>\n<p data-path-to-node=\"31\">Ka\u017cda willa w Jardins de Peguera zosta\u0142a zaprojektowana jako sanktuarium dobrego samopoczucia. Domy wyr\u00f3\u017cniaj\u0105 si\u0119 jasno\u015bci\u0105 i przestronno\u015bci\u0105 pomieszcze\u0144, a ka\u017cdy z nich posiada prywatny ogr\u00f3d i basen. Zaanga\u017cowanie TM Grupo Inmobiliario w doskona\u0142o\u015b\u0107 znajduje odzwierciedlenie w luksusowych detalach:<\/p>\n<ul data-path-to-node=\"32\">\n<li>\n<p data-path-to-node=\"32,0,0\"><b data-path-to-node=\"32,0,0\" data-index-in-node=\"0\">Efektywno\u015b\u0107 energetyczna:<\/b> System aerotermii z wodnym ogrzewaniem pod\u0142ogowym w ca\u0142ym domu i elektrycznym w \u0142azienkach.<\/p>\n<\/li>\n<li>\n<p data-path-to-node=\"32,1,0\"><b data-path-to-node=\"32,1,0\" data-index-in-node=\"0\">Jako\u015b\u0107 Premium:<\/b> Blaty kwarcowe typu Silestone, wielkoformatowe gresy porcelanowe oraz zmotoryzowane rolety z blokad\u0105 bezpiecze\u0144stwa.<\/p>\n<\/li>\n<li>\n<p data-path-to-node=\"32,2,0\"><b data-path-to-node=\"32,2,0\" data-index-in-node=\"0\">Personalizacja:<\/b> W\u0142a\u015bciciele mog\u0105 dostosowa\u0107 wyko\u0144czenia do swojego stylu \u017cycia, a nawet odebra\u0107 will\u0119 gotow\u0105 do zamieszkania z pakietami mebli Aktual lub L-Gance.<\/p>\n<\/li>\n<\/ul>\n<p data-path-to-node=\"33\"><span style=\"color: #ff0000\"><b data-path-to-node=\"33\" data-index-in-node=\"0\">\u015ar\u00f3dziemnomorski styl \u017cycia w najlepszym wydaniu<\/b><\/span><\/p>\n<p data-path-to-node=\"33\">Mieszkanie w tej cz\u0119\u015bci Majorki jest synonimem podniesienia jako\u015bci \u017cycia. Mi\u0142o\u015bnicy morza odnajd\u0105 sw\u00f3j raj na pobliskich pla\u017cach o krystalicznie czystej wodzie, takich jak Cala Fornells, Playa Palmira czy Cal\u00f3 de Ses Llises. Dla entuzjast\u00f3w sportu i rekreacji oferta jest bezkonkurencyjna.<\/p>\n<p data-path-to-node=\"33\"><span style=\"color: #000000\"><strong><a style=\"color: #000000\" href=\"https:\/\/www.tmgrupoinmobiliario.com\/pl\/nieruchomosci\/V01-01_nowe-wille-calvia-majorka-jardins-de-peguera-by-tm?utm_source=publicidad_online&amp;utm_medium=blog_TM&amp;utm_campaign=blog_TM&amp;SAP_cat=001&amp;sap_subcat1=059&amp;sap_subcat2=200\">Jardins de Peguera<\/a><\/strong><\/span> <strong>by TM<\/strong> znajduje si\u0119 w niewielkiej odleg\u0142o\u015bci od uznanych na arenie mi\u0119dzynarodowej p\u00f3l <strong>golfowych<\/strong>, takich jak Golf Andratx i Golf Calvi\u00e0, co umacnia ten obszar jako jedno z najbardziej ekskluzywnych miejsc w Europie. Jardins de Peguera by TM to nie tylko inwestycja mieszkaniowa; to zaproszenie do \u017cycia na Majorce w spokoju, autentyczno\u015bci i z gwarancj\u0105 wiod\u0105cego dewelopera w bran\u017cy.<\/p>\n<h3 data-path-to-node=\"33\"><em><span style=\"color: #ff0000\"><b data-path-to-node=\"10,0,0\" data-index-in-node=\"0\">Wi\u0119cej informacji:<\/b><\/span><\/em><\/h3>\n<div data-test='contact-form'\n\t\t\tid='contact-form-19973'\n\t\t\tclass='jetpack-contact-form-container '\n\t\t\tdata-wp-interactive='jetpack\/form' data-wp-context='{\"formId\":\"19973\",\"formHash\":\"6bbfa2a6bd7305d4f06c30059fe278879df2a321\",\"showErrors\":false,\"errors\":[],\"fields\":[],\"isMultiStep\":false,\"useAjax\":true,\"submissionData\":null,\"formattedSubmissionData\":[],\"submissionSuccess\":false,\"submissionError\":null,\"elementId\":\"jp-form-6bbfa2a6bd7305d4f06c30059fe278879df2a321\",\"isSingleInputForm\":false,\"isForcedHorizontal\":false}'\n\t\t\tdata-wp-watch--scroll-to-wrapper=\"callbacks.scrollToWrapper\"\n\t\t>\n<div class=\"contact-form-submission contact-form-ajax-submission\" data-wp-bind--aria-hidden=\"state.isSuccessMessageAriaHidden\" data-wp-class--submission-success=\"context.submissionSuccess\" id=\"contact-form-success-6bbfa2a6bd7305d4f06c30059fe278879df2a321\" tabindex=\"-1\" aria-labelledby=\"contact-form-success-header-6bbfa2a6bd7305d4f06c30059fe278879df2a321\"><p class=\"go-back-message\"><a class=\"link\" role=\"button\" tabindex=\"0\" data-wp-on--click=\"actions.goBack\" href=\"\/pl\/wp-json\/wp\/v2\/posts\/19973\">\u2190 Wstecz<\/a><\/p><h4 data-wp-bind--aria-hidden=\"state.isSuccessMessageAriaHidden\" id=\"contact-form-success-header-6bbfa2a6bd7305d4f06c30059fe278879df2a321\">Twoja wiadomo\u015b\u0107 zosta\u0142a wys\u0142ana<\/h4>\n\n<template data-wp-each--submission=\"context.formattedSubmissionData\">\n\t\t\t\t\t<div class=\"jetpack_forms_contact-form-success-summary\">\n\t\t\t\t\t\t<div class=\"field-name-wrapper\">\n\t\t\t\t\t\t\t<div class=\"field-type-icon\" data-wp-watch=\"callbacks.watchFieldTypeIcon\"><\/div>\n\t\t\t\t\t\t\t<div class=\"field-name\" data-wp-text=\"context.submission.label\" data-wp-bind--hidden=\"!context.submission.label\"><\/div>\n\t\t\t\t\t\t<\/div>\n\t\t\t\t\t\t<div class=\"field-value\" data-wp-text=\"context.submission.value\" data-wp-bind--hidden=\"!context.submission.showPlainValue\"><\/div>\n\t\t\t\t\t\t<a class=\"field-url\" data-wp-bind--href=\"context.submission.url\" data-wp-text=\"context.submission.value\" data-wp-bind--hidden=\"!context.submission.url\" target=\"_blank\" rel=\"noopener noreferrer\"><\/a>\n\t\t\t\t\t\t<div class=\"field-rating\" data-wp-bind--hidden=\"!context.submission.rating\" data-wp-watch=\"callbacks.watchRatingIcons\"><\/div>\n\t\t\t\t\t\t<div class=\"field-images\" data-wp-bind--hidden=\"!context.submission.images\">\n\t\t\t\t\t\t\t<template data-wp-each--image=\"context.submission.images\">\n\t\t\t\t\t\t\t\t<div class=\"field-image-option\" data-wp-class--is-empty=\"!context.image.src\">\n\t\t\t\t\t\t\t\t\t<figure class=\"field-image-option__image\" data-wp-class--is-empty=\"!context.image.src\">\n\t\t\t\t\t\t\t\t\t\t<img data-wp-bind--src=\"context.image.src\" data-wp-bind--hidden=\"!context.image.src\" \/>\n\t\t\t\t\t\t\t\t\t\t<img decoding=\"async\" src=\"data:image\/gif;base64,R0lGODlhAQABAAD\/ACwAAAAAAQABAAACADs=\" data-wp-bind--hidden=\"context.image.src\" \/>\n\t\t\t\t\t\t\t\t\t<\/figure>\n\t\t\t\t\t\t\t\t\t<div class=\"field-image-option__label-wrapper\">\n\t\t\t\t\t\t\t\t\t\t<span class=\"field-image-option__label-code\" data-wp-text=\"context.image.letterCode\"><\/span>\n\t\t\t\t\t\t\t\t\t\t<span class=\"field-image-option__label\" data-wp-text=\"context.image.label\" data-wp-bind--hidden=\"!context.image.label\"><\/span>\n\t\t\t\t\t\t\t\t\t<\/div>\n\t\t\t\t\t\t\t\t<\/div>\n\t\t\t\t\t\t\t<\/template>\n\t\t\t\t\t\t<\/div>\n\t\t\t\t\t\t<div class=\"field-files\" data-wp-bind--hidden=\"!context.submission.files\">\n\t\t\t\t\t\t\t<template data-wp-each--file=\"context.submission.files\">\n\t\t\t\t\t\t\t\t<div class=\"field-file\">\n\t\t\t\t\t\t\t\t\t<div class=\"field-file__thumbnail\" data-wp-style--background-image=\"context.file.previewUrl\" data-wp-style--mask-image=\"context.file.iconUrl\" data-wp-bind--hidden=\"!context.file.hasPreview\"><\/div>\n\t\t\t\t\t\t\t\t\t<svg class=\"field-file__icon\" data-wp-bind--hidden=\"context.file.hasPreview\" width=\"20\" height=\"20\" viewBox=\"0 0 24 24\" fill=\"none\" xmlns=\"http:\/\/www.w3.org\/2000\/svg\" aria-hidden=\"true\">\n\t\t\t\t\t\t\t\t\t\t<path d=\"M14 2H6C4.9 2 4 2.9 4 4V20C4 21.1 4.89 22 5.99 22H18C19.1 22 20 21.1 20 20V8L14 2ZM18 20H6V4H13V9H18V20Z\" fill=\"currentColor\"\/>\n\t\t\t\t\t\t\t\t\t<\/svg>\n\t\t\t\t\t\t\t\t\t<span class=\"field-file__name\" data-wp-text=\"context.file.name\"><\/span>\n\t\t\t\t\t\t\t\t\t<span class=\"field-file__size\" data-wp-text=\"context.file.size\"><\/span>\n\t\t\t\t\t\t\t\t<\/div>\n\t\t\t\t\t\t\t<\/template>\n\t\t\t\t\t\t<\/div>\n\t\t\t\t\t<\/div>\n\t\t\t\t<\/template><\/div><form action='https:\/\/blog.tmgrupoinmobiliario.com\/pl\/2026\/04\/21\/jardins-peguera-luksusowe-wille-majorka\/'\n\t\t\t\tid='jp-form-6bbfa2a6bd7305d4f06c30059fe278879df2a321'\n\t\t\t\tmethod='post'\n\t\t\t\tclass='contact-form commentsblock jetpack-contact-form__form has-no-jetpack-form-layout' aria-label=\"Jardins de Peguera by TM: Luksusowe wille pomi\u0119dzy Sierra de Tramuntana a Morzem \u015ar\u00f3dziemnym\"\n\t\t\t\tdata-wp-on--submit=\"actions.onFormSubmit\"\n\t\t\t\tdata-wp-on--reset=\"actions.onFormReset\"\n\t\t\t\tdata-wp-class--submission-success=\"context.submissionSuccess\"\n\t\t\t\tdata-wp-class--is-first-step=\"state.isFirstStep\"\n\t\t\t\tdata-wp-class--is-last-step=\"state.isLastStep\"\n\t\t\t\tdata-wp-class--is-ajax-form=\"context.useAjax\"\n\t\t\t\tnovalidate >\n<input type='hidden' name='jetpack_contact_form_jwt' value='eyJ0eXAiOiJKV1QiLCJhbGciOiJIUzI1NiJ9.eyJlbmNyeXB0ZWRfYXR0cmlidXRlcyI6ImpwaWp1d1NIalZFa2Zsd1BoTEVlSDYrLzd3dHROV2lVRS90SGFQSWJ0V21mVGZCUWZka091d1RDVVh6SllxL0ZGYzhqb0g4VUFvN3Y0RFlFc3ZoQWFkTlNNZElOZkpycXFCNUIweXVza1NGODZRU3hzV05pNUhaUFJOSTJzZUV3M09TUzZDbm9ycElaNEwwWmFTbndHYVBMOVdaYUQycTYwQTlIbTQrNkN2YkxoL2RrZi82MjE5UCt6VWJodmxLM04yWVpBN1gvL2YxY3RXcGRxSVZNaGR1bG9ENEVGQmxGLzNJcVFTbHZFa1E1SEJNNVpmOWJsS2Uvc0thZDJPNnBGZU5IMUJWdVhLUkJYekN5SUpGQjhoeWJ4aVcxa2xCUWt5N2xBMWRiVVBscnF0MnE1Rm1pWllLZzhnOUhoQ002WWRPbW1wbncvSmNFMmM5SFdiUUp4OGt2U3hjVGZ3OFk2VmJKVisrVlY3NXBmaG9PSG1keDR1MzRyc2dVMHRYb0huc0gzSmpGTjRQZzhVSnd1MWJYVWxNRmVRMEVqaFlQdUNyY2tQYWc3SXBjUExUTXVOeERwNDFJNnZwZ2IrWWdLeXpCUk9xVklob2U3MWdhM3ZmNUlabTZ6cmpjWnVOc1E5dzZiZEpEMVVZaVhYWW5iREZmVUd2UHNyWmVlclZ5bjFxdGd4YlNFeFZBWm8wSzRHb2lDaHNWcTdldVJKQldLWmtMNjErNmVVUi9VckhIU2pkQzNlWFkzaEk3Y2xwekdsZGdMMXFCcjEyOVpVRlY1dWJ5bnkxeXord25RdUJMckhXemVFOWQ0Q3FET1RTK3M4ZlhMSzdQM2dwWEZBVk5FdEU0UDdWZGxMZXp2QzIzQklmSXFYQjFsZS9PU0I0QTFFRWNHaENwK0JQc2dKcjJGL0hzQUZkc01xN2lvSS84dWFMcWt6SlM0d0s5c0t1S0cxTHROMWlmYXU5OVFYdzQwUWdRT1hoaC9VTFIrdEhwNXVvQlJKeWRRUnZmWWk0TVBEMEluajZCR2xla3FvcWpOOTlQZDc5Q09VVnJja2t2UnMzV1hiSFJob2hMRkNvL045VHkyMWRiQXh5SzVhRnBoMkhxaHAvUmxnRDI4YnNITVlUd2loWllMWlR6SW0vZlpyWmovSHI0SGVJQ1lVTzA3TlRwYnk2VXEzdzNaKzNFOWNIMDJFUXNqb3BPZG9DNE0zeWhyaXJzaUNjOWdJcEhMSmkxb0NZblVXalBPU2ZaN2FvdlVZOEt1NjZjNk9ZWURtNDduZ0FwbVV5UE1TclFYdHgyRm42Q1ZnaHNpbWJwUmF6cVkwR1Y3V0FVd0gyb2JubkhCVnNBVFYvQVdYL1RVYWNZak5oWVFmdXcwZVdWcVd4U1pwQk1uZ2ZNYmY4TXBhTldQaS84dUZiaUVPWDZUUT09IiwiY29udGVudCI6Iltjb250YWN0LWZpZWxkIGxhYmVsPVwiTmF6d2FcIiB0eXBlPVwibmFtZVwiICByZXF1aXJlZD1cInRydWVcIiAvXVtjb250YWN0LWZpZWxkIGxhYmVsPVwiRS1tYWlsXCIgdHlwZT1cImVtYWlsXCIgcmVxdWlyZWQ9XCJ0cnVlXCIgL11bY29udGFjdC1maWVsZCBsYWJlbD1cIldpdHJ5bmEgaW50ZXJuZXRvd2FcIiB0eXBlPVwidXJsXCIgL11bY29udGFjdC1maWVsZCBsYWJlbD1cIldpYWRvbW9cdTAxNWJcdTAxMDdcIiB0eXBlPVwidGV4dGFyZWFcIiAvXSIsImhhc2giOiI2YmJmYTJhNmJkNzMwNWQ0ZjA2YzMwMDU5ZmUyNzg4NzlkZjJhMzIxIiwic291cmNlIjp7ImVudHJ5X3RpdGxlIjoiSmFyZGlucyBkZSBQZWd1ZXJhIGJ5IFRNOiBMdWtzdXNvd2Ugd2lsbGUgcG9taVx1MDExOWR6eSBTaWVycmEgZGUgVHJhbXVudGFuYSBhIE1vcnplbSBcdTAxNWFyXHUwMGYzZHppZW1ueW0iLCJlbnRyeV9wYWdlIjoxLCJzb3VyY2VfaWQiOjE5OTczLCJzb3VyY2VfdHlwZSI6InNpbmdsZSIsInJlcXVlc3RfdXJsIjoiaHR0cHM6Ly9ibG9nLnRtZ3J1cG9pbm1vYmlsaWFyaW8uY29tL3BsL3dwLWpzb24vd3AvdjIvcG9zdHMvMTk5NzMifSwidmVyc2lvbiI6MiwiY2lwaGVyIjoiYWVzLTI1Ni1nY20ifQ.D2sA-ShRhTkIcQ9gTZ-yMxx1ybrNsORHPSWuVwdu0AQ' \/>\n\n<div style=\"\"  data-wp-interactive=\"jetpack\/form\" data-wp-context='{\"fieldId\":\"g19973-nazwa\",\"fieldType\":\"name\",\"fieldLabel\":\"Nazwa\",\"fieldValue\":\"\",\"fieldPlaceholder\":\"\",\"fieldIsRequired\":\"1\",\"fieldErrorMessage\":\"\",\"fieldExtra\":[],\"formHash\":\"6bbfa2a6bd7305d4f06c30059fe278879df2a321\"}'  class='grunion-field-name-wrap grunion-field-wrap'  data-wp-init='callbacks.initializeField' data-wp-on--jetpack-form-reset='callbacks.initializeField' >\n<label\n\t\t\t\tfor='g19973-nazwa' class=\"grunion-field-label name\" >Nazwa<span class=\"grunion-label-required\" aria-hidden=\"true\">(wymagane)<\/span><\/label>\n<input\n\t\t\t\t\ttype='text'\n\t\t\t\t\tname='g19973-nazwa'\n\t\t\t\t\tid='g19973-nazwa'\n\t\t\t\t\tvalue=''\n\n\t\t\t\t\tdata-wp-bind--aria-invalid='state.fieldAriaInvalid'\n\t\t\t\t\tdata-wp-bind--value='state.getFieldValue'\n\t\t\t\t\taria-describedby='g19973-nazwa-text-error-message'\n\t\t\t\t\tdata-wp-on--input='actions.onFieldChange'\n\t\t\t\t\tdata-wp-on--blur='actions.onFieldBlur'\n\t\t\t\t\tdata-wp-class--has-value='state.hasFieldValue'\n\n\t\t\t\t\tclass='name  grunion-field' \n\t\t\t\t\trequired='true' aria-required='true'  \/>\n \n\t\t\t<div id=\"g19973-nazwa-text-error\" class=\"contact-form__input-error\" data-wp-class--has-errors=\"state.fieldHasErrors\">\n\t\t\t\t<span class=\"contact-form__warning-icon\" aria-hidden=\"true\">\n\t\t\t\t\t<svg width=\"16\" height=\"16\" viewBox=\"0 0 16 16\" fill=\"none\" xmlns=\"http:\/\/www.w3.org\/2000\/svg\">\n\t\t\t\t\t\t<path d=\"M8.50015 11.6402H7.50015V10.6402H8.50015V11.6402Z\" \/>\n\t\t\t\t\t\t<path d=\"M7.50015 9.64018H8.50015V6.30684H7.50015V9.64018Z\" \/>\n\t\t\t\t\t\t<path fill-rule=\"evenodd\" clip-rule=\"evenodd\" d=\"M6.98331 3.0947C7.42933 2.30177 8.57096 2.30177 9.01698 3.09469L13.8771 11.7349C14.3145 12.5126 13.7525 13.4735 12.8602 13.4735H3.14004C2.24774 13.4735 1.68575 12.5126 2.12321 11.7349L6.98331 3.0947ZM8.14541 3.58496C8.08169 3.47168 7.9186 3.47168 7.85488 3.58496L2.99478 12.2251C2.93229 12.3362 3.01257 12.4735 3.14004 12.4735H12.8602C12.9877 12.4735 13.068 12.3362 13.0055 12.2251L8.14541 3.58496Z\" \/>\n\t\t\t\t\t<\/svg>\n\t\t\t\t<\/span>\n\t\t\t\t<span data-wp-text=\"state.errorMessage\" id=\"g19973-nazwa-text-error-message\"><\/span>\n\t\t\t<\/div> \n\t<\/div>\n\n<div style=\"\"  data-wp-interactive=\"jetpack\/form\" data-wp-context='{\"fieldId\":\"g19973-email\",\"fieldType\":\"email\",\"fieldLabel\":\"E-mail\",\"fieldValue\":\"\",\"fieldPlaceholder\":\"\",\"fieldIsRequired\":\"1\",\"fieldErrorMessage\":\"\",\"fieldExtra\":[],\"formHash\":\"6bbfa2a6bd7305d4f06c30059fe278879df2a321\"}'  class='grunion-field-email-wrap grunion-field-wrap'  data-wp-init='callbacks.initializeField' data-wp-on--jetpack-form-reset='callbacks.initializeField' >\n<label\n\t\t\t\tfor='g19973-email' class=\"grunion-field-label email\" >E-mail<span class=\"grunion-label-required\" aria-hidden=\"true\">(wymagane)<\/span><\/label>\n<input\n\t\t\t\t\ttype='email'\n\t\t\t\t\tname='g19973-email'\n\t\t\t\t\tid='g19973-email'\n\t\t\t\t\tvalue=''\n\n\t\t\t\t\tdata-wp-bind--aria-invalid='state.fieldAriaInvalid'\n\t\t\t\t\tdata-wp-bind--value='state.getFieldValue'\n\t\t\t\t\taria-describedby='g19973-email-email-error-message'\n\t\t\t\t\tdata-wp-on--input='actions.onFieldChange'\n\t\t\t\t\tdata-wp-on--blur='actions.onFieldBlur'\n\t\t\t\t\tdata-wp-class--has-value='state.hasFieldValue'\n\n\t\t\t\t\tclass='email  grunion-field' \n\t\t\t\t\trequired='true' aria-required='true'  \/>\n \n\t\t\t<div id=\"g19973-email-email-error\" class=\"contact-form__input-error\" data-wp-class--has-errors=\"state.fieldHasErrors\">\n\t\t\t\t<span class=\"contact-form__warning-icon\" aria-hidden=\"true\">\n\t\t\t\t\t<svg width=\"16\" height=\"16\" viewBox=\"0 0 16 16\" fill=\"none\" xmlns=\"http:\/\/www.w3.org\/2000\/svg\">\n\t\t\t\t\t\t<path d=\"M8.50015 11.6402H7.50015V10.6402H8.50015V11.6402Z\" \/>\n\t\t\t\t\t\t<path d=\"M7.50015 9.64018H8.50015V6.30684H7.50015V9.64018Z\" \/>\n\t\t\t\t\t\t<path fill-rule=\"evenodd\" clip-rule=\"evenodd\" d=\"M6.98331 3.0947C7.42933 2.30177 8.57096 2.30177 9.01698 3.09469L13.8771 11.7349C14.3145 12.5126 13.7525 13.4735 12.8602 13.4735H3.14004C2.24774 13.4735 1.68575 12.5126 2.12321 11.7349L6.98331 3.0947ZM8.14541 3.58496C8.08169 3.47168 7.9186 3.47168 7.85488 3.58496L2.99478 12.2251C2.93229 12.3362 3.01257 12.4735 3.14004 12.4735H12.8602C12.9877 12.4735 13.068 12.3362 13.0055 12.2251L8.14541 3.58496Z\" \/>\n\t\t\t\t\t<\/svg>\n\t\t\t\t<\/span>\n\t\t\t\t<span data-wp-text=\"state.errorMessage\" id=\"g19973-email-email-error-message\"><\/span>\n\t\t\t<\/div> \n\t<\/div>\n\n<div style=\"\"  data-wp-interactive=\"jetpack\/form\" data-wp-context='{\"fieldId\":\"g19973-witrynainternetowa\",\"fieldType\":\"url\",\"fieldLabel\":\"Witryna internetowa\",\"fieldValue\":\"\",\"fieldPlaceholder\":\"\",\"fieldIsRequired\":\"\",\"fieldErrorMessage\":\"\",\"fieldExtra\":[],\"formHash\":\"6bbfa2a6bd7305d4f06c30059fe278879df2a321\"}'  class='grunion-field-url-wrap grunion-field-wrap'  data-wp-init='callbacks.initializeField' data-wp-on--jetpack-form-reset='callbacks.initializeField' >\n<label\n\t\t\t\tfor='g19973-witrynainternetowa' class=\"grunion-field-label url\" >Witryna internetowa<\/label>\n<input\n\t\t\t\t\ttype='text'\n\t\t\t\t\tname='g19973-witrynainternetowa'\n\t\t\t\t\tid='g19973-witrynainternetowa'\n\t\t\t\t\tvalue=''\n\n\t\t\t\t\tdata-wp-bind--aria-invalid='state.fieldAriaInvalid'\n\t\t\t\t\tdata-wp-bind--value='state.getFieldValue'\n\t\t\t\t\taria-describedby='g19973-witrynainternetowa-text-error-message'\n\t\t\t\t\tdata-wp-on--input='actions.onFieldChange'\n\t\t\t\t\tdata-wp-on--blur='actions.onFieldBlur'\n\t\t\t\t\tdata-wp-class--has-value='state.hasFieldValue'\n\n\t\t\t\t\tclass='url  grunion-field' \n\t\t\t\t\t \/>\n \n\t\t\t<div id=\"g19973-witrynainternetowa-text-error\" class=\"contact-form__input-error\" data-wp-class--has-errors=\"state.fieldHasErrors\">\n\t\t\t\t<span class=\"contact-form__warning-icon\" aria-hidden=\"true\">\n\t\t\t\t\t<svg width=\"16\" height=\"16\" viewBox=\"0 0 16 16\" fill=\"none\" xmlns=\"http:\/\/www.w3.org\/2000\/svg\">\n\t\t\t\t\t\t<path d=\"M8.50015 11.6402H7.50015V10.6402H8.50015V11.6402Z\" \/>\n\t\t\t\t\t\t<path d=\"M7.50015 9.64018H8.50015V6.30684H7.50015V9.64018Z\" \/>\n\t\t\t\t\t\t<path fill-rule=\"evenodd\" clip-rule=\"evenodd\" d=\"M6.98331 3.0947C7.42933 2.30177 8.57096 2.30177 9.01698 3.09469L13.8771 11.7349C14.3145 12.5126 13.7525 13.4735 12.8602 13.4735H3.14004C2.24774 13.4735 1.68575 12.5126 2.12321 11.7349L6.98331 3.0947ZM8.14541 3.58496C8.08169 3.47168 7.9186 3.47168 7.85488 3.58496L2.99478 12.2251C2.93229 12.3362 3.01257 12.4735 3.14004 12.4735H12.8602C12.9877 12.4735 13.068 12.3362 13.0055 12.2251L8.14541 3.58496Z\" \/>\n\t\t\t\t\t<\/svg>\n\t\t\t\t<\/span>\n\t\t\t\t<span data-wp-text=\"state.errorMessage\" id=\"g19973-witrynainternetowa-text-error-message\"><\/span>\n\t\t\t<\/div> \n\t<\/div>\n\n<div style=\"\"  data-wp-interactive=\"jetpack\/form\" data-wp-context='{\"fieldId\":\"g19973-wiadomo\",\"fieldType\":\"textarea\",\"fieldLabel\":\"Wiadomo\\u015b\\u0107\",\"fieldValue\":\"\",\"fieldPlaceholder\":\"\",\"fieldIsRequired\":\"\",\"fieldErrorMessage\":\"\",\"fieldExtra\":[],\"formHash\":\"6bbfa2a6bd7305d4f06c30059fe278879df2a321\"}'  class='grunion-field-textarea-wrap grunion-field-wrap'  data-wp-init='callbacks.initializeField' data-wp-on--jetpack-form-reset='callbacks.initializeField' >\n<label\n\t\t\t\tfor='contact-form-comment-g19973-wiadomo' class=\"grunion-field-label textarea\" >Wiadomo\u015b\u0107<\/label>\n<textarea\n\t\t                style=''\n\t\t                name='g19973-wiadomo'\n\t\t                id='contact-form-comment-g19973-wiadomo'\n\t\t                rows='20'\n\t\t\t\t\t\tdata-wp-text='state.getFieldValue'\n\t\t\t\t\t\tdata-wp-on--input='actions.onFieldChange'\n\t\t\t\t\t\tdata-wp-on--blur='actions.onFieldBlur'\n\t\t\t\t\t\tdata-wp-class--has-value='state.hasFieldValue'\n\t\t\t\t\t\taria-describedby='g19973-wiadomo-textarea-error-message'\n\t\t\t\t\t\tdata-wp-bind--aria-invalid='state.fieldAriaInvalid'\n\t\t\t\t\t\tclass='textarea  grunion-field'  ><\/textarea>\n \n\t\t\t<div id=\"g19973-wiadomo-textarea-error\" class=\"contact-form__input-error\" data-wp-class--has-errors=\"state.fieldHasErrors\">\n\t\t\t\t<span class=\"contact-form__warning-icon\" aria-hidden=\"true\">\n\t\t\t\t\t<svg width=\"16\" height=\"16\" viewBox=\"0 0 16 16\" fill=\"none\" xmlns=\"http:\/\/www.w3.org\/2000\/svg\">\n\t\t\t\t\t\t<path d=\"M8.50015 11.6402H7.50015V10.6402H8.50015V11.6402Z\" \/>\n\t\t\t\t\t\t<path d=\"M7.50015 9.64018H8.50015V6.30684H7.50015V9.64018Z\" \/>\n\t\t\t\t\t\t<path fill-rule=\"evenodd\" clip-rule=\"evenodd\" d=\"M6.98331 3.0947C7.42933 2.30177 8.57096 2.30177 9.01698 3.09469L13.8771 11.7349C14.3145 12.5126 13.7525 13.4735 12.8602 13.4735H3.14004C2.24774 13.4735 1.68575 12.5126 2.12321 11.7349L6.98331 3.0947ZM8.14541 3.58496C8.08169 3.47168 7.9186 3.47168 7.85488 3.58496L2.99478 12.2251C2.93229 12.3362 3.01257 12.4735 3.14004 12.4735H12.8602C12.9877 12.4735 13.068 12.3362 13.0055 12.2251L8.14541 3.58496Z\" \/>\n\t\t\t\t\t<\/svg>\n\t\t\t\t<\/span>\n\t\t\t\t<span data-wp-text=\"state.errorMessage\" id=\"g19973-wiadomo-textarea-error-message\"><\/span>\n\t\t\t<\/div>\n\t<\/div>\n\t<p class='contact-submit'>\n<div class=\"contact-form__error\" data-wp-class--show-errors=\"state.showFormErrors\"><span class=\"contact-form__warning-icon\" aria-hidden=\"true\"><i><\/i><\/span><span class=\"contact-form__error-message\" tabindex=\"-1\" data-wp-watch=\"callbacks.focusOnValidationError\" data-wp-text=\"state.getFormErrorMessage\"><\/span><ul aria-label=\"Form errors\">\n\t\t\t\t<template data-wp-each=\"state.getErrorList\" data-wp-key=\"context.item.id\">\n\t\t\t\t\t<li><a data-wp-bind--href=\"context.item.anchor\" data-wp-on--click=\"actions.scrollIntoView\" data-wp-text=\"context.item.label\"><\/a><\/li>\n\t\t\t\t<\/template>\n\t\t\t\t<\/ul><\/div><div class=\"contact-form__error\" data-wp-class--show-errors=\"state.showSubmissionError\" data-wp-text=\"context.submissionError\" tabindex=\"-1\" data-wp-watch=\"callbacks.focusOnSubmissionError\"><\/div>\t\t<button type='submit' class='pushbutton-wide'>Wy\u015blij<\/button>\t\t<input type='hidden' name='contact-form-id' value='19973' \/>\n\t\t<input type='hidden' name='action' value='grunion-contact-form' \/>\n\t\t<input type='hidden' name='contact-form-hash' value='6bbfa2a6bd7305d4f06c30059fe278879df2a321' \/>\n\t<\/p>\n<p style=\"display: none !important;\" class=\"akismet-fields-container\" data-prefix=\"ak_\"><label>&#916;<textarea name=\"ak_hp_textarea\" cols=\"45\" rows=\"8\" maxlength=\"100\"><\/textarea><\/label><input type=\"hidden\" id=\"ak_js_1\" name=\"ak_js\" value=\"143\"\/><script type=\"text\/javascript\">\n\/* <![CDATA[ *\/\ndocument.getElementById( \"ak_js_1\" ).setAttribute( \"value\", ( new Date() ).getTime() );\n\/* ]]> *\/\n<\/script>\n<\/p><\/form>\n<\/div>\n","protected":false},"excerpt":{"rendered":"<p>Ta ekskluzywna butikowa inwestycja mieszkaniowa, po\u0142o\u017cona w gminie Calvi\u00e0, powsta\u0142a, aby na nowo zdefiniowa\u0107 koncepcj\u0119 prywatno\u015bci i kontaktu z natur\u0105 na po\u0142udniowym zachodzie wyspy. Ekskluzywna przysta\u0144 w sercu Calvi\u00e0 \u017bycie w Jardins de Peguera by TM oznacza bycie cz\u0119\u015bci\u0105 uprzywilejowanego otoczenia. Sk\u0142adaj\u0105cy si\u0119 z zaledwie pi\u0119ciu niezale\u017cnych willi projekt zosta\u0142 stworzony dla tych, kt\u00f3rzy ceni\u0105 [&hellip;]<\/p>\n","protected":false},"author":11731,"featured_media":19974,"comment_status":"open","ping_status":"open","sticky":true,"template":"","format":"standard","meta":{"_jetpack_memberships_contains_paid_content":false,"footnotes":""},"categories":[474],"tags":[231,767],"class_list":["post-19973","post","type-post","status-publish","format-standard","has-post-thumbnail","hentry","category-twoj-nowy-dom","tag-mallorca-en","tag-wille","formato-blog"],"better_featured_image":{"id":19974,"alt_text":"","caption":"","description":"","media_type":"image","media_details":{"width":2400,"height":1441,"file":"2026\/04\/Diseno-sin-titulo-42.png","filesize":1618625,"sizes":{},"image_meta":{"aperture":"0","credit":"","camera":"","caption":"","created_timestamp":"0","copyright":"","focal_length":"0","iso":"0","shutter_speed":"0","title":"","orientation":"0","keywords":[]}},"post":19973,"source_url":"https:\/\/blog.tmgrupoinmobiliario.com\/pl\/wp-content\/uploads\/sites\/7\/2026\/04\/Diseno-sin-titulo-42.png"},"acf":{"imagen_destacada_desktop":"https:\/\/blog.tmgrupoinmobiliario.com\/pl\/wp-content\/uploads\/sites\/7\/2026\/04\/Imagen-destacada-para-slider-Escritorio-Tamano-1920x870px-16.png","imagen_destacada_mobile":"https:\/\/blog.tmgrupoinmobiliario.com\/pl\/wp-content\/uploads\/sites\/7\/2026\/04\/Imagen-destacada-para-slider-Mobile-Tamano-540x540px-15.png","formato":{"term_id":471,"name":"Blog","slug":"blog","term_group":0,"term_taxonomy_id":471,"taxonomy":"formato","description":"","parent":0,"count":139,"filter":"raw"},"entradilla":"","etiquetas":"","cabecera_escritorio":"https:\/\/blog.tmgrupoinmobiliario.com\/pl\/wp-content\/uploads\/sites\/7\/2026\/04\/Imagen-de-cabecera-escritorio-1200x300-16.png","cabecera_mobile":"https:\/\/blog.tmgrupoinmobiliario.com\/pl\/wp-content\/uploads\/sites\/7\/2026\/04\/Imagen-de-cabecera-mobile-768x768px-jpg-15.png","galeria":false},"yoast_head":"<!-- This site is optimized with the Yoast SEO Premium plugin v23.6 (Yoast SEO v27.5) - https:\/\/yoast.com\/product\/yoast-seo-premium-wordpress\/ -->\n<title>Jardins de Peguera by TM: luksusowe wille na Majorce<\/title>\n<meta name=\"description\" content=\"Odkryj Jardins de Peguera by TM \u2013 ekskluzywne wille w Calvi\u00e0 na Majorce, mi\u0119dzy g\u00f3rami Tramuntana a Morzem \u015ar\u00f3dziemnym.\" \/>\n<meta name=\"robots\" content=\"index, follow, max-snippet:-1, max-image-preview:large, max-video-preview:-1\" \/>\n<link rel=\"canonical\" href=\"https:\/\/blog.tmgrupoinmobiliario.com\/pl\/2026\/04\/21\/jardins-peguera-luksusowe-wille-majorka\/\" \/>\n<meta property=\"og:locale\" content=\"pl_PL\" \/>\n<meta property=\"og:type\" content=\"article\" \/>\n<meta property=\"og:title\" content=\"Jardins de Peguera by TM: Luksusowe wille pomi\u0119dzy Sierra de Tramuntana a Morzem \u015ar\u00f3dziemnym\" \/>\n<meta property=\"og:description\" content=\"Odkryj Jardins de Peguera by TM \u2013 ekskluzywne wille w Calvi\u00e0 na Majorce, mi\u0119dzy g\u00f3rami Tramuntana a Morzem \u015ar\u00f3dziemnym.\" \/>\n<meta property=\"og:url\" content=\"https:\/\/blog.tmgrupoinmobiliario.com\/pl\/2026\/04\/21\/jardins-peguera-luksusowe-wille-majorka\/\" \/>\n<meta property=\"og:site_name\" content=\"Polski\" \/>\n<meta property=\"article:published_time\" content=\"2026-04-21T11:31:34+00:00\" \/>\n<meta property=\"article:modified_time\" content=\"2026-04-21T11:32:55+00:00\" \/>\n<meta property=\"og:image\" content=\"https:\/\/blog.tmgrupoinmobiliario.com\/pl\/wp-content\/uploads\/sites\/7\/2026\/04\/Diseno-sin-titulo-42.png\" \/>\n\t<meta property=\"og:image:width\" content=\"2400\" \/>\n\t<meta property=\"og:image:height\" content=\"1441\" \/>\n\t<meta property=\"og:image:type\" content=\"image\/png\" \/>\n<meta name=\"author\" content=\"aarronis\" \/>\n<meta name=\"twitter:card\" content=\"summary_large_image\" \/>\n<meta name=\"twitter:label1\" content=\"Napisane przez\" \/>\n\t<meta name=\"twitter:data1\" content=\"aarronis\" \/>\n\t<meta name=\"twitter:label2\" content=\"Szacowany czas czytania\" \/>\n\t<meta name=\"twitter:data2\" content=\"3 minuty\" \/>\n<script type=\"application\/ld+json\" class=\"yoast-schema-graph\">{\"@context\":\"https:\\\/\\\/schema.org\",\"@graph\":[{\"@type\":\"Article\",\"@id\":\"https:\\\/\\\/blog.tmgrupoinmobiliario.com\\\/pl\\\/2026\\\/04\\\/21\\\/jardins-peguera-luksusowe-wille-majorka\\\/#article\",\"isPartOf\":{\"@id\":\"https:\\\/\\\/blog.tmgrupoinmobiliario.com\\\/pl\\\/2026\\\/04\\\/21\\\/jardins-peguera-luksusowe-wille-majorka\\\/\"},\"author\":{\"name\":\"aarronis\",\"@id\":\"https:\\\/\\\/blog.tmgrupoinmobiliario.com\\\/pl\\\/#\\\/schema\\\/person\\\/8e4e8071a8c4099aa4b4d849cb745947\"},\"headline\":\"Jardins de Peguera by TM: Luksusowe wille pomi\u0119dzy Sierra de Tramuntana a Morzem \u015ar\u00f3dziemnym\",\"datePublished\":\"2026-04-21T11:31:34+00:00\",\"dateModified\":\"2026-04-21T11:32:55+00:00\",\"mainEntityOfPage\":{\"@id\":\"https:\\\/\\\/blog.tmgrupoinmobiliario.com\\\/pl\\\/2026\\\/04\\\/21\\\/jardins-peguera-luksusowe-wille-majorka\\\/\"},\"wordCount\":426,\"commentCount\":0,\"image\":{\"@id\":\"https:\\\/\\\/blog.tmgrupoinmobiliario.com\\\/pl\\\/2026\\\/04\\\/21\\\/jardins-peguera-luksusowe-wille-majorka\\\/#primaryimage\"},\"thumbnailUrl\":\"https:\\\/\\\/blog.tmgrupoinmobiliario.com\\\/pl\\\/wp-content\\\/uploads\\\/sites\\\/7\\\/2026\\\/04\\\/Diseno-sin-titulo-42.png\",\"keywords\":[\"Mallorca\",\"Wille\"],\"articleSection\":[\"Tw\u00f3j nowy dom\"],\"inLanguage\":\"pl-PL\",\"potentialAction\":[{\"@type\":\"CommentAction\",\"name\":\"Comment\",\"target\":[\"https:\\\/\\\/blog.tmgrupoinmobiliario.com\\\/pl\\\/2026\\\/04\\\/21\\\/jardins-peguera-luksusowe-wille-majorka\\\/#respond\"]}]},{\"@type\":\"WebPage\",\"@id\":\"https:\\\/\\\/blog.tmgrupoinmobiliario.com\\\/pl\\\/2026\\\/04\\\/21\\\/jardins-peguera-luksusowe-wille-majorka\\\/\",\"url\":\"https:\\\/\\\/blog.tmgrupoinmobiliario.com\\\/pl\\\/2026\\\/04\\\/21\\\/jardins-peguera-luksusowe-wille-majorka\\\/\",\"name\":\"Jardins de Peguera by TM: luksusowe wille na Majorce\",\"isPartOf\":{\"@id\":\"https:\\\/\\\/blog.tmgrupoinmobiliario.com\\\/pl\\\/#website\"},\"primaryImageOfPage\":{\"@id\":\"https:\\\/\\\/blog.tmgrupoinmobiliario.com\\\/pl\\\/2026\\\/04\\\/21\\\/jardins-peguera-luksusowe-wille-majorka\\\/#primaryimage\"},\"image\":{\"@id\":\"https:\\\/\\\/blog.tmgrupoinmobiliario.com\\\/pl\\\/2026\\\/04\\\/21\\\/jardins-peguera-luksusowe-wille-majorka\\\/#primaryimage\"},\"thumbnailUrl\":\"https:\\\/\\\/blog.tmgrupoinmobiliario.com\\\/pl\\\/wp-content\\\/uploads\\\/sites\\\/7\\\/2026\\\/04\\\/Diseno-sin-titulo-42.png\",\"datePublished\":\"2026-04-21T11:31:34+00:00\",\"dateModified\":\"2026-04-21T11:32:55+00:00\",\"author\":{\"@id\":\"https:\\\/\\\/blog.tmgrupoinmobiliario.com\\\/pl\\\/#\\\/schema\\\/person\\\/8e4e8071a8c4099aa4b4d849cb745947\"},\"description\":\"Odkryj Jardins de Peguera by TM \u2013 ekskluzywne wille w Calvi\u00e0 na Majorce, mi\u0119dzy g\u00f3rami Tramuntana a Morzem \u015ar\u00f3dziemnym.\",\"breadcrumb\":{\"@id\":\"https:\\\/\\\/blog.tmgrupoinmobiliario.com\\\/pl\\\/2026\\\/04\\\/21\\\/jardins-peguera-luksusowe-wille-majorka\\\/#breadcrumb\"},\"inLanguage\":\"pl-PL\",\"potentialAction\":[{\"@type\":\"ReadAction\",\"target\":[\"https:\\\/\\\/blog.tmgrupoinmobiliario.com\\\/pl\\\/2026\\\/04\\\/21\\\/jardins-peguera-luksusowe-wille-majorka\\\/\"]}]},{\"@type\":\"ImageObject\",\"inLanguage\":\"pl-PL\",\"@id\":\"https:\\\/\\\/blog.tmgrupoinmobiliario.com\\\/pl\\\/2026\\\/04\\\/21\\\/jardins-peguera-luksusowe-wille-majorka\\\/#primaryimage\",\"url\":\"https:\\\/\\\/blog.tmgrupoinmobiliario.com\\\/pl\\\/wp-content\\\/uploads\\\/sites\\\/7\\\/2026\\\/04\\\/Diseno-sin-titulo-42.png\",\"contentUrl\":\"https:\\\/\\\/blog.tmgrupoinmobiliario.com\\\/pl\\\/wp-content\\\/uploads\\\/sites\\\/7\\\/2026\\\/04\\\/Diseno-sin-titulo-42.png\",\"width\":2400,\"height\":1441},{\"@type\":\"BreadcrumbList\",\"@id\":\"https:\\\/\\\/blog.tmgrupoinmobiliario.com\\\/pl\\\/2026\\\/04\\\/21\\\/jardins-peguera-luksusowe-wille-majorka\\\/#breadcrumb\",\"itemListElement\":[{\"@type\":\"ListItem\",\"position\":1,\"name\":\"Home\",\"item\":\"https:\\\/\\\/blog.tmgrupoinmobiliario.com\\\/pl\\\/\"},{\"@type\":\"ListItem\",\"position\":2,\"name\":\"Jardins de Peguera by TM: Luksusowe wille pomi\u0119dzy Sierra de Tramuntana a Morzem \u015ar\u00f3dziemnym\"}]},{\"@type\":\"WebSite\",\"@id\":\"https:\\\/\\\/blog.tmgrupoinmobiliario.com\\\/pl\\\/#website\",\"url\":\"https:\\\/\\\/blog.tmgrupoinmobiliario.com\\\/pl\\\/\",\"name\":\"Polski\",\"description\":\"Just another Blog Desarrollo TM sitios site\",\"potentialAction\":[{\"@type\":\"SearchAction\",\"target\":{\"@type\":\"EntryPoint\",\"urlTemplate\":\"https:\\\/\\\/blog.tmgrupoinmobiliario.com\\\/pl\\\/?s={search_term_string}\"},\"query-input\":{\"@type\":\"PropertyValueSpecification\",\"valueRequired\":true,\"valueName\":\"search_term_string\"}}],\"inLanguage\":\"pl-PL\"},{\"@type\":\"Person\",\"@id\":\"https:\\\/\\\/blog.tmgrupoinmobiliario.com\\\/pl\\\/#\\\/schema\\\/person\\\/8e4e8071a8c4099aa4b4d849cb745947\",\"name\":\"aarronis\",\"image\":{\"@type\":\"ImageObject\",\"inLanguage\":\"pl-PL\",\"@id\":\"https:\\\/\\\/secure.gravatar.com\\\/avatar\\\/60f76a146408f2a80dff548ee9b8b6dfa39f7e5c24b08f0c4b780d959c132c1e?s=96&d=mm&r=g\",\"url\":\"https:\\\/\\\/secure.gravatar.com\\\/avatar\\\/60f76a146408f2a80dff548ee9b8b6dfa39f7e5c24b08f0c4b780d959c132c1e?s=96&d=mm&r=g\",\"contentUrl\":\"https:\\\/\\\/secure.gravatar.com\\\/avatar\\\/60f76a146408f2a80dff548ee9b8b6dfa39f7e5c24b08f0c4b780d959c132c1e?s=96&d=mm&r=g\",\"caption\":\"aarronis\"},\"url\":\"https:\\\/\\\/blog.tmgrupoinmobiliario.com\\\/pl\\\/author\\\/aarronis\\\/\"}]}<\/script>\n<!-- \/ Yoast SEO Premium plugin. -->","yoast_head_json":{"title":"Jardins de Peguera by TM: luksusowe wille na Majorce","description":"Odkryj Jardins de Peguera by TM \u2013 ekskluzywne wille w Calvi\u00e0 na Majorce, mi\u0119dzy g\u00f3rami Tramuntana a Morzem \u015ar\u00f3dziemnym.","robots":{"index":"index","follow":"follow","max-snippet":"max-snippet:-1","max-image-preview":"max-image-preview:large","max-video-preview":"max-video-preview:-1"},"canonical":"https:\/\/blog.tmgrupoinmobiliario.com\/pl\/2026\/04\/21\/jardins-peguera-luksusowe-wille-majorka\/","og_locale":"pl_PL","og_type":"article","og_title":"Jardins de Peguera by TM: Luksusowe wille pomi\u0119dzy Sierra de Tramuntana a Morzem \u015ar\u00f3dziemnym","og_description":"Odkryj Jardins de Peguera by TM \u2013 ekskluzywne wille w Calvi\u00e0 na Majorce, mi\u0119dzy g\u00f3rami Tramuntana a Morzem \u015ar\u00f3dziemnym.","og_url":"https:\/\/blog.tmgrupoinmobiliario.com\/pl\/2026\/04\/21\/jardins-peguera-luksusowe-wille-majorka\/","og_site_name":"Polski","article_published_time":"2026-04-21T11:31:34+00:00","article_modified_time":"2026-04-21T11:32:55+00:00","og_image":[{"width":2400,"height":1441,"url":"https:\/\/blog.tmgrupoinmobiliario.com\/pl\/wp-content\/uploads\/sites\/7\/2026\/04\/Diseno-sin-titulo-42.png","type":"image\/png"}],"author":"aarronis","twitter_card":"summary_large_image","twitter_misc":{"Napisane przez":"aarronis","Szacowany czas czytania":"3 minuty"},"schema":{"@context":"https:\/\/schema.org","@graph":[{"@type":"Article","@id":"https:\/\/blog.tmgrupoinmobiliario.com\/pl\/2026\/04\/21\/jardins-peguera-luksusowe-wille-majorka\/#article","isPartOf":{"@id":"https:\/\/blog.tmgrupoinmobiliario.com\/pl\/2026\/04\/21\/jardins-peguera-luksusowe-wille-majorka\/"},"author":{"name":"aarronis","@id":"https:\/\/blog.tmgrupoinmobiliario.com\/pl\/#\/schema\/person\/8e4e8071a8c4099aa4b4d849cb745947"},"headline":"Jardins de Peguera by TM: Luksusowe wille pomi\u0119dzy Sierra de Tramuntana a Morzem \u015ar\u00f3dziemnym","datePublished":"2026-04-21T11:31:34+00:00","dateModified":"2026-04-21T11:32:55+00:00","mainEntityOfPage":{"@id":"https:\/\/blog.tmgrupoinmobiliario.com\/pl\/2026\/04\/21\/jardins-peguera-luksusowe-wille-majorka\/"},"wordCount":426,"commentCount":0,"image":{"@id":"https:\/\/blog.tmgrupoinmobiliario.com\/pl\/2026\/04\/21\/jardins-peguera-luksusowe-wille-majorka\/#primaryimage"},"thumbnailUrl":"https:\/\/blog.tmgrupoinmobiliario.com\/pl\/wp-content\/uploads\/sites\/7\/2026\/04\/Diseno-sin-titulo-42.png","keywords":["Mallorca","Wille"],"articleSection":["Tw\u00f3j nowy dom"],"inLanguage":"pl-PL","potentialAction":[{"@type":"CommentAction","name":"Comment","target":["https:\/\/blog.tmgrupoinmobiliario.com\/pl\/2026\/04\/21\/jardins-peguera-luksusowe-wille-majorka\/#respond"]}]},{"@type":"WebPage","@id":"https:\/\/blog.tmgrupoinmobiliario.com\/pl\/2026\/04\/21\/jardins-peguera-luksusowe-wille-majorka\/","url":"https:\/\/blog.tmgrupoinmobiliario.com\/pl\/2026\/04\/21\/jardins-peguera-luksusowe-wille-majorka\/","name":"Jardins de Peguera by TM: luksusowe wille na Majorce","isPartOf":{"@id":"https:\/\/blog.tmgrupoinmobiliario.com\/pl\/#website"},"primaryImageOfPage":{"@id":"https:\/\/blog.tmgrupoinmobiliario.com\/pl\/2026\/04\/21\/jardins-peguera-luksusowe-wille-majorka\/#primaryimage"},"image":{"@id":"https:\/\/blog.tmgrupoinmobiliario.com\/pl\/2026\/04\/21\/jardins-peguera-luksusowe-wille-majorka\/#primaryimage"},"thumbnailUrl":"https:\/\/blog.tmgrupoinmobiliario.com\/pl\/wp-content\/uploads\/sites\/7\/2026\/04\/Diseno-sin-titulo-42.png","datePublished":"2026-04-21T11:31:34+00:00","dateModified":"2026-04-21T11:32:55+00:00","author":{"@id":"https:\/\/blog.tmgrupoinmobiliario.com\/pl\/#\/schema\/person\/8e4e8071a8c4099aa4b4d849cb745947"},"description":"Odkryj Jardins de Peguera by TM \u2013 ekskluzywne wille w Calvi\u00e0 na Majorce, mi\u0119dzy g\u00f3rami Tramuntana a Morzem \u015ar\u00f3dziemnym.","breadcrumb":{"@id":"https:\/\/blog.tmgrupoinmobiliario.com\/pl\/2026\/04\/21\/jardins-peguera-luksusowe-wille-majorka\/#breadcrumb"},"inLanguage":"pl-PL","potentialAction":[{"@type":"ReadAction","target":["https:\/\/blog.tmgrupoinmobiliario.com\/pl\/2026\/04\/21\/jardins-peguera-luksusowe-wille-majorka\/"]}]},{"@type":"ImageObject","inLanguage":"pl-PL","@id":"https:\/\/blog.tmgrupoinmobiliario.com\/pl\/2026\/04\/21\/jardins-peguera-luksusowe-wille-majorka\/#primaryimage","url":"https:\/\/blog.tmgrupoinmobiliario.com\/pl\/wp-content\/uploads\/sites\/7\/2026\/04\/Diseno-sin-titulo-42.png","contentUrl":"https:\/\/blog.tmgrupoinmobiliario.com\/pl\/wp-content\/uploads\/sites\/7\/2026\/04\/Diseno-sin-titulo-42.png","width":2400,"height":1441},{"@type":"BreadcrumbList","@id":"https:\/\/blog.tmgrupoinmobiliario.com\/pl\/2026\/04\/21\/jardins-peguera-luksusowe-wille-majorka\/#breadcrumb","itemListElement":[{"@type":"ListItem","position":1,"name":"Home","item":"https:\/\/blog.tmgrupoinmobiliario.com\/pl\/"},{"@type":"ListItem","position":2,"name":"Jardins de Peguera by TM: Luksusowe wille pomi\u0119dzy Sierra de Tramuntana a Morzem \u015ar\u00f3dziemnym"}]},{"@type":"WebSite","@id":"https:\/\/blog.tmgrupoinmobiliario.com\/pl\/#website","url":"https:\/\/blog.tmgrupoinmobiliario.com\/pl\/","name":"Polski","description":"Just another Blog Desarrollo TM sitios site","potentialAction":[{"@type":"SearchAction","target":{"@type":"EntryPoint","urlTemplate":"https:\/\/blog.tmgrupoinmobiliario.com\/pl\/?s={search_term_string}"},"query-input":{"@type":"PropertyValueSpecification","valueRequired":true,"valueName":"search_term_string"}}],"inLanguage":"pl-PL"},{"@type":"Person","@id":"https:\/\/blog.tmgrupoinmobiliario.com\/pl\/#\/schema\/person\/8e4e8071a8c4099aa4b4d849cb745947","name":"aarronis","image":{"@type":"ImageObject","inLanguage":"pl-PL","@id":"https:\/\/secure.gravatar.com\/avatar\/60f76a146408f2a80dff548ee9b8b6dfa39f7e5c24b08f0c4b780d959c132c1e?s=96&d=mm&r=g","url":"https:\/\/secure.gravatar.com\/avatar\/60f76a146408f2a80dff548ee9b8b6dfa39f7e5c24b08f0c4b780d959c132c1e?s=96&d=mm&r=g","contentUrl":"https:\/\/secure.gravatar.com\/avatar\/60f76a146408f2a80dff548ee9b8b6dfa39f7e5c24b08f0c4b780d959c132c1e?s=96&d=mm&r=g","caption":"aarronis"},"url":"https:\/\/blog.tmgrupoinmobiliario.com\/pl\/author\/aarronis\/"}]}},"jetpack_featured_media_url":"https:\/\/blog.tmgrupoinmobiliario.com\/pl\/wp-content\/uploads\/sites\/7\/2026\/04\/Diseno-sin-titulo-42.png","jetpack_sharing_enabled":true,"_links":{"self":[{"href":"https:\/\/blog.tmgrupoinmobiliario.com\/pl\/wp-json\/wp\/v2\/posts\/19973","targetHints":{"allow":["GET"]}}],"collection":[{"href":"https:\/\/blog.tmgrupoinmobiliario.com\/pl\/wp-json\/wp\/v2\/posts"}],"about":[{"href":"https:\/\/blog.tmgrupoinmobiliario.com\/pl\/wp-json\/wp\/v2\/types\/post"}],"author":[{"embeddable":true,"href":"https:\/\/blog.tmgrupoinmobiliario.com\/pl\/wp-json\/wp\/v2\/users\/11731"}],"replies":[{"embeddable":true,"href":"https:\/\/blog.tmgrupoinmobiliario.com\/pl\/wp-json\/wp\/v2\/comments?post=19973"}],"version-history":[{"count":1,"href":"https:\/\/blog.tmgrupoinmobiliario.com\/pl\/wp-json\/wp\/v2\/posts\/19973\/revisions"}],"predecessor-version":[{"id":19979,"href":"https:\/\/blog.tmgrupoinmobiliario.com\/pl\/wp-json\/wp\/v2\/posts\/19973\/revisions\/19979"}],"wp:featuredmedia":[{"embeddable":true,"href":"https:\/\/blog.tmgrupoinmobiliario.com\/pl\/wp-json\/wp\/v2\/media\/19974"}],"wp:attachment":[{"href":"https:\/\/blog.tmgrupoinmobiliario.com\/pl\/wp-json\/wp\/v2\/media?parent=19973"}],"wp:term":[{"taxonomy":"category","embeddable":true,"href":"https:\/\/blog.tmgrupoinmobiliario.com\/pl\/wp-json\/wp\/v2\/categories?post=19973"},{"taxonomy":"post_tag","embeddable":true,"href":"https:\/\/blog.tmgrupoinmobiliario.com\/pl\/wp-json\/wp\/v2\/tags?post=19973"}],"curies":[{"name":"wp","href":"https:\/\/api.w.org\/{rel}","templated":true}]}}