{"id":19893,"date":"2026-03-11T12:30:00","date_gmt":"2026-03-11T12:30:00","guid":{"rendered":"https:\/\/blog.tmgrupoinmobiliario.com\/pl\/?p=19893"},"modified":"2026-03-11T12:30:00","modified_gmt":"2026-03-11T12:30:00","slug":"tm-real-estate-group-inwestuje-70-milionow-euro-w-swoj-nowy-projekt-mieszkaniowy-w-canet-den-berenguer","status":"publish","type":"post","link":"https:\/\/blog.tmgrupoinmobiliario.com\/pl\/2026\/03\/11\/tm-real-estate-group-inwestuje-70-milionow-euro-w-swoj-nowy-projekt-mieszkaniowy-w-canet-den-berenguer\/","title":{"rendered":"TM Real Estate Group inwestuje 70 milion\u00f3w euro w sw\u00f3j nowy projekt mieszkaniowy w Canet d\u2019en Berenguer"},"content":{"rendered":"<p>&nbsp;<\/p>\n<p data-start=\"0\" data-end=\"394\"><a href=\"https:\/\/www.tmgrupoinmobiliario.com\/pl\">TM Real Estate Group<\/a>, firma z Alicante b\u0119d\u0105ca jednym z lider\u00f3w w sektorze turystyki rezydencjalnej, hotelowej i wakacyjnej, specjalizuj\u0105ca si\u0119 w budowie oraz promocji mieszka\u0144 na wybrze\u017cu Morza \u015ar\u00f3dziemnego i na Karaibach, wprowadza na rynek sw\u00f3j <strong>nowy projekt mieszkaniowy &#8220;Sunrise Canet by TM&#8221;, zlokalizowany w Canet d\u2019en Berenguer, 25 minut od centrum Walencji i 10 minut od Parc Sagunt.<\/strong><\/p>\n<p data-start=\"396\" data-end=\"880\">Przy planowanej inwestycji w wysoko\u015bci <strong>70 milion\u00f3w euro projekt obejmuje budow\u0119 dw\u00f3ch wie\u017c mieszkalnych, ka\u017cda o wysoko\u015bci 19 pi\u0119ter, z \u0142\u0105czn\u0105 liczb\u0105 252 mieszka\u0144, realizowanych w dw\u00f3ch etapach.<\/strong> Inwestycja przyczyni si\u0119 r\u00f3wnie\u017c do o\u017cywienia lokalnej gospodarki poprzez stworzenie tysi\u0119cy miejsc pracy bezpo\u015brednich, po\u015brednich i indukowanych w trakcie realizacji i komercjalizacji projektu. <strong>Faza 1, odpowiadaj\u0105ca Blokowi 1, zostanie pocz\u0105tkowo wprowadzona na rynek z 109 mieszkaniami.<\/strong><\/p>\n<p data-start=\"396\" data-end=\"880\"><img loading=\"lazy\" decoding=\"async\" class=\" wp-image-19894 aligncenter\" src=\"https:\/\/blog.tmgrupoinmobiliario.com\/pl\/wp-content\/uploads\/sites\/7\/2026\/03\/1000666.jpg\" alt=\"\" width=\"738\" height=\"491\" \/><\/p>\n<p data-start=\"882\" data-end=\"1507\"><strong>&#8220;Sunrise Canet by TM&#8221; znajduje si\u0119 w uprzywilejowanej lokalizacji, pomi\u0119dzy centrum miejscowo\u015bci a morzem, nieco ponad kilometr od Playa de Canet<\/strong> \u2014 jednej z najbardziej charakterystycznych pla\u017c prowincji Walencja oraz jednego z najbardziej cenionych kierunk\u00f3w na wybrze\u017cu Walencji, znanego z rodzinnego charakteru, naturalnego otoczenia wydm oraz niskiej g\u0119sto\u015bci zabudowy. Kompleks mieszkaniowy zosta\u0142 zaprojektowany zar\u00f3wno jako miejsce do sta\u0142ego zamieszkania, jak i jako rezydencja wakacyjna, skierowana do klient\u00f3w krajowych i mi\u0119dzynarodowych poszukuj\u0105cych wysokiej jako\u015bci \u017cycia, dobrej komunikacji i dost\u0119pu do us\u0142ug.<\/p>\n<p data-start=\"882\" data-end=\"1507\"><img loading=\"lazy\" decoding=\"async\" class=\" wp-image-19896 aligncenter\" src=\"https:\/\/blog.tmgrupoinmobiliario.com\/pl\/wp-content\/uploads\/sites\/7\/2026\/03\/Portada-1109-1.jpg\" alt=\"\" width=\"737\" height=\"491\" \/><\/p>\n<p data-start=\"1509\" data-end=\"2048\"><strong>Kompleks b\u0119dzie sk\u0142ada\u0142 si\u0119 z apartament\u00f3w z 1, 2 i 3 sypialniami<\/strong>, z przestronnymi tarasami, r\u00f3\u017cnymi orientacjami oraz otwartymi widokami, a tak\u017ce z rozbudowanymi cz\u0119\u015bciami wsp\u00f3lnymi. W\u015br\u00f3d nich znajd\u0105 si\u0119 baseny (dla doros\u0142ych, dla dzieci oraz podgrzewany), jacuzzi, panoramiczna si\u0142ownia, strefa chill-out, klub spo\u0142eczny, przestrze\u0144 coworkingowa, kort do padla, wielofunkcyjna strefa sportowa oraz rozleg\u0142e tereny zielone. <strong>Wiele mieszka\u0144 b\u0119dzie oferowa\u0107 panoramiczne widoki na morze, pasmo g\u00f3rskie Sierra Calderona oraz zamek w Sagunto.<\/strong><\/p>\n<p data-start=\"1509\" data-end=\"2048\"><img loading=\"lazy\" decoding=\"async\" class=\" wp-image-19895 aligncenter\" src=\"https:\/\/blog.tmgrupoinmobiliario.com\/pl\/wp-content\/uploads\/sites\/7\/2026\/03\/Portada-1109-2.jpg\" alt=\"\" width=\"743\" height=\"495\" \/><\/p>\n<p data-start=\"2050\" data-end=\"2317\">Projekt architektoniczny stawia na nowoczesn\u0105, organiczn\u0105 i awangardow\u0105 estetyk\u0119, zintegrowan\u0105 z otoczeniem oraz zgodn\u0105 ze standardami zr\u00f3wnowa\u017conego budownictwa i efektywno\u015bci energetycznej, kt\u00f3re stanowi\u0105 znak rozpoznawczy wszystkich projekt\u00f3w mieszkaniowych firmy.<\/p>\n<p data-start=\"2319\" data-end=\"2556\">Nowa inwestycja wpisuje si\u0119 w <strong>Plan Strategiczny grupy na lata 2024\u20132027<\/strong>, kt\u00f3ry zak\u0142ada osi\u0105gni\u0119cie obrot\u00f3w na p<strong>oziomie 1,1 miliarda euro we Wsp\u00f3lnocie Walencji,<\/strong> przy czym prowincja Walencja stanowi jeden z g\u0142\u00f3wnych kierunk\u00f3w ekspansji. &#8220;Walencja jest kluczowym elementem naszego modelu wzrostu oraz regionem, w kt\u00f3rym TM Real Estate Group planuje d\u0142ugoterminow\u0105 obecno\u015b\u0107. Pocz\u0105tkowe kroki zosta\u0142y ju\u017c wykonane, a obecnie rozwijamy portfel grunt\u00f3w umo\u017cliwiaj\u0105cy budow\u0119 ponad 500 mieszka\u0144, przy zaanga\u017cowanej inwestycji przekraczaj\u0105cej ju\u017c 130 milion\u00f3w euro. Walencja jest dla nas strategiczn\u0105 lokalizacj\u0105 i chcemy nadal przyczynia\u0107 si\u0119 do jej rozwoju gospodarczego, spo\u0142ecznego, \u015brodowiskowego i urbanistycznego&#8221; \u2014 <strong>podkre\u015bla Pablo Serna, CEO Real Estate Group<\/strong>.<\/p>\n","protected":false},"excerpt":{"rendered":"<p>&nbsp; TM Real Estate Group, firma z Alicante b\u0119d\u0105ca jednym z lider\u00f3w w sektorze turystyki rezydencjalnej, hotelowej i wakacyjnej, specjalizuj\u0105ca si\u0119 w budowie oraz promocji mieszka\u0144 na wybrze\u017cu Morza \u015ar\u00f3dziemnego i na Karaibach, wprowadza na rynek sw\u00f3j nowy projekt mieszkaniowy &#8220;Sunrise Canet by TM&#8221;, zlokalizowany w Canet d\u2019en Berenguer, 25 minut od centrum Walencji i [&hellip;]<\/p>\n","protected":false},"author":11730,"featured_media":19901,"comment_status":"open","ping_status":"open","sticky":false,"template":"","format":"standard","meta":{"_jetpack_memberships_contains_paid_content":false,"footnotes":""},"categories":[5,6,8],"tags":[],"class_list":["post-19893","post","type-post","status-publish","format-standard","has-post-thumbnail","hentry","category-aktualnosci-tm","category-notas-prensa","category-actualidad-tm","formato-comunicacion"],"better_featured_image":{"id":19901,"alt_text":"","caption":"","description":"","media_type":"image","media_details":{"width":1000,"height":666,"file":"2026\/03\/1000666-1.jpg","filesize":105763,"sizes":{},"image_meta":{"aperture":"0","credit":"","camera":"","caption":"","created_timestamp":"0","copyright":"","focal_length":"0","iso":"0","shutter_speed":"0","title":"","orientation":"1","keywords":[]}},"post":19893,"source_url":"https:\/\/blog.tmgrupoinmobiliario.com\/pl\/wp-content\/uploads\/sites\/7\/2026\/03\/1000666-1.jpg"},"acf":{"imagen_destacada_desktop":"https:\/\/blog.tmgrupoinmobiliario.com\/pl\/wp-content\/uploads\/sites\/7\/2026\/03\/Canet-cab-1.jpg","imagen_destacada_mobile":"https:\/\/blog.tmgrupoinmobiliario.com\/pl\/wp-content\/uploads\/sites\/7\/2026\/03\/Canet-cab-2.jpg","formato":{"term_id":472,"name":"Comunicaci\u00f3n","slug":"comunicacion","term_group":0,"term_taxonomy_id":472,"taxonomy":"formato","description":"","parent":0,"count":42,"filter":"raw"},"entradilla":"Projekt, sk\u0142adaj\u0105cy si\u0119 ze 252 mieszka\u0144, umacnia pozycj\u0119 TM jako jednego z g\u0142\u00f3wnych deweloper\u00f3w mieszkaniowych w prowincji, przy jednoczesnym rozwoju ponad 500 kolejnych mieszka\u0144.","etiquetas":"","cabecera_escritorio":"https:\/\/blog.tmgrupoinmobiliario.com\/pl\/wp-content\/uploads\/sites\/7\/2026\/03\/Cabeceras-blog-1920870y-540540-7.jpg","cabecera_mobile":"https:\/\/blog.tmgrupoinmobiliario.com\/pl\/wp-content\/uploads\/sites\/7\/2026\/03\/768.jpg","galeria":false},"yoast_head":"<!-- This site is optimized with the Yoast SEO Premium plugin v23.6 (Yoast SEO v27.5) - https:\/\/yoast.com\/product\/yoast-seo-premium-wordpress\/ -->\n<title>TM Real Estate Group inwestuje 70 milion\u00f3w euro w sw\u00f3j nowy projekt mieszkaniowy w Canet d\u2019en Berenguer - Polski<\/title>\n<meta name=\"robots\" content=\"index, follow, max-snippet:-1, max-image-preview:large, max-video-preview:-1\" \/>\n<link rel=\"canonical\" href=\"https:\/\/blog.tmgrupoinmobiliario.com\/pl\/2026\/03\/11\/tm-real-estate-group-inwestuje-70-milionow-euro-w-swoj-nowy-projekt-mieszkaniowy-w-canet-den-berenguer\/\" \/>\n<meta property=\"og:locale\" content=\"pl_PL\" \/>\n<meta property=\"og:type\" content=\"article\" \/>\n<meta property=\"og:title\" content=\"TM Real Estate Group inwestuje 70 milion\u00f3w euro w sw\u00f3j nowy projekt mieszkaniowy w Canet d\u2019en Berenguer\" \/>\n<meta property=\"og:description\" content=\"&nbsp; TM Real Estate Group, firma z Alicante b\u0119d\u0105ca jednym z lider\u00f3w w sektorze turystyki rezydencjalnej, hotelowej i wakacyjnej, specjalizuj\u0105ca si\u0119 w budowie oraz promocji mieszka\u0144 na wybrze\u017cu Morza \u015ar\u00f3dziemnego i na Karaibach, wprowadza na rynek sw\u00f3j nowy projekt mieszkaniowy &#8220;Sunrise Canet by TM&#8221;, zlokalizowany w Canet d\u2019en Berenguer, 25 minut od centrum Walencji i [&hellip;]\" \/>\n<meta property=\"og:url\" content=\"https:\/\/blog.tmgrupoinmobiliario.com\/pl\/2026\/03\/11\/tm-real-estate-group-inwestuje-70-milionow-euro-w-swoj-nowy-projekt-mieszkaniowy-w-canet-den-berenguer\/\" \/>\n<meta property=\"og:site_name\" content=\"Polski\" \/>\n<meta property=\"article:published_time\" content=\"2026-03-11T12:30:00+00:00\" \/>\n<meta property=\"og:image\" content=\"https:\/\/blog.tmgrupoinmobiliario.com\/pl\/wp-content\/uploads\/sites\/7\/2026\/03\/1000666-1.jpg\" \/>\n\t<meta property=\"og:image:width\" content=\"1000\" \/>\n\t<meta property=\"og:image:height\" content=\"666\" \/>\n\t<meta property=\"og:image:type\" content=\"image\/jpeg\" \/>\n<meta name=\"author\" content=\"laurabm\" \/>\n<meta name=\"twitter:card\" content=\"summary_large_image\" \/>\n<meta name=\"twitter:label1\" content=\"Napisane przez\" \/>\n\t<meta name=\"twitter:data1\" content=\"laurabm\" \/>\n\t<meta name=\"twitter:label2\" content=\"Szacowany czas czytania\" \/>\n\t<meta name=\"twitter:data2\" content=\"4 minuty\" \/>\n<script type=\"application\/ld+json\" class=\"yoast-schema-graph\">{\"@context\":\"https:\\\/\\\/schema.org\",\"@graph\":[{\"@type\":\"Article\",\"@id\":\"https:\\\/\\\/blog.tmgrupoinmobiliario.com\\\/pl\\\/2026\\\/03\\\/11\\\/tm-real-estate-group-inwestuje-70-milionow-euro-w-swoj-nowy-projekt-mieszkaniowy-w-canet-den-berenguer\\\/#article\",\"isPartOf\":{\"@id\":\"https:\\\/\\\/blog.tmgrupoinmobiliario.com\\\/pl\\\/2026\\\/03\\\/11\\\/tm-real-estate-group-inwestuje-70-milionow-euro-w-swoj-nowy-projekt-mieszkaniowy-w-canet-den-berenguer\\\/\"},\"author\":{\"name\":\"laurabm\",\"@id\":\"https:\\\/\\\/blog.tmgrupoinmobiliario.com\\\/pl\\\/#\\\/schema\\\/person\\\/ad7d97239ce82e1af205d57b005d3c36\"},\"headline\":\"TM Real Estate Group inwestuje 70 milion\u00f3w euro w sw\u00f3j nowy projekt mieszkaniowy w Canet d\u2019en Berenguer\",\"datePublished\":\"2026-03-11T12:30:00+00:00\",\"mainEntityOfPage\":{\"@id\":\"https:\\\/\\\/blog.tmgrupoinmobiliario.com\\\/pl\\\/2026\\\/03\\\/11\\\/tm-real-estate-group-inwestuje-70-milionow-euro-w-swoj-nowy-projekt-mieszkaniowy-w-canet-den-berenguer\\\/\"},\"wordCount\":484,\"commentCount\":0,\"image\":{\"@id\":\"https:\\\/\\\/blog.tmgrupoinmobiliario.com\\\/pl\\\/2026\\\/03\\\/11\\\/tm-real-estate-group-inwestuje-70-milionow-euro-w-swoj-nowy-projekt-mieszkaniowy-w-canet-den-berenguer\\\/#primaryimage\"},\"thumbnailUrl\":\"https:\\\/\\\/blog.tmgrupoinmobiliario.com\\\/pl\\\/wp-content\\\/uploads\\\/sites\\\/7\\\/2026\\\/03\\\/1000666-1.jpg\",\"articleSection\":[\"Aktualno\u015bci TM\",\"Notatka prasowa\",\"Nowo\u015bci TM\"],\"inLanguage\":\"pl-PL\",\"potentialAction\":[{\"@type\":\"CommentAction\",\"name\":\"Comment\",\"target\":[\"https:\\\/\\\/blog.tmgrupoinmobiliario.com\\\/pl\\\/2026\\\/03\\\/11\\\/tm-real-estate-group-inwestuje-70-milionow-euro-w-swoj-nowy-projekt-mieszkaniowy-w-canet-den-berenguer\\\/#respond\"]}]},{\"@type\":\"WebPage\",\"@id\":\"https:\\\/\\\/blog.tmgrupoinmobiliario.com\\\/pl\\\/2026\\\/03\\\/11\\\/tm-real-estate-group-inwestuje-70-milionow-euro-w-swoj-nowy-projekt-mieszkaniowy-w-canet-den-berenguer\\\/\",\"url\":\"https:\\\/\\\/blog.tmgrupoinmobiliario.com\\\/pl\\\/2026\\\/03\\\/11\\\/tm-real-estate-group-inwestuje-70-milionow-euro-w-swoj-nowy-projekt-mieszkaniowy-w-canet-den-berenguer\\\/\",\"name\":\"TM Real Estate Group inwestuje 70 milion\u00f3w euro w sw\u00f3j nowy projekt mieszkaniowy w Canet d\u2019en Berenguer - Polski\",\"isPartOf\":{\"@id\":\"https:\\\/\\\/blog.tmgrupoinmobiliario.com\\\/pl\\\/#website\"},\"primaryImageOfPage\":{\"@id\":\"https:\\\/\\\/blog.tmgrupoinmobiliario.com\\\/pl\\\/2026\\\/03\\\/11\\\/tm-real-estate-group-inwestuje-70-milionow-euro-w-swoj-nowy-projekt-mieszkaniowy-w-canet-den-berenguer\\\/#primaryimage\"},\"image\":{\"@id\":\"https:\\\/\\\/blog.tmgrupoinmobiliario.com\\\/pl\\\/2026\\\/03\\\/11\\\/tm-real-estate-group-inwestuje-70-milionow-euro-w-swoj-nowy-projekt-mieszkaniowy-w-canet-den-berenguer\\\/#primaryimage\"},\"thumbnailUrl\":\"https:\\\/\\\/blog.tmgrupoinmobiliario.com\\\/pl\\\/wp-content\\\/uploads\\\/sites\\\/7\\\/2026\\\/03\\\/1000666-1.jpg\",\"datePublished\":\"2026-03-11T12:30:00+00:00\",\"author\":{\"@id\":\"https:\\\/\\\/blog.tmgrupoinmobiliario.com\\\/pl\\\/#\\\/schema\\\/person\\\/ad7d97239ce82e1af205d57b005d3c36\"},\"breadcrumb\":{\"@id\":\"https:\\\/\\\/blog.tmgrupoinmobiliario.com\\\/pl\\\/2026\\\/03\\\/11\\\/tm-real-estate-group-inwestuje-70-milionow-euro-w-swoj-nowy-projekt-mieszkaniowy-w-canet-den-berenguer\\\/#breadcrumb\"},\"inLanguage\":\"pl-PL\",\"potentialAction\":[{\"@type\":\"ReadAction\",\"target\":[\"https:\\\/\\\/blog.tmgrupoinmobiliario.com\\\/pl\\\/2026\\\/03\\\/11\\\/tm-real-estate-group-inwestuje-70-milionow-euro-w-swoj-nowy-projekt-mieszkaniowy-w-canet-den-berenguer\\\/\"]}]},{\"@type\":\"ImageObject\",\"inLanguage\":\"pl-PL\",\"@id\":\"https:\\\/\\\/blog.tmgrupoinmobiliario.com\\\/pl\\\/2026\\\/03\\\/11\\\/tm-real-estate-group-inwestuje-70-milionow-euro-w-swoj-nowy-projekt-mieszkaniowy-w-canet-den-berenguer\\\/#primaryimage\",\"url\":\"https:\\\/\\\/blog.tmgrupoinmobiliario.com\\\/pl\\\/wp-content\\\/uploads\\\/sites\\\/7\\\/2026\\\/03\\\/1000666-1.jpg\",\"contentUrl\":\"https:\\\/\\\/blog.tmgrupoinmobiliario.com\\\/pl\\\/wp-content\\\/uploads\\\/sites\\\/7\\\/2026\\\/03\\\/1000666-1.jpg\",\"width\":1000,\"height\":666},{\"@type\":\"BreadcrumbList\",\"@id\":\"https:\\\/\\\/blog.tmgrupoinmobiliario.com\\\/pl\\\/2026\\\/03\\\/11\\\/tm-real-estate-group-inwestuje-70-milionow-euro-w-swoj-nowy-projekt-mieszkaniowy-w-canet-den-berenguer\\\/#breadcrumb\",\"itemListElement\":[{\"@type\":\"ListItem\",\"position\":1,\"name\":\"Home\",\"item\":\"https:\\\/\\\/blog.tmgrupoinmobiliario.com\\\/pl\\\/\"},{\"@type\":\"ListItem\",\"position\":2,\"name\":\"TM Real Estate Group inwestuje 70 milion\u00f3w euro w sw\u00f3j nowy projekt mieszkaniowy w Canet d\u2019en Berenguer\"}]},{\"@type\":\"WebSite\",\"@id\":\"https:\\\/\\\/blog.tmgrupoinmobiliario.com\\\/pl\\\/#website\",\"url\":\"https:\\\/\\\/blog.tmgrupoinmobiliario.com\\\/pl\\\/\",\"name\":\"Polski\",\"description\":\"Just another Blog Desarrollo TM sitios site\",\"potentialAction\":[{\"@type\":\"SearchAction\",\"target\":{\"@type\":\"EntryPoint\",\"urlTemplate\":\"https:\\\/\\\/blog.tmgrupoinmobiliario.com\\\/pl\\\/?s={search_term_string}\"},\"query-input\":{\"@type\":\"PropertyValueSpecification\",\"valueRequired\":true,\"valueName\":\"search_term_string\"}}],\"inLanguage\":\"pl-PL\"},{\"@type\":\"Person\",\"@id\":\"https:\\\/\\\/blog.tmgrupoinmobiliario.com\\\/pl\\\/#\\\/schema\\\/person\\\/ad7d97239ce82e1af205d57b005d3c36\",\"name\":\"laurabm\",\"image\":{\"@type\":\"ImageObject\",\"inLanguage\":\"pl-PL\",\"@id\":\"https:\\\/\\\/secure.gravatar.com\\\/avatar\\\/a97e415f97899fc38aade30ac2e3143fcda2a8b75542722fce9a26dd00745c13?s=96&d=mm&r=g\",\"url\":\"https:\\\/\\\/secure.gravatar.com\\\/avatar\\\/a97e415f97899fc38aade30ac2e3143fcda2a8b75542722fce9a26dd00745c13?s=96&d=mm&r=g\",\"contentUrl\":\"https:\\\/\\\/secure.gravatar.com\\\/avatar\\\/a97e415f97899fc38aade30ac2e3143fcda2a8b75542722fce9a26dd00745c13?s=96&d=mm&r=g\",\"caption\":\"laurabm\"},\"url\":\"https:\\\/\\\/blog.tmgrupoinmobiliario.com\\\/pl\\\/author\\\/laurabm\\\/\"}]}<\/script>\n<!-- \/ Yoast SEO Premium plugin. -->","yoast_head_json":{"title":"TM Real Estate Group inwestuje 70 milion\u00f3w euro w sw\u00f3j nowy projekt mieszkaniowy w Canet d\u2019en Berenguer - Polski","robots":{"index":"index","follow":"follow","max-snippet":"max-snippet:-1","max-image-preview":"max-image-preview:large","max-video-preview":"max-video-preview:-1"},"canonical":"https:\/\/blog.tmgrupoinmobiliario.com\/pl\/2026\/03\/11\/tm-real-estate-group-inwestuje-70-milionow-euro-w-swoj-nowy-projekt-mieszkaniowy-w-canet-den-berenguer\/","og_locale":"pl_PL","og_type":"article","og_title":"TM Real Estate Group inwestuje 70 milion\u00f3w euro w sw\u00f3j nowy projekt mieszkaniowy w Canet d\u2019en Berenguer","og_description":"&nbsp; TM Real Estate Group, firma z Alicante b\u0119d\u0105ca jednym z lider\u00f3w w sektorze turystyki rezydencjalnej, hotelowej i wakacyjnej, specjalizuj\u0105ca si\u0119 w budowie oraz promocji mieszka\u0144 na wybrze\u017cu Morza \u015ar\u00f3dziemnego i na Karaibach, wprowadza na rynek sw\u00f3j nowy projekt mieszkaniowy &#8220;Sunrise Canet by TM&#8221;, zlokalizowany w Canet d\u2019en Berenguer, 25 minut od centrum Walencji i [&hellip;]","og_url":"https:\/\/blog.tmgrupoinmobiliario.com\/pl\/2026\/03\/11\/tm-real-estate-group-inwestuje-70-milionow-euro-w-swoj-nowy-projekt-mieszkaniowy-w-canet-den-berenguer\/","og_site_name":"Polski","article_published_time":"2026-03-11T12:30:00+00:00","og_image":[{"width":1000,"height":666,"url":"https:\/\/blog.tmgrupoinmobiliario.com\/pl\/wp-content\/uploads\/sites\/7\/2026\/03\/1000666-1.jpg","type":"image\/jpeg"}],"author":"laurabm","twitter_card":"summary_large_image","twitter_misc":{"Napisane przez":"laurabm","Szacowany czas czytania":"4 minuty"},"schema":{"@context":"https:\/\/schema.org","@graph":[{"@type":"Article","@id":"https:\/\/blog.tmgrupoinmobiliario.com\/pl\/2026\/03\/11\/tm-real-estate-group-inwestuje-70-milionow-euro-w-swoj-nowy-projekt-mieszkaniowy-w-canet-den-berenguer\/#article","isPartOf":{"@id":"https:\/\/blog.tmgrupoinmobiliario.com\/pl\/2026\/03\/11\/tm-real-estate-group-inwestuje-70-milionow-euro-w-swoj-nowy-projekt-mieszkaniowy-w-canet-den-berenguer\/"},"author":{"name":"laurabm","@id":"https:\/\/blog.tmgrupoinmobiliario.com\/pl\/#\/schema\/person\/ad7d97239ce82e1af205d57b005d3c36"},"headline":"TM Real Estate Group inwestuje 70 milion\u00f3w euro w sw\u00f3j nowy projekt mieszkaniowy w Canet d\u2019en Berenguer","datePublished":"2026-03-11T12:30:00+00:00","mainEntityOfPage":{"@id":"https:\/\/blog.tmgrupoinmobiliario.com\/pl\/2026\/03\/11\/tm-real-estate-group-inwestuje-70-milionow-euro-w-swoj-nowy-projekt-mieszkaniowy-w-canet-den-berenguer\/"},"wordCount":484,"commentCount":0,"image":{"@id":"https:\/\/blog.tmgrupoinmobiliario.com\/pl\/2026\/03\/11\/tm-real-estate-group-inwestuje-70-milionow-euro-w-swoj-nowy-projekt-mieszkaniowy-w-canet-den-berenguer\/#primaryimage"},"thumbnailUrl":"https:\/\/blog.tmgrupoinmobiliario.com\/pl\/wp-content\/uploads\/sites\/7\/2026\/03\/1000666-1.jpg","articleSection":["Aktualno\u015bci TM","Notatka prasowa","Nowo\u015bci TM"],"inLanguage":"pl-PL","potentialAction":[{"@type":"CommentAction","name":"Comment","target":["https:\/\/blog.tmgrupoinmobiliario.com\/pl\/2026\/03\/11\/tm-real-estate-group-inwestuje-70-milionow-euro-w-swoj-nowy-projekt-mieszkaniowy-w-canet-den-berenguer\/#respond"]}]},{"@type":"WebPage","@id":"https:\/\/blog.tmgrupoinmobiliario.com\/pl\/2026\/03\/11\/tm-real-estate-group-inwestuje-70-milionow-euro-w-swoj-nowy-projekt-mieszkaniowy-w-canet-den-berenguer\/","url":"https:\/\/blog.tmgrupoinmobiliario.com\/pl\/2026\/03\/11\/tm-real-estate-group-inwestuje-70-milionow-euro-w-swoj-nowy-projekt-mieszkaniowy-w-canet-den-berenguer\/","name":"TM Real Estate Group inwestuje 70 milion\u00f3w euro w sw\u00f3j nowy projekt mieszkaniowy w Canet d\u2019en Berenguer - Polski","isPartOf":{"@id":"https:\/\/blog.tmgrupoinmobiliario.com\/pl\/#website"},"primaryImageOfPage":{"@id":"https:\/\/blog.tmgrupoinmobiliario.com\/pl\/2026\/03\/11\/tm-real-estate-group-inwestuje-70-milionow-euro-w-swoj-nowy-projekt-mieszkaniowy-w-canet-den-berenguer\/#primaryimage"},"image":{"@id":"https:\/\/blog.tmgrupoinmobiliario.com\/pl\/2026\/03\/11\/tm-real-estate-group-inwestuje-70-milionow-euro-w-swoj-nowy-projekt-mieszkaniowy-w-canet-den-berenguer\/#primaryimage"},"thumbnailUrl":"https:\/\/blog.tmgrupoinmobiliario.com\/pl\/wp-content\/uploads\/sites\/7\/2026\/03\/1000666-1.jpg","datePublished":"2026-03-11T12:30:00+00:00","author":{"@id":"https:\/\/blog.tmgrupoinmobiliario.com\/pl\/#\/schema\/person\/ad7d97239ce82e1af205d57b005d3c36"},"breadcrumb":{"@id":"https:\/\/blog.tmgrupoinmobiliario.com\/pl\/2026\/03\/11\/tm-real-estate-group-inwestuje-70-milionow-euro-w-swoj-nowy-projekt-mieszkaniowy-w-canet-den-berenguer\/#breadcrumb"},"inLanguage":"pl-PL","potentialAction":[{"@type":"ReadAction","target":["https:\/\/blog.tmgrupoinmobiliario.com\/pl\/2026\/03\/11\/tm-real-estate-group-inwestuje-70-milionow-euro-w-swoj-nowy-projekt-mieszkaniowy-w-canet-den-berenguer\/"]}]},{"@type":"ImageObject","inLanguage":"pl-PL","@id":"https:\/\/blog.tmgrupoinmobiliario.com\/pl\/2026\/03\/11\/tm-real-estate-group-inwestuje-70-milionow-euro-w-swoj-nowy-projekt-mieszkaniowy-w-canet-den-berenguer\/#primaryimage","url":"https:\/\/blog.tmgrupoinmobiliario.com\/pl\/wp-content\/uploads\/sites\/7\/2026\/03\/1000666-1.jpg","contentUrl":"https:\/\/blog.tmgrupoinmobiliario.com\/pl\/wp-content\/uploads\/sites\/7\/2026\/03\/1000666-1.jpg","width":1000,"height":666},{"@type":"BreadcrumbList","@id":"https:\/\/blog.tmgrupoinmobiliario.com\/pl\/2026\/03\/11\/tm-real-estate-group-inwestuje-70-milionow-euro-w-swoj-nowy-projekt-mieszkaniowy-w-canet-den-berenguer\/#breadcrumb","itemListElement":[{"@type":"ListItem","position":1,"name":"Home","item":"https:\/\/blog.tmgrupoinmobiliario.com\/pl\/"},{"@type":"ListItem","position":2,"name":"TM Real Estate Group inwestuje 70 milion\u00f3w euro w sw\u00f3j nowy projekt mieszkaniowy w Canet d\u2019en Berenguer"}]},{"@type":"WebSite","@id":"https:\/\/blog.tmgrupoinmobiliario.com\/pl\/#website","url":"https:\/\/blog.tmgrupoinmobiliario.com\/pl\/","name":"Polski","description":"Just another Blog Desarrollo TM sitios site","potentialAction":[{"@type":"SearchAction","target":{"@type":"EntryPoint","urlTemplate":"https:\/\/blog.tmgrupoinmobiliario.com\/pl\/?s={search_term_string}"},"query-input":{"@type":"PropertyValueSpecification","valueRequired":true,"valueName":"search_term_string"}}],"inLanguage":"pl-PL"},{"@type":"Person","@id":"https:\/\/blog.tmgrupoinmobiliario.com\/pl\/#\/schema\/person\/ad7d97239ce82e1af205d57b005d3c36","name":"laurabm","image":{"@type":"ImageObject","inLanguage":"pl-PL","@id":"https:\/\/secure.gravatar.com\/avatar\/a97e415f97899fc38aade30ac2e3143fcda2a8b75542722fce9a26dd00745c13?s=96&d=mm&r=g","url":"https:\/\/secure.gravatar.com\/avatar\/a97e415f97899fc38aade30ac2e3143fcda2a8b75542722fce9a26dd00745c13?s=96&d=mm&r=g","contentUrl":"https:\/\/secure.gravatar.com\/avatar\/a97e415f97899fc38aade30ac2e3143fcda2a8b75542722fce9a26dd00745c13?s=96&d=mm&r=g","caption":"laurabm"},"url":"https:\/\/blog.tmgrupoinmobiliario.com\/pl\/author\/laurabm\/"}]}},"jetpack_featured_media_url":"https:\/\/blog.tmgrupoinmobiliario.com\/pl\/wp-content\/uploads\/sites\/7\/2026\/03\/1000666-1.jpg","jetpack_sharing_enabled":true,"_links":{"self":[{"href":"https:\/\/blog.tmgrupoinmobiliario.com\/pl\/wp-json\/wp\/v2\/posts\/19893","targetHints":{"allow":["GET"]}}],"collection":[{"href":"https:\/\/blog.tmgrupoinmobiliario.com\/pl\/wp-json\/wp\/v2\/posts"}],"about":[{"href":"https:\/\/blog.tmgrupoinmobiliario.com\/pl\/wp-json\/wp\/v2\/types\/post"}],"author":[{"embeddable":true,"href":"https:\/\/blog.tmgrupoinmobiliario.com\/pl\/wp-json\/wp\/v2\/users\/11730"}],"replies":[{"embeddable":true,"href":"https:\/\/blog.tmgrupoinmobiliario.com\/pl\/wp-json\/wp\/v2\/comments?post=19893"}],"version-history":[{"count":2,"href":"https:\/\/blog.tmgrupoinmobiliario.com\/pl\/wp-json\/wp\/v2\/posts\/19893\/revisions"}],"predecessor-version":[{"id":19903,"href":"https:\/\/blog.tmgrupoinmobiliario.com\/pl\/wp-json\/wp\/v2\/posts\/19893\/revisions\/19903"}],"wp:featuredmedia":[{"embeddable":true,"href":"https:\/\/blog.tmgrupoinmobiliario.com\/pl\/wp-json\/wp\/v2\/media\/19901"}],"wp:attachment":[{"href":"https:\/\/blog.tmgrupoinmobiliario.com\/pl\/wp-json\/wp\/v2\/media?parent=19893"}],"wp:term":[{"taxonomy":"category","embeddable":true,"href":"https:\/\/blog.tmgrupoinmobiliario.com\/pl\/wp-json\/wp\/v2\/categories?post=19893"},{"taxonomy":"post_tag","embeddable":true,"href":"https:\/\/blog.tmgrupoinmobiliario.com\/pl\/wp-json\/wp\/v2\/tags?post=19893"}],"curies":[{"name":"wp","href":"https:\/\/api.w.org\/{rel}","templated":true}]}}