{"id":19465,"date":"2025-04-05T10:50:04","date_gmt":"2025-04-05T10:50:04","guid":{"rendered":"https:\/\/blog.tmgrupoinmobiliario.com\/pl\/?p=19465"},"modified":"2025-04-05T10:50:04","modified_gmt":"2025-04-05T10:50:04","slug":"pomysly-na-uporzadkowanie-szafek-w-twojej-kuchni","status":"publish","type":"post","link":"https:\/\/blog.tmgrupoinmobiliario.com\/pl\/2025\/04\/05\/pomysly-na-uporzadkowanie-szafek-w-twojej-kuchni\/","title":{"rendered":"Pomys\u0142y na uporz\u0105dkowanie szafek w Twojej kuchni"},"content":{"rendered":"<h2><\/h2>\n<h4><span style=\"color: #ff0000\"><strong>Klasyfikuj i grupuj przybory oraz produkty spo\u017cywcze<\/strong><\/span><\/h4>\n<p>Pierwszym krokiem do uporz\u0105dkowania szafek jest pogrupowanie przedmiot\u00f3w wed\u0142ug ich zastosowania i funkcji. Je\u015bli zmieszasz przybory kuchenne, sk\u0142adniki oraz narz\u0119dzia, stracisz czas na szukanie tego, czego potrzebujesz. Podziel przedmioty na kategorie:<\/p>\n<ul>\n<li><strong>Przybory kuchenne<\/strong>: Zorganizuj no\u017ce, \u0142y\u017cki, \u0142opatki, trzepaczki oraz inne narz\u0119dzia, stosuj\u0105c przegrody, kt\u00f3re u\u0142atwi\u0105 dost\u0119p.<\/li>\n<li><strong>Produkty w puszkach i suszone<\/strong>: Umie\u015b\u0107 produkty na p\u00f3\u0142kach wed\u0142ug rodzaju (na przyk\u0142ad zbo\u017ca, ro\u015bliny str\u0105czkowe, przyprawy) i u\u017cyj s\u0142oik\u00f3w lub pude\u0142ek, aby utrzyma\u0107 je w porz\u0105dku i w zasi\u0119gu wzroku.<\/li>\n<li><strong>Ma\u0142e urz\u0105dzenia AGD<\/strong>: Przechowuj w dolnych szafkach lub na \u0142atwo dost\u0119pnych p\u00f3\u0142kach ma\u0142e urz\u0105dzenia, takie jak miksery, frytkownice bezt\u0142uszczowe czy tostery.<\/li>\n<\/ul>\n<p>Taka klasyfikacja u\u0142atwi znalezienie potrzebnych przedmiot\u00f3w oraz zapobiegnie powstawaniu ba\u0142aganu.<\/p>\n<h4><span style=\"color: #ff0000\"><strong>U\u017cywaj organizer\u00f3w oraz akcesori\u00f3w kuchennych<\/strong><\/span><\/h4>\n<p>Akcesoria organizacyjne s\u0105 kluczowe dla efektywnego wykorzystania przestrzeni szafek. Od organizer\u00f3w p\u00f3\u0142ek po kosze i przegrody \u2013 istnieje wiele opcji, kt\u00f3re pozwol\u0105 zmaksymalizowa\u0107 pionow\u0105 i poziom\u0105 przestrze\u0144. Oto kilka pomys\u0142\u00f3w:<\/p>\n<ul>\n<li><strong>Tacze wysuwane<\/strong>: Idealne na najwy\u017csze lub trudno dost\u0119pne p\u00f3\u0142ki. Umo\u017cliwiaj\u0105 \u0142atwy dost\u0119p do przedmiot\u00f3w przechowywanych z ty\u0142u.<\/li>\n<li><strong>Kosze i pude\u0142ka<\/strong>: U\u017cywaj koszy w r\u00f3\u017cnych rozmiarach do przechowywania ma\u0142ych produkt\u00f3w lub tych, kt\u00f3re u\u017cywasz rzadziej, takich jak sosy czy konserwy.<\/li>\n<li><strong>Wyjmowane p\u00f3\u0142ki<\/strong>: Monta\u017c wyjmowanych p\u00f3\u0142ek w szafkach u\u0142atwia dost\u0119p do produkt\u00f3w umieszczonych z ty\u0142u oraz pozwala zobaczy\u0107 ca\u0142y przechowywany asortyment bez konieczno\u015bci przesuwania wielu przedmiot\u00f3w.<\/li>\n<\/ul>\n<p>Nie zapomnij wykorzysta\u0107 drzwi szafek \u2013 tam mo\u017cesz zamontowa\u0107 haczyki lub ma\u0142e p\u00f3\u0142ki do zawieszenia przybor\u00f3w lub przechowywania takich drobiazg\u00f3w, jak pokrywki do garnk\u00f3w i patelnie.<\/p>\n<h4><span style=\"color: #ff0000\"> Przechowuj pionowo i w g\u00f3rnej cz\u0119\u015bci mebli kuchennych<\/span><\/h4>\n<p>W przypadku wi\u0119kszych szafek nie wahaj si\u0119 wykorzysta\u0107 przestrzeni pionowej. U\u017cyj \u015bcian lub g\u00f3rnej cz\u0119\u015bci szafek do przechowywania przedmiot\u00f3w rzadziej u\u017cywanych, ale kt\u00f3re wci\u0105\u017c musisz mie\u0107 pod r\u0119k\u0105. Oto kilka propozycji:<\/p>\n<ul>\n<li><strong>P\u0142ywaj\u0105ce lub wisz\u0105ce p\u00f3\u0142ki<\/strong>: Umie\u015b\u0107 dodatkowe p\u00f3\u0142ki w g\u00f3rnej cz\u0119\u015bci szafek, aby przechowywa\u0107 przybory, kt\u00f3rych u\u017cywasz sporadycznie, takie jak du\u017ce garnki czy akcesoria do pieczenia.<\/li>\n<li><strong>Haczyki i dr\u0105\u017cki<\/strong>: Zainstaluj dr\u0105\u017cki lub haczyki wewn\u0105trz drzwi szafek, by zawiesi\u0107 kubki, drewniane \u0142y\u017cki lub r\u0119kawice kuchenne.<\/li>\n<li><strong>Pude\u0142ka do uk\u0142adania jeden na drugim<\/strong>: Je\u015bli dysponujesz wystarczaj\u0105c\u0105 przestrzeni\u0105 pionow\u0105, u\u017cyj pude\u0142ek do uk\u0142adania, by przechowywa\u0107 produkty lub przybory \u2013 pozwoli to lepiej zagospodarowa\u0107 przestrze\u0144 bez zajmowania zbyt du\u017co miejsca na p\u0142aszczy\u017anie poziomej.<\/li>\n<\/ul>\n<p>Tego rodzaju przechowywanie nie tylko optymalizuje przestrze\u0144, ale r\u00f3wnie\u017c umo\u017cliwia szybki dost\u0119p do element\u00f3w u\u017cywanych rzadziej.<\/p>\n<h4><span style=\"color: #ff0000\"><strong>Organizuj wed\u0142ug cz\u0119stotliwo\u015bci u\u017cycia<\/strong><\/span><\/h4>\n<p>Jednym z kluczy do utrzymania porz\u0105dku w kuchni jest zapewnienie, \u017ce przedmioty, kt\u00f3rych najcz\u0119\u015bciej u\u017cywasz, s\u0105 \u0142atwo dost\u0119pne, podczas gdy te u\u017cywane sporadycznie \u2013 przechowywane w mniej widocznych lub trudno dost\u0119pnych miejscach.<\/p>\n<ul>\n<li><strong>Strefa cz\u0119stego u\u017cycia<\/strong>: Umie\u015b\u0107 przybory, garnki oraz produkty u\u017cywane na co dzie\u0144 na p\u00f3\u0142kach na wysoko\u015bci wzroku lub w dolnych szafkach. Obejmuje to mi\u0119dzy innymi talerze, szklanki, kubki, oleje oraz przyprawy, takie jak s\u00f3l, pieprz czy oregano.<\/li>\n<li><strong>Strefa dodatkowego przechowywania<\/strong>: Przedmioty takie jak du\u017ce garnki, rzadziej u\u017cywane urz\u0105dzenia kuchenne czy specjalne sk\u0142adniki, mog\u0105 by\u0107 umieszczone na wy\u017cszych p\u00f3\u0142kach lub w mniej dost\u0119pnych szafkach.<\/li>\n<\/ul>\n<p>Dzi\u0119ki temu wszystko, co potrzebne, b\u0119dzie zawsze pod r\u0119k\u0105, bez konieczno\u015bci du\u017cego wysi\u0142ku przy szukaniu.<\/p>\n<h4><span style=\"color: #ff0000\"><strong>Czas na organizacj\u0119 Twojej kuchni!<\/strong><\/span><\/h4>\n<p>Porz\u0105dek w szafkach kuchennych nie tylko pozwoli Ci cieszy\u0107 si\u0119 czystsz\u0105 i bardziej uporz\u0105dkowan\u0105 przestrzeni\u0105, ale tak\u017ce zoptymalizuje Tw\u00f3j czas sp\u0119dzony na gotowaniu. Zacznij od drobnych modyfikacji: sklasyfikuj swoje przybory i produkty, u\u017cywaj organizer\u00f3w, by maksymalnie zagospodarowa\u0107 przestrze\u0144, i upewnij si\u0119, \u017ce najcz\u0119\u015bciej u\u017cywane przedmioty s\u0105 zawsze w zasi\u0119gu r\u0119ki. Dzi\u0119ki odrobinie planowania i w\u0142a\u015bciwym pomys\u0142om, Twoja kuchnia mo\u017ce sta\u0107 si\u0119 funkcjonalnym oraz przyjemnym miejscem do gotowania.<\/p>\n<p>&nbsp;<\/p>\n","protected":false},"excerpt":{"rendered":"<p>Klasyfikuj i grupuj przybory oraz produkty spo\u017cywcze Pierwszym krokiem do uporz\u0105dkowania szafek jest pogrupowanie przedmiot\u00f3w wed\u0142ug ich zastosowania i funkcji. Je\u015bli zmieszasz przybory kuchenne, sk\u0142adniki oraz narz\u0119dzia, stracisz czas na szukanie tego, czego potrzebujesz. Podziel przedmioty na kategorie: Przybory kuchenne: Zorganizuj no\u017ce, \u0142y\u017cki, \u0142opatki, trzepaczki oraz inne narz\u0119dzia, stosuj\u0105c przegrody, kt\u00f3re u\u0142atwi\u0105 dost\u0119p. Produkty w [&hellip;]<\/p>\n","protected":false},"author":11729,"featured_media":19469,"comment_status":"open","ping_status":"open","sticky":false,"template":"","format":"standard","meta":{"_jetpack_memberships_contains_paid_content":false,"footnotes":""},"categories":[4],"tags":[731,732,424],"class_list":["post-19465","post","type-post","status-publish","format-standard","has-post-thumbnail","hentry","category-life-style","tag-pouporzadkowanie-szafek-w-twojej-kuchni","tag-szafek-w-twojej-kuchni","tag-tm-real-estate-group-en","formato-blog"],"better_featured_image":{"id":19469,"alt_text":"Pomys\u0142y na uporz\u0105dkowanie szafek w Twojej kuchni","caption":"","description":"","media_type":"image","media_details":{"width":1000,"height":666,"file":"2025\/04\/Ideas-para-ordenar-los-armarios-de-la-cocina-3.jpg","filesize":50548,"sizes":{},"image_meta":{"aperture":"0","credit":"","camera":"","caption":"","created_timestamp":"0","copyright":"","focal_length":"0","iso":"0","shutter_speed":"0","title":"","orientation":"1","keywords":[]}},"post":19465,"source_url":"https:\/\/blog.tmgrupoinmobiliario.com\/pl\/wp-content\/uploads\/sites\/7\/2025\/04\/Ideas-para-ordenar-los-armarios-de-la-cocina-3.jpg"},"acf":{"imagen_destacada_desktop":"https:\/\/blog.tmgrupoinmobiliario.com\/pl\/wp-content\/uploads\/sites\/7\/2025\/04\/Ideas-para-ordenar-los-armarios-de-la-cocina-4.jpg","imagen_destacada_mobile":"https:\/\/blog.tmgrupoinmobiliario.com\/pl\/wp-content\/uploads\/sites\/7\/2025\/04\/Ideas-para-ordenar-los-armarios-de-la-cocina-2.jpg","formato":{"term_id":471,"name":"Blog","slug":"blog","term_group":0,"term_taxonomy_id":471,"taxonomy":"formato","description":"","parent":0,"count":139,"filter":"raw"},"entradilla":"Mie\u0107 dobrze zorganizowan\u0105 przestrze\u0144 nie tylko poprawia estetyk\u0119 Twojej kuchni, ale r\u00f3wnie\u017c u\u0142atwia przygotowywanie posi\u0142k\u00f3w, oszcz\u0119dza czas i redukuje stres. Je\u015bli szukasz pomys\u0142\u00f3w na efektywne zorganizowanie szafek kuchennych, w tym artykule przedstawiamy praktyczne rozwi\u0105zania, kt\u00f3re pomog\u0105 zoptymalizowa\u0107 ka\u017cdy zak\u0105tek.","etiquetas":"","cabecera_escritorio":"https:\/\/blog.tmgrupoinmobiliario.com\/pl\/wp-content\/uploads\/sites\/7\/2025\/04\/Ideas-para-ordenar-los-armarios-de-la-cocina.jpg","cabecera_mobile":"https:\/\/blog.tmgrupoinmobiliario.com\/pl\/wp-content\/uploads\/sites\/7\/2025\/04\/Ideas-para-ordenar-los-armarios-de-la-cocina-1.jpg","galeria":false},"yoast_head":"<!-- This site is optimized with the Yoast SEO Premium plugin v23.6 (Yoast SEO v27.5) - https:\/\/yoast.com\/product\/yoast-seo-premium-wordpress\/ -->\n<title>Pomys\u0142y na uporz\u0105dkowanie szafek w Twojej kuchni - Polski<\/title>\n<meta name=\"description\" content=\"Je\u015bli szukasz pomys\u0142\u00f3w na efektywne zorganizowanie szafek kuchennych, w tym artykule przedstawiamy praktyczne rozwi\u0105zania, kt\u00f3re pomog\u0105 zoptymalizowa\u0107 ka\u017cdy zak\u0105tek.\" \/>\n<meta name=\"robots\" content=\"index, follow, max-snippet:-1, max-image-preview:large, max-video-preview:-1\" \/>\n<link rel=\"canonical\" href=\"https:\/\/blog.tmgrupoinmobiliario.com\/pl\/2025\/04\/05\/pomysly-na-uporzadkowanie-szafek-w-twojej-kuchni\/\" \/>\n<meta property=\"og:locale\" content=\"pl_PL\" \/>\n<meta property=\"og:type\" content=\"article\" \/>\n<meta property=\"og:title\" content=\"Pomys\u0142y na uporz\u0105dkowanie szafek w Twojej kuchni\" \/>\n<meta property=\"og:description\" content=\"Je\u015bli szukasz pomys\u0142\u00f3w na efektywne zorganizowanie szafek kuchennych, w tym artykule przedstawiamy praktyczne rozwi\u0105zania, kt\u00f3re pomog\u0105 zoptymalizowa\u0107 ka\u017cdy zak\u0105tek.\" \/>\n<meta property=\"og:url\" content=\"https:\/\/blog.tmgrupoinmobiliario.com\/pl\/2025\/04\/05\/pomysly-na-uporzadkowanie-szafek-w-twojej-kuchni\/\" \/>\n<meta property=\"og:site_name\" content=\"Polski\" \/>\n<meta property=\"article:published_time\" content=\"2025-04-05T10:50:04+00:00\" \/>\n<meta property=\"og:image\" content=\"https:\/\/blog.tmgrupoinmobiliario.com\/pl\/wp-content\/uploads\/sites\/7\/2025\/04\/Ideas-para-ordenar-los-armarios-de-la-cocina-3.jpg\" \/>\n\t<meta property=\"og:image:width\" content=\"1000\" \/>\n\t<meta property=\"og:image:height\" content=\"666\" \/>\n\t<meta property=\"og:image:type\" content=\"image\/jpeg\" \/>\n<meta name=\"author\" content=\"indira\" \/>\n<meta name=\"twitter:card\" content=\"summary_large_image\" \/>\n<meta name=\"twitter:label1\" content=\"Napisane przez\" \/>\n\t<meta name=\"twitter:data1\" content=\"indira\" \/>\n\t<meta name=\"twitter:label2\" content=\"Szacowany czas czytania\" \/>\n\t<meta name=\"twitter:data2\" content=\"4 minuty\" \/>\n<script type=\"application\/ld+json\" class=\"yoast-schema-graph\">{\"@context\":\"https:\\\/\\\/schema.org\",\"@graph\":[{\"@type\":\"Article\",\"@id\":\"https:\\\/\\\/blog.tmgrupoinmobiliario.com\\\/pl\\\/2025\\\/04\\\/05\\\/pomysly-na-uporzadkowanie-szafek-w-twojej-kuchni\\\/#article\",\"isPartOf\":{\"@id\":\"https:\\\/\\\/blog.tmgrupoinmobiliario.com\\\/pl\\\/2025\\\/04\\\/05\\\/pomysly-na-uporzadkowanie-szafek-w-twojej-kuchni\\\/\"},\"author\":{\"name\":\"indira\",\"@id\":\"https:\\\/\\\/blog.tmgrupoinmobiliario.com\\\/pl\\\/#\\\/schema\\\/person\\\/bbbac745abadad64177a5ee6a73cbf7c\"},\"headline\":\"Pomys\u0142y na uporz\u0105dkowanie szafek w Twojej kuchni\",\"datePublished\":\"2025-04-05T10:50:04+00:00\",\"mainEntityOfPage\":{\"@id\":\"https:\\\/\\\/blog.tmgrupoinmobiliario.com\\\/pl\\\/2025\\\/04\\\/05\\\/pomysly-na-uporzadkowanie-szafek-w-twojej-kuchni\\\/\"},\"wordCount\":723,\"commentCount\":0,\"image\":{\"@id\":\"https:\\\/\\\/blog.tmgrupoinmobiliario.com\\\/pl\\\/2025\\\/04\\\/05\\\/pomysly-na-uporzadkowanie-szafek-w-twojej-kuchni\\\/#primaryimage\"},\"thumbnailUrl\":\"https:\\\/\\\/blog.tmgrupoinmobiliario.com\\\/pl\\\/wp-content\\\/uploads\\\/sites\\\/7\\\/2025\\\/04\\\/Ideas-para-ordenar-los-armarios-de-la-cocina-3.jpg\",\"keywords\":[\"Pouporz\u0105dkowanie szafek w Twojej kuchni\",\"szafek w Twojej kuchni\",\"TM Real Estate Group\"],\"articleSection\":[\"LifeStyle\"],\"inLanguage\":\"pl-PL\",\"potentialAction\":[{\"@type\":\"CommentAction\",\"name\":\"Comment\",\"target\":[\"https:\\\/\\\/blog.tmgrupoinmobiliario.com\\\/pl\\\/2025\\\/04\\\/05\\\/pomysly-na-uporzadkowanie-szafek-w-twojej-kuchni\\\/#respond\"]}]},{\"@type\":\"WebPage\",\"@id\":\"https:\\\/\\\/blog.tmgrupoinmobiliario.com\\\/pl\\\/2025\\\/04\\\/05\\\/pomysly-na-uporzadkowanie-szafek-w-twojej-kuchni\\\/\",\"url\":\"https:\\\/\\\/blog.tmgrupoinmobiliario.com\\\/pl\\\/2025\\\/04\\\/05\\\/pomysly-na-uporzadkowanie-szafek-w-twojej-kuchni\\\/\",\"name\":\"Pomys\u0142y na uporz\u0105dkowanie szafek w Twojej kuchni - Polski\",\"isPartOf\":{\"@id\":\"https:\\\/\\\/blog.tmgrupoinmobiliario.com\\\/pl\\\/#website\"},\"primaryImageOfPage\":{\"@id\":\"https:\\\/\\\/blog.tmgrupoinmobiliario.com\\\/pl\\\/2025\\\/04\\\/05\\\/pomysly-na-uporzadkowanie-szafek-w-twojej-kuchni\\\/#primaryimage\"},\"image\":{\"@id\":\"https:\\\/\\\/blog.tmgrupoinmobiliario.com\\\/pl\\\/2025\\\/04\\\/05\\\/pomysly-na-uporzadkowanie-szafek-w-twojej-kuchni\\\/#primaryimage\"},\"thumbnailUrl\":\"https:\\\/\\\/blog.tmgrupoinmobiliario.com\\\/pl\\\/wp-content\\\/uploads\\\/sites\\\/7\\\/2025\\\/04\\\/Ideas-para-ordenar-los-armarios-de-la-cocina-3.jpg\",\"datePublished\":\"2025-04-05T10:50:04+00:00\",\"author\":{\"@id\":\"https:\\\/\\\/blog.tmgrupoinmobiliario.com\\\/pl\\\/#\\\/schema\\\/person\\\/bbbac745abadad64177a5ee6a73cbf7c\"},\"description\":\"Je\u015bli szukasz pomys\u0142\u00f3w na efektywne zorganizowanie szafek kuchennych, w tym artykule przedstawiamy praktyczne rozwi\u0105zania, kt\u00f3re pomog\u0105 zoptymalizowa\u0107 ka\u017cdy zak\u0105tek.\",\"breadcrumb\":{\"@id\":\"https:\\\/\\\/blog.tmgrupoinmobiliario.com\\\/pl\\\/2025\\\/04\\\/05\\\/pomysly-na-uporzadkowanie-szafek-w-twojej-kuchni\\\/#breadcrumb\"},\"inLanguage\":\"pl-PL\",\"potentialAction\":[{\"@type\":\"ReadAction\",\"target\":[\"https:\\\/\\\/blog.tmgrupoinmobiliario.com\\\/pl\\\/2025\\\/04\\\/05\\\/pomysly-na-uporzadkowanie-szafek-w-twojej-kuchni\\\/\"]}]},{\"@type\":\"ImageObject\",\"inLanguage\":\"pl-PL\",\"@id\":\"https:\\\/\\\/blog.tmgrupoinmobiliario.com\\\/pl\\\/2025\\\/04\\\/05\\\/pomysly-na-uporzadkowanie-szafek-w-twojej-kuchni\\\/#primaryimage\",\"url\":\"https:\\\/\\\/blog.tmgrupoinmobiliario.com\\\/pl\\\/wp-content\\\/uploads\\\/sites\\\/7\\\/2025\\\/04\\\/Ideas-para-ordenar-los-armarios-de-la-cocina-3.jpg\",\"contentUrl\":\"https:\\\/\\\/blog.tmgrupoinmobiliario.com\\\/pl\\\/wp-content\\\/uploads\\\/sites\\\/7\\\/2025\\\/04\\\/Ideas-para-ordenar-los-armarios-de-la-cocina-3.jpg\",\"width\":1000,\"height\":666,\"caption\":\"Pomys\u0142y na uporz\u0105dkowanie szafek w Twojej kuchni\"},{\"@type\":\"BreadcrumbList\",\"@id\":\"https:\\\/\\\/blog.tmgrupoinmobiliario.com\\\/pl\\\/2025\\\/04\\\/05\\\/pomysly-na-uporzadkowanie-szafek-w-twojej-kuchni\\\/#breadcrumb\",\"itemListElement\":[{\"@type\":\"ListItem\",\"position\":1,\"name\":\"Home\",\"item\":\"https:\\\/\\\/blog.tmgrupoinmobiliario.com\\\/pl\\\/\"},{\"@type\":\"ListItem\",\"position\":2,\"name\":\"Pomys\u0142y na uporz\u0105dkowanie szafek w Twojej kuchni\"}]},{\"@type\":\"WebSite\",\"@id\":\"https:\\\/\\\/blog.tmgrupoinmobiliario.com\\\/pl\\\/#website\",\"url\":\"https:\\\/\\\/blog.tmgrupoinmobiliario.com\\\/pl\\\/\",\"name\":\"Polski\",\"description\":\"Just another Blog Desarrollo TM sitios site\",\"potentialAction\":[{\"@type\":\"SearchAction\",\"target\":{\"@type\":\"EntryPoint\",\"urlTemplate\":\"https:\\\/\\\/blog.tmgrupoinmobiliario.com\\\/pl\\\/?s={search_term_string}\"},\"query-input\":{\"@type\":\"PropertyValueSpecification\",\"valueRequired\":true,\"valueName\":\"search_term_string\"}}],\"inLanguage\":\"pl-PL\"},{\"@type\":\"Person\",\"@id\":\"https:\\\/\\\/blog.tmgrupoinmobiliario.com\\\/pl\\\/#\\\/schema\\\/person\\\/bbbac745abadad64177a5ee6a73cbf7c\",\"name\":\"indira\",\"image\":{\"@type\":\"ImageObject\",\"inLanguage\":\"pl-PL\",\"@id\":\"https:\\\/\\\/secure.gravatar.com\\\/avatar\\\/e9bcc7a0bb2179240c56a1875899ce9a1dfa15d5b7527f71259eaee6010d7203?s=96&d=mm&r=g\",\"url\":\"https:\\\/\\\/secure.gravatar.com\\\/avatar\\\/e9bcc7a0bb2179240c56a1875899ce9a1dfa15d5b7527f71259eaee6010d7203?s=96&d=mm&r=g\",\"contentUrl\":\"https:\\\/\\\/secure.gravatar.com\\\/avatar\\\/e9bcc7a0bb2179240c56a1875899ce9a1dfa15d5b7527f71259eaee6010d7203?s=96&d=mm&r=g\",\"caption\":\"indira\"},\"url\":\"https:\\\/\\\/blog.tmgrupoinmobiliario.com\\\/pl\\\/author\\\/indira\\\/\"}]}<\/script>\n<!-- \/ Yoast SEO Premium plugin. -->","yoast_head_json":{"title":"Pomys\u0142y na uporz\u0105dkowanie szafek w Twojej kuchni - Polski","description":"Je\u015bli szukasz pomys\u0142\u00f3w na efektywne zorganizowanie szafek kuchennych, w tym artykule przedstawiamy praktyczne rozwi\u0105zania, kt\u00f3re pomog\u0105 zoptymalizowa\u0107 ka\u017cdy zak\u0105tek.","robots":{"index":"index","follow":"follow","max-snippet":"max-snippet:-1","max-image-preview":"max-image-preview:large","max-video-preview":"max-video-preview:-1"},"canonical":"https:\/\/blog.tmgrupoinmobiliario.com\/pl\/2025\/04\/05\/pomysly-na-uporzadkowanie-szafek-w-twojej-kuchni\/","og_locale":"pl_PL","og_type":"article","og_title":"Pomys\u0142y na uporz\u0105dkowanie szafek w Twojej kuchni","og_description":"Je\u015bli szukasz pomys\u0142\u00f3w na efektywne zorganizowanie szafek kuchennych, w tym artykule przedstawiamy praktyczne rozwi\u0105zania, kt\u00f3re pomog\u0105 zoptymalizowa\u0107 ka\u017cdy zak\u0105tek.","og_url":"https:\/\/blog.tmgrupoinmobiliario.com\/pl\/2025\/04\/05\/pomysly-na-uporzadkowanie-szafek-w-twojej-kuchni\/","og_site_name":"Polski","article_published_time":"2025-04-05T10:50:04+00:00","og_image":[{"width":1000,"height":666,"url":"https:\/\/blog.tmgrupoinmobiliario.com\/pl\/wp-content\/uploads\/sites\/7\/2025\/04\/Ideas-para-ordenar-los-armarios-de-la-cocina-3.jpg","type":"image\/jpeg"}],"author":"indira","twitter_card":"summary_large_image","twitter_misc":{"Napisane przez":"indira","Szacowany czas czytania":"4 minuty"},"schema":{"@context":"https:\/\/schema.org","@graph":[{"@type":"Article","@id":"https:\/\/blog.tmgrupoinmobiliario.com\/pl\/2025\/04\/05\/pomysly-na-uporzadkowanie-szafek-w-twojej-kuchni\/#article","isPartOf":{"@id":"https:\/\/blog.tmgrupoinmobiliario.com\/pl\/2025\/04\/05\/pomysly-na-uporzadkowanie-szafek-w-twojej-kuchni\/"},"author":{"name":"indira","@id":"https:\/\/blog.tmgrupoinmobiliario.com\/pl\/#\/schema\/person\/bbbac745abadad64177a5ee6a73cbf7c"},"headline":"Pomys\u0142y na uporz\u0105dkowanie szafek w Twojej kuchni","datePublished":"2025-04-05T10:50:04+00:00","mainEntityOfPage":{"@id":"https:\/\/blog.tmgrupoinmobiliario.com\/pl\/2025\/04\/05\/pomysly-na-uporzadkowanie-szafek-w-twojej-kuchni\/"},"wordCount":723,"commentCount":0,"image":{"@id":"https:\/\/blog.tmgrupoinmobiliario.com\/pl\/2025\/04\/05\/pomysly-na-uporzadkowanie-szafek-w-twojej-kuchni\/#primaryimage"},"thumbnailUrl":"https:\/\/blog.tmgrupoinmobiliario.com\/pl\/wp-content\/uploads\/sites\/7\/2025\/04\/Ideas-para-ordenar-los-armarios-de-la-cocina-3.jpg","keywords":["Pouporz\u0105dkowanie szafek w Twojej kuchni","szafek w Twojej kuchni","TM Real Estate Group"],"articleSection":["LifeStyle"],"inLanguage":"pl-PL","potentialAction":[{"@type":"CommentAction","name":"Comment","target":["https:\/\/blog.tmgrupoinmobiliario.com\/pl\/2025\/04\/05\/pomysly-na-uporzadkowanie-szafek-w-twojej-kuchni\/#respond"]}]},{"@type":"WebPage","@id":"https:\/\/blog.tmgrupoinmobiliario.com\/pl\/2025\/04\/05\/pomysly-na-uporzadkowanie-szafek-w-twojej-kuchni\/","url":"https:\/\/blog.tmgrupoinmobiliario.com\/pl\/2025\/04\/05\/pomysly-na-uporzadkowanie-szafek-w-twojej-kuchni\/","name":"Pomys\u0142y na uporz\u0105dkowanie szafek w Twojej kuchni - Polski","isPartOf":{"@id":"https:\/\/blog.tmgrupoinmobiliario.com\/pl\/#website"},"primaryImageOfPage":{"@id":"https:\/\/blog.tmgrupoinmobiliario.com\/pl\/2025\/04\/05\/pomysly-na-uporzadkowanie-szafek-w-twojej-kuchni\/#primaryimage"},"image":{"@id":"https:\/\/blog.tmgrupoinmobiliario.com\/pl\/2025\/04\/05\/pomysly-na-uporzadkowanie-szafek-w-twojej-kuchni\/#primaryimage"},"thumbnailUrl":"https:\/\/blog.tmgrupoinmobiliario.com\/pl\/wp-content\/uploads\/sites\/7\/2025\/04\/Ideas-para-ordenar-los-armarios-de-la-cocina-3.jpg","datePublished":"2025-04-05T10:50:04+00:00","author":{"@id":"https:\/\/blog.tmgrupoinmobiliario.com\/pl\/#\/schema\/person\/bbbac745abadad64177a5ee6a73cbf7c"},"description":"Je\u015bli szukasz pomys\u0142\u00f3w na efektywne zorganizowanie szafek kuchennych, w tym artykule przedstawiamy praktyczne rozwi\u0105zania, kt\u00f3re pomog\u0105 zoptymalizowa\u0107 ka\u017cdy zak\u0105tek.","breadcrumb":{"@id":"https:\/\/blog.tmgrupoinmobiliario.com\/pl\/2025\/04\/05\/pomysly-na-uporzadkowanie-szafek-w-twojej-kuchni\/#breadcrumb"},"inLanguage":"pl-PL","potentialAction":[{"@type":"ReadAction","target":["https:\/\/blog.tmgrupoinmobiliario.com\/pl\/2025\/04\/05\/pomysly-na-uporzadkowanie-szafek-w-twojej-kuchni\/"]}]},{"@type":"ImageObject","inLanguage":"pl-PL","@id":"https:\/\/blog.tmgrupoinmobiliario.com\/pl\/2025\/04\/05\/pomysly-na-uporzadkowanie-szafek-w-twojej-kuchni\/#primaryimage","url":"https:\/\/blog.tmgrupoinmobiliario.com\/pl\/wp-content\/uploads\/sites\/7\/2025\/04\/Ideas-para-ordenar-los-armarios-de-la-cocina-3.jpg","contentUrl":"https:\/\/blog.tmgrupoinmobiliario.com\/pl\/wp-content\/uploads\/sites\/7\/2025\/04\/Ideas-para-ordenar-los-armarios-de-la-cocina-3.jpg","width":1000,"height":666,"caption":"Pomys\u0142y na uporz\u0105dkowanie szafek w Twojej kuchni"},{"@type":"BreadcrumbList","@id":"https:\/\/blog.tmgrupoinmobiliario.com\/pl\/2025\/04\/05\/pomysly-na-uporzadkowanie-szafek-w-twojej-kuchni\/#breadcrumb","itemListElement":[{"@type":"ListItem","position":1,"name":"Home","item":"https:\/\/blog.tmgrupoinmobiliario.com\/pl\/"},{"@type":"ListItem","position":2,"name":"Pomys\u0142y na uporz\u0105dkowanie szafek w Twojej kuchni"}]},{"@type":"WebSite","@id":"https:\/\/blog.tmgrupoinmobiliario.com\/pl\/#website","url":"https:\/\/blog.tmgrupoinmobiliario.com\/pl\/","name":"Polski","description":"Just another Blog Desarrollo TM sitios site","potentialAction":[{"@type":"SearchAction","target":{"@type":"EntryPoint","urlTemplate":"https:\/\/blog.tmgrupoinmobiliario.com\/pl\/?s={search_term_string}"},"query-input":{"@type":"PropertyValueSpecification","valueRequired":true,"valueName":"search_term_string"}}],"inLanguage":"pl-PL"},{"@type":"Person","@id":"https:\/\/blog.tmgrupoinmobiliario.com\/pl\/#\/schema\/person\/bbbac745abadad64177a5ee6a73cbf7c","name":"indira","image":{"@type":"ImageObject","inLanguage":"pl-PL","@id":"https:\/\/secure.gravatar.com\/avatar\/e9bcc7a0bb2179240c56a1875899ce9a1dfa15d5b7527f71259eaee6010d7203?s=96&d=mm&r=g","url":"https:\/\/secure.gravatar.com\/avatar\/e9bcc7a0bb2179240c56a1875899ce9a1dfa15d5b7527f71259eaee6010d7203?s=96&d=mm&r=g","contentUrl":"https:\/\/secure.gravatar.com\/avatar\/e9bcc7a0bb2179240c56a1875899ce9a1dfa15d5b7527f71259eaee6010d7203?s=96&d=mm&r=g","caption":"indira"},"url":"https:\/\/blog.tmgrupoinmobiliario.com\/pl\/author\/indira\/"}]}},"jetpack_featured_media_url":"https:\/\/blog.tmgrupoinmobiliario.com\/pl\/wp-content\/uploads\/sites\/7\/2025\/04\/Ideas-para-ordenar-los-armarios-de-la-cocina-3.jpg","jetpack_sharing_enabled":true,"_links":{"self":[{"href":"https:\/\/blog.tmgrupoinmobiliario.com\/pl\/wp-json\/wp\/v2\/posts\/19465","targetHints":{"allow":["GET"]}}],"collection":[{"href":"https:\/\/blog.tmgrupoinmobiliario.com\/pl\/wp-json\/wp\/v2\/posts"}],"about":[{"href":"https:\/\/blog.tmgrupoinmobiliario.com\/pl\/wp-json\/wp\/v2\/types\/post"}],"author":[{"embeddable":true,"href":"https:\/\/blog.tmgrupoinmobiliario.com\/pl\/wp-json\/wp\/v2\/users\/11729"}],"replies":[{"embeddable":true,"href":"https:\/\/blog.tmgrupoinmobiliario.com\/pl\/wp-json\/wp\/v2\/comments?post=19465"}],"version-history":[{"count":2,"href":"https:\/\/blog.tmgrupoinmobiliario.com\/pl\/wp-json\/wp\/v2\/posts\/19465\/revisions"}],"predecessor-version":[{"id":19472,"href":"https:\/\/blog.tmgrupoinmobiliario.com\/pl\/wp-json\/wp\/v2\/posts\/19465\/revisions\/19472"}],"wp:featuredmedia":[{"embeddable":true,"href":"https:\/\/blog.tmgrupoinmobiliario.com\/pl\/wp-json\/wp\/v2\/media\/19469"}],"wp:attachment":[{"href":"https:\/\/blog.tmgrupoinmobiliario.com\/pl\/wp-json\/wp\/v2\/media?parent=19465"}],"wp:term":[{"taxonomy":"category","embeddable":true,"href":"https:\/\/blog.tmgrupoinmobiliario.com\/pl\/wp-json\/wp\/v2\/categories?post=19465"},{"taxonomy":"post_tag","embeddable":true,"href":"https:\/\/blog.tmgrupoinmobiliario.com\/pl\/wp-json\/wp\/v2\/tags?post=19465"}],"curies":[{"name":"wp","href":"https:\/\/api.w.org\/{rel}","templated":true}]}}