{"id":16717,"date":"2023-03-23T17:39:23","date_gmt":"2023-03-23T17:39:23","guid":{"rendered":"https:\/\/blog.tmgrupoinmobiliario.com\/pl\/?p=16717"},"modified":"2023-03-23T17:39:23","modified_gmt":"2023-03-23T17:39:23","slug":"tm-real-estate-group-odnawia-swoje-zaangazowanie-w-dzialania-ngo-rafiki-by-walczyc-z-bieda-w-ugandzie","status":"publish","type":"post","link":"https:\/\/blog.tmgrupoinmobiliario.com\/pl\/2023\/03\/23\/tm-real-estate-group-odnawia-swoje-zaangazowanie-w-dzialania-ngo-rafiki-by-walczyc-z-bieda-w-ugandzie\/","title":{"rendered":"TM Real Estate Group odnawia swoje zaanga\u017cowanie w dzia\u0142ania NGO Rafiki, by walczy\u0107 z bied\u0105 w Ugandzie"},"content":{"rendered":"<p>&nbsp;<\/p>\n<p><strong>Alicante, marzec 2023 \u2013 <\/strong><a href=\"https:\/\/www.tmgrupoinmobiliario.com\/pl\"><strong>TM Real Estate Group<\/strong><\/a>, firma z Alicante o du\u017cym znaczeniu w sektorze turystyki mieszkaniowej <strong>odnawia swoje zaanga\u017cowanie we wsp\u00f3\u0142prac\u0119 z <\/strong><a href=\"https:\/\/rafiki-africa.org\/\"><strong>NGO Rafiki \u00c1frica<\/strong><\/a>, stowarzyszeniem non-profit z Alicante, kt\u00f3re dzia\u0142a w Ugandzie, <strong>opracowuj\u0105c nowe projekty w celu zwalczania ub\u00f3stwa, nier\u00f3wno\u015bci i wykluczenia spo\u0142ecznego na tym obszarze.<\/strong><\/p>\n<p>&nbsp;<\/p>\n<p><strong>Ponad rok temu <\/strong>firma TM rozpocz\u0119\u0142a wsp\u00f3\u0142prac\u0119 z NGO Rafiki przy trzech projektach <strong>zwi\u0105zanych z poprawieniem pozycji kobiet, edukacj\u0105 i infrastruktur\u0105 sanitarn\u0105. <\/strong>Budowa i uruchomienie stacji uzdatniania wody, szko\u0142a rolnicza i opracowanie programu mikrokredyt\u00f3w dla kobiet to przeprowadzone akcje, kt\u00f3re <strong>poprawi\u0142y jako\u015b\u0107 \u017cycia setek rodzin.<\/strong><\/p>\n<p>&nbsp;<\/p>\n<div id='gallery-1' class='gallery galleryid-16717 gallery-columns-3 gallery-size-medium'><figure class='gallery-item'>\n\t\t\t<div class='gallery-icon landscape'>\n\t\t\t\t<a href='https:\/\/blog.tmgrupoinmobiliario.com\/pl\/2023\/03\/23\/tm-real-estate-group-odnawia-swoje-zaangazowanie-w-dzialania-ngo-rafiki-by-walczyc-z-bieda-w-ugandzie\/escuela-agraria1\/'><img loading=\"lazy\" decoding=\"async\" width=\"300\" height=\"226\" src=\"https:\/\/blog.tmgrupoinmobiliario.com\/pl\/wp-content\/uploads\/sites\/7\/2023\/03\/escuela-agraria1-300x226.png\" class=\"attachment-medium size-medium\" alt=\"\" srcset=\"https:\/\/blog.tmgrupoinmobiliario.com\/pl\/wp-content\/uploads\/sites\/7\/2023\/03\/escuela-agraria1-300x226.png 300w, https:\/\/blog.tmgrupoinmobiliario.com\/pl\/wp-content\/uploads\/sites\/7\/2023\/03\/escuela-agraria1-768x578.png 768w, https:\/\/blog.tmgrupoinmobiliario.com\/pl\/wp-content\/uploads\/sites\/7\/2023\/03\/escuela-agraria1.png 1020w\" sizes=\"auto, (max-width: 300px) 100vw, 300px\" \/><\/a>\n\t\t\t<\/div><\/figure><figure class='gallery-item'>\n\t\t\t<div class='gallery-icon landscape'>\n\t\t\t\t<a href='https:\/\/blog.tmgrupoinmobiliario.com\/pl\/2023\/03\/23\/tm-real-estate-group-odnawia-swoje-zaangazowanie-w-dzialania-ngo-rafiki-by-walczyc-z-bieda-w-ugandzie\/potabilizacion1\/'><img loading=\"lazy\" decoding=\"async\" width=\"300\" height=\"226\" src=\"https:\/\/blog.tmgrupoinmobiliario.com\/pl\/wp-content\/uploads\/sites\/7\/2023\/03\/potabilizacion1-300x226.png\" class=\"attachment-medium size-medium\" alt=\"\" srcset=\"https:\/\/blog.tmgrupoinmobiliario.com\/pl\/wp-content\/uploads\/sites\/7\/2023\/03\/potabilizacion1-300x226.png 300w, https:\/\/blog.tmgrupoinmobiliario.com\/pl\/wp-content\/uploads\/sites\/7\/2023\/03\/potabilizacion1-768x578.png 768w, https:\/\/blog.tmgrupoinmobiliario.com\/pl\/wp-content\/uploads\/sites\/7\/2023\/03\/potabilizacion1.png 1020w\" sizes=\"auto, (max-width: 300px) 100vw, 300px\" \/><\/a>\n\t\t\t<\/div><\/figure><figure class='gallery-item'>\n\t\t\t<div class='gallery-icon landscape'>\n\t\t\t\t<a href='https:\/\/blog.tmgrupoinmobiliario.com\/pl\/2023\/03\/23\/tm-real-estate-group-odnawia-swoje-zaangazowanie-w-dzialania-ngo-rafiki-by-walczyc-z-bieda-w-ugandzie\/microcreditos1\/'><img loading=\"lazy\" decoding=\"async\" width=\"300\" height=\"226\" src=\"https:\/\/blog.tmgrupoinmobiliario.com\/pl\/wp-content\/uploads\/sites\/7\/2023\/03\/microcreditos1-300x226.png\" class=\"attachment-medium size-medium\" alt=\"\" srcset=\"https:\/\/blog.tmgrupoinmobiliario.com\/pl\/wp-content\/uploads\/sites\/7\/2023\/03\/microcreditos1-300x226.png 300w, https:\/\/blog.tmgrupoinmobiliario.com\/pl\/wp-content\/uploads\/sites\/7\/2023\/03\/microcreditos1-768x578.png 768w, https:\/\/blog.tmgrupoinmobiliario.com\/pl\/wp-content\/uploads\/sites\/7\/2023\/03\/microcreditos1.png 1020w\" sizes=\"auto, (max-width: 300px) 100vw, 300px\" \/><\/a>\n\t\t\t<\/div><\/figure>\n\t\t<\/div>\n\n<p>&nbsp;<\/p>\n<p>&nbsp;<\/p>\n<p>Maj\u0105c to na uwadze i stawiaj\u0105c sobie za cel dalsze wspieranie jednego z najmniej zasobnych miejsc na \u015bwiecie,<strong> firma TM ponownie podejmuje wsp\u00f3\u0142prac\u0119 z NGO Rafiki. W nast\u0119pnych miesi\u0105cach b\u0119d\u0105 realizowane dwa nowe projekty: budowa internatu i sieroci\u0144ca oraz post\u0119p w realizacji projektu mikrokredyt\u00f3w dla lokalnych kobiet.<\/strong><\/p>\n<p>&nbsp;<\/p>\n<p>Budowa przysz\u0142ego internatu w Kenziga pozwoli na zakwaterowanie 100 lokalnych dzieci, kt\u00f3re b\u0119d\u0105 mog\u0142y kontynuowa\u0107 swoje \u017cycie i edukacj\u0119 w \u015brodowisku, kt\u00f3re b\u0119dzie lepiej przystosowane do ich potrzeb oraz b\u0119dzie wyposa\u017cone w bibliotek\u0119 i sto\u0142\u00f3wk\u0119. Z drugiej strony nowy impuls otrzyma <strong>projekt mikrokredyt\u00f3w, kt\u00f3ry pozwoli dziesi\u0105tkom kobiet na szkolenia i zak\u0142adanie ma\u0142ych biznes\u00f3w zwi\u0105zanych z rolnictwem i hodowl\u0105 zwierz\u0105t, kt\u00f3re pomog\u0105 im poprawi\u0107 jako\u015b\u0107 swojego \u017cycia i \u017cycia ich rodzin<\/strong>. Projekt b\u0119dzie mia\u0142 na celu nie tylko pomoc rodzinom, kt\u00f3re w nim uczestnicz\u0105, ale pos\u0142u\u017cy jako inspiracja i cenne do\u015bwiadczenie dla reszty spo\u0142eczno\u015bci, je\u015bli chodzi o zr\u00f3wnowa\u017cone metody hodowli k\u00f3z, drobiu i pszcz\u00f3\u0142 oraz wydajnej uprawy kukurydzy.<\/p>\n<p>&nbsp;<\/p>\n<p><strong>W konsekwencji projekty te przyczyni\u0105 si\u0119 do realizacji Cel\u00f3w Zr\u00f3wnowa\u017conego Rozwoju: cel 1 <\/strong>(eliminacja ub\u00f3stwa), <strong>cel 3 <\/strong>(zdrowie i jako\u015b\u0107 \u017cycia), <strong>cel 4<\/strong> (edukacja wysokiej jako\u015bci), <strong>cel 8 <\/strong>(godna praca i wzrost gospodarczy), <strong>cel 10 <\/strong>(zmniejszenie nier\u00f3wno\u015bci).<strong> Przewiduje si\u0119, \u017ce w kolejnych dw\u00f3ch latach ponad 300 os\u00f3b z wiejskiego obszaru Ugandy odniesie korzy\u015bci dzi\u0119ki tym projektom.<\/strong><\/p>\n<p>&nbsp;<\/p>\n<p><em>&#8220;W firmie TM jeste\u015bmy zaanga\u017cowani w realizacj\u0119 Cel\u00f3w Zr\u00f3wnowa\u017conego Rozwoju, tak jak jest to odzwierciedlone w naszym Generalnym Planie Odpowiedzialno\u015bci Korporacyjnej. Cieszymy si\u0119, \u017ce mamy mo\u017cliwo\u015b\u0107 zacie\u015bnienia wsp\u00f3\u0142pracy z organizacj\u0105 Rafiki i przyczynienia si\u0119 do tego, \u017ce setki os\u00f3b z najmniej zasobnych miejsc na \u015bwiecie b\u0119d\u0105 mia\u0142y okazj\u0119 do tego, by wyj\u015b\u0107 z ekstremalnej biedy i zbudowa\u0107 przysz\u0142o\u015b\u0107 dla siebie i swoich rodzin\u201d \u2013 zapewnia prezes firmy TM, \u00c1ngeles Serna.<\/em><\/p>\n<p>&nbsp;<\/p>\n<p><em>&#8220;G\u0142\u00f3wnym celem organizacji Rafiki \u00c1frica jest wyci\u0105gni\u0119cie z ekstremalnej biedy ludzi zamieszkuj\u0105cych ugandyjski obszar Kenziga i Katwe dzi\u0119ki wsp\u00f3\u0142pracy z firmami takimi jak TM Grupo Inmobiliario w zakresie realizacji projekt\u00f3w zwi\u0105zanych z edukacj\u0105 i mikroprzedsi\u0119biorczo\u015bci\u0105. Jeste\u015bmy pewni, \u017ce dzi\u0119ki tym inicjatywom sytuacja, w jakiej znajduj\u0105 si\u0119 te osoby, wkr\u00f3tce ulegnie zmianie, a one same dostrzeg\u0105 warto\u015b\u0107 i mo\u017cliwo\u015bci, jakie ma miejsce, w kt\u00f3rym si\u0119 urodzi\u0142y\u201d m\u00f3wi Juan Amirola, prezes NGO Rafiki \u00c1frica.<\/em><\/p>\n<p>&nbsp;<\/p>\n<p>&nbsp;<\/p>\n","protected":false},"excerpt":{"rendered":"<p>&nbsp; Alicante, marzec 2023 \u2013 TM Real Estate Group, firma z Alicante o du\u017cym znaczeniu w sektorze turystyki mieszkaniowej odnawia swoje zaanga\u017cowanie we wsp\u00f3\u0142prac\u0119 z NGO Rafiki \u00c1frica, stowarzyszeniem non-profit z Alicante, kt\u00f3re dzia\u0142a w Ugandzie, opracowuj\u0105c nowe projekty w celu zwalczania ub\u00f3stwa, nier\u00f3wno\u015bci i wykluczenia spo\u0142ecznego na tym obszarze. &nbsp; Ponad rok temu firma [&hellip;]<\/p>\n","protected":false},"author":11716,"featured_media":16725,"comment_status":"open","ping_status":"open","sticky":false,"template":"","format":"standard","meta":{"_jetpack_memberships_contains_paid_content":false,"footnotes":""},"categories":[5,3],"tags":[386,392],"class_list":["post-16717","post","type-post","status-publish","format-standard","has-post-thumbnail","hentry","category-aktualnosci-tm","category-corporativo","tag-tag-all","tag-tag-compromise-en-2","formato-comunicacion"],"better_featured_image":{"id":16725,"alt_text":"","caption":"","description":"","media_type":"image","media_details":{"width":1000,"height":666,"file":"2023\/03\/03_-Avances-Rafiki-1000x666-11.png","filesize":1765925,"sizes":{"medium":{"file":"03_-Avances-Rafiki-1000x666-11-300x200.png","width":300,"height":200,"mime-type":"image\/png","filesize":160633,"source_url":"https:\/\/blog.tmgrupoinmobiliario.com\/pl\/wp-content\/uploads\/sites\/7\/2023\/03\/03_-Avances-Rafiki-1000x666-11-300x200.png"},"thumbnail":{"file":"03_-Avances-Rafiki-1000x666-11-150x150.png","width":150,"height":150,"mime-type":"image\/png","filesize":60921,"source_url":"https:\/\/blog.tmgrupoinmobiliario.com\/pl\/wp-content\/uploads\/sites\/7\/2023\/03\/03_-Avances-Rafiki-1000x666-11-150x150.png"},"medium_large":{"file":"03_-Avances-Rafiki-1000x666-11-768x511.png","width":768,"height":511,"mime-type":"image\/png","filesize":1003603,"source_url":"https:\/\/blog.tmgrupoinmobiliario.com\/pl\/wp-content\/uploads\/sites\/7\/2023\/03\/03_-Avances-Rafiki-1000x666-11-768x511.png"}},"image_meta":{"aperture":"0","credit":"","camera":"","caption":"","created_timestamp":"0","copyright":"","focal_length":"0","iso":"0","shutter_speed":"0","title":"","orientation":"0","keywords":[]}},"post":16717,"source_url":"https:\/\/blog.tmgrupoinmobiliario.com\/pl\/wp-content\/uploads\/sites\/7\/2023\/03\/03_-Avances-Rafiki-1000x666-11.png"},"acf":{"imagen_destacada_desktop":"https:\/\/blog.tmgrupoinmobiliario.com\/pl\/wp-content\/uploads\/sites\/7\/2023\/03\/03_-Avances-Rafiki-1920x970-11.png","imagen_destacada_mobile":"https:\/\/blog.tmgrupoinmobiliario.com\/pl\/wp-content\/uploads\/sites\/7\/2023\/03\/03_-Avances-Rafiki-540x540-11.png","formato":{"term_id":472,"name":"Comunicaci\u00f3n","slug":"comunicacion","term_group":0,"term_taxonomy_id":472,"taxonomy":"formato","description":"","parent":0,"count":42,"filter":"raw"},"entradilla":"Firma z Alicante wprowadza w \u017cycie dwa nowe projekty, aby kontynuowa\u0107 popraw\u0119 warunk\u00f3w i \u017cycia os\u00f3b zamieszkuj\u0105cych obszar Kenziga w Ugandzie. Te projekty przyczyniaj\u0105 si\u0119 do realizacji Cel\u00f3w Zr\u00f3wnowa\u017conego Rozwoju (1, 3, 4, 8 i 10) i zak\u0142ada si\u0119, \u017ce przynios\u0105 korzy\u015bci dla ponad 300 os\u00f3b.\r\n","etiquetas":"","cabecera_escritorio":"https:\/\/blog.tmgrupoinmobiliario.com\/pl\/wp-content\/uploads\/sites\/7\/2023\/03\/03_-Avances-Rafiki-1200x300-12.png","cabecera_mobile":"https:\/\/blog.tmgrupoinmobiliario.com\/pl\/wp-content\/uploads\/sites\/7\/2023\/03\/03_-Avances-Rafiki-768x768-11.png","galeria":false},"yoast_head":"<!-- This site is optimized with the Yoast SEO Premium plugin v23.6 (Yoast SEO v27.5) - https:\/\/yoast.com\/product\/yoast-seo-premium-wordpress\/ -->\n<title>TM Real Estate Group odnawia swoje zaanga\u017cowanie w dzia\u0142ania NGO Rafiki, by walczy\u0107 z bied\u0105 w Ugandzie - Polski<\/title>\n<meta name=\"robots\" content=\"index, follow, max-snippet:-1, max-image-preview:large, max-video-preview:-1\" \/>\n<link rel=\"canonical\" href=\"https:\/\/blog.tmgrupoinmobiliario.com\/pl\/2023\/03\/23\/tm-real-estate-group-odnawia-swoje-zaangazowanie-w-dzialania-ngo-rafiki-by-walczyc-z-bieda-w-ugandzie\/\" \/>\n<meta property=\"og:locale\" content=\"pl_PL\" \/>\n<meta property=\"og:type\" content=\"article\" \/>\n<meta property=\"og:title\" content=\"TM Real Estate Group odnawia swoje zaanga\u017cowanie w dzia\u0142ania NGO Rafiki, by walczy\u0107 z bied\u0105 w Ugandzie\" \/>\n<meta property=\"og:description\" content=\"&nbsp; Alicante, marzec 2023 \u2013 TM Real Estate Group, firma z Alicante o du\u017cym znaczeniu w sektorze turystyki mieszkaniowej odnawia swoje zaanga\u017cowanie we wsp\u00f3\u0142prac\u0119 z NGO Rafiki \u00c1frica, stowarzyszeniem non-profit z Alicante, kt\u00f3re dzia\u0142a w Ugandzie, opracowuj\u0105c nowe projekty w celu zwalczania ub\u00f3stwa, nier\u00f3wno\u015bci i wykluczenia spo\u0142ecznego na tym obszarze. &nbsp; Ponad rok temu firma [&hellip;]\" \/>\n<meta property=\"og:url\" content=\"https:\/\/blog.tmgrupoinmobiliario.com\/pl\/2023\/03\/23\/tm-real-estate-group-odnawia-swoje-zaangazowanie-w-dzialania-ngo-rafiki-by-walczyc-z-bieda-w-ugandzie\/\" \/>\n<meta property=\"og:site_name\" content=\"Polski\" \/>\n<meta property=\"article:published_time\" content=\"2023-03-23T17:39:23+00:00\" \/>\n<meta property=\"og:image\" content=\"https:\/\/blog.tmgrupoinmobiliario.com\/pl\/wp-content\/uploads\/sites\/7\/2023\/03\/03_-Avances-Rafiki-1000x666-11.png\" \/>\n\t<meta property=\"og:image:width\" content=\"1000\" \/>\n\t<meta property=\"og:image:height\" content=\"666\" \/>\n\t<meta property=\"og:image:type\" content=\"image\/png\" \/>\n<meta name=\"author\" content=\"marina\" \/>\n<meta name=\"twitter:card\" content=\"summary_large_image\" \/>\n<meta name=\"twitter:label1\" content=\"Napisane przez\" \/>\n\t<meta name=\"twitter:data1\" content=\"marina\" \/>\n\t<meta name=\"twitter:label2\" content=\"Szacowany czas czytania\" \/>\n\t<meta name=\"twitter:data2\" content=\"3 minuty\" \/>\n<script type=\"application\/ld+json\" class=\"yoast-schema-graph\">{\"@context\":\"https:\\\/\\\/schema.org\",\"@graph\":[{\"@type\":\"Article\",\"@id\":\"https:\\\/\\\/blog.tmgrupoinmobiliario.com\\\/pl\\\/2023\\\/03\\\/23\\\/tm-real-estate-group-odnawia-swoje-zaangazowanie-w-dzialania-ngo-rafiki-by-walczyc-z-bieda-w-ugandzie\\\/#article\",\"isPartOf\":{\"@id\":\"https:\\\/\\\/blog.tmgrupoinmobiliario.com\\\/pl\\\/2023\\\/03\\\/23\\\/tm-real-estate-group-odnawia-swoje-zaangazowanie-w-dzialania-ngo-rafiki-by-walczyc-z-bieda-w-ugandzie\\\/\"},\"author\":{\"name\":\"marina\",\"@id\":\"https:\\\/\\\/blog.tmgrupoinmobiliario.com\\\/pl\\\/#\\\/schema\\\/person\\\/788477479d35e623ab75c2fb194e7730\"},\"headline\":\"TM Real Estate Group odnawia swoje zaanga\u017cowanie w dzia\u0142ania NGO Rafiki, by walczy\u0107 z bied\u0105 w Ugandzie\",\"datePublished\":\"2023-03-23T17:39:23+00:00\",\"mainEntityOfPage\":{\"@id\":\"https:\\\/\\\/blog.tmgrupoinmobiliario.com\\\/pl\\\/2023\\\/03\\\/23\\\/tm-real-estate-group-odnawia-swoje-zaangazowanie-w-dzialania-ngo-rafiki-by-walczyc-z-bieda-w-ugandzie\\\/\"},\"wordCount\":567,\"commentCount\":0,\"image\":{\"@id\":\"https:\\\/\\\/blog.tmgrupoinmobiliario.com\\\/pl\\\/2023\\\/03\\\/23\\\/tm-real-estate-group-odnawia-swoje-zaangazowanie-w-dzialania-ngo-rafiki-by-walczyc-z-bieda-w-ugandzie\\\/#primaryimage\"},\"thumbnailUrl\":\"https:\\\/\\\/blog.tmgrupoinmobiliario.com\\\/pl\\\/wp-content\\\/uploads\\\/sites\\\/7\\\/2023\\\/03\\\/03_-Avances-Rafiki-1000x666-11.png\",\"keywords\":[\"tag-all\",\"tag-compromise\"],\"articleSection\":[\"Aktualno\u015bci TM\",\"Corporativo\"],\"inLanguage\":\"pl-PL\",\"potentialAction\":[{\"@type\":\"CommentAction\",\"name\":\"Comment\",\"target\":[\"https:\\\/\\\/blog.tmgrupoinmobiliario.com\\\/pl\\\/2023\\\/03\\\/23\\\/tm-real-estate-group-odnawia-swoje-zaangazowanie-w-dzialania-ngo-rafiki-by-walczyc-z-bieda-w-ugandzie\\\/#respond\"]}]},{\"@type\":\"WebPage\",\"@id\":\"https:\\\/\\\/blog.tmgrupoinmobiliario.com\\\/pl\\\/2023\\\/03\\\/23\\\/tm-real-estate-group-odnawia-swoje-zaangazowanie-w-dzialania-ngo-rafiki-by-walczyc-z-bieda-w-ugandzie\\\/\",\"url\":\"https:\\\/\\\/blog.tmgrupoinmobiliario.com\\\/pl\\\/2023\\\/03\\\/23\\\/tm-real-estate-group-odnawia-swoje-zaangazowanie-w-dzialania-ngo-rafiki-by-walczyc-z-bieda-w-ugandzie\\\/\",\"name\":\"TM Real Estate Group odnawia swoje zaanga\u017cowanie w dzia\u0142ania NGO Rafiki, by walczy\u0107 z bied\u0105 w Ugandzie - Polski\",\"isPartOf\":{\"@id\":\"https:\\\/\\\/blog.tmgrupoinmobiliario.com\\\/pl\\\/#website\"},\"primaryImageOfPage\":{\"@id\":\"https:\\\/\\\/blog.tmgrupoinmobiliario.com\\\/pl\\\/2023\\\/03\\\/23\\\/tm-real-estate-group-odnawia-swoje-zaangazowanie-w-dzialania-ngo-rafiki-by-walczyc-z-bieda-w-ugandzie\\\/#primaryimage\"},\"image\":{\"@id\":\"https:\\\/\\\/blog.tmgrupoinmobiliario.com\\\/pl\\\/2023\\\/03\\\/23\\\/tm-real-estate-group-odnawia-swoje-zaangazowanie-w-dzialania-ngo-rafiki-by-walczyc-z-bieda-w-ugandzie\\\/#primaryimage\"},\"thumbnailUrl\":\"https:\\\/\\\/blog.tmgrupoinmobiliario.com\\\/pl\\\/wp-content\\\/uploads\\\/sites\\\/7\\\/2023\\\/03\\\/03_-Avances-Rafiki-1000x666-11.png\",\"datePublished\":\"2023-03-23T17:39:23+00:00\",\"author\":{\"@id\":\"https:\\\/\\\/blog.tmgrupoinmobiliario.com\\\/pl\\\/#\\\/schema\\\/person\\\/788477479d35e623ab75c2fb194e7730\"},\"breadcrumb\":{\"@id\":\"https:\\\/\\\/blog.tmgrupoinmobiliario.com\\\/pl\\\/2023\\\/03\\\/23\\\/tm-real-estate-group-odnawia-swoje-zaangazowanie-w-dzialania-ngo-rafiki-by-walczyc-z-bieda-w-ugandzie\\\/#breadcrumb\"},\"inLanguage\":\"pl-PL\",\"potentialAction\":[{\"@type\":\"ReadAction\",\"target\":[\"https:\\\/\\\/blog.tmgrupoinmobiliario.com\\\/pl\\\/2023\\\/03\\\/23\\\/tm-real-estate-group-odnawia-swoje-zaangazowanie-w-dzialania-ngo-rafiki-by-walczyc-z-bieda-w-ugandzie\\\/\"]}]},{\"@type\":\"ImageObject\",\"inLanguage\":\"pl-PL\",\"@id\":\"https:\\\/\\\/blog.tmgrupoinmobiliario.com\\\/pl\\\/2023\\\/03\\\/23\\\/tm-real-estate-group-odnawia-swoje-zaangazowanie-w-dzialania-ngo-rafiki-by-walczyc-z-bieda-w-ugandzie\\\/#primaryimage\",\"url\":\"https:\\\/\\\/blog.tmgrupoinmobiliario.com\\\/pl\\\/wp-content\\\/uploads\\\/sites\\\/7\\\/2023\\\/03\\\/03_-Avances-Rafiki-1000x666-11.png\",\"contentUrl\":\"https:\\\/\\\/blog.tmgrupoinmobiliario.com\\\/pl\\\/wp-content\\\/uploads\\\/sites\\\/7\\\/2023\\\/03\\\/03_-Avances-Rafiki-1000x666-11.png\",\"width\":1000,\"height\":666},{\"@type\":\"BreadcrumbList\",\"@id\":\"https:\\\/\\\/blog.tmgrupoinmobiliario.com\\\/pl\\\/2023\\\/03\\\/23\\\/tm-real-estate-group-odnawia-swoje-zaangazowanie-w-dzialania-ngo-rafiki-by-walczyc-z-bieda-w-ugandzie\\\/#breadcrumb\",\"itemListElement\":[{\"@type\":\"ListItem\",\"position\":1,\"name\":\"Home\",\"item\":\"https:\\\/\\\/blog.tmgrupoinmobiliario.com\\\/pl\\\/\"},{\"@type\":\"ListItem\",\"position\":2,\"name\":\"TM Real Estate Group odnawia swoje zaanga\u017cowanie w dzia\u0142ania NGO Rafiki, by walczy\u0107 z bied\u0105 w Ugandzie\"}]},{\"@type\":\"WebSite\",\"@id\":\"https:\\\/\\\/blog.tmgrupoinmobiliario.com\\\/pl\\\/#website\",\"url\":\"https:\\\/\\\/blog.tmgrupoinmobiliario.com\\\/pl\\\/\",\"name\":\"Polski\",\"description\":\"Just another Blog Desarrollo TM sitios site\",\"potentialAction\":[{\"@type\":\"SearchAction\",\"target\":{\"@type\":\"EntryPoint\",\"urlTemplate\":\"https:\\\/\\\/blog.tmgrupoinmobiliario.com\\\/pl\\\/?s={search_term_string}\"},\"query-input\":{\"@type\":\"PropertyValueSpecification\",\"valueRequired\":true,\"valueName\":\"search_term_string\"}}],\"inLanguage\":\"pl-PL\"},{\"@type\":\"Person\",\"@id\":\"https:\\\/\\\/blog.tmgrupoinmobiliario.com\\\/pl\\\/#\\\/schema\\\/person\\\/788477479d35e623ab75c2fb194e7730\",\"name\":\"marina\",\"image\":{\"@type\":\"ImageObject\",\"inLanguage\":\"pl-PL\",\"@id\":\"https:\\\/\\\/secure.gravatar.com\\\/avatar\\\/34480839eb5b1bb235efe5be1b7e49218e07e314c17d1fb9ba5183ac5c2c64f3?s=96&d=mm&r=g\",\"url\":\"https:\\\/\\\/secure.gravatar.com\\\/avatar\\\/34480839eb5b1bb235efe5be1b7e49218e07e314c17d1fb9ba5183ac5c2c64f3?s=96&d=mm&r=g\",\"contentUrl\":\"https:\\\/\\\/secure.gravatar.com\\\/avatar\\\/34480839eb5b1bb235efe5be1b7e49218e07e314c17d1fb9ba5183ac5c2c64f3?s=96&d=mm&r=g\",\"caption\":\"marina\"},\"url\":\"https:\\\/\\\/blog.tmgrupoinmobiliario.com\\\/pl\\\/author\\\/marina\\\/\"}]}<\/script>\n<!-- \/ Yoast SEO Premium plugin. -->","yoast_head_json":{"title":"TM Real Estate Group odnawia swoje zaanga\u017cowanie w dzia\u0142ania NGO Rafiki, by walczy\u0107 z bied\u0105 w Ugandzie - Polski","robots":{"index":"index","follow":"follow","max-snippet":"max-snippet:-1","max-image-preview":"max-image-preview:large","max-video-preview":"max-video-preview:-1"},"canonical":"https:\/\/blog.tmgrupoinmobiliario.com\/pl\/2023\/03\/23\/tm-real-estate-group-odnawia-swoje-zaangazowanie-w-dzialania-ngo-rafiki-by-walczyc-z-bieda-w-ugandzie\/","og_locale":"pl_PL","og_type":"article","og_title":"TM Real Estate Group odnawia swoje zaanga\u017cowanie w dzia\u0142ania NGO Rafiki, by walczy\u0107 z bied\u0105 w Ugandzie","og_description":"&nbsp; Alicante, marzec 2023 \u2013 TM Real Estate Group, firma z Alicante o du\u017cym znaczeniu w sektorze turystyki mieszkaniowej odnawia swoje zaanga\u017cowanie we wsp\u00f3\u0142prac\u0119 z NGO Rafiki \u00c1frica, stowarzyszeniem non-profit z Alicante, kt\u00f3re dzia\u0142a w Ugandzie, opracowuj\u0105c nowe projekty w celu zwalczania ub\u00f3stwa, nier\u00f3wno\u015bci i wykluczenia spo\u0142ecznego na tym obszarze. &nbsp; Ponad rok temu firma [&hellip;]","og_url":"https:\/\/blog.tmgrupoinmobiliario.com\/pl\/2023\/03\/23\/tm-real-estate-group-odnawia-swoje-zaangazowanie-w-dzialania-ngo-rafiki-by-walczyc-z-bieda-w-ugandzie\/","og_site_name":"Polski","article_published_time":"2023-03-23T17:39:23+00:00","og_image":[{"width":1000,"height":666,"url":"https:\/\/blog.tmgrupoinmobiliario.com\/pl\/wp-content\/uploads\/sites\/7\/2023\/03\/03_-Avances-Rafiki-1000x666-11.png","type":"image\/png"}],"author":"marina","twitter_card":"summary_large_image","twitter_misc":{"Napisane przez":"marina","Szacowany czas czytania":"3 minuty"},"schema":{"@context":"https:\/\/schema.org","@graph":[{"@type":"Article","@id":"https:\/\/blog.tmgrupoinmobiliario.com\/pl\/2023\/03\/23\/tm-real-estate-group-odnawia-swoje-zaangazowanie-w-dzialania-ngo-rafiki-by-walczyc-z-bieda-w-ugandzie\/#article","isPartOf":{"@id":"https:\/\/blog.tmgrupoinmobiliario.com\/pl\/2023\/03\/23\/tm-real-estate-group-odnawia-swoje-zaangazowanie-w-dzialania-ngo-rafiki-by-walczyc-z-bieda-w-ugandzie\/"},"author":{"name":"marina","@id":"https:\/\/blog.tmgrupoinmobiliario.com\/pl\/#\/schema\/person\/788477479d35e623ab75c2fb194e7730"},"headline":"TM Real Estate Group odnawia swoje zaanga\u017cowanie w dzia\u0142ania NGO Rafiki, by walczy\u0107 z bied\u0105 w Ugandzie","datePublished":"2023-03-23T17:39:23+00:00","mainEntityOfPage":{"@id":"https:\/\/blog.tmgrupoinmobiliario.com\/pl\/2023\/03\/23\/tm-real-estate-group-odnawia-swoje-zaangazowanie-w-dzialania-ngo-rafiki-by-walczyc-z-bieda-w-ugandzie\/"},"wordCount":567,"commentCount":0,"image":{"@id":"https:\/\/blog.tmgrupoinmobiliario.com\/pl\/2023\/03\/23\/tm-real-estate-group-odnawia-swoje-zaangazowanie-w-dzialania-ngo-rafiki-by-walczyc-z-bieda-w-ugandzie\/#primaryimage"},"thumbnailUrl":"https:\/\/blog.tmgrupoinmobiliario.com\/pl\/wp-content\/uploads\/sites\/7\/2023\/03\/03_-Avances-Rafiki-1000x666-11.png","keywords":["tag-all","tag-compromise"],"articleSection":["Aktualno\u015bci TM","Corporativo"],"inLanguage":"pl-PL","potentialAction":[{"@type":"CommentAction","name":"Comment","target":["https:\/\/blog.tmgrupoinmobiliario.com\/pl\/2023\/03\/23\/tm-real-estate-group-odnawia-swoje-zaangazowanie-w-dzialania-ngo-rafiki-by-walczyc-z-bieda-w-ugandzie\/#respond"]}]},{"@type":"WebPage","@id":"https:\/\/blog.tmgrupoinmobiliario.com\/pl\/2023\/03\/23\/tm-real-estate-group-odnawia-swoje-zaangazowanie-w-dzialania-ngo-rafiki-by-walczyc-z-bieda-w-ugandzie\/","url":"https:\/\/blog.tmgrupoinmobiliario.com\/pl\/2023\/03\/23\/tm-real-estate-group-odnawia-swoje-zaangazowanie-w-dzialania-ngo-rafiki-by-walczyc-z-bieda-w-ugandzie\/","name":"TM Real Estate Group odnawia swoje zaanga\u017cowanie w dzia\u0142ania NGO Rafiki, by walczy\u0107 z bied\u0105 w Ugandzie - Polski","isPartOf":{"@id":"https:\/\/blog.tmgrupoinmobiliario.com\/pl\/#website"},"primaryImageOfPage":{"@id":"https:\/\/blog.tmgrupoinmobiliario.com\/pl\/2023\/03\/23\/tm-real-estate-group-odnawia-swoje-zaangazowanie-w-dzialania-ngo-rafiki-by-walczyc-z-bieda-w-ugandzie\/#primaryimage"},"image":{"@id":"https:\/\/blog.tmgrupoinmobiliario.com\/pl\/2023\/03\/23\/tm-real-estate-group-odnawia-swoje-zaangazowanie-w-dzialania-ngo-rafiki-by-walczyc-z-bieda-w-ugandzie\/#primaryimage"},"thumbnailUrl":"https:\/\/blog.tmgrupoinmobiliario.com\/pl\/wp-content\/uploads\/sites\/7\/2023\/03\/03_-Avances-Rafiki-1000x666-11.png","datePublished":"2023-03-23T17:39:23+00:00","author":{"@id":"https:\/\/blog.tmgrupoinmobiliario.com\/pl\/#\/schema\/person\/788477479d35e623ab75c2fb194e7730"},"breadcrumb":{"@id":"https:\/\/blog.tmgrupoinmobiliario.com\/pl\/2023\/03\/23\/tm-real-estate-group-odnawia-swoje-zaangazowanie-w-dzialania-ngo-rafiki-by-walczyc-z-bieda-w-ugandzie\/#breadcrumb"},"inLanguage":"pl-PL","potentialAction":[{"@type":"ReadAction","target":["https:\/\/blog.tmgrupoinmobiliario.com\/pl\/2023\/03\/23\/tm-real-estate-group-odnawia-swoje-zaangazowanie-w-dzialania-ngo-rafiki-by-walczyc-z-bieda-w-ugandzie\/"]}]},{"@type":"ImageObject","inLanguage":"pl-PL","@id":"https:\/\/blog.tmgrupoinmobiliario.com\/pl\/2023\/03\/23\/tm-real-estate-group-odnawia-swoje-zaangazowanie-w-dzialania-ngo-rafiki-by-walczyc-z-bieda-w-ugandzie\/#primaryimage","url":"https:\/\/blog.tmgrupoinmobiliario.com\/pl\/wp-content\/uploads\/sites\/7\/2023\/03\/03_-Avances-Rafiki-1000x666-11.png","contentUrl":"https:\/\/blog.tmgrupoinmobiliario.com\/pl\/wp-content\/uploads\/sites\/7\/2023\/03\/03_-Avances-Rafiki-1000x666-11.png","width":1000,"height":666},{"@type":"BreadcrumbList","@id":"https:\/\/blog.tmgrupoinmobiliario.com\/pl\/2023\/03\/23\/tm-real-estate-group-odnawia-swoje-zaangazowanie-w-dzialania-ngo-rafiki-by-walczyc-z-bieda-w-ugandzie\/#breadcrumb","itemListElement":[{"@type":"ListItem","position":1,"name":"Home","item":"https:\/\/blog.tmgrupoinmobiliario.com\/pl\/"},{"@type":"ListItem","position":2,"name":"TM Real Estate Group odnawia swoje zaanga\u017cowanie w dzia\u0142ania NGO Rafiki, by walczy\u0107 z bied\u0105 w Ugandzie"}]},{"@type":"WebSite","@id":"https:\/\/blog.tmgrupoinmobiliario.com\/pl\/#website","url":"https:\/\/blog.tmgrupoinmobiliario.com\/pl\/","name":"Polski","description":"Just another Blog Desarrollo TM sitios site","potentialAction":[{"@type":"SearchAction","target":{"@type":"EntryPoint","urlTemplate":"https:\/\/blog.tmgrupoinmobiliario.com\/pl\/?s={search_term_string}"},"query-input":{"@type":"PropertyValueSpecification","valueRequired":true,"valueName":"search_term_string"}}],"inLanguage":"pl-PL"},{"@type":"Person","@id":"https:\/\/blog.tmgrupoinmobiliario.com\/pl\/#\/schema\/person\/788477479d35e623ab75c2fb194e7730","name":"marina","image":{"@type":"ImageObject","inLanguage":"pl-PL","@id":"https:\/\/secure.gravatar.com\/avatar\/34480839eb5b1bb235efe5be1b7e49218e07e314c17d1fb9ba5183ac5c2c64f3?s=96&d=mm&r=g","url":"https:\/\/secure.gravatar.com\/avatar\/34480839eb5b1bb235efe5be1b7e49218e07e314c17d1fb9ba5183ac5c2c64f3?s=96&d=mm&r=g","contentUrl":"https:\/\/secure.gravatar.com\/avatar\/34480839eb5b1bb235efe5be1b7e49218e07e314c17d1fb9ba5183ac5c2c64f3?s=96&d=mm&r=g","caption":"marina"},"url":"https:\/\/blog.tmgrupoinmobiliario.com\/pl\/author\/marina\/"}]}},"jetpack_featured_media_url":"https:\/\/blog.tmgrupoinmobiliario.com\/pl\/wp-content\/uploads\/sites\/7\/2023\/03\/03_-Avances-Rafiki-1000x666-11.png","jetpack_sharing_enabled":true,"_links":{"self":[{"href":"https:\/\/blog.tmgrupoinmobiliario.com\/pl\/wp-json\/wp\/v2\/posts\/16717","targetHints":{"allow":["GET"]}}],"collection":[{"href":"https:\/\/blog.tmgrupoinmobiliario.com\/pl\/wp-json\/wp\/v2\/posts"}],"about":[{"href":"https:\/\/blog.tmgrupoinmobiliario.com\/pl\/wp-json\/wp\/v2\/types\/post"}],"author":[{"embeddable":true,"href":"https:\/\/blog.tmgrupoinmobiliario.com\/pl\/wp-json\/wp\/v2\/users\/11716"}],"replies":[{"embeddable":true,"href":"https:\/\/blog.tmgrupoinmobiliario.com\/pl\/wp-json\/wp\/v2\/comments?post=16717"}],"version-history":[{"count":1,"href":"https:\/\/blog.tmgrupoinmobiliario.com\/pl\/wp-json\/wp\/v2\/posts\/16717\/revisions"}],"predecessor-version":[{"id":16726,"href":"https:\/\/blog.tmgrupoinmobiliario.com\/pl\/wp-json\/wp\/v2\/posts\/16717\/revisions\/16726"}],"wp:featuredmedia":[{"embeddable":true,"href":"https:\/\/blog.tmgrupoinmobiliario.com\/pl\/wp-json\/wp\/v2\/media\/16725"}],"wp:attachment":[{"href":"https:\/\/blog.tmgrupoinmobiliario.com\/pl\/wp-json\/wp\/v2\/media?parent=16717"}],"wp:term":[{"taxonomy":"category","embeddable":true,"href":"https:\/\/blog.tmgrupoinmobiliario.com\/pl\/wp-json\/wp\/v2\/categories?post=16717"},{"taxonomy":"post_tag","embeddable":true,"href":"https:\/\/blog.tmgrupoinmobiliario.com\/pl\/wp-json\/wp\/v2\/tags?post=16717"}],"curies":[{"name":"wp","href":"https:\/\/api.w.org\/{rel}","templated":true}]}}