{"id":16585,"date":"2022-11-02T12:07:27","date_gmt":"2022-11-02T12:07:27","guid":{"rendered":"https:\/\/blog.tmgrupoinmobiliario.com\/pl\/?p=16585"},"modified":"2022-11-02T12:07:27","modified_gmt":"2022-11-02T12:07:27","slug":"firma-tm-i-organizacja-pozarzadowa-rafiki-jednocza-swoje-sily-w-celu-realizacji-projektow-skupiajacych-sie-na-walce-z-ubostwem-w-ugandzie","status":"publish","type":"post","link":"https:\/\/blog.tmgrupoinmobiliario.com\/pl\/2022\/11\/02\/firma-tm-i-organizacja-pozarzadowa-rafiki-jednocza-swoje-sily-w-celu-realizacji-projektow-skupiajacych-sie-na-walce-z-ubostwem-w-ugandzie\/","title":{"rendered":"Firma TM i organizacja pozarz\u0105dowa Rafiki jednocz\u0105 swoje si\u0142y w celu realizacji projekt\u00f3w skupiaj\u0105cych si\u0119 na walce z ub\u00f3stwem w Ugandzie"},"content":{"rendered":"<p>&nbsp;<\/p>\n<p><a href=\"https:\/\/www.tmgrupoinmobiliario.com\/pl\"><strong>TM Real Estate Group<\/strong><\/a>,firma wywodz\u0105ca si\u0119 z regionu Alicante, zajmuj\u0105ca wiod\u0105c\u0105 pozycj\u0119 w sektorze turystyki mieszkaniowej i specjalizuj\u0105ca si\u0119 w budowie oraz promocji posiad\u0142o\u015bci wakacyjnych wzd\u0142u\u017c wybrze\u017ca Morza \u015ar\u00f3dziemnego i Karaib\u00f3w, <strong>wierna swojemu zaanga\u017cowaniu w zr\u00f3wnowa\u017cony rozw\u00f3j, walk\u0119 z ub\u00f3stwem i wykluczeniem spo\u0142ecznym, wraz z organizacj\u0105 pozarz\u0105dow\u0105 <\/strong><a href=\"https:\/\/rafiki-africa.org\/\"><strong>ONG Rafiki \u00c1frica<\/strong><\/a>, dzia\u0142aj\u0105cym na terenie Ugandy stowarzyszeniem non-profit z Alicante, <strong>wdro\u017cy\u0142a ju\u017c w \u017cycie szereg projekt\u00f3w nakierowanych na eliminacj\u0119 ub\u00f3stwa.<\/strong><\/p>\n<p>&nbsp;<\/p>\n<p>W strefie, w kt\u00f3rej <strong>90% ludno\u015bci zajmuje si\u0119 rolnictwem i hodowl\u0105<\/strong>, a mieszka\u0144cy posiadaj\u0105 bardzo niski standard \u017cycia w por\u00f3wnaniu do 196 kraj\u00f3w umieszczanych w rankingu PKB na mieszka\u0144ca (855 euro w 2021 r.); firma TM \u2013 wraz z organizacj\u0105 pozarz\u0105dow\u0105 Rafiki \u2013 <strong>zako\u0144czy\u0142y budow\u0119 i przekaza\u0142y do eksploatacji stacj\u0119 uzdatniania wody oraz szko\u0142\u0119 rolnicz\u0105, a tak\u017ce zaprojektowa\u0142y program przyznawania mikrokredyt\u00f3w kobietom zamieszkuj\u0105cym wiejskie tereny Kenziga w dystrykcie Sembbul\u00e9 (w Ugandzie). <\/strong>Ka\u017cdy z tych projekt\u00f3w przyczyni\u0142 si\u0119 do poprawy warunk\u00f3w \u017cycia mieszka\u0144c\u00f3w wspomnianego obszaru.<\/p>\n<p>&nbsp;<\/p>\n<p><strong>Utworzenie oczyszczalni wody pitnej w tej strefie dzia\u0142ania<\/strong> borykaj\u0105cej si\u0119 z powa\u017cnym problemem, jaki stanowi niedostateczny zakres uzdatniania wody, <strong>umo\u017cliwia dost\u0119p do wody pitnej ponad 600 uczniom z miejscowej szko\u0142y, ich rodzinom i osobom zamieszkuj\u0105cym pobliskie tereny.<\/strong><\/p>\n<p>&nbsp;<\/p>\n<p><span style=\"color: #ff0000\"><img loading=\"lazy\" decoding=\"async\" class=\"aligncenter wp-image-21792 \" src=\"https:\/\/www.tmgrupoinmobiliario.com\/blog\/wp-content\/uploads\/2022\/10\/Planta-1.jpg\" alt=\"\" width=\"450\" height=\"600\" \/><\/span><\/p>\n<p>&nbsp;<\/p>\n<p>Z drugiej strony, <strong>do Szko\u0142y Rolniczej, kt\u00f3rej budowa by\u0142a przewidziana od samego pocz\u0105tku<\/strong>, ucz\u0119szczaj\u0105 ch\u0142opcy i dziewcz\u0119ta w wieku umo\u017cliwiaj\u0105cym nauk\u0119 zawodu, a tak\u017ce osoby doros\u0142e. Przechodz\u0105 oni szkolenie z zakresu stosowanych w rolnictwie technik umo\u017cliwiaj\u0105cych wykorzystanie mo\u017cliwo\u015bci, jakie oferuje im ziemia oraz ucz\u0105 si\u0119 zawodu, kt\u00f3ry zapewni im przysz\u0142e zatrudnienie.<\/p>\n<p>&nbsp;<\/p>\n<p><span style=\"color: #ff0000\"><img loading=\"lazy\" decoding=\"async\" class=\"aligncenter wp-image-21791 \" src=\"https:\/\/www.tmgrupoinmobiliario.com\/blog\/wp-content\/uploads\/2022\/10\/WhatsApp-Image-2022-08-04-at-09.32.19-2-editado.jpeg\" alt=\"\" width=\"457\" height=\"349\" \/><\/span><\/p>\n<p>&nbsp;<\/p>\n<p>Na zako\u0144czenie tego projektu, kt\u00f3rego g\u0142\u00f3wnym celem jest walka z ub\u00f3stwem w Ugandzie, opracowano program przewiduj\u0105cy <strong>przyznawanie kobietom mikrokredyt\u00f3w w celu poprawy ich pozycji spo\u0142ecznej.<\/strong> <strong>Obecnie dobiega ko\u0144ca pierwszy etap, polegaj\u0105cy na szkoleniu kobiet w zakresie wiedzy i technik hodowli zwierz\u0105t gospodarskich, a w przysz\u0142ym roku zostan\u0105 im przyznane mikrokredyty. <\/strong>Umo\u017cliwi to ich beneficjentkom rozpocz\u0119cie dzia\u0142alno\u015bci dochodowej w celu poprawy jako\u015bci \u017cycia zar\u00f3wno ich samych, jak i ich rodzin.\u00a0<strong>Szacuje si\u0119, \u017ce w ci\u0105gu oko\u0142o 3 lat tego typu pomoc otrzyma ponad 140 kobiet.<\/strong><\/p>\n<p>&nbsp;<\/p>\n<p><span style=\"color: #ff0000\"><img loading=\"lazy\" decoding=\"async\" class=\"aligncenter wp-image-21790 \" src=\"https:\/\/www.tmgrupoinmobiliario.com\/blog\/wp-content\/uploads\/2022\/10\/microcreditos-1-e1666361138459.jpg\" alt=\"\" width=\"454\" height=\"335\" \/><\/span><\/p>\n<p>&nbsp;<\/p>\n<p><strong><em>Zgodnie z wypowiedzi\u0105 \u00c1ngeles Serna, prezes TM Real Estate Group:<\/em><\/strong><em> &#8220;Dla firmy TM niezwykle istotne jest wspieranie tych projekt\u00f3w spo\u0142ecznych, aby zosta\u0142y one przekute w czyny i zapewnia\u0142y rozw\u00f3j gospodarczy i spo\u0142eczny oraz dawa\u0142y mo\u017cliwo\u015bci rozwoju mieszka\u0144com obszaru wiejskiego Kenziga. Godne podziwu dzia\u0142ania podejmowane przez organizacj\u0119 Rafiki Africa pozwalaj\u0105 walczy\u0107 z ub\u00f3stwem na r\u00f3\u017cnych p\u0142aszczyznach: dost\u0119pu do wody pitnej, wysokiej jako\u015bci edukacji oraz udzielania kredyt\u00f3w, kt\u00f3re pomog\u0105 w tworzeniu ma\u0142ych firm&#8221;.<\/em><\/p>\n<p>&nbsp;<\/p>\n<p>Dzi\u0119ki tym inicjatywom <strong>czynione s\u0105 znaczne post\u0119py w obszarze eliminacji ub\u00f3stwa w tej spo\u0142eczno\u015bci. Przyczyniaj\u0105 si\u0119 one do poprawy warunk\u00f3w \u017cycia i umo\u017cliwiaj\u0105 rodzinom osi\u0105gni\u0119cie minimalnego, niezb\u0119dnego do przetrwania dochodu. To z kolei zapewnia okre\u015blony komfort \u017cycia, bez<\/strong> <strong>konieczno\u015bci emigrowania na inne tereny. Projekty te przyczyniaj\u0105 si\u0119 do realizacji Cel\u00f3w Zr\u00f3wnowa\u017conego Rozwoju: SDG 6 <\/strong>(czysta woda i urz\u0105dzenia sanitarne)<strong>, SDG 10 <\/strong>(zmniejszenie nier\u00f3wno\u015bci)<strong>, SDG 8<\/strong> (godna praca i wzrost gospodarczy) <strong>i SDG 4 <\/strong>(wysokojako\u015bciowa edukacja).<\/p>\n<p>&nbsp;<\/p>\n<p>Z drugiej strony <strong>Juan Amirola, prezes organizacji pozarz\u0105dowej Rafiki Africa<\/strong>, stwierdzi\u0142:<em> &#8220;Dzi\u0119ki zaanga\u017cowaniu i wsp\u00f3\u0142pracy firmy TM projekty, takie jak modu\u0142 szkolenia rolniczego, ju\u017c dzia\u0142aj\u0105, natomiast w chwili obecnej prowadzimy konferencje skierowane do doros\u0142ych rolnik\u00f3w. Doroczne szkolenia dla m\u0142odszych uczni\u00f3w rozpoczn\u0105 si\u0119 w lutym. Ponadto uda\u0142o nam si\u0119 przej\u015b\u0107 do pierwszej fazy realizacji programu mikrokredyt\u00f3w, dzi\u0119ki kt\u00f3remu przed ko\u0144cem roku powstan\u0105 ma\u0142e gospodarstwa hodowlane\u201d.<\/em><\/p>\n<p><em>\u00a0<\/em><\/p>\n","protected":false},"excerpt":{"rendered":"<p>&nbsp; TM Real Estate Group,firma wywodz\u0105ca si\u0119 z regionu Alicante, zajmuj\u0105ca wiod\u0105c\u0105 pozycj\u0119 w sektorze turystyki mieszkaniowej i specjalizuj\u0105ca si\u0119 w budowie oraz promocji posiad\u0142o\u015bci wakacyjnych wzd\u0142u\u017c wybrze\u017ca Morza \u015ar\u00f3dziemnego i Karaib\u00f3w, wierna swojemu zaanga\u017cowaniu w zr\u00f3wnowa\u017cony rozw\u00f3j, walk\u0119 z ub\u00f3stwem i wykluczeniem spo\u0142ecznym, wraz z organizacj\u0105 pozarz\u0105dow\u0105 ONG Rafiki \u00c1frica, dzia\u0142aj\u0105cym na terenie Ugandy [&hellip;]<\/p>\n","protected":false},"author":11716,"featured_media":16588,"comment_status":"open","ping_status":"open","sticky":false,"template":"","format":"standard","meta":{"_jetpack_memberships_contains_paid_content":false,"footnotes":""},"categories":[6],"tags":[386,392],"class_list":["post-16585","post","type-post","status-publish","format-standard","has-post-thumbnail","hentry","category-notas-prensa","tag-tag-all","tag-tag-compromise-en-2","formato-comunicacion"],"better_featured_image":{"id":16588,"alt_text":"","caption":"","description":"","media_type":"image","media_details":{"width":1000,"height":666,"file":"2022\/11\/1000x666-r1.png","filesize":918018,"sizes":{"medium":{"file":"1000x666-r1-300x200.png","width":300,"height":200,"mime-type":"image\/png","filesize":116966,"source_url":"https:\/\/blog.tmgrupoinmobiliario.com\/pl\/wp-content\/uploads\/sites\/7\/2022\/11\/1000x666-r1-300x200.png"},"thumbnail":{"file":"1000x666-r1-150x150.png","width":150,"height":150,"mime-type":"image\/png","filesize":46603,"source_url":"https:\/\/blog.tmgrupoinmobiliario.com\/pl\/wp-content\/uploads\/sites\/7\/2022\/11\/1000x666-r1-150x150.png"},"medium_large":{"file":"1000x666-r1-768x511.png","width":768,"height":511,"mime-type":"image\/png","filesize":600823,"source_url":"https:\/\/blog.tmgrupoinmobiliario.com\/pl\/wp-content\/uploads\/sites\/7\/2022\/11\/1000x666-r1-768x511.png"}},"image_meta":{"aperture":"0","credit":"","camera":"","caption":"","created_timestamp":"0","copyright":"","focal_length":"0","iso":"0","shutter_speed":"0","title":"","orientation":"0","keywords":[]}},"post":16585,"source_url":"https:\/\/blog.tmgrupoinmobiliario.com\/pl\/wp-content\/uploads\/sites\/7\/2022\/11\/1000x666-r1.png"},"acf":{"imagen_destacada_desktop":false,"imagen_destacada_mobile":false,"formato":{"term_id":472,"name":"Comunicaci\u00f3n","slug":"comunicacion","term_group":0,"term_taxonomy_id":472,"taxonomy":"formato","description":"","parent":0,"count":42,"filter":"raw"},"entradilla":"Uruchomienie stacji uzdatniania wody i szko\u0142y rolniczej oraz zbli\u017caj\u0105ca si\u0119 kampania udzielania mikrokredyt\u00f3w kobietom przek\u0142ada si\u0119 na znaczn\u0105 popraw\u0119 warunk\u00f3w \u017cycia mieszka\u0144c\u00f3w tego obszaru i umo\u017cliwia rodzinom osi\u0105gni\u0119cie minimalnego, niezb\u0119dnego do \u017cycia dochodu, bez konieczno\u015bci emigracji. Rozpocz\u0119te projekty przyczyniaj\u0105 si\u0119 do realizacji cel\u00f3w zr\u00f3wnowa\u017conego rozwoju nr 4, 6, 8 i 10\r\n","etiquetas":"","cabecera_escritorio":"https:\/\/blog.tmgrupoinmobiliario.com\/pl\/wp-content\/uploads\/sites\/7\/2022\/11\/1200x300-r1.png","cabecera_mobile":"https:\/\/blog.tmgrupoinmobiliario.com\/pl\/wp-content\/uploads\/sites\/7\/2022\/11\/768x768-r1.png","galeria":false},"yoast_head":"<!-- This site is optimized with the Yoast SEO Premium plugin v23.6 (Yoast SEO v27.5) - https:\/\/yoast.com\/product\/yoast-seo-premium-wordpress\/ -->\n<title>Firma TM i organizacja pozarz\u0105dowa Rafiki jednocz\u0105 swoje si\u0142y w celu realizacji projekt\u00f3w skupiaj\u0105cych si\u0119 na walce z ub\u00f3stwem w Ugandzie - Polski<\/title>\n<meta name=\"robots\" content=\"index, follow, max-snippet:-1, max-image-preview:large, max-video-preview:-1\" \/>\n<link rel=\"canonical\" href=\"https:\/\/blog.tmgrupoinmobiliario.com\/pl\/2022\/11\/02\/firma-tm-i-organizacja-pozarzadowa-rafiki-jednocza-swoje-sily-w-celu-realizacji-projektow-skupiajacych-sie-na-walce-z-ubostwem-w-ugandzie\/\" \/>\n<meta property=\"og:locale\" content=\"pl_PL\" \/>\n<meta property=\"og:type\" content=\"article\" \/>\n<meta property=\"og:title\" content=\"Firma TM i organizacja pozarz\u0105dowa Rafiki jednocz\u0105 swoje si\u0142y w celu realizacji projekt\u00f3w skupiaj\u0105cych si\u0119 na walce z ub\u00f3stwem w Ugandzie\" \/>\n<meta property=\"og:description\" content=\"&nbsp; TM Real Estate Group,firma wywodz\u0105ca si\u0119 z regionu Alicante, zajmuj\u0105ca wiod\u0105c\u0105 pozycj\u0119 w sektorze turystyki mieszkaniowej i specjalizuj\u0105ca si\u0119 w budowie oraz promocji posiad\u0142o\u015bci wakacyjnych wzd\u0142u\u017c wybrze\u017ca Morza \u015ar\u00f3dziemnego i Karaib\u00f3w, wierna swojemu zaanga\u017cowaniu w zr\u00f3wnowa\u017cony rozw\u00f3j, walk\u0119 z ub\u00f3stwem i wykluczeniem spo\u0142ecznym, wraz z organizacj\u0105 pozarz\u0105dow\u0105 ONG Rafiki \u00c1frica, dzia\u0142aj\u0105cym na terenie Ugandy [&hellip;]\" \/>\n<meta property=\"og:url\" content=\"https:\/\/blog.tmgrupoinmobiliario.com\/pl\/2022\/11\/02\/firma-tm-i-organizacja-pozarzadowa-rafiki-jednocza-swoje-sily-w-celu-realizacji-projektow-skupiajacych-sie-na-walce-z-ubostwem-w-ugandzie\/\" \/>\n<meta property=\"og:site_name\" content=\"Polski\" \/>\n<meta property=\"article:published_time\" content=\"2022-11-02T12:07:27+00:00\" \/>\n<meta property=\"og:image\" content=\"https:\/\/blog.tmgrupoinmobiliario.com\/pl\/wp-content\/uploads\/sites\/7\/2022\/11\/1000x666-r1.png\" \/>\n\t<meta property=\"og:image:width\" content=\"1000\" \/>\n\t<meta property=\"og:image:height\" content=\"666\" \/>\n\t<meta property=\"og:image:type\" content=\"image\/png\" \/>\n<meta name=\"author\" content=\"marina\" \/>\n<meta name=\"twitter:card\" content=\"summary_large_image\" \/>\n<meta name=\"twitter:label1\" content=\"Napisane przez\" \/>\n\t<meta name=\"twitter:data1\" content=\"marina\" \/>\n\t<meta name=\"twitter:label2\" content=\"Szacowany czas czytania\" \/>\n\t<meta name=\"twitter:data2\" content=\"4 minuty\" \/>\n<script type=\"application\/ld+json\" class=\"yoast-schema-graph\">{\"@context\":\"https:\\\/\\\/schema.org\",\"@graph\":[{\"@type\":\"Article\",\"@id\":\"https:\\\/\\\/blog.tmgrupoinmobiliario.com\\\/pl\\\/2022\\\/11\\\/02\\\/firma-tm-i-organizacja-pozarzadowa-rafiki-jednocza-swoje-sily-w-celu-realizacji-projektow-skupiajacych-sie-na-walce-z-ubostwem-w-ugandzie\\\/#article\",\"isPartOf\":{\"@id\":\"https:\\\/\\\/blog.tmgrupoinmobiliario.com\\\/pl\\\/2022\\\/11\\\/02\\\/firma-tm-i-organizacja-pozarzadowa-rafiki-jednocza-swoje-sily-w-celu-realizacji-projektow-skupiajacych-sie-na-walce-z-ubostwem-w-ugandzie\\\/\"},\"author\":{\"name\":\"marina\",\"@id\":\"https:\\\/\\\/blog.tmgrupoinmobiliario.com\\\/pl\\\/#\\\/schema\\\/person\\\/788477479d35e623ab75c2fb194e7730\"},\"headline\":\"Firma TM i organizacja pozarz\u0105dowa Rafiki jednocz\u0105 swoje si\u0142y w celu realizacji projekt\u00f3w skupiaj\u0105cych si\u0119 na walce z ub\u00f3stwem w Ugandzie\",\"datePublished\":\"2022-11-02T12:07:27+00:00\",\"mainEntityOfPage\":{\"@id\":\"https:\\\/\\\/blog.tmgrupoinmobiliario.com\\\/pl\\\/2022\\\/11\\\/02\\\/firma-tm-i-organizacja-pozarzadowa-rafiki-jednocza-swoje-sily-w-celu-realizacji-projektow-skupiajacych-sie-na-walce-z-ubostwem-w-ugandzie\\\/\"},\"wordCount\":697,\"commentCount\":0,\"image\":{\"@id\":\"https:\\\/\\\/blog.tmgrupoinmobiliario.com\\\/pl\\\/2022\\\/11\\\/02\\\/firma-tm-i-organizacja-pozarzadowa-rafiki-jednocza-swoje-sily-w-celu-realizacji-projektow-skupiajacych-sie-na-walce-z-ubostwem-w-ugandzie\\\/#primaryimage\"},\"thumbnailUrl\":\"https:\\\/\\\/blog.tmgrupoinmobiliario.com\\\/pl\\\/wp-content\\\/uploads\\\/sites\\\/7\\\/2022\\\/11\\\/1000x666-r1.png\",\"keywords\":[\"tag-all\",\"tag-compromise\"],\"articleSection\":[\"Notatka prasowa\"],\"inLanguage\":\"pl-PL\",\"potentialAction\":[{\"@type\":\"CommentAction\",\"name\":\"Comment\",\"target\":[\"https:\\\/\\\/blog.tmgrupoinmobiliario.com\\\/pl\\\/2022\\\/11\\\/02\\\/firma-tm-i-organizacja-pozarzadowa-rafiki-jednocza-swoje-sily-w-celu-realizacji-projektow-skupiajacych-sie-na-walce-z-ubostwem-w-ugandzie\\\/#respond\"]}]},{\"@type\":\"WebPage\",\"@id\":\"https:\\\/\\\/blog.tmgrupoinmobiliario.com\\\/pl\\\/2022\\\/11\\\/02\\\/firma-tm-i-organizacja-pozarzadowa-rafiki-jednocza-swoje-sily-w-celu-realizacji-projektow-skupiajacych-sie-na-walce-z-ubostwem-w-ugandzie\\\/\",\"url\":\"https:\\\/\\\/blog.tmgrupoinmobiliario.com\\\/pl\\\/2022\\\/11\\\/02\\\/firma-tm-i-organizacja-pozarzadowa-rafiki-jednocza-swoje-sily-w-celu-realizacji-projektow-skupiajacych-sie-na-walce-z-ubostwem-w-ugandzie\\\/\",\"name\":\"Firma TM i organizacja pozarz\u0105dowa Rafiki jednocz\u0105 swoje si\u0142y w celu realizacji projekt\u00f3w skupiaj\u0105cych si\u0119 na walce z ub\u00f3stwem w Ugandzie - Polski\",\"isPartOf\":{\"@id\":\"https:\\\/\\\/blog.tmgrupoinmobiliario.com\\\/pl\\\/#website\"},\"primaryImageOfPage\":{\"@id\":\"https:\\\/\\\/blog.tmgrupoinmobiliario.com\\\/pl\\\/2022\\\/11\\\/02\\\/firma-tm-i-organizacja-pozarzadowa-rafiki-jednocza-swoje-sily-w-celu-realizacji-projektow-skupiajacych-sie-na-walce-z-ubostwem-w-ugandzie\\\/#primaryimage\"},\"image\":{\"@id\":\"https:\\\/\\\/blog.tmgrupoinmobiliario.com\\\/pl\\\/2022\\\/11\\\/02\\\/firma-tm-i-organizacja-pozarzadowa-rafiki-jednocza-swoje-sily-w-celu-realizacji-projektow-skupiajacych-sie-na-walce-z-ubostwem-w-ugandzie\\\/#primaryimage\"},\"thumbnailUrl\":\"https:\\\/\\\/blog.tmgrupoinmobiliario.com\\\/pl\\\/wp-content\\\/uploads\\\/sites\\\/7\\\/2022\\\/11\\\/1000x666-r1.png\",\"datePublished\":\"2022-11-02T12:07:27+00:00\",\"author\":{\"@id\":\"https:\\\/\\\/blog.tmgrupoinmobiliario.com\\\/pl\\\/#\\\/schema\\\/person\\\/788477479d35e623ab75c2fb194e7730\"},\"breadcrumb\":{\"@id\":\"https:\\\/\\\/blog.tmgrupoinmobiliario.com\\\/pl\\\/2022\\\/11\\\/02\\\/firma-tm-i-organizacja-pozarzadowa-rafiki-jednocza-swoje-sily-w-celu-realizacji-projektow-skupiajacych-sie-na-walce-z-ubostwem-w-ugandzie\\\/#breadcrumb\"},\"inLanguage\":\"pl-PL\",\"potentialAction\":[{\"@type\":\"ReadAction\",\"target\":[\"https:\\\/\\\/blog.tmgrupoinmobiliario.com\\\/pl\\\/2022\\\/11\\\/02\\\/firma-tm-i-organizacja-pozarzadowa-rafiki-jednocza-swoje-sily-w-celu-realizacji-projektow-skupiajacych-sie-na-walce-z-ubostwem-w-ugandzie\\\/\"]}]},{\"@type\":\"ImageObject\",\"inLanguage\":\"pl-PL\",\"@id\":\"https:\\\/\\\/blog.tmgrupoinmobiliario.com\\\/pl\\\/2022\\\/11\\\/02\\\/firma-tm-i-organizacja-pozarzadowa-rafiki-jednocza-swoje-sily-w-celu-realizacji-projektow-skupiajacych-sie-na-walce-z-ubostwem-w-ugandzie\\\/#primaryimage\",\"url\":\"https:\\\/\\\/blog.tmgrupoinmobiliario.com\\\/pl\\\/wp-content\\\/uploads\\\/sites\\\/7\\\/2022\\\/11\\\/1000x666-r1.png\",\"contentUrl\":\"https:\\\/\\\/blog.tmgrupoinmobiliario.com\\\/pl\\\/wp-content\\\/uploads\\\/sites\\\/7\\\/2022\\\/11\\\/1000x666-r1.png\",\"width\":1000,\"height\":666},{\"@type\":\"BreadcrumbList\",\"@id\":\"https:\\\/\\\/blog.tmgrupoinmobiliario.com\\\/pl\\\/2022\\\/11\\\/02\\\/firma-tm-i-organizacja-pozarzadowa-rafiki-jednocza-swoje-sily-w-celu-realizacji-projektow-skupiajacych-sie-na-walce-z-ubostwem-w-ugandzie\\\/#breadcrumb\",\"itemListElement\":[{\"@type\":\"ListItem\",\"position\":1,\"name\":\"Home\",\"item\":\"https:\\\/\\\/blog.tmgrupoinmobiliario.com\\\/pl\\\/\"},{\"@type\":\"ListItem\",\"position\":2,\"name\":\"Firma TM i organizacja pozarz\u0105dowa Rafiki jednocz\u0105 swoje si\u0142y w celu realizacji projekt\u00f3w skupiaj\u0105cych si\u0119 na walce z ub\u00f3stwem w Ugandzie\"}]},{\"@type\":\"WebSite\",\"@id\":\"https:\\\/\\\/blog.tmgrupoinmobiliario.com\\\/pl\\\/#website\",\"url\":\"https:\\\/\\\/blog.tmgrupoinmobiliario.com\\\/pl\\\/\",\"name\":\"Polski\",\"description\":\"Just another Blog Desarrollo TM sitios site\",\"potentialAction\":[{\"@type\":\"SearchAction\",\"target\":{\"@type\":\"EntryPoint\",\"urlTemplate\":\"https:\\\/\\\/blog.tmgrupoinmobiliario.com\\\/pl\\\/?s={search_term_string}\"},\"query-input\":{\"@type\":\"PropertyValueSpecification\",\"valueRequired\":true,\"valueName\":\"search_term_string\"}}],\"inLanguage\":\"pl-PL\"},{\"@type\":\"Person\",\"@id\":\"https:\\\/\\\/blog.tmgrupoinmobiliario.com\\\/pl\\\/#\\\/schema\\\/person\\\/788477479d35e623ab75c2fb194e7730\",\"name\":\"marina\",\"image\":{\"@type\":\"ImageObject\",\"inLanguage\":\"pl-PL\",\"@id\":\"https:\\\/\\\/secure.gravatar.com\\\/avatar\\\/34480839eb5b1bb235efe5be1b7e49218e07e314c17d1fb9ba5183ac5c2c64f3?s=96&d=mm&r=g\",\"url\":\"https:\\\/\\\/secure.gravatar.com\\\/avatar\\\/34480839eb5b1bb235efe5be1b7e49218e07e314c17d1fb9ba5183ac5c2c64f3?s=96&d=mm&r=g\",\"contentUrl\":\"https:\\\/\\\/secure.gravatar.com\\\/avatar\\\/34480839eb5b1bb235efe5be1b7e49218e07e314c17d1fb9ba5183ac5c2c64f3?s=96&d=mm&r=g\",\"caption\":\"marina\"},\"url\":\"https:\\\/\\\/blog.tmgrupoinmobiliario.com\\\/pl\\\/author\\\/marina\\\/\"}]}<\/script>\n<!-- \/ Yoast SEO Premium plugin. -->","yoast_head_json":{"title":"Firma TM i organizacja pozarz\u0105dowa Rafiki jednocz\u0105 swoje si\u0142y w celu realizacji projekt\u00f3w skupiaj\u0105cych si\u0119 na walce z ub\u00f3stwem w Ugandzie - Polski","robots":{"index":"index","follow":"follow","max-snippet":"max-snippet:-1","max-image-preview":"max-image-preview:large","max-video-preview":"max-video-preview:-1"},"canonical":"https:\/\/blog.tmgrupoinmobiliario.com\/pl\/2022\/11\/02\/firma-tm-i-organizacja-pozarzadowa-rafiki-jednocza-swoje-sily-w-celu-realizacji-projektow-skupiajacych-sie-na-walce-z-ubostwem-w-ugandzie\/","og_locale":"pl_PL","og_type":"article","og_title":"Firma TM i organizacja pozarz\u0105dowa Rafiki jednocz\u0105 swoje si\u0142y w celu realizacji projekt\u00f3w skupiaj\u0105cych si\u0119 na walce z ub\u00f3stwem w Ugandzie","og_description":"&nbsp; TM Real Estate Group,firma wywodz\u0105ca si\u0119 z regionu Alicante, zajmuj\u0105ca wiod\u0105c\u0105 pozycj\u0119 w sektorze turystyki mieszkaniowej i specjalizuj\u0105ca si\u0119 w budowie oraz promocji posiad\u0142o\u015bci wakacyjnych wzd\u0142u\u017c wybrze\u017ca Morza \u015ar\u00f3dziemnego i Karaib\u00f3w, wierna swojemu zaanga\u017cowaniu w zr\u00f3wnowa\u017cony rozw\u00f3j, walk\u0119 z ub\u00f3stwem i wykluczeniem spo\u0142ecznym, wraz z organizacj\u0105 pozarz\u0105dow\u0105 ONG Rafiki \u00c1frica, dzia\u0142aj\u0105cym na terenie Ugandy [&hellip;]","og_url":"https:\/\/blog.tmgrupoinmobiliario.com\/pl\/2022\/11\/02\/firma-tm-i-organizacja-pozarzadowa-rafiki-jednocza-swoje-sily-w-celu-realizacji-projektow-skupiajacych-sie-na-walce-z-ubostwem-w-ugandzie\/","og_site_name":"Polski","article_published_time":"2022-11-02T12:07:27+00:00","og_image":[{"width":1000,"height":666,"url":"https:\/\/blog.tmgrupoinmobiliario.com\/pl\/wp-content\/uploads\/sites\/7\/2022\/11\/1000x666-r1.png","type":"image\/png"}],"author":"marina","twitter_card":"summary_large_image","twitter_misc":{"Napisane przez":"marina","Szacowany czas czytania":"4 minuty"},"schema":{"@context":"https:\/\/schema.org","@graph":[{"@type":"Article","@id":"https:\/\/blog.tmgrupoinmobiliario.com\/pl\/2022\/11\/02\/firma-tm-i-organizacja-pozarzadowa-rafiki-jednocza-swoje-sily-w-celu-realizacji-projektow-skupiajacych-sie-na-walce-z-ubostwem-w-ugandzie\/#article","isPartOf":{"@id":"https:\/\/blog.tmgrupoinmobiliario.com\/pl\/2022\/11\/02\/firma-tm-i-organizacja-pozarzadowa-rafiki-jednocza-swoje-sily-w-celu-realizacji-projektow-skupiajacych-sie-na-walce-z-ubostwem-w-ugandzie\/"},"author":{"name":"marina","@id":"https:\/\/blog.tmgrupoinmobiliario.com\/pl\/#\/schema\/person\/788477479d35e623ab75c2fb194e7730"},"headline":"Firma TM i organizacja pozarz\u0105dowa Rafiki jednocz\u0105 swoje si\u0142y w celu realizacji projekt\u00f3w skupiaj\u0105cych si\u0119 na walce z ub\u00f3stwem w Ugandzie","datePublished":"2022-11-02T12:07:27+00:00","mainEntityOfPage":{"@id":"https:\/\/blog.tmgrupoinmobiliario.com\/pl\/2022\/11\/02\/firma-tm-i-organizacja-pozarzadowa-rafiki-jednocza-swoje-sily-w-celu-realizacji-projektow-skupiajacych-sie-na-walce-z-ubostwem-w-ugandzie\/"},"wordCount":697,"commentCount":0,"image":{"@id":"https:\/\/blog.tmgrupoinmobiliario.com\/pl\/2022\/11\/02\/firma-tm-i-organizacja-pozarzadowa-rafiki-jednocza-swoje-sily-w-celu-realizacji-projektow-skupiajacych-sie-na-walce-z-ubostwem-w-ugandzie\/#primaryimage"},"thumbnailUrl":"https:\/\/blog.tmgrupoinmobiliario.com\/pl\/wp-content\/uploads\/sites\/7\/2022\/11\/1000x666-r1.png","keywords":["tag-all","tag-compromise"],"articleSection":["Notatka prasowa"],"inLanguage":"pl-PL","potentialAction":[{"@type":"CommentAction","name":"Comment","target":["https:\/\/blog.tmgrupoinmobiliario.com\/pl\/2022\/11\/02\/firma-tm-i-organizacja-pozarzadowa-rafiki-jednocza-swoje-sily-w-celu-realizacji-projektow-skupiajacych-sie-na-walce-z-ubostwem-w-ugandzie\/#respond"]}]},{"@type":"WebPage","@id":"https:\/\/blog.tmgrupoinmobiliario.com\/pl\/2022\/11\/02\/firma-tm-i-organizacja-pozarzadowa-rafiki-jednocza-swoje-sily-w-celu-realizacji-projektow-skupiajacych-sie-na-walce-z-ubostwem-w-ugandzie\/","url":"https:\/\/blog.tmgrupoinmobiliario.com\/pl\/2022\/11\/02\/firma-tm-i-organizacja-pozarzadowa-rafiki-jednocza-swoje-sily-w-celu-realizacji-projektow-skupiajacych-sie-na-walce-z-ubostwem-w-ugandzie\/","name":"Firma TM i organizacja pozarz\u0105dowa Rafiki jednocz\u0105 swoje si\u0142y w celu realizacji projekt\u00f3w skupiaj\u0105cych si\u0119 na walce z ub\u00f3stwem w Ugandzie - Polski","isPartOf":{"@id":"https:\/\/blog.tmgrupoinmobiliario.com\/pl\/#website"},"primaryImageOfPage":{"@id":"https:\/\/blog.tmgrupoinmobiliario.com\/pl\/2022\/11\/02\/firma-tm-i-organizacja-pozarzadowa-rafiki-jednocza-swoje-sily-w-celu-realizacji-projektow-skupiajacych-sie-na-walce-z-ubostwem-w-ugandzie\/#primaryimage"},"image":{"@id":"https:\/\/blog.tmgrupoinmobiliario.com\/pl\/2022\/11\/02\/firma-tm-i-organizacja-pozarzadowa-rafiki-jednocza-swoje-sily-w-celu-realizacji-projektow-skupiajacych-sie-na-walce-z-ubostwem-w-ugandzie\/#primaryimage"},"thumbnailUrl":"https:\/\/blog.tmgrupoinmobiliario.com\/pl\/wp-content\/uploads\/sites\/7\/2022\/11\/1000x666-r1.png","datePublished":"2022-11-02T12:07:27+00:00","author":{"@id":"https:\/\/blog.tmgrupoinmobiliario.com\/pl\/#\/schema\/person\/788477479d35e623ab75c2fb194e7730"},"breadcrumb":{"@id":"https:\/\/blog.tmgrupoinmobiliario.com\/pl\/2022\/11\/02\/firma-tm-i-organizacja-pozarzadowa-rafiki-jednocza-swoje-sily-w-celu-realizacji-projektow-skupiajacych-sie-na-walce-z-ubostwem-w-ugandzie\/#breadcrumb"},"inLanguage":"pl-PL","potentialAction":[{"@type":"ReadAction","target":["https:\/\/blog.tmgrupoinmobiliario.com\/pl\/2022\/11\/02\/firma-tm-i-organizacja-pozarzadowa-rafiki-jednocza-swoje-sily-w-celu-realizacji-projektow-skupiajacych-sie-na-walce-z-ubostwem-w-ugandzie\/"]}]},{"@type":"ImageObject","inLanguage":"pl-PL","@id":"https:\/\/blog.tmgrupoinmobiliario.com\/pl\/2022\/11\/02\/firma-tm-i-organizacja-pozarzadowa-rafiki-jednocza-swoje-sily-w-celu-realizacji-projektow-skupiajacych-sie-na-walce-z-ubostwem-w-ugandzie\/#primaryimage","url":"https:\/\/blog.tmgrupoinmobiliario.com\/pl\/wp-content\/uploads\/sites\/7\/2022\/11\/1000x666-r1.png","contentUrl":"https:\/\/blog.tmgrupoinmobiliario.com\/pl\/wp-content\/uploads\/sites\/7\/2022\/11\/1000x666-r1.png","width":1000,"height":666},{"@type":"BreadcrumbList","@id":"https:\/\/blog.tmgrupoinmobiliario.com\/pl\/2022\/11\/02\/firma-tm-i-organizacja-pozarzadowa-rafiki-jednocza-swoje-sily-w-celu-realizacji-projektow-skupiajacych-sie-na-walce-z-ubostwem-w-ugandzie\/#breadcrumb","itemListElement":[{"@type":"ListItem","position":1,"name":"Home","item":"https:\/\/blog.tmgrupoinmobiliario.com\/pl\/"},{"@type":"ListItem","position":2,"name":"Firma TM i organizacja pozarz\u0105dowa Rafiki jednocz\u0105 swoje si\u0142y w celu realizacji projekt\u00f3w skupiaj\u0105cych si\u0119 na walce z ub\u00f3stwem w Ugandzie"}]},{"@type":"WebSite","@id":"https:\/\/blog.tmgrupoinmobiliario.com\/pl\/#website","url":"https:\/\/blog.tmgrupoinmobiliario.com\/pl\/","name":"Polski","description":"Just another Blog Desarrollo TM sitios site","potentialAction":[{"@type":"SearchAction","target":{"@type":"EntryPoint","urlTemplate":"https:\/\/blog.tmgrupoinmobiliario.com\/pl\/?s={search_term_string}"},"query-input":{"@type":"PropertyValueSpecification","valueRequired":true,"valueName":"search_term_string"}}],"inLanguage":"pl-PL"},{"@type":"Person","@id":"https:\/\/blog.tmgrupoinmobiliario.com\/pl\/#\/schema\/person\/788477479d35e623ab75c2fb194e7730","name":"marina","image":{"@type":"ImageObject","inLanguage":"pl-PL","@id":"https:\/\/secure.gravatar.com\/avatar\/34480839eb5b1bb235efe5be1b7e49218e07e314c17d1fb9ba5183ac5c2c64f3?s=96&d=mm&r=g","url":"https:\/\/secure.gravatar.com\/avatar\/34480839eb5b1bb235efe5be1b7e49218e07e314c17d1fb9ba5183ac5c2c64f3?s=96&d=mm&r=g","contentUrl":"https:\/\/secure.gravatar.com\/avatar\/34480839eb5b1bb235efe5be1b7e49218e07e314c17d1fb9ba5183ac5c2c64f3?s=96&d=mm&r=g","caption":"marina"},"url":"https:\/\/blog.tmgrupoinmobiliario.com\/pl\/author\/marina\/"}]}},"jetpack_featured_media_url":"https:\/\/blog.tmgrupoinmobiliario.com\/pl\/wp-content\/uploads\/sites\/7\/2022\/11\/1000x666-r1.png","jetpack_sharing_enabled":true,"_links":{"self":[{"href":"https:\/\/blog.tmgrupoinmobiliario.com\/pl\/wp-json\/wp\/v2\/posts\/16585","targetHints":{"allow":["GET"]}}],"collection":[{"href":"https:\/\/blog.tmgrupoinmobiliario.com\/pl\/wp-json\/wp\/v2\/posts"}],"about":[{"href":"https:\/\/blog.tmgrupoinmobiliario.com\/pl\/wp-json\/wp\/v2\/types\/post"}],"author":[{"embeddable":true,"href":"https:\/\/blog.tmgrupoinmobiliario.com\/pl\/wp-json\/wp\/v2\/users\/11716"}],"replies":[{"embeddable":true,"href":"https:\/\/blog.tmgrupoinmobiliario.com\/pl\/wp-json\/wp\/v2\/comments?post=16585"}],"version-history":[{"count":1,"href":"https:\/\/blog.tmgrupoinmobiliario.com\/pl\/wp-json\/wp\/v2\/posts\/16585\/revisions"}],"predecessor-version":[{"id":16589,"href":"https:\/\/blog.tmgrupoinmobiliario.com\/pl\/wp-json\/wp\/v2\/posts\/16585\/revisions\/16589"}],"wp:featuredmedia":[{"embeddable":true,"href":"https:\/\/blog.tmgrupoinmobiliario.com\/pl\/wp-json\/wp\/v2\/media\/16588"}],"wp:attachment":[{"href":"https:\/\/blog.tmgrupoinmobiliario.com\/pl\/wp-json\/wp\/v2\/media?parent=16585"}],"wp:term":[{"taxonomy":"category","embeddable":true,"href":"https:\/\/blog.tmgrupoinmobiliario.com\/pl\/wp-json\/wp\/v2\/categories?post=16585"},{"taxonomy":"post_tag","embeddable":true,"href":"https:\/\/blog.tmgrupoinmobiliario.com\/pl\/wp-json\/wp\/v2\/tags?post=16585"}],"curies":[{"name":"wp","href":"https:\/\/api.w.org\/{rel}","templated":true}]}}