{"id":16174,"date":"2021-08-04T15:29:56","date_gmt":"2021-08-04T15:29:56","guid":{"rendered":"https:\/\/blog.tmgrupoinmobiliario.com\/pl\/?p=16174"},"modified":"2022-03-11T15:33:47","modified_gmt":"2022-03-11T15:33:47","slug":"dekoracja-tarasow","status":"publish","type":"post","link":"https:\/\/blog.tmgrupoinmobiliario.com\/pl\/2021\/08\/04\/dekoracja-tarasow\/","title":{"rendered":"Dekoracja taras\u00f3w"},"content":{"rendered":"<p>&nbsp;<\/p>\n<p>Teraz, w porze letniej, autentycznymi bohaterami dom\u00f3w i apartament\u00f3w s\u0105 tarasy. Du\u017ce, ma\u0142e, zwr\u00f3cone w stron\u0119 s\u0142o\u0144ca, usytuowane w zacienionym miejscu&#8230; Niezale\u017cnie od tego, jaki jest Tw\u00f3j taras, oferuje niesko\u0144czone mo\u017cliwo\u015bci. Chcesz wiedzie\u0107, jak optymalnie go wykorzysta\u0107?<\/p>\n<p>Przede wszystkim musisz jasno okre\u015bli\u0107 przeznaczenie, jakie chcesz mu nada\u0107: czy chcesz, aby by\u0142a to jadalnia, czy mo\u017ce wolisz, aby obszar ten przeznaczony by\u0142 do cel\u00f3w wypoczynkowych lub jako strefa zabaw dla dzieci&#8230; Kiedy ju\u017c b\u0119dzie to dla Ciebie jasne, znacznie \u0142atwiej b\u0119dzie Ci go udekorowa\u0107 wed\u0142ug w\u0142asnych upodoba\u0144. Ponadto w tym po\u015bcie znajdziesz kilka pomys\u0142\u00f3w na wypadek gdyby Ci ich zabrak\u0142o.<\/p>\n<p>&nbsp;<\/p>\n<ul>\n<li><strong><span style=\"color: #ff0000\">Przestronny taras: wyznacz osobne przestrzenie<\/span><\/strong><\/li>\n<\/ul>\n<p>Je\u015bli posiadasz taras o powierzchni wielu metr\u00f3w, jego aran\u017cacja b\u0119dzie znacznie \u0142atwiejsza. Na jednej przestrzeni mo\u017cesz stworzy\u0107 kilka stref, na przyk\u0142ad salon i jadalni\u0119. Jak tego dokona\u0107? Mo\u017cesz oddzieli\u0107 od siebie poszczeg\u00f3lne przestrzenie, wyk\u0142adaj\u0105c na przyk\u0142ad sztucznym trawnikiem stref\u0119 salonu i zewn\u0119trzn\u0105 wyk\u0142adzin\u0105 stref\u0119 jadalni. Mog\u0105 si\u0119 r\u00f3wnie\u017c okaza\u0107 przydatne donice z wysokimi ro\u015blinami, kt\u00f3re dodatkowo zapewni\u0105 Ci prywatno\u015b\u0107.<\/p>\n<p>&nbsp;<\/p>\n<ul>\n<li><span style=\"color: #ff0000\"><strong>Ma\u0142y taras: mniej znaczy wi\u0119cej<\/strong><\/span><\/li>\n<\/ul>\n<p>Je\u015bli Tw\u00f3j taras jest ma\u0142y, postawienie na nim du\u017cej ilo\u015bci mebli i dekoracji sprawi, \u017ce b\u0119dzie wygl\u0105da\u0142 na jeszcze mniejszy. Nasze zalecenie w tym przypadku mog\u0142oby si\u0119 stre\u015bci\u0107 w trzech s\u0142owach: mniej znaczy wi\u0119cej. Mo\u017cesz na przyk\u0142ad zestawi\u0107 ma\u0142y stolik kawowy z kilkoma \u0142awkami przymocowanymi do obwodu tarasu, kt\u00f3re mog\u0105 r\u00f3wnie\u017c s\u0142u\u017cy\u0107 do cel\u00f3w wypoczynkowych. Je\u015bli wolisz nie ustawia\u0107 na tarasie sto\u0142u, doskona\u0142ym rozwi\u0105zaniem b\u0119d\u0105 r\u00f3wnie\u017c dwa sk\u0142adane le\u017caki z p\u0142\u00f3tna.<\/p>\n<p>&nbsp;<\/p>\n<ul>\n<li><span style=\"color: #ff0000\"><strong>Lekkie meble<\/strong><\/span><\/li>\n<\/ul>\n<p>Lekkie meble przydadz\u0105 si\u0119 bez wzgl\u0119du na to, czy Tw\u00f3j taras jest ma\u0142y, czy du\u017cy. Docenisz fakt, \u017ce nie zajmuj\u0105 zbyt du\u017co miejsca i u\u0142atwi\u0105 Ci swobodne poruszanie si\u0119 po tarasie oraz zapewni\u0105 wi\u0119ksze poczucie przestronno\u015bci.<\/p>\n<p>&nbsp;<\/p>\n<ul>\n<li><strong><span style=\"color: #ff0000\">Zawsze szukaj intymno\u015bci<\/span><\/strong><\/li>\n<\/ul>\n<p>Nie b\u0119dziesz w stanie zazna\u0107 pe\u0142nego spokoju w swoim domu, je\u015bli nie uzyskasz tego poczucia intymno\u015bci, kt\u00f3rego wszyscy tak bardzo potrzebujemy. Drewniane kratownice mog\u0105 by\u0107 tu dobrym rozwi\u0105zaniem, jednak je\u015bli szukasz czego\u015b, co zapewni Ci dodatkowe orze\u017awienie, Twoim najlepszym sprzymierze\u0144cem b\u0119d\u0105 bez w\u0105tpienia ro\u015bliny. Ziele\u0144 zmieni Tw\u00f3j taras w naturaln\u0105 przestrze\u0144 i pomo\u017ce Ci odpowiednio regulowa\u0107 temperatur\u0119.<\/p>\n<p>&nbsp;<\/p>\n<ul>\n<li><span style=\"color: #ff0000\"><strong>Dobierz dobrze tekstylia<\/strong><\/span><\/li>\n<\/ul>\n<p>S\u0105 one znacznie wa\u017cniejsze, ni\u017c mog\u0142oby si\u0119 to wydawa\u0107 na pierwszy rzut oka. Tekstylia wnios\u0105 radosny akcent do przestrzeni. Bardzo wa\u017cne jest, aby wybiera\u0107 materia\u0142y odporne na dzia\u0142anie s\u0142o\u0144ca i, je\u015bli zechcesz, nie wahaj si\u0119 miesza\u0107 ze sob\u0105 r\u00f3\u017cnych faktur.<\/p>\n","protected":false},"excerpt":{"rendered":"<p>&nbsp; Teraz, w porze letniej, autentycznymi bohaterami dom\u00f3w i apartament\u00f3w s\u0105 tarasy. Du\u017ce, ma\u0142e, zwr\u00f3cone w stron\u0119 s\u0142o\u0144ca, usytuowane w zacienionym miejscu&#8230; Niezale\u017cnie od tego, jaki jest Tw\u00f3j taras, oferuje niesko\u0144czone mo\u017cliwo\u015bci. Chcesz wiedzie\u0107, jak optymalnie go wykorzysta\u0107? Przede wszystkim musisz jasno okre\u015bli\u0107 przeznaczenie, jakie chcesz mu nada\u0107: czy chcesz, aby by\u0142a to jadalnia, czy [&hellip;]<\/p>\n","protected":false},"author":11710,"featured_media":16175,"comment_status":"open","ping_status":"open","sticky":false,"template":"","format":"standard","meta":{"_jetpack_memberships_contains_paid_content":false,"footnotes":""},"categories":[4],"tags":[395,396,398,399,400],"class_list":["post-16174","post","type-post","status-publish","format-standard","has-post-thumbnail","hentry","category-life-style","tag-tag-promotions-en","tag-tag-promotions-costa-almeria-en-2","tag-tag-promotions-costa-blanca-sur-en-2","tag-tag-promotions-costa-del-sol-en-2","tag-tag-promotions-mallorca-en","formato-blog"],"better_featured_image":{"id":16175,"alt_text":"","caption":"","description":"","media_type":"image","media_details":{"width":1000,"height":666,"file":"2022\/03\/1000x6661-2.jpg","sizes":{"medium":{"file":"1000x6661-2-300x200.jpg","width":300,"height":200,"mime-type":"image\/jpeg","source_url":"https:\/\/blog.tmgrupoinmobiliario.com\/pl\/wp-content\/uploads\/sites\/7\/2022\/03\/1000x6661-2-300x200.jpg"},"thumbnail":{"file":"1000x6661-2-150x150.jpg","width":150,"height":150,"mime-type":"image\/jpeg","source_url":"https:\/\/blog.tmgrupoinmobiliario.com\/pl\/wp-content\/uploads\/sites\/7\/2022\/03\/1000x6661-2-150x150.jpg"},"medium_large":{"file":"1000x6661-2-768x511.jpg","width":768,"height":511,"mime-type":"image\/jpeg","source_url":"https:\/\/blog.tmgrupoinmobiliario.com\/pl\/wp-content\/uploads\/sites\/7\/2022\/03\/1000x6661-2-768x511.jpg"}},"image_meta":{"aperture":"0","credit":"","camera":"","caption":"","created_timestamp":"0","copyright":"","focal_length":"0","iso":"0","shutter_speed":"0","title":"","orientation":"1","keywords":[]}},"post":16174,"source_url":"https:\/\/blog.tmgrupoinmobiliario.com\/pl\/wp-content\/uploads\/sites\/7\/2022\/03\/1000x6661-2.jpg"},"acf":{"imagen_destacada_desktop":false,"imagen_destacada_mobile":false,"formato":{"term_id":471,"name":"Blog","slug":"blog","term_group":0,"term_taxonomy_id":471,"taxonomy":"formato","description":"","parent":0,"count":140,"filter":"raw"},"entradilla":"","etiquetas":"","cabecera_escritorio":"https:\/\/blog.tmgrupoinmobiliario.com\/pl\/wp-content\/uploads\/sites\/7\/2022\/03\/1200x3003.jpg","cabecera_mobile":"https:\/\/blog.tmgrupoinmobiliario.com\/pl\/wp-content\/uploads\/sites\/7\/2022\/03\/768x7681-2.jpg","galeria":false},"yoast_head":"<!-- This site is optimized with the Yoast SEO Premium plugin v23.6 (Yoast SEO v27.5) - https:\/\/yoast.com\/product\/yoast-seo-premium-wordpress\/ -->\n<title>Dekoracja taras\u00f3w<\/title>\n<meta name=\"robots\" content=\"index, follow, max-snippet:-1, max-image-preview:large, max-video-preview:-1\" \/>\n<link rel=\"canonical\" href=\"https:\/\/blog.tmgrupoinmobiliario.com\/pl\/2021\/08\/04\/dekoracja-tarasow\/\" \/>\n<meta property=\"og:locale\" content=\"pl_PL\" \/>\n<meta property=\"og:type\" content=\"article\" \/>\n<meta property=\"og:title\" content=\"Dekoracja taras\u00f3w\" \/>\n<meta property=\"og:description\" content=\"&nbsp; Teraz, w porze letniej, autentycznymi bohaterami dom\u00f3w i apartament\u00f3w s\u0105 tarasy. Du\u017ce, ma\u0142e, zwr\u00f3cone w stron\u0119 s\u0142o\u0144ca, usytuowane w zacienionym miejscu&#8230; Niezale\u017cnie od tego, jaki jest Tw\u00f3j taras, oferuje niesko\u0144czone mo\u017cliwo\u015bci. Chcesz wiedzie\u0107, jak optymalnie go wykorzysta\u0107? Przede wszystkim musisz jasno okre\u015bli\u0107 przeznaczenie, jakie chcesz mu nada\u0107: czy chcesz, aby by\u0142a to jadalnia, czy [&hellip;]\" \/>\n<meta property=\"og:url\" content=\"https:\/\/blog.tmgrupoinmobiliario.com\/pl\/2021\/08\/04\/dekoracja-tarasow\/\" \/>\n<meta property=\"og:site_name\" content=\"Polski\" \/>\n<meta property=\"article:published_time\" content=\"2021-08-04T15:29:56+00:00\" \/>\n<meta property=\"article:modified_time\" content=\"2022-03-11T15:33:47+00:00\" \/>\n<meta property=\"og:image\" content=\"https:\/\/blog.tmgrupoinmobiliario.com\/pl\/wp-content\/uploads\/sites\/7\/2022\/03\/1000x6661-2.jpg\" \/>\n\t<meta property=\"og:image:width\" content=\"1000\" \/>\n\t<meta property=\"og:image:height\" content=\"666\" \/>\n\t<meta property=\"og:image:type\" content=\"image\/jpeg\" \/>\n<meta name=\"author\" content=\"alberto\" \/>\n<meta name=\"twitter:card\" content=\"summary_large_image\" \/>\n<meta name=\"twitter:label1\" content=\"Napisane przez\" \/>\n\t<meta name=\"twitter:data1\" content=\"alberto\" \/>\n\t<meta name=\"twitter:label2\" content=\"Szacowany czas czytania\" \/>\n\t<meta name=\"twitter:data2\" content=\"3 minuty\" \/>\n<script type=\"application\/ld+json\" class=\"yoast-schema-graph\">{\"@context\":\"https:\\\/\\\/schema.org\",\"@graph\":[{\"@type\":\"Article\",\"@id\":\"https:\\\/\\\/blog.tmgrupoinmobiliario.com\\\/pl\\\/2021\\\/08\\\/04\\\/dekoracja-tarasow\\\/#article\",\"isPartOf\":{\"@id\":\"https:\\\/\\\/blog.tmgrupoinmobiliario.com\\\/pl\\\/2021\\\/08\\\/04\\\/dekoracja-tarasow\\\/\"},\"author\":{\"name\":\"alberto\",\"@id\":\"https:\\\/\\\/blog.tmgrupoinmobiliario.com\\\/pl\\\/#\\\/schema\\\/person\\\/4059e96ae5aca6723920ee59eef29527\"},\"headline\":\"Dekoracja taras\u00f3w\",\"datePublished\":\"2021-08-04T15:29:56+00:00\",\"dateModified\":\"2022-03-11T15:33:47+00:00\",\"mainEntityOfPage\":{\"@id\":\"https:\\\/\\\/blog.tmgrupoinmobiliario.com\\\/pl\\\/2021\\\/08\\\/04\\\/dekoracja-tarasow\\\/\"},\"wordCount\":490,\"commentCount\":0,\"image\":{\"@id\":\"https:\\\/\\\/blog.tmgrupoinmobiliario.com\\\/pl\\\/2021\\\/08\\\/04\\\/dekoracja-tarasow\\\/#primaryimage\"},\"thumbnailUrl\":\"https:\\\/\\\/blog.tmgrupoinmobiliario.com\\\/pl\\\/wp-content\\\/uploads\\\/sites\\\/7\\\/2022\\\/03\\\/1000x6661-2.jpg\",\"keywords\":[\"tag-promotions\",\"tag-promotions-costa-almeria\",\"tag-promotions-costa-blanca-sur\",\"tag-promotions-costa-del-sol\",\"tag-promotions-mallorca\"],\"articleSection\":[\"LifeStyle\"],\"inLanguage\":\"pl-PL\",\"potentialAction\":[{\"@type\":\"CommentAction\",\"name\":\"Comment\",\"target\":[\"https:\\\/\\\/blog.tmgrupoinmobiliario.com\\\/pl\\\/2021\\\/08\\\/04\\\/dekoracja-tarasow\\\/#respond\"]}]},{\"@type\":\"WebPage\",\"@id\":\"https:\\\/\\\/blog.tmgrupoinmobiliario.com\\\/pl\\\/2021\\\/08\\\/04\\\/dekoracja-tarasow\\\/\",\"url\":\"https:\\\/\\\/blog.tmgrupoinmobiliario.com\\\/pl\\\/2021\\\/08\\\/04\\\/dekoracja-tarasow\\\/\",\"name\":\"Dekoracja taras\u00f3w\",\"isPartOf\":{\"@id\":\"https:\\\/\\\/blog.tmgrupoinmobiliario.com\\\/pl\\\/#website\"},\"primaryImageOfPage\":{\"@id\":\"https:\\\/\\\/blog.tmgrupoinmobiliario.com\\\/pl\\\/2021\\\/08\\\/04\\\/dekoracja-tarasow\\\/#primaryimage\"},\"image\":{\"@id\":\"https:\\\/\\\/blog.tmgrupoinmobiliario.com\\\/pl\\\/2021\\\/08\\\/04\\\/dekoracja-tarasow\\\/#primaryimage\"},\"thumbnailUrl\":\"https:\\\/\\\/blog.tmgrupoinmobiliario.com\\\/pl\\\/wp-content\\\/uploads\\\/sites\\\/7\\\/2022\\\/03\\\/1000x6661-2.jpg\",\"datePublished\":\"2021-08-04T15:29:56+00:00\",\"dateModified\":\"2022-03-11T15:33:47+00:00\",\"author\":{\"@id\":\"https:\\\/\\\/blog.tmgrupoinmobiliario.com\\\/pl\\\/#\\\/schema\\\/person\\\/4059e96ae5aca6723920ee59eef29527\"},\"breadcrumb\":{\"@id\":\"https:\\\/\\\/blog.tmgrupoinmobiliario.com\\\/pl\\\/2021\\\/08\\\/04\\\/dekoracja-tarasow\\\/#breadcrumb\"},\"inLanguage\":\"pl-PL\",\"potentialAction\":[{\"@type\":\"ReadAction\",\"target\":[\"https:\\\/\\\/blog.tmgrupoinmobiliario.com\\\/pl\\\/2021\\\/08\\\/04\\\/dekoracja-tarasow\\\/\"]}]},{\"@type\":\"ImageObject\",\"inLanguage\":\"pl-PL\",\"@id\":\"https:\\\/\\\/blog.tmgrupoinmobiliario.com\\\/pl\\\/2021\\\/08\\\/04\\\/dekoracja-tarasow\\\/#primaryimage\",\"url\":\"https:\\\/\\\/blog.tmgrupoinmobiliario.com\\\/pl\\\/wp-content\\\/uploads\\\/sites\\\/7\\\/2022\\\/03\\\/1000x6661-2.jpg\",\"contentUrl\":\"https:\\\/\\\/blog.tmgrupoinmobiliario.com\\\/pl\\\/wp-content\\\/uploads\\\/sites\\\/7\\\/2022\\\/03\\\/1000x6661-2.jpg\",\"width\":1000,\"height\":666},{\"@type\":\"BreadcrumbList\",\"@id\":\"https:\\\/\\\/blog.tmgrupoinmobiliario.com\\\/pl\\\/2021\\\/08\\\/04\\\/dekoracja-tarasow\\\/#breadcrumb\",\"itemListElement\":[{\"@type\":\"ListItem\",\"position\":1,\"name\":\"Home\",\"item\":\"https:\\\/\\\/blog.tmgrupoinmobiliario.com\\\/pl\\\/\"},{\"@type\":\"ListItem\",\"position\":2,\"name\":\"Dekoracja taras\u00f3w\"}]},{\"@type\":\"WebSite\",\"@id\":\"https:\\\/\\\/blog.tmgrupoinmobiliario.com\\\/pl\\\/#website\",\"url\":\"https:\\\/\\\/blog.tmgrupoinmobiliario.com\\\/pl\\\/\",\"name\":\"Polski\",\"description\":\"Just another Blog Desarrollo TM sitios site\",\"potentialAction\":[{\"@type\":\"SearchAction\",\"target\":{\"@type\":\"EntryPoint\",\"urlTemplate\":\"https:\\\/\\\/blog.tmgrupoinmobiliario.com\\\/pl\\\/?s={search_term_string}\"},\"query-input\":{\"@type\":\"PropertyValueSpecification\",\"valueRequired\":true,\"valueName\":\"search_term_string\"}}],\"inLanguage\":\"pl-PL\"},{\"@type\":\"Person\",\"@id\":\"https:\\\/\\\/blog.tmgrupoinmobiliario.com\\\/pl\\\/#\\\/schema\\\/person\\\/4059e96ae5aca6723920ee59eef29527\",\"name\":\"alberto\",\"image\":{\"@type\":\"ImageObject\",\"inLanguage\":\"pl-PL\",\"@id\":\"https:\\\/\\\/secure.gravatar.com\\\/avatar\\\/06c6cde3178430a549915eadb7c401c2bc823ad9e7a52cee2719f7299538c934?s=96&d=mm&r=g\",\"url\":\"https:\\\/\\\/secure.gravatar.com\\\/avatar\\\/06c6cde3178430a549915eadb7c401c2bc823ad9e7a52cee2719f7299538c934?s=96&d=mm&r=g\",\"contentUrl\":\"https:\\\/\\\/secure.gravatar.com\\\/avatar\\\/06c6cde3178430a549915eadb7c401c2bc823ad9e7a52cee2719f7299538c934?s=96&d=mm&r=g\",\"caption\":\"alberto\"},\"url\":\"https:\\\/\\\/blog.tmgrupoinmobiliario.com\\\/pl\\\/author\\\/alberto\\\/\"}]}<\/script>\n<!-- \/ Yoast SEO Premium plugin. -->","yoast_head_json":{"title":"Dekoracja taras\u00f3w","robots":{"index":"index","follow":"follow","max-snippet":"max-snippet:-1","max-image-preview":"max-image-preview:large","max-video-preview":"max-video-preview:-1"},"canonical":"https:\/\/blog.tmgrupoinmobiliario.com\/pl\/2021\/08\/04\/dekoracja-tarasow\/","og_locale":"pl_PL","og_type":"article","og_title":"Dekoracja taras\u00f3w","og_description":"&nbsp; Teraz, w porze letniej, autentycznymi bohaterami dom\u00f3w i apartament\u00f3w s\u0105 tarasy. Du\u017ce, ma\u0142e, zwr\u00f3cone w stron\u0119 s\u0142o\u0144ca, usytuowane w zacienionym miejscu&#8230; Niezale\u017cnie od tego, jaki jest Tw\u00f3j taras, oferuje niesko\u0144czone mo\u017cliwo\u015bci. Chcesz wiedzie\u0107, jak optymalnie go wykorzysta\u0107? Przede wszystkim musisz jasno okre\u015bli\u0107 przeznaczenie, jakie chcesz mu nada\u0107: czy chcesz, aby by\u0142a to jadalnia, czy [&hellip;]","og_url":"https:\/\/blog.tmgrupoinmobiliario.com\/pl\/2021\/08\/04\/dekoracja-tarasow\/","og_site_name":"Polski","article_published_time":"2021-08-04T15:29:56+00:00","article_modified_time":"2022-03-11T15:33:47+00:00","og_image":[{"width":1000,"height":666,"url":"https:\/\/blog.tmgrupoinmobiliario.com\/pl\/wp-content\/uploads\/sites\/7\/2022\/03\/1000x6661-2.jpg","type":"image\/jpeg"}],"author":"alberto","twitter_card":"summary_large_image","twitter_misc":{"Napisane przez":"alberto","Szacowany czas czytania":"3 minuty"},"schema":{"@context":"https:\/\/schema.org","@graph":[{"@type":"Article","@id":"https:\/\/blog.tmgrupoinmobiliario.com\/pl\/2021\/08\/04\/dekoracja-tarasow\/#article","isPartOf":{"@id":"https:\/\/blog.tmgrupoinmobiliario.com\/pl\/2021\/08\/04\/dekoracja-tarasow\/"},"author":{"name":"alberto","@id":"https:\/\/blog.tmgrupoinmobiliario.com\/pl\/#\/schema\/person\/4059e96ae5aca6723920ee59eef29527"},"headline":"Dekoracja taras\u00f3w","datePublished":"2021-08-04T15:29:56+00:00","dateModified":"2022-03-11T15:33:47+00:00","mainEntityOfPage":{"@id":"https:\/\/blog.tmgrupoinmobiliario.com\/pl\/2021\/08\/04\/dekoracja-tarasow\/"},"wordCount":490,"commentCount":0,"image":{"@id":"https:\/\/blog.tmgrupoinmobiliario.com\/pl\/2021\/08\/04\/dekoracja-tarasow\/#primaryimage"},"thumbnailUrl":"https:\/\/blog.tmgrupoinmobiliario.com\/pl\/wp-content\/uploads\/sites\/7\/2022\/03\/1000x6661-2.jpg","keywords":["tag-promotions","tag-promotions-costa-almeria","tag-promotions-costa-blanca-sur","tag-promotions-costa-del-sol","tag-promotions-mallorca"],"articleSection":["LifeStyle"],"inLanguage":"pl-PL","potentialAction":[{"@type":"CommentAction","name":"Comment","target":["https:\/\/blog.tmgrupoinmobiliario.com\/pl\/2021\/08\/04\/dekoracja-tarasow\/#respond"]}]},{"@type":"WebPage","@id":"https:\/\/blog.tmgrupoinmobiliario.com\/pl\/2021\/08\/04\/dekoracja-tarasow\/","url":"https:\/\/blog.tmgrupoinmobiliario.com\/pl\/2021\/08\/04\/dekoracja-tarasow\/","name":"Dekoracja taras\u00f3w","isPartOf":{"@id":"https:\/\/blog.tmgrupoinmobiliario.com\/pl\/#website"},"primaryImageOfPage":{"@id":"https:\/\/blog.tmgrupoinmobiliario.com\/pl\/2021\/08\/04\/dekoracja-tarasow\/#primaryimage"},"image":{"@id":"https:\/\/blog.tmgrupoinmobiliario.com\/pl\/2021\/08\/04\/dekoracja-tarasow\/#primaryimage"},"thumbnailUrl":"https:\/\/blog.tmgrupoinmobiliario.com\/pl\/wp-content\/uploads\/sites\/7\/2022\/03\/1000x6661-2.jpg","datePublished":"2021-08-04T15:29:56+00:00","dateModified":"2022-03-11T15:33:47+00:00","author":{"@id":"https:\/\/blog.tmgrupoinmobiliario.com\/pl\/#\/schema\/person\/4059e96ae5aca6723920ee59eef29527"},"breadcrumb":{"@id":"https:\/\/blog.tmgrupoinmobiliario.com\/pl\/2021\/08\/04\/dekoracja-tarasow\/#breadcrumb"},"inLanguage":"pl-PL","potentialAction":[{"@type":"ReadAction","target":["https:\/\/blog.tmgrupoinmobiliario.com\/pl\/2021\/08\/04\/dekoracja-tarasow\/"]}]},{"@type":"ImageObject","inLanguage":"pl-PL","@id":"https:\/\/blog.tmgrupoinmobiliario.com\/pl\/2021\/08\/04\/dekoracja-tarasow\/#primaryimage","url":"https:\/\/blog.tmgrupoinmobiliario.com\/pl\/wp-content\/uploads\/sites\/7\/2022\/03\/1000x6661-2.jpg","contentUrl":"https:\/\/blog.tmgrupoinmobiliario.com\/pl\/wp-content\/uploads\/sites\/7\/2022\/03\/1000x6661-2.jpg","width":1000,"height":666},{"@type":"BreadcrumbList","@id":"https:\/\/blog.tmgrupoinmobiliario.com\/pl\/2021\/08\/04\/dekoracja-tarasow\/#breadcrumb","itemListElement":[{"@type":"ListItem","position":1,"name":"Home","item":"https:\/\/blog.tmgrupoinmobiliario.com\/pl\/"},{"@type":"ListItem","position":2,"name":"Dekoracja taras\u00f3w"}]},{"@type":"WebSite","@id":"https:\/\/blog.tmgrupoinmobiliario.com\/pl\/#website","url":"https:\/\/blog.tmgrupoinmobiliario.com\/pl\/","name":"Polski","description":"Just another Blog Desarrollo TM sitios site","potentialAction":[{"@type":"SearchAction","target":{"@type":"EntryPoint","urlTemplate":"https:\/\/blog.tmgrupoinmobiliario.com\/pl\/?s={search_term_string}"},"query-input":{"@type":"PropertyValueSpecification","valueRequired":true,"valueName":"search_term_string"}}],"inLanguage":"pl-PL"},{"@type":"Person","@id":"https:\/\/blog.tmgrupoinmobiliario.com\/pl\/#\/schema\/person\/4059e96ae5aca6723920ee59eef29527","name":"alberto","image":{"@type":"ImageObject","inLanguage":"pl-PL","@id":"https:\/\/secure.gravatar.com\/avatar\/06c6cde3178430a549915eadb7c401c2bc823ad9e7a52cee2719f7299538c934?s=96&d=mm&r=g","url":"https:\/\/secure.gravatar.com\/avatar\/06c6cde3178430a549915eadb7c401c2bc823ad9e7a52cee2719f7299538c934?s=96&d=mm&r=g","contentUrl":"https:\/\/secure.gravatar.com\/avatar\/06c6cde3178430a549915eadb7c401c2bc823ad9e7a52cee2719f7299538c934?s=96&d=mm&r=g","caption":"alberto"},"url":"https:\/\/blog.tmgrupoinmobiliario.com\/pl\/author\/alberto\/"}]}},"jetpack_featured_media_url":"https:\/\/blog.tmgrupoinmobiliario.com\/pl\/wp-content\/uploads\/sites\/7\/2022\/03\/1000x6661-2.jpg","jetpack_sharing_enabled":true,"_links":{"self":[{"href":"https:\/\/blog.tmgrupoinmobiliario.com\/pl\/wp-json\/wp\/v2\/posts\/16174","targetHints":{"allow":["GET"]}}],"collection":[{"href":"https:\/\/blog.tmgrupoinmobiliario.com\/pl\/wp-json\/wp\/v2\/posts"}],"about":[{"href":"https:\/\/blog.tmgrupoinmobiliario.com\/pl\/wp-json\/wp\/v2\/types\/post"}],"author":[{"embeddable":true,"href":"https:\/\/blog.tmgrupoinmobiliario.com\/pl\/wp-json\/wp\/v2\/users\/11710"}],"replies":[{"embeddable":true,"href":"https:\/\/blog.tmgrupoinmobiliario.com\/pl\/wp-json\/wp\/v2\/comments?post=16174"}],"version-history":[{"count":1,"href":"https:\/\/blog.tmgrupoinmobiliario.com\/pl\/wp-json\/wp\/v2\/posts\/16174\/revisions"}],"predecessor-version":[{"id":16178,"href":"https:\/\/blog.tmgrupoinmobiliario.com\/pl\/wp-json\/wp\/v2\/posts\/16174\/revisions\/16178"}],"wp:featuredmedia":[{"embeddable":true,"href":"https:\/\/blog.tmgrupoinmobiliario.com\/pl\/wp-json\/wp\/v2\/media\/16175"}],"wp:attachment":[{"href":"https:\/\/blog.tmgrupoinmobiliario.com\/pl\/wp-json\/wp\/v2\/media?parent=16174"}],"wp:term":[{"taxonomy":"category","embeddable":true,"href":"https:\/\/blog.tmgrupoinmobiliario.com\/pl\/wp-json\/wp\/v2\/categories?post=16174"},{"taxonomy":"post_tag","embeddable":true,"href":"https:\/\/blog.tmgrupoinmobiliario.com\/pl\/wp-json\/wp\/v2\/tags?post=16174"}],"curies":[{"name":"wp","href":"https:\/\/api.w.org\/{rel}","templated":true}]}}