{"id":15993,"date":"2021-05-03T14:33:58","date_gmt":"2021-05-03T14:33:58","guid":{"rendered":"https:\/\/blog.tmgrupoinmobiliario.com\/pl\/?p=15993"},"modified":"2022-03-04T15:03:10","modified_gmt":"2022-03-04T15:03:10","slug":"ucieknij-do-slonca-ucieknij-nad-morze","status":"publish","type":"post","link":"https:\/\/blog.tmgrupoinmobiliario.com\/pl\/2021\/05\/03\/ucieknij-do-slonca-ucieknij-nad-morze\/","title":{"rendered":"Ucieknij do s\u0142o\u0144ca, ucieknij nad morze"},"content":{"rendered":"<p>&nbsp;<\/p>\n<p>Nadszed\u0142 czas, aby zacz\u0105\u0107 korzysta\u0107. Zacznij marzy\u0107 o wakacjach dzi\u0119ki Mar Holidays.<\/p>\n<p>&nbsp;<\/p>\n<p>Je\u015bli szukasz mo\u017cliwo\u015bci sp\u0119dzenia wakacji nad Morzem \u015ar\u00f3dziemnym, nie ma lepszego wyboru ni\u017c sp\u0119dzenie lata w kompleksach rezydencyjnych TM Grupo Inmobiliario, gdzie pierwsze skrzypce graj\u0105 odpoczynek, relaks i zabawa zar\u00f3wno dla doros\u0142ych, jak i dla dzieci.<\/p>\n<p>&nbsp;<\/p>\n<p><span style=\"color: #ff0000\">URLOP WYSOKIEJ JAKO\u015aCI W NAJLEPSZYCH LOKALIZACJACH<\/span><\/p>\n<p><a href=\"https:\/\/marholidays.es\/\">Mar Holidays<\/a> oferuje wysokiej jako\u015bci us\u0142ugi wakacyjne w najlepszych miejscach na hiszpa\u0144skim wybrze\u017cu Morza \u015ar\u00f3dziemnego. Od 2014 roku tysi\u0105ce klient\u00f3w z roku na rok darz\u0105 zaufaniem nasz wyr\u00f3\u017cniaj\u0105cy si\u0119 spo\u015br\u00f3d konkurencji model sp\u0119dzania wakacji. Nasza oferta obejmuje produkty o lokalizacji od wybrze\u017ca Costa Blanca po Costa del Sol.<\/p>\n<p>&nbsp;<\/p>\n<p><span style=\"color: #ff0000\">LATO ZBLI\u017bA SI\u0118 WIELKIMI KROKAMI<\/span><\/p>\n<p>Jest to idealny czas na zaplanowanie kolejnych wakacji na pla\u017cy.\u00a0Odkryj nowy katalog Mar Holidays i wybierz swoje ulubione miejsce docelowe.<\/p>\n<p>&nbsp;<\/p>\n<p><span style=\"color: #ff0000\">SKORZYSTAJ Z NASZYCH UDOGODNIE\u0143<\/span><\/p>\n<p>Skorzystaj z 10% rabatu, rezerwuj\u0105c sw\u00f3j pobyt przez Internet, w przypadku rezerwacji w okresie mi\u0119dzy 21 a 27 czerwca, przy pobycie uwzgl\u0119dniaj\u0105cym minimum 2 noclegi.<\/p>\n<p>W przypadku pobyt\u00f3w z minimum 2 noclegami w okresie mi\u0119dzy 18 wrze\u015bnia a 3 pa\u017adziernika mo\u017cesz skorzysta\u0107 z opcji wcze\u015bniejszego zameldowania i p\u00f3\u017aniejszego wymeldowania, aby m\u00f3c uczestniczy\u0107 w ostatnich festiwalach w roku.<\/p>\n<p>&nbsp;<\/p>\n<p>Pobierz katalog<\/p>\n<p>&nbsp;<\/p>\n<p><strong>Chcesz uzyska\u0107 wi\u0119cej informacji o naszych kwaterach wakacyjnych?<\/strong><\/p>\n<p>&nbsp;<\/p>\n<p>&nbsp;<\/p>\n","protected":false},"excerpt":{"rendered":"<p>&nbsp; Nadszed\u0142 czas, aby zacz\u0105\u0107 korzysta\u0107. Zacznij marzy\u0107 o wakacjach dzi\u0119ki Mar Holidays. &nbsp; Je\u015bli szukasz mo\u017cliwo\u015bci sp\u0119dzenia wakacji nad Morzem \u015ar\u00f3dziemnym, nie ma lepszego wyboru ni\u017c sp\u0119dzenie lata w kompleksach rezydencyjnych TM Grupo Inmobiliario, gdzie pierwsze skrzypce graj\u0105 odpoczynek, relaks i zabawa zar\u00f3wno dla doros\u0142ych, jak i dla dzieci. &nbsp; URLOP WYSOKIEJ JAKO\u015aCI W [&hellip;]<\/p>\n","protected":false},"author":11710,"featured_media":15996,"comment_status":"open","ping_status":"open","sticky":false,"template":"","format":"standard","meta":{"_jetpack_memberships_contains_paid_content":false,"footnotes":""},"categories":[473],"tags":[395,396,397,398,399,400],"class_list":["post-15993","post","type-post","status-publish","format-standard","has-post-thumbnail","hentry","category-twoje-wakacje","tag-tag-promotions-en","tag-tag-promotions-costa-almeria-en-2","tag-tag-promotions-costa-blanca-norte-en","tag-tag-promotions-costa-blanca-sur-en-2","tag-tag-promotions-costa-del-sol-en-2","tag-tag-promotions-mallorca-en","formato-blog"],"better_featured_image":{"id":15996,"alt_text":"","caption":"","description":"","media_type":"image","media_details":{"width":1000,"height":666,"file":"2022\/03\/escapate-al-sol1.jpg","sizes":{"medium":{"file":"escapate-al-sol1-300x200.jpg","width":300,"height":200,"mime-type":"image\/jpeg","source_url":"https:\/\/blog.tmgrupoinmobiliario.com\/pl\/wp-content\/uploads\/sites\/7\/2022\/03\/escapate-al-sol1-300x200.jpg"},"thumbnail":{"file":"escapate-al-sol1-150x150.jpg","width":150,"height":150,"mime-type":"image\/jpeg","source_url":"https:\/\/blog.tmgrupoinmobiliario.com\/pl\/wp-content\/uploads\/sites\/7\/2022\/03\/escapate-al-sol1-150x150.jpg"},"medium_large":{"file":"escapate-al-sol1-768x511.jpg","width":768,"height":511,"mime-type":"image\/jpeg","source_url":"https:\/\/blog.tmgrupoinmobiliario.com\/pl\/wp-content\/uploads\/sites\/7\/2022\/03\/escapate-al-sol1-768x511.jpg"}},"image_meta":{"aperture":"0","credit":"","camera":"","caption":"","created_timestamp":"0","copyright":"","focal_length":"0","iso":"0","shutter_speed":"0","title":"","orientation":"0","keywords":[]}},"post":15993,"source_url":"https:\/\/blog.tmgrupoinmobiliario.com\/pl\/wp-content\/uploads\/sites\/7\/2022\/03\/escapate-al-sol1.jpg"},"acf":{"imagen_destacada_desktop":false,"imagen_destacada_mobile":false,"formato":{"term_id":471,"name":"Blog","slug":"blog","term_group":0,"term_taxonomy_id":471,"taxonomy":"formato","description":"","parent":0,"count":139,"filter":"raw"},"entradilla":"","etiquetas":"","cabecera_escritorio":"https:\/\/blog.tmgrupoinmobiliario.com\/pl\/wp-content\/uploads\/sites\/7\/2022\/03\/1200x300_escapataealsol_sinnada1.jpg","cabecera_mobile":"https:\/\/blog.tmgrupoinmobiliario.com\/pl\/wp-content\/uploads\/sites\/7\/2022\/03\/768x768EN1.jpg","galeria":false},"yoast_head":"<!-- This site is optimized with the Yoast SEO Premium plugin v23.6 (Yoast SEO v27.5) - https:\/\/yoast.com\/product\/yoast-seo-premium-wordpress\/ -->\n<title>Ucieknij do s\u0142o\u0144ca, ucieknij nad morze<\/title>\n<meta name=\"robots\" content=\"index, follow, max-snippet:-1, max-image-preview:large, max-video-preview:-1\" \/>\n<link rel=\"canonical\" href=\"https:\/\/blog.tmgrupoinmobiliario.com\/pl\/2021\/05\/03\/ucieknij-do-slonca-ucieknij-nad-morze\/\" \/>\n<meta property=\"og:locale\" content=\"pl_PL\" \/>\n<meta property=\"og:type\" content=\"article\" \/>\n<meta property=\"og:title\" content=\"Ucieknij do s\u0142o\u0144ca, ucieknij nad morze\" \/>\n<meta property=\"og:description\" content=\"&nbsp; Nadszed\u0142 czas, aby zacz\u0105\u0107 korzysta\u0107. Zacznij marzy\u0107 o wakacjach dzi\u0119ki Mar Holidays. &nbsp; Je\u015bli szukasz mo\u017cliwo\u015bci sp\u0119dzenia wakacji nad Morzem \u015ar\u00f3dziemnym, nie ma lepszego wyboru ni\u017c sp\u0119dzenie lata w kompleksach rezydencyjnych TM Grupo Inmobiliario, gdzie pierwsze skrzypce graj\u0105 odpoczynek, relaks i zabawa zar\u00f3wno dla doros\u0142ych, jak i dla dzieci. &nbsp; URLOP WYSOKIEJ JAKO\u015aCI W [&hellip;]\" \/>\n<meta property=\"og:url\" content=\"https:\/\/blog.tmgrupoinmobiliario.com\/pl\/2021\/05\/03\/ucieknij-do-slonca-ucieknij-nad-morze\/\" \/>\n<meta property=\"og:site_name\" content=\"Polski\" \/>\n<meta property=\"article:published_time\" content=\"2021-05-03T14:33:58+00:00\" \/>\n<meta property=\"article:modified_time\" content=\"2022-03-04T15:03:10+00:00\" \/>\n<meta property=\"og:image\" content=\"https:\/\/blog.tmgrupoinmobiliario.com\/pl\/wp-content\/uploads\/sites\/7\/2022\/03\/escapate-al-sol1.jpg\" \/>\n\t<meta property=\"og:image:width\" content=\"1000\" \/>\n\t<meta property=\"og:image:height\" content=\"666\" \/>\n\t<meta property=\"og:image:type\" content=\"image\/jpeg\" \/>\n<meta name=\"author\" content=\"alberto\" \/>\n<meta name=\"twitter:card\" content=\"summary_large_image\" \/>\n<meta name=\"twitter:label1\" content=\"Napisane przez\" \/>\n\t<meta name=\"twitter:data1\" content=\"alberto\" \/>\n\t<meta name=\"twitter:label2\" content=\"Szacowany czas czytania\" \/>\n\t<meta name=\"twitter:data2\" content=\"1 minuta\" \/>\n<script type=\"application\/ld+json\" class=\"yoast-schema-graph\">{\"@context\":\"https:\\\/\\\/schema.org\",\"@graph\":[{\"@type\":\"Article\",\"@id\":\"https:\\\/\\\/blog.tmgrupoinmobiliario.com\\\/pl\\\/2021\\\/05\\\/03\\\/ucieknij-do-slonca-ucieknij-nad-morze\\\/#article\",\"isPartOf\":{\"@id\":\"https:\\\/\\\/blog.tmgrupoinmobiliario.com\\\/pl\\\/2021\\\/05\\\/03\\\/ucieknij-do-slonca-ucieknij-nad-morze\\\/\"},\"author\":{\"name\":\"alberto\",\"@id\":\"https:\\\/\\\/blog.tmgrupoinmobiliario.com\\\/pl\\\/#\\\/schema\\\/person\\\/4059e96ae5aca6723920ee59eef29527\"},\"headline\":\"Ucieknij do s\u0142o\u0144ca, ucieknij nad morze\",\"datePublished\":\"2021-05-03T14:33:58+00:00\",\"dateModified\":\"2022-03-04T15:03:10+00:00\",\"mainEntityOfPage\":{\"@id\":\"https:\\\/\\\/blog.tmgrupoinmobiliario.com\\\/pl\\\/2021\\\/05\\\/03\\\/ucieknij-do-slonca-ucieknij-nad-morze\\\/\"},\"wordCount\":247,\"commentCount\":0,\"image\":{\"@id\":\"https:\\\/\\\/blog.tmgrupoinmobiliario.com\\\/pl\\\/2021\\\/05\\\/03\\\/ucieknij-do-slonca-ucieknij-nad-morze\\\/#primaryimage\"},\"thumbnailUrl\":\"https:\\\/\\\/blog.tmgrupoinmobiliario.com\\\/pl\\\/wp-content\\\/uploads\\\/sites\\\/7\\\/2022\\\/03\\\/escapate-al-sol1.jpg\",\"keywords\":[\"tag-promotions\",\"tag-promotions-costa-almeria\",\"tag-promotions-costa-blanca-norte\",\"tag-promotions-costa-blanca-sur\",\"tag-promotions-costa-del-sol\",\"tag-promotions-mallorca\"],\"articleSection\":[\"Twoje wakacje\"],\"inLanguage\":\"pl-PL\",\"potentialAction\":[{\"@type\":\"CommentAction\",\"name\":\"Comment\",\"target\":[\"https:\\\/\\\/blog.tmgrupoinmobiliario.com\\\/pl\\\/2021\\\/05\\\/03\\\/ucieknij-do-slonca-ucieknij-nad-morze\\\/#respond\"]}]},{\"@type\":\"WebPage\",\"@id\":\"https:\\\/\\\/blog.tmgrupoinmobiliario.com\\\/pl\\\/2021\\\/05\\\/03\\\/ucieknij-do-slonca-ucieknij-nad-morze\\\/\",\"url\":\"https:\\\/\\\/blog.tmgrupoinmobiliario.com\\\/pl\\\/2021\\\/05\\\/03\\\/ucieknij-do-slonca-ucieknij-nad-morze\\\/\",\"name\":\"Ucieknij do s\u0142o\u0144ca, ucieknij nad morze\",\"isPartOf\":{\"@id\":\"https:\\\/\\\/blog.tmgrupoinmobiliario.com\\\/pl\\\/#website\"},\"primaryImageOfPage\":{\"@id\":\"https:\\\/\\\/blog.tmgrupoinmobiliario.com\\\/pl\\\/2021\\\/05\\\/03\\\/ucieknij-do-slonca-ucieknij-nad-morze\\\/#primaryimage\"},\"image\":{\"@id\":\"https:\\\/\\\/blog.tmgrupoinmobiliario.com\\\/pl\\\/2021\\\/05\\\/03\\\/ucieknij-do-slonca-ucieknij-nad-morze\\\/#primaryimage\"},\"thumbnailUrl\":\"https:\\\/\\\/blog.tmgrupoinmobiliario.com\\\/pl\\\/wp-content\\\/uploads\\\/sites\\\/7\\\/2022\\\/03\\\/escapate-al-sol1.jpg\",\"datePublished\":\"2021-05-03T14:33:58+00:00\",\"dateModified\":\"2022-03-04T15:03:10+00:00\",\"author\":{\"@id\":\"https:\\\/\\\/blog.tmgrupoinmobiliario.com\\\/pl\\\/#\\\/schema\\\/person\\\/4059e96ae5aca6723920ee59eef29527\"},\"breadcrumb\":{\"@id\":\"https:\\\/\\\/blog.tmgrupoinmobiliario.com\\\/pl\\\/2021\\\/05\\\/03\\\/ucieknij-do-slonca-ucieknij-nad-morze\\\/#breadcrumb\"},\"inLanguage\":\"pl-PL\",\"potentialAction\":[{\"@type\":\"ReadAction\",\"target\":[\"https:\\\/\\\/blog.tmgrupoinmobiliario.com\\\/pl\\\/2021\\\/05\\\/03\\\/ucieknij-do-slonca-ucieknij-nad-morze\\\/\"]}]},{\"@type\":\"ImageObject\",\"inLanguage\":\"pl-PL\",\"@id\":\"https:\\\/\\\/blog.tmgrupoinmobiliario.com\\\/pl\\\/2021\\\/05\\\/03\\\/ucieknij-do-slonca-ucieknij-nad-morze\\\/#primaryimage\",\"url\":\"https:\\\/\\\/blog.tmgrupoinmobiliario.com\\\/pl\\\/wp-content\\\/uploads\\\/sites\\\/7\\\/2022\\\/03\\\/escapate-al-sol1.jpg\",\"contentUrl\":\"https:\\\/\\\/blog.tmgrupoinmobiliario.com\\\/pl\\\/wp-content\\\/uploads\\\/sites\\\/7\\\/2022\\\/03\\\/escapate-al-sol1.jpg\",\"width\":1000,\"height\":666},{\"@type\":\"BreadcrumbList\",\"@id\":\"https:\\\/\\\/blog.tmgrupoinmobiliario.com\\\/pl\\\/2021\\\/05\\\/03\\\/ucieknij-do-slonca-ucieknij-nad-morze\\\/#breadcrumb\",\"itemListElement\":[{\"@type\":\"ListItem\",\"position\":1,\"name\":\"Home\",\"item\":\"https:\\\/\\\/blog.tmgrupoinmobiliario.com\\\/pl\\\/\"},{\"@type\":\"ListItem\",\"position\":2,\"name\":\"Ucieknij do s\u0142o\u0144ca, ucieknij nad morze\"}]},{\"@type\":\"WebSite\",\"@id\":\"https:\\\/\\\/blog.tmgrupoinmobiliario.com\\\/pl\\\/#website\",\"url\":\"https:\\\/\\\/blog.tmgrupoinmobiliario.com\\\/pl\\\/\",\"name\":\"Polski\",\"description\":\"Just another Blog Desarrollo TM sitios site\",\"potentialAction\":[{\"@type\":\"SearchAction\",\"target\":{\"@type\":\"EntryPoint\",\"urlTemplate\":\"https:\\\/\\\/blog.tmgrupoinmobiliario.com\\\/pl\\\/?s={search_term_string}\"},\"query-input\":{\"@type\":\"PropertyValueSpecification\",\"valueRequired\":true,\"valueName\":\"search_term_string\"}}],\"inLanguage\":\"pl-PL\"},{\"@type\":\"Person\",\"@id\":\"https:\\\/\\\/blog.tmgrupoinmobiliario.com\\\/pl\\\/#\\\/schema\\\/person\\\/4059e96ae5aca6723920ee59eef29527\",\"name\":\"alberto\",\"image\":{\"@type\":\"ImageObject\",\"inLanguage\":\"pl-PL\",\"@id\":\"https:\\\/\\\/secure.gravatar.com\\\/avatar\\\/06c6cde3178430a549915eadb7c401c2bc823ad9e7a52cee2719f7299538c934?s=96&d=mm&r=g\",\"url\":\"https:\\\/\\\/secure.gravatar.com\\\/avatar\\\/06c6cde3178430a549915eadb7c401c2bc823ad9e7a52cee2719f7299538c934?s=96&d=mm&r=g\",\"contentUrl\":\"https:\\\/\\\/secure.gravatar.com\\\/avatar\\\/06c6cde3178430a549915eadb7c401c2bc823ad9e7a52cee2719f7299538c934?s=96&d=mm&r=g\",\"caption\":\"alberto\"},\"url\":\"https:\\\/\\\/blog.tmgrupoinmobiliario.com\\\/pl\\\/author\\\/alberto\\\/\"}]}<\/script>\n<!-- \/ Yoast SEO Premium plugin. -->","yoast_head_json":{"title":"Ucieknij do s\u0142o\u0144ca, ucieknij nad morze","robots":{"index":"index","follow":"follow","max-snippet":"max-snippet:-1","max-image-preview":"max-image-preview:large","max-video-preview":"max-video-preview:-1"},"canonical":"https:\/\/blog.tmgrupoinmobiliario.com\/pl\/2021\/05\/03\/ucieknij-do-slonca-ucieknij-nad-morze\/","og_locale":"pl_PL","og_type":"article","og_title":"Ucieknij do s\u0142o\u0144ca, ucieknij nad morze","og_description":"&nbsp; Nadszed\u0142 czas, aby zacz\u0105\u0107 korzysta\u0107. Zacznij marzy\u0107 o wakacjach dzi\u0119ki Mar Holidays. &nbsp; Je\u015bli szukasz mo\u017cliwo\u015bci sp\u0119dzenia wakacji nad Morzem \u015ar\u00f3dziemnym, nie ma lepszego wyboru ni\u017c sp\u0119dzenie lata w kompleksach rezydencyjnych TM Grupo Inmobiliario, gdzie pierwsze skrzypce graj\u0105 odpoczynek, relaks i zabawa zar\u00f3wno dla doros\u0142ych, jak i dla dzieci. &nbsp; URLOP WYSOKIEJ JAKO\u015aCI W [&hellip;]","og_url":"https:\/\/blog.tmgrupoinmobiliario.com\/pl\/2021\/05\/03\/ucieknij-do-slonca-ucieknij-nad-morze\/","og_site_name":"Polski","article_published_time":"2021-05-03T14:33:58+00:00","article_modified_time":"2022-03-04T15:03:10+00:00","og_image":[{"width":1000,"height":666,"url":"https:\/\/blog.tmgrupoinmobiliario.com\/pl\/wp-content\/uploads\/sites\/7\/2022\/03\/escapate-al-sol1.jpg","type":"image\/jpeg"}],"author":"alberto","twitter_card":"summary_large_image","twitter_misc":{"Napisane przez":"alberto","Szacowany czas czytania":"1 minuta"},"schema":{"@context":"https:\/\/schema.org","@graph":[{"@type":"Article","@id":"https:\/\/blog.tmgrupoinmobiliario.com\/pl\/2021\/05\/03\/ucieknij-do-slonca-ucieknij-nad-morze\/#article","isPartOf":{"@id":"https:\/\/blog.tmgrupoinmobiliario.com\/pl\/2021\/05\/03\/ucieknij-do-slonca-ucieknij-nad-morze\/"},"author":{"name":"alberto","@id":"https:\/\/blog.tmgrupoinmobiliario.com\/pl\/#\/schema\/person\/4059e96ae5aca6723920ee59eef29527"},"headline":"Ucieknij do s\u0142o\u0144ca, ucieknij nad morze","datePublished":"2021-05-03T14:33:58+00:00","dateModified":"2022-03-04T15:03:10+00:00","mainEntityOfPage":{"@id":"https:\/\/blog.tmgrupoinmobiliario.com\/pl\/2021\/05\/03\/ucieknij-do-slonca-ucieknij-nad-morze\/"},"wordCount":247,"commentCount":0,"image":{"@id":"https:\/\/blog.tmgrupoinmobiliario.com\/pl\/2021\/05\/03\/ucieknij-do-slonca-ucieknij-nad-morze\/#primaryimage"},"thumbnailUrl":"https:\/\/blog.tmgrupoinmobiliario.com\/pl\/wp-content\/uploads\/sites\/7\/2022\/03\/escapate-al-sol1.jpg","keywords":["tag-promotions","tag-promotions-costa-almeria","tag-promotions-costa-blanca-norte","tag-promotions-costa-blanca-sur","tag-promotions-costa-del-sol","tag-promotions-mallorca"],"articleSection":["Twoje wakacje"],"inLanguage":"pl-PL","potentialAction":[{"@type":"CommentAction","name":"Comment","target":["https:\/\/blog.tmgrupoinmobiliario.com\/pl\/2021\/05\/03\/ucieknij-do-slonca-ucieknij-nad-morze\/#respond"]}]},{"@type":"WebPage","@id":"https:\/\/blog.tmgrupoinmobiliario.com\/pl\/2021\/05\/03\/ucieknij-do-slonca-ucieknij-nad-morze\/","url":"https:\/\/blog.tmgrupoinmobiliario.com\/pl\/2021\/05\/03\/ucieknij-do-slonca-ucieknij-nad-morze\/","name":"Ucieknij do s\u0142o\u0144ca, ucieknij nad morze","isPartOf":{"@id":"https:\/\/blog.tmgrupoinmobiliario.com\/pl\/#website"},"primaryImageOfPage":{"@id":"https:\/\/blog.tmgrupoinmobiliario.com\/pl\/2021\/05\/03\/ucieknij-do-slonca-ucieknij-nad-morze\/#primaryimage"},"image":{"@id":"https:\/\/blog.tmgrupoinmobiliario.com\/pl\/2021\/05\/03\/ucieknij-do-slonca-ucieknij-nad-morze\/#primaryimage"},"thumbnailUrl":"https:\/\/blog.tmgrupoinmobiliario.com\/pl\/wp-content\/uploads\/sites\/7\/2022\/03\/escapate-al-sol1.jpg","datePublished":"2021-05-03T14:33:58+00:00","dateModified":"2022-03-04T15:03:10+00:00","author":{"@id":"https:\/\/blog.tmgrupoinmobiliario.com\/pl\/#\/schema\/person\/4059e96ae5aca6723920ee59eef29527"},"breadcrumb":{"@id":"https:\/\/blog.tmgrupoinmobiliario.com\/pl\/2021\/05\/03\/ucieknij-do-slonca-ucieknij-nad-morze\/#breadcrumb"},"inLanguage":"pl-PL","potentialAction":[{"@type":"ReadAction","target":["https:\/\/blog.tmgrupoinmobiliario.com\/pl\/2021\/05\/03\/ucieknij-do-slonca-ucieknij-nad-morze\/"]}]},{"@type":"ImageObject","inLanguage":"pl-PL","@id":"https:\/\/blog.tmgrupoinmobiliario.com\/pl\/2021\/05\/03\/ucieknij-do-slonca-ucieknij-nad-morze\/#primaryimage","url":"https:\/\/blog.tmgrupoinmobiliario.com\/pl\/wp-content\/uploads\/sites\/7\/2022\/03\/escapate-al-sol1.jpg","contentUrl":"https:\/\/blog.tmgrupoinmobiliario.com\/pl\/wp-content\/uploads\/sites\/7\/2022\/03\/escapate-al-sol1.jpg","width":1000,"height":666},{"@type":"BreadcrumbList","@id":"https:\/\/blog.tmgrupoinmobiliario.com\/pl\/2021\/05\/03\/ucieknij-do-slonca-ucieknij-nad-morze\/#breadcrumb","itemListElement":[{"@type":"ListItem","position":1,"name":"Home","item":"https:\/\/blog.tmgrupoinmobiliario.com\/pl\/"},{"@type":"ListItem","position":2,"name":"Ucieknij do s\u0142o\u0144ca, ucieknij nad morze"}]},{"@type":"WebSite","@id":"https:\/\/blog.tmgrupoinmobiliario.com\/pl\/#website","url":"https:\/\/blog.tmgrupoinmobiliario.com\/pl\/","name":"Polski","description":"Just another Blog Desarrollo TM sitios site","potentialAction":[{"@type":"SearchAction","target":{"@type":"EntryPoint","urlTemplate":"https:\/\/blog.tmgrupoinmobiliario.com\/pl\/?s={search_term_string}"},"query-input":{"@type":"PropertyValueSpecification","valueRequired":true,"valueName":"search_term_string"}}],"inLanguage":"pl-PL"},{"@type":"Person","@id":"https:\/\/blog.tmgrupoinmobiliario.com\/pl\/#\/schema\/person\/4059e96ae5aca6723920ee59eef29527","name":"alberto","image":{"@type":"ImageObject","inLanguage":"pl-PL","@id":"https:\/\/secure.gravatar.com\/avatar\/06c6cde3178430a549915eadb7c401c2bc823ad9e7a52cee2719f7299538c934?s=96&d=mm&r=g","url":"https:\/\/secure.gravatar.com\/avatar\/06c6cde3178430a549915eadb7c401c2bc823ad9e7a52cee2719f7299538c934?s=96&d=mm&r=g","contentUrl":"https:\/\/secure.gravatar.com\/avatar\/06c6cde3178430a549915eadb7c401c2bc823ad9e7a52cee2719f7299538c934?s=96&d=mm&r=g","caption":"alberto"},"url":"https:\/\/blog.tmgrupoinmobiliario.com\/pl\/author\/alberto\/"}]}},"jetpack_featured_media_url":"https:\/\/blog.tmgrupoinmobiliario.com\/pl\/wp-content\/uploads\/sites\/7\/2022\/03\/escapate-al-sol1.jpg","jetpack_sharing_enabled":true,"_links":{"self":[{"href":"https:\/\/blog.tmgrupoinmobiliario.com\/pl\/wp-json\/wp\/v2\/posts\/15993","targetHints":{"allow":["GET"]}}],"collection":[{"href":"https:\/\/blog.tmgrupoinmobiliario.com\/pl\/wp-json\/wp\/v2\/posts"}],"about":[{"href":"https:\/\/blog.tmgrupoinmobiliario.com\/pl\/wp-json\/wp\/v2\/types\/post"}],"author":[{"embeddable":true,"href":"https:\/\/blog.tmgrupoinmobiliario.com\/pl\/wp-json\/wp\/v2\/users\/11710"}],"replies":[{"embeddable":true,"href":"https:\/\/blog.tmgrupoinmobiliario.com\/pl\/wp-json\/wp\/v2\/comments?post=15993"}],"version-history":[{"count":1,"href":"https:\/\/blog.tmgrupoinmobiliario.com\/pl\/wp-json\/wp\/v2\/posts\/15993\/revisions"}],"predecessor-version":[{"id":15997,"href":"https:\/\/blog.tmgrupoinmobiliario.com\/pl\/wp-json\/wp\/v2\/posts\/15993\/revisions\/15997"}],"wp:featuredmedia":[{"embeddable":true,"href":"https:\/\/blog.tmgrupoinmobiliario.com\/pl\/wp-json\/wp\/v2\/media\/15996"}],"wp:attachment":[{"href":"https:\/\/blog.tmgrupoinmobiliario.com\/pl\/wp-json\/wp\/v2\/media?parent=15993"}],"wp:term":[{"taxonomy":"category","embeddable":true,"href":"https:\/\/blog.tmgrupoinmobiliario.com\/pl\/wp-json\/wp\/v2\/categories?post=15993"},{"taxonomy":"post_tag","embeddable":true,"href":"https:\/\/blog.tmgrupoinmobiliario.com\/pl\/wp-json\/wp\/v2\/tags?post=15993"}],"curies":[{"name":"wp","href":"https:\/\/api.w.org\/{rel}","templated":true}]}}