{"id":20497,"date":"2026-03-11T13:29:04","date_gmt":"2026-03-11T12:29:04","guid":{"rendered":"https:\/\/blog.tmgrupoinmobiliario.com\/fr\/?p=20497"},"modified":"2026-03-11T13:29:04","modified_gmt":"2026-03-11T12:29:04","slug":"tm-real-estate-group-investit-70-millions-deuros-dans-son-nouveau-projet-residentiel-a-canet-den-berenguer","status":"publish","type":"post","link":"https:\/\/blog.tmgrupoinmobiliario.com\/fr\/2026\/03\/11\/tm-real-estate-group-investit-70-millions-deuros-dans-son-nouveau-projet-residentiel-a-canet-den-berenguer\/","title":{"rendered":"TM Real Estate Group investit 70 millions d\u2019euros dans son nouveau projet r\u00e9sidentiel \u00e0 Canet d\u2019en Berenguer."},"content":{"rendered":"<p data-start=\"0\" data-end=\"401\"><a href=\"https:\/\/www.tmgrupoinmobiliario.com\/fr\">TM Real Estate Group<\/a>, entreprise alicantine de r\u00e9f\u00e9rence dans le secteur du tourisme r\u00e9sidentiel, h\u00f4telier et de vill\u00e9giature, sp\u00e9cialis\u00e9e dans la construction et la promotion de logements sur la c\u00f4te m\u00e9diterran\u00e9enne et dans les Cara\u00efbes, <strong>lance son nouveau projet r\u00e9sidentiel \u00ab Sunrise Canet by TM \u00bb, situ\u00e9 \u00e0 Canet d\u2019en Berenguer, \u00e0 25 minutes du centre de Valence et \u00e0 10 minutes de Parc Sagunt.<\/strong><\/p>\n<p data-start=\"403\" data-end=\"877\">Avec un investissement<strong> pr\u00e9vu de 70 millions d\u2019euros, le projet pr\u00e9voit le d\u00e9veloppement de deux tours r\u00e9sidentielles de 19 \u00e9tages chacune, pour un total de 252 logements,<\/strong> r\u00e9partis en deux phases. Il contribuera \u00e9galement \u00e0 dynamiser l\u2019\u00e9conomie locale gr\u00e2ce \u00e0 <strong>la cr\u00e9ation de milliers d\u2019emplois directs, indirects et induits au cours de son d\u00e9veloppement et de sa commercialisation. La phase 1, correspondant au Bloc 1, sera initialement mise sur le march\u00e9 avec 109 logements.<\/strong><\/p>\n<p data-start=\"403\" data-end=\"877\"><img loading=\"lazy\" decoding=\"async\" class=\" wp-image-20498 aligncenter\" src=\"https:\/\/blog.tmgrupoinmobiliario.com\/fr\/wp-content\/uploads\/sites\/5\/2026\/03\/1000666.jpg\" alt=\"\" width=\"725\" height=\"483\" \/><\/p>\n<p data-start=\"879\" data-end=\"1495\"><strong>\u00ab Sunrise Canet by TM \u00bb est situ\u00e9 dans un emplacement privil\u00e9gi\u00e9, entre le centre urbain et la mer, \u00e0 un peu plus d\u2019un kilom\u00e8tre de la plage de Canet<\/strong>, l\u2019une des plages les plus embl\u00e9matiques de la province de Valence et l\u2019une des destinations les plus pris\u00e9es du littoral valencien pour son caract\u00e8re familial, son environnement naturel entour\u00e9 de dunes et sa faible densit\u00e9 urbaine. Le complexe r\u00e9sidentiel est con\u00e7u aussi bien pour une<strong> r\u00e9sidence principale que pour une r\u00e9sidence de vacances et s\u2019adresse \u00e0 une client\u00e8le nationale et internationale \u00e0 la recherche de qualit\u00e9 de vie, de connectivit\u00e9 et de services.<\/strong><\/p>\n<p data-start=\"879\" data-end=\"1495\"><img loading=\"lazy\" decoding=\"async\" class=\" wp-image-20499 aligncenter\" src=\"https:\/\/blog.tmgrupoinmobiliario.com\/fr\/wp-content\/uploads\/sites\/5\/2026\/03\/Portada-1109-1.jpg\" alt=\"\" width=\"776\" height=\"517\" \/><\/p>\n<p data-start=\"1497\" data-end=\"2035\"><strong>Le complexe sera compos\u00e9 d\u2019appartements de 1, 2 et 3 chambres<\/strong>, avec de grandes terrasses, diff\u00e9rentes orientations et des vues d\u00e9gag\u00e9es, ainsi que de vastes<strong> espaces<\/strong> <strong>communs <\/strong>comprenant notamment des piscines (adultes, enfants et chauff\u00e9e), des jacuzzis, une salle de sport panoramique, un espace chill out, un club social, un espace de coworking, un court de padel, une zone sportive multisports et de larges espaces paysagers. <strong>De nombreux logements offriront des vues panoramiques sur la mer, la Sierra Calderona et le ch\u00e2teau de Sagunto.<\/strong><\/p>\n<p data-start=\"1497\" data-end=\"2035\"><img loading=\"lazy\" decoding=\"async\" class=\" wp-image-20500 aligncenter\" src=\"https:\/\/blog.tmgrupoinmobiliario.com\/fr\/wp-content\/uploads\/sites\/5\/2026\/03\/Portada-1109-2.jpg\" alt=\"\" width=\"777\" height=\"518\" \/><\/p>\n<p data-start=\"2037\" data-end=\"2303\">Le design architectural mise sur une <strong>esth\u00e9tique moderne, organique et avant-gardiste, int\u00e9gr\u00e9e dans son environnement et conforme aux standards de construction durable et d\u2019efficacit\u00e9 \u00e9nerg\u00e9tique,<\/strong> marques de fabrique de tous les projets r\u00e9sidentiels de l\u2019entreprise.<\/p>\n<p data-start=\"2305\" data-end=\"2569\">Ce nouveau lancement s\u2019inscrit dans le cadre du <strong>Plan strat\u00e9gique 2024-2027 du groupe,<\/strong> qui pr\u00e9voit d\u2019atteindre un volume d\u2019affaires de 1,1 milliard d\u2019euros dans la Communaut\u00e9 valencienne, la province de Valence constituant l\u2019un de ses principaux axes d\u2019expansion. \u00ab Valence est un \u00e9l\u00e9ment cl\u00e9 de notre mod\u00e8le de croissance et un territoire o\u00f9 TM Real Estate Group souhaite s\u2019inscrire dans la dur\u00e9e. Nous y avons d\u00e9j\u00e0 franchi des \u00e9tapes importantes et d\u00e9veloppons actuellement un portefeuille foncier permettant la construction de plus de 500 logements, avec un investissement engag\u00e9 d\u00e9passant aujourd\u2019hui les 130 millions d\u2019euros. Valence est un enclave strat\u00e9gique pour nous et nous souhaitons continuer \u00e0 contribuer \u00e0 son d\u00e9veloppement \u00e9conomique, social, environnemental et urbain \u00bb, <strong>souligne Pablo Serna, CEO de TM Real Estate Group.<\/strong><\/p>\n","protected":false},"excerpt":{"rendered":"<p>TM Real Estate Group, entreprise alicantine de r\u00e9f\u00e9rence dans le secteur du tourisme r\u00e9sidentiel, h\u00f4telier et de vill\u00e9giature, sp\u00e9cialis\u00e9e dans la construction et la promotion de logements sur la c\u00f4te m\u00e9diterran\u00e9enne et dans les Cara\u00efbes, lance son nouveau projet r\u00e9sidentiel \u00ab Sunrise Canet by TM \u00bb, situ\u00e9 \u00e0 Canet d\u2019en Berenguer, \u00e0 25 minutes du [&hellip;]<\/p>\n","protected":false},"author":11730,"featured_media":20505,"comment_status":"open","ping_status":"open","sticky":false,"template":"","format":"standard","meta":{"_jetpack_memberships_contains_paid_content":false,"footnotes":""},"categories":[3,36,22],"tags":[],"class_list":["post-20497","post","type-post","status-publish","format-standard","has-post-thumbnail","hentry","category-actualidad-tm","category-notas-prensa","category-noticias-tm","formato-comunicacion"],"better_featured_image":{"id":20505,"alt_text":"","caption":"","description":"","media_type":"image","media_details":{"width":1000,"height":666,"file":"2026\/03\/1000666-1.jpg","filesize":105763,"sizes":{},"image_meta":{"aperture":"0","credit":"","camera":"","caption":"","created_timestamp":"0","copyright":"","focal_length":"0","iso":"0","shutter_speed":"0","title":"","orientation":"1","keywords":[]}},"post":20497,"source_url":"https:\/\/blog.tmgrupoinmobiliario.com\/fr\/wp-content\/uploads\/sites\/5\/2026\/03\/1000666-1.jpg"},"acf":{"imagen_destacada_desktop":"https:\/\/blog.tmgrupoinmobiliario.com\/fr\/wp-content\/uploads\/sites\/5\/2026\/03\/Canet-cab-1.jpg","imagen_destacada_mobile":"https:\/\/blog.tmgrupoinmobiliario.com\/fr\/wp-content\/uploads\/sites\/5\/2026\/03\/Canet-cab-2.jpg","formato":{"term_id":24,"name":"Comunicaci\u00f3n","slug":"comunicacion","term_group":0,"term_taxonomy_id":24,"taxonomy":"formato","description":"","parent":0,"count":89,"filter":"raw"},"entradilla":"Le projet, compos\u00e9 de 252 logements, consolide TM comme l\u2019un des principaux promoteurs r\u00e9sidentiels de la province, avec plus de 500 logements en cours de d\u00e9veloppement.","etiquetas":"","cabecera_escritorio":"https:\/\/blog.tmgrupoinmobiliario.com\/fr\/wp-content\/uploads\/sites\/5\/2026\/03\/Cabeceras-blog-1920870y-540540-7.jpg","cabecera_mobile":"https:\/\/blog.tmgrupoinmobiliario.com\/fr\/wp-content\/uploads\/sites\/5\/2026\/03\/768.jpg","galeria":false},"yoast_head":"<!-- This site is optimized with the Yoast SEO Premium plugin v23.6 (Yoast SEO v27.5) - https:\/\/yoast.com\/product\/yoast-seo-premium-wordpress\/ -->\n<title>TM Real Estate Group investit 70 millions d\u2019euros dans son nouveau projet r\u00e9sidentiel \u00e0 Canet d\u2019en Berenguer. - Francais<\/title>\n<meta name=\"robots\" content=\"index, follow, max-snippet:-1, max-image-preview:large, max-video-preview:-1\" \/>\n<link rel=\"canonical\" href=\"https:\/\/blog.tmgrupoinmobiliario.com\/fr\/2026\/03\/11\/tm-real-estate-group-investit-70-millions-deuros-dans-son-nouveau-projet-residentiel-a-canet-den-berenguer\/\" \/>\n<meta property=\"og:locale\" content=\"fr_FR\" \/>\n<meta property=\"og:type\" content=\"article\" \/>\n<meta property=\"og:title\" content=\"TM Real Estate Group investit 70 millions d\u2019euros dans son nouveau projet r\u00e9sidentiel \u00e0 Canet d\u2019en Berenguer.\" \/>\n<meta property=\"og:description\" content=\"TM Real Estate Group, entreprise alicantine de r\u00e9f\u00e9rence dans le secteur du tourisme r\u00e9sidentiel, h\u00f4telier et de vill\u00e9giature, sp\u00e9cialis\u00e9e dans la construction et la promotion de logements sur la c\u00f4te m\u00e9diterran\u00e9enne et dans les Cara\u00efbes, lance son nouveau projet r\u00e9sidentiel \u00ab Sunrise Canet by TM \u00bb, situ\u00e9 \u00e0 Canet d\u2019en Berenguer, \u00e0 25 minutes du [&hellip;]\" \/>\n<meta property=\"og:url\" content=\"https:\/\/blog.tmgrupoinmobiliario.com\/fr\/2026\/03\/11\/tm-real-estate-group-investit-70-millions-deuros-dans-son-nouveau-projet-residentiel-a-canet-den-berenguer\/\" \/>\n<meta property=\"og:site_name\" content=\"Francais\" \/>\n<meta property=\"article:published_time\" content=\"2026-03-11T12:29:04+00:00\" \/>\n<meta property=\"og:image\" content=\"https:\/\/blog.tmgrupoinmobiliario.com\/fr\/wp-content\/uploads\/sites\/5\/2026\/03\/1000666-1.jpg\" \/>\n\t<meta property=\"og:image:width\" content=\"1000\" \/>\n\t<meta property=\"og:image:height\" content=\"666\" \/>\n\t<meta property=\"og:image:type\" content=\"image\/jpeg\" \/>\n<meta name=\"author\" content=\"laurabm\" \/>\n<meta name=\"twitter:card\" content=\"summary_large_image\" \/>\n<meta name=\"twitter:label1\" content=\"\u00c9crit par\" \/>\n\t<meta name=\"twitter:data1\" content=\"laurabm\" \/>\n\t<meta name=\"twitter:label2\" content=\"Dur\u00e9e de lecture estim\u00e9e\" \/>\n\t<meta name=\"twitter:data2\" content=\"4 minutes\" \/>\n<script type=\"application\/ld+json\" class=\"yoast-schema-graph\">{\"@context\":\"https:\\\/\\\/schema.org\",\"@graph\":[{\"@type\":\"Article\",\"@id\":\"https:\\\/\\\/blog.tmgrupoinmobiliario.com\\\/fr\\\/2026\\\/03\\\/11\\\/tm-real-estate-group-investit-70-millions-deuros-dans-son-nouveau-projet-residentiel-a-canet-den-berenguer\\\/#article\",\"isPartOf\":{\"@id\":\"https:\\\/\\\/blog.tmgrupoinmobiliario.com\\\/fr\\\/2026\\\/03\\\/11\\\/tm-real-estate-group-investit-70-millions-deuros-dans-son-nouveau-projet-residentiel-a-canet-den-berenguer\\\/\"},\"author\":{\"name\":\"laurabm\",\"@id\":\"https:\\\/\\\/blog.tmgrupoinmobiliario.com\\\/fr\\\/#\\\/schema\\\/person\\\/ad7d97239ce82e1af205d57b005d3c36\"},\"headline\":\"TM Real Estate Group investit 70 millions d\u2019euros dans son nouveau projet r\u00e9sidentiel \u00e0 Canet d\u2019en Berenguer.\",\"datePublished\":\"2026-03-11T12:29:04+00:00\",\"mainEntityOfPage\":{\"@id\":\"https:\\\/\\\/blog.tmgrupoinmobiliario.com\\\/fr\\\/2026\\\/03\\\/11\\\/tm-real-estate-group-investit-70-millions-deuros-dans-son-nouveau-projet-residentiel-a-canet-den-berenguer\\\/\"},\"wordCount\":544,\"commentCount\":0,\"image\":{\"@id\":\"https:\\\/\\\/blog.tmgrupoinmobiliario.com\\\/fr\\\/2026\\\/03\\\/11\\\/tm-real-estate-group-investit-70-millions-deuros-dans-son-nouveau-projet-residentiel-a-canet-den-berenguer\\\/#primaryimage\"},\"thumbnailUrl\":\"https:\\\/\\\/blog.tmgrupoinmobiliario.com\\\/fr\\\/wp-content\\\/uploads\\\/sites\\\/5\\\/2026\\\/03\\\/1000666-1.jpg\",\"articleSection\":[\"Actualit\u00e9 TM\",\"Communiqu\u00e9s de presse\",\"Nouvelles TM\"],\"inLanguage\":\"fr-FR\",\"potentialAction\":[{\"@type\":\"CommentAction\",\"name\":\"Comment\",\"target\":[\"https:\\\/\\\/blog.tmgrupoinmobiliario.com\\\/fr\\\/2026\\\/03\\\/11\\\/tm-real-estate-group-investit-70-millions-deuros-dans-son-nouveau-projet-residentiel-a-canet-den-berenguer\\\/#respond\"]}]},{\"@type\":\"WebPage\",\"@id\":\"https:\\\/\\\/blog.tmgrupoinmobiliario.com\\\/fr\\\/2026\\\/03\\\/11\\\/tm-real-estate-group-investit-70-millions-deuros-dans-son-nouveau-projet-residentiel-a-canet-den-berenguer\\\/\",\"url\":\"https:\\\/\\\/blog.tmgrupoinmobiliario.com\\\/fr\\\/2026\\\/03\\\/11\\\/tm-real-estate-group-investit-70-millions-deuros-dans-son-nouveau-projet-residentiel-a-canet-den-berenguer\\\/\",\"name\":\"TM Real Estate Group investit 70 millions d\u2019euros dans son nouveau projet r\u00e9sidentiel \u00e0 Canet d\u2019en Berenguer. - Francais\",\"isPartOf\":{\"@id\":\"https:\\\/\\\/blog.tmgrupoinmobiliario.com\\\/fr\\\/#website\"},\"primaryImageOfPage\":{\"@id\":\"https:\\\/\\\/blog.tmgrupoinmobiliario.com\\\/fr\\\/2026\\\/03\\\/11\\\/tm-real-estate-group-investit-70-millions-deuros-dans-son-nouveau-projet-residentiel-a-canet-den-berenguer\\\/#primaryimage\"},\"image\":{\"@id\":\"https:\\\/\\\/blog.tmgrupoinmobiliario.com\\\/fr\\\/2026\\\/03\\\/11\\\/tm-real-estate-group-investit-70-millions-deuros-dans-son-nouveau-projet-residentiel-a-canet-den-berenguer\\\/#primaryimage\"},\"thumbnailUrl\":\"https:\\\/\\\/blog.tmgrupoinmobiliario.com\\\/fr\\\/wp-content\\\/uploads\\\/sites\\\/5\\\/2026\\\/03\\\/1000666-1.jpg\",\"datePublished\":\"2026-03-11T12:29:04+00:00\",\"author\":{\"@id\":\"https:\\\/\\\/blog.tmgrupoinmobiliario.com\\\/fr\\\/#\\\/schema\\\/person\\\/ad7d97239ce82e1af205d57b005d3c36\"},\"breadcrumb\":{\"@id\":\"https:\\\/\\\/blog.tmgrupoinmobiliario.com\\\/fr\\\/2026\\\/03\\\/11\\\/tm-real-estate-group-investit-70-millions-deuros-dans-son-nouveau-projet-residentiel-a-canet-den-berenguer\\\/#breadcrumb\"},\"inLanguage\":\"fr-FR\",\"potentialAction\":[{\"@type\":\"ReadAction\",\"target\":[\"https:\\\/\\\/blog.tmgrupoinmobiliario.com\\\/fr\\\/2026\\\/03\\\/11\\\/tm-real-estate-group-investit-70-millions-deuros-dans-son-nouveau-projet-residentiel-a-canet-den-berenguer\\\/\"]}]},{\"@type\":\"ImageObject\",\"inLanguage\":\"fr-FR\",\"@id\":\"https:\\\/\\\/blog.tmgrupoinmobiliario.com\\\/fr\\\/2026\\\/03\\\/11\\\/tm-real-estate-group-investit-70-millions-deuros-dans-son-nouveau-projet-residentiel-a-canet-den-berenguer\\\/#primaryimage\",\"url\":\"https:\\\/\\\/blog.tmgrupoinmobiliario.com\\\/fr\\\/wp-content\\\/uploads\\\/sites\\\/5\\\/2026\\\/03\\\/1000666-1.jpg\",\"contentUrl\":\"https:\\\/\\\/blog.tmgrupoinmobiliario.com\\\/fr\\\/wp-content\\\/uploads\\\/sites\\\/5\\\/2026\\\/03\\\/1000666-1.jpg\",\"width\":1000,\"height\":666},{\"@type\":\"BreadcrumbList\",\"@id\":\"https:\\\/\\\/blog.tmgrupoinmobiliario.com\\\/fr\\\/2026\\\/03\\\/11\\\/tm-real-estate-group-investit-70-millions-deuros-dans-son-nouveau-projet-residentiel-a-canet-den-berenguer\\\/#breadcrumb\",\"itemListElement\":[{\"@type\":\"ListItem\",\"position\":1,\"name\":\"Portada\",\"item\":\"https:\\\/\\\/blog.tmgrupoinmobiliario.com\\\/fr\\\/\"},{\"@type\":\"ListItem\",\"position\":2,\"name\":\"TM Real Estate Group investit 70 millions d\u2019euros dans son nouveau projet r\u00e9sidentiel \u00e0 Canet d\u2019en Berenguer.\"}]},{\"@type\":\"WebSite\",\"@id\":\"https:\\\/\\\/blog.tmgrupoinmobiliario.com\\\/fr\\\/#website\",\"url\":\"https:\\\/\\\/blog.tmgrupoinmobiliario.com\\\/fr\\\/\",\"name\":\"Francais\",\"description\":\"Otro sitio m\u00e1s de Blog Desarrollo TM sitios\",\"potentialAction\":[{\"@type\":\"SearchAction\",\"target\":{\"@type\":\"EntryPoint\",\"urlTemplate\":\"https:\\\/\\\/blog.tmgrupoinmobiliario.com\\\/fr\\\/?s={search_term_string}\"},\"query-input\":{\"@type\":\"PropertyValueSpecification\",\"valueRequired\":true,\"valueName\":\"search_term_string\"}}],\"inLanguage\":\"fr-FR\"},{\"@type\":\"Person\",\"@id\":\"https:\\\/\\\/blog.tmgrupoinmobiliario.com\\\/fr\\\/#\\\/schema\\\/person\\\/ad7d97239ce82e1af205d57b005d3c36\",\"name\":\"laurabm\",\"image\":{\"@type\":\"ImageObject\",\"inLanguage\":\"fr-FR\",\"@id\":\"https:\\\/\\\/secure.gravatar.com\\\/avatar\\\/a97e415f97899fc38aade30ac2e3143fcda2a8b75542722fce9a26dd00745c13?s=96&d=mm&r=g\",\"url\":\"https:\\\/\\\/secure.gravatar.com\\\/avatar\\\/a97e415f97899fc38aade30ac2e3143fcda2a8b75542722fce9a26dd00745c13?s=96&d=mm&r=g\",\"contentUrl\":\"https:\\\/\\\/secure.gravatar.com\\\/avatar\\\/a97e415f97899fc38aade30ac2e3143fcda2a8b75542722fce9a26dd00745c13?s=96&d=mm&r=g\",\"caption\":\"laurabm\"},\"url\":\"https:\\\/\\\/blog.tmgrupoinmobiliario.com\\\/fr\\\/author\\\/laurabm\\\/\"}]}<\/script>\n<!-- \/ Yoast SEO Premium plugin. -->","yoast_head_json":{"title":"TM Real Estate Group investit 70 millions d\u2019euros dans son nouveau projet r\u00e9sidentiel \u00e0 Canet d\u2019en Berenguer. - Francais","robots":{"index":"index","follow":"follow","max-snippet":"max-snippet:-1","max-image-preview":"max-image-preview:large","max-video-preview":"max-video-preview:-1"},"canonical":"https:\/\/blog.tmgrupoinmobiliario.com\/fr\/2026\/03\/11\/tm-real-estate-group-investit-70-millions-deuros-dans-son-nouveau-projet-residentiel-a-canet-den-berenguer\/","og_locale":"fr_FR","og_type":"article","og_title":"TM Real Estate Group investit 70 millions d\u2019euros dans son nouveau projet r\u00e9sidentiel \u00e0 Canet d\u2019en Berenguer.","og_description":"TM Real Estate Group, entreprise alicantine de r\u00e9f\u00e9rence dans le secteur du tourisme r\u00e9sidentiel, h\u00f4telier et de vill\u00e9giature, sp\u00e9cialis\u00e9e dans la construction et la promotion de logements sur la c\u00f4te m\u00e9diterran\u00e9enne et dans les Cara\u00efbes, lance son nouveau projet r\u00e9sidentiel \u00ab Sunrise Canet by TM \u00bb, situ\u00e9 \u00e0 Canet d\u2019en Berenguer, \u00e0 25 minutes du [&hellip;]","og_url":"https:\/\/blog.tmgrupoinmobiliario.com\/fr\/2026\/03\/11\/tm-real-estate-group-investit-70-millions-deuros-dans-son-nouveau-projet-residentiel-a-canet-den-berenguer\/","og_site_name":"Francais","article_published_time":"2026-03-11T12:29:04+00:00","og_image":[{"width":1000,"height":666,"url":"https:\/\/blog.tmgrupoinmobiliario.com\/fr\/wp-content\/uploads\/sites\/5\/2026\/03\/1000666-1.jpg","type":"image\/jpeg"}],"author":"laurabm","twitter_card":"summary_large_image","twitter_misc":{"\u00c9crit par":"laurabm","Dur\u00e9e de lecture estim\u00e9e":"4 minutes"},"schema":{"@context":"https:\/\/schema.org","@graph":[{"@type":"Article","@id":"https:\/\/blog.tmgrupoinmobiliario.com\/fr\/2026\/03\/11\/tm-real-estate-group-investit-70-millions-deuros-dans-son-nouveau-projet-residentiel-a-canet-den-berenguer\/#article","isPartOf":{"@id":"https:\/\/blog.tmgrupoinmobiliario.com\/fr\/2026\/03\/11\/tm-real-estate-group-investit-70-millions-deuros-dans-son-nouveau-projet-residentiel-a-canet-den-berenguer\/"},"author":{"name":"laurabm","@id":"https:\/\/blog.tmgrupoinmobiliario.com\/fr\/#\/schema\/person\/ad7d97239ce82e1af205d57b005d3c36"},"headline":"TM Real Estate Group investit 70 millions d\u2019euros dans son nouveau projet r\u00e9sidentiel \u00e0 Canet d\u2019en Berenguer.","datePublished":"2026-03-11T12:29:04+00:00","mainEntityOfPage":{"@id":"https:\/\/blog.tmgrupoinmobiliario.com\/fr\/2026\/03\/11\/tm-real-estate-group-investit-70-millions-deuros-dans-son-nouveau-projet-residentiel-a-canet-den-berenguer\/"},"wordCount":544,"commentCount":0,"image":{"@id":"https:\/\/blog.tmgrupoinmobiliario.com\/fr\/2026\/03\/11\/tm-real-estate-group-investit-70-millions-deuros-dans-son-nouveau-projet-residentiel-a-canet-den-berenguer\/#primaryimage"},"thumbnailUrl":"https:\/\/blog.tmgrupoinmobiliario.com\/fr\/wp-content\/uploads\/sites\/5\/2026\/03\/1000666-1.jpg","articleSection":["Actualit\u00e9 TM","Communiqu\u00e9s de presse","Nouvelles TM"],"inLanguage":"fr-FR","potentialAction":[{"@type":"CommentAction","name":"Comment","target":["https:\/\/blog.tmgrupoinmobiliario.com\/fr\/2026\/03\/11\/tm-real-estate-group-investit-70-millions-deuros-dans-son-nouveau-projet-residentiel-a-canet-den-berenguer\/#respond"]}]},{"@type":"WebPage","@id":"https:\/\/blog.tmgrupoinmobiliario.com\/fr\/2026\/03\/11\/tm-real-estate-group-investit-70-millions-deuros-dans-son-nouveau-projet-residentiel-a-canet-den-berenguer\/","url":"https:\/\/blog.tmgrupoinmobiliario.com\/fr\/2026\/03\/11\/tm-real-estate-group-investit-70-millions-deuros-dans-son-nouveau-projet-residentiel-a-canet-den-berenguer\/","name":"TM Real Estate Group investit 70 millions d\u2019euros dans son nouveau projet r\u00e9sidentiel \u00e0 Canet d\u2019en Berenguer. - Francais","isPartOf":{"@id":"https:\/\/blog.tmgrupoinmobiliario.com\/fr\/#website"},"primaryImageOfPage":{"@id":"https:\/\/blog.tmgrupoinmobiliario.com\/fr\/2026\/03\/11\/tm-real-estate-group-investit-70-millions-deuros-dans-son-nouveau-projet-residentiel-a-canet-den-berenguer\/#primaryimage"},"image":{"@id":"https:\/\/blog.tmgrupoinmobiliario.com\/fr\/2026\/03\/11\/tm-real-estate-group-investit-70-millions-deuros-dans-son-nouveau-projet-residentiel-a-canet-den-berenguer\/#primaryimage"},"thumbnailUrl":"https:\/\/blog.tmgrupoinmobiliario.com\/fr\/wp-content\/uploads\/sites\/5\/2026\/03\/1000666-1.jpg","datePublished":"2026-03-11T12:29:04+00:00","author":{"@id":"https:\/\/blog.tmgrupoinmobiliario.com\/fr\/#\/schema\/person\/ad7d97239ce82e1af205d57b005d3c36"},"breadcrumb":{"@id":"https:\/\/blog.tmgrupoinmobiliario.com\/fr\/2026\/03\/11\/tm-real-estate-group-investit-70-millions-deuros-dans-son-nouveau-projet-residentiel-a-canet-den-berenguer\/#breadcrumb"},"inLanguage":"fr-FR","potentialAction":[{"@type":"ReadAction","target":["https:\/\/blog.tmgrupoinmobiliario.com\/fr\/2026\/03\/11\/tm-real-estate-group-investit-70-millions-deuros-dans-son-nouveau-projet-residentiel-a-canet-den-berenguer\/"]}]},{"@type":"ImageObject","inLanguage":"fr-FR","@id":"https:\/\/blog.tmgrupoinmobiliario.com\/fr\/2026\/03\/11\/tm-real-estate-group-investit-70-millions-deuros-dans-son-nouveau-projet-residentiel-a-canet-den-berenguer\/#primaryimage","url":"https:\/\/blog.tmgrupoinmobiliario.com\/fr\/wp-content\/uploads\/sites\/5\/2026\/03\/1000666-1.jpg","contentUrl":"https:\/\/blog.tmgrupoinmobiliario.com\/fr\/wp-content\/uploads\/sites\/5\/2026\/03\/1000666-1.jpg","width":1000,"height":666},{"@type":"BreadcrumbList","@id":"https:\/\/blog.tmgrupoinmobiliario.com\/fr\/2026\/03\/11\/tm-real-estate-group-investit-70-millions-deuros-dans-son-nouveau-projet-residentiel-a-canet-den-berenguer\/#breadcrumb","itemListElement":[{"@type":"ListItem","position":1,"name":"Portada","item":"https:\/\/blog.tmgrupoinmobiliario.com\/fr\/"},{"@type":"ListItem","position":2,"name":"TM Real Estate Group investit 70 millions d\u2019euros dans son nouveau projet r\u00e9sidentiel \u00e0 Canet d\u2019en Berenguer."}]},{"@type":"WebSite","@id":"https:\/\/blog.tmgrupoinmobiliario.com\/fr\/#website","url":"https:\/\/blog.tmgrupoinmobiliario.com\/fr\/","name":"Francais","description":"Otro sitio m\u00e1s de Blog Desarrollo TM sitios","potentialAction":[{"@type":"SearchAction","target":{"@type":"EntryPoint","urlTemplate":"https:\/\/blog.tmgrupoinmobiliario.com\/fr\/?s={search_term_string}"},"query-input":{"@type":"PropertyValueSpecification","valueRequired":true,"valueName":"search_term_string"}}],"inLanguage":"fr-FR"},{"@type":"Person","@id":"https:\/\/blog.tmgrupoinmobiliario.com\/fr\/#\/schema\/person\/ad7d97239ce82e1af205d57b005d3c36","name":"laurabm","image":{"@type":"ImageObject","inLanguage":"fr-FR","@id":"https:\/\/secure.gravatar.com\/avatar\/a97e415f97899fc38aade30ac2e3143fcda2a8b75542722fce9a26dd00745c13?s=96&d=mm&r=g","url":"https:\/\/secure.gravatar.com\/avatar\/a97e415f97899fc38aade30ac2e3143fcda2a8b75542722fce9a26dd00745c13?s=96&d=mm&r=g","contentUrl":"https:\/\/secure.gravatar.com\/avatar\/a97e415f97899fc38aade30ac2e3143fcda2a8b75542722fce9a26dd00745c13?s=96&d=mm&r=g","caption":"laurabm"},"url":"https:\/\/blog.tmgrupoinmobiliario.com\/fr\/author\/laurabm\/"}]}},"jetpack_featured_media_url":"https:\/\/blog.tmgrupoinmobiliario.com\/fr\/wp-content\/uploads\/sites\/5\/2026\/03\/1000666-1.jpg","jetpack_sharing_enabled":true,"_links":{"self":[{"href":"https:\/\/blog.tmgrupoinmobiliario.com\/fr\/wp-json\/wp\/v2\/posts\/20497","targetHints":{"allow":["GET"]}}],"collection":[{"href":"https:\/\/blog.tmgrupoinmobiliario.com\/fr\/wp-json\/wp\/v2\/posts"}],"about":[{"href":"https:\/\/blog.tmgrupoinmobiliario.com\/fr\/wp-json\/wp\/v2\/types\/post"}],"author":[{"embeddable":true,"href":"https:\/\/blog.tmgrupoinmobiliario.com\/fr\/wp-json\/wp\/v2\/users\/11730"}],"replies":[{"embeddable":true,"href":"https:\/\/blog.tmgrupoinmobiliario.com\/fr\/wp-json\/wp\/v2\/comments?post=20497"}],"version-history":[{"count":2,"href":"https:\/\/blog.tmgrupoinmobiliario.com\/fr\/wp-json\/wp\/v2\/posts\/20497\/revisions"}],"predecessor-version":[{"id":20507,"href":"https:\/\/blog.tmgrupoinmobiliario.com\/fr\/wp-json\/wp\/v2\/posts\/20497\/revisions\/20507"}],"wp:featuredmedia":[{"embeddable":true,"href":"https:\/\/blog.tmgrupoinmobiliario.com\/fr\/wp-json\/wp\/v2\/media\/20505"}],"wp:attachment":[{"href":"https:\/\/blog.tmgrupoinmobiliario.com\/fr\/wp-json\/wp\/v2\/media?parent=20497"}],"wp:term":[{"taxonomy":"category","embeddable":true,"href":"https:\/\/blog.tmgrupoinmobiliario.com\/fr\/wp-json\/wp\/v2\/categories?post=20497"},{"taxonomy":"post_tag","embeddable":true,"href":"https:\/\/blog.tmgrupoinmobiliario.com\/fr\/wp-json\/wp\/v2\/tags?post=20497"}],"curies":[{"name":"wp","href":"https:\/\/api.w.org\/{rel}","templated":true}]}}