{"id":20452,"date":"2026-02-10T10:31:52","date_gmt":"2026-02-10T09:31:52","guid":{"rendered":"https:\/\/blog.tmgrupoinmobiliario.com\/fr\/?p=20452"},"modified":"2026-04-21T12:41:47","modified_gmt":"2026-04-21T10:41:47","slug":"coronella-living-tm-residence-lagune-rose-torrevieja","status":"publish","type":"post","link":"https:\/\/blog.tmgrupoinmobiliario.com\/fr\/2026\/02\/10\/coronella-living-tm-residence-lagune-rose-torrevieja\/","title":{"rendered":"Coronella Living by TM: o\u00f9 la douceur m\u00e9diterran\u00e9enne devient votre chez-vous"},"content":{"rendered":"<p>Entre la lumi\u00e8re dor\u00e9e de la M\u00e9diterran\u00e9e et la magie naturelle de la <strong>Lagune Rose de Torrevieja<\/strong> na\u00eet <span style=\"color: #000000\"><strong><a style=\"color: #000000\" href=\"https:\/\/www.tmgrupoinmobiliario.com\/fr\/promotions-immobilieres\/U83-01_appartement-neuf-plage-alicante-torrevieja-coronella-living-by-tm\">Coronella Living by TM<\/a><\/strong><\/span>, une nouvelle r\u00e9sidence pens\u00e9e pour ceux qui recherchent un lieu o\u00f9 confort, tranquillit\u00e9 et art de vivre m\u00e9diterran\u00e9en se ressentent au quotidien.<\/p>\n<div>\n<p>Un cadre o\u00f9 la nature se m\u00eale \u00e0 des espaces communs d\u00e9di\u00e9s au bien-\u00eatre, et o\u00f9 chaque d\u00e9tail est con\u00e7u pour offrir une vie \u00e9quilibr\u00e9e et sereine.<\/p>\n<p><span style=\"color: #ff0000\"><strong>Une r\u00e9sidence dans un emplacement privil\u00e9gi\u00e9, au bord de la Lagune Rose<\/strong><\/span><\/p>\n<p>Situ\u00e9e dans la zone de La Coronelita, Coronella Living by TM b\u00e9n\u00e9ficie d\u2019un environnement unique, c\u00e9l\u00e8bre pour la beaut\u00e9 de la Lagune Rose et son atmosph\u00e8re paisible\u2014id\u00e9al pour vivre pr\u00e8s de la nature sans renoncer \u00e0 la proximit\u00e9 de Torrevieja et de ses services.<\/p>\n<p>Le projet comprend 112 logements : un ensemble r\u00e9sidentiel moderne et spacieux, offrant l\u2019\u00e9quilibre parfait entre qualit\u00e9 de vie, intimit\u00e9 et espaces de loisirs accessibles toute l\u2019ann\u00e9e.<\/p>\n<p><span style=\"color: #ff0000\"><strong>Des espaces communs pens\u00e9s pour profiter de l\u2019ext\u00e9rieur<\/strong><\/span><\/p>\n<p>Coronella Living by TM se distingue par ses zones ext\u00e9rieures con\u00e7ues pour partager, se d\u00e9tendre et profiter du climat m\u00e9diterran\u00e9en.<br \/>\nLa r\u00e9sidence propose :<\/p>\n<ul>\n<li>Piscines entour\u00e9es de jardins<\/li>\n<li>Jacuzzis pour des moments de d\u00e9tente<\/li>\n<li>Grandes zones vertes<\/li>\n<li>Aires de jeux pour enfants<\/li>\n<\/ul>\n<p>Un environnement pens\u00e9 pour vivre chaque jour dans le calme, le confort et une sensation permanente de bien-\u00eatre.<\/p>\n<p><span style=\"color: #ff0000\"><strong>Des logements lumineux, fonctionnels et cr\u00e9\u00e9s pour le plaisir<\/strong><\/span><\/p>\n<p>Les logements de Coronella Living by TM sont con\u00e7us pour profiter pleinement de la lumi\u00e8re naturelle et du climat doux de la r\u00e9gion. Chaque typologie dispose d\u2019espaces ext\u00e9rieurs\u2014jardins, terrasses ou solarium\u2014id\u00e9als pour prendre un petit-d\u00e9jeuner au soleil, partager des soir\u00e9es ou simplement respirer l\u2019air marin.<\/p>\n<p><span style=\"color: #ff0000\"><strong>Des plages magnifiques \u00e0 quelques minutes<\/strong><\/span><\/p>\n<p>Vivre \u00e0 Coronella Living by TM, c\u2019est \u00eatre tout pr\u00e8s de certaines des plus belles plages de Torrevieja:<\/p>\n<ul>\n<li>Playa de Los Locos<\/li>\n<li>Playa del Cura<\/li>\n<li>Playa de Los N\u00e1ufragos<\/li>\n<li>Cala Ferris<\/li>\n<\/ul>\n<p>Et pour encore plus de vari\u00e9t\u00e9, les plages d\u2019Orihuela Costa se trouvent \u00e0 quelques minutes : Punta Prima, Playa Flamenca, La Zenia, Cabo Roig ou Mil Palmeras.<\/p>\n<p><span style=\"color: #ff0000\"><strong>Tout ce dont vous avez besoin, \u00e0 deux pas de chez vous<\/strong><\/span><\/p>\n<p>La r\u00e9sidence b\u00e9n\u00e9ficie de tr\u00e8s bonnes connexions gr\u00e2ce \u00e0 l\u2019acc\u00e8s direct \u00e0 la N-332, la proximit\u00e9 de l\u2019A-7 et la liaison avec l\u2019a\u00e9roport d\u2019Alicante-Elche et l\u2019AVE d\u2019Alicante.<\/p>\n<p>Aux alentours, vous trouverez :<\/p>\n<ul>\n<li>Centres commerciaux (Habaneras, Zenia Boulevard)<\/li>\n<li>Installations sportives<\/li>\n<li>\u00c9coles et centres \u00e9ducatifs<\/li>\n<li>Restaurants et commerces locaux<\/li>\n<li>L\u2019H\u00f4pital Universitaire de Torrevieja<\/li>\n<\/ul>\n<p>Tout pour profiter d\u2019une vie tranquille et bien connect\u00e9e.<\/p>\n<p><span style=\"color: #ff0000\"><strong>Le golf, une passion m\u00e9diterran\u00e9enne<\/strong><\/span><\/p>\n<p>Pour les amateurs de golf, Coronella Living by TM se situe pr\u00e8s de quelques-uns des parcours les plus r\u00e9put\u00e9s de la r\u00e9gion : La Marquesa Golf, Vistabella Golf, La Finca Golf et Villamart\u00edn Golf.<\/p>\n<p><span style=\"color: #ff0000\"><strong>Coronella Living by TM : un lieu o\u00f9 l\u2019on se sent bien chaque jour<\/strong><\/span><\/p>\n<p>Plus qu\u2019une r\u00e9sidence,<strong><span style=\"color: #000000\"><a style=\"color: #000000\" href=\"https:\/\/www.tmgrupoinmobiliario.com\/fr\/promotions-immobilieres\/U83-01_appartement-neuf-plage-alicante-torrevieja-coronella-living-by-tm\"> Coronella Living by TM<\/a><\/span><\/strong> est une invitation \u00e0 vivre pleinement la M\u00e9diterran\u00e9e : lumi\u00e8re, espaces communs reposants et logements o\u00f9 chaque d\u00e9tail contribue \u00e0 votre bien-\u00eatre.<\/p>\n<p><strong>Un foyer pour vivre, partager, se ressourcer\u2026 et commencer une nouvelle vie au bord de la mer.<\/strong><\/p>\n<p>&nbsp;<\/p>\n<div data-test='contact-form'\n\t\t\tid='contact-form-20452'\n\t\t\tclass='jetpack-contact-form-container '\n\t\t\tdata-wp-interactive='jetpack\/form' data-wp-context='{\"formId\":\"20452\",\"formHash\":\"1f935f562e89959d5a4e7b4eb5bfe35f917a082a\",\"showErrors\":false,\"errors\":[],\"fields\":[],\"isMultiStep\":false,\"useAjax\":true,\"submissionData\":null,\"formattedSubmissionData\":[],\"submissionSuccess\":false,\"submissionError\":null,\"elementId\":\"jp-form-1f935f562e89959d5a4e7b4eb5bfe35f917a082a\",\"isSingleInputForm\":false,\"isForcedHorizontal\":false}'\n\t\t\tdata-wp-watch--scroll-to-wrapper=\"callbacks.scrollToWrapper\"\n\t\t>\n<div class=\"contact-form-submission contact-form-ajax-submission\" data-wp-bind--aria-hidden=\"state.isSuccessMessageAriaHidden\" data-wp-class--submission-success=\"context.submissionSuccess\" id=\"contact-form-success-1f935f562e89959d5a4e7b4eb5bfe35f917a082a\" tabindex=\"-1\" aria-labelledby=\"contact-form-success-header-1f935f562e89959d5a4e7b4eb5bfe35f917a082a\"><p class=\"go-back-message\"><a class=\"link\" role=\"button\" tabindex=\"0\" data-wp-on--click=\"actions.goBack\" href=\"\/fr\/wp-json\/wp\/v2\/posts\/20452\">\u2190 Retour<\/a><\/p><h4 data-wp-bind--aria-hidden=\"state.isSuccessMessageAriaHidden\" id=\"contact-form-success-header-1f935f562e89959d5a4e7b4eb5bfe35f917a082a\">Merci pour votre r\u00e9ponse. \u2728<\/h4>\n\n<template data-wp-each--submission=\"context.formattedSubmissionData\">\n\t\t\t\t\t<div class=\"jetpack_forms_contact-form-success-summary\">\n\t\t\t\t\t\t<div class=\"field-name-wrapper\">\n\t\t\t\t\t\t\t<div class=\"field-type-icon\" data-wp-watch=\"callbacks.watchFieldTypeIcon\"><\/div>\n\t\t\t\t\t\t\t<div class=\"field-name\" data-wp-text=\"context.submission.label\" data-wp-bind--hidden=\"!context.submission.label\"><\/div>\n\t\t\t\t\t\t<\/div>\n\t\t\t\t\t\t<div class=\"field-value\" data-wp-text=\"context.submission.value\" data-wp-bind--hidden=\"!context.submission.showPlainValue\"><\/div>\n\t\t\t\t\t\t<a class=\"field-url\" data-wp-bind--href=\"context.submission.url\" data-wp-text=\"context.submission.value\" data-wp-bind--hidden=\"!context.submission.url\" target=\"_blank\" rel=\"noopener noreferrer\"><\/a>\n\t\t\t\t\t\t<div class=\"field-rating\" data-wp-bind--hidden=\"!context.submission.rating\" data-wp-watch=\"callbacks.watchRatingIcons\"><\/div>\n\t\t\t\t\t\t<div class=\"field-images\" data-wp-bind--hidden=\"!context.submission.images\">\n\t\t\t\t\t\t\t<template data-wp-each--image=\"context.submission.images\">\n\t\t\t\t\t\t\t\t<div class=\"field-image-option\" data-wp-class--is-empty=\"!context.image.src\">\n\t\t\t\t\t\t\t\t\t<figure class=\"field-image-option__image\" data-wp-class--is-empty=\"!context.image.src\">\n\t\t\t\t\t\t\t\t\t\t<img data-wp-bind--src=\"context.image.src\" data-wp-bind--hidden=\"!context.image.src\" \/>\n\t\t\t\t\t\t\t\t\t\t<img decoding=\"async\" src=\"data:image\/gif;base64,R0lGODlhAQABAAD\/ACwAAAAAAQABAAACADs=\" data-wp-bind--hidden=\"context.image.src\" \/>\n\t\t\t\t\t\t\t\t\t<\/figure>\n\t\t\t\t\t\t\t\t\t<div class=\"field-image-option__label-wrapper\">\n\t\t\t\t\t\t\t\t\t\t<span class=\"field-image-option__label-code\" data-wp-text=\"context.image.letterCode\"><\/span>\n\t\t\t\t\t\t\t\t\t\t<span class=\"field-image-option__label\" data-wp-text=\"context.image.label\" data-wp-bind--hidden=\"!context.image.label\"><\/span>\n\t\t\t\t\t\t\t\t\t<\/div>\n\t\t\t\t\t\t\t\t<\/div>\n\t\t\t\t\t\t\t<\/template>\n\t\t\t\t\t\t<\/div>\n\t\t\t\t\t\t<div class=\"field-files\" data-wp-bind--hidden=\"!context.submission.files\">\n\t\t\t\t\t\t\t<template data-wp-each--file=\"context.submission.files\">\n\t\t\t\t\t\t\t\t<div class=\"field-file\">\n\t\t\t\t\t\t\t\t\t<div class=\"field-file__thumbnail\" data-wp-style--background-image=\"context.file.previewUrl\" data-wp-style--mask-image=\"context.file.iconUrl\" data-wp-bind--hidden=\"!context.file.hasPreview\"><\/div>\n\t\t\t\t\t\t\t\t\t<svg class=\"field-file__icon\" data-wp-bind--hidden=\"context.file.hasPreview\" width=\"20\" height=\"20\" viewBox=\"0 0 24 24\" fill=\"none\" xmlns=\"http:\/\/www.w3.org\/2000\/svg\" aria-hidden=\"true\">\n\t\t\t\t\t\t\t\t\t\t<path d=\"M14 2H6C4.9 2 4 2.9 4 4V20C4 21.1 4.89 22 5.99 22H18C19.1 22 20 21.1 20 20V8L14 2ZM18 20H6V4H13V9H18V20Z\" fill=\"currentColor\"\/>\n\t\t\t\t\t\t\t\t\t<\/svg>\n\t\t\t\t\t\t\t\t\t<span class=\"field-file__name\" data-wp-text=\"context.file.name\"><\/span>\n\t\t\t\t\t\t\t\t\t<span class=\"field-file__size\" data-wp-text=\"context.file.size\"><\/span>\n\t\t\t\t\t\t\t\t<\/div>\n\t\t\t\t\t\t\t<\/template>\n\t\t\t\t\t\t<\/div>\n\t\t\t\t\t<\/div>\n\t\t\t\t<\/template><\/div><form action='https:\/\/blog.tmgrupoinmobiliario.com\/fr\/2026\/02\/10\/coronella-living-tm-residence-lagune-rose-torrevieja\/'\n\t\t\t\tid='jp-form-1f935f562e89959d5a4e7b4eb5bfe35f917a082a'\n\t\t\t\tmethod='post'\n\t\t\t\tclass='contact-form commentsblock jetpack-contact-form__form has-no-jetpack-form-layout' aria-label=\"Coronella Living by TM: o\u00f9 la douceur m\u00e9diterran\u00e9enne devient votre chez-vous\"\n\t\t\t\tdata-wp-on--submit=\"actions.onFormSubmit\"\n\t\t\t\tdata-wp-on--reset=\"actions.onFormReset\"\n\t\t\t\tdata-wp-class--submission-success=\"context.submissionSuccess\"\n\t\t\t\tdata-wp-class--is-first-step=\"state.isFirstStep\"\n\t\t\t\tdata-wp-class--is-last-step=\"state.isLastStep\"\n\t\t\t\tdata-wp-class--is-ajax-form=\"context.useAjax\"\n\t\t\t\tnovalidate >\n<input type='hidden' name='jetpack_contact_form_jwt' value='eyJ0eXAiOiJKV1QiLCJhbGciOiJIUzI1NiJ9.eyJlbmNyeXB0ZWRfYXR0cmlidXRlcyI6Imh0dXo5T01lNmdKelIxMmlmb2Fyd0NlU0FUYklqemlqaU5ZbDMwRXJqVGZQWnl1N1p3UlRDZk4xa0lZRWlBdlZQbTloSUIrM2pyMXBEMmg0dkFJL2Jsamp6Y1lNSzhQdmU1WERPWU5jcUFQbHBzN3k3NXFBVktyTFA0MkFpVHhDMWx0SVZsNnF3VEhDSDFXK21BS1dLVzExY2M5ZnUxWUJVOGZ1VWUxL1BVUkVLODhiZ3RQWklucW9IcXhaRVJOUWh5ME5rRXRUdGxueHZKZDBMMko0MkI4WU96ci9JZldzTDQ1a1hUVm5FQVM0bklibmFFbUs1K3RKeUtMQTA3TzhwMUt0V0h2VFI0dVF1YzhFN3VUcE9GUndqRmpJRWNySmgwcE1iQndLM0YzUVpRNEJhemRCeTdvRXNmWGlEd2ZHZnBuL0JxNkNlS212MUhSSXY1MU9HTlRnNlBwWmltdzBuUkdTbE4yRjlTeVpvaXRkZ3o3cU1VWkc5MUhFOStwM3FTTGFlRTVHVFZKM3NQNVo1R0d4ME5obkxDMHc3NHYwZ1hobURBdGQrU2s0aEdJZDV6dmtKeXhLUVRYOEdqOGZWcHdtSnRmWU9vNEFhMG1PTk5VdWt6UTZuajJUSU84TlBlWXNNQXk4UTZqQzkyWXZ1T0V3M1dtWnBWT1cvZUJVYXQyTmJiQWlGMGhhM1puMnhPMC9LQVVpZE9ROEFueDQ3R25hRmdsTnZ5cHpLS0xkazdOSEQ2aU53d0hHaVZ6b29NSUlDdUc2QjR6d0dXZmpGSE5ROXRYM1A0NFdxeGdaYm5LTEtINWdxNE9FTkpIdEpoWDhBUlpVZWtCZThqUkptcFdydDY2cCt0Z2xBRFZTYnpYQ2JHYW1WdFZQeVVqYmJYdEJ4Z0o3Wm8vanNtb2tuOXZTWWNEVWhTQmt1eGlsVzNIZzByazA3R1BMTlNtQmVtdExKMmFUT2FpMmE0RmRka0psZyswVGs3SE9aUFEyNDZ2VU16a29PTFk1WGVKM3VHSS9ZcDlsS0ZrQmdCL2pqYXdkVTJ0QTBrS3BCeGJZRkRsMXY3Zmo1V1JTRUZQVG12b05zMGxCOVRTUUdPTUFaMk5Pa1l1T3duT3lZRWVZeGU5eDdiaFZ5MEtNVlZzV0U5TVBrWEtBNkYyRjIwMmVQWTU5c2FUb050VkpUWWppbjl5OVdnK1NUUUIyRlptUkk4VUNLNzZaWW9MR2swalhrREJLS1E9PSIsImNvbnRlbnQiOiJbY29udGFjdC1maWVsZCBsYWJlbD1cIk5vbVwiIHR5cGU9XCJuYW1lXCIgcmVxdWlyZWQ9XCIxXCJdW2NvbnRhY3QtZmllbGQgbGFiZWw9XCJFLW1haWxcIiB0eXBlPVwiZW1haWxcIiByZXF1aXJlZD1cIjFcIl1bY29udGFjdC1maWVsZCBsYWJlbD1cIk1lc3NhZ2VcIiB0eXBlPVwidGV4dGFyZWFcIl0iLCJoYXNoIjoiMWY5MzVmNTYyZTg5OTU5ZDVhNGU3YjRlYjViZmUzNWY5MTdhMDgyYSIsInNvdXJjZSI6eyJlbnRyeV90aXRsZSI6IkNvcm9uZWxsYSBMaXZpbmcgYnkgVE06IG9cdTAwZjkgbGEgZG91Y2V1ciBtXHUwMGU5ZGl0ZXJyYW5cdTAwZTllbm5lIGRldmllbnQgdm90cmUgY2hlei12b3VzIiwiZW50cnlfcGFnZSI6MSwic291cmNlX2lkIjoyMDQ1Miwic291cmNlX3R5cGUiOiJzaW5nbGUiLCJyZXF1ZXN0X3VybCI6Imh0dHBzOi8vYmxvZy50bWdydXBvaW5tb2JpbGlhcmlvLmNvbS9mci93cC1qc29uL3dwL3YyL3Bvc3RzLzIwNDUyIn0sInZlcnNpb24iOjIsImNpcGhlciI6ImFlcy0yNTYtZ2NtIn0.JuWnteXJKMFb5JMw-Z9PrDLYkQ26SqaGRzw1K35-FjA' \/>\n\n<div style=\"\"  data-wp-interactive=\"jetpack\/form\" data-wp-context='{\"fieldId\":\"g20452-nom\",\"fieldType\":\"name\",\"fieldLabel\":\"Nom\",\"fieldValue\":\"\",\"fieldPlaceholder\":\"\",\"fieldIsRequired\":\"1\",\"fieldErrorMessage\":\"\",\"fieldExtra\":[],\"formHash\":\"1f935f562e89959d5a4e7b4eb5bfe35f917a082a\"}'  class='grunion-field-name-wrap grunion-field-wrap'  data-wp-init='callbacks.initializeField' data-wp-on--jetpack-form-reset='callbacks.initializeField' >\n<label\n\t\t\t\tfor='g20452-nom' class=\"grunion-field-label name\" >Nom<span class=\"grunion-label-required\" aria-hidden=\"true\">(obligatoire)<\/span><\/label>\n<input\n\t\t\t\t\ttype='text'\n\t\t\t\t\tname='g20452-nom'\n\t\t\t\t\tid='g20452-nom'\n\t\t\t\t\tvalue=''\n\n\t\t\t\t\tdata-wp-bind--aria-invalid='state.fieldAriaInvalid'\n\t\t\t\t\tdata-wp-bind--value='state.getFieldValue'\n\t\t\t\t\taria-describedby='g20452-nom-text-error-message'\n\t\t\t\t\tdata-wp-on--input='actions.onFieldChange'\n\t\t\t\t\tdata-wp-on--blur='actions.onFieldBlur'\n\t\t\t\t\tdata-wp-class--has-value='state.hasFieldValue'\n\n\t\t\t\t\tclass='name  grunion-field' \n\t\t\t\t\trequired='true' aria-required='true'  \/>\n \n\t\t\t<div id=\"g20452-nom-text-error\" class=\"contact-form__input-error\" data-wp-class--has-errors=\"state.fieldHasErrors\">\n\t\t\t\t<span class=\"contact-form__warning-icon\" aria-hidden=\"true\">\n\t\t\t\t\t<svg width=\"16\" height=\"16\" viewBox=\"0 0 16 16\" fill=\"none\" xmlns=\"http:\/\/www.w3.org\/2000\/svg\">\n\t\t\t\t\t\t<path d=\"M8.50015 11.6402H7.50015V10.6402H8.50015V11.6402Z\" \/>\n\t\t\t\t\t\t<path d=\"M7.50015 9.64018H8.50015V6.30684H7.50015V9.64018Z\" \/>\n\t\t\t\t\t\t<path fill-rule=\"evenodd\" clip-rule=\"evenodd\" d=\"M6.98331 3.0947C7.42933 2.30177 8.57096 2.30177 9.01698 3.09469L13.8771 11.7349C14.3145 12.5126 13.7525 13.4735 12.8602 13.4735H3.14004C2.24774 13.4735 1.68575 12.5126 2.12321 11.7349L6.98331 3.0947ZM8.14541 3.58496C8.08169 3.47168 7.9186 3.47168 7.85488 3.58496L2.99478 12.2251C2.93229 12.3362 3.01257 12.4735 3.14004 12.4735H12.8602C12.9877 12.4735 13.068 12.3362 13.0055 12.2251L8.14541 3.58496Z\" \/>\n\t\t\t\t\t<\/svg>\n\t\t\t\t<\/span>\n\t\t\t\t<span data-wp-text=\"state.errorMessage\" id=\"g20452-nom-text-error-message\"><\/span>\n\t\t\t<\/div> \n\t<\/div>\n\n<div style=\"\"  data-wp-interactive=\"jetpack\/form\" data-wp-context='{\"fieldId\":\"g20452-email\",\"fieldType\":\"email\",\"fieldLabel\":\"E-mail\",\"fieldValue\":\"\",\"fieldPlaceholder\":\"\",\"fieldIsRequired\":\"1\",\"fieldErrorMessage\":\"\",\"fieldExtra\":[],\"formHash\":\"1f935f562e89959d5a4e7b4eb5bfe35f917a082a\"}'  class='grunion-field-email-wrap grunion-field-wrap'  data-wp-init='callbacks.initializeField' data-wp-on--jetpack-form-reset='callbacks.initializeField' >\n<label\n\t\t\t\tfor='g20452-email' class=\"grunion-field-label email\" >E-mail<span class=\"grunion-label-required\" aria-hidden=\"true\">(obligatoire)<\/span><\/label>\n<input\n\t\t\t\t\ttype='email'\n\t\t\t\t\tname='g20452-email'\n\t\t\t\t\tid='g20452-email'\n\t\t\t\t\tvalue=''\n\n\t\t\t\t\tdata-wp-bind--aria-invalid='state.fieldAriaInvalid'\n\t\t\t\t\tdata-wp-bind--value='state.getFieldValue'\n\t\t\t\t\taria-describedby='g20452-email-email-error-message'\n\t\t\t\t\tdata-wp-on--input='actions.onFieldChange'\n\t\t\t\t\tdata-wp-on--blur='actions.onFieldBlur'\n\t\t\t\t\tdata-wp-class--has-value='state.hasFieldValue'\n\n\t\t\t\t\tclass='email  grunion-field' \n\t\t\t\t\trequired='true' aria-required='true'  \/>\n \n\t\t\t<div id=\"g20452-email-email-error\" class=\"contact-form__input-error\" data-wp-class--has-errors=\"state.fieldHasErrors\">\n\t\t\t\t<span class=\"contact-form__warning-icon\" aria-hidden=\"true\">\n\t\t\t\t\t<svg width=\"16\" height=\"16\" viewBox=\"0 0 16 16\" fill=\"none\" xmlns=\"http:\/\/www.w3.org\/2000\/svg\">\n\t\t\t\t\t\t<path d=\"M8.50015 11.6402H7.50015V10.6402H8.50015V11.6402Z\" \/>\n\t\t\t\t\t\t<path d=\"M7.50015 9.64018H8.50015V6.30684H7.50015V9.64018Z\" \/>\n\t\t\t\t\t\t<path fill-rule=\"evenodd\" clip-rule=\"evenodd\" d=\"M6.98331 3.0947C7.42933 2.30177 8.57096 2.30177 9.01698 3.09469L13.8771 11.7349C14.3145 12.5126 13.7525 13.4735 12.8602 13.4735H3.14004C2.24774 13.4735 1.68575 12.5126 2.12321 11.7349L6.98331 3.0947ZM8.14541 3.58496C8.08169 3.47168 7.9186 3.47168 7.85488 3.58496L2.99478 12.2251C2.93229 12.3362 3.01257 12.4735 3.14004 12.4735H12.8602C12.9877 12.4735 13.068 12.3362 13.0055 12.2251L8.14541 3.58496Z\" \/>\n\t\t\t\t\t<\/svg>\n\t\t\t\t<\/span>\n\t\t\t\t<span data-wp-text=\"state.errorMessage\" id=\"g20452-email-email-error-message\"><\/span>\n\t\t\t<\/div> \n\t<\/div>\n\n<div style=\"\"  data-wp-interactive=\"jetpack\/form\" data-wp-context='{\"fieldId\":\"g20452-message\",\"fieldType\":\"textarea\",\"fieldLabel\":\"Message\",\"fieldValue\":\"\",\"fieldPlaceholder\":\"\",\"fieldIsRequired\":\"\",\"fieldErrorMessage\":\"\",\"fieldExtra\":[],\"formHash\":\"1f935f562e89959d5a4e7b4eb5bfe35f917a082a\"}'  class='grunion-field-textarea-wrap grunion-field-wrap'  data-wp-init='callbacks.initializeField' data-wp-on--jetpack-form-reset='callbacks.initializeField' >\n<label\n\t\t\t\tfor='contact-form-comment-g20452-message' class=\"grunion-field-label textarea\" >Message<\/label>\n<textarea\n\t\t                style=''\n\t\t                name='g20452-message'\n\t\t                id='contact-form-comment-g20452-message'\n\t\t                rows='20'\n\t\t\t\t\t\tdata-wp-text='state.getFieldValue'\n\t\t\t\t\t\tdata-wp-on--input='actions.onFieldChange'\n\t\t\t\t\t\tdata-wp-on--blur='actions.onFieldBlur'\n\t\t\t\t\t\tdata-wp-class--has-value='state.hasFieldValue'\n\t\t\t\t\t\taria-describedby='g20452-message-textarea-error-message'\n\t\t\t\t\t\tdata-wp-bind--aria-invalid='state.fieldAriaInvalid'\n\t\t\t\t\t\tclass='textarea  grunion-field'  ><\/textarea>\n \n\t\t\t<div id=\"g20452-message-textarea-error\" class=\"contact-form__input-error\" data-wp-class--has-errors=\"state.fieldHasErrors\">\n\t\t\t\t<span class=\"contact-form__warning-icon\" aria-hidden=\"true\">\n\t\t\t\t\t<svg width=\"16\" height=\"16\" viewBox=\"0 0 16 16\" fill=\"none\" xmlns=\"http:\/\/www.w3.org\/2000\/svg\">\n\t\t\t\t\t\t<path d=\"M8.50015 11.6402H7.50015V10.6402H8.50015V11.6402Z\" \/>\n\t\t\t\t\t\t<path d=\"M7.50015 9.64018H8.50015V6.30684H7.50015V9.64018Z\" \/>\n\t\t\t\t\t\t<path fill-rule=\"evenodd\" clip-rule=\"evenodd\" d=\"M6.98331 3.0947C7.42933 2.30177 8.57096 2.30177 9.01698 3.09469L13.8771 11.7349C14.3145 12.5126 13.7525 13.4735 12.8602 13.4735H3.14004C2.24774 13.4735 1.68575 12.5126 2.12321 11.7349L6.98331 3.0947ZM8.14541 3.58496C8.08169 3.47168 7.9186 3.47168 7.85488 3.58496L2.99478 12.2251C2.93229 12.3362 3.01257 12.4735 3.14004 12.4735H12.8602C12.9877 12.4735 13.068 12.3362 13.0055 12.2251L8.14541 3.58496Z\" \/>\n\t\t\t\t\t<\/svg>\n\t\t\t\t<\/span>\n\t\t\t\t<span data-wp-text=\"state.errorMessage\" id=\"g20452-message-textarea-error-message\"><\/span>\n\t\t\t<\/div>\n\t<\/div>\n\t<p class='contact-submit'>\n<div class=\"contact-form__error\" data-wp-class--show-errors=\"state.showFormErrors\"><span class=\"contact-form__warning-icon\" aria-hidden=\"true\"><i><\/i><\/span><span class=\"contact-form__error-message\" tabindex=\"-1\" data-wp-watch=\"callbacks.focusOnValidationError\" data-wp-text=\"state.getFormErrorMessage\"><\/span><ul aria-label=\"Erreurs de formulaire\">\n\t\t\t\t<template data-wp-each=\"state.getErrorList\" data-wp-key=\"context.item.id\">\n\t\t\t\t\t<li><a data-wp-bind--href=\"context.item.anchor\" data-wp-on--click=\"actions.scrollIntoView\" data-wp-text=\"context.item.label\"><\/a><\/li>\n\t\t\t\t<\/template>\n\t\t\t\t<\/ul><\/div><div class=\"contact-form__error\" data-wp-class--show-errors=\"state.showSubmissionError\" data-wp-text=\"context.submissionError\" tabindex=\"-1\" data-wp-watch=\"callbacks.focusOnSubmissionError\"><\/div>\t\t<button type='submit' class='pushbutton-wide'>Envoyer<\/button>\t\t<input type='hidden' name='contact-form-id' value='20452' \/>\n\t\t<input type='hidden' name='action' value='grunion-contact-form' \/>\n\t\t<input type='hidden' name='contact-form-hash' value='1f935f562e89959d5a4e7b4eb5bfe35f917a082a' \/>\n\t<\/p>\n<p style=\"display: none !important;\" class=\"akismet-fields-container\" data-prefix=\"ak_\"><label>&#916;<textarea name=\"ak_hp_textarea\" cols=\"45\" rows=\"8\" maxlength=\"100\"><\/textarea><\/label><input type=\"hidden\" id=\"ak_js_1\" name=\"ak_js\" value=\"28\"\/><script type=\"text\/javascript\">\n\/* <![CDATA[ *\/\ndocument.getElementById( \"ak_js_1\" ).setAttribute( \"value\", ( new Date() ).getTime() );\n\/* ]]> *\/\n<\/script>\n<\/p><\/form>\n<\/div>\n<\/div>\n","protected":false},"excerpt":{"rendered":"<p>Entre la lumi\u00e8re dor\u00e9e de la M\u00e9diterran\u00e9e et la magie naturelle de la Lagune Rose de Torrevieja na\u00eet Coronella Living by TM, une nouvelle r\u00e9sidence pens\u00e9e pour ceux qui recherchent un lieu o\u00f9 confort, tranquillit\u00e9 et art de vivre m\u00e9diterran\u00e9en se ressentent au quotidien. Un cadre o\u00f9 la nature se m\u00eale \u00e0 des espaces communs [&hellip;]<\/p>\n","protected":false},"author":11731,"featured_media":20453,"comment_status":"open","ping_status":"open","sticky":true,"template":"","format":"standard","meta":{"_jetpack_memberships_contains_paid_content":false,"footnotes":""},"categories":[40],"tags":[],"class_list":["post-20452","post","type-post","status-publish","format-standard","has-post-thumbnail","hentry","category-votre-nouvelle-residence","formato-blog"],"better_featured_image":{"id":20453,"alt_text":"","caption":"","description":"","media_type":"image","media_details":{"width":2048,"height":1389,"file":"2026\/02\/Diseno-sin-titulo-12.png","filesize":1347924,"sizes":{},"image_meta":{"aperture":"0","credit":"","camera":"","caption":"","created_timestamp":"0","copyright":"","focal_length":"0","iso":"0","shutter_speed":"0","title":"","orientation":"0","keywords":[]}},"post":20452,"source_url":"https:\/\/blog.tmgrupoinmobiliario.com\/fr\/wp-content\/uploads\/sites\/5\/2026\/02\/Diseno-sin-titulo-12.png"},"acf":{"imagen_destacada_desktop":"https:\/\/blog.tmgrupoinmobiliario.com\/fr\/wp-content\/uploads\/sites\/5\/2026\/02\/Imagen-destacada-para-slider-Escritorio-Tamano-1920x870px-3.png","imagen_destacada_mobile":"https:\/\/blog.tmgrupoinmobiliario.com\/fr\/wp-content\/uploads\/sites\/5\/2026\/02\/Imagen-destacada-para-slider-Mobile-Tamano-540x540px-3.png","formato":{"term_id":37,"name":"Blog","slug":"blog","term_group":0,"term_taxonomy_id":37,"taxonomy":"formato","description":"","parent":0,"count":110,"filter":"raw"},"entradilla":"","etiquetas":"","cabecera_escritorio":"https:\/\/blog.tmgrupoinmobiliario.com\/fr\/wp-content\/uploads\/sites\/5\/2026\/02\/Imagen-de-cabecera-escritorio-1200x300-3.png","cabecera_mobile":"https:\/\/blog.tmgrupoinmobiliario.com\/fr\/wp-content\/uploads\/sites\/5\/2026\/02\/Imagen-de-cabecera-mobile-768x768px-jpg-3.png","galeria":false},"yoast_head":"<!-- This site is optimized with the Yoast SEO Premium plugin v23.6 (Yoast SEO v27.5) - https:\/\/yoast.com\/product\/yoast-seo-premium-wordpress\/ -->\n<title>Coronella Living by TM: nouvelle r\u00e9sidence pr\u00e8s de la Lagune Rose<\/title>\n<meta name=\"description\" content=\"D\u00e9couvrez Coronella Living by TM, une nouvelle r\u00e9sidence proche de la Lagune Rose de Torrevieja avec logements lumineux, espaces ext\u00e9rieurs et style m\u00e9diterran\u00e9en.\" \/>\n<meta name=\"robots\" content=\"index, follow, max-snippet:-1, max-image-preview:large, max-video-preview:-1\" \/>\n<link rel=\"canonical\" href=\"https:\/\/blog.tmgrupoinmobiliario.com\/fr\/2026\/02\/10\/coronella-living-tm-residence-lagune-rose-torrevieja\/\" \/>\n<meta property=\"og:locale\" content=\"fr_FR\" \/>\n<meta property=\"og:type\" content=\"article\" \/>\n<meta property=\"og:title\" content=\"Coronella Living by TM: o\u00f9 la douceur m\u00e9diterran\u00e9enne devient votre chez-vous\" \/>\n<meta property=\"og:description\" content=\"D\u00e9couvrez Coronella Living by TM, une nouvelle r\u00e9sidence proche de la Lagune Rose de Torrevieja avec logements lumineux, espaces ext\u00e9rieurs et style m\u00e9diterran\u00e9en.\" \/>\n<meta property=\"og:url\" content=\"https:\/\/blog.tmgrupoinmobiliario.com\/fr\/2026\/02\/10\/coronella-living-tm-residence-lagune-rose-torrevieja\/\" \/>\n<meta property=\"og:site_name\" content=\"Francais\" \/>\n<meta property=\"article:published_time\" content=\"2026-02-10T09:31:52+00:00\" \/>\n<meta property=\"article:modified_time\" content=\"2026-04-21T10:41:47+00:00\" \/>\n<meta property=\"og:image\" content=\"https:\/\/blog.tmgrupoinmobiliario.com\/fr\/wp-content\/uploads\/sites\/5\/2026\/02\/Diseno-sin-titulo-12.png\" \/>\n\t<meta property=\"og:image:width\" content=\"2048\" \/>\n\t<meta property=\"og:image:height\" content=\"1389\" \/>\n\t<meta property=\"og:image:type\" content=\"image\/png\" \/>\n<meta name=\"author\" content=\"aarronis\" \/>\n<meta name=\"twitter:card\" content=\"summary_large_image\" \/>\n<meta name=\"twitter:label1\" content=\"\u00c9crit par\" \/>\n\t<meta name=\"twitter:data1\" content=\"aarronis\" \/>\n\t<meta name=\"twitter:label2\" content=\"Dur\u00e9e de lecture estim\u00e9e\" \/>\n\t<meta name=\"twitter:data2\" content=\"3 minutes\" \/>\n<script type=\"application\/ld+json\" class=\"yoast-schema-graph\">{\"@context\":\"https:\\\/\\\/schema.org\",\"@graph\":[{\"@type\":\"Article\",\"@id\":\"https:\\\/\\\/blog.tmgrupoinmobiliario.com\\\/fr\\\/2026\\\/02\\\/10\\\/coronella-living-tm-residence-lagune-rose-torrevieja\\\/#article\",\"isPartOf\":{\"@id\":\"https:\\\/\\\/blog.tmgrupoinmobiliario.com\\\/fr\\\/2026\\\/02\\\/10\\\/coronella-living-tm-residence-lagune-rose-torrevieja\\\/\"},\"author\":{\"name\":\"aarronis\",\"@id\":\"https:\\\/\\\/blog.tmgrupoinmobiliario.com\\\/fr\\\/#\\\/schema\\\/person\\\/8e4e8071a8c4099aa4b4d849cb745947\"},\"headline\":\"Coronella Living by TM: o\u00f9 la douceur m\u00e9diterran\u00e9enne devient votre chez-vous\",\"datePublished\":\"2026-02-10T09:31:52+00:00\",\"dateModified\":\"2026-04-21T10:41:47+00:00\",\"mainEntityOfPage\":{\"@id\":\"https:\\\/\\\/blog.tmgrupoinmobiliario.com\\\/fr\\\/2026\\\/02\\\/10\\\/coronella-living-tm-residence-lagune-rose-torrevieja\\\/\"},\"wordCount\":629,\"commentCount\":0,\"image\":{\"@id\":\"https:\\\/\\\/blog.tmgrupoinmobiliario.com\\\/fr\\\/2026\\\/02\\\/10\\\/coronella-living-tm-residence-lagune-rose-torrevieja\\\/#primaryimage\"},\"thumbnailUrl\":\"https:\\\/\\\/blog.tmgrupoinmobiliario.com\\\/fr\\\/wp-content\\\/uploads\\\/sites\\\/5\\\/2026\\\/02\\\/Diseno-sin-titulo-12.png\",\"articleSection\":[\"Votre nouvelle r\u00e9sidence\"],\"inLanguage\":\"fr-FR\",\"potentialAction\":[{\"@type\":\"CommentAction\",\"name\":\"Comment\",\"target\":[\"https:\\\/\\\/blog.tmgrupoinmobiliario.com\\\/fr\\\/2026\\\/02\\\/10\\\/coronella-living-tm-residence-lagune-rose-torrevieja\\\/#respond\"]}]},{\"@type\":\"WebPage\",\"@id\":\"https:\\\/\\\/blog.tmgrupoinmobiliario.com\\\/fr\\\/2026\\\/02\\\/10\\\/coronella-living-tm-residence-lagune-rose-torrevieja\\\/\",\"url\":\"https:\\\/\\\/blog.tmgrupoinmobiliario.com\\\/fr\\\/2026\\\/02\\\/10\\\/coronella-living-tm-residence-lagune-rose-torrevieja\\\/\",\"name\":\"Coronella Living by TM: nouvelle r\u00e9sidence pr\u00e8s de la Lagune Rose\",\"isPartOf\":{\"@id\":\"https:\\\/\\\/blog.tmgrupoinmobiliario.com\\\/fr\\\/#website\"},\"primaryImageOfPage\":{\"@id\":\"https:\\\/\\\/blog.tmgrupoinmobiliario.com\\\/fr\\\/2026\\\/02\\\/10\\\/coronella-living-tm-residence-lagune-rose-torrevieja\\\/#primaryimage\"},\"image\":{\"@id\":\"https:\\\/\\\/blog.tmgrupoinmobiliario.com\\\/fr\\\/2026\\\/02\\\/10\\\/coronella-living-tm-residence-lagune-rose-torrevieja\\\/#primaryimage\"},\"thumbnailUrl\":\"https:\\\/\\\/blog.tmgrupoinmobiliario.com\\\/fr\\\/wp-content\\\/uploads\\\/sites\\\/5\\\/2026\\\/02\\\/Diseno-sin-titulo-12.png\",\"datePublished\":\"2026-02-10T09:31:52+00:00\",\"dateModified\":\"2026-04-21T10:41:47+00:00\",\"author\":{\"@id\":\"https:\\\/\\\/blog.tmgrupoinmobiliario.com\\\/fr\\\/#\\\/schema\\\/person\\\/8e4e8071a8c4099aa4b4d849cb745947\"},\"description\":\"D\u00e9couvrez Coronella Living by TM, une nouvelle r\u00e9sidence proche de la Lagune Rose de Torrevieja avec logements lumineux, espaces ext\u00e9rieurs et style m\u00e9diterran\u00e9en.\",\"breadcrumb\":{\"@id\":\"https:\\\/\\\/blog.tmgrupoinmobiliario.com\\\/fr\\\/2026\\\/02\\\/10\\\/coronella-living-tm-residence-lagune-rose-torrevieja\\\/#breadcrumb\"},\"inLanguage\":\"fr-FR\",\"potentialAction\":[{\"@type\":\"ReadAction\",\"target\":[\"https:\\\/\\\/blog.tmgrupoinmobiliario.com\\\/fr\\\/2026\\\/02\\\/10\\\/coronella-living-tm-residence-lagune-rose-torrevieja\\\/\"]}]},{\"@type\":\"ImageObject\",\"inLanguage\":\"fr-FR\",\"@id\":\"https:\\\/\\\/blog.tmgrupoinmobiliario.com\\\/fr\\\/2026\\\/02\\\/10\\\/coronella-living-tm-residence-lagune-rose-torrevieja\\\/#primaryimage\",\"url\":\"https:\\\/\\\/blog.tmgrupoinmobiliario.com\\\/fr\\\/wp-content\\\/uploads\\\/sites\\\/5\\\/2026\\\/02\\\/Diseno-sin-titulo-12.png\",\"contentUrl\":\"https:\\\/\\\/blog.tmgrupoinmobiliario.com\\\/fr\\\/wp-content\\\/uploads\\\/sites\\\/5\\\/2026\\\/02\\\/Diseno-sin-titulo-12.png\",\"width\":2048,\"height\":1389},{\"@type\":\"BreadcrumbList\",\"@id\":\"https:\\\/\\\/blog.tmgrupoinmobiliario.com\\\/fr\\\/2026\\\/02\\\/10\\\/coronella-living-tm-residence-lagune-rose-torrevieja\\\/#breadcrumb\",\"itemListElement\":[{\"@type\":\"ListItem\",\"position\":1,\"name\":\"Portada\",\"item\":\"https:\\\/\\\/blog.tmgrupoinmobiliario.com\\\/fr\\\/\"},{\"@type\":\"ListItem\",\"position\":2,\"name\":\"Coronella Living by TM: o\u00f9 la douceur m\u00e9diterran\u00e9enne devient votre chez-vous\"}]},{\"@type\":\"WebSite\",\"@id\":\"https:\\\/\\\/blog.tmgrupoinmobiliario.com\\\/fr\\\/#website\",\"url\":\"https:\\\/\\\/blog.tmgrupoinmobiliario.com\\\/fr\\\/\",\"name\":\"Francais\",\"description\":\"Otro sitio m\u00e1s de Blog Desarrollo TM sitios\",\"potentialAction\":[{\"@type\":\"SearchAction\",\"target\":{\"@type\":\"EntryPoint\",\"urlTemplate\":\"https:\\\/\\\/blog.tmgrupoinmobiliario.com\\\/fr\\\/?s={search_term_string}\"},\"query-input\":{\"@type\":\"PropertyValueSpecification\",\"valueRequired\":true,\"valueName\":\"search_term_string\"}}],\"inLanguage\":\"fr-FR\"},{\"@type\":\"Person\",\"@id\":\"https:\\\/\\\/blog.tmgrupoinmobiliario.com\\\/fr\\\/#\\\/schema\\\/person\\\/8e4e8071a8c4099aa4b4d849cb745947\",\"name\":\"aarronis\",\"image\":{\"@type\":\"ImageObject\",\"inLanguage\":\"fr-FR\",\"@id\":\"https:\\\/\\\/secure.gravatar.com\\\/avatar\\\/60f76a146408f2a80dff548ee9b8b6dfa39f7e5c24b08f0c4b780d959c132c1e?s=96&d=mm&r=g\",\"url\":\"https:\\\/\\\/secure.gravatar.com\\\/avatar\\\/60f76a146408f2a80dff548ee9b8b6dfa39f7e5c24b08f0c4b780d959c132c1e?s=96&d=mm&r=g\",\"contentUrl\":\"https:\\\/\\\/secure.gravatar.com\\\/avatar\\\/60f76a146408f2a80dff548ee9b8b6dfa39f7e5c24b08f0c4b780d959c132c1e?s=96&d=mm&r=g\",\"caption\":\"aarronis\"},\"url\":\"https:\\\/\\\/blog.tmgrupoinmobiliario.com\\\/fr\\\/author\\\/aarronis\\\/\"}]}<\/script>\n<!-- \/ Yoast SEO Premium plugin. -->","yoast_head_json":{"title":"Coronella Living by TM: nouvelle r\u00e9sidence pr\u00e8s de la Lagune Rose","description":"D\u00e9couvrez Coronella Living by TM, une nouvelle r\u00e9sidence proche de la Lagune Rose de Torrevieja avec logements lumineux, espaces ext\u00e9rieurs et style m\u00e9diterran\u00e9en.","robots":{"index":"index","follow":"follow","max-snippet":"max-snippet:-1","max-image-preview":"max-image-preview:large","max-video-preview":"max-video-preview:-1"},"canonical":"https:\/\/blog.tmgrupoinmobiliario.com\/fr\/2026\/02\/10\/coronella-living-tm-residence-lagune-rose-torrevieja\/","og_locale":"fr_FR","og_type":"article","og_title":"Coronella Living by TM: o\u00f9 la douceur m\u00e9diterran\u00e9enne devient votre chez-vous","og_description":"D\u00e9couvrez Coronella Living by TM, une nouvelle r\u00e9sidence proche de la Lagune Rose de Torrevieja avec logements lumineux, espaces ext\u00e9rieurs et style m\u00e9diterran\u00e9en.","og_url":"https:\/\/blog.tmgrupoinmobiliario.com\/fr\/2026\/02\/10\/coronella-living-tm-residence-lagune-rose-torrevieja\/","og_site_name":"Francais","article_published_time":"2026-02-10T09:31:52+00:00","article_modified_time":"2026-04-21T10:41:47+00:00","og_image":[{"width":2048,"height":1389,"url":"https:\/\/blog.tmgrupoinmobiliario.com\/fr\/wp-content\/uploads\/sites\/5\/2026\/02\/Diseno-sin-titulo-12.png","type":"image\/png"}],"author":"aarronis","twitter_card":"summary_large_image","twitter_misc":{"\u00c9crit par":"aarronis","Dur\u00e9e de lecture estim\u00e9e":"3 minutes"},"schema":{"@context":"https:\/\/schema.org","@graph":[{"@type":"Article","@id":"https:\/\/blog.tmgrupoinmobiliario.com\/fr\/2026\/02\/10\/coronella-living-tm-residence-lagune-rose-torrevieja\/#article","isPartOf":{"@id":"https:\/\/blog.tmgrupoinmobiliario.com\/fr\/2026\/02\/10\/coronella-living-tm-residence-lagune-rose-torrevieja\/"},"author":{"name":"aarronis","@id":"https:\/\/blog.tmgrupoinmobiliario.com\/fr\/#\/schema\/person\/8e4e8071a8c4099aa4b4d849cb745947"},"headline":"Coronella Living by TM: o\u00f9 la douceur m\u00e9diterran\u00e9enne devient votre chez-vous","datePublished":"2026-02-10T09:31:52+00:00","dateModified":"2026-04-21T10:41:47+00:00","mainEntityOfPage":{"@id":"https:\/\/blog.tmgrupoinmobiliario.com\/fr\/2026\/02\/10\/coronella-living-tm-residence-lagune-rose-torrevieja\/"},"wordCount":629,"commentCount":0,"image":{"@id":"https:\/\/blog.tmgrupoinmobiliario.com\/fr\/2026\/02\/10\/coronella-living-tm-residence-lagune-rose-torrevieja\/#primaryimage"},"thumbnailUrl":"https:\/\/blog.tmgrupoinmobiliario.com\/fr\/wp-content\/uploads\/sites\/5\/2026\/02\/Diseno-sin-titulo-12.png","articleSection":["Votre nouvelle r\u00e9sidence"],"inLanguage":"fr-FR","potentialAction":[{"@type":"CommentAction","name":"Comment","target":["https:\/\/blog.tmgrupoinmobiliario.com\/fr\/2026\/02\/10\/coronella-living-tm-residence-lagune-rose-torrevieja\/#respond"]}]},{"@type":"WebPage","@id":"https:\/\/blog.tmgrupoinmobiliario.com\/fr\/2026\/02\/10\/coronella-living-tm-residence-lagune-rose-torrevieja\/","url":"https:\/\/blog.tmgrupoinmobiliario.com\/fr\/2026\/02\/10\/coronella-living-tm-residence-lagune-rose-torrevieja\/","name":"Coronella Living by TM: nouvelle r\u00e9sidence pr\u00e8s de la Lagune Rose","isPartOf":{"@id":"https:\/\/blog.tmgrupoinmobiliario.com\/fr\/#website"},"primaryImageOfPage":{"@id":"https:\/\/blog.tmgrupoinmobiliario.com\/fr\/2026\/02\/10\/coronella-living-tm-residence-lagune-rose-torrevieja\/#primaryimage"},"image":{"@id":"https:\/\/blog.tmgrupoinmobiliario.com\/fr\/2026\/02\/10\/coronella-living-tm-residence-lagune-rose-torrevieja\/#primaryimage"},"thumbnailUrl":"https:\/\/blog.tmgrupoinmobiliario.com\/fr\/wp-content\/uploads\/sites\/5\/2026\/02\/Diseno-sin-titulo-12.png","datePublished":"2026-02-10T09:31:52+00:00","dateModified":"2026-04-21T10:41:47+00:00","author":{"@id":"https:\/\/blog.tmgrupoinmobiliario.com\/fr\/#\/schema\/person\/8e4e8071a8c4099aa4b4d849cb745947"},"description":"D\u00e9couvrez Coronella Living by TM, une nouvelle r\u00e9sidence proche de la Lagune Rose de Torrevieja avec logements lumineux, espaces ext\u00e9rieurs et style m\u00e9diterran\u00e9en.","breadcrumb":{"@id":"https:\/\/blog.tmgrupoinmobiliario.com\/fr\/2026\/02\/10\/coronella-living-tm-residence-lagune-rose-torrevieja\/#breadcrumb"},"inLanguage":"fr-FR","potentialAction":[{"@type":"ReadAction","target":["https:\/\/blog.tmgrupoinmobiliario.com\/fr\/2026\/02\/10\/coronella-living-tm-residence-lagune-rose-torrevieja\/"]}]},{"@type":"ImageObject","inLanguage":"fr-FR","@id":"https:\/\/blog.tmgrupoinmobiliario.com\/fr\/2026\/02\/10\/coronella-living-tm-residence-lagune-rose-torrevieja\/#primaryimage","url":"https:\/\/blog.tmgrupoinmobiliario.com\/fr\/wp-content\/uploads\/sites\/5\/2026\/02\/Diseno-sin-titulo-12.png","contentUrl":"https:\/\/blog.tmgrupoinmobiliario.com\/fr\/wp-content\/uploads\/sites\/5\/2026\/02\/Diseno-sin-titulo-12.png","width":2048,"height":1389},{"@type":"BreadcrumbList","@id":"https:\/\/blog.tmgrupoinmobiliario.com\/fr\/2026\/02\/10\/coronella-living-tm-residence-lagune-rose-torrevieja\/#breadcrumb","itemListElement":[{"@type":"ListItem","position":1,"name":"Portada","item":"https:\/\/blog.tmgrupoinmobiliario.com\/fr\/"},{"@type":"ListItem","position":2,"name":"Coronella Living by TM: o\u00f9 la douceur m\u00e9diterran\u00e9enne devient votre chez-vous"}]},{"@type":"WebSite","@id":"https:\/\/blog.tmgrupoinmobiliario.com\/fr\/#website","url":"https:\/\/blog.tmgrupoinmobiliario.com\/fr\/","name":"Francais","description":"Otro sitio m\u00e1s de Blog Desarrollo TM sitios","potentialAction":[{"@type":"SearchAction","target":{"@type":"EntryPoint","urlTemplate":"https:\/\/blog.tmgrupoinmobiliario.com\/fr\/?s={search_term_string}"},"query-input":{"@type":"PropertyValueSpecification","valueRequired":true,"valueName":"search_term_string"}}],"inLanguage":"fr-FR"},{"@type":"Person","@id":"https:\/\/blog.tmgrupoinmobiliario.com\/fr\/#\/schema\/person\/8e4e8071a8c4099aa4b4d849cb745947","name":"aarronis","image":{"@type":"ImageObject","inLanguage":"fr-FR","@id":"https:\/\/secure.gravatar.com\/avatar\/60f76a146408f2a80dff548ee9b8b6dfa39f7e5c24b08f0c4b780d959c132c1e?s=96&d=mm&r=g","url":"https:\/\/secure.gravatar.com\/avatar\/60f76a146408f2a80dff548ee9b8b6dfa39f7e5c24b08f0c4b780d959c132c1e?s=96&d=mm&r=g","contentUrl":"https:\/\/secure.gravatar.com\/avatar\/60f76a146408f2a80dff548ee9b8b6dfa39f7e5c24b08f0c4b780d959c132c1e?s=96&d=mm&r=g","caption":"aarronis"},"url":"https:\/\/blog.tmgrupoinmobiliario.com\/fr\/author\/aarronis\/"}]}},"jetpack_featured_media_url":"https:\/\/blog.tmgrupoinmobiliario.com\/fr\/wp-content\/uploads\/sites\/5\/2026\/02\/Diseno-sin-titulo-12.png","jetpack_sharing_enabled":true,"_links":{"self":[{"href":"https:\/\/blog.tmgrupoinmobiliario.com\/fr\/wp-json\/wp\/v2\/posts\/20452","targetHints":{"allow":["GET"]}}],"collection":[{"href":"https:\/\/blog.tmgrupoinmobiliario.com\/fr\/wp-json\/wp\/v2\/posts"}],"about":[{"href":"https:\/\/blog.tmgrupoinmobiliario.com\/fr\/wp-json\/wp\/v2\/types\/post"}],"author":[{"embeddable":true,"href":"https:\/\/blog.tmgrupoinmobiliario.com\/fr\/wp-json\/wp\/v2\/users\/11731"}],"replies":[{"embeddable":true,"href":"https:\/\/blog.tmgrupoinmobiliario.com\/fr\/wp-json\/wp\/v2\/comments?post=20452"}],"version-history":[{"count":5,"href":"https:\/\/blog.tmgrupoinmobiliario.com\/fr\/wp-json\/wp\/v2\/posts\/20452\/revisions"}],"predecessor-version":[{"id":20552,"href":"https:\/\/blog.tmgrupoinmobiliario.com\/fr\/wp-json\/wp\/v2\/posts\/20452\/revisions\/20552"}],"wp:featuredmedia":[{"embeddable":true,"href":"https:\/\/blog.tmgrupoinmobiliario.com\/fr\/wp-json\/wp\/v2\/media\/20453"}],"wp:attachment":[{"href":"https:\/\/blog.tmgrupoinmobiliario.com\/fr\/wp-json\/wp\/v2\/media?parent=20452"}],"wp:term":[{"taxonomy":"category","embeddable":true,"href":"https:\/\/blog.tmgrupoinmobiliario.com\/fr\/wp-json\/wp\/v2\/categories?post=20452"},{"taxonomy":"post_tag","embeddable":true,"href":"https:\/\/blog.tmgrupoinmobiliario.com\/fr\/wp-json\/wp\/v2\/tags?post=20452"}],"curies":[{"name":"wp","href":"https:\/\/api.w.org\/{rel}","templated":true}]}}