{"id":20283,"date":"2025-03-31T10:59:47","date_gmt":"2025-03-31T08:59:47","guid":{"rendered":"https:\/\/blog.tmgrupoinmobiliario.com\/fr\/?p=20283"},"modified":"2025-03-31T10:59:47","modified_gmt":"2025-03-31T08:59:47","slug":"6-plans-pour-ce-printemps-a-valence","status":"publish","type":"post","link":"https:\/\/blog.tmgrupoinmobiliario.com\/fr\/2025\/03\/31\/6-plans-pour-ce-printemps-a-valence\/","title":{"rendered":"6 plans pour ce printemps \u00e0 Valence"},"content":{"rendered":"<h2><\/h2>\n<h4><span style=\"color: #ff0000\"><strong>Parcourez \u00e0 v\u00e9lo le Jard\u00edn del Turia<\/strong><\/span><\/h4>\n<p>Le Jard\u00edn del Turia, qui traverse l&#8217;ensemble de Valence, constitue le poumon vert de la ville et l&#8217;un des lieux les plus propices pour profiter d&#8217;une balade en plein air au printemps. La location de v\u00e9los est disponible \u00e0 divers points du Jardin, vous permettant de vous d\u00e9placer d&#8217;une extr\u00e9mit\u00e9 \u00e0 l&#8217;autre de cet espace agr\u00e9ment\u00e9 de jardins, de fontaines et de zones d&#8217;ombre. Le parcours vous conduira \u00e0 travers des sites tels que le Bioparc, le Palau de la M\u00fasica et l&#8217;H\u00e9misph\u00e9rique, vous offrant l&#8217;occasion d&#8217;admirer la v\u00e9g\u00e9tation en pleine floraison durant cette p\u00e9riode de l&#8217;ann\u00e9e. Un plan id\u00e9al pour vous reconnecter avec la nature !<\/p>\n<h4><span style=\"color: #ff0000\"><strong>Profitez de la plage de la Malvarrosa<\/strong><\/span><\/h4>\n<p>La plage de la Malvarrosa est l&#8217;un des lieux les plus embl\u00e9matiques de Valence, et au printemps, elle se r\u00e9v\u00e8le id\u00e9ale pour profiter du soleil. Les temp\u00e9ratures \u00e9tant parfaites en cette saison, il est agr\u00e9able de fl\u00e2ner le long du rivage ou de s&#8217;offrir un bain relaxant dans la mer. Par ailleurs, les chiringuitos qui jalonnent la plage proposent des plats typiques de la r\u00e9gion, tels que la paella ou les tapas, vous permettant ainsi de savourer la gastronomie locale tout en contemplant les vues imprenables sur l\u2019azur de l\u2019oc\u00e9an.<\/p>\n<h4><span style=\"color: #ff0000\"><strong>Visitez la Cit\u00e9 des Arts et des Sciences<\/strong><\/span><\/h4>\n<p>La Cit\u00e9 des Arts et des Sciences de Valence est l&#8217;un des attraits touristiques majeurs de la ville. Au printemps, vous pouvez parcourir ses impressionnantes structures en plein air, telles que l&#8217;H\u00e9misph\u00e9rique, le pont de l\u2019Oceanogr\u00e0fic et l\u2019\u00c1gora, tout en vous \u00e9merveillant devant l&#8217;environnement naturel qui l&#8217;entoure. De plus, les jardins qui ornent ce quartier s&#8217;animent au printemps dans une explosion de couleurs. Si vous \u00eates passionn\u00e9 d&#8217;architecture et d&#8217;art, cet endroit est une \u00e9tape incontournable.<\/p>\n<h4><span style=\"color: #ff0000\"><strong>D\u00e9couvrez les Jardins de Monforte<\/strong><\/span><\/h4>\n<p>Si vous recherchez un havre de paix empli de beaut\u00e9, les Jardins de Monforte constituent une halte incontournable. Situ\u00e9s \u00e0 deux pas du centre de Valence, ces jardins de style n\u00e9oclassique vous surprendront par leurs fontaines, sculptures et une v\u00e9g\u00e9tation luxuriante qui, au printemps, se pare de tout son \u00e9clat. C&#8217;est l&#8217;endroit id\u00e9al pour fl\u00e2ner, se d\u00e9tendre et se ressourcer, ou m\u00eame pour organiser un pique-nique entour\u00e9 de fleurs et de jardins minutieusement entretenus.<\/p>\n<h4><span style=\"color: #ff0000\"><strong>Go\u00fbtez la gastronomie au March\u00e9 Central de Valence<\/strong><\/span><\/h4>\n<p>Pour les amateurs de cuisine, le March\u00e9 Central repr\u00e9sente une exp\u00e9rience \u00e0 ne pas manquer pour d\u00e9couvrir des produits frais de saison, tels que fruits, l\u00e9gumes, poissons, viandes, produits de salaison et charcuteries. Outre la promenade \u00e0 travers ses \u00e9tals color\u00e9s, vous aurez l&#8217;occasion de savourer des d\u00e9lices locaux comme l&#8217;horchata, la paella ou encore les escargots. Une excellente mani\u00e8re de vous immerger dans la culture culinaire valencienne et d&#8217;emporter quelques produits typiques pour \u00e9voquer le souvenir de votre voyage.<\/p>\n<h4><span style=\"color: #ff0000\"><strong>Impr\u00e9gnez-vous du quartier du Carmen<\/strong><\/span><\/h4>\n<p>Le quartier du Carmen est l&#8217;un des plus embl\u00e9matiques de Valence, reconnu pour ses ruelles \u00e9troites charg\u00e9es d&#8217;histoire, d&#8217;art et de vie. Au printemps, le climat est id\u00e9al pour explorer ses rues et d\u00e9couvrir les nombreux fresques d&#8217;art urbain, les anciennes \u00e9glises ainsi que les places pittoresques qui conf\u00e8rent \u00e0 ce quartier tout son charme. De plus, une large s\u00e9lection de bars et de caf\u00e9s vous attend, o\u00f9 vous pourrez d\u00e9guster des tapas, des cocktails ou un excellent caf\u00e9 en terrasse. Le quartier du Carmen est parfait pour ceux qui souhaitent s&#8217;impr\u00e9gner de l&#8217;essence locale et d\u00e9nicher des recoins secrets.<\/p>\n<h4><span style=\"color: #ff0000\"><strong>Vivez Valence ce printemps !<\/strong><\/span><\/h4>\n<p>Vous l&#8217;avez compris, Valence offre une offre culturelle et gastronomique remarquable, agr\u00e9ment\u00e9e de nombreux espaces verts et du charme de la mer. Valence vous invite \u00e0 vivre le printemps de mani\u00e8re unique et in\u00e9gal\u00e9e gr\u00e2ce \u00e0 son climat exceptionnel. Profitez de cette ville ce printemps lors d&#8217;un week-end inoubliable !<\/p>\n<p>&nbsp;<\/p>\n","protected":false},"excerpt":{"rendered":"<p>Parcourez \u00e0 v\u00e9lo le Jard\u00edn del Turia Le Jard\u00edn del Turia, qui traverse l&#8217;ensemble de Valence, constitue le poumon vert de la ville et l&#8217;un des lieux les plus propices pour profiter d&#8217;une balade en plein air au printemps. La location de v\u00e9los est disponible \u00e0 divers points du Jardin, vous permettant de vous d\u00e9placer [&hellip;]<\/p>\n","protected":false},"author":11729,"featured_media":20286,"comment_status":"open","ping_status":"open","sticky":false,"template":"","format":"standard","meta":{"_jetpack_memberships_contains_paid_content":false,"footnotes":""},"categories":[41],"tags":[316,314,315,313,312,80],"class_list":["post-20283","post","type-post","status-publish","format-standard","has-post-thumbnail","hentry","category-vos-vacances","tag-cite-des-arts-et-des-sciences","tag-jardin-del-turia","tag-plage-de-la-malvarrosa","tag-plans-printemps-valencia","tag-printemps-valencia","tag-tm-real-estate-group","formato-blog"],"better_featured_image":{"id":20286,"alt_text":"6 plans pour ce printemps \u00e0 Valence","caption":"","description":"","media_type":"image","media_details":{"width":1000,"height":666,"file":"2025\/03\/6-planes-para-esta-primavera-en-Valencia-1.jpg","filesize":227314,"sizes":{},"image_meta":{"aperture":"0","credit":"","camera":"","caption":"","created_timestamp":"0","copyright":"","focal_length":"0","iso":"0","shutter_speed":"0","title":"","orientation":"1","keywords":[]}},"post":20283,"source_url":"https:\/\/blog.tmgrupoinmobiliario.com\/fr\/wp-content\/uploads\/sites\/5\/2025\/03\/6-planes-para-esta-primavera-en-Valencia-1.jpg"},"acf":{"imagen_destacada_desktop":"https:\/\/blog.tmgrupoinmobiliario.com\/fr\/wp-content\/uploads\/sites\/5\/2025\/03\/6-planes-para-esta-primavera-en-Valencia.jpg","imagen_destacada_mobile":"https:\/\/blog.tmgrupoinmobiliario.com\/fr\/wp-content\/uploads\/sites\/5\/2025\/03\/6-planes-para-esta-primavera-en-Valencia-2.jpg","formato":{"term_id":37,"name":"Blog","slug":"blog","term_group":0,"term_taxonomy_id":37,"taxonomy":"formato","description":"","parent":0,"count":110,"filter":"raw"},"entradilla":"Le printemps est d\u00e9j\u00e0 l\u00e0 et Valence fait partie des destinations id\u00e9ales pour profiter d'un climat agr\u00e9able, d'une richesse culturelle authentique et d'une gastronomie savoureuse. Cette ville m\u00e9diterran\u00e9enne propose une multitude d'activit\u00e9s parfaites pour savourer le soleil, les couleurs et les senteurs enivrantes qui emplissent l'air en cette saison. Nous vous pr\u00e9sentons six propositions incontournables \u00e0 Valence.","etiquetas":"","cabecera_escritorio":"https:\/\/blog.tmgrupoinmobiliario.com\/fr\/wp-content\/uploads\/sites\/5\/2025\/03\/6-planes-para-esta-primavera-en-Valencia-4.jpg","cabecera_mobile":"https:\/\/blog.tmgrupoinmobiliario.com\/fr\/wp-content\/uploads\/sites\/5\/2025\/03\/6-planes-para-esta-primavera-en-Valencia-3.jpg","galeria":false},"yoast_head":"<!-- This site is optimized with the Yoast SEO Premium plugin v23.6 (Yoast SEO v27.5) - https:\/\/yoast.com\/product\/yoast-seo-premium-wordpress\/ -->\n<title>6 plans pour ce printemps \u00e0 Valence - Francais<\/title>\n<meta name=\"description\" content=\"Valence fait partie des destinations id\u00e9ales pour profiter d&#039;un climat agr\u00e9able, d&#039;une richesse culturelle authentique et d&#039;une gastronomie savoureuse. Nous vous pr\u00e9sentons six propositions incontournables \u00e0 Valence.\" \/>\n<meta name=\"robots\" content=\"index, follow, max-snippet:-1, max-image-preview:large, max-video-preview:-1\" \/>\n<link rel=\"canonical\" href=\"https:\/\/blog.tmgrupoinmobiliario.com\/fr\/2025\/03\/31\/6-plans-pour-ce-printemps-a-valence\/\" \/>\n<meta property=\"og:locale\" content=\"fr_FR\" \/>\n<meta property=\"og:type\" content=\"article\" \/>\n<meta property=\"og:title\" content=\"6 plans pour ce printemps \u00e0 Valence\" \/>\n<meta property=\"og:description\" content=\"Valence fait partie des destinations id\u00e9ales pour profiter d&#039;un climat agr\u00e9able, d&#039;une richesse culturelle authentique et d&#039;une gastronomie savoureuse. Nous vous pr\u00e9sentons six propositions incontournables \u00e0 Valence.\" \/>\n<meta property=\"og:url\" content=\"https:\/\/blog.tmgrupoinmobiliario.com\/fr\/2025\/03\/31\/6-plans-pour-ce-printemps-a-valence\/\" \/>\n<meta property=\"og:site_name\" content=\"Francais\" \/>\n<meta property=\"article:published_time\" content=\"2025-03-31T08:59:47+00:00\" \/>\n<meta property=\"og:image\" content=\"https:\/\/blog.tmgrupoinmobiliario.com\/fr\/wp-content\/uploads\/sites\/5\/2025\/03\/6-planes-para-esta-primavera-en-Valencia-1.jpg\" \/>\n\t<meta property=\"og:image:width\" content=\"1000\" \/>\n\t<meta property=\"og:image:height\" content=\"666\" \/>\n\t<meta property=\"og:image:type\" content=\"image\/jpeg\" \/>\n<meta name=\"author\" content=\"indira\" \/>\n<meta name=\"twitter:card\" content=\"summary_large_image\" \/>\n<meta name=\"twitter:label1\" content=\"\u00c9crit par\" \/>\n\t<meta name=\"twitter:data1\" content=\"indira\" \/>\n\t<meta name=\"twitter:label2\" content=\"Dur\u00e9e de lecture estim\u00e9e\" \/>\n\t<meta name=\"twitter:data2\" content=\"4 minutes\" \/>\n<script type=\"application\/ld+json\" class=\"yoast-schema-graph\">{\"@context\":\"https:\\\/\\\/schema.org\",\"@graph\":[{\"@type\":\"Article\",\"@id\":\"https:\\\/\\\/blog.tmgrupoinmobiliario.com\\\/fr\\\/2025\\\/03\\\/31\\\/6-plans-pour-ce-printemps-a-valence\\\/#article\",\"isPartOf\":{\"@id\":\"https:\\\/\\\/blog.tmgrupoinmobiliario.com\\\/fr\\\/2025\\\/03\\\/31\\\/6-plans-pour-ce-printemps-a-valence\\\/\"},\"author\":{\"name\":\"indira\",\"@id\":\"https:\\\/\\\/blog.tmgrupoinmobiliario.com\\\/fr\\\/#\\\/schema\\\/person\\\/bbbac745abadad64177a5ee6a73cbf7c\"},\"headline\":\"6 plans pour ce printemps \u00e0 Valence\",\"datePublished\":\"2025-03-31T08:59:47+00:00\",\"mainEntityOfPage\":{\"@id\":\"https:\\\/\\\/blog.tmgrupoinmobiliario.com\\\/fr\\\/2025\\\/03\\\/31\\\/6-plans-pour-ce-printemps-a-valence\\\/\"},\"wordCount\":712,\"commentCount\":0,\"image\":{\"@id\":\"https:\\\/\\\/blog.tmgrupoinmobiliario.com\\\/fr\\\/2025\\\/03\\\/31\\\/6-plans-pour-ce-printemps-a-valence\\\/#primaryimage\"},\"thumbnailUrl\":\"https:\\\/\\\/blog.tmgrupoinmobiliario.com\\\/fr\\\/wp-content\\\/uploads\\\/sites\\\/5\\\/2025\\\/03\\\/6-planes-para-esta-primavera-en-Valencia-1.jpg\",\"keywords\":[\"Cit\u00e9 des Arts et des Sciences\",\"Jard\u00edn del Turia\",\"plage de la Malvarrosa\",\"plans printemps Valencia\",\"printemps Valencia\",\"TM Real Estate Group\"],\"articleSection\":[\"Vos vacances\"],\"inLanguage\":\"fr-FR\",\"potentialAction\":[{\"@type\":\"CommentAction\",\"name\":\"Comment\",\"target\":[\"https:\\\/\\\/blog.tmgrupoinmobiliario.com\\\/fr\\\/2025\\\/03\\\/31\\\/6-plans-pour-ce-printemps-a-valence\\\/#respond\"]}]},{\"@type\":\"WebPage\",\"@id\":\"https:\\\/\\\/blog.tmgrupoinmobiliario.com\\\/fr\\\/2025\\\/03\\\/31\\\/6-plans-pour-ce-printemps-a-valence\\\/\",\"url\":\"https:\\\/\\\/blog.tmgrupoinmobiliario.com\\\/fr\\\/2025\\\/03\\\/31\\\/6-plans-pour-ce-printemps-a-valence\\\/\",\"name\":\"6 plans pour ce printemps \u00e0 Valence - Francais\",\"isPartOf\":{\"@id\":\"https:\\\/\\\/blog.tmgrupoinmobiliario.com\\\/fr\\\/#website\"},\"primaryImageOfPage\":{\"@id\":\"https:\\\/\\\/blog.tmgrupoinmobiliario.com\\\/fr\\\/2025\\\/03\\\/31\\\/6-plans-pour-ce-printemps-a-valence\\\/#primaryimage\"},\"image\":{\"@id\":\"https:\\\/\\\/blog.tmgrupoinmobiliario.com\\\/fr\\\/2025\\\/03\\\/31\\\/6-plans-pour-ce-printemps-a-valence\\\/#primaryimage\"},\"thumbnailUrl\":\"https:\\\/\\\/blog.tmgrupoinmobiliario.com\\\/fr\\\/wp-content\\\/uploads\\\/sites\\\/5\\\/2025\\\/03\\\/6-planes-para-esta-primavera-en-Valencia-1.jpg\",\"datePublished\":\"2025-03-31T08:59:47+00:00\",\"author\":{\"@id\":\"https:\\\/\\\/blog.tmgrupoinmobiliario.com\\\/fr\\\/#\\\/schema\\\/person\\\/bbbac745abadad64177a5ee6a73cbf7c\"},\"description\":\"Valence fait partie des destinations id\u00e9ales pour profiter d'un climat agr\u00e9able, d'une richesse culturelle authentique et d'une gastronomie savoureuse. Nous vous pr\u00e9sentons six propositions incontournables \u00e0 Valence.\",\"breadcrumb\":{\"@id\":\"https:\\\/\\\/blog.tmgrupoinmobiliario.com\\\/fr\\\/2025\\\/03\\\/31\\\/6-plans-pour-ce-printemps-a-valence\\\/#breadcrumb\"},\"inLanguage\":\"fr-FR\",\"potentialAction\":[{\"@type\":\"ReadAction\",\"target\":[\"https:\\\/\\\/blog.tmgrupoinmobiliario.com\\\/fr\\\/2025\\\/03\\\/31\\\/6-plans-pour-ce-printemps-a-valence\\\/\"]}]},{\"@type\":\"ImageObject\",\"inLanguage\":\"fr-FR\",\"@id\":\"https:\\\/\\\/blog.tmgrupoinmobiliario.com\\\/fr\\\/2025\\\/03\\\/31\\\/6-plans-pour-ce-printemps-a-valence\\\/#primaryimage\",\"url\":\"https:\\\/\\\/blog.tmgrupoinmobiliario.com\\\/fr\\\/wp-content\\\/uploads\\\/sites\\\/5\\\/2025\\\/03\\\/6-planes-para-esta-primavera-en-Valencia-1.jpg\",\"contentUrl\":\"https:\\\/\\\/blog.tmgrupoinmobiliario.com\\\/fr\\\/wp-content\\\/uploads\\\/sites\\\/5\\\/2025\\\/03\\\/6-planes-para-esta-primavera-en-Valencia-1.jpg\",\"width\":1000,\"height\":666,\"caption\":\"6 plans pour ce printemps \u00e0 Valence\"},{\"@type\":\"BreadcrumbList\",\"@id\":\"https:\\\/\\\/blog.tmgrupoinmobiliario.com\\\/fr\\\/2025\\\/03\\\/31\\\/6-plans-pour-ce-printemps-a-valence\\\/#breadcrumb\",\"itemListElement\":[{\"@type\":\"ListItem\",\"position\":1,\"name\":\"Portada\",\"item\":\"https:\\\/\\\/blog.tmgrupoinmobiliario.com\\\/fr\\\/\"},{\"@type\":\"ListItem\",\"position\":2,\"name\":\"6 plans pour ce printemps \u00e0 Valence\"}]},{\"@type\":\"WebSite\",\"@id\":\"https:\\\/\\\/blog.tmgrupoinmobiliario.com\\\/fr\\\/#website\",\"url\":\"https:\\\/\\\/blog.tmgrupoinmobiliario.com\\\/fr\\\/\",\"name\":\"Francais\",\"description\":\"Otro sitio m\u00e1s de Blog Desarrollo TM sitios\",\"potentialAction\":[{\"@type\":\"SearchAction\",\"target\":{\"@type\":\"EntryPoint\",\"urlTemplate\":\"https:\\\/\\\/blog.tmgrupoinmobiliario.com\\\/fr\\\/?s={search_term_string}\"},\"query-input\":{\"@type\":\"PropertyValueSpecification\",\"valueRequired\":true,\"valueName\":\"search_term_string\"}}],\"inLanguage\":\"fr-FR\"},{\"@type\":\"Person\",\"@id\":\"https:\\\/\\\/blog.tmgrupoinmobiliario.com\\\/fr\\\/#\\\/schema\\\/person\\\/bbbac745abadad64177a5ee6a73cbf7c\",\"name\":\"indira\",\"image\":{\"@type\":\"ImageObject\",\"inLanguage\":\"fr-FR\",\"@id\":\"https:\\\/\\\/secure.gravatar.com\\\/avatar\\\/e9bcc7a0bb2179240c56a1875899ce9a1dfa15d5b7527f71259eaee6010d7203?s=96&d=mm&r=g\",\"url\":\"https:\\\/\\\/secure.gravatar.com\\\/avatar\\\/e9bcc7a0bb2179240c56a1875899ce9a1dfa15d5b7527f71259eaee6010d7203?s=96&d=mm&r=g\",\"contentUrl\":\"https:\\\/\\\/secure.gravatar.com\\\/avatar\\\/e9bcc7a0bb2179240c56a1875899ce9a1dfa15d5b7527f71259eaee6010d7203?s=96&d=mm&r=g\",\"caption\":\"indira\"},\"url\":\"https:\\\/\\\/blog.tmgrupoinmobiliario.com\\\/fr\\\/author\\\/indira\\\/\"}]}<\/script>\n<!-- \/ Yoast SEO Premium plugin. -->","yoast_head_json":{"title":"6 plans pour ce printemps \u00e0 Valence - Francais","description":"Valence fait partie des destinations id\u00e9ales pour profiter d'un climat agr\u00e9able, d'une richesse culturelle authentique et d'une gastronomie savoureuse. Nous vous pr\u00e9sentons six propositions incontournables \u00e0 Valence.","robots":{"index":"index","follow":"follow","max-snippet":"max-snippet:-1","max-image-preview":"max-image-preview:large","max-video-preview":"max-video-preview:-1"},"canonical":"https:\/\/blog.tmgrupoinmobiliario.com\/fr\/2025\/03\/31\/6-plans-pour-ce-printemps-a-valence\/","og_locale":"fr_FR","og_type":"article","og_title":"6 plans pour ce printemps \u00e0 Valence","og_description":"Valence fait partie des destinations id\u00e9ales pour profiter d'un climat agr\u00e9able, d'une richesse culturelle authentique et d'une gastronomie savoureuse. Nous vous pr\u00e9sentons six propositions incontournables \u00e0 Valence.","og_url":"https:\/\/blog.tmgrupoinmobiliario.com\/fr\/2025\/03\/31\/6-plans-pour-ce-printemps-a-valence\/","og_site_name":"Francais","article_published_time":"2025-03-31T08:59:47+00:00","og_image":[{"width":1000,"height":666,"url":"https:\/\/blog.tmgrupoinmobiliario.com\/fr\/wp-content\/uploads\/sites\/5\/2025\/03\/6-planes-para-esta-primavera-en-Valencia-1.jpg","type":"image\/jpeg"}],"author":"indira","twitter_card":"summary_large_image","twitter_misc":{"\u00c9crit par":"indira","Dur\u00e9e de lecture estim\u00e9e":"4 minutes"},"schema":{"@context":"https:\/\/schema.org","@graph":[{"@type":"Article","@id":"https:\/\/blog.tmgrupoinmobiliario.com\/fr\/2025\/03\/31\/6-plans-pour-ce-printemps-a-valence\/#article","isPartOf":{"@id":"https:\/\/blog.tmgrupoinmobiliario.com\/fr\/2025\/03\/31\/6-plans-pour-ce-printemps-a-valence\/"},"author":{"name":"indira","@id":"https:\/\/blog.tmgrupoinmobiliario.com\/fr\/#\/schema\/person\/bbbac745abadad64177a5ee6a73cbf7c"},"headline":"6 plans pour ce printemps \u00e0 Valence","datePublished":"2025-03-31T08:59:47+00:00","mainEntityOfPage":{"@id":"https:\/\/blog.tmgrupoinmobiliario.com\/fr\/2025\/03\/31\/6-plans-pour-ce-printemps-a-valence\/"},"wordCount":712,"commentCount":0,"image":{"@id":"https:\/\/blog.tmgrupoinmobiliario.com\/fr\/2025\/03\/31\/6-plans-pour-ce-printemps-a-valence\/#primaryimage"},"thumbnailUrl":"https:\/\/blog.tmgrupoinmobiliario.com\/fr\/wp-content\/uploads\/sites\/5\/2025\/03\/6-planes-para-esta-primavera-en-Valencia-1.jpg","keywords":["Cit\u00e9 des Arts et des Sciences","Jard\u00edn del Turia","plage de la Malvarrosa","plans printemps Valencia","printemps Valencia","TM Real Estate Group"],"articleSection":["Vos vacances"],"inLanguage":"fr-FR","potentialAction":[{"@type":"CommentAction","name":"Comment","target":["https:\/\/blog.tmgrupoinmobiliario.com\/fr\/2025\/03\/31\/6-plans-pour-ce-printemps-a-valence\/#respond"]}]},{"@type":"WebPage","@id":"https:\/\/blog.tmgrupoinmobiliario.com\/fr\/2025\/03\/31\/6-plans-pour-ce-printemps-a-valence\/","url":"https:\/\/blog.tmgrupoinmobiliario.com\/fr\/2025\/03\/31\/6-plans-pour-ce-printemps-a-valence\/","name":"6 plans pour ce printemps \u00e0 Valence - Francais","isPartOf":{"@id":"https:\/\/blog.tmgrupoinmobiliario.com\/fr\/#website"},"primaryImageOfPage":{"@id":"https:\/\/blog.tmgrupoinmobiliario.com\/fr\/2025\/03\/31\/6-plans-pour-ce-printemps-a-valence\/#primaryimage"},"image":{"@id":"https:\/\/blog.tmgrupoinmobiliario.com\/fr\/2025\/03\/31\/6-plans-pour-ce-printemps-a-valence\/#primaryimage"},"thumbnailUrl":"https:\/\/blog.tmgrupoinmobiliario.com\/fr\/wp-content\/uploads\/sites\/5\/2025\/03\/6-planes-para-esta-primavera-en-Valencia-1.jpg","datePublished":"2025-03-31T08:59:47+00:00","author":{"@id":"https:\/\/blog.tmgrupoinmobiliario.com\/fr\/#\/schema\/person\/bbbac745abadad64177a5ee6a73cbf7c"},"description":"Valence fait partie des destinations id\u00e9ales pour profiter d'un climat agr\u00e9able, d'une richesse culturelle authentique et d'une gastronomie savoureuse. Nous vous pr\u00e9sentons six propositions incontournables \u00e0 Valence.","breadcrumb":{"@id":"https:\/\/blog.tmgrupoinmobiliario.com\/fr\/2025\/03\/31\/6-plans-pour-ce-printemps-a-valence\/#breadcrumb"},"inLanguage":"fr-FR","potentialAction":[{"@type":"ReadAction","target":["https:\/\/blog.tmgrupoinmobiliario.com\/fr\/2025\/03\/31\/6-plans-pour-ce-printemps-a-valence\/"]}]},{"@type":"ImageObject","inLanguage":"fr-FR","@id":"https:\/\/blog.tmgrupoinmobiliario.com\/fr\/2025\/03\/31\/6-plans-pour-ce-printemps-a-valence\/#primaryimage","url":"https:\/\/blog.tmgrupoinmobiliario.com\/fr\/wp-content\/uploads\/sites\/5\/2025\/03\/6-planes-para-esta-primavera-en-Valencia-1.jpg","contentUrl":"https:\/\/blog.tmgrupoinmobiliario.com\/fr\/wp-content\/uploads\/sites\/5\/2025\/03\/6-planes-para-esta-primavera-en-Valencia-1.jpg","width":1000,"height":666,"caption":"6 plans pour ce printemps \u00e0 Valence"},{"@type":"BreadcrumbList","@id":"https:\/\/blog.tmgrupoinmobiliario.com\/fr\/2025\/03\/31\/6-plans-pour-ce-printemps-a-valence\/#breadcrumb","itemListElement":[{"@type":"ListItem","position":1,"name":"Portada","item":"https:\/\/blog.tmgrupoinmobiliario.com\/fr\/"},{"@type":"ListItem","position":2,"name":"6 plans pour ce printemps \u00e0 Valence"}]},{"@type":"WebSite","@id":"https:\/\/blog.tmgrupoinmobiliario.com\/fr\/#website","url":"https:\/\/blog.tmgrupoinmobiliario.com\/fr\/","name":"Francais","description":"Otro sitio m\u00e1s de Blog Desarrollo TM sitios","potentialAction":[{"@type":"SearchAction","target":{"@type":"EntryPoint","urlTemplate":"https:\/\/blog.tmgrupoinmobiliario.com\/fr\/?s={search_term_string}"},"query-input":{"@type":"PropertyValueSpecification","valueRequired":true,"valueName":"search_term_string"}}],"inLanguage":"fr-FR"},{"@type":"Person","@id":"https:\/\/blog.tmgrupoinmobiliario.com\/fr\/#\/schema\/person\/bbbac745abadad64177a5ee6a73cbf7c","name":"indira","image":{"@type":"ImageObject","inLanguage":"fr-FR","@id":"https:\/\/secure.gravatar.com\/avatar\/e9bcc7a0bb2179240c56a1875899ce9a1dfa15d5b7527f71259eaee6010d7203?s=96&d=mm&r=g","url":"https:\/\/secure.gravatar.com\/avatar\/e9bcc7a0bb2179240c56a1875899ce9a1dfa15d5b7527f71259eaee6010d7203?s=96&d=mm&r=g","contentUrl":"https:\/\/secure.gravatar.com\/avatar\/e9bcc7a0bb2179240c56a1875899ce9a1dfa15d5b7527f71259eaee6010d7203?s=96&d=mm&r=g","caption":"indira"},"url":"https:\/\/blog.tmgrupoinmobiliario.com\/fr\/author\/indira\/"}]}},"jetpack_featured_media_url":"https:\/\/blog.tmgrupoinmobiliario.com\/fr\/wp-content\/uploads\/sites\/5\/2025\/03\/6-planes-para-esta-primavera-en-Valencia-1.jpg","jetpack_sharing_enabled":true,"_links":{"self":[{"href":"https:\/\/blog.tmgrupoinmobiliario.com\/fr\/wp-json\/wp\/v2\/posts\/20283","targetHints":{"allow":["GET"]}}],"collection":[{"href":"https:\/\/blog.tmgrupoinmobiliario.com\/fr\/wp-json\/wp\/v2\/posts"}],"about":[{"href":"https:\/\/blog.tmgrupoinmobiliario.com\/fr\/wp-json\/wp\/v2\/types\/post"}],"author":[{"embeddable":true,"href":"https:\/\/blog.tmgrupoinmobiliario.com\/fr\/wp-json\/wp\/v2\/users\/11729"}],"replies":[{"embeddable":true,"href":"https:\/\/blog.tmgrupoinmobiliario.com\/fr\/wp-json\/wp\/v2\/comments?post=20283"}],"version-history":[{"count":3,"href":"https:\/\/blog.tmgrupoinmobiliario.com\/fr\/wp-json\/wp\/v2\/posts\/20283\/revisions"}],"predecessor-version":[{"id":20291,"href":"https:\/\/blog.tmgrupoinmobiliario.com\/fr\/wp-json\/wp\/v2\/posts\/20283\/revisions\/20291"}],"wp:featuredmedia":[{"embeddable":true,"href":"https:\/\/blog.tmgrupoinmobiliario.com\/fr\/wp-json\/wp\/v2\/media\/20286"}],"wp:attachment":[{"href":"https:\/\/blog.tmgrupoinmobiliario.com\/fr\/wp-json\/wp\/v2\/media?parent=20283"}],"wp:term":[{"taxonomy":"category","embeddable":true,"href":"https:\/\/blog.tmgrupoinmobiliario.com\/fr\/wp-json\/wp\/v2\/categories?post=20283"},{"taxonomy":"post_tag","embeddable":true,"href":"https:\/\/blog.tmgrupoinmobiliario.com\/fr\/wp-json\/wp\/v2\/tags?post=20283"}],"curies":[{"name":"wp","href":"https:\/\/api.w.org\/{rel}","templated":true}]}}