{"id":19983,"date":"2024-07-08T10:02:17","date_gmt":"2024-07-08T08:02:17","guid":{"rendered":"https:\/\/blog.tmgrupoinmobiliario.com\/fr\/?p=19983"},"modified":"2024-07-08T10:02:17","modified_gmt":"2024-07-08T08:02:17","slug":"la-holding-tm-real-estate-group-accroit-son-chiffre-daffaires-de-22-et-atteint-les-3168-millions-deuros","status":"publish","type":"post","link":"https:\/\/blog.tmgrupoinmobiliario.com\/fr\/2024\/07\/08\/la-holding-tm-real-estate-group-accroit-son-chiffre-daffaires-de-22-et-atteint-les-3168-millions-deuros\/","title":{"rendered":"La holding TM Real Estate Group accro\u00eet son chiffre d\u2019affaires de 22 % et atteint les 316,8 millions d\u2019euros"},"content":{"rendered":"<p><strong>Alicante, 11 juin 2024 <\/strong>\u2013 <a href=\"https:\/\/www.tmgrupoinmobiliario.com\/\"><strong>TM Real Estate Group<\/strong><\/a>, holding originaire d\u2019Alicante, r\u00e9f\u00e9rence dans le secteur du tourisme r\u00e9sidentiel, h\u00f4telier et de vacances et sp\u00e9cialiste de la construction et de la promotion de logements le long de la c\u00f4te m\u00e9diterran\u00e9enne et carib\u00e9enne, a pr\u00e9sent\u00e9 son chiffre d\u2019affaires consolid\u00e9 de l\u2019exercice 2023 avec <strong>un chiffre d\u2019affaires global de 316,8\u00a0millions d\u2019euros, soit 22\u00a0% de plus que pour l\u2019exercice 2022.<\/strong> Ce chiffre d\u2019affaires record s&#8217;est traduit par d\u2019excellents r\u00e9sultats d\u2019<strong>EBITDA consolid\u00e9, atteignant 77,5\u00a0millions d\u2019euros, soit 23\u00a0% de plus que lors de la p\u00e9riode pr\u00e9c\u00e9dente.<\/strong><\/p>\n<p><strong>\u00a0<\/strong><\/p>\n<h3><span style=\"color: #e51e36\"><strong>R\u00e9f\u00e9rence dans le secteur du tourisme r\u00e9sidentiel<\/strong><\/span><\/h3>\n<p>Au cours de l\u2019exercice 2023, la division promotion immobili\u00e8re a renforc\u00e9 sa place de r\u00e9f\u00e9rence dans le secteur du tourisme r\u00e9sidentiel en Espagne, <strong>livrant un total de 696\u00a0logements, soit 33\u00a0% de plus qu\u2019en 2022, et investissant 40\u00a0millions d\u2019euros<\/strong> dans l\u2019acquisition de nouveaux terrains strat\u00e9giques dans l\u2019arc m\u00e9diterran\u00e9en. TM dispose actuellement d\u2019un portefeuille d\u2019un million de m\u00e8tres carr\u00e9s de surface habitable, ce qui repr\u00e9sente 11\u00a0500\u00a0logements.<\/p>\n<p>La division promotion immobili\u00e8re compte actuellement <strong>26\u00a0projets et 1\u00a0800\u00a0logements en cours<\/strong>, et elle pr\u00e9voit de maintenir son d\u00e9veloppement durable gr\u00e2ce \u00e0 son nouveau Plan strat\u00e9gique 2024-2027 dont l\u2019objectif est d\u2019atteindre les <strong>1,1M de chiffre d\u2019affaires, 3\u00a0000\u00a0ventes et 3\u00a0000\u00a0livraisons<\/strong> \u00e0 la fin de cette p\u00e9riode. Pour y parvenir, elle envisage de doubler les investissements d\u00e9di\u00e9s \u00e0 l\u2019acquisition de terrains par rapport au pr\u00e9c\u00e9dent cycle strat\u00e9gique 20-23.<\/p>\n<p>Le profil du client TM est principalement international et, en 2023, <strong>37\u00a0nationalit\u00e9s diff\u00e9rentes ont \u00e9t\u00e9 repr\u00e9sent\u00e9es.<\/strong> <strong>8\u00a0acquisitions sur 10 \u00e9taient issues du march\u00e9 international, notamment<\/strong> de pays comme la <strong>Pologne (18\u00a0%), la Belgique (11\u00a0%), l\u2019Ukraine (8\u00a0%) et les Pays-Bas (6\u00a0%).<\/strong><strong> De m\u00eame, l\u2019entreprise a, cette ann\u00e9e encore, obtenu plus de 95\u00a0% de satisfaction moyenne de la part de ses clients en mati\u00e8re d\u2019acquisition et 86\u00a0% de la part de ses fournisseurs<\/strong>, preuve de son engagement ferme en faveur de l\u2019excellence appliqu\u00e9e \u00e0 ses parties prenantes.<\/p>\n<p>Avec ces chiffres, l\u2019entreprise \u00e9tablie \u00e0 Torrevieja a r\u00e9alis\u00e9 les objectifs commerciaux de son Plan strat\u00e9gique 2020-23, malgr\u00e9 les incertitudes g\u00e9n\u00e9r\u00e9es pendant ces ann\u00e9es par l\u2019\u00e9pid\u00e9mie de COVID-19, le conflit arm\u00e9 en Ukraine, l\u2019inflation ou l\u2019augmentation du co\u00fbt des mati\u00e8res premi\u00e8res et <strong>elle confirme sa position parmi les 10\u00a0meilleures entreprises du secteur de la promotion immobili\u00e8re en Espagne.<\/strong><\/p>\n<p><strong>\u00a0<\/strong><\/p>\n<h3><span style=\"color: #e51e36\"><strong>Consolidation du march\u00e9 h\u00f4telier et de la diversification de la holding<\/strong><\/span><\/h3>\n<p><strong>Le march\u00e9 h\u00f4telier au Mexique, exploit\u00e9 sous la marque The Fives Hotels &amp; Residences, a cl\u00f4tur\u00e9 l\u2019exercice 2023 avec un chiffre d\u2019affaires de 53,7\u00a0millions d\u2019euros, ce qui repr\u00e9sente 17\u00a0% du chiffre d\u2019affaires total du Groupe.<\/strong> La division h\u00f4teli\u00e8re de la holding a \u00e9galement entrepris un nouveau cycle strat\u00e9gique de croissance durable reposant sur les <strong>1\u00a0000\u00a0chambres<\/strong> qu\u2019elle g\u00e8re \u00e0 la Riviera Maya, auxquelles ont r\u00e9cemment \u00e9t\u00e9 int\u00e9gr\u00e9es celles d\u2019un nouvel h\u00f4tel\u00a0: The Beachfront<strong>. The Fives pr\u00e9voit d\u2019atteindre, en 2027, un chiffre d\u2019affaires de 80\u00a0millions d\u2019euros<\/strong>, ce qui conforterait sa position en tant que r\u00e9f\u00e9rence touristique au Mexique.<\/p>\n<p>Concernant les autres divisions d\u2019activit\u00e9s, la division agricole \u00ab\u00a0Las Moreras Fruit &amp; Veggies\u00a0\u00bb a cl\u00f4tur\u00e9 l\u2019exercice 2023 avec une production totale de <strong>2,6\u00a0millions de kilos d\u2019agrumes<\/strong> (37\u00a0% de plus qu\u2019en 2022)\u00a0; la division locations de vacances \u00ab\u00a0Mar Holidays\u00a0\u00bb a g\u00e9r\u00e9 pr\u00e8s de <strong>2\u00a0100\u00a0r\u00e9servations<\/strong> (18\u00a0% de plus)\u00a0; et la filiale d\u2019\u00e9nergies renouvelables poursuit son activit\u00e9 avec 4\u00a0projets en cours implant\u00e9s \u00e0 Alicante.<\/p>\n<p><strong>\u00a0<\/strong><\/p>\n<h3><span style=\"color: #e51e36\"><strong>Progr\u00e8s significatifs concernant son Plan directeur en mati\u00e8re de responsabilit\u00e9 de l\u2019entreprise<\/strong><\/span><\/h3>\n<p>En 2023, TM a impuls\u00e9 sa strat\u00e9gie de D\u00e9veloppement durable et elle est parvenue \u00e0 atteindre <strong>90\u00a0% de ses 50\u00a0engagements environnementaux, sociaux et de bonne gouvernance, rassembl\u00e9s dans son Plan directeur en mati\u00e8re de responsabilit\u00e9 de l\u2019entreprise.<\/strong> La holding renforce ainsi son engagement en faveur de l\u2019apport de valeur \u00e0 toutes ses parties prenantes. En effet, TM a investi 1,12\u00a0millions d\u2019euros au cours des quatre derni\u00e8res ann\u00e9es pour le d\u00e9veloppement de 218\u00a0projets de responsabilit\u00e9 de l\u2019entreprise dont ont b\u00e9n\u00e9fici\u00e9 45\u00a0000\u00a0personnes en Espagne et au Mexique. En ce sens, l\u2019entreprise devrait pr\u00e9senter, dans les jours \u00e0 venir, son nouveau Rapport sur le d\u00e9veloppement durable, dans lequel figureront les \u00e9v\u00e9nements les plus significatifs en mati\u00e8re environnementale, sociale et de bonne gouvernance (ESG).<\/p>\n<h3>\n<span style=\"color: #e51e36\"><strong>Perspectives par rapport \u00e0 2024 et nouveau si\u00e8ge social en 2025<\/strong><\/span><\/h3>\n<p>De m\u00eame, concernant la promotion immobili\u00e8re, <strong>TM a d\u00e9j\u00e0 atteint 80\u00a0% des objectifs de chiffre d\u2019affaires pour l\u2019exercice 2024<\/strong> gr\u00e2ce \u00e0 l\u2019activit\u00e9 de ce premier trimestre de l\u2019ann\u00e9e.<\/p>\n<p>D\u2019autre part, la construction de son <strong>nouveau si\u00e8ge social<\/strong> \u00e0 Torrevieja progresse. L\u2019inauguration de ce b\u00e2timent avant-gardiste est pr\u00e9vue pour l\u2019ann\u00e9e 2025. Il accueillera environ 200\u00a0professionnels et r\u00e9pondra \u00e0 des normes \u00e9lev\u00e9es en mati\u00e8re de d\u00e9veloppement durable, de bien-\u00eatre, de smart building et d\u2019accessibilit\u00e9.<\/p>\n<p><strong>Pablo Serna<\/strong>, PDG de TM Real Estate Group\u00a0: \u00ab\u00a0Notre holding prouve une ann\u00e9e de plus sa solvabilit\u00e9 en d\u00e9passant les records en mati\u00e8re de r\u00e9sultats, en ventes comme en rentabilit\u00e9, et en atteignant les objectifs que nous avons d\u00e9finis dans notre Plan strat\u00e9gique 20-23. Ce succ\u00e8s n\u2019aurait pas \u00e9t\u00e9 possible sans l\u2019engagement de nos 1\u00a0800\u00a0professionnels, sans l\u2019implication de nos fournisseurs et de nos collaborateurs, et sans la confiance que nos clients nous t\u00e9moignent chaque jour. En 2024, nous avons abord\u00e9 un nouveau cycle strat\u00e9gique, le regard tourn\u00e9 vers un d\u00e9veloppement durable de toutes nos divisions d\u2019activit\u00e9s, et nous sommes convaincus de disposer de la strat\u00e9gie et du talent n\u00e9cessaires pour faire de notre vision un succ\u00e8s\u00a0\u00bb.<\/p>\n<p><img loading=\"lazy\" decoding=\"async\" class=\"aligncenter wp-image-24889 size-large\" title=\"Infograf\u00eda nueva sede corporativa de TM Grupo Inmobiliario\" src=\"https:\/\/www.tmgrupoinmobiliario.com\/blog\/wp-content\/uploads\/2024\/06\/6.8-Nueva-sede-exterior-noche-1024x576.jpg\" alt=\"Infograf\u00eda nueva sede corporativa de TM Grupo Inmobiliario\" width=\"1024\" height=\"576\" \/><\/p>\n","protected":false},"excerpt":{"rendered":"<p>Alicante, 11 juin 2024 \u2013 TM Real Estate Group, holding originaire d\u2019Alicante, r\u00e9f\u00e9rence dans le secteur du tourisme r\u00e9sidentiel, h\u00f4telier et de vacances et sp\u00e9cialiste de la construction et de la promotion de logements le long de la c\u00f4te m\u00e9diterran\u00e9enne et carib\u00e9enne, a pr\u00e9sent\u00e9 son chiffre d\u2019affaires consolid\u00e9 de l\u2019exercice 2023 avec un chiffre d\u2019affaires [&hellip;]<\/p>\n","protected":false},"author":11730,"featured_media":19988,"comment_status":"open","ping_status":"open","sticky":false,"template":"","format":"standard","meta":{"_jetpack_memberships_contains_paid_content":false,"footnotes":""},"categories":[3,36,18,22],"tags":[25,31],"class_list":["post-19983","post","type-post","status-publish","format-standard","has-post-thumbnail","hentry","category-actualidad-tm","category-notas-prensa","category-corporativo","category-noticias-tm","tag-tag-all","tag-tag-compromise","formato-comunicacion"],"better_featured_image":{"id":19988,"alt_text":"","caption":"","description":"","media_type":"image","media_details":{"width":1000,"height":666,"file":"2024\/07\/Sin-titulo-301.png","filesize":1004171,"sizes":{"medium":{"file":"Sin-titulo-301-300x200.png","width":300,"height":200,"mime-type":"image\/png","filesize":93848,"source_url":"https:\/\/blog.tmgrupoinmobiliario.com\/fr\/wp-content\/uploads\/sites\/5\/2024\/07\/Sin-titulo-301-300x200.png"},"thumbnail":{"file":"Sin-titulo-301-150x150.png","width":150,"height":150,"mime-type":"image\/png","filesize":39537,"source_url":"https:\/\/blog.tmgrupoinmobiliario.com\/fr\/wp-content\/uploads\/sites\/5\/2024\/07\/Sin-titulo-301-150x150.png"},"medium_large":{"file":"Sin-titulo-301-768x511.png","width":768,"height":511,"mime-type":"image\/png","filesize":495538,"source_url":"https:\/\/blog.tmgrupoinmobiliario.com\/fr\/wp-content\/uploads\/sites\/5\/2024\/07\/Sin-titulo-301-768x511.png"}},"image_meta":{"aperture":"0","credit":"","camera":"","caption":"","created_timestamp":"0","copyright":"","focal_length":"0","iso":"0","shutter_speed":"0","title":"","orientation":"0","keywords":[]}},"post":19983,"source_url":"https:\/\/blog.tmgrupoinmobiliario.com\/fr\/wp-content\/uploads\/sites\/5\/2024\/07\/Sin-titulo-301.png"},"acf":{"imagen_destacada_desktop":"https:\/\/blog.tmgrupoinmobiliario.com\/fr\/wp-content\/uploads\/sites\/5\/2024\/07\/Sin-titulo-311.png","imagen_destacada_mobile":"https:\/\/blog.tmgrupoinmobiliario.com\/fr\/wp-content\/uploads\/sites\/5\/2024\/07\/Sin-titulo-282.png","formato":{"term_id":24,"name":"Comunicaci\u00f3n","slug":"comunicacion","term_group":0,"term_taxonomy_id":24,"taxonomy":"formato","description":"","parent":0,"count":89,"filter":"raw"},"entradilla":"\u2022\tPour la troisi\u00e8me ann\u00e9e cons\u00e9cutive, l\u2019entreprise accro\u00eet son chiffre d\u2019affaires, obtenant un EBITDA consolid\u00e9 de 77,5 millions d\u2019euros, soit 23 % de plus que l\u2019exercice pr\u00e9c\u00e9dent.\r\n\u2022\tEn 2023, l\u2019entreprise bas\u00e9e \u00e0 Alicante a livr\u00e9 696 logements, 33 % de plus qu\u2019en 2022, et elle a investi 40 millions d\u2019euros dans l\u2019acquisition de nouveaux terrains strat\u00e9giques. Ces chiffres renforcent la place de TM en tant que r\u00e9f\u00e9rence dans le secteur du tourisme r\u00e9sidentiel et l\u2019une des 10 meilleures entreprises dans le secteur de la promotion immobili\u00e8re en Espagne.\r\n\u2022\tLa division h\u00f4tellerie au Mexique, qui a inaugur\u00e9 son quatri\u00e8me h\u00f4tel au cours de l\u2019exercice pr\u00e9c\u00e9dent, a enregistr\u00e9 un chiffre d\u2019affaires de 53,7 millions d\u2019euros, soit 17 % du chiffre d\u2019affaires du Groupe.\r\n","etiquetas":"","cabecera_escritorio":"https:\/\/blog.tmgrupoinmobiliario.com\/fr\/wp-content\/uploads\/sites\/5\/2024\/07\/Sin-titulo-321.png","cabecera_mobile":"https:\/\/blog.tmgrupoinmobiliario.com\/fr\/wp-content\/uploads\/sites\/5\/2024\/07\/Sin-titulo-291.png","galeria":false},"yoast_head":"<!-- This site is optimized with the Yoast SEO Premium plugin v23.6 (Yoast SEO v27.5) - https:\/\/yoast.com\/product\/yoast-seo-premium-wordpress\/ -->\n<title>La holding TM Real Estate Group accro\u00eet son chiffre d\u2019affaires de 22 % et atteint les 316,8 millions d\u2019euros - Francais<\/title>\n<meta name=\"robots\" content=\"index, follow, max-snippet:-1, max-image-preview:large, max-video-preview:-1\" \/>\n<link rel=\"canonical\" href=\"https:\/\/blog.tmgrupoinmobiliario.com\/fr\/2024\/07\/08\/la-holding-tm-real-estate-group-accroit-son-chiffre-daffaires-de-22-et-atteint-les-3168-millions-deuros\/\" \/>\n<meta property=\"og:locale\" content=\"fr_FR\" \/>\n<meta property=\"og:type\" content=\"article\" \/>\n<meta property=\"og:title\" content=\"La holding TM Real Estate Group accro\u00eet son chiffre d\u2019affaires de 22 % et atteint les 316,8 millions d\u2019euros\" \/>\n<meta property=\"og:description\" content=\"Alicante, 11 juin 2024 \u2013 TM Real Estate Group, holding originaire d\u2019Alicante, r\u00e9f\u00e9rence dans le secteur du tourisme r\u00e9sidentiel, h\u00f4telier et de vacances et sp\u00e9cialiste de la construction et de la promotion de logements le long de la c\u00f4te m\u00e9diterran\u00e9enne et carib\u00e9enne, a pr\u00e9sent\u00e9 son chiffre d\u2019affaires consolid\u00e9 de l\u2019exercice 2023 avec un chiffre d\u2019affaires [&hellip;]\" \/>\n<meta property=\"og:url\" content=\"https:\/\/blog.tmgrupoinmobiliario.com\/fr\/2024\/07\/08\/la-holding-tm-real-estate-group-accroit-son-chiffre-daffaires-de-22-et-atteint-les-3168-millions-deuros\/\" \/>\n<meta property=\"og:site_name\" content=\"Francais\" \/>\n<meta property=\"article:published_time\" content=\"2024-07-08T08:02:17+00:00\" \/>\n<meta property=\"og:image\" content=\"https:\/\/blog.tmgrupoinmobiliario.com\/fr\/wp-content\/uploads\/sites\/5\/2024\/07\/Sin-titulo-301.png\" \/>\n\t<meta property=\"og:image:width\" content=\"1000\" \/>\n\t<meta property=\"og:image:height\" content=\"666\" \/>\n\t<meta property=\"og:image:type\" content=\"image\/png\" \/>\n<meta name=\"author\" content=\"laurabm\" \/>\n<meta name=\"twitter:card\" content=\"summary_large_image\" \/>\n<meta name=\"twitter:label1\" content=\"\u00c9crit par\" \/>\n\t<meta name=\"twitter:data1\" content=\"laurabm\" \/>\n\t<meta name=\"twitter:label2\" content=\"Dur\u00e9e de lecture estim\u00e9e\" \/>\n\t<meta name=\"twitter:data2\" content=\"6 minutes\" \/>\n<script type=\"application\/ld+json\" class=\"yoast-schema-graph\">{\"@context\":\"https:\\\/\\\/schema.org\",\"@graph\":[{\"@type\":\"Article\",\"@id\":\"https:\\\/\\\/blog.tmgrupoinmobiliario.com\\\/fr\\\/2024\\\/07\\\/08\\\/la-holding-tm-real-estate-group-accroit-son-chiffre-daffaires-de-22-et-atteint-les-3168-millions-deuros\\\/#article\",\"isPartOf\":{\"@id\":\"https:\\\/\\\/blog.tmgrupoinmobiliario.com\\\/fr\\\/2024\\\/07\\\/08\\\/la-holding-tm-real-estate-group-accroit-son-chiffre-daffaires-de-22-et-atteint-les-3168-millions-deuros\\\/\"},\"author\":{\"name\":\"laurabm\",\"@id\":\"https:\\\/\\\/blog.tmgrupoinmobiliario.com\\\/fr\\\/#\\\/schema\\\/person\\\/ad7d97239ce82e1af205d57b005d3c36\"},\"headline\":\"La holding TM Real Estate Group accro\u00eet son chiffre d\u2019affaires de 22 % et atteint les 316,8 millions d\u2019euros\",\"datePublished\":\"2024-07-08T08:02:17+00:00\",\"mainEntityOfPage\":{\"@id\":\"https:\\\/\\\/blog.tmgrupoinmobiliario.com\\\/fr\\\/2024\\\/07\\\/08\\\/la-holding-tm-real-estate-group-accroit-son-chiffre-daffaires-de-22-et-atteint-les-3168-millions-deuros\\\/\"},\"wordCount\":1025,\"commentCount\":0,\"image\":{\"@id\":\"https:\\\/\\\/blog.tmgrupoinmobiliario.com\\\/fr\\\/2024\\\/07\\\/08\\\/la-holding-tm-real-estate-group-accroit-son-chiffre-daffaires-de-22-et-atteint-les-3168-millions-deuros\\\/#primaryimage\"},\"thumbnailUrl\":\"https:\\\/\\\/blog.tmgrupoinmobiliario.com\\\/fr\\\/wp-content\\\/uploads\\\/sites\\\/5\\\/2024\\\/07\\\/Sin-titulo-301.png\",\"keywords\":[\"tag-all\",\"tag-compromise\"],\"articleSection\":[\"Actualit\u00e9 TM\",\"Communiqu\u00e9s de presse\",\"Corporativo\",\"Nouvelles TM\"],\"inLanguage\":\"fr-FR\",\"potentialAction\":[{\"@type\":\"CommentAction\",\"name\":\"Comment\",\"target\":[\"https:\\\/\\\/blog.tmgrupoinmobiliario.com\\\/fr\\\/2024\\\/07\\\/08\\\/la-holding-tm-real-estate-group-accroit-son-chiffre-daffaires-de-22-et-atteint-les-3168-millions-deuros\\\/#respond\"]}]},{\"@type\":\"WebPage\",\"@id\":\"https:\\\/\\\/blog.tmgrupoinmobiliario.com\\\/fr\\\/2024\\\/07\\\/08\\\/la-holding-tm-real-estate-group-accroit-son-chiffre-daffaires-de-22-et-atteint-les-3168-millions-deuros\\\/\",\"url\":\"https:\\\/\\\/blog.tmgrupoinmobiliario.com\\\/fr\\\/2024\\\/07\\\/08\\\/la-holding-tm-real-estate-group-accroit-son-chiffre-daffaires-de-22-et-atteint-les-3168-millions-deuros\\\/\",\"name\":\"La holding TM Real Estate Group accro\u00eet son chiffre d\u2019affaires de 22 % et atteint les 316,8 millions d\u2019euros - Francais\",\"isPartOf\":{\"@id\":\"https:\\\/\\\/blog.tmgrupoinmobiliario.com\\\/fr\\\/#website\"},\"primaryImageOfPage\":{\"@id\":\"https:\\\/\\\/blog.tmgrupoinmobiliario.com\\\/fr\\\/2024\\\/07\\\/08\\\/la-holding-tm-real-estate-group-accroit-son-chiffre-daffaires-de-22-et-atteint-les-3168-millions-deuros\\\/#primaryimage\"},\"image\":{\"@id\":\"https:\\\/\\\/blog.tmgrupoinmobiliario.com\\\/fr\\\/2024\\\/07\\\/08\\\/la-holding-tm-real-estate-group-accroit-son-chiffre-daffaires-de-22-et-atteint-les-3168-millions-deuros\\\/#primaryimage\"},\"thumbnailUrl\":\"https:\\\/\\\/blog.tmgrupoinmobiliario.com\\\/fr\\\/wp-content\\\/uploads\\\/sites\\\/5\\\/2024\\\/07\\\/Sin-titulo-301.png\",\"datePublished\":\"2024-07-08T08:02:17+00:00\",\"author\":{\"@id\":\"https:\\\/\\\/blog.tmgrupoinmobiliario.com\\\/fr\\\/#\\\/schema\\\/person\\\/ad7d97239ce82e1af205d57b005d3c36\"},\"breadcrumb\":{\"@id\":\"https:\\\/\\\/blog.tmgrupoinmobiliario.com\\\/fr\\\/2024\\\/07\\\/08\\\/la-holding-tm-real-estate-group-accroit-son-chiffre-daffaires-de-22-et-atteint-les-3168-millions-deuros\\\/#breadcrumb\"},\"inLanguage\":\"fr-FR\",\"potentialAction\":[{\"@type\":\"ReadAction\",\"target\":[\"https:\\\/\\\/blog.tmgrupoinmobiliario.com\\\/fr\\\/2024\\\/07\\\/08\\\/la-holding-tm-real-estate-group-accroit-son-chiffre-daffaires-de-22-et-atteint-les-3168-millions-deuros\\\/\"]}]},{\"@type\":\"ImageObject\",\"inLanguage\":\"fr-FR\",\"@id\":\"https:\\\/\\\/blog.tmgrupoinmobiliario.com\\\/fr\\\/2024\\\/07\\\/08\\\/la-holding-tm-real-estate-group-accroit-son-chiffre-daffaires-de-22-et-atteint-les-3168-millions-deuros\\\/#primaryimage\",\"url\":\"https:\\\/\\\/blog.tmgrupoinmobiliario.com\\\/fr\\\/wp-content\\\/uploads\\\/sites\\\/5\\\/2024\\\/07\\\/Sin-titulo-301.png\",\"contentUrl\":\"https:\\\/\\\/blog.tmgrupoinmobiliario.com\\\/fr\\\/wp-content\\\/uploads\\\/sites\\\/5\\\/2024\\\/07\\\/Sin-titulo-301.png\",\"width\":1000,\"height\":666},{\"@type\":\"BreadcrumbList\",\"@id\":\"https:\\\/\\\/blog.tmgrupoinmobiliario.com\\\/fr\\\/2024\\\/07\\\/08\\\/la-holding-tm-real-estate-group-accroit-son-chiffre-daffaires-de-22-et-atteint-les-3168-millions-deuros\\\/#breadcrumb\",\"itemListElement\":[{\"@type\":\"ListItem\",\"position\":1,\"name\":\"Portada\",\"item\":\"https:\\\/\\\/blog.tmgrupoinmobiliario.com\\\/fr\\\/\"},{\"@type\":\"ListItem\",\"position\":2,\"name\":\"La holding TM Real Estate Group accro\u00eet son chiffre d\u2019affaires de 22 % et atteint les 316,8 millions d\u2019euros\"}]},{\"@type\":\"WebSite\",\"@id\":\"https:\\\/\\\/blog.tmgrupoinmobiliario.com\\\/fr\\\/#website\",\"url\":\"https:\\\/\\\/blog.tmgrupoinmobiliario.com\\\/fr\\\/\",\"name\":\"Francais\",\"description\":\"Otro sitio m\u00e1s de Blog Desarrollo TM sitios\",\"potentialAction\":[{\"@type\":\"SearchAction\",\"target\":{\"@type\":\"EntryPoint\",\"urlTemplate\":\"https:\\\/\\\/blog.tmgrupoinmobiliario.com\\\/fr\\\/?s={search_term_string}\"},\"query-input\":{\"@type\":\"PropertyValueSpecification\",\"valueRequired\":true,\"valueName\":\"search_term_string\"}}],\"inLanguage\":\"fr-FR\"},{\"@type\":\"Person\",\"@id\":\"https:\\\/\\\/blog.tmgrupoinmobiliario.com\\\/fr\\\/#\\\/schema\\\/person\\\/ad7d97239ce82e1af205d57b005d3c36\",\"name\":\"laurabm\",\"image\":{\"@type\":\"ImageObject\",\"inLanguage\":\"fr-FR\",\"@id\":\"https:\\\/\\\/secure.gravatar.com\\\/avatar\\\/a97e415f97899fc38aade30ac2e3143fcda2a8b75542722fce9a26dd00745c13?s=96&d=mm&r=g\",\"url\":\"https:\\\/\\\/secure.gravatar.com\\\/avatar\\\/a97e415f97899fc38aade30ac2e3143fcda2a8b75542722fce9a26dd00745c13?s=96&d=mm&r=g\",\"contentUrl\":\"https:\\\/\\\/secure.gravatar.com\\\/avatar\\\/a97e415f97899fc38aade30ac2e3143fcda2a8b75542722fce9a26dd00745c13?s=96&d=mm&r=g\",\"caption\":\"laurabm\"},\"url\":\"https:\\\/\\\/blog.tmgrupoinmobiliario.com\\\/fr\\\/author\\\/laurabm\\\/\"}]}<\/script>\n<!-- \/ Yoast SEO Premium plugin. -->","yoast_head_json":{"title":"La holding TM Real Estate Group accro\u00eet son chiffre d\u2019affaires de 22 % et atteint les 316,8 millions d\u2019euros - Francais","robots":{"index":"index","follow":"follow","max-snippet":"max-snippet:-1","max-image-preview":"max-image-preview:large","max-video-preview":"max-video-preview:-1"},"canonical":"https:\/\/blog.tmgrupoinmobiliario.com\/fr\/2024\/07\/08\/la-holding-tm-real-estate-group-accroit-son-chiffre-daffaires-de-22-et-atteint-les-3168-millions-deuros\/","og_locale":"fr_FR","og_type":"article","og_title":"La holding TM Real Estate Group accro\u00eet son chiffre d\u2019affaires de 22 % et atteint les 316,8 millions d\u2019euros","og_description":"Alicante, 11 juin 2024 \u2013 TM Real Estate Group, holding originaire d\u2019Alicante, r\u00e9f\u00e9rence dans le secteur du tourisme r\u00e9sidentiel, h\u00f4telier et de vacances et sp\u00e9cialiste de la construction et de la promotion de logements le long de la c\u00f4te m\u00e9diterran\u00e9enne et carib\u00e9enne, a pr\u00e9sent\u00e9 son chiffre d\u2019affaires consolid\u00e9 de l\u2019exercice 2023 avec un chiffre d\u2019affaires [&hellip;]","og_url":"https:\/\/blog.tmgrupoinmobiliario.com\/fr\/2024\/07\/08\/la-holding-tm-real-estate-group-accroit-son-chiffre-daffaires-de-22-et-atteint-les-3168-millions-deuros\/","og_site_name":"Francais","article_published_time":"2024-07-08T08:02:17+00:00","og_image":[{"width":1000,"height":666,"url":"https:\/\/blog.tmgrupoinmobiliario.com\/fr\/wp-content\/uploads\/sites\/5\/2024\/07\/Sin-titulo-301.png","type":"image\/png"}],"author":"laurabm","twitter_card":"summary_large_image","twitter_misc":{"\u00c9crit par":"laurabm","Dur\u00e9e de lecture estim\u00e9e":"6 minutes"},"schema":{"@context":"https:\/\/schema.org","@graph":[{"@type":"Article","@id":"https:\/\/blog.tmgrupoinmobiliario.com\/fr\/2024\/07\/08\/la-holding-tm-real-estate-group-accroit-son-chiffre-daffaires-de-22-et-atteint-les-3168-millions-deuros\/#article","isPartOf":{"@id":"https:\/\/blog.tmgrupoinmobiliario.com\/fr\/2024\/07\/08\/la-holding-tm-real-estate-group-accroit-son-chiffre-daffaires-de-22-et-atteint-les-3168-millions-deuros\/"},"author":{"name":"laurabm","@id":"https:\/\/blog.tmgrupoinmobiliario.com\/fr\/#\/schema\/person\/ad7d97239ce82e1af205d57b005d3c36"},"headline":"La holding TM Real Estate Group accro\u00eet son chiffre d\u2019affaires de 22 % et atteint les 316,8 millions d\u2019euros","datePublished":"2024-07-08T08:02:17+00:00","mainEntityOfPage":{"@id":"https:\/\/blog.tmgrupoinmobiliario.com\/fr\/2024\/07\/08\/la-holding-tm-real-estate-group-accroit-son-chiffre-daffaires-de-22-et-atteint-les-3168-millions-deuros\/"},"wordCount":1025,"commentCount":0,"image":{"@id":"https:\/\/blog.tmgrupoinmobiliario.com\/fr\/2024\/07\/08\/la-holding-tm-real-estate-group-accroit-son-chiffre-daffaires-de-22-et-atteint-les-3168-millions-deuros\/#primaryimage"},"thumbnailUrl":"https:\/\/blog.tmgrupoinmobiliario.com\/fr\/wp-content\/uploads\/sites\/5\/2024\/07\/Sin-titulo-301.png","keywords":["tag-all","tag-compromise"],"articleSection":["Actualit\u00e9 TM","Communiqu\u00e9s de presse","Corporativo","Nouvelles TM"],"inLanguage":"fr-FR","potentialAction":[{"@type":"CommentAction","name":"Comment","target":["https:\/\/blog.tmgrupoinmobiliario.com\/fr\/2024\/07\/08\/la-holding-tm-real-estate-group-accroit-son-chiffre-daffaires-de-22-et-atteint-les-3168-millions-deuros\/#respond"]}]},{"@type":"WebPage","@id":"https:\/\/blog.tmgrupoinmobiliario.com\/fr\/2024\/07\/08\/la-holding-tm-real-estate-group-accroit-son-chiffre-daffaires-de-22-et-atteint-les-3168-millions-deuros\/","url":"https:\/\/blog.tmgrupoinmobiliario.com\/fr\/2024\/07\/08\/la-holding-tm-real-estate-group-accroit-son-chiffre-daffaires-de-22-et-atteint-les-3168-millions-deuros\/","name":"La holding TM Real Estate Group accro\u00eet son chiffre d\u2019affaires de 22 % et atteint les 316,8 millions d\u2019euros - Francais","isPartOf":{"@id":"https:\/\/blog.tmgrupoinmobiliario.com\/fr\/#website"},"primaryImageOfPage":{"@id":"https:\/\/blog.tmgrupoinmobiliario.com\/fr\/2024\/07\/08\/la-holding-tm-real-estate-group-accroit-son-chiffre-daffaires-de-22-et-atteint-les-3168-millions-deuros\/#primaryimage"},"image":{"@id":"https:\/\/blog.tmgrupoinmobiliario.com\/fr\/2024\/07\/08\/la-holding-tm-real-estate-group-accroit-son-chiffre-daffaires-de-22-et-atteint-les-3168-millions-deuros\/#primaryimage"},"thumbnailUrl":"https:\/\/blog.tmgrupoinmobiliario.com\/fr\/wp-content\/uploads\/sites\/5\/2024\/07\/Sin-titulo-301.png","datePublished":"2024-07-08T08:02:17+00:00","author":{"@id":"https:\/\/blog.tmgrupoinmobiliario.com\/fr\/#\/schema\/person\/ad7d97239ce82e1af205d57b005d3c36"},"breadcrumb":{"@id":"https:\/\/blog.tmgrupoinmobiliario.com\/fr\/2024\/07\/08\/la-holding-tm-real-estate-group-accroit-son-chiffre-daffaires-de-22-et-atteint-les-3168-millions-deuros\/#breadcrumb"},"inLanguage":"fr-FR","potentialAction":[{"@type":"ReadAction","target":["https:\/\/blog.tmgrupoinmobiliario.com\/fr\/2024\/07\/08\/la-holding-tm-real-estate-group-accroit-son-chiffre-daffaires-de-22-et-atteint-les-3168-millions-deuros\/"]}]},{"@type":"ImageObject","inLanguage":"fr-FR","@id":"https:\/\/blog.tmgrupoinmobiliario.com\/fr\/2024\/07\/08\/la-holding-tm-real-estate-group-accroit-son-chiffre-daffaires-de-22-et-atteint-les-3168-millions-deuros\/#primaryimage","url":"https:\/\/blog.tmgrupoinmobiliario.com\/fr\/wp-content\/uploads\/sites\/5\/2024\/07\/Sin-titulo-301.png","contentUrl":"https:\/\/blog.tmgrupoinmobiliario.com\/fr\/wp-content\/uploads\/sites\/5\/2024\/07\/Sin-titulo-301.png","width":1000,"height":666},{"@type":"BreadcrumbList","@id":"https:\/\/blog.tmgrupoinmobiliario.com\/fr\/2024\/07\/08\/la-holding-tm-real-estate-group-accroit-son-chiffre-daffaires-de-22-et-atteint-les-3168-millions-deuros\/#breadcrumb","itemListElement":[{"@type":"ListItem","position":1,"name":"Portada","item":"https:\/\/blog.tmgrupoinmobiliario.com\/fr\/"},{"@type":"ListItem","position":2,"name":"La holding TM Real Estate Group accro\u00eet son chiffre d\u2019affaires de 22 % et atteint les 316,8 millions d\u2019euros"}]},{"@type":"WebSite","@id":"https:\/\/blog.tmgrupoinmobiliario.com\/fr\/#website","url":"https:\/\/blog.tmgrupoinmobiliario.com\/fr\/","name":"Francais","description":"Otro sitio m\u00e1s de Blog Desarrollo TM sitios","potentialAction":[{"@type":"SearchAction","target":{"@type":"EntryPoint","urlTemplate":"https:\/\/blog.tmgrupoinmobiliario.com\/fr\/?s={search_term_string}"},"query-input":{"@type":"PropertyValueSpecification","valueRequired":true,"valueName":"search_term_string"}}],"inLanguage":"fr-FR"},{"@type":"Person","@id":"https:\/\/blog.tmgrupoinmobiliario.com\/fr\/#\/schema\/person\/ad7d97239ce82e1af205d57b005d3c36","name":"laurabm","image":{"@type":"ImageObject","inLanguage":"fr-FR","@id":"https:\/\/secure.gravatar.com\/avatar\/a97e415f97899fc38aade30ac2e3143fcda2a8b75542722fce9a26dd00745c13?s=96&d=mm&r=g","url":"https:\/\/secure.gravatar.com\/avatar\/a97e415f97899fc38aade30ac2e3143fcda2a8b75542722fce9a26dd00745c13?s=96&d=mm&r=g","contentUrl":"https:\/\/secure.gravatar.com\/avatar\/a97e415f97899fc38aade30ac2e3143fcda2a8b75542722fce9a26dd00745c13?s=96&d=mm&r=g","caption":"laurabm"},"url":"https:\/\/blog.tmgrupoinmobiliario.com\/fr\/author\/laurabm\/"}]}},"jetpack_featured_media_url":"https:\/\/blog.tmgrupoinmobiliario.com\/fr\/wp-content\/uploads\/sites\/5\/2024\/07\/Sin-titulo-301.png","jetpack_sharing_enabled":true,"_links":{"self":[{"href":"https:\/\/blog.tmgrupoinmobiliario.com\/fr\/wp-json\/wp\/v2\/posts\/19983","targetHints":{"allow":["GET"]}}],"collection":[{"href":"https:\/\/blog.tmgrupoinmobiliario.com\/fr\/wp-json\/wp\/v2\/posts"}],"about":[{"href":"https:\/\/blog.tmgrupoinmobiliario.com\/fr\/wp-json\/wp\/v2\/types\/post"}],"author":[{"embeddable":true,"href":"https:\/\/blog.tmgrupoinmobiliario.com\/fr\/wp-json\/wp\/v2\/users\/11730"}],"replies":[{"embeddable":true,"href":"https:\/\/blog.tmgrupoinmobiliario.com\/fr\/wp-json\/wp\/v2\/comments?post=19983"}],"version-history":[{"count":1,"href":"https:\/\/blog.tmgrupoinmobiliario.com\/fr\/wp-json\/wp\/v2\/posts\/19983\/revisions"}],"predecessor-version":[{"id":19989,"href":"https:\/\/blog.tmgrupoinmobiliario.com\/fr\/wp-json\/wp\/v2\/posts\/19983\/revisions\/19989"}],"wp:featuredmedia":[{"embeddable":true,"href":"https:\/\/blog.tmgrupoinmobiliario.com\/fr\/wp-json\/wp\/v2\/media\/19988"}],"wp:attachment":[{"href":"https:\/\/blog.tmgrupoinmobiliario.com\/fr\/wp-json\/wp\/v2\/media?parent=19983"}],"wp:term":[{"taxonomy":"category","embeddable":true,"href":"https:\/\/blog.tmgrupoinmobiliario.com\/fr\/wp-json\/wp\/v2\/categories?post=19983"},{"taxonomy":"post_tag","embeddable":true,"href":"https:\/\/blog.tmgrupoinmobiliario.com\/fr\/wp-json\/wp\/v2\/tags?post=19983"}],"curies":[{"name":"wp","href":"https:\/\/api.w.org\/{rel}","templated":true}]}}