{"id":19920,"date":"2024-06-19T18:53:05","date_gmt":"2024-06-19T16:53:05","guid":{"rendered":"https:\/\/blog.tmgrupoinmobiliario.com\/fr\/?p=19920"},"modified":"2024-06-20T10:36:23","modified_gmt":"2024-06-20T08:36:23","slug":"acheter-un-bien-immobilier-en-espagne-pourquoi-tant-de-belges-veulent-ils-sauter-le-pas","status":"publish","type":"post","link":"https:\/\/blog.tmgrupoinmobiliario.com\/fr\/2024\/06\/19\/acheter-un-bien-immobilier-en-espagne-pourquoi-tant-de-belges-veulent-ils-sauter-le-pas\/","title":{"rendered":"Acheter un bien immobilier en Espagne : pourquoi tant de Belges veulent-ils sauter le pas ?"},"content":{"rendered":"<p>&nbsp;<\/p>\n<p>Comme de nombreux Belges, vous souhaitez peut-\u00eatre, dans un futur plus ou moins proche, vous s\u00e9parer de votre bien immobilier ici, en Belgique, pour faire l\u2019acquisition d\u2019une villa ou d\u2019un appartement en Espagne. Les Belges ont depuis longtemps jet\u00e9 leur d\u00e9volu sur le pays de Rafa\u00ebl Nadal et Salvador Dal\u00ed, et ce pour de multiples raisons qui vont de la m\u00e9t\u00e9o \u00e0 la rentabilit\u00e9 du syst\u00e8me immobilier ! Fin 2023, la communaut\u00e9 belges en Espagne avoisinait les 100.000 individus r\u00e9partis \u00e0 travers le pays et ses \u00eeles, soit une augmentation de 30 % selon les Affaires \u00e9trang\u00e8res belges. Deux r\u00e9gions attirent particuli\u00e8rement nos compatriotes : la Costa Blanca et la Costa Del Sol.<\/p>\n<h2><span style=\"color: #ff0000\"><strong>Le climat, facteur n\u00b01 des achats en Espagne<\/strong><\/span><\/h2>\n<p>Soyons honn\u00eates, la Belgique ne poss\u00e8de pas le climat le plus avantageux d\u2019Europe. Pluie, brouillard, chute des temp\u00e9ratures soudaines, thermom\u00e8tre rarement au-dessus des 20\u00b0 (m\u00eame en \u00e9t\u00e9), on est loin du r\u00eave que propose l\u2019Espagne. Avec ses plages de sable fins ou de galets, des temp\u00e9ratures moyennes qui s\u2019\u00e9l\u00e8vent \u00e0 plus de 25\u00b0 toute l\u2019ann\u00e9e, un ciel bleu et une mer azure, on ne peut que comprendre que les Belges, en manque constant de vitamine D, fuient d\u00e8s qu\u2019ils le peuvent nos r\u00e9gions.<\/p>\n<p>La raison principale pour nos compatriotes qui sautent le pas, quittant la Belgique pour l\u2019Espagne, est donc l\u00e0, ce manque de luminosit\u00e9 et de chaleur qu\u2019ils sont certains de retrouver dans le sud de l\u2019Europe.<\/p>\n<h2><span style=\"color: #ff0000\"><strong>La promesse d\u2019une meilleure qualit\u00e9 de vie<\/strong><\/span><\/h2>\n<p>C\u2019est un atout majeur pour de nombreux expatri\u00e9s : la qualit\u00e9 de vie de l\u2019Espagne semble sup\u00e9rieure \u00e0 celle de la Belgique. En v\u00e9rit\u00e9, elles sont toutes deux au m\u00eame niveau, mais le train de vie des Espagnols, moins stressant que chez nous, ainsi que les taxes et les imp\u00f4ts moins \u00e9lev\u00e9s, restent tr\u00e8s attirant pour chaque nouvelle vague d\u2019acqu\u00e9reurs belges.<\/p>\n<p>Comptez, en moyenne, une baisse de 20 \u00e0 30 % pour le co\u00fbt de la vie par rapport \u00e0 la Belgique. Une baisse valable pour les transports, les loisirs, l\u2019alimentation, les produits d\u2019hygi\u00e8ne, l\u2019essence,&#8230; voil\u00e0 des avantages qui changent la vie quotidienne.<\/p>\n<p>Attention, cependant, car tout n\u2019est pas plus beau, ni moins cher en Espagne. Ainsi les h\u00f4tels, les forfaits t\u00e9l\u00e9phoniques et l\u2019\u00e9lectricit\u00e9, par exemple, sont souvent bien plus \u00e9lev\u00e9s que chez nous et peuvent rapidement atteindre des sommes exorbitantes.<\/p>\n<h2><span style=\"color: #ff0000\"><strong>Une destination exotique \u00e0 quelques heures de la Belgique<\/strong><\/span><\/h2>\n<p>En voiture, en avion, en train, en car, en bateau si vous en poss\u00e9dez un, aujourd\u2019hui, se rendre en Espagne depuis la Belgique n\u2019a plus rien de compliqu\u00e9. En quelques heures seulement, vous pouvez retrouver vos attaches belges ou, au contraire, vous envoler vers le soleil et le sud de l\u2019Europe. La libert\u00e9 que nous offre l\u2019espace Schengen (avec l\u2019ouverture totale des fronti\u00e8res entre les pays membres) permet une facilit\u00e9 de mobilit\u00e9 comme il n\u2019y en avait jamais eue auparavant !<\/p>\n<p>De plus, les vols entre la Belgique et l\u2019Espagne ont l\u2019avantage d\u2019\u00eatre rapides et tr\u00e8s \u00e9conomiques, d\u00e9passant rarement la centaine d\u2019euros. Autant d\u2019atouts b\u00e9n\u00e9fiques qu\u2019il serait dommage d\u2019oublier.<\/p>\n<h2><span style=\"color: #ff0000\"><strong>Des paysages \u00e0 couper le souffle<\/strong><\/span><\/h2>\n<p>De la mer du Nord aux for\u00eats ardennaises, la Belgique peut compter des paysages bien agr\u00e9ables \u00e0 regarder. Malgr\u00e9 tout, impossible de les comparer avec ce que l\u2019Espagne propose, de ses montagnes, comme le Mulhac\u00e9n \u00e0 ses plages de sable fin sur les Costas, du d\u00e9sert de Tabernas, le Far West andalou, aux criques cach\u00e9es, de Benidorm la moderne \u00e0 Altea la typique. De nombreuses villes disposent d\u2019atouts \u00e0 faire p\u00e2lir notre Manneken Pis, comme Malaga, Valence, Alicante ou Cadix.<\/p>\n<p>L\u2019Espagne reste principalement un pays tourn\u00e9 vers la nature, avec ses nombreux parcs nationaux, ses massifs montagneux et ses oasis de paix et de verdure o\u00f9 chaque lever et coucher de soleil rivalise avec le pr\u00e9c\u00e9dent.<\/p>\n<h2><span style=\"color: #ff0000\"><strong>Des biens immobiliers aux prix tr\u00e8s int\u00e9ressants<\/strong><\/span><\/h2>\n<p>Parmi les nombreuses bonnes affaires que l\u2019on retrouve en Espagne, impossible de ne pas parler du parc immobilier dont les prix sont bien moins \u00e9lev\u00e9s qu\u2019en Belgique. Il n\u2019est pas rare de trouver un bien avec piscine pour moins de 100.000 \u20ac. Avec les grandes chaleurs qui touchent parfois la p\u00e9ninsule, autant dire que poss\u00e9der un bien immobilier avec une piscine est un luxe dont on ne se prive pas !<\/p>\n<p>Chez TM Grupo, nous vous proposons de nombreuses propri\u00e9t\u00e9s sur les Costas C\u00e1lida, Del Sol, Blanca et Almeria. Nous vous conseillons d\u2019opter pour un endroit qui conviendra \u00e0 vos crit\u00e8res g\u00e9ographiques, mais aussi du quotidien.<\/p>\n<p>Notre s\u00e9lection exclusive de propri\u00e9t\u00e9 de premier choix est accompagn\u00e9e par les conseils d\u2019experts locaux et Belges, pr\u00e9sents \u00e0 chaque \u00e9tape de votre achat pour transformer vos r\u00eaves en r\u00e9alit\u00e9.<\/p>\n<p>&nbsp;<\/p>\n<p><strong>Contactez nos agents TM Grupo imm\u00e9diatement et devenez propri\u00e9taires en Espagne !<\/strong><\/p>\n<div data-test='contact-form'\n\t\t\tid='contact-form-19920'\n\t\t\tclass='jetpack-contact-form-container '\n\t\t\tdata-wp-interactive='jetpack\/form' data-wp-context='{\"formId\":\"19920\",\"formHash\":\"f94a8720d992b0c6fd452e6beb7e87086eb86b5c\",\"showErrors\":false,\"errors\":[],\"fields\":[],\"isMultiStep\":false,\"useAjax\":true,\"submissionData\":null,\"formattedSubmissionData\":[],\"submissionSuccess\":false,\"submissionError\":null,\"elementId\":\"jp-form-f94a8720d992b0c6fd452e6beb7e87086eb86b5c\",\"isSingleInputForm\":false,\"isForcedHorizontal\":false}'\n\t\t\tdata-wp-watch--scroll-to-wrapper=\"callbacks.scrollToWrapper\"\n\t\t>\n<div class=\"contact-form-submission contact-form-ajax-submission\" data-wp-bind--aria-hidden=\"state.isSuccessMessageAriaHidden\" data-wp-class--submission-success=\"context.submissionSuccess\" id=\"contact-form-success-f94a8720d992b0c6fd452e6beb7e87086eb86b5c\" tabindex=\"-1\" aria-labelledby=\"contact-form-success-header-f94a8720d992b0c6fd452e6beb7e87086eb86b5c\"><p class=\"go-back-message\"><a class=\"link\" role=\"button\" tabindex=\"0\" data-wp-on--click=\"actions.goBack\" href=\"\/fr\/wp-json\/wp\/v2\/posts\/19920\">\u2190 Retour<\/a><\/p><h4 data-wp-bind--aria-hidden=\"state.isSuccessMessageAriaHidden\" id=\"contact-form-success-header-f94a8720d992b0c6fd452e6beb7e87086eb86b5c\">Merci pour votre r\u00e9ponse. \u2728<\/h4>\n\n<template data-wp-each--submission=\"context.formattedSubmissionData\">\n\t\t\t\t\t<div class=\"jetpack_forms_contact-form-success-summary\">\n\t\t\t\t\t\t<div class=\"field-name-wrapper\">\n\t\t\t\t\t\t\t<div class=\"field-type-icon\" data-wp-watch=\"callbacks.watchFieldTypeIcon\"><\/div>\n\t\t\t\t\t\t\t<div class=\"field-name\" data-wp-text=\"context.submission.label\" data-wp-bind--hidden=\"!context.submission.label\"><\/div>\n\t\t\t\t\t\t<\/div>\n\t\t\t\t\t\t<div class=\"field-value\" data-wp-text=\"context.submission.value\" data-wp-bind--hidden=\"!context.submission.showPlainValue\"><\/div>\n\t\t\t\t\t\t<a class=\"field-url\" data-wp-bind--href=\"context.submission.url\" data-wp-text=\"context.submission.value\" data-wp-bind--hidden=\"!context.submission.url\" target=\"_blank\" rel=\"noopener noreferrer\"><\/a>\n\t\t\t\t\t\t<div class=\"field-rating\" data-wp-bind--hidden=\"!context.submission.rating\" data-wp-watch=\"callbacks.watchRatingIcons\"><\/div>\n\t\t\t\t\t\t<div class=\"field-images\" data-wp-bind--hidden=\"!context.submission.images\">\n\t\t\t\t\t\t\t<template data-wp-each--image=\"context.submission.images\">\n\t\t\t\t\t\t\t\t<div class=\"field-image-option\" data-wp-class--is-empty=\"!context.image.src\">\n\t\t\t\t\t\t\t\t\t<figure class=\"field-image-option__image\" data-wp-class--is-empty=\"!context.image.src\">\n\t\t\t\t\t\t\t\t\t\t<img data-wp-bind--src=\"context.image.src\" data-wp-bind--hidden=\"!context.image.src\" \/>\n\t\t\t\t\t\t\t\t\t\t<img decoding=\"async\" src=\"data:image\/gif;base64,R0lGODlhAQABAAD\/ACwAAAAAAQABAAACADs=\" data-wp-bind--hidden=\"context.image.src\" \/>\n\t\t\t\t\t\t\t\t\t<\/figure>\n\t\t\t\t\t\t\t\t\t<div class=\"field-image-option__label-wrapper\">\n\t\t\t\t\t\t\t\t\t\t<span class=\"field-image-option__label-code\" data-wp-text=\"context.image.letterCode\"><\/span>\n\t\t\t\t\t\t\t\t\t\t<span class=\"field-image-option__label\" data-wp-text=\"context.image.label\" data-wp-bind--hidden=\"!context.image.label\"><\/span>\n\t\t\t\t\t\t\t\t\t<\/div>\n\t\t\t\t\t\t\t\t<\/div>\n\t\t\t\t\t\t\t<\/template>\n\t\t\t\t\t\t<\/div>\n\t\t\t\t\t\t<div class=\"field-files\" data-wp-bind--hidden=\"!context.submission.files\">\n\t\t\t\t\t\t\t<template data-wp-each--file=\"context.submission.files\">\n\t\t\t\t\t\t\t\t<div class=\"field-file\">\n\t\t\t\t\t\t\t\t\t<div class=\"field-file__thumbnail\" data-wp-style--background-image=\"context.file.previewUrl\" data-wp-style--mask-image=\"context.file.iconUrl\" data-wp-bind--hidden=\"!context.file.hasPreview\"><\/div>\n\t\t\t\t\t\t\t\t\t<svg class=\"field-file__icon\" data-wp-bind--hidden=\"context.file.hasPreview\" width=\"20\" height=\"20\" viewBox=\"0 0 24 24\" fill=\"none\" xmlns=\"http:\/\/www.w3.org\/2000\/svg\" aria-hidden=\"true\">\n\t\t\t\t\t\t\t\t\t\t<path d=\"M14 2H6C4.9 2 4 2.9 4 4V20C4 21.1 4.89 22 5.99 22H18C19.1 22 20 21.1 20 20V8L14 2ZM18 20H6V4H13V9H18V20Z\" fill=\"currentColor\"\/>\n\t\t\t\t\t\t\t\t\t<\/svg>\n\t\t\t\t\t\t\t\t\t<span class=\"field-file__name\" data-wp-text=\"context.file.name\"><\/span>\n\t\t\t\t\t\t\t\t\t<span class=\"field-file__size\" data-wp-text=\"context.file.size\"><\/span>\n\t\t\t\t\t\t\t\t<\/div>\n\t\t\t\t\t\t\t<\/template>\n\t\t\t\t\t\t<\/div>\n\t\t\t\t\t<\/div>\n\t\t\t\t<\/template><\/div><form action='https:\/\/blog.tmgrupoinmobiliario.com\/fr\/2024\/06\/19\/acheter-un-bien-immobilier-en-espagne-pourquoi-tant-de-belges-veulent-ils-sauter-le-pas\/'\n\t\t\t\tid='jp-form-f94a8720d992b0c6fd452e6beb7e87086eb86b5c'\n\t\t\t\tmethod='post'\n\t\t\t\tclass='contact-form commentsblock jetpack-contact-form__form has-no-jetpack-form-layout' aria-label=\"Acheter un bien immobilier en Espagne : pourquoi tant de Belges veulent-ils sauter le pas ?\"\n\t\t\t\tdata-wp-on--submit=\"actions.onFormSubmit\"\n\t\t\t\tdata-wp-on--reset=\"actions.onFormReset\"\n\t\t\t\tdata-wp-class--submission-success=\"context.submissionSuccess\"\n\t\t\t\tdata-wp-class--is-first-step=\"state.isFirstStep\"\n\t\t\t\tdata-wp-class--is-last-step=\"state.isLastStep\"\n\t\t\t\tdata-wp-class--is-ajax-form=\"context.useAjax\"\n\t\t\t\tnovalidate >\n<input type='hidden' name='jetpack_contact_form_jwt' value='eyJ0eXAiOiJKV1QiLCJhbGciOiJIUzI1NiJ9.eyJlbmNyeXB0ZWRfYXR0cmlidXRlcyI6IjFyYUZTS00xVzlUL01NcEtDMEtraFFvNlNJU2x6bHRac2NyOWFPTlZIM2crbU5DTlAySlBQTEJTZndBYW0yb1JPeXFIZVhEcnN0YU81cTBnZ2pWaTN6WlU5STY0ZUZsSXhtcXJOQmp6TmVDZ1JSL3llTGZ6NzJyUGdXeVREbzZMbW9TUS85NjZjdVlqN2h2SUFrdE9aSnR1Z3BFN1QweEVCanEzUHJ0Vi91ZDJlamlFb0dPK0IyaHh4cEdxdXBJN0ErOFVoanFUSjk1bkN6dXRrSVNpcVJVbVZSOElibmE2QzZXR1grYWYyWXd2cDljd241MkVteXdkSVl0bVJoV0VjWklURHBkU090QVJWekFXM016dmtnN0ZmVDhzMzIwOXBVbTFHdDE4RUprbDNPU3FOcXh0UE1tUFRmcjV0WkQwY1g4djZRS0xzVGpyLzIvRVpNTnBXdkVQcUJQSnIwSCs3UW5mNHR4VUl6SUJoTkxMRVlKV2Vqbjd6NDNWRXIyaXJHNkNBSm9MNHk2VnZjang3RURlOFd1dzRNbUdJSUJKRVpVUG8vTklVOXhvQUl0eW9HVkg5T1RUbXhnVzFad0ZzcHJUYllaTkJXQlhtRXJUaWoxM1RDcVd5N3NlT2RtQXBDWHRzK0Nmdkh4TXQ4eklURkszTVRVT1ptN0pqSW5qQlM3ZEJWaUg1dGg5R3AxeTQ4UHc3Tm1qTEYxRVdDNlN3enBENmxoYlRBYWw5VHAra3NVUWhKYk42WE05cndKbTcrWHdkT3gzZVNlTk1PeXZYYndXMGFEWGlzQzZrMFNkZUNReWRxZmxhU3cwdmZ3ZlJnMVoweEFnby9HSVdjMkxqazdwTmNNM3ZHNWQ5cmdTcytUemVnY2dFcTJSbmpnemRwaEpEU1JoTi9FMndkT2ZVR0J3eTc2N29ROVRCa2hWanl4VmhaSldBK3VLdElFRWJCelhUR0hlRVoyNjJjcm9hS2ZVdlI5Tm50c2hhQXN4L0h6c0hZY3pobmh6clZSalFtbjBNRXMzcmxZeWdCdXJyc2Z4LzlTRmtJM1FiL1ZycHNIR0dwMFhGN1VTbzc2TnRBSDdYR1MzVmcvWlBMSE11bWxzOFJHYkFZMjhiVFJHSlIyK05sSEdLd1gyMnZvWFUyUkw1Z2liOUkyV1dJWVBTSTBVR0lMa0V1VEh4ZGZjSnZ1RW00MHdQaVRldDNGL2tmQ3FDZUNKK3lCR3VXaVhkRDI1ckE9PSIsImNvbnRlbnQiOiJbY29udGFjdC1maWVsZCBsYWJlbD1cIk5vbVwiIHR5cGU9XCJuYW1lXCIgcmVxdWlyZWQ9XCIxXCJdW2NvbnRhY3QtZmllbGQgbGFiZWw9XCJFLW1haWxcIiB0eXBlPVwiZW1haWxcIiByZXF1aXJlZD1cIjFcIl1bY29udGFjdC1maWVsZCBsYWJlbD1cIk51bVx1MDBlOXJvIGRlIHRcdTAwZTlsXHUwMGU5cGhvbmVcIiB0eXBlPVwidGV4dFwiIHJlcXVpcmVkPVwiMVwiXVtjb250YWN0LWZpZWxkIGxhYmVsPVwiTWVzc2FnZVwiIHR5cGU9XCJ0ZXh0YXJlYVwiXSIsImhhc2giOiJmOTRhODcyMGQ5OTJiMGM2ZmQ0NTJlNmJlYjdlODcwODZlYjg2YjVjIiwic291cmNlIjp7ImVudHJ5X3RpdGxlIjoiQWNoZXRlciB1biBiaWVuIGltbW9iaWxpZXIgZW4gRXNwYWduZSA6IHBvdXJxdW9pIHRhbnQgZGUgQmVsZ2VzIHZldWxlbnQtaWxzIHNhdXRlciBsZSBwYXMgPyIsImVudHJ5X3BhZ2UiOjEsInNvdXJjZV9pZCI6MTk5MjAsInNvdXJjZV90eXBlIjoic2luZ2xlIiwicmVxdWVzdF91cmwiOiJodHRwczovL2Jsb2cudG1ncnVwb2lubW9iaWxpYXJpby5jb20vZnIvd3AtanNvbi93cC92Mi9wb3N0cy8xOTkyMCJ9LCJ2ZXJzaW9uIjoyLCJjaXBoZXIiOiJhZXMtMjU2LWdjbSJ9.qjhS5-6sXDXGGEcUSB2MHYnH0FGacQMeXIrJuA8eXsI' \/>\n\n<div style=\"\"  data-wp-interactive=\"jetpack\/form\" data-wp-context='{\"fieldId\":\"g19920-nom\",\"fieldType\":\"name\",\"fieldLabel\":\"Nom\",\"fieldValue\":\"\",\"fieldPlaceholder\":\"\",\"fieldIsRequired\":\"1\",\"fieldErrorMessage\":\"\",\"fieldExtra\":[],\"formHash\":\"f94a8720d992b0c6fd452e6beb7e87086eb86b5c\"}'  class='grunion-field-name-wrap grunion-field-wrap'  data-wp-init='callbacks.initializeField' data-wp-on--jetpack-form-reset='callbacks.initializeField' >\n<label\n\t\t\t\tfor='g19920-nom' class=\"grunion-field-label name\" >Nom<span class=\"grunion-label-required\" aria-hidden=\"true\">(obligatoire)<\/span><\/label>\n<input\n\t\t\t\t\ttype='text'\n\t\t\t\t\tname='g19920-nom'\n\t\t\t\t\tid='g19920-nom'\n\t\t\t\t\tvalue=''\n\n\t\t\t\t\tdata-wp-bind--aria-invalid='state.fieldAriaInvalid'\n\t\t\t\t\tdata-wp-bind--value='state.getFieldValue'\n\t\t\t\t\taria-describedby='g19920-nom-text-error-message'\n\t\t\t\t\tdata-wp-on--input='actions.onFieldChange'\n\t\t\t\t\tdata-wp-on--blur='actions.onFieldBlur'\n\t\t\t\t\tdata-wp-class--has-value='state.hasFieldValue'\n\n\t\t\t\t\tclass='name  grunion-field' \n\t\t\t\t\trequired='true' aria-required='true'  \/>\n \n\t\t\t<div id=\"g19920-nom-text-error\" class=\"contact-form__input-error\" data-wp-class--has-errors=\"state.fieldHasErrors\">\n\t\t\t\t<span class=\"contact-form__warning-icon\" aria-hidden=\"true\">\n\t\t\t\t\t<svg width=\"16\" height=\"16\" viewBox=\"0 0 16 16\" fill=\"none\" xmlns=\"http:\/\/www.w3.org\/2000\/svg\">\n\t\t\t\t\t\t<path d=\"M8.50015 11.6402H7.50015V10.6402H8.50015V11.6402Z\" \/>\n\t\t\t\t\t\t<path d=\"M7.50015 9.64018H8.50015V6.30684H7.50015V9.64018Z\" \/>\n\t\t\t\t\t\t<path fill-rule=\"evenodd\" clip-rule=\"evenodd\" d=\"M6.98331 3.0947C7.42933 2.30177 8.57096 2.30177 9.01698 3.09469L13.8771 11.7349C14.3145 12.5126 13.7525 13.4735 12.8602 13.4735H3.14004C2.24774 13.4735 1.68575 12.5126 2.12321 11.7349L6.98331 3.0947ZM8.14541 3.58496C8.08169 3.47168 7.9186 3.47168 7.85488 3.58496L2.99478 12.2251C2.93229 12.3362 3.01257 12.4735 3.14004 12.4735H12.8602C12.9877 12.4735 13.068 12.3362 13.0055 12.2251L8.14541 3.58496Z\" \/>\n\t\t\t\t\t<\/svg>\n\t\t\t\t<\/span>\n\t\t\t\t<span data-wp-text=\"state.errorMessage\" id=\"g19920-nom-text-error-message\"><\/span>\n\t\t\t<\/div> \n\t<\/div>\n\n<div style=\"\"  data-wp-interactive=\"jetpack\/form\" data-wp-context='{\"fieldId\":\"g19920-email\",\"fieldType\":\"email\",\"fieldLabel\":\"E-mail\",\"fieldValue\":\"\",\"fieldPlaceholder\":\"\",\"fieldIsRequired\":\"1\",\"fieldErrorMessage\":\"\",\"fieldExtra\":[],\"formHash\":\"f94a8720d992b0c6fd452e6beb7e87086eb86b5c\"}'  class='grunion-field-email-wrap grunion-field-wrap'  data-wp-init='callbacks.initializeField' data-wp-on--jetpack-form-reset='callbacks.initializeField' >\n<label\n\t\t\t\tfor='g19920-email' class=\"grunion-field-label email\" >E-mail<span class=\"grunion-label-required\" aria-hidden=\"true\">(obligatoire)<\/span><\/label>\n<input\n\t\t\t\t\ttype='email'\n\t\t\t\t\tname='g19920-email'\n\t\t\t\t\tid='g19920-email'\n\t\t\t\t\tvalue=''\n\n\t\t\t\t\tdata-wp-bind--aria-invalid='state.fieldAriaInvalid'\n\t\t\t\t\tdata-wp-bind--value='state.getFieldValue'\n\t\t\t\t\taria-describedby='g19920-email-email-error-message'\n\t\t\t\t\tdata-wp-on--input='actions.onFieldChange'\n\t\t\t\t\tdata-wp-on--blur='actions.onFieldBlur'\n\t\t\t\t\tdata-wp-class--has-value='state.hasFieldValue'\n\n\t\t\t\t\tclass='email  grunion-field' \n\t\t\t\t\trequired='true' aria-required='true'  \/>\n \n\t\t\t<div id=\"g19920-email-email-error\" class=\"contact-form__input-error\" data-wp-class--has-errors=\"state.fieldHasErrors\">\n\t\t\t\t<span class=\"contact-form__warning-icon\" aria-hidden=\"true\">\n\t\t\t\t\t<svg width=\"16\" height=\"16\" viewBox=\"0 0 16 16\" fill=\"none\" xmlns=\"http:\/\/www.w3.org\/2000\/svg\">\n\t\t\t\t\t\t<path d=\"M8.50015 11.6402H7.50015V10.6402H8.50015V11.6402Z\" \/>\n\t\t\t\t\t\t<path d=\"M7.50015 9.64018H8.50015V6.30684H7.50015V9.64018Z\" \/>\n\t\t\t\t\t\t<path fill-rule=\"evenodd\" clip-rule=\"evenodd\" d=\"M6.98331 3.0947C7.42933 2.30177 8.57096 2.30177 9.01698 3.09469L13.8771 11.7349C14.3145 12.5126 13.7525 13.4735 12.8602 13.4735H3.14004C2.24774 13.4735 1.68575 12.5126 2.12321 11.7349L6.98331 3.0947ZM8.14541 3.58496C8.08169 3.47168 7.9186 3.47168 7.85488 3.58496L2.99478 12.2251C2.93229 12.3362 3.01257 12.4735 3.14004 12.4735H12.8602C12.9877 12.4735 13.068 12.3362 13.0055 12.2251L8.14541 3.58496Z\" \/>\n\t\t\t\t\t<\/svg>\n\t\t\t\t<\/span>\n\t\t\t\t<span data-wp-text=\"state.errorMessage\" id=\"g19920-email-email-error-message\"><\/span>\n\t\t\t<\/div> \n\t<\/div>\n\n<div style=\"\"  data-wp-interactive=\"jetpack\/form\" data-wp-context='{\"fieldId\":\"g19920-numrodetlphone\",\"fieldType\":\"text\",\"fieldLabel\":\"Num\\u00e9ro de t\\u00e9l\\u00e9phone\",\"fieldValue\":\"\",\"fieldPlaceholder\":\"\",\"fieldIsRequired\":\"1\",\"fieldErrorMessage\":\"\",\"fieldExtra\":[],\"formHash\":\"f94a8720d992b0c6fd452e6beb7e87086eb86b5c\"}'  class='grunion-field-text-wrap grunion-field-wrap'  data-wp-init='callbacks.initializeField' data-wp-on--jetpack-form-reset='callbacks.initializeField' >\n<label\n\t\t\t\tfor='g19920-numrodetlphone' class=\"grunion-field-label text\" >Num\u00e9ro de t\u00e9l\u00e9phone<span class=\"grunion-label-required\" aria-hidden=\"true\">(obligatoire)<\/span><\/label>\n<input\n\t\t\t\t\ttype='text'\n\t\t\t\t\tname='g19920-numrodetlphone'\n\t\t\t\t\tid='g19920-numrodetlphone'\n\t\t\t\t\tvalue=''\n\n\t\t\t\t\tdata-wp-bind--aria-invalid='state.fieldAriaInvalid'\n\t\t\t\t\tdata-wp-bind--value='state.getFieldValue'\n\t\t\t\t\taria-describedby='g19920-numrodetlphone-text-error-message'\n\t\t\t\t\tdata-wp-on--input='actions.onFieldChange'\n\t\t\t\t\tdata-wp-on--blur='actions.onFieldBlur'\n\t\t\t\t\tdata-wp-class--has-value='state.hasFieldValue'\n\n\t\t\t\t\tclass='text  grunion-field' \n\t\t\t\t\trequired='true' aria-required='true'  \/>\n \n\t\t\t<div id=\"g19920-numrodetlphone-text-error\" class=\"contact-form__input-error\" data-wp-class--has-errors=\"state.fieldHasErrors\">\n\t\t\t\t<span class=\"contact-form__warning-icon\" aria-hidden=\"true\">\n\t\t\t\t\t<svg width=\"16\" height=\"16\" viewBox=\"0 0 16 16\" fill=\"none\" xmlns=\"http:\/\/www.w3.org\/2000\/svg\">\n\t\t\t\t\t\t<path d=\"M8.50015 11.6402H7.50015V10.6402H8.50015V11.6402Z\" \/>\n\t\t\t\t\t\t<path d=\"M7.50015 9.64018H8.50015V6.30684H7.50015V9.64018Z\" \/>\n\t\t\t\t\t\t<path fill-rule=\"evenodd\" clip-rule=\"evenodd\" d=\"M6.98331 3.0947C7.42933 2.30177 8.57096 2.30177 9.01698 3.09469L13.8771 11.7349C14.3145 12.5126 13.7525 13.4735 12.8602 13.4735H3.14004C2.24774 13.4735 1.68575 12.5126 2.12321 11.7349L6.98331 3.0947ZM8.14541 3.58496C8.08169 3.47168 7.9186 3.47168 7.85488 3.58496L2.99478 12.2251C2.93229 12.3362 3.01257 12.4735 3.14004 12.4735H12.8602C12.9877 12.4735 13.068 12.3362 13.0055 12.2251L8.14541 3.58496Z\" \/>\n\t\t\t\t\t<\/svg>\n\t\t\t\t<\/span>\n\t\t\t\t<span data-wp-text=\"state.errorMessage\" id=\"g19920-numrodetlphone-text-error-message\"><\/span>\n\t\t\t<\/div> \n\t<\/div>\n\n<div style=\"\"  data-wp-interactive=\"jetpack\/form\" data-wp-context='{\"fieldId\":\"g19920-message\",\"fieldType\":\"textarea\",\"fieldLabel\":\"Message\",\"fieldValue\":\"\",\"fieldPlaceholder\":\"\",\"fieldIsRequired\":\"\",\"fieldErrorMessage\":\"\",\"fieldExtra\":[],\"formHash\":\"f94a8720d992b0c6fd452e6beb7e87086eb86b5c\"}'  class='grunion-field-textarea-wrap grunion-field-wrap'  data-wp-init='callbacks.initializeField' data-wp-on--jetpack-form-reset='callbacks.initializeField' >\n<label\n\t\t\t\tfor='contact-form-comment-g19920-message' class=\"grunion-field-label textarea\" >Message<\/label>\n<textarea\n\t\t                style=''\n\t\t                name='g19920-message'\n\t\t                id='contact-form-comment-g19920-message'\n\t\t                rows='20'\n\t\t\t\t\t\tdata-wp-text='state.getFieldValue'\n\t\t\t\t\t\tdata-wp-on--input='actions.onFieldChange'\n\t\t\t\t\t\tdata-wp-on--blur='actions.onFieldBlur'\n\t\t\t\t\t\tdata-wp-class--has-value='state.hasFieldValue'\n\t\t\t\t\t\taria-describedby='g19920-message-textarea-error-message'\n\t\t\t\t\t\tdata-wp-bind--aria-invalid='state.fieldAriaInvalid'\n\t\t\t\t\t\tclass='textarea  grunion-field'  ><\/textarea>\n \n\t\t\t<div id=\"g19920-message-textarea-error\" class=\"contact-form__input-error\" data-wp-class--has-errors=\"state.fieldHasErrors\">\n\t\t\t\t<span class=\"contact-form__warning-icon\" aria-hidden=\"true\">\n\t\t\t\t\t<svg width=\"16\" height=\"16\" viewBox=\"0 0 16 16\" fill=\"none\" xmlns=\"http:\/\/www.w3.org\/2000\/svg\">\n\t\t\t\t\t\t<path d=\"M8.50015 11.6402H7.50015V10.6402H8.50015V11.6402Z\" \/>\n\t\t\t\t\t\t<path d=\"M7.50015 9.64018H8.50015V6.30684H7.50015V9.64018Z\" \/>\n\t\t\t\t\t\t<path fill-rule=\"evenodd\" clip-rule=\"evenodd\" d=\"M6.98331 3.0947C7.42933 2.30177 8.57096 2.30177 9.01698 3.09469L13.8771 11.7349C14.3145 12.5126 13.7525 13.4735 12.8602 13.4735H3.14004C2.24774 13.4735 1.68575 12.5126 2.12321 11.7349L6.98331 3.0947ZM8.14541 3.58496C8.08169 3.47168 7.9186 3.47168 7.85488 3.58496L2.99478 12.2251C2.93229 12.3362 3.01257 12.4735 3.14004 12.4735H12.8602C12.9877 12.4735 13.068 12.3362 13.0055 12.2251L8.14541 3.58496Z\" \/>\n\t\t\t\t\t<\/svg>\n\t\t\t\t<\/span>\n\t\t\t\t<span data-wp-text=\"state.errorMessage\" id=\"g19920-message-textarea-error-message\"><\/span>\n\t\t\t<\/div>\n\t<\/div>\n\t<p class='contact-submit'>\n<div class=\"contact-form__error\" data-wp-class--show-errors=\"state.showFormErrors\"><span class=\"contact-form__warning-icon\" aria-hidden=\"true\"><i><\/i><\/span><span class=\"contact-form__error-message\" tabindex=\"-1\" data-wp-watch=\"callbacks.focusOnValidationError\" data-wp-text=\"state.getFormErrorMessage\"><\/span><ul aria-label=\"Erreurs de formulaire\">\n\t\t\t\t<template data-wp-each=\"state.getErrorList\" data-wp-key=\"context.item.id\">\n\t\t\t\t\t<li><a data-wp-bind--href=\"context.item.anchor\" data-wp-on--click=\"actions.scrollIntoView\" data-wp-text=\"context.item.label\"><\/a><\/li>\n\t\t\t\t<\/template>\n\t\t\t\t<\/ul><\/div><div class=\"contact-form__error\" data-wp-class--show-errors=\"state.showSubmissionError\" data-wp-text=\"context.submissionError\" tabindex=\"-1\" data-wp-watch=\"callbacks.focusOnSubmissionError\"><\/div>\t\t<button type='submit' class='pushbutton-wide'>Envoyer<\/button>\t\t<input type='hidden' name='contact-form-id' value='19920' \/>\n\t\t<input type='hidden' name='action' value='grunion-contact-form' \/>\n\t\t<input type='hidden' name='contact-form-hash' value='f94a8720d992b0c6fd452e6beb7e87086eb86b5c' \/>\n\t<\/p>\n<p style=\"display: none !important;\" class=\"akismet-fields-container\" data-prefix=\"ak_\"><label>&#916;<textarea name=\"ak_hp_textarea\" cols=\"45\" rows=\"8\" maxlength=\"100\"><\/textarea><\/label><input type=\"hidden\" id=\"ak_js_1\" name=\"ak_js\" value=\"29\"\/><script type=\"text\/javascript\">\n\/* <![CDATA[ *\/\ndocument.getElementById( \"ak_js_1\" ).setAttribute( \"value\", ( new Date() ).getTime() );\n\/* ]]> *\/\n<\/script>\n<\/p><\/form>\n<\/div>\n","protected":false},"excerpt":{"rendered":"<p>&nbsp; Comme de nombreux Belges, vous souhaitez peut-\u00eatre, dans un futur plus ou moins proche, vous s\u00e9parer de votre bien immobilier ici, en Belgique, pour faire l\u2019acquisition d\u2019une villa ou d\u2019un appartement en Espagne. Les Belges ont depuis longtemps jet\u00e9 leur d\u00e9volu sur le pays de Rafa\u00ebl Nadal et Salvador Dal\u00ed, et ce pour de [&hellip;]<\/p>\n","protected":false},"author":11729,"featured_media":19927,"comment_status":"open","ping_status":"open","sticky":false,"template":"","format":"standard","meta":{"_jetpack_memberships_contains_paid_content":false,"footnotes":""},"categories":[16],"tags":[156,162,155,103,80],"class_list":["post-19920","post","type-post","status-publish","format-standard","has-post-thumbnail","hentry","category-life-style","tag-acheter-un-appartement","tag-acheter-un-bien-immobilier","tag-acheter-une-maison","tag-tm-grupo-inmobiliario","tag-tm-real-estate-group","formato-blog"],"better_featured_image":{"id":19927,"alt_text":"Acheter un bien immobilier en Espagne pourquoi tant de Belges veulent-ils sauter le pas","caption":"","description":"","media_type":"image","media_details":{"width":1000,"height":666,"file":"2024\/06\/Acheter-un-bien-immobilier-en-Espagne-pourquoi-tant-de-Belges-veulent-ils-sauter-le-pas.jpg","filesize":107749,"sizes":{"medium":{"file":"Acheter-un-bien-immobilier-en-Espagne-pourquoi-tant-de-Belges-veulent-ils-sauter-le-pas-300x200.jpg","width":300,"height":200,"mime-type":"image\/jpeg","filesize":14184,"source_url":"https:\/\/blog.tmgrupoinmobiliario.com\/fr\/wp-content\/uploads\/sites\/5\/2024\/06\/Acheter-un-bien-immobilier-en-Espagne-pourquoi-tant-de-Belges-veulent-ils-sauter-le-pas-300x200.jpg"},"thumbnail":{"file":"Acheter-un-bien-immobilier-en-Espagne-pourquoi-tant-de-Belges-veulent-ils-sauter-le-pas-150x150.jpg","width":150,"height":150,"mime-type":"image\/jpeg","filesize":6547,"source_url":"https:\/\/blog.tmgrupoinmobiliario.com\/fr\/wp-content\/uploads\/sites\/5\/2024\/06\/Acheter-un-bien-immobilier-en-Espagne-pourquoi-tant-de-Belges-veulent-ils-sauter-le-pas-150x150.jpg"},"medium_large":{"file":"Acheter-un-bien-immobilier-en-Espagne-pourquoi-tant-de-Belges-veulent-ils-sauter-le-pas-768x511.jpg","width":768,"height":511,"mime-type":"image\/jpeg","filesize":65924,"source_url":"https:\/\/blog.tmgrupoinmobiliario.com\/fr\/wp-content\/uploads\/sites\/5\/2024\/06\/Acheter-un-bien-immobilier-en-Espagne-pourquoi-tant-de-Belges-veulent-ils-sauter-le-pas-768x511.jpg"}},"image_meta":{"aperture":"0","credit":"","camera":"","caption":"","created_timestamp":"0","copyright":"","focal_length":"0","iso":"0","shutter_speed":"0","title":"","orientation":"1","keywords":[]}},"post":19920,"source_url":"https:\/\/blog.tmgrupoinmobiliario.com\/fr\/wp-content\/uploads\/sites\/5\/2024\/06\/Acheter-un-bien-immobilier-en-Espagne-pourquoi-tant-de-Belges-veulent-ils-sauter-le-pas.jpg"},"acf":{"imagen_destacada_desktop":"https:\/\/blog.tmgrupoinmobiliario.com\/fr\/wp-content\/uploads\/sites\/5\/2024\/06\/Acheter-un-bien-immobilier-en-Espagne-pourquoi-tant-de-Belges-veulent-ils-sauter-le-pas-1920x870-1.jpg","imagen_destacada_mobile":"https:\/\/blog.tmgrupoinmobiliario.com\/fr\/wp-content\/uploads\/sites\/5\/2024\/06\/Acheter-un-bien-immobilier-en-Espagne-pourquoi-tant-de-Belges-veulent-ils-sauter-le-pas-540.jpg","formato":{"term_id":37,"name":"Blog","slug":"blog","term_group":0,"term_taxonomy_id":37,"taxonomy":"formato","description":"","parent":0,"count":110,"filter":"raw"},"entradilla":"Saviez-vous qu\u2019en moyenne, les Belges ach\u00e8tent une maison ou un appartement toutes les deux heures en Espagne ? Notre pays voue un v\u00e9ritable amour \u00e0 l\u2019Espagne et ce n\u2019est pas pour rien que la communaut\u00e9 belge s\u2019agrandit de mani\u00e8re significative ces derni\u00e8res ann\u00e9es de l\u2019autre c\u00f4t\u00e9 des Pyr\u00e9n\u00e9es. Mais pourquoi sommes-nous tant \u00e0 sauter le pas et \u00e0 tout quitter pour le soleil d\u2019Espagne ?","etiquetas":"","cabecera_escritorio":"https:\/\/blog.tmgrupoinmobiliario.com\/fr\/wp-content\/uploads\/sites\/5\/2024\/06\/Acheter-un-bien-immobilier-en-Espagne-pourquoi-tant-de-Belges-veulent-ils-sauter-le-pas-1200x300-.jpg","cabecera_mobile":"https:\/\/blog.tmgrupoinmobiliario.com\/fr\/wp-content\/uploads\/sites\/5\/2024\/06\/Acheter-un-bien-immobilier-en-Espagne-pourquoi-tant-de-Belges-veulent-ils-sauter-le-pas-768.jpg","galeria":false},"yoast_head":"<!-- This site is optimized with the Yoast SEO Premium plugin v23.6 (Yoast SEO v27.5) - https:\/\/yoast.com\/product\/yoast-seo-premium-wordpress\/ -->\n<title>Acheter un bien immobilier en Espagne : pourquoi tant de Belges veulent-ils sauter le pas ? - Francais<\/title>\n<meta name=\"description\" content=\"Les Belges vouent un amour v\u00e9ritable \u00e0 l\u2019Espagne. Ils sont de plus en plus nombreux \u00e0 partir s\u2019y installer, pour des raisons diverses et vari\u00e9es.\" \/>\n<meta name=\"robots\" content=\"index, follow, max-snippet:-1, max-image-preview:large, max-video-preview:-1\" \/>\n<link rel=\"canonical\" href=\"https:\/\/blog.tmgrupoinmobiliario.com\/fr\/2024\/06\/19\/acheter-un-bien-immobilier-en-espagne-pourquoi-tant-de-belges-veulent-ils-sauter-le-pas\/\" \/>\n<meta property=\"og:locale\" content=\"fr_FR\" \/>\n<meta property=\"og:type\" content=\"article\" \/>\n<meta property=\"og:title\" content=\"Acheter un bien immobilier en Espagne : pourquoi tant de Belges veulent-ils sauter le pas ?\" \/>\n<meta property=\"og:description\" content=\"Les Belges vouent un amour v\u00e9ritable \u00e0 l\u2019Espagne. Ils sont de plus en plus nombreux \u00e0 partir s\u2019y installer, pour des raisons diverses et vari\u00e9es.\" \/>\n<meta property=\"og:url\" content=\"https:\/\/blog.tmgrupoinmobiliario.com\/fr\/2024\/06\/19\/acheter-un-bien-immobilier-en-espagne-pourquoi-tant-de-belges-veulent-ils-sauter-le-pas\/\" \/>\n<meta property=\"og:site_name\" content=\"Francais\" \/>\n<meta property=\"article:published_time\" content=\"2024-06-19T16:53:05+00:00\" \/>\n<meta property=\"article:modified_time\" content=\"2024-06-20T08:36:23+00:00\" \/>\n<meta property=\"og:image\" content=\"https:\/\/blog.tmgrupoinmobiliario.com\/fr\/wp-content\/uploads\/sites\/5\/2024\/06\/Acheter-un-bien-immobilier-en-Espagne-pourquoi-tant-de-Belges-veulent-ils-sauter-le-pas.jpg\" \/>\n\t<meta property=\"og:image:width\" content=\"1000\" \/>\n\t<meta property=\"og:image:height\" content=\"666\" \/>\n\t<meta property=\"og:image:type\" content=\"image\/jpeg\" \/>\n<meta name=\"author\" content=\"indira\" \/>\n<meta name=\"twitter:card\" content=\"summary_large_image\" \/>\n<meta name=\"twitter:label1\" content=\"\u00c9crit par\" \/>\n\t<meta name=\"twitter:data1\" content=\"indira\" \/>\n\t<meta name=\"twitter:label2\" content=\"Dur\u00e9e de lecture estim\u00e9e\" \/>\n\t<meta name=\"twitter:data2\" content=\"5 minutes\" \/>\n<script type=\"application\/ld+json\" class=\"yoast-schema-graph\">{\"@context\":\"https:\\\/\\\/schema.org\",\"@graph\":[{\"@type\":\"Article\",\"@id\":\"https:\\\/\\\/blog.tmgrupoinmobiliario.com\\\/fr\\\/2024\\\/06\\\/19\\\/acheter-un-bien-immobilier-en-espagne-pourquoi-tant-de-belges-veulent-ils-sauter-le-pas\\\/#article\",\"isPartOf\":{\"@id\":\"https:\\\/\\\/blog.tmgrupoinmobiliario.com\\\/fr\\\/2024\\\/06\\\/19\\\/acheter-un-bien-immobilier-en-espagne-pourquoi-tant-de-belges-veulent-ils-sauter-le-pas\\\/\"},\"author\":{\"name\":\"indira\",\"@id\":\"https:\\\/\\\/blog.tmgrupoinmobiliario.com\\\/fr\\\/#\\\/schema\\\/person\\\/bbbac745abadad64177a5ee6a73cbf7c\"},\"headline\":\"Acheter un bien immobilier en Espagne : pourquoi tant de Belges veulent-ils sauter le pas ?\",\"datePublished\":\"2024-06-19T16:53:05+00:00\",\"dateModified\":\"2024-06-20T08:36:23+00:00\",\"mainEntityOfPage\":{\"@id\":\"https:\\\/\\\/blog.tmgrupoinmobiliario.com\\\/fr\\\/2024\\\/06\\\/19\\\/acheter-un-bien-immobilier-en-espagne-pourquoi-tant-de-belges-veulent-ils-sauter-le-pas\\\/\"},\"wordCount\":917,\"commentCount\":0,\"image\":{\"@id\":\"https:\\\/\\\/blog.tmgrupoinmobiliario.com\\\/fr\\\/2024\\\/06\\\/19\\\/acheter-un-bien-immobilier-en-espagne-pourquoi-tant-de-belges-veulent-ils-sauter-le-pas\\\/#primaryimage\"},\"thumbnailUrl\":\"https:\\\/\\\/blog.tmgrupoinmobiliario.com\\\/fr\\\/wp-content\\\/uploads\\\/sites\\\/5\\\/2024\\\/06\\\/Acheter-un-bien-immobilier-en-Espagne-pourquoi-tant-de-Belges-veulent-ils-sauter-le-pas.jpg\",\"keywords\":[\"acheter un appartement\",\"acheter un bien immobilier\",\"acheter une maison\",\"TM Grupo Inmobiliario\",\"TM Real Estate Group\"],\"articleSection\":[\"Life Style\"],\"inLanguage\":\"fr-FR\",\"potentialAction\":[{\"@type\":\"CommentAction\",\"name\":\"Comment\",\"target\":[\"https:\\\/\\\/blog.tmgrupoinmobiliario.com\\\/fr\\\/2024\\\/06\\\/19\\\/acheter-un-bien-immobilier-en-espagne-pourquoi-tant-de-belges-veulent-ils-sauter-le-pas\\\/#respond\"]}]},{\"@type\":\"WebPage\",\"@id\":\"https:\\\/\\\/blog.tmgrupoinmobiliario.com\\\/fr\\\/2024\\\/06\\\/19\\\/acheter-un-bien-immobilier-en-espagne-pourquoi-tant-de-belges-veulent-ils-sauter-le-pas\\\/\",\"url\":\"https:\\\/\\\/blog.tmgrupoinmobiliario.com\\\/fr\\\/2024\\\/06\\\/19\\\/acheter-un-bien-immobilier-en-espagne-pourquoi-tant-de-belges-veulent-ils-sauter-le-pas\\\/\",\"name\":\"Acheter un bien immobilier en Espagne : pourquoi tant de Belges veulent-ils sauter le pas ? - Francais\",\"isPartOf\":{\"@id\":\"https:\\\/\\\/blog.tmgrupoinmobiliario.com\\\/fr\\\/#website\"},\"primaryImageOfPage\":{\"@id\":\"https:\\\/\\\/blog.tmgrupoinmobiliario.com\\\/fr\\\/2024\\\/06\\\/19\\\/acheter-un-bien-immobilier-en-espagne-pourquoi-tant-de-belges-veulent-ils-sauter-le-pas\\\/#primaryimage\"},\"image\":{\"@id\":\"https:\\\/\\\/blog.tmgrupoinmobiliario.com\\\/fr\\\/2024\\\/06\\\/19\\\/acheter-un-bien-immobilier-en-espagne-pourquoi-tant-de-belges-veulent-ils-sauter-le-pas\\\/#primaryimage\"},\"thumbnailUrl\":\"https:\\\/\\\/blog.tmgrupoinmobiliario.com\\\/fr\\\/wp-content\\\/uploads\\\/sites\\\/5\\\/2024\\\/06\\\/Acheter-un-bien-immobilier-en-Espagne-pourquoi-tant-de-Belges-veulent-ils-sauter-le-pas.jpg\",\"datePublished\":\"2024-06-19T16:53:05+00:00\",\"dateModified\":\"2024-06-20T08:36:23+00:00\",\"author\":{\"@id\":\"https:\\\/\\\/blog.tmgrupoinmobiliario.com\\\/fr\\\/#\\\/schema\\\/person\\\/bbbac745abadad64177a5ee6a73cbf7c\"},\"description\":\"Les Belges vouent un amour v\u00e9ritable \u00e0 l\u2019Espagne. Ils sont de plus en plus nombreux \u00e0 partir s\u2019y installer, pour des raisons diverses et vari\u00e9es.\",\"breadcrumb\":{\"@id\":\"https:\\\/\\\/blog.tmgrupoinmobiliario.com\\\/fr\\\/2024\\\/06\\\/19\\\/acheter-un-bien-immobilier-en-espagne-pourquoi-tant-de-belges-veulent-ils-sauter-le-pas\\\/#breadcrumb\"},\"inLanguage\":\"fr-FR\",\"potentialAction\":[{\"@type\":\"ReadAction\",\"target\":[\"https:\\\/\\\/blog.tmgrupoinmobiliario.com\\\/fr\\\/2024\\\/06\\\/19\\\/acheter-un-bien-immobilier-en-espagne-pourquoi-tant-de-belges-veulent-ils-sauter-le-pas\\\/\"]}]},{\"@type\":\"ImageObject\",\"inLanguage\":\"fr-FR\",\"@id\":\"https:\\\/\\\/blog.tmgrupoinmobiliario.com\\\/fr\\\/2024\\\/06\\\/19\\\/acheter-un-bien-immobilier-en-espagne-pourquoi-tant-de-belges-veulent-ils-sauter-le-pas\\\/#primaryimage\",\"url\":\"https:\\\/\\\/blog.tmgrupoinmobiliario.com\\\/fr\\\/wp-content\\\/uploads\\\/sites\\\/5\\\/2024\\\/06\\\/Acheter-un-bien-immobilier-en-Espagne-pourquoi-tant-de-Belges-veulent-ils-sauter-le-pas.jpg\",\"contentUrl\":\"https:\\\/\\\/blog.tmgrupoinmobiliario.com\\\/fr\\\/wp-content\\\/uploads\\\/sites\\\/5\\\/2024\\\/06\\\/Acheter-un-bien-immobilier-en-Espagne-pourquoi-tant-de-Belges-veulent-ils-sauter-le-pas.jpg\",\"width\":1000,\"height\":666,\"caption\":\"Acheter un bien immobilier en Espagne pourquoi tant de Belges veulent-ils sauter le pas\"},{\"@type\":\"BreadcrumbList\",\"@id\":\"https:\\\/\\\/blog.tmgrupoinmobiliario.com\\\/fr\\\/2024\\\/06\\\/19\\\/acheter-un-bien-immobilier-en-espagne-pourquoi-tant-de-belges-veulent-ils-sauter-le-pas\\\/#breadcrumb\",\"itemListElement\":[{\"@type\":\"ListItem\",\"position\":1,\"name\":\"Portada\",\"item\":\"https:\\\/\\\/blog.tmgrupoinmobiliario.com\\\/fr\\\/\"},{\"@type\":\"ListItem\",\"position\":2,\"name\":\"Acheter un bien immobilier en Espagne : pourquoi tant de Belges veulent-ils sauter le pas ?\"}]},{\"@type\":\"WebSite\",\"@id\":\"https:\\\/\\\/blog.tmgrupoinmobiliario.com\\\/fr\\\/#website\",\"url\":\"https:\\\/\\\/blog.tmgrupoinmobiliario.com\\\/fr\\\/\",\"name\":\"Francais\",\"description\":\"Otro sitio m\u00e1s de Blog Desarrollo TM sitios\",\"potentialAction\":[{\"@type\":\"SearchAction\",\"target\":{\"@type\":\"EntryPoint\",\"urlTemplate\":\"https:\\\/\\\/blog.tmgrupoinmobiliario.com\\\/fr\\\/?s={search_term_string}\"},\"query-input\":{\"@type\":\"PropertyValueSpecification\",\"valueRequired\":true,\"valueName\":\"search_term_string\"}}],\"inLanguage\":\"fr-FR\"},{\"@type\":\"Person\",\"@id\":\"https:\\\/\\\/blog.tmgrupoinmobiliario.com\\\/fr\\\/#\\\/schema\\\/person\\\/bbbac745abadad64177a5ee6a73cbf7c\",\"name\":\"indira\",\"image\":{\"@type\":\"ImageObject\",\"inLanguage\":\"fr-FR\",\"@id\":\"https:\\\/\\\/secure.gravatar.com\\\/avatar\\\/e9bcc7a0bb2179240c56a1875899ce9a1dfa15d5b7527f71259eaee6010d7203?s=96&d=mm&r=g\",\"url\":\"https:\\\/\\\/secure.gravatar.com\\\/avatar\\\/e9bcc7a0bb2179240c56a1875899ce9a1dfa15d5b7527f71259eaee6010d7203?s=96&d=mm&r=g\",\"contentUrl\":\"https:\\\/\\\/secure.gravatar.com\\\/avatar\\\/e9bcc7a0bb2179240c56a1875899ce9a1dfa15d5b7527f71259eaee6010d7203?s=96&d=mm&r=g\",\"caption\":\"indira\"},\"url\":\"https:\\\/\\\/blog.tmgrupoinmobiliario.com\\\/fr\\\/author\\\/indira\\\/\"}]}<\/script>\n<!-- \/ Yoast SEO Premium plugin. -->","yoast_head_json":{"title":"Acheter un bien immobilier en Espagne : pourquoi tant de Belges veulent-ils sauter le pas ? - Francais","description":"Les Belges vouent un amour v\u00e9ritable \u00e0 l\u2019Espagne. Ils sont de plus en plus nombreux \u00e0 partir s\u2019y installer, pour des raisons diverses et vari\u00e9es.","robots":{"index":"index","follow":"follow","max-snippet":"max-snippet:-1","max-image-preview":"max-image-preview:large","max-video-preview":"max-video-preview:-1"},"canonical":"https:\/\/blog.tmgrupoinmobiliario.com\/fr\/2024\/06\/19\/acheter-un-bien-immobilier-en-espagne-pourquoi-tant-de-belges-veulent-ils-sauter-le-pas\/","og_locale":"fr_FR","og_type":"article","og_title":"Acheter un bien immobilier en Espagne : pourquoi tant de Belges veulent-ils sauter le pas ?","og_description":"Les Belges vouent un amour v\u00e9ritable \u00e0 l\u2019Espagne. Ils sont de plus en plus nombreux \u00e0 partir s\u2019y installer, pour des raisons diverses et vari\u00e9es.","og_url":"https:\/\/blog.tmgrupoinmobiliario.com\/fr\/2024\/06\/19\/acheter-un-bien-immobilier-en-espagne-pourquoi-tant-de-belges-veulent-ils-sauter-le-pas\/","og_site_name":"Francais","article_published_time":"2024-06-19T16:53:05+00:00","article_modified_time":"2024-06-20T08:36:23+00:00","og_image":[{"width":1000,"height":666,"url":"https:\/\/blog.tmgrupoinmobiliario.com\/fr\/wp-content\/uploads\/sites\/5\/2024\/06\/Acheter-un-bien-immobilier-en-Espagne-pourquoi-tant-de-Belges-veulent-ils-sauter-le-pas.jpg","type":"image\/jpeg"}],"author":"indira","twitter_card":"summary_large_image","twitter_misc":{"\u00c9crit par":"indira","Dur\u00e9e de lecture estim\u00e9e":"5 minutes"},"schema":{"@context":"https:\/\/schema.org","@graph":[{"@type":"Article","@id":"https:\/\/blog.tmgrupoinmobiliario.com\/fr\/2024\/06\/19\/acheter-un-bien-immobilier-en-espagne-pourquoi-tant-de-belges-veulent-ils-sauter-le-pas\/#article","isPartOf":{"@id":"https:\/\/blog.tmgrupoinmobiliario.com\/fr\/2024\/06\/19\/acheter-un-bien-immobilier-en-espagne-pourquoi-tant-de-belges-veulent-ils-sauter-le-pas\/"},"author":{"name":"indira","@id":"https:\/\/blog.tmgrupoinmobiliario.com\/fr\/#\/schema\/person\/bbbac745abadad64177a5ee6a73cbf7c"},"headline":"Acheter un bien immobilier en Espagne : pourquoi tant de Belges veulent-ils sauter le pas ?","datePublished":"2024-06-19T16:53:05+00:00","dateModified":"2024-06-20T08:36:23+00:00","mainEntityOfPage":{"@id":"https:\/\/blog.tmgrupoinmobiliario.com\/fr\/2024\/06\/19\/acheter-un-bien-immobilier-en-espagne-pourquoi-tant-de-belges-veulent-ils-sauter-le-pas\/"},"wordCount":917,"commentCount":0,"image":{"@id":"https:\/\/blog.tmgrupoinmobiliario.com\/fr\/2024\/06\/19\/acheter-un-bien-immobilier-en-espagne-pourquoi-tant-de-belges-veulent-ils-sauter-le-pas\/#primaryimage"},"thumbnailUrl":"https:\/\/blog.tmgrupoinmobiliario.com\/fr\/wp-content\/uploads\/sites\/5\/2024\/06\/Acheter-un-bien-immobilier-en-Espagne-pourquoi-tant-de-Belges-veulent-ils-sauter-le-pas.jpg","keywords":["acheter un appartement","acheter un bien immobilier","acheter une maison","TM Grupo Inmobiliario","TM Real Estate Group"],"articleSection":["Life Style"],"inLanguage":"fr-FR","potentialAction":[{"@type":"CommentAction","name":"Comment","target":["https:\/\/blog.tmgrupoinmobiliario.com\/fr\/2024\/06\/19\/acheter-un-bien-immobilier-en-espagne-pourquoi-tant-de-belges-veulent-ils-sauter-le-pas\/#respond"]}]},{"@type":"WebPage","@id":"https:\/\/blog.tmgrupoinmobiliario.com\/fr\/2024\/06\/19\/acheter-un-bien-immobilier-en-espagne-pourquoi-tant-de-belges-veulent-ils-sauter-le-pas\/","url":"https:\/\/blog.tmgrupoinmobiliario.com\/fr\/2024\/06\/19\/acheter-un-bien-immobilier-en-espagne-pourquoi-tant-de-belges-veulent-ils-sauter-le-pas\/","name":"Acheter un bien immobilier en Espagne : pourquoi tant de Belges veulent-ils sauter le pas ? - Francais","isPartOf":{"@id":"https:\/\/blog.tmgrupoinmobiliario.com\/fr\/#website"},"primaryImageOfPage":{"@id":"https:\/\/blog.tmgrupoinmobiliario.com\/fr\/2024\/06\/19\/acheter-un-bien-immobilier-en-espagne-pourquoi-tant-de-belges-veulent-ils-sauter-le-pas\/#primaryimage"},"image":{"@id":"https:\/\/blog.tmgrupoinmobiliario.com\/fr\/2024\/06\/19\/acheter-un-bien-immobilier-en-espagne-pourquoi-tant-de-belges-veulent-ils-sauter-le-pas\/#primaryimage"},"thumbnailUrl":"https:\/\/blog.tmgrupoinmobiliario.com\/fr\/wp-content\/uploads\/sites\/5\/2024\/06\/Acheter-un-bien-immobilier-en-Espagne-pourquoi-tant-de-Belges-veulent-ils-sauter-le-pas.jpg","datePublished":"2024-06-19T16:53:05+00:00","dateModified":"2024-06-20T08:36:23+00:00","author":{"@id":"https:\/\/blog.tmgrupoinmobiliario.com\/fr\/#\/schema\/person\/bbbac745abadad64177a5ee6a73cbf7c"},"description":"Les Belges vouent un amour v\u00e9ritable \u00e0 l\u2019Espagne. Ils sont de plus en plus nombreux \u00e0 partir s\u2019y installer, pour des raisons diverses et vari\u00e9es.","breadcrumb":{"@id":"https:\/\/blog.tmgrupoinmobiliario.com\/fr\/2024\/06\/19\/acheter-un-bien-immobilier-en-espagne-pourquoi-tant-de-belges-veulent-ils-sauter-le-pas\/#breadcrumb"},"inLanguage":"fr-FR","potentialAction":[{"@type":"ReadAction","target":["https:\/\/blog.tmgrupoinmobiliario.com\/fr\/2024\/06\/19\/acheter-un-bien-immobilier-en-espagne-pourquoi-tant-de-belges-veulent-ils-sauter-le-pas\/"]}]},{"@type":"ImageObject","inLanguage":"fr-FR","@id":"https:\/\/blog.tmgrupoinmobiliario.com\/fr\/2024\/06\/19\/acheter-un-bien-immobilier-en-espagne-pourquoi-tant-de-belges-veulent-ils-sauter-le-pas\/#primaryimage","url":"https:\/\/blog.tmgrupoinmobiliario.com\/fr\/wp-content\/uploads\/sites\/5\/2024\/06\/Acheter-un-bien-immobilier-en-Espagne-pourquoi-tant-de-Belges-veulent-ils-sauter-le-pas.jpg","contentUrl":"https:\/\/blog.tmgrupoinmobiliario.com\/fr\/wp-content\/uploads\/sites\/5\/2024\/06\/Acheter-un-bien-immobilier-en-Espagne-pourquoi-tant-de-Belges-veulent-ils-sauter-le-pas.jpg","width":1000,"height":666,"caption":"Acheter un bien immobilier en Espagne pourquoi tant de Belges veulent-ils sauter le pas"},{"@type":"BreadcrumbList","@id":"https:\/\/blog.tmgrupoinmobiliario.com\/fr\/2024\/06\/19\/acheter-un-bien-immobilier-en-espagne-pourquoi-tant-de-belges-veulent-ils-sauter-le-pas\/#breadcrumb","itemListElement":[{"@type":"ListItem","position":1,"name":"Portada","item":"https:\/\/blog.tmgrupoinmobiliario.com\/fr\/"},{"@type":"ListItem","position":2,"name":"Acheter un bien immobilier en Espagne : pourquoi tant de Belges veulent-ils sauter le pas ?"}]},{"@type":"WebSite","@id":"https:\/\/blog.tmgrupoinmobiliario.com\/fr\/#website","url":"https:\/\/blog.tmgrupoinmobiliario.com\/fr\/","name":"Francais","description":"Otro sitio m\u00e1s de Blog Desarrollo TM sitios","potentialAction":[{"@type":"SearchAction","target":{"@type":"EntryPoint","urlTemplate":"https:\/\/blog.tmgrupoinmobiliario.com\/fr\/?s={search_term_string}"},"query-input":{"@type":"PropertyValueSpecification","valueRequired":true,"valueName":"search_term_string"}}],"inLanguage":"fr-FR"},{"@type":"Person","@id":"https:\/\/blog.tmgrupoinmobiliario.com\/fr\/#\/schema\/person\/bbbac745abadad64177a5ee6a73cbf7c","name":"indira","image":{"@type":"ImageObject","inLanguage":"fr-FR","@id":"https:\/\/secure.gravatar.com\/avatar\/e9bcc7a0bb2179240c56a1875899ce9a1dfa15d5b7527f71259eaee6010d7203?s=96&d=mm&r=g","url":"https:\/\/secure.gravatar.com\/avatar\/e9bcc7a0bb2179240c56a1875899ce9a1dfa15d5b7527f71259eaee6010d7203?s=96&d=mm&r=g","contentUrl":"https:\/\/secure.gravatar.com\/avatar\/e9bcc7a0bb2179240c56a1875899ce9a1dfa15d5b7527f71259eaee6010d7203?s=96&d=mm&r=g","caption":"indira"},"url":"https:\/\/blog.tmgrupoinmobiliario.com\/fr\/author\/indira\/"}]}},"jetpack_featured_media_url":"https:\/\/blog.tmgrupoinmobiliario.com\/fr\/wp-content\/uploads\/sites\/5\/2024\/06\/Acheter-un-bien-immobilier-en-Espagne-pourquoi-tant-de-Belges-veulent-ils-sauter-le-pas.jpg","jetpack_sharing_enabled":true,"_links":{"self":[{"href":"https:\/\/blog.tmgrupoinmobiliario.com\/fr\/wp-json\/wp\/v2\/posts\/19920","targetHints":{"allow":["GET"]}}],"collection":[{"href":"https:\/\/blog.tmgrupoinmobiliario.com\/fr\/wp-json\/wp\/v2\/posts"}],"about":[{"href":"https:\/\/blog.tmgrupoinmobiliario.com\/fr\/wp-json\/wp\/v2\/types\/post"}],"author":[{"embeddable":true,"href":"https:\/\/blog.tmgrupoinmobiliario.com\/fr\/wp-json\/wp\/v2\/users\/11729"}],"replies":[{"embeddable":true,"href":"https:\/\/blog.tmgrupoinmobiliario.com\/fr\/wp-json\/wp\/v2\/comments?post=19920"}],"version-history":[{"count":3,"href":"https:\/\/blog.tmgrupoinmobiliario.com\/fr\/wp-json\/wp\/v2\/posts\/19920\/revisions"}],"predecessor-version":[{"id":19928,"href":"https:\/\/blog.tmgrupoinmobiliario.com\/fr\/wp-json\/wp\/v2\/posts\/19920\/revisions\/19928"}],"wp:featuredmedia":[{"embeddable":true,"href":"https:\/\/blog.tmgrupoinmobiliario.com\/fr\/wp-json\/wp\/v2\/media\/19927"}],"wp:attachment":[{"href":"https:\/\/blog.tmgrupoinmobiliario.com\/fr\/wp-json\/wp\/v2\/media?parent=19920"}],"wp:term":[{"taxonomy":"category","embeddable":true,"href":"https:\/\/blog.tmgrupoinmobiliario.com\/fr\/wp-json\/wp\/v2\/categories?post=19920"},{"taxonomy":"post_tag","embeddable":true,"href":"https:\/\/blog.tmgrupoinmobiliario.com\/fr\/wp-json\/wp\/v2\/tags?post=19920"}],"curies":[{"name":"wp","href":"https:\/\/api.w.org\/{rel}","templated":true}]}}