{"id":19822,"date":"2024-04-11T16:24:30","date_gmt":"2024-04-11T14:24:30","guid":{"rendered":"https:\/\/blog.tmgrupoinmobiliario.com\/fr\/?p=19822"},"modified":"2024-04-11T16:36:51","modified_gmt":"2024-04-11T14:36:51","slug":"quels-biens-immobiliers-du-tm-grupo-inmobiliario-sont-en-vente-sur-la-costa-del-sol","status":"publish","type":"post","link":"https:\/\/blog.tmgrupoinmobiliario.com\/fr\/2024\/04\/11\/quels-biens-immobiliers-du-tm-grupo-inmobiliario-sont-en-vente-sur-la-costa-del-sol\/","title":{"rendered":"Quels biens immobiliers du TM Grupo Inmobiliario sont en vente sur la Costa del Sol ?"},"content":{"rendered":"<h2><\/h2>\n<h3><span style=\"color: #ff0000\"><strong>Quelle est la qualit\u00e9 de vie sur la Costa del Sol ?<\/strong><\/span><\/h3>\n<p>La Costa del Sol est un paradis pour les amateurs de soleil, de plage, de montagne, de luxe et bien plus encore. La Costa del Sol poss\u00e8de plus de 120 plages, et la douceur de son climat permet d\u2019en profiter toute l\u2019ann\u00e9e. Elle b\u00e9n\u00e9ficie en effet de plus de 325 jours de soleil par an et d&#8217;une temp\u00e9rature moyenne de 20\u00b0\u00a0C.<\/p>\n<p>Marbella et Puerto Ban\u00fas sont connues dans le monde entier gr\u00e2ce \u00e0 leur emplacement exclusif, leur marina de luxe, l&#8217;une des plus c\u00e9l\u00e8bres au monde, les boutiques de mode telles que Louis Vuitton, Versace, Roberto Cavalli ou Gucci&#8230; Un lieu id\u00e9al pour les amateurs de ce mode de vie privil\u00e9gi\u00e9.<\/p>\n<p>La Costa del Sol accueille des citoyens du monde entier, l&#8217;offre \u00e9ducative est \u00e9galement internationale, adapt\u00e9e aux ressortissants anglais, allemands, fran\u00e7ais, danois, su\u00e9dois, norv\u00e9giens, etc. En outre, l&#8217;a\u00e9roport de Malaga-Costa del Sol (AGP) est le premier a\u00e9roport d&#8217;Andalousie, l&#8217;un des plus fr\u00e9quent\u00e9s d&#8217;Espagne, et il propose des liaisons vers l&#8217;Espagne, l&#8217;Europe et d&#8217;autres destinations dans le reste du monde.<\/p>\n<p>La gastronomie est l&#8217;une des raisons pour lesquelles les visiteurs se laissent s\u00e9duire par les sp\u00e9cialit\u00e9s culinaires de Malaga, comme le poisson frit et les tapas. Son offre gastronomique se compose notamment d\u2019\u00e9tablissements \u00e9toil\u00e9s au guide Michelin, mais \u00e9galement de restaurants qui sauront satisfaire tous les go\u00fbts et tous les palais\u00a0: italiens, asiatiques, japonais&#8230;<\/p>\n<p>La Costa del Sol est un lieu o\u00f9 il fait bon vivre dans tous les domaines\u00a0: le sport, la gastronomie, les plages et l\u2019environnement naturel, ainsi qu\u2019une grande vari\u00e9t\u00e9 de loisirs.<\/p>\n<h3><span style=\"color: #ff0000\"><strong>Le luxe de vivre \u00e0 Absolute Ban\u00fas by TM<\/strong><\/span><\/h3>\n<p><a href=\"https:\/\/www.tmgrupoinmobiliario.com\/blog\/fr\/2023\/04\/25\/temps-commencer-vie-unique-absolute-banus\/\" target=\"_blank\" rel=\"noopener\">Absolute Ban\u00fas by TM<\/a> est un projet r\u00e9sidentiel exclusif, situ\u00e9 dans Puerto Ban\u00fas, l&#8217;une des zones les plus pris\u00e9es de la Costa del Sol, et \u00e0 seulement 300\u00a0m\u00e8tres de la plage. Le complexe comprend des logements de type familial, compos\u00e9s de 4 chambres et 6 salles de bains, am\u00e9nag\u00e9s sur 3 \u00e9tages, avec piscine priv\u00e9e dans le jardin et jacuzzi dans le solarium. Tous les logements sont orient\u00e9s plein sud afin de profiter d&#8217;un maximum d&#8217;heures d&#8217;ensoleillement tout au long de l&#8217;ann\u00e9e.<\/p>\n<p>De plus, le design et la qualit\u00e9 des constructions rendront votre lieu de vie unique. Les villas sont \u00e9quip\u00e9es d&#8217;une pompe \u00e0 chaleur air-air install\u00e9e dans un local priv\u00e9 (sous-sol), d&#8217;une cuisine design enti\u00e8rement \u00e9quip\u00e9e, d&#8217;un syst\u00e8me de chauffage par le sol dans toutes les pi\u00e8ces (sauf le sous-sol), d&#8217;un barbecue int\u00e9gr\u00e9 sur la terrasse ou m\u00eame d&#8217;une pr\u00e9-installation pour accueillir un ascenseur. En choisissant d&#8217;acheter l&#8217;un de nos villas, vous vivrez dans un environnement confortable et luxueux au c\u0153ur de la Costa del Sol.<\/p>\n<h3><span style=\"color: #ff0000\"><strong>Higuer\u00f3n Bay Residences by TM, avec une vue magnifique sur la mer<\/strong><\/span><\/h3>\n<p>Le complexe <a href=\"https:\/\/www.tmgrupoinmobiliario.com\/fr\/promotions-immobilieres\/U82-01_vente-logements-espagne-costa-del-sol-higueron-bay-residences-by-tm\" target=\"_blank\" rel=\"noopener\">Higuer\u00f3n Bay Residences by TM<\/a> est situ\u00e9 dans le quartier privil\u00e9gi\u00e9 d&#8217;El Higuer\u00f3n, \u00e0 Fuengirola, \u00e0 seulement 350\u00a0m\u00e8tres de la plage d&#8217;El Carvajal. Il propose des appartements de 2 et 3 chambres, dot\u00e9s de 2 et 3 salles de bains, offrant de magnifiques vues sur la mer. Ils b\u00e9n\u00e9ficient de deux places de parking et d\u2019un box de rangement, Ses incroyables parties communes qui occupent plus de 8\u00a0000 m<sup>2<\/sup> comprennent une piscine chauff\u00e9e pour adultes, une piscine pour enfants, un jacuzzi chauff\u00e9, une salle de sport \u00e9quip\u00e9e, une salle de coworking, un wifi commun, un belv\u00e9d\u00e8re de 127\u00a0m<sup>2<\/sup> et des espaces paysagers travers\u00e9s par des all\u00e9es. Des panneaux photovolta\u00efques permettent de contribuer au d\u00e9veloppement durable et de r\u00e9duire la consommation d&#8217;\u00e9lectricit\u00e9.<\/p>\n<h3><span style=\"color: #ff0000\"><strong>Derniers appartements Atalaya Emotion by TM \u00e0 Guadalmina<\/strong><\/span><\/h3>\n<p>Le complexe <a href=\"https:\/\/www.tmgrupoinmobiliario.com\/blog\/fr\/2022\/04\/12\/atalaya-emotion-by-tm-une-nouvelle-vie-pleine-demotions\/\" target=\"_blank\" rel=\"noopener\">Atalaya Emotion by TM<\/a> est situ\u00e9 dans la zone privil\u00e9gi\u00e9e d&#8217;Atalaya, entour\u00e9 de terrains de golf et proche de toutes les commodit\u00e9s. Il se compose d\u2019appartements de 2 et 3 chambres \u00e0 coucher, situ\u00e9s \u00e0 5 minutes de la plage, de Puerto Ban\u00fas et du Golden Mile de Marbella. \u00c0 l&#8217;Atalaya Emotion by TM, vous pourrez profiter de magnifiques parties communes comprenant une piscine pour adultes, une piscine pour enfants, des jacuzzis, un gymnase, un espace de yoga, un terrain de p\u00e9tanque et une zone de jeux pour les enfants.<\/p>\n<p>&nbsp;<\/p>\n<p><strong>En savoir plus sur les propri\u00e9t\u00e9s en vente sur la Costa del Sol.<\/strong><\/p>\n<div data-test='contact-form'\n\t\t\tid='contact-form-19822'\n\t\t\tclass='jetpack-contact-form-container '\n\t\t\tdata-wp-interactive='jetpack\/form' data-wp-context='{\"formId\":\"19822\",\"formHash\":\"75fd4b0d3cc11960352b40f3de286ad98fa4dbe6\",\"showErrors\":false,\"errors\":[],\"fields\":[],\"isMultiStep\":false,\"useAjax\":true,\"submissionData\":null,\"formattedSubmissionData\":[],\"submissionSuccess\":false,\"submissionError\":null,\"elementId\":\"jp-form-75fd4b0d3cc11960352b40f3de286ad98fa4dbe6\",\"isSingleInputForm\":false,\"isForcedHorizontal\":false}'\n\t\t\tdata-wp-watch--scroll-to-wrapper=\"callbacks.scrollToWrapper\"\n\t\t>\n<div class=\"contact-form-submission contact-form-ajax-submission\" data-wp-bind--aria-hidden=\"state.isSuccessMessageAriaHidden\" data-wp-class--submission-success=\"context.submissionSuccess\" id=\"contact-form-success-75fd4b0d3cc11960352b40f3de286ad98fa4dbe6\" tabindex=\"-1\" aria-labelledby=\"contact-form-success-header-75fd4b0d3cc11960352b40f3de286ad98fa4dbe6\"><p class=\"go-back-message\"><a class=\"link\" role=\"button\" tabindex=\"0\" data-wp-on--click=\"actions.goBack\" href=\"\/fr\/wp-json\/wp\/v2\/posts\/19822\">\u2190 Retour<\/a><\/p><h4 data-wp-bind--aria-hidden=\"state.isSuccessMessageAriaHidden\" id=\"contact-form-success-header-75fd4b0d3cc11960352b40f3de286ad98fa4dbe6\">Merci pour votre r\u00e9ponse. \u2728<\/h4>\n\n<template data-wp-each--submission=\"context.formattedSubmissionData\">\n\t\t\t\t\t<div class=\"jetpack_forms_contact-form-success-summary\">\n\t\t\t\t\t\t<div class=\"field-name-wrapper\">\n\t\t\t\t\t\t\t<div class=\"field-type-icon\" data-wp-watch=\"callbacks.watchFieldTypeIcon\"><\/div>\n\t\t\t\t\t\t\t<div class=\"field-name\" data-wp-text=\"context.submission.label\" data-wp-bind--hidden=\"!context.submission.label\"><\/div>\n\t\t\t\t\t\t<\/div>\n\t\t\t\t\t\t<div class=\"field-value\" data-wp-text=\"context.submission.value\" data-wp-bind--hidden=\"!context.submission.showPlainValue\"><\/div>\n\t\t\t\t\t\t<a class=\"field-url\" data-wp-bind--href=\"context.submission.url\" data-wp-text=\"context.submission.value\" data-wp-bind--hidden=\"!context.submission.url\" target=\"_blank\" rel=\"noopener noreferrer\"><\/a>\n\t\t\t\t\t\t<div class=\"field-rating\" data-wp-bind--hidden=\"!context.submission.rating\" data-wp-watch=\"callbacks.watchRatingIcons\"><\/div>\n\t\t\t\t\t\t<div class=\"field-images\" data-wp-bind--hidden=\"!context.submission.images\">\n\t\t\t\t\t\t\t<template data-wp-each--image=\"context.submission.images\">\n\t\t\t\t\t\t\t\t<div class=\"field-image-option\" data-wp-class--is-empty=\"!context.image.src\">\n\t\t\t\t\t\t\t\t\t<figure class=\"field-image-option__image\" data-wp-class--is-empty=\"!context.image.src\">\n\t\t\t\t\t\t\t\t\t\t<img data-wp-bind--src=\"context.image.src\" data-wp-bind--hidden=\"!context.image.src\" \/>\n\t\t\t\t\t\t\t\t\t\t<img decoding=\"async\" src=\"data:image\/gif;base64,R0lGODlhAQABAAD\/ACwAAAAAAQABAAACADs=\" data-wp-bind--hidden=\"context.image.src\" \/>\n\t\t\t\t\t\t\t\t\t<\/figure>\n\t\t\t\t\t\t\t\t\t<div class=\"field-image-option__label-wrapper\">\n\t\t\t\t\t\t\t\t\t\t<span class=\"field-image-option__label-code\" data-wp-text=\"context.image.letterCode\"><\/span>\n\t\t\t\t\t\t\t\t\t\t<span class=\"field-image-option__label\" data-wp-text=\"context.image.label\" data-wp-bind--hidden=\"!context.image.label\"><\/span>\n\t\t\t\t\t\t\t\t\t<\/div>\n\t\t\t\t\t\t\t\t<\/div>\n\t\t\t\t\t\t\t<\/template>\n\t\t\t\t\t\t<\/div>\n\t\t\t\t\t\t<div class=\"field-files\" data-wp-bind--hidden=\"!context.submission.files\">\n\t\t\t\t\t\t\t<template data-wp-each--file=\"context.submission.files\">\n\t\t\t\t\t\t\t\t<div class=\"field-file\">\n\t\t\t\t\t\t\t\t\t<div class=\"field-file__thumbnail\" data-wp-style--background-image=\"context.file.previewUrl\" data-wp-style--mask-image=\"context.file.iconUrl\" data-wp-bind--hidden=\"!context.file.hasPreview\"><\/div>\n\t\t\t\t\t\t\t\t\t<svg class=\"field-file__icon\" data-wp-bind--hidden=\"context.file.hasPreview\" width=\"20\" height=\"20\" viewBox=\"0 0 24 24\" fill=\"none\" xmlns=\"http:\/\/www.w3.org\/2000\/svg\" aria-hidden=\"true\">\n\t\t\t\t\t\t\t\t\t\t<path d=\"M14 2H6C4.9 2 4 2.9 4 4V20C4 21.1 4.89 22 5.99 22H18C19.1 22 20 21.1 20 20V8L14 2ZM18 20H6V4H13V9H18V20Z\" fill=\"currentColor\"\/>\n\t\t\t\t\t\t\t\t\t<\/svg>\n\t\t\t\t\t\t\t\t\t<span class=\"field-file__name\" data-wp-text=\"context.file.name\"><\/span>\n\t\t\t\t\t\t\t\t\t<span class=\"field-file__size\" data-wp-text=\"context.file.size\"><\/span>\n\t\t\t\t\t\t\t\t<\/div>\n\t\t\t\t\t\t\t<\/template>\n\t\t\t\t\t\t<\/div>\n\t\t\t\t\t<\/div>\n\t\t\t\t<\/template><\/div><form action='https:\/\/blog.tmgrupoinmobiliario.com\/fr\/2024\/04\/11\/quels-biens-immobiliers-du-tm-grupo-inmobiliario-sont-en-vente-sur-la-costa-del-sol\/'\n\t\t\t\tid='jp-form-75fd4b0d3cc11960352b40f3de286ad98fa4dbe6'\n\t\t\t\tmethod='post'\n\t\t\t\tclass='contact-form commentsblock jetpack-contact-form__form has-no-jetpack-form-layout' aria-label=\"Quels biens immobiliers du TM Grupo Inmobiliario sont en vente sur la Costa del Sol ?\"\n\t\t\t\tdata-wp-on--submit=\"actions.onFormSubmit\"\n\t\t\t\tdata-wp-on--reset=\"actions.onFormReset\"\n\t\t\t\tdata-wp-class--submission-success=\"context.submissionSuccess\"\n\t\t\t\tdata-wp-class--is-first-step=\"state.isFirstStep\"\n\t\t\t\tdata-wp-class--is-last-step=\"state.isLastStep\"\n\t\t\t\tdata-wp-class--is-ajax-form=\"context.useAjax\"\n\t\t\t\tnovalidate >\n<input type='hidden' name='jetpack_contact_form_jwt' value='eyJ0eXAiOiJKV1QiLCJhbGciOiJIUzI1NiJ9.eyJlbmNyeXB0ZWRfYXR0cmlidXRlcyI6IlVzclE4eGVLQUdDdVhiZXY2RmFJN1A4c05mWXdJdTAwNjhtWDQ2dTRqRE1RZ2t0d0JDQmd3cmVXQTVmTzB4WG9ZbEppNlhWU0x0dFNvSG5hMW14QUJ2YTNuWmVWUVBkWUZBTlc1Q3BCdE9jOGhiMk4rZ2lEQW5sbDJRdUNMZ29wVVAyTTdhV0pCQjcwdmZSOVVTVk9HbFl3TzBPVHFETWZIMG9xbVlZVWt2TkdIUVlkbGFTdWsramtQZUc5eE05OXNJWWgxWE8yR2x2akltMlRtTWZMSTFvNEVZaCsvS0JCK2l6VUo1TnhpOGxpR1IxcWk4ZndRZ25SY3dFcnV5czA0MUVQMExCaHZzc2pRZ29yMitHRWs3bkVQT3J4YTIwUTc4eVhsRVNSb0dzY21GdE1ralg0cVkzQWNXWEhuOG1PWmNCdG5NUHB2c1gzaDFoMEFOUUU1L25FTFdMMmkrcHQ4V1BMN3FHeDFCMW5pTzlqTWJFZkd1VTNJMFNHUU5mQW5XNFMrUTh4ekhoS2xWZnhDSmRzWWk1bUhSTVFFaDcyS0RNQlVTL20zaFMrRGdDKzdoOFFMd2RPY2Z4bEo5NEUxRXg2UW9zNXpVSVNVazNocmhMeVlvdUNTTis4aTR1QXJjZEdMMnlncmptUDFGVlBLdUNLUmpaYitLcnc2ZGovdGR5b3dmT25MSnFQM1MzMGpNNkdkVHJzRTlIZEVqVEx2Z2ROY3hYS1U4Y09kRExUZVpqcGpOcCtXZHlnTkZHWk9yMWFNUlR3MCs0K0hQWGFYM1h2Y1pKSnhiNUVaK2pHVmxVaytMTG9Vc2Q3SzJGMzZqanpoMjNPenB1N25qYjhhU1pGeDZmanZkbzVNQnF0WUdpRklFcG1wNzB5VkdWTEhPL3hzM0hrTmRDVktRVkMxNEs5eUVseVJyRjRBMGFIZXVGK000enhiS2h0bzBxTC9WdVhkWUkreFlYdm9HUkVDemVacHc0M3Q3RmUvOG5Mc0VHNVhwWUlBeDRDVVFsZkVqcTM1YTF6VDh0dE0vZ3JmSy94ZEdUdFdLZ01jTHJvdlUwV1V6OUR2SXluZE5WczNidU1vUWt5VWI2SWJGMldmdWNTUFAzTlJzbEJuaEU2V1JNZXpCWmhMQ2xoSWNQNkFyLzdhT1JGbkpIaWdybG9YQi82TzRUY0NKYUN2U3FmOEU4SWk2Vlkvck1OR3pvMTI5cEY0U1kwKzB3UU44bUNCY2dRZlIreWJEa3FxbXJSeXRWWSIsImNvbnRlbnQiOiJbY29udGFjdC1maWVsZCBsYWJlbD1cIk5vbVwiIHR5cGU9XCJuYW1lXCIgcmVxdWlyZWQ9XCIxXCJdW2NvbnRhY3QtZmllbGQgbGFiZWw9XCJFLW1haWxcIiB0eXBlPVwiZW1haWxcIiByZXF1aXJlZD1cIjFcIl1bY29udGFjdC1maWVsZCBsYWJlbD1cIk51bVx1MDBlOXJvIGRlIHRcdTAwZTlsXHUwMGU5cGhvbmVcIiB0eXBlPVwidGV4dFwiIHJlcXVpcmVkPVwiMVwiXVtjb250YWN0LWZpZWxkIGxhYmVsPVwiTWVzc2FnZVwiIHR5cGU9XCJ0ZXh0YXJlYVwiXSIsImhhc2giOiI3NWZkNGIwZDNjYzExOTYwMzUyYjQwZjNkZTI4NmFkOThmYTRkYmU2Iiwic291cmNlIjp7ImVudHJ5X3RpdGxlIjoiUXVlbHMgYmllbnMgaW1tb2JpbGllcnMgZHUgVE0gR3J1cG8gSW5tb2JpbGlhcmlvIHNvbnQgZW4gdmVudGUgc3VyIGxhIENvc3RhIGRlbCBTb2wgPyIsImVudHJ5X3BhZ2UiOjEsInNvdXJjZV9pZCI6MTk4MjIsInNvdXJjZV90eXBlIjoic2luZ2xlIiwicmVxdWVzdF91cmwiOiJodHRwczovL2Jsb2cudG1ncnVwb2lubW9iaWxpYXJpby5jb20vZnIvd3AtanNvbi93cC92Mi9wb3N0cy8xOTgyMiJ9LCJ2ZXJzaW9uIjoyLCJjaXBoZXIiOiJhZXMtMjU2LWdjbSJ9.OfpiocFtm7eje-sr71LjY23o807gJ3n-VeGit3oT2qU' \/>\n\n<div style=\"\"  data-wp-interactive=\"jetpack\/form\" data-wp-context='{\"fieldId\":\"g19822-nom\",\"fieldType\":\"name\",\"fieldLabel\":\"Nom\",\"fieldValue\":\"\",\"fieldPlaceholder\":\"\",\"fieldIsRequired\":\"1\",\"fieldErrorMessage\":\"\",\"fieldExtra\":[],\"formHash\":\"75fd4b0d3cc11960352b40f3de286ad98fa4dbe6\"}'  class='grunion-field-name-wrap grunion-field-wrap'  data-wp-init='callbacks.initializeField' data-wp-on--jetpack-form-reset='callbacks.initializeField' >\n<label\n\t\t\t\tfor='g19822-nom' class=\"grunion-field-label name\" >Nom<span class=\"grunion-label-required\" aria-hidden=\"true\">(obligatoire)<\/span><\/label>\n<input\n\t\t\t\t\ttype='text'\n\t\t\t\t\tname='g19822-nom'\n\t\t\t\t\tid='g19822-nom'\n\t\t\t\t\tvalue=''\n\n\t\t\t\t\tdata-wp-bind--aria-invalid='state.fieldAriaInvalid'\n\t\t\t\t\tdata-wp-bind--value='state.getFieldValue'\n\t\t\t\t\taria-describedby='g19822-nom-text-error-message'\n\t\t\t\t\tdata-wp-on--input='actions.onFieldChange'\n\t\t\t\t\tdata-wp-on--blur='actions.onFieldBlur'\n\t\t\t\t\tdata-wp-class--has-value='state.hasFieldValue'\n\n\t\t\t\t\tclass='name  grunion-field' \n\t\t\t\t\trequired='true' aria-required='true'  \/>\n \n\t\t\t<div id=\"g19822-nom-text-error\" class=\"contact-form__input-error\" data-wp-class--has-errors=\"state.fieldHasErrors\">\n\t\t\t\t<span class=\"contact-form__warning-icon\" aria-hidden=\"true\">\n\t\t\t\t\t<svg width=\"16\" height=\"16\" viewBox=\"0 0 16 16\" fill=\"none\" xmlns=\"http:\/\/www.w3.org\/2000\/svg\">\n\t\t\t\t\t\t<path d=\"M8.50015 11.6402H7.50015V10.6402H8.50015V11.6402Z\" \/>\n\t\t\t\t\t\t<path d=\"M7.50015 9.64018H8.50015V6.30684H7.50015V9.64018Z\" \/>\n\t\t\t\t\t\t<path fill-rule=\"evenodd\" clip-rule=\"evenodd\" d=\"M6.98331 3.0947C7.42933 2.30177 8.57096 2.30177 9.01698 3.09469L13.8771 11.7349C14.3145 12.5126 13.7525 13.4735 12.8602 13.4735H3.14004C2.24774 13.4735 1.68575 12.5126 2.12321 11.7349L6.98331 3.0947ZM8.14541 3.58496C8.08169 3.47168 7.9186 3.47168 7.85488 3.58496L2.99478 12.2251C2.93229 12.3362 3.01257 12.4735 3.14004 12.4735H12.8602C12.9877 12.4735 13.068 12.3362 13.0055 12.2251L8.14541 3.58496Z\" \/>\n\t\t\t\t\t<\/svg>\n\t\t\t\t<\/span>\n\t\t\t\t<span data-wp-text=\"state.errorMessage\" id=\"g19822-nom-text-error-message\"><\/span>\n\t\t\t<\/div> \n\t<\/div>\n\n<div style=\"\"  data-wp-interactive=\"jetpack\/form\" data-wp-context='{\"fieldId\":\"g19822-email\",\"fieldType\":\"email\",\"fieldLabel\":\"E-mail\",\"fieldValue\":\"\",\"fieldPlaceholder\":\"\",\"fieldIsRequired\":\"1\",\"fieldErrorMessage\":\"\",\"fieldExtra\":[],\"formHash\":\"75fd4b0d3cc11960352b40f3de286ad98fa4dbe6\"}'  class='grunion-field-email-wrap grunion-field-wrap'  data-wp-init='callbacks.initializeField' data-wp-on--jetpack-form-reset='callbacks.initializeField' >\n<label\n\t\t\t\tfor='g19822-email' class=\"grunion-field-label email\" >E-mail<span class=\"grunion-label-required\" aria-hidden=\"true\">(obligatoire)<\/span><\/label>\n<input\n\t\t\t\t\ttype='email'\n\t\t\t\t\tname='g19822-email'\n\t\t\t\t\tid='g19822-email'\n\t\t\t\t\tvalue=''\n\n\t\t\t\t\tdata-wp-bind--aria-invalid='state.fieldAriaInvalid'\n\t\t\t\t\tdata-wp-bind--value='state.getFieldValue'\n\t\t\t\t\taria-describedby='g19822-email-email-error-message'\n\t\t\t\t\tdata-wp-on--input='actions.onFieldChange'\n\t\t\t\t\tdata-wp-on--blur='actions.onFieldBlur'\n\t\t\t\t\tdata-wp-class--has-value='state.hasFieldValue'\n\n\t\t\t\t\tclass='email  grunion-field' \n\t\t\t\t\trequired='true' aria-required='true'  \/>\n \n\t\t\t<div id=\"g19822-email-email-error\" class=\"contact-form__input-error\" data-wp-class--has-errors=\"state.fieldHasErrors\">\n\t\t\t\t<span class=\"contact-form__warning-icon\" aria-hidden=\"true\">\n\t\t\t\t\t<svg width=\"16\" height=\"16\" viewBox=\"0 0 16 16\" fill=\"none\" xmlns=\"http:\/\/www.w3.org\/2000\/svg\">\n\t\t\t\t\t\t<path d=\"M8.50015 11.6402H7.50015V10.6402H8.50015V11.6402Z\" \/>\n\t\t\t\t\t\t<path d=\"M7.50015 9.64018H8.50015V6.30684H7.50015V9.64018Z\" \/>\n\t\t\t\t\t\t<path fill-rule=\"evenodd\" clip-rule=\"evenodd\" d=\"M6.98331 3.0947C7.42933 2.30177 8.57096 2.30177 9.01698 3.09469L13.8771 11.7349C14.3145 12.5126 13.7525 13.4735 12.8602 13.4735H3.14004C2.24774 13.4735 1.68575 12.5126 2.12321 11.7349L6.98331 3.0947ZM8.14541 3.58496C8.08169 3.47168 7.9186 3.47168 7.85488 3.58496L2.99478 12.2251C2.93229 12.3362 3.01257 12.4735 3.14004 12.4735H12.8602C12.9877 12.4735 13.068 12.3362 13.0055 12.2251L8.14541 3.58496Z\" \/>\n\t\t\t\t\t<\/svg>\n\t\t\t\t<\/span>\n\t\t\t\t<span data-wp-text=\"state.errorMessage\" id=\"g19822-email-email-error-message\"><\/span>\n\t\t\t<\/div> \n\t<\/div>\n\n<div style=\"\"  data-wp-interactive=\"jetpack\/form\" data-wp-context='{\"fieldId\":\"g19822-numrodetlphone\",\"fieldType\":\"text\",\"fieldLabel\":\"Num\\u00e9ro de t\\u00e9l\\u00e9phone\",\"fieldValue\":\"\",\"fieldPlaceholder\":\"\",\"fieldIsRequired\":\"1\",\"fieldErrorMessage\":\"\",\"fieldExtra\":[],\"formHash\":\"75fd4b0d3cc11960352b40f3de286ad98fa4dbe6\"}'  class='grunion-field-text-wrap grunion-field-wrap'  data-wp-init='callbacks.initializeField' data-wp-on--jetpack-form-reset='callbacks.initializeField' >\n<label\n\t\t\t\tfor='g19822-numrodetlphone' class=\"grunion-field-label text\" >Num\u00e9ro de t\u00e9l\u00e9phone<span class=\"grunion-label-required\" aria-hidden=\"true\">(obligatoire)<\/span><\/label>\n<input\n\t\t\t\t\ttype='text'\n\t\t\t\t\tname='g19822-numrodetlphone'\n\t\t\t\t\tid='g19822-numrodetlphone'\n\t\t\t\t\tvalue=''\n\n\t\t\t\t\tdata-wp-bind--aria-invalid='state.fieldAriaInvalid'\n\t\t\t\t\tdata-wp-bind--value='state.getFieldValue'\n\t\t\t\t\taria-describedby='g19822-numrodetlphone-text-error-message'\n\t\t\t\t\tdata-wp-on--input='actions.onFieldChange'\n\t\t\t\t\tdata-wp-on--blur='actions.onFieldBlur'\n\t\t\t\t\tdata-wp-class--has-value='state.hasFieldValue'\n\n\t\t\t\t\tclass='text  grunion-field' \n\t\t\t\t\trequired='true' aria-required='true'  \/>\n \n\t\t\t<div id=\"g19822-numrodetlphone-text-error\" class=\"contact-form__input-error\" data-wp-class--has-errors=\"state.fieldHasErrors\">\n\t\t\t\t<span class=\"contact-form__warning-icon\" aria-hidden=\"true\">\n\t\t\t\t\t<svg width=\"16\" height=\"16\" viewBox=\"0 0 16 16\" fill=\"none\" xmlns=\"http:\/\/www.w3.org\/2000\/svg\">\n\t\t\t\t\t\t<path d=\"M8.50015 11.6402H7.50015V10.6402H8.50015V11.6402Z\" \/>\n\t\t\t\t\t\t<path d=\"M7.50015 9.64018H8.50015V6.30684H7.50015V9.64018Z\" \/>\n\t\t\t\t\t\t<path fill-rule=\"evenodd\" clip-rule=\"evenodd\" d=\"M6.98331 3.0947C7.42933 2.30177 8.57096 2.30177 9.01698 3.09469L13.8771 11.7349C14.3145 12.5126 13.7525 13.4735 12.8602 13.4735H3.14004C2.24774 13.4735 1.68575 12.5126 2.12321 11.7349L6.98331 3.0947ZM8.14541 3.58496C8.08169 3.47168 7.9186 3.47168 7.85488 3.58496L2.99478 12.2251C2.93229 12.3362 3.01257 12.4735 3.14004 12.4735H12.8602C12.9877 12.4735 13.068 12.3362 13.0055 12.2251L8.14541 3.58496Z\" \/>\n\t\t\t\t\t<\/svg>\n\t\t\t\t<\/span>\n\t\t\t\t<span data-wp-text=\"state.errorMessage\" id=\"g19822-numrodetlphone-text-error-message\"><\/span>\n\t\t\t<\/div> \n\t<\/div>\n\n<div style=\"\"  data-wp-interactive=\"jetpack\/form\" data-wp-context='{\"fieldId\":\"g19822-message\",\"fieldType\":\"textarea\",\"fieldLabel\":\"Message\",\"fieldValue\":\"\",\"fieldPlaceholder\":\"\",\"fieldIsRequired\":\"\",\"fieldErrorMessage\":\"\",\"fieldExtra\":[],\"formHash\":\"75fd4b0d3cc11960352b40f3de286ad98fa4dbe6\"}'  class='grunion-field-textarea-wrap grunion-field-wrap'  data-wp-init='callbacks.initializeField' data-wp-on--jetpack-form-reset='callbacks.initializeField' >\n<label\n\t\t\t\tfor='contact-form-comment-g19822-message' class=\"grunion-field-label textarea\" >Message<\/label>\n<textarea\n\t\t                style=''\n\t\t                name='g19822-message'\n\t\t                id='contact-form-comment-g19822-message'\n\t\t                rows='20'\n\t\t\t\t\t\tdata-wp-text='state.getFieldValue'\n\t\t\t\t\t\tdata-wp-on--input='actions.onFieldChange'\n\t\t\t\t\t\tdata-wp-on--blur='actions.onFieldBlur'\n\t\t\t\t\t\tdata-wp-class--has-value='state.hasFieldValue'\n\t\t\t\t\t\taria-describedby='g19822-message-textarea-error-message'\n\t\t\t\t\t\tdata-wp-bind--aria-invalid='state.fieldAriaInvalid'\n\t\t\t\t\t\tclass='textarea  grunion-field'  ><\/textarea>\n \n\t\t\t<div id=\"g19822-message-textarea-error\" class=\"contact-form__input-error\" data-wp-class--has-errors=\"state.fieldHasErrors\">\n\t\t\t\t<span class=\"contact-form__warning-icon\" aria-hidden=\"true\">\n\t\t\t\t\t<svg width=\"16\" height=\"16\" viewBox=\"0 0 16 16\" fill=\"none\" xmlns=\"http:\/\/www.w3.org\/2000\/svg\">\n\t\t\t\t\t\t<path d=\"M8.50015 11.6402H7.50015V10.6402H8.50015V11.6402Z\" \/>\n\t\t\t\t\t\t<path d=\"M7.50015 9.64018H8.50015V6.30684H7.50015V9.64018Z\" \/>\n\t\t\t\t\t\t<path fill-rule=\"evenodd\" clip-rule=\"evenodd\" d=\"M6.98331 3.0947C7.42933 2.30177 8.57096 2.30177 9.01698 3.09469L13.8771 11.7349C14.3145 12.5126 13.7525 13.4735 12.8602 13.4735H3.14004C2.24774 13.4735 1.68575 12.5126 2.12321 11.7349L6.98331 3.0947ZM8.14541 3.58496C8.08169 3.47168 7.9186 3.47168 7.85488 3.58496L2.99478 12.2251C2.93229 12.3362 3.01257 12.4735 3.14004 12.4735H12.8602C12.9877 12.4735 13.068 12.3362 13.0055 12.2251L8.14541 3.58496Z\" \/>\n\t\t\t\t\t<\/svg>\n\t\t\t\t<\/span>\n\t\t\t\t<span data-wp-text=\"state.errorMessage\" id=\"g19822-message-textarea-error-message\"><\/span>\n\t\t\t<\/div>\n\t<\/div>\n\t<p class='contact-submit'>\n<div class=\"contact-form__error\" data-wp-class--show-errors=\"state.showFormErrors\"><span class=\"contact-form__warning-icon\" aria-hidden=\"true\"><i><\/i><\/span><span class=\"contact-form__error-message\" tabindex=\"-1\" data-wp-watch=\"callbacks.focusOnValidationError\" data-wp-text=\"state.getFormErrorMessage\"><\/span><ul aria-label=\"Erreurs de formulaire\">\n\t\t\t\t<template data-wp-each=\"state.getErrorList\" data-wp-key=\"context.item.id\">\n\t\t\t\t\t<li><a data-wp-bind--href=\"context.item.anchor\" data-wp-on--click=\"actions.scrollIntoView\" data-wp-text=\"context.item.label\"><\/a><\/li>\n\t\t\t\t<\/template>\n\t\t\t\t<\/ul><\/div><div class=\"contact-form__error\" data-wp-class--show-errors=\"state.showSubmissionError\" data-wp-text=\"context.submissionError\" tabindex=\"-1\" data-wp-watch=\"callbacks.focusOnSubmissionError\"><\/div>\t\t<button type='submit' class='pushbutton-wide'>Envoyer<\/button>\t\t<input type='hidden' name='contact-form-id' value='19822' \/>\n\t\t<input type='hidden' name='action' value='grunion-contact-form' \/>\n\t\t<input type='hidden' name='contact-form-hash' value='75fd4b0d3cc11960352b40f3de286ad98fa4dbe6' \/>\n\t<\/p>\n<p style=\"display: none !important;\" class=\"akismet-fields-container\" data-prefix=\"ak_\"><label>&#916;<textarea name=\"ak_hp_textarea\" cols=\"45\" rows=\"8\" maxlength=\"100\"><\/textarea><\/label><input type=\"hidden\" id=\"ak_js_1\" name=\"ak_js\" value=\"1\"\/><script type=\"text\/javascript\">\n\/* <![CDATA[ *\/\ndocument.getElementById( \"ak_js_1\" ).setAttribute( \"value\", ( new Date() ).getTime() );\n\/* ]]> *\/\n<\/script>\n<\/p><\/form>\n<\/div>\n","protected":false},"excerpt":{"rendered":"<p>Quelle est la qualit\u00e9 de vie sur la Costa del Sol ? La Costa del Sol est un paradis pour les amateurs de soleil, de plage, de montagne, de luxe et bien plus encore. La Costa del Sol poss\u00e8de plus de 120 plages, et la douceur de son climat permet d\u2019en profiter toute l\u2019ann\u00e9e. Elle [&hellip;]<\/p>\n","protected":false},"author":11729,"featured_media":19824,"comment_status":"open","ping_status":"open","sticky":false,"template":"","format":"standard","meta":{"_jetpack_memberships_contains_paid_content":false,"footnotes":""},"categories":[40],"tags":[144,80],"class_list":["post-19822","post","type-post","status-publish","format-standard","has-post-thumbnail","hentry","category-votre-nouvelle-residence","tag-biens-immobiliers-costa-del-sol","tag-tm-real-estate-group","formato-blog"],"better_featured_image":{"id":19824,"alt_text":"Comprar casa en Costa del Sol","caption":"","description":"","media_type":"image","media_details":{"width":1000,"height":666,"file":"2024\/04\/Comprar-casa-en-Costa-del-Sol-.jpg","filesize":79420,"sizes":{"medium":{"file":"Comprar-casa-en-Costa-del-Sol--300x200.jpg","width":300,"height":200,"mime-type":"image\/jpeg","filesize":10514,"source_url":"https:\/\/blog.tmgrupoinmobiliario.com\/fr\/wp-content\/uploads\/sites\/5\/2024\/04\/Comprar-casa-en-Costa-del-Sol--300x200.jpg"},"thumbnail":{"file":"Comprar-casa-en-Costa-del-Sol--150x150.jpg","width":150,"height":150,"mime-type":"image\/jpeg","filesize":4437,"source_url":"https:\/\/blog.tmgrupoinmobiliario.com\/fr\/wp-content\/uploads\/sites\/5\/2024\/04\/Comprar-casa-en-Costa-del-Sol--150x150.jpg"},"medium_large":{"file":"Comprar-casa-en-Costa-del-Sol--768x511.jpg","width":768,"height":511,"mime-type":"image\/jpeg","filesize":46756,"source_url":"https:\/\/blog.tmgrupoinmobiliario.com\/fr\/wp-content\/uploads\/sites\/5\/2024\/04\/Comprar-casa-en-Costa-del-Sol--768x511.jpg"}},"image_meta":{"aperture":"0","credit":"","camera":"","caption":"","created_timestamp":"0","copyright":"","focal_length":"0","iso":"0","shutter_speed":"0","title":"","orientation":"1","keywords":[]}},"post":19822,"source_url":"https:\/\/blog.tmgrupoinmobiliario.com\/fr\/wp-content\/uploads\/sites\/5\/2024\/04\/Comprar-casa-en-Costa-del-Sol-.jpg"},"acf":{"imagen_destacada_desktop":"https:\/\/blog.tmgrupoinmobiliario.com\/fr\/wp-content\/uploads\/sites\/5\/2024\/04\/Comprar-casa-en-Costa-del-Sol-1920x870-1.jpg","imagen_destacada_mobile":"https:\/\/blog.tmgrupoinmobiliario.com\/fr\/wp-content\/uploads\/sites\/5\/2024\/04\/Comprar-casa-en-Costa-del-Sol-540.jpg","formato":{"term_id":37,"name":"Blog","slug":"blog","term_group":0,"term_taxonomy_id":37,"taxonomy":"formato","description":"","parent":0,"count":110,"filter":"raw"},"entradilla":"La Costa del Sol s'\u00e9tend sur plus de 150 kilom\u00e8tres de littoral, dans la province de Malaga et b\u00e9n\u00e9ficie de plus de 325 jours d'ensoleillement par an. TM Grupo Inmobiliario poss\u00e8de plusieurs ensembles r\u00e9sidentiels sur la Costa del Sol, notamment \u00e0 Puerto Ban\u00fas, dans le quartier Atalaya de Guadalmina et dans le quartier El Higuer\u00f3n de Fuengirola. D\u00e9couvrons les biens \u00e0 vendre sur la Costa del Sol.","etiquetas":"","cabecera_escritorio":"https:\/\/blog.tmgrupoinmobiliario.com\/fr\/wp-content\/uploads\/sites\/5\/2024\/04\/Comprar-casa-en-Costa-del-Sol-1200x300-.jpg","cabecera_mobile":"https:\/\/blog.tmgrupoinmobiliario.com\/fr\/wp-content\/uploads\/sites\/5\/2024\/04\/Comprar-casa-en-Costa-del-Sol-768.jpg","galeria":false},"yoast_head":"<!-- This site is optimized with the Yoast SEO Premium plugin v23.6 (Yoast SEO v27.5) - https:\/\/yoast.com\/product\/yoast-seo-premium-wordpress\/ -->\n<title>Biens immobiliers du TM Grupo Inmobiliario sur la Costa del Sol - Francais<\/title>\n<meta name=\"description\" content=\"TM Grupo Inmobiliario poss\u00e8de plusieurs ensembles r\u00e9sidentiels sur la Costa del Sol, notamment \u00e0 Puerto Ban\u00fas, \u00e0 Guadalmina et Fuengirola.\" \/>\n<meta name=\"robots\" content=\"index, follow, max-snippet:-1, max-image-preview:large, max-video-preview:-1\" \/>\n<link rel=\"canonical\" href=\"https:\/\/blog.tmgrupoinmobiliario.com\/fr\/2024\/04\/11\/quels-biens-immobiliers-du-tm-grupo-inmobiliario-sont-en-vente-sur-la-costa-del-sol\/\" \/>\n<meta property=\"og:locale\" content=\"fr_FR\" \/>\n<meta property=\"og:type\" content=\"article\" \/>\n<meta property=\"og:title\" content=\"Quels biens immobiliers du TM Grupo Inmobiliario sont en vente sur la Costa del Sol ?\" \/>\n<meta property=\"og:description\" content=\"TM Grupo Inmobiliario poss\u00e8de plusieurs ensembles r\u00e9sidentiels sur la Costa del Sol, notamment \u00e0 Puerto Ban\u00fas, \u00e0 Guadalmina et Fuengirola.\" \/>\n<meta property=\"og:url\" content=\"https:\/\/blog.tmgrupoinmobiliario.com\/fr\/2024\/04\/11\/quels-biens-immobiliers-du-tm-grupo-inmobiliario-sont-en-vente-sur-la-costa-del-sol\/\" \/>\n<meta property=\"og:site_name\" content=\"Francais\" \/>\n<meta property=\"article:published_time\" content=\"2024-04-11T14:24:30+00:00\" \/>\n<meta property=\"article:modified_time\" content=\"2024-04-11T14:36:51+00:00\" \/>\n<meta property=\"og:image\" content=\"https:\/\/blog.tmgrupoinmobiliario.com\/fr\/wp-content\/uploads\/sites\/5\/2024\/04\/Comprar-casa-en-Costa-del-Sol-.jpg\" \/>\n\t<meta property=\"og:image:width\" content=\"1000\" \/>\n\t<meta property=\"og:image:height\" content=\"666\" \/>\n\t<meta property=\"og:image:type\" content=\"image\/jpeg\" \/>\n<meta name=\"author\" content=\"indira\" \/>\n<meta name=\"twitter:card\" content=\"summary_large_image\" \/>\n<meta name=\"twitter:label1\" content=\"\u00c9crit par\" \/>\n\t<meta name=\"twitter:data1\" content=\"indira\" \/>\n\t<meta name=\"twitter:label2\" content=\"Dur\u00e9e de lecture estim\u00e9e\" \/>\n\t<meta name=\"twitter:data2\" content=\"4 minutes\" \/>\n<script type=\"application\/ld+json\" class=\"yoast-schema-graph\">{\"@context\":\"https:\\\/\\\/schema.org\",\"@graph\":[{\"@type\":\"Article\",\"@id\":\"https:\\\/\\\/blog.tmgrupoinmobiliario.com\\\/fr\\\/2024\\\/04\\\/11\\\/quels-biens-immobiliers-du-tm-grupo-inmobiliario-sont-en-vente-sur-la-costa-del-sol\\\/#article\",\"isPartOf\":{\"@id\":\"https:\\\/\\\/blog.tmgrupoinmobiliario.com\\\/fr\\\/2024\\\/04\\\/11\\\/quels-biens-immobiliers-du-tm-grupo-inmobiliario-sont-en-vente-sur-la-costa-del-sol\\\/\"},\"author\":{\"name\":\"indira\",\"@id\":\"https:\\\/\\\/blog.tmgrupoinmobiliario.com\\\/fr\\\/#\\\/schema\\\/person\\\/bbbac745abadad64177a5ee6a73cbf7c\"},\"headline\":\"Quels biens immobiliers du TM Grupo Inmobiliario sont en vente sur la Costa del Sol ?\",\"datePublished\":\"2024-04-11T14:24:30+00:00\",\"dateModified\":\"2024-04-11T14:36:51+00:00\",\"mainEntityOfPage\":{\"@id\":\"https:\\\/\\\/blog.tmgrupoinmobiliario.com\\\/fr\\\/2024\\\/04\\\/11\\\/quels-biens-immobiliers-du-tm-grupo-inmobiliario-sont-en-vente-sur-la-costa-del-sol\\\/\"},\"wordCount\":834,\"commentCount\":0,\"image\":{\"@id\":\"https:\\\/\\\/blog.tmgrupoinmobiliario.com\\\/fr\\\/2024\\\/04\\\/11\\\/quels-biens-immobiliers-du-tm-grupo-inmobiliario-sont-en-vente-sur-la-costa-del-sol\\\/#primaryimage\"},\"thumbnailUrl\":\"https:\\\/\\\/blog.tmgrupoinmobiliario.com\\\/fr\\\/wp-content\\\/uploads\\\/sites\\\/5\\\/2024\\\/04\\\/Comprar-casa-en-Costa-del-Sol-.jpg\",\"keywords\":[\"biens immobiliers Costa del Sol\",\"TM Real Estate Group\"],\"articleSection\":[\"Votre nouvelle r\u00e9sidence\"],\"inLanguage\":\"fr-FR\",\"potentialAction\":[{\"@type\":\"CommentAction\",\"name\":\"Comment\",\"target\":[\"https:\\\/\\\/blog.tmgrupoinmobiliario.com\\\/fr\\\/2024\\\/04\\\/11\\\/quels-biens-immobiliers-du-tm-grupo-inmobiliario-sont-en-vente-sur-la-costa-del-sol\\\/#respond\"]}]},{\"@type\":\"WebPage\",\"@id\":\"https:\\\/\\\/blog.tmgrupoinmobiliario.com\\\/fr\\\/2024\\\/04\\\/11\\\/quels-biens-immobiliers-du-tm-grupo-inmobiliario-sont-en-vente-sur-la-costa-del-sol\\\/\",\"url\":\"https:\\\/\\\/blog.tmgrupoinmobiliario.com\\\/fr\\\/2024\\\/04\\\/11\\\/quels-biens-immobiliers-du-tm-grupo-inmobiliario-sont-en-vente-sur-la-costa-del-sol\\\/\",\"name\":\"Biens immobiliers du TM Grupo Inmobiliario sur la Costa del Sol - Francais\",\"isPartOf\":{\"@id\":\"https:\\\/\\\/blog.tmgrupoinmobiliario.com\\\/fr\\\/#website\"},\"primaryImageOfPage\":{\"@id\":\"https:\\\/\\\/blog.tmgrupoinmobiliario.com\\\/fr\\\/2024\\\/04\\\/11\\\/quels-biens-immobiliers-du-tm-grupo-inmobiliario-sont-en-vente-sur-la-costa-del-sol\\\/#primaryimage\"},\"image\":{\"@id\":\"https:\\\/\\\/blog.tmgrupoinmobiliario.com\\\/fr\\\/2024\\\/04\\\/11\\\/quels-biens-immobiliers-du-tm-grupo-inmobiliario-sont-en-vente-sur-la-costa-del-sol\\\/#primaryimage\"},\"thumbnailUrl\":\"https:\\\/\\\/blog.tmgrupoinmobiliario.com\\\/fr\\\/wp-content\\\/uploads\\\/sites\\\/5\\\/2024\\\/04\\\/Comprar-casa-en-Costa-del-Sol-.jpg\",\"datePublished\":\"2024-04-11T14:24:30+00:00\",\"dateModified\":\"2024-04-11T14:36:51+00:00\",\"author\":{\"@id\":\"https:\\\/\\\/blog.tmgrupoinmobiliario.com\\\/fr\\\/#\\\/schema\\\/person\\\/bbbac745abadad64177a5ee6a73cbf7c\"},\"description\":\"TM Grupo Inmobiliario poss\u00e8de plusieurs ensembles r\u00e9sidentiels sur la Costa del Sol, notamment \u00e0 Puerto Ban\u00fas, \u00e0 Guadalmina et Fuengirola.\",\"breadcrumb\":{\"@id\":\"https:\\\/\\\/blog.tmgrupoinmobiliario.com\\\/fr\\\/2024\\\/04\\\/11\\\/quels-biens-immobiliers-du-tm-grupo-inmobiliario-sont-en-vente-sur-la-costa-del-sol\\\/#breadcrumb\"},\"inLanguage\":\"fr-FR\",\"potentialAction\":[{\"@type\":\"ReadAction\",\"target\":[\"https:\\\/\\\/blog.tmgrupoinmobiliario.com\\\/fr\\\/2024\\\/04\\\/11\\\/quels-biens-immobiliers-du-tm-grupo-inmobiliario-sont-en-vente-sur-la-costa-del-sol\\\/\"]}]},{\"@type\":\"ImageObject\",\"inLanguage\":\"fr-FR\",\"@id\":\"https:\\\/\\\/blog.tmgrupoinmobiliario.com\\\/fr\\\/2024\\\/04\\\/11\\\/quels-biens-immobiliers-du-tm-grupo-inmobiliario-sont-en-vente-sur-la-costa-del-sol\\\/#primaryimage\",\"url\":\"https:\\\/\\\/blog.tmgrupoinmobiliario.com\\\/fr\\\/wp-content\\\/uploads\\\/sites\\\/5\\\/2024\\\/04\\\/Comprar-casa-en-Costa-del-Sol-.jpg\",\"contentUrl\":\"https:\\\/\\\/blog.tmgrupoinmobiliario.com\\\/fr\\\/wp-content\\\/uploads\\\/sites\\\/5\\\/2024\\\/04\\\/Comprar-casa-en-Costa-del-Sol-.jpg\",\"width\":1000,\"height\":666,\"caption\":\"Comprar casa en Costa del Sol\"},{\"@type\":\"BreadcrumbList\",\"@id\":\"https:\\\/\\\/blog.tmgrupoinmobiliario.com\\\/fr\\\/2024\\\/04\\\/11\\\/quels-biens-immobiliers-du-tm-grupo-inmobiliario-sont-en-vente-sur-la-costa-del-sol\\\/#breadcrumb\",\"itemListElement\":[{\"@type\":\"ListItem\",\"position\":1,\"name\":\"Portada\",\"item\":\"https:\\\/\\\/blog.tmgrupoinmobiliario.com\\\/fr\\\/\"},{\"@type\":\"ListItem\",\"position\":2,\"name\":\"Quels biens immobiliers du TM Grupo Inmobiliario sont en vente sur la Costa del Sol ?\"}]},{\"@type\":\"WebSite\",\"@id\":\"https:\\\/\\\/blog.tmgrupoinmobiliario.com\\\/fr\\\/#website\",\"url\":\"https:\\\/\\\/blog.tmgrupoinmobiliario.com\\\/fr\\\/\",\"name\":\"Francais\",\"description\":\"Otro sitio m\u00e1s de Blog Desarrollo TM sitios\",\"potentialAction\":[{\"@type\":\"SearchAction\",\"target\":{\"@type\":\"EntryPoint\",\"urlTemplate\":\"https:\\\/\\\/blog.tmgrupoinmobiliario.com\\\/fr\\\/?s={search_term_string}\"},\"query-input\":{\"@type\":\"PropertyValueSpecification\",\"valueRequired\":true,\"valueName\":\"search_term_string\"}}],\"inLanguage\":\"fr-FR\"},{\"@type\":\"Person\",\"@id\":\"https:\\\/\\\/blog.tmgrupoinmobiliario.com\\\/fr\\\/#\\\/schema\\\/person\\\/bbbac745abadad64177a5ee6a73cbf7c\",\"name\":\"indira\",\"image\":{\"@type\":\"ImageObject\",\"inLanguage\":\"fr-FR\",\"@id\":\"https:\\\/\\\/secure.gravatar.com\\\/avatar\\\/e9bcc7a0bb2179240c56a1875899ce9a1dfa15d5b7527f71259eaee6010d7203?s=96&d=mm&r=g\",\"url\":\"https:\\\/\\\/secure.gravatar.com\\\/avatar\\\/e9bcc7a0bb2179240c56a1875899ce9a1dfa15d5b7527f71259eaee6010d7203?s=96&d=mm&r=g\",\"contentUrl\":\"https:\\\/\\\/secure.gravatar.com\\\/avatar\\\/e9bcc7a0bb2179240c56a1875899ce9a1dfa15d5b7527f71259eaee6010d7203?s=96&d=mm&r=g\",\"caption\":\"indira\"},\"url\":\"https:\\\/\\\/blog.tmgrupoinmobiliario.com\\\/fr\\\/author\\\/indira\\\/\"}]}<\/script>\n<!-- \/ Yoast SEO Premium plugin. -->","yoast_head_json":{"title":"Biens immobiliers du TM Grupo Inmobiliario sur la Costa del Sol - Francais","description":"TM Grupo Inmobiliario poss\u00e8de plusieurs ensembles r\u00e9sidentiels sur la Costa del Sol, notamment \u00e0 Puerto Ban\u00fas, \u00e0 Guadalmina et Fuengirola.","robots":{"index":"index","follow":"follow","max-snippet":"max-snippet:-1","max-image-preview":"max-image-preview:large","max-video-preview":"max-video-preview:-1"},"canonical":"https:\/\/blog.tmgrupoinmobiliario.com\/fr\/2024\/04\/11\/quels-biens-immobiliers-du-tm-grupo-inmobiliario-sont-en-vente-sur-la-costa-del-sol\/","og_locale":"fr_FR","og_type":"article","og_title":"Quels biens immobiliers du TM Grupo Inmobiliario sont en vente sur la Costa del Sol ?","og_description":"TM Grupo Inmobiliario poss\u00e8de plusieurs ensembles r\u00e9sidentiels sur la Costa del Sol, notamment \u00e0 Puerto Ban\u00fas, \u00e0 Guadalmina et Fuengirola.","og_url":"https:\/\/blog.tmgrupoinmobiliario.com\/fr\/2024\/04\/11\/quels-biens-immobiliers-du-tm-grupo-inmobiliario-sont-en-vente-sur-la-costa-del-sol\/","og_site_name":"Francais","article_published_time":"2024-04-11T14:24:30+00:00","article_modified_time":"2024-04-11T14:36:51+00:00","og_image":[{"width":1000,"height":666,"url":"https:\/\/blog.tmgrupoinmobiliario.com\/fr\/wp-content\/uploads\/sites\/5\/2024\/04\/Comprar-casa-en-Costa-del-Sol-.jpg","type":"image\/jpeg"}],"author":"indira","twitter_card":"summary_large_image","twitter_misc":{"\u00c9crit par":"indira","Dur\u00e9e de lecture estim\u00e9e":"4 minutes"},"schema":{"@context":"https:\/\/schema.org","@graph":[{"@type":"Article","@id":"https:\/\/blog.tmgrupoinmobiliario.com\/fr\/2024\/04\/11\/quels-biens-immobiliers-du-tm-grupo-inmobiliario-sont-en-vente-sur-la-costa-del-sol\/#article","isPartOf":{"@id":"https:\/\/blog.tmgrupoinmobiliario.com\/fr\/2024\/04\/11\/quels-biens-immobiliers-du-tm-grupo-inmobiliario-sont-en-vente-sur-la-costa-del-sol\/"},"author":{"name":"indira","@id":"https:\/\/blog.tmgrupoinmobiliario.com\/fr\/#\/schema\/person\/bbbac745abadad64177a5ee6a73cbf7c"},"headline":"Quels biens immobiliers du TM Grupo Inmobiliario sont en vente sur la Costa del Sol ?","datePublished":"2024-04-11T14:24:30+00:00","dateModified":"2024-04-11T14:36:51+00:00","mainEntityOfPage":{"@id":"https:\/\/blog.tmgrupoinmobiliario.com\/fr\/2024\/04\/11\/quels-biens-immobiliers-du-tm-grupo-inmobiliario-sont-en-vente-sur-la-costa-del-sol\/"},"wordCount":834,"commentCount":0,"image":{"@id":"https:\/\/blog.tmgrupoinmobiliario.com\/fr\/2024\/04\/11\/quels-biens-immobiliers-du-tm-grupo-inmobiliario-sont-en-vente-sur-la-costa-del-sol\/#primaryimage"},"thumbnailUrl":"https:\/\/blog.tmgrupoinmobiliario.com\/fr\/wp-content\/uploads\/sites\/5\/2024\/04\/Comprar-casa-en-Costa-del-Sol-.jpg","keywords":["biens immobiliers Costa del Sol","TM Real Estate Group"],"articleSection":["Votre nouvelle r\u00e9sidence"],"inLanguage":"fr-FR","potentialAction":[{"@type":"CommentAction","name":"Comment","target":["https:\/\/blog.tmgrupoinmobiliario.com\/fr\/2024\/04\/11\/quels-biens-immobiliers-du-tm-grupo-inmobiliario-sont-en-vente-sur-la-costa-del-sol\/#respond"]}]},{"@type":"WebPage","@id":"https:\/\/blog.tmgrupoinmobiliario.com\/fr\/2024\/04\/11\/quels-biens-immobiliers-du-tm-grupo-inmobiliario-sont-en-vente-sur-la-costa-del-sol\/","url":"https:\/\/blog.tmgrupoinmobiliario.com\/fr\/2024\/04\/11\/quels-biens-immobiliers-du-tm-grupo-inmobiliario-sont-en-vente-sur-la-costa-del-sol\/","name":"Biens immobiliers du TM Grupo Inmobiliario sur la Costa del Sol - Francais","isPartOf":{"@id":"https:\/\/blog.tmgrupoinmobiliario.com\/fr\/#website"},"primaryImageOfPage":{"@id":"https:\/\/blog.tmgrupoinmobiliario.com\/fr\/2024\/04\/11\/quels-biens-immobiliers-du-tm-grupo-inmobiliario-sont-en-vente-sur-la-costa-del-sol\/#primaryimage"},"image":{"@id":"https:\/\/blog.tmgrupoinmobiliario.com\/fr\/2024\/04\/11\/quels-biens-immobiliers-du-tm-grupo-inmobiliario-sont-en-vente-sur-la-costa-del-sol\/#primaryimage"},"thumbnailUrl":"https:\/\/blog.tmgrupoinmobiliario.com\/fr\/wp-content\/uploads\/sites\/5\/2024\/04\/Comprar-casa-en-Costa-del-Sol-.jpg","datePublished":"2024-04-11T14:24:30+00:00","dateModified":"2024-04-11T14:36:51+00:00","author":{"@id":"https:\/\/blog.tmgrupoinmobiliario.com\/fr\/#\/schema\/person\/bbbac745abadad64177a5ee6a73cbf7c"},"description":"TM Grupo Inmobiliario poss\u00e8de plusieurs ensembles r\u00e9sidentiels sur la Costa del Sol, notamment \u00e0 Puerto Ban\u00fas, \u00e0 Guadalmina et Fuengirola.","breadcrumb":{"@id":"https:\/\/blog.tmgrupoinmobiliario.com\/fr\/2024\/04\/11\/quels-biens-immobiliers-du-tm-grupo-inmobiliario-sont-en-vente-sur-la-costa-del-sol\/#breadcrumb"},"inLanguage":"fr-FR","potentialAction":[{"@type":"ReadAction","target":["https:\/\/blog.tmgrupoinmobiliario.com\/fr\/2024\/04\/11\/quels-biens-immobiliers-du-tm-grupo-inmobiliario-sont-en-vente-sur-la-costa-del-sol\/"]}]},{"@type":"ImageObject","inLanguage":"fr-FR","@id":"https:\/\/blog.tmgrupoinmobiliario.com\/fr\/2024\/04\/11\/quels-biens-immobiliers-du-tm-grupo-inmobiliario-sont-en-vente-sur-la-costa-del-sol\/#primaryimage","url":"https:\/\/blog.tmgrupoinmobiliario.com\/fr\/wp-content\/uploads\/sites\/5\/2024\/04\/Comprar-casa-en-Costa-del-Sol-.jpg","contentUrl":"https:\/\/blog.tmgrupoinmobiliario.com\/fr\/wp-content\/uploads\/sites\/5\/2024\/04\/Comprar-casa-en-Costa-del-Sol-.jpg","width":1000,"height":666,"caption":"Comprar casa en Costa del Sol"},{"@type":"BreadcrumbList","@id":"https:\/\/blog.tmgrupoinmobiliario.com\/fr\/2024\/04\/11\/quels-biens-immobiliers-du-tm-grupo-inmobiliario-sont-en-vente-sur-la-costa-del-sol\/#breadcrumb","itemListElement":[{"@type":"ListItem","position":1,"name":"Portada","item":"https:\/\/blog.tmgrupoinmobiliario.com\/fr\/"},{"@type":"ListItem","position":2,"name":"Quels biens immobiliers du TM Grupo Inmobiliario sont en vente sur la Costa del Sol ?"}]},{"@type":"WebSite","@id":"https:\/\/blog.tmgrupoinmobiliario.com\/fr\/#website","url":"https:\/\/blog.tmgrupoinmobiliario.com\/fr\/","name":"Francais","description":"Otro sitio m\u00e1s de Blog Desarrollo TM sitios","potentialAction":[{"@type":"SearchAction","target":{"@type":"EntryPoint","urlTemplate":"https:\/\/blog.tmgrupoinmobiliario.com\/fr\/?s={search_term_string}"},"query-input":{"@type":"PropertyValueSpecification","valueRequired":true,"valueName":"search_term_string"}}],"inLanguage":"fr-FR"},{"@type":"Person","@id":"https:\/\/blog.tmgrupoinmobiliario.com\/fr\/#\/schema\/person\/bbbac745abadad64177a5ee6a73cbf7c","name":"indira","image":{"@type":"ImageObject","inLanguage":"fr-FR","@id":"https:\/\/secure.gravatar.com\/avatar\/e9bcc7a0bb2179240c56a1875899ce9a1dfa15d5b7527f71259eaee6010d7203?s=96&d=mm&r=g","url":"https:\/\/secure.gravatar.com\/avatar\/e9bcc7a0bb2179240c56a1875899ce9a1dfa15d5b7527f71259eaee6010d7203?s=96&d=mm&r=g","contentUrl":"https:\/\/secure.gravatar.com\/avatar\/e9bcc7a0bb2179240c56a1875899ce9a1dfa15d5b7527f71259eaee6010d7203?s=96&d=mm&r=g","caption":"indira"},"url":"https:\/\/blog.tmgrupoinmobiliario.com\/fr\/author\/indira\/"}]}},"jetpack_featured_media_url":"https:\/\/blog.tmgrupoinmobiliario.com\/fr\/wp-content\/uploads\/sites\/5\/2024\/04\/Comprar-casa-en-Costa-del-Sol-.jpg","jetpack_sharing_enabled":true,"_links":{"self":[{"href":"https:\/\/blog.tmgrupoinmobiliario.com\/fr\/wp-json\/wp\/v2\/posts\/19822","targetHints":{"allow":["GET"]}}],"collection":[{"href":"https:\/\/blog.tmgrupoinmobiliario.com\/fr\/wp-json\/wp\/v2\/posts"}],"about":[{"href":"https:\/\/blog.tmgrupoinmobiliario.com\/fr\/wp-json\/wp\/v2\/types\/post"}],"author":[{"embeddable":true,"href":"https:\/\/blog.tmgrupoinmobiliario.com\/fr\/wp-json\/wp\/v2\/users\/11729"}],"replies":[{"embeddable":true,"href":"https:\/\/blog.tmgrupoinmobiliario.com\/fr\/wp-json\/wp\/v2\/comments?post=19822"}],"version-history":[{"count":3,"href":"https:\/\/blog.tmgrupoinmobiliario.com\/fr\/wp-json\/wp\/v2\/posts\/19822\/revisions"}],"predecessor-version":[{"id":19830,"href":"https:\/\/blog.tmgrupoinmobiliario.com\/fr\/wp-json\/wp\/v2\/posts\/19822\/revisions\/19830"}],"wp:featuredmedia":[{"embeddable":true,"href":"https:\/\/blog.tmgrupoinmobiliario.com\/fr\/wp-json\/wp\/v2\/media\/19824"}],"wp:attachment":[{"href":"https:\/\/blog.tmgrupoinmobiliario.com\/fr\/wp-json\/wp\/v2\/media?parent=19822"}],"wp:term":[{"taxonomy":"category","embeddable":true,"href":"https:\/\/blog.tmgrupoinmobiliario.com\/fr\/wp-json\/wp\/v2\/categories?post=19822"},{"taxonomy":"post_tag","embeddable":true,"href":"https:\/\/blog.tmgrupoinmobiliario.com\/fr\/wp-json\/wp\/v2\/tags?post=19822"}],"curies":[{"name":"wp","href":"https:\/\/api.w.org\/{rel}","templated":true}]}}