{"id":19782,"date":"2024-03-15T18:00:30","date_gmt":"2024-03-15T17:00:30","guid":{"rendered":"https:\/\/blog.tmgrupoinmobiliario.com\/fr\/?p=19782"},"modified":"2024-05-15T18:09:13","modified_gmt":"2024-05-15T16:09:13","slug":"quelle-maison-acheter-a-majorque-avec-tm-grupo-inmobiliario","status":"publish","type":"post","link":"https:\/\/blog.tmgrupoinmobiliario.com\/fr\/2024\/03\/15\/quelle-maison-acheter-a-majorque-avec-tm-grupo-inmobiliario\/","title":{"rendered":"Quelle maison acheter \u00e0 Majorque avec TM Grupo Inmobiliario"},"content":{"rendered":"<p>&nbsp;<\/p>\n<h3><span style=\"color: #ff0000\"><strong>Pourquoi vaut-il la peine de vivre \u00e0 Majorque ?<\/strong><\/span><\/h3>\n<p>L\u2019\u00eele de Majorque est r\u00e9put\u00e9e pour ses plages et ses criques spectaculaires aux eaux turquoise, pour son massif montagneux Serra de Tramuntana class\u00e9 au patrimoine mondial de l\u2019UNESCO et pour ses villages pittoresques. Un endroit qui offre tout ce dont vous avez besoin tout au long de l\u2019ann\u00e9e\u00a0: un large \u00e9ventail de services et d\u2019activit\u00e9s de loisirs, un a\u00e9roport desservant la p\u00e9ninsule et de nombreuses destinations du monde, et un climat magnifique \u00e0 toutes les saisons.<\/p>\n<p>Avec plus de 500\u00a0kilom\u00e8tres de c\u00f4tes, vivre \u00e0 Majorque permet de profiter de bonnes temp\u00e9ratures et de journ\u00e9es ensoleill\u00e9es tous les jours de l\u2019ann\u00e9e, mais aussi de d\u00e9couvrir un grand choix de plages et de criques. Jetons un coup d\u2019\u0153il aux propri\u00e9t\u00e9s propos\u00e9es par TM\u00a0Grupo\u00a0Inmobiliario \u00e0 Majorque.<\/p>\n<h3><span style=\"color: #ff0000\"><strong>Appartements en bord de mer \u00e0 La Perla de Sa Coma by TM<\/strong><\/span><\/h3>\n<p>Le complexe <a href=\"https:\/\/www.tmgrupoinmobiliario.com\/blog\/fr\/2022\/08\/12\/la-perla-de-sa-coma-lappartement-de-plage-de-vos-reves-dans-lune-des-plus-belles-regions-de-majorque\/\" target=\"_blank\" rel=\"noopener\">La Perla de Sa Coma by TM<\/a> est situ\u00e9 au nord-est de l\u2019\u00eele de Majorque, dans la r\u00e9gion de Sa Coma, au sein de la commune de Sant Lloren\u00e7 des Cardassar. \u00c0 quelques m\u00e8tres de la r\u00e9sidence se trouve la promenade maritime qui relie les plages de Sa Coma et de Cala Millor. De plus, ce complexe r\u00e9sidentiel se trouve dans la r\u00e9serve naturelle de Punta de n\u2019Amer sillonn\u00e9e de sentiers de randonn\u00e9e.<\/p>\n<p>Dans ce cadre extraordinaire, La Perla de Sa Coma by TM propose des appartements de 2 et 3\u00a0chambres \u00e0 coucher \u00e9quip\u00e9s de 2\u00a0salles de bains, expos\u00e9s au sud et superbement am\u00e9nag\u00e9s pour profiter du soleil tout au long de l\u2019ann\u00e9e. Les parties communes du complexe comprennent une piscine pour adultes et enfants, un jacuzzi, une aire de jeux, un espace vert int\u00e9rieur ainsi que des all\u00e9es internes.<\/p>\n<h3><span style=\"color: #ff0000\"><strong>Villas en vente \u00e0 Luz de Cala Ratjada by TM<\/strong><\/span><\/h3>\n<p>Le site <a href=\"https:\/\/www.tmgrupoinmobiliario.com\/blog\/fr\/2023\/02\/09\/luz-cala-ratjada-vivez-lumiere-mediterraneenne\/\" target=\"_blank\" rel=\"noopener\">Luz de Cala Ratjada by TM<\/a> est situ\u00e9 dans la partie la plus orientale de l\u2019\u00eele de Majorque, \u00e0 Cala Ratjada, sur le territoire municipal de Capdepera. Il est entour\u00e9 de criques et de plages spectaculaires aux eaux turquoise et se trouve \u00e0 seulement 600\u00a0m\u00e8tres du port maritime de Cala Ratjada. \u00c0 quelques minutes en voiture, vous pourrez visiter Art\u00e0, l\u2019un des villages historiques les plus beaux de l\u2019\u00eele.<\/p>\n<p>Ce complexe r\u00e9sidentiel de luxe propose des villas mitoyennes de 3\u00a0chambres \u00e0 coucher \u00e9quip\u00e9es de 3 ou 4\u00a0salles de bains et dot\u00e9es de grandes baies vitr\u00e9es qui inondent l\u2019int\u00e9rieur de lumi\u00e8re et procurent une sensation de chaleur. En outre, Luz de Cala Ratjada by TM dispose d\u2019incroyables parties communes avec jacuzzis et une zone de plage spacieuse bordant une piscine. Tous les logements comprennent une place de parking ainsi que la pr\u00e9-installation d\u2019une borne de recharge pour les v\u00e9hicules \u00e9lectriques.<\/p>\n<h3><span style=\"color: #ff0000\"><strong>Derni\u00e8res villas en vente \u00e0 Sant Pere et Font de Sa Cala<\/strong><\/span><\/h3>\n<p>Situ\u00e9 \u00e0 l\u2019est de Majorque, le complexe r\u00e9sidentiel <a href=\"https:\/\/www.tmgrupoinmobiliario.com\/blog\/fr\/2021\/10\/01\/essence-of-sa-cala-lest-de-majorque-vous-attend\/\" target=\"_blank\" rel=\"noopener\">Essence of Sa Cala by TM<\/a> poss\u00e8de une derni\u00e8re villa disponible \u00e0 la vente. Abritant 3\u00a0chambres \u00e0 coucher et 3\u00a0salles de bains, elle est \u00e9quip\u00e9e d\u2019un grand jardin et d\u2019une terrasse-solarium. Son orientation sud et ses grandes baies vitr\u00e9es inondent l\u2019int\u00e9rieur de lumi\u00e8re et conf\u00e8rent une sensation d\u2019espace incroyable, tout en permettant de profiter de vues sur la mer et les montagnes.<\/p>\n<p>Situ\u00e9 \u00e0 700\u00a0m\u00e8tres de la plage de Sa Colonia, le complexe r\u00e9sidentiel <a href=\"https:\/\/www.tmgrupoinmobiliario.com\/blog\/fr\/2020\/03\/06\/sant-pere-collection-notre-nouveau-complexe-residentiel-a-majorque\/\" target=\"_blank\" rel=\"noopener\">Sant Pere Collection by TM<\/a> dispose lui aussi d\u2019une derni\u00e8re villa \u00e9quip\u00e9e de 3\u00a0chambres \u00e0 coucher, de 3\u00a0salles de bains, d\u2019un grand jardin avec piscine et d\u2019une terrasse-solarium pour profiter du superbe climat de Majorque. La propri\u00e9t\u00e9 est \u00e9galement pourvue d\u2019une cuisine tout \u00e9quip\u00e9e, d\u2019un syst\u00e8me d\u2019air conditionn\u00e9 par gaines, d\u2019un plancher chauffant et d\u2019une colonne d\u2019hydromassage dans la salle de bains principale.<\/p>\n<p>Vous connaissez d\u00e9sormais toutes les propri\u00e9t\u00e9s \u00e0 vendre \u00e0 Majorque. Ne laissez pas passer cette chance de vivre sur la c\u00f4te de cette \u00eele des Bal\u00e9ares.<\/p>\n<p>&nbsp;<\/p>\n<p><strong>Demandez davantage d\u2019informations sur les propri\u00e9t\u00e9s en vente \u00e0 Majorque.<\/strong><\/p>\n<div data-test='contact-form'\n\t\t\tid='contact-form-19782'\n\t\t\tclass='jetpack-contact-form-container '\n\t\t\tdata-wp-interactive='jetpack\/form' data-wp-context='{\"formId\":\"19782\",\"formHash\":\"f15e965fb2fa9402f4926b121c7c6f8c2f2048df\",\"showErrors\":false,\"errors\":[],\"fields\":[],\"isMultiStep\":false,\"useAjax\":true,\"submissionData\":null,\"formattedSubmissionData\":[],\"submissionSuccess\":false,\"submissionError\":null,\"elementId\":\"jp-form-f15e965fb2fa9402f4926b121c7c6f8c2f2048df\",\"isSingleInputForm\":false,\"isForcedHorizontal\":false}'\n\t\t\tdata-wp-watch--scroll-to-wrapper=\"callbacks.scrollToWrapper\"\n\t\t>\n<div class=\"contact-form-submission contact-form-ajax-submission\" data-wp-bind--aria-hidden=\"state.isSuccessMessageAriaHidden\" data-wp-class--submission-success=\"context.submissionSuccess\" id=\"contact-form-success-f15e965fb2fa9402f4926b121c7c6f8c2f2048df\" tabindex=\"-1\" aria-labelledby=\"contact-form-success-header-f15e965fb2fa9402f4926b121c7c6f8c2f2048df\"><p class=\"go-back-message\"><a class=\"link\" role=\"button\" tabindex=\"0\" data-wp-on--click=\"actions.goBack\" href=\"\/fr\/wp-json\/wp\/v2\/posts\/19782\">\u2190 Retour<\/a><\/p><h4 data-wp-bind--aria-hidden=\"state.isSuccessMessageAriaHidden\" id=\"contact-form-success-header-f15e965fb2fa9402f4926b121c7c6f8c2f2048df\">Merci pour votre r\u00e9ponse. \u2728<\/h4>\n\n<template data-wp-each--submission=\"context.formattedSubmissionData\">\n\t\t\t\t\t<div class=\"jetpack_forms_contact-form-success-summary\">\n\t\t\t\t\t\t<div class=\"field-name-wrapper\">\n\t\t\t\t\t\t\t<div class=\"field-type-icon\" data-wp-watch=\"callbacks.watchFieldTypeIcon\"><\/div>\n\t\t\t\t\t\t\t<div class=\"field-name\" data-wp-text=\"context.submission.label\" data-wp-bind--hidden=\"!context.submission.label\"><\/div>\n\t\t\t\t\t\t<\/div>\n\t\t\t\t\t\t<div class=\"field-value\" data-wp-text=\"context.submission.value\" data-wp-bind--hidden=\"!context.submission.showPlainValue\"><\/div>\n\t\t\t\t\t\t<a class=\"field-url\" data-wp-bind--href=\"context.submission.url\" data-wp-text=\"context.submission.value\" data-wp-bind--hidden=\"!context.submission.url\" target=\"_blank\" rel=\"noopener noreferrer\"><\/a>\n\t\t\t\t\t\t<div class=\"field-rating\" data-wp-bind--hidden=\"!context.submission.rating\" data-wp-watch=\"callbacks.watchRatingIcons\"><\/div>\n\t\t\t\t\t\t<div class=\"field-images\" data-wp-bind--hidden=\"!context.submission.images\">\n\t\t\t\t\t\t\t<template data-wp-each--image=\"context.submission.images\">\n\t\t\t\t\t\t\t\t<div class=\"field-image-option\" data-wp-class--is-empty=\"!context.image.src\">\n\t\t\t\t\t\t\t\t\t<figure class=\"field-image-option__image\" data-wp-class--is-empty=\"!context.image.src\">\n\t\t\t\t\t\t\t\t\t\t<img data-wp-bind--src=\"context.image.src\" data-wp-bind--hidden=\"!context.image.src\" \/>\n\t\t\t\t\t\t\t\t\t\t<img decoding=\"async\" src=\"data:image\/gif;base64,R0lGODlhAQABAAD\/ACwAAAAAAQABAAACADs=\" data-wp-bind--hidden=\"context.image.src\" \/>\n\t\t\t\t\t\t\t\t\t<\/figure>\n\t\t\t\t\t\t\t\t\t<div class=\"field-image-option__label-wrapper\">\n\t\t\t\t\t\t\t\t\t\t<span class=\"field-image-option__label-code\" data-wp-text=\"context.image.letterCode\"><\/span>\n\t\t\t\t\t\t\t\t\t\t<span class=\"field-image-option__label\" data-wp-text=\"context.image.label\" data-wp-bind--hidden=\"!context.image.label\"><\/span>\n\t\t\t\t\t\t\t\t\t<\/div>\n\t\t\t\t\t\t\t\t<\/div>\n\t\t\t\t\t\t\t<\/template>\n\t\t\t\t\t\t<\/div>\n\t\t\t\t\t\t<div class=\"field-files\" data-wp-bind--hidden=\"!context.submission.files\">\n\t\t\t\t\t\t\t<template data-wp-each--file=\"context.submission.files\">\n\t\t\t\t\t\t\t\t<div class=\"field-file\">\n\t\t\t\t\t\t\t\t\t<div class=\"field-file__thumbnail\" data-wp-style--background-image=\"context.file.previewUrl\" data-wp-style--mask-image=\"context.file.iconUrl\" data-wp-bind--hidden=\"!context.file.hasPreview\"><\/div>\n\t\t\t\t\t\t\t\t\t<svg class=\"field-file__icon\" data-wp-bind--hidden=\"context.file.hasPreview\" width=\"20\" height=\"20\" viewBox=\"0 0 24 24\" fill=\"none\" xmlns=\"http:\/\/www.w3.org\/2000\/svg\" aria-hidden=\"true\">\n\t\t\t\t\t\t\t\t\t\t<path d=\"M14 2H6C4.9 2 4 2.9 4 4V20C4 21.1 4.89 22 5.99 22H18C19.1 22 20 21.1 20 20V8L14 2ZM18 20H6V4H13V9H18V20Z\" fill=\"currentColor\"\/>\n\t\t\t\t\t\t\t\t\t<\/svg>\n\t\t\t\t\t\t\t\t\t<span class=\"field-file__name\" data-wp-text=\"context.file.name\"><\/span>\n\t\t\t\t\t\t\t\t\t<span class=\"field-file__size\" data-wp-text=\"context.file.size\"><\/span>\n\t\t\t\t\t\t\t\t<\/div>\n\t\t\t\t\t\t\t<\/template>\n\t\t\t\t\t\t<\/div>\n\t\t\t\t\t<\/div>\n\t\t\t\t<\/template><\/div><form action='https:\/\/blog.tmgrupoinmobiliario.com\/fr\/2024\/03\/15\/quelle-maison-acheter-a-majorque-avec-tm-grupo-inmobiliario\/'\n\t\t\t\tid='jp-form-f15e965fb2fa9402f4926b121c7c6f8c2f2048df'\n\t\t\t\tmethod='post'\n\t\t\t\tclass='contact-form commentsblock jetpack-contact-form__form has-no-jetpack-form-layout' aria-label=\"Quelle maison acheter \u00e0 Majorque avec TM Grupo Inmobiliario\"\n\t\t\t\tdata-wp-on--submit=\"actions.onFormSubmit\"\n\t\t\t\tdata-wp-on--reset=\"actions.onFormReset\"\n\t\t\t\tdata-wp-class--submission-success=\"context.submissionSuccess\"\n\t\t\t\tdata-wp-class--is-first-step=\"state.isFirstStep\"\n\t\t\t\tdata-wp-class--is-last-step=\"state.isLastStep\"\n\t\t\t\tdata-wp-class--is-ajax-form=\"context.useAjax\"\n\t\t\t\tnovalidate >\n<input type='hidden' name='jetpack_contact_form_jwt' value='eyJ0eXAiOiJKV1QiLCJhbGciOiJIUzI1NiJ9.eyJlbmNyeXB0ZWRfYXR0cmlidXRlcyI6IjNGVFE3UFVyZGRVNWpYSGNKM0ZHcDFFeHU0Rkg2cU0rb3RBZy9QdVlpUXhoVmxCanVZV3RBMFhpaVhacDh2VW9DanViU3NPb1FRaDI3YzhhMWpMdVI3VmNUVzNuK3dWNTFBZ0xtQVZLeCtiYW84MXRXR1pKVXBWdXpWNDVSTFRlRktFN000UWJCenJCSE9PbVBjUkN6R3BseWpxNk1OSVh4bU1BQUVXaWU0K2JNY005b3dWRE9IRTl4YzFKK2FEWXBVcURIUHEwTVNhU1ZSSkt0dzFLSzZsQmZyYk1YQlc4LzRZeFExZEs5THNiLzgwYytYSHhQdDlMTTk2andDWFRjMVpGMTVIRHc4aXpRVE5LY2EvdlB4RHJqOVoxUlV6UUVmTmFPU0RoNWlXcGFIc2lnYTg1MDV6QVVhaW5IVDJGdmJFSzBvV1NDNDY5Z0tDWnpvMnkxTTk3WFc4YytOY0dvNFNWSEcwclB6aWxHOG5yQ1ZneE5TK0JQamJsL002Qysva3pHRjRqYkFNVExiekpLKys0dEZHWk1yYytKRHNJQlhxUkFDK1V1Z1ZjSVFtVTk1L1NTbUV3WUtuMDMzK2JXZk9NTnJvcm1TUXlJMCttSGFORmZheFBHWldKZ21vZmRjZUFLd1F2b0dkaEZKaE9HL280bGpDSk1HNU9uTnlqdW1JeDZZSC9WWFQ3d2UxNnROTjRIejU1QkdTRDRSTTMrempKZTNwVWlSbzl0RWh0Ukp2NzdBNW9vcTR1SWF1QmpqY0ZRWE9EaGFCZCt6UGpMWUpWaktTTzFmUFpzZHE0MmlsQXp0RytUNjR0MkVHOTZYUjhYamhpeEJRUWJRMGNMeUlrcTQwcnlUWWtzOTJUNVkzckNEMW1FSHgvb3FQYld4c1JNMGMrQ1ByRk9RaStuWGNLRVZ2VHJJcFlweXNGUU5Nczc5S2tkbS9kN2FHU2RLOXh3WDJuekNDYUdoT3VSclF0TDFNbEFDTnhHQTZtSzYwdlArNnNodTI2ZjVGNGdoUHc0M25QdWVtSmNNcWRiVVdTTmZYY2pZa3phZlgwZ1gwdzZSWXpML2JwMytXQU1CWGFVUkRPb21tMlJ1OG0zT3hWQlJlVC96V1lNZ3VxRDdpN0liK1Z2YzJLNFlYV0Q3M3FuTjFDNjdCMmlvTGUxdUpnN2lickpMUDluUllJanJTNjlKakJFUmZYS3NodXp0VXE3cVpLdzNKUHkrcFBURm1pOXJEZXpDZVY3QT09IiwiY29udGVudCI6Iltjb250YWN0LWZpZWxkIGxhYmVsPVwiTm9tXCIgdHlwZT1cIm5hbWVcIiByZXF1aXJlZD1cIjFcIl1bY29udGFjdC1maWVsZCBsYWJlbD1cIkUtbWFpbFwiIHR5cGU9XCJlbWFpbFwiIHJlcXVpcmVkPVwiMVwiXVtjb250YWN0LWZpZWxkIGxhYmVsPVwiTnVtXHUwMGU5cm8gZGUgdFx1MDBlOWxcdTAwZTlwaG9uZVwiIHR5cGU9XCJ0ZXh0XCIgcmVxdWlyZWQ9XCIxXCJdW2NvbnRhY3QtZmllbGQgbGFiZWw9XCJNZXNzYWdlXCIgdHlwZT1cInRleHRhcmVhXCJdIiwiaGFzaCI6ImYxNWU5NjVmYjJmYTk0MDJmNDkyNmIxMjFjN2M2ZjhjMmYyMDQ4ZGYiLCJzb3VyY2UiOnsiZW50cnlfdGl0bGUiOiJRdWVsbGUgbWFpc29uIGFjaGV0ZXIgXHUwMGUwIE1ham9ycXVlIGF2ZWMgVE0gR3J1cG8gSW5tb2JpbGlhcmlvIiwiZW50cnlfcGFnZSI6MSwic291cmNlX2lkIjoxOTc4Miwic291cmNlX3R5cGUiOiJzaW5nbGUiLCJyZXF1ZXN0X3VybCI6Imh0dHBzOi8vYmxvZy50bWdydXBvaW5tb2JpbGlhcmlvLmNvbS9mci93cC1qc29uL3dwL3YyL3Bvc3RzLzE5NzgyIn0sInZlcnNpb24iOjIsImNpcGhlciI6ImFlcy0yNTYtZ2NtIn0.hteiX8WQVIktCdcXqGQqBSSyA6ZExAtLnHQ_aJreZGA' \/>\n\n<div style=\"\"  data-wp-interactive=\"jetpack\/form\" data-wp-context='{\"fieldId\":\"g19782-nom\",\"fieldType\":\"name\",\"fieldLabel\":\"Nom\",\"fieldValue\":\"\",\"fieldPlaceholder\":\"\",\"fieldIsRequired\":\"1\",\"fieldErrorMessage\":\"\",\"fieldExtra\":[],\"formHash\":\"f15e965fb2fa9402f4926b121c7c6f8c2f2048df\"}'  class='grunion-field-name-wrap grunion-field-wrap'  data-wp-init='callbacks.initializeField' data-wp-on--jetpack-form-reset='callbacks.initializeField' >\n<label\n\t\t\t\tfor='g19782-nom' class=\"grunion-field-label name\" >Nom<span class=\"grunion-label-required\" aria-hidden=\"true\">(obligatoire)<\/span><\/label>\n<input\n\t\t\t\t\ttype='text'\n\t\t\t\t\tname='g19782-nom'\n\t\t\t\t\tid='g19782-nom'\n\t\t\t\t\tvalue=''\n\n\t\t\t\t\tdata-wp-bind--aria-invalid='state.fieldAriaInvalid'\n\t\t\t\t\tdata-wp-bind--value='state.getFieldValue'\n\t\t\t\t\taria-describedby='g19782-nom-text-error-message'\n\t\t\t\t\tdata-wp-on--input='actions.onFieldChange'\n\t\t\t\t\tdata-wp-on--blur='actions.onFieldBlur'\n\t\t\t\t\tdata-wp-class--has-value='state.hasFieldValue'\n\n\t\t\t\t\tclass='name  grunion-field' \n\t\t\t\t\trequired='true' aria-required='true'  \/>\n \n\t\t\t<div id=\"g19782-nom-text-error\" class=\"contact-form__input-error\" data-wp-class--has-errors=\"state.fieldHasErrors\">\n\t\t\t\t<span class=\"contact-form__warning-icon\" aria-hidden=\"true\">\n\t\t\t\t\t<svg width=\"16\" height=\"16\" viewBox=\"0 0 16 16\" fill=\"none\" xmlns=\"http:\/\/www.w3.org\/2000\/svg\">\n\t\t\t\t\t\t<path d=\"M8.50015 11.6402H7.50015V10.6402H8.50015V11.6402Z\" \/>\n\t\t\t\t\t\t<path d=\"M7.50015 9.64018H8.50015V6.30684H7.50015V9.64018Z\" \/>\n\t\t\t\t\t\t<path fill-rule=\"evenodd\" clip-rule=\"evenodd\" d=\"M6.98331 3.0947C7.42933 2.30177 8.57096 2.30177 9.01698 3.09469L13.8771 11.7349C14.3145 12.5126 13.7525 13.4735 12.8602 13.4735H3.14004C2.24774 13.4735 1.68575 12.5126 2.12321 11.7349L6.98331 3.0947ZM8.14541 3.58496C8.08169 3.47168 7.9186 3.47168 7.85488 3.58496L2.99478 12.2251C2.93229 12.3362 3.01257 12.4735 3.14004 12.4735H12.8602C12.9877 12.4735 13.068 12.3362 13.0055 12.2251L8.14541 3.58496Z\" \/>\n\t\t\t\t\t<\/svg>\n\t\t\t\t<\/span>\n\t\t\t\t<span data-wp-text=\"state.errorMessage\" id=\"g19782-nom-text-error-message\"><\/span>\n\t\t\t<\/div> \n\t<\/div>\n\n<div style=\"\"  data-wp-interactive=\"jetpack\/form\" data-wp-context='{\"fieldId\":\"g19782-email\",\"fieldType\":\"email\",\"fieldLabel\":\"E-mail\",\"fieldValue\":\"\",\"fieldPlaceholder\":\"\",\"fieldIsRequired\":\"1\",\"fieldErrorMessage\":\"\",\"fieldExtra\":[],\"formHash\":\"f15e965fb2fa9402f4926b121c7c6f8c2f2048df\"}'  class='grunion-field-email-wrap grunion-field-wrap'  data-wp-init='callbacks.initializeField' data-wp-on--jetpack-form-reset='callbacks.initializeField' >\n<label\n\t\t\t\tfor='g19782-email' class=\"grunion-field-label email\" >E-mail<span class=\"grunion-label-required\" aria-hidden=\"true\">(obligatoire)<\/span><\/label>\n<input\n\t\t\t\t\ttype='email'\n\t\t\t\t\tname='g19782-email'\n\t\t\t\t\tid='g19782-email'\n\t\t\t\t\tvalue=''\n\n\t\t\t\t\tdata-wp-bind--aria-invalid='state.fieldAriaInvalid'\n\t\t\t\t\tdata-wp-bind--value='state.getFieldValue'\n\t\t\t\t\taria-describedby='g19782-email-email-error-message'\n\t\t\t\t\tdata-wp-on--input='actions.onFieldChange'\n\t\t\t\t\tdata-wp-on--blur='actions.onFieldBlur'\n\t\t\t\t\tdata-wp-class--has-value='state.hasFieldValue'\n\n\t\t\t\t\tclass='email  grunion-field' \n\t\t\t\t\trequired='true' aria-required='true'  \/>\n \n\t\t\t<div id=\"g19782-email-email-error\" class=\"contact-form__input-error\" data-wp-class--has-errors=\"state.fieldHasErrors\">\n\t\t\t\t<span class=\"contact-form__warning-icon\" aria-hidden=\"true\">\n\t\t\t\t\t<svg width=\"16\" height=\"16\" viewBox=\"0 0 16 16\" fill=\"none\" xmlns=\"http:\/\/www.w3.org\/2000\/svg\">\n\t\t\t\t\t\t<path d=\"M8.50015 11.6402H7.50015V10.6402H8.50015V11.6402Z\" \/>\n\t\t\t\t\t\t<path d=\"M7.50015 9.64018H8.50015V6.30684H7.50015V9.64018Z\" \/>\n\t\t\t\t\t\t<path fill-rule=\"evenodd\" clip-rule=\"evenodd\" d=\"M6.98331 3.0947C7.42933 2.30177 8.57096 2.30177 9.01698 3.09469L13.8771 11.7349C14.3145 12.5126 13.7525 13.4735 12.8602 13.4735H3.14004C2.24774 13.4735 1.68575 12.5126 2.12321 11.7349L6.98331 3.0947ZM8.14541 3.58496C8.08169 3.47168 7.9186 3.47168 7.85488 3.58496L2.99478 12.2251C2.93229 12.3362 3.01257 12.4735 3.14004 12.4735H12.8602C12.9877 12.4735 13.068 12.3362 13.0055 12.2251L8.14541 3.58496Z\" \/>\n\t\t\t\t\t<\/svg>\n\t\t\t\t<\/span>\n\t\t\t\t<span data-wp-text=\"state.errorMessage\" id=\"g19782-email-email-error-message\"><\/span>\n\t\t\t<\/div> \n\t<\/div>\n\n<div style=\"\"  data-wp-interactive=\"jetpack\/form\" data-wp-context='{\"fieldId\":\"g19782-numrodetlphone\",\"fieldType\":\"text\",\"fieldLabel\":\"Num\\u00e9ro de t\\u00e9l\\u00e9phone\",\"fieldValue\":\"\",\"fieldPlaceholder\":\"\",\"fieldIsRequired\":\"1\",\"fieldErrorMessage\":\"\",\"fieldExtra\":[],\"formHash\":\"f15e965fb2fa9402f4926b121c7c6f8c2f2048df\"}'  class='grunion-field-text-wrap grunion-field-wrap'  data-wp-init='callbacks.initializeField' data-wp-on--jetpack-form-reset='callbacks.initializeField' >\n<label\n\t\t\t\tfor='g19782-numrodetlphone' class=\"grunion-field-label text\" >Num\u00e9ro de t\u00e9l\u00e9phone<span class=\"grunion-label-required\" aria-hidden=\"true\">(obligatoire)<\/span><\/label>\n<input\n\t\t\t\t\ttype='text'\n\t\t\t\t\tname='g19782-numrodetlphone'\n\t\t\t\t\tid='g19782-numrodetlphone'\n\t\t\t\t\tvalue=''\n\n\t\t\t\t\tdata-wp-bind--aria-invalid='state.fieldAriaInvalid'\n\t\t\t\t\tdata-wp-bind--value='state.getFieldValue'\n\t\t\t\t\taria-describedby='g19782-numrodetlphone-text-error-message'\n\t\t\t\t\tdata-wp-on--input='actions.onFieldChange'\n\t\t\t\t\tdata-wp-on--blur='actions.onFieldBlur'\n\t\t\t\t\tdata-wp-class--has-value='state.hasFieldValue'\n\n\t\t\t\t\tclass='text  grunion-field' \n\t\t\t\t\trequired='true' aria-required='true'  \/>\n \n\t\t\t<div id=\"g19782-numrodetlphone-text-error\" class=\"contact-form__input-error\" data-wp-class--has-errors=\"state.fieldHasErrors\">\n\t\t\t\t<span class=\"contact-form__warning-icon\" aria-hidden=\"true\">\n\t\t\t\t\t<svg width=\"16\" height=\"16\" viewBox=\"0 0 16 16\" fill=\"none\" xmlns=\"http:\/\/www.w3.org\/2000\/svg\">\n\t\t\t\t\t\t<path d=\"M8.50015 11.6402H7.50015V10.6402H8.50015V11.6402Z\" \/>\n\t\t\t\t\t\t<path d=\"M7.50015 9.64018H8.50015V6.30684H7.50015V9.64018Z\" \/>\n\t\t\t\t\t\t<path fill-rule=\"evenodd\" clip-rule=\"evenodd\" d=\"M6.98331 3.0947C7.42933 2.30177 8.57096 2.30177 9.01698 3.09469L13.8771 11.7349C14.3145 12.5126 13.7525 13.4735 12.8602 13.4735H3.14004C2.24774 13.4735 1.68575 12.5126 2.12321 11.7349L6.98331 3.0947ZM8.14541 3.58496C8.08169 3.47168 7.9186 3.47168 7.85488 3.58496L2.99478 12.2251C2.93229 12.3362 3.01257 12.4735 3.14004 12.4735H12.8602C12.9877 12.4735 13.068 12.3362 13.0055 12.2251L8.14541 3.58496Z\" \/>\n\t\t\t\t\t<\/svg>\n\t\t\t\t<\/span>\n\t\t\t\t<span data-wp-text=\"state.errorMessage\" id=\"g19782-numrodetlphone-text-error-message\"><\/span>\n\t\t\t<\/div> \n\t<\/div>\n\n<div style=\"\"  data-wp-interactive=\"jetpack\/form\" data-wp-context='{\"fieldId\":\"g19782-message\",\"fieldType\":\"textarea\",\"fieldLabel\":\"Message\",\"fieldValue\":\"\",\"fieldPlaceholder\":\"\",\"fieldIsRequired\":\"\",\"fieldErrorMessage\":\"\",\"fieldExtra\":[],\"formHash\":\"f15e965fb2fa9402f4926b121c7c6f8c2f2048df\"}'  class='grunion-field-textarea-wrap grunion-field-wrap'  data-wp-init='callbacks.initializeField' data-wp-on--jetpack-form-reset='callbacks.initializeField' >\n<label\n\t\t\t\tfor='contact-form-comment-g19782-message' class=\"grunion-field-label textarea\" >Message<\/label>\n<textarea\n\t\t                style=''\n\t\t                name='g19782-message'\n\t\t                id='contact-form-comment-g19782-message'\n\t\t                rows='20'\n\t\t\t\t\t\tdata-wp-text='state.getFieldValue'\n\t\t\t\t\t\tdata-wp-on--input='actions.onFieldChange'\n\t\t\t\t\t\tdata-wp-on--blur='actions.onFieldBlur'\n\t\t\t\t\t\tdata-wp-class--has-value='state.hasFieldValue'\n\t\t\t\t\t\taria-describedby='g19782-message-textarea-error-message'\n\t\t\t\t\t\tdata-wp-bind--aria-invalid='state.fieldAriaInvalid'\n\t\t\t\t\t\tclass='textarea  grunion-field'  ><\/textarea>\n \n\t\t\t<div id=\"g19782-message-textarea-error\" class=\"contact-form__input-error\" data-wp-class--has-errors=\"state.fieldHasErrors\">\n\t\t\t\t<span class=\"contact-form__warning-icon\" aria-hidden=\"true\">\n\t\t\t\t\t<svg width=\"16\" height=\"16\" viewBox=\"0 0 16 16\" fill=\"none\" xmlns=\"http:\/\/www.w3.org\/2000\/svg\">\n\t\t\t\t\t\t<path d=\"M8.50015 11.6402H7.50015V10.6402H8.50015V11.6402Z\" \/>\n\t\t\t\t\t\t<path d=\"M7.50015 9.64018H8.50015V6.30684H7.50015V9.64018Z\" \/>\n\t\t\t\t\t\t<path fill-rule=\"evenodd\" clip-rule=\"evenodd\" d=\"M6.98331 3.0947C7.42933 2.30177 8.57096 2.30177 9.01698 3.09469L13.8771 11.7349C14.3145 12.5126 13.7525 13.4735 12.8602 13.4735H3.14004C2.24774 13.4735 1.68575 12.5126 2.12321 11.7349L6.98331 3.0947ZM8.14541 3.58496C8.08169 3.47168 7.9186 3.47168 7.85488 3.58496L2.99478 12.2251C2.93229 12.3362 3.01257 12.4735 3.14004 12.4735H12.8602C12.9877 12.4735 13.068 12.3362 13.0055 12.2251L8.14541 3.58496Z\" \/>\n\t\t\t\t\t<\/svg>\n\t\t\t\t<\/span>\n\t\t\t\t<span data-wp-text=\"state.errorMessage\" id=\"g19782-message-textarea-error-message\"><\/span>\n\t\t\t<\/div>\n\t<\/div>\n\t<p class='contact-submit'>\n<div class=\"contact-form__error\" data-wp-class--show-errors=\"state.showFormErrors\"><span class=\"contact-form__warning-icon\" aria-hidden=\"true\"><i><\/i><\/span><span class=\"contact-form__error-message\" tabindex=\"-1\" data-wp-watch=\"callbacks.focusOnValidationError\" data-wp-text=\"state.getFormErrorMessage\"><\/span><ul aria-label=\"Erreurs de formulaire\">\n\t\t\t\t<template data-wp-each=\"state.getErrorList\" data-wp-key=\"context.item.id\">\n\t\t\t\t\t<li><a data-wp-bind--href=\"context.item.anchor\" data-wp-on--click=\"actions.scrollIntoView\" data-wp-text=\"context.item.label\"><\/a><\/li>\n\t\t\t\t<\/template>\n\t\t\t\t<\/ul><\/div><div class=\"contact-form__error\" data-wp-class--show-errors=\"state.showSubmissionError\" data-wp-text=\"context.submissionError\" tabindex=\"-1\" data-wp-watch=\"callbacks.focusOnSubmissionError\"><\/div>\t\t<button type='submit' class='pushbutton-wide'>Envoyer<\/button>\t\t<input type='hidden' name='contact-form-id' value='19782' \/>\n\t\t<input type='hidden' name='action' value='grunion-contact-form' \/>\n\t\t<input type='hidden' name='contact-form-hash' value='f15e965fb2fa9402f4926b121c7c6f8c2f2048df' \/>\n\t<\/p>\n<p style=\"display: none !important;\" class=\"akismet-fields-container\" data-prefix=\"ak_\"><label>&#916;<textarea name=\"ak_hp_textarea\" cols=\"45\" rows=\"8\" maxlength=\"100\"><\/textarea><\/label><input type=\"hidden\" id=\"ak_js_1\" name=\"ak_js\" value=\"209\"\/><script type=\"text\/javascript\">\n\/* <![CDATA[ *\/\ndocument.getElementById( \"ak_js_1\" ).setAttribute( \"value\", ( new Date() ).getTime() );\n\/* ]]> *\/\n<\/script>\n<\/p><\/form>\n<\/div>\n<p>&nbsp;<\/p>\n","protected":false},"excerpt":{"rendered":"<p>&nbsp; Pourquoi vaut-il la peine de vivre \u00e0 Majorque ? L\u2019\u00eele de Majorque est r\u00e9put\u00e9e pour ses plages et ses criques spectaculaires aux eaux turquoise, pour son massif montagneux Serra de Tramuntana class\u00e9 au patrimoine mondial de l\u2019UNESCO et pour ses villages pittoresques. Un endroit qui offre tout ce dont vous avez besoin tout au [&hellip;]<\/p>\n","protected":false},"author":11729,"featured_media":19784,"comment_status":"open","ping_status":"open","sticky":false,"template":"","format":"standard","meta":{"_jetpack_memberships_contains_paid_content":false,"footnotes":""},"categories":[40],"tags":[140,80,141],"class_list":["post-19782","post","type-post","status-publish","format-standard","has-post-thumbnail","hentry","category-votre-nouvelle-residence","tag-appartements-majorque","tag-tm-real-estate-group","tag-villas-majorque","formato-blog"],"better_featured_image":{"id":19784,"alt_text":"Comprar casa Mallorca","caption":"","description":"","media_type":"image","media_details":{"width":1000,"height":666,"file":"2024\/03\/Comprar-casa-Mallorca.jpg","filesize":84352,"sizes":{"medium":{"file":"Comprar-casa-Mallorca-300x200.jpg","width":300,"height":200,"mime-type":"image\/jpeg","filesize":12513,"source_url":"https:\/\/blog.tmgrupoinmobiliario.com\/fr\/wp-content\/uploads\/sites\/5\/2024\/03\/Comprar-casa-Mallorca-300x200.jpg"},"thumbnail":{"file":"Comprar-casa-Mallorca-150x150.jpg","width":150,"height":150,"mime-type":"image\/jpeg","filesize":5397,"source_url":"https:\/\/blog.tmgrupoinmobiliario.com\/fr\/wp-content\/uploads\/sites\/5\/2024\/03\/Comprar-casa-Mallorca-150x150.jpg"},"medium_large":{"file":"Comprar-casa-Mallorca-768x511.jpg","width":768,"height":511,"mime-type":"image\/jpeg","filesize":52979,"source_url":"https:\/\/blog.tmgrupoinmobiliario.com\/fr\/wp-content\/uploads\/sites\/5\/2024\/03\/Comprar-casa-Mallorca-768x511.jpg"}},"image_meta":{"aperture":"0","credit":"","camera":"","caption":"","created_timestamp":"0","copyright":"","focal_length":"0","iso":"0","shutter_speed":"0","title":"","orientation":"1","keywords":[]}},"post":19782,"source_url":"https:\/\/blog.tmgrupoinmobiliario.com\/fr\/wp-content\/uploads\/sites\/5\/2024\/03\/Comprar-casa-Mallorca.jpg"},"acf":{"imagen_destacada_desktop":"https:\/\/blog.tmgrupoinmobiliario.com\/fr\/wp-content\/uploads\/sites\/5\/2024\/03\/Comprar-casa-Mallorca-1920x870-1.jpg","imagen_destacada_mobile":"https:\/\/blog.tmgrupoinmobiliario.com\/fr\/wp-content\/uploads\/sites\/5\/2024\/03\/Comprar-casa-Mallorca-540.jpg","formato":{"term_id":37,"name":"Blog","slug":"blog","term_group":0,"term_taxonomy_id":37,"taxonomy":"formato","description":"","parent":0,"count":110,"filter":"raw"},"entradilla":"Majorque est l\u2019endroit id\u00e9al pour les amoureux de plages et de criques baign\u00e9es d\u2019eaux cristallines, flanqu\u00e9es de falaises et offrant de superbes vues panoramiques. L\u2019entreprise TM Grupo Inmobiliario met en vente plusieurs propri\u00e9t\u00e9s r\u00e9sidentielles sur l\u2019\u00eele de Majorque, plus pr\u00e9cis\u00e9ment \u00e0 Sa Coma, \u00e0 Cala Ratjada et \u00e0 Sant Pere. Examinons de plus pr\u00e8s les biens immobiliers propos\u00e9s.","etiquetas":"","cabecera_escritorio":"https:\/\/blog.tmgrupoinmobiliario.com\/fr\/wp-content\/uploads\/sites\/5\/2024\/03\/Comprar-casa-Mallorca-1200x300-.jpg","cabecera_mobile":"https:\/\/blog.tmgrupoinmobiliario.com\/fr\/wp-content\/uploads\/sites\/5\/2024\/03\/Comprar-casa-Mallorca-768.jpg","galeria":false},"yoast_head":"<!-- This site is optimized with the Yoast SEO Premium plugin v23.6 (Yoast SEO v27.5) - https:\/\/yoast.com\/product\/yoast-seo-premium-wordpress\/ -->\n<title>Quelle maison acheter \u00e0 Majorque avec TM Grupo Inmobiliario - Francais<\/title>\n<meta name=\"description\" content=\"L\u2019entreprise TM Grupo Inmobiliario met en vente plusieurs propri\u00e9t\u00e9s r\u00e9sidentielles sur l\u2019\u00eele de Majorque, plus pr\u00e9cis\u00e9ment \u00e0 Sa Coma, \u00e0 Cala Ratjada et \u00e0 Sant Pere.\" \/>\n<meta name=\"robots\" content=\"index, follow, max-snippet:-1, max-image-preview:large, max-video-preview:-1\" \/>\n<link rel=\"canonical\" href=\"https:\/\/blog.tmgrupoinmobiliario.com\/fr\/2024\/03\/15\/quelle-maison-acheter-a-majorque-avec-tm-grupo-inmobiliario\/\" \/>\n<meta property=\"og:locale\" content=\"fr_FR\" \/>\n<meta property=\"og:type\" content=\"article\" \/>\n<meta property=\"og:title\" content=\"Quelle maison acheter \u00e0 Majorque avec TM Grupo Inmobiliario\" \/>\n<meta property=\"og:description\" content=\"L\u2019entreprise TM Grupo Inmobiliario met en vente plusieurs propri\u00e9t\u00e9s r\u00e9sidentielles sur l\u2019\u00eele de Majorque, plus pr\u00e9cis\u00e9ment \u00e0 Sa Coma, \u00e0 Cala Ratjada et \u00e0 Sant Pere.\" \/>\n<meta property=\"og:url\" content=\"https:\/\/blog.tmgrupoinmobiliario.com\/fr\/2024\/03\/15\/quelle-maison-acheter-a-majorque-avec-tm-grupo-inmobiliario\/\" \/>\n<meta property=\"og:site_name\" content=\"Francais\" \/>\n<meta property=\"article:published_time\" content=\"2024-03-15T17:00:30+00:00\" \/>\n<meta property=\"article:modified_time\" content=\"2024-05-15T16:09:13+00:00\" \/>\n<meta property=\"og:image\" content=\"https:\/\/blog.tmgrupoinmobiliario.com\/fr\/wp-content\/uploads\/sites\/5\/2024\/03\/Comprar-casa-Mallorca.jpg\" \/>\n\t<meta property=\"og:image:width\" content=\"1000\" \/>\n\t<meta property=\"og:image:height\" content=\"666\" \/>\n\t<meta property=\"og:image:type\" content=\"image\/jpeg\" \/>\n<meta name=\"author\" content=\"indira\" \/>\n<meta name=\"twitter:card\" content=\"summary_large_image\" \/>\n<meta name=\"twitter:label1\" content=\"\u00c9crit par\" \/>\n\t<meta name=\"twitter:data1\" content=\"indira\" \/>\n\t<meta name=\"twitter:label2\" content=\"Dur\u00e9e de lecture estim\u00e9e\" \/>\n\t<meta name=\"twitter:data2\" content=\"4 minutes\" \/>\n<script type=\"application\/ld+json\" class=\"yoast-schema-graph\">{\"@context\":\"https:\\\/\\\/schema.org\",\"@graph\":[{\"@type\":\"Article\",\"@id\":\"https:\\\/\\\/blog.tmgrupoinmobiliario.com\\\/fr\\\/2024\\\/03\\\/15\\\/quelle-maison-acheter-a-majorque-avec-tm-grupo-inmobiliario\\\/#article\",\"isPartOf\":{\"@id\":\"https:\\\/\\\/blog.tmgrupoinmobiliario.com\\\/fr\\\/2024\\\/03\\\/15\\\/quelle-maison-acheter-a-majorque-avec-tm-grupo-inmobiliario\\\/\"},\"author\":{\"name\":\"indira\",\"@id\":\"https:\\\/\\\/blog.tmgrupoinmobiliario.com\\\/fr\\\/#\\\/schema\\\/person\\\/bbbac745abadad64177a5ee6a73cbf7c\"},\"headline\":\"Quelle maison acheter \u00e0 Majorque avec TM Grupo Inmobiliario\",\"datePublished\":\"2024-03-15T17:00:30+00:00\",\"dateModified\":\"2024-05-15T16:09:13+00:00\",\"mainEntityOfPage\":{\"@id\":\"https:\\\/\\\/blog.tmgrupoinmobiliario.com\\\/fr\\\/2024\\\/03\\\/15\\\/quelle-maison-acheter-a-majorque-avec-tm-grupo-inmobiliario\\\/\"},\"wordCount\":764,\"commentCount\":0,\"image\":{\"@id\":\"https:\\\/\\\/blog.tmgrupoinmobiliario.com\\\/fr\\\/2024\\\/03\\\/15\\\/quelle-maison-acheter-a-majorque-avec-tm-grupo-inmobiliario\\\/#primaryimage\"},\"thumbnailUrl\":\"https:\\\/\\\/blog.tmgrupoinmobiliario.com\\\/fr\\\/wp-content\\\/uploads\\\/sites\\\/5\\\/2024\\\/03\\\/Comprar-casa-Mallorca.jpg\",\"keywords\":[\"appartements Majorque\",\"TM Real Estate Group\",\"villas Majorque\"],\"articleSection\":[\"Votre nouvelle r\u00e9sidence\"],\"inLanguage\":\"fr-FR\",\"potentialAction\":[{\"@type\":\"CommentAction\",\"name\":\"Comment\",\"target\":[\"https:\\\/\\\/blog.tmgrupoinmobiliario.com\\\/fr\\\/2024\\\/03\\\/15\\\/quelle-maison-acheter-a-majorque-avec-tm-grupo-inmobiliario\\\/#respond\"]}]},{\"@type\":\"WebPage\",\"@id\":\"https:\\\/\\\/blog.tmgrupoinmobiliario.com\\\/fr\\\/2024\\\/03\\\/15\\\/quelle-maison-acheter-a-majorque-avec-tm-grupo-inmobiliario\\\/\",\"url\":\"https:\\\/\\\/blog.tmgrupoinmobiliario.com\\\/fr\\\/2024\\\/03\\\/15\\\/quelle-maison-acheter-a-majorque-avec-tm-grupo-inmobiliario\\\/\",\"name\":\"Quelle maison acheter \u00e0 Majorque avec TM Grupo Inmobiliario - Francais\",\"isPartOf\":{\"@id\":\"https:\\\/\\\/blog.tmgrupoinmobiliario.com\\\/fr\\\/#website\"},\"primaryImageOfPage\":{\"@id\":\"https:\\\/\\\/blog.tmgrupoinmobiliario.com\\\/fr\\\/2024\\\/03\\\/15\\\/quelle-maison-acheter-a-majorque-avec-tm-grupo-inmobiliario\\\/#primaryimage\"},\"image\":{\"@id\":\"https:\\\/\\\/blog.tmgrupoinmobiliario.com\\\/fr\\\/2024\\\/03\\\/15\\\/quelle-maison-acheter-a-majorque-avec-tm-grupo-inmobiliario\\\/#primaryimage\"},\"thumbnailUrl\":\"https:\\\/\\\/blog.tmgrupoinmobiliario.com\\\/fr\\\/wp-content\\\/uploads\\\/sites\\\/5\\\/2024\\\/03\\\/Comprar-casa-Mallorca.jpg\",\"datePublished\":\"2024-03-15T17:00:30+00:00\",\"dateModified\":\"2024-05-15T16:09:13+00:00\",\"author\":{\"@id\":\"https:\\\/\\\/blog.tmgrupoinmobiliario.com\\\/fr\\\/#\\\/schema\\\/person\\\/bbbac745abadad64177a5ee6a73cbf7c\"},\"description\":\"L\u2019entreprise TM Grupo Inmobiliario met en vente plusieurs propri\u00e9t\u00e9s r\u00e9sidentielles sur l\u2019\u00eele de Majorque, plus pr\u00e9cis\u00e9ment \u00e0 Sa Coma, \u00e0 Cala Ratjada et \u00e0 Sant Pere.\",\"breadcrumb\":{\"@id\":\"https:\\\/\\\/blog.tmgrupoinmobiliario.com\\\/fr\\\/2024\\\/03\\\/15\\\/quelle-maison-acheter-a-majorque-avec-tm-grupo-inmobiliario\\\/#breadcrumb\"},\"inLanguage\":\"fr-FR\",\"potentialAction\":[{\"@type\":\"ReadAction\",\"target\":[\"https:\\\/\\\/blog.tmgrupoinmobiliario.com\\\/fr\\\/2024\\\/03\\\/15\\\/quelle-maison-acheter-a-majorque-avec-tm-grupo-inmobiliario\\\/\"]}]},{\"@type\":\"ImageObject\",\"inLanguage\":\"fr-FR\",\"@id\":\"https:\\\/\\\/blog.tmgrupoinmobiliario.com\\\/fr\\\/2024\\\/03\\\/15\\\/quelle-maison-acheter-a-majorque-avec-tm-grupo-inmobiliario\\\/#primaryimage\",\"url\":\"https:\\\/\\\/blog.tmgrupoinmobiliario.com\\\/fr\\\/wp-content\\\/uploads\\\/sites\\\/5\\\/2024\\\/03\\\/Comprar-casa-Mallorca.jpg\",\"contentUrl\":\"https:\\\/\\\/blog.tmgrupoinmobiliario.com\\\/fr\\\/wp-content\\\/uploads\\\/sites\\\/5\\\/2024\\\/03\\\/Comprar-casa-Mallorca.jpg\",\"width\":1000,\"height\":666,\"caption\":\"Comprar casa Mallorca\"},{\"@type\":\"BreadcrumbList\",\"@id\":\"https:\\\/\\\/blog.tmgrupoinmobiliario.com\\\/fr\\\/2024\\\/03\\\/15\\\/quelle-maison-acheter-a-majorque-avec-tm-grupo-inmobiliario\\\/#breadcrumb\",\"itemListElement\":[{\"@type\":\"ListItem\",\"position\":1,\"name\":\"Portada\",\"item\":\"https:\\\/\\\/blog.tmgrupoinmobiliario.com\\\/fr\\\/\"},{\"@type\":\"ListItem\",\"position\":2,\"name\":\"Quelle maison acheter \u00e0 Majorque avec TM Grupo Inmobiliario\"}]},{\"@type\":\"WebSite\",\"@id\":\"https:\\\/\\\/blog.tmgrupoinmobiliario.com\\\/fr\\\/#website\",\"url\":\"https:\\\/\\\/blog.tmgrupoinmobiliario.com\\\/fr\\\/\",\"name\":\"Francais\",\"description\":\"Otro sitio m\u00e1s de Blog Desarrollo TM sitios\",\"potentialAction\":[{\"@type\":\"SearchAction\",\"target\":{\"@type\":\"EntryPoint\",\"urlTemplate\":\"https:\\\/\\\/blog.tmgrupoinmobiliario.com\\\/fr\\\/?s={search_term_string}\"},\"query-input\":{\"@type\":\"PropertyValueSpecification\",\"valueRequired\":true,\"valueName\":\"search_term_string\"}}],\"inLanguage\":\"fr-FR\"},{\"@type\":\"Person\",\"@id\":\"https:\\\/\\\/blog.tmgrupoinmobiliario.com\\\/fr\\\/#\\\/schema\\\/person\\\/bbbac745abadad64177a5ee6a73cbf7c\",\"name\":\"indira\",\"image\":{\"@type\":\"ImageObject\",\"inLanguage\":\"fr-FR\",\"@id\":\"https:\\\/\\\/secure.gravatar.com\\\/avatar\\\/e9bcc7a0bb2179240c56a1875899ce9a1dfa15d5b7527f71259eaee6010d7203?s=96&d=mm&r=g\",\"url\":\"https:\\\/\\\/secure.gravatar.com\\\/avatar\\\/e9bcc7a0bb2179240c56a1875899ce9a1dfa15d5b7527f71259eaee6010d7203?s=96&d=mm&r=g\",\"contentUrl\":\"https:\\\/\\\/secure.gravatar.com\\\/avatar\\\/e9bcc7a0bb2179240c56a1875899ce9a1dfa15d5b7527f71259eaee6010d7203?s=96&d=mm&r=g\",\"caption\":\"indira\"},\"url\":\"https:\\\/\\\/blog.tmgrupoinmobiliario.com\\\/fr\\\/author\\\/indira\\\/\"}]}<\/script>\n<!-- \/ Yoast SEO Premium plugin. -->","yoast_head_json":{"title":"Quelle maison acheter \u00e0 Majorque avec TM Grupo Inmobiliario - Francais","description":"L\u2019entreprise TM Grupo Inmobiliario met en vente plusieurs propri\u00e9t\u00e9s r\u00e9sidentielles sur l\u2019\u00eele de Majorque, plus pr\u00e9cis\u00e9ment \u00e0 Sa Coma, \u00e0 Cala Ratjada et \u00e0 Sant Pere.","robots":{"index":"index","follow":"follow","max-snippet":"max-snippet:-1","max-image-preview":"max-image-preview:large","max-video-preview":"max-video-preview:-1"},"canonical":"https:\/\/blog.tmgrupoinmobiliario.com\/fr\/2024\/03\/15\/quelle-maison-acheter-a-majorque-avec-tm-grupo-inmobiliario\/","og_locale":"fr_FR","og_type":"article","og_title":"Quelle maison acheter \u00e0 Majorque avec TM Grupo Inmobiliario","og_description":"L\u2019entreprise TM Grupo Inmobiliario met en vente plusieurs propri\u00e9t\u00e9s r\u00e9sidentielles sur l\u2019\u00eele de Majorque, plus pr\u00e9cis\u00e9ment \u00e0 Sa Coma, \u00e0 Cala Ratjada et \u00e0 Sant Pere.","og_url":"https:\/\/blog.tmgrupoinmobiliario.com\/fr\/2024\/03\/15\/quelle-maison-acheter-a-majorque-avec-tm-grupo-inmobiliario\/","og_site_name":"Francais","article_published_time":"2024-03-15T17:00:30+00:00","article_modified_time":"2024-05-15T16:09:13+00:00","og_image":[{"width":1000,"height":666,"url":"https:\/\/blog.tmgrupoinmobiliario.com\/fr\/wp-content\/uploads\/sites\/5\/2024\/03\/Comprar-casa-Mallorca.jpg","type":"image\/jpeg"}],"author":"indira","twitter_card":"summary_large_image","twitter_misc":{"\u00c9crit par":"indira","Dur\u00e9e de lecture estim\u00e9e":"4 minutes"},"schema":{"@context":"https:\/\/schema.org","@graph":[{"@type":"Article","@id":"https:\/\/blog.tmgrupoinmobiliario.com\/fr\/2024\/03\/15\/quelle-maison-acheter-a-majorque-avec-tm-grupo-inmobiliario\/#article","isPartOf":{"@id":"https:\/\/blog.tmgrupoinmobiliario.com\/fr\/2024\/03\/15\/quelle-maison-acheter-a-majorque-avec-tm-grupo-inmobiliario\/"},"author":{"name":"indira","@id":"https:\/\/blog.tmgrupoinmobiliario.com\/fr\/#\/schema\/person\/bbbac745abadad64177a5ee6a73cbf7c"},"headline":"Quelle maison acheter \u00e0 Majorque avec TM Grupo Inmobiliario","datePublished":"2024-03-15T17:00:30+00:00","dateModified":"2024-05-15T16:09:13+00:00","mainEntityOfPage":{"@id":"https:\/\/blog.tmgrupoinmobiliario.com\/fr\/2024\/03\/15\/quelle-maison-acheter-a-majorque-avec-tm-grupo-inmobiliario\/"},"wordCount":764,"commentCount":0,"image":{"@id":"https:\/\/blog.tmgrupoinmobiliario.com\/fr\/2024\/03\/15\/quelle-maison-acheter-a-majorque-avec-tm-grupo-inmobiliario\/#primaryimage"},"thumbnailUrl":"https:\/\/blog.tmgrupoinmobiliario.com\/fr\/wp-content\/uploads\/sites\/5\/2024\/03\/Comprar-casa-Mallorca.jpg","keywords":["appartements Majorque","TM Real Estate Group","villas Majorque"],"articleSection":["Votre nouvelle r\u00e9sidence"],"inLanguage":"fr-FR","potentialAction":[{"@type":"CommentAction","name":"Comment","target":["https:\/\/blog.tmgrupoinmobiliario.com\/fr\/2024\/03\/15\/quelle-maison-acheter-a-majorque-avec-tm-grupo-inmobiliario\/#respond"]}]},{"@type":"WebPage","@id":"https:\/\/blog.tmgrupoinmobiliario.com\/fr\/2024\/03\/15\/quelle-maison-acheter-a-majorque-avec-tm-grupo-inmobiliario\/","url":"https:\/\/blog.tmgrupoinmobiliario.com\/fr\/2024\/03\/15\/quelle-maison-acheter-a-majorque-avec-tm-grupo-inmobiliario\/","name":"Quelle maison acheter \u00e0 Majorque avec TM Grupo Inmobiliario - Francais","isPartOf":{"@id":"https:\/\/blog.tmgrupoinmobiliario.com\/fr\/#website"},"primaryImageOfPage":{"@id":"https:\/\/blog.tmgrupoinmobiliario.com\/fr\/2024\/03\/15\/quelle-maison-acheter-a-majorque-avec-tm-grupo-inmobiliario\/#primaryimage"},"image":{"@id":"https:\/\/blog.tmgrupoinmobiliario.com\/fr\/2024\/03\/15\/quelle-maison-acheter-a-majorque-avec-tm-grupo-inmobiliario\/#primaryimage"},"thumbnailUrl":"https:\/\/blog.tmgrupoinmobiliario.com\/fr\/wp-content\/uploads\/sites\/5\/2024\/03\/Comprar-casa-Mallorca.jpg","datePublished":"2024-03-15T17:00:30+00:00","dateModified":"2024-05-15T16:09:13+00:00","author":{"@id":"https:\/\/blog.tmgrupoinmobiliario.com\/fr\/#\/schema\/person\/bbbac745abadad64177a5ee6a73cbf7c"},"description":"L\u2019entreprise TM Grupo Inmobiliario met en vente plusieurs propri\u00e9t\u00e9s r\u00e9sidentielles sur l\u2019\u00eele de Majorque, plus pr\u00e9cis\u00e9ment \u00e0 Sa Coma, \u00e0 Cala Ratjada et \u00e0 Sant Pere.","breadcrumb":{"@id":"https:\/\/blog.tmgrupoinmobiliario.com\/fr\/2024\/03\/15\/quelle-maison-acheter-a-majorque-avec-tm-grupo-inmobiliario\/#breadcrumb"},"inLanguage":"fr-FR","potentialAction":[{"@type":"ReadAction","target":["https:\/\/blog.tmgrupoinmobiliario.com\/fr\/2024\/03\/15\/quelle-maison-acheter-a-majorque-avec-tm-grupo-inmobiliario\/"]}]},{"@type":"ImageObject","inLanguage":"fr-FR","@id":"https:\/\/blog.tmgrupoinmobiliario.com\/fr\/2024\/03\/15\/quelle-maison-acheter-a-majorque-avec-tm-grupo-inmobiliario\/#primaryimage","url":"https:\/\/blog.tmgrupoinmobiliario.com\/fr\/wp-content\/uploads\/sites\/5\/2024\/03\/Comprar-casa-Mallorca.jpg","contentUrl":"https:\/\/blog.tmgrupoinmobiliario.com\/fr\/wp-content\/uploads\/sites\/5\/2024\/03\/Comprar-casa-Mallorca.jpg","width":1000,"height":666,"caption":"Comprar casa Mallorca"},{"@type":"BreadcrumbList","@id":"https:\/\/blog.tmgrupoinmobiliario.com\/fr\/2024\/03\/15\/quelle-maison-acheter-a-majorque-avec-tm-grupo-inmobiliario\/#breadcrumb","itemListElement":[{"@type":"ListItem","position":1,"name":"Portada","item":"https:\/\/blog.tmgrupoinmobiliario.com\/fr\/"},{"@type":"ListItem","position":2,"name":"Quelle maison acheter \u00e0 Majorque avec TM Grupo Inmobiliario"}]},{"@type":"WebSite","@id":"https:\/\/blog.tmgrupoinmobiliario.com\/fr\/#website","url":"https:\/\/blog.tmgrupoinmobiliario.com\/fr\/","name":"Francais","description":"Otro sitio m\u00e1s de Blog Desarrollo TM sitios","potentialAction":[{"@type":"SearchAction","target":{"@type":"EntryPoint","urlTemplate":"https:\/\/blog.tmgrupoinmobiliario.com\/fr\/?s={search_term_string}"},"query-input":{"@type":"PropertyValueSpecification","valueRequired":true,"valueName":"search_term_string"}}],"inLanguage":"fr-FR"},{"@type":"Person","@id":"https:\/\/blog.tmgrupoinmobiliario.com\/fr\/#\/schema\/person\/bbbac745abadad64177a5ee6a73cbf7c","name":"indira","image":{"@type":"ImageObject","inLanguage":"fr-FR","@id":"https:\/\/secure.gravatar.com\/avatar\/e9bcc7a0bb2179240c56a1875899ce9a1dfa15d5b7527f71259eaee6010d7203?s=96&d=mm&r=g","url":"https:\/\/secure.gravatar.com\/avatar\/e9bcc7a0bb2179240c56a1875899ce9a1dfa15d5b7527f71259eaee6010d7203?s=96&d=mm&r=g","contentUrl":"https:\/\/secure.gravatar.com\/avatar\/e9bcc7a0bb2179240c56a1875899ce9a1dfa15d5b7527f71259eaee6010d7203?s=96&d=mm&r=g","caption":"indira"},"url":"https:\/\/blog.tmgrupoinmobiliario.com\/fr\/author\/indira\/"}]}},"jetpack_featured_media_url":"https:\/\/blog.tmgrupoinmobiliario.com\/fr\/wp-content\/uploads\/sites\/5\/2024\/03\/Comprar-casa-Mallorca.jpg","jetpack_sharing_enabled":true,"_links":{"self":[{"href":"https:\/\/blog.tmgrupoinmobiliario.com\/fr\/wp-json\/wp\/v2\/posts\/19782","targetHints":{"allow":["GET"]}}],"collection":[{"href":"https:\/\/blog.tmgrupoinmobiliario.com\/fr\/wp-json\/wp\/v2\/posts"}],"about":[{"href":"https:\/\/blog.tmgrupoinmobiliario.com\/fr\/wp-json\/wp\/v2\/types\/post"}],"author":[{"embeddable":true,"href":"https:\/\/blog.tmgrupoinmobiliario.com\/fr\/wp-json\/wp\/v2\/users\/11729"}],"replies":[{"embeddable":true,"href":"https:\/\/blog.tmgrupoinmobiliario.com\/fr\/wp-json\/wp\/v2\/comments?post=19782"}],"version-history":[{"count":3,"href":"https:\/\/blog.tmgrupoinmobiliario.com\/fr\/wp-json\/wp\/v2\/posts\/19782\/revisions"}],"predecessor-version":[{"id":19790,"href":"https:\/\/blog.tmgrupoinmobiliario.com\/fr\/wp-json\/wp\/v2\/posts\/19782\/revisions\/19790"}],"wp:featuredmedia":[{"embeddable":true,"href":"https:\/\/blog.tmgrupoinmobiliario.com\/fr\/wp-json\/wp\/v2\/media\/19784"}],"wp:attachment":[{"href":"https:\/\/blog.tmgrupoinmobiliario.com\/fr\/wp-json\/wp\/v2\/media?parent=19782"}],"wp:term":[{"taxonomy":"category","embeddable":true,"href":"https:\/\/blog.tmgrupoinmobiliario.com\/fr\/wp-json\/wp\/v2\/categories?post=19782"},{"taxonomy":"post_tag","embeddable":true,"href":"https:\/\/blog.tmgrupoinmobiliario.com\/fr\/wp-json\/wp\/v2\/tags?post=19782"}],"curies":[{"name":"wp","href":"https:\/\/api.w.org\/{rel}","templated":true}]}}