{"id":19767,"date":"2024-02-21T16:27:06","date_gmt":"2024-02-21T15:27:06","guid":{"rendered":"https:\/\/blog.tmgrupoinmobiliario.com\/fr\/?p=19767"},"modified":"2024-05-15T18:09:04","modified_gmt":"2024-05-15T16:09:04","slug":"proprietes-en-vente-sur-la-cote-dalmeria-avec-tm-real-estate-group","status":"publish","type":"post","link":"https:\/\/blog.tmgrupoinmobiliario.com\/fr\/2024\/02\/21\/proprietes-en-vente-sur-la-cote-dalmeria-avec-tm-real-estate-group\/","title":{"rendered":"Propri\u00e9t\u00e9s en vente sur la C\u00f4te d\u2019Almer\u00eda avec TM Real Estate Group"},"content":{"rendered":"<p>&nbsp;<\/p>\n<h3><span style=\"color: #ff0000\"><strong>ieja Pourquoi vaut-il la peine d\u2019acheter un bien \u00e0 Mar de Pulp\u00ed\u00a0?<\/strong><\/span><\/h3>\n<p>Faire du kayak, du paddle surf ou du snorkeling, profiter de merveilles tel le r\u00e9cif des sir\u00e8nes, la g\u00e9ode de Pulp\u00ed ou la plage de Los Muertos, visiter des parcs \u00e0 th\u00e8me comme Oasys MiniHollywood dans le d\u00e9sert de Tabernas, la C\u00f4te d\u2019Almer\u00eda offre toutes ces attractions touristiques et bien d\u2019autres encore.<\/p>\n<p>Avec plus de 3\u00a0300\u00a0heures d\u2019ensoleillement par an, Almer\u00eda est la province espagnole id\u00e9ale pour profiter du beau temps tout au long de l\u2019ann\u00e9e. C\u2019est \u00e0 San Juan de los Terreros que se trouve Mar de Pulp\u00ed, le village m\u00e9diterran\u00e9en o\u00f9 l\u2019on peut vivre la fusion du soleil et de la mer.<\/p>\n<p>Mar de Pulp\u00ed dispose de tout ce dont vous avez besoin pour vivre en toute tranquillit\u00e9, avec des services \u00e0 proximit\u00e9\u00a0: un centre commercial avec supermarch\u00e9, des restaurants, des boutiques et un complexe sportif. Avec un parc c\u00f4tier de 70\u00a0000\u00a0m\u00e8tres carr\u00e9s, plusieurs jardins th\u00e9matiques reliant les lotissements aux plages de La Entrevista et Los Nardos.<\/p>\n<p>Voyons de plus pr\u00e8s les propri\u00e9t\u00e9s disponibles \u00e0 la vente \u00e0 Mar de Pulp\u00ed.<\/p>\n<h3><span style=\"color: #ff0000\"><strong>Appartements \u00e0 vendre \u00e0 \u00ab Los Narcisos \u00bb, 7e phase de Mar de Pulp\u00ed<\/strong><\/span><\/h3>\n<p>Los Narcisos est la 7e phase de Mar de Pulp\u00ed, caract\u00e9ris\u00e9e par sa situation dans une zone tranquille et \u00e0 seulement 600\u00a0m\u00e8tres \u00e0 pied de la plage. Vaste et vari\u00e9e, l\u2019offre d\u2019appartements r\u00e9pond \u00e0 tous les souhaits\u00a0: 1\u00a0chambre et 1\u00a0salle de bains, 2\u00a0chambres et 1 ou 2\u00a0salles de bains, et 3\u00a0chambres et 2\u00a0salles de bains. Les logements du rez-de-chauss\u00e9e disposent d\u2019un jardin priv\u00e9, ceux du premier \u00e9tage d\u2019une grande terrasse et ceux du deuxi\u00e8me \u00e9tage d\u2019un spectaculaire solarium priv\u00e9. Les espaces communs comprennent des jardins, des piscines communes, des jacuzzis et des aires de jeux pour enfants, de quoi profiter de la baignade et d\u2019un bain de soleil.<\/p>\n<h3><span style=\"color: #ff0000\"><strong>Maisons \u00e0 vendre \u00e0 \u00ab Las Amapolas \u00bb, 8e phase de Mar de Pulp\u00ed<\/strong><\/span><\/h3>\n<p>Las Amapolas, la 8e phase de Mar de Pulp\u00ed, est situ\u00e9e en bordure des plages de Los Nardos et de La Entrevista. Les logements propos\u00e9s en bord de mer comportent 2\u00a0chambres avec 1 ou 2\u00a0salles de bains, ou 3\u00a0chambres avec 2\u00a0salles de bains. Ses impressionnantes zones communes accueillent des piscines pour adultes et pour enfants, des jacuzzis, des plages de piscine, des aires de jeux pour enfants, une place centrale, plusieurs lacs d\u2019agr\u00e9ment et des espaces v\u00e9g\u00e9talis\u00e9s. Las Amapolas se caract\u00e9rise par la paix et le calme des all\u00e9es int\u00e9rieures du complexe r\u00e9sidentiel, avec une v\u00e9g\u00e9tation autochtone abondante et des plans d\u2019eau d\u2019agr\u00e9ment.<\/p>\n<h3><span style=\"color: #ff0000\"><strong>\u00ab Las Villas II \u00bb de Mar de Pulp\u00ed<\/strong><\/span><\/h3>\n<p>\u00c0 moins de 400\u00a0m\u00e8tres de la mer M\u00e9diterran\u00e9e, Las Villas\u00a0II de Mar de Pulp\u00ed est un complexe r\u00e9sidentiel compos\u00e9 de 10\u00a0villas mitoyennes de style m\u00e9diterran\u00e9en. Vous pouvez choisir entre 2\u00a0chambres et 2\u00a0salles de bains avec ou sans solarium\u00a0; ou l\u2019option avec une pi\u00e8ce suppl\u00e9mentaire, 3\u00a0chambres et 2\u00a0salles de bains avec solarium. En outre, toutes les villas b\u00e9n\u00e9ficient d\u2019un grand terrain avec piscine priv\u00e9e en option.<\/p>\n<h3><span style=\"color: #ff0000\"><strong>Derni\u00e8res propri\u00e9t\u00e9s en vente \u00e0 \u00ab Linara \u00bb, 6e phase de Mar de Pulp\u00ed<\/strong><\/span><\/h3>\n<p>Linara, la 6e phase de Mar de Pulp\u00ed, dispose des derniers appartements disponibles \u00e0 la vente, habitables de suite. Les derni\u00e8res unit\u00e9s \u00e0 vendre sont des appartements de 2\u00a0chambres et 2\u00a0salles de bain et des appartements de 3\u00a0chambres et 2\u00a0salles de bain, sur le front de mer. Les espaces communs comprennent des piscines pour adultes et enfants, des jacuzzis, une pelouse naturelle, des all\u00e9es int\u00e9rieures avec de la v\u00e9g\u00e9tation autochtone et un ruisseau aboutissant \u00e0 un petit lac.<\/p>\n<p>Un endroit spectaculaire o\u00f9 tomber sous le charme de la mer et des montagnes d\u2019Almer\u00eda, avec plus de 325\u00a0jours de soleil par an.<\/p>\n<p>&nbsp;<\/p>\n<p><strong>Demandez davantage d\u2019informations sur les propri\u00e9t\u00e9s en vente \u00e0 Mar de Pulp\u00ed<\/strong><\/p>\n<div data-test='contact-form'\n\t\t\tid='contact-form-19767'\n\t\t\tclass='jetpack-contact-form-container '\n\t\t\tdata-wp-interactive='jetpack\/form' data-wp-context='{\"formId\":\"19767\",\"formHash\":\"39efad9cd70a70981cfdaf11352e1003b31ef2e8\",\"showErrors\":false,\"errors\":[],\"fields\":[],\"isMultiStep\":false,\"useAjax\":true,\"submissionData\":null,\"formattedSubmissionData\":[],\"submissionSuccess\":false,\"submissionError\":null,\"elementId\":\"jp-form-39efad9cd70a70981cfdaf11352e1003b31ef2e8\",\"isSingleInputForm\":false,\"isForcedHorizontal\":false}'\n\t\t\tdata-wp-watch--scroll-to-wrapper=\"callbacks.scrollToWrapper\"\n\t\t>\n<div class=\"contact-form-submission contact-form-ajax-submission\" data-wp-bind--aria-hidden=\"state.isSuccessMessageAriaHidden\" data-wp-class--submission-success=\"context.submissionSuccess\" id=\"contact-form-success-39efad9cd70a70981cfdaf11352e1003b31ef2e8\" tabindex=\"-1\" aria-labelledby=\"contact-form-success-header-39efad9cd70a70981cfdaf11352e1003b31ef2e8\"><p class=\"go-back-message\"><a class=\"link\" role=\"button\" tabindex=\"0\" data-wp-on--click=\"actions.goBack\" href=\"\/fr\/wp-json\/wp\/v2\/posts\/19767\">\u2190 Retour<\/a><\/p><h4 data-wp-bind--aria-hidden=\"state.isSuccessMessageAriaHidden\" id=\"contact-form-success-header-39efad9cd70a70981cfdaf11352e1003b31ef2e8\">Merci pour votre r\u00e9ponse. \u2728<\/h4>\n\n<template data-wp-each--submission=\"context.formattedSubmissionData\">\n\t\t\t\t\t<div class=\"jetpack_forms_contact-form-success-summary\">\n\t\t\t\t\t\t<div class=\"field-name-wrapper\">\n\t\t\t\t\t\t\t<div class=\"field-type-icon\" data-wp-watch=\"callbacks.watchFieldTypeIcon\"><\/div>\n\t\t\t\t\t\t\t<div class=\"field-name\" data-wp-text=\"context.submission.label\" data-wp-bind--hidden=\"!context.submission.label\"><\/div>\n\t\t\t\t\t\t<\/div>\n\t\t\t\t\t\t<div class=\"field-value\" data-wp-text=\"context.submission.value\" data-wp-bind--hidden=\"!context.submission.showPlainValue\"><\/div>\n\t\t\t\t\t\t<a class=\"field-url\" data-wp-bind--href=\"context.submission.url\" data-wp-text=\"context.submission.value\" data-wp-bind--hidden=\"!context.submission.url\" target=\"_blank\" rel=\"noopener noreferrer\"><\/a>\n\t\t\t\t\t\t<div class=\"field-rating\" data-wp-bind--hidden=\"!context.submission.rating\" data-wp-watch=\"callbacks.watchRatingIcons\"><\/div>\n\t\t\t\t\t\t<div class=\"field-images\" data-wp-bind--hidden=\"!context.submission.images\">\n\t\t\t\t\t\t\t<template data-wp-each--image=\"context.submission.images\">\n\t\t\t\t\t\t\t\t<div class=\"field-image-option\" data-wp-class--is-empty=\"!context.image.src\">\n\t\t\t\t\t\t\t\t\t<figure class=\"field-image-option__image\" data-wp-class--is-empty=\"!context.image.src\">\n\t\t\t\t\t\t\t\t\t\t<img data-wp-bind--src=\"context.image.src\" data-wp-bind--hidden=\"!context.image.src\" \/>\n\t\t\t\t\t\t\t\t\t\t<img decoding=\"async\" src=\"data:image\/gif;base64,R0lGODlhAQABAAD\/ACwAAAAAAQABAAACADs=\" data-wp-bind--hidden=\"context.image.src\" \/>\n\t\t\t\t\t\t\t\t\t<\/figure>\n\t\t\t\t\t\t\t\t\t<div class=\"field-image-option__label-wrapper\">\n\t\t\t\t\t\t\t\t\t\t<span class=\"field-image-option__label-code\" data-wp-text=\"context.image.letterCode\"><\/span>\n\t\t\t\t\t\t\t\t\t\t<span class=\"field-image-option__label\" data-wp-text=\"context.image.label\" data-wp-bind--hidden=\"!context.image.label\"><\/span>\n\t\t\t\t\t\t\t\t\t<\/div>\n\t\t\t\t\t\t\t\t<\/div>\n\t\t\t\t\t\t\t<\/template>\n\t\t\t\t\t\t<\/div>\n\t\t\t\t\t\t<div class=\"field-files\" data-wp-bind--hidden=\"!context.submission.files\">\n\t\t\t\t\t\t\t<template data-wp-each--file=\"context.submission.files\">\n\t\t\t\t\t\t\t\t<div class=\"field-file\">\n\t\t\t\t\t\t\t\t\t<div class=\"field-file__thumbnail\" data-wp-style--background-image=\"context.file.previewUrl\" data-wp-style--mask-image=\"context.file.iconUrl\" data-wp-bind--hidden=\"!context.file.hasPreview\"><\/div>\n\t\t\t\t\t\t\t\t\t<svg class=\"field-file__icon\" data-wp-bind--hidden=\"context.file.hasPreview\" width=\"20\" height=\"20\" viewBox=\"0 0 24 24\" fill=\"none\" xmlns=\"http:\/\/www.w3.org\/2000\/svg\" aria-hidden=\"true\">\n\t\t\t\t\t\t\t\t\t\t<path d=\"M14 2H6C4.9 2 4 2.9 4 4V20C4 21.1 4.89 22 5.99 22H18C19.1 22 20 21.1 20 20V8L14 2ZM18 20H6V4H13V9H18V20Z\" fill=\"currentColor\"\/>\n\t\t\t\t\t\t\t\t\t<\/svg>\n\t\t\t\t\t\t\t\t\t<span class=\"field-file__name\" data-wp-text=\"context.file.name\"><\/span>\n\t\t\t\t\t\t\t\t\t<span class=\"field-file__size\" data-wp-text=\"context.file.size\"><\/span>\n\t\t\t\t\t\t\t\t<\/div>\n\t\t\t\t\t\t\t<\/template>\n\t\t\t\t\t\t<\/div>\n\t\t\t\t\t<\/div>\n\t\t\t\t<\/template><\/div><form action='https:\/\/blog.tmgrupoinmobiliario.com\/fr\/2024\/02\/21\/proprietes-en-vente-sur-la-cote-dalmeria-avec-tm-real-estate-group\/'\n\t\t\t\tid='jp-form-39efad9cd70a70981cfdaf11352e1003b31ef2e8'\n\t\t\t\tmethod='post'\n\t\t\t\tclass='contact-form commentsblock jetpack-contact-form__form has-no-jetpack-form-layout' aria-label=\"Propri\u00e9t\u00e9s en vente sur la C\u00f4te d\u2019Almer\u00eda avec TM Real Estate Group\"\n\t\t\t\tdata-wp-on--submit=\"actions.onFormSubmit\"\n\t\t\t\tdata-wp-on--reset=\"actions.onFormReset\"\n\t\t\t\tdata-wp-class--submission-success=\"context.submissionSuccess\"\n\t\t\t\tdata-wp-class--is-first-step=\"state.isFirstStep\"\n\t\t\t\tdata-wp-class--is-last-step=\"state.isLastStep\"\n\t\t\t\tdata-wp-class--is-ajax-form=\"context.useAjax\"\n\t\t\t\tnovalidate >\n<input type='hidden' name='jetpack_contact_form_jwt' value='eyJ0eXAiOiJKV1QiLCJhbGciOiJIUzI1NiJ9.eyJlbmNyeXB0ZWRfYXR0cmlidXRlcyI6ImFzbTA5b2hVS05KSFNLQzBqUnd6aDlMejh5bTNOZFp2dTdPVnlObGNNWGJQcXdQVGRaRm8yakNLZExVU2V2cWpEOG5RTzgvL0tOUjd4STR5K3lHMEVlNTdBRXBSeFBka1lIUHJPT3JET3kyVUEyaE4vNlY2SmM4cUVpMWJseGhleVJLTTZqODU0VzljWE1GSFoxbytxS1VQamNXdEszTGNvaE1NQ3pVUVNzOTVNT2tnMjdTUGlBbkpkZiszck5UamhUTUV0M0RwWSsvSnZwUVdYVGRlTzdrdlBpRld6NVEvWEN3NVB2N1VhL2x4dWpxZzEvclRzQk1la3J2cm1pa054RUV5ZFA3akhhRjJhNDlKSVJQdDV4anZaMUZtc1k3a05nTm1YR0JjMlNidDJvdENBZDFZMnhiWSt4c201amdGcjRINXF1aGtqTENSV3JxdW1OSytZNC8yTHNPODJKLzBDcDlNbHhtWU9nOEJ1R3BtSGJBdDdINnpCekM2WGU2azJ4c0F5cDhmVzlHeE1xTW14TXM4U2dDYUduY3p1NkRrMHJaQ2VDZFRNK1plS3RiQ2ZQSGgyVDN1enQ0UXQxUUg5eG9tQnpxYlJkZHRmdWdGMHRWZVpOWXQxc01JQXRYUlE2WVZzSTRKVjdQYm1yMVdPZmNaaEp0MElPeUVDRW43ZTFRS3hkSEZOZWtpVFJGbTRyL1BZVzVmWkRldmwwQ1pDc3NxSjdEaVByVngzWW1GeGozUHBaSTNzWDVNakxBaVRiRWtWVFJvbENaVE52YjhLZ1I1UGJjMGM5djA4YmZYZkVZcnBPeWlBcVZLdWJteXBua3ZPY0lxN2F3N29DN3Y3WXFWWkxnTXprM2hORXZ3SXBiSE5TNmsvWXZDRHFYeHpBcXRQM01aZjdOcHBNOWhKamJWSHlZOWR6OXRVQlJYN2prNjhWUkw2cTZDYXpUVUlubTVLTVFHRThPa01HTUZpOFc0dUdUZWN2elJ1ckYzcHNscE83eE1ST2xicEl6N3RmbEU3WHFzckwyN1FaUHZQbitjNkZyVnVzMkVPYkJGVExIOFdja0wxRXk0bjZFSzc0Ymsva1hJakpnUlZXcVhOVEViQ2E1b3JvSklsMEg0MkUyUnBialp4akVPVDhhdVhHeGhDNGFoZHJLdCtXbFNIUnd3c01RTGwrcldhd0Z4WlVVemFodVFrWFh5WGdaczdOTHdYRzVxcUpnWHJWaWVLcXlFNUhuV2I1N21iNG56eXRUanBxNG5oUVdoQ3F3PSIsImNvbnRlbnQiOiJbY29udGFjdC1maWVsZCBsYWJlbD1cIk5vbVwiIHR5cGU9XCJuYW1lXCIgcmVxdWlyZWQ9XCIxXCJdW2NvbnRhY3QtZmllbGQgbGFiZWw9XCJFLW1haWxcIiB0eXBlPVwiZW1haWxcIiByZXF1aXJlZD1cIjFcIl1bY29udGFjdC1maWVsZCBsYWJlbD1cIk51bVx1MDBlOXJvIGRlIHRcdTAwZTlsXHUwMGU5cGhvbmVcIiB0eXBlPVwidGV4dFwiIHJlcXVpcmVkPVwiMVwiXVtjb250YWN0LWZpZWxkIGxhYmVsPVwiTWVzc2FnZVwiIHR5cGU9XCJ0ZXh0YXJlYVwiXSIsImhhc2giOiIzOWVmYWQ5Y2Q3MGE3MDk4MWNmZGFmMTEzNTJlMTAwM2IzMWVmMmU4Iiwic291cmNlIjp7ImVudHJ5X3RpdGxlIjoiUHJvcHJpXHUwMGU5dFx1MDBlOXMgZW4gdmVudGUgc3VyIGxhIENcdTAwZjR0ZSBkXHUyMDE5QWxtZXJcdTAwZWRhIGF2ZWMgVE0gUmVhbCBFc3RhdGUgR3JvdXAiLCJlbnRyeV9wYWdlIjoxLCJzb3VyY2VfaWQiOjE5NzY3LCJzb3VyY2VfdHlwZSI6InNpbmdsZSIsInJlcXVlc3RfdXJsIjoiaHR0cHM6Ly9ibG9nLnRtZ3J1cG9pbm1vYmlsaWFyaW8uY29tL2ZyL3dwLWpzb24vd3AvdjIvcG9zdHMvMTk3NjcifSwidmVyc2lvbiI6MiwiY2lwaGVyIjoiYWVzLTI1Ni1nY20ifQ.zEQY6-lf4zbL07ZQ7vZhVnJta9HZGDaedwvdM2Snl3c' \/>\n\n<div style=\"\"  data-wp-interactive=\"jetpack\/form\" data-wp-context='{\"fieldId\":\"g19767-nom\",\"fieldType\":\"name\",\"fieldLabel\":\"Nom\",\"fieldValue\":\"\",\"fieldPlaceholder\":\"\",\"fieldIsRequired\":\"1\",\"fieldErrorMessage\":\"\",\"fieldExtra\":[],\"formHash\":\"39efad9cd70a70981cfdaf11352e1003b31ef2e8\"}'  class='grunion-field-name-wrap grunion-field-wrap'  data-wp-init='callbacks.initializeField' data-wp-on--jetpack-form-reset='callbacks.initializeField' >\n<label\n\t\t\t\tfor='g19767-nom' class=\"grunion-field-label name\" >Nom<span class=\"grunion-label-required\" aria-hidden=\"true\">(obligatoire)<\/span><\/label>\n<input\n\t\t\t\t\ttype='text'\n\t\t\t\t\tname='g19767-nom'\n\t\t\t\t\tid='g19767-nom'\n\t\t\t\t\tvalue=''\n\n\t\t\t\t\tdata-wp-bind--aria-invalid='state.fieldAriaInvalid'\n\t\t\t\t\tdata-wp-bind--value='state.getFieldValue'\n\t\t\t\t\taria-describedby='g19767-nom-text-error-message'\n\t\t\t\t\tdata-wp-on--input='actions.onFieldChange'\n\t\t\t\t\tdata-wp-on--blur='actions.onFieldBlur'\n\t\t\t\t\tdata-wp-class--has-value='state.hasFieldValue'\n\n\t\t\t\t\tclass='name  grunion-field' \n\t\t\t\t\trequired='true' aria-required='true'  \/>\n \n\t\t\t<div id=\"g19767-nom-text-error\" class=\"contact-form__input-error\" data-wp-class--has-errors=\"state.fieldHasErrors\">\n\t\t\t\t<span class=\"contact-form__warning-icon\" aria-hidden=\"true\">\n\t\t\t\t\t<svg width=\"16\" height=\"16\" viewBox=\"0 0 16 16\" fill=\"none\" xmlns=\"http:\/\/www.w3.org\/2000\/svg\">\n\t\t\t\t\t\t<path d=\"M8.50015 11.6402H7.50015V10.6402H8.50015V11.6402Z\" \/>\n\t\t\t\t\t\t<path d=\"M7.50015 9.64018H8.50015V6.30684H7.50015V9.64018Z\" \/>\n\t\t\t\t\t\t<path fill-rule=\"evenodd\" clip-rule=\"evenodd\" d=\"M6.98331 3.0947C7.42933 2.30177 8.57096 2.30177 9.01698 3.09469L13.8771 11.7349C14.3145 12.5126 13.7525 13.4735 12.8602 13.4735H3.14004C2.24774 13.4735 1.68575 12.5126 2.12321 11.7349L6.98331 3.0947ZM8.14541 3.58496C8.08169 3.47168 7.9186 3.47168 7.85488 3.58496L2.99478 12.2251C2.93229 12.3362 3.01257 12.4735 3.14004 12.4735H12.8602C12.9877 12.4735 13.068 12.3362 13.0055 12.2251L8.14541 3.58496Z\" \/>\n\t\t\t\t\t<\/svg>\n\t\t\t\t<\/span>\n\t\t\t\t<span data-wp-text=\"state.errorMessage\" id=\"g19767-nom-text-error-message\"><\/span>\n\t\t\t<\/div> \n\t<\/div>\n\n<div style=\"\"  data-wp-interactive=\"jetpack\/form\" data-wp-context='{\"fieldId\":\"g19767-email\",\"fieldType\":\"email\",\"fieldLabel\":\"E-mail\",\"fieldValue\":\"\",\"fieldPlaceholder\":\"\",\"fieldIsRequired\":\"1\",\"fieldErrorMessage\":\"\",\"fieldExtra\":[],\"formHash\":\"39efad9cd70a70981cfdaf11352e1003b31ef2e8\"}'  class='grunion-field-email-wrap grunion-field-wrap'  data-wp-init='callbacks.initializeField' data-wp-on--jetpack-form-reset='callbacks.initializeField' >\n<label\n\t\t\t\tfor='g19767-email' class=\"grunion-field-label email\" >E-mail<span class=\"grunion-label-required\" aria-hidden=\"true\">(obligatoire)<\/span><\/label>\n<input\n\t\t\t\t\ttype='email'\n\t\t\t\t\tname='g19767-email'\n\t\t\t\t\tid='g19767-email'\n\t\t\t\t\tvalue=''\n\n\t\t\t\t\tdata-wp-bind--aria-invalid='state.fieldAriaInvalid'\n\t\t\t\t\tdata-wp-bind--value='state.getFieldValue'\n\t\t\t\t\taria-describedby='g19767-email-email-error-message'\n\t\t\t\t\tdata-wp-on--input='actions.onFieldChange'\n\t\t\t\t\tdata-wp-on--blur='actions.onFieldBlur'\n\t\t\t\t\tdata-wp-class--has-value='state.hasFieldValue'\n\n\t\t\t\t\tclass='email  grunion-field' \n\t\t\t\t\trequired='true' aria-required='true'  \/>\n \n\t\t\t<div id=\"g19767-email-email-error\" class=\"contact-form__input-error\" data-wp-class--has-errors=\"state.fieldHasErrors\">\n\t\t\t\t<span class=\"contact-form__warning-icon\" aria-hidden=\"true\">\n\t\t\t\t\t<svg width=\"16\" height=\"16\" viewBox=\"0 0 16 16\" fill=\"none\" xmlns=\"http:\/\/www.w3.org\/2000\/svg\">\n\t\t\t\t\t\t<path d=\"M8.50015 11.6402H7.50015V10.6402H8.50015V11.6402Z\" \/>\n\t\t\t\t\t\t<path d=\"M7.50015 9.64018H8.50015V6.30684H7.50015V9.64018Z\" \/>\n\t\t\t\t\t\t<path fill-rule=\"evenodd\" clip-rule=\"evenodd\" d=\"M6.98331 3.0947C7.42933 2.30177 8.57096 2.30177 9.01698 3.09469L13.8771 11.7349C14.3145 12.5126 13.7525 13.4735 12.8602 13.4735H3.14004C2.24774 13.4735 1.68575 12.5126 2.12321 11.7349L6.98331 3.0947ZM8.14541 3.58496C8.08169 3.47168 7.9186 3.47168 7.85488 3.58496L2.99478 12.2251C2.93229 12.3362 3.01257 12.4735 3.14004 12.4735H12.8602C12.9877 12.4735 13.068 12.3362 13.0055 12.2251L8.14541 3.58496Z\" \/>\n\t\t\t\t\t<\/svg>\n\t\t\t\t<\/span>\n\t\t\t\t<span data-wp-text=\"state.errorMessage\" id=\"g19767-email-email-error-message\"><\/span>\n\t\t\t<\/div> \n\t<\/div>\n\n<div style=\"\"  data-wp-interactive=\"jetpack\/form\" data-wp-context='{\"fieldId\":\"g19767-numrodetlphone\",\"fieldType\":\"text\",\"fieldLabel\":\"Num\\u00e9ro de t\\u00e9l\\u00e9phone\",\"fieldValue\":\"\",\"fieldPlaceholder\":\"\",\"fieldIsRequired\":\"1\",\"fieldErrorMessage\":\"\",\"fieldExtra\":[],\"formHash\":\"39efad9cd70a70981cfdaf11352e1003b31ef2e8\"}'  class='grunion-field-text-wrap grunion-field-wrap'  data-wp-init='callbacks.initializeField' data-wp-on--jetpack-form-reset='callbacks.initializeField' >\n<label\n\t\t\t\tfor='g19767-numrodetlphone' class=\"grunion-field-label text\" >Num\u00e9ro de t\u00e9l\u00e9phone<span class=\"grunion-label-required\" aria-hidden=\"true\">(obligatoire)<\/span><\/label>\n<input\n\t\t\t\t\ttype='text'\n\t\t\t\t\tname='g19767-numrodetlphone'\n\t\t\t\t\tid='g19767-numrodetlphone'\n\t\t\t\t\tvalue=''\n\n\t\t\t\t\tdata-wp-bind--aria-invalid='state.fieldAriaInvalid'\n\t\t\t\t\tdata-wp-bind--value='state.getFieldValue'\n\t\t\t\t\taria-describedby='g19767-numrodetlphone-text-error-message'\n\t\t\t\t\tdata-wp-on--input='actions.onFieldChange'\n\t\t\t\t\tdata-wp-on--blur='actions.onFieldBlur'\n\t\t\t\t\tdata-wp-class--has-value='state.hasFieldValue'\n\n\t\t\t\t\tclass='text  grunion-field' \n\t\t\t\t\trequired='true' aria-required='true'  \/>\n \n\t\t\t<div id=\"g19767-numrodetlphone-text-error\" class=\"contact-form__input-error\" data-wp-class--has-errors=\"state.fieldHasErrors\">\n\t\t\t\t<span class=\"contact-form__warning-icon\" aria-hidden=\"true\">\n\t\t\t\t\t<svg width=\"16\" height=\"16\" viewBox=\"0 0 16 16\" fill=\"none\" xmlns=\"http:\/\/www.w3.org\/2000\/svg\">\n\t\t\t\t\t\t<path d=\"M8.50015 11.6402H7.50015V10.6402H8.50015V11.6402Z\" \/>\n\t\t\t\t\t\t<path d=\"M7.50015 9.64018H8.50015V6.30684H7.50015V9.64018Z\" \/>\n\t\t\t\t\t\t<path fill-rule=\"evenodd\" clip-rule=\"evenodd\" d=\"M6.98331 3.0947C7.42933 2.30177 8.57096 2.30177 9.01698 3.09469L13.8771 11.7349C14.3145 12.5126 13.7525 13.4735 12.8602 13.4735H3.14004C2.24774 13.4735 1.68575 12.5126 2.12321 11.7349L6.98331 3.0947ZM8.14541 3.58496C8.08169 3.47168 7.9186 3.47168 7.85488 3.58496L2.99478 12.2251C2.93229 12.3362 3.01257 12.4735 3.14004 12.4735H12.8602C12.9877 12.4735 13.068 12.3362 13.0055 12.2251L8.14541 3.58496Z\" \/>\n\t\t\t\t\t<\/svg>\n\t\t\t\t<\/span>\n\t\t\t\t<span data-wp-text=\"state.errorMessage\" id=\"g19767-numrodetlphone-text-error-message\"><\/span>\n\t\t\t<\/div> \n\t<\/div>\n\n<div style=\"\"  data-wp-interactive=\"jetpack\/form\" data-wp-context='{\"fieldId\":\"g19767-message\",\"fieldType\":\"textarea\",\"fieldLabel\":\"Message\",\"fieldValue\":\"\",\"fieldPlaceholder\":\"\",\"fieldIsRequired\":\"\",\"fieldErrorMessage\":\"\",\"fieldExtra\":[],\"formHash\":\"39efad9cd70a70981cfdaf11352e1003b31ef2e8\"}'  class='grunion-field-textarea-wrap grunion-field-wrap'  data-wp-init='callbacks.initializeField' data-wp-on--jetpack-form-reset='callbacks.initializeField' >\n<label\n\t\t\t\tfor='contact-form-comment-g19767-message' class=\"grunion-field-label textarea\" >Message<\/label>\n<textarea\n\t\t                style=''\n\t\t                name='g19767-message'\n\t\t                id='contact-form-comment-g19767-message'\n\t\t                rows='20'\n\t\t\t\t\t\tdata-wp-text='state.getFieldValue'\n\t\t\t\t\t\tdata-wp-on--input='actions.onFieldChange'\n\t\t\t\t\t\tdata-wp-on--blur='actions.onFieldBlur'\n\t\t\t\t\t\tdata-wp-class--has-value='state.hasFieldValue'\n\t\t\t\t\t\taria-describedby='g19767-message-textarea-error-message'\n\t\t\t\t\t\tdata-wp-bind--aria-invalid='state.fieldAriaInvalid'\n\t\t\t\t\t\tclass='textarea  grunion-field'  ><\/textarea>\n \n\t\t\t<div id=\"g19767-message-textarea-error\" class=\"contact-form__input-error\" data-wp-class--has-errors=\"state.fieldHasErrors\">\n\t\t\t\t<span class=\"contact-form__warning-icon\" aria-hidden=\"true\">\n\t\t\t\t\t<svg width=\"16\" height=\"16\" viewBox=\"0 0 16 16\" fill=\"none\" xmlns=\"http:\/\/www.w3.org\/2000\/svg\">\n\t\t\t\t\t\t<path d=\"M8.50015 11.6402H7.50015V10.6402H8.50015V11.6402Z\" \/>\n\t\t\t\t\t\t<path d=\"M7.50015 9.64018H8.50015V6.30684H7.50015V9.64018Z\" \/>\n\t\t\t\t\t\t<path fill-rule=\"evenodd\" clip-rule=\"evenodd\" d=\"M6.98331 3.0947C7.42933 2.30177 8.57096 2.30177 9.01698 3.09469L13.8771 11.7349C14.3145 12.5126 13.7525 13.4735 12.8602 13.4735H3.14004C2.24774 13.4735 1.68575 12.5126 2.12321 11.7349L6.98331 3.0947ZM8.14541 3.58496C8.08169 3.47168 7.9186 3.47168 7.85488 3.58496L2.99478 12.2251C2.93229 12.3362 3.01257 12.4735 3.14004 12.4735H12.8602C12.9877 12.4735 13.068 12.3362 13.0055 12.2251L8.14541 3.58496Z\" \/>\n\t\t\t\t\t<\/svg>\n\t\t\t\t<\/span>\n\t\t\t\t<span data-wp-text=\"state.errorMessage\" id=\"g19767-message-textarea-error-message\"><\/span>\n\t\t\t<\/div>\n\t<\/div>\n\t<p class='contact-submit'>\n<div class=\"contact-form__error\" data-wp-class--show-errors=\"state.showFormErrors\"><span class=\"contact-form__warning-icon\" aria-hidden=\"true\"><i><\/i><\/span><span class=\"contact-form__error-message\" tabindex=\"-1\" data-wp-watch=\"callbacks.focusOnValidationError\" data-wp-text=\"state.getFormErrorMessage\"><\/span><ul aria-label=\"Erreurs de formulaire\">\n\t\t\t\t<template data-wp-each=\"state.getErrorList\" data-wp-key=\"context.item.id\">\n\t\t\t\t\t<li><a data-wp-bind--href=\"context.item.anchor\" data-wp-on--click=\"actions.scrollIntoView\" data-wp-text=\"context.item.label\"><\/a><\/li>\n\t\t\t\t<\/template>\n\t\t\t\t<\/ul><\/div><div class=\"contact-form__error\" data-wp-class--show-errors=\"state.showSubmissionError\" data-wp-text=\"context.submissionError\" tabindex=\"-1\" data-wp-watch=\"callbacks.focusOnSubmissionError\"><\/div>\t\t<button type='submit' class='pushbutton-wide'>Envoyer<\/button>\t\t<input type='hidden' name='contact-form-id' value='19767' \/>\n\t\t<input type='hidden' name='action' value='grunion-contact-form' \/>\n\t\t<input type='hidden' name='contact-form-hash' value='39efad9cd70a70981cfdaf11352e1003b31ef2e8' \/>\n\t<\/p>\n<p style=\"display: none !important;\" class=\"akismet-fields-container\" data-prefix=\"ak_\"><label>&#916;<textarea name=\"ak_hp_textarea\" cols=\"45\" rows=\"8\" maxlength=\"100\"><\/textarea><\/label><input type=\"hidden\" id=\"ak_js_1\" name=\"ak_js\" value=\"152\"\/><script type=\"text\/javascript\">\n\/* <![CDATA[ *\/\ndocument.getElementById( \"ak_js_1\" ).setAttribute( \"value\", ( new Date() ).getTime() );\n\/* ]]> *\/\n<\/script>\n<\/p><\/form>\n<\/div>\n","protected":false},"excerpt":{"rendered":"<p>&nbsp; ieja Pourquoi vaut-il la peine d\u2019acheter un bien \u00e0 Mar de Pulp\u00ed\u00a0? Faire du kayak, du paddle surf ou du snorkeling, profiter de merveilles tel le r\u00e9cif des sir\u00e8nes, la g\u00e9ode de Pulp\u00ed ou la plage de Los Muertos, visiter des parcs \u00e0 th\u00e8me comme Oasys MiniHollywood dans le d\u00e9sert de Tabernas, la C\u00f4te [&hellip;]<\/p>\n","protected":false},"author":11729,"featured_media":19769,"comment_status":"open","ping_status":"open","sticky":false,"template":"","format":"standard","meta":{"_jetpack_memberships_contains_paid_content":false,"footnotes":""},"categories":[40],"tags":[89,138,80,139],"class_list":["post-19767","post","type-post","status-publish","format-standard","has-post-thumbnail","hentry","category-votre-nouvelle-residence","tag-appartements-mar-de-pulpi","tag-proprietes-cote-dalmeria","tag-tm-real-estate-group","tag-villas-mar-de-pulpi","formato-blog"],"better_featured_image":{"id":19769,"alt_text":"Propiedades en venta Mar de Pulp\u00ed","caption":"","description":"","media_type":"image","media_details":{"width":1000,"height":666,"file":"2024\/02\/Propiedades-en-venta-Mar-de-Pulpi.jpg","filesize":166117,"sizes":{"medium":{"file":"Propiedades-en-venta-Mar-de-Pulpi-300x200.jpg","width":300,"height":200,"mime-type":"image\/jpeg","filesize":21369,"source_url":"https:\/\/blog.tmgrupoinmobiliario.com\/fr\/wp-content\/uploads\/sites\/5\/2024\/02\/Propiedades-en-venta-Mar-de-Pulpi-300x200.jpg"},"thumbnail":{"file":"Propiedades-en-venta-Mar-de-Pulpi-150x150.jpg","width":150,"height":150,"mime-type":"image\/jpeg","filesize":9025,"source_url":"https:\/\/blog.tmgrupoinmobiliario.com\/fr\/wp-content\/uploads\/sites\/5\/2024\/02\/Propiedades-en-venta-Mar-de-Pulpi-150x150.jpg"},"medium_large":{"file":"Propiedades-en-venta-Mar-de-Pulpi-768x511.jpg","width":768,"height":511,"mime-type":"image\/jpeg","filesize":100137,"source_url":"https:\/\/blog.tmgrupoinmobiliario.com\/fr\/wp-content\/uploads\/sites\/5\/2024\/02\/Propiedades-en-venta-Mar-de-Pulpi-768x511.jpg"}},"image_meta":{"aperture":"0","credit":"","camera":"","caption":"","created_timestamp":"0","copyright":"","focal_length":"0","iso":"0","shutter_speed":"0","title":"","orientation":"1","keywords":[]}},"post":19767,"source_url":"https:\/\/blog.tmgrupoinmobiliario.com\/fr\/wp-content\/uploads\/sites\/5\/2024\/02\/Propiedades-en-venta-Mar-de-Pulpi.jpg"},"acf":{"imagen_destacada_desktop":"https:\/\/blog.tmgrupoinmobiliario.com\/fr\/wp-content\/uploads\/sites\/5\/2024\/02\/Propiedades-en-venta-Mar-de-Pulpi-1920x870-1.jpg","imagen_destacada_mobile":"https:\/\/blog.tmgrupoinmobiliario.com\/fr\/wp-content\/uploads\/sites\/5\/2024\/02\/Propiedades-en-venta-Mar-de-Pulpi-540.jpg","formato":{"term_id":37,"name":"Blog","slug":"blog","term_group":0,"term_taxonomy_id":37,"taxonomy":"formato","description":"","parent":0,"count":110,"filter":"raw"},"entradilla":"La c\u00f4te d\u2019Almeria est un paradis pour les amoureux de la mer, du soleil et du bien vivre. TM Real Estate Group poss\u00e8de son propre village m\u00e9diterran\u00e9en \u00e0 San Juan de los Terreros, Mar de Pulp\u00ed, un endroit idyllique pour profiter pleinement face \u00e0 la mer M\u00e9diterran\u00e9e. Voyons de plus pr\u00e8s les propri\u00e9t\u00e9s \u00e0 vendre \u00e0 Mar de Pulp\u00ed, C\u00f4te d\u2019Almer\u00eda.","etiquetas":"","cabecera_escritorio":"https:\/\/blog.tmgrupoinmobiliario.com\/fr\/wp-content\/uploads\/sites\/5\/2024\/02\/Propiedades-en-venta-Mar-de-Pulpi-1200x300-.jpg","cabecera_mobile":"https:\/\/blog.tmgrupoinmobiliario.com\/fr\/wp-content\/uploads\/sites\/5\/2024\/02\/Propiedades-en-venta-Mar-de-Pulpi-768.jpg","galeria":false},"yoast_head":"<!-- This site is optimized with the Yoast SEO Premium plugin v23.6 (Yoast SEO v27.5) - https:\/\/yoast.com\/product\/yoast-seo-premium-wordpress\/ -->\n<title>Propri\u00e9t\u00e9s en vente sur la C\u00f4te d\u2019Almer\u00eda avec TM Real Estate Group - Francais<\/title>\n<meta name=\"description\" content=\"TM Real Estate Group poss\u00e8de son propre village m\u00e9diterran\u00e9en \u00e0 San Juan de los Terreros, Mar de Pulp\u00ed, un endroit idyllique pour profiter pleinement face \u00e0 la mer M\u00e9diterran\u00e9e.\" \/>\n<meta name=\"robots\" content=\"index, follow, max-snippet:-1, max-image-preview:large, max-video-preview:-1\" \/>\n<link rel=\"canonical\" href=\"https:\/\/blog.tmgrupoinmobiliario.com\/fr\/2024\/02\/21\/proprietes-en-vente-sur-la-cote-dalmeria-avec-tm-real-estate-group\/\" \/>\n<meta property=\"og:locale\" content=\"fr_FR\" \/>\n<meta property=\"og:type\" content=\"article\" \/>\n<meta property=\"og:title\" content=\"Propri\u00e9t\u00e9s en vente sur la C\u00f4te d\u2019Almer\u00eda avec TM Real Estate Group\" \/>\n<meta property=\"og:description\" content=\"TM Real Estate Group poss\u00e8de son propre village m\u00e9diterran\u00e9en \u00e0 San Juan de los Terreros, Mar de Pulp\u00ed, un endroit idyllique pour profiter pleinement face \u00e0 la mer M\u00e9diterran\u00e9e.\" \/>\n<meta property=\"og:url\" content=\"https:\/\/blog.tmgrupoinmobiliario.com\/fr\/2024\/02\/21\/proprietes-en-vente-sur-la-cote-dalmeria-avec-tm-real-estate-group\/\" \/>\n<meta property=\"og:site_name\" content=\"Francais\" \/>\n<meta property=\"article:published_time\" content=\"2024-02-21T15:27:06+00:00\" \/>\n<meta property=\"article:modified_time\" content=\"2024-05-15T16:09:04+00:00\" \/>\n<meta property=\"og:image\" content=\"https:\/\/blog.tmgrupoinmobiliario.com\/fr\/wp-content\/uploads\/sites\/5\/2024\/02\/Propiedades-en-venta-Mar-de-Pulpi.jpg\" \/>\n\t<meta property=\"og:image:width\" content=\"1000\" \/>\n\t<meta property=\"og:image:height\" content=\"666\" \/>\n\t<meta property=\"og:image:type\" content=\"image\/jpeg\" \/>\n<meta name=\"author\" content=\"indira\" \/>\n<meta name=\"twitter:card\" content=\"summary_large_image\" \/>\n<meta name=\"twitter:label1\" content=\"\u00c9crit par\" \/>\n\t<meta name=\"twitter:data1\" content=\"indira\" \/>\n\t<meta name=\"twitter:label2\" content=\"Dur\u00e9e de lecture estim\u00e9e\" \/>\n\t<meta name=\"twitter:data2\" content=\"4 minutes\" \/>\n<script type=\"application\/ld+json\" class=\"yoast-schema-graph\">{\"@context\":\"https:\\\/\\\/schema.org\",\"@graph\":[{\"@type\":\"Article\",\"@id\":\"https:\\\/\\\/blog.tmgrupoinmobiliario.com\\\/fr\\\/2024\\\/02\\\/21\\\/proprietes-en-vente-sur-la-cote-dalmeria-avec-tm-real-estate-group\\\/#article\",\"isPartOf\":{\"@id\":\"https:\\\/\\\/blog.tmgrupoinmobiliario.com\\\/fr\\\/2024\\\/02\\\/21\\\/proprietes-en-vente-sur-la-cote-dalmeria-avec-tm-real-estate-group\\\/\"},\"author\":{\"name\":\"indira\",\"@id\":\"https:\\\/\\\/blog.tmgrupoinmobiliario.com\\\/fr\\\/#\\\/schema\\\/person\\\/bbbac745abadad64177a5ee6a73cbf7c\"},\"headline\":\"Propri\u00e9t\u00e9s en vente sur la C\u00f4te d\u2019Almer\u00eda avec TM Real Estate Group\",\"datePublished\":\"2024-02-21T15:27:06+00:00\",\"dateModified\":\"2024-05-15T16:09:04+00:00\",\"mainEntityOfPage\":{\"@id\":\"https:\\\/\\\/blog.tmgrupoinmobiliario.com\\\/fr\\\/2024\\\/02\\\/21\\\/proprietes-en-vente-sur-la-cote-dalmeria-avec-tm-real-estate-group\\\/\"},\"wordCount\":742,\"commentCount\":0,\"image\":{\"@id\":\"https:\\\/\\\/blog.tmgrupoinmobiliario.com\\\/fr\\\/2024\\\/02\\\/21\\\/proprietes-en-vente-sur-la-cote-dalmeria-avec-tm-real-estate-group\\\/#primaryimage\"},\"thumbnailUrl\":\"https:\\\/\\\/blog.tmgrupoinmobiliario.com\\\/fr\\\/wp-content\\\/uploads\\\/sites\\\/5\\\/2024\\\/02\\\/Propiedades-en-venta-Mar-de-Pulpi.jpg\",\"keywords\":[\"appartements Mar de Pulp\u00ed\",\"propri\u00e9t\u00e9s C\u00f4te d'Almer\u00eda\",\"TM Real Estate Group\",\"villas Mar de Pulp\u00ed\"],\"articleSection\":[\"Votre nouvelle r\u00e9sidence\"],\"inLanguage\":\"fr-FR\",\"potentialAction\":[{\"@type\":\"CommentAction\",\"name\":\"Comment\",\"target\":[\"https:\\\/\\\/blog.tmgrupoinmobiliario.com\\\/fr\\\/2024\\\/02\\\/21\\\/proprietes-en-vente-sur-la-cote-dalmeria-avec-tm-real-estate-group\\\/#respond\"]}]},{\"@type\":\"WebPage\",\"@id\":\"https:\\\/\\\/blog.tmgrupoinmobiliario.com\\\/fr\\\/2024\\\/02\\\/21\\\/proprietes-en-vente-sur-la-cote-dalmeria-avec-tm-real-estate-group\\\/\",\"url\":\"https:\\\/\\\/blog.tmgrupoinmobiliario.com\\\/fr\\\/2024\\\/02\\\/21\\\/proprietes-en-vente-sur-la-cote-dalmeria-avec-tm-real-estate-group\\\/\",\"name\":\"Propri\u00e9t\u00e9s en vente sur la C\u00f4te d\u2019Almer\u00eda avec TM Real Estate Group - Francais\",\"isPartOf\":{\"@id\":\"https:\\\/\\\/blog.tmgrupoinmobiliario.com\\\/fr\\\/#website\"},\"primaryImageOfPage\":{\"@id\":\"https:\\\/\\\/blog.tmgrupoinmobiliario.com\\\/fr\\\/2024\\\/02\\\/21\\\/proprietes-en-vente-sur-la-cote-dalmeria-avec-tm-real-estate-group\\\/#primaryimage\"},\"image\":{\"@id\":\"https:\\\/\\\/blog.tmgrupoinmobiliario.com\\\/fr\\\/2024\\\/02\\\/21\\\/proprietes-en-vente-sur-la-cote-dalmeria-avec-tm-real-estate-group\\\/#primaryimage\"},\"thumbnailUrl\":\"https:\\\/\\\/blog.tmgrupoinmobiliario.com\\\/fr\\\/wp-content\\\/uploads\\\/sites\\\/5\\\/2024\\\/02\\\/Propiedades-en-venta-Mar-de-Pulpi.jpg\",\"datePublished\":\"2024-02-21T15:27:06+00:00\",\"dateModified\":\"2024-05-15T16:09:04+00:00\",\"author\":{\"@id\":\"https:\\\/\\\/blog.tmgrupoinmobiliario.com\\\/fr\\\/#\\\/schema\\\/person\\\/bbbac745abadad64177a5ee6a73cbf7c\"},\"description\":\"TM Real Estate Group poss\u00e8de son propre village m\u00e9diterran\u00e9en \u00e0 San Juan de los Terreros, Mar de Pulp\u00ed, un endroit idyllique pour profiter pleinement face \u00e0 la mer M\u00e9diterran\u00e9e.\",\"breadcrumb\":{\"@id\":\"https:\\\/\\\/blog.tmgrupoinmobiliario.com\\\/fr\\\/2024\\\/02\\\/21\\\/proprietes-en-vente-sur-la-cote-dalmeria-avec-tm-real-estate-group\\\/#breadcrumb\"},\"inLanguage\":\"fr-FR\",\"potentialAction\":[{\"@type\":\"ReadAction\",\"target\":[\"https:\\\/\\\/blog.tmgrupoinmobiliario.com\\\/fr\\\/2024\\\/02\\\/21\\\/proprietes-en-vente-sur-la-cote-dalmeria-avec-tm-real-estate-group\\\/\"]}]},{\"@type\":\"ImageObject\",\"inLanguage\":\"fr-FR\",\"@id\":\"https:\\\/\\\/blog.tmgrupoinmobiliario.com\\\/fr\\\/2024\\\/02\\\/21\\\/proprietes-en-vente-sur-la-cote-dalmeria-avec-tm-real-estate-group\\\/#primaryimage\",\"url\":\"https:\\\/\\\/blog.tmgrupoinmobiliario.com\\\/fr\\\/wp-content\\\/uploads\\\/sites\\\/5\\\/2024\\\/02\\\/Propiedades-en-venta-Mar-de-Pulpi.jpg\",\"contentUrl\":\"https:\\\/\\\/blog.tmgrupoinmobiliario.com\\\/fr\\\/wp-content\\\/uploads\\\/sites\\\/5\\\/2024\\\/02\\\/Propiedades-en-venta-Mar-de-Pulpi.jpg\",\"width\":1000,\"height\":666,\"caption\":\"Propiedades en venta Mar de Pulp\u00ed\"},{\"@type\":\"BreadcrumbList\",\"@id\":\"https:\\\/\\\/blog.tmgrupoinmobiliario.com\\\/fr\\\/2024\\\/02\\\/21\\\/proprietes-en-vente-sur-la-cote-dalmeria-avec-tm-real-estate-group\\\/#breadcrumb\",\"itemListElement\":[{\"@type\":\"ListItem\",\"position\":1,\"name\":\"Portada\",\"item\":\"https:\\\/\\\/blog.tmgrupoinmobiliario.com\\\/fr\\\/\"},{\"@type\":\"ListItem\",\"position\":2,\"name\":\"Propri\u00e9t\u00e9s en vente sur la C\u00f4te d\u2019Almer\u00eda avec TM Real Estate Group\"}]},{\"@type\":\"WebSite\",\"@id\":\"https:\\\/\\\/blog.tmgrupoinmobiliario.com\\\/fr\\\/#website\",\"url\":\"https:\\\/\\\/blog.tmgrupoinmobiliario.com\\\/fr\\\/\",\"name\":\"Francais\",\"description\":\"Otro sitio m\u00e1s de Blog Desarrollo TM sitios\",\"potentialAction\":[{\"@type\":\"SearchAction\",\"target\":{\"@type\":\"EntryPoint\",\"urlTemplate\":\"https:\\\/\\\/blog.tmgrupoinmobiliario.com\\\/fr\\\/?s={search_term_string}\"},\"query-input\":{\"@type\":\"PropertyValueSpecification\",\"valueRequired\":true,\"valueName\":\"search_term_string\"}}],\"inLanguage\":\"fr-FR\"},{\"@type\":\"Person\",\"@id\":\"https:\\\/\\\/blog.tmgrupoinmobiliario.com\\\/fr\\\/#\\\/schema\\\/person\\\/bbbac745abadad64177a5ee6a73cbf7c\",\"name\":\"indira\",\"image\":{\"@type\":\"ImageObject\",\"inLanguage\":\"fr-FR\",\"@id\":\"https:\\\/\\\/secure.gravatar.com\\\/avatar\\\/e9bcc7a0bb2179240c56a1875899ce9a1dfa15d5b7527f71259eaee6010d7203?s=96&d=mm&r=g\",\"url\":\"https:\\\/\\\/secure.gravatar.com\\\/avatar\\\/e9bcc7a0bb2179240c56a1875899ce9a1dfa15d5b7527f71259eaee6010d7203?s=96&d=mm&r=g\",\"contentUrl\":\"https:\\\/\\\/secure.gravatar.com\\\/avatar\\\/e9bcc7a0bb2179240c56a1875899ce9a1dfa15d5b7527f71259eaee6010d7203?s=96&d=mm&r=g\",\"caption\":\"indira\"},\"url\":\"https:\\\/\\\/blog.tmgrupoinmobiliario.com\\\/fr\\\/author\\\/indira\\\/\"}]}<\/script>\n<!-- \/ Yoast SEO Premium plugin. -->","yoast_head_json":{"title":"Propri\u00e9t\u00e9s en vente sur la C\u00f4te d\u2019Almer\u00eda avec TM Real Estate Group - Francais","description":"TM Real Estate Group poss\u00e8de son propre village m\u00e9diterran\u00e9en \u00e0 San Juan de los Terreros, Mar de Pulp\u00ed, un endroit idyllique pour profiter pleinement face \u00e0 la mer M\u00e9diterran\u00e9e.","robots":{"index":"index","follow":"follow","max-snippet":"max-snippet:-1","max-image-preview":"max-image-preview:large","max-video-preview":"max-video-preview:-1"},"canonical":"https:\/\/blog.tmgrupoinmobiliario.com\/fr\/2024\/02\/21\/proprietes-en-vente-sur-la-cote-dalmeria-avec-tm-real-estate-group\/","og_locale":"fr_FR","og_type":"article","og_title":"Propri\u00e9t\u00e9s en vente sur la C\u00f4te d\u2019Almer\u00eda avec TM Real Estate Group","og_description":"TM Real Estate Group poss\u00e8de son propre village m\u00e9diterran\u00e9en \u00e0 San Juan de los Terreros, Mar de Pulp\u00ed, un endroit idyllique pour profiter pleinement face \u00e0 la mer M\u00e9diterran\u00e9e.","og_url":"https:\/\/blog.tmgrupoinmobiliario.com\/fr\/2024\/02\/21\/proprietes-en-vente-sur-la-cote-dalmeria-avec-tm-real-estate-group\/","og_site_name":"Francais","article_published_time":"2024-02-21T15:27:06+00:00","article_modified_time":"2024-05-15T16:09:04+00:00","og_image":[{"width":1000,"height":666,"url":"https:\/\/blog.tmgrupoinmobiliario.com\/fr\/wp-content\/uploads\/sites\/5\/2024\/02\/Propiedades-en-venta-Mar-de-Pulpi.jpg","type":"image\/jpeg"}],"author":"indira","twitter_card":"summary_large_image","twitter_misc":{"\u00c9crit par":"indira","Dur\u00e9e de lecture estim\u00e9e":"4 minutes"},"schema":{"@context":"https:\/\/schema.org","@graph":[{"@type":"Article","@id":"https:\/\/blog.tmgrupoinmobiliario.com\/fr\/2024\/02\/21\/proprietes-en-vente-sur-la-cote-dalmeria-avec-tm-real-estate-group\/#article","isPartOf":{"@id":"https:\/\/blog.tmgrupoinmobiliario.com\/fr\/2024\/02\/21\/proprietes-en-vente-sur-la-cote-dalmeria-avec-tm-real-estate-group\/"},"author":{"name":"indira","@id":"https:\/\/blog.tmgrupoinmobiliario.com\/fr\/#\/schema\/person\/bbbac745abadad64177a5ee6a73cbf7c"},"headline":"Propri\u00e9t\u00e9s en vente sur la C\u00f4te d\u2019Almer\u00eda avec TM Real Estate Group","datePublished":"2024-02-21T15:27:06+00:00","dateModified":"2024-05-15T16:09:04+00:00","mainEntityOfPage":{"@id":"https:\/\/blog.tmgrupoinmobiliario.com\/fr\/2024\/02\/21\/proprietes-en-vente-sur-la-cote-dalmeria-avec-tm-real-estate-group\/"},"wordCount":742,"commentCount":0,"image":{"@id":"https:\/\/blog.tmgrupoinmobiliario.com\/fr\/2024\/02\/21\/proprietes-en-vente-sur-la-cote-dalmeria-avec-tm-real-estate-group\/#primaryimage"},"thumbnailUrl":"https:\/\/blog.tmgrupoinmobiliario.com\/fr\/wp-content\/uploads\/sites\/5\/2024\/02\/Propiedades-en-venta-Mar-de-Pulpi.jpg","keywords":["appartements Mar de Pulp\u00ed","propri\u00e9t\u00e9s C\u00f4te d'Almer\u00eda","TM Real Estate Group","villas Mar de Pulp\u00ed"],"articleSection":["Votre nouvelle r\u00e9sidence"],"inLanguage":"fr-FR","potentialAction":[{"@type":"CommentAction","name":"Comment","target":["https:\/\/blog.tmgrupoinmobiliario.com\/fr\/2024\/02\/21\/proprietes-en-vente-sur-la-cote-dalmeria-avec-tm-real-estate-group\/#respond"]}]},{"@type":"WebPage","@id":"https:\/\/blog.tmgrupoinmobiliario.com\/fr\/2024\/02\/21\/proprietes-en-vente-sur-la-cote-dalmeria-avec-tm-real-estate-group\/","url":"https:\/\/blog.tmgrupoinmobiliario.com\/fr\/2024\/02\/21\/proprietes-en-vente-sur-la-cote-dalmeria-avec-tm-real-estate-group\/","name":"Propri\u00e9t\u00e9s en vente sur la C\u00f4te d\u2019Almer\u00eda avec TM Real Estate Group - Francais","isPartOf":{"@id":"https:\/\/blog.tmgrupoinmobiliario.com\/fr\/#website"},"primaryImageOfPage":{"@id":"https:\/\/blog.tmgrupoinmobiliario.com\/fr\/2024\/02\/21\/proprietes-en-vente-sur-la-cote-dalmeria-avec-tm-real-estate-group\/#primaryimage"},"image":{"@id":"https:\/\/blog.tmgrupoinmobiliario.com\/fr\/2024\/02\/21\/proprietes-en-vente-sur-la-cote-dalmeria-avec-tm-real-estate-group\/#primaryimage"},"thumbnailUrl":"https:\/\/blog.tmgrupoinmobiliario.com\/fr\/wp-content\/uploads\/sites\/5\/2024\/02\/Propiedades-en-venta-Mar-de-Pulpi.jpg","datePublished":"2024-02-21T15:27:06+00:00","dateModified":"2024-05-15T16:09:04+00:00","author":{"@id":"https:\/\/blog.tmgrupoinmobiliario.com\/fr\/#\/schema\/person\/bbbac745abadad64177a5ee6a73cbf7c"},"description":"TM Real Estate Group poss\u00e8de son propre village m\u00e9diterran\u00e9en \u00e0 San Juan de los Terreros, Mar de Pulp\u00ed, un endroit idyllique pour profiter pleinement face \u00e0 la mer M\u00e9diterran\u00e9e.","breadcrumb":{"@id":"https:\/\/blog.tmgrupoinmobiliario.com\/fr\/2024\/02\/21\/proprietes-en-vente-sur-la-cote-dalmeria-avec-tm-real-estate-group\/#breadcrumb"},"inLanguage":"fr-FR","potentialAction":[{"@type":"ReadAction","target":["https:\/\/blog.tmgrupoinmobiliario.com\/fr\/2024\/02\/21\/proprietes-en-vente-sur-la-cote-dalmeria-avec-tm-real-estate-group\/"]}]},{"@type":"ImageObject","inLanguage":"fr-FR","@id":"https:\/\/blog.tmgrupoinmobiliario.com\/fr\/2024\/02\/21\/proprietes-en-vente-sur-la-cote-dalmeria-avec-tm-real-estate-group\/#primaryimage","url":"https:\/\/blog.tmgrupoinmobiliario.com\/fr\/wp-content\/uploads\/sites\/5\/2024\/02\/Propiedades-en-venta-Mar-de-Pulpi.jpg","contentUrl":"https:\/\/blog.tmgrupoinmobiliario.com\/fr\/wp-content\/uploads\/sites\/5\/2024\/02\/Propiedades-en-venta-Mar-de-Pulpi.jpg","width":1000,"height":666,"caption":"Propiedades en venta Mar de Pulp\u00ed"},{"@type":"BreadcrumbList","@id":"https:\/\/blog.tmgrupoinmobiliario.com\/fr\/2024\/02\/21\/proprietes-en-vente-sur-la-cote-dalmeria-avec-tm-real-estate-group\/#breadcrumb","itemListElement":[{"@type":"ListItem","position":1,"name":"Portada","item":"https:\/\/blog.tmgrupoinmobiliario.com\/fr\/"},{"@type":"ListItem","position":2,"name":"Propri\u00e9t\u00e9s en vente sur la C\u00f4te d\u2019Almer\u00eda avec TM Real Estate Group"}]},{"@type":"WebSite","@id":"https:\/\/blog.tmgrupoinmobiliario.com\/fr\/#website","url":"https:\/\/blog.tmgrupoinmobiliario.com\/fr\/","name":"Francais","description":"Otro sitio m\u00e1s de Blog Desarrollo TM sitios","potentialAction":[{"@type":"SearchAction","target":{"@type":"EntryPoint","urlTemplate":"https:\/\/blog.tmgrupoinmobiliario.com\/fr\/?s={search_term_string}"},"query-input":{"@type":"PropertyValueSpecification","valueRequired":true,"valueName":"search_term_string"}}],"inLanguage":"fr-FR"},{"@type":"Person","@id":"https:\/\/blog.tmgrupoinmobiliario.com\/fr\/#\/schema\/person\/bbbac745abadad64177a5ee6a73cbf7c","name":"indira","image":{"@type":"ImageObject","inLanguage":"fr-FR","@id":"https:\/\/secure.gravatar.com\/avatar\/e9bcc7a0bb2179240c56a1875899ce9a1dfa15d5b7527f71259eaee6010d7203?s=96&d=mm&r=g","url":"https:\/\/secure.gravatar.com\/avatar\/e9bcc7a0bb2179240c56a1875899ce9a1dfa15d5b7527f71259eaee6010d7203?s=96&d=mm&r=g","contentUrl":"https:\/\/secure.gravatar.com\/avatar\/e9bcc7a0bb2179240c56a1875899ce9a1dfa15d5b7527f71259eaee6010d7203?s=96&d=mm&r=g","caption":"indira"},"url":"https:\/\/blog.tmgrupoinmobiliario.com\/fr\/author\/indira\/"}]}},"jetpack_featured_media_url":"https:\/\/blog.tmgrupoinmobiliario.com\/fr\/wp-content\/uploads\/sites\/5\/2024\/02\/Propiedades-en-venta-Mar-de-Pulpi.jpg","jetpack_sharing_enabled":true,"_links":{"self":[{"href":"https:\/\/blog.tmgrupoinmobiliario.com\/fr\/wp-json\/wp\/v2\/posts\/19767","targetHints":{"allow":["GET"]}}],"collection":[{"href":"https:\/\/blog.tmgrupoinmobiliario.com\/fr\/wp-json\/wp\/v2\/posts"}],"about":[{"href":"https:\/\/blog.tmgrupoinmobiliario.com\/fr\/wp-json\/wp\/v2\/types\/post"}],"author":[{"embeddable":true,"href":"https:\/\/blog.tmgrupoinmobiliario.com\/fr\/wp-json\/wp\/v2\/users\/11729"}],"replies":[{"embeddable":true,"href":"https:\/\/blog.tmgrupoinmobiliario.com\/fr\/wp-json\/wp\/v2\/comments?post=19767"}],"version-history":[{"count":2,"href":"https:\/\/blog.tmgrupoinmobiliario.com\/fr\/wp-json\/wp\/v2\/posts\/19767\/revisions"}],"predecessor-version":[{"id":19774,"href":"https:\/\/blog.tmgrupoinmobiliario.com\/fr\/wp-json\/wp\/v2\/posts\/19767\/revisions\/19774"}],"wp:featuredmedia":[{"embeddable":true,"href":"https:\/\/blog.tmgrupoinmobiliario.com\/fr\/wp-json\/wp\/v2\/media\/19769"}],"wp:attachment":[{"href":"https:\/\/blog.tmgrupoinmobiliario.com\/fr\/wp-json\/wp\/v2\/media?parent=19767"}],"wp:term":[{"taxonomy":"category","embeddable":true,"href":"https:\/\/blog.tmgrupoinmobiliario.com\/fr\/wp-json\/wp\/v2\/categories?post=19767"},{"taxonomy":"post_tag","embeddable":true,"href":"https:\/\/blog.tmgrupoinmobiliario.com\/fr\/wp-json\/wp\/v2\/tags?post=19767"}],"curies":[{"name":"wp","href":"https:\/\/api.w.org\/{rel}","templated":true}]}}