{"id":19519,"date":"2023-07-18T10:27:54","date_gmt":"2023-07-18T08:27:54","guid":{"rendered":"https:\/\/blog.tmgrupoinmobiliario.com\/fr\/?p=19519"},"modified":"2023-07-18T10:27:54","modified_gmt":"2023-07-18T08:27:54","slug":"tm-real-estate-group-a-genere-2625-millions-deuros-de-cash-flow-social-en-2022","status":"publish","type":"post","link":"https:\/\/blog.tmgrupoinmobiliario.com\/fr\/2023\/07\/18\/tm-real-estate-group-a-genere-2625-millions-deuros-de-cash-flow-social-en-2022\/","title":{"rendered":"TM Real Estate Group a g\u00e9n\u00e9r\u00e9 262,5 millions d&#8217;euros de cash-flow social en 2022"},"content":{"rendered":"<p>&nbsp;<\/p>\n<p><a href=\"https:\/\/www.tmgrupoinmobiliario.com\/fr\"><strong>TM Real Estate Group<\/strong><\/a>, holding bas\u00e9e \u00e0 Alicante leader dans le secteur r\u00e9sidentiel, h\u00f4telier et du tourisme de vacances, sp\u00e9cialis\u00e9e dans la construction et le d\u00e9veloppement de r\u00e9sidences secondaires le long de la c\u00f4te m\u00e9diterran\u00e9enne et carib\u00e9enne, a g\u00e9n\u00e9r\u00e9 262,5 millions d&#8217;euros de flux de tr\u00e9sorerie sociaux r\u00e9partis entre ses diff\u00e9rentes parties prenantes (actionnaires, employ\u00e9s, clients, fournisseurs et soci\u00e9t\u00e9), contribuant ainsi au d\u00e9veloppement \u00e9conomique et social des communaut\u00e9s au sein desquelles elle op\u00e8re.<\/p>\n<p>Ces chiffres figurent dans le <strong>Rapport de responsabilit\u00e9 d&#8217;entreprise de TM<\/strong> pour l&#8217;exercice 2022, v\u00e9rifi\u00e9 par Deloitte, qui a \u00e9t\u00e9 communiqu\u00e9 la semaine derni\u00e8re \u00e0 ses parties prenantes et publi\u00e9 sur son site Web.<\/p>\n<figure id=\"attachment_22734\" aria-describedby=\"caption-attachment-22734\" style=\"width: 381px\" class=\"wp-caption aligncenter\"><a href=\"https:\/\/static.tmgrupoinmobiliario.com\/files\/MEMORIA_DE_RESPONSABILIDAD_CORPORATIVA_TM_2022.pdf\"><img loading=\"lazy\" decoding=\"async\" class=\"wp-image-22734\" src=\"https:\/\/www.tmgrupoinmobiliario.com\/blog\/wp-content\/uploads\/2023\/07\/portada-memoria-RC.png\" alt=\"\" width=\"381\" height=\"547\" \/><\/a><figcaption id=\"caption-attachment-22734\" class=\"wp-caption-text\">Couverture Rapport sur la responsabilit\u00e9 d&#8217;entreprise 2022.<\/figcaption><\/figure>\n<p><strong>\u00a0<\/strong><\/p>\n<p>&nbsp;<\/p>\n<p><span style=\"color: #ff0000\"><strong>Plan directeur de responsabilit\u00e9 d&#8217;entreprise II et projets d&#8217;action sociale<\/strong><\/span><\/p>\n<p>La holding d&#8217;Alicante a r\u00e9cemment approuv\u00e9 son <strong>IIe Plan directeur de responsabilit\u00e9 d&#8217;entreprise 2023 \u2013 2025,<\/strong> qui regroupe 50 engagements en mati\u00e8re environnementale, sociale et de bonne gouvernance du Groupe. Ce plan a \u00e9t\u00e9 \u00e9labor\u00e9 sur la base d&#8217;une analyse de mat\u00e9rialit\u00e9 en Espagne et au Mexique, gr\u00e2ce \u00e0 laquelle ont \u00e9t\u00e9 identifi\u00e9s les enjeux sur lesquels se concentre la strat\u00e9gie de responsabilit\u00e9 d&#8217;entreprise de TM, tels que la<strong> pr\u00e9servation de la mer et de sa biodiversit\u00e9, <\/strong>le<strong> respect des Droits de l&#8217;Homme, <\/strong>l&#8217;<strong>urbanisme durable <\/strong>et l&#8217;<strong>\u00e9thique des affaires, <\/strong>entre autres<strong>.<\/strong><\/p>\n<p>Par ailleurs, tout au long de l&#8217;ann\u00e9e 2022, <strong>TM a renforc\u00e9 son engagement envers la soci\u00e9t\u00e9 en d\u00e9veloppant 82 initiatives align\u00e9es sur les Objectifs de D\u00e9veloppement Durable d&#8217;une valeur totale de 420\u00a0000 euros, b\u00e9n\u00e9ficiant \u00e0 pr\u00e8s de 18\u00a0000 personnes. <\/strong>La <strong>contribution fiscale totale de l&#8217;entreprise s&#8217;est en outre \u00e9lev\u00e9e \u00e0 26 millions d&#8217;euros<\/strong>.<\/p>\n<p><strong>\u00a0<\/strong><\/p>\n<p><span style=\"color: #ff0000\"><strong>Employ\u00e9s et fournisseurs, cl\u00e9s de la strat\u00e9gie de l&#8217;entreprise<\/strong><\/span><\/p>\n<p>TM continue de d\u00e9ployer son Plan de valeur employ\u00e9, gr\u00e2ce auquel elle a d\u00e9velopp\u00e9 diverses actions visant \u00e0 am\u00e9liorer le bien-\u00eatre physique, \u00e9motionnel, professionnel et \u00e9conomique de son \u00e9quipe, <strong>compos\u00e9e de 1\u00a0829 employ\u00e9s, 328 en Espagne et 1\u00a0500 au Mexique. <\/strong>\u00c0 cet \u00e9gard, il convient de souligner l&#8217;investissement dans la formation que le groupe a r\u00e9alis\u00e9, atteignant plus de 45\u00a0000 heures, le paiement extraordinaire de 100\u00a0\u20ac par mois pendant 6\u00a0mois aux professionnels espagnols afin de compenser l&#8217;augmentation des co\u00fbts de l&#8217;\u00e9nergie et des carburants enregistr\u00e9e en 2022.<\/p>\n<p>Le Groupe consid\u00e8re ses fournisseurs comme essentiels au d\u00e9veloppement de son activit\u00e9 et \u00e0 sa consolidation en tant qu&#8217;entreprise de r\u00e9f\u00e9rence dans le secteur du tourisme r\u00e9sidentiel. C&#8217;est pourquoi, dans son engagement \u00e0 contribuer au progr\u00e8s des zones g\u00e9ographiques dans lesquelles il op\u00e8re, <strong>TM Real Estate Group a encourag\u00e9 la passation de contrats avec des fournisseurs locaux, travaillant avec 2\u00a0781 fournisseurs, dont 77\u00a0% sont locaux en Espagne et 74\u00a0% au Mexique.<\/strong><\/p>\n<p><strong>Selon \u00c1ngeles Serna, pr\u00e9sidente de TM Real Estate Group:<\/strong><em> \u00ab\u00a0Notre ambition est de montrer la voie en mati\u00e8re de tourisme r\u00e9sidentiel responsable et, pour y parvenir, notre Plan directeur repose sur cinq piliers d&#8217;action\u00a0: la bonne gouvernance, la construction durable, les personnes, l&#8217;action climatique et la valeur sociale partag\u00e9e. En r\u00e9ponse \u00e0 ces engagements, nous continuons \u00e0 promouvoir nos solides structures de gouvernance d&#8217;entreprise, \u00e0 r\u00e9duire notre empreinte environnementale et \u00e0 g\u00e9rer nos ressources de mani\u00e8re responsable, \u00e0 d\u00e9ployer les actions envisag\u00e9es dans notre Plan de valeur employ\u00e9 et \u00e0 maintenir notre engagement en faveur du d\u00e9veloppement des communaut\u00e9s dans lesquelles nous sommes pr\u00e9sents.\u00a0\u00bb<\/em><\/p>\n<p><em>\u00a0<\/em><\/p>\n<p>Lien Rapport de responsabilit\u00e9 d&#8217;entreprise: <a href=\"https:\/\/static.tmgrupoinmobiliario.com\/files\/MEMORIA_DE_RESPONSABILIDAD_CORPORATIVA_TM_2022.pdf\">RAPPORT _DE_RESPONSABILIT\u00c9_D&#8217;ENTERPRISE_TM_2022.pdf (tmgrupoinmobiliario.com)<\/a><\/p>\n<p>&nbsp;<\/p>\n<figure id=\"attachment_22742\" aria-describedby=\"caption-attachment-22742\" style=\"width: 575px\" class=\"wp-caption aligncenter\"><img loading=\"lazy\" decoding=\"async\" class=\"wp-image-22742\" src=\"https:\/\/www.tmgrupoinmobiliario.com\/blog\/wp-content\/uploads\/2023\/07\/FVF-1024x683.png\" alt=\"\" width=\"575\" height=\"383\" \/><figcaption id=\"caption-attachment-22742\" class=\"wp-caption-text\">Construction d&#8217;un ouvrage hydraulique avec la Fondation Vicente Ferrer.<\/figcaption><\/figure>\n<p>&nbsp;<\/p>\n<figure id=\"attachment_22740\" aria-describedby=\"caption-attachment-22740\" style=\"width: 571px\" class=\"wp-caption aligncenter\"><img loading=\"lazy\" decoding=\"async\" class=\"wp-image-22740\" src=\"https:\/\/www.tmgrupoinmobiliario.com\/blog\/wp-content\/uploads\/2023\/07\/IMG_6862-1024x683.jpg\" alt=\"\" width=\"571\" height=\"381\" \/><figcaption id=\"caption-attachment-22740\" class=\"wp-caption-text\">Concours pour am\u00e9liorer l&#8217;acc\u00e8s \u00e0 la plage, Mexique.<\/figcaption><\/figure>\n<p>&nbsp;<\/p>\n<figure id=\"attachment_22743\" aria-describedby=\"caption-attachment-22743\" style=\"width: 572px\" class=\"wp-caption aligncenter\"><img loading=\"lazy\" decoding=\"async\" class=\"wp-image-22743\" src=\"https:\/\/www.tmgrupoinmobiliario.com\/blog\/wp-content\/uploads\/2023\/07\/Sin-titulo-2-1024x683.png\" alt=\"\" width=\"572\" height=\"381\" \/><figcaption id=\"caption-attachment-22743\" class=\"wp-caption-text\">Des femmes de Kenziga, en Ouganda, devant l&#8217;\u00e9cole de formation agricole promue par Rafiki Africa et TM.<\/figcaption><\/figure>\n<p>&nbsp;<\/p>\n","protected":false},"excerpt":{"rendered":"<p>&nbsp; TM Real Estate Group, holding bas\u00e9e \u00e0 Alicante leader dans le secteur r\u00e9sidentiel, h\u00f4telier et du tourisme de vacances, sp\u00e9cialis\u00e9e dans la construction et le d\u00e9veloppement de r\u00e9sidences secondaires le long de la c\u00f4te m\u00e9diterran\u00e9enne et carib\u00e9enne, a g\u00e9n\u00e9r\u00e9 262,5 millions d&#8217;euros de flux de tr\u00e9sorerie sociaux r\u00e9partis entre ses diff\u00e9rentes parties prenantes (actionnaires, [&hellip;]<\/p>\n","protected":false},"author":11716,"featured_media":19527,"comment_status":"open","ping_status":"open","sticky":false,"template":"","format":"standard","meta":{"_jetpack_memberships_contains_paid_content":false,"footnotes":""},"categories":[36,18],"tags":[25,31],"class_list":["post-19519","post","type-post","status-publish","format-standard","has-post-thumbnail","hentry","category-notas-prensa","category-corporativo","tag-tag-all","tag-tag-compromise","formato-comunicacion"],"better_featured_image":{"id":19527,"alt_text":"","caption":"","description":"","media_type":"image","media_details":{"width":1000,"height":666,"file":"2023\/07\/07_18-Cash-Flow-20221.png","filesize":1145910,"sizes":{"medium":{"file":"07_18-Cash-Flow-20221-300x200.png","width":300,"height":200,"mime-type":"image\/png","filesize":114032,"source_url":"https:\/\/blog.tmgrupoinmobiliario.com\/fr\/wp-content\/uploads\/sites\/5\/2023\/07\/07_18-Cash-Flow-20221-300x200.png"},"thumbnail":{"file":"07_18-Cash-Flow-20221-150x150.png","width":150,"height":150,"mime-type":"image\/png","filesize":49954,"source_url":"https:\/\/blog.tmgrupoinmobiliario.com\/fr\/wp-content\/uploads\/sites\/5\/2023\/07\/07_18-Cash-Flow-20221-150x150.png"},"medium_large":{"file":"07_18-Cash-Flow-20221-768x511.png","width":768,"height":511,"mime-type":"image\/png","filesize":671205,"source_url":"https:\/\/blog.tmgrupoinmobiliario.com\/fr\/wp-content\/uploads\/sites\/5\/2023\/07\/07_18-Cash-Flow-20221-768x511.png"}},"image_meta":{"aperture":"0","credit":"","camera":"","caption":"","created_timestamp":"0","copyright":"","focal_length":"0","iso":"0","shutter_speed":"0","title":"","orientation":"0","keywords":[]}},"post":19519,"source_url":"https:\/\/blog.tmgrupoinmobiliario.com\/fr\/wp-content\/uploads\/sites\/5\/2023\/07\/07_18-Cash-Flow-20221.png"},"acf":{"imagen_destacada_desktop":"https:\/\/blog.tmgrupoinmobiliario.com\/fr\/wp-content\/uploads\/sites\/5\/2023\/07\/07_18-Cash-Flow-2022-1920x870-11.png","imagen_destacada_mobile":"https:\/\/blog.tmgrupoinmobiliario.com\/fr\/wp-content\/uploads\/sites\/5\/2023\/07\/07_18-Cash-Flow-2022-540x540-13.png","formato":{"term_id":24,"name":"Comunicaci\u00f3n","slug":"comunicacion","term_group":0,"term_taxonomy_id":24,"taxonomy":"formato","description":"","parent":0,"count":89,"filter":"raw"},"entradilla":"La holding bas\u00e9e \u00e0 Alicante consolide une ann\u00e9e de plus sa position d'entreprise de r\u00e9f\u00e9rence dans le secteur r\u00e9sidentiel, h\u00f4telier et du tourisme de vacances responsable, en lan\u00e7ant son Plan directeur de responsabilit\u00e9 d'entreprise II 2023-2025 avec 50 engagements environnementaux, sociaux et de bonne gouvernance.\r\n\r\nLa contribution fiscale totale de l'entreprise s'est \u00e9lev\u00e9e \u00e0 26 millions d'euros et 82 initiatives sociales ont \u00e9t\u00e9 d\u00e9velopp\u00e9es, b\u00e9n\u00e9ficiant \u00e0 quelque 18 000 personnes.\r\n\r\nLe Groupe continue de d\u00e9ployer son Plan de valeur employ\u00e9 afin d'am\u00e9liorer le bien-\u00eatre \u00e9conomique, physique, \u00e9motionnel et professionnel de son personnel, compos\u00e9 de 1 829 membres de 37 nationalit\u00e9s diff\u00e9rentes.\r\n","etiquetas":"","cabecera_escritorio":"https:\/\/blog.tmgrupoinmobiliario.com\/fr\/wp-content\/uploads\/sites\/5\/2023\/07\/07_18-Cash-Flow-2022-1200x300-11.png","cabecera_mobile":"https:\/\/blog.tmgrupoinmobiliario.com\/fr\/wp-content\/uploads\/sites\/5\/2023\/07\/07_18-Cash-Flow-2022-768x768-11.png","galeria":false},"yoast_head":"<!-- This site is optimized with the Yoast SEO Premium plugin v23.6 (Yoast SEO v27.5) - https:\/\/yoast.com\/product\/yoast-seo-premium-wordpress\/ -->\n<title>TM Real Estate Group a g\u00e9n\u00e9r\u00e9 262,5 millions d&#039;euros de cash-flow social en 2022 - Francais<\/title>\n<meta name=\"robots\" content=\"index, follow, max-snippet:-1, max-image-preview:large, max-video-preview:-1\" \/>\n<link rel=\"canonical\" href=\"https:\/\/blog.tmgrupoinmobiliario.com\/fr\/2023\/07\/18\/tm-real-estate-group-a-genere-2625-millions-deuros-de-cash-flow-social-en-2022\/\" \/>\n<meta property=\"og:locale\" content=\"fr_FR\" \/>\n<meta property=\"og:type\" content=\"article\" \/>\n<meta property=\"og:title\" content=\"TM Real Estate Group a g\u00e9n\u00e9r\u00e9 262,5 millions d&#039;euros de cash-flow social en 2022\" \/>\n<meta property=\"og:description\" content=\"&nbsp; TM Real Estate Group, holding bas\u00e9e \u00e0 Alicante leader dans le secteur r\u00e9sidentiel, h\u00f4telier et du tourisme de vacances, sp\u00e9cialis\u00e9e dans la construction et le d\u00e9veloppement de r\u00e9sidences secondaires le long de la c\u00f4te m\u00e9diterran\u00e9enne et carib\u00e9enne, a g\u00e9n\u00e9r\u00e9 262,5 millions d&#8217;euros de flux de tr\u00e9sorerie sociaux r\u00e9partis entre ses diff\u00e9rentes parties prenantes (actionnaires, [&hellip;]\" \/>\n<meta property=\"og:url\" content=\"https:\/\/blog.tmgrupoinmobiliario.com\/fr\/2023\/07\/18\/tm-real-estate-group-a-genere-2625-millions-deuros-de-cash-flow-social-en-2022\/\" \/>\n<meta property=\"og:site_name\" content=\"Francais\" \/>\n<meta property=\"article:published_time\" content=\"2023-07-18T08:27:54+00:00\" \/>\n<meta property=\"og:image\" content=\"https:\/\/blog.tmgrupoinmobiliario.com\/fr\/wp-content\/uploads\/sites\/5\/2023\/07\/07_18-Cash-Flow-20221.png\" \/>\n\t<meta property=\"og:image:width\" content=\"1000\" \/>\n\t<meta property=\"og:image:height\" content=\"666\" \/>\n\t<meta property=\"og:image:type\" content=\"image\/png\" \/>\n<meta name=\"author\" content=\"marina\" \/>\n<meta name=\"twitter:card\" content=\"summary_large_image\" \/>\n<meta name=\"twitter:label1\" content=\"\u00c9crit par\" \/>\n\t<meta name=\"twitter:data1\" content=\"marina\" \/>\n\t<meta name=\"twitter:label2\" content=\"Dur\u00e9e de lecture estim\u00e9e\" \/>\n\t<meta name=\"twitter:data2\" content=\"4 minutes\" \/>\n<script type=\"application\/ld+json\" class=\"yoast-schema-graph\">{\"@context\":\"https:\\\/\\\/schema.org\",\"@graph\":[{\"@type\":\"Article\",\"@id\":\"https:\\\/\\\/blog.tmgrupoinmobiliario.com\\\/fr\\\/2023\\\/07\\\/18\\\/tm-real-estate-group-a-genere-2625-millions-deuros-de-cash-flow-social-en-2022\\\/#article\",\"isPartOf\":{\"@id\":\"https:\\\/\\\/blog.tmgrupoinmobiliario.com\\\/fr\\\/2023\\\/07\\\/18\\\/tm-real-estate-group-a-genere-2625-millions-deuros-de-cash-flow-social-en-2022\\\/\"},\"author\":{\"name\":\"marina\",\"@id\":\"https:\\\/\\\/blog.tmgrupoinmobiliario.com\\\/fr\\\/#\\\/schema\\\/person\\\/788477479d35e623ab75c2fb194e7730\"},\"headline\":\"TM Real Estate Group a g\u00e9n\u00e9r\u00e9 262,5 millions d&#8217;euros de cash-flow social en 2022\",\"datePublished\":\"2023-07-18T08:27:54+00:00\",\"mainEntityOfPage\":{\"@id\":\"https:\\\/\\\/blog.tmgrupoinmobiliario.com\\\/fr\\\/2023\\\/07\\\/18\\\/tm-real-estate-group-a-genere-2625-millions-deuros-de-cash-flow-social-en-2022\\\/\"},\"wordCount\":705,\"commentCount\":0,\"image\":{\"@id\":\"https:\\\/\\\/blog.tmgrupoinmobiliario.com\\\/fr\\\/2023\\\/07\\\/18\\\/tm-real-estate-group-a-genere-2625-millions-deuros-de-cash-flow-social-en-2022\\\/#primaryimage\"},\"thumbnailUrl\":\"https:\\\/\\\/blog.tmgrupoinmobiliario.com\\\/fr\\\/wp-content\\\/uploads\\\/sites\\\/5\\\/2023\\\/07\\\/07_18-Cash-Flow-20221.png\",\"keywords\":[\"tag-all\",\"tag-compromise\"],\"articleSection\":[\"Communiqu\u00e9s de presse\",\"Corporativo\"],\"inLanguage\":\"fr-FR\",\"potentialAction\":[{\"@type\":\"CommentAction\",\"name\":\"Comment\",\"target\":[\"https:\\\/\\\/blog.tmgrupoinmobiliario.com\\\/fr\\\/2023\\\/07\\\/18\\\/tm-real-estate-group-a-genere-2625-millions-deuros-de-cash-flow-social-en-2022\\\/#respond\"]}]},{\"@type\":\"WebPage\",\"@id\":\"https:\\\/\\\/blog.tmgrupoinmobiliario.com\\\/fr\\\/2023\\\/07\\\/18\\\/tm-real-estate-group-a-genere-2625-millions-deuros-de-cash-flow-social-en-2022\\\/\",\"url\":\"https:\\\/\\\/blog.tmgrupoinmobiliario.com\\\/fr\\\/2023\\\/07\\\/18\\\/tm-real-estate-group-a-genere-2625-millions-deuros-de-cash-flow-social-en-2022\\\/\",\"name\":\"TM Real Estate Group a g\u00e9n\u00e9r\u00e9 262,5 millions d'euros de cash-flow social en 2022 - Francais\",\"isPartOf\":{\"@id\":\"https:\\\/\\\/blog.tmgrupoinmobiliario.com\\\/fr\\\/#website\"},\"primaryImageOfPage\":{\"@id\":\"https:\\\/\\\/blog.tmgrupoinmobiliario.com\\\/fr\\\/2023\\\/07\\\/18\\\/tm-real-estate-group-a-genere-2625-millions-deuros-de-cash-flow-social-en-2022\\\/#primaryimage\"},\"image\":{\"@id\":\"https:\\\/\\\/blog.tmgrupoinmobiliario.com\\\/fr\\\/2023\\\/07\\\/18\\\/tm-real-estate-group-a-genere-2625-millions-deuros-de-cash-flow-social-en-2022\\\/#primaryimage\"},\"thumbnailUrl\":\"https:\\\/\\\/blog.tmgrupoinmobiliario.com\\\/fr\\\/wp-content\\\/uploads\\\/sites\\\/5\\\/2023\\\/07\\\/07_18-Cash-Flow-20221.png\",\"datePublished\":\"2023-07-18T08:27:54+00:00\",\"author\":{\"@id\":\"https:\\\/\\\/blog.tmgrupoinmobiliario.com\\\/fr\\\/#\\\/schema\\\/person\\\/788477479d35e623ab75c2fb194e7730\"},\"breadcrumb\":{\"@id\":\"https:\\\/\\\/blog.tmgrupoinmobiliario.com\\\/fr\\\/2023\\\/07\\\/18\\\/tm-real-estate-group-a-genere-2625-millions-deuros-de-cash-flow-social-en-2022\\\/#breadcrumb\"},\"inLanguage\":\"fr-FR\",\"potentialAction\":[{\"@type\":\"ReadAction\",\"target\":[\"https:\\\/\\\/blog.tmgrupoinmobiliario.com\\\/fr\\\/2023\\\/07\\\/18\\\/tm-real-estate-group-a-genere-2625-millions-deuros-de-cash-flow-social-en-2022\\\/\"]}]},{\"@type\":\"ImageObject\",\"inLanguage\":\"fr-FR\",\"@id\":\"https:\\\/\\\/blog.tmgrupoinmobiliario.com\\\/fr\\\/2023\\\/07\\\/18\\\/tm-real-estate-group-a-genere-2625-millions-deuros-de-cash-flow-social-en-2022\\\/#primaryimage\",\"url\":\"https:\\\/\\\/blog.tmgrupoinmobiliario.com\\\/fr\\\/wp-content\\\/uploads\\\/sites\\\/5\\\/2023\\\/07\\\/07_18-Cash-Flow-20221.png\",\"contentUrl\":\"https:\\\/\\\/blog.tmgrupoinmobiliario.com\\\/fr\\\/wp-content\\\/uploads\\\/sites\\\/5\\\/2023\\\/07\\\/07_18-Cash-Flow-20221.png\",\"width\":1000,\"height\":666},{\"@type\":\"BreadcrumbList\",\"@id\":\"https:\\\/\\\/blog.tmgrupoinmobiliario.com\\\/fr\\\/2023\\\/07\\\/18\\\/tm-real-estate-group-a-genere-2625-millions-deuros-de-cash-flow-social-en-2022\\\/#breadcrumb\",\"itemListElement\":[{\"@type\":\"ListItem\",\"position\":1,\"name\":\"Portada\",\"item\":\"https:\\\/\\\/blog.tmgrupoinmobiliario.com\\\/fr\\\/\"},{\"@type\":\"ListItem\",\"position\":2,\"name\":\"TM Real Estate Group a g\u00e9n\u00e9r\u00e9 262,5 millions d&#8217;euros de cash-flow social en 2022\"}]},{\"@type\":\"WebSite\",\"@id\":\"https:\\\/\\\/blog.tmgrupoinmobiliario.com\\\/fr\\\/#website\",\"url\":\"https:\\\/\\\/blog.tmgrupoinmobiliario.com\\\/fr\\\/\",\"name\":\"Francais\",\"description\":\"Otro sitio m\u00e1s de Blog Desarrollo TM sitios\",\"potentialAction\":[{\"@type\":\"SearchAction\",\"target\":{\"@type\":\"EntryPoint\",\"urlTemplate\":\"https:\\\/\\\/blog.tmgrupoinmobiliario.com\\\/fr\\\/?s={search_term_string}\"},\"query-input\":{\"@type\":\"PropertyValueSpecification\",\"valueRequired\":true,\"valueName\":\"search_term_string\"}}],\"inLanguage\":\"fr-FR\"},{\"@type\":\"Person\",\"@id\":\"https:\\\/\\\/blog.tmgrupoinmobiliario.com\\\/fr\\\/#\\\/schema\\\/person\\\/788477479d35e623ab75c2fb194e7730\",\"name\":\"marina\",\"image\":{\"@type\":\"ImageObject\",\"inLanguage\":\"fr-FR\",\"@id\":\"https:\\\/\\\/secure.gravatar.com\\\/avatar\\\/34480839eb5b1bb235efe5be1b7e49218e07e314c17d1fb9ba5183ac5c2c64f3?s=96&d=mm&r=g\",\"url\":\"https:\\\/\\\/secure.gravatar.com\\\/avatar\\\/34480839eb5b1bb235efe5be1b7e49218e07e314c17d1fb9ba5183ac5c2c64f3?s=96&d=mm&r=g\",\"contentUrl\":\"https:\\\/\\\/secure.gravatar.com\\\/avatar\\\/34480839eb5b1bb235efe5be1b7e49218e07e314c17d1fb9ba5183ac5c2c64f3?s=96&d=mm&r=g\",\"caption\":\"marina\"},\"url\":\"https:\\\/\\\/blog.tmgrupoinmobiliario.com\\\/fr\\\/author\\\/marina\\\/\"}]}<\/script>\n<!-- \/ Yoast SEO Premium plugin. -->","yoast_head_json":{"title":"TM Real Estate Group a g\u00e9n\u00e9r\u00e9 262,5 millions d'euros de cash-flow social en 2022 - Francais","robots":{"index":"index","follow":"follow","max-snippet":"max-snippet:-1","max-image-preview":"max-image-preview:large","max-video-preview":"max-video-preview:-1"},"canonical":"https:\/\/blog.tmgrupoinmobiliario.com\/fr\/2023\/07\/18\/tm-real-estate-group-a-genere-2625-millions-deuros-de-cash-flow-social-en-2022\/","og_locale":"fr_FR","og_type":"article","og_title":"TM Real Estate Group a g\u00e9n\u00e9r\u00e9 262,5 millions d'euros de cash-flow social en 2022","og_description":"&nbsp; TM Real Estate Group, holding bas\u00e9e \u00e0 Alicante leader dans le secteur r\u00e9sidentiel, h\u00f4telier et du tourisme de vacances, sp\u00e9cialis\u00e9e dans la construction et le d\u00e9veloppement de r\u00e9sidences secondaires le long de la c\u00f4te m\u00e9diterran\u00e9enne et carib\u00e9enne, a g\u00e9n\u00e9r\u00e9 262,5 millions d&#8217;euros de flux de tr\u00e9sorerie sociaux r\u00e9partis entre ses diff\u00e9rentes parties prenantes (actionnaires, [&hellip;]","og_url":"https:\/\/blog.tmgrupoinmobiliario.com\/fr\/2023\/07\/18\/tm-real-estate-group-a-genere-2625-millions-deuros-de-cash-flow-social-en-2022\/","og_site_name":"Francais","article_published_time":"2023-07-18T08:27:54+00:00","og_image":[{"width":1000,"height":666,"url":"https:\/\/blog.tmgrupoinmobiliario.com\/fr\/wp-content\/uploads\/sites\/5\/2023\/07\/07_18-Cash-Flow-20221.png","type":"image\/png"}],"author":"marina","twitter_card":"summary_large_image","twitter_misc":{"\u00c9crit par":"marina","Dur\u00e9e de lecture estim\u00e9e":"4 minutes"},"schema":{"@context":"https:\/\/schema.org","@graph":[{"@type":"Article","@id":"https:\/\/blog.tmgrupoinmobiliario.com\/fr\/2023\/07\/18\/tm-real-estate-group-a-genere-2625-millions-deuros-de-cash-flow-social-en-2022\/#article","isPartOf":{"@id":"https:\/\/blog.tmgrupoinmobiliario.com\/fr\/2023\/07\/18\/tm-real-estate-group-a-genere-2625-millions-deuros-de-cash-flow-social-en-2022\/"},"author":{"name":"marina","@id":"https:\/\/blog.tmgrupoinmobiliario.com\/fr\/#\/schema\/person\/788477479d35e623ab75c2fb194e7730"},"headline":"TM Real Estate Group a g\u00e9n\u00e9r\u00e9 262,5 millions d&#8217;euros de cash-flow social en 2022","datePublished":"2023-07-18T08:27:54+00:00","mainEntityOfPage":{"@id":"https:\/\/blog.tmgrupoinmobiliario.com\/fr\/2023\/07\/18\/tm-real-estate-group-a-genere-2625-millions-deuros-de-cash-flow-social-en-2022\/"},"wordCount":705,"commentCount":0,"image":{"@id":"https:\/\/blog.tmgrupoinmobiliario.com\/fr\/2023\/07\/18\/tm-real-estate-group-a-genere-2625-millions-deuros-de-cash-flow-social-en-2022\/#primaryimage"},"thumbnailUrl":"https:\/\/blog.tmgrupoinmobiliario.com\/fr\/wp-content\/uploads\/sites\/5\/2023\/07\/07_18-Cash-Flow-20221.png","keywords":["tag-all","tag-compromise"],"articleSection":["Communiqu\u00e9s de presse","Corporativo"],"inLanguage":"fr-FR","potentialAction":[{"@type":"CommentAction","name":"Comment","target":["https:\/\/blog.tmgrupoinmobiliario.com\/fr\/2023\/07\/18\/tm-real-estate-group-a-genere-2625-millions-deuros-de-cash-flow-social-en-2022\/#respond"]}]},{"@type":"WebPage","@id":"https:\/\/blog.tmgrupoinmobiliario.com\/fr\/2023\/07\/18\/tm-real-estate-group-a-genere-2625-millions-deuros-de-cash-flow-social-en-2022\/","url":"https:\/\/blog.tmgrupoinmobiliario.com\/fr\/2023\/07\/18\/tm-real-estate-group-a-genere-2625-millions-deuros-de-cash-flow-social-en-2022\/","name":"TM Real Estate Group a g\u00e9n\u00e9r\u00e9 262,5 millions d'euros de cash-flow social en 2022 - Francais","isPartOf":{"@id":"https:\/\/blog.tmgrupoinmobiliario.com\/fr\/#website"},"primaryImageOfPage":{"@id":"https:\/\/blog.tmgrupoinmobiliario.com\/fr\/2023\/07\/18\/tm-real-estate-group-a-genere-2625-millions-deuros-de-cash-flow-social-en-2022\/#primaryimage"},"image":{"@id":"https:\/\/blog.tmgrupoinmobiliario.com\/fr\/2023\/07\/18\/tm-real-estate-group-a-genere-2625-millions-deuros-de-cash-flow-social-en-2022\/#primaryimage"},"thumbnailUrl":"https:\/\/blog.tmgrupoinmobiliario.com\/fr\/wp-content\/uploads\/sites\/5\/2023\/07\/07_18-Cash-Flow-20221.png","datePublished":"2023-07-18T08:27:54+00:00","author":{"@id":"https:\/\/blog.tmgrupoinmobiliario.com\/fr\/#\/schema\/person\/788477479d35e623ab75c2fb194e7730"},"breadcrumb":{"@id":"https:\/\/blog.tmgrupoinmobiliario.com\/fr\/2023\/07\/18\/tm-real-estate-group-a-genere-2625-millions-deuros-de-cash-flow-social-en-2022\/#breadcrumb"},"inLanguage":"fr-FR","potentialAction":[{"@type":"ReadAction","target":["https:\/\/blog.tmgrupoinmobiliario.com\/fr\/2023\/07\/18\/tm-real-estate-group-a-genere-2625-millions-deuros-de-cash-flow-social-en-2022\/"]}]},{"@type":"ImageObject","inLanguage":"fr-FR","@id":"https:\/\/blog.tmgrupoinmobiliario.com\/fr\/2023\/07\/18\/tm-real-estate-group-a-genere-2625-millions-deuros-de-cash-flow-social-en-2022\/#primaryimage","url":"https:\/\/blog.tmgrupoinmobiliario.com\/fr\/wp-content\/uploads\/sites\/5\/2023\/07\/07_18-Cash-Flow-20221.png","contentUrl":"https:\/\/blog.tmgrupoinmobiliario.com\/fr\/wp-content\/uploads\/sites\/5\/2023\/07\/07_18-Cash-Flow-20221.png","width":1000,"height":666},{"@type":"BreadcrumbList","@id":"https:\/\/blog.tmgrupoinmobiliario.com\/fr\/2023\/07\/18\/tm-real-estate-group-a-genere-2625-millions-deuros-de-cash-flow-social-en-2022\/#breadcrumb","itemListElement":[{"@type":"ListItem","position":1,"name":"Portada","item":"https:\/\/blog.tmgrupoinmobiliario.com\/fr\/"},{"@type":"ListItem","position":2,"name":"TM Real Estate Group a g\u00e9n\u00e9r\u00e9 262,5 millions d&#8217;euros de cash-flow social en 2022"}]},{"@type":"WebSite","@id":"https:\/\/blog.tmgrupoinmobiliario.com\/fr\/#website","url":"https:\/\/blog.tmgrupoinmobiliario.com\/fr\/","name":"Francais","description":"Otro sitio m\u00e1s de Blog Desarrollo TM sitios","potentialAction":[{"@type":"SearchAction","target":{"@type":"EntryPoint","urlTemplate":"https:\/\/blog.tmgrupoinmobiliario.com\/fr\/?s={search_term_string}"},"query-input":{"@type":"PropertyValueSpecification","valueRequired":true,"valueName":"search_term_string"}}],"inLanguage":"fr-FR"},{"@type":"Person","@id":"https:\/\/blog.tmgrupoinmobiliario.com\/fr\/#\/schema\/person\/788477479d35e623ab75c2fb194e7730","name":"marina","image":{"@type":"ImageObject","inLanguage":"fr-FR","@id":"https:\/\/secure.gravatar.com\/avatar\/34480839eb5b1bb235efe5be1b7e49218e07e314c17d1fb9ba5183ac5c2c64f3?s=96&d=mm&r=g","url":"https:\/\/secure.gravatar.com\/avatar\/34480839eb5b1bb235efe5be1b7e49218e07e314c17d1fb9ba5183ac5c2c64f3?s=96&d=mm&r=g","contentUrl":"https:\/\/secure.gravatar.com\/avatar\/34480839eb5b1bb235efe5be1b7e49218e07e314c17d1fb9ba5183ac5c2c64f3?s=96&d=mm&r=g","caption":"marina"},"url":"https:\/\/blog.tmgrupoinmobiliario.com\/fr\/author\/marina\/"}]}},"jetpack_featured_media_url":"https:\/\/blog.tmgrupoinmobiliario.com\/fr\/wp-content\/uploads\/sites\/5\/2023\/07\/07_18-Cash-Flow-20221.png","jetpack_sharing_enabled":true,"_links":{"self":[{"href":"https:\/\/blog.tmgrupoinmobiliario.com\/fr\/wp-json\/wp\/v2\/posts\/19519","targetHints":{"allow":["GET"]}}],"collection":[{"href":"https:\/\/blog.tmgrupoinmobiliario.com\/fr\/wp-json\/wp\/v2\/posts"}],"about":[{"href":"https:\/\/blog.tmgrupoinmobiliario.com\/fr\/wp-json\/wp\/v2\/types\/post"}],"author":[{"embeddable":true,"href":"https:\/\/blog.tmgrupoinmobiliario.com\/fr\/wp-json\/wp\/v2\/users\/11716"}],"replies":[{"embeddable":true,"href":"https:\/\/blog.tmgrupoinmobiliario.com\/fr\/wp-json\/wp\/v2\/comments?post=19519"}],"version-history":[{"count":4,"href":"https:\/\/blog.tmgrupoinmobiliario.com\/fr\/wp-json\/wp\/v2\/posts\/19519\/revisions"}],"predecessor-version":[{"id":19536,"href":"https:\/\/blog.tmgrupoinmobiliario.com\/fr\/wp-json\/wp\/v2\/posts\/19519\/revisions\/19536"}],"wp:featuredmedia":[{"embeddable":true,"href":"https:\/\/blog.tmgrupoinmobiliario.com\/fr\/wp-json\/wp\/v2\/media\/19527"}],"wp:attachment":[{"href":"https:\/\/blog.tmgrupoinmobiliario.com\/fr\/wp-json\/wp\/v2\/media?parent=19519"}],"wp:term":[{"taxonomy":"category","embeddable":true,"href":"https:\/\/blog.tmgrupoinmobiliario.com\/fr\/wp-json\/wp\/v2\/categories?post=19519"},{"taxonomy":"post_tag","embeddable":true,"href":"https:\/\/blog.tmgrupoinmobiliario.com\/fr\/wp-json\/wp\/v2\/tags?post=19519"}],"curies":[{"name":"wp","href":"https:\/\/api.w.org\/{rel}","templated":true}]}}