{"id":19247,"date":"2022-11-02T12:58:04","date_gmt":"2022-11-02T11:58:04","guid":{"rendered":"https:\/\/blog.tmgrupoinmobiliario.com\/fr\/?p=19247"},"modified":"2022-11-02T12:58:04","modified_gmt":"2022-11-02T11:58:04","slug":"tm-et-long-rafiki-consolident-leurs-projets-axes-sur-la-lutte-contre-la-pauvrete-en-ouganda","status":"publish","type":"post","link":"https:\/\/blog.tmgrupoinmobiliario.com\/fr\/2022\/11\/02\/tm-et-long-rafiki-consolident-leurs-projets-axes-sur-la-lutte-contre-la-pauvrete-en-ouganda\/","title":{"rendered":"TM et l&#8217;ONG Rafiki consolident leurs projets ax\u00e9s sur la lutte contre la pauvret\u00e9 en Ouganda"},"content":{"rendered":"<p>&nbsp;<\/p>\n<p>L\u2019entreprise d\u2019Alicante <a href=\"https:\/\/www.tmgrupoinmobiliario.com\/fr\"><strong>TM <\/strong><b>Real Estate Group<\/b><\/a>\u00a0\u00e0 la pointe du tourisme r\u00e9sidentiel et sp\u00e9cialis\u00e9e dans la construction et le d\u00e9veloppement de r\u00e9sidences secondaires le long des c\u00f4tes de la M\u00e9diterran\u00e9e et des Cara\u00efbes, r\u00e9it\u00e8re <strong>son engagement en faveur du d\u00e9veloppement durable, de la lutte contre la pauvret\u00e9 et l&#8217;exclusion sociale. Elle a d\u00e9j\u00e0 mis en place plusieurs projets en collaboration avec <\/strong><a href=\"https:\/\/rafiki-africa.org\/\"><strong>l&#8217;ONG Rafiki Afrique<\/strong><\/a>, une association \u00e0 but non lucratif aussi bas\u00e9e \u00e0 Alicante et op\u00e9rant en Ouganda, <strong>ax\u00e9e sur la lutte contre l&#8217;\u00e9radication de la pauvret\u00e9.<\/strong><\/p>\n<p>&nbsp;<\/p>\n<p>Elles ont agi en collaboration dans la zone rurale de Kenziga (district de Sembabule en Ouganda), o\u00f9<strong> 90 % de la population se consacre \u00e0 l&#8217;agriculture et \u00e0 l&#8217;\u00e9levage<\/strong>. Le niveau de vie y est tr\u00e8s bas, l\u2019un des plus bas des 196 pays composant le classement du PIB par habitant (855 \u20ac en 2021). TM et l\u2019ONG Rafiki ont ainsi<strong> construit et mis en service une usine de potabilisation de l\u2019eau et une \u00e9cole de formation agricole, mais elles ont aussi con\u00e7u un programme de microcr\u00e9dit pour les femmes. <\/strong>Chacun de ces projets a contribu\u00e9 \u00e0 am\u00e9liorer les conditions de vie des habitants de cette r\u00e9gion.<\/p>\n<p>&nbsp;<\/p>\n<p>La zone d&#8217;action souffrant d&#8217;un grave manque d&#8217;assainissement de l&#8217;eau, <strong>la cr\u00e9ation de l\u2019usine de traitement des eaux a permis de donner acc\u00e8s \u00e0 l&#8217;eau potable aux plus de 600 \u00e9l\u00e8ves de l&#8217;\u00e9cole locale, \u00e0 leurs familles et aux personnes qui vivent \u00e0 proximit\u00e9.<\/strong><\/p>\n<p>&nbsp;<\/p>\n<p><span style=\"color: #ff0000\"><img loading=\"lazy\" decoding=\"async\" class=\"aligncenter wp-image-21792 \" src=\"https:\/\/www.tmgrupoinmobiliario.com\/blog\/wp-content\/uploads\/2022\/10\/Planta-1.jpg\" alt=\"\" width=\"450\" height=\"600\" \/><\/span><\/p>\n<p>&nbsp;<\/p>\n<p>D&#8217;autre part, <strong>l&#8217;\u00e9cole de formation agricole construite est d\u2019ors et d\u00e9j\u00e0 op\u00e9rationnelle<\/strong>. Elle est fr\u00e9quent\u00e9e par des gar\u00e7ons et des filles en \u00e2ge de suivre une formation professionnelle aussi bien que par des adultes cherchant \u00e0 se former aux techniques agricoles. Le but\u00a0? Les aider \u00e0 mieux tirer profit de la terre, \u00e0 acqu\u00e9rir une profession et cr\u00e9er une source d&#8217;emploi.<\/p>\n<p>&nbsp;<\/p>\n<p><span style=\"color: #ff0000\"><img loading=\"lazy\" decoding=\"async\" class=\"aligncenter wp-image-21791 \" src=\"https:\/\/www.tmgrupoinmobiliario.com\/blog\/wp-content\/uploads\/2022\/10\/WhatsApp-Image-2022-08-04-at-09.32.19-2-editado.jpeg\" alt=\"\" width=\"457\" height=\"349\" \/><\/span><\/p>\n<p>&nbsp;<\/p>\n<p>Pour compl\u00e9ter ce projet, dont l&#8217;objectif principal est la lutte contre la pauvret\u00e9 en Ouganda, un programme a \u00e9t\u00e9 con\u00e7u afin de<strong> fournir des micro-cr\u00e9dits destin\u00e9s \u00e0 l&#8217;autonomisation des femmes.<\/strong> <strong>La premi\u00e8re phase, qui sera bient\u00f4t close, consiste \u00e0 former les femmes aux savoir-faire et aux techniques de l&#8217;\u00e9levage. Les microcr\u00e9dits leur seront remis l\u2019ann\u00e9e prochaine.\u00a0 <\/strong>Les b\u00e9n\u00e9ficiaires pourront ainsi lancer une activit\u00e9 g\u00e9n\u00e9ratrice de revenus et gagner en qualit\u00e9 de vie, tout en am\u00e9liorant celle de leur famille.\u00a0<strong>L&#8217;objectif est de toucher plus de 140 femmes dans un d\u00e9lai estim\u00e9 \u00e0 3 ans.<\/strong><\/p>\n<p>&nbsp;<\/p>\n<p><span style=\"color: #ff0000\"><img loading=\"lazy\" decoding=\"async\" class=\"aligncenter wp-image-21790 \" src=\"https:\/\/www.tmgrupoinmobiliario.com\/blog\/wp-content\/uploads\/2022\/10\/microcreditos-1-e1666361138459.jpg\" alt=\"\" width=\"454\" height=\"335\" \/><\/span><\/p>\n<p>&nbsp;<\/p>\n<p><strong><em>Selon \u00c1ngeles Serna, pr\u00e9sidente de TM Real Estate Group: <\/em><\/strong><em>\u00a0\u00ab Pour TM, il est important de soutenir ces projets sociaux afin qu\u2019ils se concr\u00e9tisent et apportent un d\u00e9veloppement et des opportunit\u00e9s \u00e9conomiques et sociaux aux habitants de la zone rurale de Kenziga.\u00a0 Le merveilleux travail de Rafiki Afrique lutte contre la pauvret\u00e9 de diff\u00e9rentes mani\u00e8res : acc\u00e8s \u00e0 l&#8217;eau potable, \u00e9ducation de qualit\u00e9 et pr\u00eats favorisant la cr\u00e9ation de petites entreprises. \u00bb<\/em><\/p>\n<p>&nbsp;<\/p>\n<p>Gr\u00e2ce \u00e0 ces actions, <strong>des progr\u00e8s significatifs sont r\u00e9alis\u00e9s dans l&#8217;\u00e9radication de la pauvret\u00e9 dans ce groupe de population. Les conditions de vie s\u2019am\u00e9liorent et les familles atteignent un revenu minimum vital satisfaisant qui leur \u00e9vite d\u2019\u00e9migrer.\u00a0 Ces projets contribuent aux Objectifs de D\u00e9veloppement Durable :\u00a0 ODD 6 <\/strong>(eau et assainissement), <strong>ODD 10<\/strong> (r\u00e9duction des in\u00e9galit\u00e9s),<strong> ODD 8 <\/strong>(travail d\u00e9cent et d\u00e9veloppement \u00e9conomique) <strong>et ODD 4<\/strong> (\u00e9ducation de qualit\u00e9).<\/p>\n<p>&nbsp;<\/p>\n<p><strong>Juan Amirola, pr\u00e9sident de l&#8217;ONG Rafiki Afrique<\/strong>, d\u00e9clare quant \u00e0 lui :<em> \u00ab Gr\u00e2ce \u00e0 l&#8217;engagement et \u00e0 la collaboration de TM, des projets tels que le module de formation agricole sont d\u00e9j\u00e0 op\u00e9rationnels et nous dispensons actuellement des cours \u00e0 des agriculteurs adultes ; en f\u00e9vrier, les programmes annuels pour les jeunes \u00e9tudiants commenceront. En outre, nous avons pu progresser dans la premi\u00e8re phase du programme de microcr\u00e9dit, gr\u00e2ce auquel de petites exploitations d&#8217;\u00e9levage seront cr\u00e9\u00e9es avant la fin de l&#8217;ann\u00e9e. \u00bb<\/em><\/p>\n","protected":false},"excerpt":{"rendered":"<p>&nbsp; L\u2019entreprise d\u2019Alicante TM Real Estate Group\u00a0\u00e0 la pointe du tourisme r\u00e9sidentiel et sp\u00e9cialis\u00e9e dans la construction et le d\u00e9veloppement de r\u00e9sidences secondaires le long des c\u00f4tes de la M\u00e9diterran\u00e9e et des Cara\u00efbes, r\u00e9it\u00e8re son engagement en faveur du d\u00e9veloppement durable, de la lutte contre la pauvret\u00e9 et l&#8217;exclusion sociale. Elle a d\u00e9j\u00e0 mis en [&hellip;]<\/p>\n","protected":false},"author":11716,"featured_media":19248,"comment_status":"open","ping_status":"open","sticky":false,"template":"","format":"standard","meta":{"_jetpack_memberships_contains_paid_content":false,"footnotes":""},"categories":[36],"tags":[25,31],"class_list":["post-19247","post","type-post","status-publish","format-standard","has-post-thumbnail","hentry","category-notas-prensa","tag-tag-all","tag-tag-compromise","formato-comunicacion"],"better_featured_image":{"id":19248,"alt_text":"","caption":"","description":"","media_type":"image","media_details":{"width":1000,"height":666,"file":"2022\/11\/1000x666-r1.png","filesize":918018,"sizes":{"medium":{"file":"1000x666-r1-300x200.png","width":300,"height":200,"mime-type":"image\/png","filesize":116966,"source_url":"https:\/\/blog.tmgrupoinmobiliario.com\/fr\/wp-content\/uploads\/sites\/5\/2022\/11\/1000x666-r1-300x200.png"},"thumbnail":{"file":"1000x666-r1-150x150.png","width":150,"height":150,"mime-type":"image\/png","filesize":46603,"source_url":"https:\/\/blog.tmgrupoinmobiliario.com\/fr\/wp-content\/uploads\/sites\/5\/2022\/11\/1000x666-r1-150x150.png"},"medium_large":{"file":"1000x666-r1-768x511.png","width":768,"height":511,"mime-type":"image\/png","filesize":600823,"source_url":"https:\/\/blog.tmgrupoinmobiliario.com\/fr\/wp-content\/uploads\/sites\/5\/2022\/11\/1000x666-r1-768x511.png"}},"image_meta":{"aperture":"0","credit":"","camera":"","caption":"","created_timestamp":"0","copyright":"","focal_length":"0","iso":"0","shutter_speed":"0","title":"","orientation":"0","keywords":[]}},"post":19247,"source_url":"https:\/\/blog.tmgrupoinmobiliario.com\/fr\/wp-content\/uploads\/sites\/5\/2022\/11\/1000x666-r1.png"},"acf":{"imagen_destacada_desktop":false,"imagen_destacada_mobile":false,"formato":{"term_id":24,"name":"Comunicaci\u00f3n","slug":"comunicacion","term_group":0,"term_taxonomy_id":24,"taxonomy":"formato","description":"","parent":0,"count":89,"filter":"raw"},"entradilla":"La mise en service d'une usine de potabilisation de l\u2019eau et d'une \u00e9cole d'agriculture, ainsi que l'octroi prochain de microcr\u00e9dits aux femmes, am\u00e9lioreront sensiblement les conditions de vie des habitants de la r\u00e9gion. Ces projets permettront aux familles de gagner un revenu minimum vital sans avoir \u00e0 \u00e9migrer. Les projets mis en \u0153uvre contribuent aux ODD 4, 6, 8 et 10.\r\n","etiquetas":"","cabecera_escritorio":"https:\/\/blog.tmgrupoinmobiliario.com\/fr\/wp-content\/uploads\/sites\/5\/2022\/11\/1200x300-r1.png","cabecera_mobile":"https:\/\/blog.tmgrupoinmobiliario.com\/fr\/wp-content\/uploads\/sites\/5\/2022\/11\/768x768-r1.png","galeria":false},"yoast_head":"<!-- This site is optimized with the Yoast SEO Premium plugin v23.6 (Yoast SEO v27.5) - https:\/\/yoast.com\/product\/yoast-seo-premium-wordpress\/ -->\n<title>TM et l&#039;ONG Rafiki consolident leurs projets ax\u00e9s sur la lutte contre la pauvret\u00e9 en Ouganda - Francais<\/title>\n<meta name=\"robots\" content=\"index, follow, max-snippet:-1, max-image-preview:large, max-video-preview:-1\" \/>\n<link rel=\"canonical\" href=\"https:\/\/blog.tmgrupoinmobiliario.com\/fr\/2022\/11\/02\/tm-et-long-rafiki-consolident-leurs-projets-axes-sur-la-lutte-contre-la-pauvrete-en-ouganda\/\" \/>\n<meta property=\"og:locale\" content=\"fr_FR\" \/>\n<meta property=\"og:type\" content=\"article\" \/>\n<meta property=\"og:title\" content=\"TM et l&#039;ONG Rafiki consolident leurs projets ax\u00e9s sur la lutte contre la pauvret\u00e9 en Ouganda\" \/>\n<meta property=\"og:description\" content=\"&nbsp; L\u2019entreprise d\u2019Alicante TM Real Estate Group\u00a0\u00e0 la pointe du tourisme r\u00e9sidentiel et sp\u00e9cialis\u00e9e dans la construction et le d\u00e9veloppement de r\u00e9sidences secondaires le long des c\u00f4tes de la M\u00e9diterran\u00e9e et des Cara\u00efbes, r\u00e9it\u00e8re son engagement en faveur du d\u00e9veloppement durable, de la lutte contre la pauvret\u00e9 et l&#8217;exclusion sociale. Elle a d\u00e9j\u00e0 mis en [&hellip;]\" \/>\n<meta property=\"og:url\" content=\"https:\/\/blog.tmgrupoinmobiliario.com\/fr\/2022\/11\/02\/tm-et-long-rafiki-consolident-leurs-projets-axes-sur-la-lutte-contre-la-pauvrete-en-ouganda\/\" \/>\n<meta property=\"og:site_name\" content=\"Francais\" \/>\n<meta property=\"article:published_time\" content=\"2022-11-02T11:58:04+00:00\" \/>\n<meta property=\"og:image\" content=\"https:\/\/blog.tmgrupoinmobiliario.com\/fr\/wp-content\/uploads\/sites\/5\/2022\/11\/1000x666-r1.png\" \/>\n\t<meta property=\"og:image:width\" content=\"1000\" \/>\n\t<meta property=\"og:image:height\" content=\"666\" \/>\n\t<meta property=\"og:image:type\" content=\"image\/png\" \/>\n<meta name=\"author\" content=\"marina\" \/>\n<meta name=\"twitter:card\" content=\"summary_large_image\" \/>\n<meta name=\"twitter:label1\" content=\"\u00c9crit par\" \/>\n\t<meta name=\"twitter:data1\" content=\"marina\" \/>\n\t<meta name=\"twitter:label2\" content=\"Dur\u00e9e de lecture estim\u00e9e\" \/>\n\t<meta name=\"twitter:data2\" content=\"4 minutes\" \/>\n<script type=\"application\/ld+json\" class=\"yoast-schema-graph\">{\"@context\":\"https:\\\/\\\/schema.org\",\"@graph\":[{\"@type\":\"Article\",\"@id\":\"https:\\\/\\\/blog.tmgrupoinmobiliario.com\\\/fr\\\/2022\\\/11\\\/02\\\/tm-et-long-rafiki-consolident-leurs-projets-axes-sur-la-lutte-contre-la-pauvrete-en-ouganda\\\/#article\",\"isPartOf\":{\"@id\":\"https:\\\/\\\/blog.tmgrupoinmobiliario.com\\\/fr\\\/2022\\\/11\\\/02\\\/tm-et-long-rafiki-consolident-leurs-projets-axes-sur-la-lutte-contre-la-pauvrete-en-ouganda\\\/\"},\"author\":{\"name\":\"marina\",\"@id\":\"https:\\\/\\\/blog.tmgrupoinmobiliario.com\\\/fr\\\/#\\\/schema\\\/person\\\/788477479d35e623ab75c2fb194e7730\"},\"headline\":\"TM et l&#8217;ONG Rafiki consolident leurs projets ax\u00e9s sur la lutte contre la pauvret\u00e9 en Ouganda\",\"datePublished\":\"2022-11-02T11:58:04+00:00\",\"mainEntityOfPage\":{\"@id\":\"https:\\\/\\\/blog.tmgrupoinmobiliario.com\\\/fr\\\/2022\\\/11\\\/02\\\/tm-et-long-rafiki-consolident-leurs-projets-axes-sur-la-lutte-contre-la-pauvrete-en-ouganda\\\/\"},\"wordCount\":715,\"commentCount\":0,\"image\":{\"@id\":\"https:\\\/\\\/blog.tmgrupoinmobiliario.com\\\/fr\\\/2022\\\/11\\\/02\\\/tm-et-long-rafiki-consolident-leurs-projets-axes-sur-la-lutte-contre-la-pauvrete-en-ouganda\\\/#primaryimage\"},\"thumbnailUrl\":\"https:\\\/\\\/blog.tmgrupoinmobiliario.com\\\/fr\\\/wp-content\\\/uploads\\\/sites\\\/5\\\/2022\\\/11\\\/1000x666-r1.png\",\"keywords\":[\"tag-all\",\"tag-compromise\"],\"articleSection\":[\"Communiqu\u00e9s de presse\"],\"inLanguage\":\"fr-FR\",\"potentialAction\":[{\"@type\":\"CommentAction\",\"name\":\"Comment\",\"target\":[\"https:\\\/\\\/blog.tmgrupoinmobiliario.com\\\/fr\\\/2022\\\/11\\\/02\\\/tm-et-long-rafiki-consolident-leurs-projets-axes-sur-la-lutte-contre-la-pauvrete-en-ouganda\\\/#respond\"]}]},{\"@type\":\"WebPage\",\"@id\":\"https:\\\/\\\/blog.tmgrupoinmobiliario.com\\\/fr\\\/2022\\\/11\\\/02\\\/tm-et-long-rafiki-consolident-leurs-projets-axes-sur-la-lutte-contre-la-pauvrete-en-ouganda\\\/\",\"url\":\"https:\\\/\\\/blog.tmgrupoinmobiliario.com\\\/fr\\\/2022\\\/11\\\/02\\\/tm-et-long-rafiki-consolident-leurs-projets-axes-sur-la-lutte-contre-la-pauvrete-en-ouganda\\\/\",\"name\":\"TM et l'ONG Rafiki consolident leurs projets ax\u00e9s sur la lutte contre la pauvret\u00e9 en Ouganda - Francais\",\"isPartOf\":{\"@id\":\"https:\\\/\\\/blog.tmgrupoinmobiliario.com\\\/fr\\\/#website\"},\"primaryImageOfPage\":{\"@id\":\"https:\\\/\\\/blog.tmgrupoinmobiliario.com\\\/fr\\\/2022\\\/11\\\/02\\\/tm-et-long-rafiki-consolident-leurs-projets-axes-sur-la-lutte-contre-la-pauvrete-en-ouganda\\\/#primaryimage\"},\"image\":{\"@id\":\"https:\\\/\\\/blog.tmgrupoinmobiliario.com\\\/fr\\\/2022\\\/11\\\/02\\\/tm-et-long-rafiki-consolident-leurs-projets-axes-sur-la-lutte-contre-la-pauvrete-en-ouganda\\\/#primaryimage\"},\"thumbnailUrl\":\"https:\\\/\\\/blog.tmgrupoinmobiliario.com\\\/fr\\\/wp-content\\\/uploads\\\/sites\\\/5\\\/2022\\\/11\\\/1000x666-r1.png\",\"datePublished\":\"2022-11-02T11:58:04+00:00\",\"author\":{\"@id\":\"https:\\\/\\\/blog.tmgrupoinmobiliario.com\\\/fr\\\/#\\\/schema\\\/person\\\/788477479d35e623ab75c2fb194e7730\"},\"breadcrumb\":{\"@id\":\"https:\\\/\\\/blog.tmgrupoinmobiliario.com\\\/fr\\\/2022\\\/11\\\/02\\\/tm-et-long-rafiki-consolident-leurs-projets-axes-sur-la-lutte-contre-la-pauvrete-en-ouganda\\\/#breadcrumb\"},\"inLanguage\":\"fr-FR\",\"potentialAction\":[{\"@type\":\"ReadAction\",\"target\":[\"https:\\\/\\\/blog.tmgrupoinmobiliario.com\\\/fr\\\/2022\\\/11\\\/02\\\/tm-et-long-rafiki-consolident-leurs-projets-axes-sur-la-lutte-contre-la-pauvrete-en-ouganda\\\/\"]}]},{\"@type\":\"ImageObject\",\"inLanguage\":\"fr-FR\",\"@id\":\"https:\\\/\\\/blog.tmgrupoinmobiliario.com\\\/fr\\\/2022\\\/11\\\/02\\\/tm-et-long-rafiki-consolident-leurs-projets-axes-sur-la-lutte-contre-la-pauvrete-en-ouganda\\\/#primaryimage\",\"url\":\"https:\\\/\\\/blog.tmgrupoinmobiliario.com\\\/fr\\\/wp-content\\\/uploads\\\/sites\\\/5\\\/2022\\\/11\\\/1000x666-r1.png\",\"contentUrl\":\"https:\\\/\\\/blog.tmgrupoinmobiliario.com\\\/fr\\\/wp-content\\\/uploads\\\/sites\\\/5\\\/2022\\\/11\\\/1000x666-r1.png\",\"width\":1000,\"height\":666},{\"@type\":\"BreadcrumbList\",\"@id\":\"https:\\\/\\\/blog.tmgrupoinmobiliario.com\\\/fr\\\/2022\\\/11\\\/02\\\/tm-et-long-rafiki-consolident-leurs-projets-axes-sur-la-lutte-contre-la-pauvrete-en-ouganda\\\/#breadcrumb\",\"itemListElement\":[{\"@type\":\"ListItem\",\"position\":1,\"name\":\"Portada\",\"item\":\"https:\\\/\\\/blog.tmgrupoinmobiliario.com\\\/fr\\\/\"},{\"@type\":\"ListItem\",\"position\":2,\"name\":\"TM et l&#8217;ONG Rafiki consolident leurs projets ax\u00e9s sur la lutte contre la pauvret\u00e9 en Ouganda\"}]},{\"@type\":\"WebSite\",\"@id\":\"https:\\\/\\\/blog.tmgrupoinmobiliario.com\\\/fr\\\/#website\",\"url\":\"https:\\\/\\\/blog.tmgrupoinmobiliario.com\\\/fr\\\/\",\"name\":\"Francais\",\"description\":\"Otro sitio m\u00e1s de Blog Desarrollo TM sitios\",\"potentialAction\":[{\"@type\":\"SearchAction\",\"target\":{\"@type\":\"EntryPoint\",\"urlTemplate\":\"https:\\\/\\\/blog.tmgrupoinmobiliario.com\\\/fr\\\/?s={search_term_string}\"},\"query-input\":{\"@type\":\"PropertyValueSpecification\",\"valueRequired\":true,\"valueName\":\"search_term_string\"}}],\"inLanguage\":\"fr-FR\"},{\"@type\":\"Person\",\"@id\":\"https:\\\/\\\/blog.tmgrupoinmobiliario.com\\\/fr\\\/#\\\/schema\\\/person\\\/788477479d35e623ab75c2fb194e7730\",\"name\":\"marina\",\"image\":{\"@type\":\"ImageObject\",\"inLanguage\":\"fr-FR\",\"@id\":\"https:\\\/\\\/secure.gravatar.com\\\/avatar\\\/34480839eb5b1bb235efe5be1b7e49218e07e314c17d1fb9ba5183ac5c2c64f3?s=96&d=mm&r=g\",\"url\":\"https:\\\/\\\/secure.gravatar.com\\\/avatar\\\/34480839eb5b1bb235efe5be1b7e49218e07e314c17d1fb9ba5183ac5c2c64f3?s=96&d=mm&r=g\",\"contentUrl\":\"https:\\\/\\\/secure.gravatar.com\\\/avatar\\\/34480839eb5b1bb235efe5be1b7e49218e07e314c17d1fb9ba5183ac5c2c64f3?s=96&d=mm&r=g\",\"caption\":\"marina\"},\"url\":\"https:\\\/\\\/blog.tmgrupoinmobiliario.com\\\/fr\\\/author\\\/marina\\\/\"}]}<\/script>\n<!-- \/ Yoast SEO Premium plugin. -->","yoast_head_json":{"title":"TM et l'ONG Rafiki consolident leurs projets ax\u00e9s sur la lutte contre la pauvret\u00e9 en Ouganda - Francais","robots":{"index":"index","follow":"follow","max-snippet":"max-snippet:-1","max-image-preview":"max-image-preview:large","max-video-preview":"max-video-preview:-1"},"canonical":"https:\/\/blog.tmgrupoinmobiliario.com\/fr\/2022\/11\/02\/tm-et-long-rafiki-consolident-leurs-projets-axes-sur-la-lutte-contre-la-pauvrete-en-ouganda\/","og_locale":"fr_FR","og_type":"article","og_title":"TM et l'ONG Rafiki consolident leurs projets ax\u00e9s sur la lutte contre la pauvret\u00e9 en Ouganda","og_description":"&nbsp; L\u2019entreprise d\u2019Alicante TM Real Estate Group\u00a0\u00e0 la pointe du tourisme r\u00e9sidentiel et sp\u00e9cialis\u00e9e dans la construction et le d\u00e9veloppement de r\u00e9sidences secondaires le long des c\u00f4tes de la M\u00e9diterran\u00e9e et des Cara\u00efbes, r\u00e9it\u00e8re son engagement en faveur du d\u00e9veloppement durable, de la lutte contre la pauvret\u00e9 et l&#8217;exclusion sociale. Elle a d\u00e9j\u00e0 mis en [&hellip;]","og_url":"https:\/\/blog.tmgrupoinmobiliario.com\/fr\/2022\/11\/02\/tm-et-long-rafiki-consolident-leurs-projets-axes-sur-la-lutte-contre-la-pauvrete-en-ouganda\/","og_site_name":"Francais","article_published_time":"2022-11-02T11:58:04+00:00","og_image":[{"width":1000,"height":666,"url":"https:\/\/blog.tmgrupoinmobiliario.com\/fr\/wp-content\/uploads\/sites\/5\/2022\/11\/1000x666-r1.png","type":"image\/png"}],"author":"marina","twitter_card":"summary_large_image","twitter_misc":{"\u00c9crit par":"marina","Dur\u00e9e de lecture estim\u00e9e":"4 minutes"},"schema":{"@context":"https:\/\/schema.org","@graph":[{"@type":"Article","@id":"https:\/\/blog.tmgrupoinmobiliario.com\/fr\/2022\/11\/02\/tm-et-long-rafiki-consolident-leurs-projets-axes-sur-la-lutte-contre-la-pauvrete-en-ouganda\/#article","isPartOf":{"@id":"https:\/\/blog.tmgrupoinmobiliario.com\/fr\/2022\/11\/02\/tm-et-long-rafiki-consolident-leurs-projets-axes-sur-la-lutte-contre-la-pauvrete-en-ouganda\/"},"author":{"name":"marina","@id":"https:\/\/blog.tmgrupoinmobiliario.com\/fr\/#\/schema\/person\/788477479d35e623ab75c2fb194e7730"},"headline":"TM et l&#8217;ONG Rafiki consolident leurs projets ax\u00e9s sur la lutte contre la pauvret\u00e9 en Ouganda","datePublished":"2022-11-02T11:58:04+00:00","mainEntityOfPage":{"@id":"https:\/\/blog.tmgrupoinmobiliario.com\/fr\/2022\/11\/02\/tm-et-long-rafiki-consolident-leurs-projets-axes-sur-la-lutte-contre-la-pauvrete-en-ouganda\/"},"wordCount":715,"commentCount":0,"image":{"@id":"https:\/\/blog.tmgrupoinmobiliario.com\/fr\/2022\/11\/02\/tm-et-long-rafiki-consolident-leurs-projets-axes-sur-la-lutte-contre-la-pauvrete-en-ouganda\/#primaryimage"},"thumbnailUrl":"https:\/\/blog.tmgrupoinmobiliario.com\/fr\/wp-content\/uploads\/sites\/5\/2022\/11\/1000x666-r1.png","keywords":["tag-all","tag-compromise"],"articleSection":["Communiqu\u00e9s de presse"],"inLanguage":"fr-FR","potentialAction":[{"@type":"CommentAction","name":"Comment","target":["https:\/\/blog.tmgrupoinmobiliario.com\/fr\/2022\/11\/02\/tm-et-long-rafiki-consolident-leurs-projets-axes-sur-la-lutte-contre-la-pauvrete-en-ouganda\/#respond"]}]},{"@type":"WebPage","@id":"https:\/\/blog.tmgrupoinmobiliario.com\/fr\/2022\/11\/02\/tm-et-long-rafiki-consolident-leurs-projets-axes-sur-la-lutte-contre-la-pauvrete-en-ouganda\/","url":"https:\/\/blog.tmgrupoinmobiliario.com\/fr\/2022\/11\/02\/tm-et-long-rafiki-consolident-leurs-projets-axes-sur-la-lutte-contre-la-pauvrete-en-ouganda\/","name":"TM et l'ONG Rafiki consolident leurs projets ax\u00e9s sur la lutte contre la pauvret\u00e9 en Ouganda - Francais","isPartOf":{"@id":"https:\/\/blog.tmgrupoinmobiliario.com\/fr\/#website"},"primaryImageOfPage":{"@id":"https:\/\/blog.tmgrupoinmobiliario.com\/fr\/2022\/11\/02\/tm-et-long-rafiki-consolident-leurs-projets-axes-sur-la-lutte-contre-la-pauvrete-en-ouganda\/#primaryimage"},"image":{"@id":"https:\/\/blog.tmgrupoinmobiliario.com\/fr\/2022\/11\/02\/tm-et-long-rafiki-consolident-leurs-projets-axes-sur-la-lutte-contre-la-pauvrete-en-ouganda\/#primaryimage"},"thumbnailUrl":"https:\/\/blog.tmgrupoinmobiliario.com\/fr\/wp-content\/uploads\/sites\/5\/2022\/11\/1000x666-r1.png","datePublished":"2022-11-02T11:58:04+00:00","author":{"@id":"https:\/\/blog.tmgrupoinmobiliario.com\/fr\/#\/schema\/person\/788477479d35e623ab75c2fb194e7730"},"breadcrumb":{"@id":"https:\/\/blog.tmgrupoinmobiliario.com\/fr\/2022\/11\/02\/tm-et-long-rafiki-consolident-leurs-projets-axes-sur-la-lutte-contre-la-pauvrete-en-ouganda\/#breadcrumb"},"inLanguage":"fr-FR","potentialAction":[{"@type":"ReadAction","target":["https:\/\/blog.tmgrupoinmobiliario.com\/fr\/2022\/11\/02\/tm-et-long-rafiki-consolident-leurs-projets-axes-sur-la-lutte-contre-la-pauvrete-en-ouganda\/"]}]},{"@type":"ImageObject","inLanguage":"fr-FR","@id":"https:\/\/blog.tmgrupoinmobiliario.com\/fr\/2022\/11\/02\/tm-et-long-rafiki-consolident-leurs-projets-axes-sur-la-lutte-contre-la-pauvrete-en-ouganda\/#primaryimage","url":"https:\/\/blog.tmgrupoinmobiliario.com\/fr\/wp-content\/uploads\/sites\/5\/2022\/11\/1000x666-r1.png","contentUrl":"https:\/\/blog.tmgrupoinmobiliario.com\/fr\/wp-content\/uploads\/sites\/5\/2022\/11\/1000x666-r1.png","width":1000,"height":666},{"@type":"BreadcrumbList","@id":"https:\/\/blog.tmgrupoinmobiliario.com\/fr\/2022\/11\/02\/tm-et-long-rafiki-consolident-leurs-projets-axes-sur-la-lutte-contre-la-pauvrete-en-ouganda\/#breadcrumb","itemListElement":[{"@type":"ListItem","position":1,"name":"Portada","item":"https:\/\/blog.tmgrupoinmobiliario.com\/fr\/"},{"@type":"ListItem","position":2,"name":"TM et l&#8217;ONG Rafiki consolident leurs projets ax\u00e9s sur la lutte contre la pauvret\u00e9 en Ouganda"}]},{"@type":"WebSite","@id":"https:\/\/blog.tmgrupoinmobiliario.com\/fr\/#website","url":"https:\/\/blog.tmgrupoinmobiliario.com\/fr\/","name":"Francais","description":"Otro sitio m\u00e1s de Blog Desarrollo TM sitios","potentialAction":[{"@type":"SearchAction","target":{"@type":"EntryPoint","urlTemplate":"https:\/\/blog.tmgrupoinmobiliario.com\/fr\/?s={search_term_string}"},"query-input":{"@type":"PropertyValueSpecification","valueRequired":true,"valueName":"search_term_string"}}],"inLanguage":"fr-FR"},{"@type":"Person","@id":"https:\/\/blog.tmgrupoinmobiliario.com\/fr\/#\/schema\/person\/788477479d35e623ab75c2fb194e7730","name":"marina","image":{"@type":"ImageObject","inLanguage":"fr-FR","@id":"https:\/\/secure.gravatar.com\/avatar\/34480839eb5b1bb235efe5be1b7e49218e07e314c17d1fb9ba5183ac5c2c64f3?s=96&d=mm&r=g","url":"https:\/\/secure.gravatar.com\/avatar\/34480839eb5b1bb235efe5be1b7e49218e07e314c17d1fb9ba5183ac5c2c64f3?s=96&d=mm&r=g","contentUrl":"https:\/\/secure.gravatar.com\/avatar\/34480839eb5b1bb235efe5be1b7e49218e07e314c17d1fb9ba5183ac5c2c64f3?s=96&d=mm&r=g","caption":"marina"},"url":"https:\/\/blog.tmgrupoinmobiliario.com\/fr\/author\/marina\/"}]}},"jetpack_featured_media_url":"https:\/\/blog.tmgrupoinmobiliario.com\/fr\/wp-content\/uploads\/sites\/5\/2022\/11\/1000x666-r1.png","jetpack_sharing_enabled":true,"_links":{"self":[{"href":"https:\/\/blog.tmgrupoinmobiliario.com\/fr\/wp-json\/wp\/v2\/posts\/19247","targetHints":{"allow":["GET"]}}],"collection":[{"href":"https:\/\/blog.tmgrupoinmobiliario.com\/fr\/wp-json\/wp\/v2\/posts"}],"about":[{"href":"https:\/\/blog.tmgrupoinmobiliario.com\/fr\/wp-json\/wp\/v2\/types\/post"}],"author":[{"embeddable":true,"href":"https:\/\/blog.tmgrupoinmobiliario.com\/fr\/wp-json\/wp\/v2\/users\/11716"}],"replies":[{"embeddable":true,"href":"https:\/\/blog.tmgrupoinmobiliario.com\/fr\/wp-json\/wp\/v2\/comments?post=19247"}],"version-history":[{"count":1,"href":"https:\/\/blog.tmgrupoinmobiliario.com\/fr\/wp-json\/wp\/v2\/posts\/19247\/revisions"}],"predecessor-version":[{"id":19251,"href":"https:\/\/blog.tmgrupoinmobiliario.com\/fr\/wp-json\/wp\/v2\/posts\/19247\/revisions\/19251"}],"wp:featuredmedia":[{"embeddable":true,"href":"https:\/\/blog.tmgrupoinmobiliario.com\/fr\/wp-json\/wp\/v2\/media\/19248"}],"wp:attachment":[{"href":"https:\/\/blog.tmgrupoinmobiliario.com\/fr\/wp-json\/wp\/v2\/media?parent=19247"}],"wp:term":[{"taxonomy":"category","embeddable":true,"href":"https:\/\/blog.tmgrupoinmobiliario.com\/fr\/wp-json\/wp\/v2\/categories?post=19247"},{"taxonomy":"post_tag","embeddable":true,"href":"https:\/\/blog.tmgrupoinmobiliario.com\/fr\/wp-json\/wp\/v2\/tags?post=19247"}],"curies":[{"name":"wp","href":"https:\/\/api.w.org\/{rel}","templated":true}]}}