{"id":19145,"date":"2022-05-23T17:51:08","date_gmt":"2022-05-23T15:51:08","guid":{"rendered":"https:\/\/blog.tmgrupoinmobiliario.com\/fr\/?p=19145"},"modified":"2022-05-23T17:53:09","modified_gmt":"2022-05-23T15:53:09","slug":"barc-busot-et-tm-main-dans-la-main-pour-une-belle-initiative","status":"publish","type":"post","link":"https:\/\/blog.tmgrupoinmobiliario.com\/fr\/2022\/05\/23\/barc-busot-et-tm-main-dans-la-main-pour-une-belle-initiative\/","title":{"rendered":"BARC Busot et TM main dans la main pour une belle initiative"},"content":{"rendered":"<p>Chez <a href=\"http:\/\/www.tmgrupoinmobiliario.com\/fr\"><strong>TM<\/strong><\/a>, nous nous engageons envers nos membres du personnel, la soci\u00e9t\u00e9 et l\u2019environnement.<\/p>\n<p>Non seulement nous d\u00e9veloppons des projets immobiliers, mais <strong>nous contribuons \u00e9galement \u00e0 la croissance des zones g\u00e9ographiques dans lesquelles nous sommes pr\u00e9sents<\/strong>. Cela permet ainsi d\u2019am\u00e9liorer la qualit\u00e9 de vie des personnes.<\/p>\n<p>&nbsp;<\/p>\n<p><span style=\"color: #ff0000\"><strong>Nous construisons des opportunit\u00e9s<\/strong><\/span><\/p>\n<p>Au sein des montagnes de Busot (Alicante), vous trouverez notre complexe r\u00e9sidentiel, <a href=\"https:\/\/www.tmgrupoinmobiliario.com\/fr\/promotions-immobilieres\/U38-06_vente-logements-maisons-espagne-plage-el-campello-golf-bonalba-altos-de-alicante-phase4\"><em>Los Altos de Alicante<\/em><\/a><em>.\u00a0<\/em>Compos\u00e9 de maisons unifamiliales et de villas, ce complexe est le lieu parfait pour profiter de la tranquillit\u00e9 et de la nature.<\/p>\n<p>&nbsp;<\/p>\n<p>Nous sommes heureux de pouvoir contribuer au d\u00e9veloppement de cette zone en collaborant avec une ONG dont l\u2019objectif nous \u00e0 passionn\u00e9.<\/p>\n<p>Il s\u2019agit de <a href=\"https:\/\/barcspain.es\/\"><strong>Busot Animal Rescue Concern<\/strong><\/a> (BARC), une organisation sans but lucratif qui <strong>veille \u00e0 offrir une vie meilleure aux animaux perdus ou abandonn\u00e9s<\/strong> de Busot et des villages voisins.<\/p>\n<p><strong>\u00a0<\/strong><\/p>\n<p><span style=\"color: #ff0000\"><strong>Plus de 1000\u00a0animaux sauv\u00e9s en six ans<\/strong><\/span><\/p>\n<p>Quand l\u2019organisation sauve un animal abandonn\u00e9, elle v\u00e9rifie s\u2019il a une puce afin de retrouver son ma\u00eetre. Malheureusement, 90\u00a0% des chiens abandonn\u00e9s n\u2019en ont pas. De ce fait, la BARC se charge de les accueillir, de r\u00e9aliser un examen pr\u00e9liminaire et de leur trouver un logement.<\/p>\n<p>De plus, les membres de l\u2019organisation contribuent \u00e9galement \u00e0 soigner les chats errants.<\/p>\n<p>&nbsp;<\/p>\n<p><span style=\"color: #ff0000\"><strong>Un nouveau centre de secours pour animaux<\/strong><\/span><\/p>\n<p>En raison du taux \u00e9lev\u00e9 d\u2019abandons d\u2019animaux, l\u2019association Busot Animal Rescue Concern a acquis un terrain pour la construction d\u2019un <strong>centre de secours pour animaux<\/strong> o\u00f9 elle pourra leur fournir toutes sortes de soins et de confort jusqu\u2019\u00e0 ce qu\u2019ils trouvent leur nouvelle famille\u00a0: v\u00e9t\u00e9rinaire, grands espaces pour qu\u2019ils puissent courir, m\u00e9dicaments, etc.<\/p>\n<p>&nbsp;<\/p>\n<p>Chez <strong>TM<\/strong>, nous avons souhait\u00e9 apporter notre pierre \u00e0 l\u2019\u00e9difice en effectuant un don qui permette \u00e0 cette association de d\u00e9velopper son initiative.<\/p>\n<p>&nbsp;<\/p>\n<p><img loading=\"lazy\" decoding=\"async\" class=\"wp-image-21243 aligncenter\" src=\"https:\/\/www.tmgrupoinmobiliario.com\/blog\/wp-content\/uploads\/2022\/05\/100X666.png\" alt=\"\" width=\"717\" height=\"478\" \/><\/p>\n<p>&nbsp;<\/p>\n<p>Pour ce faire, notre responsable commercial \u00e0 Costa Blanca s\u2019est rendu sur le terrain de l\u2019association pour voir en avant-premi\u00e8re ce qui sera bient\u00f4t le nouveau foyer de ces animaux.<\/p>\n<p>&nbsp;<\/p>\n<div id='gallery-1' class='gallery galleryid-19145 gallery-columns-2 gallery-size-medium'><figure class='gallery-item'>\n\t\t\t<div class='gallery-icon landscape'>\n\t\t\t\t<a href='https:\/\/blog.tmgrupoinmobiliario.com\/fr\/2022\/05\/23\/barc-busot-et-tm-main-dans-la-main-pour-une-belle-initiative\/1026x76811\/'><img loading=\"lazy\" decoding=\"async\" width=\"300\" height=\"225\" src=\"https:\/\/blog.tmgrupoinmobiliario.com\/fr\/wp-content\/uploads\/sites\/5\/2022\/05\/1026x76811-300x225.png\" class=\"attachment-medium size-medium\" alt=\"\" srcset=\"https:\/\/blog.tmgrupoinmobiliario.com\/fr\/wp-content\/uploads\/sites\/5\/2022\/05\/1026x76811-300x225.png 300w, https:\/\/blog.tmgrupoinmobiliario.com\/fr\/wp-content\/uploads\/sites\/5\/2022\/05\/1026x76811-1024x767.png 1024w, https:\/\/blog.tmgrupoinmobiliario.com\/fr\/wp-content\/uploads\/sites\/5\/2022\/05\/1026x76811-768x575.png 768w, https:\/\/blog.tmgrupoinmobiliario.com\/fr\/wp-content\/uploads\/sites\/5\/2022\/05\/1026x76811.png 1026w\" sizes=\"auto, (max-width: 300px) 100vw, 300px\" \/><\/a>\n\t\t\t<\/div><\/figure><figure class='gallery-item'>\n\t\t\t<div class='gallery-icon landscape'>\n\t\t\t\t<a href='https:\/\/blog.tmgrupoinmobiliario.com\/fr\/2022\/05\/23\/barc-busot-et-tm-main-dans-la-main-pour-une-belle-initiative\/1026x7681-2\/'><img loading=\"lazy\" decoding=\"async\" width=\"300\" height=\"225\" src=\"https:\/\/blog.tmgrupoinmobiliario.com\/fr\/wp-content\/uploads\/sites\/5\/2022\/05\/1026x7681-300x225.png\" class=\"attachment-medium size-medium\" alt=\"\" srcset=\"https:\/\/blog.tmgrupoinmobiliario.com\/fr\/wp-content\/uploads\/sites\/5\/2022\/05\/1026x7681-300x225.png 300w, https:\/\/blog.tmgrupoinmobiliario.com\/fr\/wp-content\/uploads\/sites\/5\/2022\/05\/1026x7681-1024x767.png 1024w, https:\/\/blog.tmgrupoinmobiliario.com\/fr\/wp-content\/uploads\/sites\/5\/2022\/05\/1026x7681-768x575.png 768w, https:\/\/blog.tmgrupoinmobiliario.com\/fr\/wp-content\/uploads\/sites\/5\/2022\/05\/1026x7681.png 1026w\" sizes=\"auto, (max-width: 300px) 100vw, 300px\" \/><\/a>\n\t\t\t<\/div><\/figure>\n\t\t<\/div>\n\n<p>&nbsp;<\/p>\n<p><strong>Nous sommes impatients de d\u00e9couvrir les progr\u00e8s et de leur rendre \u00e0 nouveau visite pour voir ce foyer en fonction.<\/strong><\/p>\n","protected":false},"excerpt":{"rendered":"<p>Chez TM, nous nous engageons envers nos membres du personnel, la soci\u00e9t\u00e9 et l\u2019environnement. Non seulement nous d\u00e9veloppons des projets immobiliers, mais nous contribuons \u00e9galement \u00e0 la croissance des zones g\u00e9ographiques dans lesquelles nous sommes pr\u00e9sents. Cela permet ainsi d\u2019am\u00e9liorer la qualit\u00e9 de vie des personnes. &nbsp; Nous construisons des opportunit\u00e9s Au sein des montagnes [&hellip;]<\/p>\n","protected":false},"author":11716,"featured_media":19151,"comment_status":"open","ping_status":"open","sticky":false,"template":"","format":"standard","meta":{"_jetpack_memberships_contains_paid_content":false,"footnotes":""},"categories":[3,18],"tags":[25,31],"class_list":["post-19145","post","type-post","status-publish","format-standard","has-post-thumbnail","hentry","category-actualidad-tm","category-corporativo","tag-tag-all","tag-tag-compromise","formato-comunicacion"],"better_featured_image":{"id":19151,"alt_text":"","caption":"","description":"","media_type":"image","media_details":{"width":1000,"height":666,"file":"2022\/05\/100X6661.png","sizes":{"medium":{"file":"100X6661-300x200.png","width":300,"height":200,"mime-type":"image\/png","source_url":"https:\/\/blog.tmgrupoinmobiliario.com\/fr\/wp-content\/uploads\/sites\/5\/2022\/05\/100X6661-300x200.png"},"thumbnail":{"file":"100X6661-150x150.png","width":150,"height":150,"mime-type":"image\/png","source_url":"https:\/\/blog.tmgrupoinmobiliario.com\/fr\/wp-content\/uploads\/sites\/5\/2022\/05\/100X6661-150x150.png"},"medium_large":{"file":"100X6661-768x511.png","width":768,"height":511,"mime-type":"image\/png","source_url":"https:\/\/blog.tmgrupoinmobiliario.com\/fr\/wp-content\/uploads\/sites\/5\/2022\/05\/100X6661-768x511.png"}},"image_meta":{"aperture":"0","credit":"","camera":"","caption":"","created_timestamp":"0","copyright":"","focal_length":"0","iso":"0","shutter_speed":"0","title":"","orientation":"0","keywords":[]}},"post":19145,"source_url":"https:\/\/blog.tmgrupoinmobiliario.com\/fr\/wp-content\/uploads\/sites\/5\/2022\/05\/100X6661.png"},"acf":{"imagen_destacada_desktop":false,"imagen_destacada_mobile":false,"formato":{"term_id":24,"name":"Comunicaci\u00f3n","slug":"comunicacion","term_group":0,"term_taxonomy_id":24,"taxonomy":"formato","description":"","parent":0,"count":89,"filter":"raw"},"entradilla":"","etiquetas":"","cabecera_escritorio":"https:\/\/blog.tmgrupoinmobiliario.com\/fr\/wp-content\/uploads\/sites\/5\/2022\/05\/1200x300-11.png","cabecera_mobile":"https:\/\/blog.tmgrupoinmobiliario.com\/fr\/wp-content\/uploads\/sites\/5\/2022\/05\/768x768-11.png","galeria":false},"yoast_head":"<!-- This site is optimized with the Yoast SEO Premium plugin v23.6 (Yoast SEO v27.5) - https:\/\/yoast.com\/product\/yoast-seo-premium-wordpress\/ -->\n<title>BARC Busot et TM main dans la main pour une belle initiative - Francais<\/title>\n<meta name=\"robots\" content=\"index, follow, max-snippet:-1, max-image-preview:large, max-video-preview:-1\" \/>\n<link rel=\"canonical\" href=\"https:\/\/blog.tmgrupoinmobiliario.com\/fr\/2022\/05\/23\/barc-busot-et-tm-main-dans-la-main-pour-une-belle-initiative\/\" \/>\n<meta property=\"og:locale\" content=\"fr_FR\" \/>\n<meta property=\"og:type\" content=\"article\" \/>\n<meta property=\"og:title\" content=\"BARC Busot et TM main dans la main pour une belle initiative\" \/>\n<meta property=\"og:description\" content=\"Chez TM, nous nous engageons envers nos membres du personnel, la soci\u00e9t\u00e9 et l\u2019environnement. Non seulement nous d\u00e9veloppons des projets immobiliers, mais nous contribuons \u00e9galement \u00e0 la croissance des zones g\u00e9ographiques dans lesquelles nous sommes pr\u00e9sents. Cela permet ainsi d\u2019am\u00e9liorer la qualit\u00e9 de vie des personnes. &nbsp; Nous construisons des opportunit\u00e9s Au sein des montagnes [&hellip;]\" \/>\n<meta property=\"og:url\" content=\"https:\/\/blog.tmgrupoinmobiliario.com\/fr\/2022\/05\/23\/barc-busot-et-tm-main-dans-la-main-pour-une-belle-initiative\/\" \/>\n<meta property=\"og:site_name\" content=\"Francais\" \/>\n<meta property=\"article:published_time\" content=\"2022-05-23T15:51:08+00:00\" \/>\n<meta property=\"article:modified_time\" content=\"2022-05-23T15:53:09+00:00\" \/>\n<meta property=\"og:image\" content=\"https:\/\/blog.tmgrupoinmobiliario.com\/fr\/wp-content\/uploads\/sites\/5\/2022\/05\/100X6661.png\" \/>\n\t<meta property=\"og:image:width\" content=\"1000\" \/>\n\t<meta property=\"og:image:height\" content=\"666\" \/>\n\t<meta property=\"og:image:type\" content=\"image\/png\" \/>\n<meta name=\"author\" content=\"marina\" \/>\n<meta name=\"twitter:card\" content=\"summary_large_image\" \/>\n<meta name=\"twitter:label1\" content=\"\u00c9crit par\" \/>\n\t<meta name=\"twitter:data1\" content=\"marina\" \/>\n\t<meta name=\"twitter:label2\" content=\"Dur\u00e9e de lecture estim\u00e9e\" \/>\n\t<meta name=\"twitter:data2\" content=\"2 minutes\" \/>\n<script type=\"application\/ld+json\" class=\"yoast-schema-graph\">{\"@context\":\"https:\\\/\\\/schema.org\",\"@graph\":[{\"@type\":\"Article\",\"@id\":\"https:\\\/\\\/blog.tmgrupoinmobiliario.com\\\/fr\\\/2022\\\/05\\\/23\\\/barc-busot-et-tm-main-dans-la-main-pour-une-belle-initiative\\\/#article\",\"isPartOf\":{\"@id\":\"https:\\\/\\\/blog.tmgrupoinmobiliario.com\\\/fr\\\/2022\\\/05\\\/23\\\/barc-busot-et-tm-main-dans-la-main-pour-une-belle-initiative\\\/\"},\"author\":{\"name\":\"marina\",\"@id\":\"https:\\\/\\\/blog.tmgrupoinmobiliario.com\\\/fr\\\/#\\\/schema\\\/person\\\/788477479d35e623ab75c2fb194e7730\"},\"headline\":\"BARC Busot et TM main dans la main pour une belle initiative\",\"datePublished\":\"2022-05-23T15:51:08+00:00\",\"dateModified\":\"2022-05-23T15:53:09+00:00\",\"mainEntityOfPage\":{\"@id\":\"https:\\\/\\\/blog.tmgrupoinmobiliario.com\\\/fr\\\/2022\\\/05\\\/23\\\/barc-busot-et-tm-main-dans-la-main-pour-une-belle-initiative\\\/\"},\"wordCount\":395,\"commentCount\":0,\"image\":{\"@id\":\"https:\\\/\\\/blog.tmgrupoinmobiliario.com\\\/fr\\\/2022\\\/05\\\/23\\\/barc-busot-et-tm-main-dans-la-main-pour-une-belle-initiative\\\/#primaryimage\"},\"thumbnailUrl\":\"https:\\\/\\\/blog.tmgrupoinmobiliario.com\\\/fr\\\/wp-content\\\/uploads\\\/sites\\\/5\\\/2022\\\/05\\\/100X6661.png\",\"keywords\":[\"tag-all\",\"tag-compromise\"],\"articleSection\":[\"Actualit\u00e9 TM\",\"Corporativo\"],\"inLanguage\":\"fr-FR\",\"potentialAction\":[{\"@type\":\"CommentAction\",\"name\":\"Comment\",\"target\":[\"https:\\\/\\\/blog.tmgrupoinmobiliario.com\\\/fr\\\/2022\\\/05\\\/23\\\/barc-busot-et-tm-main-dans-la-main-pour-une-belle-initiative\\\/#respond\"]}]},{\"@type\":\"WebPage\",\"@id\":\"https:\\\/\\\/blog.tmgrupoinmobiliario.com\\\/fr\\\/2022\\\/05\\\/23\\\/barc-busot-et-tm-main-dans-la-main-pour-une-belle-initiative\\\/\",\"url\":\"https:\\\/\\\/blog.tmgrupoinmobiliario.com\\\/fr\\\/2022\\\/05\\\/23\\\/barc-busot-et-tm-main-dans-la-main-pour-une-belle-initiative\\\/\",\"name\":\"BARC Busot et TM main dans la main pour une belle initiative - Francais\",\"isPartOf\":{\"@id\":\"https:\\\/\\\/blog.tmgrupoinmobiliario.com\\\/fr\\\/#website\"},\"primaryImageOfPage\":{\"@id\":\"https:\\\/\\\/blog.tmgrupoinmobiliario.com\\\/fr\\\/2022\\\/05\\\/23\\\/barc-busot-et-tm-main-dans-la-main-pour-une-belle-initiative\\\/#primaryimage\"},\"image\":{\"@id\":\"https:\\\/\\\/blog.tmgrupoinmobiliario.com\\\/fr\\\/2022\\\/05\\\/23\\\/barc-busot-et-tm-main-dans-la-main-pour-une-belle-initiative\\\/#primaryimage\"},\"thumbnailUrl\":\"https:\\\/\\\/blog.tmgrupoinmobiliario.com\\\/fr\\\/wp-content\\\/uploads\\\/sites\\\/5\\\/2022\\\/05\\\/100X6661.png\",\"datePublished\":\"2022-05-23T15:51:08+00:00\",\"dateModified\":\"2022-05-23T15:53:09+00:00\",\"author\":{\"@id\":\"https:\\\/\\\/blog.tmgrupoinmobiliario.com\\\/fr\\\/#\\\/schema\\\/person\\\/788477479d35e623ab75c2fb194e7730\"},\"breadcrumb\":{\"@id\":\"https:\\\/\\\/blog.tmgrupoinmobiliario.com\\\/fr\\\/2022\\\/05\\\/23\\\/barc-busot-et-tm-main-dans-la-main-pour-une-belle-initiative\\\/#breadcrumb\"},\"inLanguage\":\"fr-FR\",\"potentialAction\":[{\"@type\":\"ReadAction\",\"target\":[\"https:\\\/\\\/blog.tmgrupoinmobiliario.com\\\/fr\\\/2022\\\/05\\\/23\\\/barc-busot-et-tm-main-dans-la-main-pour-une-belle-initiative\\\/\"]}]},{\"@type\":\"ImageObject\",\"inLanguage\":\"fr-FR\",\"@id\":\"https:\\\/\\\/blog.tmgrupoinmobiliario.com\\\/fr\\\/2022\\\/05\\\/23\\\/barc-busot-et-tm-main-dans-la-main-pour-une-belle-initiative\\\/#primaryimage\",\"url\":\"https:\\\/\\\/blog.tmgrupoinmobiliario.com\\\/fr\\\/wp-content\\\/uploads\\\/sites\\\/5\\\/2022\\\/05\\\/100X6661.png\",\"contentUrl\":\"https:\\\/\\\/blog.tmgrupoinmobiliario.com\\\/fr\\\/wp-content\\\/uploads\\\/sites\\\/5\\\/2022\\\/05\\\/100X6661.png\",\"width\":1000,\"height\":666},{\"@type\":\"BreadcrumbList\",\"@id\":\"https:\\\/\\\/blog.tmgrupoinmobiliario.com\\\/fr\\\/2022\\\/05\\\/23\\\/barc-busot-et-tm-main-dans-la-main-pour-une-belle-initiative\\\/#breadcrumb\",\"itemListElement\":[{\"@type\":\"ListItem\",\"position\":1,\"name\":\"Portada\",\"item\":\"https:\\\/\\\/blog.tmgrupoinmobiliario.com\\\/fr\\\/\"},{\"@type\":\"ListItem\",\"position\":2,\"name\":\"BARC Busot et TM main dans la main pour une belle initiative\"}]},{\"@type\":\"WebSite\",\"@id\":\"https:\\\/\\\/blog.tmgrupoinmobiliario.com\\\/fr\\\/#website\",\"url\":\"https:\\\/\\\/blog.tmgrupoinmobiliario.com\\\/fr\\\/\",\"name\":\"Francais\",\"description\":\"Otro sitio m\u00e1s de Blog Desarrollo TM sitios\",\"potentialAction\":[{\"@type\":\"SearchAction\",\"target\":{\"@type\":\"EntryPoint\",\"urlTemplate\":\"https:\\\/\\\/blog.tmgrupoinmobiliario.com\\\/fr\\\/?s={search_term_string}\"},\"query-input\":{\"@type\":\"PropertyValueSpecification\",\"valueRequired\":true,\"valueName\":\"search_term_string\"}}],\"inLanguage\":\"fr-FR\"},{\"@type\":\"Person\",\"@id\":\"https:\\\/\\\/blog.tmgrupoinmobiliario.com\\\/fr\\\/#\\\/schema\\\/person\\\/788477479d35e623ab75c2fb194e7730\",\"name\":\"marina\",\"image\":{\"@type\":\"ImageObject\",\"inLanguage\":\"fr-FR\",\"@id\":\"https:\\\/\\\/secure.gravatar.com\\\/avatar\\\/34480839eb5b1bb235efe5be1b7e49218e07e314c17d1fb9ba5183ac5c2c64f3?s=96&d=mm&r=g\",\"url\":\"https:\\\/\\\/secure.gravatar.com\\\/avatar\\\/34480839eb5b1bb235efe5be1b7e49218e07e314c17d1fb9ba5183ac5c2c64f3?s=96&d=mm&r=g\",\"contentUrl\":\"https:\\\/\\\/secure.gravatar.com\\\/avatar\\\/34480839eb5b1bb235efe5be1b7e49218e07e314c17d1fb9ba5183ac5c2c64f3?s=96&d=mm&r=g\",\"caption\":\"marina\"},\"url\":\"https:\\\/\\\/blog.tmgrupoinmobiliario.com\\\/fr\\\/author\\\/marina\\\/\"}]}<\/script>\n<!-- \/ Yoast SEO Premium plugin. -->","yoast_head_json":{"title":"BARC Busot et TM main dans la main pour une belle initiative - Francais","robots":{"index":"index","follow":"follow","max-snippet":"max-snippet:-1","max-image-preview":"max-image-preview:large","max-video-preview":"max-video-preview:-1"},"canonical":"https:\/\/blog.tmgrupoinmobiliario.com\/fr\/2022\/05\/23\/barc-busot-et-tm-main-dans-la-main-pour-une-belle-initiative\/","og_locale":"fr_FR","og_type":"article","og_title":"BARC Busot et TM main dans la main pour une belle initiative","og_description":"Chez TM, nous nous engageons envers nos membres du personnel, la soci\u00e9t\u00e9 et l\u2019environnement. Non seulement nous d\u00e9veloppons des projets immobiliers, mais nous contribuons \u00e9galement \u00e0 la croissance des zones g\u00e9ographiques dans lesquelles nous sommes pr\u00e9sents. Cela permet ainsi d\u2019am\u00e9liorer la qualit\u00e9 de vie des personnes. &nbsp; Nous construisons des opportunit\u00e9s Au sein des montagnes [&hellip;]","og_url":"https:\/\/blog.tmgrupoinmobiliario.com\/fr\/2022\/05\/23\/barc-busot-et-tm-main-dans-la-main-pour-une-belle-initiative\/","og_site_name":"Francais","article_published_time":"2022-05-23T15:51:08+00:00","article_modified_time":"2022-05-23T15:53:09+00:00","og_image":[{"width":1000,"height":666,"url":"https:\/\/blog.tmgrupoinmobiliario.com\/fr\/wp-content\/uploads\/sites\/5\/2022\/05\/100X6661.png","type":"image\/png"}],"author":"marina","twitter_card":"summary_large_image","twitter_misc":{"\u00c9crit par":"marina","Dur\u00e9e de lecture estim\u00e9e":"2 minutes"},"schema":{"@context":"https:\/\/schema.org","@graph":[{"@type":"Article","@id":"https:\/\/blog.tmgrupoinmobiliario.com\/fr\/2022\/05\/23\/barc-busot-et-tm-main-dans-la-main-pour-une-belle-initiative\/#article","isPartOf":{"@id":"https:\/\/blog.tmgrupoinmobiliario.com\/fr\/2022\/05\/23\/barc-busot-et-tm-main-dans-la-main-pour-une-belle-initiative\/"},"author":{"name":"marina","@id":"https:\/\/blog.tmgrupoinmobiliario.com\/fr\/#\/schema\/person\/788477479d35e623ab75c2fb194e7730"},"headline":"BARC Busot et TM main dans la main pour une belle initiative","datePublished":"2022-05-23T15:51:08+00:00","dateModified":"2022-05-23T15:53:09+00:00","mainEntityOfPage":{"@id":"https:\/\/blog.tmgrupoinmobiliario.com\/fr\/2022\/05\/23\/barc-busot-et-tm-main-dans-la-main-pour-une-belle-initiative\/"},"wordCount":395,"commentCount":0,"image":{"@id":"https:\/\/blog.tmgrupoinmobiliario.com\/fr\/2022\/05\/23\/barc-busot-et-tm-main-dans-la-main-pour-une-belle-initiative\/#primaryimage"},"thumbnailUrl":"https:\/\/blog.tmgrupoinmobiliario.com\/fr\/wp-content\/uploads\/sites\/5\/2022\/05\/100X6661.png","keywords":["tag-all","tag-compromise"],"articleSection":["Actualit\u00e9 TM","Corporativo"],"inLanguage":"fr-FR","potentialAction":[{"@type":"CommentAction","name":"Comment","target":["https:\/\/blog.tmgrupoinmobiliario.com\/fr\/2022\/05\/23\/barc-busot-et-tm-main-dans-la-main-pour-une-belle-initiative\/#respond"]}]},{"@type":"WebPage","@id":"https:\/\/blog.tmgrupoinmobiliario.com\/fr\/2022\/05\/23\/barc-busot-et-tm-main-dans-la-main-pour-une-belle-initiative\/","url":"https:\/\/blog.tmgrupoinmobiliario.com\/fr\/2022\/05\/23\/barc-busot-et-tm-main-dans-la-main-pour-une-belle-initiative\/","name":"BARC Busot et TM main dans la main pour une belle initiative - Francais","isPartOf":{"@id":"https:\/\/blog.tmgrupoinmobiliario.com\/fr\/#website"},"primaryImageOfPage":{"@id":"https:\/\/blog.tmgrupoinmobiliario.com\/fr\/2022\/05\/23\/barc-busot-et-tm-main-dans-la-main-pour-une-belle-initiative\/#primaryimage"},"image":{"@id":"https:\/\/blog.tmgrupoinmobiliario.com\/fr\/2022\/05\/23\/barc-busot-et-tm-main-dans-la-main-pour-une-belle-initiative\/#primaryimage"},"thumbnailUrl":"https:\/\/blog.tmgrupoinmobiliario.com\/fr\/wp-content\/uploads\/sites\/5\/2022\/05\/100X6661.png","datePublished":"2022-05-23T15:51:08+00:00","dateModified":"2022-05-23T15:53:09+00:00","author":{"@id":"https:\/\/blog.tmgrupoinmobiliario.com\/fr\/#\/schema\/person\/788477479d35e623ab75c2fb194e7730"},"breadcrumb":{"@id":"https:\/\/blog.tmgrupoinmobiliario.com\/fr\/2022\/05\/23\/barc-busot-et-tm-main-dans-la-main-pour-une-belle-initiative\/#breadcrumb"},"inLanguage":"fr-FR","potentialAction":[{"@type":"ReadAction","target":["https:\/\/blog.tmgrupoinmobiliario.com\/fr\/2022\/05\/23\/barc-busot-et-tm-main-dans-la-main-pour-une-belle-initiative\/"]}]},{"@type":"ImageObject","inLanguage":"fr-FR","@id":"https:\/\/blog.tmgrupoinmobiliario.com\/fr\/2022\/05\/23\/barc-busot-et-tm-main-dans-la-main-pour-une-belle-initiative\/#primaryimage","url":"https:\/\/blog.tmgrupoinmobiliario.com\/fr\/wp-content\/uploads\/sites\/5\/2022\/05\/100X6661.png","contentUrl":"https:\/\/blog.tmgrupoinmobiliario.com\/fr\/wp-content\/uploads\/sites\/5\/2022\/05\/100X6661.png","width":1000,"height":666},{"@type":"BreadcrumbList","@id":"https:\/\/blog.tmgrupoinmobiliario.com\/fr\/2022\/05\/23\/barc-busot-et-tm-main-dans-la-main-pour-une-belle-initiative\/#breadcrumb","itemListElement":[{"@type":"ListItem","position":1,"name":"Portada","item":"https:\/\/blog.tmgrupoinmobiliario.com\/fr\/"},{"@type":"ListItem","position":2,"name":"BARC Busot et TM main dans la main pour une belle initiative"}]},{"@type":"WebSite","@id":"https:\/\/blog.tmgrupoinmobiliario.com\/fr\/#website","url":"https:\/\/blog.tmgrupoinmobiliario.com\/fr\/","name":"Francais","description":"Otro sitio m\u00e1s de Blog Desarrollo TM sitios","potentialAction":[{"@type":"SearchAction","target":{"@type":"EntryPoint","urlTemplate":"https:\/\/blog.tmgrupoinmobiliario.com\/fr\/?s={search_term_string}"},"query-input":{"@type":"PropertyValueSpecification","valueRequired":true,"valueName":"search_term_string"}}],"inLanguage":"fr-FR"},{"@type":"Person","@id":"https:\/\/blog.tmgrupoinmobiliario.com\/fr\/#\/schema\/person\/788477479d35e623ab75c2fb194e7730","name":"marina","image":{"@type":"ImageObject","inLanguage":"fr-FR","@id":"https:\/\/secure.gravatar.com\/avatar\/34480839eb5b1bb235efe5be1b7e49218e07e314c17d1fb9ba5183ac5c2c64f3?s=96&d=mm&r=g","url":"https:\/\/secure.gravatar.com\/avatar\/34480839eb5b1bb235efe5be1b7e49218e07e314c17d1fb9ba5183ac5c2c64f3?s=96&d=mm&r=g","contentUrl":"https:\/\/secure.gravatar.com\/avatar\/34480839eb5b1bb235efe5be1b7e49218e07e314c17d1fb9ba5183ac5c2c64f3?s=96&d=mm&r=g","caption":"marina"},"url":"https:\/\/blog.tmgrupoinmobiliario.com\/fr\/author\/marina\/"}]}},"jetpack_featured_media_url":"https:\/\/blog.tmgrupoinmobiliario.com\/fr\/wp-content\/uploads\/sites\/5\/2022\/05\/100X6661.png","jetpack_sharing_enabled":true,"_links":{"self":[{"href":"https:\/\/blog.tmgrupoinmobiliario.com\/fr\/wp-json\/wp\/v2\/posts\/19145","targetHints":{"allow":["GET"]}}],"collection":[{"href":"https:\/\/blog.tmgrupoinmobiliario.com\/fr\/wp-json\/wp\/v2\/posts"}],"about":[{"href":"https:\/\/blog.tmgrupoinmobiliario.com\/fr\/wp-json\/wp\/v2\/types\/post"}],"author":[{"embeddable":true,"href":"https:\/\/blog.tmgrupoinmobiliario.com\/fr\/wp-json\/wp\/v2\/users\/11716"}],"replies":[{"embeddable":true,"href":"https:\/\/blog.tmgrupoinmobiliario.com\/fr\/wp-json\/wp\/v2\/comments?post=19145"}],"version-history":[{"count":1,"href":"https:\/\/blog.tmgrupoinmobiliario.com\/fr\/wp-json\/wp\/v2\/posts\/19145\/revisions"}],"predecessor-version":[{"id":19150,"href":"https:\/\/blog.tmgrupoinmobiliario.com\/fr\/wp-json\/wp\/v2\/posts\/19145\/revisions\/19150"}],"wp:featuredmedia":[{"embeddable":true,"href":"https:\/\/blog.tmgrupoinmobiliario.com\/fr\/wp-json\/wp\/v2\/media\/19151"}],"wp:attachment":[{"href":"https:\/\/blog.tmgrupoinmobiliario.com\/fr\/wp-json\/wp\/v2\/media?parent=19145"}],"wp:term":[{"taxonomy":"category","embeddable":true,"href":"https:\/\/blog.tmgrupoinmobiliario.com\/fr\/wp-json\/wp\/v2\/categories?post=19145"},{"taxonomy":"post_tag","embeddable":true,"href":"https:\/\/blog.tmgrupoinmobiliario.com\/fr\/wp-json\/wp\/v2\/tags?post=19145"}],"curies":[{"name":"wp","href":"https:\/\/api.w.org\/{rel}","templated":true}]}}