{"id":19103,"date":"2022-04-20T10:47:22","date_gmt":"2022-04-20T08:47:22","guid":{"rendered":"https:\/\/blog.tmgrupoinmobiliario.com\/fr\/?p=19103"},"modified":"2022-04-20T10:58:53","modified_gmt":"2022-04-20T08:58:53","slug":"le-retour-de-la-journee-du-fondateur-chez-tm-real-estate-group","status":"publish","type":"post","link":"https:\/\/blog.tmgrupoinmobiliario.com\/fr\/2022\/04\/20\/le-retour-de-la-journee-du-fondateur-chez-tm-real-estate-group\/","title":{"rendered":"Le retour de la Journ\u00e9e du Fondateur chez TM Real Estate Group"},"content":{"rendered":"<p>Les \u00e9v\u00e9nements TM que nous aimons tant sont de retour ! De vrais moments de rencontres, d\u2019apprentissages et de rires autour desquels tous les membres de la famille TM se retrouvent. L\u2019objectif\u00a0: partager et c\u00e9l\u00e9brer la fa\u00e7on dont le projet grandit et s&#8217;adapte aux probl\u00e9matiques de l\u2019\u00e9poque, tout en restant fid\u00e8le \u00e0 ses valeurs et \u00e0 son identit\u00e9.<\/p>\n<p>Apr\u00e8s plus de deux ans d&#8217;interruption due \u00e0 la pand\u00e9mie, quelle meilleure fa\u00e7on de se retrouver que de c\u00e9l\u00e9brer la <strong>Journ\u00e9e du Fondateur<\/strong> dans la s\u00e9curit\u00e9 et la bonne humeur.<\/p>\n<p>Un temps privil\u00e9gi\u00e9 entre coll\u00e8gues o\u00f9 nous avons rendu hommage \u00e0 nos racines, \u00e0 notre terre et aux valeurs l\u00e9gu\u00e9es par notre fondateur, aujourd&#8217;hui l&#8217;essence de ce que nous sommes.<\/p>\n<p>Nous avons ainsi profit\u00e9 d&#8217;une journ\u00e9e familiale pleine d&#8217;activit\u00e9s, d&#8217;ateliers et de surprises \u00e0 <a href=\"https:\/\/lasmorerasfruitandveggies.com\/\">Las Moreras Fruit &amp; Veggies<\/a>, organis\u00e9e avec amour par l&#8217;\u00e9quipe de notre division agricole.<\/p>\n<p>&nbsp;<\/p>\n<p>Celle-ci a d\u00e9marr\u00e9 par une promenade dans les cultures pour se familiariser de premi\u00e8re main avec le processus de r\u00e9colte et les diff\u00e9rentes vari\u00e9t\u00e9s d&#8217;agrumes.<\/p>\n<p>&nbsp;<\/p>\n<div id='gallery-1' class='gallery galleryid-19103 gallery-columns-3 gallery-size-medium'><figure class='gallery-item'>\n\t\t\t<div class='gallery-icon landscape'>\n\t\t\t\t<a href='https:\/\/blog.tmgrupoinmobiliario.com\/fr\/wp-content\/uploads\/sites\/5\/2022\/04\/LAS-MORERAS-101.jpg'><img loading=\"lazy\" decoding=\"async\" width=\"300\" height=\"200\" src=\"https:\/\/blog.tmgrupoinmobiliario.com\/fr\/wp-content\/uploads\/sites\/5\/2022\/04\/LAS-MORERAS-101-300x200.jpg\" class=\"attachment-medium size-medium\" alt=\"\" srcset=\"https:\/\/blog.tmgrupoinmobiliario.com\/fr\/wp-content\/uploads\/sites\/5\/2022\/04\/LAS-MORERAS-101-300x200.jpg 300w, https:\/\/blog.tmgrupoinmobiliario.com\/fr\/wp-content\/uploads\/sites\/5\/2022\/04\/LAS-MORERAS-101-1024x683.jpg 1024w, https:\/\/blog.tmgrupoinmobiliario.com\/fr\/wp-content\/uploads\/sites\/5\/2022\/04\/LAS-MORERAS-101-768x512.jpg 768w, https:\/\/blog.tmgrupoinmobiliario.com\/fr\/wp-content\/uploads\/sites\/5\/2022\/04\/LAS-MORERAS-101-1536x1024.jpg 1536w, https:\/\/blog.tmgrupoinmobiliario.com\/fr\/wp-content\/uploads\/sites\/5\/2022\/04\/LAS-MORERAS-101-2048x1366.jpg 2048w\" sizes=\"auto, (max-width: 300px) 100vw, 300px\" \/><\/a>\n\t\t\t<\/div><\/figure><figure class='gallery-item'>\n\t\t\t<div class='gallery-icon landscape'>\n\t\t\t\t<a href='https:\/\/blog.tmgrupoinmobiliario.com\/fr\/wp-content\/uploads\/sites\/5\/2022\/04\/LAS-MORERAS-111.jpg'><img loading=\"lazy\" decoding=\"async\" width=\"300\" height=\"200\" src=\"https:\/\/blog.tmgrupoinmobiliario.com\/fr\/wp-content\/uploads\/sites\/5\/2022\/04\/LAS-MORERAS-111-300x200.jpg\" class=\"attachment-medium size-medium\" alt=\"\" srcset=\"https:\/\/blog.tmgrupoinmobiliario.com\/fr\/wp-content\/uploads\/sites\/5\/2022\/04\/LAS-MORERAS-111-300x200.jpg 300w, https:\/\/blog.tmgrupoinmobiliario.com\/fr\/wp-content\/uploads\/sites\/5\/2022\/04\/LAS-MORERAS-111-1024x683.jpg 1024w, https:\/\/blog.tmgrupoinmobiliario.com\/fr\/wp-content\/uploads\/sites\/5\/2022\/04\/LAS-MORERAS-111-768x512.jpg 768w, https:\/\/blog.tmgrupoinmobiliario.com\/fr\/wp-content\/uploads\/sites\/5\/2022\/04\/LAS-MORERAS-111-1536x1024.jpg 1536w, https:\/\/blog.tmgrupoinmobiliario.com\/fr\/wp-content\/uploads\/sites\/5\/2022\/04\/LAS-MORERAS-111-2048x1366.jpg 2048w\" sizes=\"auto, (max-width: 300px) 100vw, 300px\" \/><\/a>\n\t\t\t<\/div><\/figure><figure class='gallery-item'>\n\t\t\t<div class='gallery-icon landscape'>\n\t\t\t\t<a href='https:\/\/blog.tmgrupoinmobiliario.com\/fr\/wp-content\/uploads\/sites\/5\/2022\/04\/LAS-MORERAS-151.jpg'><img loading=\"lazy\" decoding=\"async\" width=\"300\" height=\"200\" src=\"https:\/\/blog.tmgrupoinmobiliario.com\/fr\/wp-content\/uploads\/sites\/5\/2022\/04\/LAS-MORERAS-151-300x200.jpg\" class=\"attachment-medium size-medium\" alt=\"\" srcset=\"https:\/\/blog.tmgrupoinmobiliario.com\/fr\/wp-content\/uploads\/sites\/5\/2022\/04\/LAS-MORERAS-151-300x200.jpg 300w, https:\/\/blog.tmgrupoinmobiliario.com\/fr\/wp-content\/uploads\/sites\/5\/2022\/04\/LAS-MORERAS-151-1024x683.jpg 1024w, https:\/\/blog.tmgrupoinmobiliario.com\/fr\/wp-content\/uploads\/sites\/5\/2022\/04\/LAS-MORERAS-151-768x512.jpg 768w, https:\/\/blog.tmgrupoinmobiliario.com\/fr\/wp-content\/uploads\/sites\/5\/2022\/04\/LAS-MORERAS-151-1536x1024.jpg 1536w, https:\/\/blog.tmgrupoinmobiliario.com\/fr\/wp-content\/uploads\/sites\/5\/2022\/04\/LAS-MORERAS-151-2048x1366.jpg 2048w\" sizes=\"auto, (max-width: 300px) 100vw, 300px\" \/><\/a>\n\t\t\t<\/div><\/figure>\n\t\t<\/div>\n\n<p>&nbsp;<\/p>\n<p>Puis, apr\u00e8s avoir observ\u00e9 le processus de manipulation lors d\u2019une visite de l\u2019entrep\u00f4t, enfants et adultes ont particip\u00e9 \u00e0 divers ateliers sur la qualit\u00e9 des fruits, apprenant \u00e0 mesurer leur calibre et leur niveau de sucre ou \u00e0 faire leurs propres jus.<\/p>\n<p>&nbsp;<\/p>\n<div id='gallery-2' class='gallery galleryid-19103 gallery-columns-3 gallery-size-medium'><figure class='gallery-item'>\n\t\t\t<div class='gallery-icon landscape'>\n\t\t\t\t<a href='https:\/\/blog.tmgrupoinmobiliario.com\/fr\/wp-content\/uploads\/sites\/5\/2022\/04\/LAS-MORERAS-801.jpg'><img loading=\"lazy\" decoding=\"async\" width=\"300\" height=\"200\" src=\"https:\/\/blog.tmgrupoinmobiliario.com\/fr\/wp-content\/uploads\/sites\/5\/2022\/04\/LAS-MORERAS-801-300x200.jpg\" class=\"attachment-medium size-medium\" alt=\"\" srcset=\"https:\/\/blog.tmgrupoinmobiliario.com\/fr\/wp-content\/uploads\/sites\/5\/2022\/04\/LAS-MORERAS-801-300x200.jpg 300w, https:\/\/blog.tmgrupoinmobiliario.com\/fr\/wp-content\/uploads\/sites\/5\/2022\/04\/LAS-MORERAS-801-1024x683.jpg 1024w, https:\/\/blog.tmgrupoinmobiliario.com\/fr\/wp-content\/uploads\/sites\/5\/2022\/04\/LAS-MORERAS-801-768x512.jpg 768w, https:\/\/blog.tmgrupoinmobiliario.com\/fr\/wp-content\/uploads\/sites\/5\/2022\/04\/LAS-MORERAS-801-1536x1024.jpg 1536w, https:\/\/blog.tmgrupoinmobiliario.com\/fr\/wp-content\/uploads\/sites\/5\/2022\/04\/LAS-MORERAS-801-2048x1366.jpg 2048w\" sizes=\"auto, (max-width: 300px) 100vw, 300px\" \/><\/a>\n\t\t\t<\/div><\/figure><figure class='gallery-item'>\n\t\t\t<div class='gallery-icon landscape'>\n\t\t\t\t<a href='https:\/\/blog.tmgrupoinmobiliario.com\/fr\/wp-content\/uploads\/sites\/5\/2022\/04\/galeria-11.jpg'><img loading=\"lazy\" decoding=\"async\" width=\"300\" height=\"200\" src=\"https:\/\/blog.tmgrupoinmobiliario.com\/fr\/wp-content\/uploads\/sites\/5\/2022\/04\/galeria-11-300x200.jpg\" class=\"attachment-medium size-medium\" alt=\"\" srcset=\"https:\/\/blog.tmgrupoinmobiliario.com\/fr\/wp-content\/uploads\/sites\/5\/2022\/04\/galeria-11-300x200.jpg 300w, https:\/\/blog.tmgrupoinmobiliario.com\/fr\/wp-content\/uploads\/sites\/5\/2022\/04\/galeria-11-768x511.jpg 768w, https:\/\/blog.tmgrupoinmobiliario.com\/fr\/wp-content\/uploads\/sites\/5\/2022\/04\/galeria-11.jpg 1000w\" sizes=\"auto, (max-width: 300px) 100vw, 300px\" \/><\/a>\n\t\t\t<\/div><\/figure><figure class='gallery-item'>\n\t\t\t<div class='gallery-icon landscape'>\n\t\t\t\t<a href='https:\/\/blog.tmgrupoinmobiliario.com\/fr\/wp-content\/uploads\/sites\/5\/2022\/04\/LAS-MORERAS-991.jpg'><img loading=\"lazy\" decoding=\"async\" width=\"300\" height=\"200\" src=\"https:\/\/blog.tmgrupoinmobiliario.com\/fr\/wp-content\/uploads\/sites\/5\/2022\/04\/LAS-MORERAS-991-300x200.jpg\" class=\"attachment-medium size-medium\" alt=\"\" srcset=\"https:\/\/blog.tmgrupoinmobiliario.com\/fr\/wp-content\/uploads\/sites\/5\/2022\/04\/LAS-MORERAS-991-300x200.jpg 300w, https:\/\/blog.tmgrupoinmobiliario.com\/fr\/wp-content\/uploads\/sites\/5\/2022\/04\/LAS-MORERAS-991-1024x683.jpg 1024w, https:\/\/blog.tmgrupoinmobiliario.com\/fr\/wp-content\/uploads\/sites\/5\/2022\/04\/LAS-MORERAS-991-768x512.jpg 768w, https:\/\/blog.tmgrupoinmobiliario.com\/fr\/wp-content\/uploads\/sites\/5\/2022\/04\/LAS-MORERAS-991-1536x1024.jpg 1536w, https:\/\/blog.tmgrupoinmobiliario.com\/fr\/wp-content\/uploads\/sites\/5\/2022\/04\/LAS-MORERAS-991-2048x1366.jpg 2048w\" sizes=\"auto, (max-width: 300px) 100vw, 300px\" \/><\/a>\n\t\t\t<\/div><\/figure>\n\t\t<\/div>\n\n<p>&nbsp;<\/p>\n<p>Enfin, avec beaucoup d&#8217;enthousiasme, nos coll\u00e8gues de Las Moreras nous ont fait d\u00e9couvrir la boutique du mus\u00e9e. Un espace con\u00e7u pour refl\u00e9ter cette vision tourn\u00e9e vers l&#8217;avenir, mais bas\u00e9e sur le respect de l&#8217;essence de nos origines. D\u00e9cor\u00e9 avec des pi\u00e8ces de l&#8217;ancienne ferme, on peut y acheter toute une vari\u00e9t\u00e9 de produits de la terre locaux comme du miel, des confitures maison ou des liqueurs d&#8217;agrumes, entre autres.<\/p>\n<p>&nbsp;<\/p>\n<div id='gallery-3' class='gallery galleryid-19103 gallery-columns-3 gallery-size-medium'><figure class='gallery-item'>\n\t\t\t<div class='gallery-icon landscape'>\n\t\t\t\t<a href='https:\/\/blog.tmgrupoinmobiliario.com\/fr\/wp-content\/uploads\/sites\/5\/2022\/04\/LAS-MORERAS-1121.jpg'><img loading=\"lazy\" decoding=\"async\" width=\"300\" height=\"200\" src=\"https:\/\/blog.tmgrupoinmobiliario.com\/fr\/wp-content\/uploads\/sites\/5\/2022\/04\/LAS-MORERAS-1121-300x200.jpg\" class=\"attachment-medium size-medium\" alt=\"\" srcset=\"https:\/\/blog.tmgrupoinmobiliario.com\/fr\/wp-content\/uploads\/sites\/5\/2022\/04\/LAS-MORERAS-1121-300x200.jpg 300w, https:\/\/blog.tmgrupoinmobiliario.com\/fr\/wp-content\/uploads\/sites\/5\/2022\/04\/LAS-MORERAS-1121-1024x683.jpg 1024w, https:\/\/blog.tmgrupoinmobiliario.com\/fr\/wp-content\/uploads\/sites\/5\/2022\/04\/LAS-MORERAS-1121-768x512.jpg 768w, https:\/\/blog.tmgrupoinmobiliario.com\/fr\/wp-content\/uploads\/sites\/5\/2022\/04\/LAS-MORERAS-1121-1536x1024.jpg 1536w, https:\/\/blog.tmgrupoinmobiliario.com\/fr\/wp-content\/uploads\/sites\/5\/2022\/04\/LAS-MORERAS-1121-2048x1366.jpg 2048w\" sizes=\"auto, (max-width: 300px) 100vw, 300px\" \/><\/a>\n\t\t\t<\/div><\/figure><figure class='gallery-item'>\n\t\t\t<div class='gallery-icon landscape'>\n\t\t\t\t<a href='https:\/\/blog.tmgrupoinmobiliario.com\/fr\/wp-content\/uploads\/sites\/5\/2022\/04\/LAS-MORERAS-1131.jpg'><img loading=\"lazy\" decoding=\"async\" width=\"300\" height=\"200\" src=\"https:\/\/blog.tmgrupoinmobiliario.com\/fr\/wp-content\/uploads\/sites\/5\/2022\/04\/LAS-MORERAS-1131-300x200.jpg\" class=\"attachment-medium size-medium\" alt=\"\" srcset=\"https:\/\/blog.tmgrupoinmobiliario.com\/fr\/wp-content\/uploads\/sites\/5\/2022\/04\/LAS-MORERAS-1131-300x200.jpg 300w, https:\/\/blog.tmgrupoinmobiliario.com\/fr\/wp-content\/uploads\/sites\/5\/2022\/04\/LAS-MORERAS-1131-1024x683.jpg 1024w, https:\/\/blog.tmgrupoinmobiliario.com\/fr\/wp-content\/uploads\/sites\/5\/2022\/04\/LAS-MORERAS-1131-768x512.jpg 768w, https:\/\/blog.tmgrupoinmobiliario.com\/fr\/wp-content\/uploads\/sites\/5\/2022\/04\/LAS-MORERAS-1131-1536x1024.jpg 1536w, https:\/\/blog.tmgrupoinmobiliario.com\/fr\/wp-content\/uploads\/sites\/5\/2022\/04\/LAS-MORERAS-1131-2048x1366.jpg 2048w\" sizes=\"auto, (max-width: 300px) 100vw, 300px\" \/><\/a>\n\t\t\t<\/div><\/figure><figure class='gallery-item'>\n\t\t\t<div class='gallery-icon landscape'>\n\t\t\t\t<a href='https:\/\/blog.tmgrupoinmobiliario.com\/fr\/wp-content\/uploads\/sites\/5\/2022\/04\/LAS-MORERAS-1142.jpg'><img loading=\"lazy\" decoding=\"async\" width=\"300\" height=\"200\" src=\"https:\/\/blog.tmgrupoinmobiliario.com\/fr\/wp-content\/uploads\/sites\/5\/2022\/04\/LAS-MORERAS-1142-300x200.jpg\" class=\"attachment-medium size-medium\" alt=\"\" srcset=\"https:\/\/blog.tmgrupoinmobiliario.com\/fr\/wp-content\/uploads\/sites\/5\/2022\/04\/LAS-MORERAS-1142-300x200.jpg 300w, https:\/\/blog.tmgrupoinmobiliario.com\/fr\/wp-content\/uploads\/sites\/5\/2022\/04\/LAS-MORERAS-1142-1024x683.jpg 1024w, https:\/\/blog.tmgrupoinmobiliario.com\/fr\/wp-content\/uploads\/sites\/5\/2022\/04\/LAS-MORERAS-1142-768x512.jpg 768w, https:\/\/blog.tmgrupoinmobiliario.com\/fr\/wp-content\/uploads\/sites\/5\/2022\/04\/LAS-MORERAS-1142-1536x1024.jpg 1536w, https:\/\/blog.tmgrupoinmobiliario.com\/fr\/wp-content\/uploads\/sites\/5\/2022\/04\/LAS-MORERAS-1142-2048x1366.jpg 2048w\" sizes=\"auto, (max-width: 300px) 100vw, 300px\" \/><\/a>\n\t\t\t<\/div><\/figure>\n\t\t<\/div>\n\n<p>&nbsp;<\/p>\n<p>Enfin, apr\u00e8s quelques mots de bienvenue et de remerciement, nous avons d\u00e9gust\u00e9 un repas plein de convivialit\u00e9 entre amis.<\/p>\n<p>&nbsp;<\/p>\n<div id='gallery-4' class='gallery galleryid-19103 gallery-columns-3 gallery-size-medium'><figure class='gallery-item'>\n\t\t\t<div class='gallery-icon landscape'>\n\t\t\t\t<a href='https:\/\/blog.tmgrupoinmobiliario.com\/fr\/wp-content\/uploads\/sites\/5\/2022\/04\/LAS-MORERAS-140-11.jpg'><img loading=\"lazy\" decoding=\"async\" width=\"300\" height=\"200\" src=\"https:\/\/blog.tmgrupoinmobiliario.com\/fr\/wp-content\/uploads\/sites\/5\/2022\/04\/LAS-MORERAS-140-11-300x200.jpg\" class=\"attachment-medium size-medium\" alt=\"\" srcset=\"https:\/\/blog.tmgrupoinmobiliario.com\/fr\/wp-content\/uploads\/sites\/5\/2022\/04\/LAS-MORERAS-140-11-300x200.jpg 300w, https:\/\/blog.tmgrupoinmobiliario.com\/fr\/wp-content\/uploads\/sites\/5\/2022\/04\/LAS-MORERAS-140-11-1024x682.jpg 1024w, https:\/\/blog.tmgrupoinmobiliario.com\/fr\/wp-content\/uploads\/sites\/5\/2022\/04\/LAS-MORERAS-140-11-768x512.jpg 768w, https:\/\/blog.tmgrupoinmobiliario.com\/fr\/wp-content\/uploads\/sites\/5\/2022\/04\/LAS-MORERAS-140-11-1536x1024.jpg 1536w, https:\/\/blog.tmgrupoinmobiliario.com\/fr\/wp-content\/uploads\/sites\/5\/2022\/04\/LAS-MORERAS-140-11.jpg 1541w\" sizes=\"auto, (max-width: 300px) 100vw, 300px\" \/><\/a>\n\t\t\t<\/div><\/figure><figure class='gallery-item'>\n\t\t\t<div class='gallery-icon landscape'>\n\t\t\t\t<a href='https:\/\/blog.tmgrupoinmobiliario.com\/fr\/wp-content\/uploads\/sites\/5\/2022\/04\/LAS-MORERAS-1671.jpg'><img loading=\"lazy\" decoding=\"async\" width=\"300\" height=\"200\" src=\"https:\/\/blog.tmgrupoinmobiliario.com\/fr\/wp-content\/uploads\/sites\/5\/2022\/04\/LAS-MORERAS-1671-300x200.jpg\" class=\"attachment-medium size-medium\" alt=\"\" srcset=\"https:\/\/blog.tmgrupoinmobiliario.com\/fr\/wp-content\/uploads\/sites\/5\/2022\/04\/LAS-MORERAS-1671-300x200.jpg 300w, https:\/\/blog.tmgrupoinmobiliario.com\/fr\/wp-content\/uploads\/sites\/5\/2022\/04\/LAS-MORERAS-1671-1024x683.jpg 1024w, https:\/\/blog.tmgrupoinmobiliario.com\/fr\/wp-content\/uploads\/sites\/5\/2022\/04\/LAS-MORERAS-1671-768x512.jpg 768w, https:\/\/blog.tmgrupoinmobiliario.com\/fr\/wp-content\/uploads\/sites\/5\/2022\/04\/LAS-MORERAS-1671-1536x1024.jpg 1536w, https:\/\/blog.tmgrupoinmobiliario.com\/fr\/wp-content\/uploads\/sites\/5\/2022\/04\/LAS-MORERAS-1671-2048x1366.jpg 2048w\" sizes=\"auto, (max-width: 300px) 100vw, 300px\" \/><\/a>\n\t\t\t<\/div><\/figure><figure class='gallery-item'>\n\t\t\t<div class='gallery-icon landscape'>\n\t\t\t\t<a href='https:\/\/blog.tmgrupoinmobiliario.com\/fr\/wp-content\/uploads\/sites\/5\/2022\/04\/LAS-MORERAS-1241.jpg'><img loading=\"lazy\" decoding=\"async\" width=\"300\" height=\"200\" src=\"https:\/\/blog.tmgrupoinmobiliario.com\/fr\/wp-content\/uploads\/sites\/5\/2022\/04\/LAS-MORERAS-1241-300x200.jpg\" class=\"attachment-medium size-medium\" alt=\"\" srcset=\"https:\/\/blog.tmgrupoinmobiliario.com\/fr\/wp-content\/uploads\/sites\/5\/2022\/04\/LAS-MORERAS-1241-300x200.jpg 300w, https:\/\/blog.tmgrupoinmobiliario.com\/fr\/wp-content\/uploads\/sites\/5\/2022\/04\/LAS-MORERAS-1241-1024x683.jpg 1024w, https:\/\/blog.tmgrupoinmobiliario.com\/fr\/wp-content\/uploads\/sites\/5\/2022\/04\/LAS-MORERAS-1241-768x512.jpg 768w, https:\/\/blog.tmgrupoinmobiliario.com\/fr\/wp-content\/uploads\/sites\/5\/2022\/04\/LAS-MORERAS-1241-1536x1024.jpg 1536w, https:\/\/blog.tmgrupoinmobiliario.com\/fr\/wp-content\/uploads\/sites\/5\/2022\/04\/LAS-MORERAS-1241-2048x1366.jpg 2048w\" sizes=\"auto, (max-width: 300px) 100vw, 300px\" \/><\/a>\n\t\t\t<\/div><\/figure>\n\t\t<\/div>\n\n<p>&nbsp;<\/p>\n<p>Voici pour vous quelques images qui r\u00e9sument l&#8217;\u00e9v\u00e9nement :<\/p>\n","protected":false},"excerpt":{"rendered":"<p>Les \u00e9v\u00e9nements TM que nous aimons tant sont de retour ! De vrais moments de rencontres, d\u2019apprentissages et de rires autour desquels tous les membres de la famille TM se retrouvent. L\u2019objectif\u00a0: partager et c\u00e9l\u00e9brer la fa\u00e7on dont le projet grandit et s&#8217;adapte aux probl\u00e9matiques de l\u2019\u00e9poque, tout en restant fid\u00e8le \u00e0 ses valeurs et [&hellip;]<\/p>\n","protected":false},"author":11716,"featured_media":19119,"comment_status":"open","ping_status":"open","sticky":false,"template":"","format":"standard","meta":{"_jetpack_memberships_contains_paid_content":false,"footnotes":""},"categories":[3,18],"tags":[25,31],"class_list":["post-19103","post","type-post","status-publish","format-standard","has-post-thumbnail","hentry","category-actualidad-tm","category-corporativo","tag-tag-all","tag-tag-compromise","formato-comunicacion"],"better_featured_image":{"id":19119,"alt_text":"","caption":"","description":"","media_type":"image","media_details":{"width":2200,"height":1467,"file":"2022\/04\/LAS-MORERAS-101-11.jpg","sizes":{"medium":{"file":"LAS-MORERAS-101-11-300x200.jpg","width":300,"height":200,"mime-type":"image\/jpeg","source_url":"https:\/\/blog.tmgrupoinmobiliario.com\/fr\/wp-content\/uploads\/sites\/5\/2022\/04\/LAS-MORERAS-101-11-300x200.jpg"},"large":{"file":"LAS-MORERAS-101-11-1024x683.jpg","width":1024,"height":683,"mime-type":"image\/jpeg","source_url":"https:\/\/blog.tmgrupoinmobiliario.com\/fr\/wp-content\/uploads\/sites\/5\/2022\/04\/LAS-MORERAS-101-11-1024x683.jpg"},"thumbnail":{"file":"LAS-MORERAS-101-11-150x150.jpg","width":150,"height":150,"mime-type":"image\/jpeg","source_url":"https:\/\/blog.tmgrupoinmobiliario.com\/fr\/wp-content\/uploads\/sites\/5\/2022\/04\/LAS-MORERAS-101-11-150x150.jpg"},"medium_large":{"file":"LAS-MORERAS-101-11-768x512.jpg","width":768,"height":512,"mime-type":"image\/jpeg","source_url":"https:\/\/blog.tmgrupoinmobiliario.com\/fr\/wp-content\/uploads\/sites\/5\/2022\/04\/LAS-MORERAS-101-11-768x512.jpg"},"1536x1536":{"file":"LAS-MORERAS-101-11-1536x1024.jpg","width":1536,"height":1024,"mime-type":"image\/jpeg","source_url":"https:\/\/blog.tmgrupoinmobiliario.com\/fr\/wp-content\/uploads\/sites\/5\/2022\/04\/LAS-MORERAS-101-11-1536x1024.jpg"},"2048x2048":{"file":"LAS-MORERAS-101-11-2048x1366.jpg","width":2048,"height":1366,"mime-type":"image\/jpeg","source_url":"https:\/\/blog.tmgrupoinmobiliario.com\/fr\/wp-content\/uploads\/sites\/5\/2022\/04\/LAS-MORERAS-101-11-2048x1366.jpg"}},"image_meta":{"aperture":"16","credit":"","camera":"ILCE-7M3","caption":"","created_timestamp":"1649500513","copyright":"","focal_length":"50","iso":"160","shutter_speed":"0.01","title":"","orientation":"0","keywords":[]}},"post":19103,"source_url":"https:\/\/blog.tmgrupoinmobiliario.com\/fr\/wp-content\/uploads\/sites\/5\/2022\/04\/LAS-MORERAS-101-11.jpg"},"acf":{"imagen_destacada_desktop":false,"imagen_destacada_mobile":false,"formato":{"term_id":24,"name":"Comunicaci\u00f3n","slug":"comunicacion","term_group":0,"term_taxonomy_id":24,"taxonomy":"formato","description":"","parent":0,"count":89,"filter":"raw"},"entradilla":"","etiquetas":"","cabecera_escritorio":"https:\/\/blog.tmgrupoinmobiliario.com\/fr\/wp-content\/uploads\/sites\/5\/2022\/04\/1200x300-11.jpg","cabecera_mobile":"https:\/\/blog.tmgrupoinmobiliario.com\/fr\/wp-content\/uploads\/sites\/5\/2022\/04\/768x768-11.jpg","galeria":[{"ID":19120,"id":19120,"title":"Las Moreras","filename":"Galeria21.jpg","filesize":30723,"url":"https:\/\/blog.tmgrupoinmobiliario.com\/fr\/wp-content\/uploads\/sites\/5\/2022\/04\/Galeria21.jpg","link":"https:\/\/blog.tmgrupoinmobiliario.com\/fr\/2022\/04\/20\/le-retour-de-la-journee-du-fondateur-chez-tm-real-estate-group\/galeria21\/","alt":"","author":"11716","description":"","caption":"","name":"galeria21","status":"inherit","uploaded_to":19103,"date":"2022-04-20 08:23:37","modified":"2022-04-20 08:23:42","menu_order":0,"mime_type":"image\/jpeg","type":"image","subtype":"jpeg","icon":"https:\/\/blog.tmgrupoinmobiliario.com\/fr\/wp-includes\/images\/media\/default.png","width":1026,"height":768,"sizes":{"thumbnail":"https:\/\/blog.tmgrupoinmobiliario.com\/fr\/wp-content\/uploads\/sites\/5\/2022\/04\/Galeria21-150x150.jpg","thumbnail-width":150,"thumbnail-height":150,"medium":"https:\/\/blog.tmgrupoinmobiliario.com\/fr\/wp-content\/uploads\/sites\/5\/2022\/04\/Galeria21-300x225.jpg","medium-width":300,"medium-height":225,"medium_large":"https:\/\/blog.tmgrupoinmobiliario.com\/fr\/wp-content\/uploads\/sites\/5\/2022\/04\/Galeria21-768x575.jpg","medium_large-width":768,"medium_large-height":575,"large":"https:\/\/blog.tmgrupoinmobiliario.com\/fr\/wp-content\/uploads\/sites\/5\/2022\/04\/Galeria21-1024x767.jpg","large-width":1024,"large-height":767,"1536x1536":"https:\/\/blog.tmgrupoinmobiliario.com\/fr\/wp-content\/uploads\/sites\/5\/2022\/04\/Galeria21.jpg","1536x1536-width":1026,"1536x1536-height":768,"2048x2048":"https:\/\/blog.tmgrupoinmobiliario.com\/fr\/wp-content\/uploads\/sites\/5\/2022\/04\/Galeria21.jpg","2048x2048-width":1026,"2048x2048-height":768}},{"ID":19121,"id":19121,"title":"Las Moreras","filename":"galeria41.jpg","filesize":148683,"url":"https:\/\/blog.tmgrupoinmobiliario.com\/fr\/wp-content\/uploads\/sites\/5\/2022\/04\/galeria41.jpg","link":"https:\/\/blog.tmgrupoinmobiliario.com\/fr\/2022\/04\/20\/le-retour-de-la-journee-du-fondateur-chez-tm-real-estate-group\/galeria41\/","alt":"","author":"11716","description":"","caption":"","name":"galeria41","status":"inherit","uploaded_to":19103,"date":"2022-04-20 08:24:22","modified":"2022-04-20 08:24:27","menu_order":0,"mime_type":"image\/jpeg","type":"image","subtype":"jpeg","icon":"https:\/\/blog.tmgrupoinmobiliario.com\/fr\/wp-includes\/images\/media\/default.png","width":1000,"height":666,"sizes":{"thumbnail":"https:\/\/blog.tmgrupoinmobiliario.com\/fr\/wp-content\/uploads\/sites\/5\/2022\/04\/galeria41-150x150.jpg","thumbnail-width":150,"thumbnail-height":150,"medium":"https:\/\/blog.tmgrupoinmobiliario.com\/fr\/wp-content\/uploads\/sites\/5\/2022\/04\/galeria41-300x200.jpg","medium-width":300,"medium-height":200,"medium_large":"https:\/\/blog.tmgrupoinmobiliario.com\/fr\/wp-content\/uploads\/sites\/5\/2022\/04\/galeria41-768x511.jpg","medium_large-width":768,"medium_large-height":511,"large":"https:\/\/blog.tmgrupoinmobiliario.com\/fr\/wp-content\/uploads\/sites\/5\/2022\/04\/galeria41.jpg","large-width":1000,"large-height":666,"1536x1536":"https:\/\/blog.tmgrupoinmobiliario.com\/fr\/wp-content\/uploads\/sites\/5\/2022\/04\/galeria41.jpg","1536x1536-width":1000,"1536x1536-height":666,"2048x2048":"https:\/\/blog.tmgrupoinmobiliario.com\/fr\/wp-content\/uploads\/sites\/5\/2022\/04\/galeria41.jpg","2048x2048-width":1000,"2048x2048-height":666}},{"ID":19122,"id":19122,"title":"Las Moreras","filename":"Galeria4-11.jpg","filesize":177198,"url":"https:\/\/blog.tmgrupoinmobiliario.com\/fr\/wp-content\/uploads\/sites\/5\/2022\/04\/Galeria4-11.jpg","link":"https:\/\/blog.tmgrupoinmobiliario.com\/fr\/2022\/04\/20\/le-retour-de-la-journee-du-fondateur-chez-tm-real-estate-group\/galeria4-11\/","alt":"","author":"11716","description":"","caption":"","name":"galeria4-11","status":"inherit","uploaded_to":19103,"date":"2022-04-20 08:25:27","modified":"2022-04-20 08:25:32","menu_order":0,"mime_type":"image\/jpeg","type":"image","subtype":"jpeg","icon":"https:\/\/blog.tmgrupoinmobiliario.com\/fr\/wp-includes\/images\/media\/default.png","width":1026,"height":768,"sizes":{"thumbnail":"https:\/\/blog.tmgrupoinmobiliario.com\/fr\/wp-content\/uploads\/sites\/5\/2022\/04\/Galeria4-11-150x150.jpg","thumbnail-width":150,"thumbnail-height":150,"medium":"https:\/\/blog.tmgrupoinmobiliario.com\/fr\/wp-content\/uploads\/sites\/5\/2022\/04\/Galeria4-11-300x225.jpg","medium-width":300,"medium-height":225,"medium_large":"https:\/\/blog.tmgrupoinmobiliario.com\/fr\/wp-content\/uploads\/sites\/5\/2022\/04\/Galeria4-11-768x575.jpg","medium_large-width":768,"medium_large-height":575,"large":"https:\/\/blog.tmgrupoinmobiliario.com\/fr\/wp-content\/uploads\/sites\/5\/2022\/04\/Galeria4-11-1024x767.jpg","large-width":1024,"large-height":767,"1536x1536":"https:\/\/blog.tmgrupoinmobiliario.com\/fr\/wp-content\/uploads\/sites\/5\/2022\/04\/Galeria4-11.jpg","1536x1536-width":1026,"1536x1536-height":768,"2048x2048":"https:\/\/blog.tmgrupoinmobiliario.com\/fr\/wp-content\/uploads\/sites\/5\/2022\/04\/Galeria4-11.jpg","2048x2048-width":1026,"2048x2048-height":768}},{"ID":19123,"id":19123,"title":"Las Moreras","filename":"Galeria11.jpg","filesize":104998,"url":"https:\/\/blog.tmgrupoinmobiliario.com\/fr\/wp-content\/uploads\/sites\/5\/2022\/04\/Galeria11.jpg","link":"https:\/\/blog.tmgrupoinmobiliario.com\/fr\/2022\/04\/20\/le-retour-de-la-journee-du-fondateur-chez-tm-real-estate-group\/galeria11\/","alt":"","author":"11716","description":"","caption":"","name":"galeria11","status":"inherit","uploaded_to":19103,"date":"2022-04-20 08:29:17","modified":"2022-04-20 08:29:23","menu_order":0,"mime_type":"image\/jpeg","type":"image","subtype":"jpeg","icon":"https:\/\/blog.tmgrupoinmobiliario.com\/fr\/wp-includes\/images\/media\/default.png","width":1026,"height":768,"sizes":{"thumbnail":"https:\/\/blog.tmgrupoinmobiliario.com\/fr\/wp-content\/uploads\/sites\/5\/2022\/04\/Galeria11-150x150.jpg","thumbnail-width":150,"thumbnail-height":150,"medium":"https:\/\/blog.tmgrupoinmobiliario.com\/fr\/wp-content\/uploads\/sites\/5\/2022\/04\/Galeria11-300x225.jpg","medium-width":300,"medium-height":225,"medium_large":"https:\/\/blog.tmgrupoinmobiliario.com\/fr\/wp-content\/uploads\/sites\/5\/2022\/04\/Galeria11-768x575.jpg","medium_large-width":768,"medium_large-height":575,"large":"https:\/\/blog.tmgrupoinmobiliario.com\/fr\/wp-content\/uploads\/sites\/5\/2022\/04\/Galeria11-1024x767.jpg","large-width":1024,"large-height":767,"1536x1536":"https:\/\/blog.tmgrupoinmobiliario.com\/fr\/wp-content\/uploads\/sites\/5\/2022\/04\/Galeria11.jpg","1536x1536-width":1026,"1536x1536-height":768,"2048x2048":"https:\/\/blog.tmgrupoinmobiliario.com\/fr\/wp-content\/uploads\/sites\/5\/2022\/04\/Galeria11.jpg","2048x2048-width":1026,"2048x2048-height":768}},{"ID":19126,"id":19126,"title":"Las Moreras","filename":"galeria5-11.jpg","filesize":124873,"url":"https:\/\/blog.tmgrupoinmobiliario.com\/fr\/wp-content\/uploads\/sites\/5\/2022\/04\/galeria5-11.jpg","link":"https:\/\/blog.tmgrupoinmobiliario.com\/fr\/2022\/04\/20\/le-retour-de-la-journee-du-fondateur-chez-tm-real-estate-group\/galeria5-11\/","alt":"","author":"11716","description":"","caption":"","name":"galeria5-11","status":"inherit","uploaded_to":19103,"date":"2022-04-20 08:30:07","modified":"2022-04-20 08:30:12","menu_order":0,"mime_type":"image\/jpeg","type":"image","subtype":"jpeg","icon":"https:\/\/blog.tmgrupoinmobiliario.com\/fr\/wp-includes\/images\/media\/default.png","width":1000,"height":666,"sizes":{"thumbnail":"https:\/\/blog.tmgrupoinmobiliario.com\/fr\/wp-content\/uploads\/sites\/5\/2022\/04\/galeria5-11-150x150.jpg","thumbnail-width":150,"thumbnail-height":150,"medium":"https:\/\/blog.tmgrupoinmobiliario.com\/fr\/wp-content\/uploads\/sites\/5\/2022\/04\/galeria5-11-300x200.jpg","medium-width":300,"medium-height":200,"medium_large":"https:\/\/blog.tmgrupoinmobiliario.com\/fr\/wp-content\/uploads\/sites\/5\/2022\/04\/galeria5-11-768x511.jpg","medium_large-width":768,"medium_large-height":511,"large":"https:\/\/blog.tmgrupoinmobiliario.com\/fr\/wp-content\/uploads\/sites\/5\/2022\/04\/galeria5-11.jpg","large-width":1000,"large-height":666,"1536x1536":"https:\/\/blog.tmgrupoinmobiliario.com\/fr\/wp-content\/uploads\/sites\/5\/2022\/04\/galeria5-11.jpg","1536x1536-width":1000,"1536x1536-height":666,"2048x2048":"https:\/\/blog.tmgrupoinmobiliario.com\/fr\/wp-content\/uploads\/sites\/5\/2022\/04\/galeria5-11.jpg","2048x2048-width":1000,"2048x2048-height":666}},{"ID":19127,"id":19127,"title":"Las Moreras","filename":"galeria6-11.jpg","filesize":117297,"url":"https:\/\/blog.tmgrupoinmobiliario.com\/fr\/wp-content\/uploads\/sites\/5\/2022\/04\/galeria6-11.jpg","link":"https:\/\/blog.tmgrupoinmobiliario.com\/fr\/2022\/04\/20\/le-retour-de-la-journee-du-fondateur-chez-tm-real-estate-group\/galeria6-11\/","alt":"","author":"11716","description":"","caption":"","name":"galeria6-11","status":"inherit","uploaded_to":19103,"date":"2022-04-20 08:32:04","modified":"2022-04-20 08:32:10","menu_order":0,"mime_type":"image\/jpeg","type":"image","subtype":"jpeg","icon":"https:\/\/blog.tmgrupoinmobiliario.com\/fr\/wp-includes\/images\/media\/default.png","width":1000,"height":666,"sizes":{"thumbnail":"https:\/\/blog.tmgrupoinmobiliario.com\/fr\/wp-content\/uploads\/sites\/5\/2022\/04\/galeria6-11-150x150.jpg","thumbnail-width":150,"thumbnail-height":150,"medium":"https:\/\/blog.tmgrupoinmobiliario.com\/fr\/wp-content\/uploads\/sites\/5\/2022\/04\/galeria6-11-300x200.jpg","medium-width":300,"medium-height":200,"medium_large":"https:\/\/blog.tmgrupoinmobiliario.com\/fr\/wp-content\/uploads\/sites\/5\/2022\/04\/galeria6-11-768x511.jpg","medium_large-width":768,"medium_large-height":511,"large":"https:\/\/blog.tmgrupoinmobiliario.com\/fr\/wp-content\/uploads\/sites\/5\/2022\/04\/galeria6-11.jpg","large-width":1000,"large-height":666,"1536x1536":"https:\/\/blog.tmgrupoinmobiliario.com\/fr\/wp-content\/uploads\/sites\/5\/2022\/04\/galeria6-11.jpg","1536x1536-width":1000,"1536x1536-height":666,"2048x2048":"https:\/\/blog.tmgrupoinmobiliario.com\/fr\/wp-content\/uploads\/sites\/5\/2022\/04\/galeria6-11.jpg","2048x2048-width":1000,"2048x2048-height":666}},{"ID":19128,"id":19128,"title":"Las Moreras","filename":"galeria7-11.jpg","filesize":51188,"url":"https:\/\/blog.tmgrupoinmobiliario.com\/fr\/wp-content\/uploads\/sites\/5\/2022\/04\/galeria7-11.jpg","link":"https:\/\/blog.tmgrupoinmobiliario.com\/fr\/2022\/04\/20\/le-retour-de-la-journee-du-fondateur-chez-tm-real-estate-group\/galeria7-11\/","alt":"","author":"11716","description":"","caption":"","name":"galeria7-11","status":"inherit","uploaded_to":19103,"date":"2022-04-20 08:32:54","modified":"2022-04-20 08:32:59","menu_order":0,"mime_type":"image\/jpeg","type":"image","subtype":"jpeg","icon":"https:\/\/blog.tmgrupoinmobiliario.com\/fr\/wp-includes\/images\/media\/default.png","width":1000,"height":666,"sizes":{"thumbnail":"https:\/\/blog.tmgrupoinmobiliario.com\/fr\/wp-content\/uploads\/sites\/5\/2022\/04\/galeria7-11-150x150.jpg","thumbnail-width":150,"thumbnail-height":150,"medium":"https:\/\/blog.tmgrupoinmobiliario.com\/fr\/wp-content\/uploads\/sites\/5\/2022\/04\/galeria7-11-300x200.jpg","medium-width":300,"medium-height":200,"medium_large":"https:\/\/blog.tmgrupoinmobiliario.com\/fr\/wp-content\/uploads\/sites\/5\/2022\/04\/galeria7-11-768x511.jpg","medium_large-width":768,"medium_large-height":511,"large":"https:\/\/blog.tmgrupoinmobiliario.com\/fr\/wp-content\/uploads\/sites\/5\/2022\/04\/galeria7-11.jpg","large-width":1000,"large-height":666,"1536x1536":"https:\/\/blog.tmgrupoinmobiliario.com\/fr\/wp-content\/uploads\/sites\/5\/2022\/04\/galeria7-11.jpg","1536x1536-width":1000,"1536x1536-height":666,"2048x2048":"https:\/\/blog.tmgrupoinmobiliario.com\/fr\/wp-content\/uploads\/sites\/5\/2022\/04\/galeria7-11.jpg","2048x2048-width":1000,"2048x2048-height":666}},{"ID":19124,"id":19124,"title":"Las Moreras","filename":"trabajadores-de-TM2.jpg","filesize":149457,"url":"https:\/\/blog.tmgrupoinmobiliario.com\/fr\/wp-content\/uploads\/sites\/5\/2022\/04\/trabajadores-de-TM2.jpg","link":"https:\/\/blog.tmgrupoinmobiliario.com\/fr\/2022\/04\/20\/le-retour-de-la-journee-du-fondateur-chez-tm-real-estate-group\/trabajadores-de-tm2\/","alt":"","author":"11716","description":"","caption":"","name":"trabajadores-de-tm2","status":"inherit","uploaded_to":19103,"date":"2022-04-20 08:29:36","modified":"2022-04-20 08:29:41","menu_order":0,"mime_type":"image\/jpeg","type":"image","subtype":"jpeg","icon":"https:\/\/blog.tmgrupoinmobiliario.com\/fr\/wp-includes\/images\/media\/default.png","width":1000,"height":666,"sizes":{"thumbnail":"https:\/\/blog.tmgrupoinmobiliario.com\/fr\/wp-content\/uploads\/sites\/5\/2022\/04\/trabajadores-de-TM2-150x150.jpg","thumbnail-width":150,"thumbnail-height":150,"medium":"https:\/\/blog.tmgrupoinmobiliario.com\/fr\/wp-content\/uploads\/sites\/5\/2022\/04\/trabajadores-de-TM2-300x200.jpg","medium-width":300,"medium-height":200,"medium_large":"https:\/\/blog.tmgrupoinmobiliario.com\/fr\/wp-content\/uploads\/sites\/5\/2022\/04\/trabajadores-de-TM2-768x511.jpg","medium_large-width":768,"medium_large-height":511,"large":"https:\/\/blog.tmgrupoinmobiliario.com\/fr\/wp-content\/uploads\/sites\/5\/2022\/04\/trabajadores-de-TM2.jpg","large-width":1000,"large-height":666,"1536x1536":"https:\/\/blog.tmgrupoinmobiliario.com\/fr\/wp-content\/uploads\/sites\/5\/2022\/04\/trabajadores-de-TM2.jpg","1536x1536-width":1000,"1536x1536-height":666,"2048x2048":"https:\/\/blog.tmgrupoinmobiliario.com\/fr\/wp-content\/uploads\/sites\/5\/2022\/04\/trabajadores-de-TM2.jpg","2048x2048-width":1000,"2048x2048-height":666}},{"ID":19125,"id":19125,"title":"Las Moreras","filename":"Agua-con-citricos-de-Las-Moreras1.jpg","filesize":117381,"url":"https:\/\/blog.tmgrupoinmobiliario.com\/fr\/wp-content\/uploads\/sites\/5\/2022\/04\/Agua-con-citricos-de-Las-Moreras1.jpg","link":"https:\/\/blog.tmgrupoinmobiliario.com\/fr\/2022\/04\/20\/le-retour-de-la-journee-du-fondateur-chez-tm-real-estate-group\/agua-con-citricos-de-las-moreras1\/","alt":"","author":"11716","description":"","caption":"","name":"agua-con-citricos-de-las-moreras1","status":"inherit","uploaded_to":19103,"date":"2022-04-20 08:29:48","modified":"2022-04-20 08:29:52","menu_order":0,"mime_type":"image\/jpeg","type":"image","subtype":"jpeg","icon":"https:\/\/blog.tmgrupoinmobiliario.com\/fr\/wp-includes\/images\/media\/default.png","width":1000,"height":666,"sizes":{"thumbnail":"https:\/\/blog.tmgrupoinmobiliario.com\/fr\/wp-content\/uploads\/sites\/5\/2022\/04\/Agua-con-citricos-de-Las-Moreras1-150x150.jpg","thumbnail-width":150,"thumbnail-height":150,"medium":"https:\/\/blog.tmgrupoinmobiliario.com\/fr\/wp-content\/uploads\/sites\/5\/2022\/04\/Agua-con-citricos-de-Las-Moreras1-300x200.jpg","medium-width":300,"medium-height":200,"medium_large":"https:\/\/blog.tmgrupoinmobiliario.com\/fr\/wp-content\/uploads\/sites\/5\/2022\/04\/Agua-con-citricos-de-Las-Moreras1-768x511.jpg","medium_large-width":768,"medium_large-height":511,"large":"https:\/\/blog.tmgrupoinmobiliario.com\/fr\/wp-content\/uploads\/sites\/5\/2022\/04\/Agua-con-citricos-de-Las-Moreras1.jpg","large-width":1000,"large-height":666,"1536x1536":"https:\/\/blog.tmgrupoinmobiliario.com\/fr\/wp-content\/uploads\/sites\/5\/2022\/04\/Agua-con-citricos-de-Las-Moreras1.jpg","1536x1536-width":1000,"1536x1536-height":666,"2048x2048":"https:\/\/blog.tmgrupoinmobiliario.com\/fr\/wp-content\/uploads\/sites\/5\/2022\/04\/Agua-con-citricos-de-Las-Moreras1.jpg","2048x2048-width":1000,"2048x2048-height":666}},{"ID":19129,"id":19129,"title":"Las Moreras","filename":"Galeria52.jpg","filesize":187847,"url":"https:\/\/blog.tmgrupoinmobiliario.com\/fr\/wp-content\/uploads\/sites\/5\/2022\/04\/Galeria52.jpg","link":"https:\/\/blog.tmgrupoinmobiliario.com\/fr\/2022\/04\/20\/le-retour-de-la-journee-du-fondateur-chez-tm-real-estate-group\/galeria52\/","alt":"","author":"11716","description":"","caption":"","name":"galeria52","status":"inherit","uploaded_to":19103,"date":"2022-04-20 08:34:39","modified":"2022-04-20 08:34:44","menu_order":0,"mime_type":"image\/jpeg","type":"image","subtype":"jpeg","icon":"https:\/\/blog.tmgrupoinmobiliario.com\/fr\/wp-includes\/images\/media\/default.png","width":1026,"height":768,"sizes":{"thumbnail":"https:\/\/blog.tmgrupoinmobiliario.com\/fr\/wp-content\/uploads\/sites\/5\/2022\/04\/Galeria52-150x150.jpg","thumbnail-width":150,"thumbnail-height":150,"medium":"https:\/\/blog.tmgrupoinmobiliario.com\/fr\/wp-content\/uploads\/sites\/5\/2022\/04\/Galeria52-300x225.jpg","medium-width":300,"medium-height":225,"medium_large":"https:\/\/blog.tmgrupoinmobiliario.com\/fr\/wp-content\/uploads\/sites\/5\/2022\/04\/Galeria52-768x575.jpg","medium_large-width":768,"medium_large-height":575,"large":"https:\/\/blog.tmgrupoinmobiliario.com\/fr\/wp-content\/uploads\/sites\/5\/2022\/04\/Galeria52-1024x767.jpg","large-width":1024,"large-height":767,"1536x1536":"https:\/\/blog.tmgrupoinmobiliario.com\/fr\/wp-content\/uploads\/sites\/5\/2022\/04\/Galeria52.jpg","1536x1536-width":1026,"1536x1536-height":768,"2048x2048":"https:\/\/blog.tmgrupoinmobiliario.com\/fr\/wp-content\/uploads\/sites\/5\/2022\/04\/Galeria52.jpg","2048x2048-width":1026,"2048x2048-height":768}},{"ID":19130,"id":19130,"title":"Las Moreras","filename":"trabajadores-de-TM-y-sus-familias-durante-la-comida1.jpg","filesize":109953,"url":"https:\/\/blog.tmgrupoinmobiliario.com\/fr\/wp-content\/uploads\/sites\/5\/2022\/04\/trabajadores-de-TM-y-sus-familias-durante-la-comida1.jpg","link":"https:\/\/blog.tmgrupoinmobiliario.com\/fr\/2022\/04\/20\/le-retour-de-la-journee-du-fondateur-chez-tm-real-estate-group\/trabajadores-de-tm-y-sus-familias-durante-la-comida1\/","alt":"","author":"11716","description":"","caption":"","name":"trabajadores-de-tm-y-sus-familias-durante-la-comida1","status":"inherit","uploaded_to":19103,"date":"2022-04-20 08:34:57","modified":"2022-04-20 08:40:21","menu_order":0,"mime_type":"image\/jpeg","type":"image","subtype":"jpeg","icon":"https:\/\/blog.tmgrupoinmobiliario.com\/fr\/wp-includes\/images\/media\/default.png","width":1000,"height":666,"sizes":{"thumbnail":"https:\/\/blog.tmgrupoinmobiliario.com\/fr\/wp-content\/uploads\/sites\/5\/2022\/04\/trabajadores-de-TM-y-sus-familias-durante-la-comida1-150x150.jpg","thumbnail-width":150,"thumbnail-height":150,"medium":"https:\/\/blog.tmgrupoinmobiliario.com\/fr\/wp-content\/uploads\/sites\/5\/2022\/04\/trabajadores-de-TM-y-sus-familias-durante-la-comida1-300x200.jpg","medium-width":300,"medium-height":200,"medium_large":"https:\/\/blog.tmgrupoinmobiliario.com\/fr\/wp-content\/uploads\/sites\/5\/2022\/04\/trabajadores-de-TM-y-sus-familias-durante-la-comida1-768x511.jpg","medium_large-width":768,"medium_large-height":511,"large":"https:\/\/blog.tmgrupoinmobiliario.com\/fr\/wp-content\/uploads\/sites\/5\/2022\/04\/trabajadores-de-TM-y-sus-familias-durante-la-comida1.jpg","large-width":1000,"large-height":666,"1536x1536":"https:\/\/blog.tmgrupoinmobiliario.com\/fr\/wp-content\/uploads\/sites\/5\/2022\/04\/trabajadores-de-TM-y-sus-familias-durante-la-comida1.jpg","1536x1536-width":1000,"1536x1536-height":666,"2048x2048":"https:\/\/blog.tmgrupoinmobiliario.com\/fr\/wp-content\/uploads\/sites\/5\/2022\/04\/trabajadores-de-TM-y-sus-familias-durante-la-comida1.jpg","2048x2048-width":1000,"2048x2048-height":666}},{"ID":19131,"id":19131,"title":"Mesa-de-embutidos[1]","filename":"Mesa-de-embutidos1.jpg","filesize":123599,"url":"https:\/\/blog.tmgrupoinmobiliario.com\/fr\/wp-content\/uploads\/sites\/5\/2022\/04\/Mesa-de-embutidos1.jpg","link":"https:\/\/blog.tmgrupoinmobiliario.com\/fr\/2022\/04\/20\/le-retour-de-la-journee-du-fondateur-chez-tm-real-estate-group\/mesa-de-embutidos1\/","alt":"","author":"11716","description":"","caption":"","name":"mesa-de-embutidos1","status":"inherit","uploaded_to":19103,"date":"2022-04-20 08:39:52","modified":"2022-04-20 08:39:52","menu_order":0,"mime_type":"image\/jpeg","type":"image","subtype":"jpeg","icon":"https:\/\/blog.tmgrupoinmobiliario.com\/fr\/wp-includes\/images\/media\/default.png","width":1000,"height":666,"sizes":{"thumbnail":"https:\/\/blog.tmgrupoinmobiliario.com\/fr\/wp-content\/uploads\/sites\/5\/2022\/04\/Mesa-de-embutidos1-150x150.jpg","thumbnail-width":150,"thumbnail-height":150,"medium":"https:\/\/blog.tmgrupoinmobiliario.com\/fr\/wp-content\/uploads\/sites\/5\/2022\/04\/Mesa-de-embutidos1-300x200.jpg","medium-width":300,"medium-height":200,"medium_large":"https:\/\/blog.tmgrupoinmobiliario.com\/fr\/wp-content\/uploads\/sites\/5\/2022\/04\/Mesa-de-embutidos1-768x511.jpg","medium_large-width":768,"medium_large-height":511,"large":"https:\/\/blog.tmgrupoinmobiliario.com\/fr\/wp-content\/uploads\/sites\/5\/2022\/04\/Mesa-de-embutidos1.jpg","large-width":1000,"large-height":666,"1536x1536":"https:\/\/blog.tmgrupoinmobiliario.com\/fr\/wp-content\/uploads\/sites\/5\/2022\/04\/Mesa-de-embutidos1.jpg","1536x1536-width":1000,"1536x1536-height":666,"2048x2048":"https:\/\/blog.tmgrupoinmobiliario.com\/fr\/wp-content\/uploads\/sites\/5\/2022\/04\/Mesa-de-embutidos1.jpg","2048x2048-width":1000,"2048x2048-height":666}},{"ID":19132,"id":19132,"title":"Las Moreras","filename":"Agua-con-citricos-de-Las-Moreras1-1.jpg","filesize":117381,"url":"https:\/\/blog.tmgrupoinmobiliario.com\/fr\/wp-content\/uploads\/sites\/5\/2022\/04\/Agua-con-citricos-de-Las-Moreras1-1.jpg","link":"https:\/\/blog.tmgrupoinmobiliario.com\/fr\/2022\/04\/20\/le-retour-de-la-journee-du-fondateur-chez-tm-real-estate-group\/agua-con-citricos-de-las-moreras1-2\/","alt":"","author":"11716","description":"","caption":"","name":"agua-con-citricos-de-las-moreras1-2","status":"inherit","uploaded_to":19103,"date":"2022-04-20 08:40:42","modified":"2022-04-20 08:40:48","menu_order":0,"mime_type":"image\/jpeg","type":"image","subtype":"jpeg","icon":"https:\/\/blog.tmgrupoinmobiliario.com\/fr\/wp-includes\/images\/media\/default.png","width":1000,"height":666,"sizes":{"thumbnail":"https:\/\/blog.tmgrupoinmobiliario.com\/fr\/wp-content\/uploads\/sites\/5\/2022\/04\/Agua-con-citricos-de-Las-Moreras1-1-150x150.jpg","thumbnail-width":150,"thumbnail-height":150,"medium":"https:\/\/blog.tmgrupoinmobiliario.com\/fr\/wp-content\/uploads\/sites\/5\/2022\/04\/Agua-con-citricos-de-Las-Moreras1-1-300x200.jpg","medium-width":300,"medium-height":200,"medium_large":"https:\/\/blog.tmgrupoinmobiliario.com\/fr\/wp-content\/uploads\/sites\/5\/2022\/04\/Agua-con-citricos-de-Las-Moreras1-1-768x511.jpg","medium_large-width":768,"medium_large-height":511,"large":"https:\/\/blog.tmgrupoinmobiliario.com\/fr\/wp-content\/uploads\/sites\/5\/2022\/04\/Agua-con-citricos-de-Las-Moreras1-1.jpg","large-width":1000,"large-height":666,"1536x1536":"https:\/\/blog.tmgrupoinmobiliario.com\/fr\/wp-content\/uploads\/sites\/5\/2022\/04\/Agua-con-citricos-de-Las-Moreras1-1.jpg","1536x1536-width":1000,"1536x1536-height":666,"2048x2048":"https:\/\/blog.tmgrupoinmobiliario.com\/fr\/wp-content\/uploads\/sites\/5\/2022\/04\/Agua-con-citricos-de-Las-Moreras1-1.jpg","2048x2048-width":1000,"2048x2048-height":666}}]},"yoast_head":"<!-- This site is optimized with the Yoast SEO Premium plugin v23.6 (Yoast SEO v27.5) - https:\/\/yoast.com\/product\/yoast-seo-premium-wordpress\/ -->\n<title>Le retour de la Journ\u00e9e du Fondateur chez TM Real Estate Group - Francais<\/title>\n<meta name=\"robots\" content=\"index, follow, max-snippet:-1, max-image-preview:large, max-video-preview:-1\" \/>\n<link rel=\"canonical\" href=\"https:\/\/blog.tmgrupoinmobiliario.com\/fr\/2022\/04\/20\/le-retour-de-la-journee-du-fondateur-chez-tm-real-estate-group\/\" \/>\n<meta property=\"og:locale\" content=\"fr_FR\" \/>\n<meta property=\"og:type\" content=\"article\" \/>\n<meta property=\"og:title\" content=\"Le retour de la Journ\u00e9e du Fondateur chez TM Real Estate Group\" \/>\n<meta property=\"og:description\" content=\"Les \u00e9v\u00e9nements TM que nous aimons tant sont de retour ! De vrais moments de rencontres, d\u2019apprentissages et de rires autour desquels tous les membres de la famille TM se retrouvent. L\u2019objectif\u00a0: partager et c\u00e9l\u00e9brer la fa\u00e7on dont le projet grandit et s&#8217;adapte aux probl\u00e9matiques de l\u2019\u00e9poque, tout en restant fid\u00e8le \u00e0 ses valeurs et [&hellip;]\" \/>\n<meta property=\"og:url\" content=\"https:\/\/blog.tmgrupoinmobiliario.com\/fr\/2022\/04\/20\/le-retour-de-la-journee-du-fondateur-chez-tm-real-estate-group\/\" \/>\n<meta property=\"og:site_name\" content=\"Francais\" \/>\n<meta property=\"article:published_time\" content=\"2022-04-20T08:47:22+00:00\" \/>\n<meta property=\"article:modified_time\" content=\"2022-04-20T08:58:53+00:00\" \/>\n<meta property=\"og:image\" content=\"https:\/\/blog.tmgrupoinmobiliario.com\/fr\/wp-content\/uploads\/sites\/5\/2022\/04\/LAS-MORERAS-101-11.jpg\" \/>\n\t<meta property=\"og:image:width\" content=\"2200\" \/>\n\t<meta property=\"og:image:height\" content=\"1467\" \/>\n\t<meta property=\"og:image:type\" content=\"image\/jpeg\" \/>\n<meta name=\"author\" content=\"marina\" \/>\n<meta name=\"twitter:card\" content=\"summary_large_image\" \/>\n<meta name=\"twitter:label1\" content=\"\u00c9crit par\" \/>\n\t<meta name=\"twitter:data1\" content=\"marina\" \/>\n\t<meta name=\"twitter:label2\" content=\"Dur\u00e9e de lecture estim\u00e9e\" \/>\n\t<meta name=\"twitter:data2\" content=\"2 minutes\" \/>\n<script type=\"application\/ld+json\" class=\"yoast-schema-graph\">{\"@context\":\"https:\\\/\\\/schema.org\",\"@graph\":[{\"@type\":\"Article\",\"@id\":\"https:\\\/\\\/blog.tmgrupoinmobiliario.com\\\/fr\\\/2022\\\/04\\\/20\\\/le-retour-de-la-journee-du-fondateur-chez-tm-real-estate-group\\\/#article\",\"isPartOf\":{\"@id\":\"https:\\\/\\\/blog.tmgrupoinmobiliario.com\\\/fr\\\/2022\\\/04\\\/20\\\/le-retour-de-la-journee-du-fondateur-chez-tm-real-estate-group\\\/\"},\"author\":{\"name\":\"marina\",\"@id\":\"https:\\\/\\\/blog.tmgrupoinmobiliario.com\\\/fr\\\/#\\\/schema\\\/person\\\/788477479d35e623ab75c2fb194e7730\"},\"headline\":\"Le retour de la Journ\u00e9e du Fondateur chez TM Real Estate Group\",\"datePublished\":\"2022-04-20T08:47:22+00:00\",\"dateModified\":\"2022-04-20T08:58:53+00:00\",\"mainEntityOfPage\":{\"@id\":\"https:\\\/\\\/blog.tmgrupoinmobiliario.com\\\/fr\\\/2022\\\/04\\\/20\\\/le-retour-de-la-journee-du-fondateur-chez-tm-real-estate-group\\\/\"},\"wordCount\":407,\"commentCount\":0,\"image\":{\"@id\":\"https:\\\/\\\/blog.tmgrupoinmobiliario.com\\\/fr\\\/2022\\\/04\\\/20\\\/le-retour-de-la-journee-du-fondateur-chez-tm-real-estate-group\\\/#primaryimage\"},\"thumbnailUrl\":\"https:\\\/\\\/blog.tmgrupoinmobiliario.com\\\/fr\\\/wp-content\\\/uploads\\\/sites\\\/5\\\/2022\\\/04\\\/LAS-MORERAS-101-11.jpg\",\"keywords\":[\"tag-all\",\"tag-compromise\"],\"articleSection\":[\"Actualit\u00e9 TM\",\"Corporativo\"],\"inLanguage\":\"fr-FR\",\"potentialAction\":[{\"@type\":\"CommentAction\",\"name\":\"Comment\",\"target\":[\"https:\\\/\\\/blog.tmgrupoinmobiliario.com\\\/fr\\\/2022\\\/04\\\/20\\\/le-retour-de-la-journee-du-fondateur-chez-tm-real-estate-group\\\/#respond\"]}]},{\"@type\":\"WebPage\",\"@id\":\"https:\\\/\\\/blog.tmgrupoinmobiliario.com\\\/fr\\\/2022\\\/04\\\/20\\\/le-retour-de-la-journee-du-fondateur-chez-tm-real-estate-group\\\/\",\"url\":\"https:\\\/\\\/blog.tmgrupoinmobiliario.com\\\/fr\\\/2022\\\/04\\\/20\\\/le-retour-de-la-journee-du-fondateur-chez-tm-real-estate-group\\\/\",\"name\":\"Le retour de la Journ\u00e9e du Fondateur chez TM Real Estate Group - Francais\",\"isPartOf\":{\"@id\":\"https:\\\/\\\/blog.tmgrupoinmobiliario.com\\\/fr\\\/#website\"},\"primaryImageOfPage\":{\"@id\":\"https:\\\/\\\/blog.tmgrupoinmobiliario.com\\\/fr\\\/2022\\\/04\\\/20\\\/le-retour-de-la-journee-du-fondateur-chez-tm-real-estate-group\\\/#primaryimage\"},\"image\":{\"@id\":\"https:\\\/\\\/blog.tmgrupoinmobiliario.com\\\/fr\\\/2022\\\/04\\\/20\\\/le-retour-de-la-journee-du-fondateur-chez-tm-real-estate-group\\\/#primaryimage\"},\"thumbnailUrl\":\"https:\\\/\\\/blog.tmgrupoinmobiliario.com\\\/fr\\\/wp-content\\\/uploads\\\/sites\\\/5\\\/2022\\\/04\\\/LAS-MORERAS-101-11.jpg\",\"datePublished\":\"2022-04-20T08:47:22+00:00\",\"dateModified\":\"2022-04-20T08:58:53+00:00\",\"author\":{\"@id\":\"https:\\\/\\\/blog.tmgrupoinmobiliario.com\\\/fr\\\/#\\\/schema\\\/person\\\/788477479d35e623ab75c2fb194e7730\"},\"breadcrumb\":{\"@id\":\"https:\\\/\\\/blog.tmgrupoinmobiliario.com\\\/fr\\\/2022\\\/04\\\/20\\\/le-retour-de-la-journee-du-fondateur-chez-tm-real-estate-group\\\/#breadcrumb\"},\"inLanguage\":\"fr-FR\",\"potentialAction\":[{\"@type\":\"ReadAction\",\"target\":[\"https:\\\/\\\/blog.tmgrupoinmobiliario.com\\\/fr\\\/2022\\\/04\\\/20\\\/le-retour-de-la-journee-du-fondateur-chez-tm-real-estate-group\\\/\"]}]},{\"@type\":\"ImageObject\",\"inLanguage\":\"fr-FR\",\"@id\":\"https:\\\/\\\/blog.tmgrupoinmobiliario.com\\\/fr\\\/2022\\\/04\\\/20\\\/le-retour-de-la-journee-du-fondateur-chez-tm-real-estate-group\\\/#primaryimage\",\"url\":\"https:\\\/\\\/blog.tmgrupoinmobiliario.com\\\/fr\\\/wp-content\\\/uploads\\\/sites\\\/5\\\/2022\\\/04\\\/LAS-MORERAS-101-11.jpg\",\"contentUrl\":\"https:\\\/\\\/blog.tmgrupoinmobiliario.com\\\/fr\\\/wp-content\\\/uploads\\\/sites\\\/5\\\/2022\\\/04\\\/LAS-MORERAS-101-11.jpg\",\"width\":2200,\"height\":1467},{\"@type\":\"BreadcrumbList\",\"@id\":\"https:\\\/\\\/blog.tmgrupoinmobiliario.com\\\/fr\\\/2022\\\/04\\\/20\\\/le-retour-de-la-journee-du-fondateur-chez-tm-real-estate-group\\\/#breadcrumb\",\"itemListElement\":[{\"@type\":\"ListItem\",\"position\":1,\"name\":\"Portada\",\"item\":\"https:\\\/\\\/blog.tmgrupoinmobiliario.com\\\/fr\\\/\"},{\"@type\":\"ListItem\",\"position\":2,\"name\":\"Le retour de la Journ\u00e9e du Fondateur chez TM Real Estate Group\"}]},{\"@type\":\"WebSite\",\"@id\":\"https:\\\/\\\/blog.tmgrupoinmobiliario.com\\\/fr\\\/#website\",\"url\":\"https:\\\/\\\/blog.tmgrupoinmobiliario.com\\\/fr\\\/\",\"name\":\"Francais\",\"description\":\"Otro sitio m\u00e1s de Blog Desarrollo TM sitios\",\"potentialAction\":[{\"@type\":\"SearchAction\",\"target\":{\"@type\":\"EntryPoint\",\"urlTemplate\":\"https:\\\/\\\/blog.tmgrupoinmobiliario.com\\\/fr\\\/?s={search_term_string}\"},\"query-input\":{\"@type\":\"PropertyValueSpecification\",\"valueRequired\":true,\"valueName\":\"search_term_string\"}}],\"inLanguage\":\"fr-FR\"},{\"@type\":\"Person\",\"@id\":\"https:\\\/\\\/blog.tmgrupoinmobiliario.com\\\/fr\\\/#\\\/schema\\\/person\\\/788477479d35e623ab75c2fb194e7730\",\"name\":\"marina\",\"image\":{\"@type\":\"ImageObject\",\"inLanguage\":\"fr-FR\",\"@id\":\"https:\\\/\\\/secure.gravatar.com\\\/avatar\\\/34480839eb5b1bb235efe5be1b7e49218e07e314c17d1fb9ba5183ac5c2c64f3?s=96&d=mm&r=g\",\"url\":\"https:\\\/\\\/secure.gravatar.com\\\/avatar\\\/34480839eb5b1bb235efe5be1b7e49218e07e314c17d1fb9ba5183ac5c2c64f3?s=96&d=mm&r=g\",\"contentUrl\":\"https:\\\/\\\/secure.gravatar.com\\\/avatar\\\/34480839eb5b1bb235efe5be1b7e49218e07e314c17d1fb9ba5183ac5c2c64f3?s=96&d=mm&r=g\",\"caption\":\"marina\"},\"url\":\"https:\\\/\\\/blog.tmgrupoinmobiliario.com\\\/fr\\\/author\\\/marina\\\/\"}]}<\/script>\n<!-- \/ Yoast SEO Premium plugin. -->","yoast_head_json":{"title":"Le retour de la Journ\u00e9e du Fondateur chez TM Real Estate Group - Francais","robots":{"index":"index","follow":"follow","max-snippet":"max-snippet:-1","max-image-preview":"max-image-preview:large","max-video-preview":"max-video-preview:-1"},"canonical":"https:\/\/blog.tmgrupoinmobiliario.com\/fr\/2022\/04\/20\/le-retour-de-la-journee-du-fondateur-chez-tm-real-estate-group\/","og_locale":"fr_FR","og_type":"article","og_title":"Le retour de la Journ\u00e9e du Fondateur chez TM Real Estate Group","og_description":"Les \u00e9v\u00e9nements TM que nous aimons tant sont de retour ! De vrais moments de rencontres, d\u2019apprentissages et de rires autour desquels tous les membres de la famille TM se retrouvent. L\u2019objectif\u00a0: partager et c\u00e9l\u00e9brer la fa\u00e7on dont le projet grandit et s&#8217;adapte aux probl\u00e9matiques de l\u2019\u00e9poque, tout en restant fid\u00e8le \u00e0 ses valeurs et [&hellip;]","og_url":"https:\/\/blog.tmgrupoinmobiliario.com\/fr\/2022\/04\/20\/le-retour-de-la-journee-du-fondateur-chez-tm-real-estate-group\/","og_site_name":"Francais","article_published_time":"2022-04-20T08:47:22+00:00","article_modified_time":"2022-04-20T08:58:53+00:00","og_image":[{"width":2200,"height":1467,"url":"https:\/\/blog.tmgrupoinmobiliario.com\/fr\/wp-content\/uploads\/sites\/5\/2022\/04\/LAS-MORERAS-101-11.jpg","type":"image\/jpeg"}],"author":"marina","twitter_card":"summary_large_image","twitter_misc":{"\u00c9crit par":"marina","Dur\u00e9e de lecture estim\u00e9e":"2 minutes"},"schema":{"@context":"https:\/\/schema.org","@graph":[{"@type":"Article","@id":"https:\/\/blog.tmgrupoinmobiliario.com\/fr\/2022\/04\/20\/le-retour-de-la-journee-du-fondateur-chez-tm-real-estate-group\/#article","isPartOf":{"@id":"https:\/\/blog.tmgrupoinmobiliario.com\/fr\/2022\/04\/20\/le-retour-de-la-journee-du-fondateur-chez-tm-real-estate-group\/"},"author":{"name":"marina","@id":"https:\/\/blog.tmgrupoinmobiliario.com\/fr\/#\/schema\/person\/788477479d35e623ab75c2fb194e7730"},"headline":"Le retour de la Journ\u00e9e du Fondateur chez TM Real Estate Group","datePublished":"2022-04-20T08:47:22+00:00","dateModified":"2022-04-20T08:58:53+00:00","mainEntityOfPage":{"@id":"https:\/\/blog.tmgrupoinmobiliario.com\/fr\/2022\/04\/20\/le-retour-de-la-journee-du-fondateur-chez-tm-real-estate-group\/"},"wordCount":407,"commentCount":0,"image":{"@id":"https:\/\/blog.tmgrupoinmobiliario.com\/fr\/2022\/04\/20\/le-retour-de-la-journee-du-fondateur-chez-tm-real-estate-group\/#primaryimage"},"thumbnailUrl":"https:\/\/blog.tmgrupoinmobiliario.com\/fr\/wp-content\/uploads\/sites\/5\/2022\/04\/LAS-MORERAS-101-11.jpg","keywords":["tag-all","tag-compromise"],"articleSection":["Actualit\u00e9 TM","Corporativo"],"inLanguage":"fr-FR","potentialAction":[{"@type":"CommentAction","name":"Comment","target":["https:\/\/blog.tmgrupoinmobiliario.com\/fr\/2022\/04\/20\/le-retour-de-la-journee-du-fondateur-chez-tm-real-estate-group\/#respond"]}]},{"@type":"WebPage","@id":"https:\/\/blog.tmgrupoinmobiliario.com\/fr\/2022\/04\/20\/le-retour-de-la-journee-du-fondateur-chez-tm-real-estate-group\/","url":"https:\/\/blog.tmgrupoinmobiliario.com\/fr\/2022\/04\/20\/le-retour-de-la-journee-du-fondateur-chez-tm-real-estate-group\/","name":"Le retour de la Journ\u00e9e du Fondateur chez TM Real Estate Group - Francais","isPartOf":{"@id":"https:\/\/blog.tmgrupoinmobiliario.com\/fr\/#website"},"primaryImageOfPage":{"@id":"https:\/\/blog.tmgrupoinmobiliario.com\/fr\/2022\/04\/20\/le-retour-de-la-journee-du-fondateur-chez-tm-real-estate-group\/#primaryimage"},"image":{"@id":"https:\/\/blog.tmgrupoinmobiliario.com\/fr\/2022\/04\/20\/le-retour-de-la-journee-du-fondateur-chez-tm-real-estate-group\/#primaryimage"},"thumbnailUrl":"https:\/\/blog.tmgrupoinmobiliario.com\/fr\/wp-content\/uploads\/sites\/5\/2022\/04\/LAS-MORERAS-101-11.jpg","datePublished":"2022-04-20T08:47:22+00:00","dateModified":"2022-04-20T08:58:53+00:00","author":{"@id":"https:\/\/blog.tmgrupoinmobiliario.com\/fr\/#\/schema\/person\/788477479d35e623ab75c2fb194e7730"},"breadcrumb":{"@id":"https:\/\/blog.tmgrupoinmobiliario.com\/fr\/2022\/04\/20\/le-retour-de-la-journee-du-fondateur-chez-tm-real-estate-group\/#breadcrumb"},"inLanguage":"fr-FR","potentialAction":[{"@type":"ReadAction","target":["https:\/\/blog.tmgrupoinmobiliario.com\/fr\/2022\/04\/20\/le-retour-de-la-journee-du-fondateur-chez-tm-real-estate-group\/"]}]},{"@type":"ImageObject","inLanguage":"fr-FR","@id":"https:\/\/blog.tmgrupoinmobiliario.com\/fr\/2022\/04\/20\/le-retour-de-la-journee-du-fondateur-chez-tm-real-estate-group\/#primaryimage","url":"https:\/\/blog.tmgrupoinmobiliario.com\/fr\/wp-content\/uploads\/sites\/5\/2022\/04\/LAS-MORERAS-101-11.jpg","contentUrl":"https:\/\/blog.tmgrupoinmobiliario.com\/fr\/wp-content\/uploads\/sites\/5\/2022\/04\/LAS-MORERAS-101-11.jpg","width":2200,"height":1467},{"@type":"BreadcrumbList","@id":"https:\/\/blog.tmgrupoinmobiliario.com\/fr\/2022\/04\/20\/le-retour-de-la-journee-du-fondateur-chez-tm-real-estate-group\/#breadcrumb","itemListElement":[{"@type":"ListItem","position":1,"name":"Portada","item":"https:\/\/blog.tmgrupoinmobiliario.com\/fr\/"},{"@type":"ListItem","position":2,"name":"Le retour de la Journ\u00e9e du Fondateur chez TM Real Estate Group"}]},{"@type":"WebSite","@id":"https:\/\/blog.tmgrupoinmobiliario.com\/fr\/#website","url":"https:\/\/blog.tmgrupoinmobiliario.com\/fr\/","name":"Francais","description":"Otro sitio m\u00e1s de Blog Desarrollo TM sitios","potentialAction":[{"@type":"SearchAction","target":{"@type":"EntryPoint","urlTemplate":"https:\/\/blog.tmgrupoinmobiliario.com\/fr\/?s={search_term_string}"},"query-input":{"@type":"PropertyValueSpecification","valueRequired":true,"valueName":"search_term_string"}}],"inLanguage":"fr-FR"},{"@type":"Person","@id":"https:\/\/blog.tmgrupoinmobiliario.com\/fr\/#\/schema\/person\/788477479d35e623ab75c2fb194e7730","name":"marina","image":{"@type":"ImageObject","inLanguage":"fr-FR","@id":"https:\/\/secure.gravatar.com\/avatar\/34480839eb5b1bb235efe5be1b7e49218e07e314c17d1fb9ba5183ac5c2c64f3?s=96&d=mm&r=g","url":"https:\/\/secure.gravatar.com\/avatar\/34480839eb5b1bb235efe5be1b7e49218e07e314c17d1fb9ba5183ac5c2c64f3?s=96&d=mm&r=g","contentUrl":"https:\/\/secure.gravatar.com\/avatar\/34480839eb5b1bb235efe5be1b7e49218e07e314c17d1fb9ba5183ac5c2c64f3?s=96&d=mm&r=g","caption":"marina"},"url":"https:\/\/blog.tmgrupoinmobiliario.com\/fr\/author\/marina\/"}]}},"jetpack_featured_media_url":"https:\/\/blog.tmgrupoinmobiliario.com\/fr\/wp-content\/uploads\/sites\/5\/2022\/04\/LAS-MORERAS-101-11.jpg","jetpack_sharing_enabled":true,"_links":{"self":[{"href":"https:\/\/blog.tmgrupoinmobiliario.com\/fr\/wp-json\/wp\/v2\/posts\/19103","targetHints":{"allow":["GET"]}}],"collection":[{"href":"https:\/\/blog.tmgrupoinmobiliario.com\/fr\/wp-json\/wp\/v2\/posts"}],"about":[{"href":"https:\/\/blog.tmgrupoinmobiliario.com\/fr\/wp-json\/wp\/v2\/types\/post"}],"author":[{"embeddable":true,"href":"https:\/\/blog.tmgrupoinmobiliario.com\/fr\/wp-json\/wp\/v2\/users\/11716"}],"replies":[{"embeddable":true,"href":"https:\/\/blog.tmgrupoinmobiliario.com\/fr\/wp-json\/wp\/v2\/comments?post=19103"}],"version-history":[{"count":2,"href":"https:\/\/blog.tmgrupoinmobiliario.com\/fr\/wp-json\/wp\/v2\/posts\/19103\/revisions"}],"predecessor-version":[{"id":19135,"href":"https:\/\/blog.tmgrupoinmobiliario.com\/fr\/wp-json\/wp\/v2\/posts\/19103\/revisions\/19135"}],"wp:featuredmedia":[{"embeddable":true,"href":"https:\/\/blog.tmgrupoinmobiliario.com\/fr\/wp-json\/wp\/v2\/media\/19119"}],"wp:attachment":[{"href":"https:\/\/blog.tmgrupoinmobiliario.com\/fr\/wp-json\/wp\/v2\/media?parent=19103"}],"wp:term":[{"taxonomy":"category","embeddable":true,"href":"https:\/\/blog.tmgrupoinmobiliario.com\/fr\/wp-json\/wp\/v2\/categories?post=19103"},{"taxonomy":"post_tag","embeddable":true,"href":"https:\/\/blog.tmgrupoinmobiliario.com\/fr\/wp-json\/wp\/v2\/tags?post=19103"}],"curies":[{"name":"wp","href":"https:\/\/api.w.org\/{rel}","templated":true}]}}