{"id":18954,"date":"2021-11-24T19:32:33","date_gmt":"2021-11-24T18:32:33","guid":{"rendered":"https:\/\/blog.tmgrupoinmobiliario.com\/fr\/?p=18954"},"modified":"2021-11-29T10:51:58","modified_gmt":"2021-11-29T09:51:58","slug":"comment-lutter-contre-le-froid-a-la-maison-de-maniere-durable","status":"publish","type":"post","link":"https:\/\/blog.tmgrupoinmobiliario.com\/fr\/2021\/11\/24\/comment-lutter-contre-le-froid-a-la-maison-de-maniere-durable\/","title":{"rendered":"Comment lutter contre le froid \u00e0 la maison de mani\u00e8re durable"},"content":{"rendered":"<p>&nbsp;<\/p>\n<p><span data-contrast=\"auto\">Le froid arrive et, cette ann\u00e9e surtout, chauffer la maison et limiter la facture d&#8217;\u00e9lectricit\u00e9 est devenu une pr\u00e9occupation incontournable. Il faut savoir qu&#8217;il existe des alternatives pour \u00e9conomiser sur votre facture d&#8217;\u00e9lectricit\u00e9 tout en atteignant une temp\u00e9rature agr\u00e9able. D\u00e9couvrez comment y parvenir avec quelques petits changements dans vos habitudes ou votre logement.\u00a0<\/span><span data-ccp-props=\"{&quot;201341983&quot;:0,&quot;335551550&quot;:6,&quot;335551620&quot;:6,&quot;335559739&quot;:160,&quot;335559740&quot;:259}\">\u00a0<\/span><\/p>\n<p>&nbsp;<\/p>\n<p><span style=\"color: #ff0000\"><b>Sols: <\/b>\u00a0<\/span><\/p>\n<p><span data-contrast=\"auto\">Le sol est l&#8217;un des principaux points par lesquels une maison perd de la chaleur, certains types de sols sont plus isolants, si ce n&#8217;est pas le cas du v\u00f4tre, une bonne option est d&#8217;utiliser des tapis. Il vous permettront d\u2019isoler le froid et d\u2019augmenter la sensation de chaleur.\u00a0<\/span><span data-ccp-props=\"{&quot;201341983&quot;:0,&quot;335551550&quot;:6,&quot;335551620&quot;:6,&quot;335559739&quot;:160,&quot;335559740&quot;:259}\">\u00a0<\/span><\/p>\n<p>&nbsp;<\/p>\n<p><span style=\"color: #ff0000\"><b>Lumi\u00e8re du soleil: <\/b>\u00a0<\/span><\/p>\n<p><span data-contrast=\"auto\">Surtout pour ceux qui ont la chance de vivre en zone m\u00e9diterran\u00e9enne. Le grand nombre d&#8217;heures de lumi\u00e8re et de jours ensoleill\u00e9s permet de chauffer la maison de mani\u00e8re naturelle. Par cons\u00e9quent, lorsque le soleil brille sur votre maison, nous vous recommandons d&#8217;ouvrir les stores et les rideaux pour capter la chaleur. De m\u00eame, lorsque le soleil se couche et que la temp\u00e9rature baisse, fermez les rideaux et les stores pour conserver la chaleur.\u00a0<\/span><span data-ccp-props=\"{&quot;201341983&quot;:0,&quot;335551550&quot;:6,&quot;335551620&quot;:6,&quot;335559739&quot;:160,&quot;335559740&quot;:259}\">\u00a0<\/span><\/p>\n<p>&nbsp;<\/p>\n<p><span style=\"color: #ff0000\"><b>Portes: <\/b>\u00a0<\/span><\/p>\n<p><span data-contrast=\"auto\">Cela semble \u00e9vident, mais on ne le fait pas toujours, maintenez les portes ferm\u00e9es, il sera beaucoup plus facile de garder la chaleur dans les pi\u00e8ces de cette mani\u00e8re. En outre, si vous disposez d\u2019un chauffage individualis\u00e9 pour chaque pi\u00e8ce, par exemple des radiateurs, vous pouvez chauffer uniquement les zones dont vous avez besoin et une fois \u00e0 temp\u00e9rature souhait\u00e9e, \u00e9teignez-les en fermant la porte pour conserver la chaleur.\u00a0<\/span><span data-ccp-props=\"{&quot;201341983&quot;:0,&quot;335551550&quot;:6,&quot;335551620&quot;:6,&quot;335559739&quot;:160,&quot;335559740&quot;:259}\">\u00a0<\/span><\/p>\n<p>&nbsp;<\/p>\n<p><span style=\"color: #ff0000\"><b>Murs: <\/b>\u00a0<\/span><\/p>\n<p><span data-contrast=\"auto\">Isoler les murs sans trop d\u00e9penser? Eh bien, vous pouvez par exemple vous servir de biblioth\u00e8ques, de cadres, de peintures murales ou m\u00eame de tissus d&#8217;ameublement pour y parvenir. Vous verrez que cela contribue \u00e0 rendre la pi\u00e8ce moins froide et plus accueillante. <\/span><span data-ccp-props=\"{&quot;201341983&quot;:0,&quot;335551550&quot;:6,&quot;335551620&quot;:6,&quot;335559739&quot;:160,&quot;335559740&quot;:259}\">\u00a0<\/span><\/p>\n<p>&nbsp;<\/p>\n<p><span style=\"color: #ff0000\"><b>Chauffage:<\/b>\u00a0<\/span><\/p>\n<p><span data-contrast=\"auto\">Il est \u00e9vident que le principal moyen de chauffer un logement est le chauffage, ce qui implique \u00e9galement une augmentation consid\u00e9rable de la consommation. Il existe quelques astuces pour \u00e9viter les exc\u00e8s, par exemple: <\/span><span data-ccp-props=\"{&quot;201341983&quot;:0,&quot;335551550&quot;:6,&quot;335551620&quot;:6,&quot;335559739&quot;:160,&quot;335559740&quot;:259}\">\u00a0<\/span><\/p>\n<ul>\n<li data-leveltext=\"-\" data-font=\"Calibri\" data-listid=\"1\" data-aria-posinset=\"0\" data-aria-level=\"1\"><span data-contrast=\"auto\">R\u00e9gulez la temp\u00e9rature pour qu&#8217;elle soit \u00e9quilibr\u00e9e. Un chauffage autour de 22\u00ba pendant la journ\u00e9e suffit \u00e0 maintenir une temp\u00e9rature suffisante la nuit, en appliquant les conseils ci-dessus.\u00a0<\/span><span data-ccp-props=\"{&quot;134233279&quot;:true,&quot;201341983&quot;:0,&quot;335551550&quot;:6,&quot;335551620&quot;:6,&quot;335559739&quot;:160,&quot;335559740&quot;:259}\">\u00a0<\/span><\/li>\n<li data-leveltext=\"-\" data-font=\"Calibri\" data-listid=\"1\" data-aria-posinset=\"0\" data-aria-level=\"1\"><span data-contrast=\"auto\">Utilisez des programmateurs. Ne laissez pas le chauffage allum\u00e9 si vous n\u2019\u00eates pas l\u00e0, r\u00e9glez-le pour qu&#8217;il fonctionne environ une heure avant de rentrer \u00e0 la maison ou une heure avant de vous lever. Ainsi, la maison sera chaude sans avoir \u00e0 le faire fonctionner toute la journ\u00e9e.\u00a0<\/span><span data-ccp-props=\"{&quot;134233279&quot;:true,&quot;201341983&quot;:0,&quot;335551550&quot;:6,&quot;335551620&quot;:6,&quot;335559739&quot;:160,&quot;335559740&quot;:259}\">\u00a0<\/span><\/li>\n<li data-leveltext=\"-\" data-font=\"Calibri\" data-listid=\"1\" data-aria-posinset=\"0\" data-aria-level=\"1\"><a href=\"https:\/\/www.tmgrupoinmobiliario.com\/blog\/fr\/2021\/09\/30\/quest-ce-que-laerothermie-et-comment-affecte-t-elle-la-climatisation-de-votre-maison\/\"><span data-contrast=\"none\">Syst\u00e8mes a\u00e9rothermiques<\/span><\/a><span data-contrast=\"auto\">: l&#8217;a\u00e9rothermie est un syst\u00e8me de climatisation tr\u00e8s efficace et propre qui collecte l&#8217;\u00e9nergie \u00e0 partir de la temp\u00e9rature de l&#8217;air ext\u00e9rieur. De nombreuses propri\u00e9t\u00e9s r\u00e9sidentielles de TM Grupo Inmobiliario sont \u00e9quip\u00e9es de ce syst\u00e8me qui consomme moins d&#8217;\u00e9nergie que les syst\u00e8mes de chauffage traditionnels.\u00a0<\/span><span data-ccp-props=\"{&quot;134233279&quot;:true,&quot;201341983&quot;:0,&quot;335551550&quot;:6,&quot;335551620&quot;:6,&quot;335559739&quot;:160,&quot;335559740&quot;:259}\">\u00a0<\/span><\/li>\n<\/ul>\n<p><span data-contrast=\"auto\">Ce ne sont l\u00e0 que quelques-unes des options qui, selon nous, peuvent vous aider cet hiver. Connaissez-vous d&#8217;autres solutions? Utilisez-vous des \u00e9nergies renouvelables pour chauffer votre maison? Racontez-nous! <\/span><span data-ccp-props=\"{&quot;201341983&quot;:0,&quot;335551550&quot;:6,&quot;335551620&quot;:6,&quot;335559739&quot;:160,&quot;335559740&quot;:259}\">\u00a0<\/span><\/p>\n","protected":false},"excerpt":{"rendered":"<p>&nbsp; Le froid arrive et, cette ann\u00e9e surtout, chauffer la maison et limiter la facture d&#8217;\u00e9lectricit\u00e9 est devenu une pr\u00e9occupation incontournable. Il faut savoir qu&#8217;il existe des alternatives pour \u00e9conomiser sur votre facture d&#8217;\u00e9lectricit\u00e9 tout en atteignant une temp\u00e9rature agr\u00e9able. D\u00e9couvrez comment y parvenir avec quelques petits changements dans vos habitudes ou votre logement.\u00a0\u00a0 &nbsp; [&hellip;]<\/p>\n","protected":false},"author":11710,"featured_media":18956,"comment_status":"open","ping_status":"open","sticky":false,"template":"","format":"standard","meta":{"_jetpack_memberships_contains_paid_content":false,"footnotes":""},"categories":[16],"tags":[],"class_list":["post-18954","post","type-post","status-publish","format-standard","has-post-thumbnail","hentry","category-life-style","formato-blog"],"better_featured_image":{"id":18956,"alt_text":"S\u00e9jour avec syst\u00e8me de chauffage.","caption":"","description":"","media_type":"image","media_details":{"width":1000,"height":666,"file":"2021\/11\/como-combatir-el-frio-en-casa-de-manera-sostenible-1000x666-1.jpg","sizes":{"medium":{"file":"como-combatir-el-frio-en-casa-de-manera-sostenible-1000x666-1-300x200.jpg","width":300,"height":200,"mime-type":"image\/jpeg","source_url":"https:\/\/blog.tmgrupoinmobiliario.com\/fr\/wp-content\/uploads\/sites\/5\/2021\/11\/como-combatir-el-frio-en-casa-de-manera-sostenible-1000x666-1-300x200.jpg"},"thumbnail":{"file":"como-combatir-el-frio-en-casa-de-manera-sostenible-1000x666-1-150x150.jpg","width":150,"height":150,"mime-type":"image\/jpeg","source_url":"https:\/\/blog.tmgrupoinmobiliario.com\/fr\/wp-content\/uploads\/sites\/5\/2021\/11\/como-combatir-el-frio-en-casa-de-manera-sostenible-1000x666-1-150x150.jpg"},"medium_large":{"file":"como-combatir-el-frio-en-casa-de-manera-sostenible-1000x666-1-768x511.jpg","width":768,"height":511,"mime-type":"image\/jpeg","source_url":"https:\/\/blog.tmgrupoinmobiliario.com\/fr\/wp-content\/uploads\/sites\/5\/2021\/11\/como-combatir-el-frio-en-casa-de-manera-sostenible-1000x666-1-768x511.jpg"}},"image_meta":{"aperture":"0","credit":"","camera":"","caption":"","created_timestamp":"0","copyright":"","focal_length":"0","iso":"0","shutter_speed":"0","title":"","orientation":"1","keywords":[]}},"post":18954,"source_url":"https:\/\/blog.tmgrupoinmobiliario.com\/fr\/wp-content\/uploads\/sites\/5\/2021\/11\/como-combatir-el-frio-en-casa-de-manera-sostenible-1000x666-1.jpg"},"acf":{"imagen_destacada_desktop":false,"imagen_destacada_mobile":false,"formato":{"term_id":37,"name":"Blog","slug":"blog","term_group":0,"term_taxonomy_id":37,"taxonomy":"formato","description":"","parent":0,"count":110,"filter":"raw"},"entradilla":"","etiquetas":"","cabecera_escritorio":"https:\/\/blog.tmgrupoinmobiliario.com\/fr\/wp-content\/uploads\/sites\/5\/2021\/11\/como-combatir-el-frio-en-casa-de-manera-sostenible-1200x300-2.jpg","cabecera_mobile":"https:\/\/blog.tmgrupoinmobiliario.com\/fr\/wp-content\/uploads\/sites\/5\/2021\/11\/como-combatir-el-frio-en-casa-de-manera-sostenible-768x768-1.jpg","galeria":false},"yoast_head":"<!-- This site is optimized with the Yoast SEO Premium plugin v23.6 (Yoast SEO v27.5) - https:\/\/yoast.com\/product\/yoast-seo-premium-wordpress\/ -->\n<title>Comment lutter contre le froid \u00e0 la maison de mani\u00e8re durable - Francais<\/title>\n<meta name=\"description\" content=\"Le froid arrive et, cette ann\u00e9e surtout, chauffer la maison et limiter la facture d&#039;\u00e9lectricit\u00e9 est devenu une pr\u00e9occupation incontournable.\" \/>\n<meta name=\"robots\" content=\"index, follow, max-snippet:-1, max-image-preview:large, max-video-preview:-1\" \/>\n<link rel=\"canonical\" href=\"https:\/\/blog.tmgrupoinmobiliario.com\/fr\/2021\/11\/24\/comment-lutter-contre-le-froid-a-la-maison-de-maniere-durable\/\" \/>\n<meta property=\"og:locale\" content=\"fr_FR\" \/>\n<meta property=\"og:type\" content=\"article\" \/>\n<meta property=\"og:title\" content=\"Comment lutter contre le froid \u00e0 la maison de mani\u00e8re durable\" \/>\n<meta property=\"og:description\" content=\"Le froid arrive et, cette ann\u00e9e surtout, chauffer la maison et limiter la facture d&#039;\u00e9lectricit\u00e9 est devenu une pr\u00e9occupation incontournable.\" \/>\n<meta property=\"og:url\" content=\"https:\/\/blog.tmgrupoinmobiliario.com\/fr\/2021\/11\/24\/comment-lutter-contre-le-froid-a-la-maison-de-maniere-durable\/\" \/>\n<meta property=\"og:site_name\" content=\"Francais\" \/>\n<meta property=\"article:published_time\" content=\"2021-11-24T18:32:33+00:00\" \/>\n<meta property=\"article:modified_time\" content=\"2021-11-29T09:51:58+00:00\" \/>\n<meta property=\"og:image\" content=\"https:\/\/blog.tmgrupoinmobiliario.com\/fr\/wp-content\/uploads\/sites\/5\/2021\/11\/como-combatir-el-frio-en-casa-de-manera-sostenible-1000x666-1.jpg\" \/>\n\t<meta property=\"og:image:width\" content=\"1000\" \/>\n\t<meta property=\"og:image:height\" content=\"666\" \/>\n\t<meta property=\"og:image:type\" content=\"image\/jpeg\" \/>\n<meta name=\"author\" content=\"alberto\" \/>\n<meta name=\"twitter:card\" content=\"summary_large_image\" \/>\n<meta name=\"twitter:label1\" content=\"\u00c9crit par\" \/>\n\t<meta name=\"twitter:data1\" content=\"alberto\" \/>\n\t<meta name=\"twitter:label2\" content=\"Dur\u00e9e de lecture estim\u00e9e\" \/>\n\t<meta name=\"twitter:data2\" content=\"3 minutes\" \/>\n<script type=\"application\/ld+json\" class=\"yoast-schema-graph\">{\"@context\":\"https:\\\/\\\/schema.org\",\"@graph\":[{\"@type\":\"Article\",\"@id\":\"https:\\\/\\\/blog.tmgrupoinmobiliario.com\\\/fr\\\/2021\\\/11\\\/24\\\/comment-lutter-contre-le-froid-a-la-maison-de-maniere-durable\\\/#article\",\"isPartOf\":{\"@id\":\"https:\\\/\\\/blog.tmgrupoinmobiliario.com\\\/fr\\\/2021\\\/11\\\/24\\\/comment-lutter-contre-le-froid-a-la-maison-de-maniere-durable\\\/\"},\"author\":{\"name\":\"alberto\",\"@id\":\"https:\\\/\\\/blog.tmgrupoinmobiliario.com\\\/fr\\\/#\\\/schema\\\/person\\\/4059e96ae5aca6723920ee59eef29527\"},\"headline\":\"Comment lutter contre le froid \u00e0 la maison de mani\u00e8re durable\",\"datePublished\":\"2021-11-24T18:32:33+00:00\",\"dateModified\":\"2021-11-29T09:51:58+00:00\",\"mainEntityOfPage\":{\"@id\":\"https:\\\/\\\/blog.tmgrupoinmobiliario.com\\\/fr\\\/2021\\\/11\\\/24\\\/comment-lutter-contre-le-froid-a-la-maison-de-maniere-durable\\\/\"},\"wordCount\":556,\"commentCount\":0,\"image\":{\"@id\":\"https:\\\/\\\/blog.tmgrupoinmobiliario.com\\\/fr\\\/2021\\\/11\\\/24\\\/comment-lutter-contre-le-froid-a-la-maison-de-maniere-durable\\\/#primaryimage\"},\"thumbnailUrl\":\"https:\\\/\\\/blog.tmgrupoinmobiliario.com\\\/fr\\\/wp-content\\\/uploads\\\/sites\\\/5\\\/2021\\\/11\\\/como-combatir-el-frio-en-casa-de-manera-sostenible-1000x666-1.jpg\",\"articleSection\":[\"Life Style\"],\"inLanguage\":\"fr-FR\",\"potentialAction\":[{\"@type\":\"CommentAction\",\"name\":\"Comment\",\"target\":[\"https:\\\/\\\/blog.tmgrupoinmobiliario.com\\\/fr\\\/2021\\\/11\\\/24\\\/comment-lutter-contre-le-froid-a-la-maison-de-maniere-durable\\\/#respond\"]}]},{\"@type\":\"WebPage\",\"@id\":\"https:\\\/\\\/blog.tmgrupoinmobiliario.com\\\/fr\\\/2021\\\/11\\\/24\\\/comment-lutter-contre-le-froid-a-la-maison-de-maniere-durable\\\/\",\"url\":\"https:\\\/\\\/blog.tmgrupoinmobiliario.com\\\/fr\\\/2021\\\/11\\\/24\\\/comment-lutter-contre-le-froid-a-la-maison-de-maniere-durable\\\/\",\"name\":\"Comment lutter contre le froid \u00e0 la maison de mani\u00e8re durable - Francais\",\"isPartOf\":{\"@id\":\"https:\\\/\\\/blog.tmgrupoinmobiliario.com\\\/fr\\\/#website\"},\"primaryImageOfPage\":{\"@id\":\"https:\\\/\\\/blog.tmgrupoinmobiliario.com\\\/fr\\\/2021\\\/11\\\/24\\\/comment-lutter-contre-le-froid-a-la-maison-de-maniere-durable\\\/#primaryimage\"},\"image\":{\"@id\":\"https:\\\/\\\/blog.tmgrupoinmobiliario.com\\\/fr\\\/2021\\\/11\\\/24\\\/comment-lutter-contre-le-froid-a-la-maison-de-maniere-durable\\\/#primaryimage\"},\"thumbnailUrl\":\"https:\\\/\\\/blog.tmgrupoinmobiliario.com\\\/fr\\\/wp-content\\\/uploads\\\/sites\\\/5\\\/2021\\\/11\\\/como-combatir-el-frio-en-casa-de-manera-sostenible-1000x666-1.jpg\",\"datePublished\":\"2021-11-24T18:32:33+00:00\",\"dateModified\":\"2021-11-29T09:51:58+00:00\",\"author\":{\"@id\":\"https:\\\/\\\/blog.tmgrupoinmobiliario.com\\\/fr\\\/#\\\/schema\\\/person\\\/4059e96ae5aca6723920ee59eef29527\"},\"description\":\"Le froid arrive et, cette ann\u00e9e surtout, chauffer la maison et limiter la facture d'\u00e9lectricit\u00e9 est devenu une pr\u00e9occupation incontournable.\",\"breadcrumb\":{\"@id\":\"https:\\\/\\\/blog.tmgrupoinmobiliario.com\\\/fr\\\/2021\\\/11\\\/24\\\/comment-lutter-contre-le-froid-a-la-maison-de-maniere-durable\\\/#breadcrumb\"},\"inLanguage\":\"fr-FR\",\"potentialAction\":[{\"@type\":\"ReadAction\",\"target\":[\"https:\\\/\\\/blog.tmgrupoinmobiliario.com\\\/fr\\\/2021\\\/11\\\/24\\\/comment-lutter-contre-le-froid-a-la-maison-de-maniere-durable\\\/\"]}]},{\"@type\":\"ImageObject\",\"inLanguage\":\"fr-FR\",\"@id\":\"https:\\\/\\\/blog.tmgrupoinmobiliario.com\\\/fr\\\/2021\\\/11\\\/24\\\/comment-lutter-contre-le-froid-a-la-maison-de-maniere-durable\\\/#primaryimage\",\"url\":\"https:\\\/\\\/blog.tmgrupoinmobiliario.com\\\/fr\\\/wp-content\\\/uploads\\\/sites\\\/5\\\/2021\\\/11\\\/como-combatir-el-frio-en-casa-de-manera-sostenible-1000x666-1.jpg\",\"contentUrl\":\"https:\\\/\\\/blog.tmgrupoinmobiliario.com\\\/fr\\\/wp-content\\\/uploads\\\/sites\\\/5\\\/2021\\\/11\\\/como-combatir-el-frio-en-casa-de-manera-sostenible-1000x666-1.jpg\",\"width\":1000,\"height\":666,\"caption\":\"S\u00e9jour avec syst\u00e8me de chauffage.\"},{\"@type\":\"BreadcrumbList\",\"@id\":\"https:\\\/\\\/blog.tmgrupoinmobiliario.com\\\/fr\\\/2021\\\/11\\\/24\\\/comment-lutter-contre-le-froid-a-la-maison-de-maniere-durable\\\/#breadcrumb\",\"itemListElement\":[{\"@type\":\"ListItem\",\"position\":1,\"name\":\"Portada\",\"item\":\"https:\\\/\\\/blog.tmgrupoinmobiliario.com\\\/fr\\\/\"},{\"@type\":\"ListItem\",\"position\":2,\"name\":\"Comment lutter contre le froid \u00e0 la maison de mani\u00e8re durable\"}]},{\"@type\":\"WebSite\",\"@id\":\"https:\\\/\\\/blog.tmgrupoinmobiliario.com\\\/fr\\\/#website\",\"url\":\"https:\\\/\\\/blog.tmgrupoinmobiliario.com\\\/fr\\\/\",\"name\":\"Francais\",\"description\":\"Otro sitio m\u00e1s de Blog Desarrollo TM sitios\",\"potentialAction\":[{\"@type\":\"SearchAction\",\"target\":{\"@type\":\"EntryPoint\",\"urlTemplate\":\"https:\\\/\\\/blog.tmgrupoinmobiliario.com\\\/fr\\\/?s={search_term_string}\"},\"query-input\":{\"@type\":\"PropertyValueSpecification\",\"valueRequired\":true,\"valueName\":\"search_term_string\"}}],\"inLanguage\":\"fr-FR\"},{\"@type\":\"Person\",\"@id\":\"https:\\\/\\\/blog.tmgrupoinmobiliario.com\\\/fr\\\/#\\\/schema\\\/person\\\/4059e96ae5aca6723920ee59eef29527\",\"name\":\"alberto\",\"image\":{\"@type\":\"ImageObject\",\"inLanguage\":\"fr-FR\",\"@id\":\"https:\\\/\\\/secure.gravatar.com\\\/avatar\\\/06c6cde3178430a549915eadb7c401c2bc823ad9e7a52cee2719f7299538c934?s=96&d=mm&r=g\",\"url\":\"https:\\\/\\\/secure.gravatar.com\\\/avatar\\\/06c6cde3178430a549915eadb7c401c2bc823ad9e7a52cee2719f7299538c934?s=96&d=mm&r=g\",\"contentUrl\":\"https:\\\/\\\/secure.gravatar.com\\\/avatar\\\/06c6cde3178430a549915eadb7c401c2bc823ad9e7a52cee2719f7299538c934?s=96&d=mm&r=g\",\"caption\":\"alberto\"},\"url\":\"https:\\\/\\\/blog.tmgrupoinmobiliario.com\\\/fr\\\/author\\\/alberto\\\/\"}]}<\/script>\n<!-- \/ Yoast SEO Premium plugin. -->","yoast_head_json":{"title":"Comment lutter contre le froid \u00e0 la maison de mani\u00e8re durable - Francais","description":"Le froid arrive et, cette ann\u00e9e surtout, chauffer la maison et limiter la facture d'\u00e9lectricit\u00e9 est devenu une pr\u00e9occupation incontournable.","robots":{"index":"index","follow":"follow","max-snippet":"max-snippet:-1","max-image-preview":"max-image-preview:large","max-video-preview":"max-video-preview:-1"},"canonical":"https:\/\/blog.tmgrupoinmobiliario.com\/fr\/2021\/11\/24\/comment-lutter-contre-le-froid-a-la-maison-de-maniere-durable\/","og_locale":"fr_FR","og_type":"article","og_title":"Comment lutter contre le froid \u00e0 la maison de mani\u00e8re durable","og_description":"Le froid arrive et, cette ann\u00e9e surtout, chauffer la maison et limiter la facture d'\u00e9lectricit\u00e9 est devenu une pr\u00e9occupation incontournable.","og_url":"https:\/\/blog.tmgrupoinmobiliario.com\/fr\/2021\/11\/24\/comment-lutter-contre-le-froid-a-la-maison-de-maniere-durable\/","og_site_name":"Francais","article_published_time":"2021-11-24T18:32:33+00:00","article_modified_time":"2021-11-29T09:51:58+00:00","og_image":[{"width":1000,"height":666,"url":"https:\/\/blog.tmgrupoinmobiliario.com\/fr\/wp-content\/uploads\/sites\/5\/2021\/11\/como-combatir-el-frio-en-casa-de-manera-sostenible-1000x666-1.jpg","type":"image\/jpeg"}],"author":"alberto","twitter_card":"summary_large_image","twitter_misc":{"\u00c9crit par":"alberto","Dur\u00e9e de lecture estim\u00e9e":"3 minutes"},"schema":{"@context":"https:\/\/schema.org","@graph":[{"@type":"Article","@id":"https:\/\/blog.tmgrupoinmobiliario.com\/fr\/2021\/11\/24\/comment-lutter-contre-le-froid-a-la-maison-de-maniere-durable\/#article","isPartOf":{"@id":"https:\/\/blog.tmgrupoinmobiliario.com\/fr\/2021\/11\/24\/comment-lutter-contre-le-froid-a-la-maison-de-maniere-durable\/"},"author":{"name":"alberto","@id":"https:\/\/blog.tmgrupoinmobiliario.com\/fr\/#\/schema\/person\/4059e96ae5aca6723920ee59eef29527"},"headline":"Comment lutter contre le froid \u00e0 la maison de mani\u00e8re durable","datePublished":"2021-11-24T18:32:33+00:00","dateModified":"2021-11-29T09:51:58+00:00","mainEntityOfPage":{"@id":"https:\/\/blog.tmgrupoinmobiliario.com\/fr\/2021\/11\/24\/comment-lutter-contre-le-froid-a-la-maison-de-maniere-durable\/"},"wordCount":556,"commentCount":0,"image":{"@id":"https:\/\/blog.tmgrupoinmobiliario.com\/fr\/2021\/11\/24\/comment-lutter-contre-le-froid-a-la-maison-de-maniere-durable\/#primaryimage"},"thumbnailUrl":"https:\/\/blog.tmgrupoinmobiliario.com\/fr\/wp-content\/uploads\/sites\/5\/2021\/11\/como-combatir-el-frio-en-casa-de-manera-sostenible-1000x666-1.jpg","articleSection":["Life Style"],"inLanguage":"fr-FR","potentialAction":[{"@type":"CommentAction","name":"Comment","target":["https:\/\/blog.tmgrupoinmobiliario.com\/fr\/2021\/11\/24\/comment-lutter-contre-le-froid-a-la-maison-de-maniere-durable\/#respond"]}]},{"@type":"WebPage","@id":"https:\/\/blog.tmgrupoinmobiliario.com\/fr\/2021\/11\/24\/comment-lutter-contre-le-froid-a-la-maison-de-maniere-durable\/","url":"https:\/\/blog.tmgrupoinmobiliario.com\/fr\/2021\/11\/24\/comment-lutter-contre-le-froid-a-la-maison-de-maniere-durable\/","name":"Comment lutter contre le froid \u00e0 la maison de mani\u00e8re durable - Francais","isPartOf":{"@id":"https:\/\/blog.tmgrupoinmobiliario.com\/fr\/#website"},"primaryImageOfPage":{"@id":"https:\/\/blog.tmgrupoinmobiliario.com\/fr\/2021\/11\/24\/comment-lutter-contre-le-froid-a-la-maison-de-maniere-durable\/#primaryimage"},"image":{"@id":"https:\/\/blog.tmgrupoinmobiliario.com\/fr\/2021\/11\/24\/comment-lutter-contre-le-froid-a-la-maison-de-maniere-durable\/#primaryimage"},"thumbnailUrl":"https:\/\/blog.tmgrupoinmobiliario.com\/fr\/wp-content\/uploads\/sites\/5\/2021\/11\/como-combatir-el-frio-en-casa-de-manera-sostenible-1000x666-1.jpg","datePublished":"2021-11-24T18:32:33+00:00","dateModified":"2021-11-29T09:51:58+00:00","author":{"@id":"https:\/\/blog.tmgrupoinmobiliario.com\/fr\/#\/schema\/person\/4059e96ae5aca6723920ee59eef29527"},"description":"Le froid arrive et, cette ann\u00e9e surtout, chauffer la maison et limiter la facture d'\u00e9lectricit\u00e9 est devenu une pr\u00e9occupation incontournable.","breadcrumb":{"@id":"https:\/\/blog.tmgrupoinmobiliario.com\/fr\/2021\/11\/24\/comment-lutter-contre-le-froid-a-la-maison-de-maniere-durable\/#breadcrumb"},"inLanguage":"fr-FR","potentialAction":[{"@type":"ReadAction","target":["https:\/\/blog.tmgrupoinmobiliario.com\/fr\/2021\/11\/24\/comment-lutter-contre-le-froid-a-la-maison-de-maniere-durable\/"]}]},{"@type":"ImageObject","inLanguage":"fr-FR","@id":"https:\/\/blog.tmgrupoinmobiliario.com\/fr\/2021\/11\/24\/comment-lutter-contre-le-froid-a-la-maison-de-maniere-durable\/#primaryimage","url":"https:\/\/blog.tmgrupoinmobiliario.com\/fr\/wp-content\/uploads\/sites\/5\/2021\/11\/como-combatir-el-frio-en-casa-de-manera-sostenible-1000x666-1.jpg","contentUrl":"https:\/\/blog.tmgrupoinmobiliario.com\/fr\/wp-content\/uploads\/sites\/5\/2021\/11\/como-combatir-el-frio-en-casa-de-manera-sostenible-1000x666-1.jpg","width":1000,"height":666,"caption":"S\u00e9jour avec syst\u00e8me de chauffage."},{"@type":"BreadcrumbList","@id":"https:\/\/blog.tmgrupoinmobiliario.com\/fr\/2021\/11\/24\/comment-lutter-contre-le-froid-a-la-maison-de-maniere-durable\/#breadcrumb","itemListElement":[{"@type":"ListItem","position":1,"name":"Portada","item":"https:\/\/blog.tmgrupoinmobiliario.com\/fr\/"},{"@type":"ListItem","position":2,"name":"Comment lutter contre le froid \u00e0 la maison de mani\u00e8re durable"}]},{"@type":"WebSite","@id":"https:\/\/blog.tmgrupoinmobiliario.com\/fr\/#website","url":"https:\/\/blog.tmgrupoinmobiliario.com\/fr\/","name":"Francais","description":"Otro sitio m\u00e1s de Blog Desarrollo TM sitios","potentialAction":[{"@type":"SearchAction","target":{"@type":"EntryPoint","urlTemplate":"https:\/\/blog.tmgrupoinmobiliario.com\/fr\/?s={search_term_string}"},"query-input":{"@type":"PropertyValueSpecification","valueRequired":true,"valueName":"search_term_string"}}],"inLanguage":"fr-FR"},{"@type":"Person","@id":"https:\/\/blog.tmgrupoinmobiliario.com\/fr\/#\/schema\/person\/4059e96ae5aca6723920ee59eef29527","name":"alberto","image":{"@type":"ImageObject","inLanguage":"fr-FR","@id":"https:\/\/secure.gravatar.com\/avatar\/06c6cde3178430a549915eadb7c401c2bc823ad9e7a52cee2719f7299538c934?s=96&d=mm&r=g","url":"https:\/\/secure.gravatar.com\/avatar\/06c6cde3178430a549915eadb7c401c2bc823ad9e7a52cee2719f7299538c934?s=96&d=mm&r=g","contentUrl":"https:\/\/secure.gravatar.com\/avatar\/06c6cde3178430a549915eadb7c401c2bc823ad9e7a52cee2719f7299538c934?s=96&d=mm&r=g","caption":"alberto"},"url":"https:\/\/blog.tmgrupoinmobiliario.com\/fr\/author\/alberto\/"}]}},"jetpack_featured_media_url":"https:\/\/blog.tmgrupoinmobiliario.com\/fr\/wp-content\/uploads\/sites\/5\/2021\/11\/como-combatir-el-frio-en-casa-de-manera-sostenible-1000x666-1.jpg","jetpack_sharing_enabled":true,"_links":{"self":[{"href":"https:\/\/blog.tmgrupoinmobiliario.com\/fr\/wp-json\/wp\/v2\/posts\/18954","targetHints":{"allow":["GET"]}}],"collection":[{"href":"https:\/\/blog.tmgrupoinmobiliario.com\/fr\/wp-json\/wp\/v2\/posts"}],"about":[{"href":"https:\/\/blog.tmgrupoinmobiliario.com\/fr\/wp-json\/wp\/v2\/types\/post"}],"author":[{"embeddable":true,"href":"https:\/\/blog.tmgrupoinmobiliario.com\/fr\/wp-json\/wp\/v2\/users\/11710"}],"replies":[{"embeddable":true,"href":"https:\/\/blog.tmgrupoinmobiliario.com\/fr\/wp-json\/wp\/v2\/comments?post=18954"}],"version-history":[{"count":3,"href":"https:\/\/blog.tmgrupoinmobiliario.com\/fr\/wp-json\/wp\/v2\/posts\/18954\/revisions"}],"predecessor-version":[{"id":18963,"href":"https:\/\/blog.tmgrupoinmobiliario.com\/fr\/wp-json\/wp\/v2\/posts\/18954\/revisions\/18963"}],"wp:featuredmedia":[{"embeddable":true,"href":"https:\/\/blog.tmgrupoinmobiliario.com\/fr\/wp-json\/wp\/v2\/media\/18956"}],"wp:attachment":[{"href":"https:\/\/blog.tmgrupoinmobiliario.com\/fr\/wp-json\/wp\/v2\/media?parent=18954"}],"wp:term":[{"taxonomy":"category","embeddable":true,"href":"https:\/\/blog.tmgrupoinmobiliario.com\/fr\/wp-json\/wp\/v2\/categories?post=18954"},{"taxonomy":"post_tag","embeddable":true,"href":"https:\/\/blog.tmgrupoinmobiliario.com\/fr\/wp-json\/wp\/v2\/tags?post=18954"}],"curies":[{"name":"wp","href":"https:\/\/api.w.org\/{rel}","templated":true}]}}