{"id":18775,"date":"2021-08-09T18:59:28","date_gmt":"2021-08-09T16:59:28","guid":{"rendered":"https:\/\/blog.tmgrupoinmobiliario.com\/fr\/?p=18775"},"modified":"2021-08-09T18:59:28","modified_gmt":"2021-08-09T16:59:28","slug":"5-activites-de-plein-air-a-pratiquer-sur-la-cote-dalmeria","status":"publish","type":"post","link":"https:\/\/blog.tmgrupoinmobiliario.com\/fr\/2021\/08\/09\/5-activites-de-plein-air-a-pratiquer-sur-la-cote-dalmeria\/","title":{"rendered":"5 activit\u00e9s de plein air \u00e0 pratiquer sur la c\u00f4te d\u2019Almeria"},"content":{"rendered":"<p>&nbsp;<\/p>\n<p>Des vacances \u00e0 Almeria pr\u00e9vues cette ann\u00e9e ? Si la r\u00e9ponse est oui, vous avez de la chance. D\u00e9couvrez dans ce billet 5 id\u00e9es de plein air pour profiter de la c\u00f4te d\u2019Almeria en famille\u2026 Prenez note!<\/p>\n<p>&nbsp;<\/p>\n<ol>\n<li><strong><span style=\"color: #ff0000\">Itin\u00e9raire en kayak<\/span> <\/strong><\/li>\n<\/ol>\n<p>Un moyen id\u00e9al d\u2019explorer la c\u00f4te d\u2019Almeria est de le faire en kayak. Une excursion dans le parc naturel de Cabo de Gata constitue une exp\u00e9rience inoubliable\u00a0: le r\u00e9cif des Sir\u00e8nes, l\u2019Isleta del Moro, la Cala del Tomate\u2026 Des paysages spectaculaires que vous d\u00e9couvrirez d\u2019une mani\u00e8re diff\u00e9rente.<\/p>\n<p><strong>\u00a0<\/strong><\/p>\n<ol start=\"2\">\n<li><strong><span style=\"color: #ff0000\">Oasys MiniHollywood<\/span> <\/strong><\/li>\n<\/ol>\n<p>Si vous avez des enfants, Oasys MiniHollywood est une visite incontournable. Dans ce parc \u00e0 th\u00e8me du d\u00e9sert de Tabernas, vous pourrez admirer les d\u00e9cors construits pour les films de western tourn\u00e9s dans la r\u00e9gion dans les ann\u00e9es 60 et 70. Vous vous sentirez comme dans le vrai Far West\u00a0!<\/p>\n<p>&nbsp;<\/p>\n<ol start=\"3\">\n<li><span style=\"color: #ff0000\"><strong>R\u00e9cif des Sir\u00e8nes<\/strong><\/span><\/li>\n<\/ol>\n<p>Nous parlions des itin\u00e9raires de kayak \u00e0 Cabo de Gata, un endroit \u00e0 ne pas manquer par voie terrestre est l\u2019Arrecife de Las Sirenas (r\u00e9cif des Sir\u00e8nes). Il offre l\u2019une des meilleures vues sur le parc naturel de Cabo de Gata. La l\u00e9gende veut que ce lieu magnifique doive son nom aux marins qui confondaient le son \u00e9mis par les phoques moines qui l\u2019habitaient autrefois avec ce qu\u2019ils pensaient \u00eatre des sir\u00e8nes.<\/p>\n<p><strong>\u00a0<\/strong><\/p>\n<ol start=\"4\">\n<li><strong><span style=\"color: #ff0000\">La g\u00e9ode de Pulp\u00ed<\/span> <\/strong><\/li>\n<\/ol>\n<p>Tout pr\u00e8s de notre complexe r\u00e9sidentiel de Mar de Pulp\u00ed se trouve la Geoda de Pulp\u00ed, une g\u00e9ode d\u2019environ 8 m\u00e8tres de long et 2 m\u00e8tres de haut recouverte d\u2019\u00e9normes cristaux de gypse. Un v\u00e9ritable joyau de la nature, unique au monde par sa taille, la perfection et la transparence des cristaux qui le composent. Nous vous recommandons de r\u00e9server \u00e0 l\u2019avance car le nombre de places est limit\u00e9.<\/p>\n<p>&nbsp;<\/p>\n<ol start=\"5\">\n<li><span style=\"color: #ff0000\"><strong>Plong\u00e9e avec tuba \u00e0 la plage de Los Cocedores<\/strong><\/span><\/li>\n<\/ol>\n<p>\u00c9galement tr\u00e8s proche de Mar de Pulp\u00ed se trouve la plage de Los Cocedores. Un endroit parfait pour le snorkeling gr\u00e2ce \u00e0 ses fonds rocheux tapiss\u00e9s de sable et d\u2019herbiers de posidonies o\u00f9 vous d\u00e9couvrirez une grande diversit\u00e9 d\u2019esp\u00e8ces marines.<\/p>\n","protected":false},"excerpt":{"rendered":"<p>&nbsp; Des vacances \u00e0 Almeria pr\u00e9vues cette ann\u00e9e ? Si la r\u00e9ponse est oui, vous avez de la chance. D\u00e9couvrez dans ce billet 5 id\u00e9es de plein air pour profiter de la c\u00f4te d\u2019Almeria en famille\u2026 Prenez note! &nbsp; Itin\u00e9raire en kayak Un moyen id\u00e9al d\u2019explorer la c\u00f4te d\u2019Almeria est de le faire en kayak. [&hellip;]<\/p>\n","protected":false},"author":11710,"featured_media":18784,"comment_status":"open","ping_status":"open","sticky":false,"template":"","format":"standard","meta":{"_jetpack_memberships_contains_paid_content":false,"footnotes":""},"categories":[1],"tags":[35],"class_list":["post-18775","post","type-post","status-publish","format-standard","has-post-thumbnail","hentry","category-sin-categoria","tag-tag-promotions","formato-blog"],"better_featured_image":{"id":18784,"alt_text":"","caption":"","description":"","media_type":"image","media_details":{"width":1000,"height":666,"file":"2021\/08\/1000X666.jpg","sizes":{"medium":{"file":"1000X666-300x200.jpg","width":300,"height":200,"mime-type":"image\/jpeg","source_url":"https:\/\/blog.tmgrupoinmobiliario.com\/fr\/wp-content\/uploads\/sites\/5\/2021\/08\/1000X666-300x200.jpg"},"thumbnail":{"file":"1000X666-150x150.jpg","width":150,"height":150,"mime-type":"image\/jpeg","source_url":"https:\/\/blog.tmgrupoinmobiliario.com\/fr\/wp-content\/uploads\/sites\/5\/2021\/08\/1000X666-150x150.jpg"},"medium_large":{"file":"1000X666-768x511.jpg","width":768,"height":511,"mime-type":"image\/jpeg","source_url":"https:\/\/blog.tmgrupoinmobiliario.com\/fr\/wp-content\/uploads\/sites\/5\/2021\/08\/1000X666-768x511.jpg"}},"image_meta":{"aperture":"0","credit":"","camera":"","caption":"","created_timestamp":"0","copyright":"","focal_length":"0","iso":"0","shutter_speed":"0","title":"","orientation":"1","keywords":[]}},"post":18775,"source_url":"https:\/\/blog.tmgrupoinmobiliario.com\/fr\/wp-content\/uploads\/sites\/5\/2021\/08\/1000X666.jpg"},"acf":{"imagen_destacada_desktop":"https:\/\/blog.tmgrupoinmobiliario.com\/fr\/wp-content\/uploads\/sites\/5\/2021\/08\/1920x870-copia.jpg","imagen_destacada_mobile":"https:\/\/blog.tmgrupoinmobiliario.com\/fr\/wp-content\/uploads\/sites\/5\/2021\/08\/540x540-copia.jpg","formato":{"term_id":37,"name":"Blog","slug":"blog","term_group":0,"term_taxonomy_id":37,"taxonomy":"formato","description":"","parent":0,"count":110,"filter":"raw"},"entradilla":"","etiquetas":"","cabecera_escritorio":"https:\/\/blog.tmgrupoinmobiliario.com\/fr\/wp-content\/uploads\/sites\/5\/2021\/08\/1200X300-1.jpg","cabecera_mobile":"https:\/\/blog.tmgrupoinmobiliario.com\/fr\/wp-content\/uploads\/sites\/5\/2021\/08\/768x768-1.jpg","galeria":[{"ID":18780,"id":18780,"title":"","filename":"galeria1.jpg","filesize":149490,"url":"https:\/\/blog.tmgrupoinmobiliario.com\/fr\/wp-content\/uploads\/sites\/5\/2021\/08\/galeria1.jpg","link":"https:\/\/blog.tmgrupoinmobiliario.com\/fr\/2021\/08\/09\/5-activites-de-plein-air-a-pratiquer-sur-la-cote-dalmeria\/galeria1\/","alt":"","author":"11710","description":"","caption":"","name":"galeria1","status":"inherit","uploaded_to":18775,"date":"2021-08-09 16:57:49","modified":"2021-08-09 16:58:03","menu_order":0,"mime_type":"image\/jpeg","type":"image","subtype":"jpeg","icon":"https:\/\/blog.tmgrupoinmobiliario.com\/fr\/wp-includes\/images\/media\/default.png","width":1026,"height":768,"sizes":{"thumbnail":"https:\/\/blog.tmgrupoinmobiliario.com\/fr\/wp-content\/uploads\/sites\/5\/2021\/08\/galeria1-150x150.jpg","thumbnail-width":150,"thumbnail-height":150,"medium":"https:\/\/blog.tmgrupoinmobiliario.com\/fr\/wp-content\/uploads\/sites\/5\/2021\/08\/galeria1-300x225.jpg","medium-width":300,"medium-height":225,"medium_large":"https:\/\/blog.tmgrupoinmobiliario.com\/fr\/wp-content\/uploads\/sites\/5\/2021\/08\/galeria1-768x575.jpg","medium_large-width":768,"medium_large-height":575,"large":"https:\/\/blog.tmgrupoinmobiliario.com\/fr\/wp-content\/uploads\/sites\/5\/2021\/08\/galeria1-1024x767.jpg","large-width":1024,"large-height":767,"1536x1536":"https:\/\/blog.tmgrupoinmobiliario.com\/fr\/wp-content\/uploads\/sites\/5\/2021\/08\/galeria1.jpg","1536x1536-width":1026,"1536x1536-height":768,"2048x2048":"https:\/\/blog.tmgrupoinmobiliario.com\/fr\/wp-content\/uploads\/sites\/5\/2021\/08\/galeria1.jpg","2048x2048-width":1026,"2048x2048-height":768}},{"ID":18781,"id":18781,"title":"","filename":"galeria2.jpg","filesize":231227,"url":"https:\/\/blog.tmgrupoinmobiliario.com\/fr\/wp-content\/uploads\/sites\/5\/2021\/08\/galeria2.jpg","link":"https:\/\/blog.tmgrupoinmobiliario.com\/fr\/2021\/08\/09\/5-activites-de-plein-air-a-pratiquer-sur-la-cote-dalmeria\/galeria2\/","alt":"","author":"11710","description":"","caption":"","name":"galeria2","status":"inherit","uploaded_to":18775,"date":"2021-08-09 16:57:51","modified":"2021-08-09 16:58:06","menu_order":0,"mime_type":"image\/jpeg","type":"image","subtype":"jpeg","icon":"https:\/\/blog.tmgrupoinmobiliario.com\/fr\/wp-includes\/images\/media\/default.png","width":1026,"height":768,"sizes":{"thumbnail":"https:\/\/blog.tmgrupoinmobiliario.com\/fr\/wp-content\/uploads\/sites\/5\/2021\/08\/galeria2-150x150.jpg","thumbnail-width":150,"thumbnail-height":150,"medium":"https:\/\/blog.tmgrupoinmobiliario.com\/fr\/wp-content\/uploads\/sites\/5\/2021\/08\/galeria2-300x225.jpg","medium-width":300,"medium-height":225,"medium_large":"https:\/\/blog.tmgrupoinmobiliario.com\/fr\/wp-content\/uploads\/sites\/5\/2021\/08\/galeria2-768x575.jpg","medium_large-width":768,"medium_large-height":575,"large":"https:\/\/blog.tmgrupoinmobiliario.com\/fr\/wp-content\/uploads\/sites\/5\/2021\/08\/galeria2-1024x767.jpg","large-width":1024,"large-height":767,"1536x1536":"https:\/\/blog.tmgrupoinmobiliario.com\/fr\/wp-content\/uploads\/sites\/5\/2021\/08\/galeria2.jpg","1536x1536-width":1026,"1536x1536-height":768,"2048x2048":"https:\/\/blog.tmgrupoinmobiliario.com\/fr\/wp-content\/uploads\/sites\/5\/2021\/08\/galeria2.jpg","2048x2048-width":1026,"2048x2048-height":768}},{"ID":18782,"id":18782,"title":"","filename":"galeria3.jpg","filesize":243268,"url":"https:\/\/blog.tmgrupoinmobiliario.com\/fr\/wp-content\/uploads\/sites\/5\/2021\/08\/galeria3.jpg","link":"https:\/\/blog.tmgrupoinmobiliario.com\/fr\/2021\/08\/09\/5-activites-de-plein-air-a-pratiquer-sur-la-cote-dalmeria\/galeria3\/","alt":"","author":"11710","description":"","caption":"","name":"galeria3","status":"inherit","uploaded_to":18775,"date":"2021-08-09 16:57:54","modified":"2021-08-09 16:58:09","menu_order":0,"mime_type":"image\/jpeg","type":"image","subtype":"jpeg","icon":"https:\/\/blog.tmgrupoinmobiliario.com\/fr\/wp-includes\/images\/media\/default.png","width":1026,"height":768,"sizes":{"thumbnail":"https:\/\/blog.tmgrupoinmobiliario.com\/fr\/wp-content\/uploads\/sites\/5\/2021\/08\/galeria3-150x150.jpg","thumbnail-width":150,"thumbnail-height":150,"medium":"https:\/\/blog.tmgrupoinmobiliario.com\/fr\/wp-content\/uploads\/sites\/5\/2021\/08\/galeria3-300x225.jpg","medium-width":300,"medium-height":225,"medium_large":"https:\/\/blog.tmgrupoinmobiliario.com\/fr\/wp-content\/uploads\/sites\/5\/2021\/08\/galeria3-768x575.jpg","medium_large-width":768,"medium_large-height":575,"large":"https:\/\/blog.tmgrupoinmobiliario.com\/fr\/wp-content\/uploads\/sites\/5\/2021\/08\/galeria3-1024x767.jpg","large-width":1024,"large-height":767,"1536x1536":"https:\/\/blog.tmgrupoinmobiliario.com\/fr\/wp-content\/uploads\/sites\/5\/2021\/08\/galeria3.jpg","1536x1536-width":1026,"1536x1536-height":768,"2048x2048":"https:\/\/blog.tmgrupoinmobiliario.com\/fr\/wp-content\/uploads\/sites\/5\/2021\/08\/galeria3.jpg","2048x2048-width":1026,"2048x2048-height":768}},{"ID":18783,"id":18783,"title":"","filename":"galeria4.jpg","filesize":139744,"url":"https:\/\/blog.tmgrupoinmobiliario.com\/fr\/wp-content\/uploads\/sites\/5\/2021\/08\/galeria4.jpg","link":"https:\/\/blog.tmgrupoinmobiliario.com\/fr\/2021\/08\/09\/5-activites-de-plein-air-a-pratiquer-sur-la-cote-dalmeria\/galeria4\/","alt":"","author":"11710","description":"","caption":"","name":"galeria4","status":"inherit","uploaded_to":18775,"date":"2021-08-09 16:57:56","modified":"2021-08-09 16:58:12","menu_order":0,"mime_type":"image\/jpeg","type":"image","subtype":"jpeg","icon":"https:\/\/blog.tmgrupoinmobiliario.com\/fr\/wp-includes\/images\/media\/default.png","width":1026,"height":768,"sizes":{"thumbnail":"https:\/\/blog.tmgrupoinmobiliario.com\/fr\/wp-content\/uploads\/sites\/5\/2021\/08\/galeria4-150x150.jpg","thumbnail-width":150,"thumbnail-height":150,"medium":"https:\/\/blog.tmgrupoinmobiliario.com\/fr\/wp-content\/uploads\/sites\/5\/2021\/08\/galeria4-300x225.jpg","medium-width":300,"medium-height":225,"medium_large":"https:\/\/blog.tmgrupoinmobiliario.com\/fr\/wp-content\/uploads\/sites\/5\/2021\/08\/galeria4-768x575.jpg","medium_large-width":768,"medium_large-height":575,"large":"https:\/\/blog.tmgrupoinmobiliario.com\/fr\/wp-content\/uploads\/sites\/5\/2021\/08\/galeria4-1024x767.jpg","large-width":1024,"large-height":767,"1536x1536":"https:\/\/blog.tmgrupoinmobiliario.com\/fr\/wp-content\/uploads\/sites\/5\/2021\/08\/galeria4.jpg","1536x1536-width":1026,"1536x1536-height":768,"2048x2048":"https:\/\/blog.tmgrupoinmobiliario.com\/fr\/wp-content\/uploads\/sites\/5\/2021\/08\/galeria4.jpg","2048x2048-width":1026,"2048x2048-height":768}}]},"yoast_head":"<!-- This site is optimized with the Yoast SEO Premium plugin v23.6 (Yoast SEO v27.5) - https:\/\/yoast.com\/product\/yoast-seo-premium-wordpress\/ -->\n<title>5 activit\u00e9s de plein air \u00e0 pratiquer sur la c\u00f4te d\u2019Almeria<\/title>\n<meta name=\"description\" content=\"D\u00e9couvrez dans ce billet 5 id\u00e9es de plein air pour profiter de la c\u00f4te d\u2019Almeria en famille\u2026 Prenez note!\" \/>\n<meta name=\"robots\" content=\"index, follow, max-snippet:-1, max-image-preview:large, max-video-preview:-1\" \/>\n<link rel=\"canonical\" href=\"https:\/\/blog.tmgrupoinmobiliario.com\/fr\/2021\/08\/09\/5-activites-de-plein-air-a-pratiquer-sur-la-cote-dalmeria\/\" \/>\n<meta property=\"og:locale\" content=\"fr_FR\" \/>\n<meta property=\"og:type\" content=\"article\" \/>\n<meta property=\"og:title\" content=\"5 activit\u00e9s de plein air \u00e0 pratiquer sur la c\u00f4te d\u2019Almeria\" \/>\n<meta property=\"og:description\" content=\"D\u00e9couvrez dans ce billet 5 id\u00e9es de plein air pour profiter de la c\u00f4te d\u2019Almeria en famille\u2026 Prenez note!\" \/>\n<meta property=\"og:url\" content=\"https:\/\/blog.tmgrupoinmobiliario.com\/fr\/2021\/08\/09\/5-activites-de-plein-air-a-pratiquer-sur-la-cote-dalmeria\/\" \/>\n<meta property=\"og:site_name\" content=\"Francais\" \/>\n<meta property=\"article:published_time\" content=\"2021-08-09T16:59:28+00:00\" \/>\n<meta property=\"og:image\" content=\"https:\/\/blog.tmgrupoinmobiliario.com\/fr\/wp-content\/uploads\/sites\/5\/2021\/08\/1000X666.jpg\" \/>\n\t<meta property=\"og:image:width\" content=\"1000\" \/>\n\t<meta property=\"og:image:height\" content=\"666\" \/>\n\t<meta property=\"og:image:type\" content=\"image\/jpeg\" \/>\n<meta name=\"author\" content=\"alberto\" \/>\n<meta name=\"twitter:card\" content=\"summary_large_image\" \/>\n<meta name=\"twitter:label1\" content=\"\u00c9crit par\" \/>\n\t<meta name=\"twitter:data1\" content=\"alberto\" \/>\n\t<meta name=\"twitter:label2\" content=\"Dur\u00e9e de lecture estim\u00e9e\" \/>\n\t<meta name=\"twitter:data2\" content=\"2 minutes\" \/>\n<script type=\"application\/ld+json\" class=\"yoast-schema-graph\">{\"@context\":\"https:\\\/\\\/schema.org\",\"@graph\":[{\"@type\":\"Article\",\"@id\":\"https:\\\/\\\/blog.tmgrupoinmobiliario.com\\\/fr\\\/2021\\\/08\\\/09\\\/5-activites-de-plein-air-a-pratiquer-sur-la-cote-dalmeria\\\/#article\",\"isPartOf\":{\"@id\":\"https:\\\/\\\/blog.tmgrupoinmobiliario.com\\\/fr\\\/2021\\\/08\\\/09\\\/5-activites-de-plein-air-a-pratiquer-sur-la-cote-dalmeria\\\/\"},\"author\":{\"name\":\"alberto\",\"@id\":\"https:\\\/\\\/blog.tmgrupoinmobiliario.com\\\/fr\\\/#\\\/schema\\\/person\\\/4059e96ae5aca6723920ee59eef29527\"},\"headline\":\"5 activit\u00e9s de plein air \u00e0 pratiquer sur la c\u00f4te d\u2019Almeria\",\"datePublished\":\"2021-08-09T16:59:28+00:00\",\"mainEntityOfPage\":{\"@id\":\"https:\\\/\\\/blog.tmgrupoinmobiliario.com\\\/fr\\\/2021\\\/08\\\/09\\\/5-activites-de-plein-air-a-pratiquer-sur-la-cote-dalmeria\\\/\"},\"wordCount\":395,\"commentCount\":0,\"image\":{\"@id\":\"https:\\\/\\\/blog.tmgrupoinmobiliario.com\\\/fr\\\/2021\\\/08\\\/09\\\/5-activites-de-plein-air-a-pratiquer-sur-la-cote-dalmeria\\\/#primaryimage\"},\"thumbnailUrl\":\"https:\\\/\\\/blog.tmgrupoinmobiliario.com\\\/fr\\\/wp-content\\\/uploads\\\/sites\\\/5\\\/2021\\\/08\\\/1000X666.jpg\",\"keywords\":[\"tag-promotions\"],\"articleSection\":[\"Sin categor\u00eda\"],\"inLanguage\":\"fr-FR\",\"potentialAction\":[{\"@type\":\"CommentAction\",\"name\":\"Comment\",\"target\":[\"https:\\\/\\\/blog.tmgrupoinmobiliario.com\\\/fr\\\/2021\\\/08\\\/09\\\/5-activites-de-plein-air-a-pratiquer-sur-la-cote-dalmeria\\\/#respond\"]}]},{\"@type\":\"WebPage\",\"@id\":\"https:\\\/\\\/blog.tmgrupoinmobiliario.com\\\/fr\\\/2021\\\/08\\\/09\\\/5-activites-de-plein-air-a-pratiquer-sur-la-cote-dalmeria\\\/\",\"url\":\"https:\\\/\\\/blog.tmgrupoinmobiliario.com\\\/fr\\\/2021\\\/08\\\/09\\\/5-activites-de-plein-air-a-pratiquer-sur-la-cote-dalmeria\\\/\",\"name\":\"5 activit\u00e9s de plein air \u00e0 pratiquer sur la c\u00f4te d\u2019Almeria\",\"isPartOf\":{\"@id\":\"https:\\\/\\\/blog.tmgrupoinmobiliario.com\\\/fr\\\/#website\"},\"primaryImageOfPage\":{\"@id\":\"https:\\\/\\\/blog.tmgrupoinmobiliario.com\\\/fr\\\/2021\\\/08\\\/09\\\/5-activites-de-plein-air-a-pratiquer-sur-la-cote-dalmeria\\\/#primaryimage\"},\"image\":{\"@id\":\"https:\\\/\\\/blog.tmgrupoinmobiliario.com\\\/fr\\\/2021\\\/08\\\/09\\\/5-activites-de-plein-air-a-pratiquer-sur-la-cote-dalmeria\\\/#primaryimage\"},\"thumbnailUrl\":\"https:\\\/\\\/blog.tmgrupoinmobiliario.com\\\/fr\\\/wp-content\\\/uploads\\\/sites\\\/5\\\/2021\\\/08\\\/1000X666.jpg\",\"datePublished\":\"2021-08-09T16:59:28+00:00\",\"author\":{\"@id\":\"https:\\\/\\\/blog.tmgrupoinmobiliario.com\\\/fr\\\/#\\\/schema\\\/person\\\/4059e96ae5aca6723920ee59eef29527\"},\"description\":\"D\u00e9couvrez dans ce billet 5 id\u00e9es de plein air pour profiter de la c\u00f4te d\u2019Almeria en famille\u2026 Prenez note!\",\"breadcrumb\":{\"@id\":\"https:\\\/\\\/blog.tmgrupoinmobiliario.com\\\/fr\\\/2021\\\/08\\\/09\\\/5-activites-de-plein-air-a-pratiquer-sur-la-cote-dalmeria\\\/#breadcrumb\"},\"inLanguage\":\"fr-FR\",\"potentialAction\":[{\"@type\":\"ReadAction\",\"target\":[\"https:\\\/\\\/blog.tmgrupoinmobiliario.com\\\/fr\\\/2021\\\/08\\\/09\\\/5-activites-de-plein-air-a-pratiquer-sur-la-cote-dalmeria\\\/\"]}]},{\"@type\":\"ImageObject\",\"inLanguage\":\"fr-FR\",\"@id\":\"https:\\\/\\\/blog.tmgrupoinmobiliario.com\\\/fr\\\/2021\\\/08\\\/09\\\/5-activites-de-plein-air-a-pratiquer-sur-la-cote-dalmeria\\\/#primaryimage\",\"url\":\"https:\\\/\\\/blog.tmgrupoinmobiliario.com\\\/fr\\\/wp-content\\\/uploads\\\/sites\\\/5\\\/2021\\\/08\\\/1000X666.jpg\",\"contentUrl\":\"https:\\\/\\\/blog.tmgrupoinmobiliario.com\\\/fr\\\/wp-content\\\/uploads\\\/sites\\\/5\\\/2021\\\/08\\\/1000X666.jpg\",\"width\":1000,\"height\":666},{\"@type\":\"BreadcrumbList\",\"@id\":\"https:\\\/\\\/blog.tmgrupoinmobiliario.com\\\/fr\\\/2021\\\/08\\\/09\\\/5-activites-de-plein-air-a-pratiquer-sur-la-cote-dalmeria\\\/#breadcrumb\",\"itemListElement\":[{\"@type\":\"ListItem\",\"position\":1,\"name\":\"Portada\",\"item\":\"https:\\\/\\\/blog.tmgrupoinmobiliario.com\\\/fr\\\/\"},{\"@type\":\"ListItem\",\"position\":2,\"name\":\"5 activit\u00e9s de plein air \u00e0 pratiquer sur la c\u00f4te d\u2019Almeria\"}]},{\"@type\":\"WebSite\",\"@id\":\"https:\\\/\\\/blog.tmgrupoinmobiliario.com\\\/fr\\\/#website\",\"url\":\"https:\\\/\\\/blog.tmgrupoinmobiliario.com\\\/fr\\\/\",\"name\":\"Francais\",\"description\":\"Otro sitio m\u00e1s de Blog Desarrollo TM sitios\",\"potentialAction\":[{\"@type\":\"SearchAction\",\"target\":{\"@type\":\"EntryPoint\",\"urlTemplate\":\"https:\\\/\\\/blog.tmgrupoinmobiliario.com\\\/fr\\\/?s={search_term_string}\"},\"query-input\":{\"@type\":\"PropertyValueSpecification\",\"valueRequired\":true,\"valueName\":\"search_term_string\"}}],\"inLanguage\":\"fr-FR\"},{\"@type\":\"Person\",\"@id\":\"https:\\\/\\\/blog.tmgrupoinmobiliario.com\\\/fr\\\/#\\\/schema\\\/person\\\/4059e96ae5aca6723920ee59eef29527\",\"name\":\"alberto\",\"image\":{\"@type\":\"ImageObject\",\"inLanguage\":\"fr-FR\",\"@id\":\"https:\\\/\\\/secure.gravatar.com\\\/avatar\\\/06c6cde3178430a549915eadb7c401c2bc823ad9e7a52cee2719f7299538c934?s=96&d=mm&r=g\",\"url\":\"https:\\\/\\\/secure.gravatar.com\\\/avatar\\\/06c6cde3178430a549915eadb7c401c2bc823ad9e7a52cee2719f7299538c934?s=96&d=mm&r=g\",\"contentUrl\":\"https:\\\/\\\/secure.gravatar.com\\\/avatar\\\/06c6cde3178430a549915eadb7c401c2bc823ad9e7a52cee2719f7299538c934?s=96&d=mm&r=g\",\"caption\":\"alberto\"},\"url\":\"https:\\\/\\\/blog.tmgrupoinmobiliario.com\\\/fr\\\/author\\\/alberto\\\/\"}]}<\/script>\n<!-- \/ Yoast SEO Premium plugin. -->","yoast_head_json":{"title":"5 activit\u00e9s de plein air \u00e0 pratiquer sur la c\u00f4te d\u2019Almeria","description":"D\u00e9couvrez dans ce billet 5 id\u00e9es de plein air pour profiter de la c\u00f4te d\u2019Almeria en famille\u2026 Prenez note!","robots":{"index":"index","follow":"follow","max-snippet":"max-snippet:-1","max-image-preview":"max-image-preview:large","max-video-preview":"max-video-preview:-1"},"canonical":"https:\/\/blog.tmgrupoinmobiliario.com\/fr\/2021\/08\/09\/5-activites-de-plein-air-a-pratiquer-sur-la-cote-dalmeria\/","og_locale":"fr_FR","og_type":"article","og_title":"5 activit\u00e9s de plein air \u00e0 pratiquer sur la c\u00f4te d\u2019Almeria","og_description":"D\u00e9couvrez dans ce billet 5 id\u00e9es de plein air pour profiter de la c\u00f4te d\u2019Almeria en famille\u2026 Prenez note!","og_url":"https:\/\/blog.tmgrupoinmobiliario.com\/fr\/2021\/08\/09\/5-activites-de-plein-air-a-pratiquer-sur-la-cote-dalmeria\/","og_site_name":"Francais","article_published_time":"2021-08-09T16:59:28+00:00","og_image":[{"width":1000,"height":666,"url":"https:\/\/blog.tmgrupoinmobiliario.com\/fr\/wp-content\/uploads\/sites\/5\/2021\/08\/1000X666.jpg","type":"image\/jpeg"}],"author":"alberto","twitter_card":"summary_large_image","twitter_misc":{"\u00c9crit par":"alberto","Dur\u00e9e de lecture estim\u00e9e":"2 minutes"},"schema":{"@context":"https:\/\/schema.org","@graph":[{"@type":"Article","@id":"https:\/\/blog.tmgrupoinmobiliario.com\/fr\/2021\/08\/09\/5-activites-de-plein-air-a-pratiquer-sur-la-cote-dalmeria\/#article","isPartOf":{"@id":"https:\/\/blog.tmgrupoinmobiliario.com\/fr\/2021\/08\/09\/5-activites-de-plein-air-a-pratiquer-sur-la-cote-dalmeria\/"},"author":{"name":"alberto","@id":"https:\/\/blog.tmgrupoinmobiliario.com\/fr\/#\/schema\/person\/4059e96ae5aca6723920ee59eef29527"},"headline":"5 activit\u00e9s de plein air \u00e0 pratiquer sur la c\u00f4te d\u2019Almeria","datePublished":"2021-08-09T16:59:28+00:00","mainEntityOfPage":{"@id":"https:\/\/blog.tmgrupoinmobiliario.com\/fr\/2021\/08\/09\/5-activites-de-plein-air-a-pratiquer-sur-la-cote-dalmeria\/"},"wordCount":395,"commentCount":0,"image":{"@id":"https:\/\/blog.tmgrupoinmobiliario.com\/fr\/2021\/08\/09\/5-activites-de-plein-air-a-pratiquer-sur-la-cote-dalmeria\/#primaryimage"},"thumbnailUrl":"https:\/\/blog.tmgrupoinmobiliario.com\/fr\/wp-content\/uploads\/sites\/5\/2021\/08\/1000X666.jpg","keywords":["tag-promotions"],"articleSection":["Sin categor\u00eda"],"inLanguage":"fr-FR","potentialAction":[{"@type":"CommentAction","name":"Comment","target":["https:\/\/blog.tmgrupoinmobiliario.com\/fr\/2021\/08\/09\/5-activites-de-plein-air-a-pratiquer-sur-la-cote-dalmeria\/#respond"]}]},{"@type":"WebPage","@id":"https:\/\/blog.tmgrupoinmobiliario.com\/fr\/2021\/08\/09\/5-activites-de-plein-air-a-pratiquer-sur-la-cote-dalmeria\/","url":"https:\/\/blog.tmgrupoinmobiliario.com\/fr\/2021\/08\/09\/5-activites-de-plein-air-a-pratiquer-sur-la-cote-dalmeria\/","name":"5 activit\u00e9s de plein air \u00e0 pratiquer sur la c\u00f4te d\u2019Almeria","isPartOf":{"@id":"https:\/\/blog.tmgrupoinmobiliario.com\/fr\/#website"},"primaryImageOfPage":{"@id":"https:\/\/blog.tmgrupoinmobiliario.com\/fr\/2021\/08\/09\/5-activites-de-plein-air-a-pratiquer-sur-la-cote-dalmeria\/#primaryimage"},"image":{"@id":"https:\/\/blog.tmgrupoinmobiliario.com\/fr\/2021\/08\/09\/5-activites-de-plein-air-a-pratiquer-sur-la-cote-dalmeria\/#primaryimage"},"thumbnailUrl":"https:\/\/blog.tmgrupoinmobiliario.com\/fr\/wp-content\/uploads\/sites\/5\/2021\/08\/1000X666.jpg","datePublished":"2021-08-09T16:59:28+00:00","author":{"@id":"https:\/\/blog.tmgrupoinmobiliario.com\/fr\/#\/schema\/person\/4059e96ae5aca6723920ee59eef29527"},"description":"D\u00e9couvrez dans ce billet 5 id\u00e9es de plein air pour profiter de la c\u00f4te d\u2019Almeria en famille\u2026 Prenez note!","breadcrumb":{"@id":"https:\/\/blog.tmgrupoinmobiliario.com\/fr\/2021\/08\/09\/5-activites-de-plein-air-a-pratiquer-sur-la-cote-dalmeria\/#breadcrumb"},"inLanguage":"fr-FR","potentialAction":[{"@type":"ReadAction","target":["https:\/\/blog.tmgrupoinmobiliario.com\/fr\/2021\/08\/09\/5-activites-de-plein-air-a-pratiquer-sur-la-cote-dalmeria\/"]}]},{"@type":"ImageObject","inLanguage":"fr-FR","@id":"https:\/\/blog.tmgrupoinmobiliario.com\/fr\/2021\/08\/09\/5-activites-de-plein-air-a-pratiquer-sur-la-cote-dalmeria\/#primaryimage","url":"https:\/\/blog.tmgrupoinmobiliario.com\/fr\/wp-content\/uploads\/sites\/5\/2021\/08\/1000X666.jpg","contentUrl":"https:\/\/blog.tmgrupoinmobiliario.com\/fr\/wp-content\/uploads\/sites\/5\/2021\/08\/1000X666.jpg","width":1000,"height":666},{"@type":"BreadcrumbList","@id":"https:\/\/blog.tmgrupoinmobiliario.com\/fr\/2021\/08\/09\/5-activites-de-plein-air-a-pratiquer-sur-la-cote-dalmeria\/#breadcrumb","itemListElement":[{"@type":"ListItem","position":1,"name":"Portada","item":"https:\/\/blog.tmgrupoinmobiliario.com\/fr\/"},{"@type":"ListItem","position":2,"name":"5 activit\u00e9s de plein air \u00e0 pratiquer sur la c\u00f4te d\u2019Almeria"}]},{"@type":"WebSite","@id":"https:\/\/blog.tmgrupoinmobiliario.com\/fr\/#website","url":"https:\/\/blog.tmgrupoinmobiliario.com\/fr\/","name":"Francais","description":"Otro sitio m\u00e1s de Blog Desarrollo TM sitios","potentialAction":[{"@type":"SearchAction","target":{"@type":"EntryPoint","urlTemplate":"https:\/\/blog.tmgrupoinmobiliario.com\/fr\/?s={search_term_string}"},"query-input":{"@type":"PropertyValueSpecification","valueRequired":true,"valueName":"search_term_string"}}],"inLanguage":"fr-FR"},{"@type":"Person","@id":"https:\/\/blog.tmgrupoinmobiliario.com\/fr\/#\/schema\/person\/4059e96ae5aca6723920ee59eef29527","name":"alberto","image":{"@type":"ImageObject","inLanguage":"fr-FR","@id":"https:\/\/secure.gravatar.com\/avatar\/06c6cde3178430a549915eadb7c401c2bc823ad9e7a52cee2719f7299538c934?s=96&d=mm&r=g","url":"https:\/\/secure.gravatar.com\/avatar\/06c6cde3178430a549915eadb7c401c2bc823ad9e7a52cee2719f7299538c934?s=96&d=mm&r=g","contentUrl":"https:\/\/secure.gravatar.com\/avatar\/06c6cde3178430a549915eadb7c401c2bc823ad9e7a52cee2719f7299538c934?s=96&d=mm&r=g","caption":"alberto"},"url":"https:\/\/blog.tmgrupoinmobiliario.com\/fr\/author\/alberto\/"}]}},"jetpack_featured_media_url":"https:\/\/blog.tmgrupoinmobiliario.com\/fr\/wp-content\/uploads\/sites\/5\/2021\/08\/1000X666.jpg","jetpack_sharing_enabled":true,"_links":{"self":[{"href":"https:\/\/blog.tmgrupoinmobiliario.com\/fr\/wp-json\/wp\/v2\/posts\/18775","targetHints":{"allow":["GET"]}}],"collection":[{"href":"https:\/\/blog.tmgrupoinmobiliario.com\/fr\/wp-json\/wp\/v2\/posts"}],"about":[{"href":"https:\/\/blog.tmgrupoinmobiliario.com\/fr\/wp-json\/wp\/v2\/types\/post"}],"author":[{"embeddable":true,"href":"https:\/\/blog.tmgrupoinmobiliario.com\/fr\/wp-json\/wp\/v2\/users\/11710"}],"replies":[{"embeddable":true,"href":"https:\/\/blog.tmgrupoinmobiliario.com\/fr\/wp-json\/wp\/v2\/comments?post=18775"}],"version-history":[{"count":1,"href":"https:\/\/blog.tmgrupoinmobiliario.com\/fr\/wp-json\/wp\/v2\/posts\/18775\/revisions"}],"predecessor-version":[{"id":18785,"href":"https:\/\/blog.tmgrupoinmobiliario.com\/fr\/wp-json\/wp\/v2\/posts\/18775\/revisions\/18785"}],"wp:featuredmedia":[{"embeddable":true,"href":"https:\/\/blog.tmgrupoinmobiliario.com\/fr\/wp-json\/wp\/v2\/media\/18784"}],"wp:attachment":[{"href":"https:\/\/blog.tmgrupoinmobiliario.com\/fr\/wp-json\/wp\/v2\/media?parent=18775"}],"wp:term":[{"taxonomy":"category","embeddable":true,"href":"https:\/\/blog.tmgrupoinmobiliario.com\/fr\/wp-json\/wp\/v2\/categories?post=18775"},{"taxonomy":"post_tag","embeddable":true,"href":"https:\/\/blog.tmgrupoinmobiliario.com\/fr\/wp-json\/wp\/v2\/tags?post=18775"}],"curies":[{"name":"wp","href":"https:\/\/api.w.org\/{rel}","templated":true}]}}