{"id":18760,"date":"2021-07-31T12:07:18","date_gmt":"2021-07-31T10:07:18","guid":{"rendered":"https:\/\/blog.tmgrupoinmobiliario.com\/fr\/?p=18760"},"modified":"2021-07-31T12:07:53","modified_gmt":"2021-07-31T10:07:53","slug":"regles-de-base-du-vivre-ensemble-en-copropriete","status":"publish","type":"post","link":"https:\/\/blog.tmgrupoinmobiliario.com\/fr\/2021\/07\/31\/regles-de-base-du-vivre-ensemble-en-copropriete\/","title":{"rendered":"R\u00e8gles de base du vivre-ensemble en copropri\u00e9t\u00e9"},"content":{"rendered":"<p>&nbsp;<\/p>\n<p>L\u2019un des aspects qui pr\u00e9occupent le plus lorsqu\u2019on emm\u00e9nage dans un nouveau logement est la cohabitation avec les voisins. Comment seront-ils ? Est-ce que je m\u2019int\u00e9grerai \u00e0 la copropri\u00e9t\u00e9 ? Auront-ils un r\u00e8glement diff\u00e9rent ? Vous vous \u00eates s\u00fbrement d\u00e9j\u00e0 pos\u00e9 quelques-unes de ces questions. Mais ne vous inqui\u00e9tez pas car, en plus des statuts qui fixent les r\u00e8gles \u00e0 suivre dans la copropri\u00e9t\u00e9, voici quelques conseils qui, bien que basiques, vous aideront \u00e0 maintenir de bonnes relations avec vos voisins.<\/p>\n<ul>\n<li><strong>Pr\u00e9sentez-vous<\/strong>. Cela peut sembler \u00e9vident, mais croyez-le ou non, cela vous aidera \u00e0 l\u2019heure de partager vos probl\u00e8mes ou vos propositions avec les autres.<\/li>\n<li><strong>Dialoguez<\/strong>. Il est normal que des frictions ou des d\u00e9saccords surviennent lorsqu\u2019on vit ensemble. Il est donc tr\u00e8s important que vous vous adressiez \u00e0 vos voisins pour leur parler et chercher des solutions aux probl\u00e8mes.<\/li>\n<li><strong>Prenez soin des espaces partag\u00e9s<\/strong>. C\u2019est une r\u00e8gle civique de base, mais au cas o\u00f9, n\u2019oubliez pas que vous devez prendre soin des parties communes comme si c\u2019\u00e9taient les v\u00f4tres, puisque, en somme, elles font partie de votre propri\u00e9t\u00e9.<\/li>\n<li><strong>Acquittez-vous de vos charges de copropri\u00e9t\u00e9<\/strong>. Cette contribution sert \u00e0 maintenir le b\u00e2timent et les parties communes en bon \u00e9tat, il est donc important que vous vous y engagiez. Le fait de ne pas le faire ou d\u2019effectuer un paiement tardif pourrait entra\u00eener des malentendus.<\/li>\n<li><strong>\u00c9vitez les bruits inutiles et \u00e0 des heures inappropri\u00e9es<\/strong>. Une fois encore, nous faisons appel au bon sens. Bien s\u00fbr, vous avez le droit de faire la f\u00eate, mais pensez aux autres. De la m\u00eame mani\u00e8re, vous pouvez certainement vous abstenir de passer l\u2019aspirateur, d\u2019\u00e9couter de la musique forte ou d\u2019accrocher un tableau \u00e0 l\u2019heure de la sieste ou la nuit.<\/li>\n<li><strong>Contribuez aux d\u00e9penses communes<\/strong>. Faire partie d\u2019une copropri\u00e9t\u00e9 implique \u00e9galement de devoir assumer des d\u00e9penses communes telles que des frais d\u2019entretien ou des fournitures. Elles permettent d\u2019am\u00e9liorer les espaces de vie partag\u00e9s et ne constituent jamais des frais superflus.<\/li>\n<\/ul>\n<p>Nous esp\u00e9rons que ces conseils vous seront utiles pour votre vie en copropri\u00e9t\u00e9. Il en manque un ? Faites-le-nous savoir !<\/p>\n<p>&nbsp;<\/p>\n","protected":false},"excerpt":{"rendered":"<p>&nbsp; L\u2019un des aspects qui pr\u00e9occupent le plus lorsqu\u2019on emm\u00e9nage dans un nouveau logement est la cohabitation avec les voisins. Comment seront-ils ? Est-ce que je m\u2019int\u00e9grerai \u00e0 la copropri\u00e9t\u00e9 ? Auront-ils un r\u00e8glement diff\u00e9rent ? Vous vous \u00eates s\u00fbrement d\u00e9j\u00e0 pos\u00e9 quelques-unes de ces questions. Mais ne vous inqui\u00e9tez pas car, en plus des [&hellip;]<\/p>\n","protected":false},"author":11710,"featured_media":18761,"comment_status":"open","ping_status":"open","sticky":false,"template":"","format":"standard","meta":{"_jetpack_memberships_contains_paid_content":false,"footnotes":""},"categories":[40],"tags":[35,13,12,14,10],"class_list":["post-18760","post","type-post","status-publish","format-standard","has-post-thumbnail","hentry","category-votre-nouvelle-residence","tag-tag-promotions","tag-tag-promotions-costa-almeria-fr-2","tag-tag-promotions-costa-blanca-norte-fr-2","tag-tag-promotions-costa-blanca-sur-fr-2","tag-tag-promotions-costa-del-sol-fr-2","formato-comunicacion"],"better_featured_image":{"id":18761,"alt_text":"","caption":"","description":"","media_type":"image","media_details":{"width":1000,"height":666,"file":"2021\/07\/1000x666-5.jpg","sizes":{"medium":{"file":"1000x666-5-300x200.jpg","width":300,"height":200,"mime-type":"image\/jpeg","source_url":"https:\/\/blog.tmgrupoinmobiliario.com\/fr\/wp-content\/uploads\/sites\/5\/2021\/07\/1000x666-5-300x200.jpg"},"thumbnail":{"file":"1000x666-5-150x150.jpg","width":150,"height":150,"mime-type":"image\/jpeg","source_url":"https:\/\/blog.tmgrupoinmobiliario.com\/fr\/wp-content\/uploads\/sites\/5\/2021\/07\/1000x666-5-150x150.jpg"},"medium_large":{"file":"1000x666-5-768x511.jpg","width":768,"height":511,"mime-type":"image\/jpeg","source_url":"https:\/\/blog.tmgrupoinmobiliario.com\/fr\/wp-content\/uploads\/sites\/5\/2021\/07\/1000x666-5-768x511.jpg"}},"image_meta":{"aperture":"0","credit":"","camera":"","caption":"","created_timestamp":"0","copyright":"","focal_length":"0","iso":"0","shutter_speed":"0","title":"","orientation":"1","keywords":[]}},"post":18760,"source_url":"https:\/\/blog.tmgrupoinmobiliario.com\/fr\/wp-content\/uploads\/sites\/5\/2021\/07\/1000x666-5.jpg"},"acf":{"imagen_destacada_desktop":"https:\/\/blog.tmgrupoinmobiliario.com\/fr\/wp-content\/uploads\/sites\/5\/2021\/07\/1920x870-5.jpg","imagen_destacada_mobile":"https:\/\/blog.tmgrupoinmobiliario.com\/fr\/wp-content\/uploads\/sites\/5\/2021\/07\/540x540-5.jpg","formato":{"term_id":24,"name":"Comunicaci\u00f3n","slug":"comunicacion","term_group":0,"term_taxonomy_id":24,"taxonomy":"formato","description":"","parent":0,"count":89,"filter":"raw"},"entradilla":"","etiquetas":"","cabecera_escritorio":"https:\/\/blog.tmgrupoinmobiliario.com\/fr\/wp-content\/uploads\/sites\/5\/2021\/07\/1200x300-5.jpg","cabecera_mobile":"https:\/\/blog.tmgrupoinmobiliario.com\/fr\/wp-content\/uploads\/sites\/5\/2021\/07\/768x768-5.jpg","galeria":false},"yoast_head":"<!-- This site is optimized with the Yoast SEO Premium plugin v23.6 (Yoast SEO v27.5) - https:\/\/yoast.com\/product\/yoast-seo-premium-wordpress\/ -->\n<title>R\u00e8gles de base du vivre-ensemble en copropri\u00e9t\u00e9<\/title>\n<meta name=\"robots\" content=\"index, follow, max-snippet:-1, max-image-preview:large, max-video-preview:-1\" \/>\n<link rel=\"canonical\" href=\"https:\/\/blog.tmgrupoinmobiliario.com\/fr\/2021\/07\/31\/regles-de-base-du-vivre-ensemble-en-copropriete\/\" \/>\n<meta property=\"og:locale\" content=\"fr_FR\" \/>\n<meta property=\"og:type\" content=\"article\" \/>\n<meta property=\"og:title\" content=\"R\u00e8gles de base du vivre-ensemble en copropri\u00e9t\u00e9\" \/>\n<meta property=\"og:description\" content=\"&nbsp; L\u2019un des aspects qui pr\u00e9occupent le plus lorsqu\u2019on emm\u00e9nage dans un nouveau logement est la cohabitation avec les voisins. Comment seront-ils ? Est-ce que je m\u2019int\u00e9grerai \u00e0 la copropri\u00e9t\u00e9 ? Auront-ils un r\u00e8glement diff\u00e9rent ? Vous vous \u00eates s\u00fbrement d\u00e9j\u00e0 pos\u00e9 quelques-unes de ces questions. Mais ne vous inqui\u00e9tez pas car, en plus des [&hellip;]\" \/>\n<meta property=\"og:url\" content=\"https:\/\/blog.tmgrupoinmobiliario.com\/fr\/2021\/07\/31\/regles-de-base-du-vivre-ensemble-en-copropriete\/\" \/>\n<meta property=\"og:site_name\" content=\"Francais\" \/>\n<meta property=\"article:published_time\" content=\"2021-07-31T10:07:18+00:00\" \/>\n<meta property=\"article:modified_time\" content=\"2021-07-31T10:07:53+00:00\" \/>\n<meta property=\"og:image\" content=\"https:\/\/blog.tmgrupoinmobiliario.com\/fr\/wp-content\/uploads\/sites\/5\/2021\/07\/1000x666-5.jpg\" \/>\n\t<meta property=\"og:image:width\" content=\"1000\" \/>\n\t<meta property=\"og:image:height\" content=\"666\" \/>\n\t<meta property=\"og:image:type\" content=\"image\/jpeg\" \/>\n<meta name=\"author\" content=\"alberto\" \/>\n<meta name=\"twitter:card\" content=\"summary_large_image\" \/>\n<meta name=\"twitter:label1\" content=\"\u00c9crit par\" \/>\n\t<meta name=\"twitter:data1\" content=\"alberto\" \/>\n\t<meta name=\"twitter:label2\" content=\"Dur\u00e9e de lecture estim\u00e9e\" \/>\n\t<meta name=\"twitter:data2\" content=\"2 minutes\" \/>\n<script type=\"application\/ld+json\" class=\"yoast-schema-graph\">{\"@context\":\"https:\\\/\\\/schema.org\",\"@graph\":[{\"@type\":\"Article\",\"@id\":\"https:\\\/\\\/blog.tmgrupoinmobiliario.com\\\/fr\\\/2021\\\/07\\\/31\\\/regles-de-base-du-vivre-ensemble-en-copropriete\\\/#article\",\"isPartOf\":{\"@id\":\"https:\\\/\\\/blog.tmgrupoinmobiliario.com\\\/fr\\\/2021\\\/07\\\/31\\\/regles-de-base-du-vivre-ensemble-en-copropriete\\\/\"},\"author\":{\"name\":\"alberto\",\"@id\":\"https:\\\/\\\/blog.tmgrupoinmobiliario.com\\\/fr\\\/#\\\/schema\\\/person\\\/4059e96ae5aca6723920ee59eef29527\"},\"headline\":\"R\u00e8gles de base du vivre-ensemble en copropri\u00e9t\u00e9\",\"datePublished\":\"2021-07-31T10:07:18+00:00\",\"dateModified\":\"2021-07-31T10:07:53+00:00\",\"mainEntityOfPage\":{\"@id\":\"https:\\\/\\\/blog.tmgrupoinmobiliario.com\\\/fr\\\/2021\\\/07\\\/31\\\/regles-de-base-du-vivre-ensemble-en-copropriete\\\/\"},\"wordCount\":394,\"commentCount\":0,\"image\":{\"@id\":\"https:\\\/\\\/blog.tmgrupoinmobiliario.com\\\/fr\\\/2021\\\/07\\\/31\\\/regles-de-base-du-vivre-ensemble-en-copropriete\\\/#primaryimage\"},\"thumbnailUrl\":\"https:\\\/\\\/blog.tmgrupoinmobiliario.com\\\/fr\\\/wp-content\\\/uploads\\\/sites\\\/5\\\/2021\\\/07\\\/1000x666-5.jpg\",\"keywords\":[\"tag-promotions\",\"tag-promotions-costa-almeria\",\"tag-promotions-costa-blanca-norte\",\"tag-promotions-costa-blanca-sur\",\"tag-promotions-costa-del-sol\"],\"articleSection\":[\"Votre nouvelle r\u00e9sidence\"],\"inLanguage\":\"fr-FR\",\"potentialAction\":[{\"@type\":\"CommentAction\",\"name\":\"Comment\",\"target\":[\"https:\\\/\\\/blog.tmgrupoinmobiliario.com\\\/fr\\\/2021\\\/07\\\/31\\\/regles-de-base-du-vivre-ensemble-en-copropriete\\\/#respond\"]}]},{\"@type\":\"WebPage\",\"@id\":\"https:\\\/\\\/blog.tmgrupoinmobiliario.com\\\/fr\\\/2021\\\/07\\\/31\\\/regles-de-base-du-vivre-ensemble-en-copropriete\\\/\",\"url\":\"https:\\\/\\\/blog.tmgrupoinmobiliario.com\\\/fr\\\/2021\\\/07\\\/31\\\/regles-de-base-du-vivre-ensemble-en-copropriete\\\/\",\"name\":\"R\u00e8gles de base du vivre-ensemble en copropri\u00e9t\u00e9\",\"isPartOf\":{\"@id\":\"https:\\\/\\\/blog.tmgrupoinmobiliario.com\\\/fr\\\/#website\"},\"primaryImageOfPage\":{\"@id\":\"https:\\\/\\\/blog.tmgrupoinmobiliario.com\\\/fr\\\/2021\\\/07\\\/31\\\/regles-de-base-du-vivre-ensemble-en-copropriete\\\/#primaryimage\"},\"image\":{\"@id\":\"https:\\\/\\\/blog.tmgrupoinmobiliario.com\\\/fr\\\/2021\\\/07\\\/31\\\/regles-de-base-du-vivre-ensemble-en-copropriete\\\/#primaryimage\"},\"thumbnailUrl\":\"https:\\\/\\\/blog.tmgrupoinmobiliario.com\\\/fr\\\/wp-content\\\/uploads\\\/sites\\\/5\\\/2021\\\/07\\\/1000x666-5.jpg\",\"datePublished\":\"2021-07-31T10:07:18+00:00\",\"dateModified\":\"2021-07-31T10:07:53+00:00\",\"author\":{\"@id\":\"https:\\\/\\\/blog.tmgrupoinmobiliario.com\\\/fr\\\/#\\\/schema\\\/person\\\/4059e96ae5aca6723920ee59eef29527\"},\"breadcrumb\":{\"@id\":\"https:\\\/\\\/blog.tmgrupoinmobiliario.com\\\/fr\\\/2021\\\/07\\\/31\\\/regles-de-base-du-vivre-ensemble-en-copropriete\\\/#breadcrumb\"},\"inLanguage\":\"fr-FR\",\"potentialAction\":[{\"@type\":\"ReadAction\",\"target\":[\"https:\\\/\\\/blog.tmgrupoinmobiliario.com\\\/fr\\\/2021\\\/07\\\/31\\\/regles-de-base-du-vivre-ensemble-en-copropriete\\\/\"]}]},{\"@type\":\"ImageObject\",\"inLanguage\":\"fr-FR\",\"@id\":\"https:\\\/\\\/blog.tmgrupoinmobiliario.com\\\/fr\\\/2021\\\/07\\\/31\\\/regles-de-base-du-vivre-ensemble-en-copropriete\\\/#primaryimage\",\"url\":\"https:\\\/\\\/blog.tmgrupoinmobiliario.com\\\/fr\\\/wp-content\\\/uploads\\\/sites\\\/5\\\/2021\\\/07\\\/1000x666-5.jpg\",\"contentUrl\":\"https:\\\/\\\/blog.tmgrupoinmobiliario.com\\\/fr\\\/wp-content\\\/uploads\\\/sites\\\/5\\\/2021\\\/07\\\/1000x666-5.jpg\",\"width\":1000,\"height\":666},{\"@type\":\"BreadcrumbList\",\"@id\":\"https:\\\/\\\/blog.tmgrupoinmobiliario.com\\\/fr\\\/2021\\\/07\\\/31\\\/regles-de-base-du-vivre-ensemble-en-copropriete\\\/#breadcrumb\",\"itemListElement\":[{\"@type\":\"ListItem\",\"position\":1,\"name\":\"Portada\",\"item\":\"https:\\\/\\\/blog.tmgrupoinmobiliario.com\\\/fr\\\/\"},{\"@type\":\"ListItem\",\"position\":2,\"name\":\"R\u00e8gles de base du vivre-ensemble en copropri\u00e9t\u00e9\"}]},{\"@type\":\"WebSite\",\"@id\":\"https:\\\/\\\/blog.tmgrupoinmobiliario.com\\\/fr\\\/#website\",\"url\":\"https:\\\/\\\/blog.tmgrupoinmobiliario.com\\\/fr\\\/\",\"name\":\"Francais\",\"description\":\"Otro sitio m\u00e1s de Blog Desarrollo TM sitios\",\"potentialAction\":[{\"@type\":\"SearchAction\",\"target\":{\"@type\":\"EntryPoint\",\"urlTemplate\":\"https:\\\/\\\/blog.tmgrupoinmobiliario.com\\\/fr\\\/?s={search_term_string}\"},\"query-input\":{\"@type\":\"PropertyValueSpecification\",\"valueRequired\":true,\"valueName\":\"search_term_string\"}}],\"inLanguage\":\"fr-FR\"},{\"@type\":\"Person\",\"@id\":\"https:\\\/\\\/blog.tmgrupoinmobiliario.com\\\/fr\\\/#\\\/schema\\\/person\\\/4059e96ae5aca6723920ee59eef29527\",\"name\":\"alberto\",\"image\":{\"@type\":\"ImageObject\",\"inLanguage\":\"fr-FR\",\"@id\":\"https:\\\/\\\/secure.gravatar.com\\\/avatar\\\/06c6cde3178430a549915eadb7c401c2bc823ad9e7a52cee2719f7299538c934?s=96&d=mm&r=g\",\"url\":\"https:\\\/\\\/secure.gravatar.com\\\/avatar\\\/06c6cde3178430a549915eadb7c401c2bc823ad9e7a52cee2719f7299538c934?s=96&d=mm&r=g\",\"contentUrl\":\"https:\\\/\\\/secure.gravatar.com\\\/avatar\\\/06c6cde3178430a549915eadb7c401c2bc823ad9e7a52cee2719f7299538c934?s=96&d=mm&r=g\",\"caption\":\"alberto\"},\"url\":\"https:\\\/\\\/blog.tmgrupoinmobiliario.com\\\/fr\\\/author\\\/alberto\\\/\"}]}<\/script>\n<!-- \/ Yoast SEO Premium plugin. -->","yoast_head_json":{"title":"R\u00e8gles de base du vivre-ensemble en copropri\u00e9t\u00e9","robots":{"index":"index","follow":"follow","max-snippet":"max-snippet:-1","max-image-preview":"max-image-preview:large","max-video-preview":"max-video-preview:-1"},"canonical":"https:\/\/blog.tmgrupoinmobiliario.com\/fr\/2021\/07\/31\/regles-de-base-du-vivre-ensemble-en-copropriete\/","og_locale":"fr_FR","og_type":"article","og_title":"R\u00e8gles de base du vivre-ensemble en copropri\u00e9t\u00e9","og_description":"&nbsp; L\u2019un des aspects qui pr\u00e9occupent le plus lorsqu\u2019on emm\u00e9nage dans un nouveau logement est la cohabitation avec les voisins. Comment seront-ils ? Est-ce que je m\u2019int\u00e9grerai \u00e0 la copropri\u00e9t\u00e9 ? Auront-ils un r\u00e8glement diff\u00e9rent ? Vous vous \u00eates s\u00fbrement d\u00e9j\u00e0 pos\u00e9 quelques-unes de ces questions. Mais ne vous inqui\u00e9tez pas car, en plus des [&hellip;]","og_url":"https:\/\/blog.tmgrupoinmobiliario.com\/fr\/2021\/07\/31\/regles-de-base-du-vivre-ensemble-en-copropriete\/","og_site_name":"Francais","article_published_time":"2021-07-31T10:07:18+00:00","article_modified_time":"2021-07-31T10:07:53+00:00","og_image":[{"width":1000,"height":666,"url":"https:\/\/blog.tmgrupoinmobiliario.com\/fr\/wp-content\/uploads\/sites\/5\/2021\/07\/1000x666-5.jpg","type":"image\/jpeg"}],"author":"alberto","twitter_card":"summary_large_image","twitter_misc":{"\u00c9crit par":"alberto","Dur\u00e9e de lecture estim\u00e9e":"2 minutes"},"schema":{"@context":"https:\/\/schema.org","@graph":[{"@type":"Article","@id":"https:\/\/blog.tmgrupoinmobiliario.com\/fr\/2021\/07\/31\/regles-de-base-du-vivre-ensemble-en-copropriete\/#article","isPartOf":{"@id":"https:\/\/blog.tmgrupoinmobiliario.com\/fr\/2021\/07\/31\/regles-de-base-du-vivre-ensemble-en-copropriete\/"},"author":{"name":"alberto","@id":"https:\/\/blog.tmgrupoinmobiliario.com\/fr\/#\/schema\/person\/4059e96ae5aca6723920ee59eef29527"},"headline":"R\u00e8gles de base du vivre-ensemble en copropri\u00e9t\u00e9","datePublished":"2021-07-31T10:07:18+00:00","dateModified":"2021-07-31T10:07:53+00:00","mainEntityOfPage":{"@id":"https:\/\/blog.tmgrupoinmobiliario.com\/fr\/2021\/07\/31\/regles-de-base-du-vivre-ensemble-en-copropriete\/"},"wordCount":394,"commentCount":0,"image":{"@id":"https:\/\/blog.tmgrupoinmobiliario.com\/fr\/2021\/07\/31\/regles-de-base-du-vivre-ensemble-en-copropriete\/#primaryimage"},"thumbnailUrl":"https:\/\/blog.tmgrupoinmobiliario.com\/fr\/wp-content\/uploads\/sites\/5\/2021\/07\/1000x666-5.jpg","keywords":["tag-promotions","tag-promotions-costa-almeria","tag-promotions-costa-blanca-norte","tag-promotions-costa-blanca-sur","tag-promotions-costa-del-sol"],"articleSection":["Votre nouvelle r\u00e9sidence"],"inLanguage":"fr-FR","potentialAction":[{"@type":"CommentAction","name":"Comment","target":["https:\/\/blog.tmgrupoinmobiliario.com\/fr\/2021\/07\/31\/regles-de-base-du-vivre-ensemble-en-copropriete\/#respond"]}]},{"@type":"WebPage","@id":"https:\/\/blog.tmgrupoinmobiliario.com\/fr\/2021\/07\/31\/regles-de-base-du-vivre-ensemble-en-copropriete\/","url":"https:\/\/blog.tmgrupoinmobiliario.com\/fr\/2021\/07\/31\/regles-de-base-du-vivre-ensemble-en-copropriete\/","name":"R\u00e8gles de base du vivre-ensemble en copropri\u00e9t\u00e9","isPartOf":{"@id":"https:\/\/blog.tmgrupoinmobiliario.com\/fr\/#website"},"primaryImageOfPage":{"@id":"https:\/\/blog.tmgrupoinmobiliario.com\/fr\/2021\/07\/31\/regles-de-base-du-vivre-ensemble-en-copropriete\/#primaryimage"},"image":{"@id":"https:\/\/blog.tmgrupoinmobiliario.com\/fr\/2021\/07\/31\/regles-de-base-du-vivre-ensemble-en-copropriete\/#primaryimage"},"thumbnailUrl":"https:\/\/blog.tmgrupoinmobiliario.com\/fr\/wp-content\/uploads\/sites\/5\/2021\/07\/1000x666-5.jpg","datePublished":"2021-07-31T10:07:18+00:00","dateModified":"2021-07-31T10:07:53+00:00","author":{"@id":"https:\/\/blog.tmgrupoinmobiliario.com\/fr\/#\/schema\/person\/4059e96ae5aca6723920ee59eef29527"},"breadcrumb":{"@id":"https:\/\/blog.tmgrupoinmobiliario.com\/fr\/2021\/07\/31\/regles-de-base-du-vivre-ensemble-en-copropriete\/#breadcrumb"},"inLanguage":"fr-FR","potentialAction":[{"@type":"ReadAction","target":["https:\/\/blog.tmgrupoinmobiliario.com\/fr\/2021\/07\/31\/regles-de-base-du-vivre-ensemble-en-copropriete\/"]}]},{"@type":"ImageObject","inLanguage":"fr-FR","@id":"https:\/\/blog.tmgrupoinmobiliario.com\/fr\/2021\/07\/31\/regles-de-base-du-vivre-ensemble-en-copropriete\/#primaryimage","url":"https:\/\/blog.tmgrupoinmobiliario.com\/fr\/wp-content\/uploads\/sites\/5\/2021\/07\/1000x666-5.jpg","contentUrl":"https:\/\/blog.tmgrupoinmobiliario.com\/fr\/wp-content\/uploads\/sites\/5\/2021\/07\/1000x666-5.jpg","width":1000,"height":666},{"@type":"BreadcrumbList","@id":"https:\/\/blog.tmgrupoinmobiliario.com\/fr\/2021\/07\/31\/regles-de-base-du-vivre-ensemble-en-copropriete\/#breadcrumb","itemListElement":[{"@type":"ListItem","position":1,"name":"Portada","item":"https:\/\/blog.tmgrupoinmobiliario.com\/fr\/"},{"@type":"ListItem","position":2,"name":"R\u00e8gles de base du vivre-ensemble en copropri\u00e9t\u00e9"}]},{"@type":"WebSite","@id":"https:\/\/blog.tmgrupoinmobiliario.com\/fr\/#website","url":"https:\/\/blog.tmgrupoinmobiliario.com\/fr\/","name":"Francais","description":"Otro sitio m\u00e1s de Blog Desarrollo TM sitios","potentialAction":[{"@type":"SearchAction","target":{"@type":"EntryPoint","urlTemplate":"https:\/\/blog.tmgrupoinmobiliario.com\/fr\/?s={search_term_string}"},"query-input":{"@type":"PropertyValueSpecification","valueRequired":true,"valueName":"search_term_string"}}],"inLanguage":"fr-FR"},{"@type":"Person","@id":"https:\/\/blog.tmgrupoinmobiliario.com\/fr\/#\/schema\/person\/4059e96ae5aca6723920ee59eef29527","name":"alberto","image":{"@type":"ImageObject","inLanguage":"fr-FR","@id":"https:\/\/secure.gravatar.com\/avatar\/06c6cde3178430a549915eadb7c401c2bc823ad9e7a52cee2719f7299538c934?s=96&d=mm&r=g","url":"https:\/\/secure.gravatar.com\/avatar\/06c6cde3178430a549915eadb7c401c2bc823ad9e7a52cee2719f7299538c934?s=96&d=mm&r=g","contentUrl":"https:\/\/secure.gravatar.com\/avatar\/06c6cde3178430a549915eadb7c401c2bc823ad9e7a52cee2719f7299538c934?s=96&d=mm&r=g","caption":"alberto"},"url":"https:\/\/blog.tmgrupoinmobiliario.com\/fr\/author\/alberto\/"}]}},"jetpack_featured_media_url":"https:\/\/blog.tmgrupoinmobiliario.com\/fr\/wp-content\/uploads\/sites\/5\/2021\/07\/1000x666-5.jpg","jetpack_sharing_enabled":true,"_links":{"self":[{"href":"https:\/\/blog.tmgrupoinmobiliario.com\/fr\/wp-json\/wp\/v2\/posts\/18760","targetHints":{"allow":["GET"]}}],"collection":[{"href":"https:\/\/blog.tmgrupoinmobiliario.com\/fr\/wp-json\/wp\/v2\/posts"}],"about":[{"href":"https:\/\/blog.tmgrupoinmobiliario.com\/fr\/wp-json\/wp\/v2\/types\/post"}],"author":[{"embeddable":true,"href":"https:\/\/blog.tmgrupoinmobiliario.com\/fr\/wp-json\/wp\/v2\/users\/11710"}],"replies":[{"embeddable":true,"href":"https:\/\/blog.tmgrupoinmobiliario.com\/fr\/wp-json\/wp\/v2\/comments?post=18760"}],"version-history":[{"count":1,"href":"https:\/\/blog.tmgrupoinmobiliario.com\/fr\/wp-json\/wp\/v2\/posts\/18760\/revisions"}],"predecessor-version":[{"id":18766,"href":"https:\/\/blog.tmgrupoinmobiliario.com\/fr\/wp-json\/wp\/v2\/posts\/18760\/revisions\/18766"}],"wp:featuredmedia":[{"embeddable":true,"href":"https:\/\/blog.tmgrupoinmobiliario.com\/fr\/wp-json\/wp\/v2\/media\/18761"}],"wp:attachment":[{"href":"https:\/\/blog.tmgrupoinmobiliario.com\/fr\/wp-json\/wp\/v2\/media?parent=18760"}],"wp:term":[{"taxonomy":"category","embeddable":true,"href":"https:\/\/blog.tmgrupoinmobiliario.com\/fr\/wp-json\/wp\/v2\/categories?post=18760"},{"taxonomy":"post_tag","embeddable":true,"href":"https:\/\/blog.tmgrupoinmobiliario.com\/fr\/wp-json\/wp\/v2\/tags?post=18760"}],"curies":[{"name":"wp","href":"https:\/\/api.w.org\/{rel}","templated":true}]}}