{"id":18710,"date":"2021-07-20T17:32:07","date_gmt":"2021-07-20T15:32:07","guid":{"rendered":"https:\/\/blog.tmgrupoinmobiliario.com\/fr\/?p=18710"},"modified":"2021-07-27T18:16:06","modified_gmt":"2021-07-27T16:16:06","slug":"itineraires-en-voiture-sur-la-costa-del-sol","status":"publish","type":"post","link":"https:\/\/blog.tmgrupoinmobiliario.com\/fr\/2021\/07\/20\/itineraires-en-voiture-sur-la-costa-del-sol\/","title":{"rendered":"Itin\u00e9raires en voiture sur la Costa del Sol"},"content":{"rendered":"<p>&nbsp;<\/p>\n<p><span style=\"color: #ff0000\"><strong>Itin\u00e9raire en voiture sur la Costa del Sol occidentale<\/strong><\/span><\/p>\n<p>C\u2019est dans ce secteur que se trouvent nos zones r\u00e9sidentielles de la Costa del Sol. Estepona, Marbella et Mijas feront partie de ses haltes.<\/p>\n<ol>\n<li><strong>Estepona <\/strong><\/li>\n<\/ol>\n<p>Vous pouvez commencer votre itin\u00e9raire par Estepona, une ville andalouse traditionnelle. Cette localit\u00e9 est c\u00e9l\u00e8bre pour ses plages, mais ne manquez pas d\u2019explorer aussi son vieux quartier, avec ses maisons typiques aux fa\u00e7ades orn\u00e9es de g\u00e9raniums. C\u2019est sans nul doute un endroit au charme particulier.<\/p>\n<ol start=\"2\">\n<li><strong>Marbella<\/strong><\/li>\n<\/ol>\n<p>Apr\u00e8s avoir visit\u00e9 Estepona, mettez le cap sur Marbella. Il est difficile de d\u00e9crire en quelques mots cette ville, embl\u00e8me de la Costa del Sol, fa\u00e7onn\u00e9e par les loisirs, le glamour et la culture. Son centre historique est incomparable. Ses rues \u00e9troites, ses fa\u00e7ades blanches et ses petites places, comme celle de Los Naranjos, font de Marbella un lieu unique. Enfin, ne repartez pas sans visiter Puerto Ban\u00fas, endroit extravagant s\u2019il en est, o\u00f9 le luxe est le v\u00e9ritable protagoniste.<\/p>\n<ol start=\"3\">\n<li><strong>Fuengirola<\/strong><\/li>\n<\/ol>\n<p>Fuengirola est la troisi\u00e8me \u00e9tape de cet itin\u00e9raire. Il faut absolument aller fl\u00e2ner sur sa longue promenade de bord de mer. L\u00e0, vous profiterez de l\u2019ambiance anim\u00e9e de ses bars et de ses restaurants o\u00f9 les \u00ab espetos \u00bb (sardines grill\u00e9es) sont un must. Parmi ses monuments, l\u2019on peut citer le site arch\u00e9ologique de <strong><em>Finca del Secretario<\/em><\/strong> et le ch\u00e2teau de Sohail, qui offre une vue impressionnante sur la M\u00e9diterran\u00e9e.<\/p>\n<ol start=\"4\">\n<li><strong>Mijas<\/strong><\/li>\n<\/ol>\n<p>\u00c0 20 minutes de Fuengirola, vous d\u00e9couvrirez Mijas, l\u2019une des bourgades les plus spectaculaires de la Costa del Sol. Son centre historique a \u00e9t\u00e9 d\u00e9clar\u00e9 ensemble historico-artistique. Vous admirez ses jardins et le Mirador de la Muralla. De ce point de vue, vous pourrez contempler l\u2019une plus belles vues de toute la c\u00f4te.<\/p>\n<ol start=\"5\">\n<li><strong>Benalm\u00e1dena <\/strong><\/li>\n<\/ol>\n<p>Dernier arr\u00eat : Benalm\u00e1dena. Dans la vieille ville, faite de rues \u00e9troites et de places, vous devez absolument visiter le mus\u00e9e d\u2019art pr\u00e9colombien Felipe Orlando, qui accueille l\u2019une des meilleures collections d\u2019Espagne. Le ch\u00e2teau de Colomares et celui de Bil Bil, de couleur rouge\u00e2tre, sont deux autres sites \u00e0 ne pas manquer dans cette jolie bourgade c\u00f4ti\u00e8re.<\/p>\n<p>&nbsp;<\/p>\n<p><span style=\"color: #ff0000\"><strong>Itin\u00e9raire en voiture sur la Costa del Sol orientale<\/strong><\/span><\/p>\n<ol>\n<li><strong>Frigiliana<\/strong><\/li>\n<\/ol>\n<p>Commen\u00e7ons notre d\u00e9couverte de la partie orientale de la Costa del Sol par un arr\u00eat \u00e0 Frigiliana, l\u2019un des villages les plus photographi\u00e9s et visit\u00e9s d\u2019Espagne. Une promenade dans les rues Zacat\u00edn et Amargura s\u2019impose. Ses rues bord\u00e9es de blanc et pav\u00e9es de pierres vous escortent jusqu\u2019\u00e0 des vues imprenables sur la M\u00e9diterran\u00e9e.<\/p>\n<ol start=\"2\">\n<li><strong>Maro<\/strong><\/li>\n<\/ol>\n<p>Continuez votre route jusqu\u2019\u00e0 Maro, un village c\u00e9l\u00e8bre pour ses vues panoramiques sur l\u2019Espace naturel Acantilados, o\u00f9 la mer se confond avec les montagnes. \u00c0 proximit\u00e9, vous trouverez la grotte de Nerja, un must absolu, consid\u00e9r\u00e9e par beaucoup comme l\u2019\u00e9crin de la premi\u00e8re \u0153uvre d\u2019art de l\u2019humanit\u00e9.<\/p>\n<ol start=\"3\">\n<li><strong>Nerja <\/strong><\/li>\n<\/ol>\n<p>L\u2019\u00e9tape suivante est Nerja. Promenez-vous jusqu\u2019\u00e0 son c\u00e9l\u00e8bre \u00ab Balcon de l\u2019Europe \u00bb, d\u2019o\u00f9 vous pouvez admirer la c\u00f4te. L\u2019\u00e9glise El Salvador et la chapelle Nuestra Se\u00f1ora de las Angustias sont \u00e9galement des lieux incontournables. C\u2019est \u00e0 Nerja qu\u2019a \u00e9t\u00e9 tourn\u00e9e la s\u00e9rie Le Bel \u00c9t\u00e9 : pour les nostalgiques, une visite du parc qui lui rend hommage s\u2019impose. Vous pourrez, entre autres, vous y faire photographier avec le mythique bateau de Chanquete.<\/p>\n<ol start=\"4\">\n<li><strong>Rinc\u00f3n de la Victoria <\/strong><\/li>\n<\/ol>\n<p>La derni\u00e8re \u00e9tape de votre itin\u00e9raire est Rinc\u00f3n de la Victoria, un village nich\u00e9 en pleine nature et accueillant des sites spectaculaires, comme le ch\u00e2teau de Bezmiliana et la grotte du Tr\u00e9sor. Ne repartez sans avoir go\u00fbt\u00e9 les traditionnels \u00ab boquerones \u00bb (anchois) dans les petits bars de plage de la c\u00f4te !<\/p>\n","protected":false},"excerpt":{"rendered":"<p>&nbsp; Itin\u00e9raire en voiture sur la Costa del Sol occidentale C\u2019est dans ce secteur que se trouvent nos zones r\u00e9sidentielles de la Costa del Sol. Estepona, Marbella et Mijas feront partie de ses haltes. Estepona Vous pouvez commencer votre itin\u00e9raire par Estepona, une ville andalouse traditionnelle. Cette localit\u00e9 est c\u00e9l\u00e8bre pour ses plages, mais ne [&hellip;]<\/p>\n","protected":false},"author":11710,"featured_media":18711,"comment_status":"open","ping_status":"open","sticky":false,"template":"","format":"standard","meta":{"_jetpack_memberships_contains_paid_content":false,"footnotes":""},"categories":[1],"tags":[35,10],"class_list":["post-18710","post","type-post","status-publish","format-standard","has-post-thumbnail","hentry","category-sin-categoria","tag-tag-promotions","tag-tag-promotions-costa-del-sol-fr-2","formato-blog"],"better_featured_image":{"id":18711,"alt_text":"","caption":"","description":"","media_type":"image","media_details":{"width":1000,"height":666,"file":"2021\/07\/1000x666-2.jpg","sizes":{"medium":{"file":"1000x666-2-300x200.jpg","width":300,"height":200,"mime-type":"image\/jpeg","source_url":"https:\/\/blog.tmgrupoinmobiliario.com\/fr\/wp-content\/uploads\/sites\/5\/2021\/07\/1000x666-2-300x200.jpg"},"thumbnail":{"file":"1000x666-2-150x150.jpg","width":150,"height":150,"mime-type":"image\/jpeg","source_url":"https:\/\/blog.tmgrupoinmobiliario.com\/fr\/wp-content\/uploads\/sites\/5\/2021\/07\/1000x666-2-150x150.jpg"},"medium_large":{"file":"1000x666-2-768x511.jpg","width":768,"height":511,"mime-type":"image\/jpeg","source_url":"https:\/\/blog.tmgrupoinmobiliario.com\/fr\/wp-content\/uploads\/sites\/5\/2021\/07\/1000x666-2-768x511.jpg"}},"image_meta":{"aperture":"0","credit":"","camera":"","caption":"","created_timestamp":"0","copyright":"","focal_length":"0","iso":"0","shutter_speed":"0","title":"","orientation":"1","keywords":[]}},"post":18710,"source_url":"https:\/\/blog.tmgrupoinmobiliario.com\/fr\/wp-content\/uploads\/sites\/5\/2021\/07\/1000x666-2.jpg"},"acf":{"imagen_destacada_desktop":"https:\/\/blog.tmgrupoinmobiliario.com\/fr\/wp-content\/uploads\/sites\/5\/2021\/07\/1920x870-2.jpg","imagen_destacada_mobile":"https:\/\/blog.tmgrupoinmobiliario.com\/fr\/wp-content\/uploads\/sites\/5\/2021\/07\/540x540-2.jpg","formato":{"term_id":37,"name":"Blog","slug":"blog","term_group":0,"term_taxonomy_id":37,"taxonomy":"formato","description":"","parent":0,"count":110,"filter":"raw"},"entradilla":"La Costa del Sol est l\u2019une de ces r\u00e9gions d\u2019Espagne qui enchantent\u2026 Plages sans fin, couchers de soleil inoubliables, villages de charme, gastronomie\u2026 Que diriez-vous de la d\u00e9couvrir cet \u00e9t\u00e9 en suivant un itin\u00e9raire en voiture ? Vous pouvez le partager en deux et parcourir d\u2019un c\u00f4t\u00e9 la Costa del Sol occidentale, et de l\u2019autre la Costa del Sol orientale.","etiquetas":"","cabecera_escritorio":"https:\/\/blog.tmgrupoinmobiliario.com\/fr\/wp-content\/uploads\/sites\/5\/2021\/07\/1200x300-2.jpg","cabecera_mobile":"https:\/\/blog.tmgrupoinmobiliario.com\/fr\/wp-content\/uploads\/sites\/5\/2021\/07\/768x768-2.jpg","galeria":[{"ID":18718,"id":18718,"title":"1026x768 1","filename":"1026x768-1.jpg","filesize":747263,"url":"https:\/\/blog.tmgrupoinmobiliario.com\/fr\/wp-content\/uploads\/sites\/5\/2021\/07\/1026x768-1.jpg","link":"https:\/\/blog.tmgrupoinmobiliario.com\/fr\/2021\/07\/20\/itineraires-en-voiture-sur-la-costa-del-sol\/1026x768-1-2\/","alt":"","author":"11710","description":"","caption":"","name":"1026x768-1-2","status":"inherit","uploaded_to":18710,"date":"2021-07-20 15:18:57","modified":"2021-07-20 15:18:57","menu_order":0,"mime_type":"image\/jpeg","type":"image","subtype":"jpeg","icon":"https:\/\/blog.tmgrupoinmobiliario.com\/fr\/wp-includes\/images\/media\/default.png","width":1026,"height":768,"sizes":{"thumbnail":"https:\/\/blog.tmgrupoinmobiliario.com\/fr\/wp-content\/uploads\/sites\/5\/2021\/07\/1026x768-1-150x150.jpg","thumbnail-width":150,"thumbnail-height":150,"medium":"https:\/\/blog.tmgrupoinmobiliario.com\/fr\/wp-content\/uploads\/sites\/5\/2021\/07\/1026x768-1-300x225.jpg","medium-width":300,"medium-height":225,"medium_large":"https:\/\/blog.tmgrupoinmobiliario.com\/fr\/wp-content\/uploads\/sites\/5\/2021\/07\/1026x768-1-768x575.jpg","medium_large-width":768,"medium_large-height":575,"large":"https:\/\/blog.tmgrupoinmobiliario.com\/fr\/wp-content\/uploads\/sites\/5\/2021\/07\/1026x768-1-1024x767.jpg","large-width":1024,"large-height":767,"1536x1536":"https:\/\/blog.tmgrupoinmobiliario.com\/fr\/wp-content\/uploads\/sites\/5\/2021\/07\/1026x768-1.jpg","1536x1536-width":1026,"1536x1536-height":768,"2048x2048":"https:\/\/blog.tmgrupoinmobiliario.com\/fr\/wp-content\/uploads\/sites\/5\/2021\/07\/1026x768-1.jpg","2048x2048-width":1026,"2048x2048-height":768}},{"ID":18719,"id":18719,"title":"1026x768 embarcadero","filename":"1026x768-embarcadero.jpg","filesize":674876,"url":"https:\/\/blog.tmgrupoinmobiliario.com\/fr\/wp-content\/uploads\/sites\/5\/2021\/07\/1026x768-embarcadero.jpg","link":"https:\/\/blog.tmgrupoinmobiliario.com\/fr\/2021\/07\/20\/itineraires-en-voiture-sur-la-costa-del-sol\/1026x768-embarcadero\/","alt":"","author":"11710","description":"","caption":"","name":"1026x768-embarcadero","status":"inherit","uploaded_to":18710,"date":"2021-07-20 15:19:00","modified":"2021-07-20 15:19:00","menu_order":0,"mime_type":"image\/jpeg","type":"image","subtype":"jpeg","icon":"https:\/\/blog.tmgrupoinmobiliario.com\/fr\/wp-includes\/images\/media\/default.png","width":1026,"height":768,"sizes":{"thumbnail":"https:\/\/blog.tmgrupoinmobiliario.com\/fr\/wp-content\/uploads\/sites\/5\/2021\/07\/1026x768-embarcadero-150x150.jpg","thumbnail-width":150,"thumbnail-height":150,"medium":"https:\/\/blog.tmgrupoinmobiliario.com\/fr\/wp-content\/uploads\/sites\/5\/2021\/07\/1026x768-embarcadero-300x225.jpg","medium-width":300,"medium-height":225,"medium_large":"https:\/\/blog.tmgrupoinmobiliario.com\/fr\/wp-content\/uploads\/sites\/5\/2021\/07\/1026x768-embarcadero-768x575.jpg","medium_large-width":768,"medium_large-height":575,"large":"https:\/\/blog.tmgrupoinmobiliario.com\/fr\/wp-content\/uploads\/sites\/5\/2021\/07\/1026x768-embarcadero-1024x767.jpg","large-width":1024,"large-height":767,"1536x1536":"https:\/\/blog.tmgrupoinmobiliario.com\/fr\/wp-content\/uploads\/sites\/5\/2021\/07\/1026x768-embarcadero.jpg","1536x1536-width":1026,"1536x1536-height":768,"2048x2048":"https:\/\/blog.tmgrupoinmobiliario.com\/fr\/wp-content\/uploads\/sites\/5\/2021\/07\/1026x768-embarcadero.jpg","2048x2048-width":1026,"2048x2048-height":768}},{"ID":18720,"id":18720,"title":"1026x768 frigiliana","filename":"1026x768-frigiliana.jpg","filesize":558536,"url":"https:\/\/blog.tmgrupoinmobiliario.com\/fr\/wp-content\/uploads\/sites\/5\/2021\/07\/1026x768-frigiliana.jpg","link":"https:\/\/blog.tmgrupoinmobiliario.com\/fr\/2021\/07\/20\/itineraires-en-voiture-sur-la-costa-del-sol\/1026x768-frigiliana\/","alt":"","author":"11710","description":"","caption":"","name":"1026x768-frigiliana","status":"inherit","uploaded_to":18710,"date":"2021-07-20 15:19:03","modified":"2021-07-20 15:19:03","menu_order":0,"mime_type":"image\/jpeg","type":"image","subtype":"jpeg","icon":"https:\/\/blog.tmgrupoinmobiliario.com\/fr\/wp-includes\/images\/media\/default.png","width":1026,"height":768,"sizes":{"thumbnail":"https:\/\/blog.tmgrupoinmobiliario.com\/fr\/wp-content\/uploads\/sites\/5\/2021\/07\/1026x768-frigiliana-150x150.jpg","thumbnail-width":150,"thumbnail-height":150,"medium":"https:\/\/blog.tmgrupoinmobiliario.com\/fr\/wp-content\/uploads\/sites\/5\/2021\/07\/1026x768-frigiliana-300x225.jpg","medium-width":300,"medium-height":225,"medium_large":"https:\/\/blog.tmgrupoinmobiliario.com\/fr\/wp-content\/uploads\/sites\/5\/2021\/07\/1026x768-frigiliana-768x575.jpg","medium_large-width":768,"medium_large-height":575,"large":"https:\/\/blog.tmgrupoinmobiliario.com\/fr\/wp-content\/uploads\/sites\/5\/2021\/07\/1026x768-frigiliana-1024x767.jpg","large-width":1024,"large-height":767,"1536x1536":"https:\/\/blog.tmgrupoinmobiliario.com\/fr\/wp-content\/uploads\/sites\/5\/2021\/07\/1026x768-frigiliana.jpg","1536x1536-width":1026,"1536x1536-height":768,"2048x2048":"https:\/\/blog.tmgrupoinmobiliario.com\/fr\/wp-content\/uploads\/sites\/5\/2021\/07\/1026x768-frigiliana.jpg","2048x2048-width":1026,"2048x2048-height":768}},{"ID":18721,"id":18721,"title":"1026x768 mijas","filename":"1026x768-mijas.jpg","filesize":902225,"url":"https:\/\/blog.tmgrupoinmobiliario.com\/fr\/wp-content\/uploads\/sites\/5\/2021\/07\/1026x768-mijas.jpg","link":"https:\/\/blog.tmgrupoinmobiliario.com\/fr\/2021\/07\/20\/itineraires-en-voiture-sur-la-costa-del-sol\/1026x768-mijas\/","alt":"","author":"11710","description":"","caption":"","name":"1026x768-mijas","status":"inherit","uploaded_to":18710,"date":"2021-07-20 15:19:05","modified":"2021-07-20 15:19:05","menu_order":0,"mime_type":"image\/jpeg","type":"image","subtype":"jpeg","icon":"https:\/\/blog.tmgrupoinmobiliario.com\/fr\/wp-includes\/images\/media\/default.png","width":1026,"height":768,"sizes":{"thumbnail":"https:\/\/blog.tmgrupoinmobiliario.com\/fr\/wp-content\/uploads\/sites\/5\/2021\/07\/1026x768-mijas-150x150.jpg","thumbnail-width":150,"thumbnail-height":150,"medium":"https:\/\/blog.tmgrupoinmobiliario.com\/fr\/wp-content\/uploads\/sites\/5\/2021\/07\/1026x768-mijas-300x225.jpg","medium-width":300,"medium-height":225,"medium_large":"https:\/\/blog.tmgrupoinmobiliario.com\/fr\/wp-content\/uploads\/sites\/5\/2021\/07\/1026x768-mijas-768x575.jpg","medium_large-width":768,"medium_large-height":575,"large":"https:\/\/blog.tmgrupoinmobiliario.com\/fr\/wp-content\/uploads\/sites\/5\/2021\/07\/1026x768-mijas-1024x767.jpg","large-width":1024,"large-height":767,"1536x1536":"https:\/\/blog.tmgrupoinmobiliario.com\/fr\/wp-content\/uploads\/sites\/5\/2021\/07\/1026x768-mijas.jpg","1536x1536-width":1026,"1536x1536-height":768,"2048x2048":"https:\/\/blog.tmgrupoinmobiliario.com\/fr\/wp-content\/uploads\/sites\/5\/2021\/07\/1026x768-mijas.jpg","2048x2048-width":1026,"2048x2048-height":768}}]},"yoast_head":"<!-- This site is optimized with the Yoast SEO Premium plugin v23.6 (Yoast SEO v27.5) - https:\/\/yoast.com\/product\/yoast-seo-premium-wordpress\/ -->\n<title>Itin\u00e9raires en voiture sur la Costa del Sol<\/title>\n<meta name=\"description\" content=\"La Costa del Sol est l\u2019une de ces r\u00e9gions d\u2019Espagne qui enchantent. Que diriez-vous de la d\u00e9couvrir cet \u00e9t\u00e9 en suivant un itin\u00e9raire en voiture ?\" \/>\n<meta name=\"robots\" content=\"index, follow, max-snippet:-1, max-image-preview:large, max-video-preview:-1\" \/>\n<link rel=\"canonical\" href=\"https:\/\/blog.tmgrupoinmobiliario.com\/fr\/2021\/07\/20\/itineraires-en-voiture-sur-la-costa-del-sol\/\" \/>\n<meta property=\"og:locale\" content=\"fr_FR\" \/>\n<meta property=\"og:type\" content=\"article\" \/>\n<meta property=\"og:title\" content=\"Itin\u00e9raires en voiture sur la Costa del Sol\" \/>\n<meta property=\"og:description\" content=\"La Costa del Sol est l\u2019une de ces r\u00e9gions d\u2019Espagne qui enchantent. Que diriez-vous de la d\u00e9couvrir cet \u00e9t\u00e9 en suivant un itin\u00e9raire en voiture ?\" \/>\n<meta property=\"og:url\" content=\"https:\/\/blog.tmgrupoinmobiliario.com\/fr\/2021\/07\/20\/itineraires-en-voiture-sur-la-costa-del-sol\/\" \/>\n<meta property=\"og:site_name\" content=\"Francais\" \/>\n<meta property=\"article:published_time\" content=\"2021-07-20T15:32:07+00:00\" \/>\n<meta property=\"article:modified_time\" content=\"2021-07-27T16:16:06+00:00\" \/>\n<meta property=\"og:image\" content=\"https:\/\/blog.tmgrupoinmobiliario.com\/fr\/wp-content\/uploads\/sites\/5\/2021\/07\/1000x666-2.jpg\" \/>\n\t<meta property=\"og:image:width\" content=\"1000\" \/>\n\t<meta property=\"og:image:height\" content=\"666\" \/>\n\t<meta property=\"og:image:type\" content=\"image\/jpeg\" \/>\n<meta name=\"author\" content=\"alberto\" \/>\n<meta name=\"twitter:card\" content=\"summary_large_image\" \/>\n<meta name=\"twitter:label1\" content=\"\u00c9crit par\" \/>\n\t<meta name=\"twitter:data1\" content=\"alberto\" \/>\n\t<meta name=\"twitter:label2\" content=\"Dur\u00e9e de lecture estim\u00e9e\" \/>\n\t<meta name=\"twitter:data2\" content=\"3 minutes\" \/>\n<script type=\"application\/ld+json\" class=\"yoast-schema-graph\">{\"@context\":\"https:\\\/\\\/schema.org\",\"@graph\":[{\"@type\":\"Article\",\"@id\":\"https:\\\/\\\/blog.tmgrupoinmobiliario.com\\\/fr\\\/2021\\\/07\\\/20\\\/itineraires-en-voiture-sur-la-costa-del-sol\\\/#article\",\"isPartOf\":{\"@id\":\"https:\\\/\\\/blog.tmgrupoinmobiliario.com\\\/fr\\\/2021\\\/07\\\/20\\\/itineraires-en-voiture-sur-la-costa-del-sol\\\/\"},\"author\":{\"name\":\"alberto\",\"@id\":\"https:\\\/\\\/blog.tmgrupoinmobiliario.com\\\/fr\\\/#\\\/schema\\\/person\\\/4059e96ae5aca6723920ee59eef29527\"},\"headline\":\"Itin\u00e9raires en voiture sur la Costa del Sol\",\"datePublished\":\"2021-07-20T15:32:07+00:00\",\"dateModified\":\"2021-07-27T16:16:06+00:00\",\"mainEntityOfPage\":{\"@id\":\"https:\\\/\\\/blog.tmgrupoinmobiliario.com\\\/fr\\\/2021\\\/07\\\/20\\\/itineraires-en-voiture-sur-la-costa-del-sol\\\/\"},\"wordCount\":673,\"commentCount\":0,\"image\":{\"@id\":\"https:\\\/\\\/blog.tmgrupoinmobiliario.com\\\/fr\\\/2021\\\/07\\\/20\\\/itineraires-en-voiture-sur-la-costa-del-sol\\\/#primaryimage\"},\"thumbnailUrl\":\"https:\\\/\\\/blog.tmgrupoinmobiliario.com\\\/fr\\\/wp-content\\\/uploads\\\/sites\\\/5\\\/2021\\\/07\\\/1000x666-2.jpg\",\"keywords\":[\"tag-promotions\",\"tag-promotions-costa-del-sol\"],\"articleSection\":[\"Sin categor\u00eda\"],\"inLanguage\":\"fr-FR\",\"potentialAction\":[{\"@type\":\"CommentAction\",\"name\":\"Comment\",\"target\":[\"https:\\\/\\\/blog.tmgrupoinmobiliario.com\\\/fr\\\/2021\\\/07\\\/20\\\/itineraires-en-voiture-sur-la-costa-del-sol\\\/#respond\"]}]},{\"@type\":\"WebPage\",\"@id\":\"https:\\\/\\\/blog.tmgrupoinmobiliario.com\\\/fr\\\/2021\\\/07\\\/20\\\/itineraires-en-voiture-sur-la-costa-del-sol\\\/\",\"url\":\"https:\\\/\\\/blog.tmgrupoinmobiliario.com\\\/fr\\\/2021\\\/07\\\/20\\\/itineraires-en-voiture-sur-la-costa-del-sol\\\/\",\"name\":\"Itin\u00e9raires en voiture sur la Costa del Sol\",\"isPartOf\":{\"@id\":\"https:\\\/\\\/blog.tmgrupoinmobiliario.com\\\/fr\\\/#website\"},\"primaryImageOfPage\":{\"@id\":\"https:\\\/\\\/blog.tmgrupoinmobiliario.com\\\/fr\\\/2021\\\/07\\\/20\\\/itineraires-en-voiture-sur-la-costa-del-sol\\\/#primaryimage\"},\"image\":{\"@id\":\"https:\\\/\\\/blog.tmgrupoinmobiliario.com\\\/fr\\\/2021\\\/07\\\/20\\\/itineraires-en-voiture-sur-la-costa-del-sol\\\/#primaryimage\"},\"thumbnailUrl\":\"https:\\\/\\\/blog.tmgrupoinmobiliario.com\\\/fr\\\/wp-content\\\/uploads\\\/sites\\\/5\\\/2021\\\/07\\\/1000x666-2.jpg\",\"datePublished\":\"2021-07-20T15:32:07+00:00\",\"dateModified\":\"2021-07-27T16:16:06+00:00\",\"author\":{\"@id\":\"https:\\\/\\\/blog.tmgrupoinmobiliario.com\\\/fr\\\/#\\\/schema\\\/person\\\/4059e96ae5aca6723920ee59eef29527\"},\"description\":\"La Costa del Sol est l\u2019une de ces r\u00e9gions d\u2019Espagne qui enchantent. Que diriez-vous de la d\u00e9couvrir cet \u00e9t\u00e9 en suivant un itin\u00e9raire en voiture ?\",\"breadcrumb\":{\"@id\":\"https:\\\/\\\/blog.tmgrupoinmobiliario.com\\\/fr\\\/2021\\\/07\\\/20\\\/itineraires-en-voiture-sur-la-costa-del-sol\\\/#breadcrumb\"},\"inLanguage\":\"fr-FR\",\"potentialAction\":[{\"@type\":\"ReadAction\",\"target\":[\"https:\\\/\\\/blog.tmgrupoinmobiliario.com\\\/fr\\\/2021\\\/07\\\/20\\\/itineraires-en-voiture-sur-la-costa-del-sol\\\/\"]}]},{\"@type\":\"ImageObject\",\"inLanguage\":\"fr-FR\",\"@id\":\"https:\\\/\\\/blog.tmgrupoinmobiliario.com\\\/fr\\\/2021\\\/07\\\/20\\\/itineraires-en-voiture-sur-la-costa-del-sol\\\/#primaryimage\",\"url\":\"https:\\\/\\\/blog.tmgrupoinmobiliario.com\\\/fr\\\/wp-content\\\/uploads\\\/sites\\\/5\\\/2021\\\/07\\\/1000x666-2.jpg\",\"contentUrl\":\"https:\\\/\\\/blog.tmgrupoinmobiliario.com\\\/fr\\\/wp-content\\\/uploads\\\/sites\\\/5\\\/2021\\\/07\\\/1000x666-2.jpg\",\"width\":1000,\"height\":666},{\"@type\":\"BreadcrumbList\",\"@id\":\"https:\\\/\\\/blog.tmgrupoinmobiliario.com\\\/fr\\\/2021\\\/07\\\/20\\\/itineraires-en-voiture-sur-la-costa-del-sol\\\/#breadcrumb\",\"itemListElement\":[{\"@type\":\"ListItem\",\"position\":1,\"name\":\"Portada\",\"item\":\"https:\\\/\\\/blog.tmgrupoinmobiliario.com\\\/fr\\\/\"},{\"@type\":\"ListItem\",\"position\":2,\"name\":\"Itin\u00e9raires en voiture sur la Costa del Sol\"}]},{\"@type\":\"WebSite\",\"@id\":\"https:\\\/\\\/blog.tmgrupoinmobiliario.com\\\/fr\\\/#website\",\"url\":\"https:\\\/\\\/blog.tmgrupoinmobiliario.com\\\/fr\\\/\",\"name\":\"Francais\",\"description\":\"Otro sitio m\u00e1s de Blog Desarrollo TM sitios\",\"potentialAction\":[{\"@type\":\"SearchAction\",\"target\":{\"@type\":\"EntryPoint\",\"urlTemplate\":\"https:\\\/\\\/blog.tmgrupoinmobiliario.com\\\/fr\\\/?s={search_term_string}\"},\"query-input\":{\"@type\":\"PropertyValueSpecification\",\"valueRequired\":true,\"valueName\":\"search_term_string\"}}],\"inLanguage\":\"fr-FR\"},{\"@type\":\"Person\",\"@id\":\"https:\\\/\\\/blog.tmgrupoinmobiliario.com\\\/fr\\\/#\\\/schema\\\/person\\\/4059e96ae5aca6723920ee59eef29527\",\"name\":\"alberto\",\"image\":{\"@type\":\"ImageObject\",\"inLanguage\":\"fr-FR\",\"@id\":\"https:\\\/\\\/secure.gravatar.com\\\/avatar\\\/06c6cde3178430a549915eadb7c401c2bc823ad9e7a52cee2719f7299538c934?s=96&d=mm&r=g\",\"url\":\"https:\\\/\\\/secure.gravatar.com\\\/avatar\\\/06c6cde3178430a549915eadb7c401c2bc823ad9e7a52cee2719f7299538c934?s=96&d=mm&r=g\",\"contentUrl\":\"https:\\\/\\\/secure.gravatar.com\\\/avatar\\\/06c6cde3178430a549915eadb7c401c2bc823ad9e7a52cee2719f7299538c934?s=96&d=mm&r=g\",\"caption\":\"alberto\"},\"url\":\"https:\\\/\\\/blog.tmgrupoinmobiliario.com\\\/fr\\\/author\\\/alberto\\\/\"}]}<\/script>\n<!-- \/ Yoast SEO Premium plugin. -->","yoast_head_json":{"title":"Itin\u00e9raires en voiture sur la Costa del Sol","description":"La Costa del Sol est l\u2019une de ces r\u00e9gions d\u2019Espagne qui enchantent. Que diriez-vous de la d\u00e9couvrir cet \u00e9t\u00e9 en suivant un itin\u00e9raire en voiture ?","robots":{"index":"index","follow":"follow","max-snippet":"max-snippet:-1","max-image-preview":"max-image-preview:large","max-video-preview":"max-video-preview:-1"},"canonical":"https:\/\/blog.tmgrupoinmobiliario.com\/fr\/2021\/07\/20\/itineraires-en-voiture-sur-la-costa-del-sol\/","og_locale":"fr_FR","og_type":"article","og_title":"Itin\u00e9raires en voiture sur la Costa del Sol","og_description":"La Costa del Sol est l\u2019une de ces r\u00e9gions d\u2019Espagne qui enchantent. Que diriez-vous de la d\u00e9couvrir cet \u00e9t\u00e9 en suivant un itin\u00e9raire en voiture ?","og_url":"https:\/\/blog.tmgrupoinmobiliario.com\/fr\/2021\/07\/20\/itineraires-en-voiture-sur-la-costa-del-sol\/","og_site_name":"Francais","article_published_time":"2021-07-20T15:32:07+00:00","article_modified_time":"2021-07-27T16:16:06+00:00","og_image":[{"width":1000,"height":666,"url":"https:\/\/blog.tmgrupoinmobiliario.com\/fr\/wp-content\/uploads\/sites\/5\/2021\/07\/1000x666-2.jpg","type":"image\/jpeg"}],"author":"alberto","twitter_card":"summary_large_image","twitter_misc":{"\u00c9crit par":"alberto","Dur\u00e9e de lecture estim\u00e9e":"3 minutes"},"schema":{"@context":"https:\/\/schema.org","@graph":[{"@type":"Article","@id":"https:\/\/blog.tmgrupoinmobiliario.com\/fr\/2021\/07\/20\/itineraires-en-voiture-sur-la-costa-del-sol\/#article","isPartOf":{"@id":"https:\/\/blog.tmgrupoinmobiliario.com\/fr\/2021\/07\/20\/itineraires-en-voiture-sur-la-costa-del-sol\/"},"author":{"name":"alberto","@id":"https:\/\/blog.tmgrupoinmobiliario.com\/fr\/#\/schema\/person\/4059e96ae5aca6723920ee59eef29527"},"headline":"Itin\u00e9raires en voiture sur la Costa del Sol","datePublished":"2021-07-20T15:32:07+00:00","dateModified":"2021-07-27T16:16:06+00:00","mainEntityOfPage":{"@id":"https:\/\/blog.tmgrupoinmobiliario.com\/fr\/2021\/07\/20\/itineraires-en-voiture-sur-la-costa-del-sol\/"},"wordCount":673,"commentCount":0,"image":{"@id":"https:\/\/blog.tmgrupoinmobiliario.com\/fr\/2021\/07\/20\/itineraires-en-voiture-sur-la-costa-del-sol\/#primaryimage"},"thumbnailUrl":"https:\/\/blog.tmgrupoinmobiliario.com\/fr\/wp-content\/uploads\/sites\/5\/2021\/07\/1000x666-2.jpg","keywords":["tag-promotions","tag-promotions-costa-del-sol"],"articleSection":["Sin categor\u00eda"],"inLanguage":"fr-FR","potentialAction":[{"@type":"CommentAction","name":"Comment","target":["https:\/\/blog.tmgrupoinmobiliario.com\/fr\/2021\/07\/20\/itineraires-en-voiture-sur-la-costa-del-sol\/#respond"]}]},{"@type":"WebPage","@id":"https:\/\/blog.tmgrupoinmobiliario.com\/fr\/2021\/07\/20\/itineraires-en-voiture-sur-la-costa-del-sol\/","url":"https:\/\/blog.tmgrupoinmobiliario.com\/fr\/2021\/07\/20\/itineraires-en-voiture-sur-la-costa-del-sol\/","name":"Itin\u00e9raires en voiture sur la Costa del Sol","isPartOf":{"@id":"https:\/\/blog.tmgrupoinmobiliario.com\/fr\/#website"},"primaryImageOfPage":{"@id":"https:\/\/blog.tmgrupoinmobiliario.com\/fr\/2021\/07\/20\/itineraires-en-voiture-sur-la-costa-del-sol\/#primaryimage"},"image":{"@id":"https:\/\/blog.tmgrupoinmobiliario.com\/fr\/2021\/07\/20\/itineraires-en-voiture-sur-la-costa-del-sol\/#primaryimage"},"thumbnailUrl":"https:\/\/blog.tmgrupoinmobiliario.com\/fr\/wp-content\/uploads\/sites\/5\/2021\/07\/1000x666-2.jpg","datePublished":"2021-07-20T15:32:07+00:00","dateModified":"2021-07-27T16:16:06+00:00","author":{"@id":"https:\/\/blog.tmgrupoinmobiliario.com\/fr\/#\/schema\/person\/4059e96ae5aca6723920ee59eef29527"},"description":"La Costa del Sol est l\u2019une de ces r\u00e9gions d\u2019Espagne qui enchantent. Que diriez-vous de la d\u00e9couvrir cet \u00e9t\u00e9 en suivant un itin\u00e9raire en voiture ?","breadcrumb":{"@id":"https:\/\/blog.tmgrupoinmobiliario.com\/fr\/2021\/07\/20\/itineraires-en-voiture-sur-la-costa-del-sol\/#breadcrumb"},"inLanguage":"fr-FR","potentialAction":[{"@type":"ReadAction","target":["https:\/\/blog.tmgrupoinmobiliario.com\/fr\/2021\/07\/20\/itineraires-en-voiture-sur-la-costa-del-sol\/"]}]},{"@type":"ImageObject","inLanguage":"fr-FR","@id":"https:\/\/blog.tmgrupoinmobiliario.com\/fr\/2021\/07\/20\/itineraires-en-voiture-sur-la-costa-del-sol\/#primaryimage","url":"https:\/\/blog.tmgrupoinmobiliario.com\/fr\/wp-content\/uploads\/sites\/5\/2021\/07\/1000x666-2.jpg","contentUrl":"https:\/\/blog.tmgrupoinmobiliario.com\/fr\/wp-content\/uploads\/sites\/5\/2021\/07\/1000x666-2.jpg","width":1000,"height":666},{"@type":"BreadcrumbList","@id":"https:\/\/blog.tmgrupoinmobiliario.com\/fr\/2021\/07\/20\/itineraires-en-voiture-sur-la-costa-del-sol\/#breadcrumb","itemListElement":[{"@type":"ListItem","position":1,"name":"Portada","item":"https:\/\/blog.tmgrupoinmobiliario.com\/fr\/"},{"@type":"ListItem","position":2,"name":"Itin\u00e9raires en voiture sur la Costa del Sol"}]},{"@type":"WebSite","@id":"https:\/\/blog.tmgrupoinmobiliario.com\/fr\/#website","url":"https:\/\/blog.tmgrupoinmobiliario.com\/fr\/","name":"Francais","description":"Otro sitio m\u00e1s de Blog Desarrollo TM sitios","potentialAction":[{"@type":"SearchAction","target":{"@type":"EntryPoint","urlTemplate":"https:\/\/blog.tmgrupoinmobiliario.com\/fr\/?s={search_term_string}"},"query-input":{"@type":"PropertyValueSpecification","valueRequired":true,"valueName":"search_term_string"}}],"inLanguage":"fr-FR"},{"@type":"Person","@id":"https:\/\/blog.tmgrupoinmobiliario.com\/fr\/#\/schema\/person\/4059e96ae5aca6723920ee59eef29527","name":"alberto","image":{"@type":"ImageObject","inLanguage":"fr-FR","@id":"https:\/\/secure.gravatar.com\/avatar\/06c6cde3178430a549915eadb7c401c2bc823ad9e7a52cee2719f7299538c934?s=96&d=mm&r=g","url":"https:\/\/secure.gravatar.com\/avatar\/06c6cde3178430a549915eadb7c401c2bc823ad9e7a52cee2719f7299538c934?s=96&d=mm&r=g","contentUrl":"https:\/\/secure.gravatar.com\/avatar\/06c6cde3178430a549915eadb7c401c2bc823ad9e7a52cee2719f7299538c934?s=96&d=mm&r=g","caption":"alberto"},"url":"https:\/\/blog.tmgrupoinmobiliario.com\/fr\/author\/alberto\/"}]}},"jetpack_featured_media_url":"https:\/\/blog.tmgrupoinmobiliario.com\/fr\/wp-content\/uploads\/sites\/5\/2021\/07\/1000x666-2.jpg","jetpack_sharing_enabled":true,"_links":{"self":[{"href":"https:\/\/blog.tmgrupoinmobiliario.com\/fr\/wp-json\/wp\/v2\/posts\/18710","targetHints":{"allow":["GET"]}}],"collection":[{"href":"https:\/\/blog.tmgrupoinmobiliario.com\/fr\/wp-json\/wp\/v2\/posts"}],"about":[{"href":"https:\/\/blog.tmgrupoinmobiliario.com\/fr\/wp-json\/wp\/v2\/types\/post"}],"author":[{"embeddable":true,"href":"https:\/\/blog.tmgrupoinmobiliario.com\/fr\/wp-json\/wp\/v2\/users\/11710"}],"replies":[{"embeddable":true,"href":"https:\/\/blog.tmgrupoinmobiliario.com\/fr\/wp-json\/wp\/v2\/comments?post=18710"}],"version-history":[{"count":6,"href":"https:\/\/blog.tmgrupoinmobiliario.com\/fr\/wp-json\/wp\/v2\/posts\/18710\/revisions"}],"predecessor-version":[{"id":18725,"href":"https:\/\/blog.tmgrupoinmobiliario.com\/fr\/wp-json\/wp\/v2\/posts\/18710\/revisions\/18725"}],"wp:featuredmedia":[{"embeddable":true,"href":"https:\/\/blog.tmgrupoinmobiliario.com\/fr\/wp-json\/wp\/v2\/media\/18711"}],"wp:attachment":[{"href":"https:\/\/blog.tmgrupoinmobiliario.com\/fr\/wp-json\/wp\/v2\/media?parent=18710"}],"wp:term":[{"taxonomy":"category","embeddable":true,"href":"https:\/\/blog.tmgrupoinmobiliario.com\/fr\/wp-json\/wp\/v2\/categories?post=18710"},{"taxonomy":"post_tag","embeddable":true,"href":"https:\/\/blog.tmgrupoinmobiliario.com\/fr\/wp-json\/wp\/v2\/tags?post=18710"}],"curies":[{"name":"wp","href":"https:\/\/api.w.org\/{rel}","templated":true}]}}