{"id":18416,"date":"2021-02-23T12:00:38","date_gmt":"2021-02-23T11:00:38","guid":{"rendered":"https:\/\/blog.tmgrupoinmobiliario.com\/fr\/?p=18416"},"modified":"2021-02-24T16:30:39","modified_gmt":"2021-02-24T15:30:39","slug":"3-000-kg-dagrumes-pour-la-croix-rouge-alimentos-solidarios-et-les-residences-pour-personnes-agees-2","status":"publish","type":"post","link":"https:\/\/blog.tmgrupoinmobiliario.com\/fr\/2021\/02\/23\/3-000-kg-dagrumes-pour-la-croix-rouge-alimentos-solidarios-et-les-residences-pour-personnes-agees-2\/","title":{"rendered":"3 000 kg d&#8217;agrumes pour la Croix-Rouge, Alimentos Solidarios et les r\u00e9sidences pour personnes \u00e2g\u00e9es"},"content":{"rendered":"<p>&nbsp;<\/p>\n<p>Chez TM, nous poursuivons nos collaborations avec diverses organisations de la Vega Baja et d&#8217;autres r\u00e9gions de la province d&#8217;Alicante pour soutenir les diff\u00e9rents programmes d&#8217;assistance mis en place pour aider les collectifs les plus vuln\u00e9rables. <\/p>\n<p><strong>\u00a0<\/strong><\/p>\n<p>Depuis la mi-janvier, nous sommes entr\u00e9s en contact avec diff\u00e9rentes organisations sociales et maisons de retraite pour faire don d&#8217;agrumes, contribuant ainsi \u00e0 la consommation d&#8217;aliments frais et de vitamine C. Une initiative qui a \u00e9t\u00e9 tr\u00e8s bien accueillie. <\/p>\n<p>&nbsp;<\/p>\n<p>Les dons proviennent de l&#8217;une des exploitations de notre division agricole, situ\u00e9e \u00e0 Los Montesinos, et se poursuivront p\u00e9riodiquement tant que la production et la r\u00e9colte le permettent. <\/p>\n<p>&nbsp;<\/p>\n<p>Jusqu&#8217;\u00e0 pr\u00e9sent, pr\u00e8s de 3 000 kg d&#8217;oranges et de citrons ont \u00e9t\u00e9 distribu\u00e9s dans les villes de Guardamar, Elche et Alicante par l&#8217;interm\u00e9diaire de la Croix-Rouge, et \u00e0 Torrevieja, \u00e0 travers l&#8217;assembl\u00e9e locale de la Croix-Rouge, Alimentos Solidarios et trois centres pour personnes \u00e2g\u00e9es. Nous remercions chacun d&#8217;entre eux de nous avoir permis de collaborer. <\/p>\n<p>&nbsp;<\/p>\n<p>Surmonter les cons\u00e9quences sociales et \u00e9conomiques de la crise est un d\u00e9fi majeur. En ces temps difficiles, il est important que nous collaborions tous avec ce qui est en notre pouvoir. La solidarit\u00e9 collective est plus importante que jamais, \u0153uvrons ensemble \u00e0 un avenir meilleur pour tous. <\/p>\n<p>&nbsp;<\/p>\n<p>Continuons de nous mobiliser ! Nous construisons tous le futur. <\/p>\n<p>&nbsp;<\/p>\n<figure id=\"attachment_18401\" aria-describedby=\"caption-attachment-18401\" style=\"width: 768px\" class=\"wp-caption aligncenter\"><img loading=\"lazy\" decoding=\"async\" src=\"https:\/\/www.tmgrupoinmobiliario.com\/blog\/fr\/wp-content\/uploads\/sites\/5\/2021\/02\/Mar-Bella_zumo.jpg\" alt=\"r\u00e9sidence Mar Bella\" width=\"768\" height=\"514\" class=\"size-full wp-image-18401\" srcset=\"https:\/\/blog.tmgrupoinmobiliario.com\/fr\/wp-content\/uploads\/sites\/5\/2021\/02\/Mar-Bella_zumo.jpg 768w, https:\/\/blog.tmgrupoinmobiliario.com\/fr\/wp-content\/uploads\/sites\/5\/2021\/02\/Mar-Bella_zumo-300x201.jpg 300w\" sizes=\"auto, (max-width: 768px) 100vw, 768px\" \/><figcaption id=\"caption-attachment-18401\" class=\"wp-caption-text\">R\u00e9sidence Mar Bella<\/figcaption><\/figure>\n<p>&nbsp;<\/p>\n","protected":false},"excerpt":{"rendered":"<p>&nbsp; Chez TM, nous poursuivons nos collaborations avec diverses organisations de la Vega Baja et d&#8217;autres r\u00e9gions de la province d&#8217;Alicante pour soutenir les diff\u00e9rents programmes d&#8217;assistance mis en place pour aider les collectifs les plus vuln\u00e9rables. \u00a0 Depuis la mi-janvier, nous sommes entr\u00e9s en contact avec diff\u00e9rentes organisations sociales et maisons de retraite pour [&hellip;]<\/p>\n","protected":false},"author":11723,"featured_media":18402,"comment_status":"open","ping_status":"open","sticky":false,"template":"","format":"standard","meta":{"_jetpack_memberships_contains_paid_content":false,"footnotes":""},"categories":[22],"tags":[],"class_list":["post-18416","post","type-post","status-publish","format-standard","has-post-thumbnail","hentry","category-noticias-tm","formato-comunicacion"],"better_featured_image":{"id":18402,"alt_text":"","caption":"","description":"","media_type":"image","media_details":{"width":1000,"height":666,"file":"2021\/02\/Cruz-Roja-Torrevieja_IDestacada.jpg","sizes":{"medium":{"file":"Cruz-Roja-Torrevieja_IDestacada-300x200.jpg","width":300,"height":200,"mime-type":"image\/jpeg","source_url":"https:\/\/blog.tmgrupoinmobiliario.com\/fr\/wp-content\/uploads\/sites\/5\/2021\/02\/Cruz-Roja-Torrevieja_IDestacada-300x200.jpg"},"thumbnail":{"file":"Cruz-Roja-Torrevieja_IDestacada-150x150.jpg","width":150,"height":150,"mime-type":"image\/jpeg","source_url":"https:\/\/blog.tmgrupoinmobiliario.com\/fr\/wp-content\/uploads\/sites\/5\/2021\/02\/Cruz-Roja-Torrevieja_IDestacada-150x150.jpg"},"medium_large":{"file":"Cruz-Roja-Torrevieja_IDestacada-768x511.jpg","width":768,"height":511,"mime-type":"image\/jpeg","source_url":"https:\/\/blog.tmgrupoinmobiliario.com\/fr\/wp-content\/uploads\/sites\/5\/2021\/02\/Cruz-Roja-Torrevieja_IDestacada-768x511.jpg"}},"image_meta":{"aperture":"1.8","credit":"","camera":"EML-L29","caption":"","created_timestamp":"1611310679","copyright":"","focal_length":"3.95","iso":"50","shutter_speed":"0.000339","title":"","orientation":"1","keywords":[]}},"post":18400,"source_url":"https:\/\/blog.tmgrupoinmobiliario.com\/fr\/wp-content\/uploads\/sites\/5\/2021\/02\/Cruz-Roja-Torrevieja_IDestacada.jpg"},"acf":{"imagen_destacada_desktop":false,"imagen_destacada_mobile":false,"formato":{"term_id":24,"name":"Comunicaci\u00f3n","slug":"comunicacion","term_group":0,"term_taxonomy_id":24,"taxonomy":"formato","description":"","parent":0,"count":89,"filter":"raw"},"entradilla":"3 tonnes d'oranges et de citrons ont \u00e9t\u00e9 distribu\u00e9es aux r\u00e9sidences pour personnes \u00e2g\u00e9es, \u00e0 la Croix-Rouge et \u00e0 Alimentos Solidarios, \u00e0 Torrevieja, Guardamar, Elche et Alicante.","etiquetas":"#TMRealEstateGroup #TMEngagement #Responsabilit\u00e9Entreprise","cabecera_escritorio":"https:\/\/blog.tmgrupoinmobiliario.com\/fr\/wp-content\/uploads\/sites\/5\/2021\/02\/Cruz-Roja_titulo_escritorio.jpg","cabecera_mobile":"https:\/\/blog.tmgrupoinmobiliario.com\/fr\/wp-content\/uploads\/sites\/5\/2021\/02\/Cruz-Roja_titulo_movil.jpg","galeria":[{"ID":18408,"id":18408,"title":"Mar Bella Torrevieja","filename":"Mar-Bella-Torrevieja.jpg","filesize":379565,"url":"https:\/\/blog.tmgrupoinmobiliario.com\/fr\/wp-content\/uploads\/sites\/5\/2021\/02\/Mar-Bella-Torrevieja.jpg","link":"https:\/\/blog.tmgrupoinmobiliario.com\/fr\/2021\/02\/23\/3-000-kg-dagrumes-pour-la-croix-rouge-alimentos-solidarios-et-les-residences-pour-personnes-agees\/mar-bella-torrevieja\/","alt":"","author":"11723","description":"","caption":"","name":"mar-bella-torrevieja","status":"inherit","uploaded_to":18400,"date":"2021-02-24 15:23:48","modified":"2021-02-24 15:23:48","menu_order":0,"mime_type":"image\/jpeg","type":"image","subtype":"jpeg","icon":"https:\/\/blog.tmgrupoinmobiliario.com\/fr\/wp-includes\/images\/media\/default.png","width":800,"height":600,"sizes":{"thumbnail":"https:\/\/blog.tmgrupoinmobiliario.com\/fr\/wp-content\/uploads\/sites\/5\/2021\/02\/Mar-Bella-Torrevieja-150x150.jpg","thumbnail-width":150,"thumbnail-height":150,"medium":"https:\/\/blog.tmgrupoinmobiliario.com\/fr\/wp-content\/uploads\/sites\/5\/2021\/02\/Mar-Bella-Torrevieja-300x225.jpg","medium-width":300,"medium-height":225,"medium_large":"https:\/\/blog.tmgrupoinmobiliario.com\/fr\/wp-content\/uploads\/sites\/5\/2021\/02\/Mar-Bella-Torrevieja-768x576.jpg","medium_large-width":768,"medium_large-height":576,"large":"https:\/\/blog.tmgrupoinmobiliario.com\/fr\/wp-content\/uploads\/sites\/5\/2021\/02\/Mar-Bella-Torrevieja.jpg","large-width":800,"large-height":600,"1536x1536":"https:\/\/blog.tmgrupoinmobiliario.com\/fr\/wp-content\/uploads\/sites\/5\/2021\/02\/Mar-Bella-Torrevieja.jpg","1536x1536-width":800,"1536x1536-height":600,"2048x2048":"https:\/\/blog.tmgrupoinmobiliario.com\/fr\/wp-content\/uploads\/sites\/5\/2021\/02\/Mar-Bella-Torrevieja.jpg","2048x2048-width":800,"2048x2048-height":600}},{"ID":18410,"id":18410,"title":"Cruz Roja Torrevieja","filename":"Cruz-Roja-Torrevieja.jpg","filesize":506824,"url":"https:\/\/blog.tmgrupoinmobiliario.com\/fr\/wp-content\/uploads\/sites\/5\/2021\/02\/Cruz-Roja-Torrevieja.jpg","link":"https:\/\/blog.tmgrupoinmobiliario.com\/fr\/2021\/02\/23\/3-000-kg-dagrumes-pour-la-croix-rouge-alimentos-solidarios-et-les-residences-pour-personnes-agees\/cruz-roja-torrevieja\/","alt":"","author":"11723","description":"","caption":"","name":"cruz-roja-torrevieja","status":"inherit","uploaded_to":18400,"date":"2021-02-24 15:23:53","modified":"2021-02-24 15:23:53","menu_order":0,"mime_type":"image\/jpeg","type":"image","subtype":"jpeg","icon":"https:\/\/blog.tmgrupoinmobiliario.com\/fr\/wp-includes\/images\/media\/default.png","width":800,"height":600,"sizes":{"thumbnail":"https:\/\/blog.tmgrupoinmobiliario.com\/fr\/wp-content\/uploads\/sites\/5\/2021\/02\/Cruz-Roja-Torrevieja-150x150.jpg","thumbnail-width":150,"thumbnail-height":150,"medium":"https:\/\/blog.tmgrupoinmobiliario.com\/fr\/wp-content\/uploads\/sites\/5\/2021\/02\/Cruz-Roja-Torrevieja-300x225.jpg","medium-width":300,"medium-height":225,"medium_large":"https:\/\/blog.tmgrupoinmobiliario.com\/fr\/wp-content\/uploads\/sites\/5\/2021\/02\/Cruz-Roja-Torrevieja-768x576.jpg","medium_large-width":768,"medium_large-height":576,"large":"https:\/\/blog.tmgrupoinmobiliario.com\/fr\/wp-content\/uploads\/sites\/5\/2021\/02\/Cruz-Roja-Torrevieja.jpg","large-width":800,"large-height":600,"1536x1536":"https:\/\/blog.tmgrupoinmobiliario.com\/fr\/wp-content\/uploads\/sites\/5\/2021\/02\/Cruz-Roja-Torrevieja.jpg","1536x1536-width":800,"1536x1536-height":600,"2048x2048":"https:\/\/blog.tmgrupoinmobiliario.com\/fr\/wp-content\/uploads\/sites\/5\/2021\/02\/Cruz-Roja-Torrevieja.jpg","2048x2048-width":800,"2048x2048-height":600}},{"ID":18407,"id":18407,"title":"Residencia Inmaculada Concepcio\u0301n","filename":"Residencia-Inmaculada-Concepcio\u0301n.jpg","filesize":354795,"url":"https:\/\/blog.tmgrupoinmobiliario.com\/fr\/wp-content\/uploads\/sites\/5\/2021\/02\/Residencia-Inmaculada-Concepcio\u0301n.jpg","link":"https:\/\/blog.tmgrupoinmobiliario.com\/fr\/2021\/02\/23\/3-000-kg-dagrumes-pour-la-croix-rouge-alimentos-solidarios-et-les-residences-pour-personnes-agees\/residencia-inmaculada-concepcion\/","alt":"","author":"11723","description":"","caption":"","name":"residencia-inmaculada-concepcion","status":"inherit","uploaded_to":18400,"date":"2021-02-24 15:23:46","modified":"2021-02-24 15:23:46","menu_order":0,"mime_type":"image\/jpeg","type":"image","subtype":"jpeg","icon":"https:\/\/blog.tmgrupoinmobiliario.com\/fr\/wp-includes\/images\/media\/default.png","width":800,"height":600,"sizes":{"thumbnail":"https:\/\/blog.tmgrupoinmobiliario.com\/fr\/wp-content\/uploads\/sites\/5\/2021\/02\/Residencia-Inmaculada-Concepcio\u0301n-150x150.jpg","thumbnail-width":150,"thumbnail-height":150,"medium":"https:\/\/blog.tmgrupoinmobiliario.com\/fr\/wp-content\/uploads\/sites\/5\/2021\/02\/Residencia-Inmaculada-Concepcio\u0301n-300x225.jpg","medium-width":300,"medium-height":225,"medium_large":"https:\/\/blog.tmgrupoinmobiliario.com\/fr\/wp-content\/uploads\/sites\/5\/2021\/02\/Residencia-Inmaculada-Concepcio\u0301n-768x576.jpg","medium_large-width":768,"medium_large-height":576,"large":"https:\/\/blog.tmgrupoinmobiliario.com\/fr\/wp-content\/uploads\/sites\/5\/2021\/02\/Residencia-Inmaculada-Concepcio\u0301n.jpg","large-width":800,"large-height":600,"1536x1536":"https:\/\/blog.tmgrupoinmobiliario.com\/fr\/wp-content\/uploads\/sites\/5\/2021\/02\/Residencia-Inmaculada-Concepcio\u0301n.jpg","1536x1536-width":800,"1536x1536-height":600,"2048x2048":"https:\/\/blog.tmgrupoinmobiliario.com\/fr\/wp-content\/uploads\/sites\/5\/2021\/02\/Residencia-Inmaculada-Concepcio\u0301n.jpg","2048x2048-width":800,"2048x2048-height":600}},{"ID":18406,"id":18406,"title":"Residencia de Mayores Torrevieja","filename":"Residencia-de-Mayores-Torrevieja.jpg","filesize":393558,"url":"https:\/\/blog.tmgrupoinmobiliario.com\/fr\/wp-content\/uploads\/sites\/5\/2021\/02\/Residencia-de-Mayores-Torrevieja.jpg","link":"https:\/\/blog.tmgrupoinmobiliario.com\/fr\/2021\/02\/23\/3-000-kg-dagrumes-pour-la-croix-rouge-alimentos-solidarios-et-les-residences-pour-personnes-agees\/residencia-de-mayores-torrevieja\/","alt":"","author":"11723","description":"","caption":"","name":"residencia-de-mayores-torrevieja","status":"inherit","uploaded_to":18400,"date":"2021-02-24 15:23:44","modified":"2021-02-24 15:23:44","menu_order":0,"mime_type":"image\/jpeg","type":"image","subtype":"jpeg","icon":"https:\/\/blog.tmgrupoinmobiliario.com\/fr\/wp-includes\/images\/media\/default.png","width":800,"height":600,"sizes":{"thumbnail":"https:\/\/blog.tmgrupoinmobiliario.com\/fr\/wp-content\/uploads\/sites\/5\/2021\/02\/Residencia-de-Mayores-Torrevieja-150x150.jpg","thumbnail-width":150,"thumbnail-height":150,"medium":"https:\/\/blog.tmgrupoinmobiliario.com\/fr\/wp-content\/uploads\/sites\/5\/2021\/02\/Residencia-de-Mayores-Torrevieja-300x225.jpg","medium-width":300,"medium-height":225,"medium_large":"https:\/\/blog.tmgrupoinmobiliario.com\/fr\/wp-content\/uploads\/sites\/5\/2021\/02\/Residencia-de-Mayores-Torrevieja-768x576.jpg","medium_large-width":768,"medium_large-height":576,"large":"https:\/\/blog.tmgrupoinmobiliario.com\/fr\/wp-content\/uploads\/sites\/5\/2021\/02\/Residencia-de-Mayores-Torrevieja.jpg","large-width":800,"large-height":600,"1536x1536":"https:\/\/blog.tmgrupoinmobiliario.com\/fr\/wp-content\/uploads\/sites\/5\/2021\/02\/Residencia-de-Mayores-Torrevieja.jpg","1536x1536-width":800,"1536x1536-height":600,"2048x2048":"https:\/\/blog.tmgrupoinmobiliario.com\/fr\/wp-content\/uploads\/sites\/5\/2021\/02\/Residencia-de-Mayores-Torrevieja.jpg","2048x2048-width":800,"2048x2048-height":600}},{"ID":18412,"id":18412,"title":"Alimentos Solidarios Torrevieja","filename":"Alimentos-Solidarios-Torrevieja.jpg","filesize":447243,"url":"https:\/\/blog.tmgrupoinmobiliario.com\/fr\/wp-content\/uploads\/sites\/5\/2021\/02\/Alimentos-Solidarios-Torrevieja.jpg","link":"https:\/\/blog.tmgrupoinmobiliario.com\/fr\/2021\/02\/23\/3-000-kg-dagrumes-pour-la-croix-rouge-alimentos-solidarios-et-les-residences-pour-personnes-agees\/alimentos-solidarios-torrevieja\/","alt":"","author":"11723","description":"","caption":"","name":"alimentos-solidarios-torrevieja","status":"inherit","uploaded_to":18400,"date":"2021-02-24 15:23:59","modified":"2021-02-24 15:23:59","menu_order":0,"mime_type":"image\/jpeg","type":"image","subtype":"jpeg","icon":"https:\/\/blog.tmgrupoinmobiliario.com\/fr\/wp-includes\/images\/media\/default.png","width":800,"height":600,"sizes":{"thumbnail":"https:\/\/blog.tmgrupoinmobiliario.com\/fr\/wp-content\/uploads\/sites\/5\/2021\/02\/Alimentos-Solidarios-Torrevieja-150x150.jpg","thumbnail-width":150,"thumbnail-height":150,"medium":"https:\/\/blog.tmgrupoinmobiliario.com\/fr\/wp-content\/uploads\/sites\/5\/2021\/02\/Alimentos-Solidarios-Torrevieja-300x225.jpg","medium-width":300,"medium-height":225,"medium_large":"https:\/\/blog.tmgrupoinmobiliario.com\/fr\/wp-content\/uploads\/sites\/5\/2021\/02\/Alimentos-Solidarios-Torrevieja-768x576.jpg","medium_large-width":768,"medium_large-height":576,"large":"https:\/\/blog.tmgrupoinmobiliario.com\/fr\/wp-content\/uploads\/sites\/5\/2021\/02\/Alimentos-Solidarios-Torrevieja.jpg","large-width":800,"large-height":600,"1536x1536":"https:\/\/blog.tmgrupoinmobiliario.com\/fr\/wp-content\/uploads\/sites\/5\/2021\/02\/Alimentos-Solidarios-Torrevieja.jpg","1536x1536-width":800,"1536x1536-height":600,"2048x2048":"https:\/\/blog.tmgrupoinmobiliario.com\/fr\/wp-content\/uploads\/sites\/5\/2021\/02\/Alimentos-Solidarios-Torrevieja.jpg","2048x2048-width":800,"2048x2048-height":600}},{"ID":18409,"id":18409,"title":"Cruz Roja Guardamar","filename":"Cruz-Roja-Guardamar.jpg","filesize":357546,"url":"https:\/\/blog.tmgrupoinmobiliario.com\/fr\/wp-content\/uploads\/sites\/5\/2021\/02\/Cruz-Roja-Guardamar.jpg","link":"https:\/\/blog.tmgrupoinmobiliario.com\/fr\/2021\/02\/23\/3-000-kg-dagrumes-pour-la-croix-rouge-alimentos-solidarios-et-les-residences-pour-personnes-agees\/cruz-roja-guardamar\/","alt":"","author":"11723","description":"","caption":"","name":"cruz-roja-guardamar","status":"inherit","uploaded_to":18400,"date":"2021-02-24 15:23:50","modified":"2021-02-24 15:23:50","menu_order":0,"mime_type":"image\/jpeg","type":"image","subtype":"jpeg","icon":"https:\/\/blog.tmgrupoinmobiliario.com\/fr\/wp-includes\/images\/media\/default.png","width":800,"height":600,"sizes":{"thumbnail":"https:\/\/blog.tmgrupoinmobiliario.com\/fr\/wp-content\/uploads\/sites\/5\/2021\/02\/Cruz-Roja-Guardamar-150x150.jpg","thumbnail-width":150,"thumbnail-height":150,"medium":"https:\/\/blog.tmgrupoinmobiliario.com\/fr\/wp-content\/uploads\/sites\/5\/2021\/02\/Cruz-Roja-Guardamar-300x225.jpg","medium-width":300,"medium-height":225,"medium_large":"https:\/\/blog.tmgrupoinmobiliario.com\/fr\/wp-content\/uploads\/sites\/5\/2021\/02\/Cruz-Roja-Guardamar-768x576.jpg","medium_large-width":768,"medium_large-height":576,"large":"https:\/\/blog.tmgrupoinmobiliario.com\/fr\/wp-content\/uploads\/sites\/5\/2021\/02\/Cruz-Roja-Guardamar.jpg","large-width":800,"large-height":600,"1536x1536":"https:\/\/blog.tmgrupoinmobiliario.com\/fr\/wp-content\/uploads\/sites\/5\/2021\/02\/Cruz-Roja-Guardamar.jpg","1536x1536-width":800,"1536x1536-height":600,"2048x2048":"https:\/\/blog.tmgrupoinmobiliario.com\/fr\/wp-content\/uploads\/sites\/5\/2021\/02\/Cruz-Roja-Guardamar.jpg","2048x2048-width":800,"2048x2048-height":600}},{"ID":18405,"id":18405,"title":"Cruz Roja Alicante_2entrega","filename":"Cruz-Roja-Alicante_2entrega.jpg","filesize":529055,"url":"https:\/\/blog.tmgrupoinmobiliario.com\/fr\/wp-content\/uploads\/sites\/5\/2021\/02\/Cruz-Roja-Alicante_2entrega.jpg","link":"https:\/\/blog.tmgrupoinmobiliario.com\/fr\/2021\/02\/23\/3-000-kg-dagrumes-pour-la-croix-rouge-alimentos-solidarios-et-les-residences-pour-personnes-agees\/cruz-roja-alicante_2entrega\/","alt":"","author":"11723","description":"","caption":"","name":"cruz-roja-alicante_2entrega","status":"inherit","uploaded_to":18400,"date":"2021-02-24 15:23:41","modified":"2021-02-24 15:23:41","menu_order":0,"mime_type":"image\/jpeg","type":"image","subtype":"jpeg","icon":"https:\/\/blog.tmgrupoinmobiliario.com\/fr\/wp-includes\/images\/media\/default.png","width":800,"height":600,"sizes":{"thumbnail":"https:\/\/blog.tmgrupoinmobiliario.com\/fr\/wp-content\/uploads\/sites\/5\/2021\/02\/Cruz-Roja-Alicante_2entrega-150x150.jpg","thumbnail-width":150,"thumbnail-height":150,"medium":"https:\/\/blog.tmgrupoinmobiliario.com\/fr\/wp-content\/uploads\/sites\/5\/2021\/02\/Cruz-Roja-Alicante_2entrega-300x225.jpg","medium-width":300,"medium-height":225,"medium_large":"https:\/\/blog.tmgrupoinmobiliario.com\/fr\/wp-content\/uploads\/sites\/5\/2021\/02\/Cruz-Roja-Alicante_2entrega-768x576.jpg","medium_large-width":768,"medium_large-height":576,"large":"https:\/\/blog.tmgrupoinmobiliario.com\/fr\/wp-content\/uploads\/sites\/5\/2021\/02\/Cruz-Roja-Alicante_2entrega.jpg","large-width":800,"large-height":600,"1536x1536":"https:\/\/blog.tmgrupoinmobiliario.com\/fr\/wp-content\/uploads\/sites\/5\/2021\/02\/Cruz-Roja-Alicante_2entrega.jpg","1536x1536-width":800,"1536x1536-height":600,"2048x2048":"https:\/\/blog.tmgrupoinmobiliario.com\/fr\/wp-content\/uploads\/sites\/5\/2021\/02\/Cruz-Roja-Alicante_2entrega.jpg","2048x2048-width":800,"2048x2048-height":600}},{"ID":18411,"id":18411,"title":"Cruz Roja Elche","filename":"Cruz-Roja-Elche.jpg","filesize":359986,"url":"https:\/\/blog.tmgrupoinmobiliario.com\/fr\/wp-content\/uploads\/sites\/5\/2021\/02\/Cruz-Roja-Elche.jpg","link":"https:\/\/blog.tmgrupoinmobiliario.com\/fr\/2021\/02\/23\/3-000-kg-dagrumes-pour-la-croix-rouge-alimentos-solidarios-et-les-residences-pour-personnes-agees\/cruz-roja-elche\/","alt":"","author":"11723","description":"","caption":"","name":"cruz-roja-elche","status":"inherit","uploaded_to":18400,"date":"2021-02-24 15:23:56","modified":"2021-02-24 15:23:56","menu_order":0,"mime_type":"image\/jpeg","type":"image","subtype":"jpeg","icon":"https:\/\/blog.tmgrupoinmobiliario.com\/fr\/wp-includes\/images\/media\/default.png","width":800,"height":600,"sizes":{"thumbnail":"https:\/\/blog.tmgrupoinmobiliario.com\/fr\/wp-content\/uploads\/sites\/5\/2021\/02\/Cruz-Roja-Elche-150x150.jpg","thumbnail-width":150,"thumbnail-height":150,"medium":"https:\/\/blog.tmgrupoinmobiliario.com\/fr\/wp-content\/uploads\/sites\/5\/2021\/02\/Cruz-Roja-Elche-300x225.jpg","medium-width":300,"medium-height":225,"medium_large":"https:\/\/blog.tmgrupoinmobiliario.com\/fr\/wp-content\/uploads\/sites\/5\/2021\/02\/Cruz-Roja-Elche-768x576.jpg","medium_large-width":768,"medium_large-height":576,"large":"https:\/\/blog.tmgrupoinmobiliario.com\/fr\/wp-content\/uploads\/sites\/5\/2021\/02\/Cruz-Roja-Elche.jpg","large-width":800,"large-height":600,"1536x1536":"https:\/\/blog.tmgrupoinmobiliario.com\/fr\/wp-content\/uploads\/sites\/5\/2021\/02\/Cruz-Roja-Elche.jpg","1536x1536-width":800,"1536x1536-height":600,"2048x2048":"https:\/\/blog.tmgrupoinmobiliario.com\/fr\/wp-content\/uploads\/sites\/5\/2021\/02\/Cruz-Roja-Elche.jpg","2048x2048-width":800,"2048x2048-height":600}}]},"yoast_head":"<!-- This site is optimized with the Yoast SEO Premium plugin v23.6 (Yoast SEO v27.5) - https:\/\/yoast.com\/product\/yoast-seo-premium-wordpress\/ -->\n<title>3 000 kg d&#039;agrumes pour la Croix-Rouge, Alimentos Solidarios et les r\u00e9sidences pour personnes \u00e2g\u00e9es - Francais<\/title>\n<meta name=\"description\" content=\"3 tonnes d&#039;oranges et de citrons ont \u00e9t\u00e9 distribu\u00e9es aux r\u00e9sidences pour personnes \u00e2g\u00e9es, \u00e0 la Croix-Rouge et \u00e0 Alimentos Solidarios, \u00e0 Torrevieja, Guardamar, Elche et Alicante.\" \/>\n<meta name=\"robots\" content=\"index, follow, max-snippet:-1, max-image-preview:large, max-video-preview:-1\" \/>\n<link rel=\"canonical\" href=\"https:\/\/blog.tmgrupoinmobiliario.com\/fr\/2021\/02\/23\/3-000-kg-dagrumes-pour-la-croix-rouge-alimentos-solidarios-et-les-residences-pour-personnes-agees-2\/\" \/>\n<meta property=\"og:locale\" content=\"fr_FR\" \/>\n<meta property=\"og:type\" content=\"article\" \/>\n<meta property=\"og:title\" content=\"3 000 kg d&#039;agrumes pour la Croix-Rouge, Alimentos Solidarios et les r\u00e9sidences pour personnes \u00e2g\u00e9es\" \/>\n<meta property=\"og:description\" content=\"3 tonnes d&#039;oranges et de citrons ont \u00e9t\u00e9 distribu\u00e9es aux r\u00e9sidences pour personnes \u00e2g\u00e9es, \u00e0 la Croix-Rouge et \u00e0 Alimentos Solidarios, \u00e0 Torrevieja, Guardamar, Elche et Alicante.\" \/>\n<meta property=\"og:url\" content=\"https:\/\/blog.tmgrupoinmobiliario.com\/fr\/2021\/02\/23\/3-000-kg-dagrumes-pour-la-croix-rouge-alimentos-solidarios-et-les-residences-pour-personnes-agees-2\/\" \/>\n<meta property=\"og:site_name\" content=\"Francais\" \/>\n<meta property=\"article:published_time\" content=\"2021-02-23T11:00:38+00:00\" \/>\n<meta property=\"article:modified_time\" content=\"2021-02-24T15:30:39+00:00\" \/>\n<meta property=\"og:image\" content=\"https:\/\/blog.tmgrupoinmobiliario.com\/fr\/wp-content\/uploads\/sites\/5\/2021\/02\/Cruz-Roja-Torrevieja_IDestacada.jpg\" \/>\n\t<meta property=\"og:image:width\" content=\"1000\" \/>\n\t<meta property=\"og:image:height\" content=\"666\" \/>\n\t<meta property=\"og:image:type\" content=\"image\/jpeg\" \/>\n<meta name=\"author\" content=\"sabina\" \/>\n<meta name=\"twitter:card\" content=\"summary_large_image\" \/>\n<meta name=\"twitter:label1\" content=\"\u00c9crit par\" \/>\n\t<meta name=\"twitter:data1\" content=\"sabina\" \/>\n\t<meta name=\"twitter:label2\" content=\"Dur\u00e9e de lecture estim\u00e9e\" \/>\n\t<meta name=\"twitter:data2\" content=\"1 minute\" \/>\n<script type=\"application\/ld+json\" class=\"yoast-schema-graph\">{\"@context\":\"https:\\\/\\\/schema.org\",\"@graph\":[{\"@type\":\"Article\",\"@id\":\"https:\\\/\\\/blog.tmgrupoinmobiliario.com\\\/fr\\\/2021\\\/02\\\/23\\\/3-000-kg-dagrumes-pour-la-croix-rouge-alimentos-solidarios-et-les-residences-pour-personnes-agees-2\\\/#article\",\"isPartOf\":{\"@id\":\"https:\\\/\\\/blog.tmgrupoinmobiliario.com\\\/fr\\\/2021\\\/02\\\/23\\\/3-000-kg-dagrumes-pour-la-croix-rouge-alimentos-solidarios-et-les-residences-pour-personnes-agees-2\\\/\"},\"author\":{\"name\":\"sabina\",\"@id\":\"https:\\\/\\\/blog.tmgrupoinmobiliario.com\\\/fr\\\/#\\\/schema\\\/person\\\/27af0dbfdce919d609baf4fed660de3b\"},\"headline\":\"3 000 kg d&#8217;agrumes pour la Croix-Rouge, Alimentos Solidarios et les r\u00e9sidences pour personnes \u00e2g\u00e9es\",\"datePublished\":\"2021-02-23T11:00:38+00:00\",\"dateModified\":\"2021-02-24T15:30:39+00:00\",\"mainEntityOfPage\":{\"@id\":\"https:\\\/\\\/blog.tmgrupoinmobiliario.com\\\/fr\\\/2021\\\/02\\\/23\\\/3-000-kg-dagrumes-pour-la-croix-rouge-alimentos-solidarios-et-les-residences-pour-personnes-agees-2\\\/\"},\"wordCount\":269,\"commentCount\":0,\"image\":{\"@id\":\"https:\\\/\\\/blog.tmgrupoinmobiliario.com\\\/fr\\\/2021\\\/02\\\/23\\\/3-000-kg-dagrumes-pour-la-croix-rouge-alimentos-solidarios-et-les-residences-pour-personnes-agees-2\\\/#primaryimage\"},\"thumbnailUrl\":\"https:\\\/\\\/blog.tmgrupoinmobiliario.com\\\/fr\\\/wp-content\\\/uploads\\\/sites\\\/5\\\/2021\\\/02\\\/Cruz-Roja-Torrevieja_IDestacada.jpg\",\"articleSection\":[\"Nouvelles TM\"],\"inLanguage\":\"fr-FR\",\"potentialAction\":[{\"@type\":\"CommentAction\",\"name\":\"Comment\",\"target\":[\"https:\\\/\\\/blog.tmgrupoinmobiliario.com\\\/fr\\\/2021\\\/02\\\/23\\\/3-000-kg-dagrumes-pour-la-croix-rouge-alimentos-solidarios-et-les-residences-pour-personnes-agees-2\\\/#respond\"]}]},{\"@type\":\"WebPage\",\"@id\":\"https:\\\/\\\/blog.tmgrupoinmobiliario.com\\\/fr\\\/2021\\\/02\\\/23\\\/3-000-kg-dagrumes-pour-la-croix-rouge-alimentos-solidarios-et-les-residences-pour-personnes-agees-2\\\/\",\"url\":\"https:\\\/\\\/blog.tmgrupoinmobiliario.com\\\/fr\\\/2021\\\/02\\\/23\\\/3-000-kg-dagrumes-pour-la-croix-rouge-alimentos-solidarios-et-les-residences-pour-personnes-agees-2\\\/\",\"name\":\"3 000 kg d'agrumes pour la Croix-Rouge, Alimentos Solidarios et les r\u00e9sidences pour personnes \u00e2g\u00e9es - Francais\",\"isPartOf\":{\"@id\":\"https:\\\/\\\/blog.tmgrupoinmobiliario.com\\\/fr\\\/#website\"},\"primaryImageOfPage\":{\"@id\":\"https:\\\/\\\/blog.tmgrupoinmobiliario.com\\\/fr\\\/2021\\\/02\\\/23\\\/3-000-kg-dagrumes-pour-la-croix-rouge-alimentos-solidarios-et-les-residences-pour-personnes-agees-2\\\/#primaryimage\"},\"image\":{\"@id\":\"https:\\\/\\\/blog.tmgrupoinmobiliario.com\\\/fr\\\/2021\\\/02\\\/23\\\/3-000-kg-dagrumes-pour-la-croix-rouge-alimentos-solidarios-et-les-residences-pour-personnes-agees-2\\\/#primaryimage\"},\"thumbnailUrl\":\"https:\\\/\\\/blog.tmgrupoinmobiliario.com\\\/fr\\\/wp-content\\\/uploads\\\/sites\\\/5\\\/2021\\\/02\\\/Cruz-Roja-Torrevieja_IDestacada.jpg\",\"datePublished\":\"2021-02-23T11:00:38+00:00\",\"dateModified\":\"2021-02-24T15:30:39+00:00\",\"author\":{\"@id\":\"https:\\\/\\\/blog.tmgrupoinmobiliario.com\\\/fr\\\/#\\\/schema\\\/person\\\/27af0dbfdce919d609baf4fed660de3b\"},\"description\":\"3 tonnes d'oranges et de citrons ont \u00e9t\u00e9 distribu\u00e9es aux r\u00e9sidences pour personnes \u00e2g\u00e9es, \u00e0 la Croix-Rouge et \u00e0 Alimentos Solidarios, \u00e0 Torrevieja, Guardamar, Elche et Alicante.\",\"breadcrumb\":{\"@id\":\"https:\\\/\\\/blog.tmgrupoinmobiliario.com\\\/fr\\\/2021\\\/02\\\/23\\\/3-000-kg-dagrumes-pour-la-croix-rouge-alimentos-solidarios-et-les-residences-pour-personnes-agees-2\\\/#breadcrumb\"},\"inLanguage\":\"fr-FR\",\"potentialAction\":[{\"@type\":\"ReadAction\",\"target\":[\"https:\\\/\\\/blog.tmgrupoinmobiliario.com\\\/fr\\\/2021\\\/02\\\/23\\\/3-000-kg-dagrumes-pour-la-croix-rouge-alimentos-solidarios-et-les-residences-pour-personnes-agees-2\\\/\"]}]},{\"@type\":\"ImageObject\",\"inLanguage\":\"fr-FR\",\"@id\":\"https:\\\/\\\/blog.tmgrupoinmobiliario.com\\\/fr\\\/2021\\\/02\\\/23\\\/3-000-kg-dagrumes-pour-la-croix-rouge-alimentos-solidarios-et-les-residences-pour-personnes-agees-2\\\/#primaryimage\",\"url\":\"https:\\\/\\\/blog.tmgrupoinmobiliario.com\\\/fr\\\/wp-content\\\/uploads\\\/sites\\\/5\\\/2021\\\/02\\\/Cruz-Roja-Torrevieja_IDestacada.jpg\",\"contentUrl\":\"https:\\\/\\\/blog.tmgrupoinmobiliario.com\\\/fr\\\/wp-content\\\/uploads\\\/sites\\\/5\\\/2021\\\/02\\\/Cruz-Roja-Torrevieja_IDestacada.jpg\",\"width\":1000,\"height\":666},{\"@type\":\"BreadcrumbList\",\"@id\":\"https:\\\/\\\/blog.tmgrupoinmobiliario.com\\\/fr\\\/2021\\\/02\\\/23\\\/3-000-kg-dagrumes-pour-la-croix-rouge-alimentos-solidarios-et-les-residences-pour-personnes-agees-2\\\/#breadcrumb\",\"itemListElement\":[{\"@type\":\"ListItem\",\"position\":1,\"name\":\"Portada\",\"item\":\"https:\\\/\\\/blog.tmgrupoinmobiliario.com\\\/fr\\\/\"},{\"@type\":\"ListItem\",\"position\":2,\"name\":\"3 000 kg d&#8217;agrumes pour la Croix-Rouge, Alimentos Solidarios et les r\u00e9sidences pour personnes \u00e2g\u00e9es\"}]},{\"@type\":\"WebSite\",\"@id\":\"https:\\\/\\\/blog.tmgrupoinmobiliario.com\\\/fr\\\/#website\",\"url\":\"https:\\\/\\\/blog.tmgrupoinmobiliario.com\\\/fr\\\/\",\"name\":\"Francais\",\"description\":\"Otro sitio m\u00e1s de Blog Desarrollo TM sitios\",\"potentialAction\":[{\"@type\":\"SearchAction\",\"target\":{\"@type\":\"EntryPoint\",\"urlTemplate\":\"https:\\\/\\\/blog.tmgrupoinmobiliario.com\\\/fr\\\/?s={search_term_string}\"},\"query-input\":{\"@type\":\"PropertyValueSpecification\",\"valueRequired\":true,\"valueName\":\"search_term_string\"}}],\"inLanguage\":\"fr-FR\"},{\"@type\":\"Person\",\"@id\":\"https:\\\/\\\/blog.tmgrupoinmobiliario.com\\\/fr\\\/#\\\/schema\\\/person\\\/27af0dbfdce919d609baf4fed660de3b\",\"name\":\"sabina\",\"image\":{\"@type\":\"ImageObject\",\"inLanguage\":\"fr-FR\",\"@id\":\"https:\\\/\\\/secure.gravatar.com\\\/avatar\\\/78951ea4de48b19a4896632042286f6ad92ec263906716df0a9c32c58b3cc837?s=96&d=mm&r=g\",\"url\":\"https:\\\/\\\/secure.gravatar.com\\\/avatar\\\/78951ea4de48b19a4896632042286f6ad92ec263906716df0a9c32c58b3cc837?s=96&d=mm&r=g\",\"contentUrl\":\"https:\\\/\\\/secure.gravatar.com\\\/avatar\\\/78951ea4de48b19a4896632042286f6ad92ec263906716df0a9c32c58b3cc837?s=96&d=mm&r=g\",\"caption\":\"sabina\"},\"url\":\"https:\\\/\\\/blog.tmgrupoinmobiliario.com\\\/fr\\\/author\\\/sabina\\\/\"}]}<\/script>\n<!-- \/ Yoast SEO Premium plugin. -->","yoast_head_json":{"title":"3 000 kg d'agrumes pour la Croix-Rouge, Alimentos Solidarios et les r\u00e9sidences pour personnes \u00e2g\u00e9es - Francais","description":"3 tonnes d'oranges et de citrons ont \u00e9t\u00e9 distribu\u00e9es aux r\u00e9sidences pour personnes \u00e2g\u00e9es, \u00e0 la Croix-Rouge et \u00e0 Alimentos Solidarios, \u00e0 Torrevieja, Guardamar, Elche et Alicante.","robots":{"index":"index","follow":"follow","max-snippet":"max-snippet:-1","max-image-preview":"max-image-preview:large","max-video-preview":"max-video-preview:-1"},"canonical":"https:\/\/blog.tmgrupoinmobiliario.com\/fr\/2021\/02\/23\/3-000-kg-dagrumes-pour-la-croix-rouge-alimentos-solidarios-et-les-residences-pour-personnes-agees-2\/","og_locale":"fr_FR","og_type":"article","og_title":"3 000 kg d'agrumes pour la Croix-Rouge, Alimentos Solidarios et les r\u00e9sidences pour personnes \u00e2g\u00e9es","og_description":"3 tonnes d'oranges et de citrons ont \u00e9t\u00e9 distribu\u00e9es aux r\u00e9sidences pour personnes \u00e2g\u00e9es, \u00e0 la Croix-Rouge et \u00e0 Alimentos Solidarios, \u00e0 Torrevieja, Guardamar, Elche et Alicante.","og_url":"https:\/\/blog.tmgrupoinmobiliario.com\/fr\/2021\/02\/23\/3-000-kg-dagrumes-pour-la-croix-rouge-alimentos-solidarios-et-les-residences-pour-personnes-agees-2\/","og_site_name":"Francais","article_published_time":"2021-02-23T11:00:38+00:00","article_modified_time":"2021-02-24T15:30:39+00:00","og_image":[{"width":1000,"height":666,"url":"https:\/\/blog.tmgrupoinmobiliario.com\/fr\/wp-content\/uploads\/sites\/5\/2021\/02\/Cruz-Roja-Torrevieja_IDestacada.jpg","type":"image\/jpeg"}],"author":"sabina","twitter_card":"summary_large_image","twitter_misc":{"\u00c9crit par":"sabina","Dur\u00e9e de lecture estim\u00e9e":"1 minute"},"schema":{"@context":"https:\/\/schema.org","@graph":[{"@type":"Article","@id":"https:\/\/blog.tmgrupoinmobiliario.com\/fr\/2021\/02\/23\/3-000-kg-dagrumes-pour-la-croix-rouge-alimentos-solidarios-et-les-residences-pour-personnes-agees-2\/#article","isPartOf":{"@id":"https:\/\/blog.tmgrupoinmobiliario.com\/fr\/2021\/02\/23\/3-000-kg-dagrumes-pour-la-croix-rouge-alimentos-solidarios-et-les-residences-pour-personnes-agees-2\/"},"author":{"name":"sabina","@id":"https:\/\/blog.tmgrupoinmobiliario.com\/fr\/#\/schema\/person\/27af0dbfdce919d609baf4fed660de3b"},"headline":"3 000 kg d&#8217;agrumes pour la Croix-Rouge, Alimentos Solidarios et les r\u00e9sidences pour personnes \u00e2g\u00e9es","datePublished":"2021-02-23T11:00:38+00:00","dateModified":"2021-02-24T15:30:39+00:00","mainEntityOfPage":{"@id":"https:\/\/blog.tmgrupoinmobiliario.com\/fr\/2021\/02\/23\/3-000-kg-dagrumes-pour-la-croix-rouge-alimentos-solidarios-et-les-residences-pour-personnes-agees-2\/"},"wordCount":269,"commentCount":0,"image":{"@id":"https:\/\/blog.tmgrupoinmobiliario.com\/fr\/2021\/02\/23\/3-000-kg-dagrumes-pour-la-croix-rouge-alimentos-solidarios-et-les-residences-pour-personnes-agees-2\/#primaryimage"},"thumbnailUrl":"https:\/\/blog.tmgrupoinmobiliario.com\/fr\/wp-content\/uploads\/sites\/5\/2021\/02\/Cruz-Roja-Torrevieja_IDestacada.jpg","articleSection":["Nouvelles TM"],"inLanguage":"fr-FR","potentialAction":[{"@type":"CommentAction","name":"Comment","target":["https:\/\/blog.tmgrupoinmobiliario.com\/fr\/2021\/02\/23\/3-000-kg-dagrumes-pour-la-croix-rouge-alimentos-solidarios-et-les-residences-pour-personnes-agees-2\/#respond"]}]},{"@type":"WebPage","@id":"https:\/\/blog.tmgrupoinmobiliario.com\/fr\/2021\/02\/23\/3-000-kg-dagrumes-pour-la-croix-rouge-alimentos-solidarios-et-les-residences-pour-personnes-agees-2\/","url":"https:\/\/blog.tmgrupoinmobiliario.com\/fr\/2021\/02\/23\/3-000-kg-dagrumes-pour-la-croix-rouge-alimentos-solidarios-et-les-residences-pour-personnes-agees-2\/","name":"3 000 kg d'agrumes pour la Croix-Rouge, Alimentos Solidarios et les r\u00e9sidences pour personnes \u00e2g\u00e9es - Francais","isPartOf":{"@id":"https:\/\/blog.tmgrupoinmobiliario.com\/fr\/#website"},"primaryImageOfPage":{"@id":"https:\/\/blog.tmgrupoinmobiliario.com\/fr\/2021\/02\/23\/3-000-kg-dagrumes-pour-la-croix-rouge-alimentos-solidarios-et-les-residences-pour-personnes-agees-2\/#primaryimage"},"image":{"@id":"https:\/\/blog.tmgrupoinmobiliario.com\/fr\/2021\/02\/23\/3-000-kg-dagrumes-pour-la-croix-rouge-alimentos-solidarios-et-les-residences-pour-personnes-agees-2\/#primaryimage"},"thumbnailUrl":"https:\/\/blog.tmgrupoinmobiliario.com\/fr\/wp-content\/uploads\/sites\/5\/2021\/02\/Cruz-Roja-Torrevieja_IDestacada.jpg","datePublished":"2021-02-23T11:00:38+00:00","dateModified":"2021-02-24T15:30:39+00:00","author":{"@id":"https:\/\/blog.tmgrupoinmobiliario.com\/fr\/#\/schema\/person\/27af0dbfdce919d609baf4fed660de3b"},"description":"3 tonnes d'oranges et de citrons ont \u00e9t\u00e9 distribu\u00e9es aux r\u00e9sidences pour personnes \u00e2g\u00e9es, \u00e0 la Croix-Rouge et \u00e0 Alimentos Solidarios, \u00e0 Torrevieja, Guardamar, Elche et Alicante.","breadcrumb":{"@id":"https:\/\/blog.tmgrupoinmobiliario.com\/fr\/2021\/02\/23\/3-000-kg-dagrumes-pour-la-croix-rouge-alimentos-solidarios-et-les-residences-pour-personnes-agees-2\/#breadcrumb"},"inLanguage":"fr-FR","potentialAction":[{"@type":"ReadAction","target":["https:\/\/blog.tmgrupoinmobiliario.com\/fr\/2021\/02\/23\/3-000-kg-dagrumes-pour-la-croix-rouge-alimentos-solidarios-et-les-residences-pour-personnes-agees-2\/"]}]},{"@type":"ImageObject","inLanguage":"fr-FR","@id":"https:\/\/blog.tmgrupoinmobiliario.com\/fr\/2021\/02\/23\/3-000-kg-dagrumes-pour-la-croix-rouge-alimentos-solidarios-et-les-residences-pour-personnes-agees-2\/#primaryimage","url":"https:\/\/blog.tmgrupoinmobiliario.com\/fr\/wp-content\/uploads\/sites\/5\/2021\/02\/Cruz-Roja-Torrevieja_IDestacada.jpg","contentUrl":"https:\/\/blog.tmgrupoinmobiliario.com\/fr\/wp-content\/uploads\/sites\/5\/2021\/02\/Cruz-Roja-Torrevieja_IDestacada.jpg","width":1000,"height":666},{"@type":"BreadcrumbList","@id":"https:\/\/blog.tmgrupoinmobiliario.com\/fr\/2021\/02\/23\/3-000-kg-dagrumes-pour-la-croix-rouge-alimentos-solidarios-et-les-residences-pour-personnes-agees-2\/#breadcrumb","itemListElement":[{"@type":"ListItem","position":1,"name":"Portada","item":"https:\/\/blog.tmgrupoinmobiliario.com\/fr\/"},{"@type":"ListItem","position":2,"name":"3 000 kg d&#8217;agrumes pour la Croix-Rouge, Alimentos Solidarios et les r\u00e9sidences pour personnes \u00e2g\u00e9es"}]},{"@type":"WebSite","@id":"https:\/\/blog.tmgrupoinmobiliario.com\/fr\/#website","url":"https:\/\/blog.tmgrupoinmobiliario.com\/fr\/","name":"Francais","description":"Otro sitio m\u00e1s de Blog Desarrollo TM sitios","potentialAction":[{"@type":"SearchAction","target":{"@type":"EntryPoint","urlTemplate":"https:\/\/blog.tmgrupoinmobiliario.com\/fr\/?s={search_term_string}"},"query-input":{"@type":"PropertyValueSpecification","valueRequired":true,"valueName":"search_term_string"}}],"inLanguage":"fr-FR"},{"@type":"Person","@id":"https:\/\/blog.tmgrupoinmobiliario.com\/fr\/#\/schema\/person\/27af0dbfdce919d609baf4fed660de3b","name":"sabina","image":{"@type":"ImageObject","inLanguage":"fr-FR","@id":"https:\/\/secure.gravatar.com\/avatar\/78951ea4de48b19a4896632042286f6ad92ec263906716df0a9c32c58b3cc837?s=96&d=mm&r=g","url":"https:\/\/secure.gravatar.com\/avatar\/78951ea4de48b19a4896632042286f6ad92ec263906716df0a9c32c58b3cc837?s=96&d=mm&r=g","contentUrl":"https:\/\/secure.gravatar.com\/avatar\/78951ea4de48b19a4896632042286f6ad92ec263906716df0a9c32c58b3cc837?s=96&d=mm&r=g","caption":"sabina"},"url":"https:\/\/blog.tmgrupoinmobiliario.com\/fr\/author\/sabina\/"}]}},"jetpack_featured_media_url":"https:\/\/blog.tmgrupoinmobiliario.com\/fr\/wp-content\/uploads\/sites\/5\/2021\/02\/Cruz-Roja-Torrevieja_IDestacada.jpg","jetpack_sharing_enabled":true,"_links":{"self":[{"href":"https:\/\/blog.tmgrupoinmobiliario.com\/fr\/wp-json\/wp\/v2\/posts\/18416","targetHints":{"allow":["GET"]}}],"collection":[{"href":"https:\/\/blog.tmgrupoinmobiliario.com\/fr\/wp-json\/wp\/v2\/posts"}],"about":[{"href":"https:\/\/blog.tmgrupoinmobiliario.com\/fr\/wp-json\/wp\/v2\/types\/post"}],"author":[{"embeddable":true,"href":"https:\/\/blog.tmgrupoinmobiliario.com\/fr\/wp-json\/wp\/v2\/users\/11723"}],"replies":[{"embeddable":true,"href":"https:\/\/blog.tmgrupoinmobiliario.com\/fr\/wp-json\/wp\/v2\/comments?post=18416"}],"version-history":[{"count":1,"href":"https:\/\/blog.tmgrupoinmobiliario.com\/fr\/wp-json\/wp\/v2\/posts\/18416\/revisions"}],"predecessor-version":[{"id":18417,"href":"https:\/\/blog.tmgrupoinmobiliario.com\/fr\/wp-json\/wp\/v2\/posts\/18416\/revisions\/18417"}],"wp:featuredmedia":[{"embeddable":true,"href":"https:\/\/blog.tmgrupoinmobiliario.com\/fr\/wp-json\/wp\/v2\/media\/18402"}],"wp:attachment":[{"href":"https:\/\/blog.tmgrupoinmobiliario.com\/fr\/wp-json\/wp\/v2\/media?parent=18416"}],"wp:term":[{"taxonomy":"category","embeddable":true,"href":"https:\/\/blog.tmgrupoinmobiliario.com\/fr\/wp-json\/wp\/v2\/categories?post=18416"},{"taxonomy":"post_tag","embeddable":true,"href":"https:\/\/blog.tmgrupoinmobiliario.com\/fr\/wp-json\/wp\/v2\/tags?post=18416"}],"curies":[{"name":"wp","href":"https:\/\/api.w.org\/{rel}","templated":true}]}}